{"id":149693,"date":"2025-12-20T14:25:25","date_gmt":"2025-12-20T13:25:25","guid":{"rendered":"https:\/\/www.cgfmanet.org\/infoesfera\/presentato-il-messaggio-per-la-giornata-mondiale-della-pace-2026\/"},"modified":"2025-12-20T21:29:40","modified_gmt":"2025-12-20T20:29:40","slug":"presentacion-del-mensaje-para-la-jornada-mundial-de-la-paz-2026","status":"publish","type":"post","link":"https:\/\/www.cgfmanet.org\/es\/infoesfera\/iglesia\/presentacion-del-mensaje-para-la-jornada-mundial-de-la-paz-2026\/","title":{"rendered":"Presentaci\u00f3n del Mensaje para la Jornada Mundial de la Paz 2026"},"content":{"rendered":"<p><strong>Roma (Italia).<\/strong> El 18 de diciembre de 2025, en la Oficina de Prensa de la Santa Sede, se llev\u00f3 a cabo la rueda de prensa de presentaci\u00f3n del Mensaje del Papa Le\u00f3n XIV para la 59\u00aa Jornada Mundial de la Paz, que se celebra el 1\u00ba de enero de 2026, sobre el tema: \u00abLa paz sea con todos vosotros: hacia una paz \u00abdesarmada y desarmante\u00bb\u00bb.<\/p>\n<p>\u201cUn Mensaje esperado, del cual se siente una gran necesidad\u201d, as\u00ed lo defini\u00f3 el director de la Oficina de Prensa, <strong>Matteo Bruni<\/strong>, \u201cen este tiempo de violencia, de llamado a las armas, de la potencia como soluci\u00f3n de los conflictos, incluso entre las personas\u201d. El tema recuerda las primeras palabras pronunciadas \u201ccomo un programa\u201d por el Papa desde la P\u00f3rtico de la Bas\u00edlica de San Pedro el d\u00eda de su elecci\u00f3n, el 8 de mayo de 2025, el saludo de Jes\u00fas Resucitado: \u201cPalabras preciosas para el tiempo que vivimos, palabras de esperanza, como una lectura de la sed de paz del mundo a la luz de la esperanza que nos llega tambi\u00e9n de este a\u00f1o jubilar\u201d.<\/p>\n<div class=\"youtube-embed\" data-video_id=\"DZy1n-Fl1AE\"><iframe title=\"\u201cLa pace sia con tutti voi. Verso una pace disarmata e disarmante\u201d\" width=\"696\" height=\"392\" data-src=\"https:\/\/www.youtube.com\/embed\/DZy1n-Fl1AE?feature=oembed&#038;enablejsapi=1\" frameborder=\"0\" allow=\"accelerometer; autoplay; clipboard-write; encrypted-media; gyroscope; picture-in-picture; web-share\" referrerpolicy=\"strict-origin-when-cross-origin\" allowfullscreen src=\"data:image\/svg+xml;base64,PHN2ZyB3aWR0aD0iMSIgaGVpZ2h0PSIxIiB4bWxucz0iaHR0cDovL3d3dy53My5vcmcvMjAwMC9zdmciPjwvc3ZnPg==\" class=\"lazyload\" data-load-mode=\"1\"><\/iframe><\/div>\n<p>Para iniciar las intervenciones, el <strong>Cardenal Michael Czerny<\/strong>, Prefecto del Dicasterio para el Servicio del Desarrollo Humano Integral, contextualiz\u00f3 el Mensaje como una reflexi\u00f3n \u201cque va mucho m\u00e1s all\u00e1 de la pol\u00edtica o la estrategia\u201d, y que sit\u00faa la paz \u201cen su sede primaria, <strong>el coraz\u00f3n humano<\/strong>, independientemente de su fe\u201d. El primer desarme que debe llevarse a cabo es, por tanto, el del propio coraz\u00f3n, \u201ca pesar de la tentaci\u00f3n, frente al horror de nuestra belicosidad, de abandonar por completo el deseo de paz\u201d.<\/p>\n<p>El Cardenal Czerny enunci\u00f3 algunos obst\u00e1culos al desarme humano, como el progreso tecnol\u00f3gico \u2014con la aplicaci\u00f3n de la inteligencia artificial tambi\u00e9n en el \u00e1mbito militar\u2014, la reducci\u00f3n de responsabilidades \u201cque hacen la guerra cada vez m\u00e1s terrible\u201d y el miedo.<\/p>\n<p><strong>\u201cLa paz existe, quiere habitar en nosotros, tiene el suave poder de iluminar y ampliar la inteligencia, resiste a la violencia y la vence\u201d<\/strong>. Citando las palabras del Mensaje, el Prefecto observ\u00f3 que es precisamente en el coraz\u00f3n humano donde reside ese deseo de paz que \u201cpuede superar nuestros miedos y nuestras pretensiones de dominio\u201d y que, por tanto, \u201csi realmente queremos la paz, debemos hacernos cargo de nuestra agresividad interior\u201d.<\/p>\n<p>El sentimiento de humanidad presente en cada uno anhela profundamente la paz y es un grito que debe ser escuchado, especialmente por quienes tienen autoridad pol\u00edtica y social: \u201cEl Mensaje invita a todos a servir a la vida, al bien com\u00fan y al desarrollo integral de las personas\u201d, concluy\u00f3.<\/p>\n<p><strong>El profesor Tommaso Greco<\/strong>, catedr\u00e1tico de filosof\u00eda del derecho en la Universidad de Pisa, al comentar la expresi\u00f3n \u201cpaz desarmada y desarmante\u201d del Santo Padre, subray\u00f3 la necesidad de cambiar, ante todo, la mirada sobre la realidad y no rendirse a una actitud que se autodefine como \u201crealista\u201d pero que, por el contrario, se basa en una visi\u00f3n parcial y distorsionada \u201cporque olvida y oculta esa parte de bien, de luz, que existe\u201d.<\/p>\n<p>\u201cEn este sentido\u201d, explica el profesor Greco, \u201cesta paz no es solo <strong>desarmada <\/strong>porque rechaza la l\u00f3gica de las armas, sino que tambi\u00e9n es <strong>desarmante<\/strong> porque nos invita a salir de ese c\u00edrculo en el que la desconfianza alimenta el miedo, y el miedo empuja a un rec\u00edproco e imparable rearmarse\u201d.<\/p>\n<p>El gesto m\u00e1s importante que, en su opini\u00f3n, el Mensaje invita a realizar es \u201c<strong>emplear la paz como luz que gu\u00eda el camino<\/strong>. No como un horizonte que corre el riesgo de volverse inalcanzable, sino <strong>como un patrimonio precioso que ya poseemos<\/strong> y que, por tanto, hay que proteger; como \u00abuna peque\u00f1a llama\u00bb que, aunque est\u00e9 \u00abamenazada por la tormenta\u00bb, debe ser custodiada \u00absin olvidar los nombres y las historias de quienes nos la han testimoniado\u00bb\u201d.<\/p>\n<p>Y precisamente para no olvidar los nombres y las historias, y transformarlos en luz gu\u00eda hacia una paz no artificial, sino que toca el coraz\u00f3n dejando una huella indeleble y un deseo a\u00fan m\u00e1s fuerte de tenerla como horizonte estable, la presentaci\u00f3n del Mensaje cont\u00f3 con dos testimonios realmente conmovedores.<\/p>\n<p>\u00abEn mi vida he experimentado lo que el Papa subraya: &#8216;ver la luz y creer en ella es necesario para no hundirse en la oscuridad'\u00bb. <strong>Don Pero Mili\u010devi\u0107<\/strong>, p\u00e1rroco en la parroquia de los Santos Lucas y Marcos Evangelistas en Mostar, Bosnia, comenz\u00f3 as\u00ed el relato de su experiencia \u201cde la oscuridad y el mal de la guerra\u201d que estall\u00f3 repentinamente el 28 de julio de 1993, apagando la \u201cinfancia feliz de un ni\u00f1o de siete a\u00f1os\u201d, cuando unidades militares musulmanas del Ej\u00e9rcito de Bosnia y Herzegovina atacaron su aldea sembrando la muerte y llev\u00e1ndolos cautivos durante siete meses junto a 300 cat\u00f3licos croatas. De su testimonio emerge la fuerza indispensable de la fe para soportar esas atrocidades: \u201cNunca habr\u00edamos resistido sin la fe, la oraci\u00f3n y la necesidad de paz. Precisamente esa educaci\u00f3n en la fe en Dios nos nutri\u00f3 y ayud\u00f3 a superar los horrores de los que fuimos testigos\u201d.<\/p>\n<p>Una paz que \u201cdebe ser vivida, cultivada y custodiada\u201d en primera persona para poder donarla a los dem\u00e1s, seg\u00fan las palabras del Papa Le\u00f3n: <strong>\u201cSi la paz no es una realidad experimentada, custodiada y cultivada, la agresividad se difunde en la vida dom\u00e9stica y en la p\u00fablica\u201d.<\/strong> Por ello, veinte a\u00f1os despu\u00e9s de salir de su cautiverio, don Pero sinti\u00f3 la necesidad de volver all\u00ed \u2014\u201clas l\u00e1grimas corr\u00edan, pero eso me ayud\u00f3 a recuperar la paz\u201d\u2014 y por eso decidi\u00f3 contar su historia, para \u201cdespertar la conciencia de que el mal se vence con el bien y con el perd\u00f3n, no con la venganza y las armas\u201d.<\/p>\n<p>El \u00faltimo testimonio fue el de <strong>Maria Agnese Moro<\/strong>, periodista e hija de Aldo Moro, estadista y ex primer ministro italiano, secuestrado y asesinado por la organizaci\u00f3n terrorista Brigadas Rojas en 1978. La Dra. Moro ha emprendido y mantiene con compromiso el camino de la <strong>justicia restaurativa<\/strong>, \u201cque el Papa cita en su mensaje como instrumento a apoyar e incrementar\u201d, por su capacidad de \u201cdevolver la humanidad donde han reinado la deshumanizaci\u00f3n y sus consecuencias\u201d.<\/p>\n<p>En su intervenci\u00f3n se detuvo en el lenguaje que acerca al otro y es ant\u00eddoto contra la deshumanizaci\u00f3n: \u201c<strong>El encuentro con el dolor del otro es el primer golpe potente e irreversible a la deshumanizaci\u00f3n.<\/strong> Si sientes dolor, eres ciertamente humano, eres como yo\u201d. Es lo que experiment\u00f3 concretamente en el encuentro con participantes de la lucha armada de los a\u00f1os 70 y 80, algunos de ellos vinculados a lo sucedido con su padre: \u201cPoder hablarles es doloroso y hermoso. Cada palabra m\u00eda los hiere, pero reconoce su humanidad. (&#8230;) Cada palabra suya me hiere, pero reconoce mi humanidad. (&#8230;) La escucha verdadera es un reconocimiento mutuo de humanidad. En este decir y escuchar est\u00e1 toda la justicia que nosotros y ellos necesitamos para vivir\u201d.<\/p>\n<p>Su conclusi\u00f3n \u2014\u201cS\u00ed, querido Papa Le\u00f3n, <strong>la paz existe y trabaja silenciosamente<\/strong>\u201d\u2014 y las respuestas a las preguntas de los periodistas, en las que invit\u00f3 varias veces \u00aba mirar esta paz en acto\u00bb, \u00abla cantidad de reconciliaci\u00f3n que se ha logrado\u00bb y a \u00abentrenar un poco el ojo para ver el bien, ese que avanza, que se mueve\u00bb, fueron, junto con el testimonio de don Pero y las intervenciones de los otros ponentes, una verdadera \u00abinyecci\u00f3n de esperanza\u00bb, aumentando el deseo de profundizar en el Mensaje del Papa Le\u00f3n para caminar juntos \u00abhacia una paz desarmada y desarmante\u201d.<\/p>\n<p>Para profundizar y la difusi\u00f3n el mensaje, en el sitio web del Dicasterio para el Servicio del Desarrollo Humano Integral est\u00e1n disponibles un v\u00eddeo en 5 idiomas, una infograf\u00eda y los textos del Mensaje y de las intervenciones de la rueda de prensa (<span style=\"color: #0000ff;\"><strong><a style=\"color: #0000ff;\" href=\"https:\/\/www.humandevelopment.va\/it\/news\/2025\/messaggio-del-papa-giornata-mondiale-della-pace-2026.html\" target=\"_blank\" rel=\"noopener\">link al sito<\/a><\/strong><\/span>).<\/p>\n","protected":false},"excerpt":{"rendered":"<p>Roma (Italia). El 18 de diciembre de 2025, en la Oficina de Prensa de la Santa Sede, se llev\u00f3 a cabo la rueda de prensa de presentaci\u00f3n del Mensaje del [&hellip;]<\/p>\n","protected":false},"author":21,"featured_media":149688,"comment_status":"open","ping_status":"closed","sticky":false,"template":"","format":"standard","meta":{"footnotes":""},"categories":[39,191],"tags":[327,1830,1931,2491],"class_list":["post-149693","post","type-post","status-publish","format-standard","has-post-thumbnail","category-infoesfera","category-iglesia","tag-jornada-mundial-de-la-paz","tag-paz-es","tag-focus-es","tag-papa-leon-xiv"],"yoast_head":"<!-- This site is optimized with the Yoast SEO plugin v27.4 - https:\/\/yoast.com\/product\/yoast-seo-wordpress\/ -->\n<title>Presentaci\u00f3n del Mensaje para la Jornada Mundial de la Paz 2026 &#8226; Istituto Figlie di Maria Ausiliatrice<\/title>\n<meta name=\"description\" content=\"El 18 de diciembre de 2025 se llev\u00f3 a cabo la rueda de prensa de presentaci\u00f3n del Mensaje del Papa Le\u00f3n XIV para la 59\u00aa Jornada Mundial de la Paz, que se celebrar\u00e1 el 1\u00ba de enero de 2026.\" \/>\n<meta name=\"robots\" content=\"index, follow, max-snippet:-1, max-image-preview:large, max-video-preview:-1\" \/>\n<link rel=\"canonical\" href=\"https:\/\/www.cgfmanet.org\/es\/infoesfera\/iglesia\/presentacion-del-mensaje-para-la-jornada-mundial-de-la-paz-2026\/\" \/>\n<meta property=\"og:locale\" content=\"es_ES\" \/>\n<meta property=\"og:type\" content=\"article\" \/>\n<meta property=\"og:title\" content=\"Presentaci\u00f3n del Mensaje para la Jornada Mundial de la Paz 2026 &#8226; Istituto Figlie di Maria Ausiliatrice\" \/>\n<meta property=\"og:description\" content=\"El 18 de diciembre de 2025 se llev\u00f3 a cabo la rueda de prensa de presentaci\u00f3n del Mensaje del Papa Le\u00f3n XIV para la 59\u00aa Jornada Mundial de la Paz, que se celebrar\u00e1 el 1\u00ba de enero de 2026.\" \/>\n<meta property=\"og:url\" content=\"https:\/\/www.cgfmanet.org\/es\/infoesfera\/iglesia\/presentacion-del-mensaje-para-la-jornada-mundial-de-la-paz-2026\/\" \/>\n<meta property=\"og:site_name\" content=\"Istituto Figlie di Maria Ausiliatrice\" \/>\n<meta property=\"article:publisher\" content=\"https:\/\/www.facebook.com\/salesian.sisters.of.don.bosco\/\" \/>\n<meta property=\"article:published_time\" content=\"2025-12-20T13:25:25+00:00\" \/>\n<meta property=\"article:modified_time\" content=\"2025-12-20T20:29:40+00:00\" \/>\n<meta property=\"og:image\" content=\"https:\/\/www.cgfmanet.org\/wp-content\/uploads\/2025\/12\/Conferenza-Stampa-Messaggio-Pace-2026.jpg\" \/>\n\t<meta property=\"og:image:width\" content=\"1575\" \/>\n\t<meta property=\"og:image:height\" content=\"1050\" \/>\n\t<meta property=\"og:image:type\" content=\"image\/jpeg\" \/>\n<meta name=\"author\" content=\"Redazione\" \/>\n<meta name=\"twitter:card\" content=\"summary_large_image\" \/>\n<meta name=\"twitter:creator\" content=\"@Cgfmanet_Org\" \/>\n<meta name=\"twitter:site\" content=\"@Cgfmanet_Org\" \/>\n<meta name=\"twitter:label1\" content=\"Escrito por\" \/>\n\t<meta name=\"twitter:data1\" content=\"Redazione\" \/>\n\t<meta name=\"twitter:label2\" content=\"Tiempo de lectura\" \/>\n\t<meta name=\"twitter:data2\" content=\"7 minutos\" \/>\n<script type=\"application\/ld+json\" class=\"yoast-schema-graph\">{\"@context\":\"https:\\\/\\\/schema.org\",\"@graph\":[{\"@type\":\"Article\",\"@id\":\"https:\\\/\\\/www.cgfmanet.org\\\/es\\\/infoesfera\\\/iglesia\\\/presentacion-del-mensaje-para-la-jornada-mundial-de-la-paz-2026\\\/#article\",\"isPartOf\":{\"@id\":\"https:\\\/\\\/www.cgfmanet.org\\\/es\\\/infoesfera\\\/iglesia\\\/presentacion-del-mensaje-para-la-jornada-mundial-de-la-paz-2026\\\/\"},\"author\":{\"name\":\"Redazione\",\"@id\":\"https:\\\/\\\/www.cgfmanet.org\\\/es\\\/#\\\/schema\\\/person\\\/ce6473083f53ef0ef882cca23f0c8fb9\"},\"headline\":\"Presentaci\u00f3n del Mensaje para la Jornada Mundial de la Paz 2026\",\"datePublished\":\"2025-12-20T13:25:25+00:00\",\"dateModified\":\"2025-12-20T20:29:40+00:00\",\"mainEntityOfPage\":{\"@id\":\"https:\\\/\\\/www.cgfmanet.org\\\/es\\\/infoesfera\\\/iglesia\\\/presentacion-del-mensaje-para-la-jornada-mundial-de-la-paz-2026\\\/\"},\"wordCount\":1363,\"commentCount\":0,\"publisher\":{\"@id\":\"https:\\\/\\\/www.cgfmanet.org\\\/es\\\/#organization\"},\"image\":{\"@id\":\"https:\\\/\\\/www.cgfmanet.org\\\/es\\\/infoesfera\\\/iglesia\\\/presentacion-del-mensaje-para-la-jornada-mundial-de-la-paz-2026\\\/#primaryimage\"},\"thumbnailUrl\":\"https:\\\/\\\/www.cgfmanet.org\\\/wp-content\\\/uploads\\\/2025\\\/12\\\/Conferenza-Stampa-Messaggio-Pace-2026.jpg\",\"keywords\":[\"Jornada Mundial de la Paz\",\"Paz\",\"Focus\",\"Papa Le\u00f3n XIV\"],\"articleSection\":[\"Infoesfera\",\"Iglesia\"],\"inLanguage\":\"es\",\"potentialAction\":[{\"@type\":\"CommentAction\",\"name\":\"Comment\",\"target\":[\"https:\\\/\\\/www.cgfmanet.org\\\/es\\\/infoesfera\\\/iglesia\\\/presentacion-del-mensaje-para-la-jornada-mundial-de-la-paz-2026\\\/#respond\"]}]},{\"@type\":\"WebPage\",\"@id\":\"https:\\\/\\\/www.cgfmanet.org\\\/es\\\/infoesfera\\\/iglesia\\\/presentacion-del-mensaje-para-la-jornada-mundial-de-la-paz-2026\\\/\",\"url\":\"https:\\\/\\\/www.cgfmanet.org\\\/es\\\/infoesfera\\\/iglesia\\\/presentacion-del-mensaje-para-la-jornada-mundial-de-la-paz-2026\\\/\",\"name\":\"Presentaci\u00f3n del Mensaje para la Jornada Mundial de la Paz 2026 &#8226; Istituto Figlie di Maria Ausiliatrice\",\"isPartOf\":{\"@id\":\"https:\\\/\\\/www.cgfmanet.org\\\/es\\\/#website\"},\"primaryImageOfPage\":{\"@id\":\"https:\\\/\\\/www.cgfmanet.org\\\/es\\\/infoesfera\\\/iglesia\\\/presentacion-del-mensaje-para-la-jornada-mundial-de-la-paz-2026\\\/#primaryimage\"},\"image\":{\"@id\":\"https:\\\/\\\/www.cgfmanet.org\\\/es\\\/infoesfera\\\/iglesia\\\/presentacion-del-mensaje-para-la-jornada-mundial-de-la-paz-2026\\\/#primaryimage\"},\"thumbnailUrl\":\"https:\\\/\\\/www.cgfmanet.org\\\/wp-content\\\/uploads\\\/2025\\\/12\\\/Conferenza-Stampa-Messaggio-Pace-2026.jpg\",\"datePublished\":\"2025-12-20T13:25:25+00:00\",\"dateModified\":\"2025-12-20T20:29:40+00:00\",\"description\":\"El 18 de diciembre de 2025 se llev\u00f3 a cabo la rueda de prensa de presentaci\u00f3n del Mensaje del Papa Le\u00f3n XIV para la 59\u00aa Jornada Mundial de la Paz, que se celebrar\u00e1 el 1\u00ba de enero de 2026.\",\"breadcrumb\":{\"@id\":\"https:\\\/\\\/www.cgfmanet.org\\\/es\\\/infoesfera\\\/iglesia\\\/presentacion-del-mensaje-para-la-jornada-mundial-de-la-paz-2026\\\/#breadcrumb\"},\"inLanguage\":\"es\",\"potentialAction\":[{\"@type\":\"ReadAction\",\"target\":[\"https:\\\/\\\/www.cgfmanet.org\\\/es\\\/infoesfera\\\/iglesia\\\/presentacion-del-mensaje-para-la-jornada-mundial-de-la-paz-2026\\\/\"]}]},{\"@type\":\"ImageObject\",\"inLanguage\":\"es\",\"@id\":\"https:\\\/\\\/www.cgfmanet.org\\\/es\\\/infoesfera\\\/iglesia\\\/presentacion-del-mensaje-para-la-jornada-mundial-de-la-paz-2026\\\/#primaryimage\",\"url\":\"https:\\\/\\\/www.cgfmanet.org\\\/wp-content\\\/uploads\\\/2025\\\/12\\\/Conferenza-Stampa-Messaggio-Pace-2026.jpg\",\"contentUrl\":\"https:\\\/\\\/www.cgfmanet.org\\\/wp-content\\\/uploads\\\/2025\\\/12\\\/Conferenza-Stampa-Messaggio-Pace-2026.jpg\",\"width\":1575,\"height\":1050},{\"@type\":\"BreadcrumbList\",\"@id\":\"https:\\\/\\\/www.cgfmanet.org\\\/es\\\/infoesfera\\\/iglesia\\\/presentacion-del-mensaje-para-la-jornada-mundial-de-la-paz-2026\\\/#breadcrumb\",\"itemListElement\":[{\"@type\":\"ListItem\",\"position\":1,\"name\":\"Home\",\"item\":\"https:\\\/\\\/www.cgfmanet.org\\\/es\\\/\"},{\"@type\":\"ListItem\",\"position\":2,\"name\":\"Presentaci\u00f3n del Mensaje para la Jornada Mundial de la Paz 2026\"}]},{\"@type\":\"WebSite\",\"@id\":\"https:\\\/\\\/www.cgfmanet.org\\\/es\\\/#website\",\"url\":\"https:\\\/\\\/www.cgfmanet.org\\\/es\\\/\",\"name\":\"Istituto Figlie di Maria Ausiliatrice\",\"description\":\"Salesiane di Don Bosco\",\"publisher\":{\"@id\":\"https:\\\/\\\/www.cgfmanet.org\\\/es\\\/#organization\"},\"potentialAction\":[{\"@type\":\"SearchAction\",\"target\":{\"@type\":\"EntryPoint\",\"urlTemplate\":\"https:\\\/\\\/www.cgfmanet.org\\\/es\\\/?s={search_term_string}\"},\"query-input\":{\"@type\":\"PropertyValueSpecification\",\"valueRequired\":true,\"valueName\":\"search_term_string\"}}],\"inLanguage\":\"es\"},{\"@type\":\"Organization\",\"@id\":\"https:\\\/\\\/www.cgfmanet.org\\\/es\\\/#organization\",\"name\":\"Istituto Figlie di Maria Ausiliatrice\",\"url\":\"https:\\\/\\\/www.cgfmanet.org\\\/es\\\/\",\"logo\":{\"@type\":\"ImageObject\",\"inLanguage\":\"es\",\"@id\":\"https:\\\/\\\/www.cgfmanet.org\\\/es\\\/#\\\/schema\\\/logo\\\/image\\\/\",\"url\":\"https:\\\/\\\/www.cgfmanet.org\\\/wp-content\\\/uploads\\\/2018\\\/10\\\/logo-fma.png\",\"contentUrl\":\"https:\\\/\\\/www.cgfmanet.org\\\/wp-content\\\/uploads\\\/2018\\\/10\\\/logo-fma.png\",\"width\":214,\"height\":55,\"caption\":\"Istituto Figlie di Maria Ausiliatrice\"},\"image\":{\"@id\":\"https:\\\/\\\/www.cgfmanet.org\\\/es\\\/#\\\/schema\\\/logo\\\/image\\\/\"},\"sameAs\":[\"https:\\\/\\\/www.facebook.com\\\/salesian.sisters.of.don.bosco\\\/\",\"https:\\\/\\\/x.com\\\/Cgfmanet_Org\",\"https:\\\/\\\/www.youtube.com\\\/channel\\\/UCmcr8yFQBV7JXeXVxyV9y5Q\"]},{\"@type\":\"Person\",\"@id\":\"https:\\\/\\\/www.cgfmanet.org\\\/es\\\/#\\\/schema\\\/person\\\/ce6473083f53ef0ef882cca23f0c8fb9\",\"name\":\"Redazione\"}]}<\/script>\n<!-- \/ Yoast SEO plugin. -->","yoast_head_json":{"title":"Presentaci\u00f3n del Mensaje para la Jornada Mundial de la Paz 2026 &#8226; Istituto Figlie di Maria Ausiliatrice","description":"El 18 de diciembre de 2025 se llev\u00f3 a cabo la rueda de prensa de presentaci\u00f3n del Mensaje del Papa Le\u00f3n XIV para la 59\u00aa Jornada Mundial de la Paz, que se celebrar\u00e1 el 1\u00ba de enero de 2026.","robots":{"index":"index","follow":"follow","max-snippet":"max-snippet:-1","max-image-preview":"max-image-preview:large","max-video-preview":"max-video-preview:-1"},"canonical":"https:\/\/www.cgfmanet.org\/es\/infoesfera\/iglesia\/presentacion-del-mensaje-para-la-jornada-mundial-de-la-paz-2026\/","og_locale":"es_ES","og_type":"article","og_title":"Presentaci\u00f3n del Mensaje para la Jornada Mundial de la Paz 2026 &#8226; Istituto Figlie di Maria Ausiliatrice","og_description":"El 18 de diciembre de 2025 se llev\u00f3 a cabo la rueda de prensa de presentaci\u00f3n del Mensaje del Papa Le\u00f3n XIV para la 59\u00aa Jornada Mundial de la Paz, que se celebrar\u00e1 el 1\u00ba de enero de 2026.","og_url":"https:\/\/www.cgfmanet.org\/es\/infoesfera\/iglesia\/presentacion-del-mensaje-para-la-jornada-mundial-de-la-paz-2026\/","og_site_name":"Istituto Figlie di Maria Ausiliatrice","article_publisher":"https:\/\/www.facebook.com\/salesian.sisters.of.don.bosco\/","article_published_time":"2025-12-20T13:25:25+00:00","article_modified_time":"2025-12-20T20:29:40+00:00","og_image":[{"width":1575,"height":1050,"url":"https:\/\/www.cgfmanet.org\/wp-content\/uploads\/2025\/12\/Conferenza-Stampa-Messaggio-Pace-2026.jpg","type":"image\/jpeg"}],"author":"Redazione","twitter_card":"summary_large_image","twitter_creator":"@Cgfmanet_Org","twitter_site":"@Cgfmanet_Org","twitter_misc":{"Escrito por":"Redazione","Tiempo de lectura":"7 minutos"},"schema":{"@context":"https:\/\/schema.org","@graph":[{"@type":"Article","@id":"https:\/\/www.cgfmanet.org\/es\/infoesfera\/iglesia\/presentacion-del-mensaje-para-la-jornada-mundial-de-la-paz-2026\/#article","isPartOf":{"@id":"https:\/\/www.cgfmanet.org\/es\/infoesfera\/iglesia\/presentacion-del-mensaje-para-la-jornada-mundial-de-la-paz-2026\/"},"author":{"name":"Redazione","@id":"https:\/\/www.cgfmanet.org\/es\/#\/schema\/person\/ce6473083f53ef0ef882cca23f0c8fb9"},"headline":"Presentaci\u00f3n del Mensaje para la Jornada Mundial de la Paz 2026","datePublished":"2025-12-20T13:25:25+00:00","dateModified":"2025-12-20T20:29:40+00:00","mainEntityOfPage":{"@id":"https:\/\/www.cgfmanet.org\/es\/infoesfera\/iglesia\/presentacion-del-mensaje-para-la-jornada-mundial-de-la-paz-2026\/"},"wordCount":1363,"commentCount":0,"publisher":{"@id":"https:\/\/www.cgfmanet.org\/es\/#organization"},"image":{"@id":"https:\/\/www.cgfmanet.org\/es\/infoesfera\/iglesia\/presentacion-del-mensaje-para-la-jornada-mundial-de-la-paz-2026\/#primaryimage"},"thumbnailUrl":"https:\/\/www.cgfmanet.org\/wp-content\/uploads\/2025\/12\/Conferenza-Stampa-Messaggio-Pace-2026.jpg","keywords":["Jornada Mundial de la Paz","Paz","Focus","Papa Le\u00f3n XIV"],"articleSection":["Infoesfera","Iglesia"],"inLanguage":"es","potentialAction":[{"@type":"CommentAction","name":"Comment","target":["https:\/\/www.cgfmanet.org\/es\/infoesfera\/iglesia\/presentacion-del-mensaje-para-la-jornada-mundial-de-la-paz-2026\/#respond"]}]},{"@type":"WebPage","@id":"https:\/\/www.cgfmanet.org\/es\/infoesfera\/iglesia\/presentacion-del-mensaje-para-la-jornada-mundial-de-la-paz-2026\/","url":"https:\/\/www.cgfmanet.org\/es\/infoesfera\/iglesia\/presentacion-del-mensaje-para-la-jornada-mundial-de-la-paz-2026\/","name":"Presentaci\u00f3n del Mensaje para la Jornada Mundial de la Paz 2026 &#8226; Istituto Figlie di Maria Ausiliatrice","isPartOf":{"@id":"https:\/\/www.cgfmanet.org\/es\/#website"},"primaryImageOfPage":{"@id":"https:\/\/www.cgfmanet.org\/es\/infoesfera\/iglesia\/presentacion-del-mensaje-para-la-jornada-mundial-de-la-paz-2026\/#primaryimage"},"image":{"@id":"https:\/\/www.cgfmanet.org\/es\/infoesfera\/iglesia\/presentacion-del-mensaje-para-la-jornada-mundial-de-la-paz-2026\/#primaryimage"},"thumbnailUrl":"https:\/\/www.cgfmanet.org\/wp-content\/uploads\/2025\/12\/Conferenza-Stampa-Messaggio-Pace-2026.jpg","datePublished":"2025-12-20T13:25:25+00:00","dateModified":"2025-12-20T20:29:40+00:00","description":"El 18 de diciembre de 2025 se llev\u00f3 a cabo la rueda de prensa de presentaci\u00f3n del Mensaje del Papa Le\u00f3n XIV para la 59\u00aa Jornada Mundial de la Paz, que se celebrar\u00e1 el 1\u00ba de enero de 2026.","breadcrumb":{"@id":"https:\/\/www.cgfmanet.org\/es\/infoesfera\/iglesia\/presentacion-del-mensaje-para-la-jornada-mundial-de-la-paz-2026\/#breadcrumb"},"inLanguage":"es","potentialAction":[{"@type":"ReadAction","target":["https:\/\/www.cgfmanet.org\/es\/infoesfera\/iglesia\/presentacion-del-mensaje-para-la-jornada-mundial-de-la-paz-2026\/"]}]},{"@type":"ImageObject","inLanguage":"es","@id":"https:\/\/www.cgfmanet.org\/es\/infoesfera\/iglesia\/presentacion-del-mensaje-para-la-jornada-mundial-de-la-paz-2026\/#primaryimage","url":"https:\/\/www.cgfmanet.org\/wp-content\/uploads\/2025\/12\/Conferenza-Stampa-Messaggio-Pace-2026.jpg","contentUrl":"https:\/\/www.cgfmanet.org\/wp-content\/uploads\/2025\/12\/Conferenza-Stampa-Messaggio-Pace-2026.jpg","width":1575,"height":1050},{"@type":"BreadcrumbList","@id":"https:\/\/www.cgfmanet.org\/es\/infoesfera\/iglesia\/presentacion-del-mensaje-para-la-jornada-mundial-de-la-paz-2026\/#breadcrumb","itemListElement":[{"@type":"ListItem","position":1,"name":"Home","item":"https:\/\/www.cgfmanet.org\/es\/"},{"@type":"ListItem","position":2,"name":"Presentaci\u00f3n del Mensaje para la Jornada Mundial de la Paz 2026"}]},{"@type":"WebSite","@id":"https:\/\/www.cgfmanet.org\/es\/#website","url":"https:\/\/www.cgfmanet.org\/es\/","name":"Istituto Figlie di Maria Ausiliatrice","description":"Salesiane di Don Bosco","publisher":{"@id":"https:\/\/www.cgfmanet.org\/es\/#organization"},"potentialAction":[{"@type":"SearchAction","target":{"@type":"EntryPoint","urlTemplate":"https:\/\/www.cgfmanet.org\/es\/?s={search_term_string}"},"query-input":{"@type":"PropertyValueSpecification","valueRequired":true,"valueName":"search_term_string"}}],"inLanguage":"es"},{"@type":"Organization","@id":"https:\/\/www.cgfmanet.org\/es\/#organization","name":"Istituto Figlie di Maria Ausiliatrice","url":"https:\/\/www.cgfmanet.org\/es\/","logo":{"@type":"ImageObject","inLanguage":"es","@id":"https:\/\/www.cgfmanet.org\/es\/#\/schema\/logo\/image\/","url":"https:\/\/www.cgfmanet.org\/wp-content\/uploads\/2018\/10\/logo-fma.png","contentUrl":"https:\/\/www.cgfmanet.org\/wp-content\/uploads\/2018\/10\/logo-fma.png","width":214,"height":55,"caption":"Istituto Figlie di Maria Ausiliatrice"},"image":{"@id":"https:\/\/www.cgfmanet.org\/es\/#\/schema\/logo\/image\/"},"sameAs":["https:\/\/www.facebook.com\/salesian.sisters.of.don.bosco\/","https:\/\/x.com\/Cgfmanet_Org","https:\/\/www.youtube.com\/channel\/UCmcr8yFQBV7JXeXVxyV9y5Q"]},{"@type":"Person","@id":"https:\/\/www.cgfmanet.org\/es\/#\/schema\/person\/ce6473083f53ef0ef882cca23f0c8fb9","name":"Redazione"}]}},"_links":{"self":[{"href":"https:\/\/www.cgfmanet.org\/es\/wp-json\/wp\/v2\/posts\/149693","targetHints":{"allow":["GET"]}}],"collection":[{"href":"https:\/\/www.cgfmanet.org\/es\/wp-json\/wp\/v2\/posts"}],"about":[{"href":"https:\/\/www.cgfmanet.org\/es\/wp-json\/wp\/v2\/types\/post"}],"author":[{"embeddable":true,"href":"https:\/\/www.cgfmanet.org\/es\/wp-json\/wp\/v2\/users\/21"}],"replies":[{"embeddable":true,"href":"https:\/\/www.cgfmanet.org\/es\/wp-json\/wp\/v2\/comments?post=149693"}],"version-history":[{"count":3,"href":"https:\/\/www.cgfmanet.org\/es\/wp-json\/wp\/v2\/posts\/149693\/revisions"}],"predecessor-version":[{"id":149704,"href":"https:\/\/www.cgfmanet.org\/es\/wp-json\/wp\/v2\/posts\/149693\/revisions\/149704"}],"wp:featuredmedia":[{"embeddable":true,"href":"https:\/\/www.cgfmanet.org\/es\/wp-json\/wp\/v2\/media\/149688"}],"wp:attachment":[{"href":"https:\/\/www.cgfmanet.org\/es\/wp-json\/wp\/v2\/media?parent=149693"}],"wp:term":[{"taxonomy":"category","embeddable":true,"href":"https:\/\/www.cgfmanet.org\/es\/wp-json\/wp\/v2\/categories?post=149693"},{"taxonomy":"post_tag","embeddable":true,"href":"https:\/\/www.cgfmanet.org\/es\/wp-json\/wp\/v2\/tags?post=149693"}],"curies":[{"name":"wp","href":"https:\/\/api.w.org\/{rel}","templated":true}]}}