{"id":149580,"date":"2025-12-16T11:50:16","date_gmt":"2025-12-16T10:50:16","guid":{"rendered":"https:\/\/www.cgfmanet.org\/infoesfera\/santa-maria-troncatti-nella-scalinata-dei-santi-bresciani\/"},"modified":"2025-12-17T17:35:50","modified_gmt":"2025-12-17T16:35:50","slug":"santa-maria-troncatti-en-la-escalinata-de-los-santos-brescianos","status":"publish","type":"post","link":"https:\/\/www.cgfmanet.org\/es\/ifma-es\/santa-maria-troncatti-en-la-escalinata-de-los-santos-brescianos\/","title":{"rendered":"Santa Maria Troncatti en la \u00abEscalinata de los Santos\u00bb brescianos"},"content":{"rendered":"<p><strong>Brescia (Italia).<\/strong> En la tarde del 13 de diciembre de 2025, en la parroquia Santa Mar\u00eda de Darfo Boario Terme, en la Provincia de Brescia, Di\u00f3cesis de origen de <span style=\"color: #0000ff;\"><strong><a style=\"color: #0000ff;\" href=\"https:\/\/mariatroncatti.org\/\" target=\"_blank\" rel=\"noopener\">Santa Maria Troncatti <\/a><\/strong><\/span>(canonizada el 19 de octubre), se llev\u00f3 a cabo un momento de conmemoraci\u00f3n en su honor, que concluy\u00f3 con la bendici\u00f3n de la nueva iconograf\u00eda de la Santa pintada en la \u00abEscalinata de los santos\u00bb brescianos y del Valle Camonica, un homenaje a la fe de esta tierra.<\/p>\n<p>Los cuadros de toda la iglesia son obra del pintor Rota Sperti, quien con alegr\u00eda y entusiasmo a\u00f1adi\u00f3 a la nueva Santa \u2018camuna\u2019 (habitante de Val Camonica &#8211; zona alpina en la regi\u00f3n de Lombard\u00eda, norte de Italia). En la Escalinata de los Santos brescianos y \u2018camunos\u2019 aparecen as\u00ed en orden ascendente: Madre Teresa de Calcuta, San Pablo VI, el Beato Innocenzo da Berzo, Padre Giovanni Battista Piamarta, Santa Geltrude Comensoli, el Beato Giuseppe Tovini, las Santas Bartolomea Capitanio y Vincenza Gerosa, la Beata Annunciata Cocchetti y Santa Mar\u00eda Troncatti.<\/p>\n<p>El vice p\u00e1rroco de Darfo, Don Andrea Maffina, bendijo el cuadro y presidi\u00f3 la peque\u00f1a celebraci\u00f3n, acompa\u00f1ada por el Coro Pineta, dirigido por el Maestro Francesco Gheza. Los cantos se alternaron con algunas lecturas sobre la vida de Sor Mar\u00eda, proclamadas por sobrinos nietos de la Santa y por miembros de la comunidad de Corteno Golgi, que acudieron para la ocasi\u00f3n. Tambi\u00e9n estuvo presente Sor Stefania Fiorini, Hija de Mar\u00eda Auxiliadora originaria de Darfo Boario Terme.<\/p>\n<p>El momento permiti\u00f3 rememorar y reflexionar sobre la forma de vivir la cristiandad en la actualidad, animados por testigos locales como Sor Mar\u00eda Troncatti, quien, siguiendo las huellas de Don Bosco y de Madre Mazzarello, llev\u00f3 el mensaje de Cristo a tierras lejanas como misionera, convirti\u00e9ndose en artesana de paz y de reconciliaci\u00f3n para aquellas poblaciones.<\/p>\n<p><strong>Foto:<\/strong> Pro Loco Corteno Golgi<\/p>\n\r\n                <style type=\"text\/css\">\r\n                    \r\n                    #tdi_1  .td-doubleSlider-2 .td-item1 {\r\n                        background: url(https:\/\/www.cgfmanet.org\/wp-content\/uploads\/2025\/12\/Dipinto-Troncatti-Darfo_7-80x60.jpg) 0 0 no-repeat;\r\n                    }\r\n                    #tdi_1  .td-doubleSlider-2 .td-item2 {\r\n                        background: url(https:\/\/www.cgfmanet.org\/wp-content\/uploads\/2025\/12\/Dipinto-Troncatti-Darfo_5-80x60.jpg) 0 0 no-repeat;\r\n                    }\r\n                    #tdi_1  .td-doubleSlider-2 .td-item3 {\r\n                        background: url(https:\/\/www.cgfmanet.org\/wp-content\/uploads\/2025\/12\/Dipinto-Troncatti-Darfo_1-80x60.jpg) 0 0 no-repeat;\r\n                    }\r\n                    #tdi_1  .td-doubleSlider-2 .td-item4 {\r\n                        background: url(https:\/\/www.cgfmanet.org\/wp-content\/uploads\/2025\/12\/Dipinto-Troncatti-Darfo_4-80x60.jpg) 0 0 no-repeat;\r\n                    }\r\n                    #tdi_1  .td-doubleSlider-2 .td-item5 {\r\n                        background: url(https:\/\/www.cgfmanet.org\/wp-content\/uploads\/2025\/12\/Dipinto-Troncatti-Darfo_2-80x60.jpg) 0 0 no-repeat;\r\n                    }\r\n                    #tdi_1  .td-doubleSlider-2 .td-item6 {\r\n                        background: url(https:\/\/www.cgfmanet.org\/wp-content\/uploads\/2025\/12\/Dipinto-Troncatti-Darfo_6-80x60.jpg) 0 0 no-repeat;\r\n                    }\r\n                    #tdi_1  .td-doubleSlider-2 .td-item7 {\r\n                        background: url(https:\/\/www.cgfmanet.org\/wp-content\/uploads\/2025\/12\/Dipinto-Troncatti-Darfo_3-80x60.jpg) 0 0 no-repeat;\r\n                    }\r\n                <\/style>\r\n\r\n                <div id=\"tdi_1\" class=\"td-gallery td-slide-on-2-columns\">\r\n                    <div class=\"post_td_gallery\">\r\n                        <div class=\"td-gallery-slide-top\">\r\n                           <div class=\"td-gallery-title\"><\/div>\r\n\r\n                            <div class=\"td-gallery-controls-wrapper\">\r\n                                <div class=\"td-gallery-slide-count\"><span class=\"td-gallery-slide-item-focus\">1<\/span> de 7<\/div>\r\n                                <div class=\"td-gallery-slide-prev-next-but\">\r\n                                    <i class = \"td-icon-left doubleSliderPrevButton\"><\/i>\r\n                                    <i class = \"td-icon-right doubleSliderNextButton\"><\/i>\r\n                                <\/div>\r\n                            <\/div>\r\n                        <\/div>\r\n\r\n                        <div class = \"td-doubleSlider-1 \">\r\n                            <div class = \"td-slider\">\r\n                                \r\n                    <div class = \"td-slide-item td-item1\">\r\n                        <figure class=\"td-slide-galery-figure td-slide-popup-gallery\">\r\n                            <a class=\"slide-gallery-image-link\" href=\"https:\/\/www.cgfmanet.org\/wp-content\/uploads\/2025\/12\/Dipinto-Troncatti-Darfo_7.jpg\" title=\"Dipinto Troncatti Darfo_7\"  data-caption=\"\"  data-description=\"\">\r\n                                <img decoding=\"async\" data-src=\"https:\/\/www.cgfmanet.org\/wp-content\/uploads\/2025\/12\/Dipinto-Troncatti-Darfo_7-630x420.jpg\" data-srcset=\"https:\/\/www.cgfmanet.org\/wp-content\/uploads\/2025\/12\/Dipinto-Troncatti-Darfo_7-630x420.jpg 630w, https:\/\/www.cgfmanet.org\/wp-content\/uploads\/2025\/12\/Dipinto-Troncatti-Darfo_7-768x512.jpg 768w, https:\/\/www.cgfmanet.org\/wp-content\/uploads\/2025\/12\/Dipinto-Troncatti-Darfo_7-696x464.jpg 696w, https:\/\/www.cgfmanet.org\/wp-content\/uploads\/2025\/12\/Dipinto-Troncatti-Darfo_7.jpg 1182w\" data-sizes=\"auto\" alt=\"\" src=\"data:image\/svg+xml;base64,PHN2ZyB3aWR0aD0iMSIgaGVpZ2h0PSIxIiB4bWxucz0iaHR0cDovL3d3dy53My5vcmcvMjAwMC9zdmciPjwvc3ZnPg==\" class=\"lazyload\" style=\"--smush-placeholder-width: 630px; --smush-placeholder-aspect-ratio: 630\/420;\" data-original-sizes=\"(max-width: 630px) 100vw, 630px\">\r\n                            <\/a>\r\n                            \r\n                        <\/figure>\r\n                    <\/div>\r\n                    <div class = \"td-slide-item td-item2\">\r\n                        <figure class=\"td-slide-galery-figure td-slide-popup-gallery\">\r\n                            <a class=\"slide-gallery-image-link\" href=\"https:\/\/www.cgfmanet.org\/wp-content\/uploads\/2025\/12\/Dipinto-Troncatti-Darfo_5.jpg\" title=\"Dipinto Troncatti Darfo_5\"  data-caption=\"\"  data-description=\"\">\r\n                                <img decoding=\"async\" data-src=\"https:\/\/www.cgfmanet.org\/wp-content\/uploads\/2025\/12\/Dipinto-Troncatti-Darfo_5-224x420.jpg\" data-srcset=\"https:\/\/www.cgfmanet.org\/wp-content\/uploads\/2025\/12\/Dipinto-Troncatti-Darfo_5-224x420.jpg 224w, https:\/\/www.cgfmanet.org\/wp-content\/uploads\/2025\/12\/Dipinto-Troncatti-Darfo_5-768x1441.jpg 768w, https:\/\/www.cgfmanet.org\/wp-content\/uploads\/2025\/12\/Dipinto-Troncatti-Darfo_5-819x1536.jpg 819w, https:\/\/www.cgfmanet.org\/wp-content\/uploads\/2025\/12\/Dipinto-Troncatti-Darfo_5-1091x2048.jpg 1091w, https:\/\/www.cgfmanet.org\/wp-content\/uploads\/2025\/12\/Dipinto-Troncatti-Darfo_5-696x1306.jpg 696w, https:\/\/www.cgfmanet.org\/wp-content\/uploads\/2025\/12\/Dipinto-Troncatti-Darfo_5.jpg 1181w\" data-sizes=\"auto\" alt=\"\" src=\"data:image\/svg+xml;base64,PHN2ZyB3aWR0aD0iMSIgaGVpZ2h0PSIxIiB4bWxucz0iaHR0cDovL3d3dy53My5vcmcvMjAwMC9zdmciPjwvc3ZnPg==\" class=\"lazyload\" style=\"--smush-placeholder-width: 224px; --smush-placeholder-aspect-ratio: 224\/420;\" data-original-sizes=\"(max-width: 224px) 100vw, 224px\">\r\n                            <\/a>\r\n                            \r\n                        <\/figure>\r\n                    <\/div>\r\n                    <div class = \"td-slide-item td-item3\">\r\n                        <figure class=\"td-slide-galery-figure td-slide-popup-gallery\">\r\n                            <a class=\"slide-gallery-image-link\" href=\"https:\/\/www.cgfmanet.org\/wp-content\/uploads\/2025\/12\/Dipinto-Troncatti-Darfo_1.jpg\" title=\"Dipinto Troncatti Darfo_1\"  data-caption=\"\"  data-description=\"\">\r\n                                <img decoding=\"async\" data-src=\"https:\/\/www.cgfmanet.org\/wp-content\/uploads\/2025\/12\/Dipinto-Troncatti-Darfo_1-807x420.jpg\" data-srcset=\"https:\/\/www.cgfmanet.org\/wp-content\/uploads\/2025\/12\/Dipinto-Troncatti-Darfo_1-807x420.jpg 807w, https:\/\/www.cgfmanet.org\/wp-content\/uploads\/2025\/12\/Dipinto-Troncatti-Darfo_1-768x400.jpg 768w, https:\/\/www.cgfmanet.org\/wp-content\/uploads\/2025\/12\/Dipinto-Troncatti-Darfo_1-696x362.jpg 696w, https:\/\/www.cgfmanet.org\/wp-content\/uploads\/2025\/12\/Dipinto-Troncatti-Darfo_1.jpg 1181w\" data-sizes=\"auto\" alt=\"\" src=\"data:image\/svg+xml;base64,PHN2ZyB3aWR0aD0iMSIgaGVpZ2h0PSIxIiB4bWxucz0iaHR0cDovL3d3dy53My5vcmcvMjAwMC9zdmciPjwvc3ZnPg==\" class=\"lazyload\" style=\"--smush-placeholder-width: 807px; --smush-placeholder-aspect-ratio: 807\/420;\" data-original-sizes=\"(max-width: 807px) 100vw, 807px\">\r\n                            <\/a>\r\n                            \r\n                        <\/figure>\r\n                    <\/div>\r\n                    <div class = \"td-slide-item td-item4\">\r\n                        <figure class=\"td-slide-galery-figure td-slide-popup-gallery\">\r\n                            <a class=\"slide-gallery-image-link\" href=\"https:\/\/www.cgfmanet.org\/wp-content\/uploads\/2025\/12\/Dipinto-Troncatti-Darfo_4-scaled.jpg\" title=\"Dipinto Troncatti Darfo_4\"  data-caption=\"\"  data-description=\"\">\r\n                                <img decoding=\"async\" data-src=\"https:\/\/www.cgfmanet.org\/wp-content\/uploads\/2025\/12\/Dipinto-Troncatti-Darfo_4-910x420.jpg\" data-srcset=\"https:\/\/www.cgfmanet.org\/wp-content\/uploads\/2025\/12\/Dipinto-Troncatti-Darfo_4-910x420.jpg 910w, https:\/\/www.cgfmanet.org\/wp-content\/uploads\/2025\/12\/Dipinto-Troncatti-Darfo_4-768x355.jpg 768w, https:\/\/www.cgfmanet.org\/wp-content\/uploads\/2025\/12\/Dipinto-Troncatti-Darfo_4-1536x709.jpg 1536w, https:\/\/www.cgfmanet.org\/wp-content\/uploads\/2025\/12\/Dipinto-Troncatti-Darfo_4-2048x946.jpg 2048w, https:\/\/www.cgfmanet.org\/wp-content\/uploads\/2025\/12\/Dipinto-Troncatti-Darfo_4-696x321.jpg 696w\" data-sizes=\"auto\" alt=\"\" src=\"data:image\/svg+xml;base64,PHN2ZyB3aWR0aD0iMSIgaGVpZ2h0PSIxIiB4bWxucz0iaHR0cDovL3d3dy53My5vcmcvMjAwMC9zdmciPjwvc3ZnPg==\" class=\"lazyload\" style=\"--smush-placeholder-width: 910px; --smush-placeholder-aspect-ratio: 910\/420;\" data-original-sizes=\"(max-width: 910px) 100vw, 910px\">\r\n                            <\/a>\r\n                            \r\n                        <\/figure>\r\n                    <\/div>\r\n                    <div class = \"td-slide-item td-item5\">\r\n                        <figure class=\"td-slide-galery-figure td-slide-popup-gallery\">\r\n                            <a class=\"slide-gallery-image-link\" href=\"https:\/\/www.cgfmanet.org\/wp-content\/uploads\/2025\/12\/Dipinto-Troncatti-Darfo_2-scaled.jpg\" title=\"Dipinto Troncatti Darfo_2\"  data-caption=\"\"  data-description=\"\">\r\n                                <img decoding=\"async\" data-src=\"https:\/\/www.cgfmanet.org\/wp-content\/uploads\/2025\/12\/Dipinto-Troncatti-Darfo_2-630x420.jpg\" data-srcset=\"https:\/\/www.cgfmanet.org\/wp-content\/uploads\/2025\/12\/Dipinto-Troncatti-Darfo_2-630x420.jpg 630w, https:\/\/www.cgfmanet.org\/wp-content\/uploads\/2025\/12\/Dipinto-Troncatti-Darfo_2-768x512.jpg 768w, https:\/\/www.cgfmanet.org\/wp-content\/uploads\/2025\/12\/Dipinto-Troncatti-Darfo_2-1536x1024.jpg 1536w, https:\/\/www.cgfmanet.org\/wp-content\/uploads\/2025\/12\/Dipinto-Troncatti-Darfo_2-2048x1365.jpg 2048w, https:\/\/www.cgfmanet.org\/wp-content\/uploads\/2025\/12\/Dipinto-Troncatti-Darfo_2-696x464.jpg 696w\" data-sizes=\"auto\" alt=\"\" src=\"data:image\/svg+xml;base64,PHN2ZyB3aWR0aD0iMSIgaGVpZ2h0PSIxIiB4bWxucz0iaHR0cDovL3d3dy53My5vcmcvMjAwMC9zdmciPjwvc3ZnPg==\" class=\"lazyload\" style=\"--smush-placeholder-width: 630px; --smush-placeholder-aspect-ratio: 630\/420;\" data-original-sizes=\"(max-width: 630px) 100vw, 630px\">\r\n                            <\/a>\r\n                            \r\n                        <\/figure>\r\n                    <\/div>\r\n                    <div class = \"td-slide-item td-item6\">\r\n                        <figure class=\"td-slide-galery-figure td-slide-popup-gallery\">\r\n                            <a class=\"slide-gallery-image-link\" href=\"https:\/\/www.cgfmanet.org\/wp-content\/uploads\/2025\/12\/Dipinto-Troncatti-Darfo_6.jpg\" title=\"Dipinto Troncatti Darfo_6\"  data-caption=\"\"  data-description=\"\">\r\n                                <img decoding=\"async\" data-src=\"https:\/\/www.cgfmanet.org\/wp-content\/uploads\/2025\/12\/Dipinto-Troncatti-Darfo_6-687x420.jpg\" data-srcset=\"https:\/\/www.cgfmanet.org\/wp-content\/uploads\/2025\/12\/Dipinto-Troncatti-Darfo_6-687x420.jpg 687w, https:\/\/www.cgfmanet.org\/wp-content\/uploads\/2025\/12\/Dipinto-Troncatti-Darfo_6-768x470.jpg 768w, https:\/\/www.cgfmanet.org\/wp-content\/uploads\/2025\/12\/Dipinto-Troncatti-Darfo_6-696x425.jpg 696w, https:\/\/www.cgfmanet.org\/wp-content\/uploads\/2025\/12\/Dipinto-Troncatti-Darfo_6.jpg 1181w\" data-sizes=\"auto\" alt=\"\" src=\"data:image\/svg+xml;base64,PHN2ZyB3aWR0aD0iMSIgaGVpZ2h0PSIxIiB4bWxucz0iaHR0cDovL3d3dy53My5vcmcvMjAwMC9zdmciPjwvc3ZnPg==\" class=\"lazyload\" style=\"--smush-placeholder-width: 687px; --smush-placeholder-aspect-ratio: 687\/420;\" data-original-sizes=\"(max-width: 687px) 100vw, 687px\">\r\n                            <\/a>\r\n                            \r\n                        <\/figure>\r\n                    <\/div>\r\n                    <div class = \"td-slide-item td-item7\">\r\n                        <figure class=\"td-slide-galery-figure td-slide-popup-gallery\">\r\n                            <a class=\"slide-gallery-image-link\" href=\"https:\/\/www.cgfmanet.org\/wp-content\/uploads\/2025\/12\/Dipinto-Troncatti-Darfo_3.jpg\" title=\"Dipinto Troncatti Darfo_3\"  data-caption=\"\"  data-description=\"\">\r\n                                <img decoding=\"async\" data-src=\"https:\/\/www.cgfmanet.org\/wp-content\/uploads\/2025\/12\/Dipinto-Troncatti-Darfo_3-845x420.jpg\" data-srcset=\"https:\/\/www.cgfmanet.org\/wp-content\/uploads\/2025\/12\/Dipinto-Troncatti-Darfo_3-845x420.jpg 845w, https:\/\/www.cgfmanet.org\/wp-content\/uploads\/2025\/12\/Dipinto-Troncatti-Darfo_3-768x382.jpg 768w, https:\/\/www.cgfmanet.org\/wp-content\/uploads\/2025\/12\/Dipinto-Troncatti-Darfo_3-696x346.jpg 696w, https:\/\/www.cgfmanet.org\/wp-content\/uploads\/2025\/12\/Dipinto-Troncatti-Darfo_3-324x160.jpg 324w, https:\/\/www.cgfmanet.org\/wp-content\/uploads\/2025\/12\/Dipinto-Troncatti-Darfo_3.jpg 1181w\" data-sizes=\"auto\" alt=\"\" src=\"data:image\/svg+xml;base64,PHN2ZyB3aWR0aD0iMSIgaGVpZ2h0PSIxIiB4bWxucz0iaHR0cDovL3d3dy53My5vcmcvMjAwMC9zdmciPjwvc3ZnPg==\" class=\"lazyload\" style=\"--smush-placeholder-width: 845px; --smush-placeholder-aspect-ratio: 845\/420;\" data-original-sizes=\"(max-width: 845px) 100vw, 845px\">\r\n                            <\/a>\r\n                            \r\n                        <\/figure>\r\n                    <\/div>\r\n                            <\/div>\r\n                        <\/div>\r\n\r\n                        <div class = \"td-doubleSlider-2\">\r\n                            <div class = \"td-slider\">\r\n                                \r\n                    <div class = \"td-button td-item1\">\r\n                        <div class = \"td-border\"><\/div>\r\n                    <\/div>\r\n                    <div class = \"td-button td-item2\">\r\n                        <div class = \"td-border\"><\/div>\r\n                    <\/div>\r\n                    <div class = \"td-button td-item3\">\r\n                        <div class = \"td-border\"><\/div>\r\n                    <\/div>\r\n                    <div class = \"td-button td-item4\">\r\n                        <div class = \"td-border\"><\/div>\r\n                    <\/div>\r\n                    <div class = \"td-button td-item5\">\r\n                        <div class = \"td-border\"><\/div>\r\n                    <\/div>\r\n                    <div class = \"td-button td-item6\">\r\n                        <div class = \"td-border\"><\/div>\r\n                    <\/div>\r\n                    <div class = \"td-button td-item7\">\r\n                        <div class = \"td-border\"><\/div>\r\n                    <\/div>\r\n                            <\/div>\r\n                        <\/div>\r\n\r\n                    <\/div>\r\n\r\n                <\/div>\r\n                \n","protected":false},"excerpt":{"rendered":"<p>Brescia (Italia). En la tarde del 13 de diciembre de 2025, en la parroquia Santa Mar\u00eda de Darfo Boario Terme, en la Provincia de Brescia, Di\u00f3cesis de origen de Santa [&hellip;]<\/p>\n","protected":false},"author":21,"featured_media":149545,"comment_status":"open","ping_status":"closed","sticky":false,"template":"","format":"standard","meta":{"footnotes":""},"categories":[2470,158],"tags":[1451,1640,1931],"class_list":["post-149580","post","type-post","status-publish","format-standard","has-post-thumbnail","category-150-misiones-fma","category-ifma-es","tag-santidad-salesiana","tag-maria-troncatti-es","tag-focus-es"],"yoast_head":"<!-- This site is optimized with the Yoast SEO plugin v27.4 - https:\/\/yoast.com\/product\/yoast-seo-wordpress\/ -->\n<title>Santa Maria Troncatti en la &quot;Escalinata de los Santos&quot; brescianos &#8226; Istituto Figlie di Maria Ausiliatrice<\/title>\n<meta name=\"description\" content=\"El 13 de diciembre de 2025, en la parroquia de Darfo Boario Terme, Brescia, fue bendecido el cuadro de Santa Mar\u00eda Troncatti ubicado en la escalinata de los Santos brescianos.\" \/>\n<meta name=\"robots\" content=\"index, follow, max-snippet:-1, max-image-preview:large, max-video-preview:-1\" \/>\n<link rel=\"canonical\" href=\"https:\/\/www.cgfmanet.org\/es\/ifma-es\/santa-maria-troncatti-en-la-escalinata-de-los-santos-brescianos\/\" \/>\n<meta property=\"og:locale\" content=\"es_ES\" \/>\n<meta property=\"og:type\" content=\"article\" \/>\n<meta property=\"og:title\" content=\"Santa Maria Troncatti en la &quot;Escalinata de los Santos&quot; brescianos &#8226; Istituto Figlie di Maria Ausiliatrice\" \/>\n<meta property=\"og:description\" content=\"El 13 de diciembre de 2025, en la parroquia de Darfo Boario Terme, Brescia, fue bendecido el cuadro de Santa Mar\u00eda Troncatti ubicado en la escalinata de los Santos brescianos.\" \/>\n<meta property=\"og:url\" content=\"https:\/\/www.cgfmanet.org\/es\/ifma-es\/santa-maria-troncatti-en-la-escalinata-de-los-santos-brescianos\/\" \/>\n<meta property=\"og:site_name\" content=\"Istituto Figlie di Maria Ausiliatrice\" \/>\n<meta property=\"article:publisher\" content=\"https:\/\/www.facebook.com\/salesian.sisters.of.don.bosco\/\" \/>\n<meta property=\"article:published_time\" content=\"2025-12-16T10:50:16+00:00\" \/>\n<meta property=\"article:modified_time\" content=\"2025-12-17T16:35:50+00:00\" \/>\n<meta property=\"og:image\" content=\"https:\/\/www.cgfmanet.org\/wp-content\/uploads\/2025\/12\/Dipinto-Troncatti-Darfo.jpg\" \/>\n\t<meta property=\"og:image:width\" content=\"1200\" \/>\n\t<meta property=\"og:image:height\" content=\"800\" \/>\n\t<meta property=\"og:image:type\" content=\"image\/jpeg\" \/>\n<meta name=\"author\" content=\"Redazione\" \/>\n<meta name=\"twitter:card\" content=\"summary_large_image\" \/>\n<meta name=\"twitter:creator\" content=\"@Cgfmanet_Org\" \/>\n<meta name=\"twitter:site\" content=\"@Cgfmanet_Org\" \/>\n<meta name=\"twitter:label1\" content=\"Escrito por\" \/>\n\t<meta name=\"twitter:data1\" content=\"Redazione\" \/>\n\t<meta name=\"twitter:label2\" content=\"Tiempo de lectura\" \/>\n\t<meta name=\"twitter:data2\" content=\"2 minutos\" \/>\n<script type=\"application\/ld+json\" class=\"yoast-schema-graph\">{\"@context\":\"https:\\\/\\\/schema.org\",\"@graph\":[{\"@type\":\"Article\",\"@id\":\"https:\\\/\\\/www.cgfmanet.org\\\/es\\\/ifma-es\\\/santa-maria-troncatti-en-la-escalinata-de-los-santos-brescianos\\\/#article\",\"isPartOf\":{\"@id\":\"https:\\\/\\\/www.cgfmanet.org\\\/es\\\/ifma-es\\\/santa-maria-troncatti-en-la-escalinata-de-los-santos-brescianos\\\/\"},\"author\":{\"name\":\"Redazione\",\"@id\":\"https:\\\/\\\/www.cgfmanet.org\\\/es\\\/#\\\/schema\\\/person\\\/ce6473083f53ef0ef882cca23f0c8fb9\"},\"headline\":\"Santa Maria Troncatti en la \u00abEscalinata de los Santos\u00bb brescianos\",\"datePublished\":\"2025-12-16T10:50:16+00:00\",\"dateModified\":\"2025-12-17T16:35:50+00:00\",\"mainEntityOfPage\":{\"@id\":\"https:\\\/\\\/www.cgfmanet.org\\\/es\\\/ifma-es\\\/santa-maria-troncatti-en-la-escalinata-de-los-santos-brescianos\\\/\"},\"wordCount\":345,\"commentCount\":1,\"publisher\":{\"@id\":\"https:\\\/\\\/www.cgfmanet.org\\\/es\\\/#organization\"},\"image\":{\"@id\":\"https:\\\/\\\/www.cgfmanet.org\\\/es\\\/ifma-es\\\/santa-maria-troncatti-en-la-escalinata-de-los-santos-brescianos\\\/#primaryimage\"},\"thumbnailUrl\":\"https:\\\/\\\/www.cgfmanet.org\\\/wp-content\\\/uploads\\\/2025\\\/12\\\/Dipinto-Troncatti-Darfo.jpg\",\"keywords\":[\"Santidad Salesiana\",\"Maria Troncatti\",\"Focus\"],\"articleSection\":[\"150\u00b0 Misiones FMA\",\"IFMA\"],\"inLanguage\":\"es\",\"potentialAction\":[{\"@type\":\"CommentAction\",\"name\":\"Comment\",\"target\":[\"https:\\\/\\\/www.cgfmanet.org\\\/es\\\/ifma-es\\\/santa-maria-troncatti-en-la-escalinata-de-los-santos-brescianos\\\/#respond\"]}]},{\"@type\":\"WebPage\",\"@id\":\"https:\\\/\\\/www.cgfmanet.org\\\/es\\\/ifma-es\\\/santa-maria-troncatti-en-la-escalinata-de-los-santos-brescianos\\\/\",\"url\":\"https:\\\/\\\/www.cgfmanet.org\\\/es\\\/ifma-es\\\/santa-maria-troncatti-en-la-escalinata-de-los-santos-brescianos\\\/\",\"name\":\"Santa Maria Troncatti en la \\\"Escalinata de los Santos\\\" brescianos &#8226; Istituto Figlie di Maria Ausiliatrice\",\"isPartOf\":{\"@id\":\"https:\\\/\\\/www.cgfmanet.org\\\/es\\\/#website\"},\"primaryImageOfPage\":{\"@id\":\"https:\\\/\\\/www.cgfmanet.org\\\/es\\\/ifma-es\\\/santa-maria-troncatti-en-la-escalinata-de-los-santos-brescianos\\\/#primaryimage\"},\"image\":{\"@id\":\"https:\\\/\\\/www.cgfmanet.org\\\/es\\\/ifma-es\\\/santa-maria-troncatti-en-la-escalinata-de-los-santos-brescianos\\\/#primaryimage\"},\"thumbnailUrl\":\"https:\\\/\\\/www.cgfmanet.org\\\/wp-content\\\/uploads\\\/2025\\\/12\\\/Dipinto-Troncatti-Darfo.jpg\",\"datePublished\":\"2025-12-16T10:50:16+00:00\",\"dateModified\":\"2025-12-17T16:35:50+00:00\",\"description\":\"El 13 de diciembre de 2025, en la parroquia de Darfo Boario Terme, Brescia, fue bendecido el cuadro de Santa Mar\u00eda Troncatti ubicado en la escalinata de los Santos brescianos.\",\"breadcrumb\":{\"@id\":\"https:\\\/\\\/www.cgfmanet.org\\\/es\\\/ifma-es\\\/santa-maria-troncatti-en-la-escalinata-de-los-santos-brescianos\\\/#breadcrumb\"},\"inLanguage\":\"es\",\"potentialAction\":[{\"@type\":\"ReadAction\",\"target\":[\"https:\\\/\\\/www.cgfmanet.org\\\/es\\\/ifma-es\\\/santa-maria-troncatti-en-la-escalinata-de-los-santos-brescianos\\\/\"]}]},{\"@type\":\"ImageObject\",\"inLanguage\":\"es\",\"@id\":\"https:\\\/\\\/www.cgfmanet.org\\\/es\\\/ifma-es\\\/santa-maria-troncatti-en-la-escalinata-de-los-santos-brescianos\\\/#primaryimage\",\"url\":\"https:\\\/\\\/www.cgfmanet.org\\\/wp-content\\\/uploads\\\/2025\\\/12\\\/Dipinto-Troncatti-Darfo.jpg\",\"contentUrl\":\"https:\\\/\\\/www.cgfmanet.org\\\/wp-content\\\/uploads\\\/2025\\\/12\\\/Dipinto-Troncatti-Darfo.jpg\",\"width\":1200,\"height\":800},{\"@type\":\"BreadcrumbList\",\"@id\":\"https:\\\/\\\/www.cgfmanet.org\\\/es\\\/ifma-es\\\/santa-maria-troncatti-en-la-escalinata-de-los-santos-brescianos\\\/#breadcrumb\",\"itemListElement\":[{\"@type\":\"ListItem\",\"position\":1,\"name\":\"Home\",\"item\":\"https:\\\/\\\/www.cgfmanet.org\\\/es\\\/\"},{\"@type\":\"ListItem\",\"position\":2,\"name\":\"Santa Maria Troncatti en la &#8220;Escalinata de los Santos&#8221; brescianos\"}]},{\"@type\":\"WebSite\",\"@id\":\"https:\\\/\\\/www.cgfmanet.org\\\/es\\\/#website\",\"url\":\"https:\\\/\\\/www.cgfmanet.org\\\/es\\\/\",\"name\":\"Istituto Figlie di Maria Ausiliatrice\",\"description\":\"Salesiane di Don Bosco\",\"publisher\":{\"@id\":\"https:\\\/\\\/www.cgfmanet.org\\\/es\\\/#organization\"},\"potentialAction\":[{\"@type\":\"SearchAction\",\"target\":{\"@type\":\"EntryPoint\",\"urlTemplate\":\"https:\\\/\\\/www.cgfmanet.org\\\/es\\\/?s={search_term_string}\"},\"query-input\":{\"@type\":\"PropertyValueSpecification\",\"valueRequired\":true,\"valueName\":\"search_term_string\"}}],\"inLanguage\":\"es\"},{\"@type\":\"Organization\",\"@id\":\"https:\\\/\\\/www.cgfmanet.org\\\/es\\\/#organization\",\"name\":\"Istituto Figlie di Maria Ausiliatrice\",\"url\":\"https:\\\/\\\/www.cgfmanet.org\\\/es\\\/\",\"logo\":{\"@type\":\"ImageObject\",\"inLanguage\":\"es\",\"@id\":\"https:\\\/\\\/www.cgfmanet.org\\\/es\\\/#\\\/schema\\\/logo\\\/image\\\/\",\"url\":\"https:\\\/\\\/www.cgfmanet.org\\\/wp-content\\\/uploads\\\/2018\\\/10\\\/logo-fma.png\",\"contentUrl\":\"https:\\\/\\\/www.cgfmanet.org\\\/wp-content\\\/uploads\\\/2018\\\/10\\\/logo-fma.png\",\"width\":214,\"height\":55,\"caption\":\"Istituto Figlie di Maria Ausiliatrice\"},\"image\":{\"@id\":\"https:\\\/\\\/www.cgfmanet.org\\\/es\\\/#\\\/schema\\\/logo\\\/image\\\/\"},\"sameAs\":[\"https:\\\/\\\/www.facebook.com\\\/salesian.sisters.of.don.bosco\\\/\",\"https:\\\/\\\/x.com\\\/Cgfmanet_Org\",\"https:\\\/\\\/www.youtube.com\\\/channel\\\/UCmcr8yFQBV7JXeXVxyV9y5Q\"]},{\"@type\":\"Person\",\"@id\":\"https:\\\/\\\/www.cgfmanet.org\\\/es\\\/#\\\/schema\\\/person\\\/ce6473083f53ef0ef882cca23f0c8fb9\",\"name\":\"Redazione\"}]}<\/script>\n<!-- \/ Yoast SEO plugin. -->","yoast_head_json":{"title":"Santa Maria Troncatti en la \"Escalinata de los Santos\" brescianos &#8226; Istituto Figlie di Maria Ausiliatrice","description":"El 13 de diciembre de 2025, en la parroquia de Darfo Boario Terme, Brescia, fue bendecido el cuadro de Santa Mar\u00eda Troncatti ubicado en la escalinata de los Santos brescianos.","robots":{"index":"index","follow":"follow","max-snippet":"max-snippet:-1","max-image-preview":"max-image-preview:large","max-video-preview":"max-video-preview:-1"},"canonical":"https:\/\/www.cgfmanet.org\/es\/ifma-es\/santa-maria-troncatti-en-la-escalinata-de-los-santos-brescianos\/","og_locale":"es_ES","og_type":"article","og_title":"Santa Maria Troncatti en la \"Escalinata de los Santos\" brescianos &#8226; Istituto Figlie di Maria Ausiliatrice","og_description":"El 13 de diciembre de 2025, en la parroquia de Darfo Boario Terme, Brescia, fue bendecido el cuadro de Santa Mar\u00eda Troncatti ubicado en la escalinata de los Santos brescianos.","og_url":"https:\/\/www.cgfmanet.org\/es\/ifma-es\/santa-maria-troncatti-en-la-escalinata-de-los-santos-brescianos\/","og_site_name":"Istituto Figlie di Maria Ausiliatrice","article_publisher":"https:\/\/www.facebook.com\/salesian.sisters.of.don.bosco\/","article_published_time":"2025-12-16T10:50:16+00:00","article_modified_time":"2025-12-17T16:35:50+00:00","og_image":[{"width":1200,"height":800,"url":"https:\/\/www.cgfmanet.org\/wp-content\/uploads\/2025\/12\/Dipinto-Troncatti-Darfo.jpg","type":"image\/jpeg"}],"author":"Redazione","twitter_card":"summary_large_image","twitter_creator":"@Cgfmanet_Org","twitter_site":"@Cgfmanet_Org","twitter_misc":{"Escrito por":"Redazione","Tiempo de lectura":"2 minutos"},"schema":{"@context":"https:\/\/schema.org","@graph":[{"@type":"Article","@id":"https:\/\/www.cgfmanet.org\/es\/ifma-es\/santa-maria-troncatti-en-la-escalinata-de-los-santos-brescianos\/#article","isPartOf":{"@id":"https:\/\/www.cgfmanet.org\/es\/ifma-es\/santa-maria-troncatti-en-la-escalinata-de-los-santos-brescianos\/"},"author":{"name":"Redazione","@id":"https:\/\/www.cgfmanet.org\/es\/#\/schema\/person\/ce6473083f53ef0ef882cca23f0c8fb9"},"headline":"Santa Maria Troncatti en la \u00abEscalinata de los Santos\u00bb brescianos","datePublished":"2025-12-16T10:50:16+00:00","dateModified":"2025-12-17T16:35:50+00:00","mainEntityOfPage":{"@id":"https:\/\/www.cgfmanet.org\/es\/ifma-es\/santa-maria-troncatti-en-la-escalinata-de-los-santos-brescianos\/"},"wordCount":345,"commentCount":1,"publisher":{"@id":"https:\/\/www.cgfmanet.org\/es\/#organization"},"image":{"@id":"https:\/\/www.cgfmanet.org\/es\/ifma-es\/santa-maria-troncatti-en-la-escalinata-de-los-santos-brescianos\/#primaryimage"},"thumbnailUrl":"https:\/\/www.cgfmanet.org\/wp-content\/uploads\/2025\/12\/Dipinto-Troncatti-Darfo.jpg","keywords":["Santidad Salesiana","Maria Troncatti","Focus"],"articleSection":["150\u00b0 Misiones FMA","IFMA"],"inLanguage":"es","potentialAction":[{"@type":"CommentAction","name":"Comment","target":["https:\/\/www.cgfmanet.org\/es\/ifma-es\/santa-maria-troncatti-en-la-escalinata-de-los-santos-brescianos\/#respond"]}]},{"@type":"WebPage","@id":"https:\/\/www.cgfmanet.org\/es\/ifma-es\/santa-maria-troncatti-en-la-escalinata-de-los-santos-brescianos\/","url":"https:\/\/www.cgfmanet.org\/es\/ifma-es\/santa-maria-troncatti-en-la-escalinata-de-los-santos-brescianos\/","name":"Santa Maria Troncatti en la \"Escalinata de los Santos\" brescianos &#8226; Istituto Figlie di Maria Ausiliatrice","isPartOf":{"@id":"https:\/\/www.cgfmanet.org\/es\/#website"},"primaryImageOfPage":{"@id":"https:\/\/www.cgfmanet.org\/es\/ifma-es\/santa-maria-troncatti-en-la-escalinata-de-los-santos-brescianos\/#primaryimage"},"image":{"@id":"https:\/\/www.cgfmanet.org\/es\/ifma-es\/santa-maria-troncatti-en-la-escalinata-de-los-santos-brescianos\/#primaryimage"},"thumbnailUrl":"https:\/\/www.cgfmanet.org\/wp-content\/uploads\/2025\/12\/Dipinto-Troncatti-Darfo.jpg","datePublished":"2025-12-16T10:50:16+00:00","dateModified":"2025-12-17T16:35:50+00:00","description":"El 13 de diciembre de 2025, en la parroquia de Darfo Boario Terme, Brescia, fue bendecido el cuadro de Santa Mar\u00eda Troncatti ubicado en la escalinata de los Santos brescianos.","breadcrumb":{"@id":"https:\/\/www.cgfmanet.org\/es\/ifma-es\/santa-maria-troncatti-en-la-escalinata-de-los-santos-brescianos\/#breadcrumb"},"inLanguage":"es","potentialAction":[{"@type":"ReadAction","target":["https:\/\/www.cgfmanet.org\/es\/ifma-es\/santa-maria-troncatti-en-la-escalinata-de-los-santos-brescianos\/"]}]},{"@type":"ImageObject","inLanguage":"es","@id":"https:\/\/www.cgfmanet.org\/es\/ifma-es\/santa-maria-troncatti-en-la-escalinata-de-los-santos-brescianos\/#primaryimage","url":"https:\/\/www.cgfmanet.org\/wp-content\/uploads\/2025\/12\/Dipinto-Troncatti-Darfo.jpg","contentUrl":"https:\/\/www.cgfmanet.org\/wp-content\/uploads\/2025\/12\/Dipinto-Troncatti-Darfo.jpg","width":1200,"height":800},{"@type":"BreadcrumbList","@id":"https:\/\/www.cgfmanet.org\/es\/ifma-es\/santa-maria-troncatti-en-la-escalinata-de-los-santos-brescianos\/#breadcrumb","itemListElement":[{"@type":"ListItem","position":1,"name":"Home","item":"https:\/\/www.cgfmanet.org\/es\/"},{"@type":"ListItem","position":2,"name":"Santa Maria Troncatti en la &#8220;Escalinata de los Santos&#8221; brescianos"}]},{"@type":"WebSite","@id":"https:\/\/www.cgfmanet.org\/es\/#website","url":"https:\/\/www.cgfmanet.org\/es\/","name":"Istituto Figlie di Maria Ausiliatrice","description":"Salesiane di Don Bosco","publisher":{"@id":"https:\/\/www.cgfmanet.org\/es\/#organization"},"potentialAction":[{"@type":"SearchAction","target":{"@type":"EntryPoint","urlTemplate":"https:\/\/www.cgfmanet.org\/es\/?s={search_term_string}"},"query-input":{"@type":"PropertyValueSpecification","valueRequired":true,"valueName":"search_term_string"}}],"inLanguage":"es"},{"@type":"Organization","@id":"https:\/\/www.cgfmanet.org\/es\/#organization","name":"Istituto Figlie di Maria Ausiliatrice","url":"https:\/\/www.cgfmanet.org\/es\/","logo":{"@type":"ImageObject","inLanguage":"es","@id":"https:\/\/www.cgfmanet.org\/es\/#\/schema\/logo\/image\/","url":"https:\/\/www.cgfmanet.org\/wp-content\/uploads\/2018\/10\/logo-fma.png","contentUrl":"https:\/\/www.cgfmanet.org\/wp-content\/uploads\/2018\/10\/logo-fma.png","width":214,"height":55,"caption":"Istituto Figlie di Maria Ausiliatrice"},"image":{"@id":"https:\/\/www.cgfmanet.org\/es\/#\/schema\/logo\/image\/"},"sameAs":["https:\/\/www.facebook.com\/salesian.sisters.of.don.bosco\/","https:\/\/x.com\/Cgfmanet_Org","https:\/\/www.youtube.com\/channel\/UCmcr8yFQBV7JXeXVxyV9y5Q"]},{"@type":"Person","@id":"https:\/\/www.cgfmanet.org\/es\/#\/schema\/person\/ce6473083f53ef0ef882cca23f0c8fb9","name":"Redazione"}]}},"_links":{"self":[{"href":"https:\/\/www.cgfmanet.org\/es\/wp-json\/wp\/v2\/posts\/149580","targetHints":{"allow":["GET"]}}],"collection":[{"href":"https:\/\/www.cgfmanet.org\/es\/wp-json\/wp\/v2\/posts"}],"about":[{"href":"https:\/\/www.cgfmanet.org\/es\/wp-json\/wp\/v2\/types\/post"}],"author":[{"embeddable":true,"href":"https:\/\/www.cgfmanet.org\/es\/wp-json\/wp\/v2\/users\/21"}],"replies":[{"embeddable":true,"href":"https:\/\/www.cgfmanet.org\/es\/wp-json\/wp\/v2\/comments?post=149580"}],"version-history":[{"count":3,"href":"https:\/\/www.cgfmanet.org\/es\/wp-json\/wp\/v2\/posts\/149580\/revisions"}],"predecessor-version":[{"id":149608,"href":"https:\/\/www.cgfmanet.org\/es\/wp-json\/wp\/v2\/posts\/149580\/revisions\/149608"}],"wp:featuredmedia":[{"embeddable":true,"href":"https:\/\/www.cgfmanet.org\/es\/wp-json\/wp\/v2\/media\/149545"}],"wp:attachment":[{"href":"https:\/\/www.cgfmanet.org\/es\/wp-json\/wp\/v2\/media?parent=149580"}],"wp:term":[{"taxonomy":"category","embeddable":true,"href":"https:\/\/www.cgfmanet.org\/es\/wp-json\/wp\/v2\/categories?post=149580"},{"taxonomy":"post_tag","embeddable":true,"href":"https:\/\/www.cgfmanet.org\/es\/wp-json\/wp\/v2\/tags?post=149580"}],"curies":[{"name":"wp","href":"https:\/\/api.w.org\/{rel}","templated":true}]}}