{"id":14938,"date":"2019-11-21T10:55:13","date_gmt":"2019-11-21T09:55:13","guid":{"rendered":"https:\/\/www.cgfmanet.org\/infoesfera\/nuova-comunita-migranti-messico\/"},"modified":"2019-12-15T15:00:54","modified_gmt":"2019-12-15T14:00:54","slug":"nueva-comunidad-en-favor-de-los-migrantes-en-mexico","status":"publish","type":"post","link":"https:\/\/www.cgfmanet.org\/es\/ifma-es\/presencia-obras\/nueva-comunidad-en-favor-de-los-migrantes-en-mexico\/","title":{"rendered":"Apertura nueva comunidad en favor de los migrantes en Mexico"},"content":{"rendered":"<p><strong>(Nuevo Le\u00f3n, Mexico).<\/strong> Con la presencia de Madre Yvonne Reungoat, superiora del Instituto de las Hijas de Mar\u00eda Auxiliadora, el 18 de noviembre se llev\u00f3 a cabo la bendici\u00f3n de una nueva comunidad internacional en favor de los migrantes en la <a href=\"https:\/\/www.cgfmanet.org\/ifma\/presenza-opere\/50-ispettoria-mmo\/\"><em>Inspector\u00eda Mater Ecclesiae<\/em><\/a> (MMO). Es la realizaci\u00f3n de un sue\u00f1o que ha impulsado directamente Madre Yvonne y ha puesto en discernimiento y b\u00fasqueda a dos conferencias interinspectoriales: CIMAC NAC, pero a 13 naciones que la conforman. La Comunidad lleva por nombre \u201c<em>Sagrada Familia<\/em>\u201d fue y bendecida por el Sacerdote diocesano Luis Eduardo Zavala, representante legal de \u201c<a href=\"https:\/\/www.casamonarca.org.mx\/\" target=\"_blank\" rel=\"noopener noreferrer\">Casa Monarca<\/a>\u201d, ayuda humanitaria al migrante.<\/p>\n<p>La apertura de esta comunidad nos llena de alegr\u00eda por ser un signo concreto de nuestra opci\u00f3n por el trabajo con los m\u00e1s vulnerables y necesitados de nuestra sociedad: los migrantes. En su discurso, el Padre Luis Eduardo expres\u00f3 la necesidad de trabajar por nuestros hermanos migrantes, viendo en ellos al Cristo necesitado de nuestro tiempo. Madre Yvonne, expresando su alegr\u00eda y emoci\u00f3n, invitaba a las hermanas que constituyen esta comunidad a trabajar por los m\u00e1s necesitados y a dar un buen testimonio, siempre desde el carisma que nos caracteriza, llev\u00e1ndolo a la pr\u00e1ctica, adem\u00e1s de ofrecer su oraci\u00f3n y la de todo el Instituto. Su sola presencia, dijo, es un signo de la opci\u00f3n que ha hecho el Instituto por este trabajo en red por los migrantes.<\/p>\n<p>Sor Ana Cristina Chavira, directora de la comunidad, Sor Nilsa Gonz\u00e1lez, proveniente de Puerto Rico y Sor In\u00e9s Berrios de Nicaragua, se mostraron contentas y emocionadas ante la apertura de la que desde ahora ser\u00e1 su comunidad y en la que podr\u00e1n trabajar en favor de los m\u00e1s pobres.<\/p>\n<p>A la bendici\u00f3n asistieron las comunidades vecinas de Monterrey y Coahuila y celebraron junto con Madre Yvonne, Sor Leonor Guadalupe Salazar, inspectora de Mater Ecclesiae (MMO) y Sor Guadalupe Torres, inspectora de Nuestra Se\u00f1ora de Guadalupe (MME) la apertura e inicio de esta nueva comunidad.<\/p>\n<p>La casa se encuentra en el municipio de Santa Catarina, (Nuevo Le\u00f3n, M\u00e9xico) cerca de Casa Monarca, ayuda humanitaria al migrante, lugar en el que estar\u00e1n trabajando muy de cerca las hermanas, gracias al convenio que pr\u00f3ximamente se firmar\u00e1 con la di\u00f3cesis de Monterrey.<\/p>\n<p>Acoger, proteger, promover e integrar son los verbos que se mencionaron en distintas ocasiones para explicar el trabajo que se realiza tanto en Casa Monarca, como el que llevar\u00e1n a cabo las hermanas de esta comunidad. Para finalizar, el Padre Luis Eduardo, les entreg\u00f3 un signo a las integrantes de esta nueva comunidad, una mariposa monarca, para recordarles su misi\u00f3n, que, aunque es dif\u00edcil, ser\u00e1 muy gratificante y las llenar\u00e1 de alegr\u00eda.<\/p>\n<p><a href=\"https:\/\/www.cgfmanet.org\/wp-content\/uploads\/2019\/11\/messico-2.jpg\"><img decoding=\"async\" class=\"aligncenter wp-image-14923 size-full lazyload\" data-src=\"https:\/\/www.cgfmanet.org\/wp-content\/uploads\/2019\/11\/messico-2.jpg\" alt=\"\" width=\"1152\" height=\"864\" data-srcset=\"https:\/\/www.cgfmanet.org\/wp-content\/uploads\/2019\/11\/messico-2.jpg 1152w, https:\/\/www.cgfmanet.org\/wp-content\/uploads\/2019\/11\/messico-2-768x576.jpg 768w, https:\/\/www.cgfmanet.org\/wp-content\/uploads\/2019\/11\/messico-2-80x60.jpg 80w, https:\/\/www.cgfmanet.org\/wp-content\/uploads\/2019\/11\/messico-2-265x198.jpg 265w, https:\/\/www.cgfmanet.org\/wp-content\/uploads\/2019\/11\/messico-2-696x522.jpg 696w, https:\/\/www.cgfmanet.org\/wp-content\/uploads\/2019\/11\/messico-2-560x420.jpg 560w\" data-sizes=\"auto\" src=\"data:image\/svg+xml;base64,PHN2ZyB3aWR0aD0iMSIgaGVpZ2h0PSIxIiB4bWxucz0iaHR0cDovL3d3dy53My5vcmcvMjAwMC9zdmciPjwvc3ZnPg==\" style=\"--smush-placeholder-width: 1152px; --smush-placeholder-aspect-ratio: 1152\/864;\" data-original-sizes=\"(max-width: 1152px) 100vw, 1152px\" \/><\/a><\/p>\n","protected":false},"excerpt":{"rendered":"<p>El 18 de noviembre 2019 se llev\u00f3 a cabo la bendici\u00f3n de una nueva comunidad internacional en favor de los migrantes en la Inspector\u00eda Mater Ecclesiae (MMO).<\/p>\n","protected":false},"author":21,"featured_media":14922,"comment_status":"open","ping_status":"closed","sticky":false,"template":"","format":"standard","meta":{"footnotes":""},"categories":[158,186],"tags":[371,375,386,1269,1931],"class_list":["post-14938","post","type-post","status-publish","format-standard","has-post-thumbnail","category-ifma-es","category-presencia-obras","tag-madre-general","tag-madre-yvonne-reungoat-es","tag-migraciones","tag-mmo-es","tag-focus-es"],"yoast_head":"<!-- This site is optimized with the Yoast SEO plugin v27.4 - https:\/\/yoast.com\/product\/yoast-seo-wordpress\/ -->\n<title>Apertura nueva comunidad en favor de los migrantes en Mexico &#8226; Istituto Figlie di Maria Ausiliatrice<\/title>\n<meta name=\"description\" content=\"Il 18 novembre \u00e8 stata inaugurata la nuova comunit\u00e0 internazionale a favore dei migranti nell\u2019Ispettoria Mater Ecclesiae (MMO).\" \/>\n<meta name=\"robots\" content=\"index, follow, max-snippet:-1, max-image-preview:large, max-video-preview:-1\" \/>\n<link rel=\"canonical\" href=\"https:\/\/www.cgfmanet.org\/es\/ifma-es\/presencia-obras\/nueva-comunidad-en-favor-de-los-migrantes-en-mexico\/\" \/>\n<meta property=\"og:locale\" content=\"es_ES\" \/>\n<meta property=\"og:type\" content=\"article\" \/>\n<meta property=\"og:title\" content=\"Apertura nueva comunidad en favor de los migrantes en Mexico &#8226; Istituto Figlie di Maria Ausiliatrice\" \/>\n<meta property=\"og:description\" content=\"Il 18 novembre \u00e8 stata inaugurata la nuova comunit\u00e0 internazionale a favore dei migranti nell\u2019Ispettoria Mater Ecclesiae (MMO).\" \/>\n<meta property=\"og:url\" content=\"https:\/\/www.cgfmanet.org\/es\/ifma-es\/presencia-obras\/nueva-comunidad-en-favor-de-los-migrantes-en-mexico\/\" \/>\n<meta property=\"og:site_name\" content=\"Istituto Figlie di Maria Ausiliatrice\" \/>\n<meta property=\"article:publisher\" content=\"https:\/\/www.facebook.com\/salesian.sisters.of.don.bosco\/\" \/>\n<meta property=\"article:published_time\" content=\"2019-11-21T09:55:13+00:00\" \/>\n<meta property=\"article:modified_time\" content=\"2019-12-15T14:00:54+00:00\" \/>\n<meta property=\"og:image\" content=\"https:\/\/www.cgfmanet.org\/wp-content\/uploads\/2019\/11\/messico1.jpg\" \/>\n\t<meta property=\"og:image:width\" content=\"1152\" \/>\n\t<meta property=\"og:image:height\" content=\"864\" \/>\n\t<meta property=\"og:image:type\" content=\"image\/jpeg\" \/>\n<meta name=\"author\" content=\"Redazione\" \/>\n<meta name=\"twitter:card\" content=\"summary_large_image\" \/>\n<meta name=\"twitter:creator\" content=\"@Cgfmanet_Org\" \/>\n<meta name=\"twitter:site\" content=\"@Cgfmanet_Org\" \/>\n<meta name=\"twitter:label1\" content=\"Escrito por\" \/>\n\t<meta name=\"twitter:data1\" content=\"Redazione\" \/>\n\t<meta name=\"twitter:label2\" content=\"Tiempo de lectura\" \/>\n\t<meta name=\"twitter:data2\" content=\"2 minutos\" \/>\n<script type=\"application\/ld+json\" class=\"yoast-schema-graph\">{\"@context\":\"https:\\\/\\\/schema.org\",\"@graph\":[{\"@type\":\"Article\",\"@id\":\"https:\\\/\\\/www.cgfmanet.org\\\/es\\\/ifma-es\\\/presencia-obras\\\/nueva-comunidad-en-favor-de-los-migrantes-en-mexico\\\/#article\",\"isPartOf\":{\"@id\":\"https:\\\/\\\/www.cgfmanet.org\\\/es\\\/ifma-es\\\/presencia-obras\\\/nueva-comunidad-en-favor-de-los-migrantes-en-mexico\\\/\"},\"author\":{\"name\":\"Redazione\",\"@id\":\"https:\\\/\\\/www.cgfmanet.org\\\/es\\\/#\\\/schema\\\/person\\\/ce6473083f53ef0ef882cca23f0c8fb9\"},\"headline\":\"Apertura nueva comunidad en favor de los migrantes en Mexico\",\"datePublished\":\"2019-11-21T09:55:13+00:00\",\"dateModified\":\"2019-12-15T14:00:54+00:00\",\"mainEntityOfPage\":{\"@id\":\"https:\\\/\\\/www.cgfmanet.org\\\/es\\\/ifma-es\\\/presencia-obras\\\/nueva-comunidad-en-favor-de-los-migrantes-en-mexico\\\/\"},\"wordCount\":482,\"commentCount\":0,\"publisher\":{\"@id\":\"https:\\\/\\\/www.cgfmanet.org\\\/es\\\/#organization\"},\"image\":{\"@id\":\"https:\\\/\\\/www.cgfmanet.org\\\/es\\\/ifma-es\\\/presencia-obras\\\/nueva-comunidad-en-favor-de-los-migrantes-en-mexico\\\/#primaryimage\"},\"thumbnailUrl\":\"https:\\\/\\\/www.cgfmanet.org\\\/wp-content\\\/uploads\\\/2019\\\/11\\\/messico1.jpg\",\"keywords\":[\"Madre General\",\"Madre Yvonne Reungoat\",\"Migraciones\",\"MMO\",\"Focus\"],\"articleSection\":[\"IFMA\",\"Presencia y Obras\"],\"inLanguage\":\"es\",\"potentialAction\":[{\"@type\":\"CommentAction\",\"name\":\"Comment\",\"target\":[\"https:\\\/\\\/www.cgfmanet.org\\\/es\\\/ifma-es\\\/presencia-obras\\\/nueva-comunidad-en-favor-de-los-migrantes-en-mexico\\\/#respond\"]}]},{\"@type\":\"WebPage\",\"@id\":\"https:\\\/\\\/www.cgfmanet.org\\\/es\\\/ifma-es\\\/presencia-obras\\\/nueva-comunidad-en-favor-de-los-migrantes-en-mexico\\\/\",\"url\":\"https:\\\/\\\/www.cgfmanet.org\\\/es\\\/ifma-es\\\/presencia-obras\\\/nueva-comunidad-en-favor-de-los-migrantes-en-mexico\\\/\",\"name\":\"Apertura nueva comunidad en favor de los migrantes en Mexico &#8226; Istituto Figlie di Maria Ausiliatrice\",\"isPartOf\":{\"@id\":\"https:\\\/\\\/www.cgfmanet.org\\\/es\\\/#website\"},\"primaryImageOfPage\":{\"@id\":\"https:\\\/\\\/www.cgfmanet.org\\\/es\\\/ifma-es\\\/presencia-obras\\\/nueva-comunidad-en-favor-de-los-migrantes-en-mexico\\\/#primaryimage\"},\"image\":{\"@id\":\"https:\\\/\\\/www.cgfmanet.org\\\/es\\\/ifma-es\\\/presencia-obras\\\/nueva-comunidad-en-favor-de-los-migrantes-en-mexico\\\/#primaryimage\"},\"thumbnailUrl\":\"https:\\\/\\\/www.cgfmanet.org\\\/wp-content\\\/uploads\\\/2019\\\/11\\\/messico1.jpg\",\"datePublished\":\"2019-11-21T09:55:13+00:00\",\"dateModified\":\"2019-12-15T14:00:54+00:00\",\"description\":\"Il 18 novembre \u00e8 stata inaugurata la nuova comunit\u00e0 internazionale a favore dei migranti nell\u2019Ispettoria Mater Ecclesiae (MMO).\",\"breadcrumb\":{\"@id\":\"https:\\\/\\\/www.cgfmanet.org\\\/es\\\/ifma-es\\\/presencia-obras\\\/nueva-comunidad-en-favor-de-los-migrantes-en-mexico\\\/#breadcrumb\"},\"inLanguage\":\"es\",\"potentialAction\":[{\"@type\":\"ReadAction\",\"target\":[\"https:\\\/\\\/www.cgfmanet.org\\\/es\\\/ifma-es\\\/presencia-obras\\\/nueva-comunidad-en-favor-de-los-migrantes-en-mexico\\\/\"]}]},{\"@type\":\"ImageObject\",\"inLanguage\":\"es\",\"@id\":\"https:\\\/\\\/www.cgfmanet.org\\\/es\\\/ifma-es\\\/presencia-obras\\\/nueva-comunidad-en-favor-de-los-migrantes-en-mexico\\\/#primaryimage\",\"url\":\"https:\\\/\\\/www.cgfmanet.org\\\/wp-content\\\/uploads\\\/2019\\\/11\\\/messico1.jpg\",\"contentUrl\":\"https:\\\/\\\/www.cgfmanet.org\\\/wp-content\\\/uploads\\\/2019\\\/11\\\/messico1.jpg\",\"width\":1152,\"height\":864},{\"@type\":\"BreadcrumbList\",\"@id\":\"https:\\\/\\\/www.cgfmanet.org\\\/es\\\/ifma-es\\\/presencia-obras\\\/nueva-comunidad-en-favor-de-los-migrantes-en-mexico\\\/#breadcrumb\",\"itemListElement\":[{\"@type\":\"ListItem\",\"position\":1,\"name\":\"Home\",\"item\":\"https:\\\/\\\/www.cgfmanet.org\\\/es\\\/\"},{\"@type\":\"ListItem\",\"position\":2,\"name\":\"Apertura nueva comunidad en favor de los migrantes en Mexico\"}]},{\"@type\":\"WebSite\",\"@id\":\"https:\\\/\\\/www.cgfmanet.org\\\/es\\\/#website\",\"url\":\"https:\\\/\\\/www.cgfmanet.org\\\/es\\\/\",\"name\":\"Istituto Figlie di Maria Ausiliatrice\",\"description\":\"Salesiane di Don Bosco\",\"publisher\":{\"@id\":\"https:\\\/\\\/www.cgfmanet.org\\\/es\\\/#organization\"},\"potentialAction\":[{\"@type\":\"SearchAction\",\"target\":{\"@type\":\"EntryPoint\",\"urlTemplate\":\"https:\\\/\\\/www.cgfmanet.org\\\/es\\\/?s={search_term_string}\"},\"query-input\":{\"@type\":\"PropertyValueSpecification\",\"valueRequired\":true,\"valueName\":\"search_term_string\"}}],\"inLanguage\":\"es\"},{\"@type\":\"Organization\",\"@id\":\"https:\\\/\\\/www.cgfmanet.org\\\/es\\\/#organization\",\"name\":\"Istituto Figlie di Maria Ausiliatrice\",\"url\":\"https:\\\/\\\/www.cgfmanet.org\\\/es\\\/\",\"logo\":{\"@type\":\"ImageObject\",\"inLanguage\":\"es\",\"@id\":\"https:\\\/\\\/www.cgfmanet.org\\\/es\\\/#\\\/schema\\\/logo\\\/image\\\/\",\"url\":\"https:\\\/\\\/www.cgfmanet.org\\\/wp-content\\\/uploads\\\/2018\\\/10\\\/logo-fma.png\",\"contentUrl\":\"https:\\\/\\\/www.cgfmanet.org\\\/wp-content\\\/uploads\\\/2018\\\/10\\\/logo-fma.png\",\"width\":214,\"height\":55,\"caption\":\"Istituto Figlie di Maria Ausiliatrice\"},\"image\":{\"@id\":\"https:\\\/\\\/www.cgfmanet.org\\\/es\\\/#\\\/schema\\\/logo\\\/image\\\/\"},\"sameAs\":[\"https:\\\/\\\/www.facebook.com\\\/salesian.sisters.of.don.bosco\\\/\",\"https:\\\/\\\/x.com\\\/Cgfmanet_Org\",\"https:\\\/\\\/www.youtube.com\\\/channel\\\/UCmcr8yFQBV7JXeXVxyV9y5Q\"]},{\"@type\":\"Person\",\"@id\":\"https:\\\/\\\/www.cgfmanet.org\\\/es\\\/#\\\/schema\\\/person\\\/ce6473083f53ef0ef882cca23f0c8fb9\",\"name\":\"Redazione\"}]}<\/script>\n<!-- \/ Yoast SEO plugin. -->","yoast_head_json":{"title":"Apertura nueva comunidad en favor de los migrantes en Mexico &#8226; Istituto Figlie di Maria Ausiliatrice","description":"Il 18 novembre \u00e8 stata inaugurata la nuova comunit\u00e0 internazionale a favore dei migranti nell\u2019Ispettoria Mater Ecclesiae (MMO).","robots":{"index":"index","follow":"follow","max-snippet":"max-snippet:-1","max-image-preview":"max-image-preview:large","max-video-preview":"max-video-preview:-1"},"canonical":"https:\/\/www.cgfmanet.org\/es\/ifma-es\/presencia-obras\/nueva-comunidad-en-favor-de-los-migrantes-en-mexico\/","og_locale":"es_ES","og_type":"article","og_title":"Apertura nueva comunidad en favor de los migrantes en Mexico &#8226; Istituto Figlie di Maria Ausiliatrice","og_description":"Il 18 novembre \u00e8 stata inaugurata la nuova comunit\u00e0 internazionale a favore dei migranti nell\u2019Ispettoria Mater Ecclesiae (MMO).","og_url":"https:\/\/www.cgfmanet.org\/es\/ifma-es\/presencia-obras\/nueva-comunidad-en-favor-de-los-migrantes-en-mexico\/","og_site_name":"Istituto Figlie di Maria Ausiliatrice","article_publisher":"https:\/\/www.facebook.com\/salesian.sisters.of.don.bosco\/","article_published_time":"2019-11-21T09:55:13+00:00","article_modified_time":"2019-12-15T14:00:54+00:00","og_image":[{"width":1152,"height":864,"url":"https:\/\/www.cgfmanet.org\/wp-content\/uploads\/2019\/11\/messico1.jpg","type":"image\/jpeg"}],"author":"Redazione","twitter_card":"summary_large_image","twitter_creator":"@Cgfmanet_Org","twitter_site":"@Cgfmanet_Org","twitter_misc":{"Escrito por":"Redazione","Tiempo de lectura":"2 minutos"},"schema":{"@context":"https:\/\/schema.org","@graph":[{"@type":"Article","@id":"https:\/\/www.cgfmanet.org\/es\/ifma-es\/presencia-obras\/nueva-comunidad-en-favor-de-los-migrantes-en-mexico\/#article","isPartOf":{"@id":"https:\/\/www.cgfmanet.org\/es\/ifma-es\/presencia-obras\/nueva-comunidad-en-favor-de-los-migrantes-en-mexico\/"},"author":{"name":"Redazione","@id":"https:\/\/www.cgfmanet.org\/es\/#\/schema\/person\/ce6473083f53ef0ef882cca23f0c8fb9"},"headline":"Apertura nueva comunidad en favor de los migrantes en Mexico","datePublished":"2019-11-21T09:55:13+00:00","dateModified":"2019-12-15T14:00:54+00:00","mainEntityOfPage":{"@id":"https:\/\/www.cgfmanet.org\/es\/ifma-es\/presencia-obras\/nueva-comunidad-en-favor-de-los-migrantes-en-mexico\/"},"wordCount":482,"commentCount":0,"publisher":{"@id":"https:\/\/www.cgfmanet.org\/es\/#organization"},"image":{"@id":"https:\/\/www.cgfmanet.org\/es\/ifma-es\/presencia-obras\/nueva-comunidad-en-favor-de-los-migrantes-en-mexico\/#primaryimage"},"thumbnailUrl":"https:\/\/www.cgfmanet.org\/wp-content\/uploads\/2019\/11\/messico1.jpg","keywords":["Madre General","Madre Yvonne Reungoat","Migraciones","MMO","Focus"],"articleSection":["IFMA","Presencia y Obras"],"inLanguage":"es","potentialAction":[{"@type":"CommentAction","name":"Comment","target":["https:\/\/www.cgfmanet.org\/es\/ifma-es\/presencia-obras\/nueva-comunidad-en-favor-de-los-migrantes-en-mexico\/#respond"]}]},{"@type":"WebPage","@id":"https:\/\/www.cgfmanet.org\/es\/ifma-es\/presencia-obras\/nueva-comunidad-en-favor-de-los-migrantes-en-mexico\/","url":"https:\/\/www.cgfmanet.org\/es\/ifma-es\/presencia-obras\/nueva-comunidad-en-favor-de-los-migrantes-en-mexico\/","name":"Apertura nueva comunidad en favor de los migrantes en Mexico &#8226; Istituto Figlie di Maria Ausiliatrice","isPartOf":{"@id":"https:\/\/www.cgfmanet.org\/es\/#website"},"primaryImageOfPage":{"@id":"https:\/\/www.cgfmanet.org\/es\/ifma-es\/presencia-obras\/nueva-comunidad-en-favor-de-los-migrantes-en-mexico\/#primaryimage"},"image":{"@id":"https:\/\/www.cgfmanet.org\/es\/ifma-es\/presencia-obras\/nueva-comunidad-en-favor-de-los-migrantes-en-mexico\/#primaryimage"},"thumbnailUrl":"https:\/\/www.cgfmanet.org\/wp-content\/uploads\/2019\/11\/messico1.jpg","datePublished":"2019-11-21T09:55:13+00:00","dateModified":"2019-12-15T14:00:54+00:00","description":"Il 18 novembre \u00e8 stata inaugurata la nuova comunit\u00e0 internazionale a favore dei migranti nell\u2019Ispettoria Mater Ecclesiae (MMO).","breadcrumb":{"@id":"https:\/\/www.cgfmanet.org\/es\/ifma-es\/presencia-obras\/nueva-comunidad-en-favor-de-los-migrantes-en-mexico\/#breadcrumb"},"inLanguage":"es","potentialAction":[{"@type":"ReadAction","target":["https:\/\/www.cgfmanet.org\/es\/ifma-es\/presencia-obras\/nueva-comunidad-en-favor-de-los-migrantes-en-mexico\/"]}]},{"@type":"ImageObject","inLanguage":"es","@id":"https:\/\/www.cgfmanet.org\/es\/ifma-es\/presencia-obras\/nueva-comunidad-en-favor-de-los-migrantes-en-mexico\/#primaryimage","url":"https:\/\/www.cgfmanet.org\/wp-content\/uploads\/2019\/11\/messico1.jpg","contentUrl":"https:\/\/www.cgfmanet.org\/wp-content\/uploads\/2019\/11\/messico1.jpg","width":1152,"height":864},{"@type":"BreadcrumbList","@id":"https:\/\/www.cgfmanet.org\/es\/ifma-es\/presencia-obras\/nueva-comunidad-en-favor-de-los-migrantes-en-mexico\/#breadcrumb","itemListElement":[{"@type":"ListItem","position":1,"name":"Home","item":"https:\/\/www.cgfmanet.org\/es\/"},{"@type":"ListItem","position":2,"name":"Apertura nueva comunidad en favor de los migrantes en Mexico"}]},{"@type":"WebSite","@id":"https:\/\/www.cgfmanet.org\/es\/#website","url":"https:\/\/www.cgfmanet.org\/es\/","name":"Istituto Figlie di Maria Ausiliatrice","description":"Salesiane di Don Bosco","publisher":{"@id":"https:\/\/www.cgfmanet.org\/es\/#organization"},"potentialAction":[{"@type":"SearchAction","target":{"@type":"EntryPoint","urlTemplate":"https:\/\/www.cgfmanet.org\/es\/?s={search_term_string}"},"query-input":{"@type":"PropertyValueSpecification","valueRequired":true,"valueName":"search_term_string"}}],"inLanguage":"es"},{"@type":"Organization","@id":"https:\/\/www.cgfmanet.org\/es\/#organization","name":"Istituto Figlie di Maria Ausiliatrice","url":"https:\/\/www.cgfmanet.org\/es\/","logo":{"@type":"ImageObject","inLanguage":"es","@id":"https:\/\/www.cgfmanet.org\/es\/#\/schema\/logo\/image\/","url":"https:\/\/www.cgfmanet.org\/wp-content\/uploads\/2018\/10\/logo-fma.png","contentUrl":"https:\/\/www.cgfmanet.org\/wp-content\/uploads\/2018\/10\/logo-fma.png","width":214,"height":55,"caption":"Istituto Figlie di Maria Ausiliatrice"},"image":{"@id":"https:\/\/www.cgfmanet.org\/es\/#\/schema\/logo\/image\/"},"sameAs":["https:\/\/www.facebook.com\/salesian.sisters.of.don.bosco\/","https:\/\/x.com\/Cgfmanet_Org","https:\/\/www.youtube.com\/channel\/UCmcr8yFQBV7JXeXVxyV9y5Q"]},{"@type":"Person","@id":"https:\/\/www.cgfmanet.org\/es\/#\/schema\/person\/ce6473083f53ef0ef882cca23f0c8fb9","name":"Redazione"}]}},"_links":{"self":[{"href":"https:\/\/www.cgfmanet.org\/es\/wp-json\/wp\/v2\/posts\/14938","targetHints":{"allow":["GET"]}}],"collection":[{"href":"https:\/\/www.cgfmanet.org\/es\/wp-json\/wp\/v2\/posts"}],"about":[{"href":"https:\/\/www.cgfmanet.org\/es\/wp-json\/wp\/v2\/types\/post"}],"author":[{"embeddable":true,"href":"https:\/\/www.cgfmanet.org\/es\/wp-json\/wp\/v2\/users\/21"}],"replies":[{"embeddable":true,"href":"https:\/\/www.cgfmanet.org\/es\/wp-json\/wp\/v2\/comments?post=14938"}],"version-history":[{"count":0,"href":"https:\/\/www.cgfmanet.org\/es\/wp-json\/wp\/v2\/posts\/14938\/revisions"}],"wp:featuredmedia":[{"embeddable":true,"href":"https:\/\/www.cgfmanet.org\/es\/wp-json\/wp\/v2\/media\/14922"}],"wp:attachment":[{"href":"https:\/\/www.cgfmanet.org\/es\/wp-json\/wp\/v2\/media?parent=14938"}],"wp:term":[{"taxonomy":"category","embeddable":true,"href":"https:\/\/www.cgfmanet.org\/es\/wp-json\/wp\/v2\/categories?post=14938"},{"taxonomy":"post_tag","embeddable":true,"href":"https:\/\/www.cgfmanet.org\/es\/wp-json\/wp\/v2\/tags?post=14938"}],"curies":[{"name":"wp","href":"https:\/\/api.w.org\/{rel}","templated":true}]}}