{"id":149127,"date":"2025-12-07T18:13:20","date_gmt":"2025-12-07T17:13:20","guid":{"rendered":"https:\/\/www.cgfmanet.org\/infoesfera\/eco-spiritualita-e-fondamenti-cristiani-ispettoria-irl\/"},"modified":"2025-12-13T22:47:11","modified_gmt":"2025-12-13T21:47:11","slug":"eco-espiritualidad-y-fundamentos-cristianos-inspectoria-irl","status":"publish","type":"post","link":"https:\/\/www.cgfmanet.org\/es\/infoesfera\/ecologia-es\/eco-espiritualidad-y-fundamentos-cristianos-inspectoria-irl\/","title":{"rendered":"Eco-Espiritualidad y Fundamentos Cristianos \u2013 Inspector\u00eda IRL"},"content":{"rendered":"<p><strong>Tipperary (Irlanda).<\/strong> El 22 de noviembre de 2025, en el Centro de Conferencias de Tipperary, el\u00a0<a href=\"https:\/\/www.cgfmanet.org\/es\/infoesfera\/conferencia-sobre-ecologia-integral-irl\/\" target=\"_blank\" rel=\"noopener\"><strong><span style=\"color: #0000ff;\">Grupo Cosmol\u00f3gico<\/span><\/strong><\/a> de las Hijas de Mar\u00eda Auxiliadora de la Inspector\u00eda Ntra. Sra. Reina de Irlanda (IRL) organiz\u00f3 la conferencia de clausura del a\u00f1o.<\/p>\n<p><strong>Eco-Espiritualidad y Fundamentos Cristianos<\/strong> fue el tema de la Conferencia, desarrollado por el Padre Diarmuid O\u2019Murchu, Misionero del Sagrado Coraz\u00f3n de Jes\u00fas (MSC), en la que participaron las FMA de las \u00e1reas de Dubl\u00edn y Limerick, junto con colegas y colaboradores laicos que han recorrido con las FMA un camino de fe para comprender c\u00f3mo el mensaje de Jes\u00fas es perfectamente inclusivo cuando se trata del bienestar de la comunidad que vive en el Planeta Tierra.<\/p>\n<p>En su presentaci\u00f3n, el Padre Diarmuid examin\u00f3 el pasaje b\u00edblico de <strong>G\u00e9nesis 1,1-31<\/strong> como pacto primordial con la creaci\u00f3n. Todo lo que Dios cre\u00f3 era &#8216;bueno&#8217;. La Tierra es un regalo de Dios a Su pueblo. \u00abJes\u00fas afirm\u00f3 claramente que no quer\u00eda llamarnos &#8216;siervos, sino amigos&#8217; (<strong>Jn. 15,15<\/strong>). Estamos invitados a ser co-disc\u00edpulos con \u00e9l y a cuidar de toda la creaci\u00f3n de Dios, teniendo en cuenta los elementos culturales que formaban parte de la realidad de Jes\u00fas\u00bb, afirm\u00f3.<\/p>\n<p>Hablando de c\u00f3mo Jes\u00fas se refiere al t\u00e9rmino <strong>Reino de Dios<\/strong> m\u00e1s de 100 veces, llevando a comprender c\u00f3mo este est\u00e1 en el centro de su mensaje, cit\u00f3 a la te\u00f3loga Hermana Elizabeth Johnson CSJ: \u00abDado que el reino de Dios est\u00e1 particularmente atento a los necesitados y marginados, Jes\u00fas mostr\u00f3 una preferencia por las personas que sufren que hoy podemos interpretar como extendida a toda la tierra y a sus mir\u00edadas de especies y ecosistemas en dificultades. Su ministerio revela la amplitud de la misericordia de Dios que incluye a toda la creaci\u00f3n\u00bb (<em>&#8216;Creation and the Cross&#8217;<\/em>, 2018).<\/p>\n<p>El te\u00f3logo estadounidense Rodger Haight SJ utiliza el t\u00e9rmino \u201creino\u201d en lugar de \u201creino de Dios\u201d afirmando que \u201cel reino de Dios se refiere a la intenci\u00f3n del Creador, al modo en que Dios desea que sea la creaci\u00f3n, en particular la existencia humana en una comunidad que incluye la relaci\u00f3n con la vida m\u00e1s amplia del planeta&#8230; El reino de Dios simboliza el ser atra\u00eddos por el misterio de la intenci\u00f3n de Dios para el universo sobre c\u00f3mo deber\u00edan vivir los seres humanos\u201d (<em>Faith and Evolution<\/em>, 2019).<\/p>\n<p>\u201cJes\u00fas estaba claramente comprometido en cuidar de todos sin excepci\u00f3n\u201d \u2013 explic\u00f3 el ponente \u2013 \u201cSu ministerio se caracteriza por la ruptura de las normas y los l\u00edmites culturales, por la inclusi\u00f3n de todos, independientemente de su estatus social. Su actitud hacia la convivencia en la mesa y la curaci\u00f3n marc\u00f3 su misi\u00f3n. Claramente denunci\u00f3 la religi\u00f3n del imperio, el poder que oprim\u00eda a los pobres y necesitados, pero proclam\u00f3 el reino de Dios a todos aquellos que ten\u00edan el coraz\u00f3n dispuesto a escuchar su Palabra. Sus par\u00e1bolas contin\u00faan ense\u00f1\u00e1ndonos a trav\u00e9s de tres elementos esenciales: la <strong>historia<\/strong>, la <strong>alegor\u00eda<\/strong> (la historia se utiliza para ense\u00f1ar una lecci\u00f3n religiosa) y la <strong>par\u00e1bola<\/strong> (un significado oculto y subversivo que el oyente adulto debe descubrir por s\u00ed mismo)\u201d.<\/p>\n<p>Finalmente, el Padre Diarmuid invit\u00f3 a los\/las participantes a examinar la <strong><span style=\"color: #0000ff;\"><a style=\"color: #0000ff;\" href=\"https:\/\/earthcharter.org\/read-the-earth-charter\/\" target=\"_blank\" rel=\"noopener\">Carta de la Tierra<\/a><\/span><\/strong> \u2013 un documento colectivo que enuncia los valores y principios a trav\u00e9s de los cuales es posible alcanzar un desarrollo sostenible \u2013 acerc\u00e1ndola al primer cap\u00edtulo del G\u00e9nesis, descubriendo c\u00f3mo puede ser un modelo para traducir la eco-espiritualidad en la pr\u00e1ctica diaria para la santificaci\u00f3n y el empoderamiento tanto de las personas como del planeta.<\/p>\n<p>\u201cHagamos al hombre a nuestra imagen y semejanza, y cre\u00f3 Dios al hombre a su imagen, var\u00f3n y mujer los cre\u00f3\u201d (<strong>G\u00e9nesis 1,26-28<\/strong>). \u201cAfirmar el derecho de los pueblos a su espiritualidad, conocimiento, tierra y recursos, y a la pr\u00e1ctica relativa de medios de vida sostenibles\u201d (<strong>Carta de la Tierra 12b<\/strong>) \u201cLa Tierra, nuestro hogar, est\u00e1 animada por una comunidad de vida \u00fanica&#8230; La protecci\u00f3n de la vitalidad, la diversidad y la belleza de la Tierra es una tarea sagrada\u201d (Carta de la Tierra, Pre\u00e1mbulo).<\/p>\n\r\n                <style type=\"text\/css\">\r\n                    \r\n                    #tdi_1  .td-doubleSlider-2 .td-item1 {\r\n                        background: url(https:\/\/www.cgfmanet.org\/wp-content\/uploads\/2025\/12\/Conferenza-IRL_2-80x60.jpg) 0 0 no-repeat;\r\n                    }\r\n                    #tdi_1  .td-doubleSlider-2 .td-item2 {\r\n                        background: url(https:\/\/www.cgfmanet.org\/wp-content\/uploads\/2025\/12\/Conferenza-IRL_3-80x60.jpg) 0 0 no-repeat;\r\n                    }\r\n                <\/style>\r\n\r\n                <div id=\"tdi_1\" class=\"td-gallery td-slide-on-2-columns\">\r\n                    <div class=\"post_td_gallery\">\r\n                        <div class=\"td-gallery-slide-top\">\r\n                           <div class=\"td-gallery-title\"><\/div>\r\n\r\n                            <div class=\"td-gallery-controls-wrapper\">\r\n                                <div class=\"td-gallery-slide-count\"><span class=\"td-gallery-slide-item-focus\">1<\/span> de 2<\/div>\r\n                                <div class=\"td-gallery-slide-prev-next-but\">\r\n                                    <i class = \"td-icon-left doubleSliderPrevButton\"><\/i>\r\n                                    <i class = \"td-icon-right doubleSliderNextButton\"><\/i>\r\n                                <\/div>\r\n                            <\/div>\r\n                        <\/div>\r\n\r\n                        <div class = \"td-doubleSlider-1 \">\r\n                            <div class = \"td-slider\">\r\n                                \r\n                    <div class = \"td-slide-item td-item1\">\r\n                        <figure class=\"td-slide-galery-figure td-slide-popup-gallery\">\r\n                            <a class=\"slide-gallery-image-link\" href=\"https:\/\/www.cgfmanet.org\/wp-content\/uploads\/2025\/12\/Conferenza-IRL_2.jpg\" title=\"Conferenza IRL_2\"  data-caption=\"\"  data-description=\"\">\r\n                                <img decoding=\"async\" data-src=\"https:\/\/www.cgfmanet.org\/wp-content\/uploads\/2025\/12\/Conferenza-IRL_2-630x420.jpg\" data-srcset=\"https:\/\/www.cgfmanet.org\/wp-content\/uploads\/2025\/12\/Conferenza-IRL_2-630x420.jpg 630w, https:\/\/www.cgfmanet.org\/wp-content\/uploads\/2025\/12\/Conferenza-IRL_2-768x512.jpg 768w, https:\/\/www.cgfmanet.org\/wp-content\/uploads\/2025\/12\/Conferenza-IRL_2-696x464.jpg 696w, https:\/\/www.cgfmanet.org\/wp-content\/uploads\/2025\/12\/Conferenza-IRL_2.jpg 1200w\" data-sizes=\"auto\" alt=\"\" src=\"data:image\/svg+xml;base64,PHN2ZyB3aWR0aD0iMSIgaGVpZ2h0PSIxIiB4bWxucz0iaHR0cDovL3d3dy53My5vcmcvMjAwMC9zdmciPjwvc3ZnPg==\" class=\"lazyload\" style=\"--smush-placeholder-width: 630px; --smush-placeholder-aspect-ratio: 630\/420;\" data-original-sizes=\"(max-width: 630px) 100vw, 630px\">\r\n                            <\/a>\r\n                            \r\n                        <\/figure>\r\n                    <\/div>\r\n                    <div class = \"td-slide-item td-item2\">\r\n                        <figure class=\"td-slide-galery-figure td-slide-popup-gallery\">\r\n                            <a class=\"slide-gallery-image-link\" href=\"https:\/\/www.cgfmanet.org\/wp-content\/uploads\/2025\/12\/Conferenza-IRL_3.jpg\" title=\"Conferenza IRL_3\"  data-caption=\"\"  data-description=\"\">\r\n                                <img decoding=\"async\" data-src=\"https:\/\/www.cgfmanet.org\/wp-content\/uploads\/2025\/12\/Conferenza-IRL_3-741x420.jpg\" data-srcset=\"https:\/\/www.cgfmanet.org\/wp-content\/uploads\/2025\/12\/Conferenza-IRL_3-741x420.jpg 741w, https:\/\/www.cgfmanet.org\/wp-content\/uploads\/2025\/12\/Conferenza-IRL_3-768x435.jpg 768w, https:\/\/www.cgfmanet.org\/wp-content\/uploads\/2025\/12\/Conferenza-IRL_3-696x395.jpg 696w, https:\/\/www.cgfmanet.org\/wp-content\/uploads\/2025\/12\/Conferenza-IRL_3.jpg 1182w\" data-sizes=\"auto\" alt=\"\" src=\"data:image\/svg+xml;base64,PHN2ZyB3aWR0aD0iMSIgaGVpZ2h0PSIxIiB4bWxucz0iaHR0cDovL3d3dy53My5vcmcvMjAwMC9zdmciPjwvc3ZnPg==\" class=\"lazyload\" style=\"--smush-placeholder-width: 741px; --smush-placeholder-aspect-ratio: 741\/420;\" data-original-sizes=\"(max-width: 741px) 100vw, 741px\">\r\n                            <\/a>\r\n                            \r\n                        <\/figure>\r\n                    <\/div>\r\n                            <\/div>\r\n                        <\/div>\r\n\r\n                        <div class = \"td-doubleSlider-2\">\r\n                            <div class = \"td-slider\">\r\n                                \r\n                    <div class = \"td-button td-item1\">\r\n                        <div class = \"td-border\"><\/div>\r\n                    <\/div>\r\n                    <div class = \"td-button td-item2\">\r\n                        <div class = \"td-border\"><\/div>\r\n                    <\/div>\r\n                            <\/div>\r\n                        <\/div>\r\n\r\n                    <\/div>\r\n\r\n                <\/div>\r\n                \n","protected":false},"excerpt":{"rendered":"<p>Tipperary (Irlanda). El 22 de noviembre de 2025, en el Centro de Conferencias de Tipperary, el\u00a0Grupo Cosmol\u00f3gico de las Hijas de Mar\u00eda Auxiliadora de la Inspector\u00eda Ntra. Sra. Reina de [&hellip;]<\/p>\n","protected":false},"author":21,"featured_media":149117,"comment_status":"open","ping_status":"closed","sticky":false,"template":"","format":"standard","meta":{"footnotes":""},"categories":[39,203],"tags":[1225],"class_list":["post-149127","post","type-post","status-publish","format-standard","has-post-thumbnail","category-infoesfera","category-ecologia-es","tag-irl-es"],"yoast_head":"<!-- This site is optimized with the Yoast SEO plugin v27.4 - https:\/\/yoast.com\/product\/yoast-seo-wordpress\/ -->\n<title>Eco-Espiritualidad y Fundamentos Cristianos \u2013 Inspector\u00eda IRL &#8226; Istituto Figlie di Maria Ausiliatrice<\/title>\n<meta name=\"description\" content=\"El 22 de noviembre de 2025 en Tipperary, Irlanda, el Grupo Cosmol\u00f3gico de la Inspector\u00eda IRL organiz\u00f3 la conferencia de clausura del a\u00f1o.\" \/>\n<meta name=\"robots\" content=\"index, follow, max-snippet:-1, max-image-preview:large, max-video-preview:-1\" \/>\n<link rel=\"canonical\" href=\"https:\/\/www.cgfmanet.org\/es\/infoesfera\/ecologia-es\/eco-espiritualidad-y-fundamentos-cristianos-inspectoria-irl\/\" \/>\n<meta property=\"og:locale\" content=\"es_ES\" \/>\n<meta property=\"og:type\" content=\"article\" \/>\n<meta property=\"og:title\" content=\"Eco-Espiritualidad y Fundamentos Cristianos \u2013 Inspector\u00eda IRL &#8226; Istituto Figlie di Maria Ausiliatrice\" \/>\n<meta property=\"og:description\" content=\"El 22 de noviembre de 2025 en Tipperary, Irlanda, el Grupo Cosmol\u00f3gico de la Inspector\u00eda IRL organiz\u00f3 la conferencia de clausura del a\u00f1o.\" \/>\n<meta property=\"og:url\" content=\"https:\/\/www.cgfmanet.org\/es\/infoesfera\/ecologia-es\/eco-espiritualidad-y-fundamentos-cristianos-inspectoria-irl\/\" \/>\n<meta property=\"og:site_name\" content=\"Istituto Figlie di Maria Ausiliatrice\" \/>\n<meta property=\"article:publisher\" content=\"https:\/\/www.facebook.com\/salesian.sisters.of.don.bosco\/\" \/>\n<meta property=\"article:published_time\" content=\"2025-12-07T17:13:20+00:00\" \/>\n<meta property=\"article:modified_time\" content=\"2025-12-13T21:47:11+00:00\" \/>\n<meta property=\"og:image\" content=\"https:\/\/www.cgfmanet.org\/wp-content\/uploads\/2025\/12\/Conferenza-IRL_1.jpg\" \/>\n\t<meta property=\"og:image:width\" content=\"1181\" \/>\n\t<meta property=\"og:image:height\" content=\"787\" \/>\n\t<meta property=\"og:image:type\" content=\"image\/jpeg\" \/>\n<meta name=\"author\" content=\"Redazione\" \/>\n<meta name=\"twitter:card\" content=\"summary_large_image\" \/>\n<meta name=\"twitter:creator\" content=\"@Cgfmanet_Org\" \/>\n<meta name=\"twitter:site\" content=\"@Cgfmanet_Org\" \/>\n<meta name=\"twitter:label1\" content=\"Escrito por\" \/>\n\t<meta name=\"twitter:data1\" content=\"Redazione\" \/>\n\t<meta name=\"twitter:label2\" content=\"Tiempo de lectura\" \/>\n\t<meta name=\"twitter:data2\" content=\"4 minutos\" \/>\n<script type=\"application\/ld+json\" class=\"yoast-schema-graph\">{\"@context\":\"https:\\\/\\\/schema.org\",\"@graph\":[{\"@type\":\"Article\",\"@id\":\"https:\\\/\\\/www.cgfmanet.org\\\/es\\\/infoesfera\\\/ecologia-es\\\/eco-espiritualidad-y-fundamentos-cristianos-inspectoria-irl\\\/#article\",\"isPartOf\":{\"@id\":\"https:\\\/\\\/www.cgfmanet.org\\\/es\\\/infoesfera\\\/ecologia-es\\\/eco-espiritualidad-y-fundamentos-cristianos-inspectoria-irl\\\/\"},\"author\":{\"name\":\"Redazione\",\"@id\":\"https:\\\/\\\/www.cgfmanet.org\\\/es\\\/#\\\/schema\\\/person\\\/ce6473083f53ef0ef882cca23f0c8fb9\"},\"headline\":\"Eco-Espiritualidad y Fundamentos Cristianos \u2013 Inspector\u00eda IRL\",\"datePublished\":\"2025-12-07T17:13:20+00:00\",\"dateModified\":\"2025-12-13T21:47:11+00:00\",\"mainEntityOfPage\":{\"@id\":\"https:\\\/\\\/www.cgfmanet.org\\\/es\\\/infoesfera\\\/ecologia-es\\\/eco-espiritualidad-y-fundamentos-cristianos-inspectoria-irl\\\/\"},\"wordCount\":739,\"commentCount\":0,\"publisher\":{\"@id\":\"https:\\\/\\\/www.cgfmanet.org\\\/es\\\/#organization\"},\"image\":{\"@id\":\"https:\\\/\\\/www.cgfmanet.org\\\/es\\\/infoesfera\\\/ecologia-es\\\/eco-espiritualidad-y-fundamentos-cristianos-inspectoria-irl\\\/#primaryimage\"},\"thumbnailUrl\":\"https:\\\/\\\/www.cgfmanet.org\\\/wp-content\\\/uploads\\\/2025\\\/12\\\/Conferenza-IRL_1.jpg\",\"keywords\":[\"IRL\"],\"articleSection\":[\"Infoesfera\",\"Ecolog\u00eda\"],\"inLanguage\":\"es\",\"potentialAction\":[{\"@type\":\"CommentAction\",\"name\":\"Comment\",\"target\":[\"https:\\\/\\\/www.cgfmanet.org\\\/es\\\/infoesfera\\\/ecologia-es\\\/eco-espiritualidad-y-fundamentos-cristianos-inspectoria-irl\\\/#respond\"]}]},{\"@type\":\"WebPage\",\"@id\":\"https:\\\/\\\/www.cgfmanet.org\\\/es\\\/infoesfera\\\/ecologia-es\\\/eco-espiritualidad-y-fundamentos-cristianos-inspectoria-irl\\\/\",\"url\":\"https:\\\/\\\/www.cgfmanet.org\\\/es\\\/infoesfera\\\/ecologia-es\\\/eco-espiritualidad-y-fundamentos-cristianos-inspectoria-irl\\\/\",\"name\":\"Eco-Espiritualidad y Fundamentos Cristianos \u2013 Inspector\u00eda IRL &#8226; Istituto Figlie di Maria Ausiliatrice\",\"isPartOf\":{\"@id\":\"https:\\\/\\\/www.cgfmanet.org\\\/es\\\/#website\"},\"primaryImageOfPage\":{\"@id\":\"https:\\\/\\\/www.cgfmanet.org\\\/es\\\/infoesfera\\\/ecologia-es\\\/eco-espiritualidad-y-fundamentos-cristianos-inspectoria-irl\\\/#primaryimage\"},\"image\":{\"@id\":\"https:\\\/\\\/www.cgfmanet.org\\\/es\\\/infoesfera\\\/ecologia-es\\\/eco-espiritualidad-y-fundamentos-cristianos-inspectoria-irl\\\/#primaryimage\"},\"thumbnailUrl\":\"https:\\\/\\\/www.cgfmanet.org\\\/wp-content\\\/uploads\\\/2025\\\/12\\\/Conferenza-IRL_1.jpg\",\"datePublished\":\"2025-12-07T17:13:20+00:00\",\"dateModified\":\"2025-12-13T21:47:11+00:00\",\"description\":\"El 22 de noviembre de 2025 en Tipperary, Irlanda, el Grupo Cosmol\u00f3gico de la Inspector\u00eda IRL organiz\u00f3 la conferencia de clausura del a\u00f1o.\",\"breadcrumb\":{\"@id\":\"https:\\\/\\\/www.cgfmanet.org\\\/es\\\/infoesfera\\\/ecologia-es\\\/eco-espiritualidad-y-fundamentos-cristianos-inspectoria-irl\\\/#breadcrumb\"},\"inLanguage\":\"es\",\"potentialAction\":[{\"@type\":\"ReadAction\",\"target\":[\"https:\\\/\\\/www.cgfmanet.org\\\/es\\\/infoesfera\\\/ecologia-es\\\/eco-espiritualidad-y-fundamentos-cristianos-inspectoria-irl\\\/\"]}]},{\"@type\":\"ImageObject\",\"inLanguage\":\"es\",\"@id\":\"https:\\\/\\\/www.cgfmanet.org\\\/es\\\/infoesfera\\\/ecologia-es\\\/eco-espiritualidad-y-fundamentos-cristianos-inspectoria-irl\\\/#primaryimage\",\"url\":\"https:\\\/\\\/www.cgfmanet.org\\\/wp-content\\\/uploads\\\/2025\\\/12\\\/Conferenza-IRL_1.jpg\",\"contentUrl\":\"https:\\\/\\\/www.cgfmanet.org\\\/wp-content\\\/uploads\\\/2025\\\/12\\\/Conferenza-IRL_1.jpg\",\"width\":1181,\"height\":787},{\"@type\":\"BreadcrumbList\",\"@id\":\"https:\\\/\\\/www.cgfmanet.org\\\/es\\\/infoesfera\\\/ecologia-es\\\/eco-espiritualidad-y-fundamentos-cristianos-inspectoria-irl\\\/#breadcrumb\",\"itemListElement\":[{\"@type\":\"ListItem\",\"position\":1,\"name\":\"Home\",\"item\":\"https:\\\/\\\/www.cgfmanet.org\\\/es\\\/\"},{\"@type\":\"ListItem\",\"position\":2,\"name\":\"Eco-Espiritualidad y Fundamentos Cristianos \u2013 Inspector\u00eda IRL\"}]},{\"@type\":\"WebSite\",\"@id\":\"https:\\\/\\\/www.cgfmanet.org\\\/es\\\/#website\",\"url\":\"https:\\\/\\\/www.cgfmanet.org\\\/es\\\/\",\"name\":\"Istituto Figlie di Maria Ausiliatrice\",\"description\":\"Salesiane di Don Bosco\",\"publisher\":{\"@id\":\"https:\\\/\\\/www.cgfmanet.org\\\/es\\\/#organization\"},\"potentialAction\":[{\"@type\":\"SearchAction\",\"target\":{\"@type\":\"EntryPoint\",\"urlTemplate\":\"https:\\\/\\\/www.cgfmanet.org\\\/es\\\/?s={search_term_string}\"},\"query-input\":{\"@type\":\"PropertyValueSpecification\",\"valueRequired\":true,\"valueName\":\"search_term_string\"}}],\"inLanguage\":\"es\"},{\"@type\":\"Organization\",\"@id\":\"https:\\\/\\\/www.cgfmanet.org\\\/es\\\/#organization\",\"name\":\"Istituto Figlie di Maria Ausiliatrice\",\"url\":\"https:\\\/\\\/www.cgfmanet.org\\\/es\\\/\",\"logo\":{\"@type\":\"ImageObject\",\"inLanguage\":\"es\",\"@id\":\"https:\\\/\\\/www.cgfmanet.org\\\/es\\\/#\\\/schema\\\/logo\\\/image\\\/\",\"url\":\"https:\\\/\\\/www.cgfmanet.org\\\/wp-content\\\/uploads\\\/2018\\\/10\\\/logo-fma.png\",\"contentUrl\":\"https:\\\/\\\/www.cgfmanet.org\\\/wp-content\\\/uploads\\\/2018\\\/10\\\/logo-fma.png\",\"width\":214,\"height\":55,\"caption\":\"Istituto Figlie di Maria Ausiliatrice\"},\"image\":{\"@id\":\"https:\\\/\\\/www.cgfmanet.org\\\/es\\\/#\\\/schema\\\/logo\\\/image\\\/\"},\"sameAs\":[\"https:\\\/\\\/www.facebook.com\\\/salesian.sisters.of.don.bosco\\\/\",\"https:\\\/\\\/x.com\\\/Cgfmanet_Org\",\"https:\\\/\\\/www.youtube.com\\\/channel\\\/UCmcr8yFQBV7JXeXVxyV9y5Q\"]},{\"@type\":\"Person\",\"@id\":\"https:\\\/\\\/www.cgfmanet.org\\\/es\\\/#\\\/schema\\\/person\\\/ce6473083f53ef0ef882cca23f0c8fb9\",\"name\":\"Redazione\"}]}<\/script>\n<!-- \/ Yoast SEO plugin. -->","yoast_head_json":{"title":"Eco-Espiritualidad y Fundamentos Cristianos \u2013 Inspector\u00eda IRL &#8226; Istituto Figlie di Maria Ausiliatrice","description":"El 22 de noviembre de 2025 en Tipperary, Irlanda, el Grupo Cosmol\u00f3gico de la Inspector\u00eda IRL organiz\u00f3 la conferencia de clausura del a\u00f1o.","robots":{"index":"index","follow":"follow","max-snippet":"max-snippet:-1","max-image-preview":"max-image-preview:large","max-video-preview":"max-video-preview:-1"},"canonical":"https:\/\/www.cgfmanet.org\/es\/infoesfera\/ecologia-es\/eco-espiritualidad-y-fundamentos-cristianos-inspectoria-irl\/","og_locale":"es_ES","og_type":"article","og_title":"Eco-Espiritualidad y Fundamentos Cristianos \u2013 Inspector\u00eda IRL &#8226; Istituto Figlie di Maria Ausiliatrice","og_description":"El 22 de noviembre de 2025 en Tipperary, Irlanda, el Grupo Cosmol\u00f3gico de la Inspector\u00eda IRL organiz\u00f3 la conferencia de clausura del a\u00f1o.","og_url":"https:\/\/www.cgfmanet.org\/es\/infoesfera\/ecologia-es\/eco-espiritualidad-y-fundamentos-cristianos-inspectoria-irl\/","og_site_name":"Istituto Figlie di Maria Ausiliatrice","article_publisher":"https:\/\/www.facebook.com\/salesian.sisters.of.don.bosco\/","article_published_time":"2025-12-07T17:13:20+00:00","article_modified_time":"2025-12-13T21:47:11+00:00","og_image":[{"width":1181,"height":787,"url":"https:\/\/www.cgfmanet.org\/wp-content\/uploads\/2025\/12\/Conferenza-IRL_1.jpg","type":"image\/jpeg"}],"author":"Redazione","twitter_card":"summary_large_image","twitter_creator":"@Cgfmanet_Org","twitter_site":"@Cgfmanet_Org","twitter_misc":{"Escrito por":"Redazione","Tiempo de lectura":"4 minutos"},"schema":{"@context":"https:\/\/schema.org","@graph":[{"@type":"Article","@id":"https:\/\/www.cgfmanet.org\/es\/infoesfera\/ecologia-es\/eco-espiritualidad-y-fundamentos-cristianos-inspectoria-irl\/#article","isPartOf":{"@id":"https:\/\/www.cgfmanet.org\/es\/infoesfera\/ecologia-es\/eco-espiritualidad-y-fundamentos-cristianos-inspectoria-irl\/"},"author":{"name":"Redazione","@id":"https:\/\/www.cgfmanet.org\/es\/#\/schema\/person\/ce6473083f53ef0ef882cca23f0c8fb9"},"headline":"Eco-Espiritualidad y Fundamentos Cristianos \u2013 Inspector\u00eda IRL","datePublished":"2025-12-07T17:13:20+00:00","dateModified":"2025-12-13T21:47:11+00:00","mainEntityOfPage":{"@id":"https:\/\/www.cgfmanet.org\/es\/infoesfera\/ecologia-es\/eco-espiritualidad-y-fundamentos-cristianos-inspectoria-irl\/"},"wordCount":739,"commentCount":0,"publisher":{"@id":"https:\/\/www.cgfmanet.org\/es\/#organization"},"image":{"@id":"https:\/\/www.cgfmanet.org\/es\/infoesfera\/ecologia-es\/eco-espiritualidad-y-fundamentos-cristianos-inspectoria-irl\/#primaryimage"},"thumbnailUrl":"https:\/\/www.cgfmanet.org\/wp-content\/uploads\/2025\/12\/Conferenza-IRL_1.jpg","keywords":["IRL"],"articleSection":["Infoesfera","Ecolog\u00eda"],"inLanguage":"es","potentialAction":[{"@type":"CommentAction","name":"Comment","target":["https:\/\/www.cgfmanet.org\/es\/infoesfera\/ecologia-es\/eco-espiritualidad-y-fundamentos-cristianos-inspectoria-irl\/#respond"]}]},{"@type":"WebPage","@id":"https:\/\/www.cgfmanet.org\/es\/infoesfera\/ecologia-es\/eco-espiritualidad-y-fundamentos-cristianos-inspectoria-irl\/","url":"https:\/\/www.cgfmanet.org\/es\/infoesfera\/ecologia-es\/eco-espiritualidad-y-fundamentos-cristianos-inspectoria-irl\/","name":"Eco-Espiritualidad y Fundamentos Cristianos \u2013 Inspector\u00eda IRL &#8226; Istituto Figlie di Maria Ausiliatrice","isPartOf":{"@id":"https:\/\/www.cgfmanet.org\/es\/#website"},"primaryImageOfPage":{"@id":"https:\/\/www.cgfmanet.org\/es\/infoesfera\/ecologia-es\/eco-espiritualidad-y-fundamentos-cristianos-inspectoria-irl\/#primaryimage"},"image":{"@id":"https:\/\/www.cgfmanet.org\/es\/infoesfera\/ecologia-es\/eco-espiritualidad-y-fundamentos-cristianos-inspectoria-irl\/#primaryimage"},"thumbnailUrl":"https:\/\/www.cgfmanet.org\/wp-content\/uploads\/2025\/12\/Conferenza-IRL_1.jpg","datePublished":"2025-12-07T17:13:20+00:00","dateModified":"2025-12-13T21:47:11+00:00","description":"El 22 de noviembre de 2025 en Tipperary, Irlanda, el Grupo Cosmol\u00f3gico de la Inspector\u00eda IRL organiz\u00f3 la conferencia de clausura del a\u00f1o.","breadcrumb":{"@id":"https:\/\/www.cgfmanet.org\/es\/infoesfera\/ecologia-es\/eco-espiritualidad-y-fundamentos-cristianos-inspectoria-irl\/#breadcrumb"},"inLanguage":"es","potentialAction":[{"@type":"ReadAction","target":["https:\/\/www.cgfmanet.org\/es\/infoesfera\/ecologia-es\/eco-espiritualidad-y-fundamentos-cristianos-inspectoria-irl\/"]}]},{"@type":"ImageObject","inLanguage":"es","@id":"https:\/\/www.cgfmanet.org\/es\/infoesfera\/ecologia-es\/eco-espiritualidad-y-fundamentos-cristianos-inspectoria-irl\/#primaryimage","url":"https:\/\/www.cgfmanet.org\/wp-content\/uploads\/2025\/12\/Conferenza-IRL_1.jpg","contentUrl":"https:\/\/www.cgfmanet.org\/wp-content\/uploads\/2025\/12\/Conferenza-IRL_1.jpg","width":1181,"height":787},{"@type":"BreadcrumbList","@id":"https:\/\/www.cgfmanet.org\/es\/infoesfera\/ecologia-es\/eco-espiritualidad-y-fundamentos-cristianos-inspectoria-irl\/#breadcrumb","itemListElement":[{"@type":"ListItem","position":1,"name":"Home","item":"https:\/\/www.cgfmanet.org\/es\/"},{"@type":"ListItem","position":2,"name":"Eco-Espiritualidad y Fundamentos Cristianos \u2013 Inspector\u00eda IRL"}]},{"@type":"WebSite","@id":"https:\/\/www.cgfmanet.org\/es\/#website","url":"https:\/\/www.cgfmanet.org\/es\/","name":"Istituto Figlie di Maria Ausiliatrice","description":"Salesiane di Don Bosco","publisher":{"@id":"https:\/\/www.cgfmanet.org\/es\/#organization"},"potentialAction":[{"@type":"SearchAction","target":{"@type":"EntryPoint","urlTemplate":"https:\/\/www.cgfmanet.org\/es\/?s={search_term_string}"},"query-input":{"@type":"PropertyValueSpecification","valueRequired":true,"valueName":"search_term_string"}}],"inLanguage":"es"},{"@type":"Organization","@id":"https:\/\/www.cgfmanet.org\/es\/#organization","name":"Istituto Figlie di Maria Ausiliatrice","url":"https:\/\/www.cgfmanet.org\/es\/","logo":{"@type":"ImageObject","inLanguage":"es","@id":"https:\/\/www.cgfmanet.org\/es\/#\/schema\/logo\/image\/","url":"https:\/\/www.cgfmanet.org\/wp-content\/uploads\/2018\/10\/logo-fma.png","contentUrl":"https:\/\/www.cgfmanet.org\/wp-content\/uploads\/2018\/10\/logo-fma.png","width":214,"height":55,"caption":"Istituto Figlie di Maria Ausiliatrice"},"image":{"@id":"https:\/\/www.cgfmanet.org\/es\/#\/schema\/logo\/image\/"},"sameAs":["https:\/\/www.facebook.com\/salesian.sisters.of.don.bosco\/","https:\/\/x.com\/Cgfmanet_Org","https:\/\/www.youtube.com\/channel\/UCmcr8yFQBV7JXeXVxyV9y5Q"]},{"@type":"Person","@id":"https:\/\/www.cgfmanet.org\/es\/#\/schema\/person\/ce6473083f53ef0ef882cca23f0c8fb9","name":"Redazione"}]}},"_links":{"self":[{"href":"https:\/\/www.cgfmanet.org\/es\/wp-json\/wp\/v2\/posts\/149127","targetHints":{"allow":["GET"]}}],"collection":[{"href":"https:\/\/www.cgfmanet.org\/es\/wp-json\/wp\/v2\/posts"}],"about":[{"href":"https:\/\/www.cgfmanet.org\/es\/wp-json\/wp\/v2\/types\/post"}],"author":[{"embeddable":true,"href":"https:\/\/www.cgfmanet.org\/es\/wp-json\/wp\/v2\/users\/21"}],"replies":[{"embeddable":true,"href":"https:\/\/www.cgfmanet.org\/es\/wp-json\/wp\/v2\/comments?post=149127"}],"version-history":[{"count":3,"href":"https:\/\/www.cgfmanet.org\/es\/wp-json\/wp\/v2\/posts\/149127\/revisions"}],"predecessor-version":[{"id":149459,"href":"https:\/\/www.cgfmanet.org\/es\/wp-json\/wp\/v2\/posts\/149127\/revisions\/149459"}],"wp:featuredmedia":[{"embeddable":true,"href":"https:\/\/www.cgfmanet.org\/es\/wp-json\/wp\/v2\/media\/149117"}],"wp:attachment":[{"href":"https:\/\/www.cgfmanet.org\/es\/wp-json\/wp\/v2\/media?parent=149127"}],"wp:term":[{"taxonomy":"category","embeddable":true,"href":"https:\/\/www.cgfmanet.org\/es\/wp-json\/wp\/v2\/categories?post=149127"},{"taxonomy":"post_tag","embeddable":true,"href":"https:\/\/www.cgfmanet.org\/es\/wp-json\/wp\/v2\/tags?post=149127"}],"curies":[{"name":"wp","href":"https:\/\/api.w.org\/{rel}","templated":true}]}}