{"id":149105,"date":"2025-12-08T12:45:43","date_gmt":"2025-12-08T11:45:43","guid":{"rendered":"https:\/\/www.cgfmanet.org\/infoesfera\/giornata-mondiale-dei-diritti-umani-2025\/"},"modified":"2025-12-13T22:52:24","modified_gmt":"2025-12-13T21:52:24","slug":"dia-mundial-de-los-derechos-humanos-2025","status":"publish","type":"post","link":"https:\/\/www.cgfmanet.org\/es\/infoesfera\/derechos-humanos\/dia-mundial-de-los-derechos-humanos-2025\/","title":{"rendered":"D\u00eda Mundial de los Derechos Humanos 2025"},"content":{"rendered":"<p><strong>Ginevra (Svizzera).<\/strong> El 10 de diciembre de 2025 se celebra el D\u00eda Mundial de los Derechos Humanos, para conmemorar el d\u00eda en que, en 1948, la Asamblea General de las Naciones Unidas adopt\u00f3 la <span style=\"color: #0000ff;\"><a style=\"color: #0000ff;\" href=\"https:\/\/www.un.org\/en\/observances\/human-rights-day\/know-your-rights\" target=\"_blank\" rel=\"noopener\"><strong>Declaraci\u00f3n Universal de Derechos Humanos<\/strong><\/a><\/span>\u00a0<strong>(DUDH).<\/strong><\/p>\n<p>El tema del D\u00eda \u2013 <strong>\u201cDerechos Humanos: Nuestros Bienes Esenciales Cotidianos\u201d<\/strong> (<span style=\"color: #0000ff;\"><strong><a style=\"color: #0000ff;\" href=\"https:\/\/www.ohchr.org\/en\/stories\/2025\/11\/human-rights-day-2025-our-everyday-essentials\" target=\"_blank\" rel=\"noopener\">Human Rights: our Everyday Essentials<\/a><\/strong><\/span>) \u2013 subraya precisamente la importancia atemporal de la Declaraci\u00f3n Universal y de sus valores fundamentales: <strong>igualdad, justicia, libertad y dignidad<\/strong>.<\/p>\n<p>Estos elementos esenciales de la vida cotidiana, como destaca el documento de las Naciones Unidas, \u00abest\u00e1n consagrados en la DUDH: el derecho a un nivel de vida adecuado (art\u00edculo 25), que garantiza alimentos, bienes de primera necesidad y un medio ambiente sano; el derecho a la libertad de opini\u00f3n y de expresi\u00f3n (art\u00edculo 19), que asegura el acceso a la informaci\u00f3n; el derecho a la educaci\u00f3n (art\u00edculo 26), que permite la comprensi\u00f3n y las decisiones informadas; y el derecho al descanso y al tiempo libre (art\u00edculo 24), que permite dedicar tiempo al bienestar y a la relaci\u00f3n con los dem\u00e1s. Sin embargo, estos sencillos derechos no est\u00e1n garantizados en todas partes\u00bb.<\/p>\n<p><strong>La Campa\u00f1a \u201cNuestros Bienes Esenciales Cotidianos\u201d<\/strong><\/p>\n<p>La campa\u00f1a de las Naciones Unidas tiene como objetivo promover la comprensi\u00f3n de los derechos humanos y fortalecer la confianza en su relevancia. Se propone involucrar a la <strong>\u201cmayor\u00eda silenciosa\u201d<\/strong>, es decir, a aquellos que creen en los derechos humanos pero a\u00fan no se consideran sus defensores. El objetivo es sensibilizar a la opini\u00f3n p\u00fablica y fomentar un compromiso colectivo significativo y responsable. La campa\u00f1a invita a redescubrir que los derechos humanos son <strong>positivos, esenciales y realizables<\/strong>.<\/p>\n<ul>\n<li><strong>Son positivos porque protegen.<\/strong> Permiten vivir con alegr\u00eda, libertad y solidaridad. Permiten experimentar seguridad y paz. Son parte integrante de la seguridad en la que se conf\u00eda, del aire que se respira, de un medio ambiente limpio, de los alimentos que se comen, de las palabras que se pronuncian y de las decisiones que se toman.<\/li>\n<li><strong>Son esenciales porque constituyen el terreno com\u00fan<\/strong> que une a las personas m\u00e1s all\u00e1 de las diferencias de raza, cultura, g\u00e9nero, credo u origen. Cuando el mundo parece inseguro e inestable, el derecho a expresarse libremente, a participar en los procesos de toma de decisiones y a vivir sin miedo se convierte en el ancla s\u00f3lida que mantiene unidas a las sociedades.<\/li>\n<li><strong>Son realizables porque empiezan en cada uno\/a<\/strong>, a partir de las numerosas peque\u00f1as decisiones y acciones cotidianas. Como dijo Eleanor Roosevelt hace 80 a\u00f1os: <em>\u00ab\u00bfD\u00f3nde comienzan, despu\u00e9s de todo, los derechos humanos universales? En lugares peque\u00f1os, cerca de casa, tan cercanos y peque\u00f1os que no pueden verse en ning\u00fan mapa del mundo. Sin embargo, son el mundo de la persona individual; el vecindario en el que vive; la escuela o la universidad a la que asiste; la f\u00e1brica, la granja o la oficina donde trabaja. Estos son los lugares donde cada hombre, mujer y ni\u00f1o busca justicia, igualdad de oportunidades y dignidad sin discriminaci\u00f3n. Si estos derechos no tienen significado all\u00ed, tienen poco significado en cualquier parte. Sin una acci\u00f3n concertada de los ciudadanos para defenderlos cerca de casa, buscaremos en vano el progreso en el mundo m\u00e1s amplio.\u00bb<\/em><\/li>\n<\/ul>\n<p>La Oficina del Alto Comisionado de las Naciones Unidas para los Derechos Humanos (ACNUDH) invita a todos a compartir lo que m\u00e1s importa en su vida cotidiana, es decir, lo que consideran esencial en su d\u00eda a d\u00eda. Es posible acceder a los diversos canales de participaci\u00f3n a trav\u00e9s del <a href=\"https:\/\/www.ohchr.org\/en\/get-involved\/campaign\/everyday-essentials\/share-your-experience\" target=\"_blank\" rel=\"noopener\"><strong><span style=\"color: #0000ff;\">formulario en l\u00ednea<\/span><\/strong><\/a> o en las redes sociales utilizando el hashtag <strong>#OurEverydayRights<\/strong>. Juntas, estas experiencias personales formar\u00e1n un rico mosaico de voces y perspectivas.<\/p>\n<p>El Instituto de las Hijas de Mar\u00eda Auxiliadora, tambi\u00e9n a trav\u00e9s de la<span style=\"color: #0000ff;\"><strong><a style=\"color: #0000ff;\" href=\"http:\/\/iimageneva.org\/it\/\" target=\"_blank\" rel=\"noopener\"> Oficina de Derechos Humanos IIMA<\/a><\/strong><\/span> y el <strong><span style=\"color: #0000ff;\"><a style=\"color: #0000ff;\" href=\"https:\/\/www.vides.org\/\" target=\"_blank\" rel=\"noopener\">VIDES Internazionale<\/a><\/span><\/strong>, sigue trabajando para crear una red con gobiernos, organizaciones no gubernamentales y actores de la sociedad civil, para dar a conocer los valores de los derechos humanos y dar m\u00e1s poder a los j\u00f3venes de todo el mundo a trav\u00e9s de la instrucci\u00f3n y la educaci\u00f3n en derechos humanos, para que cada persona pueda disfrutar plenamente de sus derechos como parte esencial de la vida cotidiana.<\/p>\n","protected":false},"excerpt":{"rendered":"<p>Ginevra (Svizzera). El 10 de diciembre de 2025 se celebra el D\u00eda Mundial de los Derechos Humanos, para conmemorar el d\u00eda en que, en 1948, la Asamblea General de las [&hellip;]<\/p>\n","protected":false},"author":21,"featured_media":149100,"comment_status":"open","ping_status":"closed","sticky":false,"template":"","format":"standard","meta":{"footnotes":""},"categories":[39,199],"tags":[1177,1514,1623,1931,1993],"class_list":["post-149105","post","type-post","status-publish","format-standard","has-post-thumbnail","category-infoesfera","category-derechos-humanos","tag-iima-fma-es","tag-vides-es","tag-cittadinanza-es","tag-focus-es","tag-solidarieta-es"],"yoast_head":"<!-- This site is optimized with the Yoast SEO plugin v27.4 - https:\/\/yoast.com\/product\/yoast-seo-wordpress\/ -->\n<title>D\u00eda Mundial de los Derechos Humanos 2025 &#8226; Istituto Figlie di Maria Ausiliatrice<\/title>\n<meta name=\"description\" content=\"El 10 de diciembre de 2025 se celebra el D\u00eda Mundial de los Derechos Humanos, con el lema: \u201cNuestros Bienes Esenciales Cotidianos\u201d.\" \/>\n<meta name=\"robots\" content=\"index, follow, max-snippet:-1, max-image-preview:large, max-video-preview:-1\" \/>\n<link rel=\"canonical\" href=\"https:\/\/www.cgfmanet.org\/es\/infoesfera\/derechos-humanos\/dia-mundial-de-los-derechos-humanos-2025\/\" \/>\n<meta property=\"og:locale\" content=\"es_ES\" \/>\n<meta property=\"og:type\" content=\"article\" \/>\n<meta property=\"og:title\" content=\"D\u00eda Mundial de los Derechos Humanos 2025 &#8226; Istituto Figlie di Maria Ausiliatrice\" \/>\n<meta property=\"og:description\" content=\"El 10 de diciembre de 2025 se celebra el D\u00eda Mundial de los Derechos Humanos, con el lema: \u201cNuestros Bienes Esenciales Cotidianos\u201d.\" \/>\n<meta property=\"og:url\" content=\"https:\/\/www.cgfmanet.org\/es\/infoesfera\/derechos-humanos\/dia-mundial-de-los-derechos-humanos-2025\/\" \/>\n<meta property=\"og:site_name\" content=\"Istituto Figlie di Maria Ausiliatrice\" \/>\n<meta property=\"article:publisher\" content=\"https:\/\/www.facebook.com\/salesian.sisters.of.don.bosco\/\" \/>\n<meta property=\"article:published_time\" content=\"2025-12-08T11:45:43+00:00\" \/>\n<meta property=\"article:modified_time\" content=\"2025-12-13T21:52:24+00:00\" \/>\n<meta property=\"og:image\" content=\"https:\/\/www.cgfmanet.org\/wp-content\/uploads\/2025\/12\/Giornata-Diritti-Umani-2025.jpg\" \/>\n\t<meta property=\"og:image:width\" content=\"1181\" \/>\n\t<meta property=\"og:image:height\" content=\"784\" \/>\n\t<meta property=\"og:image:type\" content=\"image\/jpeg\" \/>\n<meta name=\"author\" content=\"Redazione\" \/>\n<meta name=\"twitter:card\" content=\"summary_large_image\" \/>\n<meta name=\"twitter:creator\" content=\"@Cgfmanet_Org\" \/>\n<meta name=\"twitter:site\" content=\"@Cgfmanet_Org\" \/>\n<meta name=\"twitter:label1\" content=\"Escrito por\" \/>\n\t<meta name=\"twitter:data1\" content=\"Redazione\" \/>\n\t<meta name=\"twitter:label2\" content=\"Tiempo de lectura\" \/>\n\t<meta name=\"twitter:data2\" content=\"4 minutos\" \/>\n<script type=\"application\/ld+json\" class=\"yoast-schema-graph\">{\"@context\":\"https:\\\/\\\/schema.org\",\"@graph\":[{\"@type\":\"Article\",\"@id\":\"https:\\\/\\\/www.cgfmanet.org\\\/es\\\/infoesfera\\\/derechos-humanos\\\/dia-mundial-de-los-derechos-humanos-2025\\\/#article\",\"isPartOf\":{\"@id\":\"https:\\\/\\\/www.cgfmanet.org\\\/es\\\/infoesfera\\\/derechos-humanos\\\/dia-mundial-de-los-derechos-humanos-2025\\\/\"},\"author\":{\"name\":\"Redazione\",\"@id\":\"https:\\\/\\\/www.cgfmanet.org\\\/es\\\/#\\\/schema\\\/person\\\/ce6473083f53ef0ef882cca23f0c8fb9\"},\"headline\":\"D\u00eda Mundial de los Derechos Humanos 2025\",\"datePublished\":\"2025-12-08T11:45:43+00:00\",\"dateModified\":\"2025-12-13T21:52:24+00:00\",\"mainEntityOfPage\":{\"@id\":\"https:\\\/\\\/www.cgfmanet.org\\\/es\\\/infoesfera\\\/derechos-humanos\\\/dia-mundial-de-los-derechos-humanos-2025\\\/\"},\"wordCount\":746,\"commentCount\":0,\"publisher\":{\"@id\":\"https:\\\/\\\/www.cgfmanet.org\\\/es\\\/#organization\"},\"image\":{\"@id\":\"https:\\\/\\\/www.cgfmanet.org\\\/es\\\/infoesfera\\\/derechos-humanos\\\/dia-mundial-de-los-derechos-humanos-2025\\\/#primaryimage\"},\"thumbnailUrl\":\"https:\\\/\\\/www.cgfmanet.org\\\/wp-content\\\/uploads\\\/2025\\\/12\\\/Giornata-Diritti-Umani-2025.jpg\",\"keywords\":[\"IIMA\\\/FMA\",\"Vides\",\"cittadinanza\",\"Focus\",\"Solidariet\u00e0\"],\"articleSection\":[\"Infoesfera\",\"Derechos Humanos\"],\"inLanguage\":\"es\",\"potentialAction\":[{\"@type\":\"CommentAction\",\"name\":\"Comment\",\"target\":[\"https:\\\/\\\/www.cgfmanet.org\\\/es\\\/infoesfera\\\/derechos-humanos\\\/dia-mundial-de-los-derechos-humanos-2025\\\/#respond\"]}]},{\"@type\":\"WebPage\",\"@id\":\"https:\\\/\\\/www.cgfmanet.org\\\/es\\\/infoesfera\\\/derechos-humanos\\\/dia-mundial-de-los-derechos-humanos-2025\\\/\",\"url\":\"https:\\\/\\\/www.cgfmanet.org\\\/es\\\/infoesfera\\\/derechos-humanos\\\/dia-mundial-de-los-derechos-humanos-2025\\\/\",\"name\":\"D\u00eda Mundial de los Derechos Humanos 2025 &#8226; Istituto Figlie di Maria Ausiliatrice\",\"isPartOf\":{\"@id\":\"https:\\\/\\\/www.cgfmanet.org\\\/es\\\/#website\"},\"primaryImageOfPage\":{\"@id\":\"https:\\\/\\\/www.cgfmanet.org\\\/es\\\/infoesfera\\\/derechos-humanos\\\/dia-mundial-de-los-derechos-humanos-2025\\\/#primaryimage\"},\"image\":{\"@id\":\"https:\\\/\\\/www.cgfmanet.org\\\/es\\\/infoesfera\\\/derechos-humanos\\\/dia-mundial-de-los-derechos-humanos-2025\\\/#primaryimage\"},\"thumbnailUrl\":\"https:\\\/\\\/www.cgfmanet.org\\\/wp-content\\\/uploads\\\/2025\\\/12\\\/Giornata-Diritti-Umani-2025.jpg\",\"datePublished\":\"2025-12-08T11:45:43+00:00\",\"dateModified\":\"2025-12-13T21:52:24+00:00\",\"description\":\"El 10 de diciembre de 2025 se celebra el D\u00eda Mundial de los Derechos Humanos, con el lema: \u201cNuestros Bienes Esenciales Cotidianos\u201d.\",\"breadcrumb\":{\"@id\":\"https:\\\/\\\/www.cgfmanet.org\\\/es\\\/infoesfera\\\/derechos-humanos\\\/dia-mundial-de-los-derechos-humanos-2025\\\/#breadcrumb\"},\"inLanguage\":\"es\",\"potentialAction\":[{\"@type\":\"ReadAction\",\"target\":[\"https:\\\/\\\/www.cgfmanet.org\\\/es\\\/infoesfera\\\/derechos-humanos\\\/dia-mundial-de-los-derechos-humanos-2025\\\/\"]}]},{\"@type\":\"ImageObject\",\"inLanguage\":\"es\",\"@id\":\"https:\\\/\\\/www.cgfmanet.org\\\/es\\\/infoesfera\\\/derechos-humanos\\\/dia-mundial-de-los-derechos-humanos-2025\\\/#primaryimage\",\"url\":\"https:\\\/\\\/www.cgfmanet.org\\\/wp-content\\\/uploads\\\/2025\\\/12\\\/Giornata-Diritti-Umani-2025.jpg\",\"contentUrl\":\"https:\\\/\\\/www.cgfmanet.org\\\/wp-content\\\/uploads\\\/2025\\\/12\\\/Giornata-Diritti-Umani-2025.jpg\",\"width\":1181,\"height\":784},{\"@type\":\"BreadcrumbList\",\"@id\":\"https:\\\/\\\/www.cgfmanet.org\\\/es\\\/infoesfera\\\/derechos-humanos\\\/dia-mundial-de-los-derechos-humanos-2025\\\/#breadcrumb\",\"itemListElement\":[{\"@type\":\"ListItem\",\"position\":1,\"name\":\"Home\",\"item\":\"https:\\\/\\\/www.cgfmanet.org\\\/es\\\/\"},{\"@type\":\"ListItem\",\"position\":2,\"name\":\"D\u00eda Mundial de los Derechos Humanos 2025\"}]},{\"@type\":\"WebSite\",\"@id\":\"https:\\\/\\\/www.cgfmanet.org\\\/es\\\/#website\",\"url\":\"https:\\\/\\\/www.cgfmanet.org\\\/es\\\/\",\"name\":\"Istituto Figlie di Maria Ausiliatrice\",\"description\":\"Salesiane di Don Bosco\",\"publisher\":{\"@id\":\"https:\\\/\\\/www.cgfmanet.org\\\/es\\\/#organization\"},\"potentialAction\":[{\"@type\":\"SearchAction\",\"target\":{\"@type\":\"EntryPoint\",\"urlTemplate\":\"https:\\\/\\\/www.cgfmanet.org\\\/es\\\/?s={search_term_string}\"},\"query-input\":{\"@type\":\"PropertyValueSpecification\",\"valueRequired\":true,\"valueName\":\"search_term_string\"}}],\"inLanguage\":\"es\"},{\"@type\":\"Organization\",\"@id\":\"https:\\\/\\\/www.cgfmanet.org\\\/es\\\/#organization\",\"name\":\"Istituto Figlie di Maria Ausiliatrice\",\"url\":\"https:\\\/\\\/www.cgfmanet.org\\\/es\\\/\",\"logo\":{\"@type\":\"ImageObject\",\"inLanguage\":\"es\",\"@id\":\"https:\\\/\\\/www.cgfmanet.org\\\/es\\\/#\\\/schema\\\/logo\\\/image\\\/\",\"url\":\"https:\\\/\\\/www.cgfmanet.org\\\/wp-content\\\/uploads\\\/2018\\\/10\\\/logo-fma.png\",\"contentUrl\":\"https:\\\/\\\/www.cgfmanet.org\\\/wp-content\\\/uploads\\\/2018\\\/10\\\/logo-fma.png\",\"width\":214,\"height\":55,\"caption\":\"Istituto Figlie di Maria Ausiliatrice\"},\"image\":{\"@id\":\"https:\\\/\\\/www.cgfmanet.org\\\/es\\\/#\\\/schema\\\/logo\\\/image\\\/\"},\"sameAs\":[\"https:\\\/\\\/www.facebook.com\\\/salesian.sisters.of.don.bosco\\\/\",\"https:\\\/\\\/x.com\\\/Cgfmanet_Org\",\"https:\\\/\\\/www.youtube.com\\\/channel\\\/UCmcr8yFQBV7JXeXVxyV9y5Q\"]},{\"@type\":\"Person\",\"@id\":\"https:\\\/\\\/www.cgfmanet.org\\\/es\\\/#\\\/schema\\\/person\\\/ce6473083f53ef0ef882cca23f0c8fb9\",\"name\":\"Redazione\"}]}<\/script>\n<!-- \/ Yoast SEO plugin. -->","yoast_head_json":{"title":"D\u00eda Mundial de los Derechos Humanos 2025 &#8226; Istituto Figlie di Maria Ausiliatrice","description":"El 10 de diciembre de 2025 se celebra el D\u00eda Mundial de los Derechos Humanos, con el lema: \u201cNuestros Bienes Esenciales Cotidianos\u201d.","robots":{"index":"index","follow":"follow","max-snippet":"max-snippet:-1","max-image-preview":"max-image-preview:large","max-video-preview":"max-video-preview:-1"},"canonical":"https:\/\/www.cgfmanet.org\/es\/infoesfera\/derechos-humanos\/dia-mundial-de-los-derechos-humanos-2025\/","og_locale":"es_ES","og_type":"article","og_title":"D\u00eda Mundial de los Derechos Humanos 2025 &#8226; Istituto Figlie di Maria Ausiliatrice","og_description":"El 10 de diciembre de 2025 se celebra el D\u00eda Mundial de los Derechos Humanos, con el lema: \u201cNuestros Bienes Esenciales Cotidianos\u201d.","og_url":"https:\/\/www.cgfmanet.org\/es\/infoesfera\/derechos-humanos\/dia-mundial-de-los-derechos-humanos-2025\/","og_site_name":"Istituto Figlie di Maria Ausiliatrice","article_publisher":"https:\/\/www.facebook.com\/salesian.sisters.of.don.bosco\/","article_published_time":"2025-12-08T11:45:43+00:00","article_modified_time":"2025-12-13T21:52:24+00:00","og_image":[{"width":1181,"height":784,"url":"https:\/\/www.cgfmanet.org\/wp-content\/uploads\/2025\/12\/Giornata-Diritti-Umani-2025.jpg","type":"image\/jpeg"}],"author":"Redazione","twitter_card":"summary_large_image","twitter_creator":"@Cgfmanet_Org","twitter_site":"@Cgfmanet_Org","twitter_misc":{"Escrito por":"Redazione","Tiempo de lectura":"4 minutos"},"schema":{"@context":"https:\/\/schema.org","@graph":[{"@type":"Article","@id":"https:\/\/www.cgfmanet.org\/es\/infoesfera\/derechos-humanos\/dia-mundial-de-los-derechos-humanos-2025\/#article","isPartOf":{"@id":"https:\/\/www.cgfmanet.org\/es\/infoesfera\/derechos-humanos\/dia-mundial-de-los-derechos-humanos-2025\/"},"author":{"name":"Redazione","@id":"https:\/\/www.cgfmanet.org\/es\/#\/schema\/person\/ce6473083f53ef0ef882cca23f0c8fb9"},"headline":"D\u00eda Mundial de los Derechos Humanos 2025","datePublished":"2025-12-08T11:45:43+00:00","dateModified":"2025-12-13T21:52:24+00:00","mainEntityOfPage":{"@id":"https:\/\/www.cgfmanet.org\/es\/infoesfera\/derechos-humanos\/dia-mundial-de-los-derechos-humanos-2025\/"},"wordCount":746,"commentCount":0,"publisher":{"@id":"https:\/\/www.cgfmanet.org\/es\/#organization"},"image":{"@id":"https:\/\/www.cgfmanet.org\/es\/infoesfera\/derechos-humanos\/dia-mundial-de-los-derechos-humanos-2025\/#primaryimage"},"thumbnailUrl":"https:\/\/www.cgfmanet.org\/wp-content\/uploads\/2025\/12\/Giornata-Diritti-Umani-2025.jpg","keywords":["IIMA\/FMA","Vides","cittadinanza","Focus","Solidariet\u00e0"],"articleSection":["Infoesfera","Derechos Humanos"],"inLanguage":"es","potentialAction":[{"@type":"CommentAction","name":"Comment","target":["https:\/\/www.cgfmanet.org\/es\/infoesfera\/derechos-humanos\/dia-mundial-de-los-derechos-humanos-2025\/#respond"]}]},{"@type":"WebPage","@id":"https:\/\/www.cgfmanet.org\/es\/infoesfera\/derechos-humanos\/dia-mundial-de-los-derechos-humanos-2025\/","url":"https:\/\/www.cgfmanet.org\/es\/infoesfera\/derechos-humanos\/dia-mundial-de-los-derechos-humanos-2025\/","name":"D\u00eda Mundial de los Derechos Humanos 2025 &#8226; Istituto Figlie di Maria Ausiliatrice","isPartOf":{"@id":"https:\/\/www.cgfmanet.org\/es\/#website"},"primaryImageOfPage":{"@id":"https:\/\/www.cgfmanet.org\/es\/infoesfera\/derechos-humanos\/dia-mundial-de-los-derechos-humanos-2025\/#primaryimage"},"image":{"@id":"https:\/\/www.cgfmanet.org\/es\/infoesfera\/derechos-humanos\/dia-mundial-de-los-derechos-humanos-2025\/#primaryimage"},"thumbnailUrl":"https:\/\/www.cgfmanet.org\/wp-content\/uploads\/2025\/12\/Giornata-Diritti-Umani-2025.jpg","datePublished":"2025-12-08T11:45:43+00:00","dateModified":"2025-12-13T21:52:24+00:00","description":"El 10 de diciembre de 2025 se celebra el D\u00eda Mundial de los Derechos Humanos, con el lema: \u201cNuestros Bienes Esenciales Cotidianos\u201d.","breadcrumb":{"@id":"https:\/\/www.cgfmanet.org\/es\/infoesfera\/derechos-humanos\/dia-mundial-de-los-derechos-humanos-2025\/#breadcrumb"},"inLanguage":"es","potentialAction":[{"@type":"ReadAction","target":["https:\/\/www.cgfmanet.org\/es\/infoesfera\/derechos-humanos\/dia-mundial-de-los-derechos-humanos-2025\/"]}]},{"@type":"ImageObject","inLanguage":"es","@id":"https:\/\/www.cgfmanet.org\/es\/infoesfera\/derechos-humanos\/dia-mundial-de-los-derechos-humanos-2025\/#primaryimage","url":"https:\/\/www.cgfmanet.org\/wp-content\/uploads\/2025\/12\/Giornata-Diritti-Umani-2025.jpg","contentUrl":"https:\/\/www.cgfmanet.org\/wp-content\/uploads\/2025\/12\/Giornata-Diritti-Umani-2025.jpg","width":1181,"height":784},{"@type":"BreadcrumbList","@id":"https:\/\/www.cgfmanet.org\/es\/infoesfera\/derechos-humanos\/dia-mundial-de-los-derechos-humanos-2025\/#breadcrumb","itemListElement":[{"@type":"ListItem","position":1,"name":"Home","item":"https:\/\/www.cgfmanet.org\/es\/"},{"@type":"ListItem","position":2,"name":"D\u00eda Mundial de los Derechos Humanos 2025"}]},{"@type":"WebSite","@id":"https:\/\/www.cgfmanet.org\/es\/#website","url":"https:\/\/www.cgfmanet.org\/es\/","name":"Istituto Figlie di Maria Ausiliatrice","description":"Salesiane di Don Bosco","publisher":{"@id":"https:\/\/www.cgfmanet.org\/es\/#organization"},"potentialAction":[{"@type":"SearchAction","target":{"@type":"EntryPoint","urlTemplate":"https:\/\/www.cgfmanet.org\/es\/?s={search_term_string}"},"query-input":{"@type":"PropertyValueSpecification","valueRequired":true,"valueName":"search_term_string"}}],"inLanguage":"es"},{"@type":"Organization","@id":"https:\/\/www.cgfmanet.org\/es\/#organization","name":"Istituto Figlie di Maria Ausiliatrice","url":"https:\/\/www.cgfmanet.org\/es\/","logo":{"@type":"ImageObject","inLanguage":"es","@id":"https:\/\/www.cgfmanet.org\/es\/#\/schema\/logo\/image\/","url":"https:\/\/www.cgfmanet.org\/wp-content\/uploads\/2018\/10\/logo-fma.png","contentUrl":"https:\/\/www.cgfmanet.org\/wp-content\/uploads\/2018\/10\/logo-fma.png","width":214,"height":55,"caption":"Istituto Figlie di Maria Ausiliatrice"},"image":{"@id":"https:\/\/www.cgfmanet.org\/es\/#\/schema\/logo\/image\/"},"sameAs":["https:\/\/www.facebook.com\/salesian.sisters.of.don.bosco\/","https:\/\/x.com\/Cgfmanet_Org","https:\/\/www.youtube.com\/channel\/UCmcr8yFQBV7JXeXVxyV9y5Q"]},{"@type":"Person","@id":"https:\/\/www.cgfmanet.org\/es\/#\/schema\/person\/ce6473083f53ef0ef882cca23f0c8fb9","name":"Redazione"}]}},"_links":{"self":[{"href":"https:\/\/www.cgfmanet.org\/es\/wp-json\/wp\/v2\/posts\/149105","targetHints":{"allow":["GET"]}}],"collection":[{"href":"https:\/\/www.cgfmanet.org\/es\/wp-json\/wp\/v2\/posts"}],"about":[{"href":"https:\/\/www.cgfmanet.org\/es\/wp-json\/wp\/v2\/types\/post"}],"author":[{"embeddable":true,"href":"https:\/\/www.cgfmanet.org\/es\/wp-json\/wp\/v2\/users\/21"}],"replies":[{"embeddable":true,"href":"https:\/\/www.cgfmanet.org\/es\/wp-json\/wp\/v2\/comments?post=149105"}],"version-history":[{"count":3,"href":"https:\/\/www.cgfmanet.org\/es\/wp-json\/wp\/v2\/posts\/149105\/revisions"}],"predecessor-version":[{"id":149461,"href":"https:\/\/www.cgfmanet.org\/es\/wp-json\/wp\/v2\/posts\/149105\/revisions\/149461"}],"wp:featuredmedia":[{"embeddable":true,"href":"https:\/\/www.cgfmanet.org\/es\/wp-json\/wp\/v2\/media\/149100"}],"wp:attachment":[{"href":"https:\/\/www.cgfmanet.org\/es\/wp-json\/wp\/v2\/media?parent=149105"}],"wp:term":[{"taxonomy":"category","embeddable":true,"href":"https:\/\/www.cgfmanet.org\/es\/wp-json\/wp\/v2\/categories?post=149105"},{"taxonomy":"post_tag","embeddable":true,"href":"https:\/\/www.cgfmanet.org\/es\/wp-json\/wp\/v2\/tags?post=149105"}],"curies":[{"name":"wp","href":"https:\/\/api.w.org\/{rel}","templated":true}]}}