{"id":149077,"date":"2025-12-06T23:15:33","date_gmt":"2025-12-06T22:15:33","guid":{"rendered":"https:\/\/www.cgfmanet.org\/?p=149077"},"modified":"2025-12-06T23:20:53","modified_gmt":"2025-12-06T22:20:53","slug":"una-ola-que-lleva-el-nombre-de-maria-inmaculada-2025","status":"publish","type":"post","link":"https:\/\/www.cgfmanet.org\/es\/ifma-es\/una-ola-que-lleva-el-nombre-de-maria-inmaculada-2025\/","title":{"rendered":"Una ola que lleva el nombre de Mar\u00eda \u2013 Inmaculada 2025"},"content":{"rendered":"<p><strong>Roma (Italia). <\/strong>Con ocasi\u00f3n de la Solemnidad de la Inmaculada Concepci\u00f3n de Mar\u00eda 2024 la Superiora General del Instituto de las Hijas de Mar\u00eda Auxiliadora, Madre Chiara Cazzuola, dirige <strong>un Mensaje de augurio a todas las FMA y a las Comunidades Educativas: <\/strong><\/p>\n<p>En el clima misionero en el que estamos viviendo este tiempo, tambi\u00e9n impulsadas y guiadas por la canonizaci\u00f3n de Santa Mar\u00eda Troncatti, por las recientes celebraciones en Tur\u00edn y G\u00e9nova de la Primera Expedici\u00f3n Misionera de nuestros hermanos Salesianos, y al finalizar el primer a\u00f1o de preparaci\u00f3n para el 150\u00ba Aniversario de la Primera Expedici\u00f3n Misionera de nuestro Instituto, en este mensaje quisiera destacar el aspecto misionero mariano de nuestra vocaci\u00f3n. Somos Hijas de Mar\u00eda Auxiliadora, un Instituto todo de Mar\u00eda, que nos ha querido y que sigue estando activamente presente en nuestra vida. Es para nosotras la Gu\u00eda que nos precede y nos acompa\u00f1a en el camino.<\/p>\n<p>Me parece significativo retomar uno de los pasajes m\u00e1s bellos de la Cronohistoria. Se trata de la ma\u00f1ana del 14 de noviembre de 1877. Despu\u00e9s de haber confesado a las misioneras y haber celebrado la Eucarist\u00eda, Don Bosco, junto con Madre Mazzarello, acompa\u00f1a a las hermanas y a los salesianos al puerto de G\u00e9nova.<\/p>\n<div class=\"youtube-embed\" data-video_id=\"VfwNXTrepkU\"><iframe title=\"Messaggio di Madre Chiara Cazzuola - Festa dell&#039;Immacolata 2025\" width=\"696\" height=\"392\" data-src=\"https:\/\/www.youtube.com\/embed\/VfwNXTrepkU?feature=oembed&#038;enablejsapi=1\" frameborder=\"0\" allow=\"accelerometer; autoplay; clipboard-write; encrypted-media; gyroscope; picture-in-picture; web-share\" referrerpolicy=\"strict-origin-when-cross-origin\" allowfullscreen src=\"data:image\/svg+xml;base64,PHN2ZyB3aWR0aD0iMSIgaGVpZ2h0PSIxIiB4bWxucz0iaHR0cDovL3d3dy53My5vcmcvMjAwMC9zdmciPjwvc3ZnPg==\" class=\"lazyload\" data-load-mode=\"1\"><\/iframe><\/div>\n<p>Llegados al lugar del embarque, tambi\u00e9n ellos suben al barco (cfr. <em>Cronohistoria<\/em> II 289 ss). Es conmovedora la premura de Don Bosco y de Madre Mazzarello, que con coraz\u00f3n de padre y de madre van entre los camarotes para ver c\u00f3mo est\u00e1n instaladas las hermanas y los salesianos. Cuando los acompa\u00f1antes tienen que dejar el barco, la despedida es ciertamente desgarradora. La <em>Cronohistoria<\/em> nos relata tantos detalles emocionantes en los que no ahondar\u00e9 por ahora, pero llegado a un punto, mientras el barco se aleja, llega del mar una ola sonora: es Don Costamagna que acompa\u00f1a al piano el coro \u00abYo quiero amar a Mar\u00eda, quiero entregarle mi coraz\u00f3n\u00bb. Este canto se difunde a lo lejos, mientras el barco deja el puerto\u2026\u00bbYo quiero amar a Mar\u00eda, quiero entregarle mi coraz\u00f3n\u00bb, era un himno que Don Costamagna hab\u00eda compuesto en Mornese para las hermanas y es interesante conocer su origen. \u00c9l compon\u00eda en la sacrist\u00eda donde probaba y volv\u00eda a probar, especialmente las primeras notas, que enfatizaban el verso \u00abYo quiero amar a Mar\u00eda&#8230;\u00bb y no lograba ir m\u00e1s all\u00e1.<\/p>\n<p>La casa estaba inundada por este sonido, por lo que en el taller no se pod\u00edan escuchar si no era alzando la voz. Entonces Madre Mazzarello, que trabajando hablaba a las postulantes y a las novicias y ya hab\u00eda cambiado varias veces de lugar, pero de igual modo era como si fuera perseguida por aquel estribillo \u00abYo quiero amar a Mar\u00eda&#8230;\u00bb, al final, con una sonrisa benevolente, hab\u00eda dicho: \u00abVayan a decirle al Director que no s\u00f3lo \u00e9l quiere amar a la Virgen, sino que queremos amarla tambi\u00e9n nosotras y que se quede tranquilo\u00bb.<\/p>\n<p>En ese momento, para las primeras misioneras, este canto est\u00e1 ligado al recuerdo de Mornese, y es interesante que las hermanas canten esta alabanza mientras dejan la patria, la familia, los Fundadores; es un momento de gran desprendimiento. Dejan a Don Bosco y a Madre Mazzarello, dejan una experiencia cierta para ir al encuentro de lo desconocido.<\/p>\n<p>La protagonista de este momento sigue siendo Mar\u00eda, la Madre y la Maestra. Aquella que sostiene, consuela y anima. Quiz\u00e1s estas palabras \u00abYo quiero amar a Mar\u00eda, quiero entregarle mi coraz\u00f3n\u00bb&#8230; nos parezcan rom\u00e1nticas, adem\u00e1s expresadas con un lenguaje decimon\u00f3nico, pero vayamos a la sustancia: Mar\u00eda es la que precede el camino y lo acompa\u00f1a. No existe ninguna casa o Inspector\u00eda nuestra que no haya sido pensada y precedida por la Madre de Dios y Madre nuestra. Ella envuelve de gran ternura a cada persona, a cada comunidad educativa, a cada actividad y proyecto de bien.<\/p>\n<p>Pienso que en la Solemnidad de la Inmaculada, podemos recuperar la hermos\u00edsima experiencia de nuestras hermanas: Mar\u00eda est\u00e1 presente en las j\u00f3venes hermanas que parten para las misiones, Mar\u00eda precede el camino en Am\u00e9rica donde espera a sus Hijas. (\u2026)<\/p>\n<p>Estos podr\u00edan ser hechos de cr\u00f3nica y podr\u00edamos detenernos aqu\u00ed. Pero ese canto, como se describe en nuestra <em>Cronohistoria<\/em>, \u00abse pierde en la ola&#8230;\u00bb m\u00e1s bien \u00abllega del mar una ola sonora&#8230;\u00bb. Nosotros sabemos que la ola es dinamismo, movimiento, una ola no se sabe d\u00f3nde va a parar, y esta ola se transmite en el oc\u00e9ano junto con nuestra acci\u00f3n misionera&#8230; una ola que lleva el nombre de Mar\u00eda, una declaraci\u00f3n, no s\u00f3lo la dulzura de un recuerdo, de una experiencia tan importante que nos une a los or\u00edgenes de nuestro Instituto, sino una reflexi\u00f3n para el hoy.<\/p>\n<p>Todas hemos sido tocadas por esta ola, que a\u00fan resuena en nosotras y que nos recuerda la presencia de Mar\u00eda en nuestra vida, en nuestra misi\u00f3n. La ola es sugestiva, es como si sinti\u00e9ramos resonar en nuestros o\u00eddos la potencia de esta expresi\u00f3n: para nosotras es una certeza que nos conforta y nos ayuda a mirar al futuro con esperanza y confianza.<\/p>\n<p>En esta Solemnidad de la Inmaculada, dirij\u00e1monos a Ella, venerada desde el principio en Valdocco y en Mornese como Inmaculada Auxiliadora, la mujer de la victoria, que vela sobre la Iglesia y sobre la humanidad entera y derrota el mal para siempre, para que nos d\u00e9 tambi\u00e9n a nosotras la valent\u00eda de opciones misioneras y al mundo entero traiga paz y esperanza.<\/p>\n<p>En este importante momento, nos sentimos en comuni\u00f3n con toda la Familia Salesiana, sobre todo en la cita del c\u00edrculo mariano.<\/p>\n<h3 style=\"text-align: center;\"><span style=\"color: #ff0000;\"><strong>\u00a1Feliz fiesta!<\/strong><\/span><\/h3>\n<p>Roma, 8 de diciembre de 2025<\/p>\n<p style=\"text-align: right;\"><em>Sor Chiara Cazzuola<\/em><br \/>\nSuperiora general del Instituto FMA<\/p>\n<p><span style=\"color: #0000ff;\"><a style=\"color: #0000ff;\" href=\"https:\/\/drive.google.com\/drive\/u\/0\/folders\/1UMPvh_OBGS8Jm_cO3OQAOKhUQapESwyy\" target=\"_blank\" rel=\"noopener\"><strong>Texto completo del Mensaje<\/strong><\/a><\/span><\/p>\n","protected":false},"excerpt":{"rendered":"<p>Roma (Italia). Con ocasi\u00f3n de la Solemnidad de la Inmaculada Concepci\u00f3n de Mar\u00eda 2024 la Superiora General del Instituto de las Hijas de Mar\u00eda Auxiliadora, Madre Chiara Cazzuola, dirige un [&hellip;]<\/p>\n","protected":false},"author":21,"featured_media":149087,"comment_status":"open","ping_status":"closed","sticky":false,"template":"","format":"standard","meta":{"footnotes":""},"categories":[167,158],"tags":[371,1669,1931,2379],"class_list":["post-149077","post","type-post","status-publish","format-standard","has-post-thumbnail","category-carisma-salesiano-es","category-ifma-es","tag-madre-general","tag-spiritualita-salesiana-es","tag-focus-es","tag-madre-chiara-cazzuola-es"],"yoast_head":"<!-- This site is optimized with the Yoast SEO plugin v27.4 - https:\/\/yoast.com\/product\/yoast-seo-wordpress\/ -->\n<title>Una ola que lleva el nombre de Mar\u00eda \u2013 Inmaculada 2025 &#8226; Istituto Figlie di Maria Ausiliatrice<\/title>\n<meta name=\"description\" content=\"El Mensaje de Augurio de la Superiora General del Instituto de las Hijas de Mar\u00eda Auxiliadora, Madre Chiara Cazzuola, para la Solemnidad de la Inmaculada Concepci\u00f3n de Mar\u00eda 2025.\" \/>\n<meta name=\"robots\" content=\"index, follow, max-snippet:-1, max-image-preview:large, max-video-preview:-1\" \/>\n<link rel=\"canonical\" href=\"https:\/\/www.cgfmanet.org\/es\/ifma-es\/una-ola-que-lleva-el-nombre-de-maria-inmaculada-2025\/\" \/>\n<meta property=\"og:locale\" content=\"es_ES\" \/>\n<meta property=\"og:type\" content=\"article\" \/>\n<meta property=\"og:title\" content=\"Una ola que lleva el nombre de Mar\u00eda \u2013 Inmaculada 2025 &#8226; Istituto Figlie di Maria Ausiliatrice\" \/>\n<meta property=\"og:description\" content=\"El Mensaje de Augurio de la Superiora General del Instituto de las Hijas de Mar\u00eda Auxiliadora, Madre Chiara Cazzuola, para la Solemnidad de la Inmaculada Concepci\u00f3n de Mar\u00eda 2025.\" \/>\n<meta property=\"og:url\" content=\"https:\/\/www.cgfmanet.org\/es\/ifma-es\/una-ola-que-lleva-el-nombre-de-maria-inmaculada-2025\/\" \/>\n<meta property=\"og:site_name\" content=\"Istituto Figlie di Maria Ausiliatrice\" \/>\n<meta property=\"article:publisher\" content=\"https:\/\/www.facebook.com\/salesian.sisters.of.don.bosco\/\" \/>\n<meta property=\"article:published_time\" content=\"2025-12-06T22:15:33+00:00\" \/>\n<meta property=\"article:modified_time\" content=\"2025-12-06T22:20:53+00:00\" \/>\n<meta property=\"og:image\" content=\"https:\/\/www.cgfmanet.org\/wp-content\/uploads\/2025\/12\/Messaggio-Madre-Immacolata-2025.jpg\" \/>\n\t<meta property=\"og:image:width\" content=\"1181\" \/>\n\t<meta property=\"og:image:height\" content=\"787\" \/>\n\t<meta property=\"og:image:type\" content=\"image\/jpeg\" \/>\n<meta name=\"author\" content=\"Redazione\" \/>\n<meta name=\"twitter:card\" content=\"summary_large_image\" \/>\n<meta name=\"twitter:creator\" content=\"@Cgfmanet_Org\" \/>\n<meta name=\"twitter:site\" content=\"@Cgfmanet_Org\" \/>\n<meta name=\"twitter:label1\" content=\"Escrito por\" \/>\n\t<meta name=\"twitter:data1\" content=\"Redazione\" \/>\n\t<meta name=\"twitter:label2\" content=\"Tiempo de lectura\" \/>\n\t<meta name=\"twitter:data2\" content=\"6 minutos\" \/>\n<script type=\"application\/ld+json\" class=\"yoast-schema-graph\">{\"@context\":\"https:\\\/\\\/schema.org\",\"@graph\":[{\"@type\":\"Article\",\"@id\":\"https:\\\/\\\/www.cgfmanet.org\\\/es\\\/ifma-es\\\/una-ola-que-lleva-el-nombre-de-maria-inmaculada-2025\\\/#article\",\"isPartOf\":{\"@id\":\"https:\\\/\\\/www.cgfmanet.org\\\/es\\\/ifma-es\\\/una-ola-que-lleva-el-nombre-de-maria-inmaculada-2025\\\/\"},\"author\":{\"name\":\"Redazione\",\"@id\":\"https:\\\/\\\/www.cgfmanet.org\\\/es\\\/#\\\/schema\\\/person\\\/ce6473083f53ef0ef882cca23f0c8fb9\"},\"headline\":\"Una ola que lleva el nombre de Mar\u00eda \u2013 Inmaculada 2025\",\"datePublished\":\"2025-12-06T22:15:33+00:00\",\"dateModified\":\"2025-12-06T22:20:53+00:00\",\"mainEntityOfPage\":{\"@id\":\"https:\\\/\\\/www.cgfmanet.org\\\/es\\\/ifma-es\\\/una-ola-que-lleva-el-nombre-de-maria-inmaculada-2025\\\/\"},\"wordCount\":1028,\"commentCount\":1,\"publisher\":{\"@id\":\"https:\\\/\\\/www.cgfmanet.org\\\/es\\\/#organization\"},\"image\":{\"@id\":\"https:\\\/\\\/www.cgfmanet.org\\\/es\\\/ifma-es\\\/una-ola-que-lleva-el-nombre-de-maria-inmaculada-2025\\\/#primaryimage\"},\"thumbnailUrl\":\"https:\\\/\\\/www.cgfmanet.org\\\/wp-content\\\/uploads\\\/2025\\\/12\\\/Messaggio-Madre-Immacolata-2025.jpg\",\"keywords\":[\"Madre General\",\"Spiritualit\u00e0 Salesiana\",\"Focus\",\"Madre Chiara Cazzuola\"],\"articleSection\":[\"Carisma Salesiano\",\"IFMA\"],\"inLanguage\":\"es\",\"potentialAction\":[{\"@type\":\"CommentAction\",\"name\":\"Comment\",\"target\":[\"https:\\\/\\\/www.cgfmanet.org\\\/es\\\/ifma-es\\\/una-ola-que-lleva-el-nombre-de-maria-inmaculada-2025\\\/#respond\"]}]},{\"@type\":\"WebPage\",\"@id\":\"https:\\\/\\\/www.cgfmanet.org\\\/es\\\/ifma-es\\\/una-ola-que-lleva-el-nombre-de-maria-inmaculada-2025\\\/\",\"url\":\"https:\\\/\\\/www.cgfmanet.org\\\/es\\\/ifma-es\\\/una-ola-que-lleva-el-nombre-de-maria-inmaculada-2025\\\/\",\"name\":\"Una ola que lleva el nombre de Mar\u00eda \u2013 Inmaculada 2025 &#8226; Istituto Figlie di Maria Ausiliatrice\",\"isPartOf\":{\"@id\":\"https:\\\/\\\/www.cgfmanet.org\\\/es\\\/#website\"},\"primaryImageOfPage\":{\"@id\":\"https:\\\/\\\/www.cgfmanet.org\\\/es\\\/ifma-es\\\/una-ola-que-lleva-el-nombre-de-maria-inmaculada-2025\\\/#primaryimage\"},\"image\":{\"@id\":\"https:\\\/\\\/www.cgfmanet.org\\\/es\\\/ifma-es\\\/una-ola-que-lleva-el-nombre-de-maria-inmaculada-2025\\\/#primaryimage\"},\"thumbnailUrl\":\"https:\\\/\\\/www.cgfmanet.org\\\/wp-content\\\/uploads\\\/2025\\\/12\\\/Messaggio-Madre-Immacolata-2025.jpg\",\"datePublished\":\"2025-12-06T22:15:33+00:00\",\"dateModified\":\"2025-12-06T22:20:53+00:00\",\"description\":\"El Mensaje de Augurio de la Superiora General del Instituto de las Hijas de Mar\u00eda Auxiliadora, Madre Chiara Cazzuola, para la Solemnidad de la Inmaculada Concepci\u00f3n de Mar\u00eda 2025.\",\"breadcrumb\":{\"@id\":\"https:\\\/\\\/www.cgfmanet.org\\\/es\\\/ifma-es\\\/una-ola-que-lleva-el-nombre-de-maria-inmaculada-2025\\\/#breadcrumb\"},\"inLanguage\":\"es\",\"potentialAction\":[{\"@type\":\"ReadAction\",\"target\":[\"https:\\\/\\\/www.cgfmanet.org\\\/es\\\/ifma-es\\\/una-ola-que-lleva-el-nombre-de-maria-inmaculada-2025\\\/\"]}]},{\"@type\":\"ImageObject\",\"inLanguage\":\"es\",\"@id\":\"https:\\\/\\\/www.cgfmanet.org\\\/es\\\/ifma-es\\\/una-ola-que-lleva-el-nombre-de-maria-inmaculada-2025\\\/#primaryimage\",\"url\":\"https:\\\/\\\/www.cgfmanet.org\\\/wp-content\\\/uploads\\\/2025\\\/12\\\/Messaggio-Madre-Immacolata-2025.jpg\",\"contentUrl\":\"https:\\\/\\\/www.cgfmanet.org\\\/wp-content\\\/uploads\\\/2025\\\/12\\\/Messaggio-Madre-Immacolata-2025.jpg\",\"width\":1181,\"height\":787},{\"@type\":\"BreadcrumbList\",\"@id\":\"https:\\\/\\\/www.cgfmanet.org\\\/es\\\/ifma-es\\\/una-ola-que-lleva-el-nombre-de-maria-inmaculada-2025\\\/#breadcrumb\",\"itemListElement\":[{\"@type\":\"ListItem\",\"position\":1,\"name\":\"Home\",\"item\":\"https:\\\/\\\/www.cgfmanet.org\\\/es\\\/\"},{\"@type\":\"ListItem\",\"position\":2,\"name\":\"Una ola que lleva el nombre de Mar\u00eda \u2013 Inmaculada 2025\"}]},{\"@type\":\"WebSite\",\"@id\":\"https:\\\/\\\/www.cgfmanet.org\\\/es\\\/#website\",\"url\":\"https:\\\/\\\/www.cgfmanet.org\\\/es\\\/\",\"name\":\"Istituto Figlie di Maria Ausiliatrice\",\"description\":\"Salesiane di Don Bosco\",\"publisher\":{\"@id\":\"https:\\\/\\\/www.cgfmanet.org\\\/es\\\/#organization\"},\"potentialAction\":[{\"@type\":\"SearchAction\",\"target\":{\"@type\":\"EntryPoint\",\"urlTemplate\":\"https:\\\/\\\/www.cgfmanet.org\\\/es\\\/?s={search_term_string}\"},\"query-input\":{\"@type\":\"PropertyValueSpecification\",\"valueRequired\":true,\"valueName\":\"search_term_string\"}}],\"inLanguage\":\"es\"},{\"@type\":\"Organization\",\"@id\":\"https:\\\/\\\/www.cgfmanet.org\\\/es\\\/#organization\",\"name\":\"Istituto Figlie di Maria Ausiliatrice\",\"url\":\"https:\\\/\\\/www.cgfmanet.org\\\/es\\\/\",\"logo\":{\"@type\":\"ImageObject\",\"inLanguage\":\"es\",\"@id\":\"https:\\\/\\\/www.cgfmanet.org\\\/es\\\/#\\\/schema\\\/logo\\\/image\\\/\",\"url\":\"https:\\\/\\\/www.cgfmanet.org\\\/wp-content\\\/uploads\\\/2018\\\/10\\\/logo-fma.png\",\"contentUrl\":\"https:\\\/\\\/www.cgfmanet.org\\\/wp-content\\\/uploads\\\/2018\\\/10\\\/logo-fma.png\",\"width\":214,\"height\":55,\"caption\":\"Istituto Figlie di Maria Ausiliatrice\"},\"image\":{\"@id\":\"https:\\\/\\\/www.cgfmanet.org\\\/es\\\/#\\\/schema\\\/logo\\\/image\\\/\"},\"sameAs\":[\"https:\\\/\\\/www.facebook.com\\\/salesian.sisters.of.don.bosco\\\/\",\"https:\\\/\\\/x.com\\\/Cgfmanet_Org\",\"https:\\\/\\\/www.youtube.com\\\/channel\\\/UCmcr8yFQBV7JXeXVxyV9y5Q\"]},{\"@type\":\"Person\",\"@id\":\"https:\\\/\\\/www.cgfmanet.org\\\/es\\\/#\\\/schema\\\/person\\\/ce6473083f53ef0ef882cca23f0c8fb9\",\"name\":\"Redazione\"}]}<\/script>\n<!-- \/ Yoast SEO plugin. -->","yoast_head_json":{"title":"Una ola que lleva el nombre de Mar\u00eda \u2013 Inmaculada 2025 &#8226; Istituto Figlie di Maria Ausiliatrice","description":"El Mensaje de Augurio de la Superiora General del Instituto de las Hijas de Mar\u00eda Auxiliadora, Madre Chiara Cazzuola, para la Solemnidad de la Inmaculada Concepci\u00f3n de Mar\u00eda 2025.","robots":{"index":"index","follow":"follow","max-snippet":"max-snippet:-1","max-image-preview":"max-image-preview:large","max-video-preview":"max-video-preview:-1"},"canonical":"https:\/\/www.cgfmanet.org\/es\/ifma-es\/una-ola-que-lleva-el-nombre-de-maria-inmaculada-2025\/","og_locale":"es_ES","og_type":"article","og_title":"Una ola que lleva el nombre de Mar\u00eda \u2013 Inmaculada 2025 &#8226; Istituto Figlie di Maria Ausiliatrice","og_description":"El Mensaje de Augurio de la Superiora General del Instituto de las Hijas de Mar\u00eda Auxiliadora, Madre Chiara Cazzuola, para la Solemnidad de la Inmaculada Concepci\u00f3n de Mar\u00eda 2025.","og_url":"https:\/\/www.cgfmanet.org\/es\/ifma-es\/una-ola-que-lleva-el-nombre-de-maria-inmaculada-2025\/","og_site_name":"Istituto Figlie di Maria Ausiliatrice","article_publisher":"https:\/\/www.facebook.com\/salesian.sisters.of.don.bosco\/","article_published_time":"2025-12-06T22:15:33+00:00","article_modified_time":"2025-12-06T22:20:53+00:00","og_image":[{"width":1181,"height":787,"url":"https:\/\/www.cgfmanet.org\/wp-content\/uploads\/2025\/12\/Messaggio-Madre-Immacolata-2025.jpg","type":"image\/jpeg"}],"author":"Redazione","twitter_card":"summary_large_image","twitter_creator":"@Cgfmanet_Org","twitter_site":"@Cgfmanet_Org","twitter_misc":{"Escrito por":"Redazione","Tiempo de lectura":"6 minutos"},"schema":{"@context":"https:\/\/schema.org","@graph":[{"@type":"Article","@id":"https:\/\/www.cgfmanet.org\/es\/ifma-es\/una-ola-que-lleva-el-nombre-de-maria-inmaculada-2025\/#article","isPartOf":{"@id":"https:\/\/www.cgfmanet.org\/es\/ifma-es\/una-ola-que-lleva-el-nombre-de-maria-inmaculada-2025\/"},"author":{"name":"Redazione","@id":"https:\/\/www.cgfmanet.org\/es\/#\/schema\/person\/ce6473083f53ef0ef882cca23f0c8fb9"},"headline":"Una ola que lleva el nombre de Mar\u00eda \u2013 Inmaculada 2025","datePublished":"2025-12-06T22:15:33+00:00","dateModified":"2025-12-06T22:20:53+00:00","mainEntityOfPage":{"@id":"https:\/\/www.cgfmanet.org\/es\/ifma-es\/una-ola-que-lleva-el-nombre-de-maria-inmaculada-2025\/"},"wordCount":1028,"commentCount":1,"publisher":{"@id":"https:\/\/www.cgfmanet.org\/es\/#organization"},"image":{"@id":"https:\/\/www.cgfmanet.org\/es\/ifma-es\/una-ola-que-lleva-el-nombre-de-maria-inmaculada-2025\/#primaryimage"},"thumbnailUrl":"https:\/\/www.cgfmanet.org\/wp-content\/uploads\/2025\/12\/Messaggio-Madre-Immacolata-2025.jpg","keywords":["Madre General","Spiritualit\u00e0 Salesiana","Focus","Madre Chiara Cazzuola"],"articleSection":["Carisma Salesiano","IFMA"],"inLanguage":"es","potentialAction":[{"@type":"CommentAction","name":"Comment","target":["https:\/\/www.cgfmanet.org\/es\/ifma-es\/una-ola-que-lleva-el-nombre-de-maria-inmaculada-2025\/#respond"]}]},{"@type":"WebPage","@id":"https:\/\/www.cgfmanet.org\/es\/ifma-es\/una-ola-que-lleva-el-nombre-de-maria-inmaculada-2025\/","url":"https:\/\/www.cgfmanet.org\/es\/ifma-es\/una-ola-que-lleva-el-nombre-de-maria-inmaculada-2025\/","name":"Una ola que lleva el nombre de Mar\u00eda \u2013 Inmaculada 2025 &#8226; Istituto Figlie di Maria Ausiliatrice","isPartOf":{"@id":"https:\/\/www.cgfmanet.org\/es\/#website"},"primaryImageOfPage":{"@id":"https:\/\/www.cgfmanet.org\/es\/ifma-es\/una-ola-que-lleva-el-nombre-de-maria-inmaculada-2025\/#primaryimage"},"image":{"@id":"https:\/\/www.cgfmanet.org\/es\/ifma-es\/una-ola-que-lleva-el-nombre-de-maria-inmaculada-2025\/#primaryimage"},"thumbnailUrl":"https:\/\/www.cgfmanet.org\/wp-content\/uploads\/2025\/12\/Messaggio-Madre-Immacolata-2025.jpg","datePublished":"2025-12-06T22:15:33+00:00","dateModified":"2025-12-06T22:20:53+00:00","description":"El Mensaje de Augurio de la Superiora General del Instituto de las Hijas de Mar\u00eda Auxiliadora, Madre Chiara Cazzuola, para la Solemnidad de la Inmaculada Concepci\u00f3n de Mar\u00eda 2025.","breadcrumb":{"@id":"https:\/\/www.cgfmanet.org\/es\/ifma-es\/una-ola-que-lleva-el-nombre-de-maria-inmaculada-2025\/#breadcrumb"},"inLanguage":"es","potentialAction":[{"@type":"ReadAction","target":["https:\/\/www.cgfmanet.org\/es\/ifma-es\/una-ola-que-lleva-el-nombre-de-maria-inmaculada-2025\/"]}]},{"@type":"ImageObject","inLanguage":"es","@id":"https:\/\/www.cgfmanet.org\/es\/ifma-es\/una-ola-que-lleva-el-nombre-de-maria-inmaculada-2025\/#primaryimage","url":"https:\/\/www.cgfmanet.org\/wp-content\/uploads\/2025\/12\/Messaggio-Madre-Immacolata-2025.jpg","contentUrl":"https:\/\/www.cgfmanet.org\/wp-content\/uploads\/2025\/12\/Messaggio-Madre-Immacolata-2025.jpg","width":1181,"height":787},{"@type":"BreadcrumbList","@id":"https:\/\/www.cgfmanet.org\/es\/ifma-es\/una-ola-que-lleva-el-nombre-de-maria-inmaculada-2025\/#breadcrumb","itemListElement":[{"@type":"ListItem","position":1,"name":"Home","item":"https:\/\/www.cgfmanet.org\/es\/"},{"@type":"ListItem","position":2,"name":"Una ola que lleva el nombre de Mar\u00eda \u2013 Inmaculada 2025"}]},{"@type":"WebSite","@id":"https:\/\/www.cgfmanet.org\/es\/#website","url":"https:\/\/www.cgfmanet.org\/es\/","name":"Istituto Figlie di Maria Ausiliatrice","description":"Salesiane di Don Bosco","publisher":{"@id":"https:\/\/www.cgfmanet.org\/es\/#organization"},"potentialAction":[{"@type":"SearchAction","target":{"@type":"EntryPoint","urlTemplate":"https:\/\/www.cgfmanet.org\/es\/?s={search_term_string}"},"query-input":{"@type":"PropertyValueSpecification","valueRequired":true,"valueName":"search_term_string"}}],"inLanguage":"es"},{"@type":"Organization","@id":"https:\/\/www.cgfmanet.org\/es\/#organization","name":"Istituto Figlie di Maria Ausiliatrice","url":"https:\/\/www.cgfmanet.org\/es\/","logo":{"@type":"ImageObject","inLanguage":"es","@id":"https:\/\/www.cgfmanet.org\/es\/#\/schema\/logo\/image\/","url":"https:\/\/www.cgfmanet.org\/wp-content\/uploads\/2018\/10\/logo-fma.png","contentUrl":"https:\/\/www.cgfmanet.org\/wp-content\/uploads\/2018\/10\/logo-fma.png","width":214,"height":55,"caption":"Istituto Figlie di Maria Ausiliatrice"},"image":{"@id":"https:\/\/www.cgfmanet.org\/es\/#\/schema\/logo\/image\/"},"sameAs":["https:\/\/www.facebook.com\/salesian.sisters.of.don.bosco\/","https:\/\/x.com\/Cgfmanet_Org","https:\/\/www.youtube.com\/channel\/UCmcr8yFQBV7JXeXVxyV9y5Q"]},{"@type":"Person","@id":"https:\/\/www.cgfmanet.org\/es\/#\/schema\/person\/ce6473083f53ef0ef882cca23f0c8fb9","name":"Redazione"}]}},"_links":{"self":[{"href":"https:\/\/www.cgfmanet.org\/es\/wp-json\/wp\/v2\/posts\/149077","targetHints":{"allow":["GET"]}}],"collection":[{"href":"https:\/\/www.cgfmanet.org\/es\/wp-json\/wp\/v2\/posts"}],"about":[{"href":"https:\/\/www.cgfmanet.org\/es\/wp-json\/wp\/v2\/types\/post"}],"author":[{"embeddable":true,"href":"https:\/\/www.cgfmanet.org\/es\/wp-json\/wp\/v2\/users\/21"}],"replies":[{"embeddable":true,"href":"https:\/\/www.cgfmanet.org\/es\/wp-json\/wp\/v2\/comments?post=149077"}],"version-history":[{"count":2,"href":"https:\/\/www.cgfmanet.org\/es\/wp-json\/wp\/v2\/posts\/149077\/revisions"}],"predecessor-version":[{"id":149092,"href":"https:\/\/www.cgfmanet.org\/es\/wp-json\/wp\/v2\/posts\/149077\/revisions\/149092"}],"wp:featuredmedia":[{"embeddable":true,"href":"https:\/\/www.cgfmanet.org\/es\/wp-json\/wp\/v2\/media\/149087"}],"wp:attachment":[{"href":"https:\/\/www.cgfmanet.org\/es\/wp-json\/wp\/v2\/media?parent=149077"}],"wp:term":[{"taxonomy":"category","embeddable":true,"href":"https:\/\/www.cgfmanet.org\/es\/wp-json\/wp\/v2\/categories?post=149077"},{"taxonomy":"post_tag","embeddable":true,"href":"https:\/\/www.cgfmanet.org\/es\/wp-json\/wp\/v2\/tags?post=149077"}],"curies":[{"name":"wp","href":"https:\/\/api.w.org\/{rel}","templated":true}]}}