{"id":147923,"date":"2025-11-26T14:05:41","date_gmt":"2025-11-26T13:05:41","guid":{"rendered":"https:\/\/www.cgfmanet.org\/infoesfera\/novena-dellimmacolata-2025\/"},"modified":"2025-12-04T18:56:55","modified_gmt":"2025-12-04T17:56:55","slug":"novena-de-la-inmaculada-2025","status":"publish","type":"post","link":"https:\/\/www.cgfmanet.org\/es\/infoesfera\/novena-de-la-inmaculada-2025\/","title":{"rendered":"Novena de la Inmaculada 2025"},"content":{"rendered":"<p><strong>Roma (Italia). <\/strong>Para prepararse a vivir la Solemnidad de la Inmaculada Concepci\u00f3n de Mar\u00eda, el 8 de diciembre de 2025, el Ambito para la Familia Salesiana del Instituto de las Hijas de Mar\u00eda Auxiliadora propone una Novena titulada:<\/p>\n<h3 style=\"text-align: center;\"><span style=\"color: #ff0000;\"><strong>\u201c\u00a1\u00c1nimo, la Virgen est\u00e1 cerca!\u201d<\/strong><\/span><\/h3>\n<p>En la presentaci\u00f3n de la Novena, Sor Leslie S\u00e1ndigo Ortega, Consejera para la Familia Salesiana del Instituto, explica la elecci\u00f3n del tema y la estructura:<\/p>\n<p>Con la canonizaci\u00f3n de <strong>Sor Mar\u00eda Troncatti<\/strong>, que tuvo lugar el 19 de octubre, el Se\u00f1or nos bendijo dando una nueva Santa al Instituto y a la Familia Salesiana. Mientras nos preparamos para celebrar la fiesta de la Inmaculada Concepci\u00f3n 2025, como Instituto, queremos caminar y alabar al Se\u00f1or por la vida y el testimonio de santidad de nuestra querida Hermana Mar\u00eda Troncatti, quien encontr\u00f3 en Mar\u00eda una ayuda, una maestra y un ejemplo.<\/p>\n<p><strong>La propuesta de la novena<\/strong> se inspira en pasajes de la biograf\u00eda de Santa Mar\u00eda Troncatti en los que la presencia y la protecc\u00edon directa de Mar\u00eda emerge en su vida personal y comunitaria y en la misi\u00f3n. Toda su vida transcurri\u00f3 en profunda comuni\u00f3n con Mar\u00eda, expresada en una confianza inquebrantable. Reparti\u00f3 las Avemarfas \u00a0como el aliento del alma y sac\u00f3 de esta oraci\u00f3n fuerza, serenidad, paciencia, creatividad y audacia misionera.<\/p>\n<p><strong>Para cada d<\/strong><strong>\u00eda<\/strong> se propone un episodio de la vida de Santa Mar\u00eda Troncatti que fomenta la reflexi\u00f3n y la confianza en la presencia de Mar\u00eda en la vida y en el compromiso diario.<\/p>\n<p><strong>Como practica concreta<\/strong>, se sugiere a las Comunidades rezar el Rosario y concluirlo con la propuesta de oraci\u00f3n a la Virgen Inmaculada, renovando los sentimientos de gratitud, suplica y confianza como ella misma dijo a su hermana Catalina: \u00abPido a todos un gran favor: que recen el Santo Rosario todas las noches antes de acostarse. Pido este favor a todos. Es la Sant\u00edsima Virgen quien lo quiere, y que se rece por la conversi\u00f3n de tantos pecadores. Siempre rezo por todos ustedes y ustedes rezan por m\u00ed\u00bb. (Cartas de Sor Marfa Troncatti, n. 56)<\/p>\n<p>iJunto con Santa Mar\u00eda Troncatti comenzamos esta Novena con fervor y amor por Mar\u00eda Inmaculada, Madre, Maestra y compa\u00f1era en el camino siempre!<\/p>\n<p>Adem\u00e1s de los textos, estar\u00e1n disponibles los archivos de <strong>los podcasts<\/strong> con los episodios, en formato mp4 y Wav, que tambi\u00e9n se subir\u00e1n a los canales de <strong>YouTube<\/strong> y S<strong>oundcloud<\/strong> del Instituto.<\/p>\n<p><span style=\"color: #0000ff;\"><a style=\"color: #0000ff;\" href=\"https:\/\/drive.google.com\/drive\/u\/0\/folders\/17d_OERNNBRsPZWoGQzgLXWqf2Rs-8jG5\" target=\"_blank\" rel=\"noopener\"><strong>PDF Novena<\/strong><\/a><\/span><\/p>\n<p><strong>D\u00eda 1 <\/strong>\u00a0\u2013<em><strong>Te confio mi vida<\/strong><\/em> \u2013 <a href=\"https:\/\/www.youtube.com\/watch?v=Bm50Al-9gSY&amp;list=PLvWyNVO-fG8Qk7UsDRqfz11TPAyL7VMDP\" target=\"_blank\" rel=\"noopener\"><strong><span style=\"color: #0000ff;\">YouTube<\/span><\/strong><\/a> \u2013<span style=\"color: #0000ff;\"><a style=\"color: #0000ff;\" href=\"https:\/\/soundcloud.com\/user-24146069\/novena-inmaculada-concepcion-2025-es-29-noviembre?in=user-24146069\/sets\/novena-immacolata-2025\" target=\"_blank\" rel=\"noopener\"><strong> Soundcloud <\/strong><\/a><\/span>&#8211; <span style=\"color: #0000ff;\"><a style=\"color: #0000ff;\" href=\"https:\/\/drive.google.com\/drive\/u\/0\/folders\/1v7UTjnU1gW1JXZ91fu9cSlVFgIgZdciC\" target=\"_blank\" rel=\"noopener\"><strong>Descargar<\/strong><\/a><\/span><\/p>\n<p><strong>D\u00eda 2 \u2013 <\/strong><em><strong>En tu nombre yo procedo <\/strong><\/em>\u00a0\u2013 <span style=\"color: #0000ff;\"><a style=\"color: #0000ff;\" href=\"https:\/\/www.youtube.com\/watch?v=2GqjpiC5Jp8\" target=\"_blank\" rel=\"noopener\"><strong>YouTube<\/strong><\/a><\/span> \u2013<span style=\"color: #0000ff;\"><a style=\"color: #0000ff;\" href=\"https:\/\/soundcloud.com\/user-24146069\/novena-inmaculada-concepcion-2025-es-30-noviembre\" target=\"_blank\" rel=\"noopener\"><strong> Soundcloud <\/strong><\/a><\/span>&#8211; <span style=\"color: #0000ff;\"><a style=\"color: #0000ff;\" href=\"https:\/\/drive.google.com\/drive\/u\/0\/folders\/1Fmc1PDMh1bUg1TgYKq_Z1DS1wny8nbur\" target=\"_blank\" rel=\"noopener\"><strong>Descargar<\/strong><\/a><\/span><\/p>\n<p><strong>D\u00eda 3 \u2013 <\/strong><em><strong>Tu mano me sostiene<\/strong><\/em><strong> \u2013 <span style=\"color: #0000ff;\"><a style=\"color: #0000ff;\" href=\"https:\/\/www.youtube.com\/watch?v=K4y5BJgQ6cM\" target=\"_blank\" rel=\"noopener\">YouTube<\/a><\/span><\/strong> \u2013<span style=\"color: #0000ff;\"><a style=\"color: #0000ff;\" href=\"https:\/\/soundcloud.com\/user-24146069\/novena-inmaculada-concepcion-2025-1-diciembre\" target=\"_blank\" rel=\"noopener\"><strong> Soundcloud <\/strong><\/a><\/span>&#8211; <span style=\"color: #0000ff;\"><a style=\"color: #0000ff;\" href=\"https:\/\/drive.google.com\/drive\/u\/0\/folders\/1GRhoYFvCKUJWvQQRQzfb519VlDp0VS3n\" target=\"_blank\" rel=\"noopener\"><strong>Descargar<\/strong><\/a><\/span><\/p>\n<p><strong>D\u00eda 4 \u2013 <\/strong><em><strong>Tu presencia me difende <\/strong><\/em><strong>\u2013 <span style=\"color: #0000ff;\"><a style=\"color: #0000ff;\" href=\"https:\/\/www.youtube.com\/watch?v=NPYa9qxAL6Y\" target=\"_blank\" rel=\"noopener\">YouTube<\/a><\/span><\/strong> \u2013<span style=\"color: #0000ff;\"><strong><a style=\"color: #0000ff;\" href=\"https:\/\/soundcloud.com\/user-24146069\/novena-de-la-inmaculada-concepcion-2025-es-2-diciembre\" target=\"_blank\" rel=\"noopener\"> Soundcloud<\/a> <\/strong><\/span>&#8211; <span style=\"color: #0000ff;\"><a style=\"color: #0000ff;\" href=\"https:\/\/drive.google.com\/drive\/u\/0\/folders\/1yG2BswPFiIM771AZVAbV8Np0exROzkGW\" target=\"_blank\" rel=\"noopener\"><strong>Descargar<\/strong><\/a><\/span><\/p>\n<p><strong>D\u00eda 5 \u2013 <\/strong><em><strong>Maria vela por nosotros<\/strong><\/em><strong> \u2013 <span style=\"color: #0000ff;\"><a style=\"color: #0000ff;\" href=\"https:\/\/www.youtube.com\/watch?v=TxCKio4l62k\" target=\"_blank\" rel=\"noopener\">YouTube<\/a><\/span><\/strong> \u2013<span style=\"color: #0000ff;\"><a style=\"color: #0000ff;\" href=\"https:\/\/soundcloud.com\/user-24146069\/novena-de-la-inmaculada-concepcion-2025-es-3-diciembre\" target=\"_blank\" rel=\"noopener\"><strong> Soundcloud <\/strong><\/a><\/span>&#8211; <span style=\"color: #0000ff;\"><a style=\"color: #0000ff;\" href=\"https:\/\/drive.google.com\/drive\/u\/0\/folders\/1XiTXpElTMDKZkAGbSZak94KFZ99hwxq8\" target=\"_blank\" rel=\"noopener\"><strong>Descargar<\/strong><\/a><\/span><\/p>\n<p><strong>D\u00eda 6 \u2013 <\/strong><em><strong>Virgen Inmaculada, s\u00e1lvanos <\/strong><\/em><strong>\u2013 <span style=\"color: #0000ff;\"><a style=\"color: #0000ff;\" href=\"https:\/\/www.youtube.com\/watch?v=QFWVlkQRXxU\" target=\"_blank\" rel=\"noopener\">YouTube<\/a><\/span><\/strong> \u2013<span style=\"color: #0000ff;\"><a style=\"color: #0000ff;\" href=\"https:\/\/soundcloud.com\/user-24146069\/novena-de-la-inmaculada-concepcion-2025-es-4-diciembre\" target=\"_blank\" rel=\"noopener\"><strong> Soundcloud <\/strong><\/a><\/span>&#8211; <span style=\"color: #0000ff;\"><a style=\"color: #0000ff;\" href=\"https:\/\/drive.google.com\/drive\/u\/0\/folders\/10nJ9_cFp9PhDFlfgLsLbXtJ7zI6e-dl8\" target=\"_blank\" rel=\"noopener\"><strong>Descargar <\/strong><\/a><\/span><\/p>\n<p><strong>D\u00eda 7 \u2013 <\/strong><em><strong>Escuchemos la voz de Mar\u00eda <\/strong><\/em><strong>\u2013 <span style=\"color: #0000ff;\"><a style=\"color: #0000ff;\" href=\"https:\/\/www.youtube.com\/watch?v=22vdX6pUufs\" target=\"_blank\" rel=\"noopener\">YouTube<\/a><\/span><\/strong> \u2013<span style=\"color: #0000ff;\"><a style=\"color: #0000ff;\" href=\"https:\/\/soundcloud.com\/user-24146069\/novena-de-la-inmaculada-concepcion-2025-es-5-diciembre\" target=\"_blank\" rel=\"noopener\"><strong> Soundcloud <\/strong><\/a><\/span>&#8211; <span style=\"color: #0000ff;\"><a style=\"color: #0000ff;\" href=\"https:\/\/drive.google.com\/drive\/u\/0\/folders\/160osj0PfCUahEYw5bTDnF639Zy2__Vwh\" target=\"_blank\" rel=\"noopener\"><strong>Descargar<\/strong><\/a><\/span><\/p>\n<p><strong>D\u00eda 8 \u2013 <\/strong><em><strong>Mar\u00eda camina con nosotros<\/strong><\/em><strong> \u2013 <span style=\"color: #0000ff;\"><a style=\"color: #0000ff;\" href=\"https:\/\/www.youtube.com\/watch?v=aL4S2pEhvlE\" target=\"_blank\" rel=\"noopener\">YouTube<\/a><\/span><\/strong> \u2013<span style=\"color: #0000ff;\"><a style=\"color: #0000ff;\" href=\"https:\/\/soundcloud.com\/user-24146069\/novena-de-la-inmaculada-concepcion-2025-es-6-diciembre\" target=\"_blank\" rel=\"noopener\"><strong> Soundcloud <\/strong><\/a><\/span>&#8211; <span style=\"color: #0000ff;\"><a style=\"color: #0000ff;\" href=\"https:\/\/drive.google.com\/drive\/u\/0\/folders\/1zPZwHOCfLVHKKazUeVwvgKOBSPKX1F_Y\" target=\"_blank\" rel=\"noopener\"><strong>Descargar <\/strong><\/a><\/span><\/p>\n<p><strong>D\u00eda 9 \u2013 <\/strong><em><strong>Que te vea siempre<\/strong><\/em><strong> \u2013 <span style=\"color: #0000ff;\"><a style=\"color: #0000ff;\" href=\"https:\/\/www.youtube.com\/watch?v=4Z1UsFMP9oE\" target=\"_blank\" rel=\"noopener\">YouTube<\/a><\/span><\/strong> \u2013<span style=\"color: #0000ff;\"><a style=\"color: #0000ff;\" href=\"https:\/\/soundcloud.com\/user-24146069\/novena-de-la-inmaculada-concepcion-2025-es-7-diciembre\" target=\"_blank\" rel=\"noopener\"><strong> Soundcloud <\/strong><\/a><\/span>&#8211; <span style=\"color: #0000ff;\"><a style=\"color: #0000ff;\" href=\"https:\/\/drive.google.com\/drive\/u\/0\/folders\/1EV5xzXoAx7sriIJ0xLoNoPj6-gktXPEP\" target=\"_blank\" rel=\"noopener\"><strong>Descargar<\/strong><\/a><\/span><\/p>\n","protected":false},"excerpt":{"rendered":"<p>Roma (Italia). Para prepararse a vivir la Solemnidad de la Inmaculada Concepci\u00f3n de Mar\u00eda, el 8 de diciembre de 2025, el Ambito para la Familia Salesiana del Instituto de las [&hellip;]<\/p>\n","protected":false},"author":21,"featured_media":147953,"comment_status":"open","ping_status":"closed","sticky":false,"template":"","format":"standard","meta":{"footnotes":""},"categories":[39,191],"tags":[259,399,1670,1779,1931,2148,2384],"class_list":["post-147923","post","type-post","status-publish","format-standard","has-post-thumbnail","category-infoesfera","category-iglesia","tag-consejera-para-la-familia-salesiana","tag-novena-de-la-inmaculada","tag-carisma-salesiano-es","tag-familia-salesiana-es","tag-focus-es","tag-preghiera-es","tag-maria-es"],"yoast_head":"<!-- This site is optimized with the Yoast SEO plugin v27.4 - https:\/\/yoast.com\/product\/yoast-seo-wordpress\/ -->\n<title>Novena de la Inmaculada 2025 &#8226; Istituto Figlie di Maria Ausiliatrice<\/title>\n<meta name=\"description\" content=\"La propuesta de la Familia Salesiana para prepararse, con una Novena, a la Solemnidad de la Inmaculada Concepci\u00f3n de Mar\u00eda, el 8 de diciembre de 2025.\" \/>\n<meta name=\"robots\" content=\"index, follow, max-snippet:-1, max-image-preview:large, max-video-preview:-1\" \/>\n<link rel=\"canonical\" href=\"https:\/\/www.cgfmanet.org\/es\/infoesfera\/novena-de-la-inmaculada-2025\/\" \/>\n<meta property=\"og:locale\" content=\"es_ES\" \/>\n<meta property=\"og:type\" content=\"article\" \/>\n<meta property=\"og:title\" content=\"Novena de la Inmaculada 2025 &#8226; Istituto Figlie di Maria Ausiliatrice\" \/>\n<meta property=\"og:description\" content=\"La propuesta de la Familia Salesiana para prepararse, con una Novena, a la Solemnidad de la Inmaculada Concepci\u00f3n de Mar\u00eda, el 8 de diciembre de 2025.\" \/>\n<meta property=\"og:url\" content=\"https:\/\/www.cgfmanet.org\/es\/infoesfera\/novena-de-la-inmaculada-2025\/\" \/>\n<meta property=\"og:site_name\" content=\"Istituto Figlie di Maria Ausiliatrice\" \/>\n<meta property=\"article:publisher\" content=\"https:\/\/www.facebook.com\/salesian.sisters.of.don.bosco\/\" \/>\n<meta property=\"article:published_time\" content=\"2025-11-26T13:05:41+00:00\" \/>\n<meta property=\"article:modified_time\" content=\"2025-12-04T17:56:55+00:00\" \/>\n<meta property=\"og:image\" content=\"https:\/\/www.cgfmanet.org\/wp-content\/uploads\/2025\/11\/Novena-Immacolata-2025_ESP.jpg\" \/>\n\t<meta property=\"og:image:width\" content=\"1200\" \/>\n\t<meta property=\"og:image:height\" content=\"800\" \/>\n\t<meta property=\"og:image:type\" content=\"image\/jpeg\" \/>\n<meta name=\"author\" content=\"Redazione\" \/>\n<meta name=\"twitter:card\" content=\"summary_large_image\" \/>\n<meta name=\"twitter:creator\" content=\"@Cgfmanet_Org\" \/>\n<meta name=\"twitter:site\" content=\"@Cgfmanet_Org\" \/>\n<meta name=\"twitter:label1\" content=\"Escrito por\" \/>\n\t<meta name=\"twitter:data1\" content=\"Redazione\" \/>\n\t<meta name=\"twitter:label2\" content=\"Tiempo de lectura\" \/>\n\t<meta name=\"twitter:data2\" content=\"3 minutos\" \/>\n<script type=\"application\/ld+json\" class=\"yoast-schema-graph\">{\"@context\":\"https:\\\/\\\/schema.org\",\"@graph\":[{\"@type\":\"Article\",\"@id\":\"https:\\\/\\\/www.cgfmanet.org\\\/es\\\/infoesfera\\\/novena-de-la-inmaculada-2025\\\/#article\",\"isPartOf\":{\"@id\":\"https:\\\/\\\/www.cgfmanet.org\\\/es\\\/infoesfera\\\/novena-de-la-inmaculada-2025\\\/\"},\"author\":{\"name\":\"Redazione\",\"@id\":\"https:\\\/\\\/www.cgfmanet.org\\\/es\\\/#\\\/schema\\\/person\\\/ce6473083f53ef0ef882cca23f0c8fb9\"},\"headline\":\"Novena de la Inmaculada 2025\",\"datePublished\":\"2025-11-26T13:05:41+00:00\",\"dateModified\":\"2025-12-04T17:56:55+00:00\",\"mainEntityOfPage\":{\"@id\":\"https:\\\/\\\/www.cgfmanet.org\\\/es\\\/infoesfera\\\/novena-de-la-inmaculada-2025\\\/\"},\"wordCount\":527,\"commentCount\":6,\"publisher\":{\"@id\":\"https:\\\/\\\/www.cgfmanet.org\\\/es\\\/#organization\"},\"image\":{\"@id\":\"https:\\\/\\\/www.cgfmanet.org\\\/es\\\/infoesfera\\\/novena-de-la-inmaculada-2025\\\/#primaryimage\"},\"thumbnailUrl\":\"https:\\\/\\\/www.cgfmanet.org\\\/wp-content\\\/uploads\\\/2025\\\/11\\\/Novena-Immacolata-2025_ESP.jpg\",\"keywords\":[\"Consejera para la Familia Salesiana\",\"Novena de la Inmaculada\",\"Carisma salesiano\",\"Familia Salesiana\",\"Focus\",\"Preghiera\",\"Maria\"],\"articleSection\":[\"Infoesfera\",\"Iglesia\"],\"inLanguage\":\"es\",\"potentialAction\":[{\"@type\":\"CommentAction\",\"name\":\"Comment\",\"target\":[\"https:\\\/\\\/www.cgfmanet.org\\\/es\\\/infoesfera\\\/novena-de-la-inmaculada-2025\\\/#respond\"]}]},{\"@type\":\"WebPage\",\"@id\":\"https:\\\/\\\/www.cgfmanet.org\\\/es\\\/infoesfera\\\/novena-de-la-inmaculada-2025\\\/\",\"url\":\"https:\\\/\\\/www.cgfmanet.org\\\/es\\\/infoesfera\\\/novena-de-la-inmaculada-2025\\\/\",\"name\":\"Novena de la Inmaculada 2025 &#8226; Istituto Figlie di Maria Ausiliatrice\",\"isPartOf\":{\"@id\":\"https:\\\/\\\/www.cgfmanet.org\\\/es\\\/#website\"},\"primaryImageOfPage\":{\"@id\":\"https:\\\/\\\/www.cgfmanet.org\\\/es\\\/infoesfera\\\/novena-de-la-inmaculada-2025\\\/#primaryimage\"},\"image\":{\"@id\":\"https:\\\/\\\/www.cgfmanet.org\\\/es\\\/infoesfera\\\/novena-de-la-inmaculada-2025\\\/#primaryimage\"},\"thumbnailUrl\":\"https:\\\/\\\/www.cgfmanet.org\\\/wp-content\\\/uploads\\\/2025\\\/11\\\/Novena-Immacolata-2025_ESP.jpg\",\"datePublished\":\"2025-11-26T13:05:41+00:00\",\"dateModified\":\"2025-12-04T17:56:55+00:00\",\"description\":\"La propuesta de la Familia Salesiana para prepararse, con una Novena, a la Solemnidad de la Inmaculada Concepci\u00f3n de Mar\u00eda, el 8 de diciembre de 2025.\",\"breadcrumb\":{\"@id\":\"https:\\\/\\\/www.cgfmanet.org\\\/es\\\/infoesfera\\\/novena-de-la-inmaculada-2025\\\/#breadcrumb\"},\"inLanguage\":\"es\",\"potentialAction\":[{\"@type\":\"ReadAction\",\"target\":[\"https:\\\/\\\/www.cgfmanet.org\\\/es\\\/infoesfera\\\/novena-de-la-inmaculada-2025\\\/\"]}]},{\"@type\":\"ImageObject\",\"inLanguage\":\"es\",\"@id\":\"https:\\\/\\\/www.cgfmanet.org\\\/es\\\/infoesfera\\\/novena-de-la-inmaculada-2025\\\/#primaryimage\",\"url\":\"https:\\\/\\\/www.cgfmanet.org\\\/wp-content\\\/uploads\\\/2025\\\/11\\\/Novena-Immacolata-2025_ESP.jpg\",\"contentUrl\":\"https:\\\/\\\/www.cgfmanet.org\\\/wp-content\\\/uploads\\\/2025\\\/11\\\/Novena-Immacolata-2025_ESP.jpg\",\"width\":1200,\"height\":800},{\"@type\":\"BreadcrumbList\",\"@id\":\"https:\\\/\\\/www.cgfmanet.org\\\/es\\\/infoesfera\\\/novena-de-la-inmaculada-2025\\\/#breadcrumb\",\"itemListElement\":[{\"@type\":\"ListItem\",\"position\":1,\"name\":\"Home\",\"item\":\"https:\\\/\\\/www.cgfmanet.org\\\/es\\\/\"},{\"@type\":\"ListItem\",\"position\":2,\"name\":\"Novena de la Inmaculada 2025\"}]},{\"@type\":\"WebSite\",\"@id\":\"https:\\\/\\\/www.cgfmanet.org\\\/es\\\/#website\",\"url\":\"https:\\\/\\\/www.cgfmanet.org\\\/es\\\/\",\"name\":\"Istituto Figlie di Maria Ausiliatrice\",\"description\":\"Salesiane di Don Bosco\",\"publisher\":{\"@id\":\"https:\\\/\\\/www.cgfmanet.org\\\/es\\\/#organization\"},\"potentialAction\":[{\"@type\":\"SearchAction\",\"target\":{\"@type\":\"EntryPoint\",\"urlTemplate\":\"https:\\\/\\\/www.cgfmanet.org\\\/es\\\/?s={search_term_string}\"},\"query-input\":{\"@type\":\"PropertyValueSpecification\",\"valueRequired\":true,\"valueName\":\"search_term_string\"}}],\"inLanguage\":\"es\"},{\"@type\":\"Organization\",\"@id\":\"https:\\\/\\\/www.cgfmanet.org\\\/es\\\/#organization\",\"name\":\"Istituto Figlie di Maria Ausiliatrice\",\"url\":\"https:\\\/\\\/www.cgfmanet.org\\\/es\\\/\",\"logo\":{\"@type\":\"ImageObject\",\"inLanguage\":\"es\",\"@id\":\"https:\\\/\\\/www.cgfmanet.org\\\/es\\\/#\\\/schema\\\/logo\\\/image\\\/\",\"url\":\"https:\\\/\\\/www.cgfmanet.org\\\/wp-content\\\/uploads\\\/2018\\\/10\\\/logo-fma.png\",\"contentUrl\":\"https:\\\/\\\/www.cgfmanet.org\\\/wp-content\\\/uploads\\\/2018\\\/10\\\/logo-fma.png\",\"width\":214,\"height\":55,\"caption\":\"Istituto Figlie di Maria Ausiliatrice\"},\"image\":{\"@id\":\"https:\\\/\\\/www.cgfmanet.org\\\/es\\\/#\\\/schema\\\/logo\\\/image\\\/\"},\"sameAs\":[\"https:\\\/\\\/www.facebook.com\\\/salesian.sisters.of.don.bosco\\\/\",\"https:\\\/\\\/x.com\\\/Cgfmanet_Org\",\"https:\\\/\\\/www.youtube.com\\\/channel\\\/UCmcr8yFQBV7JXeXVxyV9y5Q\"]},{\"@type\":\"Person\",\"@id\":\"https:\\\/\\\/www.cgfmanet.org\\\/es\\\/#\\\/schema\\\/person\\\/ce6473083f53ef0ef882cca23f0c8fb9\",\"name\":\"Redazione\"}]}<\/script>\n<!-- \/ Yoast SEO plugin. -->","yoast_head_json":{"title":"Novena de la Inmaculada 2025 &#8226; Istituto Figlie di Maria Ausiliatrice","description":"La propuesta de la Familia Salesiana para prepararse, con una Novena, a la Solemnidad de la Inmaculada Concepci\u00f3n de Mar\u00eda, el 8 de diciembre de 2025.","robots":{"index":"index","follow":"follow","max-snippet":"max-snippet:-1","max-image-preview":"max-image-preview:large","max-video-preview":"max-video-preview:-1"},"canonical":"https:\/\/www.cgfmanet.org\/es\/infoesfera\/novena-de-la-inmaculada-2025\/","og_locale":"es_ES","og_type":"article","og_title":"Novena de la Inmaculada 2025 &#8226; Istituto Figlie di Maria Ausiliatrice","og_description":"La propuesta de la Familia Salesiana para prepararse, con una Novena, a la Solemnidad de la Inmaculada Concepci\u00f3n de Mar\u00eda, el 8 de diciembre de 2025.","og_url":"https:\/\/www.cgfmanet.org\/es\/infoesfera\/novena-de-la-inmaculada-2025\/","og_site_name":"Istituto Figlie di Maria Ausiliatrice","article_publisher":"https:\/\/www.facebook.com\/salesian.sisters.of.don.bosco\/","article_published_time":"2025-11-26T13:05:41+00:00","article_modified_time":"2025-12-04T17:56:55+00:00","og_image":[{"width":1200,"height":800,"url":"https:\/\/www.cgfmanet.org\/wp-content\/uploads\/2025\/11\/Novena-Immacolata-2025_ESP.jpg","type":"image\/jpeg"}],"author":"Redazione","twitter_card":"summary_large_image","twitter_creator":"@Cgfmanet_Org","twitter_site":"@Cgfmanet_Org","twitter_misc":{"Escrito por":"Redazione","Tiempo de lectura":"3 minutos"},"schema":{"@context":"https:\/\/schema.org","@graph":[{"@type":"Article","@id":"https:\/\/www.cgfmanet.org\/es\/infoesfera\/novena-de-la-inmaculada-2025\/#article","isPartOf":{"@id":"https:\/\/www.cgfmanet.org\/es\/infoesfera\/novena-de-la-inmaculada-2025\/"},"author":{"name":"Redazione","@id":"https:\/\/www.cgfmanet.org\/es\/#\/schema\/person\/ce6473083f53ef0ef882cca23f0c8fb9"},"headline":"Novena de la Inmaculada 2025","datePublished":"2025-11-26T13:05:41+00:00","dateModified":"2025-12-04T17:56:55+00:00","mainEntityOfPage":{"@id":"https:\/\/www.cgfmanet.org\/es\/infoesfera\/novena-de-la-inmaculada-2025\/"},"wordCount":527,"commentCount":6,"publisher":{"@id":"https:\/\/www.cgfmanet.org\/es\/#organization"},"image":{"@id":"https:\/\/www.cgfmanet.org\/es\/infoesfera\/novena-de-la-inmaculada-2025\/#primaryimage"},"thumbnailUrl":"https:\/\/www.cgfmanet.org\/wp-content\/uploads\/2025\/11\/Novena-Immacolata-2025_ESP.jpg","keywords":["Consejera para la Familia Salesiana","Novena de la Inmaculada","Carisma salesiano","Familia Salesiana","Focus","Preghiera","Maria"],"articleSection":["Infoesfera","Iglesia"],"inLanguage":"es","potentialAction":[{"@type":"CommentAction","name":"Comment","target":["https:\/\/www.cgfmanet.org\/es\/infoesfera\/novena-de-la-inmaculada-2025\/#respond"]}]},{"@type":"WebPage","@id":"https:\/\/www.cgfmanet.org\/es\/infoesfera\/novena-de-la-inmaculada-2025\/","url":"https:\/\/www.cgfmanet.org\/es\/infoesfera\/novena-de-la-inmaculada-2025\/","name":"Novena de la Inmaculada 2025 &#8226; Istituto Figlie di Maria Ausiliatrice","isPartOf":{"@id":"https:\/\/www.cgfmanet.org\/es\/#website"},"primaryImageOfPage":{"@id":"https:\/\/www.cgfmanet.org\/es\/infoesfera\/novena-de-la-inmaculada-2025\/#primaryimage"},"image":{"@id":"https:\/\/www.cgfmanet.org\/es\/infoesfera\/novena-de-la-inmaculada-2025\/#primaryimage"},"thumbnailUrl":"https:\/\/www.cgfmanet.org\/wp-content\/uploads\/2025\/11\/Novena-Immacolata-2025_ESP.jpg","datePublished":"2025-11-26T13:05:41+00:00","dateModified":"2025-12-04T17:56:55+00:00","description":"La propuesta de la Familia Salesiana para prepararse, con una Novena, a la Solemnidad de la Inmaculada Concepci\u00f3n de Mar\u00eda, el 8 de diciembre de 2025.","breadcrumb":{"@id":"https:\/\/www.cgfmanet.org\/es\/infoesfera\/novena-de-la-inmaculada-2025\/#breadcrumb"},"inLanguage":"es","potentialAction":[{"@type":"ReadAction","target":["https:\/\/www.cgfmanet.org\/es\/infoesfera\/novena-de-la-inmaculada-2025\/"]}]},{"@type":"ImageObject","inLanguage":"es","@id":"https:\/\/www.cgfmanet.org\/es\/infoesfera\/novena-de-la-inmaculada-2025\/#primaryimage","url":"https:\/\/www.cgfmanet.org\/wp-content\/uploads\/2025\/11\/Novena-Immacolata-2025_ESP.jpg","contentUrl":"https:\/\/www.cgfmanet.org\/wp-content\/uploads\/2025\/11\/Novena-Immacolata-2025_ESP.jpg","width":1200,"height":800},{"@type":"BreadcrumbList","@id":"https:\/\/www.cgfmanet.org\/es\/infoesfera\/novena-de-la-inmaculada-2025\/#breadcrumb","itemListElement":[{"@type":"ListItem","position":1,"name":"Home","item":"https:\/\/www.cgfmanet.org\/es\/"},{"@type":"ListItem","position":2,"name":"Novena de la Inmaculada 2025"}]},{"@type":"WebSite","@id":"https:\/\/www.cgfmanet.org\/es\/#website","url":"https:\/\/www.cgfmanet.org\/es\/","name":"Istituto Figlie di Maria Ausiliatrice","description":"Salesiane di Don Bosco","publisher":{"@id":"https:\/\/www.cgfmanet.org\/es\/#organization"},"potentialAction":[{"@type":"SearchAction","target":{"@type":"EntryPoint","urlTemplate":"https:\/\/www.cgfmanet.org\/es\/?s={search_term_string}"},"query-input":{"@type":"PropertyValueSpecification","valueRequired":true,"valueName":"search_term_string"}}],"inLanguage":"es"},{"@type":"Organization","@id":"https:\/\/www.cgfmanet.org\/es\/#organization","name":"Istituto Figlie di Maria Ausiliatrice","url":"https:\/\/www.cgfmanet.org\/es\/","logo":{"@type":"ImageObject","inLanguage":"es","@id":"https:\/\/www.cgfmanet.org\/es\/#\/schema\/logo\/image\/","url":"https:\/\/www.cgfmanet.org\/wp-content\/uploads\/2018\/10\/logo-fma.png","contentUrl":"https:\/\/www.cgfmanet.org\/wp-content\/uploads\/2018\/10\/logo-fma.png","width":214,"height":55,"caption":"Istituto Figlie di Maria Ausiliatrice"},"image":{"@id":"https:\/\/www.cgfmanet.org\/es\/#\/schema\/logo\/image\/"},"sameAs":["https:\/\/www.facebook.com\/salesian.sisters.of.don.bosco\/","https:\/\/x.com\/Cgfmanet_Org","https:\/\/www.youtube.com\/channel\/UCmcr8yFQBV7JXeXVxyV9y5Q"]},{"@type":"Person","@id":"https:\/\/www.cgfmanet.org\/es\/#\/schema\/person\/ce6473083f53ef0ef882cca23f0c8fb9","name":"Redazione"}]}},"_links":{"self":[{"href":"https:\/\/www.cgfmanet.org\/es\/wp-json\/wp\/v2\/posts\/147923","targetHints":{"allow":["GET"]}}],"collection":[{"href":"https:\/\/www.cgfmanet.org\/es\/wp-json\/wp\/v2\/posts"}],"about":[{"href":"https:\/\/www.cgfmanet.org\/es\/wp-json\/wp\/v2\/types\/post"}],"author":[{"embeddable":true,"href":"https:\/\/www.cgfmanet.org\/es\/wp-json\/wp\/v2\/users\/21"}],"replies":[{"embeddable":true,"href":"https:\/\/www.cgfmanet.org\/es\/wp-json\/wp\/v2\/comments?post=147923"}],"version-history":[{"count":4,"href":"https:\/\/www.cgfmanet.org\/es\/wp-json\/wp\/v2\/posts\/147923\/revisions"}],"predecessor-version":[{"id":148922,"href":"https:\/\/www.cgfmanet.org\/es\/wp-json\/wp\/v2\/posts\/147923\/revisions\/148922"}],"wp:featuredmedia":[{"embeddable":true,"href":"https:\/\/www.cgfmanet.org\/es\/wp-json\/wp\/v2\/media\/147953"}],"wp:attachment":[{"href":"https:\/\/www.cgfmanet.org\/es\/wp-json\/wp\/v2\/media?parent=147923"}],"wp:term":[{"taxonomy":"category","embeddable":true,"href":"https:\/\/www.cgfmanet.org\/es\/wp-json\/wp\/v2\/categories?post=147923"},{"taxonomy":"post_tag","embeddable":true,"href":"https:\/\/www.cgfmanet.org\/es\/wp-json\/wp\/v2\/tags?post=147923"}],"curies":[{"name":"wp","href":"https:\/\/api.w.org\/{rel}","templated":true}]}}