{"id":147463,"date":"2025-11-21T12:42:05","date_gmt":"2025-11-21T11:42:05","guid":{"rendered":"https:\/\/www.cgfmanet.org\/infoesfera\/giornata-mondiale-della-gioventu-2025\/"},"modified":"2025-11-20T21:57:12","modified_gmt":"2025-11-20T20:57:12","slug":"jornada-mundial-de-la-juventud-2025","status":"publish","type":"post","link":"https:\/\/www.cgfmanet.org\/es\/infoesfera\/jornada-mundial-de-la-juventud-2025\/","title":{"rendered":"Jornada Mundial de la Juventud 2025"},"content":{"rendered":"<p><strong>Roma (Italia).<\/strong> El domingo 23 de noviembre de 2025, Solemnidad de Cristo Rey del Universo, se celebra la XL Jornada Mundial de la Juventud en las Di\u00f3cesis. El 22 de noviembre de 2020, el Papa Francisco hab\u00eda trasladado la celebraci\u00f3n diocesana de la JMJ del Domingo de Ramos a la Solemnidad de Cristo Rey: <strong>\u201cQueridos j\u00f3venes, \u00a1griten con su vida que Cristo vive, que Cristo reina, que Cristo es el Se\u00f1or! Si ustedes callan, les aseguro que las piedras gritar\u00e1n\u201d<\/strong>.<\/p>\n<p>Esta celebraci\u00f3n local se distingue de la Jornada Mundial de la Juventud internacional, un evento de varios d\u00edas que se celebra cada dos o tres a\u00f1os en una ciudad del mundo. La \u00faltima JMJ internacional fue en 2023 en Lisboa, Portugal, con el Papa Francisco, mientras que en agosto de 2025 los j\u00f3venes de todo el mundo vivieron su <span style=\"color: #0000ff;\"><strong><a style=\"color: #0000ff;\" href=\"https:\/\/www.cgfmanet.org\/es\/infoesfera\/iglesia\/jubileo-de-los-jovenes-lleven-esta-alegria-a-todo-el-mundo\/\" target=\"_blank\" rel=\"noopener\">Jubileo <\/a><\/strong><\/span>en Roma con el Papa Le\u00f3n XIV.<\/p>\n<p><strong>\u201cTambi\u00e9n ustedes den testimonio, porque est\u00e1n conmigo\u201d<\/strong> (Jn 15,27) es el tema del <span style=\"color: #0000ff;\"><strong><a style=\"color: #0000ff;\" href=\"https:\/\/www.vatican.va\/content\/leo-xiv\/it\/messages\/youth\/documents\/20251007-messaggio-xl-gmg.html\" target=\"_blank\" rel=\"noopener\">Mensaje<\/a><\/strong><\/span> para esta edici\u00f3n, con la cual el Papa Le\u00f3n inicia un camino que llevar\u00e1 a la pr\u00f3xima JMJ que se celebrar\u00e1 en Se\u00fal en 2027. El Santo Padre se detiene en dos aspectos del testimonio: <strong>\u201cla amistad con Jes\u00fas, que acogemos de Dios como don; y el compromiso de cada uno en la sociedad, como constructores de paz\u201d<\/strong>.<\/p>\n<p>Invita a los j\u00f3venes a profundizar en la amistad con Jes\u00fas que lleva a salir de s\u00ed mismos:<\/p>\n<p>\u201cLeyendo los Evangelios, se dar\u00e1n cuenta de que todos encontraron en la relaci\u00f3n viva con Cristo el verdadero sentido de la vida. De hecho, nuestras preguntas m\u00e1s profundas no encuentran escucha ni respuesta en el <em>scrolling<\/em> infinito en el m\u00f3vil, que captura la atenci\u00f3n dejando la mente fatigada y el coraz\u00f3n vac\u00edo. No nos llevan lejos si las mantenemos cerradas en nosotros mismos o en c\u00edrculos demasiado restringidos. La realizaci\u00f3n de nuestros deseos aut\u00e9nticos pasa siempre por el salir de nosotros mismos\u201d.<\/p>\n<p>A lo largo del Mensaje resuena el coraz\u00f3n de la Espiritualidad Juvenil Salesiana: la amistad con Jes\u00fas, que es el fundamento de la vida salesiana, una amistad que crece a trav\u00e9s de la oraci\u00f3n diaria, los sacramentos y el servicio alegre. De esta amistad brota naturalmente la misi\u00f3n: como Don Bosco y Madre Mazzarello, se es llamado a hacer de la propia vida un testimonio de amor, sobre todo entre los j\u00f3venes y los pobres. Finalmente, viviendo con un esp\u00edritu de bondad, justicia y solidaridad, se contribuye a construir la paz, creando comunidades en las que cada uno se sienta acogido, valorado y amado. De este modo se vive el Evangelio con coraz\u00f3n salesiano: cercanos a Jes\u00fas, activos en el servicio y constructores de esperanza y de paz.<\/p>\n<p>La voz de algunos j\u00f3venes de diferentes realidades salesianas que han compartido sus reflexiones en respuesta a la invitaci\u00f3n del Santo Padre para la JMJ de este a\u00f1o, un mensaje que resuena en su camino de \u201cperegrinos de esperanza\u201d y refuerza su compromiso en la construcci\u00f3n de un mundo de paz:<\/p>\n<h3><span style=\"color: #ff0000;\"><strong>Peregrinos de esperanza<\/strong><\/span><\/h3>\n<p><strong>Aishwarya Augustina Toppo \u2013 India:<\/strong> Ser una peregrina de esperanza, para m\u00ed, significa caminar en la vida con fe y confianza, incluso cuando parece incierto. Es elegir ver la luz en las situaciones que parecen oscuras e inspirar a los dem\u00e1s a hacer lo mismo. Cada d\u00eda busco vivir todo esto mostrando amabilidad, afrontando con paciencia las dificultades y creyendo que Dios tiene un designio para cada paso de mi camino. Como peregrina, quiz\u00e1s no tenga todas las respuestas, pero camino con esperanza, sabiendo que soy guiada por el amor de Dios.<\/p>\n<p><strong>Juani Salgueiro \u2013 Paraguay:<\/strong> Para m\u00ed, ser una peregrina de esperanza significa ser un testimonio viviente del amor de Dios, no a trav\u00e9s de situaciones extraordinarias, sino en la cotidianidad de cada d\u00eda. Hacer que mi relaci\u00f3n con \u00c9l no sea solo \u00edntima y personal, sino que se refleje en mis acciones, en mis relaciones y en mis pensamientos. \u00bfC\u00f3mo podr\u00eda vivir afligida, guardando rencor o creyendo que la vida no tiene sentido, si conozco a un Dios misericordioso que me ama, me sostiene y busca guiarme hacia la verdadera felicidad? Ser una peregrina significa compartir con mis hermanos, con la gracia de vivir en comunidad este amor de Dios, que no implica la ausencia de dificultades, sino que es un camino en el que la fe nos sostiene en los momentos dif\u00edciles y la esperanza vence sobre la duda.<\/p>\n<p><strong>Jos\u00e9 Ant\u00f4nio Lemos Martins &#8211; Brasil:<\/strong> Para nosotros es seguir el Evangelio de Cristo. Pero \u00bfc\u00f3mo poner esto en pr\u00e1ctica en la rutina diaria? Es cada vez m\u00e1s necesario tener una mirada atenta hacia el hermano: llevar un mensaje de perd\u00f3n y de amor puede marcar la diferencia, siguiendo as\u00ed la invitaci\u00f3n a anunciar el Evangelio y a dar esperanza. Cada nuevo d\u00eda es una nueva oportunidad para hacer el bien y difundir la Palabra con las acciones, porque las palabras convencen, pero el ejemplo arrastra.<\/p>\n<h3><span style=\"color: #ff0000;\"><strong>Amigos de Jes\u00fas<\/strong><\/span><\/h3>\n<p><strong>Delia Rodriguez \u2013 Panam\u00e1:<\/strong> Puedo profundizar mi amistad con Jes\u00fas a trav\u00e9s de la oraci\u00f3n diaria, en el di\u00e1logo con \u00c9l como un amigo, confi\u00e1ndole cada d\u00eda tanto mis sufrimientos como mis alegr\u00edas. Adem\u00e1s, practicando la amabilidad, la paciencia y la escucha hacia el pr\u00f3jimo. De este modo, puedo ser una persona de luz y de esperanza en medio de aquellos que me necesitan.<\/p>\n<p><strong>Aishwarya Augustina Toppo \u2013 India:<\/strong> Para profundizar mi amistad con Jes\u00fas, busco dedicarle tiempo en la oraci\u00f3n, en el silencio y en la reflexi\u00f3n. Le hablo como a un amigo \u00edntimo, compartiendo mis preocupaciones, las alegr\u00edas y los sue\u00f1os. La lectura de los Evangelios me ayuda a comprender Su coraz\u00f3n, mientras que los gestos de servicio me recuerdan reconocerlo en los dem\u00e1s. Cuanto m\u00e1s experimento Su presencia en la vida cotidiana, m\u00e1s consigo reflejar Su amor y Su esperanza hacia quienes me rodean, a trav\u00e9s de la compasi\u00f3n, el perd\u00f3n y los sencillos gestos de bondad.<\/p>\n<p><strong>Giuliane Restini Vecchi Marques &#8211; Brasil:<\/strong> Hay muchas maneras de hacerlo, pero he aprendido concretamente en los \u00faltimos a\u00f1os que no se puede amar verdaderamente lo que no se conoce. Por lo tanto, para m\u00ed, lo primero es conocer a Jes\u00fas. Y la mejor manera de hacerlo es conocer la Palabra, crear una rutina de estudio orante (y no simplemente t\u00e9cnico) sobre \u00c9l. A partir de ese momento, tus acciones ser\u00e1n una consecuencia l\u00f3gica de lo que has aprendido, porque no se puede no enamorarse cuando se conoce a Jes\u00fas.<\/p>\n<h3><span style=\"color: #ff0000;\"><strong>Constructores de Paz<\/strong><\/span><\/h3>\n<p><strong>Kamilla Hemkemaier Soares &#8211; Brasil:<\/strong> Creo que puedo contribuir a construir la paz y la unidad difundiendo amor y comprensi\u00f3n dondequiera que me encuentre. A veces no se necesitan grandes gestos, sino actitudes sencillas, como escuchar a alguien que est\u00e1 triste, evitar juicios y buscar siempre hacer el bien. Cuando elegimos actuar con el coraz\u00f3n y tratar a los dem\u00e1s con respeto, la paz comienza a crecer a nuestro alrededor. Quiero ser una persona que transmita ligereza, que una y no divida, y que marque la diferencia incluso en las peque\u00f1as cosas.<\/p>\n<p><strong>Dannielys Hern\u00e1ndez \u2013 Venezuela:<\/strong> Mi contribuci\u00f3n como joven, que vive y respira el carisma salesiano, es ser un testigo viviente de esperanza para los dem\u00e1s. Todo lo que hago se centra en aplicar el Sistema Preventivo de Don Bosco en mi vida cotidiana, porque s\u00e9 que es la forma m\u00e1s concreta de transformar mi comunidad. En este mundo a menudo cargado de negatividad, me comprometo a ser un ejemplo de alegr\u00eda, perd\u00f3n y servicio. Mi fe no est\u00e1 guardada en un rinc\u00f3n; se manifiesta cuando acojo a todos sin juzgar, reconociendo el valor de cada joven, adulto y ni\u00f1o. Ser un cristiano \u201cde hechos\u201d, es una de las bases para construir la unidad en una comunidad. Mi fe me da el sentido y la motivaci\u00f3n para servir. Vivi\u00e9ndola con alegr\u00eda, dialogando con razonabilidad y estando cerca de los dem\u00e1s con amabilidad, estoy sembrando el germen de la paz que Don Bosco nos ense\u00f1\u00f3. Ser testigo para los dem\u00e1s, para que este ejemplo pueda a su vez ayudar a alguien a serlo.<\/p>\n<p><strong>Aishwarya Augustina Toppo \u2013 India:<\/strong> Como joven, creo que la paz comienza por c\u00f3mo nos tratamos unos a otros. Puedo contribuir a construir la paz en mi comunidad sirviendo de puente entre las personas, escuchando, comprendiendo las diferencias y oponi\u00e9ndome a la negatividad o los chismes. Ya sea promoviendo la amabilidad en mi grupo, apoyando a quien lo necesita o difundiendo positividad en las redes sociales, cada peque\u00f1o gesto contribuye a crear un esp\u00edritu de unidad m\u00e1s grande. Cuando elijo la paz en mis palabras y en mis acciones, esta se multiplica lentamente en el mundo que me rodea.<\/p>\n<p>Como animadores y acompa\u00f1antes de los j\u00f3venes, el tema de esta JMJ invita a cultivar una relaci\u00f3n profunda y personal con Cristo, creciendo cada d\u00eda como aut\u00e9nticos testigos de una fe viva. De esta manera, se puede ayudar a los j\u00f3venes a profundizar la amistad con Jes\u00fas, a expresar la fe a trav\u00e9s de gestos concretos de amor y servicio y a sostener con firmeza la verdad y la justicia en la construcci\u00f3n de una sociedad m\u00e1s pac\u00edfica.<\/p>\n","protected":false},"excerpt":{"rendered":"<p>Roma (Italia). El domingo 23 de noviembre de 2025, Solemnidad de Cristo Rey del Universo, se celebra la XL Jornada Mundial de la Juventud en las Di\u00f3cesis. El 22 de [&hellip;]<\/p>\n","protected":false},"author":21,"featured_media":147458,"comment_status":"open","ping_status":"closed","sticky":false,"template":"","format":"standard","meta":{"footnotes":""},"categories":[39,191],"tags":[323,339,1287,1669,1931,2491],"class_list":["post-147463","post","type-post","status-publish","format-standard","has-post-thumbnail","category-infoesfera","category-iglesia","tag-jornada-mundial-de-la-juventud","tag-jovenes","tag-movimiento-juvenil-salesiano","tag-spiritualita-salesiana-es","tag-focus-es","tag-papa-leon-xiv"],"yoast_head":"<!-- This site is optimized with the Yoast SEO plugin v27.4 - https:\/\/yoast.com\/product\/yoast-seo-wordpress\/ -->\n<title>Jornada Mundial de la Juventud 2025 &#8226; Istituto Figlie di Maria Ausiliatrice<\/title>\n<meta name=\"description\" content=\"El 23 de noviembre de 2025, Solemnidad de Cristo Rey del Universo, se celebra la 40\u00aa Jornada Mundial de la Juventud en las Iglesias locales. La voz de los j\u00f3venes del Movimiento Juvenil Salesiano.\" \/>\n<meta name=\"robots\" content=\"index, follow, max-snippet:-1, max-image-preview:large, max-video-preview:-1\" \/>\n<link rel=\"canonical\" href=\"https:\/\/www.cgfmanet.org\/es\/infoesfera\/jornada-mundial-de-la-juventud-2025\/\" \/>\n<meta property=\"og:locale\" content=\"es_ES\" \/>\n<meta property=\"og:type\" content=\"article\" \/>\n<meta property=\"og:title\" content=\"Jornada Mundial de la Juventud 2025 &#8226; Istituto Figlie di Maria Ausiliatrice\" \/>\n<meta property=\"og:description\" content=\"El 23 de noviembre de 2025, Solemnidad de Cristo Rey del Universo, se celebra la 40\u00aa Jornada Mundial de la Juventud en las Iglesias locales. La voz de los j\u00f3venes del Movimiento Juvenil Salesiano.\" \/>\n<meta property=\"og:url\" content=\"https:\/\/www.cgfmanet.org\/es\/infoesfera\/jornada-mundial-de-la-juventud-2025\/\" \/>\n<meta property=\"og:site_name\" content=\"Istituto Figlie di Maria Ausiliatrice\" \/>\n<meta property=\"article:publisher\" content=\"https:\/\/www.facebook.com\/salesian.sisters.of.don.bosco\/\" \/>\n<meta property=\"article:published_time\" content=\"2025-11-21T11:42:05+00:00\" \/>\n<meta property=\"og:image\" content=\"https:\/\/www.cgfmanet.org\/wp-content\/uploads\/2025\/11\/Giornata-Mondiale-Gioventu-2025.jpg\" \/>\n\t<meta property=\"og:image:width\" content=\"1181\" \/>\n\t<meta property=\"og:image:height\" content=\"787\" \/>\n\t<meta property=\"og:image:type\" content=\"image\/jpeg\" \/>\n<meta name=\"author\" content=\"Redazione\" \/>\n<meta name=\"twitter:card\" content=\"summary_large_image\" \/>\n<meta name=\"twitter:creator\" content=\"@Cgfmanet_Org\" \/>\n<meta name=\"twitter:site\" content=\"@Cgfmanet_Org\" \/>\n<meta name=\"twitter:label1\" content=\"Escrito por\" \/>\n\t<meta name=\"twitter:data1\" content=\"Redazione\" \/>\n\t<meta name=\"twitter:label2\" content=\"Tiempo de lectura\" \/>\n\t<meta name=\"twitter:data2\" content=\"9 minutos\" \/>\n<script type=\"application\/ld+json\" class=\"yoast-schema-graph\">{\"@context\":\"https:\\\/\\\/schema.org\",\"@graph\":[{\"@type\":\"Article\",\"@id\":\"https:\\\/\\\/www.cgfmanet.org\\\/es\\\/infoesfera\\\/jornada-mundial-de-la-juventud-2025\\\/#article\",\"isPartOf\":{\"@id\":\"https:\\\/\\\/www.cgfmanet.org\\\/es\\\/infoesfera\\\/jornada-mundial-de-la-juventud-2025\\\/\"},\"author\":{\"name\":\"Redazione\",\"@id\":\"https:\\\/\\\/www.cgfmanet.org\\\/es\\\/#\\\/schema\\\/person\\\/ce6473083f53ef0ef882cca23f0c8fb9\"},\"headline\":\"Jornada Mundial de la Juventud 2025\",\"datePublished\":\"2025-11-21T11:42:05+00:00\",\"mainEntityOfPage\":{\"@id\":\"https:\\\/\\\/www.cgfmanet.org\\\/es\\\/infoesfera\\\/jornada-mundial-de-la-juventud-2025\\\/\"},\"wordCount\":1626,\"commentCount\":0,\"publisher\":{\"@id\":\"https:\\\/\\\/www.cgfmanet.org\\\/es\\\/#organization\"},\"image\":{\"@id\":\"https:\\\/\\\/www.cgfmanet.org\\\/es\\\/infoesfera\\\/jornada-mundial-de-la-juventud-2025\\\/#primaryimage\"},\"thumbnailUrl\":\"https:\\\/\\\/www.cgfmanet.org\\\/wp-content\\\/uploads\\\/2025\\\/11\\\/Giornata-Mondiale-Gioventu-2025.jpg\",\"keywords\":[\"Jornada Mundial de la Juventud\",\"J\u00f3venes\",\"Movimiento Juvenil Salesiano\",\"Spiritualit\u00e0 Salesiana\",\"Focus\",\"Papa Le\u00f3n XIV\"],\"articleSection\":[\"Infoesfera\",\"Iglesia\"],\"inLanguage\":\"es\",\"potentialAction\":[{\"@type\":\"CommentAction\",\"name\":\"Comment\",\"target\":[\"https:\\\/\\\/www.cgfmanet.org\\\/es\\\/infoesfera\\\/jornada-mundial-de-la-juventud-2025\\\/#respond\"]}]},{\"@type\":\"WebPage\",\"@id\":\"https:\\\/\\\/www.cgfmanet.org\\\/es\\\/infoesfera\\\/jornada-mundial-de-la-juventud-2025\\\/\",\"url\":\"https:\\\/\\\/www.cgfmanet.org\\\/es\\\/infoesfera\\\/jornada-mundial-de-la-juventud-2025\\\/\",\"name\":\"Jornada Mundial de la Juventud 2025 &#8226; Istituto Figlie di Maria Ausiliatrice\",\"isPartOf\":{\"@id\":\"https:\\\/\\\/www.cgfmanet.org\\\/es\\\/#website\"},\"primaryImageOfPage\":{\"@id\":\"https:\\\/\\\/www.cgfmanet.org\\\/es\\\/infoesfera\\\/jornada-mundial-de-la-juventud-2025\\\/#primaryimage\"},\"image\":{\"@id\":\"https:\\\/\\\/www.cgfmanet.org\\\/es\\\/infoesfera\\\/jornada-mundial-de-la-juventud-2025\\\/#primaryimage\"},\"thumbnailUrl\":\"https:\\\/\\\/www.cgfmanet.org\\\/wp-content\\\/uploads\\\/2025\\\/11\\\/Giornata-Mondiale-Gioventu-2025.jpg\",\"datePublished\":\"2025-11-21T11:42:05+00:00\",\"description\":\"El 23 de noviembre de 2025, Solemnidad de Cristo Rey del Universo, se celebra la 40\u00aa Jornada Mundial de la Juventud en las Iglesias locales. La voz de los j\u00f3venes del Movimiento Juvenil Salesiano.\",\"breadcrumb\":{\"@id\":\"https:\\\/\\\/www.cgfmanet.org\\\/es\\\/infoesfera\\\/jornada-mundial-de-la-juventud-2025\\\/#breadcrumb\"},\"inLanguage\":\"es\",\"potentialAction\":[{\"@type\":\"ReadAction\",\"target\":[\"https:\\\/\\\/www.cgfmanet.org\\\/es\\\/infoesfera\\\/jornada-mundial-de-la-juventud-2025\\\/\"]}]},{\"@type\":\"ImageObject\",\"inLanguage\":\"es\",\"@id\":\"https:\\\/\\\/www.cgfmanet.org\\\/es\\\/infoesfera\\\/jornada-mundial-de-la-juventud-2025\\\/#primaryimage\",\"url\":\"https:\\\/\\\/www.cgfmanet.org\\\/wp-content\\\/uploads\\\/2025\\\/11\\\/Giornata-Mondiale-Gioventu-2025.jpg\",\"contentUrl\":\"https:\\\/\\\/www.cgfmanet.org\\\/wp-content\\\/uploads\\\/2025\\\/11\\\/Giornata-Mondiale-Gioventu-2025.jpg\",\"width\":1181,\"height\":787},{\"@type\":\"BreadcrumbList\",\"@id\":\"https:\\\/\\\/www.cgfmanet.org\\\/es\\\/infoesfera\\\/jornada-mundial-de-la-juventud-2025\\\/#breadcrumb\",\"itemListElement\":[{\"@type\":\"ListItem\",\"position\":1,\"name\":\"Home\",\"item\":\"https:\\\/\\\/www.cgfmanet.org\\\/es\\\/\"},{\"@type\":\"ListItem\",\"position\":2,\"name\":\"Jornada Mundial de la Juventud 2025\"}]},{\"@type\":\"WebSite\",\"@id\":\"https:\\\/\\\/www.cgfmanet.org\\\/es\\\/#website\",\"url\":\"https:\\\/\\\/www.cgfmanet.org\\\/es\\\/\",\"name\":\"Istituto Figlie di Maria Ausiliatrice\",\"description\":\"Salesiane di Don Bosco\",\"publisher\":{\"@id\":\"https:\\\/\\\/www.cgfmanet.org\\\/es\\\/#organization\"},\"potentialAction\":[{\"@type\":\"SearchAction\",\"target\":{\"@type\":\"EntryPoint\",\"urlTemplate\":\"https:\\\/\\\/www.cgfmanet.org\\\/es\\\/?s={search_term_string}\"},\"query-input\":{\"@type\":\"PropertyValueSpecification\",\"valueRequired\":true,\"valueName\":\"search_term_string\"}}],\"inLanguage\":\"es\"},{\"@type\":\"Organization\",\"@id\":\"https:\\\/\\\/www.cgfmanet.org\\\/es\\\/#organization\",\"name\":\"Istituto Figlie di Maria Ausiliatrice\",\"url\":\"https:\\\/\\\/www.cgfmanet.org\\\/es\\\/\",\"logo\":{\"@type\":\"ImageObject\",\"inLanguage\":\"es\",\"@id\":\"https:\\\/\\\/www.cgfmanet.org\\\/es\\\/#\\\/schema\\\/logo\\\/image\\\/\",\"url\":\"https:\\\/\\\/www.cgfmanet.org\\\/wp-content\\\/uploads\\\/2018\\\/10\\\/logo-fma.png\",\"contentUrl\":\"https:\\\/\\\/www.cgfmanet.org\\\/wp-content\\\/uploads\\\/2018\\\/10\\\/logo-fma.png\",\"width\":214,\"height\":55,\"caption\":\"Istituto Figlie di Maria Ausiliatrice\"},\"image\":{\"@id\":\"https:\\\/\\\/www.cgfmanet.org\\\/es\\\/#\\\/schema\\\/logo\\\/image\\\/\"},\"sameAs\":[\"https:\\\/\\\/www.facebook.com\\\/salesian.sisters.of.don.bosco\\\/\",\"https:\\\/\\\/x.com\\\/Cgfmanet_Org\",\"https:\\\/\\\/www.youtube.com\\\/channel\\\/UCmcr8yFQBV7JXeXVxyV9y5Q\"]},{\"@type\":\"Person\",\"@id\":\"https:\\\/\\\/www.cgfmanet.org\\\/es\\\/#\\\/schema\\\/person\\\/ce6473083f53ef0ef882cca23f0c8fb9\",\"name\":\"Redazione\"}]}<\/script>\n<!-- \/ Yoast SEO plugin. -->","yoast_head_json":{"title":"Jornada Mundial de la Juventud 2025 &#8226; Istituto Figlie di Maria Ausiliatrice","description":"El 23 de noviembre de 2025, Solemnidad de Cristo Rey del Universo, se celebra la 40\u00aa Jornada Mundial de la Juventud en las Iglesias locales. La voz de los j\u00f3venes del Movimiento Juvenil Salesiano.","robots":{"index":"index","follow":"follow","max-snippet":"max-snippet:-1","max-image-preview":"max-image-preview:large","max-video-preview":"max-video-preview:-1"},"canonical":"https:\/\/www.cgfmanet.org\/es\/infoesfera\/jornada-mundial-de-la-juventud-2025\/","og_locale":"es_ES","og_type":"article","og_title":"Jornada Mundial de la Juventud 2025 &#8226; Istituto Figlie di Maria Ausiliatrice","og_description":"El 23 de noviembre de 2025, Solemnidad de Cristo Rey del Universo, se celebra la 40\u00aa Jornada Mundial de la Juventud en las Iglesias locales. La voz de los j\u00f3venes del Movimiento Juvenil Salesiano.","og_url":"https:\/\/www.cgfmanet.org\/es\/infoesfera\/jornada-mundial-de-la-juventud-2025\/","og_site_name":"Istituto Figlie di Maria Ausiliatrice","article_publisher":"https:\/\/www.facebook.com\/salesian.sisters.of.don.bosco\/","article_published_time":"2025-11-21T11:42:05+00:00","og_image":[{"width":1181,"height":787,"url":"https:\/\/www.cgfmanet.org\/wp-content\/uploads\/2025\/11\/Giornata-Mondiale-Gioventu-2025.jpg","type":"image\/jpeg"}],"author":"Redazione","twitter_card":"summary_large_image","twitter_creator":"@Cgfmanet_Org","twitter_site":"@Cgfmanet_Org","twitter_misc":{"Escrito por":"Redazione","Tiempo de lectura":"9 minutos"},"schema":{"@context":"https:\/\/schema.org","@graph":[{"@type":"Article","@id":"https:\/\/www.cgfmanet.org\/es\/infoesfera\/jornada-mundial-de-la-juventud-2025\/#article","isPartOf":{"@id":"https:\/\/www.cgfmanet.org\/es\/infoesfera\/jornada-mundial-de-la-juventud-2025\/"},"author":{"name":"Redazione","@id":"https:\/\/www.cgfmanet.org\/es\/#\/schema\/person\/ce6473083f53ef0ef882cca23f0c8fb9"},"headline":"Jornada Mundial de la Juventud 2025","datePublished":"2025-11-21T11:42:05+00:00","mainEntityOfPage":{"@id":"https:\/\/www.cgfmanet.org\/es\/infoesfera\/jornada-mundial-de-la-juventud-2025\/"},"wordCount":1626,"commentCount":0,"publisher":{"@id":"https:\/\/www.cgfmanet.org\/es\/#organization"},"image":{"@id":"https:\/\/www.cgfmanet.org\/es\/infoesfera\/jornada-mundial-de-la-juventud-2025\/#primaryimage"},"thumbnailUrl":"https:\/\/www.cgfmanet.org\/wp-content\/uploads\/2025\/11\/Giornata-Mondiale-Gioventu-2025.jpg","keywords":["Jornada Mundial de la Juventud","J\u00f3venes","Movimiento Juvenil Salesiano","Spiritualit\u00e0 Salesiana","Focus","Papa Le\u00f3n XIV"],"articleSection":["Infoesfera","Iglesia"],"inLanguage":"es","potentialAction":[{"@type":"CommentAction","name":"Comment","target":["https:\/\/www.cgfmanet.org\/es\/infoesfera\/jornada-mundial-de-la-juventud-2025\/#respond"]}]},{"@type":"WebPage","@id":"https:\/\/www.cgfmanet.org\/es\/infoesfera\/jornada-mundial-de-la-juventud-2025\/","url":"https:\/\/www.cgfmanet.org\/es\/infoesfera\/jornada-mundial-de-la-juventud-2025\/","name":"Jornada Mundial de la Juventud 2025 &#8226; Istituto Figlie di Maria Ausiliatrice","isPartOf":{"@id":"https:\/\/www.cgfmanet.org\/es\/#website"},"primaryImageOfPage":{"@id":"https:\/\/www.cgfmanet.org\/es\/infoesfera\/jornada-mundial-de-la-juventud-2025\/#primaryimage"},"image":{"@id":"https:\/\/www.cgfmanet.org\/es\/infoesfera\/jornada-mundial-de-la-juventud-2025\/#primaryimage"},"thumbnailUrl":"https:\/\/www.cgfmanet.org\/wp-content\/uploads\/2025\/11\/Giornata-Mondiale-Gioventu-2025.jpg","datePublished":"2025-11-21T11:42:05+00:00","description":"El 23 de noviembre de 2025, Solemnidad de Cristo Rey del Universo, se celebra la 40\u00aa Jornada Mundial de la Juventud en las Iglesias locales. La voz de los j\u00f3venes del Movimiento Juvenil Salesiano.","breadcrumb":{"@id":"https:\/\/www.cgfmanet.org\/es\/infoesfera\/jornada-mundial-de-la-juventud-2025\/#breadcrumb"},"inLanguage":"es","potentialAction":[{"@type":"ReadAction","target":["https:\/\/www.cgfmanet.org\/es\/infoesfera\/jornada-mundial-de-la-juventud-2025\/"]}]},{"@type":"ImageObject","inLanguage":"es","@id":"https:\/\/www.cgfmanet.org\/es\/infoesfera\/jornada-mundial-de-la-juventud-2025\/#primaryimage","url":"https:\/\/www.cgfmanet.org\/wp-content\/uploads\/2025\/11\/Giornata-Mondiale-Gioventu-2025.jpg","contentUrl":"https:\/\/www.cgfmanet.org\/wp-content\/uploads\/2025\/11\/Giornata-Mondiale-Gioventu-2025.jpg","width":1181,"height":787},{"@type":"BreadcrumbList","@id":"https:\/\/www.cgfmanet.org\/es\/infoesfera\/jornada-mundial-de-la-juventud-2025\/#breadcrumb","itemListElement":[{"@type":"ListItem","position":1,"name":"Home","item":"https:\/\/www.cgfmanet.org\/es\/"},{"@type":"ListItem","position":2,"name":"Jornada Mundial de la Juventud 2025"}]},{"@type":"WebSite","@id":"https:\/\/www.cgfmanet.org\/es\/#website","url":"https:\/\/www.cgfmanet.org\/es\/","name":"Istituto Figlie di Maria Ausiliatrice","description":"Salesiane di Don Bosco","publisher":{"@id":"https:\/\/www.cgfmanet.org\/es\/#organization"},"potentialAction":[{"@type":"SearchAction","target":{"@type":"EntryPoint","urlTemplate":"https:\/\/www.cgfmanet.org\/es\/?s={search_term_string}"},"query-input":{"@type":"PropertyValueSpecification","valueRequired":true,"valueName":"search_term_string"}}],"inLanguage":"es"},{"@type":"Organization","@id":"https:\/\/www.cgfmanet.org\/es\/#organization","name":"Istituto Figlie di Maria Ausiliatrice","url":"https:\/\/www.cgfmanet.org\/es\/","logo":{"@type":"ImageObject","inLanguage":"es","@id":"https:\/\/www.cgfmanet.org\/es\/#\/schema\/logo\/image\/","url":"https:\/\/www.cgfmanet.org\/wp-content\/uploads\/2018\/10\/logo-fma.png","contentUrl":"https:\/\/www.cgfmanet.org\/wp-content\/uploads\/2018\/10\/logo-fma.png","width":214,"height":55,"caption":"Istituto Figlie di Maria Ausiliatrice"},"image":{"@id":"https:\/\/www.cgfmanet.org\/es\/#\/schema\/logo\/image\/"},"sameAs":["https:\/\/www.facebook.com\/salesian.sisters.of.don.bosco\/","https:\/\/x.com\/Cgfmanet_Org","https:\/\/www.youtube.com\/channel\/UCmcr8yFQBV7JXeXVxyV9y5Q"]},{"@type":"Person","@id":"https:\/\/www.cgfmanet.org\/es\/#\/schema\/person\/ce6473083f53ef0ef882cca23f0c8fb9","name":"Redazione"}]}},"_links":{"self":[{"href":"https:\/\/www.cgfmanet.org\/es\/wp-json\/wp\/v2\/posts\/147463","targetHints":{"allow":["GET"]}}],"collection":[{"href":"https:\/\/www.cgfmanet.org\/es\/wp-json\/wp\/v2\/posts"}],"about":[{"href":"https:\/\/www.cgfmanet.org\/es\/wp-json\/wp\/v2\/types\/post"}],"author":[{"embeddable":true,"href":"https:\/\/www.cgfmanet.org\/es\/wp-json\/wp\/v2\/users\/21"}],"replies":[{"embeddable":true,"href":"https:\/\/www.cgfmanet.org\/es\/wp-json\/wp\/v2\/comments?post=147463"}],"version-history":[{"count":3,"href":"https:\/\/www.cgfmanet.org\/es\/wp-json\/wp\/v2\/posts\/147463\/revisions"}],"predecessor-version":[{"id":147549,"href":"https:\/\/www.cgfmanet.org\/es\/wp-json\/wp\/v2\/posts\/147463\/revisions\/147549"}],"wp:featuredmedia":[{"embeddable":true,"href":"https:\/\/www.cgfmanet.org\/es\/wp-json\/wp\/v2\/media\/147458"}],"wp:attachment":[{"href":"https:\/\/www.cgfmanet.org\/es\/wp-json\/wp\/v2\/media?parent=147463"}],"wp:term":[{"taxonomy":"category","embeddable":true,"href":"https:\/\/www.cgfmanet.org\/es\/wp-json\/wp\/v2\/categories?post=147463"},{"taxonomy":"post_tag","embeddable":true,"href":"https:\/\/www.cgfmanet.org\/es\/wp-json\/wp\/v2\/tags?post=147463"}],"curies":[{"name":"wp","href":"https:\/\/api.w.org\/{rel}","templated":true}]}}