{"id":14726,"date":"2018-12-02T15:11:16","date_gmt":"2018-12-02T14:11:16","guid":{"rendered":"https:\/\/www.cgfmanet.org\/infoesfera\/accompagnata-sulla-strada-della-santita\/"},"modified":"2020-08-11T18:59:19","modified_gmt":"2020-08-11T16:59:19","slug":"acompanada-en-el-camino-de-la-santidad","status":"publish","type":"post","link":"https:\/\/www.cgfmanet.org\/es\/ifma-es\/acompanada-en-el-camino-de-la-santidad\/","title":{"rendered":"Acompa\u00f1ada en el camino de la santidad"},"content":{"rendered":"<p><strong>Roma (Italia).<\/strong> En l\u00ednea con el S\u00ednodo sobre: <em>Los j\u00f3venes, la fe y el discernimiento vocacional<\/em> (cf. Instrumento de trabajo nn. 213-214), en el mes de diciembre, se comparte la tercera profundizaci\u00f3n sobre el camino de acompa\u00f1amiento en la juventud de las <strong>Santas, Beatas, Venerables y Siervas de Dios.<\/strong><\/p>\n<p><strong>Sor Mar\u00eda Romero Meneses<\/strong><em>, la amiga de los pobres, es la primera mujer de Centro Am\u00e9rica que ha sido elevada al honor de los altares.<\/em><\/p>\n<p><em><strong>Acompa\u00f1ada en el camino de la santidad<\/strong><\/em><\/p>\n<p>\u201cLa familia es el espejo en el que Dios se mira a s\u00ed mismo y ve los dos milagros m\u00e1s hermosos que ha hecho: \u00a1dar vida y dar amor!\u201d (San Juan Pablo II). Mar\u00eda Romero tiene la gracia de vivir en una familia rica de fe, donde la vida es un regalo fruto del amor y donde se aprende a confiar en Dios y en la Virgen Mar\u00eda.<\/p>\n<p>La ni\u00f1a es, para todos, un regalo del a\u00f1o nuevo, de hecho, naci\u00f3 el 13 de enero de 1902 en Granada (Nicaragua). Los padres, F\u00e9lix Romero y Ana Meneses, ambos de origen espa\u00f1ol, le bautizaron en el mismo a\u00f1o y dos m\u00e1s tarde, en 1904, como era la costumbre, recibe la Confirmaci\u00f3n.<\/p>\n<p>Nace en la casa de su abuela materna, Mar\u00eda permanece con ella durante los primeros a\u00f1os de vida. En ese ambiente, disfruta del afecto de su madre, las historias de su abuela y la educaci\u00f3n recibida de siete t\u00edas maternas que, al no estar casadas, dirigen una escuela privada para ni\u00f1as de alto nivel social. Aseguran, ante todo, la riqueza m\u00e1s importante para la vida de Mar\u00eda: una buena formaci\u00f3n cristiana, que se basa no en amenazas sino en la raz\u00f3n, no en el miedo sino en el amor, y donde Dios es el Se\u00f1or de la casa.<\/p>\n<p>La experiencia familiar ser\u00e1 fundamental en la personalidad de Mar\u00eda y tambi\u00e9n en su apostolado, de hecho, siempre intentar\u00e1 ofrecer a los m\u00e1s pobres la alegr\u00eda de saberse amados por un Dios que es ante todo Padre misericordioso, crear\u00e1 para ellos un ambiente de familia hecho de hospitalidad, bondad, escucha y entrega. Todo esto pone fuertes ra\u00edces en su coraz\u00f3n desde la infancia. Ella es consciente de que ha sido bendecida por Dios y desea que otros disfruten de este gozo y de esta bendici\u00f3n.<\/p>\n<p><a href=\"https:\/\/drive.google.com\/file\/d\/1o14ReYFID7UGf6h_LKDs3Kz_WVpJaV9b\/view?usp=sharing\" target=\"_blank\" rel=\"noopener noreferrer\"><strong>Contin\u00faa leyendo\u2026<\/strong><\/a><\/p>\n<p>&nbsp;<\/p>\n\r\n                <style type=\"text\/css\">\r\n                    \r\n                    #tdi_1  .td-doubleSlider-2 .td-item1 {\r\n                        background: url(https:\/\/www.cgfmanet.org\/wp-content\/uploads\/2019\/12\/accompagnata-santita4-80x60.jpg) 0 0 no-repeat;\r\n                    }\r\n                    #tdi_1  .td-doubleSlider-2 .td-item2 {\r\n                        background: url(https:\/\/www.cgfmanet.org\/wp-content\/uploads\/2019\/12\/accompagnata-santita3-80x60.jpg) 0 0 no-repeat;\r\n                    }\r\n                    #tdi_1  .td-doubleSlider-2 .td-item3 {\r\n                        background: url(https:\/\/www.cgfmanet.org\/wp-content\/uploads\/2019\/12\/accompagnata-santita2-80x60.jpg) 0 0 no-repeat;\r\n                    }\r\n                <\/style>\r\n\r\n                <div id=\"tdi_1\" class=\"td-gallery td-slide-on-2-columns\">\r\n                    <div class=\"post_td_gallery\">\r\n                        <div class=\"td-gallery-slide-top\">\r\n                           <div class=\"td-gallery-title\"><\/div>\r\n\r\n                            <div class=\"td-gallery-controls-wrapper\">\r\n                                <div class=\"td-gallery-slide-count\"><span class=\"td-gallery-slide-item-focus\">1<\/span> de 3<\/div>\r\n                                <div class=\"td-gallery-slide-prev-next-but\">\r\n                                    <i class = \"td-icon-left doubleSliderPrevButton\"><\/i>\r\n                                    <i class = \"td-icon-right doubleSliderNextButton\"><\/i>\r\n                                <\/div>\r\n                            <\/div>\r\n                        <\/div>\r\n\r\n                        <div class = \"td-doubleSlider-1 \">\r\n                            <div class = \"td-slider\">\r\n                                \r\n                    <div class = \"td-slide-item td-item1\">\r\n                        <figure class=\"td-slide-galery-figure td-slide-popup-gallery\">\r\n                            <a class=\"slide-gallery-image-link\" href=\"https:\/\/www.cgfmanet.org\/wp-content\/uploads\/2019\/12\/accompagnata-santita4.jpg\" title=\"accompagnata-santita4\"  data-caption=\"\"  data-description=\"\">\r\n                                <img decoding=\"async\" data-src=\"https:\/\/www.cgfmanet.org\/wp-content\/uploads\/2019\/12\/accompagnata-santita4-341x420.jpg\" data-srcset=\"https:\/\/www.cgfmanet.org\/wp-content\/uploads\/2019\/12\/accompagnata-santita4-341x420.jpg 341w, https:\/\/www.cgfmanet.org\/wp-content\/uploads\/2019\/12\/accompagnata-santita4-768x946.jpg 768w, https:\/\/www.cgfmanet.org\/wp-content\/uploads\/2019\/12\/accompagnata-santita4-324x400.jpg 324w, https:\/\/www.cgfmanet.org\/wp-content\/uploads\/2019\/12\/accompagnata-santita4-696x857.jpg 696w, https:\/\/www.cgfmanet.org\/wp-content\/uploads\/2019\/12\/accompagnata-santita4.jpg 974w\" data-sizes=\"auto\" alt=\"\" src=\"data:image\/svg+xml;base64,PHN2ZyB3aWR0aD0iMSIgaGVpZ2h0PSIxIiB4bWxucz0iaHR0cDovL3d3dy53My5vcmcvMjAwMC9zdmciPjwvc3ZnPg==\" class=\"lazyload\" style=\"--smush-placeholder-width: 341px; --smush-placeholder-aspect-ratio: 341\/420;\" data-original-sizes=\"(max-width: 341px) 100vw, 341px\">\r\n                            <\/a>\r\n                            \r\n                        <\/figure>\r\n                    <\/div>\r\n                    <div class = \"td-slide-item td-item2\">\r\n                        <figure class=\"td-slide-galery-figure td-slide-popup-gallery\">\r\n                            <a class=\"slide-gallery-image-link\" href=\"https:\/\/www.cgfmanet.org\/wp-content\/uploads\/2019\/12\/accompagnata-santita3.jpg\" title=\"accompagnata-santita3\"  data-caption=\"\"  data-description=\"\">\r\n                                <img decoding=\"async\" data-src=\"https:\/\/www.cgfmanet.org\/wp-content\/uploads\/2019\/12\/accompagnata-santita3-295x420.jpg\" data-srcset=\"https:\/\/www.cgfmanet.org\/wp-content\/uploads\/2019\/12\/accompagnata-santita3-295x420.jpg 295w, https:\/\/www.cgfmanet.org\/wp-content\/uploads\/2019\/12\/accompagnata-santita3.jpg 533w\" data-sizes=\"auto\" alt=\"\" src=\"data:image\/svg+xml;base64,PHN2ZyB3aWR0aD0iMSIgaGVpZ2h0PSIxIiB4bWxucz0iaHR0cDovL3d3dy53My5vcmcvMjAwMC9zdmciPjwvc3ZnPg==\" class=\"lazyload\" style=\"--smush-placeholder-width: 295px; --smush-placeholder-aspect-ratio: 295\/420;\" data-original-sizes=\"(max-width: 295px) 100vw, 295px\">\r\n                            <\/a>\r\n                            \r\n                        <\/figure>\r\n                    <\/div>\r\n                    <div class = \"td-slide-item td-item3\">\r\n                        <figure class=\"td-slide-galery-figure td-slide-popup-gallery\">\r\n                            <a class=\"slide-gallery-image-link\" href=\"https:\/\/www.cgfmanet.org\/wp-content\/uploads\/2019\/12\/accompagnata-santita2.jpg\" title=\"accompagnata-santita2\"  data-caption=\"\"  data-description=\"\">\r\n                                <img decoding=\"async\" data-src=\"https:\/\/www.cgfmanet.org\/wp-content\/uploads\/2019\/12\/accompagnata-santita2.jpg\" data-srcset=\"https:\/\/www.cgfmanet.org\/wp-content\/uploads\/2019\/12\/accompagnata-santita2.jpg 700w, https:\/\/www.cgfmanet.org\/wp-content\/uploads\/2019\/12\/accompagnata-santita2-696x416.jpg 696w\" data-sizes=\"auto\" alt=\"\" src=\"data:image\/svg+xml;base64,PHN2ZyB3aWR0aD0iMSIgaGVpZ2h0PSIxIiB4bWxucz0iaHR0cDovL3d3dy53My5vcmcvMjAwMC9zdmciPjwvc3ZnPg==\" class=\"lazyload\" style=\"--smush-placeholder-width: 700px; --smush-placeholder-aspect-ratio: 700\/418;\" data-original-sizes=\"(max-width: 700px) 100vw, 700px\">\r\n                            <\/a>\r\n                            \r\n                        <\/figure>\r\n                    <\/div>\r\n                            <\/div>\r\n                        <\/div>\r\n\r\n                        <div class = \"td-doubleSlider-2\">\r\n                            <div class = \"td-slider\">\r\n                                \r\n                    <div class = \"td-button td-item1\">\r\n                        <div class = \"td-border\"><\/div>\r\n                    <\/div>\r\n                    <div class = \"td-button td-item2\">\r\n                        <div class = \"td-border\"><\/div>\r\n                    <\/div>\r\n                    <div class = \"td-button td-item3\">\r\n                        <div class = \"td-border\"><\/div>\r\n                    <\/div>\r\n                            <\/div>\r\n                        <\/div>\r\n\r\n                    <\/div>\r\n\r\n                <\/div>\r\n                \n","protected":false},"excerpt":{"rendered":"<p>Roma (Italia). En l\u00ednea con el S\u00ednodo sobre: Los j\u00f3venes, la fe y el discernimiento vocacional (cf. Instrumento de trabajo nn. 213-214), en el mes de diciembre, se comparte la [&hellip;]<\/p>\n","protected":false},"author":45,"featured_media":14706,"comment_status":"open","ping_status":"closed","sticky":false,"template":"","format":"standard","meta":{"footnotes":""},"categories":[167,158],"tags":[1451,2017],"class_list":["post-14726","post","type-post","status-publish","format-standard","has-post-thumbnail","category-carisma-salesiano-es","category-ifma-es","tag-santidad-salesiana","tag-maria-romero-meneses-es"],"yoast_head":"<!-- This site is optimized with the Yoast SEO plugin v27.4 - https:\/\/yoast.com\/product\/yoast-seo-wordpress\/ -->\n<title>Acompa\u00f1ada en el camino de la santidad &#8226; Istituto Figlie di Maria Ausiliatrice<\/title>\n<meta name=\"robots\" content=\"index, follow, max-snippet:-1, max-image-preview:large, max-video-preview:-1\" \/>\n<link rel=\"canonical\" href=\"https:\/\/www.cgfmanet.org\/es\/ifma-es\/acompanada-en-el-camino-de-la-santidad\/\" \/>\n<meta property=\"og:locale\" content=\"es_ES\" \/>\n<meta property=\"og:type\" content=\"article\" \/>\n<meta property=\"og:title\" content=\"Acompa\u00f1ada en el camino de la santidad &#8226; Istituto Figlie di Maria Ausiliatrice\" \/>\n<meta property=\"og:description\" content=\"Roma (Italia). En l\u00ednea con el S\u00ednodo sobre: Los j\u00f3venes, la fe y el discernimiento vocacional (cf. Instrumento de trabajo nn. 213-214), en el mes de diciembre, se comparte la [&hellip;]\" \/>\n<meta property=\"og:url\" content=\"https:\/\/www.cgfmanet.org\/es\/ifma-es\/acompanada-en-el-camino-de-la-santidad\/\" \/>\n<meta property=\"og:site_name\" content=\"Istituto Figlie di Maria Ausiliatrice\" \/>\n<meta property=\"article:publisher\" content=\"https:\/\/www.facebook.com\/salesian.sisters.of.don.bosco\/\" \/>\n<meta property=\"article:published_time\" content=\"2018-12-02T14:11:16+00:00\" \/>\n<meta property=\"article:modified_time\" content=\"2020-08-11T16:59:19+00:00\" \/>\n<meta property=\"og:image\" content=\"https:\/\/www.cgfmanet.org\/wp-content\/uploads\/2019\/12\/accompagnata-santita1.jpg\" \/>\n\t<meta property=\"og:image:width\" content=\"1074\" \/>\n\t<meta property=\"og:image:height\" content=\"813\" \/>\n\t<meta property=\"og:image:type\" content=\"image\/jpeg\" \/>\n<meta name=\"author\" content=\"kedos\" \/>\n<meta name=\"twitter:card\" content=\"summary_large_image\" \/>\n<meta name=\"twitter:creator\" content=\"@Cgfmanet_Org\" \/>\n<meta name=\"twitter:site\" content=\"@Cgfmanet_Org\" \/>\n<meta name=\"twitter:label1\" content=\"Escrito por\" \/>\n\t<meta name=\"twitter:data1\" content=\"kedos\" \/>\n\t<meta name=\"twitter:label2\" content=\"Tiempo de lectura\" \/>\n\t<meta name=\"twitter:data2\" content=\"2 minutos\" \/>\n<script type=\"application\/ld+json\" class=\"yoast-schema-graph\">{\"@context\":\"https:\\\/\\\/schema.org\",\"@graph\":[{\"@type\":\"Article\",\"@id\":\"https:\\\/\\\/www.cgfmanet.org\\\/es\\\/ifma-es\\\/acompanada-en-el-camino-de-la-santidad\\\/#article\",\"isPartOf\":{\"@id\":\"https:\\\/\\\/www.cgfmanet.org\\\/es\\\/ifma-es\\\/acompanada-en-el-camino-de-la-santidad\\\/\"},\"author\":{\"name\":\"kedos\",\"@id\":\"https:\\\/\\\/www.cgfmanet.org\\\/es\\\/#\\\/schema\\\/person\\\/a0ee6558fb72feabd20b995682c980af\"},\"headline\":\"Acompa\u00f1ada en el camino de la santidad\",\"datePublished\":\"2018-12-02T14:11:16+00:00\",\"dateModified\":\"2020-08-11T16:59:19+00:00\",\"mainEntityOfPage\":{\"@id\":\"https:\\\/\\\/www.cgfmanet.org\\\/es\\\/ifma-es\\\/acompanada-en-el-camino-de-la-santidad\\\/\"},\"wordCount\":438,\"commentCount\":0,\"publisher\":{\"@id\":\"https:\\\/\\\/www.cgfmanet.org\\\/es\\\/#organization\"},\"image\":{\"@id\":\"https:\\\/\\\/www.cgfmanet.org\\\/es\\\/ifma-es\\\/acompanada-en-el-camino-de-la-santidad\\\/#primaryimage\"},\"thumbnailUrl\":\"https:\\\/\\\/www.cgfmanet.org\\\/wp-content\\\/uploads\\\/2019\\\/12\\\/accompagnata-santita1.jpg\",\"keywords\":[\"Santidad Salesiana\",\"Maria Romero Meneses\"],\"articleSection\":[\"Carisma Salesiano\",\"IFMA\"],\"inLanguage\":\"es\",\"potentialAction\":[{\"@type\":\"CommentAction\",\"name\":\"Comment\",\"target\":[\"https:\\\/\\\/www.cgfmanet.org\\\/es\\\/ifma-es\\\/acompanada-en-el-camino-de-la-santidad\\\/#respond\"]}]},{\"@type\":\"WebPage\",\"@id\":\"https:\\\/\\\/www.cgfmanet.org\\\/es\\\/ifma-es\\\/acompanada-en-el-camino-de-la-santidad\\\/\",\"url\":\"https:\\\/\\\/www.cgfmanet.org\\\/es\\\/ifma-es\\\/acompanada-en-el-camino-de-la-santidad\\\/\",\"name\":\"Acompa\u00f1ada en el camino de la santidad &#8226; Istituto Figlie di Maria Ausiliatrice\",\"isPartOf\":{\"@id\":\"https:\\\/\\\/www.cgfmanet.org\\\/es\\\/#website\"},\"primaryImageOfPage\":{\"@id\":\"https:\\\/\\\/www.cgfmanet.org\\\/es\\\/ifma-es\\\/acompanada-en-el-camino-de-la-santidad\\\/#primaryimage\"},\"image\":{\"@id\":\"https:\\\/\\\/www.cgfmanet.org\\\/es\\\/ifma-es\\\/acompanada-en-el-camino-de-la-santidad\\\/#primaryimage\"},\"thumbnailUrl\":\"https:\\\/\\\/www.cgfmanet.org\\\/wp-content\\\/uploads\\\/2019\\\/12\\\/accompagnata-santita1.jpg\",\"datePublished\":\"2018-12-02T14:11:16+00:00\",\"dateModified\":\"2020-08-11T16:59:19+00:00\",\"breadcrumb\":{\"@id\":\"https:\\\/\\\/www.cgfmanet.org\\\/es\\\/ifma-es\\\/acompanada-en-el-camino-de-la-santidad\\\/#breadcrumb\"},\"inLanguage\":\"es\",\"potentialAction\":[{\"@type\":\"ReadAction\",\"target\":[\"https:\\\/\\\/www.cgfmanet.org\\\/es\\\/ifma-es\\\/acompanada-en-el-camino-de-la-santidad\\\/\"]}]},{\"@type\":\"ImageObject\",\"inLanguage\":\"es\",\"@id\":\"https:\\\/\\\/www.cgfmanet.org\\\/es\\\/ifma-es\\\/acompanada-en-el-camino-de-la-santidad\\\/#primaryimage\",\"url\":\"https:\\\/\\\/www.cgfmanet.org\\\/wp-content\\\/uploads\\\/2019\\\/12\\\/accompagnata-santita1.jpg\",\"contentUrl\":\"https:\\\/\\\/www.cgfmanet.org\\\/wp-content\\\/uploads\\\/2019\\\/12\\\/accompagnata-santita1.jpg\",\"width\":1074,\"height\":813},{\"@type\":\"BreadcrumbList\",\"@id\":\"https:\\\/\\\/www.cgfmanet.org\\\/es\\\/ifma-es\\\/acompanada-en-el-camino-de-la-santidad\\\/#breadcrumb\",\"itemListElement\":[{\"@type\":\"ListItem\",\"position\":1,\"name\":\"Home\",\"item\":\"https:\\\/\\\/www.cgfmanet.org\\\/es\\\/\"},{\"@type\":\"ListItem\",\"position\":2,\"name\":\"Acompa\u00f1ada en el camino de la santidad\"}]},{\"@type\":\"WebSite\",\"@id\":\"https:\\\/\\\/www.cgfmanet.org\\\/es\\\/#website\",\"url\":\"https:\\\/\\\/www.cgfmanet.org\\\/es\\\/\",\"name\":\"Istituto Figlie di Maria Ausiliatrice\",\"description\":\"Salesiane di Don Bosco\",\"publisher\":{\"@id\":\"https:\\\/\\\/www.cgfmanet.org\\\/es\\\/#organization\"},\"potentialAction\":[{\"@type\":\"SearchAction\",\"target\":{\"@type\":\"EntryPoint\",\"urlTemplate\":\"https:\\\/\\\/www.cgfmanet.org\\\/es\\\/?s={search_term_string}\"},\"query-input\":{\"@type\":\"PropertyValueSpecification\",\"valueRequired\":true,\"valueName\":\"search_term_string\"}}],\"inLanguage\":\"es\"},{\"@type\":\"Organization\",\"@id\":\"https:\\\/\\\/www.cgfmanet.org\\\/es\\\/#organization\",\"name\":\"Istituto Figlie di Maria Ausiliatrice\",\"url\":\"https:\\\/\\\/www.cgfmanet.org\\\/es\\\/\",\"logo\":{\"@type\":\"ImageObject\",\"inLanguage\":\"es\",\"@id\":\"https:\\\/\\\/www.cgfmanet.org\\\/es\\\/#\\\/schema\\\/logo\\\/image\\\/\",\"url\":\"https:\\\/\\\/www.cgfmanet.org\\\/wp-content\\\/uploads\\\/2018\\\/10\\\/logo-fma.png\",\"contentUrl\":\"https:\\\/\\\/www.cgfmanet.org\\\/wp-content\\\/uploads\\\/2018\\\/10\\\/logo-fma.png\",\"width\":214,\"height\":55,\"caption\":\"Istituto Figlie di Maria Ausiliatrice\"},\"image\":{\"@id\":\"https:\\\/\\\/www.cgfmanet.org\\\/es\\\/#\\\/schema\\\/logo\\\/image\\\/\"},\"sameAs\":[\"https:\\\/\\\/www.facebook.com\\\/salesian.sisters.of.don.bosco\\\/\",\"https:\\\/\\\/x.com\\\/Cgfmanet_Org\",\"https:\\\/\\\/www.youtube.com\\\/channel\\\/UCmcr8yFQBV7JXeXVxyV9y5Q\"]},{\"@type\":\"Person\",\"@id\":\"https:\\\/\\\/www.cgfmanet.org\\\/es\\\/#\\\/schema\\\/person\\\/a0ee6558fb72feabd20b995682c980af\",\"name\":\"kedos\"}]}<\/script>\n<!-- \/ Yoast SEO plugin. -->","yoast_head_json":{"title":"Acompa\u00f1ada en el camino de la santidad &#8226; Istituto Figlie di Maria Ausiliatrice","robots":{"index":"index","follow":"follow","max-snippet":"max-snippet:-1","max-image-preview":"max-image-preview:large","max-video-preview":"max-video-preview:-1"},"canonical":"https:\/\/www.cgfmanet.org\/es\/ifma-es\/acompanada-en-el-camino-de-la-santidad\/","og_locale":"es_ES","og_type":"article","og_title":"Acompa\u00f1ada en el camino de la santidad &#8226; Istituto Figlie di Maria Ausiliatrice","og_description":"Roma (Italia). En l\u00ednea con el S\u00ednodo sobre: Los j\u00f3venes, la fe y el discernimiento vocacional (cf. Instrumento de trabajo nn. 213-214), en el mes de diciembre, se comparte la [&hellip;]","og_url":"https:\/\/www.cgfmanet.org\/es\/ifma-es\/acompanada-en-el-camino-de-la-santidad\/","og_site_name":"Istituto Figlie di Maria Ausiliatrice","article_publisher":"https:\/\/www.facebook.com\/salesian.sisters.of.don.bosco\/","article_published_time":"2018-12-02T14:11:16+00:00","article_modified_time":"2020-08-11T16:59:19+00:00","og_image":[{"width":1074,"height":813,"url":"https:\/\/www.cgfmanet.org\/wp-content\/uploads\/2019\/12\/accompagnata-santita1.jpg","type":"image\/jpeg"}],"author":"kedos","twitter_card":"summary_large_image","twitter_creator":"@Cgfmanet_Org","twitter_site":"@Cgfmanet_Org","twitter_misc":{"Escrito por":"kedos","Tiempo de lectura":"2 minutos"},"schema":{"@context":"https:\/\/schema.org","@graph":[{"@type":"Article","@id":"https:\/\/www.cgfmanet.org\/es\/ifma-es\/acompanada-en-el-camino-de-la-santidad\/#article","isPartOf":{"@id":"https:\/\/www.cgfmanet.org\/es\/ifma-es\/acompanada-en-el-camino-de-la-santidad\/"},"author":{"name":"kedos","@id":"https:\/\/www.cgfmanet.org\/es\/#\/schema\/person\/a0ee6558fb72feabd20b995682c980af"},"headline":"Acompa\u00f1ada en el camino de la santidad","datePublished":"2018-12-02T14:11:16+00:00","dateModified":"2020-08-11T16:59:19+00:00","mainEntityOfPage":{"@id":"https:\/\/www.cgfmanet.org\/es\/ifma-es\/acompanada-en-el-camino-de-la-santidad\/"},"wordCount":438,"commentCount":0,"publisher":{"@id":"https:\/\/www.cgfmanet.org\/es\/#organization"},"image":{"@id":"https:\/\/www.cgfmanet.org\/es\/ifma-es\/acompanada-en-el-camino-de-la-santidad\/#primaryimage"},"thumbnailUrl":"https:\/\/www.cgfmanet.org\/wp-content\/uploads\/2019\/12\/accompagnata-santita1.jpg","keywords":["Santidad Salesiana","Maria Romero Meneses"],"articleSection":["Carisma Salesiano","IFMA"],"inLanguage":"es","potentialAction":[{"@type":"CommentAction","name":"Comment","target":["https:\/\/www.cgfmanet.org\/es\/ifma-es\/acompanada-en-el-camino-de-la-santidad\/#respond"]}]},{"@type":"WebPage","@id":"https:\/\/www.cgfmanet.org\/es\/ifma-es\/acompanada-en-el-camino-de-la-santidad\/","url":"https:\/\/www.cgfmanet.org\/es\/ifma-es\/acompanada-en-el-camino-de-la-santidad\/","name":"Acompa\u00f1ada en el camino de la santidad &#8226; Istituto Figlie di Maria Ausiliatrice","isPartOf":{"@id":"https:\/\/www.cgfmanet.org\/es\/#website"},"primaryImageOfPage":{"@id":"https:\/\/www.cgfmanet.org\/es\/ifma-es\/acompanada-en-el-camino-de-la-santidad\/#primaryimage"},"image":{"@id":"https:\/\/www.cgfmanet.org\/es\/ifma-es\/acompanada-en-el-camino-de-la-santidad\/#primaryimage"},"thumbnailUrl":"https:\/\/www.cgfmanet.org\/wp-content\/uploads\/2019\/12\/accompagnata-santita1.jpg","datePublished":"2018-12-02T14:11:16+00:00","dateModified":"2020-08-11T16:59:19+00:00","breadcrumb":{"@id":"https:\/\/www.cgfmanet.org\/es\/ifma-es\/acompanada-en-el-camino-de-la-santidad\/#breadcrumb"},"inLanguage":"es","potentialAction":[{"@type":"ReadAction","target":["https:\/\/www.cgfmanet.org\/es\/ifma-es\/acompanada-en-el-camino-de-la-santidad\/"]}]},{"@type":"ImageObject","inLanguage":"es","@id":"https:\/\/www.cgfmanet.org\/es\/ifma-es\/acompanada-en-el-camino-de-la-santidad\/#primaryimage","url":"https:\/\/www.cgfmanet.org\/wp-content\/uploads\/2019\/12\/accompagnata-santita1.jpg","contentUrl":"https:\/\/www.cgfmanet.org\/wp-content\/uploads\/2019\/12\/accompagnata-santita1.jpg","width":1074,"height":813},{"@type":"BreadcrumbList","@id":"https:\/\/www.cgfmanet.org\/es\/ifma-es\/acompanada-en-el-camino-de-la-santidad\/#breadcrumb","itemListElement":[{"@type":"ListItem","position":1,"name":"Home","item":"https:\/\/www.cgfmanet.org\/es\/"},{"@type":"ListItem","position":2,"name":"Acompa\u00f1ada en el camino de la santidad"}]},{"@type":"WebSite","@id":"https:\/\/www.cgfmanet.org\/es\/#website","url":"https:\/\/www.cgfmanet.org\/es\/","name":"Istituto Figlie di Maria Ausiliatrice","description":"Salesiane di Don Bosco","publisher":{"@id":"https:\/\/www.cgfmanet.org\/es\/#organization"},"potentialAction":[{"@type":"SearchAction","target":{"@type":"EntryPoint","urlTemplate":"https:\/\/www.cgfmanet.org\/es\/?s={search_term_string}"},"query-input":{"@type":"PropertyValueSpecification","valueRequired":true,"valueName":"search_term_string"}}],"inLanguage":"es"},{"@type":"Organization","@id":"https:\/\/www.cgfmanet.org\/es\/#organization","name":"Istituto Figlie di Maria Ausiliatrice","url":"https:\/\/www.cgfmanet.org\/es\/","logo":{"@type":"ImageObject","inLanguage":"es","@id":"https:\/\/www.cgfmanet.org\/es\/#\/schema\/logo\/image\/","url":"https:\/\/www.cgfmanet.org\/wp-content\/uploads\/2018\/10\/logo-fma.png","contentUrl":"https:\/\/www.cgfmanet.org\/wp-content\/uploads\/2018\/10\/logo-fma.png","width":214,"height":55,"caption":"Istituto Figlie di Maria Ausiliatrice"},"image":{"@id":"https:\/\/www.cgfmanet.org\/es\/#\/schema\/logo\/image\/"},"sameAs":["https:\/\/www.facebook.com\/salesian.sisters.of.don.bosco\/","https:\/\/x.com\/Cgfmanet_Org","https:\/\/www.youtube.com\/channel\/UCmcr8yFQBV7JXeXVxyV9y5Q"]},{"@type":"Person","@id":"https:\/\/www.cgfmanet.org\/es\/#\/schema\/person\/a0ee6558fb72feabd20b995682c980af","name":"kedos"}]}},"_links":{"self":[{"href":"https:\/\/www.cgfmanet.org\/es\/wp-json\/wp\/v2\/posts\/14726","targetHints":{"allow":["GET"]}}],"collection":[{"href":"https:\/\/www.cgfmanet.org\/es\/wp-json\/wp\/v2\/posts"}],"about":[{"href":"https:\/\/www.cgfmanet.org\/es\/wp-json\/wp\/v2\/types\/post"}],"author":[{"embeddable":true,"href":"https:\/\/www.cgfmanet.org\/es\/wp-json\/wp\/v2\/users\/45"}],"replies":[{"embeddable":true,"href":"https:\/\/www.cgfmanet.org\/es\/wp-json\/wp\/v2\/comments?post=14726"}],"version-history":[{"count":0,"href":"https:\/\/www.cgfmanet.org\/es\/wp-json\/wp\/v2\/posts\/14726\/revisions"}],"wp:featuredmedia":[{"embeddable":true,"href":"https:\/\/www.cgfmanet.org\/es\/wp-json\/wp\/v2\/media\/14706"}],"wp:attachment":[{"href":"https:\/\/www.cgfmanet.org\/es\/wp-json\/wp\/v2\/media?parent=14726"}],"wp:term":[{"taxonomy":"category","embeddable":true,"href":"https:\/\/www.cgfmanet.org\/es\/wp-json\/wp\/v2\/categories?post=14726"},{"taxonomy":"post_tag","embeddable":true,"href":"https:\/\/www.cgfmanet.org\/es\/wp-json\/wp\/v2\/tags?post=14726"}],"curies":[{"name":"wp","href":"https:\/\/api.w.org\/{rel}","templated":true}]}}