{"id":147142,"date":"2025-11-15T12:15:43","date_gmt":"2025-11-15T11:15:43","guid":{"rendered":"https:\/\/www.cgfmanet.org\/infoesfera\/giornata-mondiale-dei-poveri-2025\/"},"modified":"2025-11-15T18:46:02","modified_gmt":"2025-11-15T17:46:02","slug":"jornada-mundial-de-los-pobres-2025","status":"publish","type":"post","link":"https:\/\/www.cgfmanet.org\/es\/infoesfera\/jornada-mundial-de-los-pobres-2025\/","title":{"rendered":"Jornada Mundial de los Pobres 2025"},"content":{"rendered":"<p><strong>Roma (Italia).<\/strong> El domingo 16 de noviembre de 2025 se celebra la IX Jornada Mundial de los Pobres, instituida por el Papa Francisco en 2017 al final del Jubileo de la Misericordia, \u00abpara que en todo el mundo las comunidades cristianas se conviertan cada vez m\u00e1s y mejor en un signo concreto de la caridad de Cristo por los \u00faltimos y los m\u00e1s necesitados\u00bb, a\u00f1adiendo a las Jornadas instituidas anteriormente \u00abun elemento de complemento exquisitamente evang\u00e9lico, es decir, la predilecci\u00f3n de Jes\u00fas por los pobres\u00bb.<\/p>\n<p>\u00abT\u00fa eres, Se\u00f1or m\u00edo, mi esperanza\u00bb (Sal 71,5) es el tema de la Jornada 2025, para recordar, con las palabras del salmista que brotan de un coraz\u00f3n oprimido por graves dificultades, que quien espera en el Se\u00f1or no queda decepcionado: \u00abNo podemos olvidar que hemos sido salvados en esta esperanza, en la que necesitamos permanecer arraigados\u00bb, dice el Papa Le\u00f3n XIV en su <span style=\"color: #0000ff;\"><strong><a style=\"color: #0000ff;\" href=\"https:\/\/www.vatican.va\/content\/leo-xiv\/it\/messages\/poor\/documents\/20250613-messaggio-giornata-poveri.html\" target=\"_blank\" rel=\"noopener\">Mensaje<\/a><\/strong><\/span>.<\/p>\n<p>Es por esto que el pobre \u00abpuede convertirse en testigo de una esperanza fuerte y fiable, precisamente porque la profesa en una condici\u00f3n de vida precaria, hecha de privaciones, fragilidad y marginaci\u00f3n. \u00c9l no cuenta con las seguridades del poder y del tener; al contrario, las padece y a menudo es v\u00edctima de ellas. Su esperanza solo puede descansar en otro lugar. Al reconocer que Dios es nuestra primera y \u00fanica esperanza, tambi\u00e9n nosotros damos el paso entre las esperanzas ef\u00edmeras y la esperanza duradera. <strong>Ante el deseo de tener a Dios como compa\u00f1ero de camino, las riquezas se redimensionan, porque se descubre el verdadero tesoro que realmente necesitamos<\/strong>\u00ab.<\/p>\n<p>Frente al Bien m\u00e1s grande, que es el deseo de tener a Dios como compa\u00f1ero de camino, las riquezas se redimensionan y el Santo Padre observa que la mayor\u00eda de los pobres, de hecho, posee una \u00abespecial apertura a la fe\u00bb y que en realidad \u00abla pobreza m\u00e1s grave es no conocer a Dios\u00bb, como tambi\u00e9n recordaba el Papa Francisco al poner de relieve la falta de atenci\u00f3n espiritual como una discriminaci\u00f3n hacia los pobres.<\/p>\n<p>La Jornada, subraya el Papa Le\u00f3n, llega providencialmente ya al final del a\u00f1o jubilar:<\/p>\n<p>\u00ab<strong>No es casualidad que la Jornada Mundial de los Pobres se celebre hacia el final de este a\u00f1o de gracia.<\/strong> Cuando la Puerta Santa est\u00e9 cerrada, deberemos custodiar y transmitir los dones divinos que se han derramado en nuestras manos a lo largo de un a\u00f1o entero de oraci\u00f3n, conversi\u00f3n y testimonio. <strong>Los pobres no son objetos de nuestra pastoral, sino sujetos creativos que nos impulsan a encontrar siempre nuevas formas de vivir el Evangelio hoy. <\/strong><\/p>\n<p><strong>Ante la sucesi\u00f3n de nuevas y constantes oleadas de empobrecimiento, existe el riesgo de acostumbrarse y resignarse.<\/strong> Encontramos personas pobres o empobrecidas cada d\u00eda y a veces puede suceder que seamos nosotros mismos quienes tengamos menos, quienes perdamos lo que antes nos parec\u00eda seguro: una vivienda, el alimento adecuado para el d\u00eda, el acceso a la atenci\u00f3n m\u00e9dica, un buen nivel de instrucci\u00f3n e informaci\u00f3n, la libertad religiosa y de expresi\u00f3n\u00bb.<\/p>\n<p>A partir de esta consideraci\u00f3n, su concreto deseo: \u00abPor tanto, auspicio que este A\u00f1o Jubilar pueda incentivar el desarrollo de pol\u00edticas de contraste a las antiguas y nuevas formas de pobreza, adem\u00e1s de nuevas iniciativas de apoyo y ayuda a los m\u00e1s pobres entre los pobres. Trabajo, educaci\u00f3n, casa, salud son las condiciones de una seguridad que nunca se afirmar\u00e1 con las armas. Me congratulo por las iniciativas ya existentes y por el compromiso que un gran n\u00famero de hombres y mujeres de buena voluntad prodigan cada d\u00eda a nivel internacional\u00bb.<\/p>\n<p><strong>Para prepararse y vivir mejor esta Jornada, el Dicasterio para la Evangelizaci\u00f3n pone a disposici\u00f3n un <span style=\"color: #0000ff;\"><a style=\"color: #0000ff;\" href=\"https:\/\/www.evangelizatio.va\/content\/pcpne\/it\/attivita\/gmdp\/2025\/sussidio.html\" target=\"_blank\" rel=\"noopener\">Subsidio en varios idiomas<\/a><\/span><\/strong>. No hay que olvidar, adem\u00e1s, que el 4 de octubre de 2025, en la fiesta de San Francisco de As\u00eds, \u00abel Poverello de As\u00eds\u00bb, el Papa Le\u00f3n XIV ha publicado una Exhortaci\u00f3n apost\u00f3lica sobre el amor hacia los pobres, la <strong><a href=\"https:\/\/www.vatican.va\/content\/leo-xiv\/it\/apost_exhortations\/documents\/20251004-dilexi-te.html\" target=\"_blank\" rel=\"noopener\"><span style=\"color: #0000ff;\">Dilexi Te<\/span><\/a><\/strong>.<\/p>\n<p>El domingo 16 \u2013 en el \u00e1mbito del <span style=\"color: #0000ff;\"><strong><a style=\"color: #0000ff;\" href=\"https:\/\/www.iubilaeum2025.va\/it\/notizie\/comunicati\/2025\/giubileo-dei-poveri.html\" target=\"_blank\" rel=\"noopener\">Jubileo de los pobres<\/a><\/strong><\/span>, que se celebra en Roma del 14 al 16 de noviembre \u2013 el Papa Le\u00f3n presidir\u00e1 la Santa Misa en la Bas\u00edlica de San Pedro a las 10:00 horas. En la Bas\u00edlica estar\u00e1n presentes excepcionalmente las reliquias de San Benito Jos\u00e9 Labre, llamado \u00abel vagabundo de Dios\u00bb, conservadas normalmente en la Iglesia de Santa Maria ai Monti. Labre es un santo que no ten\u00eda morada fija y que hab\u00eda elegido el Coliseo como casa.<\/p>\n<p>A la Misa asistir\u00e1n pobres y asociaciones comprometidas diariamente en el acompa\u00f1amiento de los m\u00e1s necesitados, 1300 de los cuales ser\u00e1n hu\u00e9spedes en el Aula Pablo VI para el almuerzo con el Papa, organizado por el Dicasterio para el Servicio de la Caridad. Al final del almuerzo, cada uno recibir\u00e1 como regalo una mochila con bienes de primera necesidad, gracias al apoyo de los Padres Vicentinos que, con ocasi\u00f3n del 400\u00ba aniversario de la fundaci\u00f3n, han querido ofrecer un gesto concreto de cercan\u00eda.<\/p>\n<p>Entre las iniciativas de solidaridad tambi\u00e9n se encuentran las promovidas, como cada a\u00f1o, por el Dicasterio para la Evangelizaci\u00f3n, que continuar\u00e1 apoyando a las familias menos pudientes a trav\u00e9s, por ejemplo, del pago de sus facturas y vales para compras en los supermercados.<\/p>\n","protected":false},"excerpt":{"rendered":"<p>Roma (Italia). El domingo 16 de noviembre de 2025 se celebra la IX Jornada Mundial de los Pobres, instituida por el Papa Francisco en 2017 al final del Jubileo de [&hellip;]<\/p>\n","protected":false},"author":21,"featured_media":147137,"comment_status":"open","ping_status":"closed","sticky":false,"template":"","format":"standard","meta":{"footnotes":""},"categories":[39,191],"tags":[431,1931,1993,2148,2450,2491],"class_list":["post-147142","post","type-post","status-publish","format-standard","has-post-thumbnail","category-infoesfera","category-iglesia","tag-pobres","tag-focus-es","tag-solidarieta-es","tag-preghiera-es","tag-jubileo-2025","tag-papa-leon-xiv"],"yoast_head":"<!-- This site is optimized with the Yoast SEO plugin v27.4 - https:\/\/yoast.com\/product\/yoast-seo-wordpress\/ -->\n<title>Jornada Mundial de los Pobres 2025 &#8226; Istituto Figlie di Maria Ausiliatrice<\/title>\n<meta name=\"description\" content=\"El 16 de noviembre de 2025 se celebra la 9\u00aa Jornada Mundial de los Pobres, que en el A\u00f1o Jubilar tiene como tema: &quot;T\u00fa eres, Se\u00f1or m\u00edo, mi esperanza&quot; (Sal 71,5).\" \/>\n<meta name=\"robots\" content=\"index, follow, max-snippet:-1, max-image-preview:large, max-video-preview:-1\" \/>\n<link rel=\"canonical\" href=\"https:\/\/www.cgfmanet.org\/es\/infoesfera\/jornada-mundial-de-los-pobres-2025\/\" \/>\n<meta property=\"og:locale\" content=\"es_ES\" \/>\n<meta property=\"og:type\" content=\"article\" \/>\n<meta property=\"og:title\" content=\"Jornada Mundial de los Pobres 2025 &#8226; Istituto Figlie di Maria Ausiliatrice\" \/>\n<meta property=\"og:description\" content=\"El 16 de noviembre de 2025 se celebra la 9\u00aa Jornada Mundial de los Pobres, que en el A\u00f1o Jubilar tiene como tema: &quot;T\u00fa eres, Se\u00f1or m\u00edo, mi esperanza&quot; (Sal 71,5).\" \/>\n<meta property=\"og:url\" content=\"https:\/\/www.cgfmanet.org\/es\/infoesfera\/jornada-mundial-de-los-pobres-2025\/\" \/>\n<meta property=\"og:site_name\" content=\"Istituto Figlie di Maria Ausiliatrice\" \/>\n<meta property=\"article:publisher\" content=\"https:\/\/www.facebook.com\/salesian.sisters.of.don.bosco\/\" \/>\n<meta property=\"article:published_time\" content=\"2025-11-15T11:15:43+00:00\" \/>\n<meta property=\"article:modified_time\" content=\"2025-11-15T17:46:02+00:00\" \/>\n<meta property=\"og:image\" content=\"https:\/\/www.cgfmanet.org\/wp-content\/uploads\/2025\/11\/Giornata-Mondiale-Poveri-2025.jpg\" \/>\n\t<meta property=\"og:image:width\" content=\"1200\" \/>\n\t<meta property=\"og:image:height\" content=\"800\" \/>\n\t<meta property=\"og:image:type\" content=\"image\/jpeg\" \/>\n<meta name=\"author\" content=\"Redazione\" \/>\n<meta name=\"twitter:card\" content=\"summary_large_image\" \/>\n<meta name=\"twitter:creator\" content=\"@Cgfmanet_Org\" \/>\n<meta name=\"twitter:site\" content=\"@Cgfmanet_Org\" \/>\n<meta name=\"twitter:label1\" content=\"Escrito por\" \/>\n\t<meta name=\"twitter:data1\" content=\"Redazione\" \/>\n\t<meta name=\"twitter:label2\" content=\"Tiempo de lectura\" \/>\n\t<meta name=\"twitter:data2\" content=\"5 minutos\" \/>\n<script type=\"application\/ld+json\" class=\"yoast-schema-graph\">{\"@context\":\"https:\\\/\\\/schema.org\",\"@graph\":[{\"@type\":\"Article\",\"@id\":\"https:\\\/\\\/www.cgfmanet.org\\\/es\\\/infoesfera\\\/jornada-mundial-de-los-pobres-2025\\\/#article\",\"isPartOf\":{\"@id\":\"https:\\\/\\\/www.cgfmanet.org\\\/es\\\/infoesfera\\\/jornada-mundial-de-los-pobres-2025\\\/\"},\"author\":{\"name\":\"Redazione\",\"@id\":\"https:\\\/\\\/www.cgfmanet.org\\\/es\\\/#\\\/schema\\\/person\\\/ce6473083f53ef0ef882cca23f0c8fb9\"},\"headline\":\"Jornada Mundial de los Pobres 2025\",\"datePublished\":\"2025-11-15T11:15:43+00:00\",\"dateModified\":\"2025-11-15T17:46:02+00:00\",\"mainEntityOfPage\":{\"@id\":\"https:\\\/\\\/www.cgfmanet.org\\\/es\\\/infoesfera\\\/jornada-mundial-de-los-pobres-2025\\\/\"},\"wordCount\":922,\"commentCount\":0,\"publisher\":{\"@id\":\"https:\\\/\\\/www.cgfmanet.org\\\/es\\\/#organization\"},\"image\":{\"@id\":\"https:\\\/\\\/www.cgfmanet.org\\\/es\\\/infoesfera\\\/jornada-mundial-de-los-pobres-2025\\\/#primaryimage\"},\"thumbnailUrl\":\"https:\\\/\\\/www.cgfmanet.org\\\/wp-content\\\/uploads\\\/2025\\\/11\\\/Giornata-Mondiale-Poveri-2025.jpg\",\"keywords\":[\"Pobres\",\"Focus\",\"Solidariet\u00e0\",\"Preghiera\",\"Jubileo 2025\",\"Papa Le\u00f3n XIV\"],\"articleSection\":[\"Infoesfera\",\"Iglesia\"],\"inLanguage\":\"es\",\"potentialAction\":[{\"@type\":\"CommentAction\",\"name\":\"Comment\",\"target\":[\"https:\\\/\\\/www.cgfmanet.org\\\/es\\\/infoesfera\\\/jornada-mundial-de-los-pobres-2025\\\/#respond\"]}]},{\"@type\":\"WebPage\",\"@id\":\"https:\\\/\\\/www.cgfmanet.org\\\/es\\\/infoesfera\\\/jornada-mundial-de-los-pobres-2025\\\/\",\"url\":\"https:\\\/\\\/www.cgfmanet.org\\\/es\\\/infoesfera\\\/jornada-mundial-de-los-pobres-2025\\\/\",\"name\":\"Jornada Mundial de los Pobres 2025 &#8226; Istituto Figlie di Maria Ausiliatrice\",\"isPartOf\":{\"@id\":\"https:\\\/\\\/www.cgfmanet.org\\\/es\\\/#website\"},\"primaryImageOfPage\":{\"@id\":\"https:\\\/\\\/www.cgfmanet.org\\\/es\\\/infoesfera\\\/jornada-mundial-de-los-pobres-2025\\\/#primaryimage\"},\"image\":{\"@id\":\"https:\\\/\\\/www.cgfmanet.org\\\/es\\\/infoesfera\\\/jornada-mundial-de-los-pobres-2025\\\/#primaryimage\"},\"thumbnailUrl\":\"https:\\\/\\\/www.cgfmanet.org\\\/wp-content\\\/uploads\\\/2025\\\/11\\\/Giornata-Mondiale-Poveri-2025.jpg\",\"datePublished\":\"2025-11-15T11:15:43+00:00\",\"dateModified\":\"2025-11-15T17:46:02+00:00\",\"description\":\"El 16 de noviembre de 2025 se celebra la 9\u00aa Jornada Mundial de los Pobres, que en el A\u00f1o Jubilar tiene como tema: \\\"T\u00fa eres, Se\u00f1or m\u00edo, mi esperanza\\\" (Sal 71,5).\",\"breadcrumb\":{\"@id\":\"https:\\\/\\\/www.cgfmanet.org\\\/es\\\/infoesfera\\\/jornada-mundial-de-los-pobres-2025\\\/#breadcrumb\"},\"inLanguage\":\"es\",\"potentialAction\":[{\"@type\":\"ReadAction\",\"target\":[\"https:\\\/\\\/www.cgfmanet.org\\\/es\\\/infoesfera\\\/jornada-mundial-de-los-pobres-2025\\\/\"]}]},{\"@type\":\"ImageObject\",\"inLanguage\":\"es\",\"@id\":\"https:\\\/\\\/www.cgfmanet.org\\\/es\\\/infoesfera\\\/jornada-mundial-de-los-pobres-2025\\\/#primaryimage\",\"url\":\"https:\\\/\\\/www.cgfmanet.org\\\/wp-content\\\/uploads\\\/2025\\\/11\\\/Giornata-Mondiale-Poveri-2025.jpg\",\"contentUrl\":\"https:\\\/\\\/www.cgfmanet.org\\\/wp-content\\\/uploads\\\/2025\\\/11\\\/Giornata-Mondiale-Poveri-2025.jpg\",\"width\":1200,\"height\":800},{\"@type\":\"BreadcrumbList\",\"@id\":\"https:\\\/\\\/www.cgfmanet.org\\\/es\\\/infoesfera\\\/jornada-mundial-de-los-pobres-2025\\\/#breadcrumb\",\"itemListElement\":[{\"@type\":\"ListItem\",\"position\":1,\"name\":\"Home\",\"item\":\"https:\\\/\\\/www.cgfmanet.org\\\/es\\\/\"},{\"@type\":\"ListItem\",\"position\":2,\"name\":\"Jornada Mundial de los Pobres 2025\"}]},{\"@type\":\"WebSite\",\"@id\":\"https:\\\/\\\/www.cgfmanet.org\\\/es\\\/#website\",\"url\":\"https:\\\/\\\/www.cgfmanet.org\\\/es\\\/\",\"name\":\"Istituto Figlie di Maria Ausiliatrice\",\"description\":\"Salesiane di Don Bosco\",\"publisher\":{\"@id\":\"https:\\\/\\\/www.cgfmanet.org\\\/es\\\/#organization\"},\"potentialAction\":[{\"@type\":\"SearchAction\",\"target\":{\"@type\":\"EntryPoint\",\"urlTemplate\":\"https:\\\/\\\/www.cgfmanet.org\\\/es\\\/?s={search_term_string}\"},\"query-input\":{\"@type\":\"PropertyValueSpecification\",\"valueRequired\":true,\"valueName\":\"search_term_string\"}}],\"inLanguage\":\"es\"},{\"@type\":\"Organization\",\"@id\":\"https:\\\/\\\/www.cgfmanet.org\\\/es\\\/#organization\",\"name\":\"Istituto Figlie di Maria Ausiliatrice\",\"url\":\"https:\\\/\\\/www.cgfmanet.org\\\/es\\\/\",\"logo\":{\"@type\":\"ImageObject\",\"inLanguage\":\"es\",\"@id\":\"https:\\\/\\\/www.cgfmanet.org\\\/es\\\/#\\\/schema\\\/logo\\\/image\\\/\",\"url\":\"https:\\\/\\\/www.cgfmanet.org\\\/wp-content\\\/uploads\\\/2018\\\/10\\\/logo-fma.png\",\"contentUrl\":\"https:\\\/\\\/www.cgfmanet.org\\\/wp-content\\\/uploads\\\/2018\\\/10\\\/logo-fma.png\",\"width\":214,\"height\":55,\"caption\":\"Istituto Figlie di Maria Ausiliatrice\"},\"image\":{\"@id\":\"https:\\\/\\\/www.cgfmanet.org\\\/es\\\/#\\\/schema\\\/logo\\\/image\\\/\"},\"sameAs\":[\"https:\\\/\\\/www.facebook.com\\\/salesian.sisters.of.don.bosco\\\/\",\"https:\\\/\\\/x.com\\\/Cgfmanet_Org\",\"https:\\\/\\\/www.youtube.com\\\/channel\\\/UCmcr8yFQBV7JXeXVxyV9y5Q\"]},{\"@type\":\"Person\",\"@id\":\"https:\\\/\\\/www.cgfmanet.org\\\/es\\\/#\\\/schema\\\/person\\\/ce6473083f53ef0ef882cca23f0c8fb9\",\"name\":\"Redazione\"}]}<\/script>\n<!-- \/ Yoast SEO plugin. -->","yoast_head_json":{"title":"Jornada Mundial de los Pobres 2025 &#8226; Istituto Figlie di Maria Ausiliatrice","description":"El 16 de noviembre de 2025 se celebra la 9\u00aa Jornada Mundial de los Pobres, que en el A\u00f1o Jubilar tiene como tema: \"T\u00fa eres, Se\u00f1or m\u00edo, mi esperanza\" (Sal 71,5).","robots":{"index":"index","follow":"follow","max-snippet":"max-snippet:-1","max-image-preview":"max-image-preview:large","max-video-preview":"max-video-preview:-1"},"canonical":"https:\/\/www.cgfmanet.org\/es\/infoesfera\/jornada-mundial-de-los-pobres-2025\/","og_locale":"es_ES","og_type":"article","og_title":"Jornada Mundial de los Pobres 2025 &#8226; Istituto Figlie di Maria Ausiliatrice","og_description":"El 16 de noviembre de 2025 se celebra la 9\u00aa Jornada Mundial de los Pobres, que en el A\u00f1o Jubilar tiene como tema: \"T\u00fa eres, Se\u00f1or m\u00edo, mi esperanza\" (Sal 71,5).","og_url":"https:\/\/www.cgfmanet.org\/es\/infoesfera\/jornada-mundial-de-los-pobres-2025\/","og_site_name":"Istituto Figlie di Maria Ausiliatrice","article_publisher":"https:\/\/www.facebook.com\/salesian.sisters.of.don.bosco\/","article_published_time":"2025-11-15T11:15:43+00:00","article_modified_time":"2025-11-15T17:46:02+00:00","og_image":[{"width":1200,"height":800,"url":"https:\/\/www.cgfmanet.org\/wp-content\/uploads\/2025\/11\/Giornata-Mondiale-Poveri-2025.jpg","type":"image\/jpeg"}],"author":"Redazione","twitter_card":"summary_large_image","twitter_creator":"@Cgfmanet_Org","twitter_site":"@Cgfmanet_Org","twitter_misc":{"Escrito por":"Redazione","Tiempo de lectura":"5 minutos"},"schema":{"@context":"https:\/\/schema.org","@graph":[{"@type":"Article","@id":"https:\/\/www.cgfmanet.org\/es\/infoesfera\/jornada-mundial-de-los-pobres-2025\/#article","isPartOf":{"@id":"https:\/\/www.cgfmanet.org\/es\/infoesfera\/jornada-mundial-de-los-pobres-2025\/"},"author":{"name":"Redazione","@id":"https:\/\/www.cgfmanet.org\/es\/#\/schema\/person\/ce6473083f53ef0ef882cca23f0c8fb9"},"headline":"Jornada Mundial de los Pobres 2025","datePublished":"2025-11-15T11:15:43+00:00","dateModified":"2025-11-15T17:46:02+00:00","mainEntityOfPage":{"@id":"https:\/\/www.cgfmanet.org\/es\/infoesfera\/jornada-mundial-de-los-pobres-2025\/"},"wordCount":922,"commentCount":0,"publisher":{"@id":"https:\/\/www.cgfmanet.org\/es\/#organization"},"image":{"@id":"https:\/\/www.cgfmanet.org\/es\/infoesfera\/jornada-mundial-de-los-pobres-2025\/#primaryimage"},"thumbnailUrl":"https:\/\/www.cgfmanet.org\/wp-content\/uploads\/2025\/11\/Giornata-Mondiale-Poveri-2025.jpg","keywords":["Pobres","Focus","Solidariet\u00e0","Preghiera","Jubileo 2025","Papa Le\u00f3n XIV"],"articleSection":["Infoesfera","Iglesia"],"inLanguage":"es","potentialAction":[{"@type":"CommentAction","name":"Comment","target":["https:\/\/www.cgfmanet.org\/es\/infoesfera\/jornada-mundial-de-los-pobres-2025\/#respond"]}]},{"@type":"WebPage","@id":"https:\/\/www.cgfmanet.org\/es\/infoesfera\/jornada-mundial-de-los-pobres-2025\/","url":"https:\/\/www.cgfmanet.org\/es\/infoesfera\/jornada-mundial-de-los-pobres-2025\/","name":"Jornada Mundial de los Pobres 2025 &#8226; Istituto Figlie di Maria Ausiliatrice","isPartOf":{"@id":"https:\/\/www.cgfmanet.org\/es\/#website"},"primaryImageOfPage":{"@id":"https:\/\/www.cgfmanet.org\/es\/infoesfera\/jornada-mundial-de-los-pobres-2025\/#primaryimage"},"image":{"@id":"https:\/\/www.cgfmanet.org\/es\/infoesfera\/jornada-mundial-de-los-pobres-2025\/#primaryimage"},"thumbnailUrl":"https:\/\/www.cgfmanet.org\/wp-content\/uploads\/2025\/11\/Giornata-Mondiale-Poveri-2025.jpg","datePublished":"2025-11-15T11:15:43+00:00","dateModified":"2025-11-15T17:46:02+00:00","description":"El 16 de noviembre de 2025 se celebra la 9\u00aa Jornada Mundial de los Pobres, que en el A\u00f1o Jubilar tiene como tema: \"T\u00fa eres, Se\u00f1or m\u00edo, mi esperanza\" (Sal 71,5).","breadcrumb":{"@id":"https:\/\/www.cgfmanet.org\/es\/infoesfera\/jornada-mundial-de-los-pobres-2025\/#breadcrumb"},"inLanguage":"es","potentialAction":[{"@type":"ReadAction","target":["https:\/\/www.cgfmanet.org\/es\/infoesfera\/jornada-mundial-de-los-pobres-2025\/"]}]},{"@type":"ImageObject","inLanguage":"es","@id":"https:\/\/www.cgfmanet.org\/es\/infoesfera\/jornada-mundial-de-los-pobres-2025\/#primaryimage","url":"https:\/\/www.cgfmanet.org\/wp-content\/uploads\/2025\/11\/Giornata-Mondiale-Poveri-2025.jpg","contentUrl":"https:\/\/www.cgfmanet.org\/wp-content\/uploads\/2025\/11\/Giornata-Mondiale-Poveri-2025.jpg","width":1200,"height":800},{"@type":"BreadcrumbList","@id":"https:\/\/www.cgfmanet.org\/es\/infoesfera\/jornada-mundial-de-los-pobres-2025\/#breadcrumb","itemListElement":[{"@type":"ListItem","position":1,"name":"Home","item":"https:\/\/www.cgfmanet.org\/es\/"},{"@type":"ListItem","position":2,"name":"Jornada Mundial de los Pobres 2025"}]},{"@type":"WebSite","@id":"https:\/\/www.cgfmanet.org\/es\/#website","url":"https:\/\/www.cgfmanet.org\/es\/","name":"Istituto Figlie di Maria Ausiliatrice","description":"Salesiane di Don Bosco","publisher":{"@id":"https:\/\/www.cgfmanet.org\/es\/#organization"},"potentialAction":[{"@type":"SearchAction","target":{"@type":"EntryPoint","urlTemplate":"https:\/\/www.cgfmanet.org\/es\/?s={search_term_string}"},"query-input":{"@type":"PropertyValueSpecification","valueRequired":true,"valueName":"search_term_string"}}],"inLanguage":"es"},{"@type":"Organization","@id":"https:\/\/www.cgfmanet.org\/es\/#organization","name":"Istituto Figlie di Maria Ausiliatrice","url":"https:\/\/www.cgfmanet.org\/es\/","logo":{"@type":"ImageObject","inLanguage":"es","@id":"https:\/\/www.cgfmanet.org\/es\/#\/schema\/logo\/image\/","url":"https:\/\/www.cgfmanet.org\/wp-content\/uploads\/2018\/10\/logo-fma.png","contentUrl":"https:\/\/www.cgfmanet.org\/wp-content\/uploads\/2018\/10\/logo-fma.png","width":214,"height":55,"caption":"Istituto Figlie di Maria Ausiliatrice"},"image":{"@id":"https:\/\/www.cgfmanet.org\/es\/#\/schema\/logo\/image\/"},"sameAs":["https:\/\/www.facebook.com\/salesian.sisters.of.don.bosco\/","https:\/\/x.com\/Cgfmanet_Org","https:\/\/www.youtube.com\/channel\/UCmcr8yFQBV7JXeXVxyV9y5Q"]},{"@type":"Person","@id":"https:\/\/www.cgfmanet.org\/es\/#\/schema\/person\/ce6473083f53ef0ef882cca23f0c8fb9","name":"Redazione"}]}},"_links":{"self":[{"href":"https:\/\/www.cgfmanet.org\/es\/wp-json\/wp\/v2\/posts\/147142","targetHints":{"allow":["GET"]}}],"collection":[{"href":"https:\/\/www.cgfmanet.org\/es\/wp-json\/wp\/v2\/posts"}],"about":[{"href":"https:\/\/www.cgfmanet.org\/es\/wp-json\/wp\/v2\/types\/post"}],"author":[{"embeddable":true,"href":"https:\/\/www.cgfmanet.org\/es\/wp-json\/wp\/v2\/users\/21"}],"replies":[{"embeddable":true,"href":"https:\/\/www.cgfmanet.org\/es\/wp-json\/wp\/v2\/comments?post=147142"}],"version-history":[{"count":2,"href":"https:\/\/www.cgfmanet.org\/es\/wp-json\/wp\/v2\/posts\/147142\/revisions"}],"predecessor-version":[{"id":147188,"href":"https:\/\/www.cgfmanet.org\/es\/wp-json\/wp\/v2\/posts\/147142\/revisions\/147188"}],"wp:featuredmedia":[{"embeddable":true,"href":"https:\/\/www.cgfmanet.org\/es\/wp-json\/wp\/v2\/media\/147137"}],"wp:attachment":[{"href":"https:\/\/www.cgfmanet.org\/es\/wp-json\/wp\/v2\/media?parent=147142"}],"wp:term":[{"taxonomy":"category","embeddable":true,"href":"https:\/\/www.cgfmanet.org\/es\/wp-json\/wp\/v2\/categories?post=147142"},{"taxonomy":"post_tag","embeddable":true,"href":"https:\/\/www.cgfmanet.org\/es\/wp-json\/wp\/v2\/tags?post=147142"}],"curies":[{"name":"wp","href":"https:\/\/api.w.org\/{rel}","templated":true}]}}