{"id":147106,"date":"2025-11-14T18:40:51","date_gmt":"2025-11-14T17:40:51","guid":{"rendered":"https:\/\/www.cgfmanet.org\/infoesfera\/beata-maddalena-morano-fatti-di-straordinaria-carita\/"},"modified":"2025-11-15T18:25:47","modified_gmt":"2025-11-15T17:25:47","slug":"beata-magdalena-morano-hechos-de-extraordinaria-caridad","status":"publish","type":"post","link":"https:\/\/www.cgfmanet.org\/es\/ifma-es\/beata-magdalena-morano-hechos-de-extraordinaria-caridad\/","title":{"rendered":"Beata Magdalena Morano: hechos de extraordinaria caridad"},"content":{"rendered":"<p><strong>Roma (Italia).<\/strong> El 15 de noviembre de 2025 se celebra la memoria lit\u00fargica de la <strong>Beata <span style=\"color: #0000ff;\"><a style=\"color: #0000ff;\" href=\"https:\/\/drive.google.com\/drive\/u\/0\/folders\/1po4u2puQROd_5YrFCVJEFkL5nfGSDPT_\" target=\"_blank\" rel=\"noopener\">Maddalena Caterina Morano<\/a><\/span><\/strong> (1847 \u2013 1908), Hija de Mar\u00eda Auxiliadora, <strong>pionera de la obra educativa salesiana femenina en Sicilia<\/strong>.<\/p>\n<p>De sus 61 a\u00f1os de vida, los primeros 35 los pas\u00f3 en Piamonte. En 1878 fue acogida, por indicaci\u00f3n de San Juan Bosco, en Mornese, para experimentar la vida de las primeras FMA, y en 1881 fue elegida para ser enviada a dirigir el \u201cConservatorio\u201d (Colegio) de las j\u00f3venes de Trecastagni, en la di\u00f3cesis de Catania. En los siguientes 25 a\u00f1os, fue Directora, Maestra de novicias, Visitadora, Inspectora, fundando una veintena de casas en la isla, a trav\u00e9s de las cuales se ocup\u00f3 incansablemente de difundir doctrina y cultura cristiana entre las j\u00f3venes.<\/p>\n<p>A los primeros a\u00f1os de su vida se remonta un hecho que qued\u00f3 en su memoria. En Buttigliera, Magdalena comenz\u00f3 a asistir al jard\u00edn de infancia organizado por una se\u00f1ora en su propia casa. Acompa\u00f1ada por su hermano Pietro, que luego continuaba hacia la escuela primaria, Magdalena iba de buena gana, pero un d\u00eda se obstin\u00f3, gritando que no quer\u00eda ir m\u00e1s. La madre la acompa\u00f1\u00f3 ella misma para entender mejor. Se descubri\u00f3 que una compa\u00f1era, eludiendo la vigilancia de la maestra, se hab\u00eda apropiado de su manzana y se la hab\u00eda comido durante varios d\u00edas. Naturalmente, la maestra intervino, y el hurto no se repiti\u00f3 m\u00e1s. Magdalena, ya convertida en maestra y superiora, contaba el hecho como ejemplo:<\/p>\n<p>\u00abA veces &#8211; comentaba &#8211; vemos a una ni\u00f1a de mal humor o indispuesta: indaguemos con materna solicitud la causa; no la exasperemos con un reproche apresurado que puede comprometer su educaci\u00f3n y nuestra autoridad\u00bb.<\/p>\n<p>Sor Elisabetta Dispenza (1868 \u2013 1955), FMA, relata:<\/p>\n<p>\u201cEra el d\u00eda de la fiesta de Santa \u00c1gueda y las educandas del instituto Mar\u00eda Auxiliadora en Catania deb\u00edan ir al arzobispado para asistir a la procesi\u00f3n de la Santa patrona y la hermana asistente hab\u00eda hecho que las ni\u00f1as se pusieran el uniforme antes de ir a desayunar. Una ni\u00f1a manch\u00f3 el vestido con caf\u00e9 con leche: la asistente la apart\u00f3 para que se quedara en casa y entonces la ni\u00f1a comenz\u00f3 a llorar en un rinc\u00f3n. En ese momento pas\u00f3 la Madre Morano y al darse cuenta de que la ni\u00f1a lloraba y conocido el motivo me llam\u00f3 y me dijo: <strong>\u2018Sor Dispenza ve a buscar inmediatamente un cubo de agua y jab\u00f3n\u2019<\/strong> (cosa que hice de inmediato) y ella misma, quit\u00e1ndole el vestido a la ni\u00f1a, lo desmanch\u00f3, lo planch\u00f3 y volvi\u00e9ndoselo a poner a la ni\u00f1a, alegre y contenta, la condujo a la asistente y luego me dijo: <strong>\u2018ves lo que es necesario para no tener en angustia una ni\u00f1a durante todo el d\u00eda, con un simple acto de caridad, la hemos vuelto a hacer feliz<\/strong>\u201d.<\/p>\n<p>Sor Rosa Magr\u00ec (1877 \u2013 1946) declara:<\/p>\n<p>\u201cTodas sus ternuras maternas las prodigaba en favor de las hermanas enfermas, de las educandas enfermas, particular cuidado se tomaba de aquellas que eran m\u00e1s d\u00e9biles; para alentar a las afligidas, usaba todas las estrategias que le suger\u00eda su coraz\u00f3n generoso&#8230; <strong>Inmensa era su caridad hacia el pr\u00f3jimo al procurarles el bien espiritual<\/strong>\u201d.<\/p>\n<p>Y prosigue:<\/p>\n<p>\u201cEn la casa del pueblo de Vizzini, di\u00f3cesis de Caltagirone, se abri\u00f3 la escuela de catecismo solo para las ni\u00f1as. Como para los varones no hab\u00eda escuela, ven\u00edan a importunarnos para que les instruy\u00e9ramos y, al no poder complacerlos, llegaron incluso a lanzarnos piedras para obligarnos a abrirles las puertas y ser admitidos al catecismo porque, dec\u00edan, \u2018a las ni\u00f1as les ense\u00f1\u00e1is tantas cosas bonitas y a nosotros no. Dejadnos entrar, ver\u00e9is que seremos buenos y no os molestaremos m\u00e1s\u2019. Un d\u00eda que vino la Madre Morano, le contamos los disturbios que nos causaban los muchachos y la Madre, enternecida y conmovida por cuanto hab\u00eda escuchado, dijo: <strong>\u2018En otros lugares se buscan y aqu\u00ed que desean venir \u00bfno se les debe ense\u00f1ar el catecismo?\u2019<\/strong> Por eso dio disposiciones para que dos hermanas fueran a la iglesia a ense\u00f1ar el catecismo a los varones. <strong>Aquella escuela de catecismo fue tambi\u00e9n un vivero de vocaciones eclesi\u00e1sticas<\/strong> porque varios de ellos se hicieron religiosos\u201d.<\/p>\n<p>Se podr\u00edan encontrar muchos otros testimonios an\u00e1logos, sencillos gestos que dejan \u00abel buen perfume de Cristo\u00bb en quien los vive y los recuerda. Quiz\u00e1s, Madre Morano, como tantos cristianos de todos los tiempos, como tantos santos m\u00e1s o menos conocidos, nos habla de una <strong>ordinariedad transfigurada por el Evangelio que se vuelve fecunda de bien<\/strong>. Madre Morano sacaba su fuerza de la fe.<\/p>\n<p>Sor Angela Macchi (1875 \u2013 1960) atestigua:<\/p>\n<p>\u201cTodas sus acciones estaban marcadas por una fe que le hac\u00eda obrar milagros&#8230; <strong>segura de la palabra evang\u00e9lica \u2018Dad y se os dar\u00e1\u2019<\/strong> cuando mayores eran las necesidades de la casa, ella redoblaba las ayudas hacia los necesitados, segura de ser recompensada por la Divina Providencia\u201d.<\/p>\n<p>Sor Angela contin\u00faa:<\/p>\n<p>\u201cIntensa y fervorosa era su oraci\u00f3n&#8230; ten\u00eda tal recogimiento que solo verla nos invitaba a la vida interior&#8230; hac\u00eda con frecuencia la Hora Santa ante el Sant\u00edsimo Sacramento incluso en horas nocturnas y de Jes\u00fas eucar\u00edstico, con tranquilidad y fe esperaba las gracias que ped\u00eda en los momentos m\u00e1s dif\u00edciles\u201d.<\/p>\n<p>Recordando a esta Hija de Mar\u00eda Auxiliadora educadora, ya Beata, se le pueden encomendar a ella los seres queridos y las propias intenciones: como sol\u00eda hacer en vida, intercede por todos.<\/p>\n","protected":false},"excerpt":{"rendered":"<p>Roma (Italia). El 15 de noviembre de 2025 se celebra la memoria lit\u00fargica de la Beata Maddalena Caterina Morano (1847 \u2013 1908), Hija de Mar\u00eda Auxiliadora, pionera de la obra [&hellip;]<\/p>\n","protected":false},"author":21,"featured_media":147101,"comment_status":"open","ping_status":"closed","sticky":false,"template":"","format":"standard","meta":{"footnotes":""},"categories":[167,158],"tags":[649,1451,1931],"class_list":["post-147106","post","type-post","status-publish","format-standard","has-post-thumbnail","category-carisma-salesiano-es","category-ifma-es","tag-maddalena-morano-es","tag-santidad-salesiana","tag-focus-es"],"yoast_head":"<!-- This site is optimized with the Yoast SEO plugin v27.4 - https:\/\/yoast.com\/product\/yoast-seo-wordpress\/ -->\n<title>Beata Magdalena Morano: hechos de extraordinaria caridad &#8226; Istituto Figlie di Maria Ausiliatrice<\/title>\n<meta name=\"description\" content=\"El 15 de noviembre de 2025 se celebra la memoria lit\u00fargica de la Beata Magdalena Catalina Morano, Hija de Mar\u00eda Auxiliadora (FMA), de la que se encuentran numerosos testimonios de sencillos gestos que dejan &quot;el buen perfume de Cristo\u201d.\" \/>\n<meta name=\"robots\" content=\"index, follow, max-snippet:-1, max-image-preview:large, max-video-preview:-1\" \/>\n<link rel=\"canonical\" href=\"https:\/\/www.cgfmanet.org\/es\/ifma-es\/beata-magdalena-morano-hechos-de-extraordinaria-caridad\/\" \/>\n<meta property=\"og:locale\" content=\"es_ES\" \/>\n<meta property=\"og:type\" content=\"article\" \/>\n<meta property=\"og:title\" content=\"Beata Magdalena Morano: hechos de extraordinaria caridad &#8226; Istituto Figlie di Maria Ausiliatrice\" \/>\n<meta property=\"og:description\" content=\"El 15 de noviembre de 2025 se celebra la memoria lit\u00fargica de la Beata Magdalena Catalina Morano, Hija de Mar\u00eda Auxiliadora (FMA), de la que se encuentran numerosos testimonios de sencillos gestos que dejan &quot;el buen perfume de Cristo\u201d.\" \/>\n<meta property=\"og:url\" content=\"https:\/\/www.cgfmanet.org\/es\/ifma-es\/beata-magdalena-morano-hechos-de-extraordinaria-caridad\/\" \/>\n<meta property=\"og:site_name\" content=\"Istituto Figlie di Maria Ausiliatrice\" \/>\n<meta property=\"article:publisher\" content=\"https:\/\/www.facebook.com\/salesian.sisters.of.don.bosco\/\" \/>\n<meta property=\"article:published_time\" content=\"2025-11-14T17:40:51+00:00\" \/>\n<meta property=\"article:modified_time\" content=\"2025-11-15T17:25:47+00:00\" \/>\n<meta property=\"og:image\" content=\"https:\/\/www.cgfmanet.org\/wp-content\/uploads\/2025\/11\/Madre-Morano-2025.jpg\" \/>\n\t<meta property=\"og:image:width\" content=\"1200\" \/>\n\t<meta property=\"og:image:height\" content=\"800\" \/>\n\t<meta property=\"og:image:type\" content=\"image\/jpeg\" \/>\n<meta name=\"author\" content=\"Redazione\" \/>\n<meta name=\"twitter:card\" content=\"summary_large_image\" \/>\n<meta name=\"twitter:creator\" content=\"@Cgfmanet_Org\" \/>\n<meta name=\"twitter:site\" content=\"@Cgfmanet_Org\" \/>\n<meta name=\"twitter:label1\" content=\"Escrito por\" \/>\n\t<meta name=\"twitter:data1\" content=\"Redazione\" \/>\n\t<meta name=\"twitter:label2\" content=\"Tiempo de lectura\" \/>\n\t<meta name=\"twitter:data2\" content=\"5 minutos\" \/>\n<script type=\"application\/ld+json\" class=\"yoast-schema-graph\">{\"@context\":\"https:\\\/\\\/schema.org\",\"@graph\":[{\"@type\":\"Article\",\"@id\":\"https:\\\/\\\/www.cgfmanet.org\\\/es\\\/ifma-es\\\/beata-magdalena-morano-hechos-de-extraordinaria-caridad\\\/#article\",\"isPartOf\":{\"@id\":\"https:\\\/\\\/www.cgfmanet.org\\\/es\\\/ifma-es\\\/beata-magdalena-morano-hechos-de-extraordinaria-caridad\\\/\"},\"author\":{\"name\":\"Redazione\",\"@id\":\"https:\\\/\\\/www.cgfmanet.org\\\/es\\\/#\\\/schema\\\/person\\\/ce6473083f53ef0ef882cca23f0c8fb9\"},\"headline\":\"Beata Magdalena Morano: hechos de extraordinaria caridad\",\"datePublished\":\"2025-11-14T17:40:51+00:00\",\"dateModified\":\"2025-11-15T17:25:47+00:00\",\"mainEntityOfPage\":{\"@id\":\"https:\\\/\\\/www.cgfmanet.org\\\/es\\\/ifma-es\\\/beata-magdalena-morano-hechos-de-extraordinaria-caridad\\\/\"},\"wordCount\":960,\"commentCount\":0,\"publisher\":{\"@id\":\"https:\\\/\\\/www.cgfmanet.org\\\/es\\\/#organization\"},\"image\":{\"@id\":\"https:\\\/\\\/www.cgfmanet.org\\\/es\\\/ifma-es\\\/beata-magdalena-morano-hechos-de-extraordinaria-caridad\\\/#primaryimage\"},\"thumbnailUrl\":\"https:\\\/\\\/www.cgfmanet.org\\\/wp-content\\\/uploads\\\/2025\\\/11\\\/Madre-Morano-2025.jpg\",\"keywords\":[\"Magdalena Morano\",\"Santidad Salesiana\",\"Focus\"],\"articleSection\":[\"Carisma Salesiano\",\"IFMA\"],\"inLanguage\":\"es\",\"potentialAction\":[{\"@type\":\"CommentAction\",\"name\":\"Comment\",\"target\":[\"https:\\\/\\\/www.cgfmanet.org\\\/es\\\/ifma-es\\\/beata-magdalena-morano-hechos-de-extraordinaria-caridad\\\/#respond\"]}]},{\"@type\":\"WebPage\",\"@id\":\"https:\\\/\\\/www.cgfmanet.org\\\/es\\\/ifma-es\\\/beata-magdalena-morano-hechos-de-extraordinaria-caridad\\\/\",\"url\":\"https:\\\/\\\/www.cgfmanet.org\\\/es\\\/ifma-es\\\/beata-magdalena-morano-hechos-de-extraordinaria-caridad\\\/\",\"name\":\"Beata Magdalena Morano: hechos de extraordinaria caridad &#8226; Istituto Figlie di Maria Ausiliatrice\",\"isPartOf\":{\"@id\":\"https:\\\/\\\/www.cgfmanet.org\\\/es\\\/#website\"},\"primaryImageOfPage\":{\"@id\":\"https:\\\/\\\/www.cgfmanet.org\\\/es\\\/ifma-es\\\/beata-magdalena-morano-hechos-de-extraordinaria-caridad\\\/#primaryimage\"},\"image\":{\"@id\":\"https:\\\/\\\/www.cgfmanet.org\\\/es\\\/ifma-es\\\/beata-magdalena-morano-hechos-de-extraordinaria-caridad\\\/#primaryimage\"},\"thumbnailUrl\":\"https:\\\/\\\/www.cgfmanet.org\\\/wp-content\\\/uploads\\\/2025\\\/11\\\/Madre-Morano-2025.jpg\",\"datePublished\":\"2025-11-14T17:40:51+00:00\",\"dateModified\":\"2025-11-15T17:25:47+00:00\",\"description\":\"El 15 de noviembre de 2025 se celebra la memoria lit\u00fargica de la Beata Magdalena Catalina Morano, Hija de Mar\u00eda Auxiliadora (FMA), de la que se encuentran numerosos testimonios de sencillos gestos que dejan \\\"el buen perfume de Cristo\u201d.\",\"breadcrumb\":{\"@id\":\"https:\\\/\\\/www.cgfmanet.org\\\/es\\\/ifma-es\\\/beata-magdalena-morano-hechos-de-extraordinaria-caridad\\\/#breadcrumb\"},\"inLanguage\":\"es\",\"potentialAction\":[{\"@type\":\"ReadAction\",\"target\":[\"https:\\\/\\\/www.cgfmanet.org\\\/es\\\/ifma-es\\\/beata-magdalena-morano-hechos-de-extraordinaria-caridad\\\/\"]}]},{\"@type\":\"ImageObject\",\"inLanguage\":\"es\",\"@id\":\"https:\\\/\\\/www.cgfmanet.org\\\/es\\\/ifma-es\\\/beata-magdalena-morano-hechos-de-extraordinaria-caridad\\\/#primaryimage\",\"url\":\"https:\\\/\\\/www.cgfmanet.org\\\/wp-content\\\/uploads\\\/2025\\\/11\\\/Madre-Morano-2025.jpg\",\"contentUrl\":\"https:\\\/\\\/www.cgfmanet.org\\\/wp-content\\\/uploads\\\/2025\\\/11\\\/Madre-Morano-2025.jpg\",\"width\":1200,\"height\":800},{\"@type\":\"BreadcrumbList\",\"@id\":\"https:\\\/\\\/www.cgfmanet.org\\\/es\\\/ifma-es\\\/beata-magdalena-morano-hechos-de-extraordinaria-caridad\\\/#breadcrumb\",\"itemListElement\":[{\"@type\":\"ListItem\",\"position\":1,\"name\":\"Home\",\"item\":\"https:\\\/\\\/www.cgfmanet.org\\\/es\\\/\"},{\"@type\":\"ListItem\",\"position\":2,\"name\":\"Beata Magdalena Morano: hechos de extraordinaria caridad\"}]},{\"@type\":\"WebSite\",\"@id\":\"https:\\\/\\\/www.cgfmanet.org\\\/es\\\/#website\",\"url\":\"https:\\\/\\\/www.cgfmanet.org\\\/es\\\/\",\"name\":\"Istituto Figlie di Maria Ausiliatrice\",\"description\":\"Salesiane di Don Bosco\",\"publisher\":{\"@id\":\"https:\\\/\\\/www.cgfmanet.org\\\/es\\\/#organization\"},\"potentialAction\":[{\"@type\":\"SearchAction\",\"target\":{\"@type\":\"EntryPoint\",\"urlTemplate\":\"https:\\\/\\\/www.cgfmanet.org\\\/es\\\/?s={search_term_string}\"},\"query-input\":{\"@type\":\"PropertyValueSpecification\",\"valueRequired\":true,\"valueName\":\"search_term_string\"}}],\"inLanguage\":\"es\"},{\"@type\":\"Organization\",\"@id\":\"https:\\\/\\\/www.cgfmanet.org\\\/es\\\/#organization\",\"name\":\"Istituto Figlie di Maria Ausiliatrice\",\"url\":\"https:\\\/\\\/www.cgfmanet.org\\\/es\\\/\",\"logo\":{\"@type\":\"ImageObject\",\"inLanguage\":\"es\",\"@id\":\"https:\\\/\\\/www.cgfmanet.org\\\/es\\\/#\\\/schema\\\/logo\\\/image\\\/\",\"url\":\"https:\\\/\\\/www.cgfmanet.org\\\/wp-content\\\/uploads\\\/2018\\\/10\\\/logo-fma.png\",\"contentUrl\":\"https:\\\/\\\/www.cgfmanet.org\\\/wp-content\\\/uploads\\\/2018\\\/10\\\/logo-fma.png\",\"width\":214,\"height\":55,\"caption\":\"Istituto Figlie di Maria Ausiliatrice\"},\"image\":{\"@id\":\"https:\\\/\\\/www.cgfmanet.org\\\/es\\\/#\\\/schema\\\/logo\\\/image\\\/\"},\"sameAs\":[\"https:\\\/\\\/www.facebook.com\\\/salesian.sisters.of.don.bosco\\\/\",\"https:\\\/\\\/x.com\\\/Cgfmanet_Org\",\"https:\\\/\\\/www.youtube.com\\\/channel\\\/UCmcr8yFQBV7JXeXVxyV9y5Q\"]},{\"@type\":\"Person\",\"@id\":\"https:\\\/\\\/www.cgfmanet.org\\\/es\\\/#\\\/schema\\\/person\\\/ce6473083f53ef0ef882cca23f0c8fb9\",\"name\":\"Redazione\"}]}<\/script>\n<!-- \/ Yoast SEO plugin. -->","yoast_head_json":{"title":"Beata Magdalena Morano: hechos de extraordinaria caridad &#8226; Istituto Figlie di Maria Ausiliatrice","description":"El 15 de noviembre de 2025 se celebra la memoria lit\u00fargica de la Beata Magdalena Catalina Morano, Hija de Mar\u00eda Auxiliadora (FMA), de la que se encuentran numerosos testimonios de sencillos gestos que dejan \"el buen perfume de Cristo\u201d.","robots":{"index":"index","follow":"follow","max-snippet":"max-snippet:-1","max-image-preview":"max-image-preview:large","max-video-preview":"max-video-preview:-1"},"canonical":"https:\/\/www.cgfmanet.org\/es\/ifma-es\/beata-magdalena-morano-hechos-de-extraordinaria-caridad\/","og_locale":"es_ES","og_type":"article","og_title":"Beata Magdalena Morano: hechos de extraordinaria caridad &#8226; Istituto Figlie di Maria Ausiliatrice","og_description":"El 15 de noviembre de 2025 se celebra la memoria lit\u00fargica de la Beata Magdalena Catalina Morano, Hija de Mar\u00eda Auxiliadora (FMA), de la que se encuentran numerosos testimonios de sencillos gestos que dejan \"el buen perfume de Cristo\u201d.","og_url":"https:\/\/www.cgfmanet.org\/es\/ifma-es\/beata-magdalena-morano-hechos-de-extraordinaria-caridad\/","og_site_name":"Istituto Figlie di Maria Ausiliatrice","article_publisher":"https:\/\/www.facebook.com\/salesian.sisters.of.don.bosco\/","article_published_time":"2025-11-14T17:40:51+00:00","article_modified_time":"2025-11-15T17:25:47+00:00","og_image":[{"width":1200,"height":800,"url":"https:\/\/www.cgfmanet.org\/wp-content\/uploads\/2025\/11\/Madre-Morano-2025.jpg","type":"image\/jpeg"}],"author":"Redazione","twitter_card":"summary_large_image","twitter_creator":"@Cgfmanet_Org","twitter_site":"@Cgfmanet_Org","twitter_misc":{"Escrito por":"Redazione","Tiempo de lectura":"5 minutos"},"schema":{"@context":"https:\/\/schema.org","@graph":[{"@type":"Article","@id":"https:\/\/www.cgfmanet.org\/es\/ifma-es\/beata-magdalena-morano-hechos-de-extraordinaria-caridad\/#article","isPartOf":{"@id":"https:\/\/www.cgfmanet.org\/es\/ifma-es\/beata-magdalena-morano-hechos-de-extraordinaria-caridad\/"},"author":{"name":"Redazione","@id":"https:\/\/www.cgfmanet.org\/es\/#\/schema\/person\/ce6473083f53ef0ef882cca23f0c8fb9"},"headline":"Beata Magdalena Morano: hechos de extraordinaria caridad","datePublished":"2025-11-14T17:40:51+00:00","dateModified":"2025-11-15T17:25:47+00:00","mainEntityOfPage":{"@id":"https:\/\/www.cgfmanet.org\/es\/ifma-es\/beata-magdalena-morano-hechos-de-extraordinaria-caridad\/"},"wordCount":960,"commentCount":0,"publisher":{"@id":"https:\/\/www.cgfmanet.org\/es\/#organization"},"image":{"@id":"https:\/\/www.cgfmanet.org\/es\/ifma-es\/beata-magdalena-morano-hechos-de-extraordinaria-caridad\/#primaryimage"},"thumbnailUrl":"https:\/\/www.cgfmanet.org\/wp-content\/uploads\/2025\/11\/Madre-Morano-2025.jpg","keywords":["Magdalena Morano","Santidad Salesiana","Focus"],"articleSection":["Carisma Salesiano","IFMA"],"inLanguage":"es","potentialAction":[{"@type":"CommentAction","name":"Comment","target":["https:\/\/www.cgfmanet.org\/es\/ifma-es\/beata-magdalena-morano-hechos-de-extraordinaria-caridad\/#respond"]}]},{"@type":"WebPage","@id":"https:\/\/www.cgfmanet.org\/es\/ifma-es\/beata-magdalena-morano-hechos-de-extraordinaria-caridad\/","url":"https:\/\/www.cgfmanet.org\/es\/ifma-es\/beata-magdalena-morano-hechos-de-extraordinaria-caridad\/","name":"Beata Magdalena Morano: hechos de extraordinaria caridad &#8226; Istituto Figlie di Maria Ausiliatrice","isPartOf":{"@id":"https:\/\/www.cgfmanet.org\/es\/#website"},"primaryImageOfPage":{"@id":"https:\/\/www.cgfmanet.org\/es\/ifma-es\/beata-magdalena-morano-hechos-de-extraordinaria-caridad\/#primaryimage"},"image":{"@id":"https:\/\/www.cgfmanet.org\/es\/ifma-es\/beata-magdalena-morano-hechos-de-extraordinaria-caridad\/#primaryimage"},"thumbnailUrl":"https:\/\/www.cgfmanet.org\/wp-content\/uploads\/2025\/11\/Madre-Morano-2025.jpg","datePublished":"2025-11-14T17:40:51+00:00","dateModified":"2025-11-15T17:25:47+00:00","description":"El 15 de noviembre de 2025 se celebra la memoria lit\u00fargica de la Beata Magdalena Catalina Morano, Hija de Mar\u00eda Auxiliadora (FMA), de la que se encuentran numerosos testimonios de sencillos gestos que dejan \"el buen perfume de Cristo\u201d.","breadcrumb":{"@id":"https:\/\/www.cgfmanet.org\/es\/ifma-es\/beata-magdalena-morano-hechos-de-extraordinaria-caridad\/#breadcrumb"},"inLanguage":"es","potentialAction":[{"@type":"ReadAction","target":["https:\/\/www.cgfmanet.org\/es\/ifma-es\/beata-magdalena-morano-hechos-de-extraordinaria-caridad\/"]}]},{"@type":"ImageObject","inLanguage":"es","@id":"https:\/\/www.cgfmanet.org\/es\/ifma-es\/beata-magdalena-morano-hechos-de-extraordinaria-caridad\/#primaryimage","url":"https:\/\/www.cgfmanet.org\/wp-content\/uploads\/2025\/11\/Madre-Morano-2025.jpg","contentUrl":"https:\/\/www.cgfmanet.org\/wp-content\/uploads\/2025\/11\/Madre-Morano-2025.jpg","width":1200,"height":800},{"@type":"BreadcrumbList","@id":"https:\/\/www.cgfmanet.org\/es\/ifma-es\/beata-magdalena-morano-hechos-de-extraordinaria-caridad\/#breadcrumb","itemListElement":[{"@type":"ListItem","position":1,"name":"Home","item":"https:\/\/www.cgfmanet.org\/es\/"},{"@type":"ListItem","position":2,"name":"Beata Magdalena Morano: hechos de extraordinaria caridad"}]},{"@type":"WebSite","@id":"https:\/\/www.cgfmanet.org\/es\/#website","url":"https:\/\/www.cgfmanet.org\/es\/","name":"Istituto Figlie di Maria Ausiliatrice","description":"Salesiane di Don Bosco","publisher":{"@id":"https:\/\/www.cgfmanet.org\/es\/#organization"},"potentialAction":[{"@type":"SearchAction","target":{"@type":"EntryPoint","urlTemplate":"https:\/\/www.cgfmanet.org\/es\/?s={search_term_string}"},"query-input":{"@type":"PropertyValueSpecification","valueRequired":true,"valueName":"search_term_string"}}],"inLanguage":"es"},{"@type":"Organization","@id":"https:\/\/www.cgfmanet.org\/es\/#organization","name":"Istituto Figlie di Maria Ausiliatrice","url":"https:\/\/www.cgfmanet.org\/es\/","logo":{"@type":"ImageObject","inLanguage":"es","@id":"https:\/\/www.cgfmanet.org\/es\/#\/schema\/logo\/image\/","url":"https:\/\/www.cgfmanet.org\/wp-content\/uploads\/2018\/10\/logo-fma.png","contentUrl":"https:\/\/www.cgfmanet.org\/wp-content\/uploads\/2018\/10\/logo-fma.png","width":214,"height":55,"caption":"Istituto Figlie di Maria Ausiliatrice"},"image":{"@id":"https:\/\/www.cgfmanet.org\/es\/#\/schema\/logo\/image\/"},"sameAs":["https:\/\/www.facebook.com\/salesian.sisters.of.don.bosco\/","https:\/\/x.com\/Cgfmanet_Org","https:\/\/www.youtube.com\/channel\/UCmcr8yFQBV7JXeXVxyV9y5Q"]},{"@type":"Person","@id":"https:\/\/www.cgfmanet.org\/es\/#\/schema\/person\/ce6473083f53ef0ef882cca23f0c8fb9","name":"Redazione"}]}},"_links":{"self":[{"href":"https:\/\/www.cgfmanet.org\/es\/wp-json\/wp\/v2\/posts\/147106","targetHints":{"allow":["GET"]}}],"collection":[{"href":"https:\/\/www.cgfmanet.org\/es\/wp-json\/wp\/v2\/posts"}],"about":[{"href":"https:\/\/www.cgfmanet.org\/es\/wp-json\/wp\/v2\/types\/post"}],"author":[{"embeddable":true,"href":"https:\/\/www.cgfmanet.org\/es\/wp-json\/wp\/v2\/users\/21"}],"replies":[{"embeddable":true,"href":"https:\/\/www.cgfmanet.org\/es\/wp-json\/wp\/v2\/comments?post=147106"}],"version-history":[{"count":1,"href":"https:\/\/www.cgfmanet.org\/es\/wp-json\/wp\/v2\/posts\/147106\/revisions"}],"predecessor-version":[{"id":147178,"href":"https:\/\/www.cgfmanet.org\/es\/wp-json\/wp\/v2\/posts\/147106\/revisions\/147178"}],"wp:featuredmedia":[{"embeddable":true,"href":"https:\/\/www.cgfmanet.org\/es\/wp-json\/wp\/v2\/media\/147101"}],"wp:attachment":[{"href":"https:\/\/www.cgfmanet.org\/es\/wp-json\/wp\/v2\/media?parent=147106"}],"wp:term":[{"taxonomy":"category","embeddable":true,"href":"https:\/\/www.cgfmanet.org\/es\/wp-json\/wp\/v2\/categories?post=147106"},{"taxonomy":"post_tag","embeddable":true,"href":"https:\/\/www.cgfmanet.org\/es\/wp-json\/wp\/v2\/tags?post=147106"}],"curies":[{"name":"wp","href":"https:\/\/api.w.org\/{rel}","templated":true}]}}