{"id":145110,"date":"2025-10-25T22:12:08","date_gmt":"2025-10-25T20:12:08","guid":{"rendered":"https:\/\/www.cgfmanet.org\/infoesfera\/canonizzazione-suor-maria-troncatti-il-grazie\/"},"modified":"2025-10-25T22:19:17","modified_gmt":"2025-10-25T20:19:17","slug":"canonizacion-de-sor-maria-troncatti-el-gracias","status":"publish","type":"post","link":"https:\/\/www.cgfmanet.org\/es\/ifma-es\/canonizacion-de-sor-maria-troncatti-el-gracias\/","title":{"rendered":"Canonizaci\u00f3n de Sor Mar\u00eda Troncatti: El Gracias"},"content":{"rendered":"<p><strong>Roma (Italia).<\/strong> El 20 de octubre de 2025, al d\u00eda siguiente de la gran jornada de la <span style=\"color: #0000ff;\"><strong><a style=\"color: #0000ff;\" href=\"https:\/\/www.cgfmanet.org\/es\/infoesfera\/sor-maria-troncatti-es-santa\/\">Canonizaci\u00f3n<\/a><\/strong><\/span> de Sor Mar\u00eda Troncatti, los\/las participantes en las celebraciones se reunieron al amanecer a la entrada del Aula Pablo VI en el Vaticano para participar en la<span style=\"color: #0000ff;\"><a style=\"color: #0000ff;\" href=\"https:\/\/press.vatican.va\/content\/salastampa\/it\/bollettino\/pubblico\/2025\/10\/20\/0777\/01372.html\" target=\"_blank\" rel=\"noopener\"><strong> Audiencia<\/strong><\/a><\/span> concedida por el Papa Le\u00f3n XIV a los Peregrinos venidos para las Canonizaciones.<\/p>\n<p>Los sombreros de colores con la inscripci\u00f3n \u00abSanta Mar\u00eda Troncatti ruega por nosotros\u00bb y la bolsa con el logo, pero sobre todo la alegr\u00eda salesiana vivida plenamente en un evento tan importante para el Instituto FMA y para toda la Familia Salesiana, han distinguido al grupo, constituido por la Madre Chiara Cazzuola y el Consejo General, la Madre general em\u00e9rita, Sor Yvonne Reungoat, de las novicias, las FMA de Casa Generalicia, de las Casas de Roma y de diversas Inspector\u00edas, Inspectoras, misioneras, j\u00f3venes del MJS, miembros de la Familia Salesiana, bienhechores, FMA y j\u00f3venes de Ecuador, el agraciado con el milagro, Juwa Bosco, con su familia y algunos Shuar, los parientes de Sor Mar\u00eda Troncatti y los ciudadanos de Corteno Golgi y Brescia.<\/p>\n<p>La inmensa Aula se fue llenando poco a poco con los otros grupos reunidos por los nuevos Santos, en particular peregrinos de Venezuela, siendo dos los Beatos venezolanos canonizados. En espera del Santo Padre, los\/las participantes tuvieron la oportunidad de intercambiar las emociones de esas intensas y \u00fanicas jornadas, de tomar fotos con las pancartas creadas para la ocasi\u00f3n, de grabar videos y entrevistas para documentar y conservar momentos inolvidables.<\/p>\n<p>Terminados los aplausos, el Papa Le\u00f3n se dirigi\u00f3 a los peregrinos expresando la alegr\u00eda de encontrarlos y agradeciendo en particular a los Cardenales, los Obispos, las Superioras religiosas y las Autoridades civiles. Continu\u00f3 diciendo: \u00abEl evento gozoso y solemne que celebramos ayer nos recuerda que la comuni\u00f3n de la Iglesia involucra a todos los fieles, en el espacio y en el tiempo, en cada lengua y cultura, uni\u00e9ndonos como pueblo de Dios, cuerpo de Cristo y templo del Esp\u00edritu Santo. Los hombres y mujeres que ayer proclamamos santos son para todos nosotros signos luminosos de esperanza, porque ofrecieron su propia vida en el amor a Cristo y a los hermanos\u00bb.<\/p>\n<p>Luego se dirigi\u00f3 de modo particular a los reunidos por los diferentes Santos. As\u00ed para la Santa FMA:<\/p>\n<p>\u00abAlabamos adem\u00e1s al Se\u00f1or <em>\u00a0por <\/em><strong><span style=\"color: #0000ff;\"><a style=\"color: #0000ff;\" href=\"https:\/\/www.causesanti.va\/it\/santi-e-beati\/maria-troncatti.html\"><em>sor Mar\u00eda Troncatti<\/em><\/a><\/span><\/strong><em>, santa salesiana que dedic\u00f3 la vida al servicio de las poblaciones ind\u00edgenas de Ecuador. Conjugando competencia m\u00e9dica y pasi\u00f3n por Cristo, esta generosa misionera cur\u00f3 las almas y los corazones de cuantos asist\u00eda con el amor y la fuerza que sacaba de la fe y de la oraci\u00f3n. Su obra, verdaderamente incansable, es para nosotros ejemplo de una caridad que no se rinde ante las dificultades, transform\u00e1ndolas m\u00e1s bien en ocasiones para una entrega gratuita y total de s\u00ed misma\u00bb.<\/em><\/p>\n\r\n                <style type=\"text\/css\">\r\n                    \r\n                    #tdi_1  .td-doubleSlider-2 .td-item1 {\r\n                        background: url(https:\/\/www.cgfmanet.org\/wp-content\/uploads\/2025\/10\/Udienza-Canonizzazione_2-80x60.jpg) 0 0 no-repeat;\r\n                    }\r\n                    #tdi_1  .td-doubleSlider-2 .td-item2 {\r\n                        background: url(https:\/\/www.cgfmanet.org\/wp-content\/uploads\/2025\/10\/Udienza-Canonizzazione_3-80x60.jpg) 0 0 no-repeat;\r\n                    }\r\n                    #tdi_1  .td-doubleSlider-2 .td-item3 {\r\n                        background: url(https:\/\/www.cgfmanet.org\/wp-content\/uploads\/2025\/10\/Udienza-Canonizzazione_1-80x60.jpg) 0 0 no-repeat;\r\n                    }\r\n                <\/style>\r\n\r\n                <div id=\"tdi_1\" class=\"td-gallery td-slide-on-2-columns\">\r\n                    <div class=\"post_td_gallery\">\r\n                        <div class=\"td-gallery-slide-top\">\r\n                           <div class=\"td-gallery-title\"><\/div>\r\n\r\n                            <div class=\"td-gallery-controls-wrapper\">\r\n                                <div class=\"td-gallery-slide-count\"><span class=\"td-gallery-slide-item-focus\">1<\/span> de 3<\/div>\r\n                                <div class=\"td-gallery-slide-prev-next-but\">\r\n                                    <i class = \"td-icon-left doubleSliderPrevButton\"><\/i>\r\n                                    <i class = \"td-icon-right doubleSliderNextButton\"><\/i>\r\n                                <\/div>\r\n                            <\/div>\r\n                        <\/div>\r\n\r\n                        <div class = \"td-doubleSlider-1 \">\r\n                            <div class = \"td-slider\">\r\n                                \r\n                    <div class = \"td-slide-item td-item1\">\r\n                        <figure class=\"td-slide-galery-figure td-slide-popup-gallery\">\r\n                            <a class=\"slide-gallery-image-link\" href=\"https:\/\/www.cgfmanet.org\/wp-content\/uploads\/2025\/10\/Udienza-Canonizzazione_2.jpg\" title=\"Udienza Canonizzazione_2\"  data-caption=\"\"  data-description=\"\">\r\n                                <img decoding=\"async\" data-src=\"https:\/\/www.cgfmanet.org\/wp-content\/uploads\/2025\/10\/Udienza-Canonizzazione_2-630x420.jpg\" data-srcset=\"https:\/\/www.cgfmanet.org\/wp-content\/uploads\/2025\/10\/Udienza-Canonizzazione_2-630x420.jpg 630w, https:\/\/www.cgfmanet.org\/wp-content\/uploads\/2025\/10\/Udienza-Canonizzazione_2-768x512.jpg 768w, https:\/\/www.cgfmanet.org\/wp-content\/uploads\/2025\/10\/Udienza-Canonizzazione_2-1536x1025.jpg 1536w, https:\/\/www.cgfmanet.org\/wp-content\/uploads\/2025\/10\/Udienza-Canonizzazione_2-696x464.jpg 696w, https:\/\/www.cgfmanet.org\/wp-content\/uploads\/2025\/10\/Udienza-Canonizzazione_2.jpg 1835w\" data-sizes=\"auto\" alt=\"\" src=\"data:image\/svg+xml;base64,PHN2ZyB3aWR0aD0iMSIgaGVpZ2h0PSIxIiB4bWxucz0iaHR0cDovL3d3dy53My5vcmcvMjAwMC9zdmciPjwvc3ZnPg==\" class=\"lazyload\" style=\"--smush-placeholder-width: 630px; --smush-placeholder-aspect-ratio: 630\/420;\" data-original-sizes=\"(max-width: 630px) 100vw, 630px\">\r\n                            <\/a>\r\n                            \r\n                        <\/figure>\r\n                    <\/div>\r\n                    <div class = \"td-slide-item td-item2\">\r\n                        <figure class=\"td-slide-galery-figure td-slide-popup-gallery\">\r\n                            <a class=\"slide-gallery-image-link\" href=\"https:\/\/www.cgfmanet.org\/wp-content\/uploads\/2025\/10\/Udienza-Canonizzazione_3.jpg\" title=\"Udienza Canonizzazione_3\"  data-caption=\"\"  data-description=\"\">\r\n                                <img decoding=\"async\" data-src=\"https:\/\/www.cgfmanet.org\/wp-content\/uploads\/2025\/10\/Udienza-Canonizzazione_3-630x420.jpg\" data-srcset=\"https:\/\/www.cgfmanet.org\/wp-content\/uploads\/2025\/10\/Udienza-Canonizzazione_3-630x420.jpg 630w, https:\/\/www.cgfmanet.org\/wp-content\/uploads\/2025\/10\/Udienza-Canonizzazione_3-768x512.jpg 768w, https:\/\/www.cgfmanet.org\/wp-content\/uploads\/2025\/10\/Udienza-Canonizzazione_3-696x464.jpg 696w, https:\/\/www.cgfmanet.org\/wp-content\/uploads\/2025\/10\/Udienza-Canonizzazione_3.jpg 1181w\" data-sizes=\"auto\" alt=\"\" src=\"data:image\/svg+xml;base64,PHN2ZyB3aWR0aD0iMSIgaGVpZ2h0PSIxIiB4bWxucz0iaHR0cDovL3d3dy53My5vcmcvMjAwMC9zdmciPjwvc3ZnPg==\" class=\"lazyload\" style=\"--smush-placeholder-width: 630px; --smush-placeholder-aspect-ratio: 630\/420;\" data-original-sizes=\"(max-width: 630px) 100vw, 630px\">\r\n                            <\/a>\r\n                            \r\n                        <\/figure>\r\n                    <\/div>\r\n                    <div class = \"td-slide-item td-item3\">\r\n                        <figure class=\"td-slide-galery-figure td-slide-popup-gallery\">\r\n                            <a class=\"slide-gallery-image-link\" href=\"https:\/\/www.cgfmanet.org\/wp-content\/uploads\/2025\/10\/Udienza-Canonizzazione_1.jpg\" title=\"Udienza Canonizzazione_1\"  data-caption=\"\"  data-description=\"\">\r\n                                <img decoding=\"async\" data-src=\"https:\/\/www.cgfmanet.org\/wp-content\/uploads\/2025\/10\/Udienza-Canonizzazione_1-630x420.jpg\" data-srcset=\"https:\/\/www.cgfmanet.org\/wp-content\/uploads\/2025\/10\/Udienza-Canonizzazione_1-630x420.jpg 630w, https:\/\/www.cgfmanet.org\/wp-content\/uploads\/2025\/10\/Udienza-Canonizzazione_1-768x512.jpg 768w, https:\/\/www.cgfmanet.org\/wp-content\/uploads\/2025\/10\/Udienza-Canonizzazione_1-1536x1024.jpg 1536w, https:\/\/www.cgfmanet.org\/wp-content\/uploads\/2025\/10\/Udienza-Canonizzazione_1-696x464.jpg 696w, https:\/\/www.cgfmanet.org\/wp-content\/uploads\/2025\/10\/Udienza-Canonizzazione_1.jpg 2048w\" data-sizes=\"auto\" alt=\"\" src=\"data:image\/svg+xml;base64,PHN2ZyB3aWR0aD0iMSIgaGVpZ2h0PSIxIiB4bWxucz0iaHR0cDovL3d3dy53My5vcmcvMjAwMC9zdmciPjwvc3ZnPg==\" class=\"lazyload\" style=\"--smush-placeholder-width: 630px; --smush-placeholder-aspect-ratio: 630\/420;\" data-original-sizes=\"(max-width: 630px) 100vw, 630px\">\r\n                            <\/a>\r\n                            \r\n                        <\/figure>\r\n                    <\/div>\r\n                            <\/div>\r\n                        <\/div>\r\n\r\n                        <div class = \"td-doubleSlider-2\">\r\n                            <div class = \"td-slider\">\r\n                                \r\n                    <div class = \"td-button td-item1\">\r\n                        <div class = \"td-border\"><\/div>\r\n                    <\/div>\r\n                    <div class = \"td-button td-item2\">\r\n                        <div class = \"td-border\"><\/div>\r\n                    <\/div>\r\n                    <div class = \"td-button td-item3\">\r\n                        <div class = \"td-border\"><\/div>\r\n                    <\/div>\r\n                            <\/div>\r\n                        <\/div>\r\n\r\n                    <\/div>\r\n\r\n                <\/div>\r\n                \n<p>Por la tarde, e<strong>n la Bas\u00edlica Papal de San Pablo Extramuros<\/strong>, el grupo vivi\u00f3 el \u00faltimo momento importante de acci\u00f3n de gracias, uni\u00e9ndose a la alegr\u00eda de la Iglesia universal para celebrar la santidad de Sor Mar\u00eda Troncatti, en el a\u00f1o jubilar de la Esperanza, con la <strong>Celebraci\u00f3n Eucar\u00edstica presidida por el Cardenal \u00c1ngel Fern\u00e1ndez Artime<\/strong> y concelebrada por el Rector Mayor, Don Fabio Attard, el Rector Mayor em\u00e9rito, don Pascual Ch\u00e1vez Villanueva, el Postulador, don Pierluigi Cameroni, por Mons. N\u00e9stor Vidal Montesdeoca Becerra, SDB, Vicario apost\u00f3lico de M\u00e9ndez, en Ecuador, por Mons. Pierantonio Tremolada, Obispo de Brescia, por los Directores Salesianos de Ecuador y por otros sacerdotes SDB.<\/p>\n<p>La liturgia fue animada por la Familia Salesiana y los cantos por el coro de la Visitadur\u00eda Mar\u00eda Madre de la Iglesia (RMC). A los pies del presbiterio, bajo su imagen, estaba expuesta la reliquia de la \u00abMadrecita buena\u00bb, como es llamada por los habitantes de Macas.<\/p>\n<p>La Palabra de Dios fue llevada procesionalmente al altar por las misioneras provenientes de diversas partes del mundo, con vestidos y s\u00edmbolos de sus tierras, recordando el impulso, el fervor, el servicio gratuito entre los pueblos de la selva de Ecuador de Santa Mar\u00eda Troncatti: \u00abAnimada por la gracia, que la llevaba a compartir todo con todos, se convirti\u00f3 en una infatigable mensajera del Evangelio, experta en humanidad\u00bb. Y as\u00ed hoy \u00abtantas FMA y laicos misioneros expresan esta misma pasi\u00f3n en los cinco continentes viviendo el anuncio del profeta Isa\u00edas: &#8216;\u00a1Qu\u00e9 hermosos son sobre los montes los pies del mensajero que anuncia la salvaci\u00f3n!&#8217; (Is 52, 7)\u00bb.<\/p>\n<p>\u00abEsta Palabra parece escrita precisamente para Santa Mar\u00eda Troncatti\u00bb \u2013 coment\u00f3 el Card. Fern\u00e1ndez Artime en <strong>la<span style=\"color: #0000ff;\"><a style=\"color: #0000ff;\" href=\"https:\/\/drive.google.com\/file\/d\/17CV4BdLFXpTCf0QdMHuSr6ySxuy2tuXI\/view?usp=drive_link\" target=\"_blank\" rel=\"noopener\"> homilia<\/a><\/span><\/strong>: Sus pies \u2013 cansados pero incansables \u2013 han atravesado realmente &#8216;montes&#8217;, selvas y aldeas de Ecuador para llevar una sola noticia: \u00a1Dios os ama! No lo proclamaba solo con la voz, sino con su cuerpo entregado, con sus manos que curaban, con su sonrisa que reconciliaba\u00bb.<\/p>\n<p>Luego prosigui\u00f3 poniendo de relieve, a partir de la Palabra de Dios, algunos rasgos de la santidad concreta y operosa de Sor Mar\u00eda. \u00abHe aqu\u00ed la santidad que hoy celebramos: la santidad de las manos que curan, de los pies que caminan sin cansarse, de la sonrisa que acoge incluso cuando el coraz\u00f3n est\u00e1 cansado. La santidad que nace de la fidelidad cotidiana. Una santidad a la que estamos llamados todos nosotros, familia de Don Bosco, donde todav\u00eda hoy tantas l\u00e1grimas de j\u00f3venes son recogidas como perlas preciosas, tantas son las palabras calladas para llevar paz, tantos son los gestos ocultos que solo el Se\u00f1or conoce\u00bb.<\/p>\n<p>Finalmente record\u00f3 que &#8211; como religiosos, religiosas, Familia Salesiana, Iglesia \u2013 estamos llamados a ser \u00abcomo Sor Maria Troncatti, artesanos de reconciliaci\u00f3n, buscadores humildes de unidad, mujeres y hombres que saben escuchar, callar, perdonar, volver a empezar. La paz no se construye en los palacios de los poderosos, sino en los pasillos de nuestras casas, en nuestras comunidades, en nuestras relaciones. Es all\u00ed donde comienza la santidad que transforma el mundo. Pidamos a Santa Mar\u00eda Troncatti que nos ense\u00f1e la ternura que sana, la fe que osa, la caridad que une\u00bb.<\/p>\n<p>Particularmente significativo fue el momento del ofertorio, en el que Juwa Bosco y su esposa llevaron al altar el rosario, signo de la confianza filial en Mar\u00eda Auxiliadora, con el que Sor Mar\u00eda nutri\u00f3 cotidianamente su oraci\u00f3n y el servicio misionero, mientras que el cu\u00f1ado, la cu\u00f1ada, el hijo de Juwa y una FMA llevaron, adem\u00e1s del pan y el vino, el malet\u00edn de enfermera, recuerdo de su amor concreto hacia los enfermos, los pobres y los peque\u00f1os. En el intercambio de la paz, recordando los 56 conflictos de diversa intensidad presentes en el mundo, se pidi\u00f3 al Se\u00f1or, por intercesi\u00f3n de Santa Mar\u00eda, el don de la paz para estas poblaciones, para las familias y las comunidades.<\/p>\n<p>Al final de la Celebraci\u00f3n, adem\u00e1s del Cardenal, los concelebrantes y los presentes, Madre Chiara Cazzuola agradeci\u00f3 al Se\u00f1or \u00abpor tanta alegr\u00eda y tanta gracia que en estos d\u00edas tan especiales ha derramado sobre la Iglesia, sobre todo en nuestro Instituto y en la Familia Salesiana\u00bb y concluy\u00f3 alentando: \u00abJunto a Santa Mar\u00eda Troncatti continuemos nuestro camino en aquella santidad salesiana de pura entrega de desapego absoluto que se viste de sonrisa y de paciencia cada d\u00eda<em>\u201d.<\/em><\/p>\n\r\n                <style type=\"text\/css\">\r\n                    \r\n                    #tdi_2  .td-doubleSlider-2 .td-item1 {\r\n                        background: url(https:\/\/www.cgfmanet.org\/wp-content\/uploads\/2025\/10\/Ringraziamento-Canonizzazione_2-80x60.jpg) 0 0 no-repeat;\r\n                    }\r\n                    #tdi_2  .td-doubleSlider-2 .td-item2 {\r\n                        background: url(https:\/\/www.cgfmanet.org\/wp-content\/uploads\/2025\/10\/Ringraziamento-Canonizzazione_3-80x60.jpg) 0 0 no-repeat;\r\n                    }\r\n                    #tdi_2  .td-doubleSlider-2 .td-item3 {\r\n                        background: url(https:\/\/www.cgfmanet.org\/wp-content\/uploads\/2025\/10\/Ringraziamento-Canonizzazione_6-80x60.jpg) 0 0 no-repeat;\r\n                    }\r\n                    #tdi_2  .td-doubleSlider-2 .td-item4 {\r\n                        background: url(https:\/\/www.cgfmanet.org\/wp-content\/uploads\/2025\/10\/Ringraziamento-Canonizzazione_5-80x60.jpg) 0 0 no-repeat;\r\n                    }\r\n                    #tdi_2  .td-doubleSlider-2 .td-item5 {\r\n                        background: url(https:\/\/www.cgfmanet.org\/wp-content\/uploads\/2025\/10\/Ringraziamento-Canonizzazione_4-80x60.jpg) 0 0 no-repeat;\r\n                    }\r\n                    #tdi_2  .td-doubleSlider-2 .td-item6 {\r\n                        background: url(https:\/\/www.cgfmanet.org\/wp-content\/uploads\/2025\/10\/Ringraziamento-Canonizzazione_7-80x60.jpg) 0 0 no-repeat;\r\n                    }\r\n                    #tdi_2  .td-doubleSlider-2 .td-item7 {\r\n                        background: url(https:\/\/www.cgfmanet.org\/wp-content\/uploads\/2025\/10\/Ringraziamento-Canonizzazione_8-80x60.jpg) 0 0 no-repeat;\r\n                    }\r\n                    #tdi_2  .td-doubleSlider-2 .td-item8 {\r\n                        background: url(https:\/\/www.cgfmanet.org\/wp-content\/uploads\/2025\/10\/Ringraziamento-Canonizzazione-80x60.jpg) 0 0 no-repeat;\r\n                    }\r\n                    #tdi_2  .td-doubleSlider-2 .td-item9 {\r\n                        background: url(https:\/\/www.cgfmanet.org\/wp-content\/uploads\/2025\/10\/Ringraziamento-Canonizzazione_1-80x60.jpg) 0 0 no-repeat;\r\n                    }\r\n                    #tdi_2  .td-doubleSlider-2 .td-item10 {\r\n                        background: url(https:\/\/www.cgfmanet.org\/wp-content\/uploads\/2025\/10\/Ringraziamento-Canonizzazione_11-80x60.jpg) 0 0 no-repeat;\r\n                    }\r\n                    #tdi_2  .td-doubleSlider-2 .td-item11 {\r\n                        background: url(https:\/\/www.cgfmanet.org\/wp-content\/uploads\/2025\/10\/Ringraziamento-Canonizzazione_10-80x60.jpg) 0 0 no-repeat;\r\n                    }\r\n                    #tdi_2  .td-doubleSlider-2 .td-item12 {\r\n                        background: url(https:\/\/www.cgfmanet.org\/wp-content\/uploads\/2025\/10\/Ringraziamento-Canonizzazione_9-80x60.jpg) 0 0 no-repeat;\r\n                    }\r\n                <\/style>\r\n\r\n                <div id=\"tdi_2\" class=\"td-gallery td-slide-on-2-columns\">\r\n                    <div class=\"post_td_gallery\">\r\n                        <div class=\"td-gallery-slide-top\">\r\n                           <div class=\"td-gallery-title\"><\/div>\r\n\r\n                            <div class=\"td-gallery-controls-wrapper\">\r\n                                <div class=\"td-gallery-slide-count\"><span class=\"td-gallery-slide-item-focus\">1<\/span> de 12<\/div>\r\n                                <div class=\"td-gallery-slide-prev-next-but\">\r\n                                    <i class = \"td-icon-left doubleSliderPrevButton\"><\/i>\r\n                                    <i class = \"td-icon-right doubleSliderNextButton\"><\/i>\r\n                                <\/div>\r\n                            <\/div>\r\n                        <\/div>\r\n\r\n                        <div class = \"td-doubleSlider-1 \">\r\n                            <div class = \"td-slider\">\r\n                                \r\n                    <div class = \"td-slide-item td-item1\">\r\n                        <figure class=\"td-slide-galery-figure td-slide-popup-gallery\">\r\n                            <a class=\"slide-gallery-image-link\" href=\"https:\/\/www.cgfmanet.org\/wp-content\/uploads\/2025\/10\/Ringraziamento-Canonizzazione_2.jpg\" title=\"Ringraziamento Canonizzazione_2\"  data-caption=\"\"  data-description=\"\">\r\n                                <img decoding=\"async\" data-src=\"https:\/\/www.cgfmanet.org\/wp-content\/uploads\/2025\/10\/Ringraziamento-Canonizzazione_2-315x420.jpg\" data-srcset=\"https:\/\/www.cgfmanet.org\/wp-content\/uploads\/2025\/10\/Ringraziamento-Canonizzazione_2-315x420.jpg 315w, https:\/\/www.cgfmanet.org\/wp-content\/uploads\/2025\/10\/Ringraziamento-Canonizzazione_2-768x1024.jpg 768w, https:\/\/www.cgfmanet.org\/wp-content\/uploads\/2025\/10\/Ringraziamento-Canonizzazione_2-1152x1536.jpg 1152w, https:\/\/www.cgfmanet.org\/wp-content\/uploads\/2025\/10\/Ringraziamento-Canonizzazione_2-696x928.jpg 696w, https:\/\/www.cgfmanet.org\/wp-content\/uploads\/2025\/10\/Ringraziamento-Canonizzazione_2.jpg 1181w\" data-sizes=\"auto\" alt=\"\" src=\"data:image\/svg+xml;base64,PHN2ZyB3aWR0aD0iMSIgaGVpZ2h0PSIxIiB4bWxucz0iaHR0cDovL3d3dy53My5vcmcvMjAwMC9zdmciPjwvc3ZnPg==\" class=\"lazyload\" style=\"--smush-placeholder-width: 315px; --smush-placeholder-aspect-ratio: 315\/420;\" data-original-sizes=\"(max-width: 315px) 100vw, 315px\">\r\n                            <\/a>\r\n                            \r\n                        <\/figure>\r\n                    <\/div>\r\n                    <div class = \"td-slide-item td-item2\">\r\n                        <figure class=\"td-slide-galery-figure td-slide-popup-gallery\">\r\n                            <a class=\"slide-gallery-image-link\" href=\"https:\/\/www.cgfmanet.org\/wp-content\/uploads\/2025\/10\/Ringraziamento-Canonizzazione_3-scaled.jpg\" title=\"Ringraziamento Canonizzazione_3\"  data-caption=\"\"  data-description=\"\">\r\n                                <img decoding=\"async\" data-src=\"https:\/\/www.cgfmanet.org\/wp-content\/uploads\/2025\/10\/Ringraziamento-Canonizzazione_3-333x420.jpg\" data-srcset=\"https:\/\/www.cgfmanet.org\/wp-content\/uploads\/2025\/10\/Ringraziamento-Canonizzazione_3-333x420.jpg 333w, https:\/\/www.cgfmanet.org\/wp-content\/uploads\/2025\/10\/Ringraziamento-Canonizzazione_3-768x969.jpg 768w, https:\/\/www.cgfmanet.org\/wp-content\/uploads\/2025\/10\/Ringraziamento-Canonizzazione_3-1217x1536.jpg 1217w, https:\/\/www.cgfmanet.org\/wp-content\/uploads\/2025\/10\/Ringraziamento-Canonizzazione_3-1623x2048.jpg 1623w, https:\/\/www.cgfmanet.org\/wp-content\/uploads\/2025\/10\/Ringraziamento-Canonizzazione_3-696x878.jpg 696w, https:\/\/www.cgfmanet.org\/wp-content\/uploads\/2025\/10\/Ringraziamento-Canonizzazione_3-scaled.jpg 2029w\" data-sizes=\"auto\" alt=\"\" src=\"data:image\/svg+xml;base64,PHN2ZyB3aWR0aD0iMSIgaGVpZ2h0PSIxIiB4bWxucz0iaHR0cDovL3d3dy53My5vcmcvMjAwMC9zdmciPjwvc3ZnPg==\" class=\"lazyload\" style=\"--smush-placeholder-width: 333px; --smush-placeholder-aspect-ratio: 333\/420;\" data-original-sizes=\"(max-width: 333px) 100vw, 333px\">\r\n                            <\/a>\r\n                            \r\n                        <\/figure>\r\n                    <\/div>\r\n                    <div class = \"td-slide-item td-item3\">\r\n                        <figure class=\"td-slide-galery-figure td-slide-popup-gallery\">\r\n                            <a class=\"slide-gallery-image-link\" href=\"https:\/\/www.cgfmanet.org\/wp-content\/uploads\/2025\/10\/Ringraziamento-Canonizzazione_6.jpg\" title=\"Ringraziamento Canonizzazione_6\"  data-caption=\"\"  data-description=\"\">\r\n                                <img decoding=\"async\" data-src=\"https:\/\/www.cgfmanet.org\/wp-content\/uploads\/2025\/10\/Ringraziamento-Canonizzazione_6-630x420.jpg\" data-srcset=\"https:\/\/www.cgfmanet.org\/wp-content\/uploads\/2025\/10\/Ringraziamento-Canonizzazione_6-630x420.jpg 630w, https:\/\/www.cgfmanet.org\/wp-content\/uploads\/2025\/10\/Ringraziamento-Canonizzazione_6-768x512.jpg 768w, https:\/\/www.cgfmanet.org\/wp-content\/uploads\/2025\/10\/Ringraziamento-Canonizzazione_6-696x464.jpg 696w, https:\/\/www.cgfmanet.org\/wp-content\/uploads\/2025\/10\/Ringraziamento-Canonizzazione_6.jpg 1181w\" data-sizes=\"auto\" alt=\"\" src=\"data:image\/svg+xml;base64,PHN2ZyB3aWR0aD0iMSIgaGVpZ2h0PSIxIiB4bWxucz0iaHR0cDovL3d3dy53My5vcmcvMjAwMC9zdmciPjwvc3ZnPg==\" class=\"lazyload\" style=\"--smush-placeholder-width: 630px; --smush-placeholder-aspect-ratio: 630\/420;\" data-original-sizes=\"(max-width: 630px) 100vw, 630px\">\r\n                            <\/a>\r\n                            \r\n                        <\/figure>\r\n                    <\/div>\r\n                    <div class = \"td-slide-item td-item4\">\r\n                        <figure class=\"td-slide-galery-figure td-slide-popup-gallery\">\r\n                            <a class=\"slide-gallery-image-link\" href=\"https:\/\/www.cgfmanet.org\/wp-content\/uploads\/2025\/10\/Ringraziamento-Canonizzazione_5.jpg\" title=\"Ringraziamento Canonizzazione_5\"  data-caption=\"\"  data-description=\"\">\r\n                                <img decoding=\"async\" data-src=\"https:\/\/www.cgfmanet.org\/wp-content\/uploads\/2025\/10\/Ringraziamento-Canonizzazione_5-630x420.jpg\" data-srcset=\"https:\/\/www.cgfmanet.org\/wp-content\/uploads\/2025\/10\/Ringraziamento-Canonizzazione_5-630x420.jpg 630w, https:\/\/www.cgfmanet.org\/wp-content\/uploads\/2025\/10\/Ringraziamento-Canonizzazione_5-768x512.jpg 768w, https:\/\/www.cgfmanet.org\/wp-content\/uploads\/2025\/10\/Ringraziamento-Canonizzazione_5-696x464.jpg 696w, https:\/\/www.cgfmanet.org\/wp-content\/uploads\/2025\/10\/Ringraziamento-Canonizzazione_5.jpg 1182w\" data-sizes=\"auto\" alt=\"\" src=\"data:image\/svg+xml;base64,PHN2ZyB3aWR0aD0iMSIgaGVpZ2h0PSIxIiB4bWxucz0iaHR0cDovL3d3dy53My5vcmcvMjAwMC9zdmciPjwvc3ZnPg==\" class=\"lazyload\" style=\"--smush-placeholder-width: 630px; --smush-placeholder-aspect-ratio: 630\/420;\" data-original-sizes=\"(max-width: 630px) 100vw, 630px\">\r\n                            <\/a>\r\n                            \r\n                        <\/figure>\r\n                    <\/div>\r\n                    <div class = \"td-slide-item td-item5\">\r\n                        <figure class=\"td-slide-galery-figure td-slide-popup-gallery\">\r\n                            <a class=\"slide-gallery-image-link\" href=\"https:\/\/www.cgfmanet.org\/wp-content\/uploads\/2025\/10\/Ringraziamento-Canonizzazione_4.jpg\" title=\"Ringraziamento Canonizzazione_4\"  data-caption=\"\"  data-description=\"\">\r\n                                <img decoding=\"async\" data-src=\"https:\/\/www.cgfmanet.org\/wp-content\/uploads\/2025\/10\/Ringraziamento-Canonizzazione_4-630x420.jpg\" data-srcset=\"https:\/\/www.cgfmanet.org\/wp-content\/uploads\/2025\/10\/Ringraziamento-Canonizzazione_4-630x420.jpg 630w, https:\/\/www.cgfmanet.org\/wp-content\/uploads\/2025\/10\/Ringraziamento-Canonizzazione_4-768x512.jpg 768w, https:\/\/www.cgfmanet.org\/wp-content\/uploads\/2025\/10\/Ringraziamento-Canonizzazione_4-696x464.jpg 696w, https:\/\/www.cgfmanet.org\/wp-content\/uploads\/2025\/10\/Ringraziamento-Canonizzazione_4.jpg 1181w\" data-sizes=\"auto\" alt=\"\" src=\"data:image\/svg+xml;base64,PHN2ZyB3aWR0aD0iMSIgaGVpZ2h0PSIxIiB4bWxucz0iaHR0cDovL3d3dy53My5vcmcvMjAwMC9zdmciPjwvc3ZnPg==\" class=\"lazyload\" style=\"--smush-placeholder-width: 630px; --smush-placeholder-aspect-ratio: 630\/420;\" data-original-sizes=\"(max-width: 630px) 100vw, 630px\">\r\n                            <\/a>\r\n                            \r\n                        <\/figure>\r\n                    <\/div>\r\n                    <div class = \"td-slide-item td-item6\">\r\n                        <figure class=\"td-slide-galery-figure td-slide-popup-gallery\">\r\n                            <a class=\"slide-gallery-image-link\" href=\"https:\/\/www.cgfmanet.org\/wp-content\/uploads\/2025\/10\/Ringraziamento-Canonizzazione_7.jpg\" title=\"Ringraziamento Canonizzazione_7\"  data-caption=\"\"  data-description=\"\">\r\n                                <img decoding=\"async\" data-src=\"https:\/\/www.cgfmanet.org\/wp-content\/uploads\/2025\/10\/Ringraziamento-Canonizzazione_7-630x420.jpg\" data-srcset=\"https:\/\/www.cgfmanet.org\/wp-content\/uploads\/2025\/10\/Ringraziamento-Canonizzazione_7-630x420.jpg 630w, https:\/\/www.cgfmanet.org\/wp-content\/uploads\/2025\/10\/Ringraziamento-Canonizzazione_7-768x512.jpg 768w, https:\/\/www.cgfmanet.org\/wp-content\/uploads\/2025\/10\/Ringraziamento-Canonizzazione_7-696x464.jpg 696w, https:\/\/www.cgfmanet.org\/wp-content\/uploads\/2025\/10\/Ringraziamento-Canonizzazione_7.jpg 1181w\" data-sizes=\"auto\" alt=\"\" src=\"data:image\/svg+xml;base64,PHN2ZyB3aWR0aD0iMSIgaGVpZ2h0PSIxIiB4bWxucz0iaHR0cDovL3d3dy53My5vcmcvMjAwMC9zdmciPjwvc3ZnPg==\" class=\"lazyload\" style=\"--smush-placeholder-width: 630px; --smush-placeholder-aspect-ratio: 630\/420;\" data-original-sizes=\"(max-width: 630px) 100vw, 630px\">\r\n                            <\/a>\r\n                            \r\n                        <\/figure>\r\n                    <\/div>\r\n                    <div class = \"td-slide-item td-item7\">\r\n                        <figure class=\"td-slide-galery-figure td-slide-popup-gallery\">\r\n                            <a class=\"slide-gallery-image-link\" href=\"https:\/\/www.cgfmanet.org\/wp-content\/uploads\/2025\/10\/Ringraziamento-Canonizzazione_8.jpg\" title=\"Ringraziamento Canonizzazione_8\"  data-caption=\"\"  data-description=\"\">\r\n                                <img decoding=\"async\" data-src=\"https:\/\/www.cgfmanet.org\/wp-content\/uploads\/2025\/10\/Ringraziamento-Canonizzazione_8-630x420.jpg\" data-srcset=\"https:\/\/www.cgfmanet.org\/wp-content\/uploads\/2025\/10\/Ringraziamento-Canonizzazione_8-630x420.jpg 630w, https:\/\/www.cgfmanet.org\/wp-content\/uploads\/2025\/10\/Ringraziamento-Canonizzazione_8-768x512.jpg 768w, https:\/\/www.cgfmanet.org\/wp-content\/uploads\/2025\/10\/Ringraziamento-Canonizzazione_8-696x464.jpg 696w, https:\/\/www.cgfmanet.org\/wp-content\/uploads\/2025\/10\/Ringraziamento-Canonizzazione_8.jpg 1181w\" data-sizes=\"auto\" alt=\"\" src=\"data:image\/svg+xml;base64,PHN2ZyB3aWR0aD0iMSIgaGVpZ2h0PSIxIiB4bWxucz0iaHR0cDovL3d3dy53My5vcmcvMjAwMC9zdmciPjwvc3ZnPg==\" class=\"lazyload\" style=\"--smush-placeholder-width: 630px; --smush-placeholder-aspect-ratio: 630\/420;\" data-original-sizes=\"(max-width: 630px) 100vw, 630px\">\r\n                            <\/a>\r\n                            \r\n                        <\/figure>\r\n                    <\/div>\r\n                    <div class = \"td-slide-item td-item8\">\r\n                        <figure class=\"td-slide-galery-figure td-slide-popup-gallery\">\r\n                            <a class=\"slide-gallery-image-link\" href=\"https:\/\/www.cgfmanet.org\/wp-content\/uploads\/2025\/10\/Ringraziamento-Canonizzazione.jpg\" title=\"Ringraziamento Canonizzazione\"  data-caption=\"\"  data-description=\"\">\r\n                                <img decoding=\"async\" data-src=\"https:\/\/www.cgfmanet.org\/wp-content\/uploads\/2025\/10\/Ringraziamento-Canonizzazione-630x420.jpg\" data-srcset=\"https:\/\/www.cgfmanet.org\/wp-content\/uploads\/2025\/10\/Ringraziamento-Canonizzazione-630x420.jpg 630w, https:\/\/www.cgfmanet.org\/wp-content\/uploads\/2025\/10\/Ringraziamento-Canonizzazione-768x512.jpg 768w, https:\/\/www.cgfmanet.org\/wp-content\/uploads\/2025\/10\/Ringraziamento-Canonizzazione-696x464.jpg 696w, https:\/\/www.cgfmanet.org\/wp-content\/uploads\/2025\/10\/Ringraziamento-Canonizzazione.jpg 1181w\" data-sizes=\"auto\" alt=\"\" src=\"data:image\/svg+xml;base64,PHN2ZyB3aWR0aD0iMSIgaGVpZ2h0PSIxIiB4bWxucz0iaHR0cDovL3d3dy53My5vcmcvMjAwMC9zdmciPjwvc3ZnPg==\" class=\"lazyload\" style=\"--smush-placeholder-width: 630px; --smush-placeholder-aspect-ratio: 630\/420;\" data-original-sizes=\"(max-width: 630px) 100vw, 630px\">\r\n                            <\/a>\r\n                            \r\n                        <\/figure>\r\n                    <\/div>\r\n                    <div class = \"td-slide-item td-item9\">\r\n                        <figure class=\"td-slide-galery-figure td-slide-popup-gallery\">\r\n                            <a class=\"slide-gallery-image-link\" href=\"https:\/\/www.cgfmanet.org\/wp-content\/uploads\/2025\/10\/Ringraziamento-Canonizzazione_1.jpg\" title=\"Ringraziamento Canonizzazione_1\"  data-caption=\"\"  data-description=\"\">\r\n                                <img decoding=\"async\" data-src=\"https:\/\/www.cgfmanet.org\/wp-content\/uploads\/2025\/10\/Ringraziamento-Canonizzazione_1-315x420.jpg\" data-srcset=\"https:\/\/www.cgfmanet.org\/wp-content\/uploads\/2025\/10\/Ringraziamento-Canonizzazione_1-315x420.jpg 315w, https:\/\/www.cgfmanet.org\/wp-content\/uploads\/2025\/10\/Ringraziamento-Canonizzazione_1-768x1024.jpg 768w, https:\/\/www.cgfmanet.org\/wp-content\/uploads\/2025\/10\/Ringraziamento-Canonizzazione_1-1152x1536.jpg 1152w, https:\/\/www.cgfmanet.org\/wp-content\/uploads\/2025\/10\/Ringraziamento-Canonizzazione_1-696x928.jpg 696w, https:\/\/www.cgfmanet.org\/wp-content\/uploads\/2025\/10\/Ringraziamento-Canonizzazione_1.jpg 1181w\" data-sizes=\"auto\" alt=\"\" src=\"data:image\/svg+xml;base64,PHN2ZyB3aWR0aD0iMSIgaGVpZ2h0PSIxIiB4bWxucz0iaHR0cDovL3d3dy53My5vcmcvMjAwMC9zdmciPjwvc3ZnPg==\" class=\"lazyload\" style=\"--smush-placeholder-width: 315px; --smush-placeholder-aspect-ratio: 315\/420;\" data-original-sizes=\"(max-width: 315px) 100vw, 315px\">\r\n                            <\/a>\r\n                            \r\n                        <\/figure>\r\n                    <\/div>\r\n                    <div class = \"td-slide-item td-item10\">\r\n                        <figure class=\"td-slide-galery-figure td-slide-popup-gallery\">\r\n                            <a class=\"slide-gallery-image-link\" href=\"https:\/\/www.cgfmanet.org\/wp-content\/uploads\/2025\/10\/Ringraziamento-Canonizzazione_11.jpg\" title=\"Ringraziamento Canonizzazione_11\"  data-caption=\"\"  data-description=\"\">\r\n                                <img decoding=\"async\" data-src=\"https:\/\/www.cgfmanet.org\/wp-content\/uploads\/2025\/10\/Ringraziamento-Canonizzazione_11-562x420.jpg\" data-srcset=\"https:\/\/www.cgfmanet.org\/wp-content\/uploads\/2025\/10\/Ringraziamento-Canonizzazione_11-562x420.jpg 562w, https:\/\/www.cgfmanet.org\/wp-content\/uploads\/2025\/10\/Ringraziamento-Canonizzazione_11-768x574.jpg 768w, https:\/\/www.cgfmanet.org\/wp-content\/uploads\/2025\/10\/Ringraziamento-Canonizzazione_11-80x60.jpg 80w, https:\/\/www.cgfmanet.org\/wp-content\/uploads\/2025\/10\/Ringraziamento-Canonizzazione_11-696x520.jpg 696w, https:\/\/www.cgfmanet.org\/wp-content\/uploads\/2025\/10\/Ringraziamento-Canonizzazione_11-265x198.jpg 265w, https:\/\/www.cgfmanet.org\/wp-content\/uploads\/2025\/10\/Ringraziamento-Canonizzazione_11.jpg 1181w\" data-sizes=\"auto\" alt=\"\" src=\"data:image\/svg+xml;base64,PHN2ZyB3aWR0aD0iMSIgaGVpZ2h0PSIxIiB4bWxucz0iaHR0cDovL3d3dy53My5vcmcvMjAwMC9zdmciPjwvc3ZnPg==\" class=\"lazyload\" style=\"--smush-placeholder-width: 562px; --smush-placeholder-aspect-ratio: 562\/420;\" data-original-sizes=\"(max-width: 562px) 100vw, 562px\">\r\n                            <\/a>\r\n                            \r\n                        <\/figure>\r\n                    <\/div>\r\n                    <div class = \"td-slide-item td-item11\">\r\n                        <figure class=\"td-slide-galery-figure td-slide-popup-gallery\">\r\n                            <a class=\"slide-gallery-image-link\" href=\"https:\/\/www.cgfmanet.org\/wp-content\/uploads\/2025\/10\/Ringraziamento-Canonizzazione_10.jpg\" title=\"Ringraziamento Canonizzazione_10\"  data-caption=\"\"  data-description=\"\">\r\n                                <img decoding=\"async\" data-src=\"https:\/\/www.cgfmanet.org\/wp-content\/uploads\/2025\/10\/Ringraziamento-Canonizzazione_10-630x420.jpg\" data-srcset=\"https:\/\/www.cgfmanet.org\/wp-content\/uploads\/2025\/10\/Ringraziamento-Canonizzazione_10-630x420.jpg 630w, https:\/\/www.cgfmanet.org\/wp-content\/uploads\/2025\/10\/Ringraziamento-Canonizzazione_10-768x512.jpg 768w, https:\/\/www.cgfmanet.org\/wp-content\/uploads\/2025\/10\/Ringraziamento-Canonizzazione_10-696x464.jpg 696w, https:\/\/www.cgfmanet.org\/wp-content\/uploads\/2025\/10\/Ringraziamento-Canonizzazione_10.jpg 1181w\" data-sizes=\"auto\" alt=\"\" src=\"data:image\/svg+xml;base64,PHN2ZyB3aWR0aD0iMSIgaGVpZ2h0PSIxIiB4bWxucz0iaHR0cDovL3d3dy53My5vcmcvMjAwMC9zdmciPjwvc3ZnPg==\" class=\"lazyload\" style=\"--smush-placeholder-width: 630px; --smush-placeholder-aspect-ratio: 630\/420;\" data-original-sizes=\"(max-width: 630px) 100vw, 630px\">\r\n                            <\/a>\r\n                            \r\n                        <\/figure>\r\n                    <\/div>\r\n                    <div class = \"td-slide-item td-item12\">\r\n                        <figure class=\"td-slide-galery-figure td-slide-popup-gallery\">\r\n                            <a class=\"slide-gallery-image-link\" href=\"https:\/\/www.cgfmanet.org\/wp-content\/uploads\/2025\/10\/Ringraziamento-Canonizzazione_9.jpg\" title=\"Ringraziamento Canonizzazione_9\"  data-caption=\"\"  data-description=\"\">\r\n                                <img decoding=\"async\" data-src=\"https:\/\/www.cgfmanet.org\/wp-content\/uploads\/2025\/10\/Ringraziamento-Canonizzazione_9-630x420.jpg\" data-srcset=\"https:\/\/www.cgfmanet.org\/wp-content\/uploads\/2025\/10\/Ringraziamento-Canonizzazione_9-630x420.jpg 630w, https:\/\/www.cgfmanet.org\/wp-content\/uploads\/2025\/10\/Ringraziamento-Canonizzazione_9-768x512.jpg 768w, https:\/\/www.cgfmanet.org\/wp-content\/uploads\/2025\/10\/Ringraziamento-Canonizzazione_9-696x464.jpg 696w, https:\/\/www.cgfmanet.org\/wp-content\/uploads\/2025\/10\/Ringraziamento-Canonizzazione_9.jpg 1181w\" data-sizes=\"auto\" alt=\"\" src=\"data:image\/svg+xml;base64,PHN2ZyB3aWR0aD0iMSIgaGVpZ2h0PSIxIiB4bWxucz0iaHR0cDovL3d3dy53My5vcmcvMjAwMC9zdmciPjwvc3ZnPg==\" class=\"lazyload\" style=\"--smush-placeholder-width: 630px; --smush-placeholder-aspect-ratio: 630\/420;\" data-original-sizes=\"(max-width: 630px) 100vw, 630px\">\r\n                            <\/a>\r\n                            \r\n                        <\/figure>\r\n                    <\/div>\r\n                            <\/div>\r\n                        <\/div>\r\n\r\n                        <div class = \"td-doubleSlider-2\">\r\n                            <div class = \"td-slider\">\r\n                                \r\n                    <div class = \"td-button td-item1\">\r\n                        <div class = \"td-border\"><\/div>\r\n                    <\/div>\r\n                    <div class = \"td-button td-item2\">\r\n                        <div class = \"td-border\"><\/div>\r\n                    <\/div>\r\n                    <div class = \"td-button td-item3\">\r\n                        <div class = \"td-border\"><\/div>\r\n                    <\/div>\r\n                    <div class = \"td-button td-item4\">\r\n                        <div class = \"td-border\"><\/div>\r\n                    <\/div>\r\n                    <div class = \"td-button td-item5\">\r\n                        <div class = \"td-border\"><\/div>\r\n                    <\/div>\r\n                    <div class = \"td-button td-item6\">\r\n                        <div class = \"td-border\"><\/div>\r\n                    <\/div>\r\n                    <div class = \"td-button td-item7\">\r\n                        <div class = \"td-border\"><\/div>\r\n                    <\/div>\r\n                    <div class = \"td-button td-item8\">\r\n                        <div class = \"td-border\"><\/div>\r\n                    <\/div>\r\n                    <div class = \"td-button td-item9\">\r\n                        <div class = \"td-border\"><\/div>\r\n                    <\/div>\r\n                    <div class = \"td-button td-item10\">\r\n                        <div class = \"td-border\"><\/div>\r\n                    <\/div>\r\n                    <div class = \"td-button td-item11\">\r\n                        <div class = \"td-border\"><\/div>\r\n                    <\/div>\r\n                    <div class = \"td-button td-item12\">\r\n                        <div class = \"td-border\"><\/div>\r\n                    <\/div>\r\n                            <\/div>\r\n                        <\/div>\r\n\r\n                    <\/div>\r\n\r\n                <\/div>\r\n                \n","protected":false},"excerpt":{"rendered":"<p>Roma (Italia). El 20 de octubre de 2025, al d\u00eda siguiente de la gran jornada de la Canonizaci\u00f3n de Sor Mar\u00eda Troncatti, los\/las participantes en las celebraciones se reunieron al [&hellip;]<\/p>\n","protected":false},"author":21,"featured_media":145080,"comment_status":"open","ping_status":"closed","sticky":false,"template":"","format":"standard","meta":{"footnotes":""},"categories":[2470,158],"tags":[1446,1451,1640,1792,1914,1931],"class_list":["post-145110","post","type-post","status-publish","format-standard","has-post-thumbnail","category-150-misiones-fma","category-ifma-es","tag-santidad","tag-santidad-salesiana","tag-maria-troncatti-es","tag-espiritu-misionero","tag-chiesa-es","tag-focus-es"],"yoast_head":"<!-- This site is optimized with the Yoast SEO plugin v27.4 - https:\/\/yoast.com\/product\/yoast-seo-wordpress\/ -->\n<title>Canonizaci\u00f3n de Sor Mar\u00eda Troncatti: El Gracias &#8226; Istituto Figlie di Maria Ausiliatrice<\/title>\n<meta name=\"description\" content=\"El 20 de octubre de 2025 fue un d\u00eda de alabanza y acci\u00f3n de gracias por la Canonizaci\u00f3n de Sor Mar\u00eda Troncatti, con la participaci\u00f3n en la Audiencia del Papa Le\u00f3n XIV y la Eucarist\u00eda en San Pablo Extramuros.\" \/>\n<meta name=\"robots\" content=\"index, follow, max-snippet:-1, max-image-preview:large, max-video-preview:-1\" \/>\n<link rel=\"canonical\" href=\"https:\/\/www.cgfmanet.org\/es\/ifma-es\/canonizacion-de-sor-maria-troncatti-el-gracias\/\" \/>\n<meta property=\"og:locale\" content=\"es_ES\" \/>\n<meta property=\"og:type\" content=\"article\" \/>\n<meta property=\"og:title\" content=\"Canonizaci\u00f3n de Sor Mar\u00eda Troncatti: El Gracias &#8226; Istituto Figlie di Maria Ausiliatrice\" \/>\n<meta property=\"og:description\" content=\"El 20 de octubre de 2025 fue un d\u00eda de alabanza y acci\u00f3n de gracias por la Canonizaci\u00f3n de Sor Mar\u00eda Troncatti, con la participaci\u00f3n en la Audiencia del Papa Le\u00f3n XIV y la Eucarist\u00eda en San Pablo Extramuros.\" \/>\n<meta property=\"og:url\" content=\"https:\/\/www.cgfmanet.org\/es\/ifma-es\/canonizacion-de-sor-maria-troncatti-el-gracias\/\" \/>\n<meta property=\"og:site_name\" content=\"Istituto Figlie di Maria Ausiliatrice\" \/>\n<meta property=\"article:publisher\" content=\"https:\/\/www.facebook.com\/salesian.sisters.of.don.bosco\/\" \/>\n<meta property=\"article:published_time\" content=\"2025-10-25T20:12:08+00:00\" \/>\n<meta property=\"article:modified_time\" content=\"2025-10-25T20:19:17+00:00\" \/>\n<meta property=\"og:image\" content=\"https:\/\/www.cgfmanet.org\/wp-content\/uploads\/2025\/10\/Udienza-Canonizzazione.jpg\" \/>\n\t<meta property=\"og:image:width\" content=\"1181\" \/>\n\t<meta property=\"og:image:height\" content=\"788\" \/>\n\t<meta property=\"og:image:type\" content=\"image\/jpeg\" \/>\n<meta name=\"author\" content=\"Redazione\" \/>\n<meta name=\"twitter:card\" content=\"summary_large_image\" \/>\n<meta name=\"twitter:creator\" content=\"@Cgfmanet_Org\" \/>\n<meta name=\"twitter:site\" content=\"@Cgfmanet_Org\" \/>\n<meta name=\"twitter:label1\" content=\"Escrito por\" \/>\n\t<meta name=\"twitter:data1\" content=\"Redazione\" \/>\n\t<meta name=\"twitter:label2\" content=\"Tiempo de lectura\" \/>\n\t<meta name=\"twitter:data2\" content=\"7 minutos\" \/>\n<script type=\"application\/ld+json\" class=\"yoast-schema-graph\">{\"@context\":\"https:\\\/\\\/schema.org\",\"@graph\":[{\"@type\":\"Article\",\"@id\":\"https:\\\/\\\/www.cgfmanet.org\\\/es\\\/ifma-es\\\/canonizacion-de-sor-maria-troncatti-el-gracias\\\/#article\",\"isPartOf\":{\"@id\":\"https:\\\/\\\/www.cgfmanet.org\\\/es\\\/ifma-es\\\/canonizacion-de-sor-maria-troncatti-el-gracias\\\/\"},\"author\":{\"name\":\"Redazione\",\"@id\":\"https:\\\/\\\/www.cgfmanet.org\\\/es\\\/#\\\/schema\\\/person\\\/ce6473083f53ef0ef882cca23f0c8fb9\"},\"headline\":\"Canonizaci\u00f3n de Sor Mar\u00eda Troncatti: El Gracias\",\"datePublished\":\"2025-10-25T20:12:08+00:00\",\"dateModified\":\"2025-10-25T20:19:17+00:00\",\"mainEntityOfPage\":{\"@id\":\"https:\\\/\\\/www.cgfmanet.org\\\/es\\\/ifma-es\\\/canonizacion-de-sor-maria-troncatti-el-gracias\\\/\"},\"wordCount\":1287,\"commentCount\":0,\"publisher\":{\"@id\":\"https:\\\/\\\/www.cgfmanet.org\\\/es\\\/#organization\"},\"image\":{\"@id\":\"https:\\\/\\\/www.cgfmanet.org\\\/es\\\/ifma-es\\\/canonizacion-de-sor-maria-troncatti-el-gracias\\\/#primaryimage\"},\"thumbnailUrl\":\"https:\\\/\\\/www.cgfmanet.org\\\/wp-content\\\/uploads\\\/2025\\\/10\\\/Udienza-Canonizzazione.jpg\",\"keywords\":[\"Santidad\",\"Santidad Salesiana\",\"Maria Troncatti\",\"Esp\u00edritu misionero\",\"Chiesa\",\"Focus\"],\"articleSection\":[\"150\u00b0 Misiones FMA\",\"IFMA\"],\"inLanguage\":\"es\",\"potentialAction\":[{\"@type\":\"CommentAction\",\"name\":\"Comment\",\"target\":[\"https:\\\/\\\/www.cgfmanet.org\\\/es\\\/ifma-es\\\/canonizacion-de-sor-maria-troncatti-el-gracias\\\/#respond\"]}]},{\"@type\":\"WebPage\",\"@id\":\"https:\\\/\\\/www.cgfmanet.org\\\/es\\\/ifma-es\\\/canonizacion-de-sor-maria-troncatti-el-gracias\\\/\",\"url\":\"https:\\\/\\\/www.cgfmanet.org\\\/es\\\/ifma-es\\\/canonizacion-de-sor-maria-troncatti-el-gracias\\\/\",\"name\":\"Canonizaci\u00f3n de Sor Mar\u00eda Troncatti: El Gracias &#8226; Istituto Figlie di Maria Ausiliatrice\",\"isPartOf\":{\"@id\":\"https:\\\/\\\/www.cgfmanet.org\\\/es\\\/#website\"},\"primaryImageOfPage\":{\"@id\":\"https:\\\/\\\/www.cgfmanet.org\\\/es\\\/ifma-es\\\/canonizacion-de-sor-maria-troncatti-el-gracias\\\/#primaryimage\"},\"image\":{\"@id\":\"https:\\\/\\\/www.cgfmanet.org\\\/es\\\/ifma-es\\\/canonizacion-de-sor-maria-troncatti-el-gracias\\\/#primaryimage\"},\"thumbnailUrl\":\"https:\\\/\\\/www.cgfmanet.org\\\/wp-content\\\/uploads\\\/2025\\\/10\\\/Udienza-Canonizzazione.jpg\",\"datePublished\":\"2025-10-25T20:12:08+00:00\",\"dateModified\":\"2025-10-25T20:19:17+00:00\",\"description\":\"El 20 de octubre de 2025 fue un d\u00eda de alabanza y acci\u00f3n de gracias por la Canonizaci\u00f3n de Sor Mar\u00eda Troncatti, con la participaci\u00f3n en la Audiencia del Papa Le\u00f3n XIV y la Eucarist\u00eda en San Pablo Extramuros.\",\"breadcrumb\":{\"@id\":\"https:\\\/\\\/www.cgfmanet.org\\\/es\\\/ifma-es\\\/canonizacion-de-sor-maria-troncatti-el-gracias\\\/#breadcrumb\"},\"inLanguage\":\"es\",\"potentialAction\":[{\"@type\":\"ReadAction\",\"target\":[\"https:\\\/\\\/www.cgfmanet.org\\\/es\\\/ifma-es\\\/canonizacion-de-sor-maria-troncatti-el-gracias\\\/\"]}]},{\"@type\":\"ImageObject\",\"inLanguage\":\"es\",\"@id\":\"https:\\\/\\\/www.cgfmanet.org\\\/es\\\/ifma-es\\\/canonizacion-de-sor-maria-troncatti-el-gracias\\\/#primaryimage\",\"url\":\"https:\\\/\\\/www.cgfmanet.org\\\/wp-content\\\/uploads\\\/2025\\\/10\\\/Udienza-Canonizzazione.jpg\",\"contentUrl\":\"https:\\\/\\\/www.cgfmanet.org\\\/wp-content\\\/uploads\\\/2025\\\/10\\\/Udienza-Canonizzazione.jpg\",\"width\":1181,\"height\":788},{\"@type\":\"BreadcrumbList\",\"@id\":\"https:\\\/\\\/www.cgfmanet.org\\\/es\\\/ifma-es\\\/canonizacion-de-sor-maria-troncatti-el-gracias\\\/#breadcrumb\",\"itemListElement\":[{\"@type\":\"ListItem\",\"position\":1,\"name\":\"Home\",\"item\":\"https:\\\/\\\/www.cgfmanet.org\\\/es\\\/\"},{\"@type\":\"ListItem\",\"position\":2,\"name\":\"Canonizaci\u00f3n de Sor Mar\u00eda Troncatti: El Gracias\"}]},{\"@type\":\"WebSite\",\"@id\":\"https:\\\/\\\/www.cgfmanet.org\\\/es\\\/#website\",\"url\":\"https:\\\/\\\/www.cgfmanet.org\\\/es\\\/\",\"name\":\"Istituto Figlie di Maria Ausiliatrice\",\"description\":\"Salesiane di Don Bosco\",\"publisher\":{\"@id\":\"https:\\\/\\\/www.cgfmanet.org\\\/es\\\/#organization\"},\"potentialAction\":[{\"@type\":\"SearchAction\",\"target\":{\"@type\":\"EntryPoint\",\"urlTemplate\":\"https:\\\/\\\/www.cgfmanet.org\\\/es\\\/?s={search_term_string}\"},\"query-input\":{\"@type\":\"PropertyValueSpecification\",\"valueRequired\":true,\"valueName\":\"search_term_string\"}}],\"inLanguage\":\"es\"},{\"@type\":\"Organization\",\"@id\":\"https:\\\/\\\/www.cgfmanet.org\\\/es\\\/#organization\",\"name\":\"Istituto Figlie di Maria Ausiliatrice\",\"url\":\"https:\\\/\\\/www.cgfmanet.org\\\/es\\\/\",\"logo\":{\"@type\":\"ImageObject\",\"inLanguage\":\"es\",\"@id\":\"https:\\\/\\\/www.cgfmanet.org\\\/es\\\/#\\\/schema\\\/logo\\\/image\\\/\",\"url\":\"https:\\\/\\\/www.cgfmanet.org\\\/wp-content\\\/uploads\\\/2018\\\/10\\\/logo-fma.png\",\"contentUrl\":\"https:\\\/\\\/www.cgfmanet.org\\\/wp-content\\\/uploads\\\/2018\\\/10\\\/logo-fma.png\",\"width\":214,\"height\":55,\"caption\":\"Istituto Figlie di Maria Ausiliatrice\"},\"image\":{\"@id\":\"https:\\\/\\\/www.cgfmanet.org\\\/es\\\/#\\\/schema\\\/logo\\\/image\\\/\"},\"sameAs\":[\"https:\\\/\\\/www.facebook.com\\\/salesian.sisters.of.don.bosco\\\/\",\"https:\\\/\\\/x.com\\\/Cgfmanet_Org\",\"https:\\\/\\\/www.youtube.com\\\/channel\\\/UCmcr8yFQBV7JXeXVxyV9y5Q\"]},{\"@type\":\"Person\",\"@id\":\"https:\\\/\\\/www.cgfmanet.org\\\/es\\\/#\\\/schema\\\/person\\\/ce6473083f53ef0ef882cca23f0c8fb9\",\"name\":\"Redazione\"}]}<\/script>\n<!-- \/ Yoast SEO plugin. -->","yoast_head_json":{"title":"Canonizaci\u00f3n de Sor Mar\u00eda Troncatti: El Gracias &#8226; Istituto Figlie di Maria Ausiliatrice","description":"El 20 de octubre de 2025 fue un d\u00eda de alabanza y acci\u00f3n de gracias por la Canonizaci\u00f3n de Sor Mar\u00eda Troncatti, con la participaci\u00f3n en la Audiencia del Papa Le\u00f3n XIV y la Eucarist\u00eda en San Pablo Extramuros.","robots":{"index":"index","follow":"follow","max-snippet":"max-snippet:-1","max-image-preview":"max-image-preview:large","max-video-preview":"max-video-preview:-1"},"canonical":"https:\/\/www.cgfmanet.org\/es\/ifma-es\/canonizacion-de-sor-maria-troncatti-el-gracias\/","og_locale":"es_ES","og_type":"article","og_title":"Canonizaci\u00f3n de Sor Mar\u00eda Troncatti: El Gracias &#8226; Istituto Figlie di Maria Ausiliatrice","og_description":"El 20 de octubre de 2025 fue un d\u00eda de alabanza y acci\u00f3n de gracias por la Canonizaci\u00f3n de Sor Mar\u00eda Troncatti, con la participaci\u00f3n en la Audiencia del Papa Le\u00f3n XIV y la Eucarist\u00eda en San Pablo Extramuros.","og_url":"https:\/\/www.cgfmanet.org\/es\/ifma-es\/canonizacion-de-sor-maria-troncatti-el-gracias\/","og_site_name":"Istituto Figlie di Maria Ausiliatrice","article_publisher":"https:\/\/www.facebook.com\/salesian.sisters.of.don.bosco\/","article_published_time":"2025-10-25T20:12:08+00:00","article_modified_time":"2025-10-25T20:19:17+00:00","og_image":[{"width":1181,"height":788,"url":"https:\/\/www.cgfmanet.org\/wp-content\/uploads\/2025\/10\/Udienza-Canonizzazione.jpg","type":"image\/jpeg"}],"author":"Redazione","twitter_card":"summary_large_image","twitter_creator":"@Cgfmanet_Org","twitter_site":"@Cgfmanet_Org","twitter_misc":{"Escrito por":"Redazione","Tiempo de lectura":"7 minutos"},"schema":{"@context":"https:\/\/schema.org","@graph":[{"@type":"Article","@id":"https:\/\/www.cgfmanet.org\/es\/ifma-es\/canonizacion-de-sor-maria-troncatti-el-gracias\/#article","isPartOf":{"@id":"https:\/\/www.cgfmanet.org\/es\/ifma-es\/canonizacion-de-sor-maria-troncatti-el-gracias\/"},"author":{"name":"Redazione","@id":"https:\/\/www.cgfmanet.org\/es\/#\/schema\/person\/ce6473083f53ef0ef882cca23f0c8fb9"},"headline":"Canonizaci\u00f3n de Sor Mar\u00eda Troncatti: El Gracias","datePublished":"2025-10-25T20:12:08+00:00","dateModified":"2025-10-25T20:19:17+00:00","mainEntityOfPage":{"@id":"https:\/\/www.cgfmanet.org\/es\/ifma-es\/canonizacion-de-sor-maria-troncatti-el-gracias\/"},"wordCount":1287,"commentCount":0,"publisher":{"@id":"https:\/\/www.cgfmanet.org\/es\/#organization"},"image":{"@id":"https:\/\/www.cgfmanet.org\/es\/ifma-es\/canonizacion-de-sor-maria-troncatti-el-gracias\/#primaryimage"},"thumbnailUrl":"https:\/\/www.cgfmanet.org\/wp-content\/uploads\/2025\/10\/Udienza-Canonizzazione.jpg","keywords":["Santidad","Santidad Salesiana","Maria Troncatti","Esp\u00edritu misionero","Chiesa","Focus"],"articleSection":["150\u00b0 Misiones FMA","IFMA"],"inLanguage":"es","potentialAction":[{"@type":"CommentAction","name":"Comment","target":["https:\/\/www.cgfmanet.org\/es\/ifma-es\/canonizacion-de-sor-maria-troncatti-el-gracias\/#respond"]}]},{"@type":"WebPage","@id":"https:\/\/www.cgfmanet.org\/es\/ifma-es\/canonizacion-de-sor-maria-troncatti-el-gracias\/","url":"https:\/\/www.cgfmanet.org\/es\/ifma-es\/canonizacion-de-sor-maria-troncatti-el-gracias\/","name":"Canonizaci\u00f3n de Sor Mar\u00eda Troncatti: El Gracias &#8226; Istituto Figlie di Maria Ausiliatrice","isPartOf":{"@id":"https:\/\/www.cgfmanet.org\/es\/#website"},"primaryImageOfPage":{"@id":"https:\/\/www.cgfmanet.org\/es\/ifma-es\/canonizacion-de-sor-maria-troncatti-el-gracias\/#primaryimage"},"image":{"@id":"https:\/\/www.cgfmanet.org\/es\/ifma-es\/canonizacion-de-sor-maria-troncatti-el-gracias\/#primaryimage"},"thumbnailUrl":"https:\/\/www.cgfmanet.org\/wp-content\/uploads\/2025\/10\/Udienza-Canonizzazione.jpg","datePublished":"2025-10-25T20:12:08+00:00","dateModified":"2025-10-25T20:19:17+00:00","description":"El 20 de octubre de 2025 fue un d\u00eda de alabanza y acci\u00f3n de gracias por la Canonizaci\u00f3n de Sor Mar\u00eda Troncatti, con la participaci\u00f3n en la Audiencia del Papa Le\u00f3n XIV y la Eucarist\u00eda en San Pablo Extramuros.","breadcrumb":{"@id":"https:\/\/www.cgfmanet.org\/es\/ifma-es\/canonizacion-de-sor-maria-troncatti-el-gracias\/#breadcrumb"},"inLanguage":"es","potentialAction":[{"@type":"ReadAction","target":["https:\/\/www.cgfmanet.org\/es\/ifma-es\/canonizacion-de-sor-maria-troncatti-el-gracias\/"]}]},{"@type":"ImageObject","inLanguage":"es","@id":"https:\/\/www.cgfmanet.org\/es\/ifma-es\/canonizacion-de-sor-maria-troncatti-el-gracias\/#primaryimage","url":"https:\/\/www.cgfmanet.org\/wp-content\/uploads\/2025\/10\/Udienza-Canonizzazione.jpg","contentUrl":"https:\/\/www.cgfmanet.org\/wp-content\/uploads\/2025\/10\/Udienza-Canonizzazione.jpg","width":1181,"height":788},{"@type":"BreadcrumbList","@id":"https:\/\/www.cgfmanet.org\/es\/ifma-es\/canonizacion-de-sor-maria-troncatti-el-gracias\/#breadcrumb","itemListElement":[{"@type":"ListItem","position":1,"name":"Home","item":"https:\/\/www.cgfmanet.org\/es\/"},{"@type":"ListItem","position":2,"name":"Canonizaci\u00f3n de Sor Mar\u00eda Troncatti: El Gracias"}]},{"@type":"WebSite","@id":"https:\/\/www.cgfmanet.org\/es\/#website","url":"https:\/\/www.cgfmanet.org\/es\/","name":"Istituto Figlie di Maria Ausiliatrice","description":"Salesiane di Don Bosco","publisher":{"@id":"https:\/\/www.cgfmanet.org\/es\/#organization"},"potentialAction":[{"@type":"SearchAction","target":{"@type":"EntryPoint","urlTemplate":"https:\/\/www.cgfmanet.org\/es\/?s={search_term_string}"},"query-input":{"@type":"PropertyValueSpecification","valueRequired":true,"valueName":"search_term_string"}}],"inLanguage":"es"},{"@type":"Organization","@id":"https:\/\/www.cgfmanet.org\/es\/#organization","name":"Istituto Figlie di Maria Ausiliatrice","url":"https:\/\/www.cgfmanet.org\/es\/","logo":{"@type":"ImageObject","inLanguage":"es","@id":"https:\/\/www.cgfmanet.org\/es\/#\/schema\/logo\/image\/","url":"https:\/\/www.cgfmanet.org\/wp-content\/uploads\/2018\/10\/logo-fma.png","contentUrl":"https:\/\/www.cgfmanet.org\/wp-content\/uploads\/2018\/10\/logo-fma.png","width":214,"height":55,"caption":"Istituto Figlie di Maria Ausiliatrice"},"image":{"@id":"https:\/\/www.cgfmanet.org\/es\/#\/schema\/logo\/image\/"},"sameAs":["https:\/\/www.facebook.com\/salesian.sisters.of.don.bosco\/","https:\/\/x.com\/Cgfmanet_Org","https:\/\/www.youtube.com\/channel\/UCmcr8yFQBV7JXeXVxyV9y5Q"]},{"@type":"Person","@id":"https:\/\/www.cgfmanet.org\/es\/#\/schema\/person\/ce6473083f53ef0ef882cca23f0c8fb9","name":"Redazione"}]}},"_links":{"self":[{"href":"https:\/\/www.cgfmanet.org\/es\/wp-json\/wp\/v2\/posts\/145110","targetHints":{"allow":["GET"]}}],"collection":[{"href":"https:\/\/www.cgfmanet.org\/es\/wp-json\/wp\/v2\/posts"}],"about":[{"href":"https:\/\/www.cgfmanet.org\/es\/wp-json\/wp\/v2\/types\/post"}],"author":[{"embeddable":true,"href":"https:\/\/www.cgfmanet.org\/es\/wp-json\/wp\/v2\/users\/21"}],"replies":[{"embeddable":true,"href":"https:\/\/www.cgfmanet.org\/es\/wp-json\/wp\/v2\/comments?post=145110"}],"version-history":[{"count":2,"href":"https:\/\/www.cgfmanet.org\/es\/wp-json\/wp\/v2\/posts\/145110\/revisions"}],"predecessor-version":[{"id":145116,"href":"https:\/\/www.cgfmanet.org\/es\/wp-json\/wp\/v2\/posts\/145110\/revisions\/145116"}],"wp:featuredmedia":[{"embeddable":true,"href":"https:\/\/www.cgfmanet.org\/es\/wp-json\/wp\/v2\/media\/145080"}],"wp:attachment":[{"href":"https:\/\/www.cgfmanet.org\/es\/wp-json\/wp\/v2\/media?parent=145110"}],"wp:term":[{"taxonomy":"category","embeddable":true,"href":"https:\/\/www.cgfmanet.org\/es\/wp-json\/wp\/v2\/categories?post=145110"},{"taxonomy":"post_tag","embeddable":true,"href":"https:\/\/www.cgfmanet.org\/es\/wp-json\/wp\/v2\/tags?post=145110"}],"curies":[{"name":"wp","href":"https:\/\/api.w.org\/{rel}","templated":true}]}}