{"id":144810,"date":"2025-10-21T23:03:52","date_gmt":"2025-10-21T21:03:52","guid":{"rendered":"https:\/\/www.cgfmanet.org\/infoesfera\/seminario-europeo-acssa\/"},"modified":"2025-10-26T22:32:12","modified_gmt":"2025-10-26T21:32:12","slug":"seminario-europeo-acssa","status":"publish","type":"post","link":"https:\/\/www.cgfmanet.org\/es\/ifma-es\/seminario-europeo-acssa\/","title":{"rendered":"Seminario Europeo ACSSA"},"content":{"rendered":"<p><strong>Roma (Italia). <\/strong>Del 22 al 26 de octubre de 2025, en Roma, en la sala Juan Edmundo Vecchi de la Universidad Pontificia Salesiana, se llevar\u00e1 a cabo el Seminario Europeo de la Asociaci\u00f3n de Cultores de Historia Salesiana (<span style=\"color: #0000ff;\"><strong><a style=\"color: #0000ff;\" href=\"https:\/\/iss-acssa.org\/wp-content\/uploads\/2025\/10\/ACSSA-Programma-Seminario-Europeo-11ottobre2025.pdf\" target=\"_blank\" rel=\"noopener\">ACSSA<\/a><\/strong><\/span>) sobre el tema <strong>Misiones salesianas en el mundo: contribuci\u00f3n de los SDB y de las FMA de Europa<\/strong>, con motivo del 150 aniversario de la Primera Expedici\u00f3n Misionera de los Salesianos de Don Bosco (1875-2025) y en preparaci\u00f3n para el de las Hijas de Mar\u00eda Auxiliadora (1877-2027).<\/p>\n<p>El Seminario Europeo es el cuarto despu\u00e9s del Seminario de <a href=\"https:\/\/www.cgfmanet.org\/es\/ifma-es\/150-misiones-fma\/iii-seminario-acssa-region-africa-madagascar\/\" target=\"_blank\" rel=\"noopener\"><span style=\"color: #0000ff;\"><strong>\u00c1frica-Madagascar<\/strong><\/span><\/a>, celebrado en Lusaka-Makeni, Zambia, del 23 al 29 de marzo, el <span style=\"color: #0000ff;\"><strong><a style=\"color: #0000ff;\" href=\"https:\/\/www.cgfmanet.org\/es\/ifma-es\/150-misiones-fma\/seminario-americano-acssa-en-argentina\/\" target=\"_blank\" rel=\"noopener\">Seminario Americano<\/a><\/strong><\/span>, en Buenos Aires, Argentina, del 3 al 7 de junio, y el <span style=\"color: #0000ff;\"><strong><a style=\"color: #0000ff;\" href=\"https:\/\/www.cgfmanet.org\/es\/ifma-es\/seminario-regional-acssa-asia-sud-en-bangalore\/\" target=\"_blank\" rel=\"noopener\">Seminario Asia Sud<\/a><\/strong><\/span> en Bangalore, India, del 27 al 29 de junio. Est\u00e1 previsto un quinto para Asia Oriental-Ocean\u00eda, del 3 al 7 de noviembre.<\/p>\n<p>\u00abLas misiones salesianas en el mundo\u00bb es el tema unificador de los Seminarios, para luego desarrollar la especificidad de la acci\u00f3n misionera salesiana en los cinco continentes, diferentes entre s\u00ed por condiciones pol\u00edticas, sociales, clim\u00e1ticas, culturales y religiosas.<\/p>\n<p>\u00abA trav\u00e9s de estos eventos culturales se pretende dar a conocer la actividad misionera de los SDB y las FMA, presentando investigaciones, estudios, videos y otras contribuciones. Los congresos representan un homenaje especial a los misioneros y a las misioneras salesianas, con motivo de la conmemoraci\u00f3n de la primera expedici\u00f3n misionera\u00bb, explica el padre Stanis\u0142aw Zimniak, Secretario de la ACSSA.<\/p>\n<p>El 22 de octubre el Seminario se abrir\u00e1 con los saludos del Rector Mayor, Don Fabio Attard, de la Superiora General del Instituto FMA, Madre Chiara Cazzuola, y de la Presidenta ACSSA, sor Maria Maul. El intenso e interesante programa prev\u00e9, adem\u00e1s de las contribuciones hist\u00f3ricas y carism\u00e1ticas, la peregrinaci\u00f3n jubilar a la Bas\u00edlica de San Pablo Extramuros, con la Celebraci\u00f3n Eucar\u00edstica presidida por el padre Andrea Bozzolo, Rector Magn\u00edfico de la UPS.<\/p>\n<p>Las intervenciones de los Consejeros Generales para las Misiones, don Jorge Mario Crisafulli y sor Ruth del Pilar Mora, sobre las Misiones de los Salesianos y de las FMA hoy, concluir\u00e1n el Congreso, proyectando a los\/las participantes hacia el futuro.<\/p>\n<p><span style=\"color: #0000ff;\"><strong><a style=\"color: #0000ff;\" href=\"https:\/\/drive.google.com\/file\/d\/1J05IxJrRHpkXJTwcwFbhqMsHcnCe8vvM\/view?usp=drive_link\" target=\"_blank\" rel=\"noopener\">Programa<\/a><\/strong><\/span><\/p>\n<p><span style=\"color: #0000ff;\"><strong><a style=\"color: #0000ff;\" href=\"https:\/\/www.youtube.com\/live\/bbYmMBS58PE\" target=\"_blank\" rel=\"noopener\">Directo streaming<\/a><\/strong><\/span><\/p>\n","protected":false},"excerpt":{"rendered":"<p>Roma (Italia). Del 22 al 26 de octubre de 2025, en Roma, en la sala Juan Edmundo Vecchi de la Universidad Pontificia Salesiana, se llevar\u00e1 a cabo el Seminario Europeo [&hellip;]<\/p>\n","protected":false},"author":21,"featured_media":144805,"comment_status":"open","ping_status":"closed","sticky":false,"template":"","format":"standard","meta":{"footnotes":""},"categories":[158,169],"tags":[211,1345,1670,1792,1931,2464],"class_list":["post-144810","post","type-post","status-publish","format-standard","has-post-thumbnail","category-ifma-es","category-conferencias-seminarios","tag-acssa-es","tag-europa-es","tag-carisma-salesiano-es","tag-espiritu-misionero","tag-focus-es","tag-150-misiones-fma"],"yoast_head":"<!-- This site is optimized with the Yoast SEO plugin v27.4 - https:\/\/yoast.com\/product\/yoast-seo-wordpress\/ -->\n<title>Seminario Europeo ACSSA &#8226; Istituto Figlie di Maria Ausiliatrice<\/title>\n<meta name=\"description\" content=\"Del 22 al 26 de octubre de 2025, en la Universidad Pontificia Salesiana de Roma, se celebrar\u00e1 el Seminario Europeo de la Asociaci\u00f3n de Cultores de Historia Salesiana (ACSSA).\" \/>\n<meta name=\"robots\" content=\"index, follow, max-snippet:-1, max-image-preview:large, max-video-preview:-1\" \/>\n<link rel=\"canonical\" href=\"https:\/\/www.cgfmanet.org\/es\/ifma-es\/seminario-europeo-acssa\/\" \/>\n<meta property=\"og:locale\" content=\"es_ES\" \/>\n<meta property=\"og:type\" content=\"article\" \/>\n<meta property=\"og:title\" content=\"Seminario Europeo ACSSA &#8226; Istituto Figlie di Maria Ausiliatrice\" \/>\n<meta property=\"og:description\" content=\"Del 22 al 26 de octubre de 2025, en la Universidad Pontificia Salesiana de Roma, se celebrar\u00e1 el Seminario Europeo de la Asociaci\u00f3n de Cultores de Historia Salesiana (ACSSA).\" \/>\n<meta property=\"og:url\" content=\"https:\/\/www.cgfmanet.org\/es\/ifma-es\/seminario-europeo-acssa\/\" \/>\n<meta property=\"og:site_name\" content=\"Istituto Figlie di Maria Ausiliatrice\" \/>\n<meta property=\"article:publisher\" content=\"https:\/\/www.facebook.com\/salesian.sisters.of.don.bosco\/\" \/>\n<meta property=\"article:published_time\" content=\"2025-10-21T21:03:52+00:00\" \/>\n<meta property=\"article:modified_time\" content=\"2025-10-26T21:32:12+00:00\" \/>\n<meta property=\"og:image\" content=\"https:\/\/www.cgfmanet.org\/wp-content\/uploads\/2025\/10\/Seminario-europeo-ACSSA_2025.jpg\" \/>\n\t<meta property=\"og:image:width\" content=\"1200\" \/>\n\t<meta property=\"og:image:height\" content=\"800\" \/>\n\t<meta property=\"og:image:type\" content=\"image\/jpeg\" \/>\n<meta name=\"author\" content=\"Redazione\" \/>\n<meta name=\"twitter:card\" content=\"summary_large_image\" \/>\n<meta name=\"twitter:creator\" content=\"@Cgfmanet_Org\" \/>\n<meta name=\"twitter:site\" content=\"@Cgfmanet_Org\" \/>\n<meta name=\"twitter:label1\" content=\"Escrito por\" \/>\n\t<meta name=\"twitter:data1\" content=\"Redazione\" \/>\n\t<meta name=\"twitter:label2\" content=\"Tiempo de lectura\" \/>\n\t<meta name=\"twitter:data2\" content=\"3 minutos\" \/>\n<script type=\"application\/ld+json\" class=\"yoast-schema-graph\">{\"@context\":\"https:\\\/\\\/schema.org\",\"@graph\":[{\"@type\":\"Article\",\"@id\":\"https:\\\/\\\/www.cgfmanet.org\\\/es\\\/ifma-es\\\/seminario-europeo-acssa\\\/#article\",\"isPartOf\":{\"@id\":\"https:\\\/\\\/www.cgfmanet.org\\\/es\\\/ifma-es\\\/seminario-europeo-acssa\\\/\"},\"author\":{\"name\":\"Redazione\",\"@id\":\"https:\\\/\\\/www.cgfmanet.org\\\/es\\\/#\\\/schema\\\/person\\\/ce6473083f53ef0ef882cca23f0c8fb9\"},\"headline\":\"Seminario Europeo ACSSA\",\"datePublished\":\"2025-10-21T21:03:52+00:00\",\"dateModified\":\"2025-10-26T21:32:12+00:00\",\"mainEntityOfPage\":{\"@id\":\"https:\\\/\\\/www.cgfmanet.org\\\/es\\\/ifma-es\\\/seminario-europeo-acssa\\\/\"},\"wordCount\":375,\"commentCount\":0,\"publisher\":{\"@id\":\"https:\\\/\\\/www.cgfmanet.org\\\/es\\\/#organization\"},\"image\":{\"@id\":\"https:\\\/\\\/www.cgfmanet.org\\\/es\\\/ifma-es\\\/seminario-europeo-acssa\\\/#primaryimage\"},\"thumbnailUrl\":\"https:\\\/\\\/www.cgfmanet.org\\\/wp-content\\\/uploads\\\/2025\\\/10\\\/Seminario-europeo-ACSSA_2025.jpg\",\"keywords\":[\"ACSSA\",\"Europa\",\"Carisma salesiano\",\"Esp\u00edritu misionero\",\"Focus\",\"150\u00b0 Misiones FMA\"],\"articleSection\":[\"IFMA\",\"Conferencias y Seminarios\"],\"inLanguage\":\"es\",\"potentialAction\":[{\"@type\":\"CommentAction\",\"name\":\"Comment\",\"target\":[\"https:\\\/\\\/www.cgfmanet.org\\\/es\\\/ifma-es\\\/seminario-europeo-acssa\\\/#respond\"]}]},{\"@type\":\"WebPage\",\"@id\":\"https:\\\/\\\/www.cgfmanet.org\\\/es\\\/ifma-es\\\/seminario-europeo-acssa\\\/\",\"url\":\"https:\\\/\\\/www.cgfmanet.org\\\/es\\\/ifma-es\\\/seminario-europeo-acssa\\\/\",\"name\":\"Seminario Europeo ACSSA &#8226; Istituto Figlie di Maria Ausiliatrice\",\"isPartOf\":{\"@id\":\"https:\\\/\\\/www.cgfmanet.org\\\/es\\\/#website\"},\"primaryImageOfPage\":{\"@id\":\"https:\\\/\\\/www.cgfmanet.org\\\/es\\\/ifma-es\\\/seminario-europeo-acssa\\\/#primaryimage\"},\"image\":{\"@id\":\"https:\\\/\\\/www.cgfmanet.org\\\/es\\\/ifma-es\\\/seminario-europeo-acssa\\\/#primaryimage\"},\"thumbnailUrl\":\"https:\\\/\\\/www.cgfmanet.org\\\/wp-content\\\/uploads\\\/2025\\\/10\\\/Seminario-europeo-ACSSA_2025.jpg\",\"datePublished\":\"2025-10-21T21:03:52+00:00\",\"dateModified\":\"2025-10-26T21:32:12+00:00\",\"description\":\"Del 22 al 26 de octubre de 2025, en la Universidad Pontificia Salesiana de Roma, se celebrar\u00e1 el Seminario Europeo de la Asociaci\u00f3n de Cultores de Historia Salesiana (ACSSA).\",\"breadcrumb\":{\"@id\":\"https:\\\/\\\/www.cgfmanet.org\\\/es\\\/ifma-es\\\/seminario-europeo-acssa\\\/#breadcrumb\"},\"inLanguage\":\"es\",\"potentialAction\":[{\"@type\":\"ReadAction\",\"target\":[\"https:\\\/\\\/www.cgfmanet.org\\\/es\\\/ifma-es\\\/seminario-europeo-acssa\\\/\"]}]},{\"@type\":\"ImageObject\",\"inLanguage\":\"es\",\"@id\":\"https:\\\/\\\/www.cgfmanet.org\\\/es\\\/ifma-es\\\/seminario-europeo-acssa\\\/#primaryimage\",\"url\":\"https:\\\/\\\/www.cgfmanet.org\\\/wp-content\\\/uploads\\\/2025\\\/10\\\/Seminario-europeo-ACSSA_2025.jpg\",\"contentUrl\":\"https:\\\/\\\/www.cgfmanet.org\\\/wp-content\\\/uploads\\\/2025\\\/10\\\/Seminario-europeo-ACSSA_2025.jpg\",\"width\":1200,\"height\":800},{\"@type\":\"BreadcrumbList\",\"@id\":\"https:\\\/\\\/www.cgfmanet.org\\\/es\\\/ifma-es\\\/seminario-europeo-acssa\\\/#breadcrumb\",\"itemListElement\":[{\"@type\":\"ListItem\",\"position\":1,\"name\":\"Home\",\"item\":\"https:\\\/\\\/www.cgfmanet.org\\\/es\\\/\"},{\"@type\":\"ListItem\",\"position\":2,\"name\":\"Seminario Europeo ACSSA\"}]},{\"@type\":\"WebSite\",\"@id\":\"https:\\\/\\\/www.cgfmanet.org\\\/es\\\/#website\",\"url\":\"https:\\\/\\\/www.cgfmanet.org\\\/es\\\/\",\"name\":\"Istituto Figlie di Maria Ausiliatrice\",\"description\":\"Salesiane di Don Bosco\",\"publisher\":{\"@id\":\"https:\\\/\\\/www.cgfmanet.org\\\/es\\\/#organization\"},\"potentialAction\":[{\"@type\":\"SearchAction\",\"target\":{\"@type\":\"EntryPoint\",\"urlTemplate\":\"https:\\\/\\\/www.cgfmanet.org\\\/es\\\/?s={search_term_string}\"},\"query-input\":{\"@type\":\"PropertyValueSpecification\",\"valueRequired\":true,\"valueName\":\"search_term_string\"}}],\"inLanguage\":\"es\"},{\"@type\":\"Organization\",\"@id\":\"https:\\\/\\\/www.cgfmanet.org\\\/es\\\/#organization\",\"name\":\"Istituto Figlie di Maria Ausiliatrice\",\"url\":\"https:\\\/\\\/www.cgfmanet.org\\\/es\\\/\",\"logo\":{\"@type\":\"ImageObject\",\"inLanguage\":\"es\",\"@id\":\"https:\\\/\\\/www.cgfmanet.org\\\/es\\\/#\\\/schema\\\/logo\\\/image\\\/\",\"url\":\"https:\\\/\\\/www.cgfmanet.org\\\/wp-content\\\/uploads\\\/2018\\\/10\\\/logo-fma.png\",\"contentUrl\":\"https:\\\/\\\/www.cgfmanet.org\\\/wp-content\\\/uploads\\\/2018\\\/10\\\/logo-fma.png\",\"width\":214,\"height\":55,\"caption\":\"Istituto Figlie di Maria Ausiliatrice\"},\"image\":{\"@id\":\"https:\\\/\\\/www.cgfmanet.org\\\/es\\\/#\\\/schema\\\/logo\\\/image\\\/\"},\"sameAs\":[\"https:\\\/\\\/www.facebook.com\\\/salesian.sisters.of.don.bosco\\\/\",\"https:\\\/\\\/x.com\\\/Cgfmanet_Org\",\"https:\\\/\\\/www.youtube.com\\\/channel\\\/UCmcr8yFQBV7JXeXVxyV9y5Q\"]},{\"@type\":\"Person\",\"@id\":\"https:\\\/\\\/www.cgfmanet.org\\\/es\\\/#\\\/schema\\\/person\\\/ce6473083f53ef0ef882cca23f0c8fb9\",\"name\":\"Redazione\"}]}<\/script>\n<!-- \/ Yoast SEO plugin. -->","yoast_head_json":{"title":"Seminario Europeo ACSSA &#8226; Istituto Figlie di Maria Ausiliatrice","description":"Del 22 al 26 de octubre de 2025, en la Universidad Pontificia Salesiana de Roma, se celebrar\u00e1 el Seminario Europeo de la Asociaci\u00f3n de Cultores de Historia Salesiana (ACSSA).","robots":{"index":"index","follow":"follow","max-snippet":"max-snippet:-1","max-image-preview":"max-image-preview:large","max-video-preview":"max-video-preview:-1"},"canonical":"https:\/\/www.cgfmanet.org\/es\/ifma-es\/seminario-europeo-acssa\/","og_locale":"es_ES","og_type":"article","og_title":"Seminario Europeo ACSSA &#8226; Istituto Figlie di Maria Ausiliatrice","og_description":"Del 22 al 26 de octubre de 2025, en la Universidad Pontificia Salesiana de Roma, se celebrar\u00e1 el Seminario Europeo de la Asociaci\u00f3n de Cultores de Historia Salesiana (ACSSA).","og_url":"https:\/\/www.cgfmanet.org\/es\/ifma-es\/seminario-europeo-acssa\/","og_site_name":"Istituto Figlie di Maria Ausiliatrice","article_publisher":"https:\/\/www.facebook.com\/salesian.sisters.of.don.bosco\/","article_published_time":"2025-10-21T21:03:52+00:00","article_modified_time":"2025-10-26T21:32:12+00:00","og_image":[{"width":1200,"height":800,"url":"https:\/\/www.cgfmanet.org\/wp-content\/uploads\/2025\/10\/Seminario-europeo-ACSSA_2025.jpg","type":"image\/jpeg"}],"author":"Redazione","twitter_card":"summary_large_image","twitter_creator":"@Cgfmanet_Org","twitter_site":"@Cgfmanet_Org","twitter_misc":{"Escrito por":"Redazione","Tiempo de lectura":"3 minutos"},"schema":{"@context":"https:\/\/schema.org","@graph":[{"@type":"Article","@id":"https:\/\/www.cgfmanet.org\/es\/ifma-es\/seminario-europeo-acssa\/#article","isPartOf":{"@id":"https:\/\/www.cgfmanet.org\/es\/ifma-es\/seminario-europeo-acssa\/"},"author":{"name":"Redazione","@id":"https:\/\/www.cgfmanet.org\/es\/#\/schema\/person\/ce6473083f53ef0ef882cca23f0c8fb9"},"headline":"Seminario Europeo ACSSA","datePublished":"2025-10-21T21:03:52+00:00","dateModified":"2025-10-26T21:32:12+00:00","mainEntityOfPage":{"@id":"https:\/\/www.cgfmanet.org\/es\/ifma-es\/seminario-europeo-acssa\/"},"wordCount":375,"commentCount":0,"publisher":{"@id":"https:\/\/www.cgfmanet.org\/es\/#organization"},"image":{"@id":"https:\/\/www.cgfmanet.org\/es\/ifma-es\/seminario-europeo-acssa\/#primaryimage"},"thumbnailUrl":"https:\/\/www.cgfmanet.org\/wp-content\/uploads\/2025\/10\/Seminario-europeo-ACSSA_2025.jpg","keywords":["ACSSA","Europa","Carisma salesiano","Esp\u00edritu misionero","Focus","150\u00b0 Misiones FMA"],"articleSection":["IFMA","Conferencias y Seminarios"],"inLanguage":"es","potentialAction":[{"@type":"CommentAction","name":"Comment","target":["https:\/\/www.cgfmanet.org\/es\/ifma-es\/seminario-europeo-acssa\/#respond"]}]},{"@type":"WebPage","@id":"https:\/\/www.cgfmanet.org\/es\/ifma-es\/seminario-europeo-acssa\/","url":"https:\/\/www.cgfmanet.org\/es\/ifma-es\/seminario-europeo-acssa\/","name":"Seminario Europeo ACSSA &#8226; Istituto Figlie di Maria Ausiliatrice","isPartOf":{"@id":"https:\/\/www.cgfmanet.org\/es\/#website"},"primaryImageOfPage":{"@id":"https:\/\/www.cgfmanet.org\/es\/ifma-es\/seminario-europeo-acssa\/#primaryimage"},"image":{"@id":"https:\/\/www.cgfmanet.org\/es\/ifma-es\/seminario-europeo-acssa\/#primaryimage"},"thumbnailUrl":"https:\/\/www.cgfmanet.org\/wp-content\/uploads\/2025\/10\/Seminario-europeo-ACSSA_2025.jpg","datePublished":"2025-10-21T21:03:52+00:00","dateModified":"2025-10-26T21:32:12+00:00","description":"Del 22 al 26 de octubre de 2025, en la Universidad Pontificia Salesiana de Roma, se celebrar\u00e1 el Seminario Europeo de la Asociaci\u00f3n de Cultores de Historia Salesiana (ACSSA).","breadcrumb":{"@id":"https:\/\/www.cgfmanet.org\/es\/ifma-es\/seminario-europeo-acssa\/#breadcrumb"},"inLanguage":"es","potentialAction":[{"@type":"ReadAction","target":["https:\/\/www.cgfmanet.org\/es\/ifma-es\/seminario-europeo-acssa\/"]}]},{"@type":"ImageObject","inLanguage":"es","@id":"https:\/\/www.cgfmanet.org\/es\/ifma-es\/seminario-europeo-acssa\/#primaryimage","url":"https:\/\/www.cgfmanet.org\/wp-content\/uploads\/2025\/10\/Seminario-europeo-ACSSA_2025.jpg","contentUrl":"https:\/\/www.cgfmanet.org\/wp-content\/uploads\/2025\/10\/Seminario-europeo-ACSSA_2025.jpg","width":1200,"height":800},{"@type":"BreadcrumbList","@id":"https:\/\/www.cgfmanet.org\/es\/ifma-es\/seminario-europeo-acssa\/#breadcrumb","itemListElement":[{"@type":"ListItem","position":1,"name":"Home","item":"https:\/\/www.cgfmanet.org\/es\/"},{"@type":"ListItem","position":2,"name":"Seminario Europeo ACSSA"}]},{"@type":"WebSite","@id":"https:\/\/www.cgfmanet.org\/es\/#website","url":"https:\/\/www.cgfmanet.org\/es\/","name":"Istituto Figlie di Maria Ausiliatrice","description":"Salesiane di Don Bosco","publisher":{"@id":"https:\/\/www.cgfmanet.org\/es\/#organization"},"potentialAction":[{"@type":"SearchAction","target":{"@type":"EntryPoint","urlTemplate":"https:\/\/www.cgfmanet.org\/es\/?s={search_term_string}"},"query-input":{"@type":"PropertyValueSpecification","valueRequired":true,"valueName":"search_term_string"}}],"inLanguage":"es"},{"@type":"Organization","@id":"https:\/\/www.cgfmanet.org\/es\/#organization","name":"Istituto Figlie di Maria Ausiliatrice","url":"https:\/\/www.cgfmanet.org\/es\/","logo":{"@type":"ImageObject","inLanguage":"es","@id":"https:\/\/www.cgfmanet.org\/es\/#\/schema\/logo\/image\/","url":"https:\/\/www.cgfmanet.org\/wp-content\/uploads\/2018\/10\/logo-fma.png","contentUrl":"https:\/\/www.cgfmanet.org\/wp-content\/uploads\/2018\/10\/logo-fma.png","width":214,"height":55,"caption":"Istituto Figlie di Maria Ausiliatrice"},"image":{"@id":"https:\/\/www.cgfmanet.org\/es\/#\/schema\/logo\/image\/"},"sameAs":["https:\/\/www.facebook.com\/salesian.sisters.of.don.bosco\/","https:\/\/x.com\/Cgfmanet_Org","https:\/\/www.youtube.com\/channel\/UCmcr8yFQBV7JXeXVxyV9y5Q"]},{"@type":"Person","@id":"https:\/\/www.cgfmanet.org\/es\/#\/schema\/person\/ce6473083f53ef0ef882cca23f0c8fb9","name":"Redazione"}]}},"_links":{"self":[{"href":"https:\/\/www.cgfmanet.org\/es\/wp-json\/wp\/v2\/posts\/144810","targetHints":{"allow":["GET"]}}],"collection":[{"href":"https:\/\/www.cgfmanet.org\/es\/wp-json\/wp\/v2\/posts"}],"about":[{"href":"https:\/\/www.cgfmanet.org\/es\/wp-json\/wp\/v2\/types\/post"}],"author":[{"embeddable":true,"href":"https:\/\/www.cgfmanet.org\/es\/wp-json\/wp\/v2\/users\/21"}],"replies":[{"embeddable":true,"href":"https:\/\/www.cgfmanet.org\/es\/wp-json\/wp\/v2\/comments?post=144810"}],"version-history":[{"count":3,"href":"https:\/\/www.cgfmanet.org\/es\/wp-json\/wp\/v2\/posts\/144810\/revisions"}],"predecessor-version":[{"id":145213,"href":"https:\/\/www.cgfmanet.org\/es\/wp-json\/wp\/v2\/posts\/144810\/revisions\/145213"}],"wp:featuredmedia":[{"embeddable":true,"href":"https:\/\/www.cgfmanet.org\/es\/wp-json\/wp\/v2\/media\/144805"}],"wp:attachment":[{"href":"https:\/\/www.cgfmanet.org\/es\/wp-json\/wp\/v2\/media?parent=144810"}],"wp:term":[{"taxonomy":"category","embeddable":true,"href":"https:\/\/www.cgfmanet.org\/es\/wp-json\/wp\/v2\/categories?post=144810"},{"taxonomy":"post_tag","embeddable":true,"href":"https:\/\/www.cgfmanet.org\/es\/wp-json\/wp\/v2\/tags?post=144810"}],"curies":[{"name":"wp","href":"https:\/\/api.w.org\/{rel}","templated":true}]}}