{"id":144137,"date":"2025-10-07T18:35:16","date_gmt":"2025-10-07T16:35:16","guid":{"rendered":"https:\/\/www.cgfmanet.org\/infoesfera\/novizie-alle-radici-del-carisma-salesiano\/"},"modified":"2025-10-11T22:51:28","modified_gmt":"2025-10-11T20:51:28","slug":"novicias-en-las-raices-del-carisma-salesiano","status":"publish","type":"post","link":"https:\/\/www.cgfmanet.org\/es\/ifma-es\/novicias-en-las-raices-del-carisma-salesiano\/","title":{"rendered":"Novicias en las ra\u00edces del Carisma Salesiano"},"content":{"rendered":"<p><strong>Castel Gandolfo (Roma<\/strong>). Del 16 al 24 de septiembre, la Comunidad Mar\u00eda Auxiliadora del Noviciado de las Hijas de Mar\u00eda Auxiliadora (FMA) de Castel Gandolfo, Roma, realiz\u00f3 una peregrinaci\u00f3n por los lugares significativos del Carisma Salesiano, entre Liguria y Piamonte. El relato de las novicias:<\/p>\n<p>\u201cFue un viaje de (re)descubrimiento de las ra\u00edces del carisma, del entrelazarse de las historias de nuestros Fundadores y de los primeros Salesianos de Don Bosco e Hijas de Mar\u00eda Auxiliadora. Una vez llegamos a la ciudad de G\u00e9nova en tren, vivimos un sencillo momento introductorio en el Puerto Antiguo, donde recordamos la primera expedici\u00f3n misionera de los Salesianos y la de las FMA.<\/p>\n<p>Para nosotras, que acabamos de representar la obra teatral \u201c<span style=\"color: #0000ff;\"><strong><a style=\"color: #0000ff;\" href=\"https:\/\/www.cgfmanet.org\/es\/ifma-es\/150-misiones-fma\/nacidas-para-volar\/\" target=\"_blank\" rel=\"noopener\">Nate per il volo<\/a><\/strong><\/span>\u201d (Nacidas para volar) sobre la primera expedici\u00f3n de las FMA, fue muy emocionante y significativo poder ver concretamente el lugar desde el que partieron tantos misioneros y misioneras. Luego fuimos acogidas en la Comunidad de los Salesianos de G\u00e9nova Sampierdarena, donde el Director, Don Sergio Pellini, nos acompa\u00f1\u00f3 en la visita al Museo de las Expediciones Misioneras Salesianas, que ser\u00e1 inaugurado en breve.<\/p>\n<p>Por la noche llegamos a Mornese, donde la Comunidad Santa Mar\u00eda Dom\u00e9nica Mazzarello, de la Inspector\u00eda Mar\u00eda Auxiliadora (IPI), nos aloj\u00f3 en el Colegio hasta la ma\u00f1ana del 20 de septiembre. Los tiempos de silencio, los encuentros formativos y la posibilidad de detenernos en los lugares de los or\u00edgenes de nuestro Carisma, nos permitieron profundizar en las Cartas de Madre Mazzarello, captando toda su profundidad y valor. En uno de los d\u00edas profundizamos en la dimensi\u00f3n misionera de nuestro Instituto, a trav\u00e9s del testimonio y el encuentro con la Directora, Sor Blanca S\u00e1nchez, y un taller sobre Sor Mar\u00eda Troncatti.<\/p>\n<p>Nuestro viaje no pod\u00eda sino continuar hacia Nizza Monferrato (AT), donde Sor Piera Cavagli\u00e0, Directora de la Comunidad Nuestra Se\u00f1ora de las Gracias, y Sor Paola Cuccioli, responsable del Archivo Hist\u00f3rico, ampliaron nuestra mirada. Es la casa donde Madre Mazzarello pas\u00f3 los \u00faltimos dos a\u00f1os de su vida y donde escribi\u00f3 la mayor\u00eda de sus cartas. All\u00ed afront\u00f3 muchos desaf\u00edos y sufrimientos, pero su coraz\u00f3n se preocupaba de manera especial a las misioneras, a quienes dirigi\u00f3 m\u00e1s de la mitad de las cartas encontradas hasta hoy.<\/p>\n<p>Dejando Nizza, nos dirigimos al Colle Don Bosco (AT). Durante los cuatro d\u00edas que pasamos all\u00ed, tuvimos la oportunidad de encontrarnos con muchas personas: desde los Salesianos de la comunidad del Colle, que nos esperaron y acogieron calurosamente, hasta los j\u00f3venes de la Inspector\u00eda IPI, que en esos d\u00edas estaban viviendo su Campamento junto a FMA y SDB y con quienes compartimos la vigilia de oraci\u00f3n; desde los Novicios que fueron nuestros compa\u00f1eros de viaje durante dos d\u00edas, hasta los muchos j\u00f3venes de las escuelas del Piamonte que estaban viviendo su retiro de inicio de a\u00f1o en esos d\u00edas.<\/p>\n<p>Fueron muy enriquecedores los d\u00edas compartidos con los Novicios SDB siguiendo los pasos de San Dom\u00e9nico Savio. Con ellos vivimos una experiencia de fraternidad sencilla y aut\u00e9ntica, en el conocimiento mutuo y en el compartir todo lo que en este momento de formaci\u00f3n llevamos en el coraz\u00f3n (alegr\u00edas, expectativas, miedos, &#8230;). Adem\u00e1s, acercarnos a la figura de Dom\u00e9nico Savio, a trav\u00e9s de la gu\u00eda del Maestro de Novicios, Don Enrico Ponte, despert\u00f3 en nosotras el deseo de la santidad, de una totalidad y radicalidad en el camino que estamos haciendo, de adentrarnos cada vez m\u00e1s en el misterio de la Eucarist\u00eda, que fue el verdadero secreto de Dom\u00e9nico.<\/p>\n<p>Los \u00faltimos dos d\u00edas, acompa\u00f1adas por Don Enrico Lupano, fueron una ocasi\u00f3n para profundizar en algunos aspectos de la vida consagrada, a partir de la experiencia que Don Bosco tuvo en sus primeros a\u00f1os en Tur\u00edn en el Convitto Ecclesiastico, bajo la gu\u00eda de Don Cafasso.<\/p>\n<p>Don Enrico nos ayud\u00f3 despu\u00e9s a hacer una s\u00edntesis, comenzando a recoger los frutos y a reconocer los muchos dones que estos d\u00edas nos han ofrecido\u201d.<\/p>\n<p><a href=\"https:\/\/www.cgfmanet.org\/wp-content\/uploads\/2025\/10\/Pellegrinaggio-Novizie-2025_1.jpg\"><img decoding=\"async\" class=\"aligncenter wp-image-144123 lazyload\" data-src=\"https:\/\/www.cgfmanet.org\/wp-content\/uploads\/2025\/10\/Pellegrinaggio-Novizie-2025_1.jpg\" alt=\"\" width=\"1181\" height=\"886\" data-srcset=\"https:\/\/www.cgfmanet.org\/wp-content\/uploads\/2025\/10\/Pellegrinaggio-Novizie-2025_1.jpg 1181w, https:\/\/www.cgfmanet.org\/wp-content\/uploads\/2025\/10\/Pellegrinaggio-Novizie-2025_1-768x576.jpg 768w, https:\/\/www.cgfmanet.org\/wp-content\/uploads\/2025\/10\/Pellegrinaggio-Novizie-2025_1-560x420.jpg 560w, https:\/\/www.cgfmanet.org\/wp-content\/uploads\/2025\/10\/Pellegrinaggio-Novizie-2025_1-80x60.jpg 80w, https:\/\/www.cgfmanet.org\/wp-content\/uploads\/2025\/10\/Pellegrinaggio-Novizie-2025_1-696x522.jpg 696w, https:\/\/www.cgfmanet.org\/wp-content\/uploads\/2025\/10\/Pellegrinaggio-Novizie-2025_1-265x198.jpg 265w\" data-sizes=\"auto\" src=\"data:image\/svg+xml;base64,PHN2ZyB3aWR0aD0iMSIgaGVpZ2h0PSIxIiB4bWxucz0iaHR0cDovL3d3dy53My5vcmcvMjAwMC9zdmciPjwvc3ZnPg==\" style=\"--smush-placeholder-width: 1181px; --smush-placeholder-aspect-ratio: 1181\/886;\" data-original-sizes=\"(max-width: 1181px) 100vw, 1181px\" \/><\/a><\/p>\n","protected":false},"excerpt":{"rendered":"<p>Castel Gandolfo (Roma). Del 16 al 24 de septiembre, la Comunidad Mar\u00eda Auxiliadora del Noviciado de las Hijas de Mar\u00eda Auxiliadora (FMA) de Castel Gandolfo, Roma, realiz\u00f3 una peregrinaci\u00f3n por [&hellip;]<\/p>\n","protected":false},"author":21,"featured_media":144132,"comment_status":"open","ping_status":"closed","sticky":false,"template":"","format":"standard","meta":{"footnotes":""},"categories":[158,175],"tags":[402,1223,1231,1669,1670],"class_list":["post-144137","post","type-post","status-publish","format-standard","has-post-thumbnail","category-ifma-es","category-cultura-vocacional-es","tag-noviciado","tag-ipi-es","tag-iro-es","tag-spiritualita-salesiana-es","tag-carisma-salesiano-es"],"yoast_head":"<!-- This site is optimized with the Yoast SEO plugin v27.4 - https:\/\/yoast.com\/product\/yoast-seo-wordpress\/ -->\n<title>Novicias en las ra\u00edces del Carisma Salesiano &#8226; Istituto Figlie di Maria Ausiliatrice<\/title>\n<meta name=\"description\" content=\"Del 16 al 24 de septiembre, la Comunidad del Noviciado FMA de Castel Gandolfo realiz\u00f3 una peregrinaci\u00f3n a las ra\u00edces del Carisma Salesiano, entre Liguria y Piamonte.\" \/>\n<meta name=\"robots\" content=\"index, follow, max-snippet:-1, max-image-preview:large, max-video-preview:-1\" \/>\n<link rel=\"canonical\" href=\"https:\/\/www.cgfmanet.org\/es\/ifma-es\/novicias-en-las-raices-del-carisma-salesiano\/\" \/>\n<meta property=\"og:locale\" content=\"es_ES\" \/>\n<meta property=\"og:type\" content=\"article\" \/>\n<meta property=\"og:title\" content=\"Novicias en las ra\u00edces del Carisma Salesiano &#8226; Istituto Figlie di Maria Ausiliatrice\" \/>\n<meta property=\"og:description\" content=\"Del 16 al 24 de septiembre, la Comunidad del Noviciado FMA de Castel Gandolfo realiz\u00f3 una peregrinaci\u00f3n a las ra\u00edces del Carisma Salesiano, entre Liguria y Piamonte.\" \/>\n<meta property=\"og:url\" content=\"https:\/\/www.cgfmanet.org\/es\/ifma-es\/novicias-en-las-raices-del-carisma-salesiano\/\" \/>\n<meta property=\"og:site_name\" content=\"Istituto Figlie di Maria Ausiliatrice\" \/>\n<meta property=\"article:publisher\" content=\"https:\/\/www.facebook.com\/salesian.sisters.of.don.bosco\/\" \/>\n<meta property=\"article:published_time\" content=\"2025-10-07T16:35:16+00:00\" \/>\n<meta property=\"article:modified_time\" content=\"2025-10-11T20:51:28+00:00\" \/>\n<meta property=\"og:image\" content=\"https:\/\/www.cgfmanet.org\/wp-content\/uploads\/2025\/10\/Pellegrinaggio-Novizie-2025.jpg\" \/>\n\t<meta property=\"og:image:width\" content=\"1181\" \/>\n\t<meta property=\"og:image:height\" content=\"787\" \/>\n\t<meta property=\"og:image:type\" content=\"image\/jpeg\" \/>\n<meta name=\"author\" content=\"Redazione\" \/>\n<meta name=\"twitter:card\" content=\"summary_large_image\" \/>\n<meta name=\"twitter:creator\" content=\"@Cgfmanet_Org\" \/>\n<meta name=\"twitter:site\" content=\"@Cgfmanet_Org\" \/>\n<meta name=\"twitter:label1\" content=\"Escrito por\" \/>\n\t<meta name=\"twitter:data1\" content=\"Redazione\" \/>\n\t<meta name=\"twitter:label2\" content=\"Tiempo de lectura\" \/>\n\t<meta name=\"twitter:data2\" content=\"4 minutos\" \/>\n<script type=\"application\/ld+json\" class=\"yoast-schema-graph\">{\"@context\":\"https:\\\/\\\/schema.org\",\"@graph\":[{\"@type\":\"Article\",\"@id\":\"https:\\\/\\\/www.cgfmanet.org\\\/es\\\/ifma-es\\\/novicias-en-las-raices-del-carisma-salesiano\\\/#article\",\"isPartOf\":{\"@id\":\"https:\\\/\\\/www.cgfmanet.org\\\/es\\\/ifma-es\\\/novicias-en-las-raices-del-carisma-salesiano\\\/\"},\"author\":{\"name\":\"Redazione\",\"@id\":\"https:\\\/\\\/www.cgfmanet.org\\\/es\\\/#\\\/schema\\\/person\\\/ce6473083f53ef0ef882cca23f0c8fb9\"},\"headline\":\"Novicias en las ra\u00edces del Carisma Salesiano\",\"datePublished\":\"2025-10-07T16:35:16+00:00\",\"dateModified\":\"2025-10-11T20:51:28+00:00\",\"mainEntityOfPage\":{\"@id\":\"https:\\\/\\\/www.cgfmanet.org\\\/es\\\/ifma-es\\\/novicias-en-las-raices-del-carisma-salesiano\\\/\"},\"wordCount\":715,\"commentCount\":1,\"publisher\":{\"@id\":\"https:\\\/\\\/www.cgfmanet.org\\\/es\\\/#organization\"},\"image\":{\"@id\":\"https:\\\/\\\/www.cgfmanet.org\\\/es\\\/ifma-es\\\/novicias-en-las-raices-del-carisma-salesiano\\\/#primaryimage\"},\"thumbnailUrl\":\"https:\\\/\\\/www.cgfmanet.org\\\/wp-content\\\/uploads\\\/2025\\\/10\\\/Pellegrinaggio-Novizie-2025.jpg\",\"keywords\":[\"Noviciado\",\"IPI\",\"IRO\",\"Spiritualit\u00e0 Salesiana\",\"Carisma salesiano\"],\"articleSection\":[\"IFMA\",\"Cultura Vocacional\"],\"inLanguage\":\"es\",\"potentialAction\":[{\"@type\":\"CommentAction\",\"name\":\"Comment\",\"target\":[\"https:\\\/\\\/www.cgfmanet.org\\\/es\\\/ifma-es\\\/novicias-en-las-raices-del-carisma-salesiano\\\/#respond\"]}]},{\"@type\":\"WebPage\",\"@id\":\"https:\\\/\\\/www.cgfmanet.org\\\/es\\\/ifma-es\\\/novicias-en-las-raices-del-carisma-salesiano\\\/\",\"url\":\"https:\\\/\\\/www.cgfmanet.org\\\/es\\\/ifma-es\\\/novicias-en-las-raices-del-carisma-salesiano\\\/\",\"name\":\"Novicias en las ra\u00edces del Carisma Salesiano &#8226; Istituto Figlie di Maria Ausiliatrice\",\"isPartOf\":{\"@id\":\"https:\\\/\\\/www.cgfmanet.org\\\/es\\\/#website\"},\"primaryImageOfPage\":{\"@id\":\"https:\\\/\\\/www.cgfmanet.org\\\/es\\\/ifma-es\\\/novicias-en-las-raices-del-carisma-salesiano\\\/#primaryimage\"},\"image\":{\"@id\":\"https:\\\/\\\/www.cgfmanet.org\\\/es\\\/ifma-es\\\/novicias-en-las-raices-del-carisma-salesiano\\\/#primaryimage\"},\"thumbnailUrl\":\"https:\\\/\\\/www.cgfmanet.org\\\/wp-content\\\/uploads\\\/2025\\\/10\\\/Pellegrinaggio-Novizie-2025.jpg\",\"datePublished\":\"2025-10-07T16:35:16+00:00\",\"dateModified\":\"2025-10-11T20:51:28+00:00\",\"description\":\"Del 16 al 24 de septiembre, la Comunidad del Noviciado FMA de Castel Gandolfo realiz\u00f3 una peregrinaci\u00f3n a las ra\u00edces del Carisma Salesiano, entre Liguria y Piamonte.\",\"breadcrumb\":{\"@id\":\"https:\\\/\\\/www.cgfmanet.org\\\/es\\\/ifma-es\\\/novicias-en-las-raices-del-carisma-salesiano\\\/#breadcrumb\"},\"inLanguage\":\"es\",\"potentialAction\":[{\"@type\":\"ReadAction\",\"target\":[\"https:\\\/\\\/www.cgfmanet.org\\\/es\\\/ifma-es\\\/novicias-en-las-raices-del-carisma-salesiano\\\/\"]}]},{\"@type\":\"ImageObject\",\"inLanguage\":\"es\",\"@id\":\"https:\\\/\\\/www.cgfmanet.org\\\/es\\\/ifma-es\\\/novicias-en-las-raices-del-carisma-salesiano\\\/#primaryimage\",\"url\":\"https:\\\/\\\/www.cgfmanet.org\\\/wp-content\\\/uploads\\\/2025\\\/10\\\/Pellegrinaggio-Novizie-2025.jpg\",\"contentUrl\":\"https:\\\/\\\/www.cgfmanet.org\\\/wp-content\\\/uploads\\\/2025\\\/10\\\/Pellegrinaggio-Novizie-2025.jpg\",\"width\":1181,\"height\":787},{\"@type\":\"BreadcrumbList\",\"@id\":\"https:\\\/\\\/www.cgfmanet.org\\\/es\\\/ifma-es\\\/novicias-en-las-raices-del-carisma-salesiano\\\/#breadcrumb\",\"itemListElement\":[{\"@type\":\"ListItem\",\"position\":1,\"name\":\"Home\",\"item\":\"https:\\\/\\\/www.cgfmanet.org\\\/es\\\/\"},{\"@type\":\"ListItem\",\"position\":2,\"name\":\"Novicias en las ra\u00edces del Carisma Salesiano\"}]},{\"@type\":\"WebSite\",\"@id\":\"https:\\\/\\\/www.cgfmanet.org\\\/es\\\/#website\",\"url\":\"https:\\\/\\\/www.cgfmanet.org\\\/es\\\/\",\"name\":\"Istituto Figlie di Maria Ausiliatrice\",\"description\":\"Salesiane di Don Bosco\",\"publisher\":{\"@id\":\"https:\\\/\\\/www.cgfmanet.org\\\/es\\\/#organization\"},\"potentialAction\":[{\"@type\":\"SearchAction\",\"target\":{\"@type\":\"EntryPoint\",\"urlTemplate\":\"https:\\\/\\\/www.cgfmanet.org\\\/es\\\/?s={search_term_string}\"},\"query-input\":{\"@type\":\"PropertyValueSpecification\",\"valueRequired\":true,\"valueName\":\"search_term_string\"}}],\"inLanguage\":\"es\"},{\"@type\":\"Organization\",\"@id\":\"https:\\\/\\\/www.cgfmanet.org\\\/es\\\/#organization\",\"name\":\"Istituto Figlie di Maria Ausiliatrice\",\"url\":\"https:\\\/\\\/www.cgfmanet.org\\\/es\\\/\",\"logo\":{\"@type\":\"ImageObject\",\"inLanguage\":\"es\",\"@id\":\"https:\\\/\\\/www.cgfmanet.org\\\/es\\\/#\\\/schema\\\/logo\\\/image\\\/\",\"url\":\"https:\\\/\\\/www.cgfmanet.org\\\/wp-content\\\/uploads\\\/2018\\\/10\\\/logo-fma.png\",\"contentUrl\":\"https:\\\/\\\/www.cgfmanet.org\\\/wp-content\\\/uploads\\\/2018\\\/10\\\/logo-fma.png\",\"width\":214,\"height\":55,\"caption\":\"Istituto Figlie di Maria Ausiliatrice\"},\"image\":{\"@id\":\"https:\\\/\\\/www.cgfmanet.org\\\/es\\\/#\\\/schema\\\/logo\\\/image\\\/\"},\"sameAs\":[\"https:\\\/\\\/www.facebook.com\\\/salesian.sisters.of.don.bosco\\\/\",\"https:\\\/\\\/x.com\\\/Cgfmanet_Org\",\"https:\\\/\\\/www.youtube.com\\\/channel\\\/UCmcr8yFQBV7JXeXVxyV9y5Q\"]},{\"@type\":\"Person\",\"@id\":\"https:\\\/\\\/www.cgfmanet.org\\\/es\\\/#\\\/schema\\\/person\\\/ce6473083f53ef0ef882cca23f0c8fb9\",\"name\":\"Redazione\"}]}<\/script>\n<!-- \/ Yoast SEO plugin. -->","yoast_head_json":{"title":"Novicias en las ra\u00edces del Carisma Salesiano &#8226; Istituto Figlie di Maria Ausiliatrice","description":"Del 16 al 24 de septiembre, la Comunidad del Noviciado FMA de Castel Gandolfo realiz\u00f3 una peregrinaci\u00f3n a las ra\u00edces del Carisma Salesiano, entre Liguria y Piamonte.","robots":{"index":"index","follow":"follow","max-snippet":"max-snippet:-1","max-image-preview":"max-image-preview:large","max-video-preview":"max-video-preview:-1"},"canonical":"https:\/\/www.cgfmanet.org\/es\/ifma-es\/novicias-en-las-raices-del-carisma-salesiano\/","og_locale":"es_ES","og_type":"article","og_title":"Novicias en las ra\u00edces del Carisma Salesiano &#8226; Istituto Figlie di Maria Ausiliatrice","og_description":"Del 16 al 24 de septiembre, la Comunidad del Noviciado FMA de Castel Gandolfo realiz\u00f3 una peregrinaci\u00f3n a las ra\u00edces del Carisma Salesiano, entre Liguria y Piamonte.","og_url":"https:\/\/www.cgfmanet.org\/es\/ifma-es\/novicias-en-las-raices-del-carisma-salesiano\/","og_site_name":"Istituto Figlie di Maria Ausiliatrice","article_publisher":"https:\/\/www.facebook.com\/salesian.sisters.of.don.bosco\/","article_published_time":"2025-10-07T16:35:16+00:00","article_modified_time":"2025-10-11T20:51:28+00:00","og_image":[{"width":1181,"height":787,"url":"https:\/\/www.cgfmanet.org\/wp-content\/uploads\/2025\/10\/Pellegrinaggio-Novizie-2025.jpg","type":"image\/jpeg"}],"author":"Redazione","twitter_card":"summary_large_image","twitter_creator":"@Cgfmanet_Org","twitter_site":"@Cgfmanet_Org","twitter_misc":{"Escrito por":"Redazione","Tiempo de lectura":"4 minutos"},"schema":{"@context":"https:\/\/schema.org","@graph":[{"@type":"Article","@id":"https:\/\/www.cgfmanet.org\/es\/ifma-es\/novicias-en-las-raices-del-carisma-salesiano\/#article","isPartOf":{"@id":"https:\/\/www.cgfmanet.org\/es\/ifma-es\/novicias-en-las-raices-del-carisma-salesiano\/"},"author":{"name":"Redazione","@id":"https:\/\/www.cgfmanet.org\/es\/#\/schema\/person\/ce6473083f53ef0ef882cca23f0c8fb9"},"headline":"Novicias en las ra\u00edces del Carisma Salesiano","datePublished":"2025-10-07T16:35:16+00:00","dateModified":"2025-10-11T20:51:28+00:00","mainEntityOfPage":{"@id":"https:\/\/www.cgfmanet.org\/es\/ifma-es\/novicias-en-las-raices-del-carisma-salesiano\/"},"wordCount":715,"commentCount":1,"publisher":{"@id":"https:\/\/www.cgfmanet.org\/es\/#organization"},"image":{"@id":"https:\/\/www.cgfmanet.org\/es\/ifma-es\/novicias-en-las-raices-del-carisma-salesiano\/#primaryimage"},"thumbnailUrl":"https:\/\/www.cgfmanet.org\/wp-content\/uploads\/2025\/10\/Pellegrinaggio-Novizie-2025.jpg","keywords":["Noviciado","IPI","IRO","Spiritualit\u00e0 Salesiana","Carisma salesiano"],"articleSection":["IFMA","Cultura Vocacional"],"inLanguage":"es","potentialAction":[{"@type":"CommentAction","name":"Comment","target":["https:\/\/www.cgfmanet.org\/es\/ifma-es\/novicias-en-las-raices-del-carisma-salesiano\/#respond"]}]},{"@type":"WebPage","@id":"https:\/\/www.cgfmanet.org\/es\/ifma-es\/novicias-en-las-raices-del-carisma-salesiano\/","url":"https:\/\/www.cgfmanet.org\/es\/ifma-es\/novicias-en-las-raices-del-carisma-salesiano\/","name":"Novicias en las ra\u00edces del Carisma Salesiano &#8226; Istituto Figlie di Maria Ausiliatrice","isPartOf":{"@id":"https:\/\/www.cgfmanet.org\/es\/#website"},"primaryImageOfPage":{"@id":"https:\/\/www.cgfmanet.org\/es\/ifma-es\/novicias-en-las-raices-del-carisma-salesiano\/#primaryimage"},"image":{"@id":"https:\/\/www.cgfmanet.org\/es\/ifma-es\/novicias-en-las-raices-del-carisma-salesiano\/#primaryimage"},"thumbnailUrl":"https:\/\/www.cgfmanet.org\/wp-content\/uploads\/2025\/10\/Pellegrinaggio-Novizie-2025.jpg","datePublished":"2025-10-07T16:35:16+00:00","dateModified":"2025-10-11T20:51:28+00:00","description":"Del 16 al 24 de septiembre, la Comunidad del Noviciado FMA de Castel Gandolfo realiz\u00f3 una peregrinaci\u00f3n a las ra\u00edces del Carisma Salesiano, entre Liguria y Piamonte.","breadcrumb":{"@id":"https:\/\/www.cgfmanet.org\/es\/ifma-es\/novicias-en-las-raices-del-carisma-salesiano\/#breadcrumb"},"inLanguage":"es","potentialAction":[{"@type":"ReadAction","target":["https:\/\/www.cgfmanet.org\/es\/ifma-es\/novicias-en-las-raices-del-carisma-salesiano\/"]}]},{"@type":"ImageObject","inLanguage":"es","@id":"https:\/\/www.cgfmanet.org\/es\/ifma-es\/novicias-en-las-raices-del-carisma-salesiano\/#primaryimage","url":"https:\/\/www.cgfmanet.org\/wp-content\/uploads\/2025\/10\/Pellegrinaggio-Novizie-2025.jpg","contentUrl":"https:\/\/www.cgfmanet.org\/wp-content\/uploads\/2025\/10\/Pellegrinaggio-Novizie-2025.jpg","width":1181,"height":787},{"@type":"BreadcrumbList","@id":"https:\/\/www.cgfmanet.org\/es\/ifma-es\/novicias-en-las-raices-del-carisma-salesiano\/#breadcrumb","itemListElement":[{"@type":"ListItem","position":1,"name":"Home","item":"https:\/\/www.cgfmanet.org\/es\/"},{"@type":"ListItem","position":2,"name":"Novicias en las ra\u00edces del Carisma Salesiano"}]},{"@type":"WebSite","@id":"https:\/\/www.cgfmanet.org\/es\/#website","url":"https:\/\/www.cgfmanet.org\/es\/","name":"Istituto Figlie di Maria Ausiliatrice","description":"Salesiane di Don Bosco","publisher":{"@id":"https:\/\/www.cgfmanet.org\/es\/#organization"},"potentialAction":[{"@type":"SearchAction","target":{"@type":"EntryPoint","urlTemplate":"https:\/\/www.cgfmanet.org\/es\/?s={search_term_string}"},"query-input":{"@type":"PropertyValueSpecification","valueRequired":true,"valueName":"search_term_string"}}],"inLanguage":"es"},{"@type":"Organization","@id":"https:\/\/www.cgfmanet.org\/es\/#organization","name":"Istituto Figlie di Maria Ausiliatrice","url":"https:\/\/www.cgfmanet.org\/es\/","logo":{"@type":"ImageObject","inLanguage":"es","@id":"https:\/\/www.cgfmanet.org\/es\/#\/schema\/logo\/image\/","url":"https:\/\/www.cgfmanet.org\/wp-content\/uploads\/2018\/10\/logo-fma.png","contentUrl":"https:\/\/www.cgfmanet.org\/wp-content\/uploads\/2018\/10\/logo-fma.png","width":214,"height":55,"caption":"Istituto Figlie di Maria Ausiliatrice"},"image":{"@id":"https:\/\/www.cgfmanet.org\/es\/#\/schema\/logo\/image\/"},"sameAs":["https:\/\/www.facebook.com\/salesian.sisters.of.don.bosco\/","https:\/\/x.com\/Cgfmanet_Org","https:\/\/www.youtube.com\/channel\/UCmcr8yFQBV7JXeXVxyV9y5Q"]},{"@type":"Person","@id":"https:\/\/www.cgfmanet.org\/es\/#\/schema\/person\/ce6473083f53ef0ef882cca23f0c8fb9","name":"Redazione"}]}},"_links":{"self":[{"href":"https:\/\/www.cgfmanet.org\/es\/wp-json\/wp\/v2\/posts\/144137","targetHints":{"allow":["GET"]}}],"collection":[{"href":"https:\/\/www.cgfmanet.org\/es\/wp-json\/wp\/v2\/posts"}],"about":[{"href":"https:\/\/www.cgfmanet.org\/es\/wp-json\/wp\/v2\/types\/post"}],"author":[{"embeddable":true,"href":"https:\/\/www.cgfmanet.org\/es\/wp-json\/wp\/v2\/users\/21"}],"replies":[{"embeddable":true,"href":"https:\/\/www.cgfmanet.org\/es\/wp-json\/wp\/v2\/comments?post=144137"}],"version-history":[{"count":2,"href":"https:\/\/www.cgfmanet.org\/es\/wp-json\/wp\/v2\/posts\/144137\/revisions"}],"predecessor-version":[{"id":144284,"href":"https:\/\/www.cgfmanet.org\/es\/wp-json\/wp\/v2\/posts\/144137\/revisions\/144284"}],"wp:featuredmedia":[{"embeddable":true,"href":"https:\/\/www.cgfmanet.org\/es\/wp-json\/wp\/v2\/media\/144132"}],"wp:attachment":[{"href":"https:\/\/www.cgfmanet.org\/es\/wp-json\/wp\/v2\/media?parent=144137"}],"wp:term":[{"taxonomy":"category","embeddable":true,"href":"https:\/\/www.cgfmanet.org\/es\/wp-json\/wp\/v2\/categories?post=144137"},{"taxonomy":"post_tag","embeddable":true,"href":"https:\/\/www.cgfmanet.org\/es\/wp-json\/wp\/v2\/tags?post=144137"}],"curies":[{"name":"wp","href":"https:\/\/api.w.org\/{rel}","templated":true}]}}