{"id":143592,"date":"2025-09-29T12:30:18","date_gmt":"2025-09-29T10:30:18","guid":{"rendered":"https:\/\/www.cgfmanet.org\/infoesfera\/incontro-coordinatori-di-comunicazione-cib\/"},"modified":"2025-10-02T22:42:09","modified_gmt":"2025-10-02T20:42:09","slug":"encuentro-de-coordinadores-de-comunicacion-cib","status":"publish","type":"post","link":"https:\/\/www.cgfmanet.org\/es\/infoesfera\/educomunicacion\/encuentro-de-coordinadores-de-comunicacion-cib\/","title":{"rendered":"Encuentro de Coordinadores de Comunicaci\u00f3n CIB"},"content":{"rendered":"<p><strong>Manaus (Brasil). <\/strong>El 22 y 23 de septiembre de 2025, los Coordinadores Inspectoriales de Comunicaci\u00f3n de la Conferencia Interinspectorial de Brasil (CIB) se reunieron en Manaus, en la Casa Mornese de la Inspector\u00eda Nuestra Se\u00f1ora de la Amazon\u00eda (BRM).<\/p>\n<p>Los principales objetivos del encuentro fueron fortalecer las coordinaciones inspectoriales de Comunicaci\u00f3n en su propia misi\u00f3n; compartir las realidades comunicativas de las Inspector\u00edas, promoviendo una formaci\u00f3n compartida; profundizar el conocimiento del Equipo de Comunicaci\u00f3n Social de las Am\u00e9ricas \u2013 ECOSAM (organizaci\u00f3n, evaluaci\u00f3n y planificaci\u00f3n); adem\u00e1s de la coordinaci\u00f3n y el alineamiento de las acciones de Comunicaci\u00f3n en el \u00e1mbito interinspectorial.<\/p>\n<p>Cada Inspector\u00eda particip\u00f3 con su propio representante: Sor Luzinete Freitas, de la Inspector\u00eda Nuestra Se\u00f1ora de la Amazon\u00eda (<strong><span style=\"color: #0000ff;\"><a style=\"color: #0000ff;\" href=\"https:\/\/www.fmabrm.org.br\/\" target=\"_blank\" rel=\"noopener\">BRM<\/a><\/span><\/strong>), anfitriona del evento; C\u00edcero Albuquerque, de la Inspector\u00eda Madre Mazzarello\u00a0(<span style=\"color: #0000ff;\"><strong><a style=\"color: #0000ff;\" href=\"https:\/\/www.portalimm.com.br\/\" target=\"_blank\" rel=\"noopener\">BMM<\/a><\/strong><\/span>), Sor Kelly Gaioso, de la Inspector\u00eda Mar\u00eda Auxiliadora (<strong><span style=\"color: #0000ff;\"><a style=\"color: #0000ff;\" href=\"https:\/\/salesianasne.com.br\/\" target=\"_blank\" rel=\"noopener\">BRE<\/a><\/span><\/strong>), y Sor Maike Loes, de la Inspector\u00eda Nuestra Se\u00f1ora Aparecida \u00a0(<span style=\"color: #0000ff;\"><strong><a style=\"color: #0000ff;\" href=\"https:\/\/www.salesianas.org.br\/\" target=\"_blank\" rel=\"noopener\">BAP<\/a><\/strong><\/span>), coordinadora del equipo interinspectorial.<\/p>\n<p>El grupo fue recibido por Sor Maria Carmelita Concei\u00e7\u00e3o, Inspectora BRM y referente de la Comunicaci\u00f3n, quien particip\u00f3 en el encuentro y comparti\u00f3 su experiencia comunicativa, subrayando la originalidad de Don Bosco y su compromiso con la comunicaci\u00f3n seg\u00fan los lenguajes de su \u00e9poca.<\/p>\n<p>Sor Carmelita tambi\u00e9n comparti\u00f3 la reflexi\u00f3n de la Consejera General de Comunicaci\u00f3n del Instituto de las FMA, Sor Maria Ausilia De Siena, quien afirma: \u201cla comunicaci\u00f3n no es solo informar, sino educar, acompa\u00f1ar y crear lazos. Cuidar de la red no es un compromiso secundario, sino parte esencial de la misi\u00f3n\u201d. Por ello, el objetivo de un equipo de comunicaci\u00f3n \u201cno es tanto &#8216;hacer&#8217;, sino crear un espacio de compartir, de crecimiento com\u00fan y de corresponsabilidad\u201d.<\/p>\n<p>Durante el encuentro, algunos momentos se distinguieron por su relevancia y tambi\u00e9n por la urgencia de reforzar el sentido de pertenencia, especialmente en relaci\u00f3n con los desarrollos que la Comunicaci\u00f3n adquiere en cada Inspector\u00eda de la CIB.<\/p>\n<p>Adem\u00e1s, Sor Maike comparti\u00f3 los detalles del encuentro presencial de<strong><span style=\"color: #0000ff;\">\u00a0<a style=\"color: #0000ff;\" href=\"https:\/\/www.cgfmanet.org\/es\/infoesfera\/encuentro-ecosam-en-san-lorenzo-paraguay\/\" target=\"_blank\" rel=\"noopener\">ECOSAM<\/a><\/span><\/strong>, celebrado en San Lorenzo, Paraguay, en el que se realiz\u00f3 la Evaluaci\u00f3n del trienio 2023-2025 y se planific\u00f3 el trienio 2026-2028, adem\u00e1s del nombramiento de la nueva coordinadora del Equipo.<\/p>\n<p>El grupo tambi\u00e9n revis\u00f3 el III Encuentro Nacional de Comunicaci\u00f3n de la Red Salesiana Brasil (ENAC), privilegiando el tema del Perfil del Comunicador Salesiano. Una de las prioridades de los Coordinadores Inspectoriales es acompa\u00f1ar sistem\u00e1ticamente y promover la formaci\u00f3n continua de los comunicadores locales, para garantizar un trabajo cada vez m\u00e1s profesional y alineado con los valores del Carisma salesiano.<\/p>\n","protected":false},"excerpt":{"rendered":"<p>Manaus (Brasil). El 22 y 23 de septiembre de 2025, los Coordinadores Inspectoriales de Comunicaci\u00f3n de la Conferencia Interinspectorial de Brasil (CIB) se reunieron en Manaus, en la Casa Mornese [&hellip;]<\/p>\n","protected":false},"author":21,"featured_media":143577,"comment_status":"open","ping_status":"closed","sticky":false,"template":"","format":"standard","meta":{"footnotes":""},"categories":[39,206],"tags":[227,765,1027],"class_list":["post-143592","post","type-post","status-publish","format-standard","has-post-thumbnail","category-infoesfera","category-educomunicacion","tag-brasil","tag-consejera-para-la-comunicacion-social","tag-cib-es"],"yoast_head":"<!-- This site is optimized with the Yoast SEO plugin v27.4 - https:\/\/yoast.com\/product\/yoast-seo-wordpress\/ -->\n<title>Encuentro de Coordinadores de Comunicaci\u00f3n CIB &#8226; Istituto Figlie di Maria Ausiliatrice<\/title>\n<meta name=\"description\" content=\"El 22 y 23 de septiembre de 2025, los Coordinadores Inspectoriales de Comunicaci\u00f3n de la Conferencia Interinspectorial de Brasil (CIB) se reunieron en Manaus.\" \/>\n<meta name=\"robots\" content=\"index, follow, max-snippet:-1, max-image-preview:large, max-video-preview:-1\" \/>\n<link rel=\"canonical\" href=\"https:\/\/www.cgfmanet.org\/es\/infoesfera\/educomunicacion\/encuentro-de-coordinadores-de-comunicacion-cib\/\" \/>\n<meta property=\"og:locale\" content=\"es_ES\" \/>\n<meta property=\"og:type\" content=\"article\" \/>\n<meta property=\"og:title\" content=\"Encuentro de Coordinadores de Comunicaci\u00f3n CIB &#8226; Istituto Figlie di Maria Ausiliatrice\" \/>\n<meta property=\"og:description\" content=\"El 22 y 23 de septiembre de 2025, los Coordinadores Inspectoriales de Comunicaci\u00f3n de la Conferencia Interinspectorial de Brasil (CIB) se reunieron en Manaus.\" \/>\n<meta property=\"og:url\" content=\"https:\/\/www.cgfmanet.org\/es\/infoesfera\/educomunicacion\/encuentro-de-coordinadores-de-comunicacion-cib\/\" \/>\n<meta property=\"og:site_name\" content=\"Istituto Figlie di Maria Ausiliatrice\" \/>\n<meta property=\"article:publisher\" content=\"https:\/\/www.facebook.com\/salesian.sisters.of.don.bosco\/\" \/>\n<meta property=\"article:published_time\" content=\"2025-09-29T10:30:18+00:00\" \/>\n<meta property=\"article:modified_time\" content=\"2025-10-02T20:42:09+00:00\" \/>\n<meta property=\"og:image\" content=\"https:\/\/www.cgfmanet.org\/wp-content\/uploads\/2025\/09\/Comunicazione-CIB.jpg\" \/>\n\t<meta property=\"og:image:width\" content=\"1200\" \/>\n\t<meta property=\"og:image:height\" content=\"800\" \/>\n\t<meta property=\"og:image:type\" content=\"image\/jpeg\" \/>\n<meta name=\"author\" content=\"Redazione\" \/>\n<meta name=\"twitter:card\" content=\"summary_large_image\" \/>\n<meta name=\"twitter:creator\" content=\"@Cgfmanet_Org\" \/>\n<meta name=\"twitter:site\" content=\"@Cgfmanet_Org\" \/>\n<meta name=\"twitter:label1\" content=\"Escrito por\" \/>\n\t<meta name=\"twitter:data1\" content=\"Redazione\" \/>\n\t<meta name=\"twitter:label2\" content=\"Tiempo de lectura\" \/>\n\t<meta name=\"twitter:data2\" content=\"3 minutos\" \/>\n<script type=\"application\/ld+json\" class=\"yoast-schema-graph\">{\"@context\":\"https:\\\/\\\/schema.org\",\"@graph\":[{\"@type\":\"Article\",\"@id\":\"https:\\\/\\\/www.cgfmanet.org\\\/es\\\/infoesfera\\\/educomunicacion\\\/encuentro-de-coordinadores-de-comunicacion-cib\\\/#article\",\"isPartOf\":{\"@id\":\"https:\\\/\\\/www.cgfmanet.org\\\/es\\\/infoesfera\\\/educomunicacion\\\/encuentro-de-coordinadores-de-comunicacion-cib\\\/\"},\"author\":{\"name\":\"Redazione\",\"@id\":\"https:\\\/\\\/www.cgfmanet.org\\\/es\\\/#\\\/schema\\\/person\\\/ce6473083f53ef0ef882cca23f0c8fb9\"},\"headline\":\"Encuentro de Coordinadores de Comunicaci\u00f3n CIB\",\"datePublished\":\"2025-09-29T10:30:18+00:00\",\"dateModified\":\"2025-10-02T20:42:09+00:00\",\"mainEntityOfPage\":{\"@id\":\"https:\\\/\\\/www.cgfmanet.org\\\/es\\\/infoesfera\\\/educomunicacion\\\/encuentro-de-coordinadores-de-comunicacion-cib\\\/\"},\"wordCount\":465,\"commentCount\":0,\"publisher\":{\"@id\":\"https:\\\/\\\/www.cgfmanet.org\\\/es\\\/#organization\"},\"image\":{\"@id\":\"https:\\\/\\\/www.cgfmanet.org\\\/es\\\/infoesfera\\\/educomunicacion\\\/encuentro-de-coordinadores-de-comunicacion-cib\\\/#primaryimage\"},\"thumbnailUrl\":\"https:\\\/\\\/www.cgfmanet.org\\\/wp-content\\\/uploads\\\/2025\\\/09\\\/Comunicazione-CIB.jpg\",\"keywords\":[\"Brasil\",\"Consejera para la Comunicaci\u00f3n social\",\"CIB\"],\"articleSection\":[\"Infoesfera\",\"Educomunicaci\u00f3n\"],\"inLanguage\":\"es\",\"potentialAction\":[{\"@type\":\"CommentAction\",\"name\":\"Comment\",\"target\":[\"https:\\\/\\\/www.cgfmanet.org\\\/es\\\/infoesfera\\\/educomunicacion\\\/encuentro-de-coordinadores-de-comunicacion-cib\\\/#respond\"]}]},{\"@type\":\"WebPage\",\"@id\":\"https:\\\/\\\/www.cgfmanet.org\\\/es\\\/infoesfera\\\/educomunicacion\\\/encuentro-de-coordinadores-de-comunicacion-cib\\\/\",\"url\":\"https:\\\/\\\/www.cgfmanet.org\\\/es\\\/infoesfera\\\/educomunicacion\\\/encuentro-de-coordinadores-de-comunicacion-cib\\\/\",\"name\":\"Encuentro de Coordinadores de Comunicaci\u00f3n CIB &#8226; Istituto Figlie di Maria Ausiliatrice\",\"isPartOf\":{\"@id\":\"https:\\\/\\\/www.cgfmanet.org\\\/es\\\/#website\"},\"primaryImageOfPage\":{\"@id\":\"https:\\\/\\\/www.cgfmanet.org\\\/es\\\/infoesfera\\\/educomunicacion\\\/encuentro-de-coordinadores-de-comunicacion-cib\\\/#primaryimage\"},\"image\":{\"@id\":\"https:\\\/\\\/www.cgfmanet.org\\\/es\\\/infoesfera\\\/educomunicacion\\\/encuentro-de-coordinadores-de-comunicacion-cib\\\/#primaryimage\"},\"thumbnailUrl\":\"https:\\\/\\\/www.cgfmanet.org\\\/wp-content\\\/uploads\\\/2025\\\/09\\\/Comunicazione-CIB.jpg\",\"datePublished\":\"2025-09-29T10:30:18+00:00\",\"dateModified\":\"2025-10-02T20:42:09+00:00\",\"description\":\"El 22 y 23 de septiembre de 2025, los Coordinadores Inspectoriales de Comunicaci\u00f3n de la Conferencia Interinspectorial de Brasil (CIB) se reunieron en Manaus.\",\"breadcrumb\":{\"@id\":\"https:\\\/\\\/www.cgfmanet.org\\\/es\\\/infoesfera\\\/educomunicacion\\\/encuentro-de-coordinadores-de-comunicacion-cib\\\/#breadcrumb\"},\"inLanguage\":\"es\",\"potentialAction\":[{\"@type\":\"ReadAction\",\"target\":[\"https:\\\/\\\/www.cgfmanet.org\\\/es\\\/infoesfera\\\/educomunicacion\\\/encuentro-de-coordinadores-de-comunicacion-cib\\\/\"]}]},{\"@type\":\"ImageObject\",\"inLanguage\":\"es\",\"@id\":\"https:\\\/\\\/www.cgfmanet.org\\\/es\\\/infoesfera\\\/educomunicacion\\\/encuentro-de-coordinadores-de-comunicacion-cib\\\/#primaryimage\",\"url\":\"https:\\\/\\\/www.cgfmanet.org\\\/wp-content\\\/uploads\\\/2025\\\/09\\\/Comunicazione-CIB.jpg\",\"contentUrl\":\"https:\\\/\\\/www.cgfmanet.org\\\/wp-content\\\/uploads\\\/2025\\\/09\\\/Comunicazione-CIB.jpg\",\"width\":1200,\"height\":800},{\"@type\":\"BreadcrumbList\",\"@id\":\"https:\\\/\\\/www.cgfmanet.org\\\/es\\\/infoesfera\\\/educomunicacion\\\/encuentro-de-coordinadores-de-comunicacion-cib\\\/#breadcrumb\",\"itemListElement\":[{\"@type\":\"ListItem\",\"position\":1,\"name\":\"Home\",\"item\":\"https:\\\/\\\/www.cgfmanet.org\\\/es\\\/\"},{\"@type\":\"ListItem\",\"position\":2,\"name\":\"Encuentro de Coordinadores de Comunicaci\u00f3n CIB\"}]},{\"@type\":\"WebSite\",\"@id\":\"https:\\\/\\\/www.cgfmanet.org\\\/es\\\/#website\",\"url\":\"https:\\\/\\\/www.cgfmanet.org\\\/es\\\/\",\"name\":\"Istituto Figlie di Maria Ausiliatrice\",\"description\":\"Salesiane di Don Bosco\",\"publisher\":{\"@id\":\"https:\\\/\\\/www.cgfmanet.org\\\/es\\\/#organization\"},\"potentialAction\":[{\"@type\":\"SearchAction\",\"target\":{\"@type\":\"EntryPoint\",\"urlTemplate\":\"https:\\\/\\\/www.cgfmanet.org\\\/es\\\/?s={search_term_string}\"},\"query-input\":{\"@type\":\"PropertyValueSpecification\",\"valueRequired\":true,\"valueName\":\"search_term_string\"}}],\"inLanguage\":\"es\"},{\"@type\":\"Organization\",\"@id\":\"https:\\\/\\\/www.cgfmanet.org\\\/es\\\/#organization\",\"name\":\"Istituto Figlie di Maria Ausiliatrice\",\"url\":\"https:\\\/\\\/www.cgfmanet.org\\\/es\\\/\",\"logo\":{\"@type\":\"ImageObject\",\"inLanguage\":\"es\",\"@id\":\"https:\\\/\\\/www.cgfmanet.org\\\/es\\\/#\\\/schema\\\/logo\\\/image\\\/\",\"url\":\"https:\\\/\\\/www.cgfmanet.org\\\/wp-content\\\/uploads\\\/2018\\\/10\\\/logo-fma.png\",\"contentUrl\":\"https:\\\/\\\/www.cgfmanet.org\\\/wp-content\\\/uploads\\\/2018\\\/10\\\/logo-fma.png\",\"width\":214,\"height\":55,\"caption\":\"Istituto Figlie di Maria Ausiliatrice\"},\"image\":{\"@id\":\"https:\\\/\\\/www.cgfmanet.org\\\/es\\\/#\\\/schema\\\/logo\\\/image\\\/\"},\"sameAs\":[\"https:\\\/\\\/www.facebook.com\\\/salesian.sisters.of.don.bosco\\\/\",\"https:\\\/\\\/x.com\\\/Cgfmanet_Org\",\"https:\\\/\\\/www.youtube.com\\\/channel\\\/UCmcr8yFQBV7JXeXVxyV9y5Q\"]},{\"@type\":\"Person\",\"@id\":\"https:\\\/\\\/www.cgfmanet.org\\\/es\\\/#\\\/schema\\\/person\\\/ce6473083f53ef0ef882cca23f0c8fb9\",\"name\":\"Redazione\"}]}<\/script>\n<!-- \/ Yoast SEO plugin. -->","yoast_head_json":{"title":"Encuentro de Coordinadores de Comunicaci\u00f3n CIB &#8226; Istituto Figlie di Maria Ausiliatrice","description":"El 22 y 23 de septiembre de 2025, los Coordinadores Inspectoriales de Comunicaci\u00f3n de la Conferencia Interinspectorial de Brasil (CIB) se reunieron en Manaus.","robots":{"index":"index","follow":"follow","max-snippet":"max-snippet:-1","max-image-preview":"max-image-preview:large","max-video-preview":"max-video-preview:-1"},"canonical":"https:\/\/www.cgfmanet.org\/es\/infoesfera\/educomunicacion\/encuentro-de-coordinadores-de-comunicacion-cib\/","og_locale":"es_ES","og_type":"article","og_title":"Encuentro de Coordinadores de Comunicaci\u00f3n CIB &#8226; Istituto Figlie di Maria Ausiliatrice","og_description":"El 22 y 23 de septiembre de 2025, los Coordinadores Inspectoriales de Comunicaci\u00f3n de la Conferencia Interinspectorial de Brasil (CIB) se reunieron en Manaus.","og_url":"https:\/\/www.cgfmanet.org\/es\/infoesfera\/educomunicacion\/encuentro-de-coordinadores-de-comunicacion-cib\/","og_site_name":"Istituto Figlie di Maria Ausiliatrice","article_publisher":"https:\/\/www.facebook.com\/salesian.sisters.of.don.bosco\/","article_published_time":"2025-09-29T10:30:18+00:00","article_modified_time":"2025-10-02T20:42:09+00:00","og_image":[{"width":1200,"height":800,"url":"https:\/\/www.cgfmanet.org\/wp-content\/uploads\/2025\/09\/Comunicazione-CIB.jpg","type":"image\/jpeg"}],"author":"Redazione","twitter_card":"summary_large_image","twitter_creator":"@Cgfmanet_Org","twitter_site":"@Cgfmanet_Org","twitter_misc":{"Escrito por":"Redazione","Tiempo de lectura":"3 minutos"},"schema":{"@context":"https:\/\/schema.org","@graph":[{"@type":"Article","@id":"https:\/\/www.cgfmanet.org\/es\/infoesfera\/educomunicacion\/encuentro-de-coordinadores-de-comunicacion-cib\/#article","isPartOf":{"@id":"https:\/\/www.cgfmanet.org\/es\/infoesfera\/educomunicacion\/encuentro-de-coordinadores-de-comunicacion-cib\/"},"author":{"name":"Redazione","@id":"https:\/\/www.cgfmanet.org\/es\/#\/schema\/person\/ce6473083f53ef0ef882cca23f0c8fb9"},"headline":"Encuentro de Coordinadores de Comunicaci\u00f3n CIB","datePublished":"2025-09-29T10:30:18+00:00","dateModified":"2025-10-02T20:42:09+00:00","mainEntityOfPage":{"@id":"https:\/\/www.cgfmanet.org\/es\/infoesfera\/educomunicacion\/encuentro-de-coordinadores-de-comunicacion-cib\/"},"wordCount":465,"commentCount":0,"publisher":{"@id":"https:\/\/www.cgfmanet.org\/es\/#organization"},"image":{"@id":"https:\/\/www.cgfmanet.org\/es\/infoesfera\/educomunicacion\/encuentro-de-coordinadores-de-comunicacion-cib\/#primaryimage"},"thumbnailUrl":"https:\/\/www.cgfmanet.org\/wp-content\/uploads\/2025\/09\/Comunicazione-CIB.jpg","keywords":["Brasil","Consejera para la Comunicaci\u00f3n social","CIB"],"articleSection":["Infoesfera","Educomunicaci\u00f3n"],"inLanguage":"es","potentialAction":[{"@type":"CommentAction","name":"Comment","target":["https:\/\/www.cgfmanet.org\/es\/infoesfera\/educomunicacion\/encuentro-de-coordinadores-de-comunicacion-cib\/#respond"]}]},{"@type":"WebPage","@id":"https:\/\/www.cgfmanet.org\/es\/infoesfera\/educomunicacion\/encuentro-de-coordinadores-de-comunicacion-cib\/","url":"https:\/\/www.cgfmanet.org\/es\/infoesfera\/educomunicacion\/encuentro-de-coordinadores-de-comunicacion-cib\/","name":"Encuentro de Coordinadores de Comunicaci\u00f3n CIB &#8226; Istituto Figlie di Maria Ausiliatrice","isPartOf":{"@id":"https:\/\/www.cgfmanet.org\/es\/#website"},"primaryImageOfPage":{"@id":"https:\/\/www.cgfmanet.org\/es\/infoesfera\/educomunicacion\/encuentro-de-coordinadores-de-comunicacion-cib\/#primaryimage"},"image":{"@id":"https:\/\/www.cgfmanet.org\/es\/infoesfera\/educomunicacion\/encuentro-de-coordinadores-de-comunicacion-cib\/#primaryimage"},"thumbnailUrl":"https:\/\/www.cgfmanet.org\/wp-content\/uploads\/2025\/09\/Comunicazione-CIB.jpg","datePublished":"2025-09-29T10:30:18+00:00","dateModified":"2025-10-02T20:42:09+00:00","description":"El 22 y 23 de septiembre de 2025, los Coordinadores Inspectoriales de Comunicaci\u00f3n de la Conferencia Interinspectorial de Brasil (CIB) se reunieron en Manaus.","breadcrumb":{"@id":"https:\/\/www.cgfmanet.org\/es\/infoesfera\/educomunicacion\/encuentro-de-coordinadores-de-comunicacion-cib\/#breadcrumb"},"inLanguage":"es","potentialAction":[{"@type":"ReadAction","target":["https:\/\/www.cgfmanet.org\/es\/infoesfera\/educomunicacion\/encuentro-de-coordinadores-de-comunicacion-cib\/"]}]},{"@type":"ImageObject","inLanguage":"es","@id":"https:\/\/www.cgfmanet.org\/es\/infoesfera\/educomunicacion\/encuentro-de-coordinadores-de-comunicacion-cib\/#primaryimage","url":"https:\/\/www.cgfmanet.org\/wp-content\/uploads\/2025\/09\/Comunicazione-CIB.jpg","contentUrl":"https:\/\/www.cgfmanet.org\/wp-content\/uploads\/2025\/09\/Comunicazione-CIB.jpg","width":1200,"height":800},{"@type":"BreadcrumbList","@id":"https:\/\/www.cgfmanet.org\/es\/infoesfera\/educomunicacion\/encuentro-de-coordinadores-de-comunicacion-cib\/#breadcrumb","itemListElement":[{"@type":"ListItem","position":1,"name":"Home","item":"https:\/\/www.cgfmanet.org\/es\/"},{"@type":"ListItem","position":2,"name":"Encuentro de Coordinadores de Comunicaci\u00f3n CIB"}]},{"@type":"WebSite","@id":"https:\/\/www.cgfmanet.org\/es\/#website","url":"https:\/\/www.cgfmanet.org\/es\/","name":"Istituto Figlie di Maria Ausiliatrice","description":"Salesiane di Don Bosco","publisher":{"@id":"https:\/\/www.cgfmanet.org\/es\/#organization"},"potentialAction":[{"@type":"SearchAction","target":{"@type":"EntryPoint","urlTemplate":"https:\/\/www.cgfmanet.org\/es\/?s={search_term_string}"},"query-input":{"@type":"PropertyValueSpecification","valueRequired":true,"valueName":"search_term_string"}}],"inLanguage":"es"},{"@type":"Organization","@id":"https:\/\/www.cgfmanet.org\/es\/#organization","name":"Istituto Figlie di Maria Ausiliatrice","url":"https:\/\/www.cgfmanet.org\/es\/","logo":{"@type":"ImageObject","inLanguage":"es","@id":"https:\/\/www.cgfmanet.org\/es\/#\/schema\/logo\/image\/","url":"https:\/\/www.cgfmanet.org\/wp-content\/uploads\/2018\/10\/logo-fma.png","contentUrl":"https:\/\/www.cgfmanet.org\/wp-content\/uploads\/2018\/10\/logo-fma.png","width":214,"height":55,"caption":"Istituto Figlie di Maria Ausiliatrice"},"image":{"@id":"https:\/\/www.cgfmanet.org\/es\/#\/schema\/logo\/image\/"},"sameAs":["https:\/\/www.facebook.com\/salesian.sisters.of.don.bosco\/","https:\/\/x.com\/Cgfmanet_Org","https:\/\/www.youtube.com\/channel\/UCmcr8yFQBV7JXeXVxyV9y5Q"]},{"@type":"Person","@id":"https:\/\/www.cgfmanet.org\/es\/#\/schema\/person\/ce6473083f53ef0ef882cca23f0c8fb9","name":"Redazione"}]}},"_links":{"self":[{"href":"https:\/\/www.cgfmanet.org\/es\/wp-json\/wp\/v2\/posts\/143592","targetHints":{"allow":["GET"]}}],"collection":[{"href":"https:\/\/www.cgfmanet.org\/es\/wp-json\/wp\/v2\/posts"}],"about":[{"href":"https:\/\/www.cgfmanet.org\/es\/wp-json\/wp\/v2\/types\/post"}],"author":[{"embeddable":true,"href":"https:\/\/www.cgfmanet.org\/es\/wp-json\/wp\/v2\/users\/21"}],"replies":[{"embeddable":true,"href":"https:\/\/www.cgfmanet.org\/es\/wp-json\/wp\/v2\/comments?post=143592"}],"version-history":[{"count":3,"href":"https:\/\/www.cgfmanet.org\/es\/wp-json\/wp\/v2\/posts\/143592\/revisions"}],"predecessor-version":[{"id":143824,"href":"https:\/\/www.cgfmanet.org\/es\/wp-json\/wp\/v2\/posts\/143592\/revisions\/143824"}],"wp:featuredmedia":[{"embeddable":true,"href":"https:\/\/www.cgfmanet.org\/es\/wp-json\/wp\/v2\/media\/143577"}],"wp:attachment":[{"href":"https:\/\/www.cgfmanet.org\/es\/wp-json\/wp\/v2\/media?parent=143592"}],"wp:term":[{"taxonomy":"category","embeddable":true,"href":"https:\/\/www.cgfmanet.org\/es\/wp-json\/wp\/v2\/categories?post=143592"},{"taxonomy":"post_tag","embeddable":true,"href":"https:\/\/www.cgfmanet.org\/es\/wp-json\/wp\/v2\/tags?post=143592"}],"curies":[{"name":"wp","href":"https:\/\/api.w.org\/{rel}","templated":true}]}}