{"id":143283,"date":"2025-09-25T12:26:18","date_gmt":"2025-09-25T10:26:18","guid":{"rendered":"https:\/\/www.cgfmanet.org\/infoesfera\/aggiornamento-dei-documenti-a-che-punto-siamo\/"},"modified":"2025-09-27T22:13:07","modified_gmt":"2025-09-27T20:13:07","slug":"actualizacion-de-los-documentos-en-que-punto-estamos","status":"publish","type":"post","link":"https:\/\/www.cgfmanet.org\/es\/ifma-es\/capitulo-general\/actualizacion-de-los-documentos-en-que-punto-estamos\/","title":{"rendered":"Actualizaci\u00f3n de los Documentos: \u00bfen qu\u00e9 punto estamos?"},"content":{"rendered":"<p><strong>Roma (Italia).<\/strong> En el curso de las <strong>Evaluaciones Trienales<\/strong> realizadas por las diversas Conferencias Interinspectoriales del mundo, terminadas en el mes de agosto de 2025, la Madre Chiara Cazzuola y las Consejeras generales, a trav\u00e9s de un video, han presentado el proceso y el estado de la actualizaci\u00f3n de los documentos del Instituto de las Hijas de Mar\u00eda Auxiliadora \u2013 <strong>\u201cProyecto Formativo\u201d<\/strong> y <strong>\u201cL\u00edneas orientativas de la Misi\u00f3n Educativa\u201d (LOME)<\/strong> \u2013 y han involucrado a los participantes en un trabajo de reflexi\u00f3n y de sugerencias para tener en cuenta en la redacci\u00f3n de los documentos.<\/p>\n<p>Respondiendo a algunas preguntas, sor Enrica Ottone y sor Martha S\u00e9\u00efde, Docentes de la Pontificia Facultad de Ciencias de la Educaci\u00f3n \u201cAuxilium\u201d, ilustran los pasos de este proceso, nacido del mandato del <strong>Cap\u00edtulo General XXIV<\/strong> y puesto en marcha en agosto de 2022, cuyos primeros responsables son los \u00c1mbitos para la Pastoral Juvenil y el \u00c1mbito para la Formaci\u00f3n, con la participaci\u00f3n del \u00c1mbito para la Comunicaci\u00f3n y de las colaboradoras de los \u00c1mbitos, interpeladas en diversas fases.<\/p>\n<div class=\"youtube-embed\" data-video_id=\"9y_-TavT_EQ\"><iframe title=\"Processo di aggiornamento del Progetto Formativo e delle Linee della Missione educativa\" width=\"696\" height=\"392\" data-src=\"https:\/\/www.youtube.com\/embed\/9y_-TavT_EQ?feature=oembed&#038;enablejsapi=1\" frameborder=\"0\" allow=\"accelerometer; autoplay; clipboard-write; encrypted-media; gyroscope; picture-in-picture; web-share\" referrerpolicy=\"strict-origin-when-cross-origin\" allowfullscreen src=\"data:image\/svg+xml;base64,PHN2ZyB3aWR0aD0iMSIgaGVpZ2h0PSIxIiB4bWxucz0iaHR0cDovL3d3dy53My5vcmcvMjAwMC9zdmciPjwvc3ZnPg==\" class=\"lazyload\" data-load-mode=\"1\"><\/iframe><\/div>\n<p><strong>Las premisas<\/strong><\/p>\n<p>El grupo de trabajo, junto con el Consejo General, se pregunt\u00f3 ante todo cu\u00e1l era el <strong>resultado final<\/strong> que se quier\u00eda alcanzar con este camino y ha identificado, como primera caracter\u00edstica, que fuera una experiencia <strong>participativa y transformadora<\/strong> y que llevara lo m\u00e1s posible a una implicaci\u00f3n de todo el Instituto, tanto de las FMA y de las personas en formaci\u00f3n, como de los laicos y de los j\u00f3venes.<\/p>\n<p><strong>El motivo de los <em>Focus Group<\/em><\/strong><\/p>\n<p>Dada la positiva experiencia de la metodolog\u00eda de los <em>Focus group<\/em>, utilizada en ocasi\u00f3n del 150\u00ba aniversario del Instituto, se decidi\u00f3 adoptarla tambi\u00e9n en esta. Para la elecci\u00f3n de las personas, el grupo ha seguido las indicaciones del Consejo General y ha interpelado a las Conferencias, activando m\u00e1s tarde la formaci\u00f3n para facilitadores\/facilitadoras. En total han participado <strong>682 personas<\/strong>, de las cuales <strong>140 laicas\/laicos<\/strong>, se han realizado <strong>85 <em>Focus group<\/em><\/strong> y se han recogido <strong>2.394 respuestas<\/strong> y <strong>390.292 palabras<\/strong>. Estos datos dan una idea de todo el trabajo puesto en marcha para involucrar a un grupo significativo y tener as\u00ed una muestra representativa del mundo entero.<\/p>\n<p><strong>Los resultados de los <em>Focus Group<\/em><\/strong><\/p>\n<p>Las respuestas a las preguntas de los <em>Focus group<\/em> han sido recogidas en torno a <strong>dos grandes n\u00facleos<\/strong> y analizadas con un <em>software<\/em> de an\u00e1lisis cualitativo por FMA con un dominio de las diversas lenguas. Un primer n\u00facleo ha consistido en ir a individualizar qu\u00e9 dec\u00edan los entrevistados y las entrevistadas respecto a la <strong>estructura, el lenguaje, los contenidos, la forma del documento<\/strong>. Otros aspectos se refer\u00edan a los n\u00facleos principales de los documentos individualizados dentro del camino, como por ejemplo la necesidad de una <strong>formaci\u00f3n conjunta<\/strong> entre FMA y laicas\/laicos sobre varios aspectos de la misi\u00f3n educativa, pero tambi\u00e9n de la formaci\u00f3n. Tambi\u00e9n se ha recogido la experiencia compartida por los entrevistados. De este trabajo ha surgido un informe de unas quince p\u00e1ginas para cada documento.<\/p>\n<p><strong>Relectura y an\u00e1lisis de los documentos precedentes<\/strong><\/p>\n<p>Despu\u00e9s de la fase de los <em>Focus group<\/em>, en el verano de 2024 se ha pasado a la <strong>relectura y an\u00e1lisis de los dos documentos<\/strong>. El Consejo General ha individualizado a unas veinte hermanas de los diversos continentes y contextos del mundo para poder recoger \u2013 a partir de los resultados de la fase precedente \u2013 <strong>elementos irrenunciables, elementos obsoletos, elementos de novedad para integrar, elementos comunes a los dos documentos y lenguaje a utilizar<\/strong>. Los elementos esenciales han sido recogidos en un informe que ser\u00e1 revisado por el Consejo General, con el cual el grupo de trabajo ha mantenido un continuo intercambio, enriquecido, en algunos momentos, por el de las colaboradoras de los \u00c1mbitos.<\/p>\n<p><strong>Despu\u00e9s del trabajo de an\u00e1lisis<\/strong><\/p>\n<p>Dos subgrupos han tomado en consideraci\u00f3n los dos informes con la restituci\u00f3n de los resultados de los <em>Focus group<\/em> y el an\u00e1lisis m\u00e1s profundo hecho por algunas hermanas sobre los dos documentos precedentes, para individualizar los <strong>n\u00facleos comunes<\/strong> que emergen del trabajo global. De los <em>Focus group<\/em> y del compartir emergen algunos criterios para la revisi\u00f3n: se desean <strong>dos documentos \u00e1giles<\/strong> que, adem\u00e1s de un cuadro perspectivo, indiquen unas l\u00edneas gu\u00eda; un formato claro, eficaz, comprensible, con atenci\u00f3n, ya en la construcci\u00f3n del texto, a las traducciones; un proceso de transmisi\u00f3n eficaz, para tener una <strong>repercusi\u00f3n transformadora<\/strong>, respecto a los contenidos que ser\u00e1n actualizados.<\/p>\n<p><strong>El paso siguiente<\/strong><\/p>\n<p>La Madre y el Consejo tomaron la decisi\u00f3n de comunicar este proceso durante las Evaluaciones, de modo que las Conferencias interinspectoriales fueran informadas, y pudieran a su vez comunicarlo a sus Inspector\u00edas, involucrando a todo el Instituto al menos en la comprensi\u00f3n del <strong>estado de hecho del proceso<\/strong>. En las Evaluaciones trienales, adem\u00e1s del relato de los diversos pasos, se dio a los participantes la posibilidad de proponer sugerencias adicionales para integrar.<\/p>\n<p><strong>Las tem\u00e1ticas que han surgido<\/strong><\/p>\n<p>A lo largo del proceso han surgido algunas tem\u00e1ticas centrales \u2013 que se ha considerado oportuno profundizar juntos para tener una <strong>\u201c<em>mens communis<\/em>\u201d<\/strong> (mente com\u00fan) y entrar de modo unitario en este proceso educativo y formativo \u2013 como por ejemplo la <strong>educaci\u00f3n de los adultos<\/strong> o c\u00f3mo formar al <strong>hombre nuevo de las Bienaventuranzas<\/strong> y formar a los y las j\u00f3venes en esta l\u00ednea. En el curso de las Evaluaciones Trienales, los participantes ya han reflexionado sobre la posibilidad de considerar las Bienaventuranzas como <strong>\u201chilo conductor\u201d<\/strong> de los dos documentos y sobre c\u00f3mo vivirlas al estilo salesiano.<\/p>\n<p>Mientras tanto, entre febrero y mayo de 2025, se ha llevado adelante una reflexi\u00f3n sobre <strong>temas transversales<\/strong> a los dos documentos, cuya s\u00edntesis ha sido compartida con el Consejo General. El 11 de julio de 2025 el grupo de trabajo present\u00f3 al Consejo General el borrador del esquema de cada documento.<\/p>\n<p><strong>Las expectativas<\/strong><\/p>\n<p>El deseo es que, a trav\u00e9s de la informaci\u00f3n que se continuar\u00e1 compartiendo, el proceso pueda tener una <strong>real repercusi\u00f3n en todo el Instituto<\/strong> y el camino tenga realmente un <strong>impacto transformador<\/strong> desde el punto de vista vocacional y de la misi\u00f3n.<\/p>\n<p><span style=\"color: #ff0000;\"><strong>Noticias anteriores:<\/strong><\/span><\/p>\n<p><strong><span style=\"color: #0000ff;\"><a style=\"color: #0000ff;\" href=\"https:\/\/www.cgfmanet.org\/es\/ifma-es\/por-un-proceso-carismatico-misionero-renovado-y-sinodal\/\" target=\"_blank\" rel=\"noopener\">Para un proceso carism\u00e1tico-misionero renovado y sinodal<\/a><\/span><\/strong><\/p>\n<p><strong><span style=\"color: #0000ff;\"><a style=\"color: #0000ff;\" href=\"https:\/\/www.cgfmanet.org\/es\/ifma-es\/continuar-con-el-proceso-de-actualizacion-de-documentos\/\" target=\"_blank\" rel=\"noopener\">Contin\u00faa el proceso de actualizaci\u00f3n de los documentos<\/a><\/span><\/strong><\/p>\n<p><strong><span style=\"color: #0000ff;\"><a style=\"color: #0000ff;\" href=\"https:\/\/www.cgfmanet.org\/es\/ifma-es\/encuentro-interambitos-sobre-la-actualizacion-de-los-documentos\/\" target=\"_blank\" rel=\"noopener\">Encuentro Inter \u00e1mbitos sobre la actualizaci\u00f3n de los documentos<\/a><\/span><\/strong><\/p>\n","protected":false},"excerpt":{"rendered":"<p>Roma (Italia). En el curso de las Evaluaciones Trienales realizadas por las diversas Conferencias Interinspectoriales del mundo, terminadas en el mes de agosto de 2025, la Madre Chiara Cazzuola y [&hellip;]<\/p>\n","protected":false},"author":21,"featured_media":143278,"comment_status":"open","ping_status":"closed","sticky":false,"template":"","format":"standard","meta":{"footnotes":""},"categories":[163,158],"tags":[1458,1538,1670,1738,1897,1931,2168,2223,2283,2379],"class_list":["post-143283","post","type-post","status-publish","format-standard","has-post-thumbnail","category-capitulo-general","category-ifma-es","tag-sinodalidad","tag-pastoral-juvenil","tag-carisma-salesiano-es","tag-verifica-trienal","tag-interambiti-es","tag-focus-es","tag-formazione-es","tag-consigliere-generali-es","tag-ifma-es","tag-madre-chiara-cazzuola-es"],"yoast_head":"<!-- This site is optimized with the Yoast SEO plugin v27.4 - https:\/\/yoast.com\/product\/yoast-seo-wordpress\/ -->\n<title>Actualizaci\u00f3n de los Documentos: \u00bfen qu\u00e9 punto estamos? &#8226; Istituto Figlie di Maria Ausiliatrice<\/title>\n<meta name=\"description\" content=\"En el curso de las Evaluaciones Trienales de las diversas Conferencias, la Madre y las Consejeras Generales han presentado, a trav\u00e9s de un video, el proceso y el estado de la actualizaci\u00f3n de los documentos del Instituto FMA.\" \/>\n<meta name=\"robots\" content=\"index, follow, max-snippet:-1, max-image-preview:large, max-video-preview:-1\" \/>\n<link rel=\"canonical\" href=\"https:\/\/www.cgfmanet.org\/es\/ifma-es\/capitulo-general\/actualizacion-de-los-documentos-en-que-punto-estamos\/\" \/>\n<meta property=\"og:locale\" content=\"es_ES\" \/>\n<meta property=\"og:type\" content=\"article\" \/>\n<meta property=\"og:title\" content=\"Actualizaci\u00f3n de los Documentos: \u00bfen qu\u00e9 punto estamos? &#8226; Istituto Figlie di Maria Ausiliatrice\" \/>\n<meta property=\"og:description\" content=\"En el curso de las Evaluaciones Trienales de las diversas Conferencias, la Madre y las Consejeras Generales han presentado, a trav\u00e9s de un video, el proceso y el estado de la actualizaci\u00f3n de los documentos del Instituto FMA.\" \/>\n<meta property=\"og:url\" content=\"https:\/\/www.cgfmanet.org\/es\/ifma-es\/capitulo-general\/actualizacion-de-los-documentos-en-que-punto-estamos\/\" \/>\n<meta property=\"og:site_name\" content=\"Istituto Figlie di Maria Ausiliatrice\" \/>\n<meta property=\"article:publisher\" content=\"https:\/\/www.facebook.com\/salesian.sisters.of.don.bosco\/\" \/>\n<meta property=\"article:published_time\" content=\"2025-09-25T10:26:18+00:00\" \/>\n<meta property=\"article:modified_time\" content=\"2025-09-27T20:13:07+00:00\" \/>\n<meta property=\"og:image\" content=\"https:\/\/www.cgfmanet.org\/wp-content\/uploads\/2025\/09\/Aggiornamento-documenti-Istituto.jpg\" \/>\n\t<meta property=\"og:image:width\" content=\"1200\" \/>\n\t<meta property=\"og:image:height\" content=\"800\" \/>\n\t<meta property=\"og:image:type\" content=\"image\/jpeg\" \/>\n<meta name=\"author\" content=\"Redazione\" \/>\n<meta name=\"twitter:card\" content=\"summary_large_image\" \/>\n<meta name=\"twitter:creator\" content=\"@Cgfmanet_Org\" \/>\n<meta name=\"twitter:site\" content=\"@Cgfmanet_Org\" \/>\n<meta name=\"twitter:label1\" content=\"Escrito por\" \/>\n\t<meta name=\"twitter:data1\" content=\"Redazione\" \/>\n\t<meta name=\"twitter:label2\" content=\"Tiempo de lectura\" \/>\n\t<meta name=\"twitter:data2\" content=\"6 minutos\" \/>\n<script type=\"application\/ld+json\" class=\"yoast-schema-graph\">{\"@context\":\"https:\\\/\\\/schema.org\",\"@graph\":[{\"@type\":\"Article\",\"@id\":\"https:\\\/\\\/www.cgfmanet.org\\\/es\\\/ifma-es\\\/capitulo-general\\\/actualizacion-de-los-documentos-en-que-punto-estamos\\\/#article\",\"isPartOf\":{\"@id\":\"https:\\\/\\\/www.cgfmanet.org\\\/es\\\/ifma-es\\\/capitulo-general\\\/actualizacion-de-los-documentos-en-que-punto-estamos\\\/\"},\"author\":{\"name\":\"Redazione\",\"@id\":\"https:\\\/\\\/www.cgfmanet.org\\\/es\\\/#\\\/schema\\\/person\\\/ce6473083f53ef0ef882cca23f0c8fb9\"},\"headline\":\"Actualizaci\u00f3n de los Documentos: \u00bfen qu\u00e9 punto estamos?\",\"datePublished\":\"2025-09-25T10:26:18+00:00\",\"dateModified\":\"2025-09-27T20:13:07+00:00\",\"mainEntityOfPage\":{\"@id\":\"https:\\\/\\\/www.cgfmanet.org\\\/es\\\/ifma-es\\\/capitulo-general\\\/actualizacion-de-los-documentos-en-que-punto-estamos\\\/\"},\"wordCount\":1100,\"commentCount\":1,\"publisher\":{\"@id\":\"https:\\\/\\\/www.cgfmanet.org\\\/es\\\/#organization\"},\"image\":{\"@id\":\"https:\\\/\\\/www.cgfmanet.org\\\/es\\\/ifma-es\\\/capitulo-general\\\/actualizacion-de-los-documentos-en-que-punto-estamos\\\/#primaryimage\"},\"thumbnailUrl\":\"https:\\\/\\\/www.cgfmanet.org\\\/wp-content\\\/uploads\\\/2025\\\/09\\\/Aggiornamento-documenti-Istituto.jpg\",\"keywords\":[\"Sinodalidad\",\"Pastoral Juvenil\",\"Carisma salesiano\",\"Verifica Trienal\",\"interambiti\",\"Focus\",\"Formazione\",\"Consigliere Generali\",\"IFMA\",\"Madre Chiara Cazzuola\"],\"articleSection\":[\"Cap\u00edtulo General\",\"IFMA\"],\"inLanguage\":\"es\",\"potentialAction\":[{\"@type\":\"CommentAction\",\"name\":\"Comment\",\"target\":[\"https:\\\/\\\/www.cgfmanet.org\\\/es\\\/ifma-es\\\/capitulo-general\\\/actualizacion-de-los-documentos-en-que-punto-estamos\\\/#respond\"]}]},{\"@type\":\"WebPage\",\"@id\":\"https:\\\/\\\/www.cgfmanet.org\\\/es\\\/ifma-es\\\/capitulo-general\\\/actualizacion-de-los-documentos-en-que-punto-estamos\\\/\",\"url\":\"https:\\\/\\\/www.cgfmanet.org\\\/es\\\/ifma-es\\\/capitulo-general\\\/actualizacion-de-los-documentos-en-que-punto-estamos\\\/\",\"name\":\"Actualizaci\u00f3n de los Documentos: \u00bfen qu\u00e9 punto estamos? &#8226; Istituto Figlie di Maria Ausiliatrice\",\"isPartOf\":{\"@id\":\"https:\\\/\\\/www.cgfmanet.org\\\/es\\\/#website\"},\"primaryImageOfPage\":{\"@id\":\"https:\\\/\\\/www.cgfmanet.org\\\/es\\\/ifma-es\\\/capitulo-general\\\/actualizacion-de-los-documentos-en-que-punto-estamos\\\/#primaryimage\"},\"image\":{\"@id\":\"https:\\\/\\\/www.cgfmanet.org\\\/es\\\/ifma-es\\\/capitulo-general\\\/actualizacion-de-los-documentos-en-que-punto-estamos\\\/#primaryimage\"},\"thumbnailUrl\":\"https:\\\/\\\/www.cgfmanet.org\\\/wp-content\\\/uploads\\\/2025\\\/09\\\/Aggiornamento-documenti-Istituto.jpg\",\"datePublished\":\"2025-09-25T10:26:18+00:00\",\"dateModified\":\"2025-09-27T20:13:07+00:00\",\"description\":\"En el curso de las Evaluaciones Trienales de las diversas Conferencias, la Madre y las Consejeras Generales han presentado, a trav\u00e9s de un video, el proceso y el estado de la actualizaci\u00f3n de los documentos del Instituto FMA.\",\"breadcrumb\":{\"@id\":\"https:\\\/\\\/www.cgfmanet.org\\\/es\\\/ifma-es\\\/capitulo-general\\\/actualizacion-de-los-documentos-en-que-punto-estamos\\\/#breadcrumb\"},\"inLanguage\":\"es\",\"potentialAction\":[{\"@type\":\"ReadAction\",\"target\":[\"https:\\\/\\\/www.cgfmanet.org\\\/es\\\/ifma-es\\\/capitulo-general\\\/actualizacion-de-los-documentos-en-que-punto-estamos\\\/\"]}]},{\"@type\":\"ImageObject\",\"inLanguage\":\"es\",\"@id\":\"https:\\\/\\\/www.cgfmanet.org\\\/es\\\/ifma-es\\\/capitulo-general\\\/actualizacion-de-los-documentos-en-que-punto-estamos\\\/#primaryimage\",\"url\":\"https:\\\/\\\/www.cgfmanet.org\\\/wp-content\\\/uploads\\\/2025\\\/09\\\/Aggiornamento-documenti-Istituto.jpg\",\"contentUrl\":\"https:\\\/\\\/www.cgfmanet.org\\\/wp-content\\\/uploads\\\/2025\\\/09\\\/Aggiornamento-documenti-Istituto.jpg\",\"width\":1200,\"height\":800},{\"@type\":\"BreadcrumbList\",\"@id\":\"https:\\\/\\\/www.cgfmanet.org\\\/es\\\/ifma-es\\\/capitulo-general\\\/actualizacion-de-los-documentos-en-que-punto-estamos\\\/#breadcrumb\",\"itemListElement\":[{\"@type\":\"ListItem\",\"position\":1,\"name\":\"Home\",\"item\":\"https:\\\/\\\/www.cgfmanet.org\\\/es\\\/\"},{\"@type\":\"ListItem\",\"position\":2,\"name\":\"Actualizaci\u00f3n de los Documentos: \u00bfen qu\u00e9 punto estamos?\"}]},{\"@type\":\"WebSite\",\"@id\":\"https:\\\/\\\/www.cgfmanet.org\\\/es\\\/#website\",\"url\":\"https:\\\/\\\/www.cgfmanet.org\\\/es\\\/\",\"name\":\"Istituto Figlie di Maria Ausiliatrice\",\"description\":\"Salesiane di Don Bosco\",\"publisher\":{\"@id\":\"https:\\\/\\\/www.cgfmanet.org\\\/es\\\/#organization\"},\"potentialAction\":[{\"@type\":\"SearchAction\",\"target\":{\"@type\":\"EntryPoint\",\"urlTemplate\":\"https:\\\/\\\/www.cgfmanet.org\\\/es\\\/?s={search_term_string}\"},\"query-input\":{\"@type\":\"PropertyValueSpecification\",\"valueRequired\":true,\"valueName\":\"search_term_string\"}}],\"inLanguage\":\"es\"},{\"@type\":\"Organization\",\"@id\":\"https:\\\/\\\/www.cgfmanet.org\\\/es\\\/#organization\",\"name\":\"Istituto Figlie di Maria Ausiliatrice\",\"url\":\"https:\\\/\\\/www.cgfmanet.org\\\/es\\\/\",\"logo\":{\"@type\":\"ImageObject\",\"inLanguage\":\"es\",\"@id\":\"https:\\\/\\\/www.cgfmanet.org\\\/es\\\/#\\\/schema\\\/logo\\\/image\\\/\",\"url\":\"https:\\\/\\\/www.cgfmanet.org\\\/wp-content\\\/uploads\\\/2018\\\/10\\\/logo-fma.png\",\"contentUrl\":\"https:\\\/\\\/www.cgfmanet.org\\\/wp-content\\\/uploads\\\/2018\\\/10\\\/logo-fma.png\",\"width\":214,\"height\":55,\"caption\":\"Istituto Figlie di Maria Ausiliatrice\"},\"image\":{\"@id\":\"https:\\\/\\\/www.cgfmanet.org\\\/es\\\/#\\\/schema\\\/logo\\\/image\\\/\"},\"sameAs\":[\"https:\\\/\\\/www.facebook.com\\\/salesian.sisters.of.don.bosco\\\/\",\"https:\\\/\\\/x.com\\\/Cgfmanet_Org\",\"https:\\\/\\\/www.youtube.com\\\/channel\\\/UCmcr8yFQBV7JXeXVxyV9y5Q\"]},{\"@type\":\"Person\",\"@id\":\"https:\\\/\\\/www.cgfmanet.org\\\/es\\\/#\\\/schema\\\/person\\\/ce6473083f53ef0ef882cca23f0c8fb9\",\"name\":\"Redazione\"}]}<\/script>\n<!-- \/ Yoast SEO plugin. -->","yoast_head_json":{"title":"Actualizaci\u00f3n de los Documentos: \u00bfen qu\u00e9 punto estamos? &#8226; Istituto Figlie di Maria Ausiliatrice","description":"En el curso de las Evaluaciones Trienales de las diversas Conferencias, la Madre y las Consejeras Generales han presentado, a trav\u00e9s de un video, el proceso y el estado de la actualizaci\u00f3n de los documentos del Instituto FMA.","robots":{"index":"index","follow":"follow","max-snippet":"max-snippet:-1","max-image-preview":"max-image-preview:large","max-video-preview":"max-video-preview:-1"},"canonical":"https:\/\/www.cgfmanet.org\/es\/ifma-es\/capitulo-general\/actualizacion-de-los-documentos-en-que-punto-estamos\/","og_locale":"es_ES","og_type":"article","og_title":"Actualizaci\u00f3n de los Documentos: \u00bfen qu\u00e9 punto estamos? &#8226; Istituto Figlie di Maria Ausiliatrice","og_description":"En el curso de las Evaluaciones Trienales de las diversas Conferencias, la Madre y las Consejeras Generales han presentado, a trav\u00e9s de un video, el proceso y el estado de la actualizaci\u00f3n de los documentos del Instituto FMA.","og_url":"https:\/\/www.cgfmanet.org\/es\/ifma-es\/capitulo-general\/actualizacion-de-los-documentos-en-que-punto-estamos\/","og_site_name":"Istituto Figlie di Maria Ausiliatrice","article_publisher":"https:\/\/www.facebook.com\/salesian.sisters.of.don.bosco\/","article_published_time":"2025-09-25T10:26:18+00:00","article_modified_time":"2025-09-27T20:13:07+00:00","og_image":[{"width":1200,"height":800,"url":"https:\/\/www.cgfmanet.org\/wp-content\/uploads\/2025\/09\/Aggiornamento-documenti-Istituto.jpg","type":"image\/jpeg"}],"author":"Redazione","twitter_card":"summary_large_image","twitter_creator":"@Cgfmanet_Org","twitter_site":"@Cgfmanet_Org","twitter_misc":{"Escrito por":"Redazione","Tiempo de lectura":"6 minutos"},"schema":{"@context":"https:\/\/schema.org","@graph":[{"@type":"Article","@id":"https:\/\/www.cgfmanet.org\/es\/ifma-es\/capitulo-general\/actualizacion-de-los-documentos-en-que-punto-estamos\/#article","isPartOf":{"@id":"https:\/\/www.cgfmanet.org\/es\/ifma-es\/capitulo-general\/actualizacion-de-los-documentos-en-que-punto-estamos\/"},"author":{"name":"Redazione","@id":"https:\/\/www.cgfmanet.org\/es\/#\/schema\/person\/ce6473083f53ef0ef882cca23f0c8fb9"},"headline":"Actualizaci\u00f3n de los Documentos: \u00bfen qu\u00e9 punto estamos?","datePublished":"2025-09-25T10:26:18+00:00","dateModified":"2025-09-27T20:13:07+00:00","mainEntityOfPage":{"@id":"https:\/\/www.cgfmanet.org\/es\/ifma-es\/capitulo-general\/actualizacion-de-los-documentos-en-que-punto-estamos\/"},"wordCount":1100,"commentCount":1,"publisher":{"@id":"https:\/\/www.cgfmanet.org\/es\/#organization"},"image":{"@id":"https:\/\/www.cgfmanet.org\/es\/ifma-es\/capitulo-general\/actualizacion-de-los-documentos-en-que-punto-estamos\/#primaryimage"},"thumbnailUrl":"https:\/\/www.cgfmanet.org\/wp-content\/uploads\/2025\/09\/Aggiornamento-documenti-Istituto.jpg","keywords":["Sinodalidad","Pastoral Juvenil","Carisma salesiano","Verifica Trienal","interambiti","Focus","Formazione","Consigliere Generali","IFMA","Madre Chiara Cazzuola"],"articleSection":["Cap\u00edtulo General","IFMA"],"inLanguage":"es","potentialAction":[{"@type":"CommentAction","name":"Comment","target":["https:\/\/www.cgfmanet.org\/es\/ifma-es\/capitulo-general\/actualizacion-de-los-documentos-en-que-punto-estamos\/#respond"]}]},{"@type":"WebPage","@id":"https:\/\/www.cgfmanet.org\/es\/ifma-es\/capitulo-general\/actualizacion-de-los-documentos-en-que-punto-estamos\/","url":"https:\/\/www.cgfmanet.org\/es\/ifma-es\/capitulo-general\/actualizacion-de-los-documentos-en-que-punto-estamos\/","name":"Actualizaci\u00f3n de los Documentos: \u00bfen qu\u00e9 punto estamos? &#8226; Istituto Figlie di Maria Ausiliatrice","isPartOf":{"@id":"https:\/\/www.cgfmanet.org\/es\/#website"},"primaryImageOfPage":{"@id":"https:\/\/www.cgfmanet.org\/es\/ifma-es\/capitulo-general\/actualizacion-de-los-documentos-en-que-punto-estamos\/#primaryimage"},"image":{"@id":"https:\/\/www.cgfmanet.org\/es\/ifma-es\/capitulo-general\/actualizacion-de-los-documentos-en-que-punto-estamos\/#primaryimage"},"thumbnailUrl":"https:\/\/www.cgfmanet.org\/wp-content\/uploads\/2025\/09\/Aggiornamento-documenti-Istituto.jpg","datePublished":"2025-09-25T10:26:18+00:00","dateModified":"2025-09-27T20:13:07+00:00","description":"En el curso de las Evaluaciones Trienales de las diversas Conferencias, la Madre y las Consejeras Generales han presentado, a trav\u00e9s de un video, el proceso y el estado de la actualizaci\u00f3n de los documentos del Instituto FMA.","breadcrumb":{"@id":"https:\/\/www.cgfmanet.org\/es\/ifma-es\/capitulo-general\/actualizacion-de-los-documentos-en-que-punto-estamos\/#breadcrumb"},"inLanguage":"es","potentialAction":[{"@type":"ReadAction","target":["https:\/\/www.cgfmanet.org\/es\/ifma-es\/capitulo-general\/actualizacion-de-los-documentos-en-que-punto-estamos\/"]}]},{"@type":"ImageObject","inLanguage":"es","@id":"https:\/\/www.cgfmanet.org\/es\/ifma-es\/capitulo-general\/actualizacion-de-los-documentos-en-que-punto-estamos\/#primaryimage","url":"https:\/\/www.cgfmanet.org\/wp-content\/uploads\/2025\/09\/Aggiornamento-documenti-Istituto.jpg","contentUrl":"https:\/\/www.cgfmanet.org\/wp-content\/uploads\/2025\/09\/Aggiornamento-documenti-Istituto.jpg","width":1200,"height":800},{"@type":"BreadcrumbList","@id":"https:\/\/www.cgfmanet.org\/es\/ifma-es\/capitulo-general\/actualizacion-de-los-documentos-en-que-punto-estamos\/#breadcrumb","itemListElement":[{"@type":"ListItem","position":1,"name":"Home","item":"https:\/\/www.cgfmanet.org\/es\/"},{"@type":"ListItem","position":2,"name":"Actualizaci\u00f3n de los Documentos: \u00bfen qu\u00e9 punto estamos?"}]},{"@type":"WebSite","@id":"https:\/\/www.cgfmanet.org\/es\/#website","url":"https:\/\/www.cgfmanet.org\/es\/","name":"Istituto Figlie di Maria Ausiliatrice","description":"Salesiane di Don Bosco","publisher":{"@id":"https:\/\/www.cgfmanet.org\/es\/#organization"},"potentialAction":[{"@type":"SearchAction","target":{"@type":"EntryPoint","urlTemplate":"https:\/\/www.cgfmanet.org\/es\/?s={search_term_string}"},"query-input":{"@type":"PropertyValueSpecification","valueRequired":true,"valueName":"search_term_string"}}],"inLanguage":"es"},{"@type":"Organization","@id":"https:\/\/www.cgfmanet.org\/es\/#organization","name":"Istituto Figlie di Maria Ausiliatrice","url":"https:\/\/www.cgfmanet.org\/es\/","logo":{"@type":"ImageObject","inLanguage":"es","@id":"https:\/\/www.cgfmanet.org\/es\/#\/schema\/logo\/image\/","url":"https:\/\/www.cgfmanet.org\/wp-content\/uploads\/2018\/10\/logo-fma.png","contentUrl":"https:\/\/www.cgfmanet.org\/wp-content\/uploads\/2018\/10\/logo-fma.png","width":214,"height":55,"caption":"Istituto Figlie di Maria Ausiliatrice"},"image":{"@id":"https:\/\/www.cgfmanet.org\/es\/#\/schema\/logo\/image\/"},"sameAs":["https:\/\/www.facebook.com\/salesian.sisters.of.don.bosco\/","https:\/\/x.com\/Cgfmanet_Org","https:\/\/www.youtube.com\/channel\/UCmcr8yFQBV7JXeXVxyV9y5Q"]},{"@type":"Person","@id":"https:\/\/www.cgfmanet.org\/es\/#\/schema\/person\/ce6473083f53ef0ef882cca23f0c8fb9","name":"Redazione"}]}},"_links":{"self":[{"href":"https:\/\/www.cgfmanet.org\/es\/wp-json\/wp\/v2\/posts\/143283","targetHints":{"allow":["GET"]}}],"collection":[{"href":"https:\/\/www.cgfmanet.org\/es\/wp-json\/wp\/v2\/posts"}],"about":[{"href":"https:\/\/www.cgfmanet.org\/es\/wp-json\/wp\/v2\/types\/post"}],"author":[{"embeddable":true,"href":"https:\/\/www.cgfmanet.org\/es\/wp-json\/wp\/v2\/users\/21"}],"replies":[{"embeddable":true,"href":"https:\/\/www.cgfmanet.org\/es\/wp-json\/wp\/v2\/comments?post=143283"}],"version-history":[{"count":3,"href":"https:\/\/www.cgfmanet.org\/es\/wp-json\/wp\/v2\/posts\/143283\/revisions"}],"predecessor-version":[{"id":143488,"href":"https:\/\/www.cgfmanet.org\/es\/wp-json\/wp\/v2\/posts\/143283\/revisions\/143488"}],"wp:featuredmedia":[{"embeddable":true,"href":"https:\/\/www.cgfmanet.org\/es\/wp-json\/wp\/v2\/media\/143278"}],"wp:attachment":[{"href":"https:\/\/www.cgfmanet.org\/es\/wp-json\/wp\/v2\/media?parent=143283"}],"wp:term":[{"taxonomy":"category","embeddable":true,"href":"https:\/\/www.cgfmanet.org\/es\/wp-json\/wp\/v2\/categories?post=143283"},{"taxonomy":"post_tag","embeddable":true,"href":"https:\/\/www.cgfmanet.org\/es\/wp-json\/wp\/v2\/tags?post=143283"}],"curies":[{"name":"wp","href":"https:\/\/api.w.org\/{rel}","templated":true}]}}