{"id":143179,"date":"2025-09-25T14:47:04","date_gmt":"2025-09-25T12:47:04","guid":{"rendered":"https:\/\/www.cgfmanet.org\/infoesfera\/suor-maria-troncatti-santa-della-chiesa-universale\/"},"modified":"2025-09-25T22:28:28","modified_gmt":"2025-09-25T20:28:28","slug":"sor-maria-troncatti-santa-de-la-iglesia-universal","status":"publish","type":"post","link":"https:\/\/www.cgfmanet.org\/es\/ifma-es\/sor-maria-troncatti-santa-de-la-iglesia-universal\/","title":{"rendered":"Sor Mar\u00eda Troncatti: Santa de la Iglesia Universal"},"content":{"rendered":"<p><strong>Roma (Italia).<\/strong> En el marco del itinerario con vistas a la Canonizaci\u00f3n de Sor Mar\u00eda Troncatti (1883-1969), elaborado por la Comisi\u00f3n hist\u00f3rico-espiritual-lit\u00fargica para conocer mejor la figura de la Beata, el 8\u00ba video, propuesto el 25 de cada mes en recuerdo de su nacimiento al cielo, el 25 de septiembre de 2025, presenta la entrevista a <strong>Mons. N\u00e9stor Vidal Montesdeoca Becerra<\/strong>, Salesiano de Don Bosco, Vicario Apost\u00f3lico de M\u00e9ndez, en Ecuador, que pone de relieve el aspecto <strong>universal de la Santidad de Sor Mar\u00eda<\/strong>.<\/p>\n<p>Habiendo vivido de cerca las \u00faltimas fases del proceso de beatificaci\u00f3n y canonizaci\u00f3n de Sor Mar\u00eda Troncatti, Mons. Montesdeoca reconoce c\u00f3mo desde 2012, a\u00f1o de la Beatificaci\u00f3n, hasta 2025, a\u00f1o de la Canonizaci\u00f3n, la Iglesia \u201cha recorrido un largo camino para conocer, apreciar y valorar esta figura, y para reconocer c\u00f3mo aquella mujer humilde y sencilla ha sido una <strong>estrella de santidad<\/strong>, un poco oculta, pero que ahora comienza a brillar con mayor fulgor\u201d.<\/p>\n<div class=\"youtube-embed\" data-video_id=\"B5jmee5wc_w\"><iframe title=\"Sr Maria Troncatti - Santa della Chiesa universale. Intervista a Mons.N\u00e9stor Montesdeoca Becerra SDB\" width=\"696\" height=\"392\" data-src=\"https:\/\/www.youtube.com\/embed\/B5jmee5wc_w?list=PLukchW4FMtfYjg3qr98TfhGoHN5j4AZIX\" frameborder=\"0\" allow=\"accelerometer; autoplay; clipboard-write; encrypted-media; gyroscope; picture-in-picture; web-share\" referrerpolicy=\"strict-origin-when-cross-origin\" allowfullscreen src=\"data:image\/svg+xml;base64,PHN2ZyB3aWR0aD0iMSIgaGVpZ2h0PSIxIiB4bWxucz0iaHR0cDovL3d3dy53My5vcmcvMjAwMC9zdmciPjwvc3ZnPg==\" class=\"lazyload\" data-load-mode=\"1\"><\/iframe><\/div>\n<p>Para \u00e9l, de hecho, es verdaderamente admirable c\u00f3mo \u201cuna de las tantas misioneras\u201d que vinieron a servir al Evangelio en estas tierras marginales y poco conocidas del pa\u00eds, en el centro-sur de la Amazon\u00eda, una mujer humilde y sencilla, se haya transformado poco a poco en una <strong>fuente de santidad<\/strong> y haya sido reconocida como \u201cuna verdadera santa\u201d por la gente:<\/p>\n<p>\u201cEsta santidad se manifestaba no porque pasara todo el d\u00eda rezando, sino porque supo <strong>armonizar en su vida y en su trabajo la oraci\u00f3n, la Eucarist\u00eda, la devoci\u00f3n a la Sant\u00edsima Virgen Mar\u00eda<\/strong> con el trabajo pastoral, misionero, catequ\u00e9tico de anuncio del Evangelio, pero tambi\u00e9n con el trabajo educativo para formar a los ni\u00f1os y ni\u00f1as a ser buenos cristianos y honestos ciudadanos, sobre todo aquellos de la zona de misi\u00f3n, especialmente los ind\u00edgenas Shuar, tanto en Macas, como sucesivamente en Sevilla Don Bosco y luego en Suc\u00faa\u201d.<\/p>\n<p>El Vicario Apost\u00f3lico narra despu\u00e9s los diversos pasos del proceso que han transformado a Sor Mar\u00eda en <strong>patrimonio universal de la Iglesia<\/strong>, a lo largo del recorrido de la Causa de Beatificaci\u00f3n iniciada con Mons. Teodoro Arroyo Roveli. El mismo Mons. Montesdeoca eligi\u00f3, a petici\u00f3n del Santo Padre, el <strong>Papa Benedicto XVI<\/strong>, que la celebraci\u00f3n de la Beatificaci\u00f3n se llevase a cabo en Macas, el 24 de noviembre de 2012, y que fuese presidida por el Cardenal \u00c1ngelo Amato, SDB, entonces Prefecto de las Causas de los Santos.<\/p>\n<p>Desde aquel momento ha podido constatar c\u00f3mo la Beata se ha convertido en patrimonio de toda la Iglesia: \u201cVer c\u00f3mo una peque\u00f1a semilla se ha transformado en un <strong>\u00e1rbol enorme<\/strong>, un \u00e1rbol gigantesco de santidad lleno de frutos para la gloria de Dios y la alegr\u00eda de toda la Iglesia, no solo del vicariato de M\u00e9ndez, no solo de la Iglesia ecuatoriana, latinoamericana, sino de <strong>toda la Iglesia<\/strong>\u201d.<\/p>\n<p>En la \u00faltima parte de la entrevista, se evidencia la <strong>actualidad de la apasionada acci\u00f3n misionera de Sor Mar\u00eda<\/strong>, promotora de los derechos humanos \u201cen una \u00e9poca en la que no se hablaba mucho\u201d, promotora de las mujeres, dentro de una cultura machista, tanto de la colonizadora como de la Shuar, pero sobre todo \u201c<strong>promotora y profetisa de la integraci\u00f3n social pac\u00edfica de los pueblos<\/strong>\u201d:<\/p>\n<p>\u201cEs importante, adem\u00e1s de todo su recorrido como enfermera, misionera, educadora, el haber dado la vida, el haber ofrecido la vida para que hubiese la <strong>paz social<\/strong>, para que no hubiese enfrentamientos, no hubiese masacres, porque todos eran sus hijos espirituales, porque todos eran hijos de Dios\u201d.<\/p>\n<p>Por \u00faltimo, el Obispo subraya el rasgo de la <strong>maternidad espiritual<\/strong>, que \u00e9l considera como una exigencia fundamental para el d\u00eda de hoy: \u201cEra, en otras palabras, una <strong>madre<\/strong> tanto a nivel material como espiritual y este signo materno es lo que debe ser la tarea, por ejemplo, de una misionera hoy: no solo dedicarse a las tareas espec\u00edficas que se le asignan, sino sobre todo buscar esta maternidad espiritual<em>\u201d.<\/em><\/p>\n<p><span style=\"color: #0000ff;\"><a style=\"color: #0000ff;\" href=\"https:\/\/drive.google.com\/drive\/folders\/1CFPQdctnHZYF86jaPBtbbqs7XRG91WbQ?usp=drive_link\" target=\"_blank\" rel=\"noopener\"><strong>Ficha 8<\/strong><\/a><\/span><\/p>\n<p><span style=\"color: #0000ff;\"><a style=\"color: #0000ff;\" href=\"https:\/\/www.youtube.com\/playlist?list=PLukchW4FMtfYjg3qr98TfhGoHN5j4AZIX\" target=\"_blank\" rel=\"noopener\"><strong>Videos anteriores<\/strong><\/a><\/span><\/p>\n","protected":false},"excerpt":{"rendered":"<p>Roma (Italia). En el marco del itinerario con vistas a la Canonizaci\u00f3n de Sor Mar\u00eda Troncatti (1883-1969), elaborado por la Comisi\u00f3n hist\u00f3rico-espiritual-lit\u00fargica para conocer mejor la figura de la Beata, [&hellip;]<\/p>\n","protected":false},"author":21,"featured_media":143174,"comment_status":"open","ping_status":"closed","sticky":false,"template":"","format":"standard","meta":{"footnotes":""},"categories":[2470,158],"tags":[1451,1640,1914,1931,2464],"class_list":["post-143179","post","type-post","status-publish","format-standard","has-post-thumbnail","category-150-misiones-fma","category-ifma-es","tag-santidad-salesiana","tag-maria-troncatti-es","tag-chiesa-es","tag-focus-es","tag-150-misiones-fma"],"yoast_head":"<!-- This site is optimized with the Yoast SEO plugin v27.4 - https:\/\/yoast.com\/product\/yoast-seo-wordpress\/ -->\n<title>Sor Mar\u00eda Troncatti: Santa de la Iglesia Universal &#8226; Istituto Figlie di Maria Ausiliatrice<\/title>\n<meta name=\"description\" content=\"En la 8\u00aa etapa del itinerario de preparaci\u00f3n para la Canonizaci\u00f3n, el 25 de septiembre de 2025, se resalta el aspecto universal de la Santidad de Sor Mar\u00eda Troncatti.\" \/>\n<meta name=\"robots\" content=\"index, follow, max-snippet:-1, max-image-preview:large, max-video-preview:-1\" \/>\n<link rel=\"canonical\" href=\"https:\/\/www.cgfmanet.org\/es\/ifma-es\/sor-maria-troncatti-santa-de-la-iglesia-universal\/\" \/>\n<meta property=\"og:locale\" content=\"es_ES\" \/>\n<meta property=\"og:type\" content=\"article\" \/>\n<meta property=\"og:title\" content=\"Sor Mar\u00eda Troncatti: Santa de la Iglesia Universal &#8226; Istituto Figlie di Maria Ausiliatrice\" \/>\n<meta property=\"og:description\" content=\"En la 8\u00aa etapa del itinerario de preparaci\u00f3n para la Canonizaci\u00f3n, el 25 de septiembre de 2025, se resalta el aspecto universal de la Santidad de Sor Mar\u00eda Troncatti.\" \/>\n<meta property=\"og:url\" content=\"https:\/\/www.cgfmanet.org\/es\/ifma-es\/sor-maria-troncatti-santa-de-la-iglesia-universal\/\" \/>\n<meta property=\"og:site_name\" content=\"Istituto Figlie di Maria Ausiliatrice\" \/>\n<meta property=\"article:publisher\" content=\"https:\/\/www.facebook.com\/salesian.sisters.of.don.bosco\/\" \/>\n<meta property=\"article:published_time\" content=\"2025-09-25T12:47:04+00:00\" \/>\n<meta property=\"article:modified_time\" content=\"2025-09-25T20:28:28+00:00\" \/>\n<meta property=\"og:image\" content=\"https:\/\/www.cgfmanet.org\/wp-content\/uploads\/2025\/09\/Video-sr-Maria-Troncatti_8.jpg\" \/>\n\t<meta property=\"og:image:width\" content=\"1200\" \/>\n\t<meta property=\"og:image:height\" content=\"800\" \/>\n\t<meta property=\"og:image:type\" content=\"image\/jpeg\" \/>\n<meta name=\"author\" content=\"Redazione\" \/>\n<meta name=\"twitter:card\" content=\"summary_large_image\" \/>\n<meta name=\"twitter:creator\" content=\"@Cgfmanet_Org\" \/>\n<meta name=\"twitter:site\" content=\"@Cgfmanet_Org\" \/>\n<meta name=\"twitter:label1\" content=\"Escrito por\" \/>\n\t<meta name=\"twitter:data1\" content=\"Redazione\" \/>\n\t<meta name=\"twitter:label2\" content=\"Tiempo de lectura\" \/>\n\t<meta name=\"twitter:data2\" content=\"4 minutos\" \/>\n<script type=\"application\/ld+json\" class=\"yoast-schema-graph\">{\"@context\":\"https:\\\/\\\/schema.org\",\"@graph\":[{\"@type\":\"Article\",\"@id\":\"https:\\\/\\\/www.cgfmanet.org\\\/es\\\/ifma-es\\\/sor-maria-troncatti-santa-de-la-iglesia-universal\\\/#article\",\"isPartOf\":{\"@id\":\"https:\\\/\\\/www.cgfmanet.org\\\/es\\\/ifma-es\\\/sor-maria-troncatti-santa-de-la-iglesia-universal\\\/\"},\"author\":{\"name\":\"Redazione\",\"@id\":\"https:\\\/\\\/www.cgfmanet.org\\\/es\\\/#\\\/schema\\\/person\\\/ce6473083f53ef0ef882cca23f0c8fb9\"},\"headline\":\"Sor Mar\u00eda Troncatti: Santa de la Iglesia Universal\",\"datePublished\":\"2025-09-25T12:47:04+00:00\",\"dateModified\":\"2025-09-25T20:28:28+00:00\",\"mainEntityOfPage\":{\"@id\":\"https:\\\/\\\/www.cgfmanet.org\\\/es\\\/ifma-es\\\/sor-maria-troncatti-santa-de-la-iglesia-universal\\\/\"},\"wordCount\":722,\"commentCount\":0,\"publisher\":{\"@id\":\"https:\\\/\\\/www.cgfmanet.org\\\/es\\\/#organization\"},\"image\":{\"@id\":\"https:\\\/\\\/www.cgfmanet.org\\\/es\\\/ifma-es\\\/sor-maria-troncatti-santa-de-la-iglesia-universal\\\/#primaryimage\"},\"thumbnailUrl\":\"https:\\\/\\\/www.cgfmanet.org\\\/wp-content\\\/uploads\\\/2025\\\/09\\\/Video-sr-Maria-Troncatti_8.jpg\",\"keywords\":[\"Santidad Salesiana\",\"Maria Troncatti\",\"Chiesa\",\"Focus\",\"150\u00b0 Misiones FMA\"],\"articleSection\":[\"150\u00b0 Misiones FMA\",\"IFMA\"],\"inLanguage\":\"es\",\"potentialAction\":[{\"@type\":\"CommentAction\",\"name\":\"Comment\",\"target\":[\"https:\\\/\\\/www.cgfmanet.org\\\/es\\\/ifma-es\\\/sor-maria-troncatti-santa-de-la-iglesia-universal\\\/#respond\"]}]},{\"@type\":\"WebPage\",\"@id\":\"https:\\\/\\\/www.cgfmanet.org\\\/es\\\/ifma-es\\\/sor-maria-troncatti-santa-de-la-iglesia-universal\\\/\",\"url\":\"https:\\\/\\\/www.cgfmanet.org\\\/es\\\/ifma-es\\\/sor-maria-troncatti-santa-de-la-iglesia-universal\\\/\",\"name\":\"Sor Mar\u00eda Troncatti: Santa de la Iglesia Universal &#8226; Istituto Figlie di Maria Ausiliatrice\",\"isPartOf\":{\"@id\":\"https:\\\/\\\/www.cgfmanet.org\\\/es\\\/#website\"},\"primaryImageOfPage\":{\"@id\":\"https:\\\/\\\/www.cgfmanet.org\\\/es\\\/ifma-es\\\/sor-maria-troncatti-santa-de-la-iglesia-universal\\\/#primaryimage\"},\"image\":{\"@id\":\"https:\\\/\\\/www.cgfmanet.org\\\/es\\\/ifma-es\\\/sor-maria-troncatti-santa-de-la-iglesia-universal\\\/#primaryimage\"},\"thumbnailUrl\":\"https:\\\/\\\/www.cgfmanet.org\\\/wp-content\\\/uploads\\\/2025\\\/09\\\/Video-sr-Maria-Troncatti_8.jpg\",\"datePublished\":\"2025-09-25T12:47:04+00:00\",\"dateModified\":\"2025-09-25T20:28:28+00:00\",\"description\":\"En la 8\u00aa etapa del itinerario de preparaci\u00f3n para la Canonizaci\u00f3n, el 25 de septiembre de 2025, se resalta el aspecto universal de la Santidad de Sor Mar\u00eda Troncatti.\",\"breadcrumb\":{\"@id\":\"https:\\\/\\\/www.cgfmanet.org\\\/es\\\/ifma-es\\\/sor-maria-troncatti-santa-de-la-iglesia-universal\\\/#breadcrumb\"},\"inLanguage\":\"es\",\"potentialAction\":[{\"@type\":\"ReadAction\",\"target\":[\"https:\\\/\\\/www.cgfmanet.org\\\/es\\\/ifma-es\\\/sor-maria-troncatti-santa-de-la-iglesia-universal\\\/\"]}]},{\"@type\":\"ImageObject\",\"inLanguage\":\"es\",\"@id\":\"https:\\\/\\\/www.cgfmanet.org\\\/es\\\/ifma-es\\\/sor-maria-troncatti-santa-de-la-iglesia-universal\\\/#primaryimage\",\"url\":\"https:\\\/\\\/www.cgfmanet.org\\\/wp-content\\\/uploads\\\/2025\\\/09\\\/Video-sr-Maria-Troncatti_8.jpg\",\"contentUrl\":\"https:\\\/\\\/www.cgfmanet.org\\\/wp-content\\\/uploads\\\/2025\\\/09\\\/Video-sr-Maria-Troncatti_8.jpg\",\"width\":1200,\"height\":800},{\"@type\":\"BreadcrumbList\",\"@id\":\"https:\\\/\\\/www.cgfmanet.org\\\/es\\\/ifma-es\\\/sor-maria-troncatti-santa-de-la-iglesia-universal\\\/#breadcrumb\",\"itemListElement\":[{\"@type\":\"ListItem\",\"position\":1,\"name\":\"Home\",\"item\":\"https:\\\/\\\/www.cgfmanet.org\\\/es\\\/\"},{\"@type\":\"ListItem\",\"position\":2,\"name\":\"Sor Mar\u00eda Troncatti: Santa de la Iglesia Universal\"}]},{\"@type\":\"WebSite\",\"@id\":\"https:\\\/\\\/www.cgfmanet.org\\\/es\\\/#website\",\"url\":\"https:\\\/\\\/www.cgfmanet.org\\\/es\\\/\",\"name\":\"Istituto Figlie di Maria Ausiliatrice\",\"description\":\"Salesiane di Don Bosco\",\"publisher\":{\"@id\":\"https:\\\/\\\/www.cgfmanet.org\\\/es\\\/#organization\"},\"potentialAction\":[{\"@type\":\"SearchAction\",\"target\":{\"@type\":\"EntryPoint\",\"urlTemplate\":\"https:\\\/\\\/www.cgfmanet.org\\\/es\\\/?s={search_term_string}\"},\"query-input\":{\"@type\":\"PropertyValueSpecification\",\"valueRequired\":true,\"valueName\":\"search_term_string\"}}],\"inLanguage\":\"es\"},{\"@type\":\"Organization\",\"@id\":\"https:\\\/\\\/www.cgfmanet.org\\\/es\\\/#organization\",\"name\":\"Istituto Figlie di Maria Ausiliatrice\",\"url\":\"https:\\\/\\\/www.cgfmanet.org\\\/es\\\/\",\"logo\":{\"@type\":\"ImageObject\",\"inLanguage\":\"es\",\"@id\":\"https:\\\/\\\/www.cgfmanet.org\\\/es\\\/#\\\/schema\\\/logo\\\/image\\\/\",\"url\":\"https:\\\/\\\/www.cgfmanet.org\\\/wp-content\\\/uploads\\\/2018\\\/10\\\/logo-fma.png\",\"contentUrl\":\"https:\\\/\\\/www.cgfmanet.org\\\/wp-content\\\/uploads\\\/2018\\\/10\\\/logo-fma.png\",\"width\":214,\"height\":55,\"caption\":\"Istituto Figlie di Maria Ausiliatrice\"},\"image\":{\"@id\":\"https:\\\/\\\/www.cgfmanet.org\\\/es\\\/#\\\/schema\\\/logo\\\/image\\\/\"},\"sameAs\":[\"https:\\\/\\\/www.facebook.com\\\/salesian.sisters.of.don.bosco\\\/\",\"https:\\\/\\\/x.com\\\/Cgfmanet_Org\",\"https:\\\/\\\/www.youtube.com\\\/channel\\\/UCmcr8yFQBV7JXeXVxyV9y5Q\"]},{\"@type\":\"Person\",\"@id\":\"https:\\\/\\\/www.cgfmanet.org\\\/es\\\/#\\\/schema\\\/person\\\/ce6473083f53ef0ef882cca23f0c8fb9\",\"name\":\"Redazione\"}]}<\/script>\n<!-- \/ Yoast SEO plugin. -->","yoast_head_json":{"title":"Sor Mar\u00eda Troncatti: Santa de la Iglesia Universal &#8226; Istituto Figlie di Maria Ausiliatrice","description":"En la 8\u00aa etapa del itinerario de preparaci\u00f3n para la Canonizaci\u00f3n, el 25 de septiembre de 2025, se resalta el aspecto universal de la Santidad de Sor Mar\u00eda Troncatti.","robots":{"index":"index","follow":"follow","max-snippet":"max-snippet:-1","max-image-preview":"max-image-preview:large","max-video-preview":"max-video-preview:-1"},"canonical":"https:\/\/www.cgfmanet.org\/es\/ifma-es\/sor-maria-troncatti-santa-de-la-iglesia-universal\/","og_locale":"es_ES","og_type":"article","og_title":"Sor Mar\u00eda Troncatti: Santa de la Iglesia Universal &#8226; Istituto Figlie di Maria Ausiliatrice","og_description":"En la 8\u00aa etapa del itinerario de preparaci\u00f3n para la Canonizaci\u00f3n, el 25 de septiembre de 2025, se resalta el aspecto universal de la Santidad de Sor Mar\u00eda Troncatti.","og_url":"https:\/\/www.cgfmanet.org\/es\/ifma-es\/sor-maria-troncatti-santa-de-la-iglesia-universal\/","og_site_name":"Istituto Figlie di Maria Ausiliatrice","article_publisher":"https:\/\/www.facebook.com\/salesian.sisters.of.don.bosco\/","article_published_time":"2025-09-25T12:47:04+00:00","article_modified_time":"2025-09-25T20:28:28+00:00","og_image":[{"width":1200,"height":800,"url":"https:\/\/www.cgfmanet.org\/wp-content\/uploads\/2025\/09\/Video-sr-Maria-Troncatti_8.jpg","type":"image\/jpeg"}],"author":"Redazione","twitter_card":"summary_large_image","twitter_creator":"@Cgfmanet_Org","twitter_site":"@Cgfmanet_Org","twitter_misc":{"Escrito por":"Redazione","Tiempo de lectura":"4 minutos"},"schema":{"@context":"https:\/\/schema.org","@graph":[{"@type":"Article","@id":"https:\/\/www.cgfmanet.org\/es\/ifma-es\/sor-maria-troncatti-santa-de-la-iglesia-universal\/#article","isPartOf":{"@id":"https:\/\/www.cgfmanet.org\/es\/ifma-es\/sor-maria-troncatti-santa-de-la-iglesia-universal\/"},"author":{"name":"Redazione","@id":"https:\/\/www.cgfmanet.org\/es\/#\/schema\/person\/ce6473083f53ef0ef882cca23f0c8fb9"},"headline":"Sor Mar\u00eda Troncatti: Santa de la Iglesia Universal","datePublished":"2025-09-25T12:47:04+00:00","dateModified":"2025-09-25T20:28:28+00:00","mainEntityOfPage":{"@id":"https:\/\/www.cgfmanet.org\/es\/ifma-es\/sor-maria-troncatti-santa-de-la-iglesia-universal\/"},"wordCount":722,"commentCount":0,"publisher":{"@id":"https:\/\/www.cgfmanet.org\/es\/#organization"},"image":{"@id":"https:\/\/www.cgfmanet.org\/es\/ifma-es\/sor-maria-troncatti-santa-de-la-iglesia-universal\/#primaryimage"},"thumbnailUrl":"https:\/\/www.cgfmanet.org\/wp-content\/uploads\/2025\/09\/Video-sr-Maria-Troncatti_8.jpg","keywords":["Santidad Salesiana","Maria Troncatti","Chiesa","Focus","150\u00b0 Misiones FMA"],"articleSection":["150\u00b0 Misiones FMA","IFMA"],"inLanguage":"es","potentialAction":[{"@type":"CommentAction","name":"Comment","target":["https:\/\/www.cgfmanet.org\/es\/ifma-es\/sor-maria-troncatti-santa-de-la-iglesia-universal\/#respond"]}]},{"@type":"WebPage","@id":"https:\/\/www.cgfmanet.org\/es\/ifma-es\/sor-maria-troncatti-santa-de-la-iglesia-universal\/","url":"https:\/\/www.cgfmanet.org\/es\/ifma-es\/sor-maria-troncatti-santa-de-la-iglesia-universal\/","name":"Sor Mar\u00eda Troncatti: Santa de la Iglesia Universal &#8226; Istituto Figlie di Maria Ausiliatrice","isPartOf":{"@id":"https:\/\/www.cgfmanet.org\/es\/#website"},"primaryImageOfPage":{"@id":"https:\/\/www.cgfmanet.org\/es\/ifma-es\/sor-maria-troncatti-santa-de-la-iglesia-universal\/#primaryimage"},"image":{"@id":"https:\/\/www.cgfmanet.org\/es\/ifma-es\/sor-maria-troncatti-santa-de-la-iglesia-universal\/#primaryimage"},"thumbnailUrl":"https:\/\/www.cgfmanet.org\/wp-content\/uploads\/2025\/09\/Video-sr-Maria-Troncatti_8.jpg","datePublished":"2025-09-25T12:47:04+00:00","dateModified":"2025-09-25T20:28:28+00:00","description":"En la 8\u00aa etapa del itinerario de preparaci\u00f3n para la Canonizaci\u00f3n, el 25 de septiembre de 2025, se resalta el aspecto universal de la Santidad de Sor Mar\u00eda Troncatti.","breadcrumb":{"@id":"https:\/\/www.cgfmanet.org\/es\/ifma-es\/sor-maria-troncatti-santa-de-la-iglesia-universal\/#breadcrumb"},"inLanguage":"es","potentialAction":[{"@type":"ReadAction","target":["https:\/\/www.cgfmanet.org\/es\/ifma-es\/sor-maria-troncatti-santa-de-la-iglesia-universal\/"]}]},{"@type":"ImageObject","inLanguage":"es","@id":"https:\/\/www.cgfmanet.org\/es\/ifma-es\/sor-maria-troncatti-santa-de-la-iglesia-universal\/#primaryimage","url":"https:\/\/www.cgfmanet.org\/wp-content\/uploads\/2025\/09\/Video-sr-Maria-Troncatti_8.jpg","contentUrl":"https:\/\/www.cgfmanet.org\/wp-content\/uploads\/2025\/09\/Video-sr-Maria-Troncatti_8.jpg","width":1200,"height":800},{"@type":"BreadcrumbList","@id":"https:\/\/www.cgfmanet.org\/es\/ifma-es\/sor-maria-troncatti-santa-de-la-iglesia-universal\/#breadcrumb","itemListElement":[{"@type":"ListItem","position":1,"name":"Home","item":"https:\/\/www.cgfmanet.org\/es\/"},{"@type":"ListItem","position":2,"name":"Sor Mar\u00eda Troncatti: Santa de la Iglesia Universal"}]},{"@type":"WebSite","@id":"https:\/\/www.cgfmanet.org\/es\/#website","url":"https:\/\/www.cgfmanet.org\/es\/","name":"Istituto Figlie di Maria Ausiliatrice","description":"Salesiane di Don Bosco","publisher":{"@id":"https:\/\/www.cgfmanet.org\/es\/#organization"},"potentialAction":[{"@type":"SearchAction","target":{"@type":"EntryPoint","urlTemplate":"https:\/\/www.cgfmanet.org\/es\/?s={search_term_string}"},"query-input":{"@type":"PropertyValueSpecification","valueRequired":true,"valueName":"search_term_string"}}],"inLanguage":"es"},{"@type":"Organization","@id":"https:\/\/www.cgfmanet.org\/es\/#organization","name":"Istituto Figlie di Maria Ausiliatrice","url":"https:\/\/www.cgfmanet.org\/es\/","logo":{"@type":"ImageObject","inLanguage":"es","@id":"https:\/\/www.cgfmanet.org\/es\/#\/schema\/logo\/image\/","url":"https:\/\/www.cgfmanet.org\/wp-content\/uploads\/2018\/10\/logo-fma.png","contentUrl":"https:\/\/www.cgfmanet.org\/wp-content\/uploads\/2018\/10\/logo-fma.png","width":214,"height":55,"caption":"Istituto Figlie di Maria Ausiliatrice"},"image":{"@id":"https:\/\/www.cgfmanet.org\/es\/#\/schema\/logo\/image\/"},"sameAs":["https:\/\/www.facebook.com\/salesian.sisters.of.don.bosco\/","https:\/\/x.com\/Cgfmanet_Org","https:\/\/www.youtube.com\/channel\/UCmcr8yFQBV7JXeXVxyV9y5Q"]},{"@type":"Person","@id":"https:\/\/www.cgfmanet.org\/es\/#\/schema\/person\/ce6473083f53ef0ef882cca23f0c8fb9","name":"Redazione"}]}},"_links":{"self":[{"href":"https:\/\/www.cgfmanet.org\/es\/wp-json\/wp\/v2\/posts\/143179","targetHints":{"allow":["GET"]}}],"collection":[{"href":"https:\/\/www.cgfmanet.org\/es\/wp-json\/wp\/v2\/posts"}],"about":[{"href":"https:\/\/www.cgfmanet.org\/es\/wp-json\/wp\/v2\/types\/post"}],"author":[{"embeddable":true,"href":"https:\/\/www.cgfmanet.org\/es\/wp-json\/wp\/v2\/users\/21"}],"replies":[{"embeddable":true,"href":"https:\/\/www.cgfmanet.org\/es\/wp-json\/wp\/v2\/comments?post=143179"}],"version-history":[{"count":3,"href":"https:\/\/www.cgfmanet.org\/es\/wp-json\/wp\/v2\/posts\/143179\/revisions"}],"predecessor-version":[{"id":143301,"href":"https:\/\/www.cgfmanet.org\/es\/wp-json\/wp\/v2\/posts\/143179\/revisions\/143301"}],"wp:featuredmedia":[{"embeddable":true,"href":"https:\/\/www.cgfmanet.org\/es\/wp-json\/wp\/v2\/media\/143174"}],"wp:attachment":[{"href":"https:\/\/www.cgfmanet.org\/es\/wp-json\/wp\/v2\/media?parent=143179"}],"wp:term":[{"taxonomy":"category","embeddable":true,"href":"https:\/\/www.cgfmanet.org\/es\/wp-json\/wp\/v2\/categories?post=143179"},{"taxonomy":"post_tag","embeddable":true,"href":"https:\/\/www.cgfmanet.org\/es\/wp-json\/wp\/v2\/tags?post=143179"}],"curies":[{"name":"wp","href":"https:\/\/api.w.org\/{rel}","templated":true}]}}