{"id":143164,"date":"2025-09-24T16:22:48","date_gmt":"2025-09-24T14:22:48","guid":{"rendered":"https:\/\/www.cgfmanet.org\/infoesfera\/la-reliquia-di-suor-maria-troncatti-in-casa-generalizia\/"},"modified":"2025-09-25T22:33:06","modified_gmt":"2025-09-25T20:33:06","slug":"la-reliquia-de-sor-maria-troncatti-en-la-casa-generalicia","status":"publish","type":"post","link":"https:\/\/www.cgfmanet.org\/es\/ifma-es\/la-reliquia-de-sor-maria-troncatti-en-la-casa-generalicia\/","title":{"rendered":"La Reliquia de Sor Mar\u00eda Troncatti en la Casa Generalicia"},"content":{"rendered":"<p><strong>Roma (Italia).<\/strong> El 24 de septiembre de 2025, la Comunidad Mar\u00eda Auxiliadora de la Casa Generalicia, junto a la Superiora General del Instituto de las Hijas de Mar\u00eda Auxiliadora, <strong>Madre Chiara Cazzuola<\/strong>, y a las Consejeras presentes, vivi\u00f3 de un modo muy especial la conmemoraci\u00f3n mensual de Mar\u00eda Auxiliadora con la Celebraci\u00f3n Eucar\u00edstica presidida por el Postulador para las Causas de los Santos de la Familia Salesiana, <strong>Don Pierluigi Cameroni<\/strong>, y concelebrada por Don Gabriel de Jes\u00fas Cruz Trejo, su colaborador. Ellos, en vista de la inminente Canonizaci\u00f3n (19 de octubre de 2025), trajeron el relicario con una preciosa reliquia de Sor Mar\u00eda Troncatti.<\/p>\n<p>La Secretaria general, Sor Mar\u00eda Luisa Nicastro, introdujo el momento diciendo: \u201cAl acoger la reliquia de Sor Mar\u00eda Troncatti, reconocemos y alabamos la acci\u00f3n de la Gracia que hizo de ella una prolongaci\u00f3n del amor misericordioso de Cristo: \u00c9l todav\u00eda hoy se hace presente para sanar, consolar y enviar. En comuni\u00f3n con el Instituto, a la intercesi\u00f3n de Sor Mar\u00eda Troncatti, pronto Santa, confiamos la paz, a cuantos sufren en el cuerpo y en el esp\u00edritu, la santidad de cada una de nosotras y del Instituto\u201d.<\/p>\n<p>La reliquia es una falange de la mano de Sor Mar\u00eda, y en la homil\u00eda, retomando la Palabra de Dios del d\u00eda, Don Pierluigi comparti\u00f3 el <strong>valor simb\u00f3lico de las manos de esta gran misionera<\/strong>.<\/p>\n<p>Al igual que el sacerdote Esdras, \u201ctambi\u00e9n Sor Mar\u00eda vivi\u00f3 su vida <strong>tendiendo las manos hacia el Se\u00f1or<\/strong>, con s\u00faplicas y abandono, y <strong>extendi\u00e9ndolas hacia el pr\u00f3jimo<\/strong> en se\u00f1al de ayuda, consolaci\u00f3n y sanaci\u00f3n\u201d. Y como los disc\u00edpulos del Evangelio, \u201ctambi\u00e9n Sor Mar\u00eda fue misionera del Evangelio, anunci\u00f3 el Reino de Dios, san\u00f3 a los enfermos, fue de pueblo en pueblo, realiz\u00f3 sanaciones en el alma y en el cuerpo. Es muy importante que aprendamos a leer la vida de los Santos, y nuestra vida cotidiana, siempre a la luz de la Palabra de Dios, porque el Evangelio debe hacerse carne\u201d.<\/p>\n<p>Don Pierluigi reley\u00f3 a continuaci\u00f3n algunos pasajes de la vida de Sor Mar\u00eda Troncatti fij\u00e1ndose en sus manos que acogieron, ayudaron, cuidaron, bendijeron: \u201c<strong>manos que curan y sanan<\/strong>\u201d, como en el primer encuentro con los Shuar, cuando le piden que extraiga una bala del cuerpo de la hija del jefe. Inicialmente le pone una mano sobre la frente que ard\u00eda por la fiebre, luego, invocando a Mar\u00eda Auxiliadora, consigue curarla: \u201cComo impulsada por una mano ignota, la bala salta fuera y cae al suelo\u201d.<\/p>\n<p>Don Pierluigi comenta: \u201cEstas manos deber\u00e1n quitar muchas balas, no f\u00edsicamente, sino aquellas balas que expresan violencia, venganza, odio, es una mujer de <strong>reconciliaci\u00f3n<\/strong>. Sus manos son manos reconciliadas y por lo tanto se convierten en instrumento de reconciliaci\u00f3n\u201d.<\/p>\n<p>Son \u201c<strong>manos orantes<\/strong>\u201d porque en toda su vida \u201cacompa\u00f1a su acci\u00f3n fuerte y decidida siempre con la oraci\u00f3n, y en estas manos corre siempre el santo rosario&#8230; son manos que interceden, son manos que se conf\u00edan a Mar\u00eda Auxiliadora. Su \u2018botiqu\u00edn\u2019 se convierte as\u00ed en ambulatorio para las almas: no basta con solo curar los cuerpos, hay que tocar y alcanzar la curaci\u00f3n total de la persona\u201d.<\/p>\n<p>Tambi\u00e9n son \u201c<strong>manos milagrosas<\/strong>\u201d. El Postulador observa que este aspecto emerge tambi\u00e9n de las fotograf\u00edas de la ahora Santa, donde mantiene las manos sobre la cabeza de los enfermos. Y al relatar el episodio de un hombre quemado por el fuego, que sali\u00f3 completamente sano, sin ninguna se\u00f1al o cicatriz en la piel, concluye: \u201cDios lo cur\u00f3 a trav\u00e9s de las milagrosas manos y las oraciones diarias y el coraz\u00f3n materno de Sor Mar\u00eda\u201d.<\/p>\n<p>La misma Sor Mar\u00eda, cuyas manos deber\u00e1n apagar el fuego del odio y de la venganza, es a su vez protagonista de un episodio similar cuando de ni\u00f1a, durante el verano en el Col d\u2019Aprica, es alcanzada por la llama de una hoguera encendida con los otros pastorcillos, de la que la salva providencialmente un hombre que pasaba por el camino. El riesgo para ella es no poder usar nunca m\u00e1s las manos. \u201cSin embargo, pocas horas despu\u00e9s, las manos y los brazos vuelven a estar sanos y bellos, sin ninguna se\u00f1al de quemadura, mientras que las cicatrices en las piernas permanecer\u00e1n toda la vida\u201d.<\/p>\n<p>El Celebrante comenta: \u201cDir\u00eda que esto se convertir\u00e1 un poco en el signo de toda su existencia, porque deber\u00e1 apagar muchos fuegos: de odio, de violencia, de venganza&#8230; Esta mujer que a trav\u00e9s de sus manos se convierte en una <strong>mujer de paz<\/strong>, una mujer de reconciliaci\u00f3n. La intercesi\u00f3n que debemos pedir es que apague tambi\u00e9n en nosotras alguna &#8216;hoguera&#8217;, que nos ayude a ser mujeres de paz y de reconciliaci\u00f3n\u201d.<\/p>\n<p>Y finalmente son \u201c<strong>manos que se abandonan en Dios<\/strong>\u201d. \u201cMuy hermosa la foto que la representa con las manos cruzadas bajo el crucifijo, para indicar toda una vida entregada en el carisma salesiano m\u00e1s puro: la uni\u00f3n con Dios en la liturgia de la vida, en la laboriosidad apost\u00f3lica\u201d. Don Pierluigi recuerda la capacidad de Sor Mar\u00eda de consolar a las hermanas en el momento dram\u00e1tico de tensi\u00f3n que se crea en Suc\u00faa: \u201cHijitas, no tem\u00e1is y no teng\u00e1is miedo por todo lo que ha sucedido; abandon\u00e9monos en las manos de Dios\u201d.<\/p>\n<p>\u201cEsta es la santidad \u2013 a\u00f1ade el Postulador \u2013 pasar de nuestras manos a la entrega total en las manos de Dios\u201d.<\/p>\n<p>\u00abLas palabras de despedida a las hermanas &#8211; \u2018Conf\u00eden en la Virgen Auxiliadora y ver\u00e1n que esta angustia no durar\u00e1 mucho tiempo: \u00a1muy pronto llegar\u00e1 la tranquilidad y la calma! \u00a1Yo se lo aseguro!\u2019 &#8211; pueden ayudar a valorar la presencia de la reliquia con esta luz: una mujer que con sus manos fue <strong>laboriosa, orante, totalmente donada a Dios y al pr\u00f3jimo<\/strong>\u00ab, concluy\u00f3. (<span style=\"color: #0000ff;\"><strong><a style=\"color: #0000ff;\" href=\"https:\/\/drive.google.com\/file\/d\/1QJ2ZhHjud08YWnvjJNLSJLkQY6g2xycI\/view?usp=drive_link\" target=\"_blank\" rel=\"noopener\">texto completo<\/a><\/strong><\/span>)<\/p>\n<p>La noche anterior, en las <strong>Buenas Noches<\/strong> a la Comunidad de Casa Generalicia, Madre Chiara hab\u00eda anunciado la llegada de la reliquia subrayando la importancia del momento como una de las etapas hacia la fecha de la Canonizaci\u00f3n. Despu\u00e9s de Santa Mar\u00eda Dom\u00e9nica Mazzarello, Sor Mar\u00eda Troncatti es la primera FMA que ser\u00e1 canonizada y la Madre quiso destacar su capacidad, como misionera y enfermera, de curar el esp\u00edritu a trav\u00e9s de la sanaci\u00f3n del cuerpo: \u201cuna especie de evangelizaci\u00f3n muy concreta\u201d.<\/p>\n<p><strong>La reliquia permanecer\u00e1 en la Casa Generalicia hasta la Eucarist\u00eda de la ma\u00f1ana del 2 de octubre para la veneraci\u00f3n de las FMA y de todos aquellos que lo deseen.<\/strong><\/p>\n\r\n                <style type=\"text\/css\">\r\n                    \r\n                    #tdi_1  .td-doubleSlider-2 .td-item1 {\r\n                        background: url(https:\/\/www.cgfmanet.org\/wp-content\/uploads\/2025\/09\/Reliquia-Suor-Maria-Troncatti_13-80x60.jpg) 0 0 no-repeat;\r\n                    }\r\n                    #tdi_1  .td-doubleSlider-2 .td-item2 {\r\n                        background: url(https:\/\/www.cgfmanet.org\/wp-content\/uploads\/2025\/09\/Reliquia-Suor-Maria-Troncatti_12-80x60.jpg) 0 0 no-repeat;\r\n                    }\r\n                    #tdi_1  .td-doubleSlider-2 .td-item3 {\r\n                        background: url(https:\/\/www.cgfmanet.org\/wp-content\/uploads\/2025\/09\/Reliquia-Suor-Maria-Troncatti_3-80x60.jpg) 0 0 no-repeat;\r\n                    }\r\n                    #tdi_1  .td-doubleSlider-2 .td-item4 {\r\n                        background: url(https:\/\/www.cgfmanet.org\/wp-content\/uploads\/2025\/09\/Reliquia-Suor-Maria-Troncatti_4-80x60.jpg) 0 0 no-repeat;\r\n                    }\r\n                    #tdi_1  .td-doubleSlider-2 .td-item5 {\r\n                        background: url(https:\/\/www.cgfmanet.org\/wp-content\/uploads\/2025\/09\/Reliquia-Suor-Maria-Troncatti_10-80x60.jpg) 0 0 no-repeat;\r\n                    }\r\n                    #tdi_1  .td-doubleSlider-2 .td-item6 {\r\n                        background: url(https:\/\/www.cgfmanet.org\/wp-content\/uploads\/2025\/09\/Reliquia-Suor-Maria-Troncatti_2-80x60.jpg) 0 0 no-repeat;\r\n                    }\r\n                    #tdi_1  .td-doubleSlider-2 .td-item7 {\r\n                        background: url(https:\/\/www.cgfmanet.org\/wp-content\/uploads\/2025\/09\/Reliquia-Suor-Maria-Troncatti_5-80x60.jpg) 0 0 no-repeat;\r\n                    }\r\n                    #tdi_1  .td-doubleSlider-2 .td-item8 {\r\n                        background: url(https:\/\/www.cgfmanet.org\/wp-content\/uploads\/2025\/09\/Reliquia-Suor-Maria-Troncatti_6-80x60.jpg) 0 0 no-repeat;\r\n                    }\r\n                    #tdi_1  .td-doubleSlider-2 .td-item9 {\r\n                        background: url(https:\/\/www.cgfmanet.org\/wp-content\/uploads\/2025\/09\/Reliquia-Suor-Maria-Troncatti_8-80x60.jpg) 0 0 no-repeat;\r\n                    }\r\n                    #tdi_1  .td-doubleSlider-2 .td-item10 {\r\n                        background: url(https:\/\/www.cgfmanet.org\/wp-content\/uploads\/2025\/09\/Reliquia-Suor-Maria-Troncatti_9-80x60.jpg) 0 0 no-repeat;\r\n                    }\r\n                    #tdi_1  .td-doubleSlider-2 .td-item11 {\r\n                        background: url(https:\/\/www.cgfmanet.org\/wp-content\/uploads\/2025\/09\/Reliquia-Suor-Maria-Troncatti_7-80x60.jpg) 0 0 no-repeat;\r\n                    }\r\n                    #tdi_1  .td-doubleSlider-2 .td-item12 {\r\n                        background: url(https:\/\/www.cgfmanet.org\/wp-content\/uploads\/2025\/09\/Reliquia-Suor-Maria-Troncatti_1-80x60.jpg) 0 0 no-repeat;\r\n                    }\r\n                    #tdi_1  .td-doubleSlider-2 .td-item13 {\r\n                        background: url(https:\/\/www.cgfmanet.org\/wp-content\/uploads\/2025\/09\/Reliquia-Suor-Maria-Troncatti_14-80x60.jpg) 0 0 no-repeat;\r\n                    }\r\n                    #tdi_1  .td-doubleSlider-2 .td-item14 {\r\n                        background: url(https:\/\/www.cgfmanet.org\/wp-content\/uploads\/2025\/09\/Reliquia-Suor-Maria-Troncatti_11-80x60.jpg) 0 0 no-repeat;\r\n                    }\r\n                <\/style>\r\n\r\n                <div id=\"tdi_1\" class=\"td-gallery td-slide-on-2-columns\">\r\n                    <div class=\"post_td_gallery\">\r\n                        <div class=\"td-gallery-slide-top\">\r\n                           <div class=\"td-gallery-title\"><\/div>\r\n\r\n                            <div class=\"td-gallery-controls-wrapper\">\r\n                                <div class=\"td-gallery-slide-count\"><span class=\"td-gallery-slide-item-focus\">1<\/span> de 14<\/div>\r\n                                <div class=\"td-gallery-slide-prev-next-but\">\r\n                                    <i class = \"td-icon-left doubleSliderPrevButton\"><\/i>\r\n                                    <i class = \"td-icon-right doubleSliderNextButton\"><\/i>\r\n                                <\/div>\r\n                            <\/div>\r\n                        <\/div>\r\n\r\n                        <div class = \"td-doubleSlider-1 \">\r\n                            <div class = \"td-slider\">\r\n                                \r\n                    <div class = \"td-slide-item td-item1\">\r\n                        <figure class=\"td-slide-galery-figure td-slide-popup-gallery\">\r\n                            <a class=\"slide-gallery-image-link\" href=\"https:\/\/www.cgfmanet.org\/wp-content\/uploads\/2025\/09\/Reliquia-Suor-Maria-Troncatti_13.jpg\" title=\"Reliquia Suor Maria Troncatti_13\"  data-caption=\"\"  data-description=\"\">\r\n                                <img decoding=\"async\" data-src=\"https:\/\/www.cgfmanet.org\/wp-content\/uploads\/2025\/09\/Reliquia-Suor-Maria-Troncatti_13-630x420.jpg\" data-srcset=\"https:\/\/www.cgfmanet.org\/wp-content\/uploads\/2025\/09\/Reliquia-Suor-Maria-Troncatti_13-630x420.jpg 630w, https:\/\/www.cgfmanet.org\/wp-content\/uploads\/2025\/09\/Reliquia-Suor-Maria-Troncatti_13-768x512.jpg 768w, https:\/\/www.cgfmanet.org\/wp-content\/uploads\/2025\/09\/Reliquia-Suor-Maria-Troncatti_13-696x464.jpg 696w, https:\/\/www.cgfmanet.org\/wp-content\/uploads\/2025\/09\/Reliquia-Suor-Maria-Troncatti_13.jpg 1181w\" data-sizes=\"auto\" alt=\"\" src=\"data:image\/svg+xml;base64,PHN2ZyB3aWR0aD0iMSIgaGVpZ2h0PSIxIiB4bWxucz0iaHR0cDovL3d3dy53My5vcmcvMjAwMC9zdmciPjwvc3ZnPg==\" class=\"lazyload\" style=\"--smush-placeholder-width: 630px; --smush-placeholder-aspect-ratio: 630\/420;\" data-original-sizes=\"(max-width: 630px) 100vw, 630px\">\r\n                            <\/a>\r\n                            \r\n                        <\/figure>\r\n                    <\/div>\r\n                    <div class = \"td-slide-item td-item2\">\r\n                        <figure class=\"td-slide-galery-figure td-slide-popup-gallery\">\r\n                            <a class=\"slide-gallery-image-link\" href=\"https:\/\/www.cgfmanet.org\/wp-content\/uploads\/2025\/09\/Reliquia-Suor-Maria-Troncatti_12.jpg\" title=\"Reliquia Suor Maria Troncatti_12\"  data-caption=\"\"  data-description=\"\">\r\n                                <img decoding=\"async\" data-src=\"https:\/\/www.cgfmanet.org\/wp-content\/uploads\/2025\/09\/Reliquia-Suor-Maria-Troncatti_12-630x420.jpg\" data-srcset=\"https:\/\/www.cgfmanet.org\/wp-content\/uploads\/2025\/09\/Reliquia-Suor-Maria-Troncatti_12-630x420.jpg 630w, https:\/\/www.cgfmanet.org\/wp-content\/uploads\/2025\/09\/Reliquia-Suor-Maria-Troncatti_12-768x512.jpg 768w, https:\/\/www.cgfmanet.org\/wp-content\/uploads\/2025\/09\/Reliquia-Suor-Maria-Troncatti_12-696x464.jpg 696w, https:\/\/www.cgfmanet.org\/wp-content\/uploads\/2025\/09\/Reliquia-Suor-Maria-Troncatti_12.jpg 1181w\" data-sizes=\"auto\" alt=\"\" src=\"data:image\/svg+xml;base64,PHN2ZyB3aWR0aD0iMSIgaGVpZ2h0PSIxIiB4bWxucz0iaHR0cDovL3d3dy53My5vcmcvMjAwMC9zdmciPjwvc3ZnPg==\" class=\"lazyload\" style=\"--smush-placeholder-width: 630px; --smush-placeholder-aspect-ratio: 630\/420;\" data-original-sizes=\"(max-width: 630px) 100vw, 630px\">\r\n                            <\/a>\r\n                            \r\n                        <\/figure>\r\n                    <\/div>\r\n                    <div class = \"td-slide-item td-item3\">\r\n                        <figure class=\"td-slide-galery-figure td-slide-popup-gallery\">\r\n                            <a class=\"slide-gallery-image-link\" href=\"https:\/\/www.cgfmanet.org\/wp-content\/uploads\/2025\/09\/Reliquia-Suor-Maria-Troncatti_3.jpg\" title=\"Reliquia Suor Maria Troncatti_3\"  data-caption=\"\"  data-description=\"\">\r\n                                <img decoding=\"async\" data-src=\"https:\/\/www.cgfmanet.org\/wp-content\/uploads\/2025\/09\/Reliquia-Suor-Maria-Troncatti_3-630x420.jpg\" data-srcset=\"https:\/\/www.cgfmanet.org\/wp-content\/uploads\/2025\/09\/Reliquia-Suor-Maria-Troncatti_3-630x420.jpg 630w, https:\/\/www.cgfmanet.org\/wp-content\/uploads\/2025\/09\/Reliquia-Suor-Maria-Troncatti_3-768x512.jpg 768w, https:\/\/www.cgfmanet.org\/wp-content\/uploads\/2025\/09\/Reliquia-Suor-Maria-Troncatti_3-696x464.jpg 696w, https:\/\/www.cgfmanet.org\/wp-content\/uploads\/2025\/09\/Reliquia-Suor-Maria-Troncatti_3.jpg 1181w\" data-sizes=\"auto\" alt=\"\" src=\"data:image\/svg+xml;base64,PHN2ZyB3aWR0aD0iMSIgaGVpZ2h0PSIxIiB4bWxucz0iaHR0cDovL3d3dy53My5vcmcvMjAwMC9zdmciPjwvc3ZnPg==\" class=\"lazyload\" style=\"--smush-placeholder-width: 630px; --smush-placeholder-aspect-ratio: 630\/420;\" data-original-sizes=\"(max-width: 630px) 100vw, 630px\">\r\n                            <\/a>\r\n                            \r\n                        <\/figure>\r\n                    <\/div>\r\n                    <div class = \"td-slide-item td-item4\">\r\n                        <figure class=\"td-slide-galery-figure td-slide-popup-gallery\">\r\n                            <a class=\"slide-gallery-image-link\" href=\"https:\/\/www.cgfmanet.org\/wp-content\/uploads\/2025\/09\/Reliquia-Suor-Maria-Troncatti_4.jpg\" title=\"Reliquia Suor Maria Troncatti_4\"  data-caption=\"\"  data-description=\"\">\r\n                                <img decoding=\"async\" data-src=\"https:\/\/www.cgfmanet.org\/wp-content\/uploads\/2025\/09\/Reliquia-Suor-Maria-Troncatti_4-630x420.jpg\" data-srcset=\"https:\/\/www.cgfmanet.org\/wp-content\/uploads\/2025\/09\/Reliquia-Suor-Maria-Troncatti_4-630x420.jpg 630w, https:\/\/www.cgfmanet.org\/wp-content\/uploads\/2025\/09\/Reliquia-Suor-Maria-Troncatti_4-768x512.jpg 768w, https:\/\/www.cgfmanet.org\/wp-content\/uploads\/2025\/09\/Reliquia-Suor-Maria-Troncatti_4-696x464.jpg 696w, https:\/\/www.cgfmanet.org\/wp-content\/uploads\/2025\/09\/Reliquia-Suor-Maria-Troncatti_4.jpg 1181w\" data-sizes=\"auto\" alt=\"\" src=\"data:image\/svg+xml;base64,PHN2ZyB3aWR0aD0iMSIgaGVpZ2h0PSIxIiB4bWxucz0iaHR0cDovL3d3dy53My5vcmcvMjAwMC9zdmciPjwvc3ZnPg==\" class=\"lazyload\" style=\"--smush-placeholder-width: 630px; --smush-placeholder-aspect-ratio: 630\/420;\" data-original-sizes=\"(max-width: 630px) 100vw, 630px\">\r\n                            <\/a>\r\n                            \r\n                        <\/figure>\r\n                    <\/div>\r\n                    <div class = \"td-slide-item td-item5\">\r\n                        <figure class=\"td-slide-galery-figure td-slide-popup-gallery\">\r\n                            <a class=\"slide-gallery-image-link\" href=\"https:\/\/www.cgfmanet.org\/wp-content\/uploads\/2025\/09\/Reliquia-Suor-Maria-Troncatti_10.jpg\" title=\"Reliquia Suor Maria Troncatti_10\"  data-caption=\"\"  data-description=\"\">\r\n                                <img decoding=\"async\" data-src=\"https:\/\/www.cgfmanet.org\/wp-content\/uploads\/2025\/09\/Reliquia-Suor-Maria-Troncatti_10-630x420.jpg\" data-srcset=\"https:\/\/www.cgfmanet.org\/wp-content\/uploads\/2025\/09\/Reliquia-Suor-Maria-Troncatti_10-630x420.jpg 630w, https:\/\/www.cgfmanet.org\/wp-content\/uploads\/2025\/09\/Reliquia-Suor-Maria-Troncatti_10-768x512.jpg 768w, https:\/\/www.cgfmanet.org\/wp-content\/uploads\/2025\/09\/Reliquia-Suor-Maria-Troncatti_10-696x464.jpg 696w, https:\/\/www.cgfmanet.org\/wp-content\/uploads\/2025\/09\/Reliquia-Suor-Maria-Troncatti_10.jpg 1181w\" data-sizes=\"auto\" alt=\"\" src=\"data:image\/svg+xml;base64,PHN2ZyB3aWR0aD0iMSIgaGVpZ2h0PSIxIiB4bWxucz0iaHR0cDovL3d3dy53My5vcmcvMjAwMC9zdmciPjwvc3ZnPg==\" class=\"lazyload\" style=\"--smush-placeholder-width: 630px; --smush-placeholder-aspect-ratio: 630\/420;\" data-original-sizes=\"(max-width: 630px) 100vw, 630px\">\r\n                            <\/a>\r\n                            \r\n                        <\/figure>\r\n                    <\/div>\r\n                    <div class = \"td-slide-item td-item6\">\r\n                        <figure class=\"td-slide-galery-figure td-slide-popup-gallery\">\r\n                            <a class=\"slide-gallery-image-link\" href=\"https:\/\/www.cgfmanet.org\/wp-content\/uploads\/2025\/09\/Reliquia-Suor-Maria-Troncatti_2.jpg\" title=\"Reliquia Suor Maria Troncatti_2\"  data-caption=\"\"  data-description=\"\">\r\n                                <img decoding=\"async\" data-src=\"https:\/\/www.cgfmanet.org\/wp-content\/uploads\/2025\/09\/Reliquia-Suor-Maria-Troncatti_2-290x420.jpg\" data-srcset=\"https:\/\/www.cgfmanet.org\/wp-content\/uploads\/2025\/09\/Reliquia-Suor-Maria-Troncatti_2-290x420.jpg 290w, https:\/\/www.cgfmanet.org\/wp-content\/uploads\/2025\/09\/Reliquia-Suor-Maria-Troncatti_2-768x1113.jpg 768w, https:\/\/www.cgfmanet.org\/wp-content\/uploads\/2025\/09\/Reliquia-Suor-Maria-Troncatti_2-1060x1536.jpg 1060w, https:\/\/www.cgfmanet.org\/wp-content\/uploads\/2025\/09\/Reliquia-Suor-Maria-Troncatti_2-696x1008.jpg 696w, https:\/\/www.cgfmanet.org\/wp-content\/uploads\/2025\/09\/Reliquia-Suor-Maria-Troncatti_2.jpg 1181w\" data-sizes=\"auto\" alt=\"\" src=\"data:image\/svg+xml;base64,PHN2ZyB3aWR0aD0iMSIgaGVpZ2h0PSIxIiB4bWxucz0iaHR0cDovL3d3dy53My5vcmcvMjAwMC9zdmciPjwvc3ZnPg==\" class=\"lazyload\" style=\"--smush-placeholder-width: 290px; --smush-placeholder-aspect-ratio: 290\/420;\" data-original-sizes=\"(max-width: 290px) 100vw, 290px\">\r\n                            <\/a>\r\n                            \r\n                        <\/figure>\r\n                    <\/div>\r\n                    <div class = \"td-slide-item td-item7\">\r\n                        <figure class=\"td-slide-galery-figure td-slide-popup-gallery\">\r\n                            <a class=\"slide-gallery-image-link\" href=\"https:\/\/www.cgfmanet.org\/wp-content\/uploads\/2025\/09\/Reliquia-Suor-Maria-Troncatti_5.jpg\" title=\"Reliquia Suor Maria Troncatti_5\"  data-caption=\"\"  data-description=\"\">\r\n                                <img decoding=\"async\" data-src=\"https:\/\/www.cgfmanet.org\/wp-content\/uploads\/2025\/09\/Reliquia-Suor-Maria-Troncatti_5-630x420.jpg\" data-srcset=\"https:\/\/www.cgfmanet.org\/wp-content\/uploads\/2025\/09\/Reliquia-Suor-Maria-Troncatti_5-630x420.jpg 630w, https:\/\/www.cgfmanet.org\/wp-content\/uploads\/2025\/09\/Reliquia-Suor-Maria-Troncatti_5-768x512.jpg 768w, https:\/\/www.cgfmanet.org\/wp-content\/uploads\/2025\/09\/Reliquia-Suor-Maria-Troncatti_5-696x464.jpg 696w, https:\/\/www.cgfmanet.org\/wp-content\/uploads\/2025\/09\/Reliquia-Suor-Maria-Troncatti_5.jpg 1181w\" data-sizes=\"auto\" alt=\"\" src=\"data:image\/svg+xml;base64,PHN2ZyB3aWR0aD0iMSIgaGVpZ2h0PSIxIiB4bWxucz0iaHR0cDovL3d3dy53My5vcmcvMjAwMC9zdmciPjwvc3ZnPg==\" class=\"lazyload\" style=\"--smush-placeholder-width: 630px; --smush-placeholder-aspect-ratio: 630\/420;\" data-original-sizes=\"(max-width: 630px) 100vw, 630px\">\r\n                            <\/a>\r\n                            \r\n                        <\/figure>\r\n                    <\/div>\r\n                    <div class = \"td-slide-item td-item8\">\r\n                        <figure class=\"td-slide-galery-figure td-slide-popup-gallery\">\r\n                            <a class=\"slide-gallery-image-link\" href=\"https:\/\/www.cgfmanet.org\/wp-content\/uploads\/2025\/09\/Reliquia-Suor-Maria-Troncatti_6.jpg\" title=\"Reliquia Suor Maria Troncatti_6\"  data-caption=\"\"  data-description=\"\">\r\n                                <img decoding=\"async\" data-src=\"https:\/\/www.cgfmanet.org\/wp-content\/uploads\/2025\/09\/Reliquia-Suor-Maria-Troncatti_6-630x420.jpg\" data-srcset=\"https:\/\/www.cgfmanet.org\/wp-content\/uploads\/2025\/09\/Reliquia-Suor-Maria-Troncatti_6-630x420.jpg 630w, https:\/\/www.cgfmanet.org\/wp-content\/uploads\/2025\/09\/Reliquia-Suor-Maria-Troncatti_6-768x512.jpg 768w, https:\/\/www.cgfmanet.org\/wp-content\/uploads\/2025\/09\/Reliquia-Suor-Maria-Troncatti_6-696x464.jpg 696w, https:\/\/www.cgfmanet.org\/wp-content\/uploads\/2025\/09\/Reliquia-Suor-Maria-Troncatti_6.jpg 1181w\" data-sizes=\"auto\" alt=\"\" src=\"data:image\/svg+xml;base64,PHN2ZyB3aWR0aD0iMSIgaGVpZ2h0PSIxIiB4bWxucz0iaHR0cDovL3d3dy53My5vcmcvMjAwMC9zdmciPjwvc3ZnPg==\" class=\"lazyload\" style=\"--smush-placeholder-width: 630px; --smush-placeholder-aspect-ratio: 630\/420;\" data-original-sizes=\"(max-width: 630px) 100vw, 630px\">\r\n                            <\/a>\r\n                            \r\n                        <\/figure>\r\n                    <\/div>\r\n                    <div class = \"td-slide-item td-item9\">\r\n                        <figure class=\"td-slide-galery-figure td-slide-popup-gallery\">\r\n                            <a class=\"slide-gallery-image-link\" href=\"https:\/\/www.cgfmanet.org\/wp-content\/uploads\/2025\/09\/Reliquia-Suor-Maria-Troncatti_8.jpg\" title=\"Reliquia Suor Maria Troncatti_8\"  data-caption=\"\"  data-description=\"\">\r\n                                <img decoding=\"async\" data-src=\"https:\/\/www.cgfmanet.org\/wp-content\/uploads\/2025\/09\/Reliquia-Suor-Maria-Troncatti_8-630x420.jpg\" data-srcset=\"https:\/\/www.cgfmanet.org\/wp-content\/uploads\/2025\/09\/Reliquia-Suor-Maria-Troncatti_8-630x420.jpg 630w, https:\/\/www.cgfmanet.org\/wp-content\/uploads\/2025\/09\/Reliquia-Suor-Maria-Troncatti_8-768x512.jpg 768w, https:\/\/www.cgfmanet.org\/wp-content\/uploads\/2025\/09\/Reliquia-Suor-Maria-Troncatti_8-696x464.jpg 696w, https:\/\/www.cgfmanet.org\/wp-content\/uploads\/2025\/09\/Reliquia-Suor-Maria-Troncatti_8.jpg 1181w\" data-sizes=\"auto\" alt=\"\" src=\"data:image\/svg+xml;base64,PHN2ZyB3aWR0aD0iMSIgaGVpZ2h0PSIxIiB4bWxucz0iaHR0cDovL3d3dy53My5vcmcvMjAwMC9zdmciPjwvc3ZnPg==\" class=\"lazyload\" style=\"--smush-placeholder-width: 630px; --smush-placeholder-aspect-ratio: 630\/420;\" data-original-sizes=\"(max-width: 630px) 100vw, 630px\">\r\n                            <\/a>\r\n                            \r\n                        <\/figure>\r\n                    <\/div>\r\n                    <div class = \"td-slide-item td-item10\">\r\n                        <figure class=\"td-slide-galery-figure td-slide-popup-gallery\">\r\n                            <a class=\"slide-gallery-image-link\" href=\"https:\/\/www.cgfmanet.org\/wp-content\/uploads\/2025\/09\/Reliquia-Suor-Maria-Troncatti_9.jpg\" title=\"Reliquia Suor Maria Troncatti_9\"  data-caption=\"\"  data-description=\"\">\r\n                                <img decoding=\"async\" data-src=\"https:\/\/www.cgfmanet.org\/wp-content\/uploads\/2025\/09\/Reliquia-Suor-Maria-Troncatti_9-630x420.jpg\" data-srcset=\"https:\/\/www.cgfmanet.org\/wp-content\/uploads\/2025\/09\/Reliquia-Suor-Maria-Troncatti_9-630x420.jpg 630w, https:\/\/www.cgfmanet.org\/wp-content\/uploads\/2025\/09\/Reliquia-Suor-Maria-Troncatti_9-768x512.jpg 768w, https:\/\/www.cgfmanet.org\/wp-content\/uploads\/2025\/09\/Reliquia-Suor-Maria-Troncatti_9-696x464.jpg 696w, https:\/\/www.cgfmanet.org\/wp-content\/uploads\/2025\/09\/Reliquia-Suor-Maria-Troncatti_9.jpg 1181w\" data-sizes=\"auto\" alt=\"\" src=\"data:image\/svg+xml;base64,PHN2ZyB3aWR0aD0iMSIgaGVpZ2h0PSIxIiB4bWxucz0iaHR0cDovL3d3dy53My5vcmcvMjAwMC9zdmciPjwvc3ZnPg==\" class=\"lazyload\" style=\"--smush-placeholder-width: 630px; --smush-placeholder-aspect-ratio: 630\/420;\" data-original-sizes=\"(max-width: 630px) 100vw, 630px\">\r\n                            <\/a>\r\n                            \r\n                        <\/figure>\r\n                    <\/div>\r\n                    <div class = \"td-slide-item td-item11\">\r\n                        <figure class=\"td-slide-galery-figure td-slide-popup-gallery\">\r\n                            <a class=\"slide-gallery-image-link\" href=\"https:\/\/www.cgfmanet.org\/wp-content\/uploads\/2025\/09\/Reliquia-Suor-Maria-Troncatti_7.jpg\" title=\"Reliquia Suor Maria Troncatti_7\"  data-caption=\"\"  data-description=\"\">\r\n                                <img decoding=\"async\" data-src=\"https:\/\/www.cgfmanet.org\/wp-content\/uploads\/2025\/09\/Reliquia-Suor-Maria-Troncatti_7-281x420.jpg\" data-srcset=\"https:\/\/www.cgfmanet.org\/wp-content\/uploads\/2025\/09\/Reliquia-Suor-Maria-Troncatti_7-281x420.jpg 281w, https:\/\/www.cgfmanet.org\/wp-content\/uploads\/2025\/09\/Reliquia-Suor-Maria-Troncatti_7-768x1150.jpg 768w, https:\/\/www.cgfmanet.org\/wp-content\/uploads\/2025\/09\/Reliquia-Suor-Maria-Troncatti_7-1026x1536.jpg 1026w, https:\/\/www.cgfmanet.org\/wp-content\/uploads\/2025\/09\/Reliquia-Suor-Maria-Troncatti_7-696x1042.jpg 696w, https:\/\/www.cgfmanet.org\/wp-content\/uploads\/2025\/09\/Reliquia-Suor-Maria-Troncatti_7.jpg 1181w\" data-sizes=\"auto\" alt=\"\" src=\"data:image\/svg+xml;base64,PHN2ZyB3aWR0aD0iMSIgaGVpZ2h0PSIxIiB4bWxucz0iaHR0cDovL3d3dy53My5vcmcvMjAwMC9zdmciPjwvc3ZnPg==\" class=\"lazyload\" style=\"--smush-placeholder-width: 281px; --smush-placeholder-aspect-ratio: 281\/420;\" data-original-sizes=\"(max-width: 281px) 100vw, 281px\">\r\n                            <\/a>\r\n                            \r\n                        <\/figure>\r\n                    <\/div>\r\n                    <div class = \"td-slide-item td-item12\">\r\n                        <figure class=\"td-slide-galery-figure td-slide-popup-gallery\">\r\n                            <a class=\"slide-gallery-image-link\" href=\"https:\/\/www.cgfmanet.org\/wp-content\/uploads\/2025\/09\/Reliquia-Suor-Maria-Troncatti_1.jpg\" title=\"Reliquia Suor Maria Troncatti_1\"  data-caption=\"\"  data-description=\"\">\r\n                                <img decoding=\"async\" data-src=\"https:\/\/www.cgfmanet.org\/wp-content\/uploads\/2025\/09\/Reliquia-Suor-Maria-Troncatti_1-630x420.jpg\" data-srcset=\"https:\/\/www.cgfmanet.org\/wp-content\/uploads\/2025\/09\/Reliquia-Suor-Maria-Troncatti_1-630x420.jpg 630w, https:\/\/www.cgfmanet.org\/wp-content\/uploads\/2025\/09\/Reliquia-Suor-Maria-Troncatti_1-768x512.jpg 768w, https:\/\/www.cgfmanet.org\/wp-content\/uploads\/2025\/09\/Reliquia-Suor-Maria-Troncatti_1-696x464.jpg 696w, https:\/\/www.cgfmanet.org\/wp-content\/uploads\/2025\/09\/Reliquia-Suor-Maria-Troncatti_1.jpg 1181w\" data-sizes=\"auto\" alt=\"\" src=\"data:image\/svg+xml;base64,PHN2ZyB3aWR0aD0iMSIgaGVpZ2h0PSIxIiB4bWxucz0iaHR0cDovL3d3dy53My5vcmcvMjAwMC9zdmciPjwvc3ZnPg==\" class=\"lazyload\" style=\"--smush-placeholder-width: 630px; --smush-placeholder-aspect-ratio: 630\/420;\" data-original-sizes=\"(max-width: 630px) 100vw, 630px\">\r\n                            <\/a>\r\n                            \r\n                        <\/figure>\r\n                    <\/div>\r\n                    <div class = \"td-slide-item td-item13\">\r\n                        <figure class=\"td-slide-galery-figure td-slide-popup-gallery\">\r\n                            <a class=\"slide-gallery-image-link\" href=\"https:\/\/www.cgfmanet.org\/wp-content\/uploads\/2025\/09\/Reliquia-Suor-Maria-Troncatti_14.jpg\" title=\"Reliquia Suor Maria Troncatti_14\"  data-caption=\"\"  data-description=\"\">\r\n                                <img decoding=\"async\" data-src=\"https:\/\/www.cgfmanet.org\/wp-content\/uploads\/2025\/09\/Reliquia-Suor-Maria-Troncatti_14-630x420.jpg\" data-srcset=\"https:\/\/www.cgfmanet.org\/wp-content\/uploads\/2025\/09\/Reliquia-Suor-Maria-Troncatti_14-630x420.jpg 630w, https:\/\/www.cgfmanet.org\/wp-content\/uploads\/2025\/09\/Reliquia-Suor-Maria-Troncatti_14-768x512.jpg 768w, https:\/\/www.cgfmanet.org\/wp-content\/uploads\/2025\/09\/Reliquia-Suor-Maria-Troncatti_14-696x464.jpg 696w, https:\/\/www.cgfmanet.org\/wp-content\/uploads\/2025\/09\/Reliquia-Suor-Maria-Troncatti_14.jpg 1181w\" data-sizes=\"auto\" alt=\"\" src=\"data:image\/svg+xml;base64,PHN2ZyB3aWR0aD0iMSIgaGVpZ2h0PSIxIiB4bWxucz0iaHR0cDovL3d3dy53My5vcmcvMjAwMC9zdmciPjwvc3ZnPg==\" class=\"lazyload\" style=\"--smush-placeholder-width: 630px; --smush-placeholder-aspect-ratio: 630\/420;\" data-original-sizes=\"(max-width: 630px) 100vw, 630px\">\r\n                            <\/a>\r\n                            \r\n                        <\/figure>\r\n                    <\/div>\r\n                    <div class = \"td-slide-item td-item14\">\r\n                        <figure class=\"td-slide-galery-figure td-slide-popup-gallery\">\r\n                            <a class=\"slide-gallery-image-link\" href=\"https:\/\/www.cgfmanet.org\/wp-content\/uploads\/2025\/09\/Reliquia-Suor-Maria-Troncatti_11.jpg\" title=\"Reliquia Suor Maria Troncatti_11\"  data-caption=\"\"  data-description=\"\">\r\n                                <img decoding=\"async\" data-src=\"https:\/\/www.cgfmanet.org\/wp-content\/uploads\/2025\/09\/Reliquia-Suor-Maria-Troncatti_11-630x420.jpg\" data-srcset=\"https:\/\/www.cgfmanet.org\/wp-content\/uploads\/2025\/09\/Reliquia-Suor-Maria-Troncatti_11-630x420.jpg 630w, https:\/\/www.cgfmanet.org\/wp-content\/uploads\/2025\/09\/Reliquia-Suor-Maria-Troncatti_11-768x512.jpg 768w, https:\/\/www.cgfmanet.org\/wp-content\/uploads\/2025\/09\/Reliquia-Suor-Maria-Troncatti_11-696x464.jpg 696w, https:\/\/www.cgfmanet.org\/wp-content\/uploads\/2025\/09\/Reliquia-Suor-Maria-Troncatti_11.jpg 1181w\" data-sizes=\"auto\" alt=\"\" src=\"data:image\/svg+xml;base64,PHN2ZyB3aWR0aD0iMSIgaGVpZ2h0PSIxIiB4bWxucz0iaHR0cDovL3d3dy53My5vcmcvMjAwMC9zdmciPjwvc3ZnPg==\" class=\"lazyload\" style=\"--smush-placeholder-width: 630px; --smush-placeholder-aspect-ratio: 630\/420;\" data-original-sizes=\"(max-width: 630px) 100vw, 630px\">\r\n                            <\/a>\r\n                            \r\n                        <\/figure>\r\n                    <\/div>\r\n                            <\/div>\r\n                        <\/div>\r\n\r\n                        <div class = \"td-doubleSlider-2\">\r\n                            <div class = \"td-slider\">\r\n                                \r\n                    <div class = \"td-button td-item1\">\r\n                        <div class = \"td-border\"><\/div>\r\n                    <\/div>\r\n                    <div class = \"td-button td-item2\">\r\n                        <div class = \"td-border\"><\/div>\r\n                    <\/div>\r\n                    <div class = \"td-button td-item3\">\r\n                        <div class = \"td-border\"><\/div>\r\n                    <\/div>\r\n                    <div class = \"td-button td-item4\">\r\n                        <div class = \"td-border\"><\/div>\r\n                    <\/div>\r\n                    <div class = \"td-button td-item5\">\r\n                        <div class = \"td-border\"><\/div>\r\n                    <\/div>\r\n                    <div class = \"td-button td-item6\">\r\n                        <div class = \"td-border\"><\/div>\r\n                    <\/div>\r\n                    <div class = \"td-button td-item7\">\r\n                        <div class = \"td-border\"><\/div>\r\n                    <\/div>\r\n                    <div class = \"td-button td-item8\">\r\n                        <div class = \"td-border\"><\/div>\r\n                    <\/div>\r\n                    <div class = \"td-button td-item9\">\r\n                        <div class = \"td-border\"><\/div>\r\n                    <\/div>\r\n                    <div class = \"td-button td-item10\">\r\n                        <div class = \"td-border\"><\/div>\r\n                    <\/div>\r\n                    <div class = \"td-button td-item11\">\r\n                        <div class = \"td-border\"><\/div>\r\n                    <\/div>\r\n                    <div class = \"td-button td-item12\">\r\n                        <div class = \"td-border\"><\/div>\r\n                    <\/div>\r\n                    <div class = \"td-button td-item13\">\r\n                        <div class = \"td-border\"><\/div>\r\n                    <\/div>\r\n                    <div class = \"td-button td-item14\">\r\n                        <div class = \"td-border\"><\/div>\r\n                    <\/div>\r\n                            <\/div>\r\n                        <\/div>\r\n\r\n                    <\/div>\r\n\r\n                <\/div>\r\n                \n","protected":false},"excerpt":{"rendered":"<p>Roma (Italia). El 24 de septiembre de 2025, la Comunidad Mar\u00eda Auxiliadora de la Casa Generalicia, junto a la Superiora General del Instituto de las Hijas de Mar\u00eda Auxiliadora, Madre [&hellip;]<\/p>\n","protected":false},"author":21,"featured_media":143139,"comment_status":"open","ping_status":"closed","sticky":false,"template":"","format":"standard","meta":{"footnotes":""},"categories":[2470,158],"tags":[1383,1451,1640,1779,1931,2379],"class_list":["post-143164","post","type-post","status-publish","format-standard","has-post-thumbnail","category-150-misiones-fma","category-ifma-es","tag-rcg-es","tag-santidad-salesiana","tag-maria-troncatti-es","tag-familia-salesiana-es","tag-focus-es","tag-madre-chiara-cazzuola-es"],"yoast_head":"<!-- This site is optimized with the Yoast SEO plugin v27.4 - https:\/\/yoast.com\/product\/yoast-seo-wordpress\/ -->\n<title>La Reliquia de Sor Mar\u00eda Troncatti en la Casa Generalicia &#8226; Istituto Figlie di Maria Ausiliatrice<\/title>\n<meta name=\"description\" content=\"El 24 de septiembre de 2025, en la Eucarist\u00eda presidida por el Postulador para las Causas de los Santos de la Familia Salesiana, fue llevada a la Casa Generalicia FMA de Roma la reliquia de una falange de la mano de Sor Mar\u00eda Troncatti.\" \/>\n<meta name=\"robots\" content=\"index, follow, max-snippet:-1, max-image-preview:large, max-video-preview:-1\" \/>\n<link rel=\"canonical\" href=\"https:\/\/www.cgfmanet.org\/ifma\/la-reliquia-di-suor-maria-troncatti-in-casa-generalizia\/\" \/>\n<meta property=\"og:locale\" content=\"es_ES\" \/>\n<meta property=\"og:type\" content=\"article\" \/>\n<meta property=\"og:title\" content=\"La Reliquia de Sor Mar\u00eda Troncatti en la Casa Generalicia &#8226; Istituto Figlie di Maria Ausiliatrice\" \/>\n<meta property=\"og:description\" content=\"El 24 de septiembre de 2025, en la Eucarist\u00eda presidida por el Postulador para las Causas de los Santos de la Familia Salesiana, fue llevada a la Casa Generalicia FMA de Roma la reliquia de una falange de la mano de Sor Mar\u00eda Troncatti.\" \/>\n<meta property=\"og:url\" content=\"https:\/\/www.cgfmanet.org\/ifma\/la-reliquia-di-suor-maria-troncatti-in-casa-generalizia\/\" \/>\n<meta property=\"og:site_name\" content=\"Istituto Figlie di Maria Ausiliatrice\" \/>\n<meta property=\"article:publisher\" content=\"https:\/\/www.facebook.com\/salesian.sisters.of.don.bosco\/\" \/>\n<meta property=\"article:published_time\" content=\"2025-09-24T14:22:48+00:00\" \/>\n<meta property=\"article:modified_time\" content=\"2025-09-25T20:33:06+00:00\" \/>\n<meta property=\"og:image\" content=\"https:\/\/www.cgfmanet.org\/wp-content\/uploads\/2025\/09\/Reliquia-Suor-Maria-Troncatti.jpg\" \/>\n\t<meta property=\"og:image:width\" content=\"1181\" \/>\n\t<meta property=\"og:image:height\" content=\"788\" \/>\n\t<meta property=\"og:image:type\" content=\"image\/jpeg\" \/>\n<meta name=\"author\" content=\"Redazione\" \/>\n<meta name=\"twitter:card\" content=\"summary_large_image\" \/>\n<meta name=\"twitter:creator\" content=\"@Cgfmanet_Org\" \/>\n<meta name=\"twitter:site\" content=\"@Cgfmanet_Org\" \/>\n<meta name=\"twitter:label1\" content=\"Escrito por\" \/>\n\t<meta name=\"twitter:data1\" content=\"Redazione\" \/>\n\t<meta name=\"twitter:label2\" content=\"Tiempo de lectura\" \/>\n\t<meta name=\"twitter:data2\" content=\"6 minutos\" \/>\n<script type=\"application\/ld+json\" class=\"yoast-schema-graph\">{\"@context\":\"https:\\\/\\\/schema.org\",\"@graph\":[{\"@type\":\"Article\",\"@id\":\"https:\\\/\\\/www.cgfmanet.org\\\/ifma\\\/la-reliquia-di-suor-maria-troncatti-in-casa-generalizia\\\/#article\",\"isPartOf\":{\"@id\":\"https:\\\/\\\/www.cgfmanet.org\\\/ifma\\\/la-reliquia-di-suor-maria-troncatti-in-casa-generalizia\\\/\"},\"author\":{\"name\":\"Redazione\",\"@id\":\"https:\\\/\\\/www.cgfmanet.org\\\/es\\\/#\\\/schema\\\/person\\\/ce6473083f53ef0ef882cca23f0c8fb9\"},\"headline\":\"La Reliquia de Sor Mar\u00eda Troncatti en la Casa Generalicia\",\"datePublished\":\"2025-09-24T14:22:48+00:00\",\"dateModified\":\"2025-09-25T20:33:06+00:00\",\"mainEntityOfPage\":{\"@id\":\"https:\\\/\\\/www.cgfmanet.org\\\/ifma\\\/la-reliquia-di-suor-maria-troncatti-in-casa-generalizia\\\/\"},\"wordCount\":1170,\"commentCount\":0,\"publisher\":{\"@id\":\"https:\\\/\\\/www.cgfmanet.org\\\/es\\\/#organization\"},\"image\":{\"@id\":\"https:\\\/\\\/www.cgfmanet.org\\\/ifma\\\/la-reliquia-di-suor-maria-troncatti-in-casa-generalizia\\\/#primaryimage\"},\"thumbnailUrl\":\"https:\\\/\\\/www.cgfmanet.org\\\/wp-content\\\/uploads\\\/2025\\\/09\\\/Reliquia-Suor-Maria-Troncatti.jpg\",\"keywords\":[\"RCG\",\"Santidad Salesiana\",\"Maria Troncatti\",\"Familia Salesiana\",\"Focus\",\"Madre Chiara Cazzuola\"],\"articleSection\":[\"150\u00b0 Misiones FMA\",\"IFMA\"],\"inLanguage\":\"es\",\"potentialAction\":[{\"@type\":\"CommentAction\",\"name\":\"Comment\",\"target\":[\"https:\\\/\\\/www.cgfmanet.org\\\/ifma\\\/la-reliquia-di-suor-maria-troncatti-in-casa-generalizia\\\/#respond\"]}]},{\"@type\":\"WebPage\",\"@id\":\"https:\\\/\\\/www.cgfmanet.org\\\/ifma\\\/la-reliquia-di-suor-maria-troncatti-in-casa-generalizia\\\/\",\"url\":\"https:\\\/\\\/www.cgfmanet.org\\\/ifma\\\/la-reliquia-di-suor-maria-troncatti-in-casa-generalizia\\\/\",\"name\":\"La Reliquia de Sor Mar\u00eda Troncatti en la Casa Generalicia &#8226; Istituto Figlie di Maria Ausiliatrice\",\"isPartOf\":{\"@id\":\"https:\\\/\\\/www.cgfmanet.org\\\/es\\\/#website\"},\"primaryImageOfPage\":{\"@id\":\"https:\\\/\\\/www.cgfmanet.org\\\/ifma\\\/la-reliquia-di-suor-maria-troncatti-in-casa-generalizia\\\/#primaryimage\"},\"image\":{\"@id\":\"https:\\\/\\\/www.cgfmanet.org\\\/ifma\\\/la-reliquia-di-suor-maria-troncatti-in-casa-generalizia\\\/#primaryimage\"},\"thumbnailUrl\":\"https:\\\/\\\/www.cgfmanet.org\\\/wp-content\\\/uploads\\\/2025\\\/09\\\/Reliquia-Suor-Maria-Troncatti.jpg\",\"datePublished\":\"2025-09-24T14:22:48+00:00\",\"dateModified\":\"2025-09-25T20:33:06+00:00\",\"description\":\"El 24 de septiembre de 2025, en la Eucarist\u00eda presidida por el Postulador para las Causas de los Santos de la Familia Salesiana, fue llevada a la Casa Generalicia FMA de Roma la reliquia de una falange de la mano de Sor Mar\u00eda Troncatti.\",\"breadcrumb\":{\"@id\":\"https:\\\/\\\/www.cgfmanet.org\\\/ifma\\\/la-reliquia-di-suor-maria-troncatti-in-casa-generalizia\\\/#breadcrumb\"},\"inLanguage\":\"es\",\"potentialAction\":[{\"@type\":\"ReadAction\",\"target\":[\"https:\\\/\\\/www.cgfmanet.org\\\/ifma\\\/la-reliquia-di-suor-maria-troncatti-in-casa-generalizia\\\/\"]}]},{\"@type\":\"ImageObject\",\"inLanguage\":\"es\",\"@id\":\"https:\\\/\\\/www.cgfmanet.org\\\/ifma\\\/la-reliquia-di-suor-maria-troncatti-in-casa-generalizia\\\/#primaryimage\",\"url\":\"https:\\\/\\\/www.cgfmanet.org\\\/wp-content\\\/uploads\\\/2025\\\/09\\\/Reliquia-Suor-Maria-Troncatti.jpg\",\"contentUrl\":\"https:\\\/\\\/www.cgfmanet.org\\\/wp-content\\\/uploads\\\/2025\\\/09\\\/Reliquia-Suor-Maria-Troncatti.jpg\",\"width\":1181,\"height\":788},{\"@type\":\"BreadcrumbList\",\"@id\":\"https:\\\/\\\/www.cgfmanet.org\\\/ifma\\\/la-reliquia-di-suor-maria-troncatti-in-casa-generalizia\\\/#breadcrumb\",\"itemListElement\":[{\"@type\":\"ListItem\",\"position\":1,\"name\":\"Home\",\"item\":\"https:\\\/\\\/www.cgfmanet.org\\\/es\\\/\"},{\"@type\":\"ListItem\",\"position\":2,\"name\":\"La Reliquia de Sor Mar\u00eda Troncatti en la Casa Generalicia\"}]},{\"@type\":\"WebSite\",\"@id\":\"https:\\\/\\\/www.cgfmanet.org\\\/es\\\/#website\",\"url\":\"https:\\\/\\\/www.cgfmanet.org\\\/es\\\/\",\"name\":\"Istituto Figlie di Maria Ausiliatrice\",\"description\":\"Salesiane di Don Bosco\",\"publisher\":{\"@id\":\"https:\\\/\\\/www.cgfmanet.org\\\/es\\\/#organization\"},\"potentialAction\":[{\"@type\":\"SearchAction\",\"target\":{\"@type\":\"EntryPoint\",\"urlTemplate\":\"https:\\\/\\\/www.cgfmanet.org\\\/es\\\/?s={search_term_string}\"},\"query-input\":{\"@type\":\"PropertyValueSpecification\",\"valueRequired\":true,\"valueName\":\"search_term_string\"}}],\"inLanguage\":\"es\"},{\"@type\":\"Organization\",\"@id\":\"https:\\\/\\\/www.cgfmanet.org\\\/es\\\/#organization\",\"name\":\"Istituto Figlie di Maria Ausiliatrice\",\"url\":\"https:\\\/\\\/www.cgfmanet.org\\\/es\\\/\",\"logo\":{\"@type\":\"ImageObject\",\"inLanguage\":\"es\",\"@id\":\"https:\\\/\\\/www.cgfmanet.org\\\/es\\\/#\\\/schema\\\/logo\\\/image\\\/\",\"url\":\"https:\\\/\\\/www.cgfmanet.org\\\/wp-content\\\/uploads\\\/2018\\\/10\\\/logo-fma.png\",\"contentUrl\":\"https:\\\/\\\/www.cgfmanet.org\\\/wp-content\\\/uploads\\\/2018\\\/10\\\/logo-fma.png\",\"width\":214,\"height\":55,\"caption\":\"Istituto Figlie di Maria Ausiliatrice\"},\"image\":{\"@id\":\"https:\\\/\\\/www.cgfmanet.org\\\/es\\\/#\\\/schema\\\/logo\\\/image\\\/\"},\"sameAs\":[\"https:\\\/\\\/www.facebook.com\\\/salesian.sisters.of.don.bosco\\\/\",\"https:\\\/\\\/x.com\\\/Cgfmanet_Org\",\"https:\\\/\\\/www.youtube.com\\\/channel\\\/UCmcr8yFQBV7JXeXVxyV9y5Q\"]},{\"@type\":\"Person\",\"@id\":\"https:\\\/\\\/www.cgfmanet.org\\\/es\\\/#\\\/schema\\\/person\\\/ce6473083f53ef0ef882cca23f0c8fb9\",\"name\":\"Redazione\"}]}<\/script>\n<!-- \/ Yoast SEO plugin. -->","yoast_head_json":{"title":"La Reliquia de Sor Mar\u00eda Troncatti en la Casa Generalicia &#8226; Istituto Figlie di Maria Ausiliatrice","description":"El 24 de septiembre de 2025, en la Eucarist\u00eda presidida por el Postulador para las Causas de los Santos de la Familia Salesiana, fue llevada a la Casa Generalicia FMA de Roma la reliquia de una falange de la mano de Sor Mar\u00eda Troncatti.","robots":{"index":"index","follow":"follow","max-snippet":"max-snippet:-1","max-image-preview":"max-image-preview:large","max-video-preview":"max-video-preview:-1"},"canonical":"https:\/\/www.cgfmanet.org\/ifma\/la-reliquia-di-suor-maria-troncatti-in-casa-generalizia\/","og_locale":"es_ES","og_type":"article","og_title":"La Reliquia de Sor Mar\u00eda Troncatti en la Casa Generalicia &#8226; Istituto Figlie di Maria Ausiliatrice","og_description":"El 24 de septiembre de 2025, en la Eucarist\u00eda presidida por el Postulador para las Causas de los Santos de la Familia Salesiana, fue llevada a la Casa Generalicia FMA de Roma la reliquia de una falange de la mano de Sor Mar\u00eda Troncatti.","og_url":"https:\/\/www.cgfmanet.org\/ifma\/la-reliquia-di-suor-maria-troncatti-in-casa-generalizia\/","og_site_name":"Istituto Figlie di Maria Ausiliatrice","article_publisher":"https:\/\/www.facebook.com\/salesian.sisters.of.don.bosco\/","article_published_time":"2025-09-24T14:22:48+00:00","article_modified_time":"2025-09-25T20:33:06+00:00","og_image":[{"width":1181,"height":788,"url":"https:\/\/www.cgfmanet.org\/wp-content\/uploads\/2025\/09\/Reliquia-Suor-Maria-Troncatti.jpg","type":"image\/jpeg"}],"author":"Redazione","twitter_card":"summary_large_image","twitter_creator":"@Cgfmanet_Org","twitter_site":"@Cgfmanet_Org","twitter_misc":{"Escrito por":"Redazione","Tiempo de lectura":"6 minutos"},"schema":{"@context":"https:\/\/schema.org","@graph":[{"@type":"Article","@id":"https:\/\/www.cgfmanet.org\/ifma\/la-reliquia-di-suor-maria-troncatti-in-casa-generalizia\/#article","isPartOf":{"@id":"https:\/\/www.cgfmanet.org\/ifma\/la-reliquia-di-suor-maria-troncatti-in-casa-generalizia\/"},"author":{"name":"Redazione","@id":"https:\/\/www.cgfmanet.org\/es\/#\/schema\/person\/ce6473083f53ef0ef882cca23f0c8fb9"},"headline":"La Reliquia de Sor Mar\u00eda Troncatti en la Casa Generalicia","datePublished":"2025-09-24T14:22:48+00:00","dateModified":"2025-09-25T20:33:06+00:00","mainEntityOfPage":{"@id":"https:\/\/www.cgfmanet.org\/ifma\/la-reliquia-di-suor-maria-troncatti-in-casa-generalizia\/"},"wordCount":1170,"commentCount":0,"publisher":{"@id":"https:\/\/www.cgfmanet.org\/es\/#organization"},"image":{"@id":"https:\/\/www.cgfmanet.org\/ifma\/la-reliquia-di-suor-maria-troncatti-in-casa-generalizia\/#primaryimage"},"thumbnailUrl":"https:\/\/www.cgfmanet.org\/wp-content\/uploads\/2025\/09\/Reliquia-Suor-Maria-Troncatti.jpg","keywords":["RCG","Santidad Salesiana","Maria Troncatti","Familia Salesiana","Focus","Madre Chiara Cazzuola"],"articleSection":["150\u00b0 Misiones FMA","IFMA"],"inLanguage":"es","potentialAction":[{"@type":"CommentAction","name":"Comment","target":["https:\/\/www.cgfmanet.org\/ifma\/la-reliquia-di-suor-maria-troncatti-in-casa-generalizia\/#respond"]}]},{"@type":"WebPage","@id":"https:\/\/www.cgfmanet.org\/ifma\/la-reliquia-di-suor-maria-troncatti-in-casa-generalizia\/","url":"https:\/\/www.cgfmanet.org\/ifma\/la-reliquia-di-suor-maria-troncatti-in-casa-generalizia\/","name":"La Reliquia de Sor Mar\u00eda Troncatti en la Casa Generalicia &#8226; Istituto Figlie di Maria Ausiliatrice","isPartOf":{"@id":"https:\/\/www.cgfmanet.org\/es\/#website"},"primaryImageOfPage":{"@id":"https:\/\/www.cgfmanet.org\/ifma\/la-reliquia-di-suor-maria-troncatti-in-casa-generalizia\/#primaryimage"},"image":{"@id":"https:\/\/www.cgfmanet.org\/ifma\/la-reliquia-di-suor-maria-troncatti-in-casa-generalizia\/#primaryimage"},"thumbnailUrl":"https:\/\/www.cgfmanet.org\/wp-content\/uploads\/2025\/09\/Reliquia-Suor-Maria-Troncatti.jpg","datePublished":"2025-09-24T14:22:48+00:00","dateModified":"2025-09-25T20:33:06+00:00","description":"El 24 de septiembre de 2025, en la Eucarist\u00eda presidida por el Postulador para las Causas de los Santos de la Familia Salesiana, fue llevada a la Casa Generalicia FMA de Roma la reliquia de una falange de la mano de Sor Mar\u00eda Troncatti.","breadcrumb":{"@id":"https:\/\/www.cgfmanet.org\/ifma\/la-reliquia-di-suor-maria-troncatti-in-casa-generalizia\/#breadcrumb"},"inLanguage":"es","potentialAction":[{"@type":"ReadAction","target":["https:\/\/www.cgfmanet.org\/ifma\/la-reliquia-di-suor-maria-troncatti-in-casa-generalizia\/"]}]},{"@type":"ImageObject","inLanguage":"es","@id":"https:\/\/www.cgfmanet.org\/ifma\/la-reliquia-di-suor-maria-troncatti-in-casa-generalizia\/#primaryimage","url":"https:\/\/www.cgfmanet.org\/wp-content\/uploads\/2025\/09\/Reliquia-Suor-Maria-Troncatti.jpg","contentUrl":"https:\/\/www.cgfmanet.org\/wp-content\/uploads\/2025\/09\/Reliquia-Suor-Maria-Troncatti.jpg","width":1181,"height":788},{"@type":"BreadcrumbList","@id":"https:\/\/www.cgfmanet.org\/ifma\/la-reliquia-di-suor-maria-troncatti-in-casa-generalizia\/#breadcrumb","itemListElement":[{"@type":"ListItem","position":1,"name":"Home","item":"https:\/\/www.cgfmanet.org\/es\/"},{"@type":"ListItem","position":2,"name":"La Reliquia de Sor Mar\u00eda Troncatti en la Casa Generalicia"}]},{"@type":"WebSite","@id":"https:\/\/www.cgfmanet.org\/es\/#website","url":"https:\/\/www.cgfmanet.org\/es\/","name":"Istituto Figlie di Maria Ausiliatrice","description":"Salesiane di Don Bosco","publisher":{"@id":"https:\/\/www.cgfmanet.org\/es\/#organization"},"potentialAction":[{"@type":"SearchAction","target":{"@type":"EntryPoint","urlTemplate":"https:\/\/www.cgfmanet.org\/es\/?s={search_term_string}"},"query-input":{"@type":"PropertyValueSpecification","valueRequired":true,"valueName":"search_term_string"}}],"inLanguage":"es"},{"@type":"Organization","@id":"https:\/\/www.cgfmanet.org\/es\/#organization","name":"Istituto Figlie di Maria Ausiliatrice","url":"https:\/\/www.cgfmanet.org\/es\/","logo":{"@type":"ImageObject","inLanguage":"es","@id":"https:\/\/www.cgfmanet.org\/es\/#\/schema\/logo\/image\/","url":"https:\/\/www.cgfmanet.org\/wp-content\/uploads\/2018\/10\/logo-fma.png","contentUrl":"https:\/\/www.cgfmanet.org\/wp-content\/uploads\/2018\/10\/logo-fma.png","width":214,"height":55,"caption":"Istituto Figlie di Maria Ausiliatrice"},"image":{"@id":"https:\/\/www.cgfmanet.org\/es\/#\/schema\/logo\/image\/"},"sameAs":["https:\/\/www.facebook.com\/salesian.sisters.of.don.bosco\/","https:\/\/x.com\/Cgfmanet_Org","https:\/\/www.youtube.com\/channel\/UCmcr8yFQBV7JXeXVxyV9y5Q"]},{"@type":"Person","@id":"https:\/\/www.cgfmanet.org\/es\/#\/schema\/person\/ce6473083f53ef0ef882cca23f0c8fb9","name":"Redazione"}]}},"_links":{"self":[{"href":"https:\/\/www.cgfmanet.org\/es\/wp-json\/wp\/v2\/posts\/143164","targetHints":{"allow":["GET"]}}],"collection":[{"href":"https:\/\/www.cgfmanet.org\/es\/wp-json\/wp\/v2\/posts"}],"about":[{"href":"https:\/\/www.cgfmanet.org\/es\/wp-json\/wp\/v2\/types\/post"}],"author":[{"embeddable":true,"href":"https:\/\/www.cgfmanet.org\/es\/wp-json\/wp\/v2\/users\/21"}],"replies":[{"embeddable":true,"href":"https:\/\/www.cgfmanet.org\/es\/wp-json\/wp\/v2\/comments?post=143164"}],"version-history":[{"count":3,"href":"https:\/\/www.cgfmanet.org\/es\/wp-json\/wp\/v2\/posts\/143164\/revisions"}],"predecessor-version":[{"id":143303,"href":"https:\/\/www.cgfmanet.org\/es\/wp-json\/wp\/v2\/posts\/143164\/revisions\/143303"}],"wp:featuredmedia":[{"embeddable":true,"href":"https:\/\/www.cgfmanet.org\/es\/wp-json\/wp\/v2\/media\/143139"}],"wp:attachment":[{"href":"https:\/\/www.cgfmanet.org\/es\/wp-json\/wp\/v2\/media?parent=143164"}],"wp:term":[{"taxonomy":"category","embeddable":true,"href":"https:\/\/www.cgfmanet.org\/es\/wp-json\/wp\/v2\/categories?post=143164"},{"taxonomy":"post_tag","embeddable":true,"href":"https:\/\/www.cgfmanet.org\/es\/wp-json\/wp\/v2\/tags?post=143164"}],"curies":[{"name":"wp","href":"https:\/\/api.w.org\/{rel}","templated":true}]}}