{"id":141736,"date":"2025-09-06T12:12:43","date_gmt":"2025-09-06T10:12:43","guid":{"rendered":"https:\/\/www.cgfmanet.org\/infoesfera\/giornata-internazionale-dellalfabetizzazione-2025\/"},"modified":"2025-09-06T22:17:20","modified_gmt":"2025-09-06T20:17:20","slug":"dia-internacional-de-la-alfabetizacion-2025","status":"publish","type":"post","link":"https:\/\/www.cgfmanet.org\/es\/infoesfera\/dia-internacional-de-la-alfabetizacion-2025\/","title":{"rendered":"D\u00eda Internacional de la Alfabetizaci\u00f3n 2025"},"content":{"rendered":"<p><strong>Roma (Italia).<\/strong> El 8 de septiembre de 2025 se celebra el D\u00eda Internacional de la Alfabetizaci\u00f3n (ILD), establecido en 1966 por la Organizaci\u00f3n de las Naciones Unidas para la Educaci\u00f3n, la Ciencia y la Cultura (UNESCO) para sensibilizar y llamar la atenci\u00f3n sobre la importancia de la alfabetizaci\u00f3n a nivel local, nacional e internacional. El ILD 2025 pretende celebrar los progresos en materia de alfabetizaci\u00f3n en todo el mundo y reflexionar sobre c\u00f3mo la ense\u00f1anza, el aprendizaje, los programas y las pol\u00edticas en la materia deben ser concebidos, gestionados y supervisados en un mundo digitalizado.<\/p>\n<p>El lema del D\u00eda 2025, <strong>\u00abPromover la alfabetizaci\u00f3n en la era digital\u00bb<\/strong>, subraya la necesidad de adquirir competencias y utilizar herramientas digitales para progresar en la actual era digital. <strong>La alfabetizaci\u00f3n digital es una herramienta importante para el empoderamiento personal, para la participaci\u00f3n activa y transformadora en la sociedad y para la inclusi\u00f3n social.<\/strong> La UNESCO, la agencia de la ONU encargada de recordar a la comunidad internacional el estado de la alfabetizaci\u00f3n y el aprendizaje de los adultos a nivel mundial, subraya que: \u00abLa alfabetizaci\u00f3n es una clave para que la transformaci\u00f3n sea inclusiva, sostenible, pertinente y significativa. M\u00e1s all\u00e1 de la lectura y la escritura en papel, la alfabetizaci\u00f3n en la era digital permite a las personas acceder, comprender, evaluar, crear, comunicar e interactuar con contenidos digitales de forma segura y apropiada. La alfabetizaci\u00f3n tambi\u00e9n es fundamental para promover el pensamiento cr\u00edtico, distinguir la informaci\u00f3n cre\u00edble y orientarse en entornos informativos complejos\u00bb.<\/p>\n<p>Aunque el paso a lo digital puede ofrecer nuevas oportunidades de aprendizaje, ampliando los horizontes de las personas marginadas, tambi\u00e9n corre el riesgo de \u00abcrear una doble marginaci\u00f3n: la exclusi\u00f3n no s\u00f3lo del aprendizaje tradicional, sino tambi\u00e9n de los beneficios de la era digital\u00bb. Seg\u00fan datos de la<strong><a href=\"https:\/\/www.unesco.org\/en\/days\/literacy\" target=\"_blank\" rel=\"noopener\"><span style=\"color: #0000ff;\"> UNESCO<\/span><\/a><\/strong>, estos grupos marginados incluyen a 754 millones de analfabetos mayores de 15 a\u00f1os (las mujeres representan dos tercios de la poblaci\u00f3n adulta analfabeta), 250 millones de ni\u00f1os sin las competencias b\u00e1sicas de alfabetizaci\u00f3n y unos 75 millones de ni\u00f1os que no asisten a la escuela, lo hacen de forma irregular o la abandonan.<\/p>\n<p>El desaf\u00edo del analfabetismo mundial exige, por lo tanto, esfuerzos continuos y espec\u00edficos para alcanzar el Objetivo de Desarrollo Sostenible (SDG) n\u00famero 4, es decir, una educaci\u00f3n de calidad. La digitalizaci\u00f3n tambi\u00e9n plantea otros problemas, como la privacidad, la protecci\u00f3n de los datos personales, la vigilancia digital, el refuerzo de los prejuicios, la \u00e9tica, el riesgo de consumo pasivo y el impacto medioambiental.<\/p>\n<p><strong>Una historia de esperanza<\/strong><\/p>\n<p>Este D\u00eda es tambi\u00e9n una oportunidad para celebrar a los casi cuatro mil millones de personas alfabetizadas en el mundo, en particular las procedentes de comunidades marginadas como los <strong><span style=\"color: #0000ff;\"><a style=\"color: #0000ff;\" href=\"https:\/\/www.peoplesoftheworld.org\/aetas\/\" target=\"_blank\" rel=\"noopener\">Aeta de Filipinas<\/a><\/span><\/strong> que han encontrado esperanza a trav\u00e9s de la educaci\u00f3n. Todo comenz\u00f3 cuando <strong><span style=\"color: #0000ff;\"><a style=\"color: #0000ff;\" href=\"https:\/\/acts-singapore.com\/\" target=\"_blank\" rel=\"noopener\">ACTS Singapur<\/a><\/span><\/strong>, apoy\u00f3 uno de los proyectos de divulgaci\u00f3n <strong>de la Comunidad Mar\u00eda Auxiliadora en Pampanga, de la Inspector\u00eda Santa Mar\u00eda Domenica Mazzarello (FIL), ofreciendo becas a nueve j\u00f3venes Aeta.<\/strong><\/p>\n<p>Para muchos Aeta, continuar con la educaci\u00f3n superior era impensable. La determinaci\u00f3n, la tenacidad y el compromiso de estos nueve estudiantes dieron sus frutos cuando lograron completar sus estudios: tres se convirtieron en profesores, tres se licenciaron en trabajo social y otros tres se hicieron polic\u00edas. Sus ejemplos encendieron la esperanza en la comunidad Aeta y animaron a los j\u00f3venes a creer que pod\u00edan superar la pobreza, la discriminaci\u00f3n o la incomprensi\u00f3n y alcanzar un futuro m\u00e1s brillante a trav\u00e9s del aprendizaje. Estos nueve j\u00f3venes Aeta demostraron que, incluso cuando el camino es dif\u00edcil y los medios escasos, los sue\u00f1os pueden hacerse realidad si se cuenta con el apoyo de personas de buena voluntad y se cree en la propia capacidad para crear un cambio.<\/p>\n<p>Hoy, las j\u00f3venes generaciones de Aeta est\u00e1n transformando lentamente la perspectiva de la comunidad sobre la educaci\u00f3n. La valent\u00eda de estos nueve estudiantes es la prueba de que, cuando se apoya, gu\u00eda y valora a los j\u00f3venes, pueden so\u00f1ar a lo grande y volar m\u00e1s alto. Su historia asegura a cada ni\u00f1o Aeta que la educaci\u00f3n no es s\u00f3lo una posibilidad: es su derecho, su llave y su futuro.<\/p>\n<p><strong>La Oficina de Derechos Humanos del Instituto Internacional Mar\u00eda Auxiliadora (IIMA) <\/strong>en Ginebra siempre ha promovido el derecho a la educaci\u00f3n, porque cree en la dignidad y el potencial de cada persona para ser un agente libre, activo y responsable de la transformaci\u00f3n de la sociedad. La alfabetizaci\u00f3n, como bien com\u00fan y derecho humano, debe promoverse y garantizarse. Requiere, sobre todo, pol\u00edticas e intervenciones eficaces por parte del Estado y una red de asociaciones entre el gobierno, la sociedad civil y los particulares que crean en el poder transformador de la educaci\u00f3n, si se quieren construir sociedades m\u00e1s inclusivas, justas y sostenibles.<\/p>\n<p><img decoding=\"async\" class=\"size-full wp-image-141717 aligncenter lazyload\" data-src=\"https:\/\/www.cgfmanet.org\/wp-content\/uploads\/2025\/09\/Giornata-Alfabetizzazione-2025_2.jpg\" alt=\"\" width=\"1200\" height=\"800\" data-srcset=\"https:\/\/www.cgfmanet.org\/wp-content\/uploads\/2025\/09\/Giornata-Alfabetizzazione-2025_2.jpg 1200w, https:\/\/www.cgfmanet.org\/wp-content\/uploads\/2025\/09\/Giornata-Alfabetizzazione-2025_2-768x512.jpg 768w, https:\/\/www.cgfmanet.org\/wp-content\/uploads\/2025\/09\/Giornata-Alfabetizzazione-2025_2-630x420.jpg 630w, https:\/\/www.cgfmanet.org\/wp-content\/uploads\/2025\/09\/Giornata-Alfabetizzazione-2025_2-696x464.jpg 696w\" data-sizes=\"auto\" src=\"data:image\/svg+xml;base64,PHN2ZyB3aWR0aD0iMSIgaGVpZ2h0PSIxIiB4bWxucz0iaHR0cDovL3d3dy53My5vcmcvMjAwMC9zdmciPjwvc3ZnPg==\" style=\"--smush-placeholder-width: 1200px; --smush-placeholder-aspect-ratio: 1200\/800;\" data-original-sizes=\"(max-width: 1200px) 100vw, 1200px\" \/><\/p>\n<p>La<span style=\"color: #0000ff;\"><strong><a style=\"color: #0000ff;\" href=\"http:\/\/www.iimageneva.org\" target=\"_blank\" rel=\"noopener\"> Oficina de Derechos Humanos del Instituto Internacional Mar\u00eda Auxiliadora (IIMA)<\/a><\/strong><\/span> en Ginebra siempre ha promovido el derecho a la educaci\u00f3n, porque cree en la dignidad y el potencial de cada persona para ser un agente libre, activo y responsable de la transformaci\u00f3n de la sociedad. La alfabetizaci\u00f3n, como bien com\u00fan y derecho humano, debe promoverse y garantizarse. Requiere, sobre todo, pol\u00edticas e intervenciones eficaces por parte del Estado y una red de asociaciones entre el gobierno, la sociedad civil y los particulares que crean en el poder transformador de la educaci\u00f3n, si se quieren construir sociedades m\u00e1s inclusivas, justas y sostenibles.<\/p>\n","protected":false},"excerpt":{"rendered":"<p>Roma (Italia). El 8 de septiembre de 2025 se celebra el D\u00eda Internacional de la Alfabetizaci\u00f3n (ILD), establecido en 1966 por la Organizaci\u00f3n de las Naciones Unidas para la Educaci\u00f3n, [&hellip;]<\/p>\n","protected":false},"author":21,"featured_media":141732,"comment_status":"open","ping_status":"closed","sticky":false,"template":"","format":"standard","meta":{"footnotes":""},"categories":[39,199],"tags":[339,1135,1145,1177,1623,1931],"class_list":["post-141736","post","type-post","status-publish","format-standard","has-post-thumbnail","category-infoesfera","category-derechos-humanos","tag-jovenes","tag-educacion","tag-fil-es","tag-iima-fma-es","tag-cittadinanza-es","tag-focus-es"],"yoast_head":"<!-- This site is optimized with the Yoast SEO plugin v27.4 - https:\/\/yoast.com\/product\/yoast-seo-wordpress\/ -->\n<title>D\u00eda Internacional de la Alfabetizaci\u00f3n 2025 &#8226; Istituto Figlie di Maria Ausiliatrice<\/title>\n<meta name=\"description\" content=\"El 8 de septiembre de 2025 se celebra el D\u00eda Internacional de la Alfabetizaci\u00f3n, bajo el lema &quot;Promover la alfabetizaci\u00f3n en la era digital&quot;.\" \/>\n<meta name=\"robots\" content=\"index, follow, max-snippet:-1, max-image-preview:large, max-video-preview:-1\" \/>\n<link rel=\"canonical\" href=\"https:\/\/www.cgfmanet.org\/es\/infoesfera\/dia-internacional-de-la-alfabetizacion-2025\/\" \/>\n<meta property=\"og:locale\" content=\"es_ES\" \/>\n<meta property=\"og:type\" content=\"article\" \/>\n<meta property=\"og:title\" content=\"D\u00eda Internacional de la Alfabetizaci\u00f3n 2025 &#8226; Istituto Figlie di Maria Ausiliatrice\" \/>\n<meta property=\"og:description\" content=\"El 8 de septiembre de 2025 se celebra el D\u00eda Internacional de la Alfabetizaci\u00f3n, bajo el lema &quot;Promover la alfabetizaci\u00f3n en la era digital&quot;.\" \/>\n<meta property=\"og:url\" content=\"https:\/\/www.cgfmanet.org\/es\/infoesfera\/dia-internacional-de-la-alfabetizacion-2025\/\" \/>\n<meta property=\"og:site_name\" content=\"Istituto Figlie di Maria Ausiliatrice\" \/>\n<meta property=\"article:publisher\" content=\"https:\/\/www.facebook.com\/salesian.sisters.of.don.bosco\/\" \/>\n<meta property=\"article:published_time\" content=\"2025-09-06T10:12:43+00:00\" \/>\n<meta property=\"article:modified_time\" content=\"2025-09-06T20:17:20+00:00\" \/>\n<meta property=\"og:image\" content=\"https:\/\/www.cgfmanet.org\/wp-content\/uploads\/2025\/09\/Giornata-Alfabetizzazione-2025_ok.jpg\" \/>\n\t<meta property=\"og:image:width\" content=\"1200\" \/>\n\t<meta property=\"og:image:height\" content=\"800\" \/>\n\t<meta property=\"og:image:type\" content=\"image\/jpeg\" \/>\n<meta name=\"author\" content=\"Redazione\" \/>\n<meta name=\"twitter:card\" content=\"summary_large_image\" \/>\n<meta name=\"twitter:creator\" content=\"@Cgfmanet_Org\" \/>\n<meta name=\"twitter:site\" content=\"@Cgfmanet_Org\" \/>\n<meta name=\"twitter:label1\" content=\"Escrito por\" \/>\n\t<meta name=\"twitter:data1\" content=\"Redazione\" \/>\n\t<meta name=\"twitter:label2\" content=\"Tiempo de lectura\" \/>\n\t<meta name=\"twitter:data2\" content=\"6 minutos\" \/>\n<script type=\"application\/ld+json\" class=\"yoast-schema-graph\">{\"@context\":\"https:\\\/\\\/schema.org\",\"@graph\":[{\"@type\":\"Article\",\"@id\":\"https:\\\/\\\/www.cgfmanet.org\\\/es\\\/infoesfera\\\/dia-internacional-de-la-alfabetizacion-2025\\\/#article\",\"isPartOf\":{\"@id\":\"https:\\\/\\\/www.cgfmanet.org\\\/es\\\/infoesfera\\\/dia-internacional-de-la-alfabetizacion-2025\\\/\"},\"author\":{\"name\":\"Redazione\",\"@id\":\"https:\\\/\\\/www.cgfmanet.org\\\/es\\\/#\\\/schema\\\/person\\\/ce6473083f53ef0ef882cca23f0c8fb9\"},\"headline\":\"D\u00eda Internacional de la Alfabetizaci\u00f3n 2025\",\"datePublished\":\"2025-09-06T10:12:43+00:00\",\"dateModified\":\"2025-09-06T20:17:20+00:00\",\"mainEntityOfPage\":{\"@id\":\"https:\\\/\\\/www.cgfmanet.org\\\/es\\\/infoesfera\\\/dia-internacional-de-la-alfabetizacion-2025\\\/\"},\"wordCount\":979,\"commentCount\":0,\"publisher\":{\"@id\":\"https:\\\/\\\/www.cgfmanet.org\\\/es\\\/#organization\"},\"image\":{\"@id\":\"https:\\\/\\\/www.cgfmanet.org\\\/es\\\/infoesfera\\\/dia-internacional-de-la-alfabetizacion-2025\\\/#primaryimage\"},\"thumbnailUrl\":\"https:\\\/\\\/www.cgfmanet.org\\\/wp-content\\\/uploads\\\/2025\\\/09\\\/Giornata-Alfabetizzazione-2025_ok.jpg\",\"keywords\":[\"J\u00f3venes\",\"Educaci\u00f3n\",\"FIL\",\"IIMA\\\/FMA\",\"cittadinanza\",\"Focus\"],\"articleSection\":[\"Infoesfera\",\"Derechos Humanos\"],\"inLanguage\":\"es\",\"potentialAction\":[{\"@type\":\"CommentAction\",\"name\":\"Comment\",\"target\":[\"https:\\\/\\\/www.cgfmanet.org\\\/es\\\/infoesfera\\\/dia-internacional-de-la-alfabetizacion-2025\\\/#respond\"]}]},{\"@type\":\"WebPage\",\"@id\":\"https:\\\/\\\/www.cgfmanet.org\\\/es\\\/infoesfera\\\/dia-internacional-de-la-alfabetizacion-2025\\\/\",\"url\":\"https:\\\/\\\/www.cgfmanet.org\\\/es\\\/infoesfera\\\/dia-internacional-de-la-alfabetizacion-2025\\\/\",\"name\":\"D\u00eda Internacional de la Alfabetizaci\u00f3n 2025 &#8226; Istituto Figlie di Maria Ausiliatrice\",\"isPartOf\":{\"@id\":\"https:\\\/\\\/www.cgfmanet.org\\\/es\\\/#website\"},\"primaryImageOfPage\":{\"@id\":\"https:\\\/\\\/www.cgfmanet.org\\\/es\\\/infoesfera\\\/dia-internacional-de-la-alfabetizacion-2025\\\/#primaryimage\"},\"image\":{\"@id\":\"https:\\\/\\\/www.cgfmanet.org\\\/es\\\/infoesfera\\\/dia-internacional-de-la-alfabetizacion-2025\\\/#primaryimage\"},\"thumbnailUrl\":\"https:\\\/\\\/www.cgfmanet.org\\\/wp-content\\\/uploads\\\/2025\\\/09\\\/Giornata-Alfabetizzazione-2025_ok.jpg\",\"datePublished\":\"2025-09-06T10:12:43+00:00\",\"dateModified\":\"2025-09-06T20:17:20+00:00\",\"description\":\"El 8 de septiembre de 2025 se celebra el D\u00eda Internacional de la Alfabetizaci\u00f3n, bajo el lema \\\"Promover la alfabetizaci\u00f3n en la era digital\\\".\",\"breadcrumb\":{\"@id\":\"https:\\\/\\\/www.cgfmanet.org\\\/es\\\/infoesfera\\\/dia-internacional-de-la-alfabetizacion-2025\\\/#breadcrumb\"},\"inLanguage\":\"es\",\"potentialAction\":[{\"@type\":\"ReadAction\",\"target\":[\"https:\\\/\\\/www.cgfmanet.org\\\/es\\\/infoesfera\\\/dia-internacional-de-la-alfabetizacion-2025\\\/\"]}]},{\"@type\":\"ImageObject\",\"inLanguage\":\"es\",\"@id\":\"https:\\\/\\\/www.cgfmanet.org\\\/es\\\/infoesfera\\\/dia-internacional-de-la-alfabetizacion-2025\\\/#primaryimage\",\"url\":\"https:\\\/\\\/www.cgfmanet.org\\\/wp-content\\\/uploads\\\/2025\\\/09\\\/Giornata-Alfabetizzazione-2025_ok.jpg\",\"contentUrl\":\"https:\\\/\\\/www.cgfmanet.org\\\/wp-content\\\/uploads\\\/2025\\\/09\\\/Giornata-Alfabetizzazione-2025_ok.jpg\",\"width\":1200,\"height\":800},{\"@type\":\"BreadcrumbList\",\"@id\":\"https:\\\/\\\/www.cgfmanet.org\\\/es\\\/infoesfera\\\/dia-internacional-de-la-alfabetizacion-2025\\\/#breadcrumb\",\"itemListElement\":[{\"@type\":\"ListItem\",\"position\":1,\"name\":\"Home\",\"item\":\"https:\\\/\\\/www.cgfmanet.org\\\/es\\\/\"},{\"@type\":\"ListItem\",\"position\":2,\"name\":\"D\u00eda Internacional de la Alfabetizaci\u00f3n 2025\"}]},{\"@type\":\"WebSite\",\"@id\":\"https:\\\/\\\/www.cgfmanet.org\\\/es\\\/#website\",\"url\":\"https:\\\/\\\/www.cgfmanet.org\\\/es\\\/\",\"name\":\"Istituto Figlie di Maria Ausiliatrice\",\"description\":\"Salesiane di Don Bosco\",\"publisher\":{\"@id\":\"https:\\\/\\\/www.cgfmanet.org\\\/es\\\/#organization\"},\"potentialAction\":[{\"@type\":\"SearchAction\",\"target\":{\"@type\":\"EntryPoint\",\"urlTemplate\":\"https:\\\/\\\/www.cgfmanet.org\\\/es\\\/?s={search_term_string}\"},\"query-input\":{\"@type\":\"PropertyValueSpecification\",\"valueRequired\":true,\"valueName\":\"search_term_string\"}}],\"inLanguage\":\"es\"},{\"@type\":\"Organization\",\"@id\":\"https:\\\/\\\/www.cgfmanet.org\\\/es\\\/#organization\",\"name\":\"Istituto Figlie di Maria Ausiliatrice\",\"url\":\"https:\\\/\\\/www.cgfmanet.org\\\/es\\\/\",\"logo\":{\"@type\":\"ImageObject\",\"inLanguage\":\"es\",\"@id\":\"https:\\\/\\\/www.cgfmanet.org\\\/es\\\/#\\\/schema\\\/logo\\\/image\\\/\",\"url\":\"https:\\\/\\\/www.cgfmanet.org\\\/wp-content\\\/uploads\\\/2018\\\/10\\\/logo-fma.png\",\"contentUrl\":\"https:\\\/\\\/www.cgfmanet.org\\\/wp-content\\\/uploads\\\/2018\\\/10\\\/logo-fma.png\",\"width\":214,\"height\":55,\"caption\":\"Istituto Figlie di Maria Ausiliatrice\"},\"image\":{\"@id\":\"https:\\\/\\\/www.cgfmanet.org\\\/es\\\/#\\\/schema\\\/logo\\\/image\\\/\"},\"sameAs\":[\"https:\\\/\\\/www.facebook.com\\\/salesian.sisters.of.don.bosco\\\/\",\"https:\\\/\\\/x.com\\\/Cgfmanet_Org\",\"https:\\\/\\\/www.youtube.com\\\/channel\\\/UCmcr8yFQBV7JXeXVxyV9y5Q\"]},{\"@type\":\"Person\",\"@id\":\"https:\\\/\\\/www.cgfmanet.org\\\/es\\\/#\\\/schema\\\/person\\\/ce6473083f53ef0ef882cca23f0c8fb9\",\"name\":\"Redazione\"}]}<\/script>\n<!-- \/ Yoast SEO plugin. -->","yoast_head_json":{"title":"D\u00eda Internacional de la Alfabetizaci\u00f3n 2025 &#8226; Istituto Figlie di Maria Ausiliatrice","description":"El 8 de septiembre de 2025 se celebra el D\u00eda Internacional de la Alfabetizaci\u00f3n, bajo el lema \"Promover la alfabetizaci\u00f3n en la era digital\".","robots":{"index":"index","follow":"follow","max-snippet":"max-snippet:-1","max-image-preview":"max-image-preview:large","max-video-preview":"max-video-preview:-1"},"canonical":"https:\/\/www.cgfmanet.org\/es\/infoesfera\/dia-internacional-de-la-alfabetizacion-2025\/","og_locale":"es_ES","og_type":"article","og_title":"D\u00eda Internacional de la Alfabetizaci\u00f3n 2025 &#8226; Istituto Figlie di Maria Ausiliatrice","og_description":"El 8 de septiembre de 2025 se celebra el D\u00eda Internacional de la Alfabetizaci\u00f3n, bajo el lema \"Promover la alfabetizaci\u00f3n en la era digital\".","og_url":"https:\/\/www.cgfmanet.org\/es\/infoesfera\/dia-internacional-de-la-alfabetizacion-2025\/","og_site_name":"Istituto Figlie di Maria Ausiliatrice","article_publisher":"https:\/\/www.facebook.com\/salesian.sisters.of.don.bosco\/","article_published_time":"2025-09-06T10:12:43+00:00","article_modified_time":"2025-09-06T20:17:20+00:00","og_image":[{"width":1200,"height":800,"url":"https:\/\/www.cgfmanet.org\/wp-content\/uploads\/2025\/09\/Giornata-Alfabetizzazione-2025_ok.jpg","type":"image\/jpeg"}],"author":"Redazione","twitter_card":"summary_large_image","twitter_creator":"@Cgfmanet_Org","twitter_site":"@Cgfmanet_Org","twitter_misc":{"Escrito por":"Redazione","Tiempo de lectura":"6 minutos"},"schema":{"@context":"https:\/\/schema.org","@graph":[{"@type":"Article","@id":"https:\/\/www.cgfmanet.org\/es\/infoesfera\/dia-internacional-de-la-alfabetizacion-2025\/#article","isPartOf":{"@id":"https:\/\/www.cgfmanet.org\/es\/infoesfera\/dia-internacional-de-la-alfabetizacion-2025\/"},"author":{"name":"Redazione","@id":"https:\/\/www.cgfmanet.org\/es\/#\/schema\/person\/ce6473083f53ef0ef882cca23f0c8fb9"},"headline":"D\u00eda Internacional de la Alfabetizaci\u00f3n 2025","datePublished":"2025-09-06T10:12:43+00:00","dateModified":"2025-09-06T20:17:20+00:00","mainEntityOfPage":{"@id":"https:\/\/www.cgfmanet.org\/es\/infoesfera\/dia-internacional-de-la-alfabetizacion-2025\/"},"wordCount":979,"commentCount":0,"publisher":{"@id":"https:\/\/www.cgfmanet.org\/es\/#organization"},"image":{"@id":"https:\/\/www.cgfmanet.org\/es\/infoesfera\/dia-internacional-de-la-alfabetizacion-2025\/#primaryimage"},"thumbnailUrl":"https:\/\/www.cgfmanet.org\/wp-content\/uploads\/2025\/09\/Giornata-Alfabetizzazione-2025_ok.jpg","keywords":["J\u00f3venes","Educaci\u00f3n","FIL","IIMA\/FMA","cittadinanza","Focus"],"articleSection":["Infoesfera","Derechos Humanos"],"inLanguage":"es","potentialAction":[{"@type":"CommentAction","name":"Comment","target":["https:\/\/www.cgfmanet.org\/es\/infoesfera\/dia-internacional-de-la-alfabetizacion-2025\/#respond"]}]},{"@type":"WebPage","@id":"https:\/\/www.cgfmanet.org\/es\/infoesfera\/dia-internacional-de-la-alfabetizacion-2025\/","url":"https:\/\/www.cgfmanet.org\/es\/infoesfera\/dia-internacional-de-la-alfabetizacion-2025\/","name":"D\u00eda Internacional de la Alfabetizaci\u00f3n 2025 &#8226; Istituto Figlie di Maria Ausiliatrice","isPartOf":{"@id":"https:\/\/www.cgfmanet.org\/es\/#website"},"primaryImageOfPage":{"@id":"https:\/\/www.cgfmanet.org\/es\/infoesfera\/dia-internacional-de-la-alfabetizacion-2025\/#primaryimage"},"image":{"@id":"https:\/\/www.cgfmanet.org\/es\/infoesfera\/dia-internacional-de-la-alfabetizacion-2025\/#primaryimage"},"thumbnailUrl":"https:\/\/www.cgfmanet.org\/wp-content\/uploads\/2025\/09\/Giornata-Alfabetizzazione-2025_ok.jpg","datePublished":"2025-09-06T10:12:43+00:00","dateModified":"2025-09-06T20:17:20+00:00","description":"El 8 de septiembre de 2025 se celebra el D\u00eda Internacional de la Alfabetizaci\u00f3n, bajo el lema \"Promover la alfabetizaci\u00f3n en la era digital\".","breadcrumb":{"@id":"https:\/\/www.cgfmanet.org\/es\/infoesfera\/dia-internacional-de-la-alfabetizacion-2025\/#breadcrumb"},"inLanguage":"es","potentialAction":[{"@type":"ReadAction","target":["https:\/\/www.cgfmanet.org\/es\/infoesfera\/dia-internacional-de-la-alfabetizacion-2025\/"]}]},{"@type":"ImageObject","inLanguage":"es","@id":"https:\/\/www.cgfmanet.org\/es\/infoesfera\/dia-internacional-de-la-alfabetizacion-2025\/#primaryimage","url":"https:\/\/www.cgfmanet.org\/wp-content\/uploads\/2025\/09\/Giornata-Alfabetizzazione-2025_ok.jpg","contentUrl":"https:\/\/www.cgfmanet.org\/wp-content\/uploads\/2025\/09\/Giornata-Alfabetizzazione-2025_ok.jpg","width":1200,"height":800},{"@type":"BreadcrumbList","@id":"https:\/\/www.cgfmanet.org\/es\/infoesfera\/dia-internacional-de-la-alfabetizacion-2025\/#breadcrumb","itemListElement":[{"@type":"ListItem","position":1,"name":"Home","item":"https:\/\/www.cgfmanet.org\/es\/"},{"@type":"ListItem","position":2,"name":"D\u00eda Internacional de la Alfabetizaci\u00f3n 2025"}]},{"@type":"WebSite","@id":"https:\/\/www.cgfmanet.org\/es\/#website","url":"https:\/\/www.cgfmanet.org\/es\/","name":"Istituto Figlie di Maria Ausiliatrice","description":"Salesiane di Don Bosco","publisher":{"@id":"https:\/\/www.cgfmanet.org\/es\/#organization"},"potentialAction":[{"@type":"SearchAction","target":{"@type":"EntryPoint","urlTemplate":"https:\/\/www.cgfmanet.org\/es\/?s={search_term_string}"},"query-input":{"@type":"PropertyValueSpecification","valueRequired":true,"valueName":"search_term_string"}}],"inLanguage":"es"},{"@type":"Organization","@id":"https:\/\/www.cgfmanet.org\/es\/#organization","name":"Istituto Figlie di Maria Ausiliatrice","url":"https:\/\/www.cgfmanet.org\/es\/","logo":{"@type":"ImageObject","inLanguage":"es","@id":"https:\/\/www.cgfmanet.org\/es\/#\/schema\/logo\/image\/","url":"https:\/\/www.cgfmanet.org\/wp-content\/uploads\/2018\/10\/logo-fma.png","contentUrl":"https:\/\/www.cgfmanet.org\/wp-content\/uploads\/2018\/10\/logo-fma.png","width":214,"height":55,"caption":"Istituto Figlie di Maria Ausiliatrice"},"image":{"@id":"https:\/\/www.cgfmanet.org\/es\/#\/schema\/logo\/image\/"},"sameAs":["https:\/\/www.facebook.com\/salesian.sisters.of.don.bosco\/","https:\/\/x.com\/Cgfmanet_Org","https:\/\/www.youtube.com\/channel\/UCmcr8yFQBV7JXeXVxyV9y5Q"]},{"@type":"Person","@id":"https:\/\/www.cgfmanet.org\/es\/#\/schema\/person\/ce6473083f53ef0ef882cca23f0c8fb9","name":"Redazione"}]}},"_links":{"self":[{"href":"https:\/\/www.cgfmanet.org\/es\/wp-json\/wp\/v2\/posts\/141736","targetHints":{"allow":["GET"]}}],"collection":[{"href":"https:\/\/www.cgfmanet.org\/es\/wp-json\/wp\/v2\/posts"}],"about":[{"href":"https:\/\/www.cgfmanet.org\/es\/wp-json\/wp\/v2\/types\/post"}],"author":[{"embeddable":true,"href":"https:\/\/www.cgfmanet.org\/es\/wp-json\/wp\/v2\/users\/21"}],"replies":[{"embeddable":true,"href":"https:\/\/www.cgfmanet.org\/es\/wp-json\/wp\/v2\/comments?post=141736"}],"version-history":[{"count":2,"href":"https:\/\/www.cgfmanet.org\/es\/wp-json\/wp\/v2\/posts\/141736\/revisions"}],"predecessor-version":[{"id":141761,"href":"https:\/\/www.cgfmanet.org\/es\/wp-json\/wp\/v2\/posts\/141736\/revisions\/141761"}],"wp:featuredmedia":[{"embeddable":true,"href":"https:\/\/www.cgfmanet.org\/es\/wp-json\/wp\/v2\/media\/141732"}],"wp:attachment":[{"href":"https:\/\/www.cgfmanet.org\/es\/wp-json\/wp\/v2\/media?parent=141736"}],"wp:term":[{"taxonomy":"category","embeddable":true,"href":"https:\/\/www.cgfmanet.org\/es\/wp-json\/wp\/v2\/categories?post=141736"},{"taxonomy":"post_tag","embeddable":true,"href":"https:\/\/www.cgfmanet.org\/es\/wp-json\/wp\/v2\/tags?post=141736"}],"curies":[{"name":"wp","href":"https:\/\/api.w.org\/{rel}","templated":true}]}}