{"id":140043,"date":"2025-08-10T10:18:14","date_gmt":"2025-08-10T08:18:14","guid":{"rendered":"https:\/\/www.cgfmanet.org\/infoesfera\/portate-questa-gioia-a-tutto-il-mondo\/"},"modified":"2025-08-16T19:21:00","modified_gmt":"2025-08-16T17:21:00","slug":"jubileo-de-los-jovenes-lleven-esta-alegria-a-todo-el-mundo","status":"publish","type":"post","link":"https:\/\/www.cgfmanet.org\/es\/infoesfera\/iglesia\/jubileo-de-los-jovenes-lleven-esta-alegria-a-todo-el-mundo\/","title":{"rendered":"Jubileo de los J\u00f3venes: \u00a1Lleven esta alegr\u00eda a todo el mundo!"},"content":{"rendered":"<p><strong>Roma (Italia).<\/strong> Del 28 de julio al 3 de agosto de 2025 se celebr\u00f3 en Roma el Jubileo de los J\u00f3venes, uno de los eventos m\u00e1s esperados del A\u00f1o Santo y el m\u00e1s participativo, con la presencia de alrededor de un mill\u00f3n de j\u00f3venes de todo el mundo. Un evento que involucr\u00f3 a todas las Di\u00f3cesis, Asociaciones y Movimientos que, siguiendo los pasos de Pedro y de tantos \u00abSantos de la puerta de al lado\u00bb, llegaron caminando como Peregrinos de la Esperanza, o por otros medios e itinerarios, al \u00abcentro de la cristiandad\u00bb, para vivir una experiencia \u00fanica de fe, amistad y encuentro.<\/p>\n<p>Para los educadores, sacerdotes, religiosos y religiosas \u00abmenos j\u00f3venes\u00bb, fue natural pensar en el Jubileo del a\u00f1o 2000 -el a\u00f1o santo, la ciudad eterna, la explanada de Tor Vergata- casi como un traspaso de testigo entre tres Papas: San Juan Pablo II, que hab\u00eda llamado a los j\u00f3venes, al amanecer del tercer milenio, \u00abCentinelas de la ma\u00f1ana\u00bb; el Papa Francisco, que en la JMJ de Lisboa en 2023 les hab\u00eda dado una cita y prepar\u00f3 su llegada a Roma con la oraci\u00f3n y d\u00e1ndose hasta su \u00faltimo aliento; y el \u00abnuevo Papa\u00bb, Le\u00f3n XIV, que se hizo querer de inmediato el 29 de julio, al final de la Misa de Apertura celebrada por el pro-prefecto del Dicasterio para la Evangelizaci\u00f3n, Monse\u00f1or Rino Fisichella, llegando por sorpresa en papam\u00f3vil a la Plaza de San Pedro entre los 120 mil j\u00f3venes exultantes.<\/p>\n<p>\u00ab\u00a1Buenas noches! Jes\u00fas nos dice: \u00abUstedes son la sal de la tierra. Ustedes son la luz del mundo\u00bb (Mt 5,13-14). Y hoy sus voces, su entusiasmo, sus gritos \u2013que son todos por Jesucristo\u2013 ser\u00e1n escuchados hasta los confines del mundo.<\/p>\n<p>Hoy est\u00e1n comenzando unos d\u00edas, un camino, el Jubileo de la Esperanza, y el mundo necesita mensajes de esperanza; ustedes son este mensaje, y deben seguir dando esperanza a todos. \u00a1Esperamos que todos sean siempre signos de esperanza en el mundo! Hoy estamos comenzando. En los pr\u00f3ximos d\u00edas tendr\u00e1n la oportunidad de ser una fuerza que puede llevar la gracia de Dios, un mensaje de esperanza, una luz a la ciudad de Roma, a Italia y a todo el mundo. Caminemos juntos con nuestra fe en Jesucristo.<\/p>\n<p>Y nuestro grito tambi\u00e9n debe ser por la paz en el mundo. Digamos todos: \u201c\u00a1Queremos la paz en el mundo!\u201d. Oremos por la paz y seamos testigos de la paz de Jesucristo, de la reconciliaci\u00f3n, de esta luz del mundo que todos estamos buscando\u00bb, son sus primeras \u00abpalabras improvisadas\u00bb. (<strong>Foto: <a href=\"https:\/\/www.flickr.com\/photos\/137890103@N08\/albums\/72177720328301706\/with\/54714957038\" target=\"_blank\" rel=\"noopener\"><span style=\"color: #0000ff;\">Flickr FMA<\/span><\/a><\/strong>)<\/p>\n<p>La semana continu\u00f3 con peregrinaciones a las Puertas Santas, espacios de reconciliaci\u00f3n -como la jornada penitencial del 1 de agosto, con 200 confesionarios en el Circo M\u00e1ximo-, catequesis, momentos de oraci\u00f3n, formaci\u00f3n, arte, m\u00fasica, testimonio y evangelizaci\u00f3n, en una ciudad que realmente acogi\u00f3 a todos.<\/p>\n<p>El punto culminante de la experiencia fueron, sin duda, los dos d\u00edas en Tor Vergata, el 2 y el 3 de agosto, incluyendo la caminata, m\u00e1s o menos larga seg\u00fan el punto y la hora de partida, para llegar a la explanada: un espect\u00e1culo de colores, banderas, cantos y m\u00fasica que se extend\u00eda por las afueras de Roma, una explosi\u00f3n de entusiasmo juvenil que conflu\u00eda en un mismo destino.<\/p>\n<p>La espera de la vigilia, a pesar del sol de agosto, con refugios m\u00e1s o menos artesanales y las reservas de agua distribuidas por la Protecci\u00f3n Civil, se hizo corta, gracias al intenso deseo de hacer nuevas amistades abarrotando las calles entre las \u00e1reas y a la animaci\u00f3n de la tarde, con la alternancia en el gran escenario\/altar y en las pantallas gigantes, de bandas de m\u00fasica cristiana, j\u00f3venes artistas y testimonios de diferentes partes del mundo.<\/p>\n<p>El Papa Le\u00f3n lleg\u00f3 al anochecer en helic\u00f3ptero y luego, con largos recorridos en papam\u00f3vil, se sumergi\u00f3 literalmente entre los j\u00f3venes, listos para inmortalizar su sonrisa con sus tel\u00e9fonos, mientras expresaban su alegr\u00eda gritando \u201c\u00a1esta es la juventud del Papa!\u201d.<\/p>\n<p>Emocionante fue el momento en que, a pocos metros del escenario, un joven le entreg\u00f3 la cruz \u2013esa misma cruz que desde el 25 de diciembre de 2024 est\u00e1 acompa\u00f1ando las peregrinaciones de muchos grupos a la Puerta Santa de San Pedro\u2013 y, junto a 200 j\u00f3venes, en representaci\u00f3n de los pa\u00edses del mundo, recorri\u00f3 con solemnidad y recogimiento el \u00faltimo tramo del camino al son del himno jubilar \u00abFiamma viva della mia speranza\u00bb, interpretado por el coro y la orquesta de la Di\u00f3cesis de Roma, con unos 450 elementos dirigidos por Monse\u00f1or Marco Frisina.<\/p>\n<p>En el momento de la Vigilia, el silencio se apoder\u00f3 del lugar. Los j\u00f3venes rezaron en diferentes idiomas, cantaron, se arrodillaron ante el Sant\u00edsimo (<strong><span style=\"color: #0000ff;\"><a style=\"color: #0000ff;\" href=\"https:\/\/www.iubilaeum2025.va\/content\/dam\/iubilaeum2025\/giubileo-dei-giovani\/Giubileo-dei-giovani.pdf\" target=\"_blank\" rel=\"noopener\">texto de la Vigilia<\/a><\/span><\/strong>).<\/p>\n<p>Las palabras del Santo Padre fueron las respuestas a las preguntas presentadas en diferentes idiomas por Dulce Mar\u00eda de M\u00e9xico, Gaia de Italia y Will de Estados Unidos: sobre la amistad, la fe, la valent\u00eda para tomar decisiones importantes, sobre c\u00f3mo encontrar a Jes\u00fas y sentirlo presente en la propia vida.<\/p>\n<p>Adapt\u00e1ndose a la cultura contempor\u00e1nea, los exhort\u00f3 ante todo a buscar la verdad y la sinceridad de las relaciones, m\u00e1s all\u00e1 de la ambig\u00fcedad de los instrumentos digitales y de las \u201cl\u00f3gicas comerciales y de intereses que rompen nuestras relaciones en mil intermitencias\u201d; a centrarse, como San Agust\u00edn, en la amistad con Cristo, \u201cnuestra estrella polar\u201d, que hace profundas y fieles todas las amistades; a vivir la amistad en la fe, como el Beato Piergiorgio Frassati, que dec\u00eda \u00abvivir sin fe, sin un patrimonio que defender, sin sostener una lucha por la Verdad no es vivir, sino sobrevivir\u00bb.<\/p>\n<p>\u201c\u00a1Queridos j\u00f3venes, qui\u00e9ranse bien entre ustedes! Quererse bien en Cristo. Saber ver a Jes\u00fas en los dem\u00e1s. La amistad puede realmente cambiar el mundo. La amistad es un camino hacia la paz\u201d, subray\u00f3 con fervor.<\/p>\n<p>Al igual que San Juan Pablo II, hace 25 a\u00f1os, el Papa Le\u00f3n, recordando sus palabras \u2013\u201ces a Jes\u00fas a quien buscan cuando sue\u00f1an con la felicidad\u201d\u2013 los invit\u00f3 a dejarse amar y atraer por el Se\u00f1or \u2013\u201cLA valent\u00eda para elegir viene del amor, que Dios nos manifiesta en Cristo\u201d\u2013 a dejar de lado los miedos y a dar espacio a la esperanza \u2013\u201cporque estamos seguros de que Dios lleva a cabo lo que comienza\u201d\u2013 a tomar decisiones radicales como el matrimonio, el orden sagrado y la consagraci\u00f3n religiosa, que \u201cexpresan el don de s\u00ed, libre y liberador, que nos hace verdaderamente felices. Y all\u00ed encontramos la felicidad: cuando aprendemos a darnos a nosotros mismos, a dar la vida por los dem\u00e1s\u201d.<\/p>\n<p>Y de nuevo, los invit\u00f3 a buscar la justicia, renovando la forma de vida, para construir un mundo m\u00e1s humano, al servicio, a permanecer unidos a Jes\u00fas en la Eucarist\u00eda: \u201cEstudien, trabajen, amen seg\u00fan el estilo de Jes\u00fas, el Maestro bueno que camina siempre a nuestro lado.<\/p>\n<p>En cada paso, mientras buscamos el bien, pid\u00e1mosle: \u00a1qu\u00e9date con nosotros, Se\u00f1or (cfr Lc 24,29)! \u00a1Qu\u00e9date con nosotros, Se\u00f1or! Qu\u00e9date con nosotros, porque sin Ti no podemos hacer el bien que deseamos\u201d<em>. <\/em>(<span style=\"color: #0000ff;\"><strong><a style=\"color: #0000ff;\" href=\"https:\/\/www.vatican.va\/content\/leo-xiv\/it\/events\/event.dir.html\/content\/vaticanevents\/it\/2025\/8\/2\/veglia-tor-vergata.html\" target=\"_blank\" rel=\"noopener\">Palabras del Papa Le\u00f3n XIV<\/a><\/strong><\/span>)<\/p>\n<p>Al despedirse al final de la Vigilia, como un padre, Le\u00f3n XIV recomend\u00f3 a los j\u00f3venes que descansaran un poco y les dio una cita para el d\u00eda siguiente. Sin embargo, el deseo de socializar prevaleci\u00f3 y las calles entre los sectores permanecieron abarrotadas y alegres durante mucho tiempo, entre bailes y cantos, encuentros inesperados y profundas reflexiones entre amigos.<\/p>\n<p>Al d\u00eda siguiente, el helic\u00f3ptero sobrevol\u00f3 muy temprano la gran \u00e1rea, ya llena de gente, para prepararse para recibir al Papa y para partir con las mochilas en orden una vez terminada la Misa. A las 9:00 a.m. comenz\u00f3 la Celebraci\u00f3n Eucar\u00edstica del Jubileo de los J\u00f3venes, concelebrada por alrededor de 7 mil sacerdotes, 400 obispos y 25 cardenales, entre ellos el Cardenal \u00c1ngel Fern\u00e1ndez Artime, SDB. Entre las autoridades bajo el escenario-altar, tambi\u00e9n estuvo presente la Superiora General del Instituto de las Hijas de Mar\u00eda Auxiliadora, Madre Chiara Cazzuola, junto con la Inspectora de la Inspector\u00eda San Juan Bosco (IRO), Sor Gabriella Garofoli.<\/p>\n<p>El sol ya estaba caliente y el cansancio se hac\u00eda sentir, pero el deseo del encuentro con Jes\u00fas \u201cque cambia nuestra existencia, que ilumina nuestros afectos, deseos, pensamientos\u201d los mantuvo alerta para seguir en las muchas pantallas gigantes los gestos y las palabras del Papa Le\u00f3n que los llam\u00f3 \u201cqueridos amigos\u201d y, comentando las lecturas, les habl\u00f3 de la concreci\u00f3n de la vida: la fragilidad, que \u201ces parte de la maravilla que somos\u201d, la energ\u00eda que \u201ctiembla bajo tierra y se prepara para explotar, en primavera, en mil colores\u201d, de una existencia \u201cque se regenera constantemente en el don, en el amor\u201d.<\/p>\n<p>\u201cHay una pregunta importante en nuestro coraz\u00f3n, una necesidad de verdad que no podemos ignorar, que nos lleva a preguntarnos: \u00bfqu\u00e9 es realmente la felicidad? \u00bfCu\u00e1l es el verdadero sabor de la vida? \u00bfQu\u00e9 nos libera de los estanques de la falta de sentido, del aburrimiento, de la mediocridad?\u201d.<\/p>\n<p>El Santo Padre exhort\u00f3 a los j\u00f3venes a atesorar la belleza vivida en estos d\u00edas y a alzar la mirada: \u201cComprar, amontonar, consumir, no es suficiente. Necesitamos levantar los ojos, mirar hacia arriba, a las \u00abcosas de all\u00e1 arriba\u00bb para darnos cuenta de que todo tiene sentido, entre las realidades del mundo, solo en la medida en que sirve para unirnos a Dios y a los hermanos en la caridad. (\u2026) Y en este horizonte comprenderemos cada vez mejor lo que significa que \u00abla esperanza [\u2026] no defrauda\u00bb. Queridos j\u00f3venes, nuestra esperanza es Jes\u00fas. (\u2026) Aspiren a cosas grandes, a la santidad, dondequiera que est\u00e9n. No se conformen con menos. Entonces ver\u00e1n crecer cada d\u00eda, en ustedes y a su alrededor, la luz del Evangelio. (<strong><span style=\"color: #0000ff;\"><a style=\"color: #0000ff;\" href=\"https:\/\/www.vatican.va\/content\/leo-xiv\/it\/events\/event.dir.html\/content\/vaticanevents\/it\/2025\/8\/3\/giubileo-giovani.html\" target=\"_blank\" rel=\"noopener\">homil\u00eda<\/a><\/span><\/strong>)<\/p>\n<p>En el saludo final, en el \u00c1ngelus, les dio una cita en Se\u00fal, Corea, del 3 al 8 de agosto de 2027 para la pr\u00f3xima Jornada Mundial de la Juventud que tendr\u00e1 como tema \u00ab\u00a1Tengan valor: yo he vencido al mundo!\u00bb (Jn 16,33): \u201c\u00a1continuemos so\u00f1ando juntos, esperando juntos!\u201d.<\/p>\n<p><strong>\u201cLleven esta alegr\u00eda, este entusiasmo a todo el mundo. Ustedes son sal de la tierra, luz del mundo: lleven este saludo a todos sus amigos, a todos los j\u00f3venes que necesitan un mensaje de esperanza. \u00a1Gracias de nuevo a todos ustedes! \u00a1Y buen viaje!\u201d.<\/strong><\/p>\n<p><strong>Foto: <a href=\"https:\/\/www.flickr.com\/photos\/137890103@N08\/albums\/72177720328313922\" target=\"_blank\" rel=\"noopener\"><span style=\"color: #0000ff;\">Flickr FMA<\/span><\/a><\/strong><\/p>\n","protected":false},"excerpt":{"rendered":"<p>Roma (Italia). Del 28 de julio al 3 de agosto de 2025 se celebr\u00f3 en Roma el Jubileo de los J\u00f3venes, uno de los eventos m\u00e1s esperados del A\u00f1o Santo [&hellip;]<\/p>\n","protected":false},"author":21,"featured_media":140038,"comment_status":"open","ping_status":"closed","sticky":false,"template":"","format":"standard","meta":{"footnotes":""},"categories":[39,191],"tags":[339,1931,2450,2491],"class_list":["post-140043","post","type-post","status-publish","format-standard","has-post-thumbnail","category-infoesfera","category-iglesia","tag-jovenes","tag-focus-es","tag-jubileo-2025","tag-papa-leon-xiv"],"yoast_head":"<!-- This site is optimized with the Yoast SEO plugin v27.4 - https:\/\/yoast.com\/product\/yoast-seo-wordpress\/ -->\n<title>Jubileo de los J\u00f3venes: \u00a1Lleven esta alegr\u00eda a todo el mundo! &#8226; Istituto Figlie di Maria Ausiliatrice<\/title>\n<meta name=\"description\" content=\"El 3 de agosto de 2025 concluy\u00f3 el Jubileo de los J\u00f3venes, que reuni\u00f3 en Roma, alrededor del Papa Le\u00f3n XIV, a cerca de un mill\u00f3n de j\u00f3venes de todo el mundo.\" \/>\n<meta name=\"robots\" content=\"index, follow, max-snippet:-1, max-image-preview:large, max-video-preview:-1\" \/>\n<link rel=\"canonical\" href=\"https:\/\/www.cgfmanet.org\/es\/infoesfera\/iglesia\/jubileo-de-los-jovenes-lleven-esta-alegria-a-todo-el-mundo\/\" \/>\n<meta property=\"og:locale\" content=\"es_ES\" \/>\n<meta property=\"og:type\" content=\"article\" \/>\n<meta property=\"og:title\" content=\"Jubileo de los J\u00f3venes: \u00a1Lleven esta alegr\u00eda a todo el mundo! &#8226; Istituto Figlie di Maria Ausiliatrice\" \/>\n<meta property=\"og:description\" content=\"El 3 de agosto de 2025 concluy\u00f3 el Jubileo de los J\u00f3venes, que reuni\u00f3 en Roma, alrededor del Papa Le\u00f3n XIV, a cerca de un mill\u00f3n de j\u00f3venes de todo el mundo.\" \/>\n<meta property=\"og:url\" content=\"https:\/\/www.cgfmanet.org\/es\/infoesfera\/iglesia\/jubileo-de-los-jovenes-lleven-esta-alegria-a-todo-el-mundo\/\" \/>\n<meta property=\"og:site_name\" content=\"Istituto Figlie di Maria Ausiliatrice\" \/>\n<meta property=\"article:publisher\" content=\"https:\/\/www.facebook.com\/salesian.sisters.of.don.bosco\/\" \/>\n<meta property=\"article:published_time\" content=\"2025-08-10T08:18:14+00:00\" \/>\n<meta property=\"article:modified_time\" content=\"2025-08-16T17:21:00+00:00\" \/>\n<meta property=\"og:image\" content=\"https:\/\/www.cgfmanet.org\/wp-content\/uploads\/2025\/08\/Giubileo-Giovani-2025.jpg\" \/>\n\t<meta property=\"og:image:width\" content=\"1784\" \/>\n\t<meta property=\"og:image:height\" content=\"1189\" \/>\n\t<meta property=\"og:image:type\" content=\"image\/jpeg\" \/>\n<meta name=\"author\" content=\"Redazione\" \/>\n<meta name=\"twitter:card\" content=\"summary_large_image\" \/>\n<meta name=\"twitter:creator\" content=\"@Cgfmanet_Org\" \/>\n<meta name=\"twitter:site\" content=\"@Cgfmanet_Org\" \/>\n<meta name=\"twitter:label1\" content=\"Escrito por\" \/>\n\t<meta name=\"twitter:data1\" content=\"Redazione\" \/>\n\t<meta name=\"twitter:label2\" content=\"Tiempo de lectura\" \/>\n\t<meta name=\"twitter:data2\" content=\"10 minutos\" \/>\n<script type=\"application\/ld+json\" class=\"yoast-schema-graph\">{\"@context\":\"https:\\\/\\\/schema.org\",\"@graph\":[{\"@type\":\"Article\",\"@id\":\"https:\\\/\\\/www.cgfmanet.org\\\/es\\\/infoesfera\\\/iglesia\\\/jubileo-de-los-jovenes-lleven-esta-alegria-a-todo-el-mundo\\\/#article\",\"isPartOf\":{\"@id\":\"https:\\\/\\\/www.cgfmanet.org\\\/es\\\/infoesfera\\\/iglesia\\\/jubileo-de-los-jovenes-lleven-esta-alegria-a-todo-el-mundo\\\/\"},\"author\":{\"name\":\"Redazione\",\"@id\":\"https:\\\/\\\/www.cgfmanet.org\\\/es\\\/#\\\/schema\\\/person\\\/ce6473083f53ef0ef882cca23f0c8fb9\"},\"headline\":\"Jubileo de los J\u00f3venes: \u00a1Lleven esta alegr\u00eda a todo el mundo!\",\"datePublished\":\"2025-08-10T08:18:14+00:00\",\"dateModified\":\"2025-08-16T17:21:00+00:00\",\"mainEntityOfPage\":{\"@id\":\"https:\\\/\\\/www.cgfmanet.org\\\/es\\\/infoesfera\\\/iglesia\\\/jubileo-de-los-jovenes-lleven-esta-alegria-a-todo-el-mundo\\\/\"},\"wordCount\":1820,\"commentCount\":0,\"publisher\":{\"@id\":\"https:\\\/\\\/www.cgfmanet.org\\\/es\\\/#organization\"},\"image\":{\"@id\":\"https:\\\/\\\/www.cgfmanet.org\\\/es\\\/infoesfera\\\/iglesia\\\/jubileo-de-los-jovenes-lleven-esta-alegria-a-todo-el-mundo\\\/#primaryimage\"},\"thumbnailUrl\":\"https:\\\/\\\/www.cgfmanet.org\\\/wp-content\\\/uploads\\\/2025\\\/08\\\/Giubileo-Giovani-2025.jpg\",\"keywords\":[\"J\u00f3venes\",\"Focus\",\"Jubileo 2025\",\"Papa Le\u00f3n XIV\"],\"articleSection\":[\"Infoesfera\",\"Iglesia\"],\"inLanguage\":\"es\",\"potentialAction\":[{\"@type\":\"CommentAction\",\"name\":\"Comment\",\"target\":[\"https:\\\/\\\/www.cgfmanet.org\\\/es\\\/infoesfera\\\/iglesia\\\/jubileo-de-los-jovenes-lleven-esta-alegria-a-todo-el-mundo\\\/#respond\"]}]},{\"@type\":\"WebPage\",\"@id\":\"https:\\\/\\\/www.cgfmanet.org\\\/es\\\/infoesfera\\\/iglesia\\\/jubileo-de-los-jovenes-lleven-esta-alegria-a-todo-el-mundo\\\/\",\"url\":\"https:\\\/\\\/www.cgfmanet.org\\\/es\\\/infoesfera\\\/iglesia\\\/jubileo-de-los-jovenes-lleven-esta-alegria-a-todo-el-mundo\\\/\",\"name\":\"Jubileo de los J\u00f3venes: \u00a1Lleven esta alegr\u00eda a todo el mundo! &#8226; Istituto Figlie di Maria Ausiliatrice\",\"isPartOf\":{\"@id\":\"https:\\\/\\\/www.cgfmanet.org\\\/es\\\/#website\"},\"primaryImageOfPage\":{\"@id\":\"https:\\\/\\\/www.cgfmanet.org\\\/es\\\/infoesfera\\\/iglesia\\\/jubileo-de-los-jovenes-lleven-esta-alegria-a-todo-el-mundo\\\/#primaryimage\"},\"image\":{\"@id\":\"https:\\\/\\\/www.cgfmanet.org\\\/es\\\/infoesfera\\\/iglesia\\\/jubileo-de-los-jovenes-lleven-esta-alegria-a-todo-el-mundo\\\/#primaryimage\"},\"thumbnailUrl\":\"https:\\\/\\\/www.cgfmanet.org\\\/wp-content\\\/uploads\\\/2025\\\/08\\\/Giubileo-Giovani-2025.jpg\",\"datePublished\":\"2025-08-10T08:18:14+00:00\",\"dateModified\":\"2025-08-16T17:21:00+00:00\",\"description\":\"El 3 de agosto de 2025 concluy\u00f3 el Jubileo de los J\u00f3venes, que reuni\u00f3 en Roma, alrededor del Papa Le\u00f3n XIV, a cerca de un mill\u00f3n de j\u00f3venes de todo el mundo.\",\"breadcrumb\":{\"@id\":\"https:\\\/\\\/www.cgfmanet.org\\\/es\\\/infoesfera\\\/iglesia\\\/jubileo-de-los-jovenes-lleven-esta-alegria-a-todo-el-mundo\\\/#breadcrumb\"},\"inLanguage\":\"es\",\"potentialAction\":[{\"@type\":\"ReadAction\",\"target\":[\"https:\\\/\\\/www.cgfmanet.org\\\/es\\\/infoesfera\\\/iglesia\\\/jubileo-de-los-jovenes-lleven-esta-alegria-a-todo-el-mundo\\\/\"]}]},{\"@type\":\"ImageObject\",\"inLanguage\":\"es\",\"@id\":\"https:\\\/\\\/www.cgfmanet.org\\\/es\\\/infoesfera\\\/iglesia\\\/jubileo-de-los-jovenes-lleven-esta-alegria-a-todo-el-mundo\\\/#primaryimage\",\"url\":\"https:\\\/\\\/www.cgfmanet.org\\\/wp-content\\\/uploads\\\/2025\\\/08\\\/Giubileo-Giovani-2025.jpg\",\"contentUrl\":\"https:\\\/\\\/www.cgfmanet.org\\\/wp-content\\\/uploads\\\/2025\\\/08\\\/Giubileo-Giovani-2025.jpg\",\"width\":1784,\"height\":1189},{\"@type\":\"BreadcrumbList\",\"@id\":\"https:\\\/\\\/www.cgfmanet.org\\\/es\\\/infoesfera\\\/iglesia\\\/jubileo-de-los-jovenes-lleven-esta-alegria-a-todo-el-mundo\\\/#breadcrumb\",\"itemListElement\":[{\"@type\":\"ListItem\",\"position\":1,\"name\":\"Home\",\"item\":\"https:\\\/\\\/www.cgfmanet.org\\\/es\\\/\"},{\"@type\":\"ListItem\",\"position\":2,\"name\":\"Jubileo de los J\u00f3venes: \u00a1Lleven esta alegr\u00eda a todo el mundo!\"}]},{\"@type\":\"WebSite\",\"@id\":\"https:\\\/\\\/www.cgfmanet.org\\\/es\\\/#website\",\"url\":\"https:\\\/\\\/www.cgfmanet.org\\\/es\\\/\",\"name\":\"Istituto Figlie di Maria Ausiliatrice\",\"description\":\"Salesiane di Don Bosco\",\"publisher\":{\"@id\":\"https:\\\/\\\/www.cgfmanet.org\\\/es\\\/#organization\"},\"potentialAction\":[{\"@type\":\"SearchAction\",\"target\":{\"@type\":\"EntryPoint\",\"urlTemplate\":\"https:\\\/\\\/www.cgfmanet.org\\\/es\\\/?s={search_term_string}\"},\"query-input\":{\"@type\":\"PropertyValueSpecification\",\"valueRequired\":true,\"valueName\":\"search_term_string\"}}],\"inLanguage\":\"es\"},{\"@type\":\"Organization\",\"@id\":\"https:\\\/\\\/www.cgfmanet.org\\\/es\\\/#organization\",\"name\":\"Istituto Figlie di Maria Ausiliatrice\",\"url\":\"https:\\\/\\\/www.cgfmanet.org\\\/es\\\/\",\"logo\":{\"@type\":\"ImageObject\",\"inLanguage\":\"es\",\"@id\":\"https:\\\/\\\/www.cgfmanet.org\\\/es\\\/#\\\/schema\\\/logo\\\/image\\\/\",\"url\":\"https:\\\/\\\/www.cgfmanet.org\\\/wp-content\\\/uploads\\\/2018\\\/10\\\/logo-fma.png\",\"contentUrl\":\"https:\\\/\\\/www.cgfmanet.org\\\/wp-content\\\/uploads\\\/2018\\\/10\\\/logo-fma.png\",\"width\":214,\"height\":55,\"caption\":\"Istituto Figlie di Maria Ausiliatrice\"},\"image\":{\"@id\":\"https:\\\/\\\/www.cgfmanet.org\\\/es\\\/#\\\/schema\\\/logo\\\/image\\\/\"},\"sameAs\":[\"https:\\\/\\\/www.facebook.com\\\/salesian.sisters.of.don.bosco\\\/\",\"https:\\\/\\\/x.com\\\/Cgfmanet_Org\",\"https:\\\/\\\/www.youtube.com\\\/channel\\\/UCmcr8yFQBV7JXeXVxyV9y5Q\"]},{\"@type\":\"Person\",\"@id\":\"https:\\\/\\\/www.cgfmanet.org\\\/es\\\/#\\\/schema\\\/person\\\/ce6473083f53ef0ef882cca23f0c8fb9\",\"name\":\"Redazione\"}]}<\/script>\n<!-- \/ Yoast SEO plugin. -->","yoast_head_json":{"title":"Jubileo de los J\u00f3venes: \u00a1Lleven esta alegr\u00eda a todo el mundo! &#8226; Istituto Figlie di Maria Ausiliatrice","description":"El 3 de agosto de 2025 concluy\u00f3 el Jubileo de los J\u00f3venes, que reuni\u00f3 en Roma, alrededor del Papa Le\u00f3n XIV, a cerca de un mill\u00f3n de j\u00f3venes de todo el mundo.","robots":{"index":"index","follow":"follow","max-snippet":"max-snippet:-1","max-image-preview":"max-image-preview:large","max-video-preview":"max-video-preview:-1"},"canonical":"https:\/\/www.cgfmanet.org\/es\/infoesfera\/iglesia\/jubileo-de-los-jovenes-lleven-esta-alegria-a-todo-el-mundo\/","og_locale":"es_ES","og_type":"article","og_title":"Jubileo de los J\u00f3venes: \u00a1Lleven esta alegr\u00eda a todo el mundo! &#8226; Istituto Figlie di Maria Ausiliatrice","og_description":"El 3 de agosto de 2025 concluy\u00f3 el Jubileo de los J\u00f3venes, que reuni\u00f3 en Roma, alrededor del Papa Le\u00f3n XIV, a cerca de un mill\u00f3n de j\u00f3venes de todo el mundo.","og_url":"https:\/\/www.cgfmanet.org\/es\/infoesfera\/iglesia\/jubileo-de-los-jovenes-lleven-esta-alegria-a-todo-el-mundo\/","og_site_name":"Istituto Figlie di Maria Ausiliatrice","article_publisher":"https:\/\/www.facebook.com\/salesian.sisters.of.don.bosco\/","article_published_time":"2025-08-10T08:18:14+00:00","article_modified_time":"2025-08-16T17:21:00+00:00","og_image":[{"width":1784,"height":1189,"url":"https:\/\/www.cgfmanet.org\/wp-content\/uploads\/2025\/08\/Giubileo-Giovani-2025.jpg","type":"image\/jpeg"}],"author":"Redazione","twitter_card":"summary_large_image","twitter_creator":"@Cgfmanet_Org","twitter_site":"@Cgfmanet_Org","twitter_misc":{"Escrito por":"Redazione","Tiempo de lectura":"10 minutos"},"schema":{"@context":"https:\/\/schema.org","@graph":[{"@type":"Article","@id":"https:\/\/www.cgfmanet.org\/es\/infoesfera\/iglesia\/jubileo-de-los-jovenes-lleven-esta-alegria-a-todo-el-mundo\/#article","isPartOf":{"@id":"https:\/\/www.cgfmanet.org\/es\/infoesfera\/iglesia\/jubileo-de-los-jovenes-lleven-esta-alegria-a-todo-el-mundo\/"},"author":{"name":"Redazione","@id":"https:\/\/www.cgfmanet.org\/es\/#\/schema\/person\/ce6473083f53ef0ef882cca23f0c8fb9"},"headline":"Jubileo de los J\u00f3venes: \u00a1Lleven esta alegr\u00eda a todo el mundo!","datePublished":"2025-08-10T08:18:14+00:00","dateModified":"2025-08-16T17:21:00+00:00","mainEntityOfPage":{"@id":"https:\/\/www.cgfmanet.org\/es\/infoesfera\/iglesia\/jubileo-de-los-jovenes-lleven-esta-alegria-a-todo-el-mundo\/"},"wordCount":1820,"commentCount":0,"publisher":{"@id":"https:\/\/www.cgfmanet.org\/es\/#organization"},"image":{"@id":"https:\/\/www.cgfmanet.org\/es\/infoesfera\/iglesia\/jubileo-de-los-jovenes-lleven-esta-alegria-a-todo-el-mundo\/#primaryimage"},"thumbnailUrl":"https:\/\/www.cgfmanet.org\/wp-content\/uploads\/2025\/08\/Giubileo-Giovani-2025.jpg","keywords":["J\u00f3venes","Focus","Jubileo 2025","Papa Le\u00f3n XIV"],"articleSection":["Infoesfera","Iglesia"],"inLanguage":"es","potentialAction":[{"@type":"CommentAction","name":"Comment","target":["https:\/\/www.cgfmanet.org\/es\/infoesfera\/iglesia\/jubileo-de-los-jovenes-lleven-esta-alegria-a-todo-el-mundo\/#respond"]}]},{"@type":"WebPage","@id":"https:\/\/www.cgfmanet.org\/es\/infoesfera\/iglesia\/jubileo-de-los-jovenes-lleven-esta-alegria-a-todo-el-mundo\/","url":"https:\/\/www.cgfmanet.org\/es\/infoesfera\/iglesia\/jubileo-de-los-jovenes-lleven-esta-alegria-a-todo-el-mundo\/","name":"Jubileo de los J\u00f3venes: \u00a1Lleven esta alegr\u00eda a todo el mundo! &#8226; Istituto Figlie di Maria Ausiliatrice","isPartOf":{"@id":"https:\/\/www.cgfmanet.org\/es\/#website"},"primaryImageOfPage":{"@id":"https:\/\/www.cgfmanet.org\/es\/infoesfera\/iglesia\/jubileo-de-los-jovenes-lleven-esta-alegria-a-todo-el-mundo\/#primaryimage"},"image":{"@id":"https:\/\/www.cgfmanet.org\/es\/infoesfera\/iglesia\/jubileo-de-los-jovenes-lleven-esta-alegria-a-todo-el-mundo\/#primaryimage"},"thumbnailUrl":"https:\/\/www.cgfmanet.org\/wp-content\/uploads\/2025\/08\/Giubileo-Giovani-2025.jpg","datePublished":"2025-08-10T08:18:14+00:00","dateModified":"2025-08-16T17:21:00+00:00","description":"El 3 de agosto de 2025 concluy\u00f3 el Jubileo de los J\u00f3venes, que reuni\u00f3 en Roma, alrededor del Papa Le\u00f3n XIV, a cerca de un mill\u00f3n de j\u00f3venes de todo el mundo.","breadcrumb":{"@id":"https:\/\/www.cgfmanet.org\/es\/infoesfera\/iglesia\/jubileo-de-los-jovenes-lleven-esta-alegria-a-todo-el-mundo\/#breadcrumb"},"inLanguage":"es","potentialAction":[{"@type":"ReadAction","target":["https:\/\/www.cgfmanet.org\/es\/infoesfera\/iglesia\/jubileo-de-los-jovenes-lleven-esta-alegria-a-todo-el-mundo\/"]}]},{"@type":"ImageObject","inLanguage":"es","@id":"https:\/\/www.cgfmanet.org\/es\/infoesfera\/iglesia\/jubileo-de-los-jovenes-lleven-esta-alegria-a-todo-el-mundo\/#primaryimage","url":"https:\/\/www.cgfmanet.org\/wp-content\/uploads\/2025\/08\/Giubileo-Giovani-2025.jpg","contentUrl":"https:\/\/www.cgfmanet.org\/wp-content\/uploads\/2025\/08\/Giubileo-Giovani-2025.jpg","width":1784,"height":1189},{"@type":"BreadcrumbList","@id":"https:\/\/www.cgfmanet.org\/es\/infoesfera\/iglesia\/jubileo-de-los-jovenes-lleven-esta-alegria-a-todo-el-mundo\/#breadcrumb","itemListElement":[{"@type":"ListItem","position":1,"name":"Home","item":"https:\/\/www.cgfmanet.org\/es\/"},{"@type":"ListItem","position":2,"name":"Jubileo de los J\u00f3venes: \u00a1Lleven esta alegr\u00eda a todo el mundo!"}]},{"@type":"WebSite","@id":"https:\/\/www.cgfmanet.org\/es\/#website","url":"https:\/\/www.cgfmanet.org\/es\/","name":"Istituto Figlie di Maria Ausiliatrice","description":"Salesiane di Don Bosco","publisher":{"@id":"https:\/\/www.cgfmanet.org\/es\/#organization"},"potentialAction":[{"@type":"SearchAction","target":{"@type":"EntryPoint","urlTemplate":"https:\/\/www.cgfmanet.org\/es\/?s={search_term_string}"},"query-input":{"@type":"PropertyValueSpecification","valueRequired":true,"valueName":"search_term_string"}}],"inLanguage":"es"},{"@type":"Organization","@id":"https:\/\/www.cgfmanet.org\/es\/#organization","name":"Istituto Figlie di Maria Ausiliatrice","url":"https:\/\/www.cgfmanet.org\/es\/","logo":{"@type":"ImageObject","inLanguage":"es","@id":"https:\/\/www.cgfmanet.org\/es\/#\/schema\/logo\/image\/","url":"https:\/\/www.cgfmanet.org\/wp-content\/uploads\/2018\/10\/logo-fma.png","contentUrl":"https:\/\/www.cgfmanet.org\/wp-content\/uploads\/2018\/10\/logo-fma.png","width":214,"height":55,"caption":"Istituto Figlie di Maria Ausiliatrice"},"image":{"@id":"https:\/\/www.cgfmanet.org\/es\/#\/schema\/logo\/image\/"},"sameAs":["https:\/\/www.facebook.com\/salesian.sisters.of.don.bosco\/","https:\/\/x.com\/Cgfmanet_Org","https:\/\/www.youtube.com\/channel\/UCmcr8yFQBV7JXeXVxyV9y5Q"]},{"@type":"Person","@id":"https:\/\/www.cgfmanet.org\/es\/#\/schema\/person\/ce6473083f53ef0ef882cca23f0c8fb9","name":"Redazione"}]}},"_links":{"self":[{"href":"https:\/\/www.cgfmanet.org\/es\/wp-json\/wp\/v2\/posts\/140043","targetHints":{"allow":["GET"]}}],"collection":[{"href":"https:\/\/www.cgfmanet.org\/es\/wp-json\/wp\/v2\/posts"}],"about":[{"href":"https:\/\/www.cgfmanet.org\/es\/wp-json\/wp\/v2\/types\/post"}],"author":[{"embeddable":true,"href":"https:\/\/www.cgfmanet.org\/es\/wp-json\/wp\/v2\/users\/21"}],"replies":[{"embeddable":true,"href":"https:\/\/www.cgfmanet.org\/es\/wp-json\/wp\/v2\/comments?post=140043"}],"version-history":[{"count":3,"href":"https:\/\/www.cgfmanet.org\/es\/wp-json\/wp\/v2\/posts\/140043\/revisions"}],"predecessor-version":[{"id":140371,"href":"https:\/\/www.cgfmanet.org\/es\/wp-json\/wp\/v2\/posts\/140043\/revisions\/140371"}],"wp:featuredmedia":[{"embeddable":true,"href":"https:\/\/www.cgfmanet.org\/es\/wp-json\/wp\/v2\/media\/140038"}],"wp:attachment":[{"href":"https:\/\/www.cgfmanet.org\/es\/wp-json\/wp\/v2\/media?parent=140043"}],"wp:term":[{"taxonomy":"category","embeddable":true,"href":"https:\/\/www.cgfmanet.org\/es\/wp-json\/wp\/v2\/categories?post=140043"},{"taxonomy":"post_tag","embeddable":true,"href":"https:\/\/www.cgfmanet.org\/es\/wp-json\/wp\/v2\/tags?post=140043"}],"curies":[{"name":"wp","href":"https:\/\/api.w.org\/{rel}","templated":true}]}}