{"id":138876,"date":"2025-07-25T15:00:32","date_gmt":"2025-07-25T13:00:32","guid":{"rendered":"https:\/\/www.cgfmanet.org\/infoesfera\/suor-maria-troncatti-la-fama-di-santita\/"},"modified":"2025-07-26T22:05:58","modified_gmt":"2025-07-26T20:05:58","slug":"sor-maria-troncatti-la-fama-de-santidad","status":"publish","type":"post","link":"https:\/\/www.cgfmanet.org\/es\/ifma-es\/sor-maria-troncatti-la-fama-de-santidad\/","title":{"rendered":"Sor Mar\u00eda Troncatti: la fama de santidad"},"content":{"rendered":"<p><strong>Roma (Italia).<\/strong> En el 6\u00ba video de julio, propuesto cada d\u00eda 25 de cada mes en recuerdo de su nacimiento al cielo, en el marco del itinerario hacia la Canonizaci\u00f3n de Sor Mar\u00eda Troncatti (1883-1969), elaborado por la Comisi\u00f3n Hist\u00f3rico-Espiritual-Lit\u00fargica para conocer mejor la figura de la Beata, su mensaje y su actualidad, <strong>Sor Elena Trinitana, Hija de Mar\u00eda Auxiliadora de la Inspector\u00eda <em>Sagrado Coraz\u00f3n<\/em> (ECU)<\/strong>, miembro del Tribunal Can\u00f3nico que sigui\u00f3 el proceso de Canonizaci\u00f3n, destaca <strong>su fama de santidad.<\/strong><\/p>\n<div class=\"youtube-embed\" data-video_id=\"gYTp7UfzZLo\"><iframe title=\"Suor Maria Troncatti - la fama di santit\u00e0. Intervista a Suor Elena Tinitana, FMA.\" width=\"696\" height=\"392\" data-src=\"https:\/\/www.youtube.com\/embed\/gYTp7UfzZLo?feature=oembed&#038;enablejsapi=1\" frameborder=\"0\" allow=\"accelerometer; autoplay; clipboard-write; encrypted-media; gyroscope; picture-in-picture; web-share\" referrerpolicy=\"strict-origin-when-cross-origin\" allowfullscreen src=\"data:image\/svg+xml;base64,PHN2ZyB3aWR0aD0iMSIgaGVpZ2h0PSIxIiB4bWxucz0iaHR0cDovL3d3dy53My5vcmcvMjAwMC9zdmciPjwvc3ZnPg==\" class=\"lazyload\" data-load-mode=\"1\"><\/iframe><\/div>\n<p>En la entrevista, Sor Elena habla de signos de santidad ya presentes en Mar\u00eda Troncatti en las diferentes etapas de su vida y de su formaci\u00f3n religiosa, hechos a\u00fan m\u00e1s evidentes por su obra misionera y, m\u00e1s a\u00fan, por su cercan\u00eda a la gente: <em>\u00abSon muchos los aspectos que atestiguan esta fama de santidad. Y cuando Sor Troncatti muri\u00f3, el 25 de agosto, la gente exclam\u00f3 inmediatamente: &#8216;\u00a1Ha muerto nuestra madrecita, ha muerto una santa!&#8217;. Esta certeza popular es, en mi opini\u00f3n, solo una peque\u00f1a pincelada de la gran fama de santidad de Sor Mar\u00eda Troncatti\u00bb.<\/em><\/p>\n<p>El compromiso espec\u00edfico de Sor Elena, en el \u00e1mbito del proceso, fue coordinar la Comisi\u00f3n de la causa de Canonizaci\u00f3n y dedicarse con otras personas a examinar el milagro necesario para este proceso: la curaci\u00f3n milagrosa del Shuar Juw\u00e1 Bosco, ocurrida por intercesi\u00f3n de Sor Troncatti. Sor Elena destaca el papel fundamental de la oraci\u00f3n y la constante confianza en la Beata, por parte de la familia y de quienes estaban involucrados en el proceso, para lograr la curaci\u00f3n completa del enfermo, que inicialmente presentaba afasia y no pod\u00eda caminar debido a la par\u00e1lisis del lado izquierdo del cuerpo, y para llevar a buen t\u00e9rmino la recopilaci\u00f3n de los datos necesarios para la investigaci\u00f3n.<\/p>\n<p>Significativo es el mensaje que la entrevistada, bas\u00e1ndose en los testimonios recibidos de la gente, deja a los j\u00f3venes de hoy:<\/p>\n<p><em>\u00abSor Mar\u00eda Troncatti, desde ni\u00f1a, descubri\u00f3 su ideal misionero leyendo un Bolet\u00edn Salesiano. Hoy ustedes, j\u00f3venes, est\u00e1n inmersos en las redes sociales, donde encuentran maravillosos testimonios misioneros. Los animo, pues, a acceder a ellas para leer estas historias y a interesarse por ideales similares, porque realmente vale la pena. Adem\u00e1s, les dir\u00eda que Dios tiene un proyecto de vida \u00fanico e irrepetible para cada uno de nosotros, y es nuestra tarea descubrirlo y realizarlo, tal como lo hizo Sor Troncatti en su vida\u00bb.<\/em><\/p>\n<p><span style=\"color: #0000ff;\"><strong><a style=\"color: #0000ff;\" href=\"https:\/\/drive.google.com\/drive\/u\/0\/folders\/10AWQVg9_e2T4ag_i_ptohnNbiF3G37FJ\" target=\"_blank\" rel=\"noopener\">Ficha 6<\/a><\/strong><\/span><\/p>\n<p><strong><span style=\"color: #0000ff;\"><a style=\"color: #0000ff;\" href=\"https:\/\/www.youtube.com\/playlist?list=PLukchW4FMtfYjg3qr98TfhGoHN5j4AZIX\" target=\"_blank\" rel=\"noopener\">Video anteriores<\/a><\/span><\/strong><\/p>\n","protected":false},"excerpt":{"rendered":"<p>Roma (Italia). En el 6\u00ba video de julio, propuesto cada d\u00eda 25 de cada mes en recuerdo de su nacimiento al cielo, en el marco del itinerario hacia la Canonizaci\u00f3n [&hellip;]<\/p>\n","protected":false},"author":21,"featured_media":138871,"comment_status":"open","ping_status":"closed","sticky":false,"template":"","format":"standard","meta":{"footnotes":""},"categories":[2470,158],"tags":[1931],"class_list":["post-138876","post","type-post","status-publish","format-standard","has-post-thumbnail","category-150-misiones-fma","category-ifma-es","tag-focus-es"],"yoast_head":"<!-- This site is optimized with the Yoast SEO plugin v27.4 - https:\/\/yoast.com\/product\/yoast-seo-wordpress\/ -->\n<title>Sor Mar\u00eda Troncatti: la fama de santidad &#8226; Istituto Figlie di Maria Ausiliatrice<\/title>\n<meta name=\"description\" content=\"En la sexta etapa del itinerario de preparaci\u00f3n a la Canonizaci\u00f3n, propuesta cada d\u00eda 25 del mes, emerge la fama de santidad de Sor Mar\u00eda Troncatti, reconocida por quienes viv\u00edan en contacto con ella.\" \/>\n<meta name=\"robots\" content=\"index, follow, max-snippet:-1, max-image-preview:large, max-video-preview:-1\" \/>\n<link rel=\"canonical\" href=\"https:\/\/www.cgfmanet.org\/es\/ifma-es\/sor-maria-troncatti-la-fama-de-santidad\/\" \/>\n<meta property=\"og:locale\" content=\"es_ES\" \/>\n<meta property=\"og:type\" content=\"article\" \/>\n<meta property=\"og:title\" content=\"Sor Mar\u00eda Troncatti: la fama de santidad &#8226; Istituto Figlie di Maria Ausiliatrice\" \/>\n<meta property=\"og:description\" content=\"En la sexta etapa del itinerario de preparaci\u00f3n a la Canonizaci\u00f3n, propuesta cada d\u00eda 25 del mes, emerge la fama de santidad de Sor Mar\u00eda Troncatti, reconocida por quienes viv\u00edan en contacto con ella.\" \/>\n<meta property=\"og:url\" content=\"https:\/\/www.cgfmanet.org\/es\/ifma-es\/sor-maria-troncatti-la-fama-de-santidad\/\" \/>\n<meta property=\"og:site_name\" content=\"Istituto Figlie di Maria Ausiliatrice\" \/>\n<meta property=\"article:publisher\" content=\"https:\/\/www.facebook.com\/salesian.sisters.of.don.bosco\/\" \/>\n<meta property=\"article:published_time\" content=\"2025-07-25T13:00:32+00:00\" \/>\n<meta property=\"article:modified_time\" content=\"2025-07-26T20:05:58+00:00\" \/>\n<meta property=\"og:image\" content=\"https:\/\/www.cgfmanet.org\/wp-content\/uploads\/2025\/07\/Troncatti_scheda-6_25-luglio.jpg\" \/>\n\t<meta property=\"og:image:width\" content=\"1200\" \/>\n\t<meta property=\"og:image:height\" content=\"800\" \/>\n\t<meta property=\"og:image:type\" content=\"image\/jpeg\" \/>\n<meta name=\"author\" content=\"Redazione\" \/>\n<meta name=\"twitter:card\" content=\"summary_large_image\" \/>\n<meta name=\"twitter:creator\" content=\"@Cgfmanet_Org\" \/>\n<meta name=\"twitter:site\" content=\"@Cgfmanet_Org\" \/>\n<meta name=\"twitter:label1\" content=\"Escrito por\" \/>\n\t<meta name=\"twitter:data1\" content=\"Redazione\" \/>\n\t<meta name=\"twitter:label2\" content=\"Tiempo de lectura\" \/>\n\t<meta name=\"twitter:data2\" content=\"3 minutos\" \/>\n<script type=\"application\/ld+json\" class=\"yoast-schema-graph\">{\"@context\":\"https:\\\/\\\/schema.org\",\"@graph\":[{\"@type\":\"Article\",\"@id\":\"https:\\\/\\\/www.cgfmanet.org\\\/es\\\/ifma-es\\\/sor-maria-troncatti-la-fama-de-santidad\\\/#article\",\"isPartOf\":{\"@id\":\"https:\\\/\\\/www.cgfmanet.org\\\/es\\\/ifma-es\\\/sor-maria-troncatti-la-fama-de-santidad\\\/\"},\"author\":{\"name\":\"Redazione\",\"@id\":\"https:\\\/\\\/www.cgfmanet.org\\\/es\\\/#\\\/schema\\\/person\\\/ce6473083f53ef0ef882cca23f0c8fb9\"},\"headline\":\"Sor Mar\u00eda Troncatti: la fama de santidad\",\"datePublished\":\"2025-07-25T13:00:32+00:00\",\"dateModified\":\"2025-07-26T20:05:58+00:00\",\"mainEntityOfPage\":{\"@id\":\"https:\\\/\\\/www.cgfmanet.org\\\/es\\\/ifma-es\\\/sor-maria-troncatti-la-fama-de-santidad\\\/\"},\"wordCount\":453,\"commentCount\":0,\"publisher\":{\"@id\":\"https:\\\/\\\/www.cgfmanet.org\\\/es\\\/#organization\"},\"image\":{\"@id\":\"https:\\\/\\\/www.cgfmanet.org\\\/es\\\/ifma-es\\\/sor-maria-troncatti-la-fama-de-santidad\\\/#primaryimage\"},\"thumbnailUrl\":\"https:\\\/\\\/www.cgfmanet.org\\\/wp-content\\\/uploads\\\/2025\\\/07\\\/Troncatti_scheda-6_25-luglio.jpg\",\"keywords\":[\"Focus\"],\"articleSection\":[\"150\u00b0 Misiones FMA\",\"IFMA\"],\"inLanguage\":\"es\",\"potentialAction\":[{\"@type\":\"CommentAction\",\"name\":\"Comment\",\"target\":[\"https:\\\/\\\/www.cgfmanet.org\\\/es\\\/ifma-es\\\/sor-maria-troncatti-la-fama-de-santidad\\\/#respond\"]}]},{\"@type\":\"WebPage\",\"@id\":\"https:\\\/\\\/www.cgfmanet.org\\\/es\\\/ifma-es\\\/sor-maria-troncatti-la-fama-de-santidad\\\/\",\"url\":\"https:\\\/\\\/www.cgfmanet.org\\\/es\\\/ifma-es\\\/sor-maria-troncatti-la-fama-de-santidad\\\/\",\"name\":\"Sor Mar\u00eda Troncatti: la fama de santidad &#8226; Istituto Figlie di Maria Ausiliatrice\",\"isPartOf\":{\"@id\":\"https:\\\/\\\/www.cgfmanet.org\\\/es\\\/#website\"},\"primaryImageOfPage\":{\"@id\":\"https:\\\/\\\/www.cgfmanet.org\\\/es\\\/ifma-es\\\/sor-maria-troncatti-la-fama-de-santidad\\\/#primaryimage\"},\"image\":{\"@id\":\"https:\\\/\\\/www.cgfmanet.org\\\/es\\\/ifma-es\\\/sor-maria-troncatti-la-fama-de-santidad\\\/#primaryimage\"},\"thumbnailUrl\":\"https:\\\/\\\/www.cgfmanet.org\\\/wp-content\\\/uploads\\\/2025\\\/07\\\/Troncatti_scheda-6_25-luglio.jpg\",\"datePublished\":\"2025-07-25T13:00:32+00:00\",\"dateModified\":\"2025-07-26T20:05:58+00:00\",\"description\":\"En la sexta etapa del itinerario de preparaci\u00f3n a la Canonizaci\u00f3n, propuesta cada d\u00eda 25 del mes, emerge la fama de santidad de Sor Mar\u00eda Troncatti, reconocida por quienes viv\u00edan en contacto con ella.\",\"breadcrumb\":{\"@id\":\"https:\\\/\\\/www.cgfmanet.org\\\/es\\\/ifma-es\\\/sor-maria-troncatti-la-fama-de-santidad\\\/#breadcrumb\"},\"inLanguage\":\"es\",\"potentialAction\":[{\"@type\":\"ReadAction\",\"target\":[\"https:\\\/\\\/www.cgfmanet.org\\\/es\\\/ifma-es\\\/sor-maria-troncatti-la-fama-de-santidad\\\/\"]}]},{\"@type\":\"ImageObject\",\"inLanguage\":\"es\",\"@id\":\"https:\\\/\\\/www.cgfmanet.org\\\/es\\\/ifma-es\\\/sor-maria-troncatti-la-fama-de-santidad\\\/#primaryimage\",\"url\":\"https:\\\/\\\/www.cgfmanet.org\\\/wp-content\\\/uploads\\\/2025\\\/07\\\/Troncatti_scheda-6_25-luglio.jpg\",\"contentUrl\":\"https:\\\/\\\/www.cgfmanet.org\\\/wp-content\\\/uploads\\\/2025\\\/07\\\/Troncatti_scheda-6_25-luglio.jpg\",\"width\":1200,\"height\":800},{\"@type\":\"BreadcrumbList\",\"@id\":\"https:\\\/\\\/www.cgfmanet.org\\\/es\\\/ifma-es\\\/sor-maria-troncatti-la-fama-de-santidad\\\/#breadcrumb\",\"itemListElement\":[{\"@type\":\"ListItem\",\"position\":1,\"name\":\"Home\",\"item\":\"https:\\\/\\\/www.cgfmanet.org\\\/es\\\/\"},{\"@type\":\"ListItem\",\"position\":2,\"name\":\"Sor Mar\u00eda Troncatti: la fama de santidad\"}]},{\"@type\":\"WebSite\",\"@id\":\"https:\\\/\\\/www.cgfmanet.org\\\/es\\\/#website\",\"url\":\"https:\\\/\\\/www.cgfmanet.org\\\/es\\\/\",\"name\":\"Istituto Figlie di Maria Ausiliatrice\",\"description\":\"Salesiane di Don Bosco\",\"publisher\":{\"@id\":\"https:\\\/\\\/www.cgfmanet.org\\\/es\\\/#organization\"},\"potentialAction\":[{\"@type\":\"SearchAction\",\"target\":{\"@type\":\"EntryPoint\",\"urlTemplate\":\"https:\\\/\\\/www.cgfmanet.org\\\/es\\\/?s={search_term_string}\"},\"query-input\":{\"@type\":\"PropertyValueSpecification\",\"valueRequired\":true,\"valueName\":\"search_term_string\"}}],\"inLanguage\":\"es\"},{\"@type\":\"Organization\",\"@id\":\"https:\\\/\\\/www.cgfmanet.org\\\/es\\\/#organization\",\"name\":\"Istituto Figlie di Maria Ausiliatrice\",\"url\":\"https:\\\/\\\/www.cgfmanet.org\\\/es\\\/\",\"logo\":{\"@type\":\"ImageObject\",\"inLanguage\":\"es\",\"@id\":\"https:\\\/\\\/www.cgfmanet.org\\\/es\\\/#\\\/schema\\\/logo\\\/image\\\/\",\"url\":\"https:\\\/\\\/www.cgfmanet.org\\\/wp-content\\\/uploads\\\/2018\\\/10\\\/logo-fma.png\",\"contentUrl\":\"https:\\\/\\\/www.cgfmanet.org\\\/wp-content\\\/uploads\\\/2018\\\/10\\\/logo-fma.png\",\"width\":214,\"height\":55,\"caption\":\"Istituto Figlie di Maria Ausiliatrice\"},\"image\":{\"@id\":\"https:\\\/\\\/www.cgfmanet.org\\\/es\\\/#\\\/schema\\\/logo\\\/image\\\/\"},\"sameAs\":[\"https:\\\/\\\/www.facebook.com\\\/salesian.sisters.of.don.bosco\\\/\",\"https:\\\/\\\/x.com\\\/Cgfmanet_Org\",\"https:\\\/\\\/www.youtube.com\\\/channel\\\/UCmcr8yFQBV7JXeXVxyV9y5Q\"]},{\"@type\":\"Person\",\"@id\":\"https:\\\/\\\/www.cgfmanet.org\\\/es\\\/#\\\/schema\\\/person\\\/ce6473083f53ef0ef882cca23f0c8fb9\",\"name\":\"Redazione\"}]}<\/script>\n<!-- \/ Yoast SEO plugin. -->","yoast_head_json":{"title":"Sor Mar\u00eda Troncatti: la fama de santidad &#8226; Istituto Figlie di Maria Ausiliatrice","description":"En la sexta etapa del itinerario de preparaci\u00f3n a la Canonizaci\u00f3n, propuesta cada d\u00eda 25 del mes, emerge la fama de santidad de Sor Mar\u00eda Troncatti, reconocida por quienes viv\u00edan en contacto con ella.","robots":{"index":"index","follow":"follow","max-snippet":"max-snippet:-1","max-image-preview":"max-image-preview:large","max-video-preview":"max-video-preview:-1"},"canonical":"https:\/\/www.cgfmanet.org\/es\/ifma-es\/sor-maria-troncatti-la-fama-de-santidad\/","og_locale":"es_ES","og_type":"article","og_title":"Sor Mar\u00eda Troncatti: la fama de santidad &#8226; Istituto Figlie di Maria Ausiliatrice","og_description":"En la sexta etapa del itinerario de preparaci\u00f3n a la Canonizaci\u00f3n, propuesta cada d\u00eda 25 del mes, emerge la fama de santidad de Sor Mar\u00eda Troncatti, reconocida por quienes viv\u00edan en contacto con ella.","og_url":"https:\/\/www.cgfmanet.org\/es\/ifma-es\/sor-maria-troncatti-la-fama-de-santidad\/","og_site_name":"Istituto Figlie di Maria Ausiliatrice","article_publisher":"https:\/\/www.facebook.com\/salesian.sisters.of.don.bosco\/","article_published_time":"2025-07-25T13:00:32+00:00","article_modified_time":"2025-07-26T20:05:58+00:00","og_image":[{"width":1200,"height":800,"url":"https:\/\/www.cgfmanet.org\/wp-content\/uploads\/2025\/07\/Troncatti_scheda-6_25-luglio.jpg","type":"image\/jpeg"}],"author":"Redazione","twitter_card":"summary_large_image","twitter_creator":"@Cgfmanet_Org","twitter_site":"@Cgfmanet_Org","twitter_misc":{"Escrito por":"Redazione","Tiempo de lectura":"3 minutos"},"schema":{"@context":"https:\/\/schema.org","@graph":[{"@type":"Article","@id":"https:\/\/www.cgfmanet.org\/es\/ifma-es\/sor-maria-troncatti-la-fama-de-santidad\/#article","isPartOf":{"@id":"https:\/\/www.cgfmanet.org\/es\/ifma-es\/sor-maria-troncatti-la-fama-de-santidad\/"},"author":{"name":"Redazione","@id":"https:\/\/www.cgfmanet.org\/es\/#\/schema\/person\/ce6473083f53ef0ef882cca23f0c8fb9"},"headline":"Sor Mar\u00eda Troncatti: la fama de santidad","datePublished":"2025-07-25T13:00:32+00:00","dateModified":"2025-07-26T20:05:58+00:00","mainEntityOfPage":{"@id":"https:\/\/www.cgfmanet.org\/es\/ifma-es\/sor-maria-troncatti-la-fama-de-santidad\/"},"wordCount":453,"commentCount":0,"publisher":{"@id":"https:\/\/www.cgfmanet.org\/es\/#organization"},"image":{"@id":"https:\/\/www.cgfmanet.org\/es\/ifma-es\/sor-maria-troncatti-la-fama-de-santidad\/#primaryimage"},"thumbnailUrl":"https:\/\/www.cgfmanet.org\/wp-content\/uploads\/2025\/07\/Troncatti_scheda-6_25-luglio.jpg","keywords":["Focus"],"articleSection":["150\u00b0 Misiones FMA","IFMA"],"inLanguage":"es","potentialAction":[{"@type":"CommentAction","name":"Comment","target":["https:\/\/www.cgfmanet.org\/es\/ifma-es\/sor-maria-troncatti-la-fama-de-santidad\/#respond"]}]},{"@type":"WebPage","@id":"https:\/\/www.cgfmanet.org\/es\/ifma-es\/sor-maria-troncatti-la-fama-de-santidad\/","url":"https:\/\/www.cgfmanet.org\/es\/ifma-es\/sor-maria-troncatti-la-fama-de-santidad\/","name":"Sor Mar\u00eda Troncatti: la fama de santidad &#8226; Istituto Figlie di Maria Ausiliatrice","isPartOf":{"@id":"https:\/\/www.cgfmanet.org\/es\/#website"},"primaryImageOfPage":{"@id":"https:\/\/www.cgfmanet.org\/es\/ifma-es\/sor-maria-troncatti-la-fama-de-santidad\/#primaryimage"},"image":{"@id":"https:\/\/www.cgfmanet.org\/es\/ifma-es\/sor-maria-troncatti-la-fama-de-santidad\/#primaryimage"},"thumbnailUrl":"https:\/\/www.cgfmanet.org\/wp-content\/uploads\/2025\/07\/Troncatti_scheda-6_25-luglio.jpg","datePublished":"2025-07-25T13:00:32+00:00","dateModified":"2025-07-26T20:05:58+00:00","description":"En la sexta etapa del itinerario de preparaci\u00f3n a la Canonizaci\u00f3n, propuesta cada d\u00eda 25 del mes, emerge la fama de santidad de Sor Mar\u00eda Troncatti, reconocida por quienes viv\u00edan en contacto con ella.","breadcrumb":{"@id":"https:\/\/www.cgfmanet.org\/es\/ifma-es\/sor-maria-troncatti-la-fama-de-santidad\/#breadcrumb"},"inLanguage":"es","potentialAction":[{"@type":"ReadAction","target":["https:\/\/www.cgfmanet.org\/es\/ifma-es\/sor-maria-troncatti-la-fama-de-santidad\/"]}]},{"@type":"ImageObject","inLanguage":"es","@id":"https:\/\/www.cgfmanet.org\/es\/ifma-es\/sor-maria-troncatti-la-fama-de-santidad\/#primaryimage","url":"https:\/\/www.cgfmanet.org\/wp-content\/uploads\/2025\/07\/Troncatti_scheda-6_25-luglio.jpg","contentUrl":"https:\/\/www.cgfmanet.org\/wp-content\/uploads\/2025\/07\/Troncatti_scheda-6_25-luglio.jpg","width":1200,"height":800},{"@type":"BreadcrumbList","@id":"https:\/\/www.cgfmanet.org\/es\/ifma-es\/sor-maria-troncatti-la-fama-de-santidad\/#breadcrumb","itemListElement":[{"@type":"ListItem","position":1,"name":"Home","item":"https:\/\/www.cgfmanet.org\/es\/"},{"@type":"ListItem","position":2,"name":"Sor Mar\u00eda Troncatti: la fama de santidad"}]},{"@type":"WebSite","@id":"https:\/\/www.cgfmanet.org\/es\/#website","url":"https:\/\/www.cgfmanet.org\/es\/","name":"Istituto Figlie di Maria Ausiliatrice","description":"Salesiane di Don Bosco","publisher":{"@id":"https:\/\/www.cgfmanet.org\/es\/#organization"},"potentialAction":[{"@type":"SearchAction","target":{"@type":"EntryPoint","urlTemplate":"https:\/\/www.cgfmanet.org\/es\/?s={search_term_string}"},"query-input":{"@type":"PropertyValueSpecification","valueRequired":true,"valueName":"search_term_string"}}],"inLanguage":"es"},{"@type":"Organization","@id":"https:\/\/www.cgfmanet.org\/es\/#organization","name":"Istituto Figlie di Maria Ausiliatrice","url":"https:\/\/www.cgfmanet.org\/es\/","logo":{"@type":"ImageObject","inLanguage":"es","@id":"https:\/\/www.cgfmanet.org\/es\/#\/schema\/logo\/image\/","url":"https:\/\/www.cgfmanet.org\/wp-content\/uploads\/2018\/10\/logo-fma.png","contentUrl":"https:\/\/www.cgfmanet.org\/wp-content\/uploads\/2018\/10\/logo-fma.png","width":214,"height":55,"caption":"Istituto Figlie di Maria Ausiliatrice"},"image":{"@id":"https:\/\/www.cgfmanet.org\/es\/#\/schema\/logo\/image\/"},"sameAs":["https:\/\/www.facebook.com\/salesian.sisters.of.don.bosco\/","https:\/\/x.com\/Cgfmanet_Org","https:\/\/www.youtube.com\/channel\/UCmcr8yFQBV7JXeXVxyV9y5Q"]},{"@type":"Person","@id":"https:\/\/www.cgfmanet.org\/es\/#\/schema\/person\/ce6473083f53ef0ef882cca23f0c8fb9","name":"Redazione"}]}},"_links":{"self":[{"href":"https:\/\/www.cgfmanet.org\/es\/wp-json\/wp\/v2\/posts\/138876","targetHints":{"allow":["GET"]}}],"collection":[{"href":"https:\/\/www.cgfmanet.org\/es\/wp-json\/wp\/v2\/posts"}],"about":[{"href":"https:\/\/www.cgfmanet.org\/es\/wp-json\/wp\/v2\/types\/post"}],"author":[{"embeddable":true,"href":"https:\/\/www.cgfmanet.org\/es\/wp-json\/wp\/v2\/users\/21"}],"replies":[{"embeddable":true,"href":"https:\/\/www.cgfmanet.org\/es\/wp-json\/wp\/v2\/comments?post=138876"}],"version-history":[{"count":3,"href":"https:\/\/www.cgfmanet.org\/es\/wp-json\/wp\/v2\/posts\/138876\/revisions"}],"predecessor-version":[{"id":139211,"href":"https:\/\/www.cgfmanet.org\/es\/wp-json\/wp\/v2\/posts\/138876\/revisions\/139211"}],"wp:featuredmedia":[{"embeddable":true,"href":"https:\/\/www.cgfmanet.org\/es\/wp-json\/wp\/v2\/media\/138871"}],"wp:attachment":[{"href":"https:\/\/www.cgfmanet.org\/es\/wp-json\/wp\/v2\/media?parent=138876"}],"wp:term":[{"taxonomy":"category","embeddable":true,"href":"https:\/\/www.cgfmanet.org\/es\/wp-json\/wp\/v2\/categories?post=138876"},{"taxonomy":"post_tag","embeddable":true,"href":"https:\/\/www.cgfmanet.org\/es\/wp-json\/wp\/v2\/tags?post=138876"}],"curies":[{"name":"wp","href":"https:\/\/api.w.org\/{rel}","templated":true}]}}