{"id":138352,"date":"2025-07-17T14:18:43","date_gmt":"2025-07-17T12:18:43","guid":{"rendered":"https:\/\/www.cgfmanet.org\/infoesfera\/ricognizione-canonica-dei-resti-di-suor-maria-troncatti-ecu\/"},"modified":"2025-07-16T15:59:47","modified_gmt":"2025-07-16T13:59:47","slug":"reconocimiento-canonico-de-las-reliquias-de-sor-maria-troncatti-ecu","status":"publish","type":"post","link":"https:\/\/www.cgfmanet.org\/es\/infoesfera\/reconocimiento-canonico-de-las-reliquias-de-sor-maria-troncatti-ecu\/","title":{"rendered":"Reconocimiento can\u00f3nico de las reliquias de Sor Mar\u00eda Troncatti \u2013 ECU"},"content":{"rendered":"<p><strong>Macas (Ecuador).<\/strong> Il 15 de julio de en Macas, en el Centro Vicarial Pastoral de R\u00edo Blanco, se celebr\u00f3 la primera Sesi\u00f3n del Tribunal encargado del reconocimiento can\u00f3nico y tratamiento conservatorio de las reliquias de la Beata Mar\u00eda Troncatti (1883-1969), Hija de Mar\u00eda Auxiliadora misionera en Ecuador, que ser\u00e1 canonizada el 19 de octubre de 2025.<\/p>\n<p>Tras examinar el rescripto oficial emitido por el Dicasterio para las Causas de los Santos \u2014que incluye el Nihil Obstat, expresi\u00f3n en lat\u00edn que significa \u201cnada se opone\u201d -, el Vaticano ha aprobado el reconocimiento can\u00f3nico de los restos de la Beata y la realizaci\u00f3n de los procedimientos requeridos para su conservaci\u00f3n.<\/p>\n<p>El acto cont\u00f3 con la participaci\u00f3n de la Inspectora de la Inspector\u00eda <em>Sagrado Coraz\u00f3n<\/em> (ECU), Sor Lupe Erazo Arce, y de las Hijas de Mar\u00eda Auxiliadora de las Comunidades de la Amazon\u00eda, as\u00ed como sacerdotes y di\u00e1conos del Vicariato Apost\u00f3lico de M\u00e9ndez.<\/p>\n<p>La giornata \u00e8 iniziata con la lettura di una sintesi della biografia della Beata Troncatti. Successivamente, Mons. N\u00e9stor Montesdeoca Becerra, SDB, Vescovo del Vicariato Apostolico di M\u00e9ndez, ha presieduto la sessione di apertura del Tribunale, que est\u00e1 conformado por:<\/p>\n<ul>\n<li><strong> Daniel Tobar Galarza<\/strong>, Delegado Episcopal<\/li>\n<li><strong> Luciano Bellini, SDB<\/strong>, Promotor de Justicia<\/li>\n<li><strong>Sor Norma Reyes, FMA<\/strong>, Notaria<\/li>\n<li><strong> Paolo Fabi\u00e1n Castelo Chalpabay<\/strong>, Perito M\u00e9dico<\/li>\n<li><strong>Di\u00e1c. Luciano Griggio<\/strong>, T\u00e9cnico Conservador<\/li>\n<li><strong> Pierluigi Cameroni, SDB<\/strong>, Postulador de las Causas de la Famiglia Salesiana<\/li>\n<li><strong>Sor Elena Tinitana, FMA<\/strong>, Testigo<\/li>\n<li><strong>Sor Rosa Molina, FMA<\/strong>, Testigo<\/li>\n<\/ul>\n<p><a href=\"https:\/\/www.cgfmanet.org\/wp-content\/uploads\/2025\/07\/Rciognizione-resti-Suor-Maria-Troncatti_1-scaled.jpg\"><img decoding=\"async\" class=\"aligncenter wp-image-138338 size-full lazyload\" data-src=\"https:\/\/www.cgfmanet.org\/wp-content\/uploads\/2025\/07\/Rciognizione-resti-Suor-Maria-Troncatti_1-scaled.jpg\" alt=\"\" width=\"2560\" height=\"1439\" data-srcset=\"https:\/\/www.cgfmanet.org\/wp-content\/uploads\/2025\/07\/Rciognizione-resti-Suor-Maria-Troncatti_1-scaled.jpg 2560w, https:\/\/www.cgfmanet.org\/wp-content\/uploads\/2025\/07\/Rciognizione-resti-Suor-Maria-Troncatti_1-768x432.jpg 768w, https:\/\/www.cgfmanet.org\/wp-content\/uploads\/2025\/07\/Rciognizione-resti-Suor-Maria-Troncatti_1-1536x863.jpg 1536w, https:\/\/www.cgfmanet.org\/wp-content\/uploads\/2025\/07\/Rciognizione-resti-Suor-Maria-Troncatti_1-2048x1151.jpg 2048w, https:\/\/www.cgfmanet.org\/wp-content\/uploads\/2025\/07\/Rciognizione-resti-Suor-Maria-Troncatti_1-747x420.jpg 747w, https:\/\/www.cgfmanet.org\/wp-content\/uploads\/2025\/07\/Rciognizione-resti-Suor-Maria-Troncatti_1-696x391.jpg 696w\" data-sizes=\"auto\" src=\"data:image\/svg+xml;base64,PHN2ZyB3aWR0aD0iMSIgaGVpZ2h0PSIxIiB4bWxucz0iaHR0cDovL3d3dy53My5vcmcvMjAwMC9zdmciPjwvc3ZnPg==\" style=\"--smush-placeholder-width: 2560px; --smush-placeholder-aspect-ratio: 2560\/1439;\" data-original-sizes=\"(max-width: 2560px) 100vw, 2560px\" \/><\/a><\/p>\n<p>Durante el acto, Sor Norma Reyes dio lectura al decreto de nombramiento de los Oficiales del reconocimiento can\u00f3nico, firmado por Mons. Montesdeoca.<\/p>\n<p>Cada uno de los miembros prest\u00f3 juramento ante Mons. Montesdeoca, comprometi\u00e9ndose a cumplir con fidelidad su funci\u00f3n y a mantener la debida reserva del oficio. Posteriormente, todos firmaron el acta oficial de esta primera sesi\u00f3n.<\/p>\n<p>En su intervenci\u00f3n, Mons. Montesdeoca destac\u00f3 el legado de santidad misionera presente en el Vicariato Apost\u00f3lico de M\u00e9ndez, a trav\u00e9s del testimonio de la Beata Mercedes de Jes\u00fas Molina, Fundadora del Instituto de \u201cHermanas de Mariana de Jes\u00fas\u201d, del padre Carlos Crespi y del padre Luis Bolla.<\/p>\n<p>Por su parte, Don Pierluigi Cameroni, SDB, resalt\u00f3 el significado eclesial de este proceso, como expresi\u00f3n del sello de Dios sobre la obra misionera y evangelizadora desarrollada en estas tierras. Subray\u00f3 tambi\u00e9n la maternidad espiritual de Sor Mar\u00eda Troncatti hacia los sacerdotes y su testimonio como \u201cmisionera de paz y reconciliaci\u00f3n\u201d, porque vivi\u00f3 ella misma reconciliada.<\/p>\n<p>Finalmente, Sor Lupe Erazo Arce, Inspectora de las FMA en Ecuador, comparti\u00f3 con los presentes el <strong><span style=\"color: #0000ff;\"><a style=\"color: #0000ff;\" href=\"https:\/\/www.cgfmanet.org\/es\/infoesfera\/canonizacion-de-sor-maria-troncatti\/\" target=\"_blank\" rel=\"noopener\">mensaje<\/a><\/span><\/strong> de la Madre General, Sor Chiara Cazzuola, en preparaci\u00f3n para la canonizaci\u00f3n de Sor Troncatti.<\/p>\n<p>Posteriormente, la Comisi\u00f3n se traslad\u00f3 a Suc\u00faa, donde se realiz\u00f3 la extracci\u00f3n de las reliquias. Estas fueron llevadas al lugar donde el Di\u00e1cono Luciano Griggio, t\u00e9cnico conservador, inici\u00f3 el tratamiento correspondiente para su preservaci\u00f3n.<\/p>\n<p><strong>Fotos<\/strong><strong>: <span style=\"color: #0000ff;\"><a style=\"color: #0000ff;\" href=\"https:\/\/drive.google.com\/drive\/folders\/1OxSqb4n3OBDJYXoQnXRSbgynTFN-7VC9\" target=\"_blank\" rel=\"noopener\">FMA ECU<\/a><\/span><\/strong><\/p>\n","protected":false},"excerpt":{"rendered":"<p>Macas (Ecuador). Il 15 de julio de en Macas, en el Centro Vicarial Pastoral de R\u00edo Blanco, se celebr\u00f3 la primera Sesi\u00f3n del Tribunal encargado del reconocimiento can\u00f3nico y tratamiento [&hellip;]<\/p>\n","protected":false},"author":21,"featured_media":138347,"comment_status":"open","ping_status":"closed","sticky":false,"template":"","format":"standard","meta":{"footnotes":""},"categories":[39,191],"tags":[1129,1451,1640,1931,2464],"class_list":["post-138352","post","type-post","status-publish","format-standard","has-post-thumbnail","category-infoesfera","category-iglesia","tag-ecu-es","tag-santidad-salesiana","tag-maria-troncatti-es","tag-focus-es","tag-150-misiones-fma"],"yoast_head":"<!-- This site is optimized with the Yoast SEO plugin v27.4 - https:\/\/yoast.com\/product\/yoast-seo-wordpress\/ -->\n<title>Reconocimiento can\u00f3nico de las reliquias de Sor Mar\u00eda Troncatti \u2013 ECU &#8226; Istituto Figlie di Maria Ausiliatrice<\/title>\n<meta name=\"description\" content=\"El 15 de julio de 2025 se celebr\u00f3 en Macas, Ecuador, la primera Sesi\u00f3n del Tribunal encargado del reconocimiento can\u00f3nico y tratamiento conservativo de las reliquias de Sor Mar\u00eda Troncatti.\" \/>\n<meta name=\"robots\" content=\"index, follow, max-snippet:-1, max-image-preview:large, max-video-preview:-1\" \/>\n<link rel=\"canonical\" href=\"https:\/\/www.cgfmanet.org\/es\/infoesfera\/reconocimiento-canonico-de-las-reliquias-de-sor-maria-troncatti-ecu\/\" \/>\n<meta property=\"og:locale\" content=\"es_ES\" \/>\n<meta property=\"og:type\" content=\"article\" \/>\n<meta property=\"og:title\" content=\"Reconocimiento can\u00f3nico de las reliquias de Sor Mar\u00eda Troncatti \u2013 ECU &#8226; Istituto Figlie di Maria Ausiliatrice\" \/>\n<meta property=\"og:description\" content=\"El 15 de julio de 2025 se celebr\u00f3 en Macas, Ecuador, la primera Sesi\u00f3n del Tribunal encargado del reconocimiento can\u00f3nico y tratamiento conservativo de las reliquias de Sor Mar\u00eda Troncatti.\" \/>\n<meta property=\"og:url\" content=\"https:\/\/www.cgfmanet.org\/es\/infoesfera\/reconocimiento-canonico-de-las-reliquias-de-sor-maria-troncatti-ecu\/\" \/>\n<meta property=\"og:site_name\" content=\"Istituto Figlie di Maria Ausiliatrice\" \/>\n<meta property=\"article:publisher\" content=\"https:\/\/www.facebook.com\/salesian.sisters.of.don.bosco\/\" \/>\n<meta property=\"article:published_time\" content=\"2025-07-17T12:18:43+00:00\" \/>\n<meta property=\"og:image\" content=\"https:\/\/www.cgfmanet.org\/wp-content\/uploads\/2025\/07\/Rciognizione-resti-Suor-Maria-Troncatti.jpg\" \/>\n\t<meta property=\"og:image:width\" content=\"1181\" \/>\n\t<meta property=\"og:image:height\" content=\"787\" \/>\n\t<meta property=\"og:image:type\" content=\"image\/jpeg\" \/>\n<meta name=\"author\" content=\"Redazione\" \/>\n<meta name=\"twitter:card\" content=\"summary_large_image\" \/>\n<meta name=\"twitter:creator\" content=\"@Cgfmanet_Org\" \/>\n<meta name=\"twitter:site\" content=\"@Cgfmanet_Org\" \/>\n<meta name=\"twitter:label1\" content=\"Escrito por\" \/>\n\t<meta name=\"twitter:data1\" content=\"Redazione\" \/>\n\t<meta name=\"twitter:label2\" content=\"Tiempo de lectura\" \/>\n\t<meta name=\"twitter:data2\" content=\"3 minutos\" \/>\n<script type=\"application\/ld+json\" class=\"yoast-schema-graph\">{\"@context\":\"https:\\\/\\\/schema.org\",\"@graph\":[{\"@type\":\"Article\",\"@id\":\"https:\\\/\\\/www.cgfmanet.org\\\/es\\\/infoesfera\\\/reconocimiento-canonico-de-las-reliquias-de-sor-maria-troncatti-ecu\\\/#article\",\"isPartOf\":{\"@id\":\"https:\\\/\\\/www.cgfmanet.org\\\/es\\\/infoesfera\\\/reconocimiento-canonico-de-las-reliquias-de-sor-maria-troncatti-ecu\\\/\"},\"author\":{\"name\":\"Redazione\",\"@id\":\"https:\\\/\\\/www.cgfmanet.org\\\/es\\\/#\\\/schema\\\/person\\\/ce6473083f53ef0ef882cca23f0c8fb9\"},\"headline\":\"Reconocimiento can\u00f3nico de las reliquias de Sor Mar\u00eda Troncatti \u2013 ECU\",\"datePublished\":\"2025-07-17T12:18:43+00:00\",\"mainEntityOfPage\":{\"@id\":\"https:\\\/\\\/www.cgfmanet.org\\\/es\\\/infoesfera\\\/reconocimiento-canonico-de-las-reliquias-de-sor-maria-troncatti-ecu\\\/\"},\"wordCount\":520,\"commentCount\":0,\"publisher\":{\"@id\":\"https:\\\/\\\/www.cgfmanet.org\\\/es\\\/#organization\"},\"image\":{\"@id\":\"https:\\\/\\\/www.cgfmanet.org\\\/es\\\/infoesfera\\\/reconocimiento-canonico-de-las-reliquias-de-sor-maria-troncatti-ecu\\\/#primaryimage\"},\"thumbnailUrl\":\"https:\\\/\\\/www.cgfmanet.org\\\/wp-content\\\/uploads\\\/2025\\\/07\\\/Rciognizione-resti-Suor-Maria-Troncatti.jpg\",\"keywords\":[\"ECU\",\"Santidad Salesiana\",\"Maria Troncatti\",\"Focus\",\"150\u00b0 Misiones FMA\"],\"articleSection\":[\"Infoesfera\",\"Iglesia\"],\"inLanguage\":\"es\",\"potentialAction\":[{\"@type\":\"CommentAction\",\"name\":\"Comment\",\"target\":[\"https:\\\/\\\/www.cgfmanet.org\\\/es\\\/infoesfera\\\/reconocimiento-canonico-de-las-reliquias-de-sor-maria-troncatti-ecu\\\/#respond\"]}]},{\"@type\":\"WebPage\",\"@id\":\"https:\\\/\\\/www.cgfmanet.org\\\/es\\\/infoesfera\\\/reconocimiento-canonico-de-las-reliquias-de-sor-maria-troncatti-ecu\\\/\",\"url\":\"https:\\\/\\\/www.cgfmanet.org\\\/es\\\/infoesfera\\\/reconocimiento-canonico-de-las-reliquias-de-sor-maria-troncatti-ecu\\\/\",\"name\":\"Reconocimiento can\u00f3nico de las reliquias de Sor Mar\u00eda Troncatti \u2013 ECU &#8226; Istituto Figlie di Maria Ausiliatrice\",\"isPartOf\":{\"@id\":\"https:\\\/\\\/www.cgfmanet.org\\\/es\\\/#website\"},\"primaryImageOfPage\":{\"@id\":\"https:\\\/\\\/www.cgfmanet.org\\\/es\\\/infoesfera\\\/reconocimiento-canonico-de-las-reliquias-de-sor-maria-troncatti-ecu\\\/#primaryimage\"},\"image\":{\"@id\":\"https:\\\/\\\/www.cgfmanet.org\\\/es\\\/infoesfera\\\/reconocimiento-canonico-de-las-reliquias-de-sor-maria-troncatti-ecu\\\/#primaryimage\"},\"thumbnailUrl\":\"https:\\\/\\\/www.cgfmanet.org\\\/wp-content\\\/uploads\\\/2025\\\/07\\\/Rciognizione-resti-Suor-Maria-Troncatti.jpg\",\"datePublished\":\"2025-07-17T12:18:43+00:00\",\"description\":\"El 15 de julio de 2025 se celebr\u00f3 en Macas, Ecuador, la primera Sesi\u00f3n del Tribunal encargado del reconocimiento can\u00f3nico y tratamiento conservativo de las reliquias de Sor Mar\u00eda Troncatti.\",\"breadcrumb\":{\"@id\":\"https:\\\/\\\/www.cgfmanet.org\\\/es\\\/infoesfera\\\/reconocimiento-canonico-de-las-reliquias-de-sor-maria-troncatti-ecu\\\/#breadcrumb\"},\"inLanguage\":\"es\",\"potentialAction\":[{\"@type\":\"ReadAction\",\"target\":[\"https:\\\/\\\/www.cgfmanet.org\\\/es\\\/infoesfera\\\/reconocimiento-canonico-de-las-reliquias-de-sor-maria-troncatti-ecu\\\/\"]}]},{\"@type\":\"ImageObject\",\"inLanguage\":\"es\",\"@id\":\"https:\\\/\\\/www.cgfmanet.org\\\/es\\\/infoesfera\\\/reconocimiento-canonico-de-las-reliquias-de-sor-maria-troncatti-ecu\\\/#primaryimage\",\"url\":\"https:\\\/\\\/www.cgfmanet.org\\\/wp-content\\\/uploads\\\/2025\\\/07\\\/Rciognizione-resti-Suor-Maria-Troncatti.jpg\",\"contentUrl\":\"https:\\\/\\\/www.cgfmanet.org\\\/wp-content\\\/uploads\\\/2025\\\/07\\\/Rciognizione-resti-Suor-Maria-Troncatti.jpg\",\"width\":1181,\"height\":787},{\"@type\":\"BreadcrumbList\",\"@id\":\"https:\\\/\\\/www.cgfmanet.org\\\/es\\\/infoesfera\\\/reconocimiento-canonico-de-las-reliquias-de-sor-maria-troncatti-ecu\\\/#breadcrumb\",\"itemListElement\":[{\"@type\":\"ListItem\",\"position\":1,\"name\":\"Home\",\"item\":\"https:\\\/\\\/www.cgfmanet.org\\\/es\\\/\"},{\"@type\":\"ListItem\",\"position\":2,\"name\":\"Reconocimiento can\u00f3nico de las reliquias de Sor Mar\u00eda Troncatti \u2013 ECU\"}]},{\"@type\":\"WebSite\",\"@id\":\"https:\\\/\\\/www.cgfmanet.org\\\/es\\\/#website\",\"url\":\"https:\\\/\\\/www.cgfmanet.org\\\/es\\\/\",\"name\":\"Istituto Figlie di Maria Ausiliatrice\",\"description\":\"Salesiane di Don Bosco\",\"publisher\":{\"@id\":\"https:\\\/\\\/www.cgfmanet.org\\\/es\\\/#organization\"},\"potentialAction\":[{\"@type\":\"SearchAction\",\"target\":{\"@type\":\"EntryPoint\",\"urlTemplate\":\"https:\\\/\\\/www.cgfmanet.org\\\/es\\\/?s={search_term_string}\"},\"query-input\":{\"@type\":\"PropertyValueSpecification\",\"valueRequired\":true,\"valueName\":\"search_term_string\"}}],\"inLanguage\":\"es\"},{\"@type\":\"Organization\",\"@id\":\"https:\\\/\\\/www.cgfmanet.org\\\/es\\\/#organization\",\"name\":\"Istituto Figlie di Maria Ausiliatrice\",\"url\":\"https:\\\/\\\/www.cgfmanet.org\\\/es\\\/\",\"logo\":{\"@type\":\"ImageObject\",\"inLanguage\":\"es\",\"@id\":\"https:\\\/\\\/www.cgfmanet.org\\\/es\\\/#\\\/schema\\\/logo\\\/image\\\/\",\"url\":\"https:\\\/\\\/www.cgfmanet.org\\\/wp-content\\\/uploads\\\/2018\\\/10\\\/logo-fma.png\",\"contentUrl\":\"https:\\\/\\\/www.cgfmanet.org\\\/wp-content\\\/uploads\\\/2018\\\/10\\\/logo-fma.png\",\"width\":214,\"height\":55,\"caption\":\"Istituto Figlie di Maria Ausiliatrice\"},\"image\":{\"@id\":\"https:\\\/\\\/www.cgfmanet.org\\\/es\\\/#\\\/schema\\\/logo\\\/image\\\/\"},\"sameAs\":[\"https:\\\/\\\/www.facebook.com\\\/salesian.sisters.of.don.bosco\\\/\",\"https:\\\/\\\/x.com\\\/Cgfmanet_Org\",\"https:\\\/\\\/www.youtube.com\\\/channel\\\/UCmcr8yFQBV7JXeXVxyV9y5Q\"]},{\"@type\":\"Person\",\"@id\":\"https:\\\/\\\/www.cgfmanet.org\\\/es\\\/#\\\/schema\\\/person\\\/ce6473083f53ef0ef882cca23f0c8fb9\",\"name\":\"Redazione\"}]}<\/script>\n<!-- \/ Yoast SEO plugin. -->","yoast_head_json":{"title":"Reconocimiento can\u00f3nico de las reliquias de Sor Mar\u00eda Troncatti \u2013 ECU &#8226; Istituto Figlie di Maria Ausiliatrice","description":"El 15 de julio de 2025 se celebr\u00f3 en Macas, Ecuador, la primera Sesi\u00f3n del Tribunal encargado del reconocimiento can\u00f3nico y tratamiento conservativo de las reliquias de Sor Mar\u00eda Troncatti.","robots":{"index":"index","follow":"follow","max-snippet":"max-snippet:-1","max-image-preview":"max-image-preview:large","max-video-preview":"max-video-preview:-1"},"canonical":"https:\/\/www.cgfmanet.org\/es\/infoesfera\/reconocimiento-canonico-de-las-reliquias-de-sor-maria-troncatti-ecu\/","og_locale":"es_ES","og_type":"article","og_title":"Reconocimiento can\u00f3nico de las reliquias de Sor Mar\u00eda Troncatti \u2013 ECU &#8226; Istituto Figlie di Maria Ausiliatrice","og_description":"El 15 de julio de 2025 se celebr\u00f3 en Macas, Ecuador, la primera Sesi\u00f3n del Tribunal encargado del reconocimiento can\u00f3nico y tratamiento conservativo de las reliquias de Sor Mar\u00eda Troncatti.","og_url":"https:\/\/www.cgfmanet.org\/es\/infoesfera\/reconocimiento-canonico-de-las-reliquias-de-sor-maria-troncatti-ecu\/","og_site_name":"Istituto Figlie di Maria Ausiliatrice","article_publisher":"https:\/\/www.facebook.com\/salesian.sisters.of.don.bosco\/","article_published_time":"2025-07-17T12:18:43+00:00","og_image":[{"width":1181,"height":787,"url":"https:\/\/www.cgfmanet.org\/wp-content\/uploads\/2025\/07\/Rciognizione-resti-Suor-Maria-Troncatti.jpg","type":"image\/jpeg"}],"author":"Redazione","twitter_card":"summary_large_image","twitter_creator":"@Cgfmanet_Org","twitter_site":"@Cgfmanet_Org","twitter_misc":{"Escrito por":"Redazione","Tiempo de lectura":"3 minutos"},"schema":{"@context":"https:\/\/schema.org","@graph":[{"@type":"Article","@id":"https:\/\/www.cgfmanet.org\/es\/infoesfera\/reconocimiento-canonico-de-las-reliquias-de-sor-maria-troncatti-ecu\/#article","isPartOf":{"@id":"https:\/\/www.cgfmanet.org\/es\/infoesfera\/reconocimiento-canonico-de-las-reliquias-de-sor-maria-troncatti-ecu\/"},"author":{"name":"Redazione","@id":"https:\/\/www.cgfmanet.org\/es\/#\/schema\/person\/ce6473083f53ef0ef882cca23f0c8fb9"},"headline":"Reconocimiento can\u00f3nico de las reliquias de Sor Mar\u00eda Troncatti \u2013 ECU","datePublished":"2025-07-17T12:18:43+00:00","mainEntityOfPage":{"@id":"https:\/\/www.cgfmanet.org\/es\/infoesfera\/reconocimiento-canonico-de-las-reliquias-de-sor-maria-troncatti-ecu\/"},"wordCount":520,"commentCount":0,"publisher":{"@id":"https:\/\/www.cgfmanet.org\/es\/#organization"},"image":{"@id":"https:\/\/www.cgfmanet.org\/es\/infoesfera\/reconocimiento-canonico-de-las-reliquias-de-sor-maria-troncatti-ecu\/#primaryimage"},"thumbnailUrl":"https:\/\/www.cgfmanet.org\/wp-content\/uploads\/2025\/07\/Rciognizione-resti-Suor-Maria-Troncatti.jpg","keywords":["ECU","Santidad Salesiana","Maria Troncatti","Focus","150\u00b0 Misiones FMA"],"articleSection":["Infoesfera","Iglesia"],"inLanguage":"es","potentialAction":[{"@type":"CommentAction","name":"Comment","target":["https:\/\/www.cgfmanet.org\/es\/infoesfera\/reconocimiento-canonico-de-las-reliquias-de-sor-maria-troncatti-ecu\/#respond"]}]},{"@type":"WebPage","@id":"https:\/\/www.cgfmanet.org\/es\/infoesfera\/reconocimiento-canonico-de-las-reliquias-de-sor-maria-troncatti-ecu\/","url":"https:\/\/www.cgfmanet.org\/es\/infoesfera\/reconocimiento-canonico-de-las-reliquias-de-sor-maria-troncatti-ecu\/","name":"Reconocimiento can\u00f3nico de las reliquias de Sor Mar\u00eda Troncatti \u2013 ECU &#8226; Istituto Figlie di Maria Ausiliatrice","isPartOf":{"@id":"https:\/\/www.cgfmanet.org\/es\/#website"},"primaryImageOfPage":{"@id":"https:\/\/www.cgfmanet.org\/es\/infoesfera\/reconocimiento-canonico-de-las-reliquias-de-sor-maria-troncatti-ecu\/#primaryimage"},"image":{"@id":"https:\/\/www.cgfmanet.org\/es\/infoesfera\/reconocimiento-canonico-de-las-reliquias-de-sor-maria-troncatti-ecu\/#primaryimage"},"thumbnailUrl":"https:\/\/www.cgfmanet.org\/wp-content\/uploads\/2025\/07\/Rciognizione-resti-Suor-Maria-Troncatti.jpg","datePublished":"2025-07-17T12:18:43+00:00","description":"El 15 de julio de 2025 se celebr\u00f3 en Macas, Ecuador, la primera Sesi\u00f3n del Tribunal encargado del reconocimiento can\u00f3nico y tratamiento conservativo de las reliquias de Sor Mar\u00eda Troncatti.","breadcrumb":{"@id":"https:\/\/www.cgfmanet.org\/es\/infoesfera\/reconocimiento-canonico-de-las-reliquias-de-sor-maria-troncatti-ecu\/#breadcrumb"},"inLanguage":"es","potentialAction":[{"@type":"ReadAction","target":["https:\/\/www.cgfmanet.org\/es\/infoesfera\/reconocimiento-canonico-de-las-reliquias-de-sor-maria-troncatti-ecu\/"]}]},{"@type":"ImageObject","inLanguage":"es","@id":"https:\/\/www.cgfmanet.org\/es\/infoesfera\/reconocimiento-canonico-de-las-reliquias-de-sor-maria-troncatti-ecu\/#primaryimage","url":"https:\/\/www.cgfmanet.org\/wp-content\/uploads\/2025\/07\/Rciognizione-resti-Suor-Maria-Troncatti.jpg","contentUrl":"https:\/\/www.cgfmanet.org\/wp-content\/uploads\/2025\/07\/Rciognizione-resti-Suor-Maria-Troncatti.jpg","width":1181,"height":787},{"@type":"BreadcrumbList","@id":"https:\/\/www.cgfmanet.org\/es\/infoesfera\/reconocimiento-canonico-de-las-reliquias-de-sor-maria-troncatti-ecu\/#breadcrumb","itemListElement":[{"@type":"ListItem","position":1,"name":"Home","item":"https:\/\/www.cgfmanet.org\/es\/"},{"@type":"ListItem","position":2,"name":"Reconocimiento can\u00f3nico de las reliquias de Sor Mar\u00eda Troncatti \u2013 ECU"}]},{"@type":"WebSite","@id":"https:\/\/www.cgfmanet.org\/es\/#website","url":"https:\/\/www.cgfmanet.org\/es\/","name":"Istituto Figlie di Maria Ausiliatrice","description":"Salesiane di Don Bosco","publisher":{"@id":"https:\/\/www.cgfmanet.org\/es\/#organization"},"potentialAction":[{"@type":"SearchAction","target":{"@type":"EntryPoint","urlTemplate":"https:\/\/www.cgfmanet.org\/es\/?s={search_term_string}"},"query-input":{"@type":"PropertyValueSpecification","valueRequired":true,"valueName":"search_term_string"}}],"inLanguage":"es"},{"@type":"Organization","@id":"https:\/\/www.cgfmanet.org\/es\/#organization","name":"Istituto Figlie di Maria Ausiliatrice","url":"https:\/\/www.cgfmanet.org\/es\/","logo":{"@type":"ImageObject","inLanguage":"es","@id":"https:\/\/www.cgfmanet.org\/es\/#\/schema\/logo\/image\/","url":"https:\/\/www.cgfmanet.org\/wp-content\/uploads\/2018\/10\/logo-fma.png","contentUrl":"https:\/\/www.cgfmanet.org\/wp-content\/uploads\/2018\/10\/logo-fma.png","width":214,"height":55,"caption":"Istituto Figlie di Maria Ausiliatrice"},"image":{"@id":"https:\/\/www.cgfmanet.org\/es\/#\/schema\/logo\/image\/"},"sameAs":["https:\/\/www.facebook.com\/salesian.sisters.of.don.bosco\/","https:\/\/x.com\/Cgfmanet_Org","https:\/\/www.youtube.com\/channel\/UCmcr8yFQBV7JXeXVxyV9y5Q"]},{"@type":"Person","@id":"https:\/\/www.cgfmanet.org\/es\/#\/schema\/person\/ce6473083f53ef0ef882cca23f0c8fb9","name":"Redazione"}]}},"_links":{"self":[{"href":"https:\/\/www.cgfmanet.org\/es\/wp-json\/wp\/v2\/posts\/138352","targetHints":{"allow":["GET"]}}],"collection":[{"href":"https:\/\/www.cgfmanet.org\/es\/wp-json\/wp\/v2\/posts"}],"about":[{"href":"https:\/\/www.cgfmanet.org\/es\/wp-json\/wp\/v2\/types\/post"}],"author":[{"embeddable":true,"href":"https:\/\/www.cgfmanet.org\/es\/wp-json\/wp\/v2\/users\/21"}],"replies":[{"embeddable":true,"href":"https:\/\/www.cgfmanet.org\/es\/wp-json\/wp\/v2\/comments?post=138352"}],"version-history":[{"count":3,"href":"https:\/\/www.cgfmanet.org\/es\/wp-json\/wp\/v2\/posts\/138352\/revisions"}],"predecessor-version":[{"id":138359,"href":"https:\/\/www.cgfmanet.org\/es\/wp-json\/wp\/v2\/posts\/138352\/revisions\/138359"}],"wp:featuredmedia":[{"embeddable":true,"href":"https:\/\/www.cgfmanet.org\/es\/wp-json\/wp\/v2\/media\/138347"}],"wp:attachment":[{"href":"https:\/\/www.cgfmanet.org\/es\/wp-json\/wp\/v2\/media?parent=138352"}],"wp:term":[{"taxonomy":"category","embeddable":true,"href":"https:\/\/www.cgfmanet.org\/es\/wp-json\/wp\/v2\/categories?post=138352"},{"taxonomy":"post_tag","embeddable":true,"href":"https:\/\/www.cgfmanet.org\/es\/wp-json\/wp\/v2\/tags?post=138352"}],"curies":[{"name":"wp","href":"https:\/\/api.w.org\/{rel}","templated":true}]}}