{"id":138302,"date":"2025-07-15T11:47:32","date_gmt":"2025-07-15T09:47:32","guid":{"rendered":"https:\/\/www.cgfmanet.org\/infoesfera\/a-corteno-golgi-un-triduo-verso-la-canonizzazione-ilo\/"},"modified":"2025-07-19T22:43:37","modified_gmt":"2025-07-19T20:43:37","slug":"en-corteno-golgi-un-triduo-hacia-la-canonizacion-ilo","status":"publish","type":"post","link":"https:\/\/www.cgfmanet.org\/es\/ifma-es\/en-corteno-golgi-un-triduo-hacia-la-canonizacion-ilo\/","title":{"rendered":"En Corteno Golgi, un triduo hacia la Canonizaci\u00f3n &#8211; ILO"},"content":{"rendered":"<p><strong>Corteno Golgi (Italia).<\/strong> Del 23 al 25 de agosto de 2025, Corteno Golgi, el pueblo natal de Sor Mar\u00eda Troncatti en la provincia de Brescia, acoger\u00e1 un evento de tres d\u00edas con testimonios, iniciativas y celebraciones. Esto se hace en preparaci\u00f3n para el evento de la <span style=\"color: #0000ff;\"><strong><a style=\"color: #0000ff;\" href=\"https:\/\/www.cgfmanet.org\/es\/infoesfera\/canonizacion-de-sor-maria-troncatti\/\" target=\"_blank\" rel=\"noopener\">Canonizaci\u00f3n<\/a><\/strong><\/span> (19 de octubre de 2025), y est\u00e1 organizado por la Inspectoria Lombarda Sagrada Familia (ILO), en colaboraci\u00f3n con el Ayuntamiento de Corteno Golgi (BS), el Ayuntamiento de Aprica (SO), la Parroquia de S. Maria Assunta y la Pro Loco de Corteno.<\/p>\n<p>Se trata de un programa muy completo, que alterna momentos celebrativos \u2014con la presencia del Cardenal de la Di\u00f3cesis de Como, Oscar Cantoni; del Vicario General de la Di\u00f3cesis de Brescia, Monse\u00f1or Gaetano Fontana; y del Postulador de las Causas de los Santos de la Familia Salesiana, Don Pierluigi Cameroni, SDB\u2014 con otros de fiesta y juego para los m\u00e1s peque\u00f1os, ofreciendo tambi\u00e9n la posibilidad de disfrutar de las tradiciones culinarias del lugar.<\/p>\n<p>Cada d\u00eda estar\u00e1 marcado por uno de los aspectos del lema de la Canonizaci\u00f3n elegido por la Madre Chiara Cazzuola y las Consejeras Generales del Instituto FMA: <strong>\u00abMadre, Misionera, Artesana de paz y reconciliaci\u00f3n\u00bb.<\/strong><\/p>\n<p>En los d\u00edas previos a la memoria lit\u00fargica de la futura Santa, el 25 de agosto, se podr\u00e1 \u00abestar\u00bb en sus lugares de origen, visitando su casa natal, la parroquia donde se convirti\u00f3 en hija de Dios y que frecuent\u00f3 desde ni\u00f1a, recorriendo las calles de Corteno que sus pies atravesaron y los senderos que le eran familiares por su trabajo en el pastoreo.<\/p>\n<p><strong>El 24 de agosto se inaugurar\u00e1 el Sendero sor Mar\u00eda Troncatti<\/strong>, que pasar\u00e1 a formar parte del \u201c<span style=\"color: #0000ff;\"><strong><a style=\"color: #0000ff;\" href=\"https:\/\/www.cgfmanet.org\/es\/infoesfera\/sor-maria-troncatti-en-la-senda-de-los-cometas\/\" target=\"_blank\" rel=\"noopener\">Camino de las cometas<\/a><\/strong><\/span>\u201d, fundado por la asociaci\u00f3n hom\u00f3nima y que, inspirado en la primera Carta pastoral de Monse\u00f1or Tremolada sobre los muchos rostros de la santidad, busca recorrer y unir los lugares de los santos y santas de la tierra bresciana.<\/p>\n<p>Para conocer y profundizar a\u00fan mejor su figura, tambi\u00e9n se ofrecer\u00e1 el espect\u00e1culo \u201c<a href=\"https:\/\/www.cgfmanet.org\/es\/ifma-es\/150-misiones-fma\/nacidas-para-volar\/\" target=\"_blank\" rel=\"noopener\"><strong><span style=\"color: #0000ff;\">Nacidas para volar<\/span><\/strong><\/a>\u201d, realizado por las Novicias del Noviciado Internacional \u00abMar\u00eda Auxiliadora\u00bb de Castel Gandolfo, con motivo del 150 aniversario de las misiones FMA. En \u00e9l se mostrar\u00e1n los momentos m\u00e1s destacados que prepararon la partida hacia la Patagonia de las primeras seis jovenc\u00edsimas misioneras FMA, el 14 de noviembre de 1877.<\/p>\n<p>Durante estos d\u00edas de triduo especial, no faltar\u00e1n momentos de testimonio por parte de los parientes de la Santa de Corteno y de algunos j\u00f3venes que, gracias tambi\u00e9n a su ejemplo y al Carisma Salesiano, se est\u00e1n comprometiendo por el bien de los dem\u00e1s.<\/p>\n<p>Los tres d\u00edas concluir\u00e1n <strong>el 25 de agosto con la Celebraci\u00f3n Eucar\u00edstica presidida por el Cardenal Oscar Cantoni en el dies natalis de sor Mar\u00eda Troncatti<\/strong> y con otras iniciativas. Todas estas son oportunidades, para grandes y peque\u00f1os, en particular para las familias, de preparar la mente y el coraz\u00f3n para este gran evento de la Iglesia.<\/p>\n<p><img decoding=\"async\" class=\"alignnone size-full wp-image-138293 lazyload\" data-src=\"https:\/\/www.cgfmanet.org\/wp-content\/uploads\/2025\/07\/Locandina-Triduo_Suor-Maria-Troncatti_Corteno.jpg\" alt=\"\" width=\"1181\" height=\"1671\" data-srcset=\"https:\/\/www.cgfmanet.org\/wp-content\/uploads\/2025\/07\/Locandina-Triduo_Suor-Maria-Troncatti_Corteno.jpg 1181w, https:\/\/www.cgfmanet.org\/wp-content\/uploads\/2025\/07\/Locandina-Triduo_Suor-Maria-Troncatti_Corteno-768x1087.jpg 768w, https:\/\/www.cgfmanet.org\/wp-content\/uploads\/2025\/07\/Locandina-Triduo_Suor-Maria-Troncatti_Corteno-1086x1536.jpg 1086w, https:\/\/www.cgfmanet.org\/wp-content\/uploads\/2025\/07\/Locandina-Triduo_Suor-Maria-Troncatti_Corteno-297x420.jpg 297w, https:\/\/www.cgfmanet.org\/wp-content\/uploads\/2025\/07\/Locandina-Triduo_Suor-Maria-Troncatti_Corteno-696x985.jpg 696w\" data-sizes=\"auto\" src=\"data:image\/svg+xml;base64,PHN2ZyB3aWR0aD0iMSIgaGVpZ2h0PSIxIiB4bWxucz0iaHR0cDovL3d3dy53My5vcmcvMjAwMC9zdmciPjwvc3ZnPg==\" style=\"--smush-placeholder-width: 1181px; --smush-placeholder-aspect-ratio: 1181\/1671;\" data-original-sizes=\"(max-width: 1181px) 100vw, 1181px\" \/><\/p>\n<p>&nbsp;<\/p>\n","protected":false},"excerpt":{"rendered":"<p>Corteno Golgi (Italia). Del 23 al 25 de agosto de 2025, Corteno Golgi, el pueblo natal de Sor Mar\u00eda Troncatti en la provincia de Brescia, acoger\u00e1 un evento de tres [&hellip;]<\/p>\n","protected":false},"author":21,"featured_media":138311,"comment_status":"open","ping_status":"closed","sticky":false,"template":"","format":"standard","meta":{"footnotes":""},"categories":[2470,158],"tags":[1183,1451,1640,1669,1931,2464],"class_list":["post-138302","post","type-post","status-publish","format-standard","has-post-thumbnail","category-150-misiones-fma","category-ifma-es","tag-ilo-es","tag-santidad-salesiana","tag-maria-troncatti-es","tag-spiritualita-salesiana-es","tag-focus-es","tag-150-misiones-fma"],"yoast_head":"<!-- This site is optimized with the Yoast SEO plugin v27.4 - https:\/\/yoast.com\/product\/yoast-seo-wordpress\/ -->\n<title>En Corteno Golgi, un triduo hacia la Canonizaci\u00f3n - ILO &#8226; Istituto Figlie di Maria Ausiliatrice<\/title>\n<meta name=\"description\" content=\"Del 23 al 25 de agosto de 2025, en Corteno Golgi, pueblo natal Sor Mar\u00eda Troncatti, se llevar\u00e1 a cabo un evento de tres d\u00edas con iniciativas en preparaci\u00f3n para la Canonizaci\u00f3n, organizado por la Inspector\u00eda Lombarda ILO.\" \/>\n<meta name=\"robots\" content=\"index, follow, max-snippet:-1, max-image-preview:large, max-video-preview:-1\" \/>\n<link rel=\"canonical\" href=\"https:\/\/www.cgfmanet.org\/es\/ifma-es\/en-corteno-golgi-un-triduo-hacia-la-canonizacion-ilo\/\" \/>\n<meta property=\"og:locale\" content=\"es_ES\" \/>\n<meta property=\"og:type\" content=\"article\" \/>\n<meta property=\"og:title\" content=\"En Corteno Golgi, un triduo hacia la Canonizaci\u00f3n - ILO &#8226; Istituto Figlie di Maria Ausiliatrice\" \/>\n<meta property=\"og:description\" content=\"Del 23 al 25 de agosto de 2025, en Corteno Golgi, pueblo natal Sor Mar\u00eda Troncatti, se llevar\u00e1 a cabo un evento de tres d\u00edas con iniciativas en preparaci\u00f3n para la Canonizaci\u00f3n, organizado por la Inspector\u00eda Lombarda ILO.\" \/>\n<meta property=\"og:url\" content=\"https:\/\/www.cgfmanet.org\/es\/ifma-es\/en-corteno-golgi-un-triduo-hacia-la-canonizacion-ilo\/\" \/>\n<meta property=\"og:site_name\" content=\"Istituto Figlie di Maria Ausiliatrice\" \/>\n<meta property=\"article:publisher\" content=\"https:\/\/www.facebook.com\/salesian.sisters.of.don.bosco\/\" \/>\n<meta property=\"article:published_time\" content=\"2025-07-15T09:47:32+00:00\" \/>\n<meta property=\"article:modified_time\" content=\"2025-07-19T20:43:37+00:00\" \/>\n<meta property=\"og:image\" content=\"https:\/\/www.cgfmanet.org\/wp-content\/uploads\/2025\/07\/Triduo_Suor-Maria-Troncatti_Corteno_ok.jpg\" \/>\n\t<meta property=\"og:image:width\" content=\"1200\" \/>\n\t<meta property=\"og:image:height\" content=\"800\" \/>\n\t<meta property=\"og:image:type\" content=\"image\/jpeg\" \/>\n<meta name=\"author\" content=\"Redazione\" \/>\n<meta name=\"twitter:card\" content=\"summary_large_image\" \/>\n<meta name=\"twitter:creator\" content=\"@Cgfmanet_Org\" \/>\n<meta name=\"twitter:site\" content=\"@Cgfmanet_Org\" \/>\n<meta name=\"twitter:label1\" content=\"Escrito por\" \/>\n\t<meta name=\"twitter:data1\" content=\"Redazione\" \/>\n\t<meta name=\"twitter:label2\" content=\"Tiempo de lectura\" \/>\n\t<meta name=\"twitter:data2\" content=\"3 minutos\" \/>\n<script type=\"application\/ld+json\" class=\"yoast-schema-graph\">{\"@context\":\"https:\\\/\\\/schema.org\",\"@graph\":[{\"@type\":\"Article\",\"@id\":\"https:\\\/\\\/www.cgfmanet.org\\\/es\\\/ifma-es\\\/en-corteno-golgi-un-triduo-hacia-la-canonizacion-ilo\\\/#article\",\"isPartOf\":{\"@id\":\"https:\\\/\\\/www.cgfmanet.org\\\/es\\\/ifma-es\\\/en-corteno-golgi-un-triduo-hacia-la-canonizacion-ilo\\\/\"},\"author\":{\"name\":\"Redazione\",\"@id\":\"https:\\\/\\\/www.cgfmanet.org\\\/es\\\/#\\\/schema\\\/person\\\/ce6473083f53ef0ef882cca23f0c8fb9\"},\"headline\":\"En Corteno Golgi, un triduo hacia la Canonizaci\u00f3n &#8211; ILO\",\"datePublished\":\"2025-07-15T09:47:32+00:00\",\"dateModified\":\"2025-07-19T20:43:37+00:00\",\"mainEntityOfPage\":{\"@id\":\"https:\\\/\\\/www.cgfmanet.org\\\/es\\\/ifma-es\\\/en-corteno-golgi-un-triduo-hacia-la-canonizacion-ilo\\\/\"},\"wordCount\":526,\"commentCount\":0,\"publisher\":{\"@id\":\"https:\\\/\\\/www.cgfmanet.org\\\/es\\\/#organization\"},\"image\":{\"@id\":\"https:\\\/\\\/www.cgfmanet.org\\\/es\\\/ifma-es\\\/en-corteno-golgi-un-triduo-hacia-la-canonizacion-ilo\\\/#primaryimage\"},\"thumbnailUrl\":\"https:\\\/\\\/www.cgfmanet.org\\\/wp-content\\\/uploads\\\/2025\\\/07\\\/Triduo_Suor-Maria-Troncatti_Corteno_ok.jpg\",\"keywords\":[\"ILO\",\"Santidad Salesiana\",\"Maria Troncatti\",\"Spiritualit\u00e0 Salesiana\",\"Focus\",\"150\u00b0 Misiones FMA\"],\"articleSection\":[\"150\u00b0 Misiones FMA\",\"IFMA\"],\"inLanguage\":\"es\",\"potentialAction\":[{\"@type\":\"CommentAction\",\"name\":\"Comment\",\"target\":[\"https:\\\/\\\/www.cgfmanet.org\\\/es\\\/ifma-es\\\/en-corteno-golgi-un-triduo-hacia-la-canonizacion-ilo\\\/#respond\"]}]},{\"@type\":\"WebPage\",\"@id\":\"https:\\\/\\\/www.cgfmanet.org\\\/es\\\/ifma-es\\\/en-corteno-golgi-un-triduo-hacia-la-canonizacion-ilo\\\/\",\"url\":\"https:\\\/\\\/www.cgfmanet.org\\\/es\\\/ifma-es\\\/en-corteno-golgi-un-triduo-hacia-la-canonizacion-ilo\\\/\",\"name\":\"En Corteno Golgi, un triduo hacia la Canonizaci\u00f3n - ILO &#8226; Istituto Figlie di Maria Ausiliatrice\",\"isPartOf\":{\"@id\":\"https:\\\/\\\/www.cgfmanet.org\\\/es\\\/#website\"},\"primaryImageOfPage\":{\"@id\":\"https:\\\/\\\/www.cgfmanet.org\\\/es\\\/ifma-es\\\/en-corteno-golgi-un-triduo-hacia-la-canonizacion-ilo\\\/#primaryimage\"},\"image\":{\"@id\":\"https:\\\/\\\/www.cgfmanet.org\\\/es\\\/ifma-es\\\/en-corteno-golgi-un-triduo-hacia-la-canonizacion-ilo\\\/#primaryimage\"},\"thumbnailUrl\":\"https:\\\/\\\/www.cgfmanet.org\\\/wp-content\\\/uploads\\\/2025\\\/07\\\/Triduo_Suor-Maria-Troncatti_Corteno_ok.jpg\",\"datePublished\":\"2025-07-15T09:47:32+00:00\",\"dateModified\":\"2025-07-19T20:43:37+00:00\",\"description\":\"Del 23 al 25 de agosto de 2025, en Corteno Golgi, pueblo natal Sor Mar\u00eda Troncatti, se llevar\u00e1 a cabo un evento de tres d\u00edas con iniciativas en preparaci\u00f3n para la Canonizaci\u00f3n, organizado por la Inspector\u00eda Lombarda ILO.\",\"breadcrumb\":{\"@id\":\"https:\\\/\\\/www.cgfmanet.org\\\/es\\\/ifma-es\\\/en-corteno-golgi-un-triduo-hacia-la-canonizacion-ilo\\\/#breadcrumb\"},\"inLanguage\":\"es\",\"potentialAction\":[{\"@type\":\"ReadAction\",\"target\":[\"https:\\\/\\\/www.cgfmanet.org\\\/es\\\/ifma-es\\\/en-corteno-golgi-un-triduo-hacia-la-canonizacion-ilo\\\/\"]}]},{\"@type\":\"ImageObject\",\"inLanguage\":\"es\",\"@id\":\"https:\\\/\\\/www.cgfmanet.org\\\/es\\\/ifma-es\\\/en-corteno-golgi-un-triduo-hacia-la-canonizacion-ilo\\\/#primaryimage\",\"url\":\"https:\\\/\\\/www.cgfmanet.org\\\/wp-content\\\/uploads\\\/2025\\\/07\\\/Triduo_Suor-Maria-Troncatti_Corteno_ok.jpg\",\"contentUrl\":\"https:\\\/\\\/www.cgfmanet.org\\\/wp-content\\\/uploads\\\/2025\\\/07\\\/Triduo_Suor-Maria-Troncatti_Corteno_ok.jpg\",\"width\":1200,\"height\":800},{\"@type\":\"BreadcrumbList\",\"@id\":\"https:\\\/\\\/www.cgfmanet.org\\\/es\\\/ifma-es\\\/en-corteno-golgi-un-triduo-hacia-la-canonizacion-ilo\\\/#breadcrumb\",\"itemListElement\":[{\"@type\":\"ListItem\",\"position\":1,\"name\":\"Home\",\"item\":\"https:\\\/\\\/www.cgfmanet.org\\\/es\\\/\"},{\"@type\":\"ListItem\",\"position\":2,\"name\":\"En Corteno Golgi, un triduo hacia la Canonizaci\u00f3n &#8211; ILO\"}]},{\"@type\":\"WebSite\",\"@id\":\"https:\\\/\\\/www.cgfmanet.org\\\/es\\\/#website\",\"url\":\"https:\\\/\\\/www.cgfmanet.org\\\/es\\\/\",\"name\":\"Istituto Figlie di Maria Ausiliatrice\",\"description\":\"Salesiane di Don Bosco\",\"publisher\":{\"@id\":\"https:\\\/\\\/www.cgfmanet.org\\\/es\\\/#organization\"},\"potentialAction\":[{\"@type\":\"SearchAction\",\"target\":{\"@type\":\"EntryPoint\",\"urlTemplate\":\"https:\\\/\\\/www.cgfmanet.org\\\/es\\\/?s={search_term_string}\"},\"query-input\":{\"@type\":\"PropertyValueSpecification\",\"valueRequired\":true,\"valueName\":\"search_term_string\"}}],\"inLanguage\":\"es\"},{\"@type\":\"Organization\",\"@id\":\"https:\\\/\\\/www.cgfmanet.org\\\/es\\\/#organization\",\"name\":\"Istituto Figlie di Maria Ausiliatrice\",\"url\":\"https:\\\/\\\/www.cgfmanet.org\\\/es\\\/\",\"logo\":{\"@type\":\"ImageObject\",\"inLanguage\":\"es\",\"@id\":\"https:\\\/\\\/www.cgfmanet.org\\\/es\\\/#\\\/schema\\\/logo\\\/image\\\/\",\"url\":\"https:\\\/\\\/www.cgfmanet.org\\\/wp-content\\\/uploads\\\/2018\\\/10\\\/logo-fma.png\",\"contentUrl\":\"https:\\\/\\\/www.cgfmanet.org\\\/wp-content\\\/uploads\\\/2018\\\/10\\\/logo-fma.png\",\"width\":214,\"height\":55,\"caption\":\"Istituto Figlie di Maria Ausiliatrice\"},\"image\":{\"@id\":\"https:\\\/\\\/www.cgfmanet.org\\\/es\\\/#\\\/schema\\\/logo\\\/image\\\/\"},\"sameAs\":[\"https:\\\/\\\/www.facebook.com\\\/salesian.sisters.of.don.bosco\\\/\",\"https:\\\/\\\/x.com\\\/Cgfmanet_Org\",\"https:\\\/\\\/www.youtube.com\\\/channel\\\/UCmcr8yFQBV7JXeXVxyV9y5Q\"]},{\"@type\":\"Person\",\"@id\":\"https:\\\/\\\/www.cgfmanet.org\\\/es\\\/#\\\/schema\\\/person\\\/ce6473083f53ef0ef882cca23f0c8fb9\",\"name\":\"Redazione\"}]}<\/script>\n<!-- \/ Yoast SEO plugin. -->","yoast_head_json":{"title":"En Corteno Golgi, un triduo hacia la Canonizaci\u00f3n - ILO &#8226; Istituto Figlie di Maria Ausiliatrice","description":"Del 23 al 25 de agosto de 2025, en Corteno Golgi, pueblo natal Sor Mar\u00eda Troncatti, se llevar\u00e1 a cabo un evento de tres d\u00edas con iniciativas en preparaci\u00f3n para la Canonizaci\u00f3n, organizado por la Inspector\u00eda Lombarda ILO.","robots":{"index":"index","follow":"follow","max-snippet":"max-snippet:-1","max-image-preview":"max-image-preview:large","max-video-preview":"max-video-preview:-1"},"canonical":"https:\/\/www.cgfmanet.org\/es\/ifma-es\/en-corteno-golgi-un-triduo-hacia-la-canonizacion-ilo\/","og_locale":"es_ES","og_type":"article","og_title":"En Corteno Golgi, un triduo hacia la Canonizaci\u00f3n - ILO &#8226; Istituto Figlie di Maria Ausiliatrice","og_description":"Del 23 al 25 de agosto de 2025, en Corteno Golgi, pueblo natal Sor Mar\u00eda Troncatti, se llevar\u00e1 a cabo un evento de tres d\u00edas con iniciativas en preparaci\u00f3n para la Canonizaci\u00f3n, organizado por la Inspector\u00eda Lombarda ILO.","og_url":"https:\/\/www.cgfmanet.org\/es\/ifma-es\/en-corteno-golgi-un-triduo-hacia-la-canonizacion-ilo\/","og_site_name":"Istituto Figlie di Maria Ausiliatrice","article_publisher":"https:\/\/www.facebook.com\/salesian.sisters.of.don.bosco\/","article_published_time":"2025-07-15T09:47:32+00:00","article_modified_time":"2025-07-19T20:43:37+00:00","og_image":[{"width":1200,"height":800,"url":"https:\/\/www.cgfmanet.org\/wp-content\/uploads\/2025\/07\/Triduo_Suor-Maria-Troncatti_Corteno_ok.jpg","type":"image\/jpeg"}],"author":"Redazione","twitter_card":"summary_large_image","twitter_creator":"@Cgfmanet_Org","twitter_site":"@Cgfmanet_Org","twitter_misc":{"Escrito por":"Redazione","Tiempo de lectura":"3 minutos"},"schema":{"@context":"https:\/\/schema.org","@graph":[{"@type":"Article","@id":"https:\/\/www.cgfmanet.org\/es\/ifma-es\/en-corteno-golgi-un-triduo-hacia-la-canonizacion-ilo\/#article","isPartOf":{"@id":"https:\/\/www.cgfmanet.org\/es\/ifma-es\/en-corteno-golgi-un-triduo-hacia-la-canonizacion-ilo\/"},"author":{"name":"Redazione","@id":"https:\/\/www.cgfmanet.org\/es\/#\/schema\/person\/ce6473083f53ef0ef882cca23f0c8fb9"},"headline":"En Corteno Golgi, un triduo hacia la Canonizaci\u00f3n &#8211; ILO","datePublished":"2025-07-15T09:47:32+00:00","dateModified":"2025-07-19T20:43:37+00:00","mainEntityOfPage":{"@id":"https:\/\/www.cgfmanet.org\/es\/ifma-es\/en-corteno-golgi-un-triduo-hacia-la-canonizacion-ilo\/"},"wordCount":526,"commentCount":0,"publisher":{"@id":"https:\/\/www.cgfmanet.org\/es\/#organization"},"image":{"@id":"https:\/\/www.cgfmanet.org\/es\/ifma-es\/en-corteno-golgi-un-triduo-hacia-la-canonizacion-ilo\/#primaryimage"},"thumbnailUrl":"https:\/\/www.cgfmanet.org\/wp-content\/uploads\/2025\/07\/Triduo_Suor-Maria-Troncatti_Corteno_ok.jpg","keywords":["ILO","Santidad Salesiana","Maria Troncatti","Spiritualit\u00e0 Salesiana","Focus","150\u00b0 Misiones FMA"],"articleSection":["150\u00b0 Misiones FMA","IFMA"],"inLanguage":"es","potentialAction":[{"@type":"CommentAction","name":"Comment","target":["https:\/\/www.cgfmanet.org\/es\/ifma-es\/en-corteno-golgi-un-triduo-hacia-la-canonizacion-ilo\/#respond"]}]},{"@type":"WebPage","@id":"https:\/\/www.cgfmanet.org\/es\/ifma-es\/en-corteno-golgi-un-triduo-hacia-la-canonizacion-ilo\/","url":"https:\/\/www.cgfmanet.org\/es\/ifma-es\/en-corteno-golgi-un-triduo-hacia-la-canonizacion-ilo\/","name":"En Corteno Golgi, un triduo hacia la Canonizaci\u00f3n - ILO &#8226; Istituto Figlie di Maria Ausiliatrice","isPartOf":{"@id":"https:\/\/www.cgfmanet.org\/es\/#website"},"primaryImageOfPage":{"@id":"https:\/\/www.cgfmanet.org\/es\/ifma-es\/en-corteno-golgi-un-triduo-hacia-la-canonizacion-ilo\/#primaryimage"},"image":{"@id":"https:\/\/www.cgfmanet.org\/es\/ifma-es\/en-corteno-golgi-un-triduo-hacia-la-canonizacion-ilo\/#primaryimage"},"thumbnailUrl":"https:\/\/www.cgfmanet.org\/wp-content\/uploads\/2025\/07\/Triduo_Suor-Maria-Troncatti_Corteno_ok.jpg","datePublished":"2025-07-15T09:47:32+00:00","dateModified":"2025-07-19T20:43:37+00:00","description":"Del 23 al 25 de agosto de 2025, en Corteno Golgi, pueblo natal Sor Mar\u00eda Troncatti, se llevar\u00e1 a cabo un evento de tres d\u00edas con iniciativas en preparaci\u00f3n para la Canonizaci\u00f3n, organizado por la Inspector\u00eda Lombarda ILO.","breadcrumb":{"@id":"https:\/\/www.cgfmanet.org\/es\/ifma-es\/en-corteno-golgi-un-triduo-hacia-la-canonizacion-ilo\/#breadcrumb"},"inLanguage":"es","potentialAction":[{"@type":"ReadAction","target":["https:\/\/www.cgfmanet.org\/es\/ifma-es\/en-corteno-golgi-un-triduo-hacia-la-canonizacion-ilo\/"]}]},{"@type":"ImageObject","inLanguage":"es","@id":"https:\/\/www.cgfmanet.org\/es\/ifma-es\/en-corteno-golgi-un-triduo-hacia-la-canonizacion-ilo\/#primaryimage","url":"https:\/\/www.cgfmanet.org\/wp-content\/uploads\/2025\/07\/Triduo_Suor-Maria-Troncatti_Corteno_ok.jpg","contentUrl":"https:\/\/www.cgfmanet.org\/wp-content\/uploads\/2025\/07\/Triduo_Suor-Maria-Troncatti_Corteno_ok.jpg","width":1200,"height":800},{"@type":"BreadcrumbList","@id":"https:\/\/www.cgfmanet.org\/es\/ifma-es\/en-corteno-golgi-un-triduo-hacia-la-canonizacion-ilo\/#breadcrumb","itemListElement":[{"@type":"ListItem","position":1,"name":"Home","item":"https:\/\/www.cgfmanet.org\/es\/"},{"@type":"ListItem","position":2,"name":"En Corteno Golgi, un triduo hacia la Canonizaci\u00f3n &#8211; ILO"}]},{"@type":"WebSite","@id":"https:\/\/www.cgfmanet.org\/es\/#website","url":"https:\/\/www.cgfmanet.org\/es\/","name":"Istituto Figlie di Maria Ausiliatrice","description":"Salesiane di Don Bosco","publisher":{"@id":"https:\/\/www.cgfmanet.org\/es\/#organization"},"potentialAction":[{"@type":"SearchAction","target":{"@type":"EntryPoint","urlTemplate":"https:\/\/www.cgfmanet.org\/es\/?s={search_term_string}"},"query-input":{"@type":"PropertyValueSpecification","valueRequired":true,"valueName":"search_term_string"}}],"inLanguage":"es"},{"@type":"Organization","@id":"https:\/\/www.cgfmanet.org\/es\/#organization","name":"Istituto Figlie di Maria Ausiliatrice","url":"https:\/\/www.cgfmanet.org\/es\/","logo":{"@type":"ImageObject","inLanguage":"es","@id":"https:\/\/www.cgfmanet.org\/es\/#\/schema\/logo\/image\/","url":"https:\/\/www.cgfmanet.org\/wp-content\/uploads\/2018\/10\/logo-fma.png","contentUrl":"https:\/\/www.cgfmanet.org\/wp-content\/uploads\/2018\/10\/logo-fma.png","width":214,"height":55,"caption":"Istituto Figlie di Maria Ausiliatrice"},"image":{"@id":"https:\/\/www.cgfmanet.org\/es\/#\/schema\/logo\/image\/"},"sameAs":["https:\/\/www.facebook.com\/salesian.sisters.of.don.bosco\/","https:\/\/x.com\/Cgfmanet_Org","https:\/\/www.youtube.com\/channel\/UCmcr8yFQBV7JXeXVxyV9y5Q"]},{"@type":"Person","@id":"https:\/\/www.cgfmanet.org\/es\/#\/schema\/person\/ce6473083f53ef0ef882cca23f0c8fb9","name":"Redazione"}]}},"_links":{"self":[{"href":"https:\/\/www.cgfmanet.org\/es\/wp-json\/wp\/v2\/posts\/138302","targetHints":{"allow":["GET"]}}],"collection":[{"href":"https:\/\/www.cgfmanet.org\/es\/wp-json\/wp\/v2\/posts"}],"about":[{"href":"https:\/\/www.cgfmanet.org\/es\/wp-json\/wp\/v2\/types\/post"}],"author":[{"embeddable":true,"href":"https:\/\/www.cgfmanet.org\/es\/wp-json\/wp\/v2\/users\/21"}],"replies":[{"embeddable":true,"href":"https:\/\/www.cgfmanet.org\/es\/wp-json\/wp\/v2\/comments?post=138302"}],"version-history":[{"count":3,"href":"https:\/\/www.cgfmanet.org\/es\/wp-json\/wp\/v2\/posts\/138302\/revisions"}],"predecessor-version":[{"id":138523,"href":"https:\/\/www.cgfmanet.org\/es\/wp-json\/wp\/v2\/posts\/138302\/revisions\/138523"}],"wp:featuredmedia":[{"embeddable":true,"href":"https:\/\/www.cgfmanet.org\/es\/wp-json\/wp\/v2\/media\/138311"}],"wp:attachment":[{"href":"https:\/\/www.cgfmanet.org\/es\/wp-json\/wp\/v2\/media?parent=138302"}],"wp:term":[{"taxonomy":"category","embeddable":true,"href":"https:\/\/www.cgfmanet.org\/es\/wp-json\/wp\/v2\/categories?post=138302"},{"taxonomy":"post_tag","embeddable":true,"href":"https:\/\/www.cgfmanet.org\/es\/wp-json\/wp\/v2\/tags?post=138302"}],"curies":[{"name":"wp","href":"https:\/\/api.w.org\/{rel}","templated":true}]}}