{"id":137406,"date":"2025-06-24T13:41:04","date_gmt":"2025-06-24T11:41:04","guid":{"rendered":"https:\/\/www.cgfmanet.org\/infoesfera\/nomina-del-vaticano-per-madre-chiara-cazzuola\/"},"modified":"2025-06-25T10:13:37","modified_gmt":"2025-06-25T08:13:37","slug":"nombramiento-del-vaticano-para-la-madre-chiara-cazzuola","status":"publish","type":"post","link":"https:\/\/www.cgfmanet.org\/es\/infoesfera\/nombramiento-del-vaticano-para-la-madre-chiara-cazzuola\/","title":{"rendered":"Nombramiento del Vaticano para la Madre Chiara Cazzuola"},"content":{"rendered":"<p><strong>Roma (Italia).<\/strong> El 24 de junio de 2025, el Santo Padre nombr\u00f3 a la Madre Chiara Cazzuola, Superiora General del Instituto de las Hijas de Mar\u00eda Auxiliadora, miembro del Dicasterio para los Institutos de Vida Consagrada y las Sociedades de Vida Apost\u00f3lica.<\/p>\n<p>La Madre Chiara Cazzuola es la 10.\u00aa Sucesora de Mar\u00eda Domenica Mazzarello. Naci\u00f3 en Campiglia Marittima \u2013 Livorno (Italia) en 1955, y realiz\u00f3 su Profesi\u00f3n Religiosa en el Instituto FMA en Castelgandolfo (Roma) el 5 de agosto de 1975. Licenciada en Materias Literarias, fue docente durante varios a\u00f1os y, posteriormente, directora en Escuelas Secundarias de Primer y Segundo grado. Luego, fue Animadora de Comunidad y despu\u00e9s Consejera Inspectorial. En 2001, con la unificaci\u00f3n de las tres Inspector\u00edas Emiliana, Ligure y Toscana, fue nombrada Consejera Inspectorial para la Formaci\u00f3n y dio su contribuci\u00f3n privilegiando caminos de comuni\u00f3n, de espiritualidad con un estilo de sencillez, respeto por las personas y profundidad. En 2007 fue nombrada Inspectora de la Inspector\u00eda Emiliana-Ligure-Toscana \u00abMadonna del Cenacolo\u00bb (ILS), con sede en La Spezia. El CG XXII de 2008 la eligi\u00f3 Consejera Visitadora. Durante el sexenio 2008-2014 visit\u00f3 algunas Inspector\u00edas de Am\u00e9rica y Europa. En 2014, la Madre Yvonne Reungoat la nombr\u00f3 Reguladora del Cap\u00edtulo General XXIII y en el mismo Cap\u00edtulo fue elegida Vicaria General. En febrero de 2019, la Madre la nombr\u00f3 Reguladora del Cap\u00edtulo General XXIV y el 5 de octubre de 2021, en el mismo Cap\u00edtulo, fue elegida Madre General.<\/p>\n<p><strong>Junto a ella, el Santo Padre nombr\u00f3 a los Eminent\u00edsimos Cardenales<\/strong>: Arthur Roche, Prefecto del Dicasterio para el Culto Divino y la Disciplina de los Sacramentos; Crist\u00f3bal L\u00f3pez Romero, S.D.B., Arzobispo de Rabat (Marruecos); Giorgio Marengo, I.M.C., Prefecto Apost\u00f3lico de Ulaanbaatar (Mongolia); Pierbattista Pizzaballa, O.F.M., Patriarca de Jerusal\u00e9n de los Latinos (Israel); Jaime Spengler, O.F.M., Arzobispo de Porto Alegre (Brasil);<\/p>\n<p><strong>Los Excelent\u00edsimos Monse\u00f1ores<\/strong>: Jude Thaddaeus Ruwa&#8217;ichi, O.F.M. Cap., Arzobispo de Dar-es-Salaam (Tanzania); Jerzy Maculewicz, O.F.M. Conv., Administrador Apost\u00f3lico de Uzbekist\u00e1n; Julio C\u00e9sar Salcedo Aquino, M.J., Obispo de Tlaxcala (M\u00e9xico); Thulani Victor Mbuyisa, C.M.M., Obispo de Kokstad (Sud\u00e1frica); Tesfaye Tadesse Gebresilasie, M.C.C.J., Obispo auxiliar de la Archieparqu\u00eda de Addis Abeba (Etiop\u00eda); Los Reverend\u00edsimos Padres: Stanley Lubungo, Superior General de los Misioneros de \u00c1frica (Padres Blancos); Miguel M\u00e1rquez Calle, Prep\u00f3sito General de los Carmelitas Descalzos; Donato Ogliari, O.S.B., Abad del Monasterio de San Pablo Extramuros en Roma (Italia); El Reverendo Hermano Armin Altamirano Luistro, Superior General de los Hermanos de las Escuelas Cristianas;<\/p>\n<p><strong>Las Reverendas Madres:<\/strong> Fran\u00e7oise Petit, Superiora General de las Hijas de la Caridad de San Vicente de Pa\u00fal; Maria Goretti Lee, Superiora General de las Hermanas Hospitalarias de San Pablo; Idilia Maria Moreira Gon\u00e7alves Carneiro, Superiora General de las Hermanas Hospitalarias del Sagrado Coraz\u00f3n de Jes\u00fas; La Gentil\u00edsima Se\u00f1orita: Luisa Muston, Presidenta General del Instituto Secular Misioneras de los Enfermos \u00abCristo Esperanza\u00bb.<\/p>\n<p><span style=\"color: #0000ff;\"><a style=\"color: #0000ff;\" href=\"https:\/\/www.vitaconsacrata.va\/it.html\"><strong>El Dicasterio para los Institutos de Vida Consagrada y las Sociedades de Vida Apost\u00f3lica <\/strong><\/a><\/span>promueve, anima y regula la pr\u00e1ctica de los consejos evang\u00e9licos, tal como se vive en las formas aprobadas de vida consagrada, y tambi\u00e9n en lo que concierne a la vida y actividad de las Sociedades de Vida Apost\u00f3lica en toda la Iglesia latina. Corresponde al Dicasterio aprobar los Institutos de Vida Consagrada y las Sociedades de Vida Apost\u00f3lica, erigirlos y conceder la licencia para la validez de la erecci\u00f3n de un Instituto de Vida Consagrada o Sociedad de Vida Apost\u00f3lica de derecho diocesano por parte del Obispo. El Dicasterio se esfuerza para que los Institutos de Vida Consagrada y las Sociedades de Vida Apost\u00f3lica progresen en el seguimiento de Cristo como se propone en el Evangelio, seg\u00fan el carisma propio nacido del esp\u00edritu del fundador y las sanas tradiciones, persigan fielmente sus propias finalidades y contribuyan eficazmente a la edificaci\u00f3n de la Iglesia y a su misi\u00f3n en el mundo.<\/p>\n<p><strong>Al recibir la noticia<\/strong>, la Madre Chiara agradece al Santo Padre, a la Prefecta, Sor Simona Brambilla, y al Pro-Prefecto, Card. \u00c1ngel Fern\u00e1ndez Artime, este nombramiento: \u00abespero estar a la altura de la misi\u00f3n que la Iglesia me pide, lo har\u00e9 con todo el coraz\u00f3n en nombre del Instituto, y agradezco la confianza recibida\u00bb.<\/p>\n<p>\u00a1Gracias, Madre Chiara, por tu disponibilidad! Todo el Instituto se alegra contigo y te desea con afecto un buen camino, asegurando la oraci\u00f3n y el compromiso de fidelidad a la Iglesia y al Papa, como quer\u00edan Don Bosco \u2013de quien precisamente hoy se celebra la fiesta onom\u00e1stica\u2013 y Madre Mazzarello, en el 74.\u00ba aniversario de su Canonizaci\u00f3n (24 de junio de 1951). En este d\u00eda 24 del mes, que Mar\u00eda Auxiliadora te gu\u00ede y te acompa\u00f1e con ternura en esta nueva misi\u00f3n.<\/p>\n","protected":false},"excerpt":{"rendered":"<p>Roma (Italia). El 24 de junio de 2025, el Santo Padre nombr\u00f3 a la Madre Chiara Cazzuola, Superiora General del Instituto de las Hijas de Mar\u00eda Auxiliadora, miembro del Dicasterio [&hellip;]<\/p>\n","protected":false},"author":21,"featured_media":137401,"comment_status":"open","ping_status":"closed","sticky":false,"template":"","format":"standard","meta":{"footnotes":""},"categories":[39,191],"tags":[371,1931,2379,2491],"class_list":["post-137406","post","type-post","status-publish","format-standard","has-post-thumbnail","category-infoesfera","category-iglesia","tag-madre-general","tag-focus-es","tag-madre-chiara-cazzuola-es","tag-papa-leon-xiv"],"yoast_head":"<!-- This site is optimized with the Yoast SEO plugin v27.4 - https:\/\/yoast.com\/product\/yoast-seo-wordpress\/ -->\n<title>Nombramiento del Vaticano para la Madre Chiara Cazzuola &#8226; Istituto Figlie di Maria Ausiliatrice<\/title>\n<meta name=\"description\" content=\"El 24 de junio de 2025, el Santo Padre ha nombrado a la Madre Chiara Cazzuola, Superiora General del Instituto de las Hijas de Mar\u00eda Auxiliadora, Miembro del Dicasterio para los Institutos de Vida Consagrada y las Sociedades de Vida Apost\u00f3lica.\" \/>\n<meta name=\"robots\" content=\"index, follow, max-snippet:-1, max-image-preview:large, max-video-preview:-1\" \/>\n<link rel=\"canonical\" href=\"https:\/\/www.cgfmanet.org\/es\/infoesfera\/nombramiento-del-vaticano-para-la-madre-chiara-cazzuola\/\" \/>\n<meta property=\"og:locale\" content=\"es_ES\" \/>\n<meta property=\"og:type\" content=\"article\" \/>\n<meta property=\"og:title\" content=\"Nombramiento del Vaticano para la Madre Chiara Cazzuola &#8226; Istituto Figlie di Maria Ausiliatrice\" \/>\n<meta property=\"og:description\" content=\"El 24 de junio de 2025, el Santo Padre ha nombrado a la Madre Chiara Cazzuola, Superiora General del Instituto de las Hijas de Mar\u00eda Auxiliadora, Miembro del Dicasterio para los Institutos de Vida Consagrada y las Sociedades de Vida Apost\u00f3lica.\" \/>\n<meta property=\"og:url\" content=\"https:\/\/www.cgfmanet.org\/es\/infoesfera\/nombramiento-del-vaticano-para-la-madre-chiara-cazzuola\/\" \/>\n<meta property=\"og:site_name\" content=\"Istituto Figlie di Maria Ausiliatrice\" \/>\n<meta property=\"article:publisher\" content=\"https:\/\/www.facebook.com\/salesian.sisters.of.don.bosco\/\" \/>\n<meta property=\"article:published_time\" content=\"2025-06-24T11:41:04+00:00\" \/>\n<meta property=\"article:modified_time\" content=\"2025-06-25T08:13:37+00:00\" \/>\n<meta property=\"og:image\" content=\"https:\/\/www.cgfmanet.org\/wp-content\/uploads\/2025\/06\/Nomina-Madre-Chiara-Cazzuola.jpg\" \/>\n\t<meta property=\"og:image:width\" content=\"1308\" \/>\n\t<meta property=\"og:image:height\" content=\"872\" \/>\n\t<meta property=\"og:image:type\" content=\"image\/jpeg\" \/>\n<meta name=\"author\" content=\"Redazione\" \/>\n<meta name=\"twitter:card\" content=\"summary_large_image\" \/>\n<meta name=\"twitter:creator\" content=\"@Cgfmanet_Org\" \/>\n<meta name=\"twitter:site\" content=\"@Cgfmanet_Org\" \/>\n<meta name=\"twitter:label1\" content=\"Escrito por\" \/>\n\t<meta name=\"twitter:data1\" content=\"Redazione\" \/>\n\t<meta name=\"twitter:label2\" content=\"Tiempo de lectura\" \/>\n\t<meta name=\"twitter:data2\" content=\"5 minutos\" \/>\n<script type=\"application\/ld+json\" class=\"yoast-schema-graph\">{\"@context\":\"https:\\\/\\\/schema.org\",\"@graph\":[{\"@type\":\"Article\",\"@id\":\"https:\\\/\\\/www.cgfmanet.org\\\/es\\\/infoesfera\\\/nombramiento-del-vaticano-para-la-madre-chiara-cazzuola\\\/#article\",\"isPartOf\":{\"@id\":\"https:\\\/\\\/www.cgfmanet.org\\\/es\\\/infoesfera\\\/nombramiento-del-vaticano-para-la-madre-chiara-cazzuola\\\/\"},\"author\":{\"name\":\"Redazione\",\"@id\":\"https:\\\/\\\/www.cgfmanet.org\\\/es\\\/#\\\/schema\\\/person\\\/ce6473083f53ef0ef882cca23f0c8fb9\"},\"headline\":\"Nombramiento del Vaticano para la Madre Chiara Cazzuola\",\"datePublished\":\"2025-06-24T11:41:04+00:00\",\"dateModified\":\"2025-06-25T08:13:37+00:00\",\"mainEntityOfPage\":{\"@id\":\"https:\\\/\\\/www.cgfmanet.org\\\/es\\\/infoesfera\\\/nombramiento-del-vaticano-para-la-madre-chiara-cazzuola\\\/\"},\"wordCount\":840,\"commentCount\":28,\"publisher\":{\"@id\":\"https:\\\/\\\/www.cgfmanet.org\\\/es\\\/#organization\"},\"image\":{\"@id\":\"https:\\\/\\\/www.cgfmanet.org\\\/es\\\/infoesfera\\\/nombramiento-del-vaticano-para-la-madre-chiara-cazzuola\\\/#primaryimage\"},\"thumbnailUrl\":\"https:\\\/\\\/www.cgfmanet.org\\\/wp-content\\\/uploads\\\/2025\\\/06\\\/Nomina-Madre-Chiara-Cazzuola.jpg\",\"keywords\":[\"Madre General\",\"Focus\",\"Madre Chiara Cazzuola\",\"Papa Le\u00f3n XIV\"],\"articleSection\":[\"Infoesfera\",\"Iglesia\"],\"inLanguage\":\"es\",\"potentialAction\":[{\"@type\":\"CommentAction\",\"name\":\"Comment\",\"target\":[\"https:\\\/\\\/www.cgfmanet.org\\\/es\\\/infoesfera\\\/nombramiento-del-vaticano-para-la-madre-chiara-cazzuola\\\/#respond\"]}]},{\"@type\":\"WebPage\",\"@id\":\"https:\\\/\\\/www.cgfmanet.org\\\/es\\\/infoesfera\\\/nombramiento-del-vaticano-para-la-madre-chiara-cazzuola\\\/\",\"url\":\"https:\\\/\\\/www.cgfmanet.org\\\/es\\\/infoesfera\\\/nombramiento-del-vaticano-para-la-madre-chiara-cazzuola\\\/\",\"name\":\"Nombramiento del Vaticano para la Madre Chiara Cazzuola &#8226; Istituto Figlie di Maria Ausiliatrice\",\"isPartOf\":{\"@id\":\"https:\\\/\\\/www.cgfmanet.org\\\/es\\\/#website\"},\"primaryImageOfPage\":{\"@id\":\"https:\\\/\\\/www.cgfmanet.org\\\/es\\\/infoesfera\\\/nombramiento-del-vaticano-para-la-madre-chiara-cazzuola\\\/#primaryimage\"},\"image\":{\"@id\":\"https:\\\/\\\/www.cgfmanet.org\\\/es\\\/infoesfera\\\/nombramiento-del-vaticano-para-la-madre-chiara-cazzuola\\\/#primaryimage\"},\"thumbnailUrl\":\"https:\\\/\\\/www.cgfmanet.org\\\/wp-content\\\/uploads\\\/2025\\\/06\\\/Nomina-Madre-Chiara-Cazzuola.jpg\",\"datePublished\":\"2025-06-24T11:41:04+00:00\",\"dateModified\":\"2025-06-25T08:13:37+00:00\",\"description\":\"El 24 de junio de 2025, el Santo Padre ha nombrado a la Madre Chiara Cazzuola, Superiora General del Instituto de las Hijas de Mar\u00eda Auxiliadora, Miembro del Dicasterio para los Institutos de Vida Consagrada y las Sociedades de Vida Apost\u00f3lica.\",\"breadcrumb\":{\"@id\":\"https:\\\/\\\/www.cgfmanet.org\\\/es\\\/infoesfera\\\/nombramiento-del-vaticano-para-la-madre-chiara-cazzuola\\\/#breadcrumb\"},\"inLanguage\":\"es\",\"potentialAction\":[{\"@type\":\"ReadAction\",\"target\":[\"https:\\\/\\\/www.cgfmanet.org\\\/es\\\/infoesfera\\\/nombramiento-del-vaticano-para-la-madre-chiara-cazzuola\\\/\"]}]},{\"@type\":\"ImageObject\",\"inLanguage\":\"es\",\"@id\":\"https:\\\/\\\/www.cgfmanet.org\\\/es\\\/infoesfera\\\/nombramiento-del-vaticano-para-la-madre-chiara-cazzuola\\\/#primaryimage\",\"url\":\"https:\\\/\\\/www.cgfmanet.org\\\/wp-content\\\/uploads\\\/2025\\\/06\\\/Nomina-Madre-Chiara-Cazzuola.jpg\",\"contentUrl\":\"https:\\\/\\\/www.cgfmanet.org\\\/wp-content\\\/uploads\\\/2025\\\/06\\\/Nomina-Madre-Chiara-Cazzuola.jpg\",\"width\":1308,\"height\":872},{\"@type\":\"BreadcrumbList\",\"@id\":\"https:\\\/\\\/www.cgfmanet.org\\\/es\\\/infoesfera\\\/nombramiento-del-vaticano-para-la-madre-chiara-cazzuola\\\/#breadcrumb\",\"itemListElement\":[{\"@type\":\"ListItem\",\"position\":1,\"name\":\"Home\",\"item\":\"https:\\\/\\\/www.cgfmanet.org\\\/es\\\/\"},{\"@type\":\"ListItem\",\"position\":2,\"name\":\"Nombramiento del Vaticano para la Madre Chiara Cazzuola\"}]},{\"@type\":\"WebSite\",\"@id\":\"https:\\\/\\\/www.cgfmanet.org\\\/es\\\/#website\",\"url\":\"https:\\\/\\\/www.cgfmanet.org\\\/es\\\/\",\"name\":\"Istituto Figlie di Maria Ausiliatrice\",\"description\":\"Salesiane di Don Bosco\",\"publisher\":{\"@id\":\"https:\\\/\\\/www.cgfmanet.org\\\/es\\\/#organization\"},\"potentialAction\":[{\"@type\":\"SearchAction\",\"target\":{\"@type\":\"EntryPoint\",\"urlTemplate\":\"https:\\\/\\\/www.cgfmanet.org\\\/es\\\/?s={search_term_string}\"},\"query-input\":{\"@type\":\"PropertyValueSpecification\",\"valueRequired\":true,\"valueName\":\"search_term_string\"}}],\"inLanguage\":\"es\"},{\"@type\":\"Organization\",\"@id\":\"https:\\\/\\\/www.cgfmanet.org\\\/es\\\/#organization\",\"name\":\"Istituto Figlie di Maria Ausiliatrice\",\"url\":\"https:\\\/\\\/www.cgfmanet.org\\\/es\\\/\",\"logo\":{\"@type\":\"ImageObject\",\"inLanguage\":\"es\",\"@id\":\"https:\\\/\\\/www.cgfmanet.org\\\/es\\\/#\\\/schema\\\/logo\\\/image\\\/\",\"url\":\"https:\\\/\\\/www.cgfmanet.org\\\/wp-content\\\/uploads\\\/2018\\\/10\\\/logo-fma.png\",\"contentUrl\":\"https:\\\/\\\/www.cgfmanet.org\\\/wp-content\\\/uploads\\\/2018\\\/10\\\/logo-fma.png\",\"width\":214,\"height\":55,\"caption\":\"Istituto Figlie di Maria Ausiliatrice\"},\"image\":{\"@id\":\"https:\\\/\\\/www.cgfmanet.org\\\/es\\\/#\\\/schema\\\/logo\\\/image\\\/\"},\"sameAs\":[\"https:\\\/\\\/www.facebook.com\\\/salesian.sisters.of.don.bosco\\\/\",\"https:\\\/\\\/x.com\\\/Cgfmanet_Org\",\"https:\\\/\\\/www.youtube.com\\\/channel\\\/UCmcr8yFQBV7JXeXVxyV9y5Q\"]},{\"@type\":\"Person\",\"@id\":\"https:\\\/\\\/www.cgfmanet.org\\\/es\\\/#\\\/schema\\\/person\\\/ce6473083f53ef0ef882cca23f0c8fb9\",\"name\":\"Redazione\"}]}<\/script>\n<!-- \/ Yoast SEO plugin. -->","yoast_head_json":{"title":"Nombramiento del Vaticano para la Madre Chiara Cazzuola &#8226; Istituto Figlie di Maria Ausiliatrice","description":"El 24 de junio de 2025, el Santo Padre ha nombrado a la Madre Chiara Cazzuola, Superiora General del Instituto de las Hijas de Mar\u00eda Auxiliadora, Miembro del Dicasterio para los Institutos de Vida Consagrada y las Sociedades de Vida Apost\u00f3lica.","robots":{"index":"index","follow":"follow","max-snippet":"max-snippet:-1","max-image-preview":"max-image-preview:large","max-video-preview":"max-video-preview:-1"},"canonical":"https:\/\/www.cgfmanet.org\/es\/infoesfera\/nombramiento-del-vaticano-para-la-madre-chiara-cazzuola\/","og_locale":"es_ES","og_type":"article","og_title":"Nombramiento del Vaticano para la Madre Chiara Cazzuola &#8226; Istituto Figlie di Maria Ausiliatrice","og_description":"El 24 de junio de 2025, el Santo Padre ha nombrado a la Madre Chiara Cazzuola, Superiora General del Instituto de las Hijas de Mar\u00eda Auxiliadora, Miembro del Dicasterio para los Institutos de Vida Consagrada y las Sociedades de Vida Apost\u00f3lica.","og_url":"https:\/\/www.cgfmanet.org\/es\/infoesfera\/nombramiento-del-vaticano-para-la-madre-chiara-cazzuola\/","og_site_name":"Istituto Figlie di Maria Ausiliatrice","article_publisher":"https:\/\/www.facebook.com\/salesian.sisters.of.don.bosco\/","article_published_time":"2025-06-24T11:41:04+00:00","article_modified_time":"2025-06-25T08:13:37+00:00","og_image":[{"width":1308,"height":872,"url":"https:\/\/www.cgfmanet.org\/wp-content\/uploads\/2025\/06\/Nomina-Madre-Chiara-Cazzuola.jpg","type":"image\/jpeg"}],"author":"Redazione","twitter_card":"summary_large_image","twitter_creator":"@Cgfmanet_Org","twitter_site":"@Cgfmanet_Org","twitter_misc":{"Escrito por":"Redazione","Tiempo de lectura":"5 minutos"},"schema":{"@context":"https:\/\/schema.org","@graph":[{"@type":"Article","@id":"https:\/\/www.cgfmanet.org\/es\/infoesfera\/nombramiento-del-vaticano-para-la-madre-chiara-cazzuola\/#article","isPartOf":{"@id":"https:\/\/www.cgfmanet.org\/es\/infoesfera\/nombramiento-del-vaticano-para-la-madre-chiara-cazzuola\/"},"author":{"name":"Redazione","@id":"https:\/\/www.cgfmanet.org\/es\/#\/schema\/person\/ce6473083f53ef0ef882cca23f0c8fb9"},"headline":"Nombramiento del Vaticano para la Madre Chiara Cazzuola","datePublished":"2025-06-24T11:41:04+00:00","dateModified":"2025-06-25T08:13:37+00:00","mainEntityOfPage":{"@id":"https:\/\/www.cgfmanet.org\/es\/infoesfera\/nombramiento-del-vaticano-para-la-madre-chiara-cazzuola\/"},"wordCount":840,"commentCount":28,"publisher":{"@id":"https:\/\/www.cgfmanet.org\/es\/#organization"},"image":{"@id":"https:\/\/www.cgfmanet.org\/es\/infoesfera\/nombramiento-del-vaticano-para-la-madre-chiara-cazzuola\/#primaryimage"},"thumbnailUrl":"https:\/\/www.cgfmanet.org\/wp-content\/uploads\/2025\/06\/Nomina-Madre-Chiara-Cazzuola.jpg","keywords":["Madre General","Focus","Madre Chiara Cazzuola","Papa Le\u00f3n XIV"],"articleSection":["Infoesfera","Iglesia"],"inLanguage":"es","potentialAction":[{"@type":"CommentAction","name":"Comment","target":["https:\/\/www.cgfmanet.org\/es\/infoesfera\/nombramiento-del-vaticano-para-la-madre-chiara-cazzuola\/#respond"]}]},{"@type":"WebPage","@id":"https:\/\/www.cgfmanet.org\/es\/infoesfera\/nombramiento-del-vaticano-para-la-madre-chiara-cazzuola\/","url":"https:\/\/www.cgfmanet.org\/es\/infoesfera\/nombramiento-del-vaticano-para-la-madre-chiara-cazzuola\/","name":"Nombramiento del Vaticano para la Madre Chiara Cazzuola &#8226; Istituto Figlie di Maria Ausiliatrice","isPartOf":{"@id":"https:\/\/www.cgfmanet.org\/es\/#website"},"primaryImageOfPage":{"@id":"https:\/\/www.cgfmanet.org\/es\/infoesfera\/nombramiento-del-vaticano-para-la-madre-chiara-cazzuola\/#primaryimage"},"image":{"@id":"https:\/\/www.cgfmanet.org\/es\/infoesfera\/nombramiento-del-vaticano-para-la-madre-chiara-cazzuola\/#primaryimage"},"thumbnailUrl":"https:\/\/www.cgfmanet.org\/wp-content\/uploads\/2025\/06\/Nomina-Madre-Chiara-Cazzuola.jpg","datePublished":"2025-06-24T11:41:04+00:00","dateModified":"2025-06-25T08:13:37+00:00","description":"El 24 de junio de 2025, el Santo Padre ha nombrado a la Madre Chiara Cazzuola, Superiora General del Instituto de las Hijas de Mar\u00eda Auxiliadora, Miembro del Dicasterio para los Institutos de Vida Consagrada y las Sociedades de Vida Apost\u00f3lica.","breadcrumb":{"@id":"https:\/\/www.cgfmanet.org\/es\/infoesfera\/nombramiento-del-vaticano-para-la-madre-chiara-cazzuola\/#breadcrumb"},"inLanguage":"es","potentialAction":[{"@type":"ReadAction","target":["https:\/\/www.cgfmanet.org\/es\/infoesfera\/nombramiento-del-vaticano-para-la-madre-chiara-cazzuola\/"]}]},{"@type":"ImageObject","inLanguage":"es","@id":"https:\/\/www.cgfmanet.org\/es\/infoesfera\/nombramiento-del-vaticano-para-la-madre-chiara-cazzuola\/#primaryimage","url":"https:\/\/www.cgfmanet.org\/wp-content\/uploads\/2025\/06\/Nomina-Madre-Chiara-Cazzuola.jpg","contentUrl":"https:\/\/www.cgfmanet.org\/wp-content\/uploads\/2025\/06\/Nomina-Madre-Chiara-Cazzuola.jpg","width":1308,"height":872},{"@type":"BreadcrumbList","@id":"https:\/\/www.cgfmanet.org\/es\/infoesfera\/nombramiento-del-vaticano-para-la-madre-chiara-cazzuola\/#breadcrumb","itemListElement":[{"@type":"ListItem","position":1,"name":"Home","item":"https:\/\/www.cgfmanet.org\/es\/"},{"@type":"ListItem","position":2,"name":"Nombramiento del Vaticano para la Madre Chiara Cazzuola"}]},{"@type":"WebSite","@id":"https:\/\/www.cgfmanet.org\/es\/#website","url":"https:\/\/www.cgfmanet.org\/es\/","name":"Istituto Figlie di Maria Ausiliatrice","description":"Salesiane di Don Bosco","publisher":{"@id":"https:\/\/www.cgfmanet.org\/es\/#organization"},"potentialAction":[{"@type":"SearchAction","target":{"@type":"EntryPoint","urlTemplate":"https:\/\/www.cgfmanet.org\/es\/?s={search_term_string}"},"query-input":{"@type":"PropertyValueSpecification","valueRequired":true,"valueName":"search_term_string"}}],"inLanguage":"es"},{"@type":"Organization","@id":"https:\/\/www.cgfmanet.org\/es\/#organization","name":"Istituto Figlie di Maria Ausiliatrice","url":"https:\/\/www.cgfmanet.org\/es\/","logo":{"@type":"ImageObject","inLanguage":"es","@id":"https:\/\/www.cgfmanet.org\/es\/#\/schema\/logo\/image\/","url":"https:\/\/www.cgfmanet.org\/wp-content\/uploads\/2018\/10\/logo-fma.png","contentUrl":"https:\/\/www.cgfmanet.org\/wp-content\/uploads\/2018\/10\/logo-fma.png","width":214,"height":55,"caption":"Istituto Figlie di Maria Ausiliatrice"},"image":{"@id":"https:\/\/www.cgfmanet.org\/es\/#\/schema\/logo\/image\/"},"sameAs":["https:\/\/www.facebook.com\/salesian.sisters.of.don.bosco\/","https:\/\/x.com\/Cgfmanet_Org","https:\/\/www.youtube.com\/channel\/UCmcr8yFQBV7JXeXVxyV9y5Q"]},{"@type":"Person","@id":"https:\/\/www.cgfmanet.org\/es\/#\/schema\/person\/ce6473083f53ef0ef882cca23f0c8fb9","name":"Redazione"}]}},"_links":{"self":[{"href":"https:\/\/www.cgfmanet.org\/es\/wp-json\/wp\/v2\/posts\/137406","targetHints":{"allow":["GET"]}}],"collection":[{"href":"https:\/\/www.cgfmanet.org\/es\/wp-json\/wp\/v2\/posts"}],"about":[{"href":"https:\/\/www.cgfmanet.org\/es\/wp-json\/wp\/v2\/types\/post"}],"author":[{"embeddable":true,"href":"https:\/\/www.cgfmanet.org\/es\/wp-json\/wp\/v2\/users\/21"}],"replies":[{"embeddable":true,"href":"https:\/\/www.cgfmanet.org\/es\/wp-json\/wp\/v2\/comments?post=137406"}],"version-history":[{"count":3,"href":"https:\/\/www.cgfmanet.org\/es\/wp-json\/wp\/v2\/posts\/137406\/revisions"}],"predecessor-version":[{"id":137450,"href":"https:\/\/www.cgfmanet.org\/es\/wp-json\/wp\/v2\/posts\/137406\/revisions\/137450"}],"wp:featuredmedia":[{"embeddable":true,"href":"https:\/\/www.cgfmanet.org\/es\/wp-json\/wp\/v2\/media\/137401"}],"wp:attachment":[{"href":"https:\/\/www.cgfmanet.org\/es\/wp-json\/wp\/v2\/media?parent=137406"}],"wp:term":[{"taxonomy":"category","embeddable":true,"href":"https:\/\/www.cgfmanet.org\/es\/wp-json\/wp\/v2\/categories?post=137406"},{"taxonomy":"post_tag","embeddable":true,"href":"https:\/\/www.cgfmanet.org\/es\/wp-json\/wp\/v2\/tags?post=137406"}],"curies":[{"name":"wp","href":"https:\/\/api.w.org\/{rel}","templated":true}]}}