{"id":136874,"date":"2025-06-15T18:34:06","date_gmt":"2025-06-15T16:34:06","guid":{"rendered":"https:\/\/www.cgfmanet.org\/infoesfera\/nate-per-il-volo\/"},"modified":"2025-06-21T22:47:50","modified_gmt":"2025-06-21T20:47:50","slug":"nacidas-para-volar","status":"publish","type":"post","link":"https:\/\/www.cgfmanet.org\/es\/ifma-es\/150-misiones-fma\/nacidas-para-volar\/","title":{"rendered":"Nacidas para volar"},"content":{"rendered":"<p><strong>Roma (Italia).<\/strong> El 12 de junio de 2025, en el sal\u00f3n-teatro de la Casa Sagrado Coraz\u00f3n de Roma, perteneciente a la Inspector\u00eda San Juan Bosco (IRO), las Novicias del Noviciado Internacional Mar\u00eda Auxiliadora de Castel Gandolfo presentaron el espect\u00e1culo \u00abNacidas para volar\u00bb. La obra recre\u00f3 los momentos cruciales que prepararon a las seis primeras y muy j\u00f3venes misioneras Hijas de Mar\u00eda Auxiliadora para su partida hacia la Patagonia el 14 de noviembre de 1877.<\/p>\n<p>En la sala estuvieron presentes la Superiora General del Instituto de las FMA, Madre Chiara Cazzuola, junto con las Consejeras Generales, las Comunidades del Sagrado Coraz\u00f3n y Mar\u00eda Auxiliadora de la Casa Generalicia, las Novicias del PIME, algunos j\u00f3venes Salesianos de Don Bosco, FMA de otras Casas de Roma y j\u00f3venes.<\/p>\n<p>Al dar la bienvenida, la Maestra de Novicias, Sor Luisa Menozzi, agradeci\u00f3 a Paola Staiano \u00abpor la gu\u00eda sabia, la direcci\u00f3n y el cuidado amoroso\u00bb con los que acompa\u00f1\u00f3 \u00abpaso a paso\u00bb a las Novicias durante todo el a\u00f1o en la expresividad, la dicci\u00f3n y la redacci\u00f3n del guion. Subray\u00f3 el aspecto formativo de la experiencia, \u00abque les permiti\u00f3 interactuar entre ellas, experimentarse en las din\u00e1micas, facilitar, pero tambi\u00e9n esforzarse en las relaciones mutuas. Y, sobre todo, les permiti\u00f3 apasionarse por el estudio de las fuentes carism\u00e1ticas, reconocer detr\u00e1s de una expresi\u00f3n del lenguaje del siglo XIX una historia que nos precede, nos conmueve, pero sobre todo nos mueve y nos da valent\u00eda, determinaci\u00f3n\u00bb, especialmente de cara al <span style=\"color: #0000ff;\"><strong><a style=\"color: #0000ff;\" href=\"https:\/\/www.cgfmanet.org\/es\/ifma-es\/hacia-el-150o-aniversario-de-la-1a-expedicion-misionera-fma\/\" target=\"_blank\" rel=\"noopener\">150\u00ba aniversario de las misiones FMA<\/a><\/strong><\/span>.<\/p>\n<p>De ah\u00ed el augurio de Sor Luisa: \u00abEstas j\u00f3venes hermanas que nos precedieron, inexpertas pero llenas del amor de Dios, nos impulsaron &#8216;a alzar el vuelo&#8217;. Es tambi\u00e9n el deseo que hacemos a cada uno de nosotros que estamos hoy aqu\u00ed: ellas nos precedieron, pero siguen partiendo con nosotros. Est\u00e1n con nosotros en esta hermosa empresa, que es la de ir m\u00e1s all\u00e1 de los propios confines, cercanos o lejanos, para poder llevar a tierras inexploradas el amor de Dios, la belleza de su gracia y ayudar a todos a entender que solo el amor de Dios puede llenar una vida\u00bb.<\/p>\n<p>La primera escena se abre con la fecha del 14 de noviembre de 1877, mostrando la partida desde el puerto de G\u00e9nova de las primeras seis misioneras, acompa\u00f1adas por Madre Mazzarello, Sor Emilia Mosca y Sor Enrichetta Sorbone, con la bendici\u00f3n de Don Bosco, personificado por Don Gabriele D&#8217;Annibale, P\u00e1rroco de la Parroquia Santos Pedro y Pablo de Aprilia, Roma.<\/p>\n<p>El gran calendario, colocado a un lado del escenario como \u00abmarcador de tiempo\u00bb, se retrocede luego a los or\u00edgenes de este gran evento hist\u00f3rico, con el relato del sue\u00f1o misionero que Don Bosco tuvo en 1872, en el que vio \u00abuna regi\u00f3n salvaje y desconocida\u00bb poblada por salvajes, que solo m\u00e1s tarde reconoci\u00f3 como la Patagonia.<\/p>\n<p>A continuaci\u00f3n, los espectadores se sumergen en las escenas de \u00abvida cotidiana\u00bb, a partir de 1862, primero de Ma\u00edn y su amiga Petronila, y luego de las primeras FMA, en la construcci\u00f3n del sue\u00f1o de llevar a Dios un n\u00famero cada vez mayor de almas, hasta ampliar cada vez m\u00e1s los horizontes: \u00abahora ya no estamos solas cosiendo&#8230; y tampoco comiendo, durmiendo<strong>, y qui\u00e9n sabe si un d\u00eda no lleguemos tambi\u00e9n a Am\u00e9rica<\/strong>\u00ab.<\/p>\n<p>A trav\u00e9s de la vivaz narraci\u00f3n, con una fresca dosis de humor que reflejaba el esp\u00edritu de optimismo salesiano de las primeras hermanas, las Novicias destacaron el ardor y el sincero impulso misionero con el que alimentaron el deseo de llegar a las tierras y almas m\u00e1s lejanas, en primer lugar para Madre Mazzarello, quien el 8 de julio de 1876 escribi\u00f3 a Don Giovanni Cagliero:<\/p>\n<p>\u00ab\u00a1Nosotros la esperamos en breve, si viera cu\u00e1nto ha aumentado el n\u00famero de las Hijas de M.A.! (&#8230;) Puede venir a elegir un buen n\u00famero para llevarlas a Am\u00e9rica, casi todas desean ir; as\u00ed que ap\u00farese, que la esperamos con todo el coraz\u00f3n. Ahora escuche lo que quiero decirle: \u00a1gu\u00e1rdeme, pero de verdad, eh! un lugar en Am\u00e9rica. Es cierto que no sirvo para nada, pero la polenta la s\u00e9 hacer y luego tendr\u00e9 cuidado con el lavado, para que no se gaste demasiado jab\u00f3n; y si quiere, tambi\u00e9n aprender\u00e9 a cocinar un poco, en fin, har\u00e9 todo lo posible, con tal de que me deje ir\u00bb (L 6,10).<\/p>\n<p>Resulta conmovedora la presentaci\u00f3n de las futuras misioneras en una atm\u00f3sfera sugestiva, cada una con su propia maleta y un objeto en la mano que la representa. Siempre sorprende la muy joven edad con la que emprendieron un viaje transoce\u00e1nico hacia destinos desconocidos, de los que no regresar\u00edan, llevando en el coraz\u00f3n, sin embargo, tanta alegr\u00eda y expectaci\u00f3n por la misi\u00f3n que les esperaba.<\/p>\n<p>Despu\u00e9s de la Audiencia con el Papa P\u00edo IX, de quien reciben la bendici\u00f3n, y las \u00faltimas confidencias de las misioneras con su Madre, llega el momento de la partida desde el puerto de G\u00e9nova, donde el barco con destino a Am\u00e9rica est\u00e1 a punto de zarpar, seg\u00fan relata la Cronohistoria: \u00abMadre Mazzarello visita camarote por camarote, litera por litera, para asegurarse de que no falte nada que pueda aliviar a las hermanas las incomodidades del viaje\u00bb. (Cron 2\u00ba Vol. p. 289)<\/p>\n<p>Como en una imagen congelada, se vuelve a la primera escena \u2013 \u00abLas Hermanas se arrodillan alrededor de Don Bosco y el Padre levanta la mano para bendecir\u00bb \u2013 y la narraci\u00f3n concluye con los Fundadores que, junto con Sor Emilia Mosca y Sor Enrichetta Sorbone, se alejan del barco.<\/p>\n<p><strong>\u00ab\u00a1Hemos nacido para volar, de tu coraz\u00f3n amante Mar\u00eda, a conquistar almas para Dios! \u00a1Hemos nacido para volar, a llevar Tu nombre hasta los confines de la Tierra!\u00bb<\/strong> es el estribillo del canto con cuyas notas termina el espect\u00e1culo.<\/p>\n<p>Despu\u00e9s de los agradecimientos finales, Madre Chiara, por su parte, expres\u00f3 su gratitud a las Novicias \u00abpor habernos hecho saborear lo hermoso que es repensar nuestros or\u00edgenes. Han mezclado poes\u00eda y creatividad con el realismo de una vocaci\u00f3n misionera que no siempre fue tan f\u00e1cil de afrontar. Es hermoso haber recurrido a los documentos de nuestro Instituto: se escuchan las palabras de la Cronohistoria, de las Cartas de Madre Mazzarello. Por lo tanto, es muy hermoso recordar que partimos de un peque\u00f1o pueblo, (&#8230;) y luego nos hacen recordar de d\u00f3nde nacemos. Pensando en Mornese, vienen a la mente las palabras del salmo: &#8216;Todas all\u00ed nacimos'\u00bb.<\/p>\n<p>\u00abLa vocaci\u00f3n misionera es la que vivimos diariamente cada d\u00eda de nuestra misi\u00f3n. Por eso les agradecemos el mensaje que nos han dado. <strong>Estamos caminando hacia el 150\u00ba aniversario de la 1\u00aa expedici\u00f3n: no es tanto para volver a ver la historia, sino para proyectarse en el futuro del Instituto\u00bb.<\/strong><\/p>\n<p>Finalmente, la Madre invit\u00f3 a rezar por las Novicias de segundo a\u00f1o, quienes en menos de dos meses, el 5 de agosto, har\u00e1n su Primera Profesi\u00f3n.<\/p>\n<p><strong>Foto: <span style=\"color: #0000ff;\"><a style=\"color: #0000ff;\" href=\"https:\/\/www.flickr.com\/photos\/137890103@N08\/albums\/72177720326935993\/\" target=\"_blank\" rel=\"noopener\">Flickr FMA<\/a><\/span><\/strong><\/p>\n","protected":false},"excerpt":{"rendered":"<p>Roma (Italia). El 12 de junio de 2025, en el sal\u00f3n-teatro de la Casa Sagrado Coraz\u00f3n de Roma, perteneciente a la Inspector\u00eda San Juan Bosco (IRO), las Novicias del Noviciado [&hellip;]<\/p>\n","protected":false},"author":21,"featured_media":136869,"comment_status":"open","ping_status":"closed","sticky":false,"template":"","format":"standard","meta":{"footnotes":""},"categories":[2470,158],"tags":[402,1231,1670,1754,1931,2464],"class_list":["post-136874","post","type-post","status-publish","format-standard","has-post-thumbnail","category-150-misiones-fma","category-ifma-es","tag-noviciado","tag-iro-es","tag-carisma-salesiano-es","tag-cultura-vocazionale-es","tag-focus-es","tag-150-misiones-fma"],"yoast_head":"<!-- This site is optimized with the Yoast SEO plugin v27.4 - https:\/\/yoast.com\/product\/yoast-seo-wordpress\/ -->\n<title>Nacidas para volar &#8226; Istituto Figlie di Maria Ausiliatrice<\/title>\n<meta name=\"description\" content=\"El 12 de junio de 2025, en Roma, en presencia de la Madre y las Consejeras generales, las Novicias del Noviciado de Castel Gandolfo presentaron el espect\u00e1culo &quot;Nacidas para volar&quot;, sobre la primera expedici\u00f3n misionera de las FMA.\" \/>\n<meta name=\"robots\" content=\"index, follow, max-snippet:-1, max-image-preview:large, max-video-preview:-1\" \/>\n<link rel=\"canonical\" href=\"https:\/\/www.cgfmanet.org\/es\/ifma-es\/150-misiones-fma\/nacidas-para-volar\/\" \/>\n<meta property=\"og:locale\" content=\"es_ES\" \/>\n<meta property=\"og:type\" content=\"article\" \/>\n<meta property=\"og:title\" content=\"Nacidas para volar &#8226; Istituto Figlie di Maria Ausiliatrice\" \/>\n<meta property=\"og:description\" content=\"El 12 de junio de 2025, en Roma, en presencia de la Madre y las Consejeras generales, las Novicias del Noviciado de Castel Gandolfo presentaron el espect\u00e1culo &quot;Nacidas para volar&quot;, sobre la primera expedici\u00f3n misionera de las FMA.\" \/>\n<meta property=\"og:url\" content=\"https:\/\/www.cgfmanet.org\/es\/ifma-es\/150-misiones-fma\/nacidas-para-volar\/\" \/>\n<meta property=\"og:site_name\" content=\"Istituto Figlie di Maria Ausiliatrice\" \/>\n<meta property=\"article:publisher\" content=\"https:\/\/www.facebook.com\/salesian.sisters.of.don.bosco\/\" \/>\n<meta property=\"article:published_time\" content=\"2025-06-15T16:34:06+00:00\" \/>\n<meta property=\"article:modified_time\" content=\"2025-06-21T20:47:50+00:00\" \/>\n<meta property=\"og:image\" content=\"https:\/\/www.cgfmanet.org\/wp-content\/uploads\/2025\/06\/Spettacolo-Novizie_Nate-per-il-volo.jpg\" \/>\n\t<meta property=\"og:image:width\" content=\"1181\" \/>\n\t<meta property=\"og:image:height\" content=\"787\" \/>\n\t<meta property=\"og:image:type\" content=\"image\/jpeg\" \/>\n<meta name=\"author\" content=\"Redazione\" \/>\n<meta name=\"twitter:card\" content=\"summary_large_image\" \/>\n<meta name=\"twitter:creator\" content=\"@Cgfmanet_Org\" \/>\n<meta name=\"twitter:site\" content=\"@Cgfmanet_Org\" \/>\n<meta name=\"twitter:label1\" content=\"Escrito por\" \/>\n\t<meta name=\"twitter:data1\" content=\"Redazione\" \/>\n\t<meta name=\"twitter:label2\" content=\"Tiempo de lectura\" \/>\n\t<meta name=\"twitter:data2\" content=\"7 minutos\" \/>\n<script type=\"application\/ld+json\" class=\"yoast-schema-graph\">{\"@context\":\"https:\\\/\\\/schema.org\",\"@graph\":[{\"@type\":\"Article\",\"@id\":\"https:\\\/\\\/www.cgfmanet.org\\\/es\\\/ifma-es\\\/150-misiones-fma\\\/nacidas-para-volar\\\/#article\",\"isPartOf\":{\"@id\":\"https:\\\/\\\/www.cgfmanet.org\\\/es\\\/ifma-es\\\/150-misiones-fma\\\/nacidas-para-volar\\\/\"},\"author\":{\"name\":\"Redazione\",\"@id\":\"https:\\\/\\\/www.cgfmanet.org\\\/es\\\/#\\\/schema\\\/person\\\/ce6473083f53ef0ef882cca23f0c8fb9\"},\"headline\":\"Nacidas para volar\",\"datePublished\":\"2025-06-15T16:34:06+00:00\",\"dateModified\":\"2025-06-21T20:47:50+00:00\",\"mainEntityOfPage\":{\"@id\":\"https:\\\/\\\/www.cgfmanet.org\\\/es\\\/ifma-es\\\/150-misiones-fma\\\/nacidas-para-volar\\\/\"},\"wordCount\":1210,\"commentCount\":0,\"publisher\":{\"@id\":\"https:\\\/\\\/www.cgfmanet.org\\\/es\\\/#organization\"},\"image\":{\"@id\":\"https:\\\/\\\/www.cgfmanet.org\\\/es\\\/ifma-es\\\/150-misiones-fma\\\/nacidas-para-volar\\\/#primaryimage\"},\"thumbnailUrl\":\"https:\\\/\\\/www.cgfmanet.org\\\/wp-content\\\/uploads\\\/2025\\\/06\\\/Spettacolo-Novizie_Nate-per-il-volo.jpg\",\"keywords\":[\"Noviciado\",\"IRO\",\"Carisma salesiano\",\"cultura vocazionale\",\"Focus\",\"150\u00b0 Misiones FMA\"],\"articleSection\":[\"150\u00b0 Misiones FMA\",\"IFMA\"],\"inLanguage\":\"es\",\"potentialAction\":[{\"@type\":\"CommentAction\",\"name\":\"Comment\",\"target\":[\"https:\\\/\\\/www.cgfmanet.org\\\/es\\\/ifma-es\\\/150-misiones-fma\\\/nacidas-para-volar\\\/#respond\"]}]},{\"@type\":\"WebPage\",\"@id\":\"https:\\\/\\\/www.cgfmanet.org\\\/es\\\/ifma-es\\\/150-misiones-fma\\\/nacidas-para-volar\\\/\",\"url\":\"https:\\\/\\\/www.cgfmanet.org\\\/es\\\/ifma-es\\\/150-misiones-fma\\\/nacidas-para-volar\\\/\",\"name\":\"Nacidas para volar &#8226; Istituto Figlie di Maria Ausiliatrice\",\"isPartOf\":{\"@id\":\"https:\\\/\\\/www.cgfmanet.org\\\/es\\\/#website\"},\"primaryImageOfPage\":{\"@id\":\"https:\\\/\\\/www.cgfmanet.org\\\/es\\\/ifma-es\\\/150-misiones-fma\\\/nacidas-para-volar\\\/#primaryimage\"},\"image\":{\"@id\":\"https:\\\/\\\/www.cgfmanet.org\\\/es\\\/ifma-es\\\/150-misiones-fma\\\/nacidas-para-volar\\\/#primaryimage\"},\"thumbnailUrl\":\"https:\\\/\\\/www.cgfmanet.org\\\/wp-content\\\/uploads\\\/2025\\\/06\\\/Spettacolo-Novizie_Nate-per-il-volo.jpg\",\"datePublished\":\"2025-06-15T16:34:06+00:00\",\"dateModified\":\"2025-06-21T20:47:50+00:00\",\"description\":\"El 12 de junio de 2025, en Roma, en presencia de la Madre y las Consejeras generales, las Novicias del Noviciado de Castel Gandolfo presentaron el espect\u00e1culo \\\"Nacidas para volar\\\", sobre la primera expedici\u00f3n misionera de las FMA.\",\"breadcrumb\":{\"@id\":\"https:\\\/\\\/www.cgfmanet.org\\\/es\\\/ifma-es\\\/150-misiones-fma\\\/nacidas-para-volar\\\/#breadcrumb\"},\"inLanguage\":\"es\",\"potentialAction\":[{\"@type\":\"ReadAction\",\"target\":[\"https:\\\/\\\/www.cgfmanet.org\\\/es\\\/ifma-es\\\/150-misiones-fma\\\/nacidas-para-volar\\\/\"]}]},{\"@type\":\"ImageObject\",\"inLanguage\":\"es\",\"@id\":\"https:\\\/\\\/www.cgfmanet.org\\\/es\\\/ifma-es\\\/150-misiones-fma\\\/nacidas-para-volar\\\/#primaryimage\",\"url\":\"https:\\\/\\\/www.cgfmanet.org\\\/wp-content\\\/uploads\\\/2025\\\/06\\\/Spettacolo-Novizie_Nate-per-il-volo.jpg\",\"contentUrl\":\"https:\\\/\\\/www.cgfmanet.org\\\/wp-content\\\/uploads\\\/2025\\\/06\\\/Spettacolo-Novizie_Nate-per-il-volo.jpg\",\"width\":1181,\"height\":787},{\"@type\":\"BreadcrumbList\",\"@id\":\"https:\\\/\\\/www.cgfmanet.org\\\/es\\\/ifma-es\\\/150-misiones-fma\\\/nacidas-para-volar\\\/#breadcrumb\",\"itemListElement\":[{\"@type\":\"ListItem\",\"position\":1,\"name\":\"Home\",\"item\":\"https:\\\/\\\/www.cgfmanet.org\\\/es\\\/\"},{\"@type\":\"ListItem\",\"position\":2,\"name\":\"Nacidas para volar\"}]},{\"@type\":\"WebSite\",\"@id\":\"https:\\\/\\\/www.cgfmanet.org\\\/es\\\/#website\",\"url\":\"https:\\\/\\\/www.cgfmanet.org\\\/es\\\/\",\"name\":\"Istituto Figlie di Maria Ausiliatrice\",\"description\":\"Salesiane di Don Bosco\",\"publisher\":{\"@id\":\"https:\\\/\\\/www.cgfmanet.org\\\/es\\\/#organization\"},\"potentialAction\":[{\"@type\":\"SearchAction\",\"target\":{\"@type\":\"EntryPoint\",\"urlTemplate\":\"https:\\\/\\\/www.cgfmanet.org\\\/es\\\/?s={search_term_string}\"},\"query-input\":{\"@type\":\"PropertyValueSpecification\",\"valueRequired\":true,\"valueName\":\"search_term_string\"}}],\"inLanguage\":\"es\"},{\"@type\":\"Organization\",\"@id\":\"https:\\\/\\\/www.cgfmanet.org\\\/es\\\/#organization\",\"name\":\"Istituto Figlie di Maria Ausiliatrice\",\"url\":\"https:\\\/\\\/www.cgfmanet.org\\\/es\\\/\",\"logo\":{\"@type\":\"ImageObject\",\"inLanguage\":\"es\",\"@id\":\"https:\\\/\\\/www.cgfmanet.org\\\/es\\\/#\\\/schema\\\/logo\\\/image\\\/\",\"url\":\"https:\\\/\\\/www.cgfmanet.org\\\/wp-content\\\/uploads\\\/2018\\\/10\\\/logo-fma.png\",\"contentUrl\":\"https:\\\/\\\/www.cgfmanet.org\\\/wp-content\\\/uploads\\\/2018\\\/10\\\/logo-fma.png\",\"width\":214,\"height\":55,\"caption\":\"Istituto Figlie di Maria Ausiliatrice\"},\"image\":{\"@id\":\"https:\\\/\\\/www.cgfmanet.org\\\/es\\\/#\\\/schema\\\/logo\\\/image\\\/\"},\"sameAs\":[\"https:\\\/\\\/www.facebook.com\\\/salesian.sisters.of.don.bosco\\\/\",\"https:\\\/\\\/x.com\\\/Cgfmanet_Org\",\"https:\\\/\\\/www.youtube.com\\\/channel\\\/UCmcr8yFQBV7JXeXVxyV9y5Q\"]},{\"@type\":\"Person\",\"@id\":\"https:\\\/\\\/www.cgfmanet.org\\\/es\\\/#\\\/schema\\\/person\\\/ce6473083f53ef0ef882cca23f0c8fb9\",\"name\":\"Redazione\"}]}<\/script>\n<!-- \/ Yoast SEO plugin. -->","yoast_head_json":{"title":"Nacidas para volar &#8226; Istituto Figlie di Maria Ausiliatrice","description":"El 12 de junio de 2025, en Roma, en presencia de la Madre y las Consejeras generales, las Novicias del Noviciado de Castel Gandolfo presentaron el espect\u00e1culo \"Nacidas para volar\", sobre la primera expedici\u00f3n misionera de las FMA.","robots":{"index":"index","follow":"follow","max-snippet":"max-snippet:-1","max-image-preview":"max-image-preview:large","max-video-preview":"max-video-preview:-1"},"canonical":"https:\/\/www.cgfmanet.org\/es\/ifma-es\/150-misiones-fma\/nacidas-para-volar\/","og_locale":"es_ES","og_type":"article","og_title":"Nacidas para volar &#8226; Istituto Figlie di Maria Ausiliatrice","og_description":"El 12 de junio de 2025, en Roma, en presencia de la Madre y las Consejeras generales, las Novicias del Noviciado de Castel Gandolfo presentaron el espect\u00e1culo \"Nacidas para volar\", sobre la primera expedici\u00f3n misionera de las FMA.","og_url":"https:\/\/www.cgfmanet.org\/es\/ifma-es\/150-misiones-fma\/nacidas-para-volar\/","og_site_name":"Istituto Figlie di Maria Ausiliatrice","article_publisher":"https:\/\/www.facebook.com\/salesian.sisters.of.don.bosco\/","article_published_time":"2025-06-15T16:34:06+00:00","article_modified_time":"2025-06-21T20:47:50+00:00","og_image":[{"width":1181,"height":787,"url":"https:\/\/www.cgfmanet.org\/wp-content\/uploads\/2025\/06\/Spettacolo-Novizie_Nate-per-il-volo.jpg","type":"image\/jpeg"}],"author":"Redazione","twitter_card":"summary_large_image","twitter_creator":"@Cgfmanet_Org","twitter_site":"@Cgfmanet_Org","twitter_misc":{"Escrito por":"Redazione","Tiempo de lectura":"7 minutos"},"schema":{"@context":"https:\/\/schema.org","@graph":[{"@type":"Article","@id":"https:\/\/www.cgfmanet.org\/es\/ifma-es\/150-misiones-fma\/nacidas-para-volar\/#article","isPartOf":{"@id":"https:\/\/www.cgfmanet.org\/es\/ifma-es\/150-misiones-fma\/nacidas-para-volar\/"},"author":{"name":"Redazione","@id":"https:\/\/www.cgfmanet.org\/es\/#\/schema\/person\/ce6473083f53ef0ef882cca23f0c8fb9"},"headline":"Nacidas para volar","datePublished":"2025-06-15T16:34:06+00:00","dateModified":"2025-06-21T20:47:50+00:00","mainEntityOfPage":{"@id":"https:\/\/www.cgfmanet.org\/es\/ifma-es\/150-misiones-fma\/nacidas-para-volar\/"},"wordCount":1210,"commentCount":0,"publisher":{"@id":"https:\/\/www.cgfmanet.org\/es\/#organization"},"image":{"@id":"https:\/\/www.cgfmanet.org\/es\/ifma-es\/150-misiones-fma\/nacidas-para-volar\/#primaryimage"},"thumbnailUrl":"https:\/\/www.cgfmanet.org\/wp-content\/uploads\/2025\/06\/Spettacolo-Novizie_Nate-per-il-volo.jpg","keywords":["Noviciado","IRO","Carisma salesiano","cultura vocazionale","Focus","150\u00b0 Misiones FMA"],"articleSection":["150\u00b0 Misiones FMA","IFMA"],"inLanguage":"es","potentialAction":[{"@type":"CommentAction","name":"Comment","target":["https:\/\/www.cgfmanet.org\/es\/ifma-es\/150-misiones-fma\/nacidas-para-volar\/#respond"]}]},{"@type":"WebPage","@id":"https:\/\/www.cgfmanet.org\/es\/ifma-es\/150-misiones-fma\/nacidas-para-volar\/","url":"https:\/\/www.cgfmanet.org\/es\/ifma-es\/150-misiones-fma\/nacidas-para-volar\/","name":"Nacidas para volar &#8226; Istituto Figlie di Maria Ausiliatrice","isPartOf":{"@id":"https:\/\/www.cgfmanet.org\/es\/#website"},"primaryImageOfPage":{"@id":"https:\/\/www.cgfmanet.org\/es\/ifma-es\/150-misiones-fma\/nacidas-para-volar\/#primaryimage"},"image":{"@id":"https:\/\/www.cgfmanet.org\/es\/ifma-es\/150-misiones-fma\/nacidas-para-volar\/#primaryimage"},"thumbnailUrl":"https:\/\/www.cgfmanet.org\/wp-content\/uploads\/2025\/06\/Spettacolo-Novizie_Nate-per-il-volo.jpg","datePublished":"2025-06-15T16:34:06+00:00","dateModified":"2025-06-21T20:47:50+00:00","description":"El 12 de junio de 2025, en Roma, en presencia de la Madre y las Consejeras generales, las Novicias del Noviciado de Castel Gandolfo presentaron el espect\u00e1culo \"Nacidas para volar\", sobre la primera expedici\u00f3n misionera de las FMA.","breadcrumb":{"@id":"https:\/\/www.cgfmanet.org\/es\/ifma-es\/150-misiones-fma\/nacidas-para-volar\/#breadcrumb"},"inLanguage":"es","potentialAction":[{"@type":"ReadAction","target":["https:\/\/www.cgfmanet.org\/es\/ifma-es\/150-misiones-fma\/nacidas-para-volar\/"]}]},{"@type":"ImageObject","inLanguage":"es","@id":"https:\/\/www.cgfmanet.org\/es\/ifma-es\/150-misiones-fma\/nacidas-para-volar\/#primaryimage","url":"https:\/\/www.cgfmanet.org\/wp-content\/uploads\/2025\/06\/Spettacolo-Novizie_Nate-per-il-volo.jpg","contentUrl":"https:\/\/www.cgfmanet.org\/wp-content\/uploads\/2025\/06\/Spettacolo-Novizie_Nate-per-il-volo.jpg","width":1181,"height":787},{"@type":"BreadcrumbList","@id":"https:\/\/www.cgfmanet.org\/es\/ifma-es\/150-misiones-fma\/nacidas-para-volar\/#breadcrumb","itemListElement":[{"@type":"ListItem","position":1,"name":"Home","item":"https:\/\/www.cgfmanet.org\/es\/"},{"@type":"ListItem","position":2,"name":"Nacidas para volar"}]},{"@type":"WebSite","@id":"https:\/\/www.cgfmanet.org\/es\/#website","url":"https:\/\/www.cgfmanet.org\/es\/","name":"Istituto Figlie di Maria Ausiliatrice","description":"Salesiane di Don Bosco","publisher":{"@id":"https:\/\/www.cgfmanet.org\/es\/#organization"},"potentialAction":[{"@type":"SearchAction","target":{"@type":"EntryPoint","urlTemplate":"https:\/\/www.cgfmanet.org\/es\/?s={search_term_string}"},"query-input":{"@type":"PropertyValueSpecification","valueRequired":true,"valueName":"search_term_string"}}],"inLanguage":"es"},{"@type":"Organization","@id":"https:\/\/www.cgfmanet.org\/es\/#organization","name":"Istituto Figlie di Maria Ausiliatrice","url":"https:\/\/www.cgfmanet.org\/es\/","logo":{"@type":"ImageObject","inLanguage":"es","@id":"https:\/\/www.cgfmanet.org\/es\/#\/schema\/logo\/image\/","url":"https:\/\/www.cgfmanet.org\/wp-content\/uploads\/2018\/10\/logo-fma.png","contentUrl":"https:\/\/www.cgfmanet.org\/wp-content\/uploads\/2018\/10\/logo-fma.png","width":214,"height":55,"caption":"Istituto Figlie di Maria Ausiliatrice"},"image":{"@id":"https:\/\/www.cgfmanet.org\/es\/#\/schema\/logo\/image\/"},"sameAs":["https:\/\/www.facebook.com\/salesian.sisters.of.don.bosco\/","https:\/\/x.com\/Cgfmanet_Org","https:\/\/www.youtube.com\/channel\/UCmcr8yFQBV7JXeXVxyV9y5Q"]},{"@type":"Person","@id":"https:\/\/www.cgfmanet.org\/es\/#\/schema\/person\/ce6473083f53ef0ef882cca23f0c8fb9","name":"Redazione"}]}},"_links":{"self":[{"href":"https:\/\/www.cgfmanet.org\/es\/wp-json\/wp\/v2\/posts\/136874","targetHints":{"allow":["GET"]}}],"collection":[{"href":"https:\/\/www.cgfmanet.org\/es\/wp-json\/wp\/v2\/posts"}],"about":[{"href":"https:\/\/www.cgfmanet.org\/es\/wp-json\/wp\/v2\/types\/post"}],"author":[{"embeddable":true,"href":"https:\/\/www.cgfmanet.org\/es\/wp-json\/wp\/v2\/users\/21"}],"replies":[{"embeddable":true,"href":"https:\/\/www.cgfmanet.org\/es\/wp-json\/wp\/v2\/comments?post=136874"}],"version-history":[{"count":2,"href":"https:\/\/www.cgfmanet.org\/es\/wp-json\/wp\/v2\/posts\/136874\/revisions"}],"predecessor-version":[{"id":137299,"href":"https:\/\/www.cgfmanet.org\/es\/wp-json\/wp\/v2\/posts\/136874\/revisions\/137299"}],"wp:featuredmedia":[{"embeddable":true,"href":"https:\/\/www.cgfmanet.org\/es\/wp-json\/wp\/v2\/media\/136869"}],"wp:attachment":[{"href":"https:\/\/www.cgfmanet.org\/es\/wp-json\/wp\/v2\/media?parent=136874"}],"wp:term":[{"taxonomy":"category","embeddable":true,"href":"https:\/\/www.cgfmanet.org\/es\/wp-json\/wp\/v2\/categories?post=136874"},{"taxonomy":"post_tag","embeddable":true,"href":"https:\/\/www.cgfmanet.org\/es\/wp-json\/wp\/v2\/tags?post=136874"}],"curies":[{"name":"wp","href":"https:\/\/api.w.org\/{rel}","templated":true}]}}