{"id":136666,"date":"2025-06-13T10:15:49","date_gmt":"2025-06-13T08:15:49","guid":{"rendered":"https:\/\/www.cgfmanet.org\/?p=136666"},"modified":"2025-06-13T12:00:57","modified_gmt":"2025-06-13T10:00:57","slug":"canonizacion-de-sor-maria-troncatti","status":"publish","type":"post","link":"https:\/\/www.cgfmanet.org\/es\/infoesfera\/canonizacion-de-sor-maria-troncatti\/","title":{"rendered":"Canonizaci\u00f3n de Sor Mar\u00eda Troncatti"},"content":{"rendered":"<p><strong>Roma (Italia).<\/strong> El 13 de junio de 2025, el <span style=\"color: #0000ff;\"><strong><a style=\"color: #0000ff;\" href=\"https:\/\/press.vatican.va\/content\/salastampa\/es\/bollettino\/pubblico\/2025\/06\/13\/130625a.html\" target=\"_blank\" rel=\"noopener\">Consistorio Ordinario P\u00fablico<\/a><\/strong><\/span>, presidido por Su Santidad Le\u00f3n XIV, ha establecido las fechas del rito de Canonizaci\u00f3n de ocho Beatos, entre ellos Sor Mar\u00eda Troncatti (1883-1969), Hija de Mar\u00eda Auxiliadora, misionera en Ecuador.<\/p>\n<h3 style=\"text-align: center;\"><span style=\"color: #ff0000;\"><strong>Sor Mar\u00eda Troncatti ser\u00e1 Canonizada el domingo 19 de octubre de 2025.<\/strong><\/span><\/h3>\n<p>Con gran alegr\u00eda, la Superiora General del Instituto de las Hijas de Mar\u00eda Auxiliadora, Madre Chiara Cazzuola, junto con las hermanas del Consejo General, ha recibido la tan esperada noticia y se ha dirigido a todas las Hijas de Mar\u00eda Auxiliadora con estas palabras:<\/p>\n<p>\u00ab<em>Queridas hermanas, con alegr\u00eda me dirijo a <strong>ustedes para agradecer al Se\u00f1or por las grandes cosas que obra en la Iglesia y en la historia de nuestro Instituto, con la intervenci\u00f3n directa de Mar\u00eda Auxiliadora<\/strong>. Estoy convencida de que la inminente canonizaci\u00f3n de Sor Mar\u00eda Troncatti es para todas las Hijas de Mar\u00eda Auxiliadora <strong>una gracia extraordinaria, una llamada a renovarnos para continuar, con valent\u00eda y alegr\u00eda, el camino de santidad que hoy Dios nos pide recorrer.<\/strong>\u201d<\/em><\/p>\n<p><iframe title=\"Video messaggio Madre Chiara Cazzuola - Data Canonizzazione Suor Maria Troncatti\" data-src=\"https:\/\/www.youtube.com\/embed\/rAWPERCPEHw\" width=\"1314\" height=\"739\" frameborder=\"0\" allowfullscreen=\"allowfullscreen\" src=\"data:image\/svg+xml;base64,PHN2ZyB3aWR0aD0iMSIgaGVpZ2h0PSIxIiB4bWxucz0iaHR0cDovL3d3dy53My5vcmcvMjAwMC9zdmciPjwvc3ZnPg==\" class=\"lazyload\" data-load-mode=\"1\"><\/iframe><\/p>\n<p>En el mensaje, se detiene en algunos rasgos de su santidad: \u00abLa definici\u00f3n que resume todo en pocas palabras es, sin duda, la de una <strong>Hija de Mar\u00eda Auxiliadora feliz y fiel y, por ello, \u00a1Madre!<\/strong> En ella emerge claramente la dimensi\u00f3n materna que genera abundancia de vida a su alrededor y encuentra su fuente en una profunda intimidad con el Se\u00f1or.<\/p>\n<p>La Madre termina confiando \u00abnuestra misi\u00f3n a Mar\u00eda, Madre de la Iglesia y primera Misionera, conscientes de que, como lo fue para nuestros Fundadores y para Sor Mar\u00eda Troncatti, es Ella quien nos gu\u00eda, nos ayuda, mantiene nuestra mirada abierta a las nuevas realidades con coraz\u00f3n misionero y prof\u00e9tico, un coraz\u00f3n rico de humanidad, de compasi\u00f3n, de esperanza\u00bb.<\/p>\n<p>En vista de este gran evento, se ha creado un <a href=\"https:\/\/drive.google.com\/drive\/folders\/1n99weO-nWwmEJMvdrlp4_soGtw3FAj0W\" target=\"_blank\" rel=\"noopener\"><strong><span style=\"color: #0000ff;\">Logo Oficial <\/span><\/strong><\/a>con la imagen de la Beata, pronto Santa, acompa\u00f1ada del eslogan: \u00ab<strong>Madre, Misionera, Artesana de Paz y Reconciliaci\u00f3n<\/strong>\u00ab.<\/p>\n<p>Adem\u00e1s, se est\u00e1 preparando el sitio web <span style=\"color: #0000ff;\"><strong><a style=\"color: #0000ff;\" href=\"http:\/\/www.mariatroncatti.org\" target=\"_blank\" rel=\"noopener\">www.mariatroncatti.org<\/a><\/strong><\/span>, con la biograf\u00eda, fotos, textos, recursos multimedia, noticias, todo el material para profundizar y difundir, as\u00ed como las iniciativas y eventos promovidos por la Inspector\u00eda de origen de Sor Mar\u00eda, la Inspector\u00eda Lombarda Sagrada Familia (ILO), y por la Inspector\u00eda Sagrado Coraz\u00f3n (ECU), donde entreg\u00f3 su vida como misionera.<\/p>\n<p><span style=\"color: #0000ff;\"><a style=\"color: #0000ff;\" href=\"https:\/\/drive.google.com\/drive\/u\/0\/folders\/1aJZfqeF9Mz6okk1GdU_--JbOW5D1J9mQ\" target=\"_blank\" rel=\"noopener\"><strong>Texto del videomensaje de la Madre<\/strong><\/a><\/span><\/p>\n<p><span style=\"color: #0000ff;\"><strong><a style=\"color: #0000ff;\" href=\"https:\/\/drive.google.com\/drive\/u\/0\/folders\/1NNe7OjGogZOnLbwDfhQP9YxEwk7rG2lT\" target=\"_blank\" rel=\"noopener\">Acci\u00f3n de Gracias ECU<\/a><\/strong><\/span><\/p>\n","protected":false},"excerpt":{"rendered":"<p>Roma (Italia). El 13 de junio de 2025, el Consistorio Ordinario P\u00fablico, presidido por Su Santidad Le\u00f3n XIV, ha establecido las fechas del rito de Canonizaci\u00f3n de ocho Beatos, entre [&hellip;]<\/p>\n","protected":false},"author":21,"featured_media":136659,"comment_status":"open","ping_status":"closed","sticky":false,"template":"","format":"standard","meta":{"footnotes":""},"categories":[39,191],"tags":[371,1451,1640,1792,1931,2379,2464],"class_list":["post-136666","post","type-post","status-publish","format-standard","has-post-thumbnail","category-infoesfera","category-iglesia","tag-madre-general","tag-santidad-salesiana","tag-maria-troncatti-es","tag-espiritu-misionero","tag-focus-es","tag-madre-chiara-cazzuola-es","tag-150-misiones-fma"],"yoast_head":"<!-- This site is optimized with the Yoast SEO plugin v27.4 - https:\/\/yoast.com\/product\/yoast-seo-wordpress\/ -->\n<title>Canonizaci\u00f3n de Sor Mar\u00eda Troncatti &#8226; Istituto Figlie di Maria Ausiliatrice<\/title>\n<meta name=\"description\" content=\"El 13 de junio de 2025, el Consistorio Ordinario P\u00fablico, presidido por Su Santidad Le\u00f3n XIV, ha anunciado la fecha de la Canonizaci\u00f3n de Sor Mar\u00eda Troncatti.\" \/>\n<meta name=\"robots\" content=\"index, follow, max-snippet:-1, max-image-preview:large, max-video-preview:-1\" \/>\n<link rel=\"canonical\" href=\"https:\/\/www.cgfmanet.org\/es\/infoesfera\/canonizacion-de-sor-maria-troncatti\/\" \/>\n<meta property=\"og:locale\" content=\"es_ES\" \/>\n<meta property=\"og:type\" content=\"article\" \/>\n<meta property=\"og:title\" content=\"Canonizaci\u00f3n de Sor Mar\u00eda Troncatti &#8226; Istituto Figlie di Maria Ausiliatrice\" \/>\n<meta property=\"og:description\" content=\"El 13 de junio de 2025, el Consistorio Ordinario P\u00fablico, presidido por Su Santidad Le\u00f3n XIV, ha anunciado la fecha de la Canonizaci\u00f3n de Sor Mar\u00eda Troncatti.\" \/>\n<meta property=\"og:url\" content=\"https:\/\/www.cgfmanet.org\/es\/infoesfera\/canonizacion-de-sor-maria-troncatti\/\" \/>\n<meta property=\"og:site_name\" content=\"Istituto Figlie di Maria Ausiliatrice\" \/>\n<meta property=\"article:publisher\" content=\"https:\/\/www.facebook.com\/salesian.sisters.of.don.bosco\/\" \/>\n<meta property=\"article:published_time\" content=\"2025-06-13T08:15:49+00:00\" \/>\n<meta property=\"article:modified_time\" content=\"2025-06-13T10:00:57+00:00\" \/>\n<meta property=\"og:image\" content=\"https:\/\/www.cgfmanet.org\/wp-content\/uploads\/2025\/06\/Suor-Maria-Troncatti-Santa.jpg\" \/>\n\t<meta property=\"og:image:width\" content=\"1200\" \/>\n\t<meta property=\"og:image:height\" content=\"800\" \/>\n\t<meta property=\"og:image:type\" content=\"image\/jpeg\" \/>\n<meta name=\"author\" content=\"Redazione\" \/>\n<meta name=\"twitter:card\" content=\"summary_large_image\" \/>\n<meta name=\"twitter:creator\" content=\"@Cgfmanet_Org\" \/>\n<meta name=\"twitter:site\" content=\"@Cgfmanet_Org\" \/>\n<meta name=\"twitter:label1\" content=\"Escrito por\" \/>\n\t<meta name=\"twitter:data1\" content=\"Redazione\" \/>\n\t<meta name=\"twitter:label2\" content=\"Tiempo de lectura\" \/>\n\t<meta name=\"twitter:data2\" content=\"3 minutos\" \/>\n<script type=\"application\/ld+json\" class=\"yoast-schema-graph\">{\"@context\":\"https:\\\/\\\/schema.org\",\"@graph\":[{\"@type\":\"Article\",\"@id\":\"https:\\\/\\\/www.cgfmanet.org\\\/es\\\/infoesfera\\\/canonizacion-de-sor-maria-troncatti\\\/#article\",\"isPartOf\":{\"@id\":\"https:\\\/\\\/www.cgfmanet.org\\\/es\\\/infoesfera\\\/canonizacion-de-sor-maria-troncatti\\\/\"},\"author\":{\"name\":\"Redazione\",\"@id\":\"https:\\\/\\\/www.cgfmanet.org\\\/es\\\/#\\\/schema\\\/person\\\/ce6473083f53ef0ef882cca23f0c8fb9\"},\"headline\":\"Canonizaci\u00f3n de Sor Mar\u00eda Troncatti\",\"datePublished\":\"2025-06-13T08:15:49+00:00\",\"dateModified\":\"2025-06-13T10:00:57+00:00\",\"mainEntityOfPage\":{\"@id\":\"https:\\\/\\\/www.cgfmanet.org\\\/es\\\/infoesfera\\\/canonizacion-de-sor-maria-troncatti\\\/\"},\"wordCount\":437,\"commentCount\":3,\"publisher\":{\"@id\":\"https:\\\/\\\/www.cgfmanet.org\\\/es\\\/#organization\"},\"image\":{\"@id\":\"https:\\\/\\\/www.cgfmanet.org\\\/es\\\/infoesfera\\\/canonizacion-de-sor-maria-troncatti\\\/#primaryimage\"},\"thumbnailUrl\":\"https:\\\/\\\/www.cgfmanet.org\\\/wp-content\\\/uploads\\\/2025\\\/06\\\/Suor-Maria-Troncatti-Santa.jpg\",\"keywords\":[\"Madre General\",\"Santidad Salesiana\",\"Maria Troncatti\",\"Esp\u00edritu misionero\",\"Focus\",\"Madre Chiara Cazzuola\",\"150\u00b0 Misiones FMA\"],\"articleSection\":[\"Infoesfera\",\"Iglesia\"],\"inLanguage\":\"es\",\"potentialAction\":[{\"@type\":\"CommentAction\",\"name\":\"Comment\",\"target\":[\"https:\\\/\\\/www.cgfmanet.org\\\/es\\\/infoesfera\\\/canonizacion-de-sor-maria-troncatti\\\/#respond\"]}]},{\"@type\":\"WebPage\",\"@id\":\"https:\\\/\\\/www.cgfmanet.org\\\/es\\\/infoesfera\\\/canonizacion-de-sor-maria-troncatti\\\/\",\"url\":\"https:\\\/\\\/www.cgfmanet.org\\\/es\\\/infoesfera\\\/canonizacion-de-sor-maria-troncatti\\\/\",\"name\":\"Canonizaci\u00f3n de Sor Mar\u00eda Troncatti &#8226; Istituto Figlie di Maria Ausiliatrice\",\"isPartOf\":{\"@id\":\"https:\\\/\\\/www.cgfmanet.org\\\/es\\\/#website\"},\"primaryImageOfPage\":{\"@id\":\"https:\\\/\\\/www.cgfmanet.org\\\/es\\\/infoesfera\\\/canonizacion-de-sor-maria-troncatti\\\/#primaryimage\"},\"image\":{\"@id\":\"https:\\\/\\\/www.cgfmanet.org\\\/es\\\/infoesfera\\\/canonizacion-de-sor-maria-troncatti\\\/#primaryimage\"},\"thumbnailUrl\":\"https:\\\/\\\/www.cgfmanet.org\\\/wp-content\\\/uploads\\\/2025\\\/06\\\/Suor-Maria-Troncatti-Santa.jpg\",\"datePublished\":\"2025-06-13T08:15:49+00:00\",\"dateModified\":\"2025-06-13T10:00:57+00:00\",\"description\":\"El 13 de junio de 2025, el Consistorio Ordinario P\u00fablico, presidido por Su Santidad Le\u00f3n XIV, ha anunciado la fecha de la Canonizaci\u00f3n de Sor Mar\u00eda Troncatti.\",\"breadcrumb\":{\"@id\":\"https:\\\/\\\/www.cgfmanet.org\\\/es\\\/infoesfera\\\/canonizacion-de-sor-maria-troncatti\\\/#breadcrumb\"},\"inLanguage\":\"es\",\"potentialAction\":[{\"@type\":\"ReadAction\",\"target\":[\"https:\\\/\\\/www.cgfmanet.org\\\/es\\\/infoesfera\\\/canonizacion-de-sor-maria-troncatti\\\/\"]}]},{\"@type\":\"ImageObject\",\"inLanguage\":\"es\",\"@id\":\"https:\\\/\\\/www.cgfmanet.org\\\/es\\\/infoesfera\\\/canonizacion-de-sor-maria-troncatti\\\/#primaryimage\",\"url\":\"https:\\\/\\\/www.cgfmanet.org\\\/wp-content\\\/uploads\\\/2025\\\/06\\\/Suor-Maria-Troncatti-Santa.jpg\",\"contentUrl\":\"https:\\\/\\\/www.cgfmanet.org\\\/wp-content\\\/uploads\\\/2025\\\/06\\\/Suor-Maria-Troncatti-Santa.jpg\",\"width\":1200,\"height\":800},{\"@type\":\"BreadcrumbList\",\"@id\":\"https:\\\/\\\/www.cgfmanet.org\\\/es\\\/infoesfera\\\/canonizacion-de-sor-maria-troncatti\\\/#breadcrumb\",\"itemListElement\":[{\"@type\":\"ListItem\",\"position\":1,\"name\":\"Home\",\"item\":\"https:\\\/\\\/www.cgfmanet.org\\\/es\\\/\"},{\"@type\":\"ListItem\",\"position\":2,\"name\":\"Canonizaci\u00f3n de Sor Mar\u00eda Troncatti\"}]},{\"@type\":\"WebSite\",\"@id\":\"https:\\\/\\\/www.cgfmanet.org\\\/es\\\/#website\",\"url\":\"https:\\\/\\\/www.cgfmanet.org\\\/es\\\/\",\"name\":\"Istituto Figlie di Maria Ausiliatrice\",\"description\":\"Salesiane di Don Bosco\",\"publisher\":{\"@id\":\"https:\\\/\\\/www.cgfmanet.org\\\/es\\\/#organization\"},\"potentialAction\":[{\"@type\":\"SearchAction\",\"target\":{\"@type\":\"EntryPoint\",\"urlTemplate\":\"https:\\\/\\\/www.cgfmanet.org\\\/es\\\/?s={search_term_string}\"},\"query-input\":{\"@type\":\"PropertyValueSpecification\",\"valueRequired\":true,\"valueName\":\"search_term_string\"}}],\"inLanguage\":\"es\"},{\"@type\":\"Organization\",\"@id\":\"https:\\\/\\\/www.cgfmanet.org\\\/es\\\/#organization\",\"name\":\"Istituto Figlie di Maria Ausiliatrice\",\"url\":\"https:\\\/\\\/www.cgfmanet.org\\\/es\\\/\",\"logo\":{\"@type\":\"ImageObject\",\"inLanguage\":\"es\",\"@id\":\"https:\\\/\\\/www.cgfmanet.org\\\/es\\\/#\\\/schema\\\/logo\\\/image\\\/\",\"url\":\"https:\\\/\\\/www.cgfmanet.org\\\/wp-content\\\/uploads\\\/2018\\\/10\\\/logo-fma.png\",\"contentUrl\":\"https:\\\/\\\/www.cgfmanet.org\\\/wp-content\\\/uploads\\\/2018\\\/10\\\/logo-fma.png\",\"width\":214,\"height\":55,\"caption\":\"Istituto Figlie di Maria Ausiliatrice\"},\"image\":{\"@id\":\"https:\\\/\\\/www.cgfmanet.org\\\/es\\\/#\\\/schema\\\/logo\\\/image\\\/\"},\"sameAs\":[\"https:\\\/\\\/www.facebook.com\\\/salesian.sisters.of.don.bosco\\\/\",\"https:\\\/\\\/x.com\\\/Cgfmanet_Org\",\"https:\\\/\\\/www.youtube.com\\\/channel\\\/UCmcr8yFQBV7JXeXVxyV9y5Q\"]},{\"@type\":\"Person\",\"@id\":\"https:\\\/\\\/www.cgfmanet.org\\\/es\\\/#\\\/schema\\\/person\\\/ce6473083f53ef0ef882cca23f0c8fb9\",\"name\":\"Redazione\"}]}<\/script>\n<!-- \/ Yoast SEO plugin. -->","yoast_head_json":{"title":"Canonizaci\u00f3n de Sor Mar\u00eda Troncatti &#8226; Istituto Figlie di Maria Ausiliatrice","description":"El 13 de junio de 2025, el Consistorio Ordinario P\u00fablico, presidido por Su Santidad Le\u00f3n XIV, ha anunciado la fecha de la Canonizaci\u00f3n de Sor Mar\u00eda Troncatti.","robots":{"index":"index","follow":"follow","max-snippet":"max-snippet:-1","max-image-preview":"max-image-preview:large","max-video-preview":"max-video-preview:-1"},"canonical":"https:\/\/www.cgfmanet.org\/es\/infoesfera\/canonizacion-de-sor-maria-troncatti\/","og_locale":"es_ES","og_type":"article","og_title":"Canonizaci\u00f3n de Sor Mar\u00eda Troncatti &#8226; Istituto Figlie di Maria Ausiliatrice","og_description":"El 13 de junio de 2025, el Consistorio Ordinario P\u00fablico, presidido por Su Santidad Le\u00f3n XIV, ha anunciado la fecha de la Canonizaci\u00f3n de Sor Mar\u00eda Troncatti.","og_url":"https:\/\/www.cgfmanet.org\/es\/infoesfera\/canonizacion-de-sor-maria-troncatti\/","og_site_name":"Istituto Figlie di Maria Ausiliatrice","article_publisher":"https:\/\/www.facebook.com\/salesian.sisters.of.don.bosco\/","article_published_time":"2025-06-13T08:15:49+00:00","article_modified_time":"2025-06-13T10:00:57+00:00","og_image":[{"width":1200,"height":800,"url":"https:\/\/www.cgfmanet.org\/wp-content\/uploads\/2025\/06\/Suor-Maria-Troncatti-Santa.jpg","type":"image\/jpeg"}],"author":"Redazione","twitter_card":"summary_large_image","twitter_creator":"@Cgfmanet_Org","twitter_site":"@Cgfmanet_Org","twitter_misc":{"Escrito por":"Redazione","Tiempo de lectura":"3 minutos"},"schema":{"@context":"https:\/\/schema.org","@graph":[{"@type":"Article","@id":"https:\/\/www.cgfmanet.org\/es\/infoesfera\/canonizacion-de-sor-maria-troncatti\/#article","isPartOf":{"@id":"https:\/\/www.cgfmanet.org\/es\/infoesfera\/canonizacion-de-sor-maria-troncatti\/"},"author":{"name":"Redazione","@id":"https:\/\/www.cgfmanet.org\/es\/#\/schema\/person\/ce6473083f53ef0ef882cca23f0c8fb9"},"headline":"Canonizaci\u00f3n de Sor Mar\u00eda Troncatti","datePublished":"2025-06-13T08:15:49+00:00","dateModified":"2025-06-13T10:00:57+00:00","mainEntityOfPage":{"@id":"https:\/\/www.cgfmanet.org\/es\/infoesfera\/canonizacion-de-sor-maria-troncatti\/"},"wordCount":437,"commentCount":3,"publisher":{"@id":"https:\/\/www.cgfmanet.org\/es\/#organization"},"image":{"@id":"https:\/\/www.cgfmanet.org\/es\/infoesfera\/canonizacion-de-sor-maria-troncatti\/#primaryimage"},"thumbnailUrl":"https:\/\/www.cgfmanet.org\/wp-content\/uploads\/2025\/06\/Suor-Maria-Troncatti-Santa.jpg","keywords":["Madre General","Santidad Salesiana","Maria Troncatti","Esp\u00edritu misionero","Focus","Madre Chiara Cazzuola","150\u00b0 Misiones FMA"],"articleSection":["Infoesfera","Iglesia"],"inLanguage":"es","potentialAction":[{"@type":"CommentAction","name":"Comment","target":["https:\/\/www.cgfmanet.org\/es\/infoesfera\/canonizacion-de-sor-maria-troncatti\/#respond"]}]},{"@type":"WebPage","@id":"https:\/\/www.cgfmanet.org\/es\/infoesfera\/canonizacion-de-sor-maria-troncatti\/","url":"https:\/\/www.cgfmanet.org\/es\/infoesfera\/canonizacion-de-sor-maria-troncatti\/","name":"Canonizaci\u00f3n de Sor Mar\u00eda Troncatti &#8226; Istituto Figlie di Maria Ausiliatrice","isPartOf":{"@id":"https:\/\/www.cgfmanet.org\/es\/#website"},"primaryImageOfPage":{"@id":"https:\/\/www.cgfmanet.org\/es\/infoesfera\/canonizacion-de-sor-maria-troncatti\/#primaryimage"},"image":{"@id":"https:\/\/www.cgfmanet.org\/es\/infoesfera\/canonizacion-de-sor-maria-troncatti\/#primaryimage"},"thumbnailUrl":"https:\/\/www.cgfmanet.org\/wp-content\/uploads\/2025\/06\/Suor-Maria-Troncatti-Santa.jpg","datePublished":"2025-06-13T08:15:49+00:00","dateModified":"2025-06-13T10:00:57+00:00","description":"El 13 de junio de 2025, el Consistorio Ordinario P\u00fablico, presidido por Su Santidad Le\u00f3n XIV, ha anunciado la fecha de la Canonizaci\u00f3n de Sor Mar\u00eda Troncatti.","breadcrumb":{"@id":"https:\/\/www.cgfmanet.org\/es\/infoesfera\/canonizacion-de-sor-maria-troncatti\/#breadcrumb"},"inLanguage":"es","potentialAction":[{"@type":"ReadAction","target":["https:\/\/www.cgfmanet.org\/es\/infoesfera\/canonizacion-de-sor-maria-troncatti\/"]}]},{"@type":"ImageObject","inLanguage":"es","@id":"https:\/\/www.cgfmanet.org\/es\/infoesfera\/canonizacion-de-sor-maria-troncatti\/#primaryimage","url":"https:\/\/www.cgfmanet.org\/wp-content\/uploads\/2025\/06\/Suor-Maria-Troncatti-Santa.jpg","contentUrl":"https:\/\/www.cgfmanet.org\/wp-content\/uploads\/2025\/06\/Suor-Maria-Troncatti-Santa.jpg","width":1200,"height":800},{"@type":"BreadcrumbList","@id":"https:\/\/www.cgfmanet.org\/es\/infoesfera\/canonizacion-de-sor-maria-troncatti\/#breadcrumb","itemListElement":[{"@type":"ListItem","position":1,"name":"Home","item":"https:\/\/www.cgfmanet.org\/es\/"},{"@type":"ListItem","position":2,"name":"Canonizaci\u00f3n de Sor Mar\u00eda Troncatti"}]},{"@type":"WebSite","@id":"https:\/\/www.cgfmanet.org\/es\/#website","url":"https:\/\/www.cgfmanet.org\/es\/","name":"Istituto Figlie di Maria Ausiliatrice","description":"Salesiane di Don Bosco","publisher":{"@id":"https:\/\/www.cgfmanet.org\/es\/#organization"},"potentialAction":[{"@type":"SearchAction","target":{"@type":"EntryPoint","urlTemplate":"https:\/\/www.cgfmanet.org\/es\/?s={search_term_string}"},"query-input":{"@type":"PropertyValueSpecification","valueRequired":true,"valueName":"search_term_string"}}],"inLanguage":"es"},{"@type":"Organization","@id":"https:\/\/www.cgfmanet.org\/es\/#organization","name":"Istituto Figlie di Maria Ausiliatrice","url":"https:\/\/www.cgfmanet.org\/es\/","logo":{"@type":"ImageObject","inLanguage":"es","@id":"https:\/\/www.cgfmanet.org\/es\/#\/schema\/logo\/image\/","url":"https:\/\/www.cgfmanet.org\/wp-content\/uploads\/2018\/10\/logo-fma.png","contentUrl":"https:\/\/www.cgfmanet.org\/wp-content\/uploads\/2018\/10\/logo-fma.png","width":214,"height":55,"caption":"Istituto Figlie di Maria Ausiliatrice"},"image":{"@id":"https:\/\/www.cgfmanet.org\/es\/#\/schema\/logo\/image\/"},"sameAs":["https:\/\/www.facebook.com\/salesian.sisters.of.don.bosco\/","https:\/\/x.com\/Cgfmanet_Org","https:\/\/www.youtube.com\/channel\/UCmcr8yFQBV7JXeXVxyV9y5Q"]},{"@type":"Person","@id":"https:\/\/www.cgfmanet.org\/es\/#\/schema\/person\/ce6473083f53ef0ef882cca23f0c8fb9","name":"Redazione"}]}},"_links":{"self":[{"href":"https:\/\/www.cgfmanet.org\/es\/wp-json\/wp\/v2\/posts\/136666","targetHints":{"allow":["GET"]}}],"collection":[{"href":"https:\/\/www.cgfmanet.org\/es\/wp-json\/wp\/v2\/posts"}],"about":[{"href":"https:\/\/www.cgfmanet.org\/es\/wp-json\/wp\/v2\/types\/post"}],"author":[{"embeddable":true,"href":"https:\/\/www.cgfmanet.org\/es\/wp-json\/wp\/v2\/users\/21"}],"replies":[{"embeddable":true,"href":"https:\/\/www.cgfmanet.org\/es\/wp-json\/wp\/v2\/comments?post=136666"}],"version-history":[{"count":4,"href":"https:\/\/www.cgfmanet.org\/es\/wp-json\/wp\/v2\/posts\/136666\/revisions"}],"predecessor-version":[{"id":136725,"href":"https:\/\/www.cgfmanet.org\/es\/wp-json\/wp\/v2\/posts\/136666\/revisions\/136725"}],"wp:featuredmedia":[{"embeddable":true,"href":"https:\/\/www.cgfmanet.org\/es\/wp-json\/wp\/v2\/media\/136659"}],"wp:attachment":[{"href":"https:\/\/www.cgfmanet.org\/es\/wp-json\/wp\/v2\/media?parent=136666"}],"wp:term":[{"taxonomy":"category","embeddable":true,"href":"https:\/\/www.cgfmanet.org\/es\/wp-json\/wp\/v2\/categories?post=136666"},{"taxonomy":"post_tag","embeddable":true,"href":"https:\/\/www.cgfmanet.org\/es\/wp-json\/wp\/v2\/tags?post=136666"}],"curies":[{"name":"wp","href":"https:\/\/api.w.org\/{rel}","templated":true}]}}