{"id":136281,"date":"2025-06-04T17:52:58","date_gmt":"2025-06-04T15:52:58","guid":{"rendered":"https:\/\/www.cgfmanet.org\/infoesfera\/giornata-mondiale-dellambiente-2025\/"},"modified":"2025-06-05T12:50:57","modified_gmt":"2025-06-05T10:50:57","slug":"dia-mundial-del-medio-ambiente-2025","status":"publish","type":"post","link":"https:\/\/www.cgfmanet.org\/es\/infoesfera\/dia-mundial-del-medio-ambiente-2025\/","title":{"rendered":"D\u00eda Mundial del Medio Ambiente 2025"},"content":{"rendered":"<p><strong>Roma (Italia).<\/strong> El 5 de junio del 2025 se celebra el D\u00eda Mundial del Medio Ambiente, conmemorado por primera vez en 1973 y promovido por el Programa de las Naciones Unidas para el Medio Ambiente (<strong><span style=\"color: #0000ff;\"><a style=\"color: #0000ff;\" href=\"https:\/\/www.unep.org\/\" target=\"_blank\" rel=\"noopener\">UNEP<\/a><\/span><\/strong>), para sensibilizar sobre la protecci\u00f3n de la Tierra, fomentando el respeto hacia el planeta y un cambio de mentalidad y h\u00e1bitos.<\/p>\n<p><strong>\u201c<\/strong><strong>Sin contaminaci\u00f3n por pl\u00e1sticos\u201d<\/strong> (Together we can #BeatPlasticPollution) es el lema de este a\u00f1o un llamado a la acci\u00f3n colectiva para combatir la contaminaci\u00f3n pl\u00e1stica e impulsar a individuos, organizaciones, industrias y gobiernos a adoptar pr\u00e1cticas sostenibles que conduzcan a un cambio sist\u00e9mico.<\/p>\n<p>El Secretario General de las Naciones Unidas, Ant\u00f3nio Guterres, en su Mensaje para el D\u00eda Mundial del Medio Ambiente 2025, analiza la situaci\u00f3n reconociendo los avances, pero instando a acelerar los procesos:<\/p>\n<p><em>\u201c<\/em><em>La contaminaci\u00f3n por pl\u00e1sticos est\u00e1 asfixiando nuestro planeta: da\u00f1a los ecosistemas, el bienestar humano y el clima. Los residuos pl\u00e1sticos obstruyen r\u00edos, contaminan oc\u00e9anos y amenazan la vida silvestre. Adem\u00e1s, al fragmentarse en micropart\u00edculas, el pl\u00e1stico ha invadido cada rinc\u00f3n de la Tierra: desde la cima del Monte Everest hasta las profundidades marinas, y desde el cerebro humano hasta la leche materna\u201d.<\/em><\/p>\n<p><span style=\"color: #0000ff;\"><strong><a style=\"color: #0000ff;\" href=\"https:\/\/www.unep.org\/beatpollution\/beat-plastic-pollution\" target=\"_blank\" rel=\"noopener\">#BeatPlasticPollution<\/a><\/strong><\/span> es una campa\u00f1a del PNUMA (Programa de las Naciones Unidas para el Medio Ambiente) para detener el impacto generalizado de la contaminaci\u00f3n por pl\u00e1sticos en las personas y la salud del planeta. La campa\u00f1a promueve acciones r\u00e1pidas, a gran escala y coordinadas para un futuro m\u00e1s limpio, saludable y sostenible. Las actividades de la campa\u00f1a demuestran el impacto de la contaminaci\u00f3n pl\u00e1stica sobre el clima, la naturaleza, la biodiversidad y la salud, al mismo tiempo que ofrecen una plataforma para inspirar econom\u00edas circulares regenerativas y facilitar la transici\u00f3n hacia un planeta sin contaminaci\u00f3n.<\/p>\n<p>El D\u00eda Mundial del Medio Ambiente tiene como objetivo destacar las crecientes evidencias cient\u00edficas sobre el impacto de la contaminaci\u00f3n por pl\u00e1sticos y promover acciones concretas para <strong>reducir, reutilizar, reciclar y repensar el uso del pl\u00e1stico, con el fin de construir un futuro m\u00e1s sostenible.<\/strong><\/p>\n<p>La Rep\u00fablica de Corea ha sido elegida pa\u00eds anfitri\u00f3n del D\u00eda Mundial del Medio Ambiente 2025, con el objetivo de eliminar la contaminaci\u00f3n por pl\u00e1sticos a nivel global.<\/p>\n<p>Liberar al planeta de la contaminaci\u00f3n por pl\u00e1sticos constituye una contribuci\u00f3n esencial para alcanzar los <strong>Objetivos de Desarrollo Sostenible (ODS)<\/strong>, en particular aquellos relacionados con la acci\u00f3n clim\u00e1tica, la producci\u00f3n y consumo responsables, la protecci\u00f3n de los oc\u00e9anos, la restauraci\u00f3n de ecosistemas y la conservaci\u00f3n de la biodiversidad.<\/p>\n<p>Para el<strong> Instituto de las Hijas de Mar\u00eda Auxiliadora, <\/strong>escuchar el clamor de la tierra es uno de los llamados del Cap\u00edtulo General XXIV, que invita a asumir la ecolog\u00eda integral, los siete objetivos de la Laudato si&#8217; y el Pacto Educativo Global en el estilo del Sistema Preventivo como dimensi\u00f3n de la vida y misi\u00f3n educativa, en red con la Familia Salesiana, las instituciones y las agencias educativas (Actas CGXXIV n.3).<\/p>\n<p>Para las Hijas de Mar\u00eda Auxiliadora, este llamado representa un impulso a la acci\u00f3n en su misi\u00f3n educativa para proteger y preservar el planeta. Esto se concreta a trav\u00e9s de diversas iniciativas con las Comunidades Educativas en los contextos donde est\u00e1n presentes, trabajando en sinergia con las instituciones locales y promoviendo una educaci\u00f3n contra la cultura del descarte, como se\u00f1ala el Papa Francisco en la enc\u00edclica Laudato si&#8217;, cuyo 10\u00b0 aniversario se conmemora:<\/p>\n<p>\u201c<em>el sistema industrial, al final del ciclo de producci\u00f3n y de consumo, no ha desarrollado la capacidad de absorber y reutilizar residuos y desechos. Todav\u00eda no se ha logrado adoptar un modelo circular de producci\u00f3n que asegure recursos para todos y para las generaciones futuras, y que supone limitar al m\u00e1ximo el uso de los recursos no renovables, moderar el consumo, maximizar la eficiencia del aprovechamiento, reutilizar y reciclar. Abordar esta cuesti\u00f3n ser\u00eda un modo de contrarrestar la cultura del descarte, que termina afectando al planeta entero, pero observamos que los avances en este sentido son todav\u00eda muy escasos\u201d. <\/em>(LS n.22)<\/p>\n","protected":false},"excerpt":{"rendered":"<p>Roma (Italia). El 5 de junio del 2025 se celebra el D\u00eda Mundial del Medio Ambiente, conmemorado por primera vez en 1973 y promovido por el Programa de las Naciones [&hellip;]<\/p>\n","protected":false},"author":21,"featured_media":136276,"comment_status":"open","ping_status":"closed","sticky":false,"template":"","format":"standard","meta":{"footnotes":""},"categories":[39,203],"tags":[651,1135,1623,1931,1947],"class_list":["post-136281","post","type-post","status-publish","format-standard","has-post-thumbnail","category-infoesfera","category-ecologia-es","tag-giornata-mondiale-dellambiente","tag-educacion","tag-cittadinanza-es","tag-focus-es","tag-sistema-preventivo-es"],"yoast_head":"<!-- This site is optimized with the Yoast SEO plugin v27.4 - https:\/\/yoast.com\/product\/yoast-seo-wordpress\/ -->\n<title>D\u00eda Mundial del Medio Ambiente 2025 &#8226; Istituto Figlie di Maria Ausiliatrice<\/title>\n<meta name=\"description\" content=\"El 5 de junio del 2025 se celebra el D\u00eda Mundial del Medio Ambiente con el tema: \u201cSin contaminaci\u00f3n por pl\u00e1sticos&quot;.\" \/>\n<meta name=\"robots\" content=\"index, follow, max-snippet:-1, max-image-preview:large, max-video-preview:-1\" \/>\n<link rel=\"canonical\" href=\"https:\/\/www.cgfmanet.org\/es\/infoesfera\/dia-mundial-del-medio-ambiente-2025\/\" \/>\n<meta property=\"og:locale\" content=\"es_ES\" \/>\n<meta property=\"og:type\" content=\"article\" \/>\n<meta property=\"og:title\" content=\"D\u00eda Mundial del Medio Ambiente 2025 &#8226; Istituto Figlie di Maria Ausiliatrice\" \/>\n<meta property=\"og:description\" content=\"El 5 de junio del 2025 se celebra el D\u00eda Mundial del Medio Ambiente con el tema: \u201cSin contaminaci\u00f3n por pl\u00e1sticos&quot;.\" \/>\n<meta property=\"og:url\" content=\"https:\/\/www.cgfmanet.org\/es\/infoesfera\/dia-mundial-del-medio-ambiente-2025\/\" \/>\n<meta property=\"og:site_name\" content=\"Istituto Figlie di Maria Ausiliatrice\" \/>\n<meta property=\"article:publisher\" content=\"https:\/\/www.facebook.com\/salesian.sisters.of.don.bosco\/\" \/>\n<meta property=\"article:published_time\" content=\"2025-06-04T15:52:58+00:00\" \/>\n<meta property=\"article:modified_time\" content=\"2025-06-05T10:50:57+00:00\" \/>\n<meta property=\"og:image\" content=\"https:\/\/www.cgfmanet.org\/wp-content\/uploads\/2025\/06\/Giornata-Mondiale-Ambiente-2025.jpg\" \/>\n\t<meta property=\"og:image:width\" content=\"1181\" \/>\n\t<meta property=\"og:image:height\" content=\"787\" \/>\n\t<meta property=\"og:image:type\" content=\"image\/jpeg\" \/>\n<meta name=\"author\" content=\"Redazione\" \/>\n<meta name=\"twitter:card\" content=\"summary_large_image\" \/>\n<meta name=\"twitter:creator\" content=\"@Cgfmanet_Org\" \/>\n<meta name=\"twitter:site\" content=\"@Cgfmanet_Org\" \/>\n<meta name=\"twitter:label1\" content=\"Escrito por\" \/>\n\t<meta name=\"twitter:data1\" content=\"Redazione\" \/>\n\t<meta name=\"twitter:label2\" content=\"Tiempo de lectura\" \/>\n\t<meta name=\"twitter:data2\" content=\"4 minutos\" \/>\n<script type=\"application\/ld+json\" class=\"yoast-schema-graph\">{\"@context\":\"https:\\\/\\\/schema.org\",\"@graph\":[{\"@type\":\"Article\",\"@id\":\"https:\\\/\\\/www.cgfmanet.org\\\/es\\\/infoesfera\\\/dia-mundial-del-medio-ambiente-2025\\\/#article\",\"isPartOf\":{\"@id\":\"https:\\\/\\\/www.cgfmanet.org\\\/es\\\/infoesfera\\\/dia-mundial-del-medio-ambiente-2025\\\/\"},\"author\":{\"name\":\"Redazione\",\"@id\":\"https:\\\/\\\/www.cgfmanet.org\\\/es\\\/#\\\/schema\\\/person\\\/ce6473083f53ef0ef882cca23f0c8fb9\"},\"headline\":\"D\u00eda Mundial del Medio Ambiente 2025\",\"datePublished\":\"2025-06-04T15:52:58+00:00\",\"dateModified\":\"2025-06-05T10:50:57+00:00\",\"mainEntityOfPage\":{\"@id\":\"https:\\\/\\\/www.cgfmanet.org\\\/es\\\/infoesfera\\\/dia-mundial-del-medio-ambiente-2025\\\/\"},\"wordCount\":733,\"commentCount\":0,\"publisher\":{\"@id\":\"https:\\\/\\\/www.cgfmanet.org\\\/es\\\/#organization\"},\"image\":{\"@id\":\"https:\\\/\\\/www.cgfmanet.org\\\/es\\\/infoesfera\\\/dia-mundial-del-medio-ambiente-2025\\\/#primaryimage\"},\"thumbnailUrl\":\"https:\\\/\\\/www.cgfmanet.org\\\/wp-content\\\/uploads\\\/2025\\\/06\\\/Giornata-Mondiale-Ambiente-2025.jpg\",\"keywords\":[\"Giornata Mondiale dell'Ambiente\",\"Educaci\u00f3n\",\"cittadinanza\",\"Focus\",\"Sistema Preventivo\"],\"articleSection\":[\"Infoesfera\",\"Ecolog\u00eda\"],\"inLanguage\":\"es\",\"potentialAction\":[{\"@type\":\"CommentAction\",\"name\":\"Comment\",\"target\":[\"https:\\\/\\\/www.cgfmanet.org\\\/es\\\/infoesfera\\\/dia-mundial-del-medio-ambiente-2025\\\/#respond\"]}]},{\"@type\":\"WebPage\",\"@id\":\"https:\\\/\\\/www.cgfmanet.org\\\/es\\\/infoesfera\\\/dia-mundial-del-medio-ambiente-2025\\\/\",\"url\":\"https:\\\/\\\/www.cgfmanet.org\\\/es\\\/infoesfera\\\/dia-mundial-del-medio-ambiente-2025\\\/\",\"name\":\"D\u00eda Mundial del Medio Ambiente 2025 &#8226; Istituto Figlie di Maria Ausiliatrice\",\"isPartOf\":{\"@id\":\"https:\\\/\\\/www.cgfmanet.org\\\/es\\\/#website\"},\"primaryImageOfPage\":{\"@id\":\"https:\\\/\\\/www.cgfmanet.org\\\/es\\\/infoesfera\\\/dia-mundial-del-medio-ambiente-2025\\\/#primaryimage\"},\"image\":{\"@id\":\"https:\\\/\\\/www.cgfmanet.org\\\/es\\\/infoesfera\\\/dia-mundial-del-medio-ambiente-2025\\\/#primaryimage\"},\"thumbnailUrl\":\"https:\\\/\\\/www.cgfmanet.org\\\/wp-content\\\/uploads\\\/2025\\\/06\\\/Giornata-Mondiale-Ambiente-2025.jpg\",\"datePublished\":\"2025-06-04T15:52:58+00:00\",\"dateModified\":\"2025-06-05T10:50:57+00:00\",\"description\":\"El 5 de junio del 2025 se celebra el D\u00eda Mundial del Medio Ambiente con el tema: \u201cSin contaminaci\u00f3n por pl\u00e1sticos\\\".\",\"breadcrumb\":{\"@id\":\"https:\\\/\\\/www.cgfmanet.org\\\/es\\\/infoesfera\\\/dia-mundial-del-medio-ambiente-2025\\\/#breadcrumb\"},\"inLanguage\":\"es\",\"potentialAction\":[{\"@type\":\"ReadAction\",\"target\":[\"https:\\\/\\\/www.cgfmanet.org\\\/es\\\/infoesfera\\\/dia-mundial-del-medio-ambiente-2025\\\/\"]}]},{\"@type\":\"ImageObject\",\"inLanguage\":\"es\",\"@id\":\"https:\\\/\\\/www.cgfmanet.org\\\/es\\\/infoesfera\\\/dia-mundial-del-medio-ambiente-2025\\\/#primaryimage\",\"url\":\"https:\\\/\\\/www.cgfmanet.org\\\/wp-content\\\/uploads\\\/2025\\\/06\\\/Giornata-Mondiale-Ambiente-2025.jpg\",\"contentUrl\":\"https:\\\/\\\/www.cgfmanet.org\\\/wp-content\\\/uploads\\\/2025\\\/06\\\/Giornata-Mondiale-Ambiente-2025.jpg\",\"width\":1181,\"height\":787},{\"@type\":\"BreadcrumbList\",\"@id\":\"https:\\\/\\\/www.cgfmanet.org\\\/es\\\/infoesfera\\\/dia-mundial-del-medio-ambiente-2025\\\/#breadcrumb\",\"itemListElement\":[{\"@type\":\"ListItem\",\"position\":1,\"name\":\"Home\",\"item\":\"https:\\\/\\\/www.cgfmanet.org\\\/es\\\/\"},{\"@type\":\"ListItem\",\"position\":2,\"name\":\"D\u00eda Mundial del Medio Ambiente 2025\"}]},{\"@type\":\"WebSite\",\"@id\":\"https:\\\/\\\/www.cgfmanet.org\\\/es\\\/#website\",\"url\":\"https:\\\/\\\/www.cgfmanet.org\\\/es\\\/\",\"name\":\"Istituto Figlie di Maria Ausiliatrice\",\"description\":\"Salesiane di Don Bosco\",\"publisher\":{\"@id\":\"https:\\\/\\\/www.cgfmanet.org\\\/es\\\/#organization\"},\"potentialAction\":[{\"@type\":\"SearchAction\",\"target\":{\"@type\":\"EntryPoint\",\"urlTemplate\":\"https:\\\/\\\/www.cgfmanet.org\\\/es\\\/?s={search_term_string}\"},\"query-input\":{\"@type\":\"PropertyValueSpecification\",\"valueRequired\":true,\"valueName\":\"search_term_string\"}}],\"inLanguage\":\"es\"},{\"@type\":\"Organization\",\"@id\":\"https:\\\/\\\/www.cgfmanet.org\\\/es\\\/#organization\",\"name\":\"Istituto Figlie di Maria Ausiliatrice\",\"url\":\"https:\\\/\\\/www.cgfmanet.org\\\/es\\\/\",\"logo\":{\"@type\":\"ImageObject\",\"inLanguage\":\"es\",\"@id\":\"https:\\\/\\\/www.cgfmanet.org\\\/es\\\/#\\\/schema\\\/logo\\\/image\\\/\",\"url\":\"https:\\\/\\\/www.cgfmanet.org\\\/wp-content\\\/uploads\\\/2018\\\/10\\\/logo-fma.png\",\"contentUrl\":\"https:\\\/\\\/www.cgfmanet.org\\\/wp-content\\\/uploads\\\/2018\\\/10\\\/logo-fma.png\",\"width\":214,\"height\":55,\"caption\":\"Istituto Figlie di Maria Ausiliatrice\"},\"image\":{\"@id\":\"https:\\\/\\\/www.cgfmanet.org\\\/es\\\/#\\\/schema\\\/logo\\\/image\\\/\"},\"sameAs\":[\"https:\\\/\\\/www.facebook.com\\\/salesian.sisters.of.don.bosco\\\/\",\"https:\\\/\\\/x.com\\\/Cgfmanet_Org\",\"https:\\\/\\\/www.youtube.com\\\/channel\\\/UCmcr8yFQBV7JXeXVxyV9y5Q\"]},{\"@type\":\"Person\",\"@id\":\"https:\\\/\\\/www.cgfmanet.org\\\/es\\\/#\\\/schema\\\/person\\\/ce6473083f53ef0ef882cca23f0c8fb9\",\"name\":\"Redazione\"}]}<\/script>\n<!-- \/ Yoast SEO plugin. -->","yoast_head_json":{"title":"D\u00eda Mundial del Medio Ambiente 2025 &#8226; Istituto Figlie di Maria Ausiliatrice","description":"El 5 de junio del 2025 se celebra el D\u00eda Mundial del Medio Ambiente con el tema: \u201cSin contaminaci\u00f3n por pl\u00e1sticos\".","robots":{"index":"index","follow":"follow","max-snippet":"max-snippet:-1","max-image-preview":"max-image-preview:large","max-video-preview":"max-video-preview:-1"},"canonical":"https:\/\/www.cgfmanet.org\/es\/infoesfera\/dia-mundial-del-medio-ambiente-2025\/","og_locale":"es_ES","og_type":"article","og_title":"D\u00eda Mundial del Medio Ambiente 2025 &#8226; Istituto Figlie di Maria Ausiliatrice","og_description":"El 5 de junio del 2025 se celebra el D\u00eda Mundial del Medio Ambiente con el tema: \u201cSin contaminaci\u00f3n por pl\u00e1sticos\".","og_url":"https:\/\/www.cgfmanet.org\/es\/infoesfera\/dia-mundial-del-medio-ambiente-2025\/","og_site_name":"Istituto Figlie di Maria Ausiliatrice","article_publisher":"https:\/\/www.facebook.com\/salesian.sisters.of.don.bosco\/","article_published_time":"2025-06-04T15:52:58+00:00","article_modified_time":"2025-06-05T10:50:57+00:00","og_image":[{"width":1181,"height":787,"url":"https:\/\/www.cgfmanet.org\/wp-content\/uploads\/2025\/06\/Giornata-Mondiale-Ambiente-2025.jpg","type":"image\/jpeg"}],"author":"Redazione","twitter_card":"summary_large_image","twitter_creator":"@Cgfmanet_Org","twitter_site":"@Cgfmanet_Org","twitter_misc":{"Escrito por":"Redazione","Tiempo de lectura":"4 minutos"},"schema":{"@context":"https:\/\/schema.org","@graph":[{"@type":"Article","@id":"https:\/\/www.cgfmanet.org\/es\/infoesfera\/dia-mundial-del-medio-ambiente-2025\/#article","isPartOf":{"@id":"https:\/\/www.cgfmanet.org\/es\/infoesfera\/dia-mundial-del-medio-ambiente-2025\/"},"author":{"name":"Redazione","@id":"https:\/\/www.cgfmanet.org\/es\/#\/schema\/person\/ce6473083f53ef0ef882cca23f0c8fb9"},"headline":"D\u00eda Mundial del Medio Ambiente 2025","datePublished":"2025-06-04T15:52:58+00:00","dateModified":"2025-06-05T10:50:57+00:00","mainEntityOfPage":{"@id":"https:\/\/www.cgfmanet.org\/es\/infoesfera\/dia-mundial-del-medio-ambiente-2025\/"},"wordCount":733,"commentCount":0,"publisher":{"@id":"https:\/\/www.cgfmanet.org\/es\/#organization"},"image":{"@id":"https:\/\/www.cgfmanet.org\/es\/infoesfera\/dia-mundial-del-medio-ambiente-2025\/#primaryimage"},"thumbnailUrl":"https:\/\/www.cgfmanet.org\/wp-content\/uploads\/2025\/06\/Giornata-Mondiale-Ambiente-2025.jpg","keywords":["Giornata Mondiale dell'Ambiente","Educaci\u00f3n","cittadinanza","Focus","Sistema Preventivo"],"articleSection":["Infoesfera","Ecolog\u00eda"],"inLanguage":"es","potentialAction":[{"@type":"CommentAction","name":"Comment","target":["https:\/\/www.cgfmanet.org\/es\/infoesfera\/dia-mundial-del-medio-ambiente-2025\/#respond"]}]},{"@type":"WebPage","@id":"https:\/\/www.cgfmanet.org\/es\/infoesfera\/dia-mundial-del-medio-ambiente-2025\/","url":"https:\/\/www.cgfmanet.org\/es\/infoesfera\/dia-mundial-del-medio-ambiente-2025\/","name":"D\u00eda Mundial del Medio Ambiente 2025 &#8226; Istituto Figlie di Maria Ausiliatrice","isPartOf":{"@id":"https:\/\/www.cgfmanet.org\/es\/#website"},"primaryImageOfPage":{"@id":"https:\/\/www.cgfmanet.org\/es\/infoesfera\/dia-mundial-del-medio-ambiente-2025\/#primaryimage"},"image":{"@id":"https:\/\/www.cgfmanet.org\/es\/infoesfera\/dia-mundial-del-medio-ambiente-2025\/#primaryimage"},"thumbnailUrl":"https:\/\/www.cgfmanet.org\/wp-content\/uploads\/2025\/06\/Giornata-Mondiale-Ambiente-2025.jpg","datePublished":"2025-06-04T15:52:58+00:00","dateModified":"2025-06-05T10:50:57+00:00","description":"El 5 de junio del 2025 se celebra el D\u00eda Mundial del Medio Ambiente con el tema: \u201cSin contaminaci\u00f3n por pl\u00e1sticos\".","breadcrumb":{"@id":"https:\/\/www.cgfmanet.org\/es\/infoesfera\/dia-mundial-del-medio-ambiente-2025\/#breadcrumb"},"inLanguage":"es","potentialAction":[{"@type":"ReadAction","target":["https:\/\/www.cgfmanet.org\/es\/infoesfera\/dia-mundial-del-medio-ambiente-2025\/"]}]},{"@type":"ImageObject","inLanguage":"es","@id":"https:\/\/www.cgfmanet.org\/es\/infoesfera\/dia-mundial-del-medio-ambiente-2025\/#primaryimage","url":"https:\/\/www.cgfmanet.org\/wp-content\/uploads\/2025\/06\/Giornata-Mondiale-Ambiente-2025.jpg","contentUrl":"https:\/\/www.cgfmanet.org\/wp-content\/uploads\/2025\/06\/Giornata-Mondiale-Ambiente-2025.jpg","width":1181,"height":787},{"@type":"BreadcrumbList","@id":"https:\/\/www.cgfmanet.org\/es\/infoesfera\/dia-mundial-del-medio-ambiente-2025\/#breadcrumb","itemListElement":[{"@type":"ListItem","position":1,"name":"Home","item":"https:\/\/www.cgfmanet.org\/es\/"},{"@type":"ListItem","position":2,"name":"D\u00eda Mundial del Medio Ambiente 2025"}]},{"@type":"WebSite","@id":"https:\/\/www.cgfmanet.org\/es\/#website","url":"https:\/\/www.cgfmanet.org\/es\/","name":"Istituto Figlie di Maria Ausiliatrice","description":"Salesiane di Don Bosco","publisher":{"@id":"https:\/\/www.cgfmanet.org\/es\/#organization"},"potentialAction":[{"@type":"SearchAction","target":{"@type":"EntryPoint","urlTemplate":"https:\/\/www.cgfmanet.org\/es\/?s={search_term_string}"},"query-input":{"@type":"PropertyValueSpecification","valueRequired":true,"valueName":"search_term_string"}}],"inLanguage":"es"},{"@type":"Organization","@id":"https:\/\/www.cgfmanet.org\/es\/#organization","name":"Istituto Figlie di Maria Ausiliatrice","url":"https:\/\/www.cgfmanet.org\/es\/","logo":{"@type":"ImageObject","inLanguage":"es","@id":"https:\/\/www.cgfmanet.org\/es\/#\/schema\/logo\/image\/","url":"https:\/\/www.cgfmanet.org\/wp-content\/uploads\/2018\/10\/logo-fma.png","contentUrl":"https:\/\/www.cgfmanet.org\/wp-content\/uploads\/2018\/10\/logo-fma.png","width":214,"height":55,"caption":"Istituto Figlie di Maria Ausiliatrice"},"image":{"@id":"https:\/\/www.cgfmanet.org\/es\/#\/schema\/logo\/image\/"},"sameAs":["https:\/\/www.facebook.com\/salesian.sisters.of.don.bosco\/","https:\/\/x.com\/Cgfmanet_Org","https:\/\/www.youtube.com\/channel\/UCmcr8yFQBV7JXeXVxyV9y5Q"]},{"@type":"Person","@id":"https:\/\/www.cgfmanet.org\/es\/#\/schema\/person\/ce6473083f53ef0ef882cca23f0c8fb9","name":"Redazione"}]}},"_links":{"self":[{"href":"https:\/\/www.cgfmanet.org\/es\/wp-json\/wp\/v2\/posts\/136281","targetHints":{"allow":["GET"]}}],"collection":[{"href":"https:\/\/www.cgfmanet.org\/es\/wp-json\/wp\/v2\/posts"}],"about":[{"href":"https:\/\/www.cgfmanet.org\/es\/wp-json\/wp\/v2\/types\/post"}],"author":[{"embeddable":true,"href":"https:\/\/www.cgfmanet.org\/es\/wp-json\/wp\/v2\/users\/21"}],"replies":[{"embeddable":true,"href":"https:\/\/www.cgfmanet.org\/es\/wp-json\/wp\/v2\/comments?post=136281"}],"version-history":[{"count":1,"href":"https:\/\/www.cgfmanet.org\/es\/wp-json\/wp\/v2\/posts\/136281\/revisions"}],"predecessor-version":[{"id":136339,"href":"https:\/\/www.cgfmanet.org\/es\/wp-json\/wp\/v2\/posts\/136281\/revisions\/136339"}],"wp:featuredmedia":[{"embeddable":true,"href":"https:\/\/www.cgfmanet.org\/es\/wp-json\/wp\/v2\/media\/136276"}],"wp:attachment":[{"href":"https:\/\/www.cgfmanet.org\/es\/wp-json\/wp\/v2\/media?parent=136281"}],"wp:term":[{"taxonomy":"category","embeddable":true,"href":"https:\/\/www.cgfmanet.org\/es\/wp-json\/wp\/v2\/categories?post=136281"},{"taxonomy":"post_tag","embeddable":true,"href":"https:\/\/www.cgfmanet.org\/es\/wp-json\/wp\/v2\/tags?post=136281"}],"curies":[{"name":"wp","href":"https:\/\/api.w.org\/{rel}","templated":true}]}}