{"id":134618,"date":"2025-05-15T10:47:55","date_gmt":"2025-05-15T08:47:55","guid":{"rendered":"https:\/\/www.cgfmanet.org\/infoesfera\/12-commtalks-la-speranza-per-i-giovani\/"},"modified":"2025-07-15T16:52:23","modified_gmt":"2025-07-15T14:52:23","slug":"12o-commtalks-esperanza-para-los-jovenes","status":"publish","type":"post","link":"https:\/\/www.cgfmanet.org\/es\/infoesfera\/12o-commtalks-esperanza-para-los-jovenes\/","title":{"rendered":"12\u00ba CommTalkS: Esperanza para los j\u00f3venes"},"content":{"rendered":"<p><strong>Roma (Italia).<\/strong> En el 12\u00ba v\u00eddeo de CommTalkS, la iniciativa del \u00c1mbito para la Comunicaci\u00f3n del Instituto de las Hijas de Mar\u00eda Auxiliadora con el objetivo de crear una visi\u00f3n compartida de la cultura de la comunicaci\u00f3n, los protagonistas son los j\u00f3venes, junto con educadores del Centro Juvenil del Sagrado Coraz\u00f3n de la Sede de los Salesianos de Don Bosco en Roma.<\/p>\n<p>Al final de la iniciativa cuaresmal \u00abLos Mi\u00e9rcoles de Esperanza\u00bb, propuesta en este A\u00f1o Jubilar sobre todo a los y las j\u00f3venes que est\u00e1n realizando el Servicio Civil en la Obra Salesiana, algunos de ellos respondieron a la pregunta: <strong>\u00bfQu\u00e9 es la esperanza?<\/strong><\/p>\n<p>Durante la Cuaresma, cada semana, los testigos de la vida cotidiana, \u00abordinaria pero extraordinaria\u00bb, mostraron c\u00f3mo la luz de la esperanza puede brillar incluso en las situaciones m\u00e1s dif\u00edciles. Un ex drogadicto que se convirti\u00f3 en religioso, personas sin hogar en busca de redenci\u00f3n, una familia que ha transformado el dolor de perder a una hija en amor, un joven refugiado en busca de libertad: historias diferentes pero unidas por la misma fuerza transformadora. <strong>Estos encuentros plantaron semillas en el coraz\u00f3n de los j\u00f3venes, suscitando preguntas profundas sobre el sentido de la vida y las ra\u00edces de la esperanza cristiana.<\/strong><\/p>\n<div class=\"youtube-embed\" data-video_id=\"qU9Kg-GeBqc\"><iframe title=\"CommTalkS 012 - Cos&#039;\u00e8 la speranza? - Centro Giovanile &quot;Sacro Cuore&quot; Roma. Servizio Civile.\" width=\"696\" height=\"392\" data-src=\"https:\/\/www.youtube.com\/embed\/qU9Kg-GeBqc?feature=oembed&#038;enablejsapi=1\" frameborder=\"0\" allow=\"accelerometer; autoplay; clipboard-write; encrypted-media; gyroscope; picture-in-picture; web-share\" referrerpolicy=\"strict-origin-when-cross-origin\" allowfullscreen src=\"data:image\/svg+xml;base64,PHN2ZyB3aWR0aD0iMSIgaGVpZ2h0PSIxIiB4bWxucz0iaHR0cDovL3d3dy53My5vcmcvMjAwMC9zdmciPjwvc3ZnPg==\" class=\"lazyload\" data-load-mode=\"1\"><\/iframe><\/div>\n<p>Junto con lo que han escuchado y meditado, sus palabras revelan la experiencia de servicio a la Funci\u00f3n P\u00fablica que les ha cambiado, ayud\u00e1ndoles a salir de s\u00ed mismos para acercarse a las necesidades de los dem\u00e1s. <em>\u00abPara m\u00ed, la esperanza es una forma de atenci\u00f3n, es tener los ojos abiertos a las personas, al mundo y mirar detr\u00e1s de escena de cada problema, que siempre es la vida que resiste y lucha por expresarse\u00bb, <\/em>comparte Benedetta.<\/p>\n<p><strong>El P. Renato Di Furia, SDB<\/strong>, es el responsable de este ambiente abierto tras la renovaci\u00f3n de la Sede Central del Sagrado Coraz\u00f3n, encargada por el Rector Mayor Em\u00e9rito, Cardenal \u00c1ngel Fern\u00e1ndez Artime, para que se convirtiera en un punto de referencia para los j\u00f3venes de Roma y de fuera de ella.<\/p>\n<p>A continuaci\u00f3n, el P. Francesco Marcoccio, Director de la\u00a0 Comunidad <em>del Sagrado Coraz\u00f3n de Jes\u00fas<\/em>, hizo un significativo llamamiento a Madre Chiara Cazzuola, Superiora General de las Hijas de Mar\u00eda Auxiliadora, pidiendo la colaboraci\u00f3n de algunas hermanas para el Centro Juvenil. Este di\u00e1logo fraterno marc\u00f3 el inicio de un hermoso proyecto: la creaci\u00f3n de una comisi\u00f3n mixta de la Familia Salesiana, llamada a desarrollar una propuesta educativa innovadora para los j\u00f3venes que buscan en esta obra -nacida del sue\u00f1o de Don Bosco- un punto de referencia en la complejidad del tiempo presente.<\/p>\n<p><strong>Sor Herlinda Palomino y sor Chanda Nsofwa<\/strong>, colaboradoras del \u00c1mbito para la Pastoral Juvenil del Instituto FMA, participaron por ello en la Comisi\u00f3n, que se reuni\u00f3 por primera vez el 30 de noviembre de 2024 y fue coordinada por don Renato, lo que da lugar a un fruct\u00edfero intercambio de ideas entre SDB, Exalumnos, Salesianos Cooperadores, Voluntarios de Don Bosco e Hijas de Mar\u00eda Auxiliadora.<\/p>\n<p>Tambi\u00e9n participan en esta comisi\u00f3n\u00a0 <strong>las Hermanas Misioneras de Cristo Resucitado<\/strong>, que desde hace m\u00e1s de quince a\u00f1os est\u00e1n presentes en el trabajo con una peque\u00f1a comunidad, compartiendo su experiencia basada en los pilares indispensables de la hospitalidad, el di\u00e1logo intercultural y la formaci\u00f3n integral.<\/p>\n<p>La ubicaci\u00f3n \u00abestrat\u00e9gica\u00bb de la estaci\u00f3n de Termini, una encrucijada para estudiantes, trabajadores y migrantes, surgi\u00f3 inmediatamente como una oportunidad \u00fanica para crear un espacio polivalente, donde los j\u00f3venes puedan sentirse como en casa y crecer humana y espiritualmente. Este Centro Juvenil, ubicado en la sede de los Salesianos, donde reside el sucesor de Don Bosco, pretende ser una puerta abierta al mundo, un signo prof\u00e9tico del trabajo sinodal como Familia Salesiana.<\/p>\n<p><em>\u00abComo comisi\u00f3n del Centro Juvenil, hemos vivido este camino con emoci\u00f3n, constatando c\u00f3mo peque\u00f1os gestos pueden provocar grandes transformaciones\u00bb, <\/em>dicen las FMA. <em>\u00abVer a los j\u00f3venes cuestionarse a s\u00ed mismos y abrirse a compartir confirm\u00f3 la validez del m\u00e9todo salesiano: escucha paciente, presencia constante y confianza en el potencial de cada uno.<\/em><\/p>\n<p><em>Hoy, mientras el proyecto del Centro Juvenil sigue tomando forma, llevamos en nuestro coraz\u00f3n las palabras de Don Bosco en su carta desde Roma (10 de mayo de 1884): \u00abCerca o lejos, siempre pienso en ti. Solo hay un deseo para m\u00ed: verte feliz en el tiempo y en la eternidad\u00bb. Esta certeza nos impulsa a caminar juntos con renovado entusiasmo, seguros de que cada joven que encontramos no es s\u00f3lo un receptor, sino un protagonista del Evangelio vivo en la historia\u00bb.<\/em><\/p>\n<p>El video est\u00e1 disponible con <strong>subt\u00edtulos en algunos idiomas <\/strong>(desde la configuraci\u00f3n de YouTube). Todas las CommTalks permanecen disponibles en el <span style=\"color: #0000ff;\"><a style=\"color: #0000ff;\" href=\"https:\/\/www.youtube.com\/playlist?list=PLukchW4FMtfaVA3ik85FCIY6xAa-UCw8t\" target=\"_blank\" rel=\"noopener\"><strong>Canal de Youtube CGFMANET<\/strong><\/a><\/span> y se pueden recuperar en el <strong>banner lateral de la p\u00e1gina de inicio del sitio web del Instituto.<\/strong><\/p>\n","protected":false},"excerpt":{"rendered":"<p>Roma (Italia). En el 12\u00ba v\u00eddeo de CommTalkS, la iniciativa del \u00c1mbito para la Comunicaci\u00f3n del Instituto de las Hijas de Mar\u00eda Auxiliadora con el objetivo de crear una visi\u00f3n [&hellip;]<\/p>\n","protected":false},"author":21,"featured_media":134613,"comment_status":"open","ping_status":"closed","sticky":false,"template":"","format":"standard","meta":{"footnotes":""},"categories":[39,206],"tags":[339,765,1099,1538,1779,1931,2450],"class_list":["post-134618","post","type-post","status-publish","format-standard","has-post-thumbnail","category-infoesfera","category-educomunicacion","tag-jovenes","tag-consejera-para-la-comunicacion-social","tag-centro-juvenil","tag-pastoral-juvenil","tag-familia-salesiana-es","tag-focus-es","tag-jubileo-2025"],"yoast_head":"<!-- This site is optimized with the Yoast SEO plugin v27.4 - https:\/\/yoast.com\/product\/yoast-seo-wordpress\/ -->\n<title>12\u00ba CommTalkS: Esperanza para los j\u00f3venes &#8226; Istituto Figlie di Maria Ausiliatrice<\/title>\n<meta name=\"description\" content=\"Se ha publicado el 12\u00ba video de la CommTalkS, con las expresiones de los j\u00f3venes y educadores del Centro Juvenil de los Salesianos del Sagrado Coraz\u00f3n en Roma sobre la esperanza.\" \/>\n<meta name=\"robots\" content=\"index, follow, max-snippet:-1, max-image-preview:large, max-video-preview:-1\" \/>\n<link rel=\"canonical\" href=\"https:\/\/www.cgfmanet.org\/es\/infoesfera\/12o-commtalks-esperanza-para-los-jovenes\/\" \/>\n<meta property=\"og:locale\" content=\"es_ES\" \/>\n<meta property=\"og:type\" content=\"article\" \/>\n<meta property=\"og:title\" content=\"12\u00ba CommTalkS: Esperanza para los j\u00f3venes &#8226; Istituto Figlie di Maria Ausiliatrice\" \/>\n<meta property=\"og:description\" content=\"Se ha publicado el 12\u00ba video de la CommTalkS, con las expresiones de los j\u00f3venes y educadores del Centro Juvenil de los Salesianos del Sagrado Coraz\u00f3n en Roma sobre la esperanza.\" \/>\n<meta property=\"og:url\" content=\"https:\/\/www.cgfmanet.org\/es\/infoesfera\/12o-commtalks-esperanza-para-los-jovenes\/\" \/>\n<meta property=\"og:site_name\" content=\"Istituto Figlie di Maria Ausiliatrice\" \/>\n<meta property=\"article:publisher\" content=\"https:\/\/www.facebook.com\/salesian.sisters.of.don.bosco\/\" \/>\n<meta property=\"article:published_time\" content=\"2025-05-15T08:47:55+00:00\" \/>\n<meta property=\"article:modified_time\" content=\"2025-07-15T14:52:23+00:00\" \/>\n<meta property=\"og:image\" content=\"https:\/\/www.cgfmanet.org\/wp-content\/uploads\/2025\/05\/CommTalkS-11_Giovani-e-speranza.jpg\" \/>\n\t<meta property=\"og:image:width\" content=\"1200\" \/>\n\t<meta property=\"og:image:height\" content=\"800\" \/>\n\t<meta property=\"og:image:type\" content=\"image\/jpeg\" \/>\n<meta name=\"author\" content=\"Redazione\" \/>\n<meta name=\"twitter:card\" content=\"summary_large_image\" \/>\n<meta name=\"twitter:creator\" content=\"@Cgfmanet_Org\" \/>\n<meta name=\"twitter:site\" content=\"@Cgfmanet_Org\" \/>\n<meta name=\"twitter:label1\" content=\"Escrito por\" \/>\n\t<meta name=\"twitter:data1\" content=\"Redazione\" \/>\n\t<meta name=\"twitter:label2\" content=\"Tiempo de lectura\" \/>\n\t<meta name=\"twitter:data2\" content=\"5 minutos\" \/>\n<script type=\"application\/ld+json\" class=\"yoast-schema-graph\">{\"@context\":\"https:\\\/\\\/schema.org\",\"@graph\":[{\"@type\":\"Article\",\"@id\":\"https:\\\/\\\/www.cgfmanet.org\\\/es\\\/infoesfera\\\/12o-commtalks-esperanza-para-los-jovenes\\\/#article\",\"isPartOf\":{\"@id\":\"https:\\\/\\\/www.cgfmanet.org\\\/es\\\/infoesfera\\\/12o-commtalks-esperanza-para-los-jovenes\\\/\"},\"author\":{\"name\":\"Redazione\",\"@id\":\"https:\\\/\\\/www.cgfmanet.org\\\/es\\\/#\\\/schema\\\/person\\\/ce6473083f53ef0ef882cca23f0c8fb9\"},\"headline\":\"12\u00ba CommTalkS: Esperanza para los j\u00f3venes\",\"datePublished\":\"2025-05-15T08:47:55+00:00\",\"dateModified\":\"2025-07-15T14:52:23+00:00\",\"mainEntityOfPage\":{\"@id\":\"https:\\\/\\\/www.cgfmanet.org\\\/es\\\/infoesfera\\\/12o-commtalks-esperanza-para-los-jovenes\\\/\"},\"wordCount\":860,\"commentCount\":0,\"publisher\":{\"@id\":\"https:\\\/\\\/www.cgfmanet.org\\\/es\\\/#organization\"},\"image\":{\"@id\":\"https:\\\/\\\/www.cgfmanet.org\\\/es\\\/infoesfera\\\/12o-commtalks-esperanza-para-los-jovenes\\\/#primaryimage\"},\"thumbnailUrl\":\"https:\\\/\\\/www.cgfmanet.org\\\/wp-content\\\/uploads\\\/2025\\\/05\\\/CommTalkS-11_Giovani-e-speranza.jpg\",\"keywords\":[\"J\u00f3venes\",\"Consejera para la Comunicaci\u00f3n social\",\"Centro juvenil\",\"Pastoral Juvenil\",\"Familia Salesiana\",\"Focus\",\"Jubileo 2025\"],\"articleSection\":[\"Infoesfera\",\"Educomunicaci\u00f3n\"],\"inLanguage\":\"es\",\"potentialAction\":[{\"@type\":\"CommentAction\",\"name\":\"Comment\",\"target\":[\"https:\\\/\\\/www.cgfmanet.org\\\/es\\\/infoesfera\\\/12o-commtalks-esperanza-para-los-jovenes\\\/#respond\"]}]},{\"@type\":\"WebPage\",\"@id\":\"https:\\\/\\\/www.cgfmanet.org\\\/es\\\/infoesfera\\\/12o-commtalks-esperanza-para-los-jovenes\\\/\",\"url\":\"https:\\\/\\\/www.cgfmanet.org\\\/es\\\/infoesfera\\\/12o-commtalks-esperanza-para-los-jovenes\\\/\",\"name\":\"12\u00ba CommTalkS: Esperanza para los j\u00f3venes &#8226; Istituto Figlie di Maria Ausiliatrice\",\"isPartOf\":{\"@id\":\"https:\\\/\\\/www.cgfmanet.org\\\/es\\\/#website\"},\"primaryImageOfPage\":{\"@id\":\"https:\\\/\\\/www.cgfmanet.org\\\/es\\\/infoesfera\\\/12o-commtalks-esperanza-para-los-jovenes\\\/#primaryimage\"},\"image\":{\"@id\":\"https:\\\/\\\/www.cgfmanet.org\\\/es\\\/infoesfera\\\/12o-commtalks-esperanza-para-los-jovenes\\\/#primaryimage\"},\"thumbnailUrl\":\"https:\\\/\\\/www.cgfmanet.org\\\/wp-content\\\/uploads\\\/2025\\\/05\\\/CommTalkS-11_Giovani-e-speranza.jpg\",\"datePublished\":\"2025-05-15T08:47:55+00:00\",\"dateModified\":\"2025-07-15T14:52:23+00:00\",\"description\":\"Se ha publicado el 12\u00ba video de la CommTalkS, con las expresiones de los j\u00f3venes y educadores del Centro Juvenil de los Salesianos del Sagrado Coraz\u00f3n en Roma sobre la esperanza.\",\"breadcrumb\":{\"@id\":\"https:\\\/\\\/www.cgfmanet.org\\\/es\\\/infoesfera\\\/12o-commtalks-esperanza-para-los-jovenes\\\/#breadcrumb\"},\"inLanguage\":\"es\",\"potentialAction\":[{\"@type\":\"ReadAction\",\"target\":[\"https:\\\/\\\/www.cgfmanet.org\\\/es\\\/infoesfera\\\/12o-commtalks-esperanza-para-los-jovenes\\\/\"]}]},{\"@type\":\"ImageObject\",\"inLanguage\":\"es\",\"@id\":\"https:\\\/\\\/www.cgfmanet.org\\\/es\\\/infoesfera\\\/12o-commtalks-esperanza-para-los-jovenes\\\/#primaryimage\",\"url\":\"https:\\\/\\\/www.cgfmanet.org\\\/wp-content\\\/uploads\\\/2025\\\/05\\\/CommTalkS-11_Giovani-e-speranza.jpg\",\"contentUrl\":\"https:\\\/\\\/www.cgfmanet.org\\\/wp-content\\\/uploads\\\/2025\\\/05\\\/CommTalkS-11_Giovani-e-speranza.jpg\",\"width\":1200,\"height\":800},{\"@type\":\"BreadcrumbList\",\"@id\":\"https:\\\/\\\/www.cgfmanet.org\\\/es\\\/infoesfera\\\/12o-commtalks-esperanza-para-los-jovenes\\\/#breadcrumb\",\"itemListElement\":[{\"@type\":\"ListItem\",\"position\":1,\"name\":\"Home\",\"item\":\"https:\\\/\\\/www.cgfmanet.org\\\/es\\\/\"},{\"@type\":\"ListItem\",\"position\":2,\"name\":\"12\u00ba CommTalkS: Esperanza para los j\u00f3venes\"}]},{\"@type\":\"WebSite\",\"@id\":\"https:\\\/\\\/www.cgfmanet.org\\\/es\\\/#website\",\"url\":\"https:\\\/\\\/www.cgfmanet.org\\\/es\\\/\",\"name\":\"Istituto Figlie di Maria Ausiliatrice\",\"description\":\"Salesiane di Don Bosco\",\"publisher\":{\"@id\":\"https:\\\/\\\/www.cgfmanet.org\\\/es\\\/#organization\"},\"potentialAction\":[{\"@type\":\"SearchAction\",\"target\":{\"@type\":\"EntryPoint\",\"urlTemplate\":\"https:\\\/\\\/www.cgfmanet.org\\\/es\\\/?s={search_term_string}\"},\"query-input\":{\"@type\":\"PropertyValueSpecification\",\"valueRequired\":true,\"valueName\":\"search_term_string\"}}],\"inLanguage\":\"es\"},{\"@type\":\"Organization\",\"@id\":\"https:\\\/\\\/www.cgfmanet.org\\\/es\\\/#organization\",\"name\":\"Istituto Figlie di Maria Ausiliatrice\",\"url\":\"https:\\\/\\\/www.cgfmanet.org\\\/es\\\/\",\"logo\":{\"@type\":\"ImageObject\",\"inLanguage\":\"es\",\"@id\":\"https:\\\/\\\/www.cgfmanet.org\\\/es\\\/#\\\/schema\\\/logo\\\/image\\\/\",\"url\":\"https:\\\/\\\/www.cgfmanet.org\\\/wp-content\\\/uploads\\\/2018\\\/10\\\/logo-fma.png\",\"contentUrl\":\"https:\\\/\\\/www.cgfmanet.org\\\/wp-content\\\/uploads\\\/2018\\\/10\\\/logo-fma.png\",\"width\":214,\"height\":55,\"caption\":\"Istituto Figlie di Maria Ausiliatrice\"},\"image\":{\"@id\":\"https:\\\/\\\/www.cgfmanet.org\\\/es\\\/#\\\/schema\\\/logo\\\/image\\\/\"},\"sameAs\":[\"https:\\\/\\\/www.facebook.com\\\/salesian.sisters.of.don.bosco\\\/\",\"https:\\\/\\\/x.com\\\/Cgfmanet_Org\",\"https:\\\/\\\/www.youtube.com\\\/channel\\\/UCmcr8yFQBV7JXeXVxyV9y5Q\"]},{\"@type\":\"Person\",\"@id\":\"https:\\\/\\\/www.cgfmanet.org\\\/es\\\/#\\\/schema\\\/person\\\/ce6473083f53ef0ef882cca23f0c8fb9\",\"name\":\"Redazione\"}]}<\/script>\n<!-- \/ Yoast SEO plugin. -->","yoast_head_json":{"title":"12\u00ba CommTalkS: Esperanza para los j\u00f3venes &#8226; Istituto Figlie di Maria Ausiliatrice","description":"Se ha publicado el 12\u00ba video de la CommTalkS, con las expresiones de los j\u00f3venes y educadores del Centro Juvenil de los Salesianos del Sagrado Coraz\u00f3n en Roma sobre la esperanza.","robots":{"index":"index","follow":"follow","max-snippet":"max-snippet:-1","max-image-preview":"max-image-preview:large","max-video-preview":"max-video-preview:-1"},"canonical":"https:\/\/www.cgfmanet.org\/es\/infoesfera\/12o-commtalks-esperanza-para-los-jovenes\/","og_locale":"es_ES","og_type":"article","og_title":"12\u00ba CommTalkS: Esperanza para los j\u00f3venes &#8226; Istituto Figlie di Maria Ausiliatrice","og_description":"Se ha publicado el 12\u00ba video de la CommTalkS, con las expresiones de los j\u00f3venes y educadores del Centro Juvenil de los Salesianos del Sagrado Coraz\u00f3n en Roma sobre la esperanza.","og_url":"https:\/\/www.cgfmanet.org\/es\/infoesfera\/12o-commtalks-esperanza-para-los-jovenes\/","og_site_name":"Istituto Figlie di Maria Ausiliatrice","article_publisher":"https:\/\/www.facebook.com\/salesian.sisters.of.don.bosco\/","article_published_time":"2025-05-15T08:47:55+00:00","article_modified_time":"2025-07-15T14:52:23+00:00","og_image":[{"width":1200,"height":800,"url":"https:\/\/www.cgfmanet.org\/wp-content\/uploads\/2025\/05\/CommTalkS-11_Giovani-e-speranza.jpg","type":"image\/jpeg"}],"author":"Redazione","twitter_card":"summary_large_image","twitter_creator":"@Cgfmanet_Org","twitter_site":"@Cgfmanet_Org","twitter_misc":{"Escrito por":"Redazione","Tiempo de lectura":"5 minutos"},"schema":{"@context":"https:\/\/schema.org","@graph":[{"@type":"Article","@id":"https:\/\/www.cgfmanet.org\/es\/infoesfera\/12o-commtalks-esperanza-para-los-jovenes\/#article","isPartOf":{"@id":"https:\/\/www.cgfmanet.org\/es\/infoesfera\/12o-commtalks-esperanza-para-los-jovenes\/"},"author":{"name":"Redazione","@id":"https:\/\/www.cgfmanet.org\/es\/#\/schema\/person\/ce6473083f53ef0ef882cca23f0c8fb9"},"headline":"12\u00ba CommTalkS: Esperanza para los j\u00f3venes","datePublished":"2025-05-15T08:47:55+00:00","dateModified":"2025-07-15T14:52:23+00:00","mainEntityOfPage":{"@id":"https:\/\/www.cgfmanet.org\/es\/infoesfera\/12o-commtalks-esperanza-para-los-jovenes\/"},"wordCount":860,"commentCount":0,"publisher":{"@id":"https:\/\/www.cgfmanet.org\/es\/#organization"},"image":{"@id":"https:\/\/www.cgfmanet.org\/es\/infoesfera\/12o-commtalks-esperanza-para-los-jovenes\/#primaryimage"},"thumbnailUrl":"https:\/\/www.cgfmanet.org\/wp-content\/uploads\/2025\/05\/CommTalkS-11_Giovani-e-speranza.jpg","keywords":["J\u00f3venes","Consejera para la Comunicaci\u00f3n social","Centro juvenil","Pastoral Juvenil","Familia Salesiana","Focus","Jubileo 2025"],"articleSection":["Infoesfera","Educomunicaci\u00f3n"],"inLanguage":"es","potentialAction":[{"@type":"CommentAction","name":"Comment","target":["https:\/\/www.cgfmanet.org\/es\/infoesfera\/12o-commtalks-esperanza-para-los-jovenes\/#respond"]}]},{"@type":"WebPage","@id":"https:\/\/www.cgfmanet.org\/es\/infoesfera\/12o-commtalks-esperanza-para-los-jovenes\/","url":"https:\/\/www.cgfmanet.org\/es\/infoesfera\/12o-commtalks-esperanza-para-los-jovenes\/","name":"12\u00ba CommTalkS: Esperanza para los j\u00f3venes &#8226; Istituto Figlie di Maria Ausiliatrice","isPartOf":{"@id":"https:\/\/www.cgfmanet.org\/es\/#website"},"primaryImageOfPage":{"@id":"https:\/\/www.cgfmanet.org\/es\/infoesfera\/12o-commtalks-esperanza-para-los-jovenes\/#primaryimage"},"image":{"@id":"https:\/\/www.cgfmanet.org\/es\/infoesfera\/12o-commtalks-esperanza-para-los-jovenes\/#primaryimage"},"thumbnailUrl":"https:\/\/www.cgfmanet.org\/wp-content\/uploads\/2025\/05\/CommTalkS-11_Giovani-e-speranza.jpg","datePublished":"2025-05-15T08:47:55+00:00","dateModified":"2025-07-15T14:52:23+00:00","description":"Se ha publicado el 12\u00ba video de la CommTalkS, con las expresiones de los j\u00f3venes y educadores del Centro Juvenil de los Salesianos del Sagrado Coraz\u00f3n en Roma sobre la esperanza.","breadcrumb":{"@id":"https:\/\/www.cgfmanet.org\/es\/infoesfera\/12o-commtalks-esperanza-para-los-jovenes\/#breadcrumb"},"inLanguage":"es","potentialAction":[{"@type":"ReadAction","target":["https:\/\/www.cgfmanet.org\/es\/infoesfera\/12o-commtalks-esperanza-para-los-jovenes\/"]}]},{"@type":"ImageObject","inLanguage":"es","@id":"https:\/\/www.cgfmanet.org\/es\/infoesfera\/12o-commtalks-esperanza-para-los-jovenes\/#primaryimage","url":"https:\/\/www.cgfmanet.org\/wp-content\/uploads\/2025\/05\/CommTalkS-11_Giovani-e-speranza.jpg","contentUrl":"https:\/\/www.cgfmanet.org\/wp-content\/uploads\/2025\/05\/CommTalkS-11_Giovani-e-speranza.jpg","width":1200,"height":800},{"@type":"BreadcrumbList","@id":"https:\/\/www.cgfmanet.org\/es\/infoesfera\/12o-commtalks-esperanza-para-los-jovenes\/#breadcrumb","itemListElement":[{"@type":"ListItem","position":1,"name":"Home","item":"https:\/\/www.cgfmanet.org\/es\/"},{"@type":"ListItem","position":2,"name":"12\u00ba CommTalkS: Esperanza para los j\u00f3venes"}]},{"@type":"WebSite","@id":"https:\/\/www.cgfmanet.org\/es\/#website","url":"https:\/\/www.cgfmanet.org\/es\/","name":"Istituto Figlie di Maria Ausiliatrice","description":"Salesiane di Don Bosco","publisher":{"@id":"https:\/\/www.cgfmanet.org\/es\/#organization"},"potentialAction":[{"@type":"SearchAction","target":{"@type":"EntryPoint","urlTemplate":"https:\/\/www.cgfmanet.org\/es\/?s={search_term_string}"},"query-input":{"@type":"PropertyValueSpecification","valueRequired":true,"valueName":"search_term_string"}}],"inLanguage":"es"},{"@type":"Organization","@id":"https:\/\/www.cgfmanet.org\/es\/#organization","name":"Istituto Figlie di Maria Ausiliatrice","url":"https:\/\/www.cgfmanet.org\/es\/","logo":{"@type":"ImageObject","inLanguage":"es","@id":"https:\/\/www.cgfmanet.org\/es\/#\/schema\/logo\/image\/","url":"https:\/\/www.cgfmanet.org\/wp-content\/uploads\/2018\/10\/logo-fma.png","contentUrl":"https:\/\/www.cgfmanet.org\/wp-content\/uploads\/2018\/10\/logo-fma.png","width":214,"height":55,"caption":"Istituto Figlie di Maria Ausiliatrice"},"image":{"@id":"https:\/\/www.cgfmanet.org\/es\/#\/schema\/logo\/image\/"},"sameAs":["https:\/\/www.facebook.com\/salesian.sisters.of.don.bosco\/","https:\/\/x.com\/Cgfmanet_Org","https:\/\/www.youtube.com\/channel\/UCmcr8yFQBV7JXeXVxyV9y5Q"]},{"@type":"Person","@id":"https:\/\/www.cgfmanet.org\/es\/#\/schema\/person\/ce6473083f53ef0ef882cca23f0c8fb9","name":"Redazione"}]}},"_links":{"self":[{"href":"https:\/\/www.cgfmanet.org\/es\/wp-json\/wp\/v2\/posts\/134618","targetHints":{"allow":["GET"]}}],"collection":[{"href":"https:\/\/www.cgfmanet.org\/es\/wp-json\/wp\/v2\/posts"}],"about":[{"href":"https:\/\/www.cgfmanet.org\/es\/wp-json\/wp\/v2\/types\/post"}],"author":[{"embeddable":true,"href":"https:\/\/www.cgfmanet.org\/es\/wp-json\/wp\/v2\/users\/21"}],"replies":[{"embeddable":true,"href":"https:\/\/www.cgfmanet.org\/es\/wp-json\/wp\/v2\/comments?post=134618"}],"version-history":[{"count":2,"href":"https:\/\/www.cgfmanet.org\/es\/wp-json\/wp\/v2\/posts\/134618\/revisions"}],"predecessor-version":[{"id":138316,"href":"https:\/\/www.cgfmanet.org\/es\/wp-json\/wp\/v2\/posts\/134618\/revisions\/138316"}],"wp:featuredmedia":[{"embeddable":true,"href":"https:\/\/www.cgfmanet.org\/es\/wp-json\/wp\/v2\/media\/134613"}],"wp:attachment":[{"href":"https:\/\/www.cgfmanet.org\/es\/wp-json\/wp\/v2\/media?parent=134618"}],"wp:term":[{"taxonomy":"category","embeddable":true,"href":"https:\/\/www.cgfmanet.org\/es\/wp-json\/wp\/v2\/categories?post=134618"},{"taxonomy":"post_tag","embeddable":true,"href":"https:\/\/www.cgfmanet.org\/es\/wp-json\/wp\/v2\/tags?post=134618"}],"curies":[{"name":"wp","href":"https:\/\/api.w.org\/{rel}","templated":true}]}}