{"id":134139,"date":"2025-05-08T22:28:35","date_gmt":"2025-05-08T20:28:35","guid":{"rendered":"https:\/\/www.cgfmanet.org\/infoesfera\/leone-xiv-e-il-nuovo-papa\/"},"modified":"2025-05-10T22:39:00","modified_gmt":"2025-05-10T20:39:00","slug":"leon-xiv-es-el-nuevo-papa","status":"publish","type":"post","link":"https:\/\/www.cgfmanet.org\/es\/infoesfera\/leon-xiv-es-el-nuevo-papa\/","title":{"rendered":"\u00a1Le\u00f3n XIV es el nuevo Papa!"},"content":{"rendered":"<p><strong>Roma (Italia). <\/strong>El \u00a08 de mayo de 2025, a las 19:23 horas, lleg\u00f3 la noticia que el mundo entero estaba esperando: <strong>el 267\u00ba Obispo de Roma es el Cardenal <span style=\"color: #0000ff;\"><a style=\"color: #0000ff;\" href=\"https:\/\/press.vatican.va\/content\/salastampa\/it\/documentation\/cardinali_biografie\/cardinali_bio_prevost_rf.html\" target=\"_blank\" rel=\"noopener\">Robert Francis Prevost<\/a><\/span>, <\/strong><strong>Papa Le\u00f3n XIV, <\/strong>elegido por el C\u00f3nclave en la 4\u00aa votaci\u00f3n.<\/p>\n<p><a href=\"https:\/\/www.cgfmanet.org\/wp-content\/uploads\/2025\/05\/Papa-Leone-XXIV_2.jpg\"><img decoding=\"async\" class=\"alignleft wp-image-134120 lazyload\" data-src=\"https:\/\/www.cgfmanet.org\/wp-content\/uploads\/2025\/05\/Papa-Leone-XXIV_2.jpg\" alt=\"\" width=\"350\" height=\"461\" data-srcset=\"https:\/\/www.cgfmanet.org\/wp-content\/uploads\/2025\/05\/Papa-Leone-XXIV_2.jpg 720w, https:\/\/www.cgfmanet.org\/wp-content\/uploads\/2025\/05\/Papa-Leone-XXIV_2-319x420.jpg 319w, https:\/\/www.cgfmanet.org\/wp-content\/uploads\/2025\/05\/Papa-Leone-XXIV_2-696x916.jpg 696w\" data-sizes=\"auto\" src=\"data:image\/svg+xml;base64,PHN2ZyB3aWR0aD0iMSIgaGVpZ2h0PSIxIiB4bWxucz0iaHR0cDovL3d3dy53My5vcmcvMjAwMC9zdmciPjwvc3ZnPg==\" style=\"--smush-placeholder-width: 350px; --smush-placeholder-aspect-ratio: 350\/461;\" data-original-sizes=\"(max-width: 350px) 100vw, 350px\" \/><\/a>Tras el anuncio del cardenal protodi\u00e1cono Dominique Mamberti \u2013 <em>\u00abNuntio vobis gaudium magnum, Habemus Papam\u00bb<\/em> \u2013 el nuevo Pont\u00edfice se present\u00f3 en la Logia externa de la Bendici\u00f3n de la Bas\u00edlica Vaticana para saludar a la multitud festiva e impartir la Bendici\u00f3n Apost\u00f3lica \u00abUrbi et Orbi\u00bb.<\/p>\n<p><em><strong>\u00ab\u00a1La paz sea con todos ustedes!\u00bb<\/strong><\/em>, son sus primeras palabras. \u00ab<em>Queridos hermanos y hermanas, este es el primer saludo de Cristo resucitado, el Buen Pastor que dio su vida por el reba\u00f1o de Dios. Tambi\u00e9n yo quisiera que este saludo de paz entrara en vuestros corazones, que llegara a vuestras familias, a todas las personas, dondequiera que est\u00e9n, a todos los pueblos, a toda la tierra. \u00a1La paz sea con vosotros!<\/em><\/p>\n<p><em>Esta es la paz de Cristo resucitado, una paz sin armas y una paz desarmante, humilde y perseverante. Viene de Dios, Dios que nos ama a todos incondicionalmente. Todav\u00eda guardamos en nuestros o\u00eddos esa voz d\u00e9bil pero siempre valiente del Papa Francisco que bendijo a Roma.<\/em><\/p>\n<p><strong>Gracias al Papa Francisco<\/strong><\/p>\n<p><em>El Papa que bendijo a Roma dio su bendici\u00f3n al mundo, al mundo entero, esa ma\u00f1ana del d\u00eda de Pascua. Perm\u00edtanme continuar con esa misma bendici\u00f3n: Dios nos ama, Dios los ama a todos, \u00a1y el mal no prevalecer\u00e1! Todos estamos en las manos de Dios. Por eso, sin miedo, unidos de la mano con Dios y entre nosotros seguimos adelante. Somos disc\u00edpulos de Cristo. Cristo nos precede. El mundo necesita su luz. La humanidad lo necesita a \u00c9l como el puente para ser alcanzada por Dios y por su amor. Ay\u00fadennos tambi\u00e9n ustedes, luego los unos a los otros, a construir puentes, con el di\u00e1logo, con el encuentro, uni\u00e9ndonos todos para ser un solo pueblo siempre en paz. Gracias, Papa Francisco.!<\/em><\/p>\n<p><strong>Caminar como una Iglesia unida<\/strong><\/p>\n<p><em>Tambi\u00e9n quiero dar las gracias a todos los hermanos cardenales que me han elegido para ser el Sucesor de Pedro y caminar junto a vosotros, como Iglesia unida, buscando siempre la paz y la justicia, buscando siempre trabajar como hombres y mujeres fieles a Jesucristo, sin miedo, para anunciar el Evangelio, para ser misioneros.<\/em><\/p>\n<p><strong>Un Papa agustino<\/strong><\/p>\n<p><em>Soy hijo de San Agust\u00edn, agustino, que dijo: \u00abcon vosotros soy cristiano y para vosotros obispo\u00bb. En este sentido, podemos todos caminar juntos hacia esa patria que Dios nos ha preparado.<\/em><\/p>\n<p><strong>Ser una Iglesia misionera<\/strong><\/p>\n<p><em>\u00a1Un saludo especial a la Iglesia de Roma! Debemos buscar juntos c\u00f3mo ser una Iglesia misionera, una Iglesia que construye puentes, que dialoga, siempre abierta a recibir como esta plaza con los brazos abiertos, a todos, a todos los que necesitan de nuestra caridad, de nuestra presencia, de nuestro di\u00e1logo y de nuestro amor.<\/em><\/p>\n<p><em>Y si me permiten tambi\u00e9n, una palabra, un saludo a todos aquellos y en modo particular a mi querida di\u00f3cesis de Chiclayo, en el Per\u00fa, donde un pueblo fiel ha acompa\u00f1ado a su obispo, ha compartido su fe y ha dado tanto, tanto para seguir siendo Iglesia fiel de Jesucristo.<\/em><\/p>\n<p><strong>Una Iglesia sinodal<\/strong><\/p>\n<p><em>A todos vosotros, hermanos y hermanas de Roma, de Italia, del mundo entero, queremos ser <\/em><strong><em>una Iglesia sinodal, una Iglesia que camina, una Iglesia que busca siempre la paz, que busca siempre la caridad, que busca siempre estar cerca especialmente de los que sufren.<\/em><\/strong><\/p>\n<p><strong>Oraci\u00f3n a Mar\u00eda<\/strong><\/p>\n<p><em>Hoy es el d\u00eda de la S\u00faplica a Nuestra Se\u00f1ora de Pompeya. Nuestra Madre Mar\u00eda siempre quiere caminar con nosotros, estar cerca, ayudarnos con su intercesi\u00f3n y su amor.<\/em><\/p>\n<p><em>Ahora quisiera rezar con ustedes. Recemos juntos por esta nueva misi\u00f3n, por toda la Iglesia, por la paz en el mundo y pidamos esta gracia especial a Mar\u00eda, nuestra Madre. <\/em><strong><em>Avemar\u00eda&#8230;<\/em><\/strong><\/p>\n<p><a href=\"https:\/\/www.cgfmanet.org\/wp-content\/uploads\/2025\/05\/Papa-Leone-XXIV.jpg\"><img decoding=\"async\" class=\"aligncenter wp-image-134125 size-full lazyload\" data-src=\"https:\/\/www.cgfmanet.org\/wp-content\/uploads\/2025\/05\/Papa-Leone-XXIV.jpg\" alt=\"\" width=\"1600\" height=\"1200\" data-srcset=\"https:\/\/www.cgfmanet.org\/wp-content\/uploads\/2025\/05\/Papa-Leone-XXIV.jpg 1600w, https:\/\/www.cgfmanet.org\/wp-content\/uploads\/2025\/05\/Papa-Leone-XXIV-768x576.jpg 768w, https:\/\/www.cgfmanet.org\/wp-content\/uploads\/2025\/05\/Papa-Leone-XXIV-1536x1152.jpg 1536w, https:\/\/www.cgfmanet.org\/wp-content\/uploads\/2025\/05\/Papa-Leone-XXIV-560x420.jpg 560w, https:\/\/www.cgfmanet.org\/wp-content\/uploads\/2025\/05\/Papa-Leone-XXIV-80x60.jpg 80w, https:\/\/www.cgfmanet.org\/wp-content\/uploads\/2025\/05\/Papa-Leone-XXIV-696x522.jpg 696w, https:\/\/www.cgfmanet.org\/wp-content\/uploads\/2025\/05\/Papa-Leone-XXIV-265x198.jpg 265w\" data-sizes=\"auto\" src=\"data:image\/svg+xml;base64,PHN2ZyB3aWR0aD0iMSIgaGVpZ2h0PSIxIiB4bWxucz0iaHR0cDovL3d3dy53My5vcmcvMjAwMC9zdmciPjwvc3ZnPg==\" style=\"--smush-placeholder-width: 1600px; --smush-placeholder-aspect-ratio: 1600\/1200;\" data-original-sizes=\"(max-width: 1600px) 100vw, 1600px\" \/><\/a><\/p>\n","protected":false},"excerpt":{"rendered":"<p>Roma (Italia). El \u00a08 de mayo de 2025, a las 19:23 horas, lleg\u00f3 la noticia que el mundo entero estaba esperando: el 267\u00ba Obispo de Roma es el Cardenal Robert [&hellip;]<\/p>\n","protected":false},"author":21,"featured_media":134134,"comment_status":"open","ping_status":"closed","sticky":false,"template":"","format":"standard","meta":{"footnotes":""},"categories":[39,191],"tags":[1931,2491],"class_list":["post-134139","post","type-post","status-publish","format-standard","has-post-thumbnail","category-infoesfera","category-iglesia","tag-focus-es","tag-papa-leon-xiv"],"yoast_head":"<!-- This site is optimized with the Yoast SEO plugin v27.4 - https:\/\/yoast.com\/product\/yoast-seo-wordpress\/ -->\n<title>\u00a1Le\u00f3n XIV es el nuevo Papa! &#8226; Istituto Figlie di Maria Ausiliatrice<\/title>\n<meta name=\"description\" content=\"El 8 de mayo de 2025, en la 4\u00aa votaci\u00f3n, el C\u00f3nclave eligi\u00f3 al cardenal Robert Francis Prevost, papa Le\u00f3n XIV, como el 267\u00ba obispo de Roma.\" \/>\n<meta name=\"robots\" content=\"index, follow, max-snippet:-1, max-image-preview:large, max-video-preview:-1\" \/>\n<link rel=\"canonical\" href=\"https:\/\/www.cgfmanet.org\/es\/infoesfera\/leon-xiv-es-el-nuevo-papa\/\" \/>\n<meta property=\"og:locale\" content=\"es_ES\" \/>\n<meta property=\"og:type\" content=\"article\" \/>\n<meta property=\"og:title\" content=\"\u00a1Le\u00f3n XIV es el nuevo Papa! &#8226; Istituto Figlie di Maria Ausiliatrice\" \/>\n<meta property=\"og:description\" content=\"El 8 de mayo de 2025, en la 4\u00aa votaci\u00f3n, el C\u00f3nclave eligi\u00f3 al cardenal Robert Francis Prevost, papa Le\u00f3n XIV, como el 267\u00ba obispo de Roma.\" \/>\n<meta property=\"og:url\" content=\"https:\/\/www.cgfmanet.org\/es\/infoesfera\/leon-xiv-es-el-nuevo-papa\/\" \/>\n<meta property=\"og:site_name\" content=\"Istituto Figlie di Maria Ausiliatrice\" \/>\n<meta property=\"article:publisher\" content=\"https:\/\/www.facebook.com\/salesian.sisters.of.don.bosco\/\" \/>\n<meta property=\"article:published_time\" content=\"2025-05-08T20:28:35+00:00\" \/>\n<meta property=\"article:modified_time\" content=\"2025-05-10T20:39:00+00:00\" \/>\n<meta property=\"og:image\" content=\"https:\/\/www.cgfmanet.org\/wp-content\/uploads\/2025\/05\/Papa-Leone-XXIV_1.jpg\" \/>\n\t<meta property=\"og:image:width\" content=\"1600\" \/>\n\t<meta property=\"og:image:height\" content=\"1067\" \/>\n\t<meta property=\"og:image:type\" content=\"image\/jpeg\" \/>\n<meta name=\"author\" content=\"Redazione\" \/>\n<meta name=\"twitter:card\" content=\"summary_large_image\" \/>\n<meta name=\"twitter:creator\" content=\"@Cgfmanet_Org\" \/>\n<meta name=\"twitter:site\" content=\"@Cgfmanet_Org\" \/>\n<meta name=\"twitter:label1\" content=\"Escrito por\" \/>\n\t<meta name=\"twitter:data1\" content=\"Redazione\" \/>\n\t<meta name=\"twitter:label2\" content=\"Tiempo de lectura\" \/>\n\t<meta name=\"twitter:data2\" content=\"5 minutos\" \/>\n<script type=\"application\/ld+json\" class=\"yoast-schema-graph\">{\"@context\":\"https:\\\/\\\/schema.org\",\"@graph\":[{\"@type\":\"Article\",\"@id\":\"https:\\\/\\\/www.cgfmanet.org\\\/es\\\/infoesfera\\\/leon-xiv-es-el-nuevo-papa\\\/#article\",\"isPartOf\":{\"@id\":\"https:\\\/\\\/www.cgfmanet.org\\\/es\\\/infoesfera\\\/leon-xiv-es-el-nuevo-papa\\\/\"},\"author\":{\"name\":\"Redazione\",\"@id\":\"https:\\\/\\\/www.cgfmanet.org\\\/es\\\/#\\\/schema\\\/person\\\/ce6473083f53ef0ef882cca23f0c8fb9\"},\"headline\":\"\u00a1Le\u00f3n XIV es el nuevo Papa!\",\"datePublished\":\"2025-05-08T20:28:35+00:00\",\"dateModified\":\"2025-05-10T20:39:00+00:00\",\"mainEntityOfPage\":{\"@id\":\"https:\\\/\\\/www.cgfmanet.org\\\/es\\\/infoesfera\\\/leon-xiv-es-el-nuevo-papa\\\/\"},\"wordCount\":685,\"commentCount\":0,\"publisher\":{\"@id\":\"https:\\\/\\\/www.cgfmanet.org\\\/es\\\/#organization\"},\"image\":{\"@id\":\"https:\\\/\\\/www.cgfmanet.org\\\/es\\\/infoesfera\\\/leon-xiv-es-el-nuevo-papa\\\/#primaryimage\"},\"thumbnailUrl\":\"https:\\\/\\\/www.cgfmanet.org\\\/wp-content\\\/uploads\\\/2025\\\/05\\\/Papa-Leone-XXIV_1.jpg\",\"keywords\":[\"Focus\",\"Papa Le\u00f3n XIV\"],\"articleSection\":[\"Infoesfera\",\"Iglesia\"],\"inLanguage\":\"es\",\"potentialAction\":[{\"@type\":\"CommentAction\",\"name\":\"Comment\",\"target\":[\"https:\\\/\\\/www.cgfmanet.org\\\/es\\\/infoesfera\\\/leon-xiv-es-el-nuevo-papa\\\/#respond\"]}]},{\"@type\":\"WebPage\",\"@id\":\"https:\\\/\\\/www.cgfmanet.org\\\/es\\\/infoesfera\\\/leon-xiv-es-el-nuevo-papa\\\/\",\"url\":\"https:\\\/\\\/www.cgfmanet.org\\\/es\\\/infoesfera\\\/leon-xiv-es-el-nuevo-papa\\\/\",\"name\":\"\u00a1Le\u00f3n XIV es el nuevo Papa! &#8226; Istituto Figlie di Maria Ausiliatrice\",\"isPartOf\":{\"@id\":\"https:\\\/\\\/www.cgfmanet.org\\\/es\\\/#website\"},\"primaryImageOfPage\":{\"@id\":\"https:\\\/\\\/www.cgfmanet.org\\\/es\\\/infoesfera\\\/leon-xiv-es-el-nuevo-papa\\\/#primaryimage\"},\"image\":{\"@id\":\"https:\\\/\\\/www.cgfmanet.org\\\/es\\\/infoesfera\\\/leon-xiv-es-el-nuevo-papa\\\/#primaryimage\"},\"thumbnailUrl\":\"https:\\\/\\\/www.cgfmanet.org\\\/wp-content\\\/uploads\\\/2025\\\/05\\\/Papa-Leone-XXIV_1.jpg\",\"datePublished\":\"2025-05-08T20:28:35+00:00\",\"dateModified\":\"2025-05-10T20:39:00+00:00\",\"description\":\"El 8 de mayo de 2025, en la 4\u00aa votaci\u00f3n, el C\u00f3nclave eligi\u00f3 al cardenal Robert Francis Prevost, papa Le\u00f3n XIV, como el 267\u00ba obispo de Roma.\",\"breadcrumb\":{\"@id\":\"https:\\\/\\\/www.cgfmanet.org\\\/es\\\/infoesfera\\\/leon-xiv-es-el-nuevo-papa\\\/#breadcrumb\"},\"inLanguage\":\"es\",\"potentialAction\":[{\"@type\":\"ReadAction\",\"target\":[\"https:\\\/\\\/www.cgfmanet.org\\\/es\\\/infoesfera\\\/leon-xiv-es-el-nuevo-papa\\\/\"]}]},{\"@type\":\"ImageObject\",\"inLanguage\":\"es\",\"@id\":\"https:\\\/\\\/www.cgfmanet.org\\\/es\\\/infoesfera\\\/leon-xiv-es-el-nuevo-papa\\\/#primaryimage\",\"url\":\"https:\\\/\\\/www.cgfmanet.org\\\/wp-content\\\/uploads\\\/2025\\\/05\\\/Papa-Leone-XXIV_1.jpg\",\"contentUrl\":\"https:\\\/\\\/www.cgfmanet.org\\\/wp-content\\\/uploads\\\/2025\\\/05\\\/Papa-Leone-XXIV_1.jpg\",\"width\":1600,\"height\":1067},{\"@type\":\"BreadcrumbList\",\"@id\":\"https:\\\/\\\/www.cgfmanet.org\\\/es\\\/infoesfera\\\/leon-xiv-es-el-nuevo-papa\\\/#breadcrumb\",\"itemListElement\":[{\"@type\":\"ListItem\",\"position\":1,\"name\":\"Home\",\"item\":\"https:\\\/\\\/www.cgfmanet.org\\\/es\\\/\"},{\"@type\":\"ListItem\",\"position\":2,\"name\":\"\u00a1Le\u00f3n XIV es el nuevo Papa!\"}]},{\"@type\":\"WebSite\",\"@id\":\"https:\\\/\\\/www.cgfmanet.org\\\/es\\\/#website\",\"url\":\"https:\\\/\\\/www.cgfmanet.org\\\/es\\\/\",\"name\":\"Istituto Figlie di Maria Ausiliatrice\",\"description\":\"Salesiane di Don Bosco\",\"publisher\":{\"@id\":\"https:\\\/\\\/www.cgfmanet.org\\\/es\\\/#organization\"},\"potentialAction\":[{\"@type\":\"SearchAction\",\"target\":{\"@type\":\"EntryPoint\",\"urlTemplate\":\"https:\\\/\\\/www.cgfmanet.org\\\/es\\\/?s={search_term_string}\"},\"query-input\":{\"@type\":\"PropertyValueSpecification\",\"valueRequired\":true,\"valueName\":\"search_term_string\"}}],\"inLanguage\":\"es\"},{\"@type\":\"Organization\",\"@id\":\"https:\\\/\\\/www.cgfmanet.org\\\/es\\\/#organization\",\"name\":\"Istituto Figlie di Maria Ausiliatrice\",\"url\":\"https:\\\/\\\/www.cgfmanet.org\\\/es\\\/\",\"logo\":{\"@type\":\"ImageObject\",\"inLanguage\":\"es\",\"@id\":\"https:\\\/\\\/www.cgfmanet.org\\\/es\\\/#\\\/schema\\\/logo\\\/image\\\/\",\"url\":\"https:\\\/\\\/www.cgfmanet.org\\\/wp-content\\\/uploads\\\/2018\\\/10\\\/logo-fma.png\",\"contentUrl\":\"https:\\\/\\\/www.cgfmanet.org\\\/wp-content\\\/uploads\\\/2018\\\/10\\\/logo-fma.png\",\"width\":214,\"height\":55,\"caption\":\"Istituto Figlie di Maria Ausiliatrice\"},\"image\":{\"@id\":\"https:\\\/\\\/www.cgfmanet.org\\\/es\\\/#\\\/schema\\\/logo\\\/image\\\/\"},\"sameAs\":[\"https:\\\/\\\/www.facebook.com\\\/salesian.sisters.of.don.bosco\\\/\",\"https:\\\/\\\/x.com\\\/Cgfmanet_Org\",\"https:\\\/\\\/www.youtube.com\\\/channel\\\/UCmcr8yFQBV7JXeXVxyV9y5Q\"]},{\"@type\":\"Person\",\"@id\":\"https:\\\/\\\/www.cgfmanet.org\\\/es\\\/#\\\/schema\\\/person\\\/ce6473083f53ef0ef882cca23f0c8fb9\",\"name\":\"Redazione\"}]}<\/script>\n<!-- \/ Yoast SEO plugin. -->","yoast_head_json":{"title":"\u00a1Le\u00f3n XIV es el nuevo Papa! &#8226; Istituto Figlie di Maria Ausiliatrice","description":"El 8 de mayo de 2025, en la 4\u00aa votaci\u00f3n, el C\u00f3nclave eligi\u00f3 al cardenal Robert Francis Prevost, papa Le\u00f3n XIV, como el 267\u00ba obispo de Roma.","robots":{"index":"index","follow":"follow","max-snippet":"max-snippet:-1","max-image-preview":"max-image-preview:large","max-video-preview":"max-video-preview:-1"},"canonical":"https:\/\/www.cgfmanet.org\/es\/infoesfera\/leon-xiv-es-el-nuevo-papa\/","og_locale":"es_ES","og_type":"article","og_title":"\u00a1Le\u00f3n XIV es el nuevo Papa! &#8226; Istituto Figlie di Maria Ausiliatrice","og_description":"El 8 de mayo de 2025, en la 4\u00aa votaci\u00f3n, el C\u00f3nclave eligi\u00f3 al cardenal Robert Francis Prevost, papa Le\u00f3n XIV, como el 267\u00ba obispo de Roma.","og_url":"https:\/\/www.cgfmanet.org\/es\/infoesfera\/leon-xiv-es-el-nuevo-papa\/","og_site_name":"Istituto Figlie di Maria Ausiliatrice","article_publisher":"https:\/\/www.facebook.com\/salesian.sisters.of.don.bosco\/","article_published_time":"2025-05-08T20:28:35+00:00","article_modified_time":"2025-05-10T20:39:00+00:00","og_image":[{"width":1600,"height":1067,"url":"https:\/\/www.cgfmanet.org\/wp-content\/uploads\/2025\/05\/Papa-Leone-XXIV_1.jpg","type":"image\/jpeg"}],"author":"Redazione","twitter_card":"summary_large_image","twitter_creator":"@Cgfmanet_Org","twitter_site":"@Cgfmanet_Org","twitter_misc":{"Escrito por":"Redazione","Tiempo de lectura":"5 minutos"},"schema":{"@context":"https:\/\/schema.org","@graph":[{"@type":"Article","@id":"https:\/\/www.cgfmanet.org\/es\/infoesfera\/leon-xiv-es-el-nuevo-papa\/#article","isPartOf":{"@id":"https:\/\/www.cgfmanet.org\/es\/infoesfera\/leon-xiv-es-el-nuevo-papa\/"},"author":{"name":"Redazione","@id":"https:\/\/www.cgfmanet.org\/es\/#\/schema\/person\/ce6473083f53ef0ef882cca23f0c8fb9"},"headline":"\u00a1Le\u00f3n XIV es el nuevo Papa!","datePublished":"2025-05-08T20:28:35+00:00","dateModified":"2025-05-10T20:39:00+00:00","mainEntityOfPage":{"@id":"https:\/\/www.cgfmanet.org\/es\/infoesfera\/leon-xiv-es-el-nuevo-papa\/"},"wordCount":685,"commentCount":0,"publisher":{"@id":"https:\/\/www.cgfmanet.org\/es\/#organization"},"image":{"@id":"https:\/\/www.cgfmanet.org\/es\/infoesfera\/leon-xiv-es-el-nuevo-papa\/#primaryimage"},"thumbnailUrl":"https:\/\/www.cgfmanet.org\/wp-content\/uploads\/2025\/05\/Papa-Leone-XXIV_1.jpg","keywords":["Focus","Papa Le\u00f3n XIV"],"articleSection":["Infoesfera","Iglesia"],"inLanguage":"es","potentialAction":[{"@type":"CommentAction","name":"Comment","target":["https:\/\/www.cgfmanet.org\/es\/infoesfera\/leon-xiv-es-el-nuevo-papa\/#respond"]}]},{"@type":"WebPage","@id":"https:\/\/www.cgfmanet.org\/es\/infoesfera\/leon-xiv-es-el-nuevo-papa\/","url":"https:\/\/www.cgfmanet.org\/es\/infoesfera\/leon-xiv-es-el-nuevo-papa\/","name":"\u00a1Le\u00f3n XIV es el nuevo Papa! &#8226; Istituto Figlie di Maria Ausiliatrice","isPartOf":{"@id":"https:\/\/www.cgfmanet.org\/es\/#website"},"primaryImageOfPage":{"@id":"https:\/\/www.cgfmanet.org\/es\/infoesfera\/leon-xiv-es-el-nuevo-papa\/#primaryimage"},"image":{"@id":"https:\/\/www.cgfmanet.org\/es\/infoesfera\/leon-xiv-es-el-nuevo-papa\/#primaryimage"},"thumbnailUrl":"https:\/\/www.cgfmanet.org\/wp-content\/uploads\/2025\/05\/Papa-Leone-XXIV_1.jpg","datePublished":"2025-05-08T20:28:35+00:00","dateModified":"2025-05-10T20:39:00+00:00","description":"El 8 de mayo de 2025, en la 4\u00aa votaci\u00f3n, el C\u00f3nclave eligi\u00f3 al cardenal Robert Francis Prevost, papa Le\u00f3n XIV, como el 267\u00ba obispo de Roma.","breadcrumb":{"@id":"https:\/\/www.cgfmanet.org\/es\/infoesfera\/leon-xiv-es-el-nuevo-papa\/#breadcrumb"},"inLanguage":"es","potentialAction":[{"@type":"ReadAction","target":["https:\/\/www.cgfmanet.org\/es\/infoesfera\/leon-xiv-es-el-nuevo-papa\/"]}]},{"@type":"ImageObject","inLanguage":"es","@id":"https:\/\/www.cgfmanet.org\/es\/infoesfera\/leon-xiv-es-el-nuevo-papa\/#primaryimage","url":"https:\/\/www.cgfmanet.org\/wp-content\/uploads\/2025\/05\/Papa-Leone-XXIV_1.jpg","contentUrl":"https:\/\/www.cgfmanet.org\/wp-content\/uploads\/2025\/05\/Papa-Leone-XXIV_1.jpg","width":1600,"height":1067},{"@type":"BreadcrumbList","@id":"https:\/\/www.cgfmanet.org\/es\/infoesfera\/leon-xiv-es-el-nuevo-papa\/#breadcrumb","itemListElement":[{"@type":"ListItem","position":1,"name":"Home","item":"https:\/\/www.cgfmanet.org\/es\/"},{"@type":"ListItem","position":2,"name":"\u00a1Le\u00f3n XIV es el nuevo Papa!"}]},{"@type":"WebSite","@id":"https:\/\/www.cgfmanet.org\/es\/#website","url":"https:\/\/www.cgfmanet.org\/es\/","name":"Istituto Figlie di Maria Ausiliatrice","description":"Salesiane di Don Bosco","publisher":{"@id":"https:\/\/www.cgfmanet.org\/es\/#organization"},"potentialAction":[{"@type":"SearchAction","target":{"@type":"EntryPoint","urlTemplate":"https:\/\/www.cgfmanet.org\/es\/?s={search_term_string}"},"query-input":{"@type":"PropertyValueSpecification","valueRequired":true,"valueName":"search_term_string"}}],"inLanguage":"es"},{"@type":"Organization","@id":"https:\/\/www.cgfmanet.org\/es\/#organization","name":"Istituto Figlie di Maria Ausiliatrice","url":"https:\/\/www.cgfmanet.org\/es\/","logo":{"@type":"ImageObject","inLanguage":"es","@id":"https:\/\/www.cgfmanet.org\/es\/#\/schema\/logo\/image\/","url":"https:\/\/www.cgfmanet.org\/wp-content\/uploads\/2018\/10\/logo-fma.png","contentUrl":"https:\/\/www.cgfmanet.org\/wp-content\/uploads\/2018\/10\/logo-fma.png","width":214,"height":55,"caption":"Istituto Figlie di Maria Ausiliatrice"},"image":{"@id":"https:\/\/www.cgfmanet.org\/es\/#\/schema\/logo\/image\/"},"sameAs":["https:\/\/www.facebook.com\/salesian.sisters.of.don.bosco\/","https:\/\/x.com\/Cgfmanet_Org","https:\/\/www.youtube.com\/channel\/UCmcr8yFQBV7JXeXVxyV9y5Q"]},{"@type":"Person","@id":"https:\/\/www.cgfmanet.org\/es\/#\/schema\/person\/ce6473083f53ef0ef882cca23f0c8fb9","name":"Redazione"}]}},"_links":{"self":[{"href":"https:\/\/www.cgfmanet.org\/es\/wp-json\/wp\/v2\/posts\/134139","targetHints":{"allow":["GET"]}}],"collection":[{"href":"https:\/\/www.cgfmanet.org\/es\/wp-json\/wp\/v2\/posts"}],"about":[{"href":"https:\/\/www.cgfmanet.org\/es\/wp-json\/wp\/v2\/types\/post"}],"author":[{"embeddable":true,"href":"https:\/\/www.cgfmanet.org\/es\/wp-json\/wp\/v2\/users\/21"}],"replies":[{"embeddable":true,"href":"https:\/\/www.cgfmanet.org\/es\/wp-json\/wp\/v2\/comments?post=134139"}],"version-history":[{"count":3,"href":"https:\/\/www.cgfmanet.org\/es\/wp-json\/wp\/v2\/posts\/134139\/revisions"}],"predecessor-version":[{"id":134274,"href":"https:\/\/www.cgfmanet.org\/es\/wp-json\/wp\/v2\/posts\/134139\/revisions\/134274"}],"wp:featuredmedia":[{"embeddable":true,"href":"https:\/\/www.cgfmanet.org\/es\/wp-json\/wp\/v2\/media\/134134"}],"wp:attachment":[{"href":"https:\/\/www.cgfmanet.org\/es\/wp-json\/wp\/v2\/media?parent=134139"}],"wp:term":[{"taxonomy":"category","embeddable":true,"href":"https:\/\/www.cgfmanet.org\/es\/wp-json\/wp\/v2\/categories?post=134139"},{"taxonomy":"post_tag","embeddable":true,"href":"https:\/\/www.cgfmanet.org\/es\/wp-json\/wp\/v2\/tags?post=134139"}],"curies":[{"name":"wp","href":"https:\/\/api.w.org\/{rel}","templated":true}]}}