{"id":133799,"date":"2025-05-05T12:00:45","date_gmt":"2025-05-05T10:00:45","guid":{"rendered":"https:\/\/www.cgfmanet.org\/infoesfera\/11-commtalks-papa-francesco-nei-ricordi-della-cugina-fma\/"},"modified":"2025-05-07T16:48:30","modified_gmt":"2025-05-07T14:48:30","slug":"11o-commtalks-el-papa-francisco-en-la-memoria-de-su-prima-fma","status":"publish","type":"post","link":"https:\/\/www.cgfmanet.org\/es\/infoesfera\/11o-commtalks-el-papa-francisco-en-la-memoria-de-su-prima-fma\/","title":{"rendered":"11\u00ba CommTalkS: el Papa Francisco en la memoria de su prima FMA"},"content":{"rendered":"<p><strong>Roma (Italia).<\/strong> En el 11\u00ba v\u00eddeo de CommTalkS, la iniciativa del \u00c1mbito para la Comunicaci\u00f3n del Instituto de las Hijas de Mar\u00eda Auxiliadora con el objetivo de crear una visi\u00f3n compartida de la cultura de la comunicaci\u00f3n, <strong>sor Ana Rosa S\u00edvori, FMA, narra los recuerdos relacionados con su primo, Jorge Mario Bergoglio.<\/strong><\/p>\n<p>Misionera desde hace 60 a\u00f1os en la \u00a0Inspector\u00eda<em> Santa Maria Mazzarello<\/em> (THA), Sor Ana Rosa lleg\u00f3 a Roma, desde Bang Pong, Ratchaburi, Tailandia, para participar en la Celebraci\u00f3n del <a href=\"https:\/\/www.cgfmanet.org\/es\/infoesfera\/que-tengas-un-buen-viaje-papa-francisco\/\" target=\"_blank\" rel=\"noopener\"><strong><span style=\"color: #0000ff;\">Funeral del Papa Francisco<\/span><\/strong><\/a><strong>, el 26 de abril de 2025.<\/strong><\/p>\n<p>Con \u00e9l, en Buenos Aires, Argentina, comparti\u00f3 su infancia, siendo sus familias muy unidas: el abuelo materno de Ana Rosa y la madre de Jorge eran hermanos, su madre era Bergoglio S\u00edvori. Su abuela, Rosa, era genovesa y se hab\u00eda casado con un piamont\u00e9s. Emigraron a la Argentina porque despu\u00e9s de la guerra hubo hambruna y todo qued\u00f3 destruido.<\/p>\n<div class=\"youtube-embed\" data-video_id=\"sNHE5ta3Vbo\"><iframe title=\"CommTalkS 011 - Papa Francesco nei ricordi della cugina - Suor Ana Rosa Sivori, FMA\" width=\"696\" height=\"392\" data-src=\"https:\/\/www.youtube.com\/embed\/sNHE5ta3Vbo?feature=oembed&#038;enablejsapi=1\" frameborder=\"0\" allow=\"accelerometer; autoplay; clipboard-write; encrypted-media; gyroscope; picture-in-picture; web-share\" referrerpolicy=\"strict-origin-when-cross-origin\" allowfullscreen src=\"data:image\/svg+xml;base64,PHN2ZyB3aWR0aD0iMSIgaGVpZ2h0PSIxIiB4bWxucz0iaHR0cDovL3d3dy53My5vcmcvMjAwMC9zdmciPjwvc3ZnPg==\" class=\"lazyload\" data-load-mode=\"1\"><\/iframe><\/div>\n<p><strong>\u00bfC\u00f3mo era Jorge de ni\u00f1o?<\/strong> Era el mayor de cinco hermanos, tres varones y dos mujeres, todos bautizados, como los tres primos S\u00edvori, en la Bas\u00edlica de Mar\u00eda Auxiliadora de Buenos Aires. Desde muy joven fue bastante callado, pero ya atento a las necesidades de todos.<\/p>\n<p>Cuando naci\u00f3 su hermana menor, la madre de Jorge enferm\u00f3, por lo que \u00e9l, que estaba en 1\u00ba grado, fue a los Salesianos de Don Bosco, mientras que su hermana, Marta, fue a las FMA, donde estudiaba Sor Ana Rosa. Los salesianos ten\u00edan como misi\u00f3n el cuidado de las familias migrantes y los chicos iban al oratorio, jugaban al f\u00fatbol, una pasi\u00f3n que siempre ha tenido el Papa Francisco, fan\u00e1tico de San Lorenzo.<\/p>\n<p>Jorge estaba feliz de quedarse con su abuela Rosa, quien le transmiti\u00f3 las oraciones, el catecismo y el amor a la Virgen. Cada 24 de mes, iba a la Bas\u00edlica, donde se encuentra la estatua de Mar\u00eda Auxiliadora, bendecida por Don Bosco y tra\u00edda por Don Giovanni Cagliero desde Italia. El 24 de mayo sol\u00eda ser llamado a celebrar la Eucarist\u00eda de la fiesta de la Auxiliadora.<\/p>\n<p>El padre de Ana Rosa quer\u00eda mucho a Jorge, tanto que dec\u00eda a todos: <em><strong>\u00abRecuerden bien: este sacerdote alg\u00fan d\u00eda ser\u00e1 Papa\u00bb.<\/strong><\/em> Sor Ana Rosa parti\u00f3 para la misi\u00f3n en 1965, despu\u00e9s de su profesi\u00f3n religiosa, mientras que \u00e9l fue ordenado sacerdote jesuita en 1969.<\/p>\n<p>A la muerte del Arzobispo de Buenos Aires (3 de junio de 1997), el Padre Jorge se convirti\u00f3 inmediatamente en Arzobispo. El 21 de febrero de 2001 Juan Pablo II lo nombr\u00f3 cardenal y su hermano organiz\u00f3 el viaje para toda la familia, 35 personas. Sor Ana Rosa se une a ellos desde Tailandia.<\/p>\n<p>Cuando fue elegido Papa, Sor Ana Rosa fue la \u00fanica presente, con un viaje organizado por el Nuncio Apost\u00f3lico, ya que \u00e9l mismo no quer\u00eda que su familia viniera a Italia, sino ahorrar dinero para los pobres.<\/p>\n<p>En su viaje apost\u00f3lico a Tailandia, del 19 al 22 de noviembre de 2019, el Papa Francisco pide a Sor Ana Rosa que est\u00e9 siempre cerca de \u00e9l. <em>\u00abLa visita a Tailandia fue muy bonita, porque es una naci\u00f3n budista y todo el mundo estaba contento de ver al Papa. Ayud\u00f3 mucho a la uni\u00f3n entre las religiones\u00bb.<\/em><\/p>\n<p>La \u00fanica llamada telef\u00f3nica del Papa Francisco fue hace dos a\u00f1os, cuando estaba enferma, porque \u00e9l llamaba a los que \u00abrealmente necesitaban\u00bb. Sin embargo, le escrib\u00eda cartas \u00abcon su letra peque\u00f1a\u00bb, en las que se dirig\u00eda a ella con el nombre de Ana Rosa Francisca <em>\u00abporque mi padre era muy devoto de San Francisco de As\u00eds y tambi\u00e9n ten\u00eda esto en com\u00fan con \u00e9l\u00bb.<\/em><\/p>\n<p><strong>El 21 de abril<\/strong>, cuando escuch\u00f3 la noticia de su muerte, fue \u00abun shock\u00bb para Sor Ana Rosa porque pens\u00f3 que, cuando saliera del hospital, el Se\u00f1or le dar\u00eda un poco m\u00e1s <em>de tiempo \u00abpara poder terminar todas las cosas hermosas, aquellas que \u00c9l quer\u00eda\u00bb.<\/em><\/p>\n<p><strong>\u00bfY ahora qu\u00e9?<\/strong><em> \u00abTodav\u00eda no me parece real. Fui a Santa Maria Maggiore y frente a ese m\u00e1rmol blanco, y esa cruz all\u00e1 arriba, sent\u00ed algo que no se puede explicar. S\u00e9 que est\u00e1 en el Cielo y estoy segura de que desde el Cielo nos ayudar\u00e1 y estar\u00e1 con nosotros mucho m\u00e1s que antes&#8230; Porque ahora es libre y lo que har\u00e1 no es por \u00e9l, sino por la humanidad, por todos los hombres&#8230; todos, todos, todos\u00bb.<\/em><\/p>\n<p>Todas las CommTalks permanecen disponibles en el <span style=\"color: #0000ff;\"><a style=\"color: #0000ff;\" href=\"https:\/\/www.youtube.com\/playlist?list=PLukchW4FMtfaVA3ik85FCIY6xAa-UCw8t\" target=\"_blank\" rel=\"noopener\"><strong>Canal de Youtube CGFMANET<\/strong><\/a><\/span> y se pueden recuperar en el <strong>banner lateral de la p\u00e1gina de inicio del sitio web del Instituto.<\/strong><\/p>\n","protected":false},"excerpt":{"rendered":"<p>Roma (Italia). En el 11\u00ba v\u00eddeo de CommTalkS, la iniciativa del \u00c1mbito para la Comunicaci\u00f3n del Instituto de las Hijas de Mar\u00eda Auxiliadora con el objetivo de crear una visi\u00f3n [&hellip;]<\/p>\n","protected":false},"author":21,"featured_media":133793,"comment_status":"open","ping_status":"closed","sticky":false,"template":"","format":"standard","meta":{"footnotes":""},"categories":[39,206],"tags":[410,765,1485,1914,1931,2283],"class_list":["post-133799","post","type-post","status-publish","format-standard","has-post-thumbnail","category-infoesfera","category-educomunicacion","tag-papa-francisco","tag-consejera-para-la-comunicacion-social","tag-tha-es","tag-chiesa-es","tag-focus-es","tag-ifma-es"],"yoast_head":"<!-- This site is optimized with the Yoast SEO plugin v27.4 - https:\/\/yoast.com\/product\/yoast-seo-wordpress\/ -->\n<title>11\u00ba CommTalkS: el Papa Francisco en la memoria de su prima FMA &#8226; Istituto Figlie di Maria Ausiliatrice<\/title>\n<meta name=\"description\" content=\"Se ha publicado el 11\u00ba video de CommTalkS, con el testimonio de Sor Ana Rosa S\u00edvori, FMA, prima del Papa Francisco.\" \/>\n<meta name=\"robots\" content=\"index, follow, max-snippet:-1, max-image-preview:large, max-video-preview:-1\" \/>\n<link rel=\"canonical\" href=\"https:\/\/www.cgfmanet.org\/infosfera\/11-commtalks-papa-francesco-nei-ricordi-della-cugina-fma\/\" \/>\n<meta property=\"og:locale\" content=\"es_ES\" \/>\n<meta property=\"og:type\" content=\"article\" \/>\n<meta property=\"og:title\" content=\"11\u00ba CommTalkS: el Papa Francisco en la memoria de su prima FMA &#8226; Istituto Figlie di Maria Ausiliatrice\" \/>\n<meta property=\"og:description\" content=\"Se ha publicado el 11\u00ba video de CommTalkS, con el testimonio de Sor Ana Rosa S\u00edvori, FMA, prima del Papa Francisco.\" \/>\n<meta property=\"og:url\" content=\"https:\/\/www.cgfmanet.org\/infosfera\/11-commtalks-papa-francesco-nei-ricordi-della-cugina-fma\/\" \/>\n<meta property=\"og:site_name\" content=\"Istituto Figlie di Maria Ausiliatrice\" \/>\n<meta property=\"article:publisher\" content=\"https:\/\/www.facebook.com\/salesian.sisters.of.don.bosco\/\" \/>\n<meta property=\"article:published_time\" content=\"2025-05-05T10:00:45+00:00\" \/>\n<meta property=\"article:modified_time\" content=\"2025-05-07T14:48:30+00:00\" \/>\n<meta property=\"og:image\" content=\"https:\/\/www.cgfmanet.org\/wp-content\/uploads\/2025\/05\/CommTalks_11_sr-Ana-Rosa-Sivori_Papa-Francesco.jpg\" \/>\n\t<meta property=\"og:image:width\" content=\"1620\" \/>\n\t<meta property=\"og:image:height\" content=\"1080\" \/>\n\t<meta property=\"og:image:type\" content=\"image\/jpeg\" \/>\n<meta name=\"author\" content=\"Redazione\" \/>\n<meta name=\"twitter:card\" content=\"summary_large_image\" \/>\n<meta name=\"twitter:creator\" content=\"@Cgfmanet_Org\" \/>\n<meta name=\"twitter:site\" content=\"@Cgfmanet_Org\" \/>\n<meta name=\"twitter:label1\" content=\"Escrito por\" \/>\n\t<meta name=\"twitter:data1\" content=\"Redazione\" \/>\n\t<meta name=\"twitter:label2\" content=\"Tiempo de lectura\" \/>\n\t<meta name=\"twitter:data2\" content=\"5 minutos\" \/>\n<script type=\"application\/ld+json\" class=\"yoast-schema-graph\">{\"@context\":\"https:\\\/\\\/schema.org\",\"@graph\":[{\"@type\":\"Article\",\"@id\":\"https:\\\/\\\/www.cgfmanet.org\\\/infosfera\\\/11-commtalks-papa-francesco-nei-ricordi-della-cugina-fma\\\/#article\",\"isPartOf\":{\"@id\":\"https:\\\/\\\/www.cgfmanet.org\\\/infosfera\\\/11-commtalks-papa-francesco-nei-ricordi-della-cugina-fma\\\/\"},\"author\":{\"name\":\"Redazione\",\"@id\":\"https:\\\/\\\/www.cgfmanet.org\\\/es\\\/#\\\/schema\\\/person\\\/ce6473083f53ef0ef882cca23f0c8fb9\"},\"headline\":\"11\u00ba CommTalkS: el Papa Francisco en la memoria de su prima FMA\",\"datePublished\":\"2025-05-05T10:00:45+00:00\",\"dateModified\":\"2025-05-07T14:48:30+00:00\",\"mainEntityOfPage\":{\"@id\":\"https:\\\/\\\/www.cgfmanet.org\\\/infosfera\\\/11-commtalks-papa-francesco-nei-ricordi-della-cugina-fma\\\/\"},\"wordCount\":805,\"commentCount\":1,\"publisher\":{\"@id\":\"https:\\\/\\\/www.cgfmanet.org\\\/es\\\/#organization\"},\"image\":{\"@id\":\"https:\\\/\\\/www.cgfmanet.org\\\/infosfera\\\/11-commtalks-papa-francesco-nei-ricordi-della-cugina-fma\\\/#primaryimage\"},\"thumbnailUrl\":\"https:\\\/\\\/www.cgfmanet.org\\\/wp-content\\\/uploads\\\/2025\\\/05\\\/CommTalks_11_sr-Ana-Rosa-Sivori_Papa-Francesco.jpg\",\"keywords\":[\"Papa Francisco\",\"Consejera para la Comunicaci\u00f3n social\",\"THA\",\"Chiesa\",\"Focus\",\"IFMA\"],\"articleSection\":[\"Infoesfera\",\"Educomunicaci\u00f3n\"],\"inLanguage\":\"es\",\"potentialAction\":[{\"@type\":\"CommentAction\",\"name\":\"Comment\",\"target\":[\"https:\\\/\\\/www.cgfmanet.org\\\/infosfera\\\/11-commtalks-papa-francesco-nei-ricordi-della-cugina-fma\\\/#respond\"]}]},{\"@type\":\"WebPage\",\"@id\":\"https:\\\/\\\/www.cgfmanet.org\\\/infosfera\\\/11-commtalks-papa-francesco-nei-ricordi-della-cugina-fma\\\/\",\"url\":\"https:\\\/\\\/www.cgfmanet.org\\\/infosfera\\\/11-commtalks-papa-francesco-nei-ricordi-della-cugina-fma\\\/\",\"name\":\"11\u00ba CommTalkS: el Papa Francisco en la memoria de su prima FMA &#8226; Istituto Figlie di Maria Ausiliatrice\",\"isPartOf\":{\"@id\":\"https:\\\/\\\/www.cgfmanet.org\\\/es\\\/#website\"},\"primaryImageOfPage\":{\"@id\":\"https:\\\/\\\/www.cgfmanet.org\\\/infosfera\\\/11-commtalks-papa-francesco-nei-ricordi-della-cugina-fma\\\/#primaryimage\"},\"image\":{\"@id\":\"https:\\\/\\\/www.cgfmanet.org\\\/infosfera\\\/11-commtalks-papa-francesco-nei-ricordi-della-cugina-fma\\\/#primaryimage\"},\"thumbnailUrl\":\"https:\\\/\\\/www.cgfmanet.org\\\/wp-content\\\/uploads\\\/2025\\\/05\\\/CommTalks_11_sr-Ana-Rosa-Sivori_Papa-Francesco.jpg\",\"datePublished\":\"2025-05-05T10:00:45+00:00\",\"dateModified\":\"2025-05-07T14:48:30+00:00\",\"description\":\"Se ha publicado el 11\u00ba video de CommTalkS, con el testimonio de Sor Ana Rosa S\u00edvori, FMA, prima del Papa Francisco.\",\"breadcrumb\":{\"@id\":\"https:\\\/\\\/www.cgfmanet.org\\\/infosfera\\\/11-commtalks-papa-francesco-nei-ricordi-della-cugina-fma\\\/#breadcrumb\"},\"inLanguage\":\"es\",\"potentialAction\":[{\"@type\":\"ReadAction\",\"target\":[\"https:\\\/\\\/www.cgfmanet.org\\\/infosfera\\\/11-commtalks-papa-francesco-nei-ricordi-della-cugina-fma\\\/\"]}]},{\"@type\":\"ImageObject\",\"inLanguage\":\"es\",\"@id\":\"https:\\\/\\\/www.cgfmanet.org\\\/infosfera\\\/11-commtalks-papa-francesco-nei-ricordi-della-cugina-fma\\\/#primaryimage\",\"url\":\"https:\\\/\\\/www.cgfmanet.org\\\/wp-content\\\/uploads\\\/2025\\\/05\\\/CommTalks_11_sr-Ana-Rosa-Sivori_Papa-Francesco.jpg\",\"contentUrl\":\"https:\\\/\\\/www.cgfmanet.org\\\/wp-content\\\/uploads\\\/2025\\\/05\\\/CommTalks_11_sr-Ana-Rosa-Sivori_Papa-Francesco.jpg\",\"width\":1620,\"height\":1080},{\"@type\":\"BreadcrumbList\",\"@id\":\"https:\\\/\\\/www.cgfmanet.org\\\/infosfera\\\/11-commtalks-papa-francesco-nei-ricordi-della-cugina-fma\\\/#breadcrumb\",\"itemListElement\":[{\"@type\":\"ListItem\",\"position\":1,\"name\":\"Home\",\"item\":\"https:\\\/\\\/www.cgfmanet.org\\\/es\\\/\"},{\"@type\":\"ListItem\",\"position\":2,\"name\":\"11\u00ba CommTalkS: el Papa Francisco en la memoria de su prima FMA\"}]},{\"@type\":\"WebSite\",\"@id\":\"https:\\\/\\\/www.cgfmanet.org\\\/es\\\/#website\",\"url\":\"https:\\\/\\\/www.cgfmanet.org\\\/es\\\/\",\"name\":\"Istituto Figlie di Maria Ausiliatrice\",\"description\":\"Salesiane di Don Bosco\",\"publisher\":{\"@id\":\"https:\\\/\\\/www.cgfmanet.org\\\/es\\\/#organization\"},\"potentialAction\":[{\"@type\":\"SearchAction\",\"target\":{\"@type\":\"EntryPoint\",\"urlTemplate\":\"https:\\\/\\\/www.cgfmanet.org\\\/es\\\/?s={search_term_string}\"},\"query-input\":{\"@type\":\"PropertyValueSpecification\",\"valueRequired\":true,\"valueName\":\"search_term_string\"}}],\"inLanguage\":\"es\"},{\"@type\":\"Organization\",\"@id\":\"https:\\\/\\\/www.cgfmanet.org\\\/es\\\/#organization\",\"name\":\"Istituto Figlie di Maria Ausiliatrice\",\"url\":\"https:\\\/\\\/www.cgfmanet.org\\\/es\\\/\",\"logo\":{\"@type\":\"ImageObject\",\"inLanguage\":\"es\",\"@id\":\"https:\\\/\\\/www.cgfmanet.org\\\/es\\\/#\\\/schema\\\/logo\\\/image\\\/\",\"url\":\"https:\\\/\\\/www.cgfmanet.org\\\/wp-content\\\/uploads\\\/2018\\\/10\\\/logo-fma.png\",\"contentUrl\":\"https:\\\/\\\/www.cgfmanet.org\\\/wp-content\\\/uploads\\\/2018\\\/10\\\/logo-fma.png\",\"width\":214,\"height\":55,\"caption\":\"Istituto Figlie di Maria Ausiliatrice\"},\"image\":{\"@id\":\"https:\\\/\\\/www.cgfmanet.org\\\/es\\\/#\\\/schema\\\/logo\\\/image\\\/\"},\"sameAs\":[\"https:\\\/\\\/www.facebook.com\\\/salesian.sisters.of.don.bosco\\\/\",\"https:\\\/\\\/x.com\\\/Cgfmanet_Org\",\"https:\\\/\\\/www.youtube.com\\\/channel\\\/UCmcr8yFQBV7JXeXVxyV9y5Q\"]},{\"@type\":\"Person\",\"@id\":\"https:\\\/\\\/www.cgfmanet.org\\\/es\\\/#\\\/schema\\\/person\\\/ce6473083f53ef0ef882cca23f0c8fb9\",\"name\":\"Redazione\"}]}<\/script>\n<!-- \/ Yoast SEO plugin. -->","yoast_head_json":{"title":"11\u00ba CommTalkS: el Papa Francisco en la memoria de su prima FMA &#8226; Istituto Figlie di Maria Ausiliatrice","description":"Se ha publicado el 11\u00ba video de CommTalkS, con el testimonio de Sor Ana Rosa S\u00edvori, FMA, prima del Papa Francisco.","robots":{"index":"index","follow":"follow","max-snippet":"max-snippet:-1","max-image-preview":"max-image-preview:large","max-video-preview":"max-video-preview:-1"},"canonical":"https:\/\/www.cgfmanet.org\/infosfera\/11-commtalks-papa-francesco-nei-ricordi-della-cugina-fma\/","og_locale":"es_ES","og_type":"article","og_title":"11\u00ba CommTalkS: el Papa Francisco en la memoria de su prima FMA &#8226; Istituto Figlie di Maria Ausiliatrice","og_description":"Se ha publicado el 11\u00ba video de CommTalkS, con el testimonio de Sor Ana Rosa S\u00edvori, FMA, prima del Papa Francisco.","og_url":"https:\/\/www.cgfmanet.org\/infosfera\/11-commtalks-papa-francesco-nei-ricordi-della-cugina-fma\/","og_site_name":"Istituto Figlie di Maria Ausiliatrice","article_publisher":"https:\/\/www.facebook.com\/salesian.sisters.of.don.bosco\/","article_published_time":"2025-05-05T10:00:45+00:00","article_modified_time":"2025-05-07T14:48:30+00:00","og_image":[{"width":1620,"height":1080,"url":"https:\/\/www.cgfmanet.org\/wp-content\/uploads\/2025\/05\/CommTalks_11_sr-Ana-Rosa-Sivori_Papa-Francesco.jpg","type":"image\/jpeg"}],"author":"Redazione","twitter_card":"summary_large_image","twitter_creator":"@Cgfmanet_Org","twitter_site":"@Cgfmanet_Org","twitter_misc":{"Escrito por":"Redazione","Tiempo de lectura":"5 minutos"},"schema":{"@context":"https:\/\/schema.org","@graph":[{"@type":"Article","@id":"https:\/\/www.cgfmanet.org\/infosfera\/11-commtalks-papa-francesco-nei-ricordi-della-cugina-fma\/#article","isPartOf":{"@id":"https:\/\/www.cgfmanet.org\/infosfera\/11-commtalks-papa-francesco-nei-ricordi-della-cugina-fma\/"},"author":{"name":"Redazione","@id":"https:\/\/www.cgfmanet.org\/es\/#\/schema\/person\/ce6473083f53ef0ef882cca23f0c8fb9"},"headline":"11\u00ba CommTalkS: el Papa Francisco en la memoria de su prima FMA","datePublished":"2025-05-05T10:00:45+00:00","dateModified":"2025-05-07T14:48:30+00:00","mainEntityOfPage":{"@id":"https:\/\/www.cgfmanet.org\/infosfera\/11-commtalks-papa-francesco-nei-ricordi-della-cugina-fma\/"},"wordCount":805,"commentCount":1,"publisher":{"@id":"https:\/\/www.cgfmanet.org\/es\/#organization"},"image":{"@id":"https:\/\/www.cgfmanet.org\/infosfera\/11-commtalks-papa-francesco-nei-ricordi-della-cugina-fma\/#primaryimage"},"thumbnailUrl":"https:\/\/www.cgfmanet.org\/wp-content\/uploads\/2025\/05\/CommTalks_11_sr-Ana-Rosa-Sivori_Papa-Francesco.jpg","keywords":["Papa Francisco","Consejera para la Comunicaci\u00f3n social","THA","Chiesa","Focus","IFMA"],"articleSection":["Infoesfera","Educomunicaci\u00f3n"],"inLanguage":"es","potentialAction":[{"@type":"CommentAction","name":"Comment","target":["https:\/\/www.cgfmanet.org\/infosfera\/11-commtalks-papa-francesco-nei-ricordi-della-cugina-fma\/#respond"]}]},{"@type":"WebPage","@id":"https:\/\/www.cgfmanet.org\/infosfera\/11-commtalks-papa-francesco-nei-ricordi-della-cugina-fma\/","url":"https:\/\/www.cgfmanet.org\/infosfera\/11-commtalks-papa-francesco-nei-ricordi-della-cugina-fma\/","name":"11\u00ba CommTalkS: el Papa Francisco en la memoria de su prima FMA &#8226; Istituto Figlie di Maria Ausiliatrice","isPartOf":{"@id":"https:\/\/www.cgfmanet.org\/es\/#website"},"primaryImageOfPage":{"@id":"https:\/\/www.cgfmanet.org\/infosfera\/11-commtalks-papa-francesco-nei-ricordi-della-cugina-fma\/#primaryimage"},"image":{"@id":"https:\/\/www.cgfmanet.org\/infosfera\/11-commtalks-papa-francesco-nei-ricordi-della-cugina-fma\/#primaryimage"},"thumbnailUrl":"https:\/\/www.cgfmanet.org\/wp-content\/uploads\/2025\/05\/CommTalks_11_sr-Ana-Rosa-Sivori_Papa-Francesco.jpg","datePublished":"2025-05-05T10:00:45+00:00","dateModified":"2025-05-07T14:48:30+00:00","description":"Se ha publicado el 11\u00ba video de CommTalkS, con el testimonio de Sor Ana Rosa S\u00edvori, FMA, prima del Papa Francisco.","breadcrumb":{"@id":"https:\/\/www.cgfmanet.org\/infosfera\/11-commtalks-papa-francesco-nei-ricordi-della-cugina-fma\/#breadcrumb"},"inLanguage":"es","potentialAction":[{"@type":"ReadAction","target":["https:\/\/www.cgfmanet.org\/infosfera\/11-commtalks-papa-francesco-nei-ricordi-della-cugina-fma\/"]}]},{"@type":"ImageObject","inLanguage":"es","@id":"https:\/\/www.cgfmanet.org\/infosfera\/11-commtalks-papa-francesco-nei-ricordi-della-cugina-fma\/#primaryimage","url":"https:\/\/www.cgfmanet.org\/wp-content\/uploads\/2025\/05\/CommTalks_11_sr-Ana-Rosa-Sivori_Papa-Francesco.jpg","contentUrl":"https:\/\/www.cgfmanet.org\/wp-content\/uploads\/2025\/05\/CommTalks_11_sr-Ana-Rosa-Sivori_Papa-Francesco.jpg","width":1620,"height":1080},{"@type":"BreadcrumbList","@id":"https:\/\/www.cgfmanet.org\/infosfera\/11-commtalks-papa-francesco-nei-ricordi-della-cugina-fma\/#breadcrumb","itemListElement":[{"@type":"ListItem","position":1,"name":"Home","item":"https:\/\/www.cgfmanet.org\/es\/"},{"@type":"ListItem","position":2,"name":"11\u00ba CommTalkS: el Papa Francisco en la memoria de su prima FMA"}]},{"@type":"WebSite","@id":"https:\/\/www.cgfmanet.org\/es\/#website","url":"https:\/\/www.cgfmanet.org\/es\/","name":"Istituto Figlie di Maria Ausiliatrice","description":"Salesiane di Don Bosco","publisher":{"@id":"https:\/\/www.cgfmanet.org\/es\/#organization"},"potentialAction":[{"@type":"SearchAction","target":{"@type":"EntryPoint","urlTemplate":"https:\/\/www.cgfmanet.org\/es\/?s={search_term_string}"},"query-input":{"@type":"PropertyValueSpecification","valueRequired":true,"valueName":"search_term_string"}}],"inLanguage":"es"},{"@type":"Organization","@id":"https:\/\/www.cgfmanet.org\/es\/#organization","name":"Istituto Figlie di Maria Ausiliatrice","url":"https:\/\/www.cgfmanet.org\/es\/","logo":{"@type":"ImageObject","inLanguage":"es","@id":"https:\/\/www.cgfmanet.org\/es\/#\/schema\/logo\/image\/","url":"https:\/\/www.cgfmanet.org\/wp-content\/uploads\/2018\/10\/logo-fma.png","contentUrl":"https:\/\/www.cgfmanet.org\/wp-content\/uploads\/2018\/10\/logo-fma.png","width":214,"height":55,"caption":"Istituto Figlie di Maria Ausiliatrice"},"image":{"@id":"https:\/\/www.cgfmanet.org\/es\/#\/schema\/logo\/image\/"},"sameAs":["https:\/\/www.facebook.com\/salesian.sisters.of.don.bosco\/","https:\/\/x.com\/Cgfmanet_Org","https:\/\/www.youtube.com\/channel\/UCmcr8yFQBV7JXeXVxyV9y5Q"]},{"@type":"Person","@id":"https:\/\/www.cgfmanet.org\/es\/#\/schema\/person\/ce6473083f53ef0ef882cca23f0c8fb9","name":"Redazione"}]}},"_links":{"self":[{"href":"https:\/\/www.cgfmanet.org\/es\/wp-json\/wp\/v2\/posts\/133799","targetHints":{"allow":["GET"]}}],"collection":[{"href":"https:\/\/www.cgfmanet.org\/es\/wp-json\/wp\/v2\/posts"}],"about":[{"href":"https:\/\/www.cgfmanet.org\/es\/wp-json\/wp\/v2\/types\/post"}],"author":[{"embeddable":true,"href":"https:\/\/www.cgfmanet.org\/es\/wp-json\/wp\/v2\/users\/21"}],"replies":[{"embeddable":true,"href":"https:\/\/www.cgfmanet.org\/es\/wp-json\/wp\/v2\/comments?post=133799"}],"version-history":[{"count":3,"href":"https:\/\/www.cgfmanet.org\/es\/wp-json\/wp\/v2\/posts\/133799\/revisions"}],"predecessor-version":[{"id":134058,"href":"https:\/\/www.cgfmanet.org\/es\/wp-json\/wp\/v2\/posts\/133799\/revisions\/134058"}],"wp:featuredmedia":[{"embeddable":true,"href":"https:\/\/www.cgfmanet.org\/es\/wp-json\/wp\/v2\/media\/133793"}],"wp:attachment":[{"href":"https:\/\/www.cgfmanet.org\/es\/wp-json\/wp\/v2\/media?parent=133799"}],"wp:term":[{"taxonomy":"category","embeddable":true,"href":"https:\/\/www.cgfmanet.org\/es\/wp-json\/wp\/v2\/categories?post=133799"},{"taxonomy":"post_tag","embeddable":true,"href":"https:\/\/www.cgfmanet.org\/es\/wp-json\/wp\/v2\/tags?post=133799"}],"curies":[{"name":"wp","href":"https:\/\/api.w.org\/{rel}","templated":true}]}}