{"id":132932,"date":"2025-04-25T20:56:49","date_gmt":"2025-04-25T18:56:49","guid":{"rendered":"https:\/\/www.cgfmanet.org\/infoesfera\/grazie-papa-francesco\/"},"modified":"2025-04-22T18:14:26","modified_gmt":"2025-04-22T16:14:26","slug":"gracias-papa-francisco","status":"publish","type":"post","link":"https:\/\/www.cgfmanet.org\/es\/infoesfera\/gracias-papa-francisco\/","title":{"rendered":"Gracias Papa Francisco"},"content":{"rendered":"<p><strong>Roma (Italia).<\/strong> El 12 de abril de 2025, a la edad de 88 a\u00f1os y despu\u00e9s de 12 a\u00f1os de pontificado, el Papa Francisco dej\u00f3 la vida terrena. El anuncio fue hecho por el cardenal Kevin Joseph Farrell, camarlengo de la Santa Iglesia Romana:<\/p>\n<p><em>\u00abA las 7:35 de esta ma\u00f1ana, el Obispo de Roma regres\u00f3 a la casa del Padre. Toda su vida la dedic\u00f3 al servicio del Se\u00f1or y de la Iglesia\u00bb.<\/em><\/p>\n<p><strong>La Superiora General del Instituto de las Hijas de Mar\u00eda Auxiliadora, Madre Chiara Cazzuola<\/strong>, en viaje hacia Vietnam, en nombre de todas las FMA, envi\u00f3 un mensaje de condolenc<em>ias<\/em> al Secretario de Estado de la Santa Sede, Cardenal Pietro Parolin:<\/p>\n<p><em>Eminencia<\/em><\/p>\n<p><em>Al conocer, con profundo dolor, la noticia de que el Santo Padre Francisco, hoy, 21 de abril de 2025, lunes de la Octava de Pascua, ha regresado a la Casa del Padre, en mi nombre y en el de todo el Instituto de las Hijas de Mar\u00eda Auxiliadora, os aseguro nuestra oraci\u00f3n por \u00e9l. <\/em><\/p>\n<p><em>Agradezco al Se\u00f1or por el don que ha sido para la humanidad y para la Iglesia universal. <\/em><\/p>\n<p><em>Nuestros Fundadores, Don Bosco y Madre Mazzarello, nos legaron el amor al Papa como Vicario de Cristo. <\/em><\/p>\n<p><em>En este momento, nos sentimos en comuni\u00f3n con toda la Iglesia y con aquellos que han experimentado en el Papa Francisco un signo de la Misericordia de Dios que abraza a todos sin distinci\u00f3n. <\/em><\/p>\n<p><em>Como Instituto, en muchas ocasiones, hemos experimentado su cercan\u00eda paterna y su orientaci\u00f3n afectuosa y alentadora, especialmente en el encuentro en Roma con las participantes al Cap\u00edtulo General XXIV en la Casa Generalicia, el 22 de octubre de 2021. Sus palabras nos resuenan como un testamento para nuestra familia religiosa: \u00abLa gran responsabilidad es colaborar con la creatividad del Esp\u00edritu Santo, para revisitar el carisma y hacer que exprese su vitalidad en el hoy. De aqu\u00ed brota la verdadera \u00abjuventud\u00bb, porque el Esp\u00edritu hace nuevas todas las cosas&#8230; No olvid\u00e9is la gracia de los or\u00edgenes, la humildad y la peque\u00f1ez de los comienzos que hicieron transparente la acci\u00f3n de Dios en las vidas y en el mensaje de quienes, llenas de asombro, iniciaron este camino. Mar\u00eda Auxiliadora os ayudar\u00e1: \u00a1sois sus hijas!\u00bb. <\/em><\/p>\n<p>Aseguramos una oraci\u00f3n intensa y llena de esperanza, para que el Se\u00f1or Resucitado le conceda la vida sin fin y a toda la humanidad la paz que \u00e9l mismo tanto invoc\u00f3.<\/p>\n","protected":false},"excerpt":{"rendered":"<p>Roma (Italia). El 12 de abril de 2025, a la edad de 88 a\u00f1os y despu\u00e9s de 12 a\u00f1os de pontificado, el Papa Francisco dej\u00f3 la vida terrena. El anuncio [&hellip;]<\/p>\n","protected":false},"author":21,"featured_media":132927,"comment_status":"open","ping_status":"closed","sticky":false,"template":"","format":"standard","meta":{"footnotes":""},"categories":[39,191],"tags":[371,410,1931,2148,2379],"class_list":["post-132932","post","type-post","status-publish","format-standard","has-post-thumbnail","category-infoesfera","category-iglesia","tag-madre-general","tag-papa-francisco","tag-focus-es","tag-preghiera-es","tag-madre-chiara-cazzuola-es"],"yoast_head":"<!-- This site is optimized with the Yoast SEO plugin v27.4 - https:\/\/yoast.com\/product\/yoast-seo-wordpress\/ -->\n<title>Gracias Papa Francisco &#8226; Istituto Figlie di Maria Ausiliatrice<\/title>\n<meta name=\"description\" content=\"Mensaje de condolencia de Madre Chiara Cazzuola, en nombre de todo el Instituto FMA, por la muerte del Papa Francisco, ocurrida el 21 de abril de 2025.\" \/>\n<meta name=\"robots\" content=\"index, follow, max-snippet:-1, max-image-preview:large, max-video-preview:-1\" \/>\n<link rel=\"canonical\" href=\"https:\/\/www.cgfmanet.org\/es\/infoesfera\/gracias-papa-francisco\/\" \/>\n<meta property=\"og:locale\" content=\"es_ES\" \/>\n<meta property=\"og:type\" content=\"article\" \/>\n<meta property=\"og:title\" content=\"Gracias Papa Francisco &#8226; Istituto Figlie di Maria Ausiliatrice\" \/>\n<meta property=\"og:description\" content=\"Mensaje de condolencia de Madre Chiara Cazzuola, en nombre de todo el Instituto FMA, por la muerte del Papa Francisco, ocurrida el 21 de abril de 2025.\" \/>\n<meta property=\"og:url\" content=\"https:\/\/www.cgfmanet.org\/es\/infoesfera\/gracias-papa-francisco\/\" \/>\n<meta property=\"og:site_name\" content=\"Istituto Figlie di Maria Ausiliatrice\" \/>\n<meta property=\"article:publisher\" content=\"https:\/\/www.facebook.com\/salesian.sisters.of.don.bosco\/\" \/>\n<meta property=\"article:published_time\" content=\"2025-04-25T18:56:49+00:00\" \/>\n<meta property=\"og:image\" content=\"https:\/\/www.cgfmanet.org\/wp-content\/uploads\/2025\/04\/Papa-Francesco_CG-XXIV.jpg\" \/>\n\t<meta property=\"og:image:width\" content=\"1181\" \/>\n\t<meta property=\"og:image:height\" content=\"788\" \/>\n\t<meta property=\"og:image:type\" content=\"image\/jpeg\" \/>\n<meta name=\"author\" content=\"Redazione\" \/>\n<meta name=\"twitter:card\" content=\"summary_large_image\" \/>\n<meta name=\"twitter:creator\" content=\"@Cgfmanet_Org\" \/>\n<meta name=\"twitter:site\" content=\"@Cgfmanet_Org\" \/>\n<meta name=\"twitter:label1\" content=\"Escrito por\" \/>\n\t<meta name=\"twitter:data1\" content=\"Redazione\" \/>\n\t<meta name=\"twitter:label2\" content=\"Tiempo de lectura\" \/>\n\t<meta name=\"twitter:data2\" content=\"3 minutos\" \/>\n<script type=\"application\/ld+json\" class=\"yoast-schema-graph\">{\"@context\":\"https:\\\/\\\/schema.org\",\"@graph\":[{\"@type\":\"Article\",\"@id\":\"https:\\\/\\\/www.cgfmanet.org\\\/es\\\/infoesfera\\\/gracias-papa-francisco\\\/#article\",\"isPartOf\":{\"@id\":\"https:\\\/\\\/www.cgfmanet.org\\\/es\\\/infoesfera\\\/gracias-papa-francisco\\\/\"},\"author\":{\"name\":\"Redazione\",\"@id\":\"https:\\\/\\\/www.cgfmanet.org\\\/es\\\/#\\\/schema\\\/person\\\/ce6473083f53ef0ef882cca23f0c8fb9\"},\"headline\":\"Gracias Papa Francisco\",\"datePublished\":\"2025-04-25T18:56:49+00:00\",\"mainEntityOfPage\":{\"@id\":\"https:\\\/\\\/www.cgfmanet.org\\\/es\\\/infoesfera\\\/gracias-papa-francisco\\\/\"},\"wordCount\":416,\"commentCount\":2,\"publisher\":{\"@id\":\"https:\\\/\\\/www.cgfmanet.org\\\/es\\\/#organization\"},\"image\":{\"@id\":\"https:\\\/\\\/www.cgfmanet.org\\\/es\\\/infoesfera\\\/gracias-papa-francisco\\\/#primaryimage\"},\"thumbnailUrl\":\"https:\\\/\\\/www.cgfmanet.org\\\/wp-content\\\/uploads\\\/2025\\\/04\\\/Papa-Francesco_CG-XXIV.jpg\",\"keywords\":[\"Madre General\",\"Papa Francisco\",\"Focus\",\"Preghiera\",\"Madre Chiara Cazzuola\"],\"articleSection\":[\"Infoesfera\",\"Iglesia\"],\"inLanguage\":\"es\",\"potentialAction\":[{\"@type\":\"CommentAction\",\"name\":\"Comment\",\"target\":[\"https:\\\/\\\/www.cgfmanet.org\\\/es\\\/infoesfera\\\/gracias-papa-francisco\\\/#respond\"]}]},{\"@type\":\"WebPage\",\"@id\":\"https:\\\/\\\/www.cgfmanet.org\\\/es\\\/infoesfera\\\/gracias-papa-francisco\\\/\",\"url\":\"https:\\\/\\\/www.cgfmanet.org\\\/es\\\/infoesfera\\\/gracias-papa-francisco\\\/\",\"name\":\"Gracias Papa Francisco &#8226; Istituto Figlie di Maria Ausiliatrice\",\"isPartOf\":{\"@id\":\"https:\\\/\\\/www.cgfmanet.org\\\/es\\\/#website\"},\"primaryImageOfPage\":{\"@id\":\"https:\\\/\\\/www.cgfmanet.org\\\/es\\\/infoesfera\\\/gracias-papa-francisco\\\/#primaryimage\"},\"image\":{\"@id\":\"https:\\\/\\\/www.cgfmanet.org\\\/es\\\/infoesfera\\\/gracias-papa-francisco\\\/#primaryimage\"},\"thumbnailUrl\":\"https:\\\/\\\/www.cgfmanet.org\\\/wp-content\\\/uploads\\\/2025\\\/04\\\/Papa-Francesco_CG-XXIV.jpg\",\"datePublished\":\"2025-04-25T18:56:49+00:00\",\"description\":\"Mensaje de condolencia de Madre Chiara Cazzuola, en nombre de todo el Instituto FMA, por la muerte del Papa Francisco, ocurrida el 21 de abril de 2025.\",\"breadcrumb\":{\"@id\":\"https:\\\/\\\/www.cgfmanet.org\\\/es\\\/infoesfera\\\/gracias-papa-francisco\\\/#breadcrumb\"},\"inLanguage\":\"es\",\"potentialAction\":[{\"@type\":\"ReadAction\",\"target\":[\"https:\\\/\\\/www.cgfmanet.org\\\/es\\\/infoesfera\\\/gracias-papa-francisco\\\/\"]}]},{\"@type\":\"ImageObject\",\"inLanguage\":\"es\",\"@id\":\"https:\\\/\\\/www.cgfmanet.org\\\/es\\\/infoesfera\\\/gracias-papa-francisco\\\/#primaryimage\",\"url\":\"https:\\\/\\\/www.cgfmanet.org\\\/wp-content\\\/uploads\\\/2025\\\/04\\\/Papa-Francesco_CG-XXIV.jpg\",\"contentUrl\":\"https:\\\/\\\/www.cgfmanet.org\\\/wp-content\\\/uploads\\\/2025\\\/04\\\/Papa-Francesco_CG-XXIV.jpg\",\"width\":1181,\"height\":788},{\"@type\":\"BreadcrumbList\",\"@id\":\"https:\\\/\\\/www.cgfmanet.org\\\/es\\\/infoesfera\\\/gracias-papa-francisco\\\/#breadcrumb\",\"itemListElement\":[{\"@type\":\"ListItem\",\"position\":1,\"name\":\"Home\",\"item\":\"https:\\\/\\\/www.cgfmanet.org\\\/es\\\/\"},{\"@type\":\"ListItem\",\"position\":2,\"name\":\"Gracias Papa Francisco\"}]},{\"@type\":\"WebSite\",\"@id\":\"https:\\\/\\\/www.cgfmanet.org\\\/es\\\/#website\",\"url\":\"https:\\\/\\\/www.cgfmanet.org\\\/es\\\/\",\"name\":\"Istituto Figlie di Maria Ausiliatrice\",\"description\":\"Salesiane di Don Bosco\",\"publisher\":{\"@id\":\"https:\\\/\\\/www.cgfmanet.org\\\/es\\\/#organization\"},\"potentialAction\":[{\"@type\":\"SearchAction\",\"target\":{\"@type\":\"EntryPoint\",\"urlTemplate\":\"https:\\\/\\\/www.cgfmanet.org\\\/es\\\/?s={search_term_string}\"},\"query-input\":{\"@type\":\"PropertyValueSpecification\",\"valueRequired\":true,\"valueName\":\"search_term_string\"}}],\"inLanguage\":\"es\"},{\"@type\":\"Organization\",\"@id\":\"https:\\\/\\\/www.cgfmanet.org\\\/es\\\/#organization\",\"name\":\"Istituto Figlie di Maria Ausiliatrice\",\"url\":\"https:\\\/\\\/www.cgfmanet.org\\\/es\\\/\",\"logo\":{\"@type\":\"ImageObject\",\"inLanguage\":\"es\",\"@id\":\"https:\\\/\\\/www.cgfmanet.org\\\/es\\\/#\\\/schema\\\/logo\\\/image\\\/\",\"url\":\"https:\\\/\\\/www.cgfmanet.org\\\/wp-content\\\/uploads\\\/2018\\\/10\\\/logo-fma.png\",\"contentUrl\":\"https:\\\/\\\/www.cgfmanet.org\\\/wp-content\\\/uploads\\\/2018\\\/10\\\/logo-fma.png\",\"width\":214,\"height\":55,\"caption\":\"Istituto Figlie di Maria Ausiliatrice\"},\"image\":{\"@id\":\"https:\\\/\\\/www.cgfmanet.org\\\/es\\\/#\\\/schema\\\/logo\\\/image\\\/\"},\"sameAs\":[\"https:\\\/\\\/www.facebook.com\\\/salesian.sisters.of.don.bosco\\\/\",\"https:\\\/\\\/x.com\\\/Cgfmanet_Org\",\"https:\\\/\\\/www.youtube.com\\\/channel\\\/UCmcr8yFQBV7JXeXVxyV9y5Q\"]},{\"@type\":\"Person\",\"@id\":\"https:\\\/\\\/www.cgfmanet.org\\\/es\\\/#\\\/schema\\\/person\\\/ce6473083f53ef0ef882cca23f0c8fb9\",\"name\":\"Redazione\"}]}<\/script>\n<!-- \/ Yoast SEO plugin. -->","yoast_head_json":{"title":"Gracias Papa Francisco &#8226; Istituto Figlie di Maria Ausiliatrice","description":"Mensaje de condolencia de Madre Chiara Cazzuola, en nombre de todo el Instituto FMA, por la muerte del Papa Francisco, ocurrida el 21 de abril de 2025.","robots":{"index":"index","follow":"follow","max-snippet":"max-snippet:-1","max-image-preview":"max-image-preview:large","max-video-preview":"max-video-preview:-1"},"canonical":"https:\/\/www.cgfmanet.org\/es\/infoesfera\/gracias-papa-francisco\/","og_locale":"es_ES","og_type":"article","og_title":"Gracias Papa Francisco &#8226; Istituto Figlie di Maria Ausiliatrice","og_description":"Mensaje de condolencia de Madre Chiara Cazzuola, en nombre de todo el Instituto FMA, por la muerte del Papa Francisco, ocurrida el 21 de abril de 2025.","og_url":"https:\/\/www.cgfmanet.org\/es\/infoesfera\/gracias-papa-francisco\/","og_site_name":"Istituto Figlie di Maria Ausiliatrice","article_publisher":"https:\/\/www.facebook.com\/salesian.sisters.of.don.bosco\/","article_published_time":"2025-04-25T18:56:49+00:00","og_image":[{"width":1181,"height":788,"url":"https:\/\/www.cgfmanet.org\/wp-content\/uploads\/2025\/04\/Papa-Francesco_CG-XXIV.jpg","type":"image\/jpeg"}],"author":"Redazione","twitter_card":"summary_large_image","twitter_creator":"@Cgfmanet_Org","twitter_site":"@Cgfmanet_Org","twitter_misc":{"Escrito por":"Redazione","Tiempo de lectura":"3 minutos"},"schema":{"@context":"https:\/\/schema.org","@graph":[{"@type":"Article","@id":"https:\/\/www.cgfmanet.org\/es\/infoesfera\/gracias-papa-francisco\/#article","isPartOf":{"@id":"https:\/\/www.cgfmanet.org\/es\/infoesfera\/gracias-papa-francisco\/"},"author":{"name":"Redazione","@id":"https:\/\/www.cgfmanet.org\/es\/#\/schema\/person\/ce6473083f53ef0ef882cca23f0c8fb9"},"headline":"Gracias Papa Francisco","datePublished":"2025-04-25T18:56:49+00:00","mainEntityOfPage":{"@id":"https:\/\/www.cgfmanet.org\/es\/infoesfera\/gracias-papa-francisco\/"},"wordCount":416,"commentCount":2,"publisher":{"@id":"https:\/\/www.cgfmanet.org\/es\/#organization"},"image":{"@id":"https:\/\/www.cgfmanet.org\/es\/infoesfera\/gracias-papa-francisco\/#primaryimage"},"thumbnailUrl":"https:\/\/www.cgfmanet.org\/wp-content\/uploads\/2025\/04\/Papa-Francesco_CG-XXIV.jpg","keywords":["Madre General","Papa Francisco","Focus","Preghiera","Madre Chiara Cazzuola"],"articleSection":["Infoesfera","Iglesia"],"inLanguage":"es","potentialAction":[{"@type":"CommentAction","name":"Comment","target":["https:\/\/www.cgfmanet.org\/es\/infoesfera\/gracias-papa-francisco\/#respond"]}]},{"@type":"WebPage","@id":"https:\/\/www.cgfmanet.org\/es\/infoesfera\/gracias-papa-francisco\/","url":"https:\/\/www.cgfmanet.org\/es\/infoesfera\/gracias-papa-francisco\/","name":"Gracias Papa Francisco &#8226; Istituto Figlie di Maria Ausiliatrice","isPartOf":{"@id":"https:\/\/www.cgfmanet.org\/es\/#website"},"primaryImageOfPage":{"@id":"https:\/\/www.cgfmanet.org\/es\/infoesfera\/gracias-papa-francisco\/#primaryimage"},"image":{"@id":"https:\/\/www.cgfmanet.org\/es\/infoesfera\/gracias-papa-francisco\/#primaryimage"},"thumbnailUrl":"https:\/\/www.cgfmanet.org\/wp-content\/uploads\/2025\/04\/Papa-Francesco_CG-XXIV.jpg","datePublished":"2025-04-25T18:56:49+00:00","description":"Mensaje de condolencia de Madre Chiara Cazzuola, en nombre de todo el Instituto FMA, por la muerte del Papa Francisco, ocurrida el 21 de abril de 2025.","breadcrumb":{"@id":"https:\/\/www.cgfmanet.org\/es\/infoesfera\/gracias-papa-francisco\/#breadcrumb"},"inLanguage":"es","potentialAction":[{"@type":"ReadAction","target":["https:\/\/www.cgfmanet.org\/es\/infoesfera\/gracias-papa-francisco\/"]}]},{"@type":"ImageObject","inLanguage":"es","@id":"https:\/\/www.cgfmanet.org\/es\/infoesfera\/gracias-papa-francisco\/#primaryimage","url":"https:\/\/www.cgfmanet.org\/wp-content\/uploads\/2025\/04\/Papa-Francesco_CG-XXIV.jpg","contentUrl":"https:\/\/www.cgfmanet.org\/wp-content\/uploads\/2025\/04\/Papa-Francesco_CG-XXIV.jpg","width":1181,"height":788},{"@type":"BreadcrumbList","@id":"https:\/\/www.cgfmanet.org\/es\/infoesfera\/gracias-papa-francisco\/#breadcrumb","itemListElement":[{"@type":"ListItem","position":1,"name":"Home","item":"https:\/\/www.cgfmanet.org\/es\/"},{"@type":"ListItem","position":2,"name":"Gracias Papa Francisco"}]},{"@type":"WebSite","@id":"https:\/\/www.cgfmanet.org\/es\/#website","url":"https:\/\/www.cgfmanet.org\/es\/","name":"Istituto Figlie di Maria Ausiliatrice","description":"Salesiane di Don Bosco","publisher":{"@id":"https:\/\/www.cgfmanet.org\/es\/#organization"},"potentialAction":[{"@type":"SearchAction","target":{"@type":"EntryPoint","urlTemplate":"https:\/\/www.cgfmanet.org\/es\/?s={search_term_string}"},"query-input":{"@type":"PropertyValueSpecification","valueRequired":true,"valueName":"search_term_string"}}],"inLanguage":"es"},{"@type":"Organization","@id":"https:\/\/www.cgfmanet.org\/es\/#organization","name":"Istituto Figlie di Maria Ausiliatrice","url":"https:\/\/www.cgfmanet.org\/es\/","logo":{"@type":"ImageObject","inLanguage":"es","@id":"https:\/\/www.cgfmanet.org\/es\/#\/schema\/logo\/image\/","url":"https:\/\/www.cgfmanet.org\/wp-content\/uploads\/2018\/10\/logo-fma.png","contentUrl":"https:\/\/www.cgfmanet.org\/wp-content\/uploads\/2018\/10\/logo-fma.png","width":214,"height":55,"caption":"Istituto Figlie di Maria Ausiliatrice"},"image":{"@id":"https:\/\/www.cgfmanet.org\/es\/#\/schema\/logo\/image\/"},"sameAs":["https:\/\/www.facebook.com\/salesian.sisters.of.don.bosco\/","https:\/\/x.com\/Cgfmanet_Org","https:\/\/www.youtube.com\/channel\/UCmcr8yFQBV7JXeXVxyV9y5Q"]},{"@type":"Person","@id":"https:\/\/www.cgfmanet.org\/es\/#\/schema\/person\/ce6473083f53ef0ef882cca23f0c8fb9","name":"Redazione"}]}},"_links":{"self":[{"href":"https:\/\/www.cgfmanet.org\/es\/wp-json\/wp\/v2\/posts\/132932","targetHints":{"allow":["GET"]}}],"collection":[{"href":"https:\/\/www.cgfmanet.org\/es\/wp-json\/wp\/v2\/posts"}],"about":[{"href":"https:\/\/www.cgfmanet.org\/es\/wp-json\/wp\/v2\/types\/post"}],"author":[{"embeddable":true,"href":"https:\/\/www.cgfmanet.org\/es\/wp-json\/wp\/v2\/users\/21"}],"replies":[{"embeddable":true,"href":"https:\/\/www.cgfmanet.org\/es\/wp-json\/wp\/v2\/comments?post=132932"}],"version-history":[{"count":3,"href":"https:\/\/www.cgfmanet.org\/es\/wp-json\/wp\/v2\/posts\/132932\/revisions"}],"predecessor-version":[{"id":132962,"href":"https:\/\/www.cgfmanet.org\/es\/wp-json\/wp\/v2\/posts\/132932\/revisions\/132962"}],"wp:featuredmedia":[{"embeddable":true,"href":"https:\/\/www.cgfmanet.org\/es\/wp-json\/wp\/v2\/media\/132927"}],"wp:attachment":[{"href":"https:\/\/www.cgfmanet.org\/es\/wp-json\/wp\/v2\/media?parent=132932"}],"wp:term":[{"taxonomy":"category","embeddable":true,"href":"https:\/\/www.cgfmanet.org\/es\/wp-json\/wp\/v2\/categories?post=132932"},{"taxonomy":"post_tag","embeddable":true,"href":"https:\/\/www.cgfmanet.org\/es\/wp-json\/wp\/v2\/tags?post=132932"}],"curies":[{"name":"wp","href":"https:\/\/api.w.org\/{rel}","templated":true}]}}