{"id":132002,"date":"2025-04-10T12:53:49","date_gmt":"2025-04-10T10:53:49","guid":{"rendered":"https:\/\/www.cgfmanet.org\/infoesfera\/10-commtalks-testimonianza-su-madre-rosetta-marchese\/"},"modified":"2025-04-10T21:58:50","modified_gmt":"2025-04-10T19:58:50","slug":"10o-commtalks-testimonio-sobre-madre-rosetta-marchese","status":"publish","type":"post","link":"https:\/\/www.cgfmanet.org\/es\/infoesfera\/10o-commtalks-testimonio-sobre-madre-rosetta-marchese\/","title":{"rendered":"10\u00ba CommTalkS: Testimonio sobre Madre Rosetta Marchese"},"content":{"rendered":"<p><strong>Roma (Italia).<\/strong>En el 10\u00ba v\u00eddeo de CommTalkS, la iniciativa del \u00c1mbito para la Comunicaci\u00f3n del Instituto de las Hijas de Mar\u00eda Auxiliadora con el objetivo de crear una visi\u00f3n compartida de la cultura de la comunicaci\u00f3n y ofrecer subsidios para la animaci\u00f3n, <strong>sor Mar\u00eda Chiara de la Anunciaci\u00f3n, carmelita descalza, relata su encuentro con la Sierva de Dios <a href=\"https:\/\/drive.google.com\/drive\/folders\/1BRLBPERbU3nOZpSngQYtJViThkHqr39b\" target=\"_blank\" rel=\"noopener\"><span style=\"color: #0000ff;\">Madre Rosetta Marchese<\/span><\/a><\/strong> (1922-1984), VII Superiora General del Instituto de las Hijas de Mar\u00eda Auxiliadora, que tuvo lugar en Mil\u00e1n durante la estancia hospitalaria de ambas.<\/p>\n<p>Sor Maria Chiara, que actualmente pertenece al Monasterio \u00abSant\u00edsima Virgen del Rosario\u00bb de Crotone, di\u00f3cesis de Crotone-Santa Severina, es exalumna de las FMA, habiendo asistido de ni\u00f1a a la escuela secundaria en la Casa <em>Mar\u00eda Auxiliadora de <\/em>Mil\u00e1n, via Bonvesin de la Riva. Luego madur\u00f3 su elecci\u00f3n de vida religiosa y, en 1965, ingres\u00f3 en el Carmelo de Mil\u00e1n.<\/p>\n<p>En 1975, hospitalizada por una peque\u00f1a operaci\u00f3n en la cl\u00ednica \u2018Capitanio\u2019 de las Hermanas de Maria Bambina, al enterarse de que hab\u00eda otra paciente religiosa en el centro, Sor Rosetta Marchese, que en esos a\u00f1os era Inspectora de la Inspector\u00eda Inmaculada Concepci\u00f3n de Mil\u00e1n, pidi\u00f3 poder conocerla. Aunque nunca antes hab\u00eda visto a Sor Rosetta, Sor Mar\u00eda Chiara recuerda <em>\u00abcon gran precisi\u00f3n y con mucha emoci\u00f3n\u00bb <\/em>el encuentro que tuvo con ella.\u00a0Un encuentro que siempre ha definido <em><strong>\u00abcomo un momento de luz y gracia para mi vida&#8230; un aroma de santidad\u00bb.<\/strong><\/em><\/p>\n<p>En 1984, la Sor Maria Chiara se transfierte a Calabria y durante todos estos a\u00f1os no ha vuelto a saber nada de esta religiosa que le ha dejado un recuerdo de luz. En 2020, a trav\u00e9s de un Bolet\u00edn Salesiano que lleg\u00f3 al monasterio de Crotone a trav\u00e9s de la hermana de una religiosa siciliana, leyendo el art\u00edculo \u00abSalesianamente M\u00edstica\u00bb de Sor Emilia Di Massimo, FMA, se enter\u00f3 de que se hab\u00eda abierto la Causa de Beatificaci\u00f3n y Canonizaci\u00f3n de Madre Rosetta Marchese.<\/p>\n<p>Esta entrevista nace del encuentro con la Vicepostuladora, Sor Francesca Caggiano, a quien relata su encuentro de gracia con la Sierva de Dios.<\/p>\n<div class=\"youtube-embed\" data-video_id=\"9LIROarF_A4\"><iframe title=\"CommTalkS 010 - Testimonianza su Madre Rosetta Marchese\" width=\"696\" height=\"392\" data-src=\"https:\/\/www.youtube.com\/embed\/9LIROarF_A4?feature=oembed&#038;enablejsapi=1\" frameborder=\"0\" allow=\"accelerometer; autoplay; clipboard-write; encrypted-media; gyroscope; picture-in-picture; web-share\" referrerpolicy=\"strict-origin-when-cross-origin\" allowfullscreen src=\"data:image\/svg+xml;base64,PHN2ZyB3aWR0aD0iMSIgaGVpZ2h0PSIxIiB4bWxucz0iaHR0cDovL3d3dy53My5vcmcvMjAwMC9zdmciPjwvc3ZnPg==\" class=\"lazyload\" data-load-mode=\"1\"><\/iframe><\/div>\n<p>El video est\u00e1 disponible con <strong>subt\u00edtulos en italiano, ingl\u00e9s, franc\u00e9s, portugu\u00e9s, espa\u00f1ol <\/strong>(desde la configuraci\u00f3n de YouTube). Todos los CommTalkS siguen estando disponibles el <a href=\"https:\/\/www.youtube.com\/playlist?list=PLukchW4FMtfaVA3ik85FCIY6xAa-UCw8t\" target=\"_blank\" rel=\"noopener\"><strong><span style=\"color: #0000ff;\">Canal de Youtube CGFMANET<\/span><\/strong><\/a> y se pueden recuperar en el <strong>banner lateral de la p\u00e1gina de inicio del sitio web del Instituto.<\/strong><\/p>\n","protected":false},"excerpt":{"rendered":"<p>Roma (Italia).En el 10\u00ba v\u00eddeo de CommTalkS, la iniciativa del \u00c1mbito para la Comunicaci\u00f3n del Instituto de las Hijas de Mar\u00eda Auxiliadora con el objetivo de crear una visi\u00f3n compartida [&hellip;]<\/p>\n","protected":false},"author":21,"featured_media":131997,"comment_status":"open","ping_status":"closed","sticky":false,"template":"","format":"standard","meta":{"footnotes":""},"categories":[39,206],"tags":[765,1451,1914,1931,2117],"class_list":["post-132002","post","type-post","status-publish","format-standard","has-post-thumbnail","category-infoesfera","category-educomunicacion","tag-consejera-para-la-comunicacion-social","tag-santidad-salesiana","tag-chiesa-es","tag-focus-es","tag-madre-rosetta-marchese-es"],"yoast_head":"<!-- This site is optimized with the Yoast SEO plugin v27.4 - https:\/\/yoast.com\/product\/yoast-seo-wordpress\/ -->\n<title>10\u00ba CommTalkS: Testimonio sobre Madre Rosetta Marchese &#8226; Istituto Figlie di Maria Ausiliatrice<\/title>\n<meta name=\"description\" content=\"Se publica el 10\u00ba video de los CommTalkS, con el testimonio de Sor Maria Chiara dell&#039;Annunciazione, una carmelita descalza que conoci\u00f3 a la Madre Rosetta Marchese en Mil\u00e1n en 1975.\" \/>\n<meta name=\"robots\" content=\"index, follow, max-snippet:-1, max-image-preview:large, max-video-preview:-1\" \/>\n<link rel=\"canonical\" href=\"https:\/\/www.cgfmanet.org\/es\/infoesfera\/10o-commtalks-testimonio-sobre-madre-rosetta-marchese\/\" \/>\n<meta property=\"og:locale\" content=\"es_ES\" \/>\n<meta property=\"og:type\" content=\"article\" \/>\n<meta property=\"og:title\" content=\"10\u00ba CommTalkS: Testimonio sobre Madre Rosetta Marchese &#8226; Istituto Figlie di Maria Ausiliatrice\" \/>\n<meta property=\"og:description\" content=\"Se publica el 10\u00ba video de los CommTalkS, con el testimonio de Sor Maria Chiara dell&#039;Annunciazione, una carmelita descalza que conoci\u00f3 a la Madre Rosetta Marchese en Mil\u00e1n en 1975.\" \/>\n<meta property=\"og:url\" content=\"https:\/\/www.cgfmanet.org\/es\/infoesfera\/10o-commtalks-testimonio-sobre-madre-rosetta-marchese\/\" \/>\n<meta property=\"og:site_name\" content=\"Istituto Figlie di Maria Ausiliatrice\" \/>\n<meta property=\"article:publisher\" content=\"https:\/\/www.facebook.com\/salesian.sisters.of.don.bosco\/\" \/>\n<meta property=\"article:published_time\" content=\"2025-04-10T10:53:49+00:00\" \/>\n<meta property=\"article:modified_time\" content=\"2025-04-10T19:58:50+00:00\" \/>\n<meta property=\"og:image\" content=\"https:\/\/www.cgfmanet.org\/wp-content\/uploads\/2025\/04\/CommTalkS-Madre-Rosetta.jpg\" \/>\n\t<meta property=\"og:image:width\" content=\"1181\" \/>\n\t<meta property=\"og:image:height\" content=\"787\" \/>\n\t<meta property=\"og:image:type\" content=\"image\/jpeg\" \/>\n<meta name=\"author\" content=\"Redazione\" \/>\n<meta name=\"twitter:card\" content=\"summary_large_image\" \/>\n<meta name=\"twitter:creator\" content=\"@Cgfmanet_Org\" \/>\n<meta name=\"twitter:site\" content=\"@Cgfmanet_Org\" \/>\n<meta name=\"twitter:label1\" content=\"Escrito por\" \/>\n\t<meta name=\"twitter:data1\" content=\"Redazione\" \/>\n\t<meta name=\"twitter:label2\" content=\"Tiempo de lectura\" \/>\n\t<meta name=\"twitter:data2\" content=\"3 minutos\" \/>\n<script type=\"application\/ld+json\" class=\"yoast-schema-graph\">{\"@context\":\"https:\\\/\\\/schema.org\",\"@graph\":[{\"@type\":\"Article\",\"@id\":\"https:\\\/\\\/www.cgfmanet.org\\\/es\\\/infoesfera\\\/10o-commtalks-testimonio-sobre-madre-rosetta-marchese\\\/#article\",\"isPartOf\":{\"@id\":\"https:\\\/\\\/www.cgfmanet.org\\\/es\\\/infoesfera\\\/10o-commtalks-testimonio-sobre-madre-rosetta-marchese\\\/\"},\"author\":{\"name\":\"Redazione\",\"@id\":\"https:\\\/\\\/www.cgfmanet.org\\\/es\\\/#\\\/schema\\\/person\\\/ce6473083f53ef0ef882cca23f0c8fb9\"},\"headline\":\"10\u00ba CommTalkS: Testimonio sobre Madre Rosetta Marchese\",\"datePublished\":\"2025-04-10T10:53:49+00:00\",\"dateModified\":\"2025-04-10T19:58:50+00:00\",\"mainEntityOfPage\":{\"@id\":\"https:\\\/\\\/www.cgfmanet.org\\\/es\\\/infoesfera\\\/10o-commtalks-testimonio-sobre-madre-rosetta-marchese\\\/\"},\"wordCount\":442,\"commentCount\":0,\"publisher\":{\"@id\":\"https:\\\/\\\/www.cgfmanet.org\\\/es\\\/#organization\"},\"image\":{\"@id\":\"https:\\\/\\\/www.cgfmanet.org\\\/es\\\/infoesfera\\\/10o-commtalks-testimonio-sobre-madre-rosetta-marchese\\\/#primaryimage\"},\"thumbnailUrl\":\"https:\\\/\\\/www.cgfmanet.org\\\/wp-content\\\/uploads\\\/2025\\\/04\\\/CommTalkS-Madre-Rosetta.jpg\",\"keywords\":[\"Consejera para la Comunicaci\u00f3n social\",\"Santidad Salesiana\",\"Chiesa\",\"Focus\",\"Madre Rosetta Marchese\"],\"articleSection\":[\"Infoesfera\",\"Educomunicaci\u00f3n\"],\"inLanguage\":\"es\",\"potentialAction\":[{\"@type\":\"CommentAction\",\"name\":\"Comment\",\"target\":[\"https:\\\/\\\/www.cgfmanet.org\\\/es\\\/infoesfera\\\/10o-commtalks-testimonio-sobre-madre-rosetta-marchese\\\/#respond\"]}]},{\"@type\":\"WebPage\",\"@id\":\"https:\\\/\\\/www.cgfmanet.org\\\/es\\\/infoesfera\\\/10o-commtalks-testimonio-sobre-madre-rosetta-marchese\\\/\",\"url\":\"https:\\\/\\\/www.cgfmanet.org\\\/es\\\/infoesfera\\\/10o-commtalks-testimonio-sobre-madre-rosetta-marchese\\\/\",\"name\":\"10\u00ba CommTalkS: Testimonio sobre Madre Rosetta Marchese &#8226; Istituto Figlie di Maria Ausiliatrice\",\"isPartOf\":{\"@id\":\"https:\\\/\\\/www.cgfmanet.org\\\/es\\\/#website\"},\"primaryImageOfPage\":{\"@id\":\"https:\\\/\\\/www.cgfmanet.org\\\/es\\\/infoesfera\\\/10o-commtalks-testimonio-sobre-madre-rosetta-marchese\\\/#primaryimage\"},\"image\":{\"@id\":\"https:\\\/\\\/www.cgfmanet.org\\\/es\\\/infoesfera\\\/10o-commtalks-testimonio-sobre-madre-rosetta-marchese\\\/#primaryimage\"},\"thumbnailUrl\":\"https:\\\/\\\/www.cgfmanet.org\\\/wp-content\\\/uploads\\\/2025\\\/04\\\/CommTalkS-Madre-Rosetta.jpg\",\"datePublished\":\"2025-04-10T10:53:49+00:00\",\"dateModified\":\"2025-04-10T19:58:50+00:00\",\"description\":\"Se publica el 10\u00ba video de los CommTalkS, con el testimonio de Sor Maria Chiara dell'Annunciazione, una carmelita descalza que conoci\u00f3 a la Madre Rosetta Marchese en Mil\u00e1n en 1975.\",\"breadcrumb\":{\"@id\":\"https:\\\/\\\/www.cgfmanet.org\\\/es\\\/infoesfera\\\/10o-commtalks-testimonio-sobre-madre-rosetta-marchese\\\/#breadcrumb\"},\"inLanguage\":\"es\",\"potentialAction\":[{\"@type\":\"ReadAction\",\"target\":[\"https:\\\/\\\/www.cgfmanet.org\\\/es\\\/infoesfera\\\/10o-commtalks-testimonio-sobre-madre-rosetta-marchese\\\/\"]}]},{\"@type\":\"ImageObject\",\"inLanguage\":\"es\",\"@id\":\"https:\\\/\\\/www.cgfmanet.org\\\/es\\\/infoesfera\\\/10o-commtalks-testimonio-sobre-madre-rosetta-marchese\\\/#primaryimage\",\"url\":\"https:\\\/\\\/www.cgfmanet.org\\\/wp-content\\\/uploads\\\/2025\\\/04\\\/CommTalkS-Madre-Rosetta.jpg\",\"contentUrl\":\"https:\\\/\\\/www.cgfmanet.org\\\/wp-content\\\/uploads\\\/2025\\\/04\\\/CommTalkS-Madre-Rosetta.jpg\",\"width\":1181,\"height\":787},{\"@type\":\"BreadcrumbList\",\"@id\":\"https:\\\/\\\/www.cgfmanet.org\\\/es\\\/infoesfera\\\/10o-commtalks-testimonio-sobre-madre-rosetta-marchese\\\/#breadcrumb\",\"itemListElement\":[{\"@type\":\"ListItem\",\"position\":1,\"name\":\"Home\",\"item\":\"https:\\\/\\\/www.cgfmanet.org\\\/es\\\/\"},{\"@type\":\"ListItem\",\"position\":2,\"name\":\"10\u00ba CommTalkS: Testimonio sobre Madre Rosetta Marchese\"}]},{\"@type\":\"WebSite\",\"@id\":\"https:\\\/\\\/www.cgfmanet.org\\\/es\\\/#website\",\"url\":\"https:\\\/\\\/www.cgfmanet.org\\\/es\\\/\",\"name\":\"Istituto Figlie di Maria Ausiliatrice\",\"description\":\"Salesiane di Don Bosco\",\"publisher\":{\"@id\":\"https:\\\/\\\/www.cgfmanet.org\\\/es\\\/#organization\"},\"potentialAction\":[{\"@type\":\"SearchAction\",\"target\":{\"@type\":\"EntryPoint\",\"urlTemplate\":\"https:\\\/\\\/www.cgfmanet.org\\\/es\\\/?s={search_term_string}\"},\"query-input\":{\"@type\":\"PropertyValueSpecification\",\"valueRequired\":true,\"valueName\":\"search_term_string\"}}],\"inLanguage\":\"es\"},{\"@type\":\"Organization\",\"@id\":\"https:\\\/\\\/www.cgfmanet.org\\\/es\\\/#organization\",\"name\":\"Istituto Figlie di Maria Ausiliatrice\",\"url\":\"https:\\\/\\\/www.cgfmanet.org\\\/es\\\/\",\"logo\":{\"@type\":\"ImageObject\",\"inLanguage\":\"es\",\"@id\":\"https:\\\/\\\/www.cgfmanet.org\\\/es\\\/#\\\/schema\\\/logo\\\/image\\\/\",\"url\":\"https:\\\/\\\/www.cgfmanet.org\\\/wp-content\\\/uploads\\\/2018\\\/10\\\/logo-fma.png\",\"contentUrl\":\"https:\\\/\\\/www.cgfmanet.org\\\/wp-content\\\/uploads\\\/2018\\\/10\\\/logo-fma.png\",\"width\":214,\"height\":55,\"caption\":\"Istituto Figlie di Maria Ausiliatrice\"},\"image\":{\"@id\":\"https:\\\/\\\/www.cgfmanet.org\\\/es\\\/#\\\/schema\\\/logo\\\/image\\\/\"},\"sameAs\":[\"https:\\\/\\\/www.facebook.com\\\/salesian.sisters.of.don.bosco\\\/\",\"https:\\\/\\\/x.com\\\/Cgfmanet_Org\",\"https:\\\/\\\/www.youtube.com\\\/channel\\\/UCmcr8yFQBV7JXeXVxyV9y5Q\"]},{\"@type\":\"Person\",\"@id\":\"https:\\\/\\\/www.cgfmanet.org\\\/es\\\/#\\\/schema\\\/person\\\/ce6473083f53ef0ef882cca23f0c8fb9\",\"name\":\"Redazione\"}]}<\/script>\n<!-- \/ Yoast SEO plugin. -->","yoast_head_json":{"title":"10\u00ba CommTalkS: Testimonio sobre Madre Rosetta Marchese &#8226; Istituto Figlie di Maria Ausiliatrice","description":"Se publica el 10\u00ba video de los CommTalkS, con el testimonio de Sor Maria Chiara dell'Annunciazione, una carmelita descalza que conoci\u00f3 a la Madre Rosetta Marchese en Mil\u00e1n en 1975.","robots":{"index":"index","follow":"follow","max-snippet":"max-snippet:-1","max-image-preview":"max-image-preview:large","max-video-preview":"max-video-preview:-1"},"canonical":"https:\/\/www.cgfmanet.org\/es\/infoesfera\/10o-commtalks-testimonio-sobre-madre-rosetta-marchese\/","og_locale":"es_ES","og_type":"article","og_title":"10\u00ba CommTalkS: Testimonio sobre Madre Rosetta Marchese &#8226; Istituto Figlie di Maria Ausiliatrice","og_description":"Se publica el 10\u00ba video de los CommTalkS, con el testimonio de Sor Maria Chiara dell'Annunciazione, una carmelita descalza que conoci\u00f3 a la Madre Rosetta Marchese en Mil\u00e1n en 1975.","og_url":"https:\/\/www.cgfmanet.org\/es\/infoesfera\/10o-commtalks-testimonio-sobre-madre-rosetta-marchese\/","og_site_name":"Istituto Figlie di Maria Ausiliatrice","article_publisher":"https:\/\/www.facebook.com\/salesian.sisters.of.don.bosco\/","article_published_time":"2025-04-10T10:53:49+00:00","article_modified_time":"2025-04-10T19:58:50+00:00","og_image":[{"width":1181,"height":787,"url":"https:\/\/www.cgfmanet.org\/wp-content\/uploads\/2025\/04\/CommTalkS-Madre-Rosetta.jpg","type":"image\/jpeg"}],"author":"Redazione","twitter_card":"summary_large_image","twitter_creator":"@Cgfmanet_Org","twitter_site":"@Cgfmanet_Org","twitter_misc":{"Escrito por":"Redazione","Tiempo de lectura":"3 minutos"},"schema":{"@context":"https:\/\/schema.org","@graph":[{"@type":"Article","@id":"https:\/\/www.cgfmanet.org\/es\/infoesfera\/10o-commtalks-testimonio-sobre-madre-rosetta-marchese\/#article","isPartOf":{"@id":"https:\/\/www.cgfmanet.org\/es\/infoesfera\/10o-commtalks-testimonio-sobre-madre-rosetta-marchese\/"},"author":{"name":"Redazione","@id":"https:\/\/www.cgfmanet.org\/es\/#\/schema\/person\/ce6473083f53ef0ef882cca23f0c8fb9"},"headline":"10\u00ba CommTalkS: Testimonio sobre Madre Rosetta Marchese","datePublished":"2025-04-10T10:53:49+00:00","dateModified":"2025-04-10T19:58:50+00:00","mainEntityOfPage":{"@id":"https:\/\/www.cgfmanet.org\/es\/infoesfera\/10o-commtalks-testimonio-sobre-madre-rosetta-marchese\/"},"wordCount":442,"commentCount":0,"publisher":{"@id":"https:\/\/www.cgfmanet.org\/es\/#organization"},"image":{"@id":"https:\/\/www.cgfmanet.org\/es\/infoesfera\/10o-commtalks-testimonio-sobre-madre-rosetta-marchese\/#primaryimage"},"thumbnailUrl":"https:\/\/www.cgfmanet.org\/wp-content\/uploads\/2025\/04\/CommTalkS-Madre-Rosetta.jpg","keywords":["Consejera para la Comunicaci\u00f3n social","Santidad Salesiana","Chiesa","Focus","Madre Rosetta Marchese"],"articleSection":["Infoesfera","Educomunicaci\u00f3n"],"inLanguage":"es","potentialAction":[{"@type":"CommentAction","name":"Comment","target":["https:\/\/www.cgfmanet.org\/es\/infoesfera\/10o-commtalks-testimonio-sobre-madre-rosetta-marchese\/#respond"]}]},{"@type":"WebPage","@id":"https:\/\/www.cgfmanet.org\/es\/infoesfera\/10o-commtalks-testimonio-sobre-madre-rosetta-marchese\/","url":"https:\/\/www.cgfmanet.org\/es\/infoesfera\/10o-commtalks-testimonio-sobre-madre-rosetta-marchese\/","name":"10\u00ba CommTalkS: Testimonio sobre Madre Rosetta Marchese &#8226; Istituto Figlie di Maria Ausiliatrice","isPartOf":{"@id":"https:\/\/www.cgfmanet.org\/es\/#website"},"primaryImageOfPage":{"@id":"https:\/\/www.cgfmanet.org\/es\/infoesfera\/10o-commtalks-testimonio-sobre-madre-rosetta-marchese\/#primaryimage"},"image":{"@id":"https:\/\/www.cgfmanet.org\/es\/infoesfera\/10o-commtalks-testimonio-sobre-madre-rosetta-marchese\/#primaryimage"},"thumbnailUrl":"https:\/\/www.cgfmanet.org\/wp-content\/uploads\/2025\/04\/CommTalkS-Madre-Rosetta.jpg","datePublished":"2025-04-10T10:53:49+00:00","dateModified":"2025-04-10T19:58:50+00:00","description":"Se publica el 10\u00ba video de los CommTalkS, con el testimonio de Sor Maria Chiara dell'Annunciazione, una carmelita descalza que conoci\u00f3 a la Madre Rosetta Marchese en Mil\u00e1n en 1975.","breadcrumb":{"@id":"https:\/\/www.cgfmanet.org\/es\/infoesfera\/10o-commtalks-testimonio-sobre-madre-rosetta-marchese\/#breadcrumb"},"inLanguage":"es","potentialAction":[{"@type":"ReadAction","target":["https:\/\/www.cgfmanet.org\/es\/infoesfera\/10o-commtalks-testimonio-sobre-madre-rosetta-marchese\/"]}]},{"@type":"ImageObject","inLanguage":"es","@id":"https:\/\/www.cgfmanet.org\/es\/infoesfera\/10o-commtalks-testimonio-sobre-madre-rosetta-marchese\/#primaryimage","url":"https:\/\/www.cgfmanet.org\/wp-content\/uploads\/2025\/04\/CommTalkS-Madre-Rosetta.jpg","contentUrl":"https:\/\/www.cgfmanet.org\/wp-content\/uploads\/2025\/04\/CommTalkS-Madre-Rosetta.jpg","width":1181,"height":787},{"@type":"BreadcrumbList","@id":"https:\/\/www.cgfmanet.org\/es\/infoesfera\/10o-commtalks-testimonio-sobre-madre-rosetta-marchese\/#breadcrumb","itemListElement":[{"@type":"ListItem","position":1,"name":"Home","item":"https:\/\/www.cgfmanet.org\/es\/"},{"@type":"ListItem","position":2,"name":"10\u00ba CommTalkS: Testimonio sobre Madre Rosetta Marchese"}]},{"@type":"WebSite","@id":"https:\/\/www.cgfmanet.org\/es\/#website","url":"https:\/\/www.cgfmanet.org\/es\/","name":"Istituto Figlie di Maria Ausiliatrice","description":"Salesiane di Don Bosco","publisher":{"@id":"https:\/\/www.cgfmanet.org\/es\/#organization"},"potentialAction":[{"@type":"SearchAction","target":{"@type":"EntryPoint","urlTemplate":"https:\/\/www.cgfmanet.org\/es\/?s={search_term_string}"},"query-input":{"@type":"PropertyValueSpecification","valueRequired":true,"valueName":"search_term_string"}}],"inLanguage":"es"},{"@type":"Organization","@id":"https:\/\/www.cgfmanet.org\/es\/#organization","name":"Istituto Figlie di Maria Ausiliatrice","url":"https:\/\/www.cgfmanet.org\/es\/","logo":{"@type":"ImageObject","inLanguage":"es","@id":"https:\/\/www.cgfmanet.org\/es\/#\/schema\/logo\/image\/","url":"https:\/\/www.cgfmanet.org\/wp-content\/uploads\/2018\/10\/logo-fma.png","contentUrl":"https:\/\/www.cgfmanet.org\/wp-content\/uploads\/2018\/10\/logo-fma.png","width":214,"height":55,"caption":"Istituto Figlie di Maria Ausiliatrice"},"image":{"@id":"https:\/\/www.cgfmanet.org\/es\/#\/schema\/logo\/image\/"},"sameAs":["https:\/\/www.facebook.com\/salesian.sisters.of.don.bosco\/","https:\/\/x.com\/Cgfmanet_Org","https:\/\/www.youtube.com\/channel\/UCmcr8yFQBV7JXeXVxyV9y5Q"]},{"@type":"Person","@id":"https:\/\/www.cgfmanet.org\/es\/#\/schema\/person\/ce6473083f53ef0ef882cca23f0c8fb9","name":"Redazione"}]}},"_links":{"self":[{"href":"https:\/\/www.cgfmanet.org\/es\/wp-json\/wp\/v2\/posts\/132002","targetHints":{"allow":["GET"]}}],"collection":[{"href":"https:\/\/www.cgfmanet.org\/es\/wp-json\/wp\/v2\/posts"}],"about":[{"href":"https:\/\/www.cgfmanet.org\/es\/wp-json\/wp\/v2\/types\/post"}],"author":[{"embeddable":true,"href":"https:\/\/www.cgfmanet.org\/es\/wp-json\/wp\/v2\/users\/21"}],"replies":[{"embeddable":true,"href":"https:\/\/www.cgfmanet.org\/es\/wp-json\/wp\/v2\/comments?post=132002"}],"version-history":[{"count":3,"href":"https:\/\/www.cgfmanet.org\/es\/wp-json\/wp\/v2\/posts\/132002\/revisions"}],"predecessor-version":[{"id":132198,"href":"https:\/\/www.cgfmanet.org\/es\/wp-json\/wp\/v2\/posts\/132002\/revisions\/132198"}],"wp:featuredmedia":[{"embeddable":true,"href":"https:\/\/www.cgfmanet.org\/es\/wp-json\/wp\/v2\/media\/131997"}],"wp:attachment":[{"href":"https:\/\/www.cgfmanet.org\/es\/wp-json\/wp\/v2\/media?parent=132002"}],"wp:term":[{"taxonomy":"category","embeddable":true,"href":"https:\/\/www.cgfmanet.org\/es\/wp-json\/wp\/v2\/categories?post=132002"},{"taxonomy":"post_tag","embeddable":true,"href":"https:\/\/www.cgfmanet.org\/es\/wp-json\/wp\/v2\/tags?post=132002"}],"curies":[{"name":"wp","href":"https:\/\/api.w.org\/{rel}","templated":true}]}}