{"id":131475,"date":"2025-04-02T21:42:52","date_gmt":"2025-04-02T19:42:52","guid":{"rendered":"https:\/\/www.cgfmanet.org\/infoesfera\/verso-il-150-della-1a-spedizione-missionaria-fma\/"},"modified":"2026-04-16T13:01:55","modified_gmt":"2026-04-16T11:01:55","slug":"hacia-el-150o-aniversario-de-la-1a-expedicion-misionera-fma","status":"publish","type":"post","link":"https:\/\/www.cgfmanet.org\/es\/ifma-es\/hacia-el-150o-aniversario-de-la-1a-expedicion-misionera-fma\/","title":{"rendered":"Hacia el 150\u00ba aniversario de la 1\u00aa expedici\u00f3n misionera FMA"},"content":{"rendered":"<p><strong>Roma (Italia). <\/strong><em>\u00ab\u00a1<\/em><strong><em>Es hora de reavivar el fuego!\u00bb <\/em><\/strong>(Madre Mazzarello, L 27) es el tema que acompa\u00f1a el trienio de preparaci\u00f3n para el 150 aniversario de la primera expedici\u00f3n misionera de las Hijas de Mar\u00eda Auxiliadora (14 de noviembre de 1877), que comenz\u00f3 el 14 de noviembre de 2024 con el evento de celebraci\u00f3n transmitido en vivo desde la Casa Generalicia en Roma.<\/p>\n<p><span style=\"color: #ff0000;\"><strong>EVENTO CELEBRATIVO<\/strong><\/span><\/p>\n<p><strong><span style=\"color: #0000ff;\"><a style=\"color: #0000ff;\" href=\"https:\/\/www.youtube.com\/watch?v=nB_I3mgVwjE\" target=\"_blank\" rel=\"noopener\">El evento de celebraci\u00f3n<\/a><\/span><\/strong>, transmitido en vivo por streaming, fue anunciado por la Superiora General del Instituto FMA, Madre Chiara Cazzuola, en la <span style=\"color: #0000ff;\"><strong><a style=\"color: #0000ff;\" href=\"https:\/\/www.cgfmanet.org\/es\/ifma-es\/un-sueno-que-aun-llama-circular-n-1038\/\" target=\"_blank\" rel=\"noopener\">Circular n\u00b01038<\/a><\/strong><\/span><strong>:<\/strong><\/p>\n<p><em>Cada celebraci\u00f3n, cada aniversario importante, es una llamada a volver a las ra\u00edces de nuestra historia, a las fuentes de nuestra espiritualidad. Recordemos, con alegr\u00eda y gratitud, las palabras del Papa Francisco a la Asamblea Capitular el 22 de octubre de 2021: \u00abNo olvid\u00e9is la gracia de los or\u00edgenes, la humildad y la peque\u00f1ez de los comienzos que hicieron transparente la acci\u00f3n de Dios en la vida y en los mensajes de quienes, llenos de asombro, comenzaron este camino\u00bb.<\/em><\/p>\n<p>Durante el evento, la <strong>Madre abri\u00f3 oficialmente el trienio<\/strong> de preparaci\u00f3n para el 150\u00ba aniversario de la 1\u00aa expedici\u00f3n misionera de las FMA. (<span style=\"color: #0000ff;\"><a style=\"color: #0000ff;\" href=\"https:\/\/drive.google.com\/drive\/u\/0\/folders\/1vYHxL5jZF1FZJCLUF8KlIV9TanF004WR\" target=\"_blank\" rel=\"noopener\"><strong>Mensaje de la Madre<\/strong><\/a><\/span>)<\/p>\n<p><span style=\"color: #ff0000;\"><strong>LOGO E HIMNO<\/strong><\/span><\/p>\n<p>En el mismo evento, <strong>se premi\u00f3 a los ganadores del <span style=\"color: #0000ff;\"><a style=\"color: #0000ff;\" href=\"https:\/\/www.cgfmanet.org\/es\/ifma-es\/concurso-de-logo-e-himno-para-el-150-aniversario-de-la-primera-expedicion-misionera\/\" target=\"_blank\" rel=\"noopener\">Concurso<\/a><\/span><\/strong> para la creaci\u00f3n del LOGO y el HIMNO<\/p>\n<p><strong><span style=\"color: #0000ff;\"><a style=\"color: #0000ff;\" href=\"https:\/\/www.cgfmanet.org\/es\/ifma-es\/logo-150a-primera-expedicion-misionera-del-instituto-fma\/\" target=\"_blank\" rel=\"noopener\">Info LOGO<\/a><\/span><\/strong><\/p>\n<p><strong>Descargar: <\/strong><span style=\"color: #0000ff;\"><strong><a style=\"color: #0000ff;\" href=\"https:\/\/drive.google.com\/drive\/folders\/1RBW7EydjJOca3iJm7DtrEiewnFcoj1YO?usp=drive_link\" target=\"_blank\" rel=\"noopener\">Logo 150\u00b0 1a Expedici\u00f3n Misionera<\/a><\/strong><\/span><\/p>\n<p><strong><span style=\"color: #0000ff;\"><a style=\"color: #0000ff;\" href=\"https:\/\/www.cgfmanet.org\/es\/ifma-es\/himno-150a-primera-expedicion-misionera-del-instituto-fma\/\" target=\"_blank\" rel=\"noopener\">Info HYMNO<\/a><\/span><\/strong><\/p>\n<p><strong>Descargar: <span style=\"color: #0000ff;\"><a style=\"color: #0000ff;\" href=\"https:\/\/www.youtube.com\/watch?v=nUJ6SBm_oTE\" target=\"_blank\" rel=\"noopener\">Video Himno Oficial<\/a><\/span><\/strong><\/p>\n<p><span style=\"color: #0000ff;\"><strong><a style=\"color: #0000ff;\" href=\"https:\/\/www.youtube.com\/watch?v=5JxVSp7NDFk\" target=\"_blank\" rel=\"noopener\">Video Coreograf\u00eda del himno<\/a><\/strong><\/span><\/p>\n<p><span style=\"color: #0000ff;\"><strong><a style=\"color: #0000ff;\" href=\"https:\/\/drive.google.com\/drive\/u\/0\/folders\/1X2HNkw1Z4wc-u2qJqLiFiz6UoRSWNTf_\" target=\"_blank\" rel=\"noopener\">Letra y acordes Himno<\/a><\/strong><\/span><\/p>\n<p>El 24 de noviembre de 2024, <strong>se llev\u00f3 a cabo <\/strong>el <strong><span style=\"color: #0000ff;\"><a style=\"color: #0000ff;\" href=\"https:\/\/www.cgfmanet.org\/es\/ifma-es\/festival-misionero-es-hora-de-reavivar-el-fuego\/\" target=\"_blank\" rel=\"noopener\">Festival missionario<\/a><\/span><\/strong>\u00a0en <a href=\"https:\/\/www.youtube.com\/live\/u9TIv6Fi2eI\" target=\"_blank\" rel=\"noopener\"><strong><span style=\"color: #0000ff;\">transmisi\u00f3n\u00a0 en vivo <\/span><\/strong><\/a><span style=\"color: #000000;\">desde Roma, <\/span>en el que se presentaron las canciones que llegaron a la final del concurso para la creaci\u00f3n del Himno.<\/p>\n<p>Para seguir animando a las Comunidades Educativas, para renovar la pasi\u00f3n misionera de da <em>mihi animas coetera tolle<\/em>, a continuaci\u00f3n se incluyen materiales y link \u00fatiles:<\/p>\n<p><span style=\"color: #0000ff;\"><strong><a style=\"color: #0000ff;\" href=\"https:\/\/drive.google.com\/drive\/u\/0\/folders\/1YTZJsnj3MX1GwHK6R3tI7CaYiS7CwgFt\" target=\"_blank\" rel=\"noopener\">Cronograma<\/a><\/strong><\/span><\/p>\n<p><span style=\"color: #ff0000;\"><strong>Jueves salesianos<\/strong>:<\/span> <a href=\"https:\/\/www.youtube.com\/@centrostudifma8294\/playlists\" target=\"_blank\" rel=\"noopener\"><strong><span style=\"color: #0000ff;\">lista de reproducci\u00f3n<\/span><\/strong><\/a>\u00a0&#8211; <span style=\"color: #0000ff;\"><strong><a style=\"color: #0000ff;\" href=\"https:\/\/drive.google.com\/drive\/u\/0\/folders\/1vYHxL5jZF1FZJCLUF8KlIV9TanF004WR\">textos<\/a><\/strong><\/span><\/p>\n<p><span style=\"color: #ff0000;\"><strong>CommTalkS<\/strong>:<\/span><\/p>\n<p><strong><span style=\"color: #0000ff;\"><a style=\"color: #0000ff;\" href=\"https:\/\/www.youtube.com\/watch?v=I1RxkDU4pWY&amp;list=PLukchW4FMtfaVA3ik85FCIY6xAa-UCw8t&amp;index=8\" target=\"_blank\" rel=\"noopener\">La misi\u00f3n como hospitalidad prof\u00e9tica. Prof. Samuel Komlanvi Amago, SDB (UPS)<\/a><\/span><\/strong><\/p>\n<p><span style=\"color: #ff0000;\"><strong>Entrevistas a los misioneros en la revista rivista DMA:<\/strong><\/span><\/p>\n<p><strong>Textos &#8211;<\/strong> <span style=\"color: #0000ff;\"><strong><a style=\"color: #0000ff;\" href=\"http:\/\/www.rivistadma.org\" target=\"_blank\" rel=\"noopener\">www.rivistadma.org<\/a><\/strong><\/span><\/p>\n<p><strong>V\u00eddeo \u2013<\/strong> <strong><span style=\"color: #0000ff;\"><a style=\"color: #0000ff;\" href=\"http:\/\/www.rivistadma.org\/multimedia\/\" target=\"_blank\" rel=\"noopener\">www.rivistadma.org\/multimedia\/<\/a><\/span><\/strong><\/p>\n<p><a href=\"https:\/\/www.cgfmanet.org\/es\/categoria\/ifma-es\/publicaciones\/\" target=\"_blank\" rel=\"noopener\"><span style=\"color: #0000ff;\"><strong>Publicaciones<\/strong><\/span><\/a><\/p>\n<p><span style=\"color: #0000ff;\"><strong><a style=\"color: #0000ff;\" href=\"https:\/\/drive.google.com\/drive\/u\/0\/folders\/1ivSGReRxWNu4jWtZn-Chqf9Jjbu1AXRS\" target=\"_blank\" rel=\"noopener\">PPT hist\u00f3rico<\/a><\/strong><\/span><\/p>\n<p><span style=\"color: #0000ff;\"><strong><a style=\"color: #0000ff;\" href=\"https:\/\/drive.google.com\/drive\/u\/0\/folders\/10H2hNm1Z7hpfCpt11DDY3fwSvwQJGLzL\" target=\"_blank\" rel=\"noopener\">PEM online 2026<\/a><\/strong><\/span><\/p>\n<p><span style=\"color: #0000ff;\"><strong><a style=\"color: #0000ff;\" href=\"https:\/\/drive.google.com\/drive\/u\/0\/folders\/1vYHxL5jZF1FZJCLUF8KlIV9TanF004WR\" target=\"_blank\" rel=\"noopener\">Todos los materiales<\/a><\/strong><\/span><\/p>\n<p><strong>En la categor\u00eda 150\u00ba Misiones FMA del sitio web del Instituto<\/strong>, es posible encontrar todas las noticias publicadas relacionadas con el trienio en preparaci\u00f3n al evento.<\/p>\n<p>La Madre nos invita a <em>\u00abcelebrar con coraz\u00f3n agradecido el celo misionero del Instituto para revivir, en el mundo contempor\u00e1neo de hoy, el impulso prof\u00e9tico de nuestro carisma como don a la Iglesia y a la humanidad\u00bb (Circ 1038).<\/em><\/p>\n","protected":false},"excerpt":{"rendered":"<p>Roma (Italia). \u00ab\u00a1Es hora de reavivar el fuego!\u00bb (Madre Mazzarello, L 27) es el tema que acompa\u00f1a el trienio de preparaci\u00f3n para el 150 aniversario de la primera expedici\u00f3n misionera [&hellip;]<\/p>\n","protected":false},"author":21,"featured_media":131470,"comment_status":"open","ping_status":"closed","sticky":false,"template":"","format":"standard","meta":{"footnotes":""},"categories":[2470,158],"tags":[1670,1792,1931,2140,2464],"class_list":["post-131475","post","type-post","status-publish","format-standard","has-post-thumbnail","category-150-misiones-fma","category-ifma-es","tag-carisma-salesiano-es","tag-espiritu-misionero","tag-focus-es","tag-anniversario-es","tag-150-misiones-fma"],"yoast_head":"<!-- This site is optimized with the Yoast SEO plugin v27.4 - https:\/\/yoast.com\/product\/yoast-seo-wordpress\/ -->\n<title>Hacia el 150\u00ba aniversario de la 1\u00aa expedici\u00f3n misionera FMA &#8226; Istituto Figlie di Maria Ausiliatrice<\/title>\n<meta name=\"description\" content=\"El 14 de noviembre de 2024 se abri\u00f3 oficialmente el trienio de preparaci\u00f3n al 150\u00ba aniversario de la 1\u00aa expedici\u00f3n misionera FMA (14 de noviembre de 1877). Todos los materiales y noticias para preparar el evento.\" \/>\n<meta name=\"robots\" content=\"index, follow, max-snippet:-1, max-image-preview:large, max-video-preview:-1\" \/>\n<link rel=\"canonical\" href=\"https:\/\/www.cgfmanet.org\/es\/ifma-es\/hacia-el-150o-aniversario-de-la-1a-expedicion-misionera-fma\/\" \/>\n<meta property=\"og:locale\" content=\"es_ES\" \/>\n<meta property=\"og:type\" content=\"article\" \/>\n<meta property=\"og:title\" content=\"Hacia el 150\u00ba aniversario de la 1\u00aa expedici\u00f3n misionera FMA &#8226; Istituto Figlie di Maria Ausiliatrice\" \/>\n<meta property=\"og:description\" content=\"El 14 de noviembre de 2024 se abri\u00f3 oficialmente el trienio de preparaci\u00f3n al 150\u00ba aniversario de la 1\u00aa expedici\u00f3n misionera FMA (14 de noviembre de 1877). Todos los materiales y noticias para preparar el evento.\" \/>\n<meta property=\"og:url\" content=\"https:\/\/www.cgfmanet.org\/es\/ifma-es\/hacia-el-150o-aniversario-de-la-1a-expedicion-misionera-fma\/\" \/>\n<meta property=\"og:site_name\" content=\"Istituto Figlie di Maria Ausiliatrice\" \/>\n<meta property=\"article:publisher\" content=\"https:\/\/www.facebook.com\/salesian.sisters.of.don.bosco\/\" \/>\n<meta property=\"article:published_time\" content=\"2025-04-02T19:42:52+00:00\" \/>\n<meta property=\"article:modified_time\" content=\"2026-04-16T11:01:55+00:00\" \/>\n<meta property=\"og:image\" content=\"https:\/\/www.cgfmanet.org\/wp-content\/uploads\/2025\/04\/Materiali-Triennio-150\u00b0-FMA.jpg\" \/>\n\t<meta property=\"og:image:width\" content=\"1181\" \/>\n\t<meta property=\"og:image:height\" content=\"787\" \/>\n\t<meta property=\"og:image:type\" content=\"image\/jpeg\" \/>\n<meta name=\"author\" content=\"Redazione\" \/>\n<meta name=\"twitter:card\" content=\"summary_large_image\" \/>\n<meta name=\"twitter:creator\" content=\"@Cgfmanet_Org\" \/>\n<meta name=\"twitter:site\" content=\"@Cgfmanet_Org\" \/>\n<meta name=\"twitter:label1\" content=\"Escrito por\" \/>\n\t<meta name=\"twitter:data1\" content=\"Redazione\" \/>\n\t<meta name=\"twitter:label2\" content=\"Tiempo de lectura\" \/>\n\t<meta name=\"twitter:data2\" content=\"3 minutos\" \/>\n<script type=\"application\/ld+json\" class=\"yoast-schema-graph\">{\"@context\":\"https:\\\/\\\/schema.org\",\"@graph\":[{\"@type\":\"Article\",\"@id\":\"https:\\\/\\\/www.cgfmanet.org\\\/es\\\/ifma-es\\\/hacia-el-150o-aniversario-de-la-1a-expedicion-misionera-fma\\\/#article\",\"isPartOf\":{\"@id\":\"https:\\\/\\\/www.cgfmanet.org\\\/es\\\/ifma-es\\\/hacia-el-150o-aniversario-de-la-1a-expedicion-misionera-fma\\\/\"},\"author\":{\"name\":\"Redazione\",\"@id\":\"https:\\\/\\\/www.cgfmanet.org\\\/es\\\/#\\\/schema\\\/person\\\/ce6473083f53ef0ef882cca23f0c8fb9\"},\"headline\":\"Hacia el 150\u00ba aniversario de la 1\u00aa expedici\u00f3n misionera FMA\",\"datePublished\":\"2025-04-02T19:42:52+00:00\",\"dateModified\":\"2026-04-16T11:01:55+00:00\",\"mainEntityOfPage\":{\"@id\":\"https:\\\/\\\/www.cgfmanet.org\\\/es\\\/ifma-es\\\/hacia-el-150o-aniversario-de-la-1a-expedicion-misionera-fma\\\/\"},\"wordCount\":442,\"commentCount\":0,\"publisher\":{\"@id\":\"https:\\\/\\\/www.cgfmanet.org\\\/es\\\/#organization\"},\"image\":{\"@id\":\"https:\\\/\\\/www.cgfmanet.org\\\/es\\\/ifma-es\\\/hacia-el-150o-aniversario-de-la-1a-expedicion-misionera-fma\\\/#primaryimage\"},\"thumbnailUrl\":\"https:\\\/\\\/www.cgfmanet.org\\\/wp-content\\\/uploads\\\/2025\\\/04\\\/Materiali-Triennio-150\u00b0-FMA.jpg\",\"keywords\":[\"Carisma salesiano\",\"Esp\u00edritu misionero\",\"Focus\",\"Anniversario\",\"150\u00b0 Misiones FMA\"],\"articleSection\":[\"150\u00b0 Misiones FMA\",\"IFMA\"],\"inLanguage\":\"es\",\"potentialAction\":[{\"@type\":\"CommentAction\",\"name\":\"Comment\",\"target\":[\"https:\\\/\\\/www.cgfmanet.org\\\/es\\\/ifma-es\\\/hacia-el-150o-aniversario-de-la-1a-expedicion-misionera-fma\\\/#respond\"]}]},{\"@type\":\"WebPage\",\"@id\":\"https:\\\/\\\/www.cgfmanet.org\\\/es\\\/ifma-es\\\/hacia-el-150o-aniversario-de-la-1a-expedicion-misionera-fma\\\/\",\"url\":\"https:\\\/\\\/www.cgfmanet.org\\\/es\\\/ifma-es\\\/hacia-el-150o-aniversario-de-la-1a-expedicion-misionera-fma\\\/\",\"name\":\"Hacia el 150\u00ba aniversario de la 1\u00aa expedici\u00f3n misionera FMA &#8226; Istituto Figlie di Maria Ausiliatrice\",\"isPartOf\":{\"@id\":\"https:\\\/\\\/www.cgfmanet.org\\\/es\\\/#website\"},\"primaryImageOfPage\":{\"@id\":\"https:\\\/\\\/www.cgfmanet.org\\\/es\\\/ifma-es\\\/hacia-el-150o-aniversario-de-la-1a-expedicion-misionera-fma\\\/#primaryimage\"},\"image\":{\"@id\":\"https:\\\/\\\/www.cgfmanet.org\\\/es\\\/ifma-es\\\/hacia-el-150o-aniversario-de-la-1a-expedicion-misionera-fma\\\/#primaryimage\"},\"thumbnailUrl\":\"https:\\\/\\\/www.cgfmanet.org\\\/wp-content\\\/uploads\\\/2025\\\/04\\\/Materiali-Triennio-150\u00b0-FMA.jpg\",\"datePublished\":\"2025-04-02T19:42:52+00:00\",\"dateModified\":\"2026-04-16T11:01:55+00:00\",\"description\":\"El 14 de noviembre de 2024 se abri\u00f3 oficialmente el trienio de preparaci\u00f3n al 150\u00ba aniversario de la 1\u00aa expedici\u00f3n misionera FMA (14 de noviembre de 1877). Todos los materiales y noticias para preparar el evento.\",\"breadcrumb\":{\"@id\":\"https:\\\/\\\/www.cgfmanet.org\\\/es\\\/ifma-es\\\/hacia-el-150o-aniversario-de-la-1a-expedicion-misionera-fma\\\/#breadcrumb\"},\"inLanguage\":\"es\",\"potentialAction\":[{\"@type\":\"ReadAction\",\"target\":[\"https:\\\/\\\/www.cgfmanet.org\\\/es\\\/ifma-es\\\/hacia-el-150o-aniversario-de-la-1a-expedicion-misionera-fma\\\/\"]}]},{\"@type\":\"ImageObject\",\"inLanguage\":\"es\",\"@id\":\"https:\\\/\\\/www.cgfmanet.org\\\/es\\\/ifma-es\\\/hacia-el-150o-aniversario-de-la-1a-expedicion-misionera-fma\\\/#primaryimage\",\"url\":\"https:\\\/\\\/www.cgfmanet.org\\\/wp-content\\\/uploads\\\/2025\\\/04\\\/Materiali-Triennio-150\u00b0-FMA.jpg\",\"contentUrl\":\"https:\\\/\\\/www.cgfmanet.org\\\/wp-content\\\/uploads\\\/2025\\\/04\\\/Materiali-Triennio-150\u00b0-FMA.jpg\",\"width\":1181,\"height\":787},{\"@type\":\"BreadcrumbList\",\"@id\":\"https:\\\/\\\/www.cgfmanet.org\\\/es\\\/ifma-es\\\/hacia-el-150o-aniversario-de-la-1a-expedicion-misionera-fma\\\/#breadcrumb\",\"itemListElement\":[{\"@type\":\"ListItem\",\"position\":1,\"name\":\"Home\",\"item\":\"https:\\\/\\\/www.cgfmanet.org\\\/es\\\/\"},{\"@type\":\"ListItem\",\"position\":2,\"name\":\"Hacia el 150\u00ba aniversario de la 1\u00aa expedici\u00f3n misionera FMA\"}]},{\"@type\":\"WebSite\",\"@id\":\"https:\\\/\\\/www.cgfmanet.org\\\/es\\\/#website\",\"url\":\"https:\\\/\\\/www.cgfmanet.org\\\/es\\\/\",\"name\":\"Istituto Figlie di Maria Ausiliatrice\",\"description\":\"Salesiane di Don Bosco\",\"publisher\":{\"@id\":\"https:\\\/\\\/www.cgfmanet.org\\\/es\\\/#organization\"},\"potentialAction\":[{\"@type\":\"SearchAction\",\"target\":{\"@type\":\"EntryPoint\",\"urlTemplate\":\"https:\\\/\\\/www.cgfmanet.org\\\/es\\\/?s={search_term_string}\"},\"query-input\":{\"@type\":\"PropertyValueSpecification\",\"valueRequired\":true,\"valueName\":\"search_term_string\"}}],\"inLanguage\":\"es\"},{\"@type\":\"Organization\",\"@id\":\"https:\\\/\\\/www.cgfmanet.org\\\/es\\\/#organization\",\"name\":\"Istituto Figlie di Maria Ausiliatrice\",\"url\":\"https:\\\/\\\/www.cgfmanet.org\\\/es\\\/\",\"logo\":{\"@type\":\"ImageObject\",\"inLanguage\":\"es\",\"@id\":\"https:\\\/\\\/www.cgfmanet.org\\\/es\\\/#\\\/schema\\\/logo\\\/image\\\/\",\"url\":\"https:\\\/\\\/www.cgfmanet.org\\\/wp-content\\\/uploads\\\/2018\\\/10\\\/logo-fma.png\",\"contentUrl\":\"https:\\\/\\\/www.cgfmanet.org\\\/wp-content\\\/uploads\\\/2018\\\/10\\\/logo-fma.png\",\"width\":214,\"height\":55,\"caption\":\"Istituto Figlie di Maria Ausiliatrice\"},\"image\":{\"@id\":\"https:\\\/\\\/www.cgfmanet.org\\\/es\\\/#\\\/schema\\\/logo\\\/image\\\/\"},\"sameAs\":[\"https:\\\/\\\/www.facebook.com\\\/salesian.sisters.of.don.bosco\\\/\",\"https:\\\/\\\/x.com\\\/Cgfmanet_Org\",\"https:\\\/\\\/www.youtube.com\\\/channel\\\/UCmcr8yFQBV7JXeXVxyV9y5Q\"]},{\"@type\":\"Person\",\"@id\":\"https:\\\/\\\/www.cgfmanet.org\\\/es\\\/#\\\/schema\\\/person\\\/ce6473083f53ef0ef882cca23f0c8fb9\",\"name\":\"Redazione\"}]}<\/script>\n<!-- \/ Yoast SEO plugin. -->","yoast_head_json":{"title":"Hacia el 150\u00ba aniversario de la 1\u00aa expedici\u00f3n misionera FMA &#8226; Istituto Figlie di Maria Ausiliatrice","description":"El 14 de noviembre de 2024 se abri\u00f3 oficialmente el trienio de preparaci\u00f3n al 150\u00ba aniversario de la 1\u00aa expedici\u00f3n misionera FMA (14 de noviembre de 1877). Todos los materiales y noticias para preparar el evento.","robots":{"index":"index","follow":"follow","max-snippet":"max-snippet:-1","max-image-preview":"max-image-preview:large","max-video-preview":"max-video-preview:-1"},"canonical":"https:\/\/www.cgfmanet.org\/es\/ifma-es\/hacia-el-150o-aniversario-de-la-1a-expedicion-misionera-fma\/","og_locale":"es_ES","og_type":"article","og_title":"Hacia el 150\u00ba aniversario de la 1\u00aa expedici\u00f3n misionera FMA &#8226; Istituto Figlie di Maria Ausiliatrice","og_description":"El 14 de noviembre de 2024 se abri\u00f3 oficialmente el trienio de preparaci\u00f3n al 150\u00ba aniversario de la 1\u00aa expedici\u00f3n misionera FMA (14 de noviembre de 1877). Todos los materiales y noticias para preparar el evento.","og_url":"https:\/\/www.cgfmanet.org\/es\/ifma-es\/hacia-el-150o-aniversario-de-la-1a-expedicion-misionera-fma\/","og_site_name":"Istituto Figlie di Maria Ausiliatrice","article_publisher":"https:\/\/www.facebook.com\/salesian.sisters.of.don.bosco\/","article_published_time":"2025-04-02T19:42:52+00:00","article_modified_time":"2026-04-16T11:01:55+00:00","og_image":[{"width":1181,"height":787,"url":"https:\/\/www.cgfmanet.org\/wp-content\/uploads\/2025\/04\/Materiali-Triennio-150\u00b0-FMA.jpg","type":"image\/jpeg"}],"author":"Redazione","twitter_card":"summary_large_image","twitter_creator":"@Cgfmanet_Org","twitter_site":"@Cgfmanet_Org","twitter_misc":{"Escrito por":"Redazione","Tiempo de lectura":"3 minutos"},"schema":{"@context":"https:\/\/schema.org","@graph":[{"@type":"Article","@id":"https:\/\/www.cgfmanet.org\/es\/ifma-es\/hacia-el-150o-aniversario-de-la-1a-expedicion-misionera-fma\/#article","isPartOf":{"@id":"https:\/\/www.cgfmanet.org\/es\/ifma-es\/hacia-el-150o-aniversario-de-la-1a-expedicion-misionera-fma\/"},"author":{"name":"Redazione","@id":"https:\/\/www.cgfmanet.org\/es\/#\/schema\/person\/ce6473083f53ef0ef882cca23f0c8fb9"},"headline":"Hacia el 150\u00ba aniversario de la 1\u00aa expedici\u00f3n misionera FMA","datePublished":"2025-04-02T19:42:52+00:00","dateModified":"2026-04-16T11:01:55+00:00","mainEntityOfPage":{"@id":"https:\/\/www.cgfmanet.org\/es\/ifma-es\/hacia-el-150o-aniversario-de-la-1a-expedicion-misionera-fma\/"},"wordCount":442,"commentCount":0,"publisher":{"@id":"https:\/\/www.cgfmanet.org\/es\/#organization"},"image":{"@id":"https:\/\/www.cgfmanet.org\/es\/ifma-es\/hacia-el-150o-aniversario-de-la-1a-expedicion-misionera-fma\/#primaryimage"},"thumbnailUrl":"https:\/\/www.cgfmanet.org\/wp-content\/uploads\/2025\/04\/Materiali-Triennio-150\u00b0-FMA.jpg","keywords":["Carisma salesiano","Esp\u00edritu misionero","Focus","Anniversario","150\u00b0 Misiones FMA"],"articleSection":["150\u00b0 Misiones FMA","IFMA"],"inLanguage":"es","potentialAction":[{"@type":"CommentAction","name":"Comment","target":["https:\/\/www.cgfmanet.org\/es\/ifma-es\/hacia-el-150o-aniversario-de-la-1a-expedicion-misionera-fma\/#respond"]}]},{"@type":"WebPage","@id":"https:\/\/www.cgfmanet.org\/es\/ifma-es\/hacia-el-150o-aniversario-de-la-1a-expedicion-misionera-fma\/","url":"https:\/\/www.cgfmanet.org\/es\/ifma-es\/hacia-el-150o-aniversario-de-la-1a-expedicion-misionera-fma\/","name":"Hacia el 150\u00ba aniversario de la 1\u00aa expedici\u00f3n misionera FMA &#8226; Istituto Figlie di Maria Ausiliatrice","isPartOf":{"@id":"https:\/\/www.cgfmanet.org\/es\/#website"},"primaryImageOfPage":{"@id":"https:\/\/www.cgfmanet.org\/es\/ifma-es\/hacia-el-150o-aniversario-de-la-1a-expedicion-misionera-fma\/#primaryimage"},"image":{"@id":"https:\/\/www.cgfmanet.org\/es\/ifma-es\/hacia-el-150o-aniversario-de-la-1a-expedicion-misionera-fma\/#primaryimage"},"thumbnailUrl":"https:\/\/www.cgfmanet.org\/wp-content\/uploads\/2025\/04\/Materiali-Triennio-150\u00b0-FMA.jpg","datePublished":"2025-04-02T19:42:52+00:00","dateModified":"2026-04-16T11:01:55+00:00","description":"El 14 de noviembre de 2024 se abri\u00f3 oficialmente el trienio de preparaci\u00f3n al 150\u00ba aniversario de la 1\u00aa expedici\u00f3n misionera FMA (14 de noviembre de 1877). Todos los materiales y noticias para preparar el evento.","breadcrumb":{"@id":"https:\/\/www.cgfmanet.org\/es\/ifma-es\/hacia-el-150o-aniversario-de-la-1a-expedicion-misionera-fma\/#breadcrumb"},"inLanguage":"es","potentialAction":[{"@type":"ReadAction","target":["https:\/\/www.cgfmanet.org\/es\/ifma-es\/hacia-el-150o-aniversario-de-la-1a-expedicion-misionera-fma\/"]}]},{"@type":"ImageObject","inLanguage":"es","@id":"https:\/\/www.cgfmanet.org\/es\/ifma-es\/hacia-el-150o-aniversario-de-la-1a-expedicion-misionera-fma\/#primaryimage","url":"https:\/\/www.cgfmanet.org\/wp-content\/uploads\/2025\/04\/Materiali-Triennio-150\u00b0-FMA.jpg","contentUrl":"https:\/\/www.cgfmanet.org\/wp-content\/uploads\/2025\/04\/Materiali-Triennio-150\u00b0-FMA.jpg","width":1181,"height":787},{"@type":"BreadcrumbList","@id":"https:\/\/www.cgfmanet.org\/es\/ifma-es\/hacia-el-150o-aniversario-de-la-1a-expedicion-misionera-fma\/#breadcrumb","itemListElement":[{"@type":"ListItem","position":1,"name":"Home","item":"https:\/\/www.cgfmanet.org\/es\/"},{"@type":"ListItem","position":2,"name":"Hacia el 150\u00ba aniversario de la 1\u00aa expedici\u00f3n misionera FMA"}]},{"@type":"WebSite","@id":"https:\/\/www.cgfmanet.org\/es\/#website","url":"https:\/\/www.cgfmanet.org\/es\/","name":"Istituto Figlie di Maria Ausiliatrice","description":"Salesiane di Don Bosco","publisher":{"@id":"https:\/\/www.cgfmanet.org\/es\/#organization"},"potentialAction":[{"@type":"SearchAction","target":{"@type":"EntryPoint","urlTemplate":"https:\/\/www.cgfmanet.org\/es\/?s={search_term_string}"},"query-input":{"@type":"PropertyValueSpecification","valueRequired":true,"valueName":"search_term_string"}}],"inLanguage":"es"},{"@type":"Organization","@id":"https:\/\/www.cgfmanet.org\/es\/#organization","name":"Istituto Figlie di Maria Ausiliatrice","url":"https:\/\/www.cgfmanet.org\/es\/","logo":{"@type":"ImageObject","inLanguage":"es","@id":"https:\/\/www.cgfmanet.org\/es\/#\/schema\/logo\/image\/","url":"https:\/\/www.cgfmanet.org\/wp-content\/uploads\/2018\/10\/logo-fma.png","contentUrl":"https:\/\/www.cgfmanet.org\/wp-content\/uploads\/2018\/10\/logo-fma.png","width":214,"height":55,"caption":"Istituto Figlie di Maria Ausiliatrice"},"image":{"@id":"https:\/\/www.cgfmanet.org\/es\/#\/schema\/logo\/image\/"},"sameAs":["https:\/\/www.facebook.com\/salesian.sisters.of.don.bosco\/","https:\/\/x.com\/Cgfmanet_Org","https:\/\/www.youtube.com\/channel\/UCmcr8yFQBV7JXeXVxyV9y5Q"]},{"@type":"Person","@id":"https:\/\/www.cgfmanet.org\/es\/#\/schema\/person\/ce6473083f53ef0ef882cca23f0c8fb9","name":"Redazione"}]}},"_links":{"self":[{"href":"https:\/\/www.cgfmanet.org\/es\/wp-json\/wp\/v2\/posts\/131475","targetHints":{"allow":["GET"]}}],"collection":[{"href":"https:\/\/www.cgfmanet.org\/es\/wp-json\/wp\/v2\/posts"}],"about":[{"href":"https:\/\/www.cgfmanet.org\/es\/wp-json\/wp\/v2\/types\/post"}],"author":[{"embeddable":true,"href":"https:\/\/www.cgfmanet.org\/es\/wp-json\/wp\/v2\/users\/21"}],"replies":[{"embeddable":true,"href":"https:\/\/www.cgfmanet.org\/es\/wp-json\/wp\/v2\/comments?post=131475"}],"version-history":[{"count":4,"href":"https:\/\/www.cgfmanet.org\/es\/wp-json\/wp\/v2\/posts\/131475\/revisions"}],"predecessor-version":[{"id":155957,"href":"https:\/\/www.cgfmanet.org\/es\/wp-json\/wp\/v2\/posts\/131475\/revisions\/155957"}],"wp:featuredmedia":[{"embeddable":true,"href":"https:\/\/www.cgfmanet.org\/es\/wp-json\/wp\/v2\/media\/131470"}],"wp:attachment":[{"href":"https:\/\/www.cgfmanet.org\/es\/wp-json\/wp\/v2\/media?parent=131475"}],"wp:term":[{"taxonomy":"category","embeddable":true,"href":"https:\/\/www.cgfmanet.org\/es\/wp-json\/wp\/v2\/categories?post=131475"},{"taxonomy":"post_tag","embeddable":true,"href":"https:\/\/www.cgfmanet.org\/es\/wp-json\/wp\/v2\/tags?post=131475"}],"curies":[{"name":"wp","href":"https:\/\/api.w.org\/{rel}","templated":true}]}}