{"id":130631,"date":"2025-03-20T12:25:55","date_gmt":"2025-03-20T11:25:55","guid":{"rendered":"https:\/\/www.cgfmanet.org\/infoesfera\/il-santuario-di-nizza-nelle-giornate-fai-di-primavera\/"},"modified":"2025-03-22T22:47:51","modified_gmt":"2025-03-22T21:47:51","slug":"el-santuario-de-nizza-en-las-jornadas-fai-en-primavera","status":"publish","type":"post","link":"https:\/\/www.cgfmanet.org\/es\/infoesfera\/el-santuario-de-nizza-en-las-jornadas-fai-en-primavera\/","title":{"rendered":"El Santuario de Nizza en las Jornadas FAI en Primavera"},"content":{"rendered":"<p><strong>Nizza Monferrato (Italia).<\/strong> Los d\u00edas 22 y 23 de marzo, en toda Italia, la FAI-Fondo para el Ambiente Italiano ETS organiza las <strong>Jornadas FAI de Primavera<\/strong>, el evento dedicado al patrimonio cultural y paisaj\u00edstico que se celebra con la apertura de 750 lugares especiales, de norte a sur de la Pen\u00ednsula, muchos de ellos ins\u00f3litos y normalmente inaccesibles, o poco conocidos y valorados, a los que se puede acceder con visitas gratuitas en apoyo de las actividades de la Fundaci\u00f3n.<\/p>\n<p>Abrir\u00e1n sus puertas para revelar sus historias in\u00e9ditas y sorprendentes palacios, villas, castillos, teatros, lugares de educaci\u00f3n, iglesias y colecciones de arte, ejemplos de arqueolog\u00eda industrial y sitios de producci\u00f3n, pero tambi\u00e9n talleres de artesan\u00eda, faros, astilleros, a los que se agregar\u00e1n itinerarios en pueblos hist\u00f3ricos, senderos en \u00e1reas naturalistas, jardines bot\u00e1nicos, parques urbanos y visitas especiales sobre el tema de la sostenibilidad. Algunas propuestas estar\u00e1n reservadas exclusivamente para los miembros de la FAI y aquellos que se inscriban durante el evento.<\/p>\n<p><strong>El complejo del Instituto \u00ab<\/strong> <strong>Nostra Signora delle Grazie \u00bb de Nizza Monferrato (AL), <\/strong>de las Hijas de Mar\u00eda Auxiliadora de la Inspector\u00eda de <em>Mar\u00eda Auxiliadora<\/em> (IPI), se adhiere a la iniciativa, abriendo sus puertas a los visitantes y peregrinos del Jubileo.<\/p>\n<p>Los or\u00edgenes de la estructura parecen remontarse a un lugar de culto mariano del siglo XIII: una peque\u00f1a iglesia rural, \u00abSanta Maria di Lintignano\u00bb. Querida por los ciudadanos, no solo la Iglesia, sino toda la estructura, todav\u00eda se llama \u00abla Virgen\u00bb.<\/p>\n<p>Antes de la compra por parte de San Juan Bosco en 1877, se alternaban all\u00ed tres familias franciscanas: los Amade\u00edtas Menores, los Observantes Menores y finalmente los frailes Capuchinos. <strong>En 1879 se convirti\u00f3 en la Casa Madre de las Hijas de Mar\u00eda Auxiliadora. <\/strong><\/p>\n<p><strong>El Santuario Mariano<\/strong>, muy querido por los ciudadanos de Niza y por la Familia Salesiana, siempre ha sido un lugar de peregrinaciones, de oraci\u00f3n, de fen\u00f3menos m\u00edsticos y de milagros. Renovado varias veces y ampliado, hoy contiene pinturas de Piero Dalle Ceste y pintores locales, una estatua de la Auxiliadora donada por Don Bosco y un \u00f3rgano de 1900 de Carlo Bossi, ampliado y electrificado en 1978, alcanzando actualmente los 2000 tubos. El 31 de enero de 2025, en la solemnidad de San Juan Bosco, el obispo de la di\u00f3cesis de Acqui, monse\u00f1or Luigi Testore, inaugur\u00f3 el Jubileo de la Esperanza en el Santuario <em>de \u201d<\/em><strong><em>Nostra Signora delle Grazie\u201d<\/em><\/strong>, designado por decreto de la Curia Episcopal, el 8 de diciembre de 2024, como <span style=\"color: #0000ff;\"><strong><a style=\"color: #0000ff;\" href=\"https:\/\/www.cgfmanet.org\/es\/infoesfera\/inauguracion-del-ano-jubilar-santuario-de-niza\/\" target=\"_blank\" rel=\"noopener\">Iglesia Jubilar<\/a><\/strong><\/span>.<\/p>\n<p><strong>La habitaci\u00f3n de Madre Mazzarello es el coraz\u00f3n palpitante de la estructura.<\/strong> Es la pieza donde la Santa vivi\u00f3 los \u00faltimos a\u00f1os de su vida: del 3 de febrero de 1879 al 14 de mayo de 1881. Fueron a\u00f1os intensos para la historia del Instituto: a\u00f1os de expansi\u00f3n con las primeras hermanas que partieron para Am\u00e9rica Latina en 1877, a\u00f1os de consolidaci\u00f3n, con la apertura de nuevas obras.<\/p>\n<p><strong>Solo para los inscritos Fai ser\u00e1 posible visitar la Iglesia del Sagrado Coraz\u00f3n y la Sala de la Memoria.<\/strong><\/p>\n<p><strong>La Iglesia del Sagrado Coraz\u00f3n<\/strong> fue encargada por Madre Elisa Roncallo, Consejera General de las Hijas de Mar\u00eda Auxiliadora, para ni\u00f1as externas (alumnas, ex alumnas y oratorianas). En los a\u00f1os 90 esta estructura fue renovada para construir aulas en el piso superior, mientras que el piso inferior sigui\u00f3 siendo un lugar de oraci\u00f3n y memoria.<\/p>\n<p><strong>La Sala de la Memoria<\/strong> conserva objetos que recuerdan la presencia de las FMA en Nizza Monferrato: artefactos, recuerdos, objetos del mundo salesiano, reliquias, etc. El Observatorio Meteorol\u00f3gico, encargado en 1891 por el salesiano P. C. Bretto, como complemento para los estudiantes de secundaria, estaba equipado con instrumentos de \u00faltima generaci\u00f3n; activo hasta los a\u00f1os 60 y 70, enviaba los datos a Tur\u00edn y Roma en la Oficina Central de Meteorolog\u00eda y Geof\u00edsica.<\/p>\n<p><strong>Con motivo del Jubileo, el Santuario tambi\u00e9n se adhiere a la iniciativa<\/strong> <strong><em><span style=\"color: #0000ff;\"><a style=\"color: #0000ff;\" href=\"https:\/\/www.cgfmanet.org\/es\/infoesfera\/el-santuario-de-nizza-templo-jubilar-y-lugares-del-corazon\/\" target=\"_blank\" rel=\"noopener\">I <\/a><\/span><\/em><span style=\"color: #0000ff;\"><a style=\"color: #0000ff;\" href=\"https:\/\/www.cgfmanet.org\/es\/infoesfera\/el-santuario-de-nizza-templo-jubilar-y-lugares-del-corazon\/\"><em>Luoghi del Cuore<\/em><\/a><\/span><\/strong><strong> de la FAI<\/strong> en colaboraci\u00f3n con Intesa Sanpaolo. La convocatoria a la que nos hemos adherido pone a disposici\u00f3n una serie de aportaciones para llevar a cabo proyectos de restauraci\u00f3n y revalorizaci\u00f3n del Santuario, a trav\u00e9s de la disponibilidad de quienes quieran apoyarlo. <strong>Todav\u00eda es posible votar <\/strong><em><strong>en l\u00ednea<\/strong><\/em> a trav\u00e9s del <span style=\"color: #0000ff;\"><strong><a style=\"color: #0000ff;\" href=\"https:\/\/fondoambiente.it\/luoghi\/nostra-signora-delle-grazie?ldc\" target=\"_blank\" rel=\"noopener\">sito web del FAI<\/a><\/strong><\/span>.<\/p>\n<p><strong>Un simple clic es suficiente para sostener este Santuario, rico en historia y espiritualidad<\/strong>, como explica en este v\u00eddeo la Directora, sor Piera Cavagli\u00e0, ex Secretaria General del Instituto FMA:<\/p>\n<div class=\"youtube-embed\" data-video_id=\"1BVGKSv4VgI\"><iframe title=\"ITA sr Piera Cavagli\u00e0: Il santuario di Nizza M. &quot;Luogo del Cuore&quot;\" width=\"696\" height=\"392\" data-src=\"https:\/\/www.youtube.com\/embed\/1BVGKSv4VgI?feature=oembed&#038;enablejsapi=1\" frameborder=\"0\" allow=\"accelerometer; autoplay; clipboard-write; encrypted-media; gyroscope; picture-in-picture; web-share\" referrerpolicy=\"strict-origin-when-cross-origin\" allowfullscreen src=\"data:image\/svg+xml;base64,PHN2ZyB3aWR0aD0iMSIgaGVpZ2h0PSIxIiB4bWxucz0iaHR0cDovL3d3dy53My5vcmcvMjAwMC9zdmciPjwvc3ZnPg==\" class=\"lazyload\" data-load-mode=\"1\"><\/iframe><\/div>\n","protected":false},"excerpt":{"rendered":"<p>Nizza Monferrato (Italia). Los d\u00edas 22 y 23 de marzo, en toda Italia, la FAI-Fondo para el Ambiente Italiano ETS organiza las Jornadas FAI de Primavera, el evento dedicado al [&hellip;]<\/p>\n","protected":false},"author":21,"featured_media":130626,"comment_status":"open","ping_status":"closed","sticky":false,"template":"","format":"standard","meta":{"footnotes":""},"categories":[39,195],"tags":[1223,1669,1670,1931,2450],"class_list":["post-130631","post","type-post","status-publish","format-standard","has-post-thumbnail","category-infoesfera","category-ciudadania","tag-ipi-es","tag-spiritualita-salesiana-es","tag-carisma-salesiano-es","tag-focus-es","tag-jubileo-2025"],"yoast_head":"<!-- This site is optimized with the Yoast SEO plugin v27.4 - https:\/\/yoast.com\/product\/yoast-seo-wordpress\/ -->\n<title>El Santuario de Nizza en las Jornadas FAI en Primavera &#8226; Istituto Figlie di Maria Ausiliatrice<\/title>\n<meta name=\"description\" content=\"El Santuario de Nuestra Se\u00f1ora de las Gracias de las FMA en Nizza Monferrato es uno de los lugares italianos que se pueden visitar los d\u00edas 22 y 23 de marzo de 2025, en el marco de las Jornadas de Primavera de la FAI.\" \/>\n<meta name=\"robots\" content=\"index, follow, max-snippet:-1, max-image-preview:large, max-video-preview:-1\" \/>\n<link rel=\"canonical\" href=\"https:\/\/www.cgfmanet.org\/es\/infoesfera\/el-santuario-de-nizza-en-las-jornadas-fai-en-primavera\/\" \/>\n<meta property=\"og:locale\" content=\"es_ES\" \/>\n<meta property=\"og:type\" content=\"article\" \/>\n<meta property=\"og:title\" content=\"El Santuario de Nizza en las Jornadas FAI en Primavera &#8226; Istituto Figlie di Maria Ausiliatrice\" \/>\n<meta property=\"og:description\" content=\"El Santuario de Nuestra Se\u00f1ora de las Gracias de las FMA en Nizza Monferrato es uno de los lugares italianos que se pueden visitar los d\u00edas 22 y 23 de marzo de 2025, en el marco de las Jornadas de Primavera de la FAI.\" \/>\n<meta property=\"og:url\" content=\"https:\/\/www.cgfmanet.org\/es\/infoesfera\/el-santuario-de-nizza-en-las-jornadas-fai-en-primavera\/\" \/>\n<meta property=\"og:site_name\" content=\"Istituto Figlie di Maria Ausiliatrice\" \/>\n<meta property=\"article:publisher\" content=\"https:\/\/www.facebook.com\/salesian.sisters.of.don.bosco\/\" \/>\n<meta property=\"article:published_time\" content=\"2025-03-20T11:25:55+00:00\" \/>\n<meta property=\"article:modified_time\" content=\"2025-03-22T21:47:51+00:00\" \/>\n<meta property=\"og:image\" content=\"https:\/\/www.cgfmanet.org\/wp-content\/uploads\/2025\/03\/Santuario-Nizza_FAI.jpg\" \/>\n\t<meta property=\"og:image:width\" content=\"1200\" \/>\n\t<meta property=\"og:image:height\" content=\"800\" \/>\n\t<meta property=\"og:image:type\" content=\"image\/jpeg\" \/>\n<meta name=\"author\" content=\"Redazione\" \/>\n<meta name=\"twitter:card\" content=\"summary_large_image\" \/>\n<meta name=\"twitter:creator\" content=\"@Cgfmanet_Org\" \/>\n<meta name=\"twitter:site\" content=\"@Cgfmanet_Org\" \/>\n<meta name=\"twitter:label1\" content=\"Escrito por\" \/>\n\t<meta name=\"twitter:data1\" content=\"Redazione\" \/>\n\t<meta name=\"twitter:label2\" content=\"Tiempo de lectura\" \/>\n\t<meta name=\"twitter:data2\" content=\"5 minutos\" \/>\n<script type=\"application\/ld+json\" class=\"yoast-schema-graph\">{\"@context\":\"https:\\\/\\\/schema.org\",\"@graph\":[{\"@type\":\"Article\",\"@id\":\"https:\\\/\\\/www.cgfmanet.org\\\/es\\\/infoesfera\\\/el-santuario-de-nizza-en-las-jornadas-fai-en-primavera\\\/#article\",\"isPartOf\":{\"@id\":\"https:\\\/\\\/www.cgfmanet.org\\\/es\\\/infoesfera\\\/el-santuario-de-nizza-en-las-jornadas-fai-en-primavera\\\/\"},\"author\":{\"name\":\"Redazione\",\"@id\":\"https:\\\/\\\/www.cgfmanet.org\\\/es\\\/#\\\/schema\\\/person\\\/ce6473083f53ef0ef882cca23f0c8fb9\"},\"headline\":\"El Santuario de Nizza en las Jornadas FAI en Primavera\",\"datePublished\":\"2025-03-20T11:25:55+00:00\",\"dateModified\":\"2025-03-22T21:47:51+00:00\",\"mainEntityOfPage\":{\"@id\":\"https:\\\/\\\/www.cgfmanet.org\\\/es\\\/infoesfera\\\/el-santuario-de-nizza-en-las-jornadas-fai-en-primavera\\\/\"},\"wordCount\":785,\"commentCount\":3,\"publisher\":{\"@id\":\"https:\\\/\\\/www.cgfmanet.org\\\/es\\\/#organization\"},\"image\":{\"@id\":\"https:\\\/\\\/www.cgfmanet.org\\\/es\\\/infoesfera\\\/el-santuario-de-nizza-en-las-jornadas-fai-en-primavera\\\/#primaryimage\"},\"thumbnailUrl\":\"https:\\\/\\\/www.cgfmanet.org\\\/wp-content\\\/uploads\\\/2025\\\/03\\\/Santuario-Nizza_FAI.jpg\",\"keywords\":[\"IPI\",\"Spiritualit\u00e0 Salesiana\",\"Carisma salesiano\",\"Focus\",\"Jubileo 2025\"],\"articleSection\":[\"Infoesfera\",\"Ciudadan\u00eda\"],\"inLanguage\":\"es\",\"potentialAction\":[{\"@type\":\"CommentAction\",\"name\":\"Comment\",\"target\":[\"https:\\\/\\\/www.cgfmanet.org\\\/es\\\/infoesfera\\\/el-santuario-de-nizza-en-las-jornadas-fai-en-primavera\\\/#respond\"]}]},{\"@type\":\"WebPage\",\"@id\":\"https:\\\/\\\/www.cgfmanet.org\\\/es\\\/infoesfera\\\/el-santuario-de-nizza-en-las-jornadas-fai-en-primavera\\\/\",\"url\":\"https:\\\/\\\/www.cgfmanet.org\\\/es\\\/infoesfera\\\/el-santuario-de-nizza-en-las-jornadas-fai-en-primavera\\\/\",\"name\":\"El Santuario de Nizza en las Jornadas FAI en Primavera &#8226; Istituto Figlie di Maria Ausiliatrice\",\"isPartOf\":{\"@id\":\"https:\\\/\\\/www.cgfmanet.org\\\/es\\\/#website\"},\"primaryImageOfPage\":{\"@id\":\"https:\\\/\\\/www.cgfmanet.org\\\/es\\\/infoesfera\\\/el-santuario-de-nizza-en-las-jornadas-fai-en-primavera\\\/#primaryimage\"},\"image\":{\"@id\":\"https:\\\/\\\/www.cgfmanet.org\\\/es\\\/infoesfera\\\/el-santuario-de-nizza-en-las-jornadas-fai-en-primavera\\\/#primaryimage\"},\"thumbnailUrl\":\"https:\\\/\\\/www.cgfmanet.org\\\/wp-content\\\/uploads\\\/2025\\\/03\\\/Santuario-Nizza_FAI.jpg\",\"datePublished\":\"2025-03-20T11:25:55+00:00\",\"dateModified\":\"2025-03-22T21:47:51+00:00\",\"description\":\"El Santuario de Nuestra Se\u00f1ora de las Gracias de las FMA en Nizza Monferrato es uno de los lugares italianos que se pueden visitar los d\u00edas 22 y 23 de marzo de 2025, en el marco de las Jornadas de Primavera de la FAI.\",\"breadcrumb\":{\"@id\":\"https:\\\/\\\/www.cgfmanet.org\\\/es\\\/infoesfera\\\/el-santuario-de-nizza-en-las-jornadas-fai-en-primavera\\\/#breadcrumb\"},\"inLanguage\":\"es\",\"potentialAction\":[{\"@type\":\"ReadAction\",\"target\":[\"https:\\\/\\\/www.cgfmanet.org\\\/es\\\/infoesfera\\\/el-santuario-de-nizza-en-las-jornadas-fai-en-primavera\\\/\"]}]},{\"@type\":\"ImageObject\",\"inLanguage\":\"es\",\"@id\":\"https:\\\/\\\/www.cgfmanet.org\\\/es\\\/infoesfera\\\/el-santuario-de-nizza-en-las-jornadas-fai-en-primavera\\\/#primaryimage\",\"url\":\"https:\\\/\\\/www.cgfmanet.org\\\/wp-content\\\/uploads\\\/2025\\\/03\\\/Santuario-Nizza_FAI.jpg\",\"contentUrl\":\"https:\\\/\\\/www.cgfmanet.org\\\/wp-content\\\/uploads\\\/2025\\\/03\\\/Santuario-Nizza_FAI.jpg\",\"width\":1200,\"height\":800},{\"@type\":\"BreadcrumbList\",\"@id\":\"https:\\\/\\\/www.cgfmanet.org\\\/es\\\/infoesfera\\\/el-santuario-de-nizza-en-las-jornadas-fai-en-primavera\\\/#breadcrumb\",\"itemListElement\":[{\"@type\":\"ListItem\",\"position\":1,\"name\":\"Home\",\"item\":\"https:\\\/\\\/www.cgfmanet.org\\\/es\\\/\"},{\"@type\":\"ListItem\",\"position\":2,\"name\":\"El Santuario de Nizza en las Jornadas FAI en Primavera\"}]},{\"@type\":\"WebSite\",\"@id\":\"https:\\\/\\\/www.cgfmanet.org\\\/es\\\/#website\",\"url\":\"https:\\\/\\\/www.cgfmanet.org\\\/es\\\/\",\"name\":\"Istituto Figlie di Maria Ausiliatrice\",\"description\":\"Salesiane di Don Bosco\",\"publisher\":{\"@id\":\"https:\\\/\\\/www.cgfmanet.org\\\/es\\\/#organization\"},\"potentialAction\":[{\"@type\":\"SearchAction\",\"target\":{\"@type\":\"EntryPoint\",\"urlTemplate\":\"https:\\\/\\\/www.cgfmanet.org\\\/es\\\/?s={search_term_string}\"},\"query-input\":{\"@type\":\"PropertyValueSpecification\",\"valueRequired\":true,\"valueName\":\"search_term_string\"}}],\"inLanguage\":\"es\"},{\"@type\":\"Organization\",\"@id\":\"https:\\\/\\\/www.cgfmanet.org\\\/es\\\/#organization\",\"name\":\"Istituto Figlie di Maria Ausiliatrice\",\"url\":\"https:\\\/\\\/www.cgfmanet.org\\\/es\\\/\",\"logo\":{\"@type\":\"ImageObject\",\"inLanguage\":\"es\",\"@id\":\"https:\\\/\\\/www.cgfmanet.org\\\/es\\\/#\\\/schema\\\/logo\\\/image\\\/\",\"url\":\"https:\\\/\\\/www.cgfmanet.org\\\/wp-content\\\/uploads\\\/2018\\\/10\\\/logo-fma.png\",\"contentUrl\":\"https:\\\/\\\/www.cgfmanet.org\\\/wp-content\\\/uploads\\\/2018\\\/10\\\/logo-fma.png\",\"width\":214,\"height\":55,\"caption\":\"Istituto Figlie di Maria Ausiliatrice\"},\"image\":{\"@id\":\"https:\\\/\\\/www.cgfmanet.org\\\/es\\\/#\\\/schema\\\/logo\\\/image\\\/\"},\"sameAs\":[\"https:\\\/\\\/www.facebook.com\\\/salesian.sisters.of.don.bosco\\\/\",\"https:\\\/\\\/x.com\\\/Cgfmanet_Org\",\"https:\\\/\\\/www.youtube.com\\\/channel\\\/UCmcr8yFQBV7JXeXVxyV9y5Q\"]},{\"@type\":\"Person\",\"@id\":\"https:\\\/\\\/www.cgfmanet.org\\\/es\\\/#\\\/schema\\\/person\\\/ce6473083f53ef0ef882cca23f0c8fb9\",\"name\":\"Redazione\"}]}<\/script>\n<!-- \/ Yoast SEO plugin. -->","yoast_head_json":{"title":"El Santuario de Nizza en las Jornadas FAI en Primavera &#8226; Istituto Figlie di Maria Ausiliatrice","description":"El Santuario de Nuestra Se\u00f1ora de las Gracias de las FMA en Nizza Monferrato es uno de los lugares italianos que se pueden visitar los d\u00edas 22 y 23 de marzo de 2025, en el marco de las Jornadas de Primavera de la FAI.","robots":{"index":"index","follow":"follow","max-snippet":"max-snippet:-1","max-image-preview":"max-image-preview:large","max-video-preview":"max-video-preview:-1"},"canonical":"https:\/\/www.cgfmanet.org\/es\/infoesfera\/el-santuario-de-nizza-en-las-jornadas-fai-en-primavera\/","og_locale":"es_ES","og_type":"article","og_title":"El Santuario de Nizza en las Jornadas FAI en Primavera &#8226; Istituto Figlie di Maria Ausiliatrice","og_description":"El Santuario de Nuestra Se\u00f1ora de las Gracias de las FMA en Nizza Monferrato es uno de los lugares italianos que se pueden visitar los d\u00edas 22 y 23 de marzo de 2025, en el marco de las Jornadas de Primavera de la FAI.","og_url":"https:\/\/www.cgfmanet.org\/es\/infoesfera\/el-santuario-de-nizza-en-las-jornadas-fai-en-primavera\/","og_site_name":"Istituto Figlie di Maria Ausiliatrice","article_publisher":"https:\/\/www.facebook.com\/salesian.sisters.of.don.bosco\/","article_published_time":"2025-03-20T11:25:55+00:00","article_modified_time":"2025-03-22T21:47:51+00:00","og_image":[{"width":1200,"height":800,"url":"https:\/\/www.cgfmanet.org\/wp-content\/uploads\/2025\/03\/Santuario-Nizza_FAI.jpg","type":"image\/jpeg"}],"author":"Redazione","twitter_card":"summary_large_image","twitter_creator":"@Cgfmanet_Org","twitter_site":"@Cgfmanet_Org","twitter_misc":{"Escrito por":"Redazione","Tiempo de lectura":"5 minutos"},"schema":{"@context":"https:\/\/schema.org","@graph":[{"@type":"Article","@id":"https:\/\/www.cgfmanet.org\/es\/infoesfera\/el-santuario-de-nizza-en-las-jornadas-fai-en-primavera\/#article","isPartOf":{"@id":"https:\/\/www.cgfmanet.org\/es\/infoesfera\/el-santuario-de-nizza-en-las-jornadas-fai-en-primavera\/"},"author":{"name":"Redazione","@id":"https:\/\/www.cgfmanet.org\/es\/#\/schema\/person\/ce6473083f53ef0ef882cca23f0c8fb9"},"headline":"El Santuario de Nizza en las Jornadas FAI en Primavera","datePublished":"2025-03-20T11:25:55+00:00","dateModified":"2025-03-22T21:47:51+00:00","mainEntityOfPage":{"@id":"https:\/\/www.cgfmanet.org\/es\/infoesfera\/el-santuario-de-nizza-en-las-jornadas-fai-en-primavera\/"},"wordCount":785,"commentCount":3,"publisher":{"@id":"https:\/\/www.cgfmanet.org\/es\/#organization"},"image":{"@id":"https:\/\/www.cgfmanet.org\/es\/infoesfera\/el-santuario-de-nizza-en-las-jornadas-fai-en-primavera\/#primaryimage"},"thumbnailUrl":"https:\/\/www.cgfmanet.org\/wp-content\/uploads\/2025\/03\/Santuario-Nizza_FAI.jpg","keywords":["IPI","Spiritualit\u00e0 Salesiana","Carisma salesiano","Focus","Jubileo 2025"],"articleSection":["Infoesfera","Ciudadan\u00eda"],"inLanguage":"es","potentialAction":[{"@type":"CommentAction","name":"Comment","target":["https:\/\/www.cgfmanet.org\/es\/infoesfera\/el-santuario-de-nizza-en-las-jornadas-fai-en-primavera\/#respond"]}]},{"@type":"WebPage","@id":"https:\/\/www.cgfmanet.org\/es\/infoesfera\/el-santuario-de-nizza-en-las-jornadas-fai-en-primavera\/","url":"https:\/\/www.cgfmanet.org\/es\/infoesfera\/el-santuario-de-nizza-en-las-jornadas-fai-en-primavera\/","name":"El Santuario de Nizza en las Jornadas FAI en Primavera &#8226; Istituto Figlie di Maria Ausiliatrice","isPartOf":{"@id":"https:\/\/www.cgfmanet.org\/es\/#website"},"primaryImageOfPage":{"@id":"https:\/\/www.cgfmanet.org\/es\/infoesfera\/el-santuario-de-nizza-en-las-jornadas-fai-en-primavera\/#primaryimage"},"image":{"@id":"https:\/\/www.cgfmanet.org\/es\/infoesfera\/el-santuario-de-nizza-en-las-jornadas-fai-en-primavera\/#primaryimage"},"thumbnailUrl":"https:\/\/www.cgfmanet.org\/wp-content\/uploads\/2025\/03\/Santuario-Nizza_FAI.jpg","datePublished":"2025-03-20T11:25:55+00:00","dateModified":"2025-03-22T21:47:51+00:00","description":"El Santuario de Nuestra Se\u00f1ora de las Gracias de las FMA en Nizza Monferrato es uno de los lugares italianos que se pueden visitar los d\u00edas 22 y 23 de marzo de 2025, en el marco de las Jornadas de Primavera de la FAI.","breadcrumb":{"@id":"https:\/\/www.cgfmanet.org\/es\/infoesfera\/el-santuario-de-nizza-en-las-jornadas-fai-en-primavera\/#breadcrumb"},"inLanguage":"es","potentialAction":[{"@type":"ReadAction","target":["https:\/\/www.cgfmanet.org\/es\/infoesfera\/el-santuario-de-nizza-en-las-jornadas-fai-en-primavera\/"]}]},{"@type":"ImageObject","inLanguage":"es","@id":"https:\/\/www.cgfmanet.org\/es\/infoesfera\/el-santuario-de-nizza-en-las-jornadas-fai-en-primavera\/#primaryimage","url":"https:\/\/www.cgfmanet.org\/wp-content\/uploads\/2025\/03\/Santuario-Nizza_FAI.jpg","contentUrl":"https:\/\/www.cgfmanet.org\/wp-content\/uploads\/2025\/03\/Santuario-Nizza_FAI.jpg","width":1200,"height":800},{"@type":"BreadcrumbList","@id":"https:\/\/www.cgfmanet.org\/es\/infoesfera\/el-santuario-de-nizza-en-las-jornadas-fai-en-primavera\/#breadcrumb","itemListElement":[{"@type":"ListItem","position":1,"name":"Home","item":"https:\/\/www.cgfmanet.org\/es\/"},{"@type":"ListItem","position":2,"name":"El Santuario de Nizza en las Jornadas FAI en Primavera"}]},{"@type":"WebSite","@id":"https:\/\/www.cgfmanet.org\/es\/#website","url":"https:\/\/www.cgfmanet.org\/es\/","name":"Istituto Figlie di Maria Ausiliatrice","description":"Salesiane di Don Bosco","publisher":{"@id":"https:\/\/www.cgfmanet.org\/es\/#organization"},"potentialAction":[{"@type":"SearchAction","target":{"@type":"EntryPoint","urlTemplate":"https:\/\/www.cgfmanet.org\/es\/?s={search_term_string}"},"query-input":{"@type":"PropertyValueSpecification","valueRequired":true,"valueName":"search_term_string"}}],"inLanguage":"es"},{"@type":"Organization","@id":"https:\/\/www.cgfmanet.org\/es\/#organization","name":"Istituto Figlie di Maria Ausiliatrice","url":"https:\/\/www.cgfmanet.org\/es\/","logo":{"@type":"ImageObject","inLanguage":"es","@id":"https:\/\/www.cgfmanet.org\/es\/#\/schema\/logo\/image\/","url":"https:\/\/www.cgfmanet.org\/wp-content\/uploads\/2018\/10\/logo-fma.png","contentUrl":"https:\/\/www.cgfmanet.org\/wp-content\/uploads\/2018\/10\/logo-fma.png","width":214,"height":55,"caption":"Istituto Figlie di Maria Ausiliatrice"},"image":{"@id":"https:\/\/www.cgfmanet.org\/es\/#\/schema\/logo\/image\/"},"sameAs":["https:\/\/www.facebook.com\/salesian.sisters.of.don.bosco\/","https:\/\/x.com\/Cgfmanet_Org","https:\/\/www.youtube.com\/channel\/UCmcr8yFQBV7JXeXVxyV9y5Q"]},{"@type":"Person","@id":"https:\/\/www.cgfmanet.org\/es\/#\/schema\/person\/ce6473083f53ef0ef882cca23f0c8fb9","name":"Redazione"}]}},"_links":{"self":[{"href":"https:\/\/www.cgfmanet.org\/es\/wp-json\/wp\/v2\/posts\/130631","targetHints":{"allow":["GET"]}}],"collection":[{"href":"https:\/\/www.cgfmanet.org\/es\/wp-json\/wp\/v2\/posts"}],"about":[{"href":"https:\/\/www.cgfmanet.org\/es\/wp-json\/wp\/v2\/types\/post"}],"author":[{"embeddable":true,"href":"https:\/\/www.cgfmanet.org\/es\/wp-json\/wp\/v2\/users\/21"}],"replies":[{"embeddable":true,"href":"https:\/\/www.cgfmanet.org\/es\/wp-json\/wp\/v2\/comments?post=130631"}],"version-history":[{"count":3,"href":"https:\/\/www.cgfmanet.org\/es\/wp-json\/wp\/v2\/posts\/130631\/revisions"}],"predecessor-version":[{"id":130746,"href":"https:\/\/www.cgfmanet.org\/es\/wp-json\/wp\/v2\/posts\/130631\/revisions\/130746"}],"wp:featuredmedia":[{"embeddable":true,"href":"https:\/\/www.cgfmanet.org\/es\/wp-json\/wp\/v2\/media\/130626"}],"wp:attachment":[{"href":"https:\/\/www.cgfmanet.org\/es\/wp-json\/wp\/v2\/media?parent=130631"}],"wp:term":[{"taxonomy":"category","embeddable":true,"href":"https:\/\/www.cgfmanet.org\/es\/wp-json\/wp\/v2\/categories?post=130631"},{"taxonomy":"post_tag","embeddable":true,"href":"https:\/\/www.cgfmanet.org\/es\/wp-json\/wp\/v2\/tags?post=130631"}],"curies":[{"name":"wp","href":"https:\/\/api.w.org\/{rel}","templated":true}]}}