{"id":12869,"date":"2018-09-02T10:32:45","date_gmt":"2018-09-02T08:32:45","guid":{"rendered":"https:\/\/www.cgfmanet.org\/infoesfera\/mgs-per-la-vita-e-la-speranza-dei-giovani\/"},"modified":"2019-11-29T10:41:53","modified_gmt":"2019-11-29T09:41:53","slug":"mjs-para-la-vida-y-la-esperanza-de-los-jovenes","status":"publish","type":"post","link":"https:\/\/www.cgfmanet.org\/es\/ifma-es\/carisma-salesiano-es\/mjs-para-la-vida-y-la-esperanza-de-los-jovenes\/","title":{"rendered":"MJS para la vida y la esperanza de los j\u00f3venes"},"content":{"rendered":"<p><strong>Roma (Italia). <\/strong>Hace treinta a\u00f1os (1988), con ocasi\u00f3n de las Celebraciones del Centenario de la muerte de Don Bosco, el Movimiento Juvenil Salesiano fue reconocido oficialmente como el <strong>Movimiento Juvenil Salesiano Mundial. <\/strong><\/p>\n<p><em><strong>Un poco de historia<\/strong><\/em><\/p>\n<p>El Movimiento Juvenil Salesiano (MJS) es el movimiento que re\u00fane los grupos y las asociaciones que se reconocen dentro de la espiritualidad y el compromiso educativo salesiano.<\/p>\n<p>El MGS ya en los a\u00f1os 70 en Sicilia y en algunos pa\u00edses de Sudam\u00e9rica, re\u00fane a los j\u00f3venes de los oratorios salesianos que se encuentran para compartir las propias experiencias salesianas, para crecer y formarse juntos en el estilo de Don Bosco como hombres y mujeres, como laicos comprometidos y como educadores. En 1980, en Italia, el MGS (Movimento Giovanile Salesiano) re\u00fane a los j\u00f3venes de los oratorios y de todos los ambientes educativos y de las asociaciones de los Salesianos y de las Hijas de Mar\u00eda Auxiliadora e identifica algunas pautas que, a\u00fan hoy, est\u00e1n en la base del camino del MJS.<\/p>\n<p>En 1988, con ocasi\u00f3n de los festejos del Centenario de la muerte de Don Bosco, el Rector Mayor Don Egidio Vigan\u00f2, durante un encuentro de j\u00f3venes provenientes de todas las casas salesianas del mundo, declara oficial a nivel mundial el Movimiento Juvenil Salesiano.<\/p>\n<p><em><strong>Hoy<\/strong><\/em><\/p>\n<p>A lo largo de estos a\u00f1os el Movimiento Juvenil Salesiano ha crecido y est\u00e1 en constante crecimiento. El Movimiento hace concreta y visible la comuni\u00f3n de los grupos y asociaciones juveniles que se inspiran en Don Bosco y la Madre Mazzarello. Ahora existen estructuras de coordinaci\u00f3n, sencillas y \u00e1giles, a varios niveles. El Movimiento Juvenil Salesiano es presencia pastoral \u2013 educativa \u2013 evangelizadora completa de la Familia Salesiana con los j\u00f3venes, entre los j\u00f3venes y para los j\u00f3venes; es la misi\u00f3n juvenil que une los diversos grupos de la Familia Salesiana en esp\u00edritu de colaboraci\u00f3n, particularmente SDB, FMA y Salesianos Cooperadores.<\/p>\n<p>Para conmemorar esta ocasi\u00f3n, los dos Consejeros Generales \u2013 don Fabio Attard SDB y Sor Runita Borja FMA \u2013 han publicado un mensaje dirigido a los j\u00f3venes, SDB, FMA y Salesianos Cooperadores, reclamando la fuerte sinton\u00eda entre la identidad del MGS y el camino de la Iglesia; en particular, han puesto el foco en el pr\u00f3ximo S\u00ednodo de los Obispos sobre el tema <em>Los j\u00f3venes, la fe y el discernimiento vocacional.<\/em><\/p>\n<p>En el Mensaje los dos Consejeros generales se expresan as\u00ed:<\/p>\n<p>\u201cEl foco escogido por el S\u00ednodo de los Obispos para reflexionar sobre la realidad de las j\u00f3venes generaciones tiene profunda resonancia en la identidad del Movimiento Juvenil Salesiano que, desde su origen como movimiento mundial, tiene como punto com\u00fan entre los grupos y las asociaciones juveniles que se reconocen como parte del mismo, el vivir \u201clos valores de la espiritualidad juvenil salesiana\u201d en la perspectiva vocacional, como camino de discernimiento y adhesi\u00f3n al sue\u00f1o de amor de Dios, precisamente el tema sinodal.<\/p>\n<p>Aprovechamos del 30\u00ba aniversario de vida del MGS para animaros a creer en su valor, potenciando la identidad, promoviendo las varias coordinaciones (locales, inspectoriales, nacionales, regionales, continentales) y asegurando el camino de crecimiento integral de los j\u00f3venes, a nivel personal y de grupo, cuidando particularmente el discernimiento vocacional. Profundizamos juntos, j\u00f3venes y adultos, los valores de la espiritualidad juvenil salesiana para poder vivirlos seg\u00fan los desaf\u00edos del tercer milenio: vida y cotidiano; alegr\u00eda y optimismo; amistad con Jes\u00fas; comuni\u00f3n eclesial; servicio responsable.<\/p>\n<p>He aqu\u00ed, queridos, algunos ecos que desde el coraz\u00f3n queremos compartir con vosotros. Esperemos que juntos pod\u00e1is encontrar tiempo y espacio para reflexionar sobre c\u00f3mo hacer del Movimiento Juvenil Salesiano un espacio mejor de protagonismo juvenil, camino donde responder a la llamada de Dios, realizar el propio proyector de vida y alcanzar la felicidad.<\/p>\n<p><a href=\"https:\/\/drive.google.com\/open?id=1DUoxQZmLPn8UogFW2fh9t3xz16tx3x7o\" target=\"_blank\" rel=\"noopener noreferrer\"><strong>Mensaje integral ESP<\/strong><\/a><\/p>\n","protected":false},"excerpt":{"rendered":"<p>Roma (Italia). Hace treinta a\u00f1os (1988), con ocasi\u00f3n de las Celebraciones del Centenario de la muerte de Don Bosco, el Movimiento Juvenil Salesiano fue reconocido oficialmente como el Movimiento Juvenil [&hellip;]<\/p>\n","protected":false},"author":45,"featured_media":12879,"comment_status":"open","ping_status":"closed","sticky":false,"template":"","format":"standard","meta":{"footnotes":""},"categories":[167,158],"tags":[267,1287],"class_list":["post-12869","post","type-post","status-publish","format-standard","has-post-thumbnail","category-carisma-salesiano-es","category-ifma-es","tag-consejera-para-la-pastoral-juvenil","tag-movimiento-juvenil-salesiano"],"yoast_head":"<!-- This site is optimized with the Yoast SEO plugin v27.4 - https:\/\/yoast.com\/product\/yoast-seo-wordpress\/ -->\n<title>MJS para la vida y la esperanza de los j\u00f3venes &#8226; Istituto Figlie di Maria Ausiliatrice<\/title>\n<meta name=\"robots\" content=\"index, follow, max-snippet:-1, max-image-preview:large, max-video-preview:-1\" \/>\n<link rel=\"canonical\" href=\"https:\/\/www.cgfmanet.org\/es\/ifma-es\/carisma-salesiano-es\/mjs-para-la-vida-y-la-esperanza-de-los-jovenes\/\" \/>\n<meta property=\"og:locale\" content=\"es_ES\" \/>\n<meta property=\"og:type\" content=\"article\" \/>\n<meta property=\"og:title\" content=\"MJS para la vida y la esperanza de los j\u00f3venes &#8226; Istituto Figlie di Maria Ausiliatrice\" \/>\n<meta property=\"og:description\" content=\"Roma (Italia). Hace treinta a\u00f1os (1988), con ocasi\u00f3n de las Celebraciones del Centenario de la muerte de Don Bosco, el Movimiento Juvenil Salesiano fue reconocido oficialmente como el Movimiento Juvenil [&hellip;]\" \/>\n<meta property=\"og:url\" content=\"https:\/\/www.cgfmanet.org\/es\/ifma-es\/carisma-salesiano-es\/mjs-para-la-vida-y-la-esperanza-de-los-jovenes\/\" \/>\n<meta property=\"og:site_name\" content=\"Istituto Figlie di Maria Ausiliatrice\" \/>\n<meta property=\"article:publisher\" content=\"https:\/\/www.facebook.com\/salesian.sisters.of.don.bosco\/\" \/>\n<meta property=\"article:published_time\" content=\"2018-09-02T08:32:45+00:00\" \/>\n<meta property=\"article:modified_time\" content=\"2019-11-29T09:41:53+00:00\" \/>\n<meta property=\"og:image\" content=\"https:\/\/www.cgfmanet.org\/wp-content\/uploads\/2018\/09\/vita-speranza2.jpg\" \/>\n\t<meta property=\"og:image:width\" content=\"700\" \/>\n\t<meta property=\"og:image:height\" content=\"418\" \/>\n\t<meta property=\"og:image:type\" content=\"image\/jpeg\" \/>\n<meta name=\"author\" content=\"kedos\" \/>\n<meta name=\"twitter:card\" content=\"summary_large_image\" \/>\n<meta name=\"twitter:creator\" content=\"@Cgfmanet_Org\" \/>\n<meta name=\"twitter:site\" content=\"@Cgfmanet_Org\" \/>\n<meta name=\"twitter:label1\" content=\"Escrito por\" \/>\n\t<meta name=\"twitter:data1\" content=\"kedos\" \/>\n\t<meta name=\"twitter:label2\" content=\"Tiempo de lectura\" \/>\n\t<meta name=\"twitter:data2\" content=\"3 minutos\" \/>\n<script type=\"application\/ld+json\" class=\"yoast-schema-graph\">{\"@context\":\"https:\\\/\\\/schema.org\",\"@graph\":[{\"@type\":\"Article\",\"@id\":\"https:\\\/\\\/www.cgfmanet.org\\\/es\\\/ifma-es\\\/carisma-salesiano-es\\\/mjs-para-la-vida-y-la-esperanza-de-los-jovenes\\\/#article\",\"isPartOf\":{\"@id\":\"https:\\\/\\\/www.cgfmanet.org\\\/es\\\/ifma-es\\\/carisma-salesiano-es\\\/mjs-para-la-vida-y-la-esperanza-de-los-jovenes\\\/\"},\"author\":{\"name\":\"kedos\",\"@id\":\"https:\\\/\\\/www.cgfmanet.org\\\/es\\\/#\\\/schema\\\/person\\\/a0ee6558fb72feabd20b995682c980af\"},\"headline\":\"MJS para la vida y la esperanza de los j\u00f3venes\",\"datePublished\":\"2018-09-02T08:32:45+00:00\",\"dateModified\":\"2019-11-29T09:41:53+00:00\",\"mainEntityOfPage\":{\"@id\":\"https:\\\/\\\/www.cgfmanet.org\\\/es\\\/ifma-es\\\/carisma-salesiano-es\\\/mjs-para-la-vida-y-la-esperanza-de-los-jovenes\\\/\"},\"wordCount\":661,\"commentCount\":0,\"publisher\":{\"@id\":\"https:\\\/\\\/www.cgfmanet.org\\\/es\\\/#organization\"},\"image\":{\"@id\":\"https:\\\/\\\/www.cgfmanet.org\\\/es\\\/ifma-es\\\/carisma-salesiano-es\\\/mjs-para-la-vida-y-la-esperanza-de-los-jovenes\\\/#primaryimage\"},\"thumbnailUrl\":\"https:\\\/\\\/www.cgfmanet.org\\\/wp-content\\\/uploads\\\/2018\\\/09\\\/vita-speranza2.jpg\",\"keywords\":[\"Consejera para la Pastoral Juvenil\",\"Movimiento Juvenil Salesiano\"],\"articleSection\":[\"Carisma Salesiano\",\"IFMA\"],\"inLanguage\":\"es\",\"potentialAction\":[{\"@type\":\"CommentAction\",\"name\":\"Comment\",\"target\":[\"https:\\\/\\\/www.cgfmanet.org\\\/es\\\/ifma-es\\\/carisma-salesiano-es\\\/mjs-para-la-vida-y-la-esperanza-de-los-jovenes\\\/#respond\"]}]},{\"@type\":\"WebPage\",\"@id\":\"https:\\\/\\\/www.cgfmanet.org\\\/es\\\/ifma-es\\\/carisma-salesiano-es\\\/mjs-para-la-vida-y-la-esperanza-de-los-jovenes\\\/\",\"url\":\"https:\\\/\\\/www.cgfmanet.org\\\/es\\\/ifma-es\\\/carisma-salesiano-es\\\/mjs-para-la-vida-y-la-esperanza-de-los-jovenes\\\/\",\"name\":\"MJS para la vida y la esperanza de los j\u00f3venes &#8226; Istituto Figlie di Maria Ausiliatrice\",\"isPartOf\":{\"@id\":\"https:\\\/\\\/www.cgfmanet.org\\\/es\\\/#website\"},\"primaryImageOfPage\":{\"@id\":\"https:\\\/\\\/www.cgfmanet.org\\\/es\\\/ifma-es\\\/carisma-salesiano-es\\\/mjs-para-la-vida-y-la-esperanza-de-los-jovenes\\\/#primaryimage\"},\"image\":{\"@id\":\"https:\\\/\\\/www.cgfmanet.org\\\/es\\\/ifma-es\\\/carisma-salesiano-es\\\/mjs-para-la-vida-y-la-esperanza-de-los-jovenes\\\/#primaryimage\"},\"thumbnailUrl\":\"https:\\\/\\\/www.cgfmanet.org\\\/wp-content\\\/uploads\\\/2018\\\/09\\\/vita-speranza2.jpg\",\"datePublished\":\"2018-09-02T08:32:45+00:00\",\"dateModified\":\"2019-11-29T09:41:53+00:00\",\"breadcrumb\":{\"@id\":\"https:\\\/\\\/www.cgfmanet.org\\\/es\\\/ifma-es\\\/carisma-salesiano-es\\\/mjs-para-la-vida-y-la-esperanza-de-los-jovenes\\\/#breadcrumb\"},\"inLanguage\":\"es\",\"potentialAction\":[{\"@type\":\"ReadAction\",\"target\":[\"https:\\\/\\\/www.cgfmanet.org\\\/es\\\/ifma-es\\\/carisma-salesiano-es\\\/mjs-para-la-vida-y-la-esperanza-de-los-jovenes\\\/\"]}]},{\"@type\":\"ImageObject\",\"inLanguage\":\"es\",\"@id\":\"https:\\\/\\\/www.cgfmanet.org\\\/es\\\/ifma-es\\\/carisma-salesiano-es\\\/mjs-para-la-vida-y-la-esperanza-de-los-jovenes\\\/#primaryimage\",\"url\":\"https:\\\/\\\/www.cgfmanet.org\\\/wp-content\\\/uploads\\\/2018\\\/09\\\/vita-speranza2.jpg\",\"contentUrl\":\"https:\\\/\\\/www.cgfmanet.org\\\/wp-content\\\/uploads\\\/2018\\\/09\\\/vita-speranza2.jpg\",\"width\":700,\"height\":418},{\"@type\":\"BreadcrumbList\",\"@id\":\"https:\\\/\\\/www.cgfmanet.org\\\/es\\\/ifma-es\\\/carisma-salesiano-es\\\/mjs-para-la-vida-y-la-esperanza-de-los-jovenes\\\/#breadcrumb\",\"itemListElement\":[{\"@type\":\"ListItem\",\"position\":1,\"name\":\"Home\",\"item\":\"https:\\\/\\\/www.cgfmanet.org\\\/es\\\/\"},{\"@type\":\"ListItem\",\"position\":2,\"name\":\"MJS para la vida y la esperanza de los j\u00f3venes\"}]},{\"@type\":\"WebSite\",\"@id\":\"https:\\\/\\\/www.cgfmanet.org\\\/es\\\/#website\",\"url\":\"https:\\\/\\\/www.cgfmanet.org\\\/es\\\/\",\"name\":\"Istituto Figlie di Maria Ausiliatrice\",\"description\":\"Salesiane di Don Bosco\",\"publisher\":{\"@id\":\"https:\\\/\\\/www.cgfmanet.org\\\/es\\\/#organization\"},\"potentialAction\":[{\"@type\":\"SearchAction\",\"target\":{\"@type\":\"EntryPoint\",\"urlTemplate\":\"https:\\\/\\\/www.cgfmanet.org\\\/es\\\/?s={search_term_string}\"},\"query-input\":{\"@type\":\"PropertyValueSpecification\",\"valueRequired\":true,\"valueName\":\"search_term_string\"}}],\"inLanguage\":\"es\"},{\"@type\":\"Organization\",\"@id\":\"https:\\\/\\\/www.cgfmanet.org\\\/es\\\/#organization\",\"name\":\"Istituto Figlie di Maria Ausiliatrice\",\"url\":\"https:\\\/\\\/www.cgfmanet.org\\\/es\\\/\",\"logo\":{\"@type\":\"ImageObject\",\"inLanguage\":\"es\",\"@id\":\"https:\\\/\\\/www.cgfmanet.org\\\/es\\\/#\\\/schema\\\/logo\\\/image\\\/\",\"url\":\"https:\\\/\\\/www.cgfmanet.org\\\/wp-content\\\/uploads\\\/2018\\\/10\\\/logo-fma.png\",\"contentUrl\":\"https:\\\/\\\/www.cgfmanet.org\\\/wp-content\\\/uploads\\\/2018\\\/10\\\/logo-fma.png\",\"width\":214,\"height\":55,\"caption\":\"Istituto Figlie di Maria Ausiliatrice\"},\"image\":{\"@id\":\"https:\\\/\\\/www.cgfmanet.org\\\/es\\\/#\\\/schema\\\/logo\\\/image\\\/\"},\"sameAs\":[\"https:\\\/\\\/www.facebook.com\\\/salesian.sisters.of.don.bosco\\\/\",\"https:\\\/\\\/x.com\\\/Cgfmanet_Org\",\"https:\\\/\\\/www.youtube.com\\\/channel\\\/UCmcr8yFQBV7JXeXVxyV9y5Q\"]},{\"@type\":\"Person\",\"@id\":\"https:\\\/\\\/www.cgfmanet.org\\\/es\\\/#\\\/schema\\\/person\\\/a0ee6558fb72feabd20b995682c980af\",\"name\":\"kedos\"}]}<\/script>\n<!-- \/ Yoast SEO plugin. -->","yoast_head_json":{"title":"MJS para la vida y la esperanza de los j\u00f3venes &#8226; Istituto Figlie di Maria Ausiliatrice","robots":{"index":"index","follow":"follow","max-snippet":"max-snippet:-1","max-image-preview":"max-image-preview:large","max-video-preview":"max-video-preview:-1"},"canonical":"https:\/\/www.cgfmanet.org\/es\/ifma-es\/carisma-salesiano-es\/mjs-para-la-vida-y-la-esperanza-de-los-jovenes\/","og_locale":"es_ES","og_type":"article","og_title":"MJS para la vida y la esperanza de los j\u00f3venes &#8226; Istituto Figlie di Maria Ausiliatrice","og_description":"Roma (Italia). Hace treinta a\u00f1os (1988), con ocasi\u00f3n de las Celebraciones del Centenario de la muerte de Don Bosco, el Movimiento Juvenil Salesiano fue reconocido oficialmente como el Movimiento Juvenil [&hellip;]","og_url":"https:\/\/www.cgfmanet.org\/es\/ifma-es\/carisma-salesiano-es\/mjs-para-la-vida-y-la-esperanza-de-los-jovenes\/","og_site_name":"Istituto Figlie di Maria Ausiliatrice","article_publisher":"https:\/\/www.facebook.com\/salesian.sisters.of.don.bosco\/","article_published_time":"2018-09-02T08:32:45+00:00","article_modified_time":"2019-11-29T09:41:53+00:00","og_image":[{"width":700,"height":418,"url":"https:\/\/www.cgfmanet.org\/wp-content\/uploads\/2018\/09\/vita-speranza2.jpg","type":"image\/jpeg"}],"author":"kedos","twitter_card":"summary_large_image","twitter_creator":"@Cgfmanet_Org","twitter_site":"@Cgfmanet_Org","twitter_misc":{"Escrito por":"kedos","Tiempo de lectura":"3 minutos"},"schema":{"@context":"https:\/\/schema.org","@graph":[{"@type":"Article","@id":"https:\/\/www.cgfmanet.org\/es\/ifma-es\/carisma-salesiano-es\/mjs-para-la-vida-y-la-esperanza-de-los-jovenes\/#article","isPartOf":{"@id":"https:\/\/www.cgfmanet.org\/es\/ifma-es\/carisma-salesiano-es\/mjs-para-la-vida-y-la-esperanza-de-los-jovenes\/"},"author":{"name":"kedos","@id":"https:\/\/www.cgfmanet.org\/es\/#\/schema\/person\/a0ee6558fb72feabd20b995682c980af"},"headline":"MJS para la vida y la esperanza de los j\u00f3venes","datePublished":"2018-09-02T08:32:45+00:00","dateModified":"2019-11-29T09:41:53+00:00","mainEntityOfPage":{"@id":"https:\/\/www.cgfmanet.org\/es\/ifma-es\/carisma-salesiano-es\/mjs-para-la-vida-y-la-esperanza-de-los-jovenes\/"},"wordCount":661,"commentCount":0,"publisher":{"@id":"https:\/\/www.cgfmanet.org\/es\/#organization"},"image":{"@id":"https:\/\/www.cgfmanet.org\/es\/ifma-es\/carisma-salesiano-es\/mjs-para-la-vida-y-la-esperanza-de-los-jovenes\/#primaryimage"},"thumbnailUrl":"https:\/\/www.cgfmanet.org\/wp-content\/uploads\/2018\/09\/vita-speranza2.jpg","keywords":["Consejera para la Pastoral Juvenil","Movimiento Juvenil Salesiano"],"articleSection":["Carisma Salesiano","IFMA"],"inLanguage":"es","potentialAction":[{"@type":"CommentAction","name":"Comment","target":["https:\/\/www.cgfmanet.org\/es\/ifma-es\/carisma-salesiano-es\/mjs-para-la-vida-y-la-esperanza-de-los-jovenes\/#respond"]}]},{"@type":"WebPage","@id":"https:\/\/www.cgfmanet.org\/es\/ifma-es\/carisma-salesiano-es\/mjs-para-la-vida-y-la-esperanza-de-los-jovenes\/","url":"https:\/\/www.cgfmanet.org\/es\/ifma-es\/carisma-salesiano-es\/mjs-para-la-vida-y-la-esperanza-de-los-jovenes\/","name":"MJS para la vida y la esperanza de los j\u00f3venes &#8226; Istituto Figlie di Maria Ausiliatrice","isPartOf":{"@id":"https:\/\/www.cgfmanet.org\/es\/#website"},"primaryImageOfPage":{"@id":"https:\/\/www.cgfmanet.org\/es\/ifma-es\/carisma-salesiano-es\/mjs-para-la-vida-y-la-esperanza-de-los-jovenes\/#primaryimage"},"image":{"@id":"https:\/\/www.cgfmanet.org\/es\/ifma-es\/carisma-salesiano-es\/mjs-para-la-vida-y-la-esperanza-de-los-jovenes\/#primaryimage"},"thumbnailUrl":"https:\/\/www.cgfmanet.org\/wp-content\/uploads\/2018\/09\/vita-speranza2.jpg","datePublished":"2018-09-02T08:32:45+00:00","dateModified":"2019-11-29T09:41:53+00:00","breadcrumb":{"@id":"https:\/\/www.cgfmanet.org\/es\/ifma-es\/carisma-salesiano-es\/mjs-para-la-vida-y-la-esperanza-de-los-jovenes\/#breadcrumb"},"inLanguage":"es","potentialAction":[{"@type":"ReadAction","target":["https:\/\/www.cgfmanet.org\/es\/ifma-es\/carisma-salesiano-es\/mjs-para-la-vida-y-la-esperanza-de-los-jovenes\/"]}]},{"@type":"ImageObject","inLanguage":"es","@id":"https:\/\/www.cgfmanet.org\/es\/ifma-es\/carisma-salesiano-es\/mjs-para-la-vida-y-la-esperanza-de-los-jovenes\/#primaryimage","url":"https:\/\/www.cgfmanet.org\/wp-content\/uploads\/2018\/09\/vita-speranza2.jpg","contentUrl":"https:\/\/www.cgfmanet.org\/wp-content\/uploads\/2018\/09\/vita-speranza2.jpg","width":700,"height":418},{"@type":"BreadcrumbList","@id":"https:\/\/www.cgfmanet.org\/es\/ifma-es\/carisma-salesiano-es\/mjs-para-la-vida-y-la-esperanza-de-los-jovenes\/#breadcrumb","itemListElement":[{"@type":"ListItem","position":1,"name":"Home","item":"https:\/\/www.cgfmanet.org\/es\/"},{"@type":"ListItem","position":2,"name":"MJS para la vida y la esperanza de los j\u00f3venes"}]},{"@type":"WebSite","@id":"https:\/\/www.cgfmanet.org\/es\/#website","url":"https:\/\/www.cgfmanet.org\/es\/","name":"Istituto Figlie di Maria Ausiliatrice","description":"Salesiane di Don Bosco","publisher":{"@id":"https:\/\/www.cgfmanet.org\/es\/#organization"},"potentialAction":[{"@type":"SearchAction","target":{"@type":"EntryPoint","urlTemplate":"https:\/\/www.cgfmanet.org\/es\/?s={search_term_string}"},"query-input":{"@type":"PropertyValueSpecification","valueRequired":true,"valueName":"search_term_string"}}],"inLanguage":"es"},{"@type":"Organization","@id":"https:\/\/www.cgfmanet.org\/es\/#organization","name":"Istituto Figlie di Maria Ausiliatrice","url":"https:\/\/www.cgfmanet.org\/es\/","logo":{"@type":"ImageObject","inLanguage":"es","@id":"https:\/\/www.cgfmanet.org\/es\/#\/schema\/logo\/image\/","url":"https:\/\/www.cgfmanet.org\/wp-content\/uploads\/2018\/10\/logo-fma.png","contentUrl":"https:\/\/www.cgfmanet.org\/wp-content\/uploads\/2018\/10\/logo-fma.png","width":214,"height":55,"caption":"Istituto Figlie di Maria Ausiliatrice"},"image":{"@id":"https:\/\/www.cgfmanet.org\/es\/#\/schema\/logo\/image\/"},"sameAs":["https:\/\/www.facebook.com\/salesian.sisters.of.don.bosco\/","https:\/\/x.com\/Cgfmanet_Org","https:\/\/www.youtube.com\/channel\/UCmcr8yFQBV7JXeXVxyV9y5Q"]},{"@type":"Person","@id":"https:\/\/www.cgfmanet.org\/es\/#\/schema\/person\/a0ee6558fb72feabd20b995682c980af","name":"kedos"}]}},"_links":{"self":[{"href":"https:\/\/www.cgfmanet.org\/es\/wp-json\/wp\/v2\/posts\/12869","targetHints":{"allow":["GET"]}}],"collection":[{"href":"https:\/\/www.cgfmanet.org\/es\/wp-json\/wp\/v2\/posts"}],"about":[{"href":"https:\/\/www.cgfmanet.org\/es\/wp-json\/wp\/v2\/types\/post"}],"author":[{"embeddable":true,"href":"https:\/\/www.cgfmanet.org\/es\/wp-json\/wp\/v2\/users\/45"}],"replies":[{"embeddable":true,"href":"https:\/\/www.cgfmanet.org\/es\/wp-json\/wp\/v2\/comments?post=12869"}],"version-history":[{"count":0,"href":"https:\/\/www.cgfmanet.org\/es\/wp-json\/wp\/v2\/posts\/12869\/revisions"}],"wp:featuredmedia":[{"embeddable":true,"href":"https:\/\/www.cgfmanet.org\/es\/wp-json\/wp\/v2\/media\/12879"}],"wp:attachment":[{"href":"https:\/\/www.cgfmanet.org\/es\/wp-json\/wp\/v2\/media?parent=12869"}],"wp:term":[{"taxonomy":"category","embeddable":true,"href":"https:\/\/www.cgfmanet.org\/es\/wp-json\/wp\/v2\/categories?post=12869"},{"taxonomy":"post_tag","embeddable":true,"href":"https:\/\/www.cgfmanet.org\/es\/wp-json\/wp\/v2\/tags?post=12869"}],"curies":[{"name":"wp","href":"https:\/\/api.w.org\/{rel}","templated":true}]}}