{"id":128534,"date":"2025-02-14T11:23:49","date_gmt":"2025-02-14T10:23:49","guid":{"rendered":"https:\/\/www.cgfmanet.org\/infoesfera\/capitolo-generale-29-della-congregazione-salesiana\/"},"modified":"2025-02-14T23:27:06","modified_gmt":"2025-02-14T22:27:06","slug":"capitulo-general-29o-de-la-congregacion-salesiana","status":"publish","type":"post","link":"https:\/\/www.cgfmanet.org\/es\/ifma-es\/capitulo-general-29o-de-la-congregacion-salesiana\/","title":{"rendered":"Cap\u00edtulo General 29\u00ba de la Congregaci\u00f3n Salesiana"},"content":{"rendered":"<p><strong>Tur\u00edn (Italia).<\/strong> Del 16 de febrero al 12 de abril de 2025 tendr\u00e1 lugar en Valdocco, Tur\u00edn, el 29\u00ba Cap\u00edtulo General de la Congregaci\u00f3n Salesiana (CG 29), un intenso per\u00edodo de espiritualidad, an\u00e1lisis y decisiones fundamentales para el sexenio 2025-2031.<\/p>\n<p>El evento del Cap\u00edtulo reunir\u00e1 en la Casa Madre de Valdocco a 269 personas, entre los 227 capitulares y todos los dem\u00e1s personas involucradas de diversas maneras. Esta instancia servir\u00e1 para reflexionar sobre el estado actual de la congregaci\u00f3n y relanzarla hacia el futuro, siguiendo la l\u00ednea directriz expresada por su lema: <strong>\u201cApasionados de Jesucristo, dedicados a los j\u00f3venes\u201d<\/strong>; un lema que subraya la importancia de que los Hijos de Don Bosco regresen al coraz\u00f3n de la identidad consagrada salesiana centrada en Cristo, y a la vez se dediquen plenamente al servicio hacia los primeros beneficiarios de su carisma.<\/p>\n<p>En las siete semanas de trabajo, el tema del CG29 ser\u00e1 abordado con atenci\u00f3n espec\u00edfica a los tres n\u00facleos que lo componen, los cuales se han sintetizado de la siguiente manera:<\/p>\n<ul>\n<li>N\u00facleo 1: Animaci\u00f3n y cuidado de la vida verdadera de cada salesiano.<\/li>\n<li>N\u00facleo 2: Juntos, Salesianos, Familia Salesiana y Laicos \u2018Con\u2019 y \u2018Por\u2019 los J\u00f3venes.<\/li>\n<li>N\u00facleo 3: Una valiente evaluaci\u00f3n y redise\u00f1o del Gobierno de la Congregaci\u00f3n en todos los niveles.<\/li>\n<\/ul>\n<p>El CG29 comenzar\u00e1 oficialmente el 16 de febrero con una celebraci\u00f3n eucar\u00edstica en la Bas\u00edlica de Mar\u00eda Auxiliadora y el encuentro inaugural en el Teatro Grande de Valdocco, donde se comunicar\u00e1n tambi\u00e9n todas las informaciones log\u00edsticas a los capitulares.<\/p>\n<p>La Superiora General del Instituto de las Hijas de Mar\u00eda Auxiliadora, <strong>Madre Chiara Cazzuola, tambi\u00e9n estar\u00e1 presente en la jornada inaugural<\/strong>.<\/p>\n<p>En los d\u00edas siguientes, hasta el 20 de febrero, los participantes ser\u00e1n guiados por Don Pascual Ch\u00e1vez, Rector Mayor Em\u00e9rito, en un recorrido de espiritualidad y discernimiento, con una peregrinaci\u00f3n espiritual al Colle Don Bosco y a Chieri.<\/p>\n<p>El s\u00e1bado 22 de febrero ser\u00e1 un d\u00eda central, ya que tendr\u00e1 lugar la presentaci\u00f3n del <em>Instrumentum Laboris<\/em>, el instrumento de trabajo para todas las actividades de las semanas siguientes.<\/p>\n<p>Los d\u00edas lunes 24 y martes 25 de febrero, el Cap\u00edtulo comenzar\u00e1 con la presentaci\u00f3n de los informes sobre el estado de la congregaci\u00f3n: primero el vicario, luego los dem\u00e1s consejeros de sector y los regionales presentar\u00e1n los logros y desaf\u00edos del quinquenio 2020-2025. Al final se presentar\u00e1 el informe del Rector Mayor al CG29.<\/p>\n<p>Los d\u00edas siguientes, 26, 27 y 28 de febrero, se dedicar\u00e1n al an\u00e1lisis de los desaf\u00edos y prioridades del sexenio 2025-2031, a trav\u00e9s de momentos de estudio personal, trabajos de comisi\u00f3n, y las respuestas del vicario del Rector Mayor a las preguntas que los capitulares habr\u00e1n formulado y recogido para la ocasi\u00f3n.<\/p>\n<p>Las primeras tres semanas de marzo seguir\u00e1n con regularidad mediante las sesiones ordinarias de trabajo sobre los temas espec\u00edficos del CG29. En este per\u00edodo destacar\u00e1n los d\u00edas 12 y 13 de marzo, cuando primero se presentar\u00e1n y luego se votar\u00e1n las propuestas de modificaciones a las Constituciones.<\/p>\n<p>Uno de los momentos m\u00e1s significativos del CG29 ser\u00e1 sin duda el per\u00edodo dedicado al discernimiento y a las elecciones de la nueva direcci\u00f3n de la congregaci\u00f3n. <strong>Del 23 al 29 de marzo, se elegir\u00e1n el Rector Mayor, el vicario, los consejeros de sector y los regionales, definiendo as\u00ed el nuevo Consejo General de la Congregaci\u00f3n. <\/strong><\/p>\n<p>A esta fase seguir\u00e1n otras dos semanas de trabajos espec\u00edficos sobre los temas del CG29.<\/p>\n<p>El Cap\u00edtulo General concluir\u00e1 con una peregrinaci\u00f3n jubilar al Vaticano el 11 de abril, seguida <strong>de la jornada de clausura el 12 de abril<\/strong>, en la v\u00edspera de la Semana Santa, el mismo d\u00eda en que Don Bosco lleg\u00f3 a Valdocco con sus muchachos, en el 1846, adaptando el toldo a capilla. En este caso, sin embargo, la conclusi\u00f3n tendr\u00e1 lugar en la Bas\u00edlica salesiana del Sagrado Coraz\u00f3n en Roma, y ser\u00e1 un momento de oraci\u00f3n y renovaci\u00f3n espiritual para todos los participantes del CG29, marcando el inicio de una nueva fase para la misi\u00f3n salesiana en el mundo.<\/p>\n<p>Las Hijas de Mar\u00eda Auxiliadora de todo el mundo acompa\u00f1an con oraci\u00f3n y afecto este importante evento en bien de la Congregaci\u00f3n, de la misi\u00f3n salesiana y de todos los y las j\u00f3venes del mundo.<\/p>\n<p><strong>Fuente: <span style=\"color: #0000ff;\"><a style=\"color: #0000ff;\" href=\"https:\/\/www.infoans.org\/sezioni\/notizie\/item\/23460-rmg-discernimento-lavoro-coraggio-il-calendario-dei-lavori-del-cg29\" target=\"_blank\" rel=\"noopener\">InfoANS<\/a><\/span><\/strong><\/p>\n<p><span style=\"color: #0000ff;\"><strong><a style=\"color: #0000ff;\" href=\"https:\/\/www.infoans.org\/sezioni\/interviste\/item\/23440-rmg-preparazione-obiettivi-sfide-e-prospettive-del-cg29-in-dialogo-con-il-regolatore-don-alphonse-owoudou\" target=\"_blank\" rel=\"noopener\">Para obtener m\u00e1s informaci\u00f3n<\/a><\/strong><\/span><\/p>\n","protected":false},"excerpt":{"rendered":"<p>Tur\u00edn (Italia). Del 16 de febrero al 12 de abril de 2025 tendr\u00e1 lugar en Valdocco, Tur\u00edn, el 29\u00ba Cap\u00edtulo General de la Congregaci\u00f3n Salesiana (CG 29), un intenso per\u00edodo [&hellip;]<\/p>\n","protected":false},"author":21,"featured_media":128528,"comment_status":"open","ping_status":"closed","sticky":false,"template":"","format":"standard","meta":{"footnotes":""},"categories":[167,158],"tags":[371,1669,1779,1931,2379],"class_list":["post-128534","post","type-post","status-publish","format-standard","has-post-thumbnail","category-carisma-salesiano-es","category-ifma-es","tag-madre-general","tag-spiritualita-salesiana-es","tag-familia-salesiana-es","tag-focus-es","tag-madre-chiara-cazzuola-es"],"yoast_head":"<!-- This site is optimized with the Yoast SEO plugin v27.4 - https:\/\/yoast.com\/product\/yoast-seo-wordpress\/ -->\n<title>Cap\u00edtulo General 29\u00ba de la Congregaci\u00f3n Salesiana &#8226; Istituto Figlie di Maria Ausiliatrice<\/title>\n<meta name=\"description\" content=\"Del 16 de febrero al 12 de abril de 2025 tendr\u00e1 lugar en Valdocco, Tur\u00edn, el 29\u00ba Cap\u00edtulo General de la Congregaci\u00f3n Salesiana.\" \/>\n<meta name=\"robots\" content=\"index, follow, max-snippet:-1, max-image-preview:large, max-video-preview:-1\" \/>\n<link rel=\"canonical\" href=\"https:\/\/www.cgfmanet.org\/es\/ifma-es\/capitulo-general-29o-de-la-congregacion-salesiana\/\" \/>\n<meta property=\"og:locale\" content=\"es_ES\" \/>\n<meta property=\"og:type\" content=\"article\" \/>\n<meta property=\"og:title\" content=\"Cap\u00edtulo General 29\u00ba de la Congregaci\u00f3n Salesiana &#8226; Istituto Figlie di Maria Ausiliatrice\" \/>\n<meta property=\"og:description\" content=\"Del 16 de febrero al 12 de abril de 2025 tendr\u00e1 lugar en Valdocco, Tur\u00edn, el 29\u00ba Cap\u00edtulo General de la Congregaci\u00f3n Salesiana.\" \/>\n<meta property=\"og:url\" content=\"https:\/\/www.cgfmanet.org\/es\/ifma-es\/capitulo-general-29o-de-la-congregacion-salesiana\/\" \/>\n<meta property=\"og:site_name\" content=\"Istituto Figlie di Maria Ausiliatrice\" \/>\n<meta property=\"article:publisher\" content=\"https:\/\/www.facebook.com\/salesian.sisters.of.don.bosco\/\" \/>\n<meta property=\"article:published_time\" content=\"2025-02-14T10:23:49+00:00\" \/>\n<meta property=\"article:modified_time\" content=\"2025-02-14T22:27:06+00:00\" \/>\n<meta property=\"og:image\" content=\"https:\/\/www.cgfmanet.org\/wp-content\/uploads\/2025\/02\/CG-29_SDB.jpg\" \/>\n\t<meta property=\"og:image:width\" content=\"1200\" \/>\n\t<meta property=\"og:image:height\" content=\"800\" \/>\n\t<meta property=\"og:image:type\" content=\"image\/jpeg\" \/>\n<meta name=\"author\" content=\"Redazione\" \/>\n<meta name=\"twitter:card\" content=\"summary_large_image\" \/>\n<meta name=\"twitter:creator\" content=\"@Cgfmanet_Org\" \/>\n<meta name=\"twitter:site\" content=\"@Cgfmanet_Org\" \/>\n<meta name=\"twitter:label1\" content=\"Escrito por\" \/>\n\t<meta name=\"twitter:data1\" content=\"Redazione\" \/>\n\t<meta name=\"twitter:label2\" content=\"Tiempo de lectura\" \/>\n\t<meta name=\"twitter:data2\" content=\"4 minutos\" \/>\n<script type=\"application\/ld+json\" class=\"yoast-schema-graph\">{\"@context\":\"https:\\\/\\\/schema.org\",\"@graph\":[{\"@type\":\"Article\",\"@id\":\"https:\\\/\\\/www.cgfmanet.org\\\/es\\\/ifma-es\\\/capitulo-general-29o-de-la-congregacion-salesiana\\\/#article\",\"isPartOf\":{\"@id\":\"https:\\\/\\\/www.cgfmanet.org\\\/es\\\/ifma-es\\\/capitulo-general-29o-de-la-congregacion-salesiana\\\/\"},\"author\":{\"name\":\"Redazione\",\"@id\":\"https:\\\/\\\/www.cgfmanet.org\\\/es\\\/#\\\/schema\\\/person\\\/ce6473083f53ef0ef882cca23f0c8fb9\"},\"headline\":\"Cap\u00edtulo General 29\u00ba de la Congregaci\u00f3n Salesiana\",\"datePublished\":\"2025-02-14T10:23:49+00:00\",\"dateModified\":\"2025-02-14T22:27:06+00:00\",\"mainEntityOfPage\":{\"@id\":\"https:\\\/\\\/www.cgfmanet.org\\\/es\\\/ifma-es\\\/capitulo-general-29o-de-la-congregacion-salesiana\\\/\"},\"wordCount\":775,\"commentCount\":3,\"publisher\":{\"@id\":\"https:\\\/\\\/www.cgfmanet.org\\\/es\\\/#organization\"},\"image\":{\"@id\":\"https:\\\/\\\/www.cgfmanet.org\\\/es\\\/ifma-es\\\/capitulo-general-29o-de-la-congregacion-salesiana\\\/#primaryimage\"},\"thumbnailUrl\":\"https:\\\/\\\/www.cgfmanet.org\\\/wp-content\\\/uploads\\\/2025\\\/02\\\/CG-29_SDB.jpg\",\"keywords\":[\"Madre General\",\"Spiritualit\u00e0 Salesiana\",\"Familia Salesiana\",\"Focus\",\"Madre Chiara Cazzuola\"],\"articleSection\":[\"Carisma Salesiano\",\"IFMA\"],\"inLanguage\":\"es\",\"potentialAction\":[{\"@type\":\"CommentAction\",\"name\":\"Comment\",\"target\":[\"https:\\\/\\\/www.cgfmanet.org\\\/es\\\/ifma-es\\\/capitulo-general-29o-de-la-congregacion-salesiana\\\/#respond\"]}]},{\"@type\":\"WebPage\",\"@id\":\"https:\\\/\\\/www.cgfmanet.org\\\/es\\\/ifma-es\\\/capitulo-general-29o-de-la-congregacion-salesiana\\\/\",\"url\":\"https:\\\/\\\/www.cgfmanet.org\\\/es\\\/ifma-es\\\/capitulo-general-29o-de-la-congregacion-salesiana\\\/\",\"name\":\"Cap\u00edtulo General 29\u00ba de la Congregaci\u00f3n Salesiana &#8226; Istituto Figlie di Maria Ausiliatrice\",\"isPartOf\":{\"@id\":\"https:\\\/\\\/www.cgfmanet.org\\\/es\\\/#website\"},\"primaryImageOfPage\":{\"@id\":\"https:\\\/\\\/www.cgfmanet.org\\\/es\\\/ifma-es\\\/capitulo-general-29o-de-la-congregacion-salesiana\\\/#primaryimage\"},\"image\":{\"@id\":\"https:\\\/\\\/www.cgfmanet.org\\\/es\\\/ifma-es\\\/capitulo-general-29o-de-la-congregacion-salesiana\\\/#primaryimage\"},\"thumbnailUrl\":\"https:\\\/\\\/www.cgfmanet.org\\\/wp-content\\\/uploads\\\/2025\\\/02\\\/CG-29_SDB.jpg\",\"datePublished\":\"2025-02-14T10:23:49+00:00\",\"dateModified\":\"2025-02-14T22:27:06+00:00\",\"description\":\"Del 16 de febrero al 12 de abril de 2025 tendr\u00e1 lugar en Valdocco, Tur\u00edn, el 29\u00ba Cap\u00edtulo General de la Congregaci\u00f3n Salesiana.\",\"breadcrumb\":{\"@id\":\"https:\\\/\\\/www.cgfmanet.org\\\/es\\\/ifma-es\\\/capitulo-general-29o-de-la-congregacion-salesiana\\\/#breadcrumb\"},\"inLanguage\":\"es\",\"potentialAction\":[{\"@type\":\"ReadAction\",\"target\":[\"https:\\\/\\\/www.cgfmanet.org\\\/es\\\/ifma-es\\\/capitulo-general-29o-de-la-congregacion-salesiana\\\/\"]}]},{\"@type\":\"ImageObject\",\"inLanguage\":\"es\",\"@id\":\"https:\\\/\\\/www.cgfmanet.org\\\/es\\\/ifma-es\\\/capitulo-general-29o-de-la-congregacion-salesiana\\\/#primaryimage\",\"url\":\"https:\\\/\\\/www.cgfmanet.org\\\/wp-content\\\/uploads\\\/2025\\\/02\\\/CG-29_SDB.jpg\",\"contentUrl\":\"https:\\\/\\\/www.cgfmanet.org\\\/wp-content\\\/uploads\\\/2025\\\/02\\\/CG-29_SDB.jpg\",\"width\":1200,\"height\":800},{\"@type\":\"BreadcrumbList\",\"@id\":\"https:\\\/\\\/www.cgfmanet.org\\\/es\\\/ifma-es\\\/capitulo-general-29o-de-la-congregacion-salesiana\\\/#breadcrumb\",\"itemListElement\":[{\"@type\":\"ListItem\",\"position\":1,\"name\":\"Home\",\"item\":\"https:\\\/\\\/www.cgfmanet.org\\\/es\\\/\"},{\"@type\":\"ListItem\",\"position\":2,\"name\":\"Cap\u00edtulo General 29\u00ba de la Congregaci\u00f3n Salesiana\"}]},{\"@type\":\"WebSite\",\"@id\":\"https:\\\/\\\/www.cgfmanet.org\\\/es\\\/#website\",\"url\":\"https:\\\/\\\/www.cgfmanet.org\\\/es\\\/\",\"name\":\"Istituto Figlie di Maria Ausiliatrice\",\"description\":\"Salesiane di Don Bosco\",\"publisher\":{\"@id\":\"https:\\\/\\\/www.cgfmanet.org\\\/es\\\/#organization\"},\"potentialAction\":[{\"@type\":\"SearchAction\",\"target\":{\"@type\":\"EntryPoint\",\"urlTemplate\":\"https:\\\/\\\/www.cgfmanet.org\\\/es\\\/?s={search_term_string}\"},\"query-input\":{\"@type\":\"PropertyValueSpecification\",\"valueRequired\":true,\"valueName\":\"search_term_string\"}}],\"inLanguage\":\"es\"},{\"@type\":\"Organization\",\"@id\":\"https:\\\/\\\/www.cgfmanet.org\\\/es\\\/#organization\",\"name\":\"Istituto Figlie di Maria Ausiliatrice\",\"url\":\"https:\\\/\\\/www.cgfmanet.org\\\/es\\\/\",\"logo\":{\"@type\":\"ImageObject\",\"inLanguage\":\"es\",\"@id\":\"https:\\\/\\\/www.cgfmanet.org\\\/es\\\/#\\\/schema\\\/logo\\\/image\\\/\",\"url\":\"https:\\\/\\\/www.cgfmanet.org\\\/wp-content\\\/uploads\\\/2018\\\/10\\\/logo-fma.png\",\"contentUrl\":\"https:\\\/\\\/www.cgfmanet.org\\\/wp-content\\\/uploads\\\/2018\\\/10\\\/logo-fma.png\",\"width\":214,\"height\":55,\"caption\":\"Istituto Figlie di Maria Ausiliatrice\"},\"image\":{\"@id\":\"https:\\\/\\\/www.cgfmanet.org\\\/es\\\/#\\\/schema\\\/logo\\\/image\\\/\"},\"sameAs\":[\"https:\\\/\\\/www.facebook.com\\\/salesian.sisters.of.don.bosco\\\/\",\"https:\\\/\\\/x.com\\\/Cgfmanet_Org\",\"https:\\\/\\\/www.youtube.com\\\/channel\\\/UCmcr8yFQBV7JXeXVxyV9y5Q\"]},{\"@type\":\"Person\",\"@id\":\"https:\\\/\\\/www.cgfmanet.org\\\/es\\\/#\\\/schema\\\/person\\\/ce6473083f53ef0ef882cca23f0c8fb9\",\"name\":\"Redazione\"}]}<\/script>\n<!-- \/ Yoast SEO plugin. -->","yoast_head_json":{"title":"Cap\u00edtulo General 29\u00ba de la Congregaci\u00f3n Salesiana &#8226; Istituto Figlie di Maria Ausiliatrice","description":"Del 16 de febrero al 12 de abril de 2025 tendr\u00e1 lugar en Valdocco, Tur\u00edn, el 29\u00ba Cap\u00edtulo General de la Congregaci\u00f3n Salesiana.","robots":{"index":"index","follow":"follow","max-snippet":"max-snippet:-1","max-image-preview":"max-image-preview:large","max-video-preview":"max-video-preview:-1"},"canonical":"https:\/\/www.cgfmanet.org\/es\/ifma-es\/capitulo-general-29o-de-la-congregacion-salesiana\/","og_locale":"es_ES","og_type":"article","og_title":"Cap\u00edtulo General 29\u00ba de la Congregaci\u00f3n Salesiana &#8226; Istituto Figlie di Maria Ausiliatrice","og_description":"Del 16 de febrero al 12 de abril de 2025 tendr\u00e1 lugar en Valdocco, Tur\u00edn, el 29\u00ba Cap\u00edtulo General de la Congregaci\u00f3n Salesiana.","og_url":"https:\/\/www.cgfmanet.org\/es\/ifma-es\/capitulo-general-29o-de-la-congregacion-salesiana\/","og_site_name":"Istituto Figlie di Maria Ausiliatrice","article_publisher":"https:\/\/www.facebook.com\/salesian.sisters.of.don.bosco\/","article_published_time":"2025-02-14T10:23:49+00:00","article_modified_time":"2025-02-14T22:27:06+00:00","og_image":[{"width":1200,"height":800,"url":"https:\/\/www.cgfmanet.org\/wp-content\/uploads\/2025\/02\/CG-29_SDB.jpg","type":"image\/jpeg"}],"author":"Redazione","twitter_card":"summary_large_image","twitter_creator":"@Cgfmanet_Org","twitter_site":"@Cgfmanet_Org","twitter_misc":{"Escrito por":"Redazione","Tiempo de lectura":"4 minutos"},"schema":{"@context":"https:\/\/schema.org","@graph":[{"@type":"Article","@id":"https:\/\/www.cgfmanet.org\/es\/ifma-es\/capitulo-general-29o-de-la-congregacion-salesiana\/#article","isPartOf":{"@id":"https:\/\/www.cgfmanet.org\/es\/ifma-es\/capitulo-general-29o-de-la-congregacion-salesiana\/"},"author":{"name":"Redazione","@id":"https:\/\/www.cgfmanet.org\/es\/#\/schema\/person\/ce6473083f53ef0ef882cca23f0c8fb9"},"headline":"Cap\u00edtulo General 29\u00ba de la Congregaci\u00f3n Salesiana","datePublished":"2025-02-14T10:23:49+00:00","dateModified":"2025-02-14T22:27:06+00:00","mainEntityOfPage":{"@id":"https:\/\/www.cgfmanet.org\/es\/ifma-es\/capitulo-general-29o-de-la-congregacion-salesiana\/"},"wordCount":775,"commentCount":3,"publisher":{"@id":"https:\/\/www.cgfmanet.org\/es\/#organization"},"image":{"@id":"https:\/\/www.cgfmanet.org\/es\/ifma-es\/capitulo-general-29o-de-la-congregacion-salesiana\/#primaryimage"},"thumbnailUrl":"https:\/\/www.cgfmanet.org\/wp-content\/uploads\/2025\/02\/CG-29_SDB.jpg","keywords":["Madre General","Spiritualit\u00e0 Salesiana","Familia Salesiana","Focus","Madre Chiara Cazzuola"],"articleSection":["Carisma Salesiano","IFMA"],"inLanguage":"es","potentialAction":[{"@type":"CommentAction","name":"Comment","target":["https:\/\/www.cgfmanet.org\/es\/ifma-es\/capitulo-general-29o-de-la-congregacion-salesiana\/#respond"]}]},{"@type":"WebPage","@id":"https:\/\/www.cgfmanet.org\/es\/ifma-es\/capitulo-general-29o-de-la-congregacion-salesiana\/","url":"https:\/\/www.cgfmanet.org\/es\/ifma-es\/capitulo-general-29o-de-la-congregacion-salesiana\/","name":"Cap\u00edtulo General 29\u00ba de la Congregaci\u00f3n Salesiana &#8226; Istituto Figlie di Maria Ausiliatrice","isPartOf":{"@id":"https:\/\/www.cgfmanet.org\/es\/#website"},"primaryImageOfPage":{"@id":"https:\/\/www.cgfmanet.org\/es\/ifma-es\/capitulo-general-29o-de-la-congregacion-salesiana\/#primaryimage"},"image":{"@id":"https:\/\/www.cgfmanet.org\/es\/ifma-es\/capitulo-general-29o-de-la-congregacion-salesiana\/#primaryimage"},"thumbnailUrl":"https:\/\/www.cgfmanet.org\/wp-content\/uploads\/2025\/02\/CG-29_SDB.jpg","datePublished":"2025-02-14T10:23:49+00:00","dateModified":"2025-02-14T22:27:06+00:00","description":"Del 16 de febrero al 12 de abril de 2025 tendr\u00e1 lugar en Valdocco, Tur\u00edn, el 29\u00ba Cap\u00edtulo General de la Congregaci\u00f3n Salesiana.","breadcrumb":{"@id":"https:\/\/www.cgfmanet.org\/es\/ifma-es\/capitulo-general-29o-de-la-congregacion-salesiana\/#breadcrumb"},"inLanguage":"es","potentialAction":[{"@type":"ReadAction","target":["https:\/\/www.cgfmanet.org\/es\/ifma-es\/capitulo-general-29o-de-la-congregacion-salesiana\/"]}]},{"@type":"ImageObject","inLanguage":"es","@id":"https:\/\/www.cgfmanet.org\/es\/ifma-es\/capitulo-general-29o-de-la-congregacion-salesiana\/#primaryimage","url":"https:\/\/www.cgfmanet.org\/wp-content\/uploads\/2025\/02\/CG-29_SDB.jpg","contentUrl":"https:\/\/www.cgfmanet.org\/wp-content\/uploads\/2025\/02\/CG-29_SDB.jpg","width":1200,"height":800},{"@type":"BreadcrumbList","@id":"https:\/\/www.cgfmanet.org\/es\/ifma-es\/capitulo-general-29o-de-la-congregacion-salesiana\/#breadcrumb","itemListElement":[{"@type":"ListItem","position":1,"name":"Home","item":"https:\/\/www.cgfmanet.org\/es\/"},{"@type":"ListItem","position":2,"name":"Cap\u00edtulo General 29\u00ba de la Congregaci\u00f3n Salesiana"}]},{"@type":"WebSite","@id":"https:\/\/www.cgfmanet.org\/es\/#website","url":"https:\/\/www.cgfmanet.org\/es\/","name":"Istituto Figlie di Maria Ausiliatrice","description":"Salesiane di Don Bosco","publisher":{"@id":"https:\/\/www.cgfmanet.org\/es\/#organization"},"potentialAction":[{"@type":"SearchAction","target":{"@type":"EntryPoint","urlTemplate":"https:\/\/www.cgfmanet.org\/es\/?s={search_term_string}"},"query-input":{"@type":"PropertyValueSpecification","valueRequired":true,"valueName":"search_term_string"}}],"inLanguage":"es"},{"@type":"Organization","@id":"https:\/\/www.cgfmanet.org\/es\/#organization","name":"Istituto Figlie di Maria Ausiliatrice","url":"https:\/\/www.cgfmanet.org\/es\/","logo":{"@type":"ImageObject","inLanguage":"es","@id":"https:\/\/www.cgfmanet.org\/es\/#\/schema\/logo\/image\/","url":"https:\/\/www.cgfmanet.org\/wp-content\/uploads\/2018\/10\/logo-fma.png","contentUrl":"https:\/\/www.cgfmanet.org\/wp-content\/uploads\/2018\/10\/logo-fma.png","width":214,"height":55,"caption":"Istituto Figlie di Maria Ausiliatrice"},"image":{"@id":"https:\/\/www.cgfmanet.org\/es\/#\/schema\/logo\/image\/"},"sameAs":["https:\/\/www.facebook.com\/salesian.sisters.of.don.bosco\/","https:\/\/x.com\/Cgfmanet_Org","https:\/\/www.youtube.com\/channel\/UCmcr8yFQBV7JXeXVxyV9y5Q"]},{"@type":"Person","@id":"https:\/\/www.cgfmanet.org\/es\/#\/schema\/person\/ce6473083f53ef0ef882cca23f0c8fb9","name":"Redazione"}]}},"_links":{"self":[{"href":"https:\/\/www.cgfmanet.org\/es\/wp-json\/wp\/v2\/posts\/128534","targetHints":{"allow":["GET"]}}],"collection":[{"href":"https:\/\/www.cgfmanet.org\/es\/wp-json\/wp\/v2\/posts"}],"about":[{"href":"https:\/\/www.cgfmanet.org\/es\/wp-json\/wp\/v2\/types\/post"}],"author":[{"embeddable":true,"href":"https:\/\/www.cgfmanet.org\/es\/wp-json\/wp\/v2\/users\/21"}],"replies":[{"embeddable":true,"href":"https:\/\/www.cgfmanet.org\/es\/wp-json\/wp\/v2\/comments?post=128534"}],"version-history":[{"count":2,"href":"https:\/\/www.cgfmanet.org\/es\/wp-json\/wp\/v2\/posts\/128534\/revisions"}],"predecessor-version":[{"id":128650,"href":"https:\/\/www.cgfmanet.org\/es\/wp-json\/wp\/v2\/posts\/128534\/revisions\/128650"}],"wp:featuredmedia":[{"embeddable":true,"href":"https:\/\/www.cgfmanet.org\/es\/wp-json\/wp\/v2\/media\/128528"}],"wp:attachment":[{"href":"https:\/\/www.cgfmanet.org\/es\/wp-json\/wp\/v2\/media?parent=128534"}],"wp:term":[{"taxonomy":"category","embeddable":true,"href":"https:\/\/www.cgfmanet.org\/es\/wp-json\/wp\/v2\/categories?post=128534"},{"taxonomy":"post_tag","embeddable":true,"href":"https:\/\/www.cgfmanet.org\/es\/wp-json\/wp\/v2\/tags?post=128534"}],"curies":[{"name":"wp","href":"https:\/\/api.w.org\/{rel}","templated":true}]}}