{"id":128065,"date":"2025-02-07T12:52:04","date_gmt":"2025-02-07T11:52:04","guid":{"rendered":"https:\/\/www.cgfmanet.org\/infoesfera\/beata-eusebia-palomino-donna-di-pace\/"},"modified":"2025-02-12T21:38:39","modified_gmt":"2025-02-12T20:38:39","slug":"beata-eusebia-palomino-mujer-de-paz","status":"publish","type":"post","link":"https:\/\/www.cgfmanet.org\/es\/ifma-es\/carisma-salesiano-es\/beata-eusebia-palomino-mujer-de-paz\/","title":{"rendered":"Beata Eusebia Palomino, mujer de paz"},"content":{"rendered":"<p><strong>Roma (Italia).<\/strong> El 9 de febrero de 2025 se celebrar\u00e1 la memoria lit\u00fargica de la <span style=\"color: #0000ff;\"><strong><a style=\"color: #0000ff;\" href=\"https:\/\/drive.google.com\/drive\/folders\/140Yo-iygz-1ihUmA6EpkxzJg9dbDJvc0\" target=\"_blank\" rel=\"noopener\">Beata Eusebia Palomino Yenes<\/a><\/strong><\/span> (1899-1935), Hija de Mar\u00eda Auxiliadora, beatificada por san Juan Pablo II el 25 de abril de 2004 en Roma. Tambi\u00e9n ella, como la beata Mar\u00eda Troncatti, ofreci\u00f3 su vida por la paz.<\/p>\n<p>Nacida en Cantalpino, Espa\u00f1a, el 15 de diciembre de 1899, en el seno de una familia muy pobre y profundamente cristiana, Eusebia aprendi\u00f3 desde muy joven a confiar en la Providencia, a vivir de su trabajo y a amar a los dem\u00e1s olvid\u00e1ndose de s\u00ed misma.<\/p>\n<p>En el clima de fe en que vivi\u00f3, se abri\u00f3 lentamente a la Gracia, dando a Dios el primer lugar. La Primera Comuni\u00f3n, como para tantos santos, marca un punto de inflexi\u00f3n: comprende que pertenece al Se\u00f1or. A los doce a\u00f1os junto a su hermana mayor se va a Salamanca a trabajar en alguna familia. Comenz\u00f3 a asistir al oratorio festivo de las Hijas de Mar\u00eda Auxiliadora y las hermanas le ofrecieron trabajo en la comunidad. Eusebia realiza incluso trabajos pesados, sin renunciar nunca a su profundo deseo de consagrarse al Se\u00f1or.<\/p>\n<p>Finalmente, en 1922, en el 50\u00ba aniversario de la fundaci\u00f3n del Instituto FMA, comenz\u00f3 el noviciado y en 1924 hizo su primera profesi\u00f3n. Es enviada a Valverde del Camino, en el extremo suroeste de Espa\u00f1a, en la zona minera de Andaluc\u00eda, hacia la frontera con Portugal.<\/p>\n<p>Realizaba las tareas m\u00e1s humildes y asist\u00eda a las muchachas del oratorio con admirable dedicaci\u00f3n; Poco a poco se gan\u00f3 el afecto de todos y no pierde la oportunidad, tambi\u00e9n a trav\u00e9s de las numerosas cartas a su familia, de invitar a la fe en el Amor misericordioso del Se\u00f1or y a rezar el Rosario de las Santas Llagas, a la confianza en Mar\u00eda con la pr\u00e1ctica de la \u00abEsclavitud Mariana\u00bb seg\u00fan la ense\u00f1anza de San Luis M. Grignion de Montfort.<\/p>\n<p><strong>Ella, tan humilde y poco instruida, sigue los acontecimientos de Espa\u00f1a<\/strong> que, a principios de los a\u00f1os treinta, experimenta dif\u00edciles acontecimientos que la llevar\u00e1n a la Guerra Civil. En julio de 1930 se extendi\u00f3 en Espa\u00f1a un movimiento revolucionario antimon\u00e1rquico. El 12 de abril de 1931, republicanos y socialistas ganaron las elecciones; El rey Alfonso XIII parte hacia Francia. El nuevo gobierno tambi\u00e9n toma medidas contra los religiosos, incluida la expulsi\u00f3n de los jesuitas.<\/p>\n<p><strong>El clima abrasador tambi\u00e9n llega a Valverde, donde vive Sor Eusebia.<\/strong> La directora de la comunidad es la futura m\u00e1rtir y beata, sor Carmen Moreno. El 12 de mayo, algunos grupos de revolucionarios llegaron al colegio salesiano y apedrearon puertas y ventanas. Las hermanas logran salvarse pasando por el patio de la casa vecina.<\/p>\n<p>Sor Eusebia en una carta a su familia escribe: <em>\u00abEspa\u00f1a es mariana; Espa\u00f1a pertenece a la Virgen y no puede perecer. Pero hay pueblos y ciudades en Espa\u00f1a que no corresponden a estas gracias&#8230;\u00bb.<\/em> Y tambi\u00e9n: <em>\u00abAs\u00ed deben ser los hogares cristianos, perfumados por la oraci\u00f3n y la comuni\u00f3n frecuente, para que de ellos broten esas encantadoras rosas de santidad, que son la gloria de Dios, la honestidad de la familia y el honor de la patria y de la sociedad. (&#8230;) Ahora, si queremos que la Virgen reine en nosotros (&#8230;) tomemos el Santo Rosario, hag\u00e1moslo resonar en nuestras casas y levantemos la Cruz de Jes\u00fas en nuestras almas con el Rosario de las llagas. \u00a1Es tan corto y f\u00e1cil de rezar, y podemos traer tantas bendiciones a nuestra querida Espa\u00f1a!\u00bb<\/em><\/p>\n<p>Sor Eusebia traduce el deseo de paz en indicaciones que siguen siendo actuales hoy en d\u00eda: <em>\u00abSi queremos que Cristo triunfe, que Cristo reine en todas las zonas de la tierra, todas estas cosas por las que estamos pasando desaparecer\u00e1n a medida que crezca la caridad de Cristo hacia los pobres. Pues bien, esos trabajadores, si se han equivocado es porque se han encontrado sin fe, sin Dios y sin amor y por eso se rebelan en busca de ese bienestar que solo se encuentra en la religi\u00f3n. En el momento en que vean la caridad y el amor, se volver\u00e1n a Dios como corderos mansos y ser\u00e1n verdaderos cristianos, dando gloria a Dios y a la patria\u00bb.<\/em><\/p>\n<p><strong>Fue en estos d\u00edas cuando Sor Eusebia madur\u00f3 la decisi\u00f3n: ofrecerse como v\u00edctima. <\/strong>\u00bfCon qu\u00e9 prop\u00f3sito? En la<em> Positio super virtutibus<\/em>, hay algunos testimonios en los que se afirma que lo hizo por Espa\u00f1a, como coronaci\u00f3n de su compromiso con la \u00absalvaci\u00f3n de las almas\u00bb, en la estela del <em>Da mihi animas cetera tolle<\/em> de\u00a0 Don Bosco.<\/p>\n<p>El 17 de mayo de 1932, despu\u00e9s de pedir permiso a su confesor y al director, mientras se escond\u00eda vestida con ropas seculares en una casa que le hab\u00eda brindado hospitalidad, pronunci\u00f3 el acto de ofrecer su vida. El 19 de mayo, cuando la situaci\u00f3n mejor\u00f3, las hermanas regresaron al internado y Sor Eusebia retom\u00f3 sus ocupaciones. En agosto sufri\u00f3 los primeros s\u00edntomas de aquella enfermedad asm\u00e1tica que le abri\u00f3 el cielo la noche del 9 al 10 de febrero de 1935. El ofrecimiento de la vida es aceptado.<\/p>\n<p>El valor de la oblaci\u00f3n hab\u00eda marcado su alma desde que era una ni\u00f1a. Relata en su autobiograf\u00eda: <em>\u00abEstando en la escuela recuerdo perfectamente que hab\u00eda una Historia Sagrada en pinturas a lo largo de las paredes. En uno de los primeros d\u00edas, la maestra estaba desplegando una pintura frente a mi escritorio que conten\u00eda la historia de Isaac.\u00a0 Yo estaba ah\u00ed sentada haciendo rollitos de papel, pero me gust\u00f3 mucho esa explicaci\u00f3n y no me salt\u00e9 ni una s\u00edlaba. <\/em><\/p>\n<p><em>Al d\u00eda siguiente fui con mi madre al bosque cercano en busca de madera. Ella cogi\u00f3 un gran manojo de le\u00f1a y, como es costumbre, lo llev\u00f3 sobre sus hombros, atado a su cintur\u00f3n con un cord\u00f3n. Ella tambi\u00e9n me dio a m\u00ed un peque\u00f1o mont\u00f3n, y yo baj\u00e9 de la monta\u00f1a loca de alegr\u00eda y satisfacci\u00f3n, recordando la historia del sacrificio de Isaac, que hab\u00eda o\u00eddo contar a mi maestra y en el camino se la cont\u00e9 a mi madre. Cuando me sent\u00eda cansada, dec\u00eda: \u00abAhora vamos a descansar un poco, como Isaac, porque todav\u00eda tenemos un largo camino por recorrer\u00bb, y descans\u00e1bamos un poco, y luego volv\u00edamos a ir hasta que volv\u00edan a descansar de nuevo. Le dije a mi madre: \u00abIsaac fue una v\u00edctima; si mor\u00eda, ir\u00eda directamente al Cielo; Yo no soy una v\u00edctima, pero me gustar\u00eda mucho serlo, si Dios quisiera, porque siento en mi interior un deseo tan grande de hacerme santa que no puedo remediarlo, y vi que a mi madre mientras avanzaba bajo el peso del bulto las l\u00e1grimas le corr\u00edan por su rostro\u201d.<\/em><\/p>\n<p>Cuarenta a\u00f1os antes del ofrecimiento de la vida de Sor Mar\u00eda Troncatti, Sor Eusebia hab\u00eda elegido ser una \u00abartesana de la paz\u00bb, ofreciendo la vida por su patria.<\/p>\n","protected":false},"excerpt":{"rendered":"<p>Roma (Italia). El 9 de febrero de 2025 se celebrar\u00e1 la memoria lit\u00fargica de la Beata Eusebia Palomino Yenes (1899-1935), Hija de Mar\u00eda Auxiliadora, beatificada por san Juan Pablo II [&hellip;]<\/p>\n","protected":false},"author":21,"featured_media":128060,"comment_status":"open","ping_status":"closed","sticky":false,"template":"","format":"standard","meta":{"footnotes":""},"categories":[167,158],"tags":[1451,1474,1830,1931],"class_list":["post-128065","post","type-post","status-publish","format-standard","has-post-thumbnail","category-carisma-salesiano-es","category-ifma-es","tag-espana","tag-paz-es","tag-focus-es"],"yoast_head":"<!-- This site is optimized with the Yoast SEO plugin v27.4 - https:\/\/yoast.com\/product\/yoast-seo-wordpress\/ -->\n<title>Beata Eusebia Palomino, mujer de paz &#8226; Istituto Figlie di Maria Ausiliatrice<\/title>\n<meta name=\"description\" content=\"El 9 de febrero de 2025 se celebra la memoria de la beata Eusebia Palomino Yenes, FMA, que ofreci\u00f3 su vida por la paz.\" \/>\n<meta name=\"robots\" content=\"index, follow, max-snippet:-1, max-image-preview:large, max-video-preview:-1\" \/>\n<link rel=\"canonical\" href=\"https:\/\/www.cgfmanet.org\/es\/ifma-es\/carisma-salesiano-es\/beata-eusebia-palomino-mujer-de-paz\/\" \/>\n<meta property=\"og:locale\" content=\"es_ES\" \/>\n<meta property=\"og:type\" content=\"article\" \/>\n<meta property=\"og:title\" content=\"Beata Eusebia Palomino, mujer de paz &#8226; Istituto Figlie di Maria Ausiliatrice\" \/>\n<meta property=\"og:description\" content=\"El 9 de febrero de 2025 se celebra la memoria de la beata Eusebia Palomino Yenes, FMA, que ofreci\u00f3 su vida por la paz.\" \/>\n<meta property=\"og:url\" content=\"https:\/\/www.cgfmanet.org\/es\/ifma-es\/carisma-salesiano-es\/beata-eusebia-palomino-mujer-de-paz\/\" \/>\n<meta property=\"og:site_name\" content=\"Istituto Figlie di Maria Ausiliatrice\" \/>\n<meta property=\"article:publisher\" content=\"https:\/\/www.facebook.com\/salesian.sisters.of.don.bosco\/\" \/>\n<meta property=\"article:published_time\" content=\"2025-02-07T11:52:04+00:00\" \/>\n<meta property=\"article:modified_time\" content=\"2025-02-12T20:38:39+00:00\" \/>\n<meta property=\"og:image\" content=\"https:\/\/www.cgfmanet.org\/wp-content\/uploads\/2025\/02\/Eusebia-Palomino_pace.jpg\" \/>\n\t<meta property=\"og:image:width\" content=\"1200\" \/>\n\t<meta property=\"og:image:height\" content=\"800\" \/>\n\t<meta property=\"og:image:type\" content=\"image\/jpeg\" \/>\n<meta name=\"author\" content=\"Redazione\" \/>\n<meta name=\"twitter:card\" content=\"summary_large_image\" \/>\n<meta name=\"twitter:creator\" content=\"@Cgfmanet_Org\" \/>\n<meta name=\"twitter:site\" content=\"@Cgfmanet_Org\" \/>\n<meta name=\"twitter:label1\" content=\"Escrito por\" \/>\n\t<meta name=\"twitter:data1\" content=\"Redazione\" \/>\n\t<meta name=\"twitter:label2\" content=\"Tiempo de lectura\" \/>\n\t<meta name=\"twitter:data2\" content=\"7 minutos\" \/>\n<script type=\"application\/ld+json\" class=\"yoast-schema-graph\">{\"@context\":\"https:\\\/\\\/schema.org\",\"@graph\":[{\"@type\":\"Article\",\"@id\":\"https:\\\/\\\/www.cgfmanet.org\\\/es\\\/ifma-es\\\/carisma-salesiano-es\\\/beata-eusebia-palomino-mujer-de-paz\\\/#article\",\"isPartOf\":{\"@id\":\"https:\\\/\\\/www.cgfmanet.org\\\/es\\\/ifma-es\\\/carisma-salesiano-es\\\/beata-eusebia-palomino-mujer-de-paz\\\/\"},\"author\":{\"name\":\"Redazione\",\"@id\":\"https:\\\/\\\/www.cgfmanet.org\\\/es\\\/#\\\/schema\\\/person\\\/ce6473083f53ef0ef882cca23f0c8fb9\"},\"headline\":\"Beata Eusebia Palomino, mujer de paz\",\"datePublished\":\"2025-02-07T11:52:04+00:00\",\"dateModified\":\"2025-02-12T20:38:39+00:00\",\"mainEntityOfPage\":{\"@id\":\"https:\\\/\\\/www.cgfmanet.org\\\/es\\\/ifma-es\\\/carisma-salesiano-es\\\/beata-eusebia-palomino-mujer-de-paz\\\/\"},\"wordCount\":1217,\"commentCount\":0,\"publisher\":{\"@id\":\"https:\\\/\\\/www.cgfmanet.org\\\/es\\\/#organization\"},\"image\":{\"@id\":\"https:\\\/\\\/www.cgfmanet.org\\\/es\\\/ifma-es\\\/carisma-salesiano-es\\\/beata-eusebia-palomino-mujer-de-paz\\\/#primaryimage\"},\"thumbnailUrl\":\"https:\\\/\\\/www.cgfmanet.org\\\/wp-content\\\/uploads\\\/2025\\\/02\\\/Eusebia-Palomino_pace.jpg\",\"keywords\":[\"Santidad Salesiana\",\"Espa\u00f1a\",\"Paz\",\"Focus\"],\"articleSection\":[\"Carisma Salesiano\",\"IFMA\"],\"inLanguage\":\"es\",\"potentialAction\":[{\"@type\":\"CommentAction\",\"name\":\"Comment\",\"target\":[\"https:\\\/\\\/www.cgfmanet.org\\\/es\\\/ifma-es\\\/carisma-salesiano-es\\\/beata-eusebia-palomino-mujer-de-paz\\\/#respond\"]}]},{\"@type\":\"WebPage\",\"@id\":\"https:\\\/\\\/www.cgfmanet.org\\\/es\\\/ifma-es\\\/carisma-salesiano-es\\\/beata-eusebia-palomino-mujer-de-paz\\\/\",\"url\":\"https:\\\/\\\/www.cgfmanet.org\\\/es\\\/ifma-es\\\/carisma-salesiano-es\\\/beata-eusebia-palomino-mujer-de-paz\\\/\",\"name\":\"Beata Eusebia Palomino, mujer de paz &#8226; Istituto Figlie di Maria Ausiliatrice\",\"isPartOf\":{\"@id\":\"https:\\\/\\\/www.cgfmanet.org\\\/es\\\/#website\"},\"primaryImageOfPage\":{\"@id\":\"https:\\\/\\\/www.cgfmanet.org\\\/es\\\/ifma-es\\\/carisma-salesiano-es\\\/beata-eusebia-palomino-mujer-de-paz\\\/#primaryimage\"},\"image\":{\"@id\":\"https:\\\/\\\/www.cgfmanet.org\\\/es\\\/ifma-es\\\/carisma-salesiano-es\\\/beata-eusebia-palomino-mujer-de-paz\\\/#primaryimage\"},\"thumbnailUrl\":\"https:\\\/\\\/www.cgfmanet.org\\\/wp-content\\\/uploads\\\/2025\\\/02\\\/Eusebia-Palomino_pace.jpg\",\"datePublished\":\"2025-02-07T11:52:04+00:00\",\"dateModified\":\"2025-02-12T20:38:39+00:00\",\"description\":\"El 9 de febrero de 2025 se celebra la memoria de la beata Eusebia Palomino Yenes, FMA, que ofreci\u00f3 su vida por la paz.\",\"breadcrumb\":{\"@id\":\"https:\\\/\\\/www.cgfmanet.org\\\/es\\\/ifma-es\\\/carisma-salesiano-es\\\/beata-eusebia-palomino-mujer-de-paz\\\/#breadcrumb\"},\"inLanguage\":\"es\",\"potentialAction\":[{\"@type\":\"ReadAction\",\"target\":[\"https:\\\/\\\/www.cgfmanet.org\\\/es\\\/ifma-es\\\/carisma-salesiano-es\\\/beata-eusebia-palomino-mujer-de-paz\\\/\"]}]},{\"@type\":\"ImageObject\",\"inLanguage\":\"es\",\"@id\":\"https:\\\/\\\/www.cgfmanet.org\\\/es\\\/ifma-es\\\/carisma-salesiano-es\\\/beata-eusebia-palomino-mujer-de-paz\\\/#primaryimage\",\"url\":\"https:\\\/\\\/www.cgfmanet.org\\\/wp-content\\\/uploads\\\/2025\\\/02\\\/Eusebia-Palomino_pace.jpg\",\"contentUrl\":\"https:\\\/\\\/www.cgfmanet.org\\\/wp-content\\\/uploads\\\/2025\\\/02\\\/Eusebia-Palomino_pace.jpg\",\"width\":1200,\"height\":800},{\"@type\":\"BreadcrumbList\",\"@id\":\"https:\\\/\\\/www.cgfmanet.org\\\/es\\\/ifma-es\\\/carisma-salesiano-es\\\/beata-eusebia-palomino-mujer-de-paz\\\/#breadcrumb\",\"itemListElement\":[{\"@type\":\"ListItem\",\"position\":1,\"name\":\"Home\",\"item\":\"https:\\\/\\\/www.cgfmanet.org\\\/es\\\/\"},{\"@type\":\"ListItem\",\"position\":2,\"name\":\"Beata Eusebia Palomino, mujer de paz\"}]},{\"@type\":\"WebSite\",\"@id\":\"https:\\\/\\\/www.cgfmanet.org\\\/es\\\/#website\",\"url\":\"https:\\\/\\\/www.cgfmanet.org\\\/es\\\/\",\"name\":\"Istituto Figlie di Maria Ausiliatrice\",\"description\":\"Salesiane di Don Bosco\",\"publisher\":{\"@id\":\"https:\\\/\\\/www.cgfmanet.org\\\/es\\\/#organization\"},\"potentialAction\":[{\"@type\":\"SearchAction\",\"target\":{\"@type\":\"EntryPoint\",\"urlTemplate\":\"https:\\\/\\\/www.cgfmanet.org\\\/es\\\/?s={search_term_string}\"},\"query-input\":{\"@type\":\"PropertyValueSpecification\",\"valueRequired\":true,\"valueName\":\"search_term_string\"}}],\"inLanguage\":\"es\"},{\"@type\":\"Organization\",\"@id\":\"https:\\\/\\\/www.cgfmanet.org\\\/es\\\/#organization\",\"name\":\"Istituto Figlie di Maria Ausiliatrice\",\"url\":\"https:\\\/\\\/www.cgfmanet.org\\\/es\\\/\",\"logo\":{\"@type\":\"ImageObject\",\"inLanguage\":\"es\",\"@id\":\"https:\\\/\\\/www.cgfmanet.org\\\/es\\\/#\\\/schema\\\/logo\\\/image\\\/\",\"url\":\"https:\\\/\\\/www.cgfmanet.org\\\/wp-content\\\/uploads\\\/2018\\\/10\\\/logo-fma.png\",\"contentUrl\":\"https:\\\/\\\/www.cgfmanet.org\\\/wp-content\\\/uploads\\\/2018\\\/10\\\/logo-fma.png\",\"width\":214,\"height\":55,\"caption\":\"Istituto Figlie di Maria Ausiliatrice\"},\"image\":{\"@id\":\"https:\\\/\\\/www.cgfmanet.org\\\/es\\\/#\\\/schema\\\/logo\\\/image\\\/\"},\"sameAs\":[\"https:\\\/\\\/www.facebook.com\\\/salesian.sisters.of.don.bosco\\\/\",\"https:\\\/\\\/x.com\\\/Cgfmanet_Org\",\"https:\\\/\\\/www.youtube.com\\\/channel\\\/UCmcr8yFQBV7JXeXVxyV9y5Q\"]},{\"@type\":\"Person\",\"@id\":\"https:\\\/\\\/www.cgfmanet.org\\\/es\\\/#\\\/schema\\\/person\\\/ce6473083f53ef0ef882cca23f0c8fb9\",\"name\":\"Redazione\"}]}<\/script>\n<!-- \/ Yoast SEO plugin. -->","yoast_head_json":{"title":"Beata Eusebia Palomino, mujer de paz &#8226; Istituto Figlie di Maria Ausiliatrice","description":"El 9 de febrero de 2025 se celebra la memoria de la beata Eusebia Palomino Yenes, FMA, que ofreci\u00f3 su vida por la paz.","robots":{"index":"index","follow":"follow","max-snippet":"max-snippet:-1","max-image-preview":"max-image-preview:large","max-video-preview":"max-video-preview:-1"},"canonical":"https:\/\/www.cgfmanet.org\/es\/ifma-es\/carisma-salesiano-es\/beata-eusebia-palomino-mujer-de-paz\/","og_locale":"es_ES","og_type":"article","og_title":"Beata Eusebia Palomino, mujer de paz &#8226; Istituto Figlie di Maria Ausiliatrice","og_description":"El 9 de febrero de 2025 se celebra la memoria de la beata Eusebia Palomino Yenes, FMA, que ofreci\u00f3 su vida por la paz.","og_url":"https:\/\/www.cgfmanet.org\/es\/ifma-es\/carisma-salesiano-es\/beata-eusebia-palomino-mujer-de-paz\/","og_site_name":"Istituto Figlie di Maria Ausiliatrice","article_publisher":"https:\/\/www.facebook.com\/salesian.sisters.of.don.bosco\/","article_published_time":"2025-02-07T11:52:04+00:00","article_modified_time":"2025-02-12T20:38:39+00:00","og_image":[{"width":1200,"height":800,"url":"https:\/\/www.cgfmanet.org\/wp-content\/uploads\/2025\/02\/Eusebia-Palomino_pace.jpg","type":"image\/jpeg"}],"author":"Redazione","twitter_card":"summary_large_image","twitter_creator":"@Cgfmanet_Org","twitter_site":"@Cgfmanet_Org","twitter_misc":{"Escrito por":"Redazione","Tiempo de lectura":"7 minutos"},"schema":{"@context":"https:\/\/schema.org","@graph":[{"@type":"Article","@id":"https:\/\/www.cgfmanet.org\/es\/ifma-es\/carisma-salesiano-es\/beata-eusebia-palomino-mujer-de-paz\/#article","isPartOf":{"@id":"https:\/\/www.cgfmanet.org\/es\/ifma-es\/carisma-salesiano-es\/beata-eusebia-palomino-mujer-de-paz\/"},"author":{"name":"Redazione","@id":"https:\/\/www.cgfmanet.org\/es\/#\/schema\/person\/ce6473083f53ef0ef882cca23f0c8fb9"},"headline":"Beata Eusebia Palomino, mujer de paz","datePublished":"2025-02-07T11:52:04+00:00","dateModified":"2025-02-12T20:38:39+00:00","mainEntityOfPage":{"@id":"https:\/\/www.cgfmanet.org\/es\/ifma-es\/carisma-salesiano-es\/beata-eusebia-palomino-mujer-de-paz\/"},"wordCount":1217,"commentCount":0,"publisher":{"@id":"https:\/\/www.cgfmanet.org\/es\/#organization"},"image":{"@id":"https:\/\/www.cgfmanet.org\/es\/ifma-es\/carisma-salesiano-es\/beata-eusebia-palomino-mujer-de-paz\/#primaryimage"},"thumbnailUrl":"https:\/\/www.cgfmanet.org\/wp-content\/uploads\/2025\/02\/Eusebia-Palomino_pace.jpg","keywords":["Santidad Salesiana","Espa\u00f1a","Paz","Focus"],"articleSection":["Carisma Salesiano","IFMA"],"inLanguage":"es","potentialAction":[{"@type":"CommentAction","name":"Comment","target":["https:\/\/www.cgfmanet.org\/es\/ifma-es\/carisma-salesiano-es\/beata-eusebia-palomino-mujer-de-paz\/#respond"]}]},{"@type":"WebPage","@id":"https:\/\/www.cgfmanet.org\/es\/ifma-es\/carisma-salesiano-es\/beata-eusebia-palomino-mujer-de-paz\/","url":"https:\/\/www.cgfmanet.org\/es\/ifma-es\/carisma-salesiano-es\/beata-eusebia-palomino-mujer-de-paz\/","name":"Beata Eusebia Palomino, mujer de paz &#8226; Istituto Figlie di Maria Ausiliatrice","isPartOf":{"@id":"https:\/\/www.cgfmanet.org\/es\/#website"},"primaryImageOfPage":{"@id":"https:\/\/www.cgfmanet.org\/es\/ifma-es\/carisma-salesiano-es\/beata-eusebia-palomino-mujer-de-paz\/#primaryimage"},"image":{"@id":"https:\/\/www.cgfmanet.org\/es\/ifma-es\/carisma-salesiano-es\/beata-eusebia-palomino-mujer-de-paz\/#primaryimage"},"thumbnailUrl":"https:\/\/www.cgfmanet.org\/wp-content\/uploads\/2025\/02\/Eusebia-Palomino_pace.jpg","datePublished":"2025-02-07T11:52:04+00:00","dateModified":"2025-02-12T20:38:39+00:00","description":"El 9 de febrero de 2025 se celebra la memoria de la beata Eusebia Palomino Yenes, FMA, que ofreci\u00f3 su vida por la paz.","breadcrumb":{"@id":"https:\/\/www.cgfmanet.org\/es\/ifma-es\/carisma-salesiano-es\/beata-eusebia-palomino-mujer-de-paz\/#breadcrumb"},"inLanguage":"es","potentialAction":[{"@type":"ReadAction","target":["https:\/\/www.cgfmanet.org\/es\/ifma-es\/carisma-salesiano-es\/beata-eusebia-palomino-mujer-de-paz\/"]}]},{"@type":"ImageObject","inLanguage":"es","@id":"https:\/\/www.cgfmanet.org\/es\/ifma-es\/carisma-salesiano-es\/beata-eusebia-palomino-mujer-de-paz\/#primaryimage","url":"https:\/\/www.cgfmanet.org\/wp-content\/uploads\/2025\/02\/Eusebia-Palomino_pace.jpg","contentUrl":"https:\/\/www.cgfmanet.org\/wp-content\/uploads\/2025\/02\/Eusebia-Palomino_pace.jpg","width":1200,"height":800},{"@type":"BreadcrumbList","@id":"https:\/\/www.cgfmanet.org\/es\/ifma-es\/carisma-salesiano-es\/beata-eusebia-palomino-mujer-de-paz\/#breadcrumb","itemListElement":[{"@type":"ListItem","position":1,"name":"Home","item":"https:\/\/www.cgfmanet.org\/es\/"},{"@type":"ListItem","position":2,"name":"Beata Eusebia Palomino, mujer de paz"}]},{"@type":"WebSite","@id":"https:\/\/www.cgfmanet.org\/es\/#website","url":"https:\/\/www.cgfmanet.org\/es\/","name":"Istituto Figlie di Maria Ausiliatrice","description":"Salesiane di Don Bosco","publisher":{"@id":"https:\/\/www.cgfmanet.org\/es\/#organization"},"potentialAction":[{"@type":"SearchAction","target":{"@type":"EntryPoint","urlTemplate":"https:\/\/www.cgfmanet.org\/es\/?s={search_term_string}"},"query-input":{"@type":"PropertyValueSpecification","valueRequired":true,"valueName":"search_term_string"}}],"inLanguage":"es"},{"@type":"Organization","@id":"https:\/\/www.cgfmanet.org\/es\/#organization","name":"Istituto Figlie di Maria Ausiliatrice","url":"https:\/\/www.cgfmanet.org\/es\/","logo":{"@type":"ImageObject","inLanguage":"es","@id":"https:\/\/www.cgfmanet.org\/es\/#\/schema\/logo\/image\/","url":"https:\/\/www.cgfmanet.org\/wp-content\/uploads\/2018\/10\/logo-fma.png","contentUrl":"https:\/\/www.cgfmanet.org\/wp-content\/uploads\/2018\/10\/logo-fma.png","width":214,"height":55,"caption":"Istituto Figlie di Maria Ausiliatrice"},"image":{"@id":"https:\/\/www.cgfmanet.org\/es\/#\/schema\/logo\/image\/"},"sameAs":["https:\/\/www.facebook.com\/salesian.sisters.of.don.bosco\/","https:\/\/x.com\/Cgfmanet_Org","https:\/\/www.youtube.com\/channel\/UCmcr8yFQBV7JXeXVxyV9y5Q"]},{"@type":"Person","@id":"https:\/\/www.cgfmanet.org\/es\/#\/schema\/person\/ce6473083f53ef0ef882cca23f0c8fb9","name":"Redazione"}]}},"_links":{"self":[{"href":"https:\/\/www.cgfmanet.org\/es\/wp-json\/wp\/v2\/posts\/128065","targetHints":{"allow":["GET"]}}],"collection":[{"href":"https:\/\/www.cgfmanet.org\/es\/wp-json\/wp\/v2\/posts"}],"about":[{"href":"https:\/\/www.cgfmanet.org\/es\/wp-json\/wp\/v2\/types\/post"}],"author":[{"embeddable":true,"href":"https:\/\/www.cgfmanet.org\/es\/wp-json\/wp\/v2\/users\/21"}],"replies":[{"embeddable":true,"href":"https:\/\/www.cgfmanet.org\/es\/wp-json\/wp\/v2\/comments?post=128065"}],"version-history":[{"count":2,"href":"https:\/\/www.cgfmanet.org\/es\/wp-json\/wp\/v2\/posts\/128065\/revisions"}],"predecessor-version":[{"id":128338,"href":"https:\/\/www.cgfmanet.org\/es\/wp-json\/wp\/v2\/posts\/128065\/revisions\/128338"}],"wp:featuredmedia":[{"embeddable":true,"href":"https:\/\/www.cgfmanet.org\/es\/wp-json\/wp\/v2\/media\/128060"}],"wp:attachment":[{"href":"https:\/\/www.cgfmanet.org\/es\/wp-json\/wp\/v2\/media?parent=128065"}],"wp:term":[{"taxonomy":"category","embeddable":true,"href":"https:\/\/www.cgfmanet.org\/es\/wp-json\/wp\/v2\/categories?post=128065"},{"taxonomy":"post_tag","embeddable":true,"href":"https:\/\/www.cgfmanet.org\/es\/wp-json\/wp\/v2\/tags?post=128065"}],"curies":[{"name":"wp","href":"https:\/\/api.w.org\/{rel}","templated":true}]}}