{"id":126978,"date":"2025-01-21T21:58:19","date_gmt":"2025-01-21T20:58:19","guid":{"rendered":"https:\/\/www.cgfmanet.org\/infoesfera\/la-cappella-con-le-reliquie-di-laura-vicuna-e-chiesa-giubilare\/"},"modified":"2025-01-21T13:04:18","modified_gmt":"2025-01-21T12:04:18","slug":"la-capilla-con-las-reliquias-de-laura-vicuna-es-templo-jubilar","status":"publish","type":"post","link":"https:\/\/www.cgfmanet.org\/es\/infoesfera\/la-capilla-con-las-reliquias-de-laura-vicuna-es-templo-jubilar\/","title":{"rendered":"La Capilla con las reliquias de Laura Vicu\u00f1a es Templo jubilar"},"content":{"rendered":"<p><strong>Bah\u00eda Blanca (Argentina).<\/strong> El 8 de enero de 2025, el Arzobispo de la Archidi\u00f3cesis de Bah\u00eda Blanca, Mons. Carlos Azpiroz Costa, a trav\u00e9s una <span style=\"color: #0000ff;\"><strong><a style=\"color: #0000ff;\" href=\"https:\/\/drive.google.com\/file\/d\/1rgPHfLnX6bQH1eF0-kFWLAbkkEGk_rYT\/view?usp=drive_link\" target=\"_blank\" rel=\"noopener\">carta<\/a><\/strong><\/span> firmada por el Obispo Auxiliar, Mons. Pedro E. Fornau, estableci\u00f3 que <strong>la capilla del <\/strong><em><strong>Colegio Mar\u00eda Auxiliadora<\/strong><\/em><strong> de las Hijas de Mar\u00eda Auxiliadora de las Hijas de Mar\u00eda Auxiliadora de la <\/strong><em><strong>\u00a0Inspector\u00eda Laura Vicu\u00f1a<\/strong><\/em><strong>\u00a0 (ARG), que alberga los restos de la Beata Laura Vicu\u00f1a, sea declarado el lugar donde se conceder\u00e1 la gracia de la indulgencia plenaria el 22 de enero de 2025<\/strong>, con motivo de la memoria lit\u00fargica de la Beata.<\/p>\n<p>Adem\u00e1s, <strong>la Capilla es reconocida como Templo jubilar,<\/strong> tanto para la celebraci\u00f3n del 22 de enero de 2025 como el 22 de cada mes, como en \u00abocasiones similares\u00bb, en el contexto del A\u00f1o Santo y Jubilar de la Esperanza que concluir\u00e1 con la fiesta de la Epifan\u00eda 2026.<\/p>\n<p>El 8 de diciembre de 2024, la Archidi\u00f3cesis de Bah\u00eda Blanca hab\u00eda ordenado que, adem\u00e1s de los 10 \u00abtemplos jubilares\u00bb ya indicados, <em>\u00ablas fiestas patronales (ocasiones similares) de las diversas parroquias, santuarios o lugares de peregrinaci\u00f3n fueran considerados en estas ocasiones como lugares de peregrinaci\u00f3n jubilar\u00bb.<\/em><\/p>\n<p>Con respecto a la petici\u00f3n de las FMA de declarar la Capilla como lugar para obtener, cada 22 de enero de los a\u00f1os siguientes, en las condiciones establecidas por la Iglesia, la gracia de la indulgencia plenaria, el Obispo expres\u00f3 su voluntad de iniciar la solicitud a la Penitenciar\u00eda Apost\u00f3lica de la Santa Sede en nombre de la\u00a0 Inspector\u00eda <em>Laura Vicu\u00f1a<\/em>.<\/p>\n<p><strong>La noticia ha suscitado la alegr\u00eda de todas las FMA y de las Comunidades Educativas de la Inspector\u00eda<\/strong>, que se preparan para vivir, junto a los j\u00f3venes y las j\u00f3venes, la Fiesta del nacimiento al cielo de la Beata en este a\u00f1o \u00abespecial\u00bb para la Iglesia, en el que el Papa Francisco, en la bula de convocatoria del Jubileo, invita a vivir la peregrinaci\u00f3n como elemento fundamental del evento jubilar:<\/p>\n<p><em>\u00abPonerse en camino es lo propio de quien va a la b\u00fasqueda del sentido de la vida. La peregrinaci\u00f3n a pie favorece mucho el redescubrimiento del valor del silencio, del cansancio, de la esencialidad\u00bb.<\/em><\/p>\n<p><strong><a href=\"https:\/\/www.cgfmanet.org\/wp-content\/uploads\/2025\/01\/Cappella-Bahia-Blanca_4.jpg\"><img decoding=\"async\" class=\"alignright wp-image-126969 lazyload\" data-src=\"https:\/\/www.cgfmanet.org\/wp-content\/uploads\/2025\/01\/Cappella-Bahia-Blanca_4.jpg\" alt=\"\" width=\"300\" height=\"383\" data-srcset=\"https:\/\/www.cgfmanet.org\/wp-content\/uploads\/2025\/01\/Cappella-Bahia-Blanca_4.jpg 927w, https:\/\/www.cgfmanet.org\/wp-content\/uploads\/2025\/01\/Cappella-Bahia-Blanca_4-768x981.jpg 768w, https:\/\/www.cgfmanet.org\/wp-content\/uploads\/2025\/01\/Cappella-Bahia-Blanca_4-329x420.jpg 329w, https:\/\/www.cgfmanet.org\/wp-content\/uploads\/2025\/01\/Cappella-Bahia-Blanca_4-696x889.jpg 696w\" data-sizes=\"auto\" src=\"data:image\/svg+xml;base64,PHN2ZyB3aWR0aD0iMSIgaGVpZ2h0PSIxIiB4bWxucz0iaHR0cDovL3d3dy53My5vcmcvMjAwMC9zdmciPjwvc3ZnPg==\" style=\"--smush-placeholder-width: 300px; --smush-placeholder-aspect-ratio: 300\/383;\" data-original-sizes=\"(max-width: 300px) 100vw, 300px\" \/><\/a>En el interior de la Capilla, en una urna <span style=\"color: #0000ff;\"><a style=\"color: #0000ff;\" href=\"https:\/\/www.cgfmanet.org\/es\/ifma-es\/33-beatificacion-de-laura-vicuna\/\" target=\"_blank\" rel=\"noopener\">trasferida el 22 de agosto de<\/a><\/span><\/strong><strong><span style=\"color: #0000ff;\"><a style=\"color: #0000ff;\" href=\"https:\/\/www.cgfmanet.org\/es\/ifma-es\/33-beatificacion-de-laura-vicuna\/\" target=\"_blank\" rel=\"noopener\"> 2021<\/a><\/span><\/strong> al nuevo espacio con acceso directo desde el exterior, es posible venerar las reliquias de \u00abLaurita\u00bb, meta de numerosos peregrinos, as\u00ed como de alumnos y alumnas de la Escuela que desean encontrarse con ella, rezar e invocarla para tener su intercesi\u00f3n.<\/p>\n<p><strong>Laura es un \u00abreflejo de esperanza\u00bb<\/strong> para tantos y tantas j\u00f3venes a los que, por su historia familiar, vivida con amor hasta el fondo, incluso en las situaciones m\u00e1s duras, muestra c\u00f3mo transformar el dolor en amor, el sufrimiento en alegr\u00eda:<\/p>\n<p><em>\u00abLaura nos ense\u00f1a y nos invita a vivir cada d\u00eda valorando el presente y aceptando lo que debemos vivir, tal como es, con la confiada esperanza de lo que ser\u00e1\u00bb<\/em> (Silvia Dupont y Susana Billordo FMA, \u00abLaura Vicu\u00f1a. Transformar el dolor en amor\u00bb).<\/p>\n<p><span style=\"color: #0000ff;\"><a style=\"color: #0000ff;\" href=\"https:\/\/drive.google.com\/drive\/u\/1\/folders\/1TYvngKfo3tWjNv7qMZjy8n67wcQvFA1n\" target=\"_blank\" rel=\"noopener\"><strong>Recursos y ppt<\/strong><\/a><\/span><\/p>\n\r\n                <style type=\"text\/css\">\r\n                    \r\n                    #tdi_1  .td-doubleSlider-2 .td-item1 {\r\n                        background: url(https:\/\/www.cgfmanet.org\/wp-content\/uploads\/2025\/01\/Cappella-Bahia-Blanca_3-80x60.jpg) 0 0 no-repeat;\r\n                    }\r\n                    #tdi_1  .td-doubleSlider-2 .td-item2 {\r\n                        background: url(https:\/\/www.cgfmanet.org\/wp-content\/uploads\/2025\/01\/Cappella-Bahia-Blanca_1-80x60.jpg) 0 0 no-repeat;\r\n                    }\r\n                    #tdi_1  .td-doubleSlider-2 .td-item3 {\r\n                        background: url(https:\/\/www.cgfmanet.org\/wp-content\/uploads\/2025\/01\/Cappella-Bahia-Blanca_2-80x60.jpg) 0 0 no-repeat;\r\n                    }\r\n                <\/style>\r\n\r\n                <div id=\"tdi_1\" class=\"td-gallery td-slide-on-2-columns\">\r\n                    <div class=\"post_td_gallery\">\r\n                        <div class=\"td-gallery-slide-top\">\r\n                           <div class=\"td-gallery-title\"><\/div>\r\n\r\n                            <div class=\"td-gallery-controls-wrapper\">\r\n                                <div class=\"td-gallery-slide-count\"><span class=\"td-gallery-slide-item-focus\">1<\/span> de 3<\/div>\r\n                                <div class=\"td-gallery-slide-prev-next-but\">\r\n                                    <i class = \"td-icon-left doubleSliderPrevButton\"><\/i>\r\n                                    <i class = \"td-icon-right doubleSliderNextButton\"><\/i>\r\n                                <\/div>\r\n                            <\/div>\r\n                        <\/div>\r\n\r\n                        <div class = \"td-doubleSlider-1 \">\r\n                            <div class = \"td-slider\">\r\n                                \r\n                    <div class = \"td-slide-item td-item1\">\r\n                        <figure class=\"td-slide-galery-figure td-slide-popup-gallery\">\r\n                            <a class=\"slide-gallery-image-link\" href=\"https:\/\/www.cgfmanet.org\/wp-content\/uploads\/2025\/01\/Cappella-Bahia-Blanca_3.jpg\" title=\"Cappella Bah\u00eda Blanca_3\"  data-caption=\"\"  data-description=\"\">\r\n                                <img decoding=\"async\" data-src=\"https:\/\/www.cgfmanet.org\/wp-content\/uploads\/2025\/01\/Cappella-Bahia-Blanca_3-630x420.jpg\" data-srcset=\"https:\/\/www.cgfmanet.org\/wp-content\/uploads\/2025\/01\/Cappella-Bahia-Blanca_3-630x420.jpg 630w, https:\/\/www.cgfmanet.org\/wp-content\/uploads\/2025\/01\/Cappella-Bahia-Blanca_3-768x512.jpg 768w, https:\/\/www.cgfmanet.org\/wp-content\/uploads\/2025\/01\/Cappella-Bahia-Blanca_3-696x464.jpg 696w, https:\/\/www.cgfmanet.org\/wp-content\/uploads\/2025\/01\/Cappella-Bahia-Blanca_3.jpg 1181w\" data-sizes=\"auto\" alt=\"\" src=\"data:image\/svg+xml;base64,PHN2ZyB3aWR0aD0iMSIgaGVpZ2h0PSIxIiB4bWxucz0iaHR0cDovL3d3dy53My5vcmcvMjAwMC9zdmciPjwvc3ZnPg==\" class=\"lazyload\" style=\"--smush-placeholder-width: 630px; --smush-placeholder-aspect-ratio: 630\/420;\" data-original-sizes=\"(max-width: 630px) 100vw, 630px\">\r\n                            <\/a>\r\n                            \r\n                        <\/figure>\r\n                    <\/div>\r\n                    <div class = \"td-slide-item td-item2\">\r\n                        <figure class=\"td-slide-galery-figure td-slide-popup-gallery\">\r\n                            <a class=\"slide-gallery-image-link\" href=\"https:\/\/www.cgfmanet.org\/wp-content\/uploads\/2025\/01\/Cappella-Bahia-Blanca_1.jpg\" title=\"Cappella Bah\u00eda Blanca_1\"  data-caption=\"\"  data-description=\"\">\r\n                                <img decoding=\"async\" data-src=\"https:\/\/www.cgfmanet.org\/wp-content\/uploads\/2025\/01\/Cappella-Bahia-Blanca_1-629x420.jpg\" data-srcset=\"https:\/\/www.cgfmanet.org\/wp-content\/uploads\/2025\/01\/Cappella-Bahia-Blanca_1-629x420.jpg 629w, https:\/\/www.cgfmanet.org\/wp-content\/uploads\/2025\/01\/Cappella-Bahia-Blanca_1-768x512.jpg 768w, https:\/\/www.cgfmanet.org\/wp-content\/uploads\/2025\/01\/Cappella-Bahia-Blanca_1-696x464.jpg 696w, https:\/\/www.cgfmanet.org\/wp-content\/uploads\/2025\/01\/Cappella-Bahia-Blanca_1.jpg 1181w\" data-sizes=\"auto\" alt=\"\" src=\"data:image\/svg+xml;base64,PHN2ZyB3aWR0aD0iMSIgaGVpZ2h0PSIxIiB4bWxucz0iaHR0cDovL3d3dy53My5vcmcvMjAwMC9zdmciPjwvc3ZnPg==\" class=\"lazyload\" style=\"--smush-placeholder-width: 629px; --smush-placeholder-aspect-ratio: 629\/420;\" data-original-sizes=\"(max-width: 629px) 100vw, 629px\">\r\n                            <\/a>\r\n                            \r\n                        <\/figure>\r\n                    <\/div>\r\n                    <div class = \"td-slide-item td-item3\">\r\n                        <figure class=\"td-slide-galery-figure td-slide-popup-gallery\">\r\n                            <a class=\"slide-gallery-image-link\" href=\"https:\/\/www.cgfmanet.org\/wp-content\/uploads\/2025\/01\/Cappella-Bahia-Blanca_2.jpg\" title=\"Cappella Bah\u00eda Blanca_2\"  data-caption=\"\"  data-description=\"\">\r\n                                <img decoding=\"async\" data-src=\"https:\/\/www.cgfmanet.org\/wp-content\/uploads\/2025\/01\/Cappella-Bahia-Blanca_2-279x420.jpg\" data-srcset=\"https:\/\/www.cgfmanet.org\/wp-content\/uploads\/2025\/01\/Cappella-Bahia-Blanca_2-279x420.jpg 279w, https:\/\/www.cgfmanet.org\/wp-content\/uploads\/2025\/01\/Cappella-Bahia-Blanca_2-768x1155.jpg 768w, https:\/\/www.cgfmanet.org\/wp-content\/uploads\/2025\/01\/Cappella-Bahia-Blanca_2-1021x1536.jpg 1021w, https:\/\/www.cgfmanet.org\/wp-content\/uploads\/2025\/01\/Cappella-Bahia-Blanca_2-696x1047.jpg 696w, https:\/\/www.cgfmanet.org\/wp-content\/uploads\/2025\/01\/Cappella-Bahia-Blanca_2.jpg 1181w\" data-sizes=\"auto\" alt=\"\" src=\"data:image\/svg+xml;base64,PHN2ZyB3aWR0aD0iMSIgaGVpZ2h0PSIxIiB4bWxucz0iaHR0cDovL3d3dy53My5vcmcvMjAwMC9zdmciPjwvc3ZnPg==\" class=\"lazyload\" style=\"--smush-placeholder-width: 279px; --smush-placeholder-aspect-ratio: 279\/420;\" data-original-sizes=\"(max-width: 279px) 100vw, 279px\">\r\n                            <\/a>\r\n                            \r\n                        <\/figure>\r\n                    <\/div>\r\n                            <\/div>\r\n                        <\/div>\r\n\r\n                        <div class = \"td-doubleSlider-2\">\r\n                            <div class = \"td-slider\">\r\n                                \r\n                    <div class = \"td-button td-item1\">\r\n                        <div class = \"td-border\"><\/div>\r\n                    <\/div>\r\n                    <div class = \"td-button td-item2\">\r\n                        <div class = \"td-border\"><\/div>\r\n                    <\/div>\r\n                    <div class = \"td-button td-item3\">\r\n                        <div class = \"td-border\"><\/div>\r\n                    <\/div>\r\n                            <\/div>\r\n                        <\/div>\r\n\r\n                    <\/div>\r\n\r\n                <\/div>\r\n                \n","protected":false},"excerpt":{"rendered":"<p>Bah\u00eda Blanca (Argentina). El 8 de enero de 2025, el Arzobispo de la Archidi\u00f3cesis de Bah\u00eda Blanca, Mons. Carlos Azpiroz Costa, a trav\u00e9s una carta firmada por el Obispo Auxiliar, [&hellip;]<\/p>\n","protected":false},"author":21,"featured_media":126968,"comment_status":"open","ping_status":"closed","sticky":false,"template":"","format":"standard","meta":{"footnotes":""},"categories":[39,191],"tags":[359,1451,2429,2450],"class_list":["post-126978","post","type-post","status-publish","format-standard","has-post-thumbnail","category-infoesfera","category-iglesia","tag-laura-vicuna-es","tag-santidad-salesiana","tag-arg-es","tag-jubileo-2025"],"yoast_head":"<!-- This site is optimized with the Yoast SEO plugin v27.4 - https:\/\/yoast.com\/product\/yoast-seo-wordpress\/ -->\n<title>La Capilla con las reliquias de Laura Vicu\u00f1a es Templo jubilar &#8226; Istituto Figlie di Maria Ausiliatrice<\/title>\n<meta name=\"description\" content=\"El Arzobispo de Bah\u00eda Blanca ha reconocido como Templo jubilar la Capilla del Colegio Mar\u00eda Auxiliadora, que alberga los restos de la Beata Laura Vicu\u00f1a.\" \/>\n<meta name=\"robots\" content=\"index, follow, max-snippet:-1, max-image-preview:large, max-video-preview:-1\" \/>\n<link rel=\"canonical\" href=\"https:\/\/www.cgfmanet.org\/es\/infoesfera\/la-capilla-con-las-reliquias-de-laura-vicuna-es-templo-jubilar\/\" \/>\n<meta property=\"og:locale\" content=\"es_ES\" \/>\n<meta property=\"og:type\" content=\"article\" \/>\n<meta property=\"og:title\" content=\"La Capilla con las reliquias de Laura Vicu\u00f1a es Templo jubilar &#8226; Istituto Figlie di Maria Ausiliatrice\" \/>\n<meta property=\"og:description\" content=\"El Arzobispo de Bah\u00eda Blanca ha reconocido como Templo jubilar la Capilla del Colegio Mar\u00eda Auxiliadora, que alberga los restos de la Beata Laura Vicu\u00f1a.\" \/>\n<meta property=\"og:url\" content=\"https:\/\/www.cgfmanet.org\/es\/infoesfera\/la-capilla-con-las-reliquias-de-laura-vicuna-es-templo-jubilar\/\" \/>\n<meta property=\"og:site_name\" content=\"Istituto Figlie di Maria Ausiliatrice\" \/>\n<meta property=\"article:publisher\" content=\"https:\/\/www.facebook.com\/salesian.sisters.of.don.bosco\/\" \/>\n<meta property=\"article:published_time\" content=\"2025-01-21T20:58:19+00:00\" \/>\n<meta property=\"og:image\" content=\"https:\/\/www.cgfmanet.org\/wp-content\/uploads\/2025\/01\/Cappella-Bahia-Blanca.jpg\" \/>\n\t<meta property=\"og:image:width\" content=\"1181\" \/>\n\t<meta property=\"og:image:height\" content=\"787\" \/>\n\t<meta property=\"og:image:type\" content=\"image\/jpeg\" \/>\n<meta name=\"author\" content=\"Redazione\" \/>\n<meta name=\"twitter:card\" content=\"summary_large_image\" \/>\n<meta name=\"twitter:creator\" content=\"@Cgfmanet_Org\" \/>\n<meta name=\"twitter:site\" content=\"@Cgfmanet_Org\" \/>\n<meta name=\"twitter:label1\" content=\"Escrito por\" \/>\n\t<meta name=\"twitter:data1\" content=\"Redazione\" \/>\n\t<meta name=\"twitter:label2\" content=\"Tiempo de lectura\" \/>\n\t<meta name=\"twitter:data2\" content=\"4 minutos\" \/>\n<script type=\"application\/ld+json\" class=\"yoast-schema-graph\">{\"@context\":\"https:\\\/\\\/schema.org\",\"@graph\":[{\"@type\":\"Article\",\"@id\":\"https:\\\/\\\/www.cgfmanet.org\\\/es\\\/infoesfera\\\/la-capilla-con-las-reliquias-de-laura-vicuna-es-templo-jubilar\\\/#article\",\"isPartOf\":{\"@id\":\"https:\\\/\\\/www.cgfmanet.org\\\/es\\\/infoesfera\\\/la-capilla-con-las-reliquias-de-laura-vicuna-es-templo-jubilar\\\/\"},\"author\":{\"name\":\"Redazione\",\"@id\":\"https:\\\/\\\/www.cgfmanet.org\\\/es\\\/#\\\/schema\\\/person\\\/ce6473083f53ef0ef882cca23f0c8fb9\"},\"headline\":\"La Capilla con las reliquias de Laura Vicu\u00f1a es Templo jubilar\",\"datePublished\":\"2025-01-21T20:58:19+00:00\",\"mainEntityOfPage\":{\"@id\":\"https:\\\/\\\/www.cgfmanet.org\\\/es\\\/infoesfera\\\/la-capilla-con-las-reliquias-de-laura-vicuna-es-templo-jubilar\\\/\"},\"wordCount\":551,\"commentCount\":1,\"publisher\":{\"@id\":\"https:\\\/\\\/www.cgfmanet.org\\\/es\\\/#organization\"},\"image\":{\"@id\":\"https:\\\/\\\/www.cgfmanet.org\\\/es\\\/infoesfera\\\/la-capilla-con-las-reliquias-de-laura-vicuna-es-templo-jubilar\\\/#primaryimage\"},\"thumbnailUrl\":\"https:\\\/\\\/www.cgfmanet.org\\\/wp-content\\\/uploads\\\/2025\\\/01\\\/Cappella-Bahia-Blanca.jpg\",\"keywords\":[\"Laura Vicu\u00f1a\",\"Santidad Salesiana\",\"ARG\",\"Jubileo 2025\"],\"articleSection\":[\"Infoesfera\",\"Iglesia\"],\"inLanguage\":\"es\",\"potentialAction\":[{\"@type\":\"CommentAction\",\"name\":\"Comment\",\"target\":[\"https:\\\/\\\/www.cgfmanet.org\\\/es\\\/infoesfera\\\/la-capilla-con-las-reliquias-de-laura-vicuna-es-templo-jubilar\\\/#respond\"]}]},{\"@type\":\"WebPage\",\"@id\":\"https:\\\/\\\/www.cgfmanet.org\\\/es\\\/infoesfera\\\/la-capilla-con-las-reliquias-de-laura-vicuna-es-templo-jubilar\\\/\",\"url\":\"https:\\\/\\\/www.cgfmanet.org\\\/es\\\/infoesfera\\\/la-capilla-con-las-reliquias-de-laura-vicuna-es-templo-jubilar\\\/\",\"name\":\"La Capilla con las reliquias de Laura Vicu\u00f1a es Templo jubilar &#8226; Istituto Figlie di Maria Ausiliatrice\",\"isPartOf\":{\"@id\":\"https:\\\/\\\/www.cgfmanet.org\\\/es\\\/#website\"},\"primaryImageOfPage\":{\"@id\":\"https:\\\/\\\/www.cgfmanet.org\\\/es\\\/infoesfera\\\/la-capilla-con-las-reliquias-de-laura-vicuna-es-templo-jubilar\\\/#primaryimage\"},\"image\":{\"@id\":\"https:\\\/\\\/www.cgfmanet.org\\\/es\\\/infoesfera\\\/la-capilla-con-las-reliquias-de-laura-vicuna-es-templo-jubilar\\\/#primaryimage\"},\"thumbnailUrl\":\"https:\\\/\\\/www.cgfmanet.org\\\/wp-content\\\/uploads\\\/2025\\\/01\\\/Cappella-Bahia-Blanca.jpg\",\"datePublished\":\"2025-01-21T20:58:19+00:00\",\"description\":\"El Arzobispo de Bah\u00eda Blanca ha reconocido como Templo jubilar la Capilla del Colegio Mar\u00eda Auxiliadora, que alberga los restos de la Beata Laura Vicu\u00f1a.\",\"breadcrumb\":{\"@id\":\"https:\\\/\\\/www.cgfmanet.org\\\/es\\\/infoesfera\\\/la-capilla-con-las-reliquias-de-laura-vicuna-es-templo-jubilar\\\/#breadcrumb\"},\"inLanguage\":\"es\",\"potentialAction\":[{\"@type\":\"ReadAction\",\"target\":[\"https:\\\/\\\/www.cgfmanet.org\\\/es\\\/infoesfera\\\/la-capilla-con-las-reliquias-de-laura-vicuna-es-templo-jubilar\\\/\"]}]},{\"@type\":\"ImageObject\",\"inLanguage\":\"es\",\"@id\":\"https:\\\/\\\/www.cgfmanet.org\\\/es\\\/infoesfera\\\/la-capilla-con-las-reliquias-de-laura-vicuna-es-templo-jubilar\\\/#primaryimage\",\"url\":\"https:\\\/\\\/www.cgfmanet.org\\\/wp-content\\\/uploads\\\/2025\\\/01\\\/Cappella-Bahia-Blanca.jpg\",\"contentUrl\":\"https:\\\/\\\/www.cgfmanet.org\\\/wp-content\\\/uploads\\\/2025\\\/01\\\/Cappella-Bahia-Blanca.jpg\",\"width\":1181,\"height\":787},{\"@type\":\"BreadcrumbList\",\"@id\":\"https:\\\/\\\/www.cgfmanet.org\\\/es\\\/infoesfera\\\/la-capilla-con-las-reliquias-de-laura-vicuna-es-templo-jubilar\\\/#breadcrumb\",\"itemListElement\":[{\"@type\":\"ListItem\",\"position\":1,\"name\":\"Home\",\"item\":\"https:\\\/\\\/www.cgfmanet.org\\\/es\\\/\"},{\"@type\":\"ListItem\",\"position\":2,\"name\":\"La Capilla con las reliquias de Laura Vicu\u00f1a es Templo jubilar\"}]},{\"@type\":\"WebSite\",\"@id\":\"https:\\\/\\\/www.cgfmanet.org\\\/es\\\/#website\",\"url\":\"https:\\\/\\\/www.cgfmanet.org\\\/es\\\/\",\"name\":\"Istituto Figlie di Maria Ausiliatrice\",\"description\":\"Salesiane di Don Bosco\",\"publisher\":{\"@id\":\"https:\\\/\\\/www.cgfmanet.org\\\/es\\\/#organization\"},\"potentialAction\":[{\"@type\":\"SearchAction\",\"target\":{\"@type\":\"EntryPoint\",\"urlTemplate\":\"https:\\\/\\\/www.cgfmanet.org\\\/es\\\/?s={search_term_string}\"},\"query-input\":{\"@type\":\"PropertyValueSpecification\",\"valueRequired\":true,\"valueName\":\"search_term_string\"}}],\"inLanguage\":\"es\"},{\"@type\":\"Organization\",\"@id\":\"https:\\\/\\\/www.cgfmanet.org\\\/es\\\/#organization\",\"name\":\"Istituto Figlie di Maria Ausiliatrice\",\"url\":\"https:\\\/\\\/www.cgfmanet.org\\\/es\\\/\",\"logo\":{\"@type\":\"ImageObject\",\"inLanguage\":\"es\",\"@id\":\"https:\\\/\\\/www.cgfmanet.org\\\/es\\\/#\\\/schema\\\/logo\\\/image\\\/\",\"url\":\"https:\\\/\\\/www.cgfmanet.org\\\/wp-content\\\/uploads\\\/2018\\\/10\\\/logo-fma.png\",\"contentUrl\":\"https:\\\/\\\/www.cgfmanet.org\\\/wp-content\\\/uploads\\\/2018\\\/10\\\/logo-fma.png\",\"width\":214,\"height\":55,\"caption\":\"Istituto Figlie di Maria Ausiliatrice\"},\"image\":{\"@id\":\"https:\\\/\\\/www.cgfmanet.org\\\/es\\\/#\\\/schema\\\/logo\\\/image\\\/\"},\"sameAs\":[\"https:\\\/\\\/www.facebook.com\\\/salesian.sisters.of.don.bosco\\\/\",\"https:\\\/\\\/x.com\\\/Cgfmanet_Org\",\"https:\\\/\\\/www.youtube.com\\\/channel\\\/UCmcr8yFQBV7JXeXVxyV9y5Q\"]},{\"@type\":\"Person\",\"@id\":\"https:\\\/\\\/www.cgfmanet.org\\\/es\\\/#\\\/schema\\\/person\\\/ce6473083f53ef0ef882cca23f0c8fb9\",\"name\":\"Redazione\"}]}<\/script>\n<!-- \/ Yoast SEO plugin. -->","yoast_head_json":{"title":"La Capilla con las reliquias de Laura Vicu\u00f1a es Templo jubilar &#8226; Istituto Figlie di Maria Ausiliatrice","description":"El Arzobispo de Bah\u00eda Blanca ha reconocido como Templo jubilar la Capilla del Colegio Mar\u00eda Auxiliadora, que alberga los restos de la Beata Laura Vicu\u00f1a.","robots":{"index":"index","follow":"follow","max-snippet":"max-snippet:-1","max-image-preview":"max-image-preview:large","max-video-preview":"max-video-preview:-1"},"canonical":"https:\/\/www.cgfmanet.org\/es\/infoesfera\/la-capilla-con-las-reliquias-de-laura-vicuna-es-templo-jubilar\/","og_locale":"es_ES","og_type":"article","og_title":"La Capilla con las reliquias de Laura Vicu\u00f1a es Templo jubilar &#8226; Istituto Figlie di Maria Ausiliatrice","og_description":"El Arzobispo de Bah\u00eda Blanca ha reconocido como Templo jubilar la Capilla del Colegio Mar\u00eda Auxiliadora, que alberga los restos de la Beata Laura Vicu\u00f1a.","og_url":"https:\/\/www.cgfmanet.org\/es\/infoesfera\/la-capilla-con-las-reliquias-de-laura-vicuna-es-templo-jubilar\/","og_site_name":"Istituto Figlie di Maria Ausiliatrice","article_publisher":"https:\/\/www.facebook.com\/salesian.sisters.of.don.bosco\/","article_published_time":"2025-01-21T20:58:19+00:00","og_image":[{"width":1181,"height":787,"url":"https:\/\/www.cgfmanet.org\/wp-content\/uploads\/2025\/01\/Cappella-Bahia-Blanca.jpg","type":"image\/jpeg"}],"author":"Redazione","twitter_card":"summary_large_image","twitter_creator":"@Cgfmanet_Org","twitter_site":"@Cgfmanet_Org","twitter_misc":{"Escrito por":"Redazione","Tiempo de lectura":"4 minutos"},"schema":{"@context":"https:\/\/schema.org","@graph":[{"@type":"Article","@id":"https:\/\/www.cgfmanet.org\/es\/infoesfera\/la-capilla-con-las-reliquias-de-laura-vicuna-es-templo-jubilar\/#article","isPartOf":{"@id":"https:\/\/www.cgfmanet.org\/es\/infoesfera\/la-capilla-con-las-reliquias-de-laura-vicuna-es-templo-jubilar\/"},"author":{"name":"Redazione","@id":"https:\/\/www.cgfmanet.org\/es\/#\/schema\/person\/ce6473083f53ef0ef882cca23f0c8fb9"},"headline":"La Capilla con las reliquias de Laura Vicu\u00f1a es Templo jubilar","datePublished":"2025-01-21T20:58:19+00:00","mainEntityOfPage":{"@id":"https:\/\/www.cgfmanet.org\/es\/infoesfera\/la-capilla-con-las-reliquias-de-laura-vicuna-es-templo-jubilar\/"},"wordCount":551,"commentCount":1,"publisher":{"@id":"https:\/\/www.cgfmanet.org\/es\/#organization"},"image":{"@id":"https:\/\/www.cgfmanet.org\/es\/infoesfera\/la-capilla-con-las-reliquias-de-laura-vicuna-es-templo-jubilar\/#primaryimage"},"thumbnailUrl":"https:\/\/www.cgfmanet.org\/wp-content\/uploads\/2025\/01\/Cappella-Bahia-Blanca.jpg","keywords":["Laura Vicu\u00f1a","Santidad Salesiana","ARG","Jubileo 2025"],"articleSection":["Infoesfera","Iglesia"],"inLanguage":"es","potentialAction":[{"@type":"CommentAction","name":"Comment","target":["https:\/\/www.cgfmanet.org\/es\/infoesfera\/la-capilla-con-las-reliquias-de-laura-vicuna-es-templo-jubilar\/#respond"]}]},{"@type":"WebPage","@id":"https:\/\/www.cgfmanet.org\/es\/infoesfera\/la-capilla-con-las-reliquias-de-laura-vicuna-es-templo-jubilar\/","url":"https:\/\/www.cgfmanet.org\/es\/infoesfera\/la-capilla-con-las-reliquias-de-laura-vicuna-es-templo-jubilar\/","name":"La Capilla con las reliquias de Laura Vicu\u00f1a es Templo jubilar &#8226; Istituto Figlie di Maria Ausiliatrice","isPartOf":{"@id":"https:\/\/www.cgfmanet.org\/es\/#website"},"primaryImageOfPage":{"@id":"https:\/\/www.cgfmanet.org\/es\/infoesfera\/la-capilla-con-las-reliquias-de-laura-vicuna-es-templo-jubilar\/#primaryimage"},"image":{"@id":"https:\/\/www.cgfmanet.org\/es\/infoesfera\/la-capilla-con-las-reliquias-de-laura-vicuna-es-templo-jubilar\/#primaryimage"},"thumbnailUrl":"https:\/\/www.cgfmanet.org\/wp-content\/uploads\/2025\/01\/Cappella-Bahia-Blanca.jpg","datePublished":"2025-01-21T20:58:19+00:00","description":"El Arzobispo de Bah\u00eda Blanca ha reconocido como Templo jubilar la Capilla del Colegio Mar\u00eda Auxiliadora, que alberga los restos de la Beata Laura Vicu\u00f1a.","breadcrumb":{"@id":"https:\/\/www.cgfmanet.org\/es\/infoesfera\/la-capilla-con-las-reliquias-de-laura-vicuna-es-templo-jubilar\/#breadcrumb"},"inLanguage":"es","potentialAction":[{"@type":"ReadAction","target":["https:\/\/www.cgfmanet.org\/es\/infoesfera\/la-capilla-con-las-reliquias-de-laura-vicuna-es-templo-jubilar\/"]}]},{"@type":"ImageObject","inLanguage":"es","@id":"https:\/\/www.cgfmanet.org\/es\/infoesfera\/la-capilla-con-las-reliquias-de-laura-vicuna-es-templo-jubilar\/#primaryimage","url":"https:\/\/www.cgfmanet.org\/wp-content\/uploads\/2025\/01\/Cappella-Bahia-Blanca.jpg","contentUrl":"https:\/\/www.cgfmanet.org\/wp-content\/uploads\/2025\/01\/Cappella-Bahia-Blanca.jpg","width":1181,"height":787},{"@type":"BreadcrumbList","@id":"https:\/\/www.cgfmanet.org\/es\/infoesfera\/la-capilla-con-las-reliquias-de-laura-vicuna-es-templo-jubilar\/#breadcrumb","itemListElement":[{"@type":"ListItem","position":1,"name":"Home","item":"https:\/\/www.cgfmanet.org\/es\/"},{"@type":"ListItem","position":2,"name":"La Capilla con las reliquias de Laura Vicu\u00f1a es Templo jubilar"}]},{"@type":"WebSite","@id":"https:\/\/www.cgfmanet.org\/es\/#website","url":"https:\/\/www.cgfmanet.org\/es\/","name":"Istituto Figlie di Maria Ausiliatrice","description":"Salesiane di Don Bosco","publisher":{"@id":"https:\/\/www.cgfmanet.org\/es\/#organization"},"potentialAction":[{"@type":"SearchAction","target":{"@type":"EntryPoint","urlTemplate":"https:\/\/www.cgfmanet.org\/es\/?s={search_term_string}"},"query-input":{"@type":"PropertyValueSpecification","valueRequired":true,"valueName":"search_term_string"}}],"inLanguage":"es"},{"@type":"Organization","@id":"https:\/\/www.cgfmanet.org\/es\/#organization","name":"Istituto Figlie di Maria Ausiliatrice","url":"https:\/\/www.cgfmanet.org\/es\/","logo":{"@type":"ImageObject","inLanguage":"es","@id":"https:\/\/www.cgfmanet.org\/es\/#\/schema\/logo\/image\/","url":"https:\/\/www.cgfmanet.org\/wp-content\/uploads\/2018\/10\/logo-fma.png","contentUrl":"https:\/\/www.cgfmanet.org\/wp-content\/uploads\/2018\/10\/logo-fma.png","width":214,"height":55,"caption":"Istituto Figlie di Maria Ausiliatrice"},"image":{"@id":"https:\/\/www.cgfmanet.org\/es\/#\/schema\/logo\/image\/"},"sameAs":["https:\/\/www.facebook.com\/salesian.sisters.of.don.bosco\/","https:\/\/x.com\/Cgfmanet_Org","https:\/\/www.youtube.com\/channel\/UCmcr8yFQBV7JXeXVxyV9y5Q"]},{"@type":"Person","@id":"https:\/\/www.cgfmanet.org\/es\/#\/schema\/person\/ce6473083f53ef0ef882cca23f0c8fb9","name":"Redazione"}]}},"_links":{"self":[{"href":"https:\/\/www.cgfmanet.org\/es\/wp-json\/wp\/v2\/posts\/126978","targetHints":{"allow":["GET"]}}],"collection":[{"href":"https:\/\/www.cgfmanet.org\/es\/wp-json\/wp\/v2\/posts"}],"about":[{"href":"https:\/\/www.cgfmanet.org\/es\/wp-json\/wp\/v2\/types\/post"}],"author":[{"embeddable":true,"href":"https:\/\/www.cgfmanet.org\/es\/wp-json\/wp\/v2\/users\/21"}],"replies":[{"embeddable":true,"href":"https:\/\/www.cgfmanet.org\/es\/wp-json\/wp\/v2\/comments?post=126978"}],"version-history":[{"count":3,"href":"https:\/\/www.cgfmanet.org\/es\/wp-json\/wp\/v2\/posts\/126978\/revisions"}],"predecessor-version":[{"id":127010,"href":"https:\/\/www.cgfmanet.org\/es\/wp-json\/wp\/v2\/posts\/126978\/revisions\/127010"}],"wp:featuredmedia":[{"embeddable":true,"href":"https:\/\/www.cgfmanet.org\/es\/wp-json\/wp\/v2\/media\/126968"}],"wp:attachment":[{"href":"https:\/\/www.cgfmanet.org\/es\/wp-json\/wp\/v2\/media?parent=126978"}],"wp:term":[{"taxonomy":"category","embeddable":true,"href":"https:\/\/www.cgfmanet.org\/es\/wp-json\/wp\/v2\/categories?post=126978"},{"taxonomy":"post_tag","embeddable":true,"href":"https:\/\/www.cgfmanet.org\/es\/wp-json\/wp\/v2\/tags?post=126978"}],"curies":[{"name":"wp","href":"https:\/\/api.w.org\/{rel}","templated":true}]}}