{"id":126207,"date":"2025-01-08T23:34:09","date_gmt":"2025-01-08T22:34:09","guid":{"rendered":"https:\/\/www.cgfmanet.org\/infoesfera\/foto-e-slogan-canonizzazione-suor-maria-troncatti\/"},"modified":"2025-01-09T21:58:48","modified_gmt":"2025-01-09T20:58:48","slug":"fotos-y-eslogan-canonizacion-de-sor-maria-troncatti","status":"publish","type":"post","link":"https:\/\/www.cgfmanet.org\/es\/infoesfera\/fotos-y-eslogan-canonizacion-de-sor-maria-troncatti\/","title":{"rendered":"Fotos y eslogan Canonizaci\u00f3n de Sor Mar\u00eda Troncatti"},"content":{"rendered":"<p><strong>F\u00e1tima (Portugal). <\/strong>El 8 de enero de 2025 en F\u00e1tima, en el contexto de la Verifica Trienal de la Conferencia Interinspectorial de Medio oriente y Europa (CIME), durante las Buenas Noches, la Superiora General del Instituto de las Hijas de Mar\u00eda Auxiliadora, Madre Chiara Cazzuola, anunci\u00f3 la imagen y el lema que acompa\u00f1ar\u00e1n el camino hacia la Canonizaci\u00f3n de <span style=\"color: #0000ff;\"><strong><a style=\"color: #0000ff;\" href=\"https:\/\/drive.google.com\/drive\/u\/0\/folders\/1Uy5r0n7XfMszvMPV5_frNJVKbpn3Xdip\" target=\"_blank\" rel=\"noopener\">Sor Mar\u00eda Troncatti<\/a><\/strong><\/span>, misionera Hija de Mar\u00eda Auxiliadora.<\/p>\n<p><strong><a href=\"https:\/\/www.cgfmanet.org\/es\/infoesfera\/sor-maria-troncatti-pronto-sera-santa\/\" target=\"_blank\" rel=\"noopener\"><span style=\"color: #0000ff;\">El 25 de noviembre de 2024<\/span><\/a><\/strong>, el Santo Padre autoriz\u00f3 al Dicasterio para las Causas de los Santos a promulgar el Decreto sobre el milagro atribuido a la intercesi\u00f3n de la beata Sor Mar\u00eda Troncatti \u00a0-nacida en C\u00f3rteno Golgi (Italia) el 16 de febrero de 1883 y fallecida en Suc\u00faa (Ecuador) el 25 de agosto de 1969- y <strong>se est\u00e1 a la espera de la fecha de su canonizaci\u00f3n<\/strong>.<\/p>\n<p><strong>La imagen<\/strong> es una fotograf\u00eda aut\u00e9ntica que la retrata sonriendo:<\/p>\n<p><em>\u00abDe acuerdo con el Consejo General<\/em> \u00a0&#8211; explica Madre Chiara<em>&#8211; elegimos esta foto, en la que ya est\u00e1 en edad avanzada que expresa, incluso con los rasgos de su rostro, haber alcanzado la madurez y maternidad que le fue reconocida a Sor Mar\u00eda Troncatti por el pueblo ind\u00edgena. Tras los primeros acercamientos con ellas, es ella quien se ha ganado el t\u00edtulo de &#8216;<\/em><strong><em>Madrecita<\/em><\/strong><em>&#8216; -un apodo muy tierno en espa\u00f1ol- signo de un sentimiento de aprecio muy profunda. Y as\u00ed fue llamada hasta el final de su vida y todav\u00eda hoy se la recuerda llam\u00e1ndola as\u00ed, con este \u2013 a mi parecer- es el apelativo\u00a0 m\u00e1s hermoso\u00bb.<\/em><\/p>\n<p>El eslogan:<\/p>\n<p style=\"text-align: center;\"><strong>Madre Misionera artesana de Paz y Reconciliaci\u00f3n<\/strong><\/p>\n<p><em>\u00abSor Mar\u00eda Troncatti es, ante todo, Madre. Es <\/em><strong><em>misionera<\/em><\/strong><em>, porque lo que ha hecho, con la fuerza de Dios y la sabidur\u00eda del Esp\u00edritu Santo, solo\u00a0 una misionera con un coraz\u00f3n grande y generoso, puede hacerlo. Es <\/em><strong><em>una artesana de paz y de reconciliaci\u00f3n<\/em><\/strong><em> porque, en su misi\u00f3n constante, siempre ha tratado de poner de acuerdo a los colonos con los indios, porque era una guerra rec\u00edproca, y su vida fue ofrecida precisamente para sanar una lucha fratricida que pudo haber llevado a muchas v\u00edctimas, se ofreci\u00f3 para que hubiera paz entre estas dos poblaciones\u00bb.<\/em><\/p>\n<p><em>\u00abHab\u00eda muchas otras bonitas fotos <\/em>\u00ab, concluye la Madre <em>, \u00abpero esta nos parec\u00eda la que mejor expresa la plenitud de la vida en Jes\u00fas, la plenitud del don y tambi\u00e9n la plenitud de la maternidad\u00bb.<\/em><\/p>\n<p>Como toda santa, la figura de Sor Mar\u00eda Troncatti tiene varias facetas, entre las cuales se ha puesto el foco en algunas para presentarla al contexto actual y a la Iglesia. La canonizaci\u00f3n es un tiempo de gracia para renovarnos como Instituto y aprender a ser santas hoy.<\/p>\n","protected":false},"excerpt":{"rendered":"<p>F\u00e1tima (Portugal). El 8 de enero de 2025 en F\u00e1tima, en el contexto de la Verifica Trienal de la Conferencia Interinspectorial de Medio oriente y Europa (CIME), durante las Buenas [&hellip;]<\/p>\n","protected":false},"author":21,"featured_media":126202,"comment_status":"open","ping_status":"closed","sticky":false,"template":"","format":"standard","meta":{"footnotes":""},"categories":[39,191],"tags":[1446,1451,1640,1670,1931,2464],"class_list":["post-126207","post","type-post","status-publish","format-standard","has-post-thumbnail","category-infoesfera","category-iglesia","tag-santidad","tag-santidad-salesiana","tag-maria-troncatti-es","tag-carisma-salesiano-es","tag-focus-es","tag-150-misiones-fma"],"yoast_head":"<!-- This site is optimized with the Yoast SEO plugin v27.4 - https:\/\/yoast.com\/product\/yoast-seo-wordpress\/ -->\n<title>Fotos y eslogan Canonizaci\u00f3n de Sor Mar\u00eda Troncatti &#8226; Istituto Figlie di Maria Ausiliatrice<\/title>\n<meta name=\"description\" content=\"El 8 de enero de 2025, en el contexto de la Verifica trienal de la Conferencia CIME, Madre Chiara Cazzuola present\u00f3 la foto y el eslogan que acompa\u00f1ar\u00e1 la Canonizaci\u00f3n de Sor Mar\u00eda Troncatti, misionera de las FMA.\" \/>\n<meta name=\"robots\" content=\"index, follow, max-snippet:-1, max-image-preview:large, max-video-preview:-1\" \/>\n<link rel=\"canonical\" href=\"https:\/\/www.cgfmanet.org\/infosfera\/foto-e-slogan-canonizzazione-suor-maria-troncatti\/\" \/>\n<meta property=\"og:locale\" content=\"es_ES\" \/>\n<meta property=\"og:type\" content=\"article\" \/>\n<meta property=\"og:title\" content=\"Fotos y eslogan Canonizaci\u00f3n de Sor Mar\u00eda Troncatti &#8226; Istituto Figlie di Maria Ausiliatrice\" \/>\n<meta property=\"og:description\" content=\"El 8 de enero de 2025, en el contexto de la Verifica trienal de la Conferencia CIME, Madre Chiara Cazzuola present\u00f3 la foto y el eslogan que acompa\u00f1ar\u00e1 la Canonizaci\u00f3n de Sor Mar\u00eda Troncatti, misionera de las FMA.\" \/>\n<meta property=\"og:url\" content=\"https:\/\/www.cgfmanet.org\/infosfera\/foto-e-slogan-canonizzazione-suor-maria-troncatti\/\" \/>\n<meta property=\"og:site_name\" content=\"Istituto Figlie di Maria Ausiliatrice\" \/>\n<meta property=\"article:publisher\" content=\"https:\/\/www.facebook.com\/salesian.sisters.of.don.bosco\/\" \/>\n<meta property=\"article:published_time\" content=\"2025-01-08T22:34:09+00:00\" \/>\n<meta property=\"article:modified_time\" content=\"2025-01-09T20:58:48+00:00\" \/>\n<meta property=\"og:image\" content=\"https:\/\/www.cgfmanet.org\/wp-content\/uploads\/2025\/01\/Immagine-e-slogan-Troncatti.jpg\" \/>\n\t<meta property=\"og:image:width\" content=\"1200\" \/>\n\t<meta property=\"og:image:height\" content=\"800\" \/>\n\t<meta property=\"og:image:type\" content=\"image\/jpeg\" \/>\n<meta name=\"author\" content=\"Redazione\" \/>\n<meta name=\"twitter:card\" content=\"summary_large_image\" \/>\n<meta name=\"twitter:creator\" content=\"@Cgfmanet_Org\" \/>\n<meta name=\"twitter:site\" content=\"@Cgfmanet_Org\" \/>\n<meta name=\"twitter:label1\" content=\"Escrito por\" \/>\n\t<meta name=\"twitter:data1\" content=\"Redazione\" \/>\n\t<meta name=\"twitter:label2\" content=\"Tiempo de lectura\" \/>\n\t<meta name=\"twitter:data2\" content=\"3 minutos\" \/>\n<script type=\"application\/ld+json\" class=\"yoast-schema-graph\">{\"@context\":\"https:\\\/\\\/schema.org\",\"@graph\":[{\"@type\":\"Article\",\"@id\":\"https:\\\/\\\/www.cgfmanet.org\\\/infosfera\\\/foto-e-slogan-canonizzazione-suor-maria-troncatti\\\/#article\",\"isPartOf\":{\"@id\":\"https:\\\/\\\/www.cgfmanet.org\\\/infosfera\\\/foto-e-slogan-canonizzazione-suor-maria-troncatti\\\/\"},\"author\":{\"name\":\"Redazione\",\"@id\":\"https:\\\/\\\/www.cgfmanet.org\\\/es\\\/#\\\/schema\\\/person\\\/ce6473083f53ef0ef882cca23f0c8fb9\"},\"headline\":\"Fotos y eslogan Canonizaci\u00f3n de Sor Mar\u00eda Troncatti\",\"datePublished\":\"2025-01-08T22:34:09+00:00\",\"dateModified\":\"2025-01-09T20:58:48+00:00\",\"mainEntityOfPage\":{\"@id\":\"https:\\\/\\\/www.cgfmanet.org\\\/infosfera\\\/foto-e-slogan-canonizzazione-suor-maria-troncatti\\\/\"},\"wordCount\":478,\"commentCount\":4,\"publisher\":{\"@id\":\"https:\\\/\\\/www.cgfmanet.org\\\/es\\\/#organization\"},\"image\":{\"@id\":\"https:\\\/\\\/www.cgfmanet.org\\\/infosfera\\\/foto-e-slogan-canonizzazione-suor-maria-troncatti\\\/#primaryimage\"},\"thumbnailUrl\":\"https:\\\/\\\/www.cgfmanet.org\\\/wp-content\\\/uploads\\\/2025\\\/01\\\/Immagine-e-slogan-Troncatti.jpg\",\"keywords\":[\"Santidad\",\"Santidad Salesiana\",\"Maria Troncatti\",\"Carisma salesiano\",\"Focus\",\"150\u00b0 Misiones FMA\"],\"articleSection\":[\"Infoesfera\",\"Iglesia\"],\"inLanguage\":\"es\",\"potentialAction\":[{\"@type\":\"CommentAction\",\"name\":\"Comment\",\"target\":[\"https:\\\/\\\/www.cgfmanet.org\\\/infosfera\\\/foto-e-slogan-canonizzazione-suor-maria-troncatti\\\/#respond\"]}]},{\"@type\":\"WebPage\",\"@id\":\"https:\\\/\\\/www.cgfmanet.org\\\/infosfera\\\/foto-e-slogan-canonizzazione-suor-maria-troncatti\\\/\",\"url\":\"https:\\\/\\\/www.cgfmanet.org\\\/infosfera\\\/foto-e-slogan-canonizzazione-suor-maria-troncatti\\\/\",\"name\":\"Fotos y eslogan Canonizaci\u00f3n de Sor Mar\u00eda Troncatti &#8226; Istituto Figlie di Maria Ausiliatrice\",\"isPartOf\":{\"@id\":\"https:\\\/\\\/www.cgfmanet.org\\\/es\\\/#website\"},\"primaryImageOfPage\":{\"@id\":\"https:\\\/\\\/www.cgfmanet.org\\\/infosfera\\\/foto-e-slogan-canonizzazione-suor-maria-troncatti\\\/#primaryimage\"},\"image\":{\"@id\":\"https:\\\/\\\/www.cgfmanet.org\\\/infosfera\\\/foto-e-slogan-canonizzazione-suor-maria-troncatti\\\/#primaryimage\"},\"thumbnailUrl\":\"https:\\\/\\\/www.cgfmanet.org\\\/wp-content\\\/uploads\\\/2025\\\/01\\\/Immagine-e-slogan-Troncatti.jpg\",\"datePublished\":\"2025-01-08T22:34:09+00:00\",\"dateModified\":\"2025-01-09T20:58:48+00:00\",\"description\":\"El 8 de enero de 2025, en el contexto de la Verifica trienal de la Conferencia CIME, Madre Chiara Cazzuola present\u00f3 la foto y el eslogan que acompa\u00f1ar\u00e1 la Canonizaci\u00f3n de Sor Mar\u00eda Troncatti, misionera de las FMA.\",\"breadcrumb\":{\"@id\":\"https:\\\/\\\/www.cgfmanet.org\\\/infosfera\\\/foto-e-slogan-canonizzazione-suor-maria-troncatti\\\/#breadcrumb\"},\"inLanguage\":\"es\",\"potentialAction\":[{\"@type\":\"ReadAction\",\"target\":[\"https:\\\/\\\/www.cgfmanet.org\\\/infosfera\\\/foto-e-slogan-canonizzazione-suor-maria-troncatti\\\/\"]}]},{\"@type\":\"ImageObject\",\"inLanguage\":\"es\",\"@id\":\"https:\\\/\\\/www.cgfmanet.org\\\/infosfera\\\/foto-e-slogan-canonizzazione-suor-maria-troncatti\\\/#primaryimage\",\"url\":\"https:\\\/\\\/www.cgfmanet.org\\\/wp-content\\\/uploads\\\/2025\\\/01\\\/Immagine-e-slogan-Troncatti.jpg\",\"contentUrl\":\"https:\\\/\\\/www.cgfmanet.org\\\/wp-content\\\/uploads\\\/2025\\\/01\\\/Immagine-e-slogan-Troncatti.jpg\",\"width\":1200,\"height\":800},{\"@type\":\"BreadcrumbList\",\"@id\":\"https:\\\/\\\/www.cgfmanet.org\\\/infosfera\\\/foto-e-slogan-canonizzazione-suor-maria-troncatti\\\/#breadcrumb\",\"itemListElement\":[{\"@type\":\"ListItem\",\"position\":1,\"name\":\"Home\",\"item\":\"https:\\\/\\\/www.cgfmanet.org\\\/es\\\/\"},{\"@type\":\"ListItem\",\"position\":2,\"name\":\"Fotos y eslogan Canonizaci\u00f3n de Sor Mar\u00eda Troncatti\"}]},{\"@type\":\"WebSite\",\"@id\":\"https:\\\/\\\/www.cgfmanet.org\\\/es\\\/#website\",\"url\":\"https:\\\/\\\/www.cgfmanet.org\\\/es\\\/\",\"name\":\"Istituto Figlie di Maria Ausiliatrice\",\"description\":\"Salesiane di Don Bosco\",\"publisher\":{\"@id\":\"https:\\\/\\\/www.cgfmanet.org\\\/es\\\/#organization\"},\"potentialAction\":[{\"@type\":\"SearchAction\",\"target\":{\"@type\":\"EntryPoint\",\"urlTemplate\":\"https:\\\/\\\/www.cgfmanet.org\\\/es\\\/?s={search_term_string}\"},\"query-input\":{\"@type\":\"PropertyValueSpecification\",\"valueRequired\":true,\"valueName\":\"search_term_string\"}}],\"inLanguage\":\"es\"},{\"@type\":\"Organization\",\"@id\":\"https:\\\/\\\/www.cgfmanet.org\\\/es\\\/#organization\",\"name\":\"Istituto Figlie di Maria Ausiliatrice\",\"url\":\"https:\\\/\\\/www.cgfmanet.org\\\/es\\\/\",\"logo\":{\"@type\":\"ImageObject\",\"inLanguage\":\"es\",\"@id\":\"https:\\\/\\\/www.cgfmanet.org\\\/es\\\/#\\\/schema\\\/logo\\\/image\\\/\",\"url\":\"https:\\\/\\\/www.cgfmanet.org\\\/wp-content\\\/uploads\\\/2018\\\/10\\\/logo-fma.png\",\"contentUrl\":\"https:\\\/\\\/www.cgfmanet.org\\\/wp-content\\\/uploads\\\/2018\\\/10\\\/logo-fma.png\",\"width\":214,\"height\":55,\"caption\":\"Istituto Figlie di Maria Ausiliatrice\"},\"image\":{\"@id\":\"https:\\\/\\\/www.cgfmanet.org\\\/es\\\/#\\\/schema\\\/logo\\\/image\\\/\"},\"sameAs\":[\"https:\\\/\\\/www.facebook.com\\\/salesian.sisters.of.don.bosco\\\/\",\"https:\\\/\\\/x.com\\\/Cgfmanet_Org\",\"https:\\\/\\\/www.youtube.com\\\/channel\\\/UCmcr8yFQBV7JXeXVxyV9y5Q\"]},{\"@type\":\"Person\",\"@id\":\"https:\\\/\\\/www.cgfmanet.org\\\/es\\\/#\\\/schema\\\/person\\\/ce6473083f53ef0ef882cca23f0c8fb9\",\"name\":\"Redazione\"}]}<\/script>\n<!-- \/ Yoast SEO plugin. -->","yoast_head_json":{"title":"Fotos y eslogan Canonizaci\u00f3n de Sor Mar\u00eda Troncatti &#8226; Istituto Figlie di Maria Ausiliatrice","description":"El 8 de enero de 2025, en el contexto de la Verifica trienal de la Conferencia CIME, Madre Chiara Cazzuola present\u00f3 la foto y el eslogan que acompa\u00f1ar\u00e1 la Canonizaci\u00f3n de Sor Mar\u00eda Troncatti, misionera de las FMA.","robots":{"index":"index","follow":"follow","max-snippet":"max-snippet:-1","max-image-preview":"max-image-preview:large","max-video-preview":"max-video-preview:-1"},"canonical":"https:\/\/www.cgfmanet.org\/infosfera\/foto-e-slogan-canonizzazione-suor-maria-troncatti\/","og_locale":"es_ES","og_type":"article","og_title":"Fotos y eslogan Canonizaci\u00f3n de Sor Mar\u00eda Troncatti &#8226; Istituto Figlie di Maria Ausiliatrice","og_description":"El 8 de enero de 2025, en el contexto de la Verifica trienal de la Conferencia CIME, Madre Chiara Cazzuola present\u00f3 la foto y el eslogan que acompa\u00f1ar\u00e1 la Canonizaci\u00f3n de Sor Mar\u00eda Troncatti, misionera de las FMA.","og_url":"https:\/\/www.cgfmanet.org\/infosfera\/foto-e-slogan-canonizzazione-suor-maria-troncatti\/","og_site_name":"Istituto Figlie di Maria Ausiliatrice","article_publisher":"https:\/\/www.facebook.com\/salesian.sisters.of.don.bosco\/","article_published_time":"2025-01-08T22:34:09+00:00","article_modified_time":"2025-01-09T20:58:48+00:00","og_image":[{"width":1200,"height":800,"url":"https:\/\/www.cgfmanet.org\/wp-content\/uploads\/2025\/01\/Immagine-e-slogan-Troncatti.jpg","type":"image\/jpeg"}],"author":"Redazione","twitter_card":"summary_large_image","twitter_creator":"@Cgfmanet_Org","twitter_site":"@Cgfmanet_Org","twitter_misc":{"Escrito por":"Redazione","Tiempo de lectura":"3 minutos"},"schema":{"@context":"https:\/\/schema.org","@graph":[{"@type":"Article","@id":"https:\/\/www.cgfmanet.org\/infosfera\/foto-e-slogan-canonizzazione-suor-maria-troncatti\/#article","isPartOf":{"@id":"https:\/\/www.cgfmanet.org\/infosfera\/foto-e-slogan-canonizzazione-suor-maria-troncatti\/"},"author":{"name":"Redazione","@id":"https:\/\/www.cgfmanet.org\/es\/#\/schema\/person\/ce6473083f53ef0ef882cca23f0c8fb9"},"headline":"Fotos y eslogan Canonizaci\u00f3n de Sor Mar\u00eda Troncatti","datePublished":"2025-01-08T22:34:09+00:00","dateModified":"2025-01-09T20:58:48+00:00","mainEntityOfPage":{"@id":"https:\/\/www.cgfmanet.org\/infosfera\/foto-e-slogan-canonizzazione-suor-maria-troncatti\/"},"wordCount":478,"commentCount":4,"publisher":{"@id":"https:\/\/www.cgfmanet.org\/es\/#organization"},"image":{"@id":"https:\/\/www.cgfmanet.org\/infosfera\/foto-e-slogan-canonizzazione-suor-maria-troncatti\/#primaryimage"},"thumbnailUrl":"https:\/\/www.cgfmanet.org\/wp-content\/uploads\/2025\/01\/Immagine-e-slogan-Troncatti.jpg","keywords":["Santidad","Santidad Salesiana","Maria Troncatti","Carisma salesiano","Focus","150\u00b0 Misiones FMA"],"articleSection":["Infoesfera","Iglesia"],"inLanguage":"es","potentialAction":[{"@type":"CommentAction","name":"Comment","target":["https:\/\/www.cgfmanet.org\/infosfera\/foto-e-slogan-canonizzazione-suor-maria-troncatti\/#respond"]}]},{"@type":"WebPage","@id":"https:\/\/www.cgfmanet.org\/infosfera\/foto-e-slogan-canonizzazione-suor-maria-troncatti\/","url":"https:\/\/www.cgfmanet.org\/infosfera\/foto-e-slogan-canonizzazione-suor-maria-troncatti\/","name":"Fotos y eslogan Canonizaci\u00f3n de Sor Mar\u00eda Troncatti &#8226; Istituto Figlie di Maria Ausiliatrice","isPartOf":{"@id":"https:\/\/www.cgfmanet.org\/es\/#website"},"primaryImageOfPage":{"@id":"https:\/\/www.cgfmanet.org\/infosfera\/foto-e-slogan-canonizzazione-suor-maria-troncatti\/#primaryimage"},"image":{"@id":"https:\/\/www.cgfmanet.org\/infosfera\/foto-e-slogan-canonizzazione-suor-maria-troncatti\/#primaryimage"},"thumbnailUrl":"https:\/\/www.cgfmanet.org\/wp-content\/uploads\/2025\/01\/Immagine-e-slogan-Troncatti.jpg","datePublished":"2025-01-08T22:34:09+00:00","dateModified":"2025-01-09T20:58:48+00:00","description":"El 8 de enero de 2025, en el contexto de la Verifica trienal de la Conferencia CIME, Madre Chiara Cazzuola present\u00f3 la foto y el eslogan que acompa\u00f1ar\u00e1 la Canonizaci\u00f3n de Sor Mar\u00eda Troncatti, misionera de las FMA.","breadcrumb":{"@id":"https:\/\/www.cgfmanet.org\/infosfera\/foto-e-slogan-canonizzazione-suor-maria-troncatti\/#breadcrumb"},"inLanguage":"es","potentialAction":[{"@type":"ReadAction","target":["https:\/\/www.cgfmanet.org\/infosfera\/foto-e-slogan-canonizzazione-suor-maria-troncatti\/"]}]},{"@type":"ImageObject","inLanguage":"es","@id":"https:\/\/www.cgfmanet.org\/infosfera\/foto-e-slogan-canonizzazione-suor-maria-troncatti\/#primaryimage","url":"https:\/\/www.cgfmanet.org\/wp-content\/uploads\/2025\/01\/Immagine-e-slogan-Troncatti.jpg","contentUrl":"https:\/\/www.cgfmanet.org\/wp-content\/uploads\/2025\/01\/Immagine-e-slogan-Troncatti.jpg","width":1200,"height":800},{"@type":"BreadcrumbList","@id":"https:\/\/www.cgfmanet.org\/infosfera\/foto-e-slogan-canonizzazione-suor-maria-troncatti\/#breadcrumb","itemListElement":[{"@type":"ListItem","position":1,"name":"Home","item":"https:\/\/www.cgfmanet.org\/es\/"},{"@type":"ListItem","position":2,"name":"Fotos y eslogan Canonizaci\u00f3n de Sor Mar\u00eda Troncatti"}]},{"@type":"WebSite","@id":"https:\/\/www.cgfmanet.org\/es\/#website","url":"https:\/\/www.cgfmanet.org\/es\/","name":"Istituto Figlie di Maria Ausiliatrice","description":"Salesiane di Don Bosco","publisher":{"@id":"https:\/\/www.cgfmanet.org\/es\/#organization"},"potentialAction":[{"@type":"SearchAction","target":{"@type":"EntryPoint","urlTemplate":"https:\/\/www.cgfmanet.org\/es\/?s={search_term_string}"},"query-input":{"@type":"PropertyValueSpecification","valueRequired":true,"valueName":"search_term_string"}}],"inLanguage":"es"},{"@type":"Organization","@id":"https:\/\/www.cgfmanet.org\/es\/#organization","name":"Istituto Figlie di Maria Ausiliatrice","url":"https:\/\/www.cgfmanet.org\/es\/","logo":{"@type":"ImageObject","inLanguage":"es","@id":"https:\/\/www.cgfmanet.org\/es\/#\/schema\/logo\/image\/","url":"https:\/\/www.cgfmanet.org\/wp-content\/uploads\/2018\/10\/logo-fma.png","contentUrl":"https:\/\/www.cgfmanet.org\/wp-content\/uploads\/2018\/10\/logo-fma.png","width":214,"height":55,"caption":"Istituto Figlie di Maria Ausiliatrice"},"image":{"@id":"https:\/\/www.cgfmanet.org\/es\/#\/schema\/logo\/image\/"},"sameAs":["https:\/\/www.facebook.com\/salesian.sisters.of.don.bosco\/","https:\/\/x.com\/Cgfmanet_Org","https:\/\/www.youtube.com\/channel\/UCmcr8yFQBV7JXeXVxyV9y5Q"]},{"@type":"Person","@id":"https:\/\/www.cgfmanet.org\/es\/#\/schema\/person\/ce6473083f53ef0ef882cca23f0c8fb9","name":"Redazione"}]}},"_links":{"self":[{"href":"https:\/\/www.cgfmanet.org\/es\/wp-json\/wp\/v2\/posts\/126207","targetHints":{"allow":["GET"]}}],"collection":[{"href":"https:\/\/www.cgfmanet.org\/es\/wp-json\/wp\/v2\/posts"}],"about":[{"href":"https:\/\/www.cgfmanet.org\/es\/wp-json\/wp\/v2\/types\/post"}],"author":[{"embeddable":true,"href":"https:\/\/www.cgfmanet.org\/es\/wp-json\/wp\/v2\/users\/21"}],"replies":[{"embeddable":true,"href":"https:\/\/www.cgfmanet.org\/es\/wp-json\/wp\/v2\/comments?post=126207"}],"version-history":[{"count":2,"href":"https:\/\/www.cgfmanet.org\/es\/wp-json\/wp\/v2\/posts\/126207\/revisions"}],"predecessor-version":[{"id":126296,"href":"https:\/\/www.cgfmanet.org\/es\/wp-json\/wp\/v2\/posts\/126207\/revisions\/126296"}],"wp:featuredmedia":[{"embeddable":true,"href":"https:\/\/www.cgfmanet.org\/es\/wp-json\/wp\/v2\/media\/126202"}],"wp:attachment":[{"href":"https:\/\/www.cgfmanet.org\/es\/wp-json\/wp\/v2\/media?parent=126207"}],"wp:term":[{"taxonomy":"category","embeddable":true,"href":"https:\/\/www.cgfmanet.org\/es\/wp-json\/wp\/v2\/categories?post=126207"},{"taxonomy":"post_tag","embeddable":true,"href":"https:\/\/www.cgfmanet.org\/es\/wp-json\/wp\/v2\/tags?post=126207"}],"curies":[{"name":"wp","href":"https:\/\/api.w.org\/{rel}","templated":true}]}}