{"id":123956,"date":"2024-11-26T09:32:53","date_gmt":"2024-11-26T08:32:53","guid":{"rendered":"https:\/\/www.cgfmanet.org\/infoesfera\/novena-dellimmacolata-2024\/"},"modified":"2024-12-05T21:51:23","modified_gmt":"2024-12-05T20:51:23","slug":"novena-de-la-inmaculada-2024","status":"publish","type":"post","link":"https:\/\/www.cgfmanet.org\/es\/infoesfera\/novena-de-la-inmaculada-2024\/","title":{"rendered":"Novena de la Inmaculada 2024"},"content":{"rendered":"<p><strong>Roma (Italia).<\/strong> Para prepararse a vivir la Solemnidad de la Inmaculada Concepci\u00f3n de Mar\u00eda, el 8 de diciembre de 2024, <strong>el Ambito para la Familia Salesiana del Instituto de las Hijas de Mar\u00eda Auxiliadora, en colaboraci\u00f3n con el Ambito de la Comunicaci\u00f3n. propone una Novena titulada:<\/strong><\/p>\n<h3 style=\"text-align: center;\"><span style=\"color: #ff0000;\"><strong>\u201cMar\u00eda, mujer de esperanza\u201d<\/strong><\/span><\/h3>\n<p>En la presentaci\u00f3n, el Ambito explica la elecci\u00f3n del tema y la estructura:<\/p>\n<p>\u00abSpes non confundit\u00bb, \u00abla esperanza no defrauda\u00bb (Rm 5,5). A pocos d\u00edas de la apertura del A\u00f1o Santo y al comienzo de esta novena de la Inmaculada Concepci\u00f3n, queremos caminar, con paso sol\u00edcito, junto a Mar\u00eda, sublime testigo de esperanza.<\/p>\n<p><em>\u00abEn ella vemos c\u00f3mo la esperanza no es un optimismo vano, sino un don de gracia en el realismo de la vida. Como toda madre, tambi\u00e9n Mar\u00eda, cada vez que miraba a su Hijo, pensaba en su futuro, y ciertamente en su coraz\u00f3n resonaban las palabras que Sime\u00f3n hab\u00eda dirigido en el templo: \u00ab\u00c9l est\u00e1 aqu\u00ed para la ca\u00edda y resurrecci\u00f3n de muchos en Israel y como signo de contradicci\u00f3n, y una espada traspasar\u00e1 tambi\u00e9n tu alma\u00bb (Lc 2,34-35). Mar\u00eda, al pie de la cruz, mientras ve\u00eda sufrir y morir al inocente Jes\u00fas, aunque estaba abrumada por un dolor insoportable, repiti\u00f3 su \u00abs\u00ed\u00bb, sin perder la esperanza y la confianza en su Dios. De esta manera cooper\u00f3 en el cumplimiento de lo que su Hijo hab\u00eda dicho, anunciando que tendr\u00eda que \u00absufrir mucho y ser rechazado por los ancianos, los sumos sacerdotes y los escribas, ser asesinado y, despu\u00e9s de tres d\u00edas, resucitar\u00bb (Mc 8,31). En el parto de ese dolor, ofrecido por amor, se convirti\u00f3 en nuestra Madre, Madre de misericordia y de esperanza\u00bb <\/em>(cfr. Bolla di indizione del Giubileo anno 2024. n.24).<\/p>\n<p><strong>En esta novena invocamos a la Virgen Mar\u00eda \u00abStella Maris\u00bb<\/strong>, t\u00edtulo muy usado en la piedad popular, con la certeza de que hoy estuvo y est\u00e1 presente en los tormentosos acontecimientos de la vida. Con su poderosa ayuda, sostiene, infunde confianza y fortalece la esperanza.<\/p>\n<p>Cada d\u00eda de la novena se propondr\u00e1 una reflexi\u00f3n sobre un aspecto particular de la vida de <em>Mar\u00eda, Stella Maris &#8211; Madre de la Esperanza<\/em>, y se indicar\u00e1 un compromiso para concretarlo durante la jornada.<\/p>\n<p><strong>Estamos invitados a unirnos a todos los pa\u00edses que est\u00e1n viviendo momentos de sufrimiento y guerra<\/strong>, a los que han perdido la confianza y miran al futuro con preocupaci\u00f3n y pesimismo.\u00a0 Pidamos a Mar\u00eda que sea la Madre de la Esperanza para todos.<\/p>\n<p><strong>Que el rezo del Ave Mar\u00eda<\/strong>, pronunciado con fe, sea una cadena ininterrumpida de s\u00faplica por la realizaci\u00f3n del anhelado sue\u00f1o de la paz en Ucrania, Israel, Hait\u00ed, Sud\u00e1n, Myanmar, Nigeria, Etiop\u00eda, Palestina y Nicaragua.<\/p>\n<p>Se dispondr\u00e1 de un video con <strong>un v\u00eddeo<\/strong> con la oraci\u00f3n de la Madre Chiara Cazzuola y el rezo del Ave Mar\u00eda proclamado por personas pertenecientes a la naci\u00f3n por la que rezaremos ese d\u00eda.<\/p>\n<p><span style=\"color: #0000ff;\"><a style=\"color: #0000ff;\" href=\"https:\/\/drive.google.com\/file\/d\/1e6jxeI2yHEi2da_b4LwJpLpj9IeOyWLu\/view?usp=drive_link\" target=\"_blank\" rel=\"noopener\"><strong>PDF Novena<\/strong><\/a><\/span><\/p>\n<p><strong>D\u00eda 1<\/strong> \u2013 <strong><em>Mar\u00eda, Hija de la Esperanza<\/em><\/strong>\u00a0\u2013 <strong><span style=\"color: #0000ff;\"><a style=\"color: #0000ff;\" href=\"https:\/\/www.youtube.com\/watch?v=Rx6wt9QodtM\" target=\"_blank\" rel=\"noopener\">YouTube<\/a><\/span><\/strong> &#8211; <strong><span style=\"color: #0000ff;\"><a style=\"color: #0000ff;\" href=\"https:\/\/drive.google.com\/file\/d\/1IwlqaQiTFcfcKc_OOd58NMrdhELeEpqy\/view?usp=drive_link\" target=\"_blank\" rel=\"noopener\">Descargar<\/a><\/span><\/strong><\/p>\n<p><strong>D\u00eda 2 \u2013 <em>Mar\u00eda, Madre de la Esperanza<\/em><\/strong>\u00a0&#8211; <strong><span style=\"color: #0000ff;\"><a style=\"color: #0000ff;\" href=\"https:\/\/www.youtube.com\/watch?v=MIcz9m7w6YI\" target=\"_blank\" rel=\"noopener\">YouTube<\/a><\/span><\/strong> &#8211; <span style=\"color: #0000ff;\"><strong><a style=\"color: #0000ff;\" href=\"https:\/\/drive.google.com\/file\/d\/1VfE8cmt65HT1mhHhXEUOGuZVRbZa5W5D\/view?usp=drive_link\" target=\"_blank\" rel=\"noopener\">Descargar<\/a><\/strong><\/span><\/p>\n<p><strong>D\u00eda 3 \u2013 <em>Mar\u00eda, Templo de la Esperanza<\/em> \u2013 <span style=\"color: #0000ff;\"><a style=\"color: #0000ff;\" href=\"https:\/\/www.youtube.com\/watch?v=E96I2lX8IbU&amp;list=PLukchW4FMtfZLzbLpSBD_F89EHnrBxydN&amp;index=3\" target=\"_blank\" rel=\"noopener\">YouTube<\/a><\/span> &#8211; <span style=\"color: #0000ff;\"><a style=\"color: #0000ff;\" href=\"https:\/\/drive.google.com\/file\/d\/1caneWkUOV1HBb-jYU3X6xor10W2eYUvJ\/view?usp=drive_link\" target=\"_blank\" rel=\"noopener\">Descargar<\/a><\/span><\/strong><\/p>\n<p><strong>D\u00eda 4 \u2013 <em>Mar\u00eda espera en la oscuridad<\/em> \u2013 <span style=\"color: #0000ff;\"><a style=\"color: #0000ff;\" href=\"https:\/\/www.youtube.com\/watch?v=aO4_gaTx0Ho&amp;list=PLukchW4FMtfZLzbLpSBD_F89EHnrBxydN\" target=\"_blank\" rel=\"noopener\">YouTube<\/a><\/span> &#8211; <span style=\"color: #0000ff;\"><a style=\"color: #0000ff;\" href=\"https:\/\/drive.google.com\/file\/d\/1qWYX6hPy9XpPEnrDtQ7ztP1DFZLh6sz2\/view?usp=drive_link\" target=\"_blank\" rel=\"noopener\">Descargar<\/a><\/span><\/strong><\/p>\n<p><strong>D\u00eda 5 \u2013 <em>Mar\u00eda Mensajera de la Esperanza<\/em> \u2013 <span style=\"color: #0000ff;\"><a style=\"color: #0000ff;\" href=\"https:\/\/www.youtube.com\/watch?v=cfLaDUKpMQY\" target=\"_blank\" rel=\"noopener\">YouTube<\/a><\/span> &#8211; <span style=\"color: #0000ff;\"><a style=\"color: #0000ff;\" href=\"https:\/\/drive.google.com\/file\/d\/12_FnqoQkSSGa1tExrMKv8MmSJGP0VF98\/view?usp=drive_link\" target=\"_blank\" rel=\"noopener\">Descargar<\/a><\/span><\/strong><\/p>\n<p><strong>D\u00eda 6 \u2013 <em>Mar\u00eda, imagen de la Iglesia que espera<\/em> \u2013 <span style=\"color: #0000ff;\"><a style=\"color: #0000ff;\" href=\"https:\/\/www.youtube.com\/watch?v=XvWVfceS_KU\" target=\"_blank\" rel=\"noopener\">YouTube<\/a><\/span> &#8211; <span style=\"color: #0000ff;\"><a style=\"color: #0000ff;\" href=\"https:\/\/drive.google.com\/file\/d\/11oD9u2TFmTLomQftF7zg9WO32LBca2k0\/view?usp=drive_link\" target=\"_blank\" rel=\"noopener\">Descargar<\/a><\/span><\/strong><\/p>\n<p><strong>D\u00eda 7 \u2013 <em>Mar\u00eda, Reina de la Esperanza<\/em> \u2013 <span style=\"color: #0000ff;\"><a style=\"color: #0000ff;\" href=\"https:\/\/www.youtube.com\/watch?v=T5vyvUCy98Y\" target=\"_blank\" rel=\"noopener\">YouTube<\/a><\/span> &#8211; <span style=\"color: #0000ff;\"><a style=\"color: #0000ff;\" href=\"https:\/\/drive.google.com\/file\/d\/1r4FoIhElws_9g0T16NBKce02SH7Nm-Q3\/view?usp=drive_link\" target=\"_blank\" rel=\"noopener\">Descargar<\/a><\/span><\/strong><\/p>\n<p><strong>D\u00eda 8 \u2013 <em>Mar\u00eda al pi\u00e9 de la cruz fortalece nuestra esperanza<\/em> \u2013 <span style=\"color: #0000ff;\"><a style=\"color: #0000ff;\" href=\"https:\/\/www.youtube.com\/watch?v=T5vyvUCy98Y\" target=\"_blank\" rel=\"noopener\">YouTube<\/a><\/span> &#8211; <span style=\"color: #0000ff;\"><a style=\"color: #0000ff;\" href=\"https:\/\/drive.google.com\/file\/d\/1xiyxX7ISVdCoCIb-MC4qWM629KnQ6to3\/view?usp=drive_link\" target=\"_blank\" rel=\"noopener\">Descargar<\/a><\/span><\/strong><\/p>\n<p><strong>D\u00eda 9 \u2013 <em>Mar\u00eda con la Iglesia, presencia de esperanza<\/em> \u2013 <span style=\"color: #0000ff;\"><a style=\"color: #0000ff;\" href=\"https:\/\/www.youtube.com\/watch?v=IOE2KGFbScY\" target=\"_blank\" rel=\"noopener\">YouTube<\/a><\/span> &#8211; <a href=\"https:\/\/drive.google.com\/file\/d\/1ZxKMdyFNnRa6rJrNbxFHCeZX7Pkon9Ht\/view?usp=drive_link\" target=\"_blank\" rel=\"noopener\"><span style=\"color: #0000ff;\">Descargar<\/span><\/a><\/strong><\/p>\n","protected":false},"excerpt":{"rendered":"<p>Roma (Italia). Para prepararse a vivir la Solemnidad de la Inmaculada Concepci\u00f3n de Mar\u00eda, el 8 de diciembre de 2024, el Ambito para la Familia Salesiana del Instituto de las [&hellip;]<\/p>\n","protected":false},"author":21,"featured_media":123951,"comment_status":"open","ping_status":"closed","sticky":false,"template":"","format":"standard","meta":{"footnotes":""},"categories":[39,191],"tags":[1670,1779,1931,2148,2384],"class_list":["post-123956","post","type-post","status-publish","format-standard","has-post-thumbnail","category-infoesfera","category-iglesia","tag-carisma-salesiano-es","tag-familia-salesiana-es","tag-focus-es","tag-preghiera-es","tag-maria-es"],"yoast_head":"<!-- This site is optimized with the Yoast SEO plugin v27.4 - https:\/\/yoast.com\/product\/yoast-seo-wordpress\/ -->\n<title>Novena de la Inmaculada 2024 &#8226; Istituto Figlie di Maria Ausiliatrice<\/title>\n<meta name=\"description\" content=\"La propuesta de la Familia Salesiana para prepararse, con una Novena, a la Solemnidad de la Inmaculada Concepci\u00f3n de Mar\u00eda, el 8 de diciembre de 2024.\" \/>\n<meta name=\"robots\" content=\"index, follow, max-snippet:-1, max-image-preview:large, max-video-preview:-1\" \/>\n<link rel=\"canonical\" href=\"https:\/\/www.cgfmanet.org\/es\/infoesfera\/novena-de-la-inmaculada-2024\/\" \/>\n<meta property=\"og:locale\" content=\"es_ES\" \/>\n<meta property=\"og:type\" content=\"article\" \/>\n<meta property=\"og:title\" content=\"Novena de la Inmaculada 2024 &#8226; Istituto Figlie di Maria Ausiliatrice\" \/>\n<meta property=\"og:description\" content=\"La propuesta de la Familia Salesiana para prepararse, con una Novena, a la Solemnidad de la Inmaculada Concepci\u00f3n de Mar\u00eda, el 8 de diciembre de 2024.\" \/>\n<meta property=\"og:url\" content=\"https:\/\/www.cgfmanet.org\/es\/infoesfera\/novena-de-la-inmaculada-2024\/\" \/>\n<meta property=\"og:site_name\" content=\"Istituto Figlie di Maria Ausiliatrice\" \/>\n<meta property=\"article:publisher\" content=\"https:\/\/www.facebook.com\/salesian.sisters.of.don.bosco\/\" \/>\n<meta property=\"article:published_time\" content=\"2024-11-26T08:32:53+00:00\" \/>\n<meta property=\"article:modified_time\" content=\"2024-12-05T20:51:23+00:00\" \/>\n<meta property=\"og:image\" content=\"https:\/\/www.cgfmanet.org\/wp-content\/uploads\/2024\/11\/Novena-Immacolata_2024.jpg\" \/>\n\t<meta property=\"og:image:width\" content=\"1200\" \/>\n\t<meta property=\"og:image:height\" content=\"800\" \/>\n\t<meta property=\"og:image:type\" content=\"image\/jpeg\" \/>\n<meta name=\"author\" content=\"Redazione\" \/>\n<meta name=\"twitter:card\" content=\"summary_large_image\" \/>\n<meta name=\"twitter:creator\" content=\"@Cgfmanet_Org\" \/>\n<meta name=\"twitter:site\" content=\"@Cgfmanet_Org\" \/>\n<meta name=\"twitter:label1\" content=\"Escrito por\" \/>\n\t<meta name=\"twitter:data1\" content=\"Redazione\" \/>\n\t<meta name=\"twitter:label2\" content=\"Tiempo de lectura\" \/>\n\t<meta name=\"twitter:data2\" content=\"4 minutos\" \/>\n<script type=\"application\/ld+json\" class=\"yoast-schema-graph\">{\"@context\":\"https:\\\/\\\/schema.org\",\"@graph\":[{\"@type\":\"Article\",\"@id\":\"https:\\\/\\\/www.cgfmanet.org\\\/es\\\/infoesfera\\\/novena-de-la-inmaculada-2024\\\/#article\",\"isPartOf\":{\"@id\":\"https:\\\/\\\/www.cgfmanet.org\\\/es\\\/infoesfera\\\/novena-de-la-inmaculada-2024\\\/\"},\"author\":{\"name\":\"Redazione\",\"@id\":\"https:\\\/\\\/www.cgfmanet.org\\\/es\\\/#\\\/schema\\\/person\\\/ce6473083f53ef0ef882cca23f0c8fb9\"},\"headline\":\"Novena de la Inmaculada 2024\",\"datePublished\":\"2024-11-26T08:32:53+00:00\",\"dateModified\":\"2024-12-05T20:51:23+00:00\",\"mainEntityOfPage\":{\"@id\":\"https:\\\/\\\/www.cgfmanet.org\\\/es\\\/infoesfera\\\/novena-de-la-inmaculada-2024\\\/\"},\"wordCount\":639,\"commentCount\":2,\"publisher\":{\"@id\":\"https:\\\/\\\/www.cgfmanet.org\\\/es\\\/#organization\"},\"image\":{\"@id\":\"https:\\\/\\\/www.cgfmanet.org\\\/es\\\/infoesfera\\\/novena-de-la-inmaculada-2024\\\/#primaryimage\"},\"thumbnailUrl\":\"https:\\\/\\\/www.cgfmanet.org\\\/wp-content\\\/uploads\\\/2024\\\/11\\\/Novena-Immacolata_2024.jpg\",\"keywords\":[\"Carisma salesiano\",\"Familia Salesiana\",\"Focus\",\"Preghiera\",\"Maria\"],\"articleSection\":[\"Infoesfera\",\"Iglesia\"],\"inLanguage\":\"es\",\"potentialAction\":[{\"@type\":\"CommentAction\",\"name\":\"Comment\",\"target\":[\"https:\\\/\\\/www.cgfmanet.org\\\/es\\\/infoesfera\\\/novena-de-la-inmaculada-2024\\\/#respond\"]}]},{\"@type\":\"WebPage\",\"@id\":\"https:\\\/\\\/www.cgfmanet.org\\\/es\\\/infoesfera\\\/novena-de-la-inmaculada-2024\\\/\",\"url\":\"https:\\\/\\\/www.cgfmanet.org\\\/es\\\/infoesfera\\\/novena-de-la-inmaculada-2024\\\/\",\"name\":\"Novena de la Inmaculada 2024 &#8226; Istituto Figlie di Maria Ausiliatrice\",\"isPartOf\":{\"@id\":\"https:\\\/\\\/www.cgfmanet.org\\\/es\\\/#website\"},\"primaryImageOfPage\":{\"@id\":\"https:\\\/\\\/www.cgfmanet.org\\\/es\\\/infoesfera\\\/novena-de-la-inmaculada-2024\\\/#primaryimage\"},\"image\":{\"@id\":\"https:\\\/\\\/www.cgfmanet.org\\\/es\\\/infoesfera\\\/novena-de-la-inmaculada-2024\\\/#primaryimage\"},\"thumbnailUrl\":\"https:\\\/\\\/www.cgfmanet.org\\\/wp-content\\\/uploads\\\/2024\\\/11\\\/Novena-Immacolata_2024.jpg\",\"datePublished\":\"2024-11-26T08:32:53+00:00\",\"dateModified\":\"2024-12-05T20:51:23+00:00\",\"description\":\"La propuesta de la Familia Salesiana para prepararse, con una Novena, a la Solemnidad de la Inmaculada Concepci\u00f3n de Mar\u00eda, el 8 de diciembre de 2024.\",\"breadcrumb\":{\"@id\":\"https:\\\/\\\/www.cgfmanet.org\\\/es\\\/infoesfera\\\/novena-de-la-inmaculada-2024\\\/#breadcrumb\"},\"inLanguage\":\"es\",\"potentialAction\":[{\"@type\":\"ReadAction\",\"target\":[\"https:\\\/\\\/www.cgfmanet.org\\\/es\\\/infoesfera\\\/novena-de-la-inmaculada-2024\\\/\"]}]},{\"@type\":\"ImageObject\",\"inLanguage\":\"es\",\"@id\":\"https:\\\/\\\/www.cgfmanet.org\\\/es\\\/infoesfera\\\/novena-de-la-inmaculada-2024\\\/#primaryimage\",\"url\":\"https:\\\/\\\/www.cgfmanet.org\\\/wp-content\\\/uploads\\\/2024\\\/11\\\/Novena-Immacolata_2024.jpg\",\"contentUrl\":\"https:\\\/\\\/www.cgfmanet.org\\\/wp-content\\\/uploads\\\/2024\\\/11\\\/Novena-Immacolata_2024.jpg\",\"width\":1200,\"height\":800},{\"@type\":\"BreadcrumbList\",\"@id\":\"https:\\\/\\\/www.cgfmanet.org\\\/es\\\/infoesfera\\\/novena-de-la-inmaculada-2024\\\/#breadcrumb\",\"itemListElement\":[{\"@type\":\"ListItem\",\"position\":1,\"name\":\"Home\",\"item\":\"https:\\\/\\\/www.cgfmanet.org\\\/es\\\/\"},{\"@type\":\"ListItem\",\"position\":2,\"name\":\"Novena de la Inmaculada 2024\"}]},{\"@type\":\"WebSite\",\"@id\":\"https:\\\/\\\/www.cgfmanet.org\\\/es\\\/#website\",\"url\":\"https:\\\/\\\/www.cgfmanet.org\\\/es\\\/\",\"name\":\"Istituto Figlie di Maria Ausiliatrice\",\"description\":\"Salesiane di Don Bosco\",\"publisher\":{\"@id\":\"https:\\\/\\\/www.cgfmanet.org\\\/es\\\/#organization\"},\"potentialAction\":[{\"@type\":\"SearchAction\",\"target\":{\"@type\":\"EntryPoint\",\"urlTemplate\":\"https:\\\/\\\/www.cgfmanet.org\\\/es\\\/?s={search_term_string}\"},\"query-input\":{\"@type\":\"PropertyValueSpecification\",\"valueRequired\":true,\"valueName\":\"search_term_string\"}}],\"inLanguage\":\"es\"},{\"@type\":\"Organization\",\"@id\":\"https:\\\/\\\/www.cgfmanet.org\\\/es\\\/#organization\",\"name\":\"Istituto Figlie di Maria Ausiliatrice\",\"url\":\"https:\\\/\\\/www.cgfmanet.org\\\/es\\\/\",\"logo\":{\"@type\":\"ImageObject\",\"inLanguage\":\"es\",\"@id\":\"https:\\\/\\\/www.cgfmanet.org\\\/es\\\/#\\\/schema\\\/logo\\\/image\\\/\",\"url\":\"https:\\\/\\\/www.cgfmanet.org\\\/wp-content\\\/uploads\\\/2018\\\/10\\\/logo-fma.png\",\"contentUrl\":\"https:\\\/\\\/www.cgfmanet.org\\\/wp-content\\\/uploads\\\/2018\\\/10\\\/logo-fma.png\",\"width\":214,\"height\":55,\"caption\":\"Istituto Figlie di Maria Ausiliatrice\"},\"image\":{\"@id\":\"https:\\\/\\\/www.cgfmanet.org\\\/es\\\/#\\\/schema\\\/logo\\\/image\\\/\"},\"sameAs\":[\"https:\\\/\\\/www.facebook.com\\\/salesian.sisters.of.don.bosco\\\/\",\"https:\\\/\\\/x.com\\\/Cgfmanet_Org\",\"https:\\\/\\\/www.youtube.com\\\/channel\\\/UCmcr8yFQBV7JXeXVxyV9y5Q\"]},{\"@type\":\"Person\",\"@id\":\"https:\\\/\\\/www.cgfmanet.org\\\/es\\\/#\\\/schema\\\/person\\\/ce6473083f53ef0ef882cca23f0c8fb9\",\"name\":\"Redazione\"}]}<\/script>\n<!-- \/ Yoast SEO plugin. -->","yoast_head_json":{"title":"Novena de la Inmaculada 2024 &#8226; Istituto Figlie di Maria Ausiliatrice","description":"La propuesta de la Familia Salesiana para prepararse, con una Novena, a la Solemnidad de la Inmaculada Concepci\u00f3n de Mar\u00eda, el 8 de diciembre de 2024.","robots":{"index":"index","follow":"follow","max-snippet":"max-snippet:-1","max-image-preview":"max-image-preview:large","max-video-preview":"max-video-preview:-1"},"canonical":"https:\/\/www.cgfmanet.org\/es\/infoesfera\/novena-de-la-inmaculada-2024\/","og_locale":"es_ES","og_type":"article","og_title":"Novena de la Inmaculada 2024 &#8226; Istituto Figlie di Maria Ausiliatrice","og_description":"La propuesta de la Familia Salesiana para prepararse, con una Novena, a la Solemnidad de la Inmaculada Concepci\u00f3n de Mar\u00eda, el 8 de diciembre de 2024.","og_url":"https:\/\/www.cgfmanet.org\/es\/infoesfera\/novena-de-la-inmaculada-2024\/","og_site_name":"Istituto Figlie di Maria Ausiliatrice","article_publisher":"https:\/\/www.facebook.com\/salesian.sisters.of.don.bosco\/","article_published_time":"2024-11-26T08:32:53+00:00","article_modified_time":"2024-12-05T20:51:23+00:00","og_image":[{"width":1200,"height":800,"url":"https:\/\/www.cgfmanet.org\/wp-content\/uploads\/2024\/11\/Novena-Immacolata_2024.jpg","type":"image\/jpeg"}],"author":"Redazione","twitter_card":"summary_large_image","twitter_creator":"@Cgfmanet_Org","twitter_site":"@Cgfmanet_Org","twitter_misc":{"Escrito por":"Redazione","Tiempo de lectura":"4 minutos"},"schema":{"@context":"https:\/\/schema.org","@graph":[{"@type":"Article","@id":"https:\/\/www.cgfmanet.org\/es\/infoesfera\/novena-de-la-inmaculada-2024\/#article","isPartOf":{"@id":"https:\/\/www.cgfmanet.org\/es\/infoesfera\/novena-de-la-inmaculada-2024\/"},"author":{"name":"Redazione","@id":"https:\/\/www.cgfmanet.org\/es\/#\/schema\/person\/ce6473083f53ef0ef882cca23f0c8fb9"},"headline":"Novena de la Inmaculada 2024","datePublished":"2024-11-26T08:32:53+00:00","dateModified":"2024-12-05T20:51:23+00:00","mainEntityOfPage":{"@id":"https:\/\/www.cgfmanet.org\/es\/infoesfera\/novena-de-la-inmaculada-2024\/"},"wordCount":639,"commentCount":2,"publisher":{"@id":"https:\/\/www.cgfmanet.org\/es\/#organization"},"image":{"@id":"https:\/\/www.cgfmanet.org\/es\/infoesfera\/novena-de-la-inmaculada-2024\/#primaryimage"},"thumbnailUrl":"https:\/\/www.cgfmanet.org\/wp-content\/uploads\/2024\/11\/Novena-Immacolata_2024.jpg","keywords":["Carisma salesiano","Familia Salesiana","Focus","Preghiera","Maria"],"articleSection":["Infoesfera","Iglesia"],"inLanguage":"es","potentialAction":[{"@type":"CommentAction","name":"Comment","target":["https:\/\/www.cgfmanet.org\/es\/infoesfera\/novena-de-la-inmaculada-2024\/#respond"]}]},{"@type":"WebPage","@id":"https:\/\/www.cgfmanet.org\/es\/infoesfera\/novena-de-la-inmaculada-2024\/","url":"https:\/\/www.cgfmanet.org\/es\/infoesfera\/novena-de-la-inmaculada-2024\/","name":"Novena de la Inmaculada 2024 &#8226; Istituto Figlie di Maria Ausiliatrice","isPartOf":{"@id":"https:\/\/www.cgfmanet.org\/es\/#website"},"primaryImageOfPage":{"@id":"https:\/\/www.cgfmanet.org\/es\/infoesfera\/novena-de-la-inmaculada-2024\/#primaryimage"},"image":{"@id":"https:\/\/www.cgfmanet.org\/es\/infoesfera\/novena-de-la-inmaculada-2024\/#primaryimage"},"thumbnailUrl":"https:\/\/www.cgfmanet.org\/wp-content\/uploads\/2024\/11\/Novena-Immacolata_2024.jpg","datePublished":"2024-11-26T08:32:53+00:00","dateModified":"2024-12-05T20:51:23+00:00","description":"La propuesta de la Familia Salesiana para prepararse, con una Novena, a la Solemnidad de la Inmaculada Concepci\u00f3n de Mar\u00eda, el 8 de diciembre de 2024.","breadcrumb":{"@id":"https:\/\/www.cgfmanet.org\/es\/infoesfera\/novena-de-la-inmaculada-2024\/#breadcrumb"},"inLanguage":"es","potentialAction":[{"@type":"ReadAction","target":["https:\/\/www.cgfmanet.org\/es\/infoesfera\/novena-de-la-inmaculada-2024\/"]}]},{"@type":"ImageObject","inLanguage":"es","@id":"https:\/\/www.cgfmanet.org\/es\/infoesfera\/novena-de-la-inmaculada-2024\/#primaryimage","url":"https:\/\/www.cgfmanet.org\/wp-content\/uploads\/2024\/11\/Novena-Immacolata_2024.jpg","contentUrl":"https:\/\/www.cgfmanet.org\/wp-content\/uploads\/2024\/11\/Novena-Immacolata_2024.jpg","width":1200,"height":800},{"@type":"BreadcrumbList","@id":"https:\/\/www.cgfmanet.org\/es\/infoesfera\/novena-de-la-inmaculada-2024\/#breadcrumb","itemListElement":[{"@type":"ListItem","position":1,"name":"Home","item":"https:\/\/www.cgfmanet.org\/es\/"},{"@type":"ListItem","position":2,"name":"Novena de la Inmaculada 2024"}]},{"@type":"WebSite","@id":"https:\/\/www.cgfmanet.org\/es\/#website","url":"https:\/\/www.cgfmanet.org\/es\/","name":"Istituto Figlie di Maria Ausiliatrice","description":"Salesiane di Don Bosco","publisher":{"@id":"https:\/\/www.cgfmanet.org\/es\/#organization"},"potentialAction":[{"@type":"SearchAction","target":{"@type":"EntryPoint","urlTemplate":"https:\/\/www.cgfmanet.org\/es\/?s={search_term_string}"},"query-input":{"@type":"PropertyValueSpecification","valueRequired":true,"valueName":"search_term_string"}}],"inLanguage":"es"},{"@type":"Organization","@id":"https:\/\/www.cgfmanet.org\/es\/#organization","name":"Istituto Figlie di Maria Ausiliatrice","url":"https:\/\/www.cgfmanet.org\/es\/","logo":{"@type":"ImageObject","inLanguage":"es","@id":"https:\/\/www.cgfmanet.org\/es\/#\/schema\/logo\/image\/","url":"https:\/\/www.cgfmanet.org\/wp-content\/uploads\/2018\/10\/logo-fma.png","contentUrl":"https:\/\/www.cgfmanet.org\/wp-content\/uploads\/2018\/10\/logo-fma.png","width":214,"height":55,"caption":"Istituto Figlie di Maria Ausiliatrice"},"image":{"@id":"https:\/\/www.cgfmanet.org\/es\/#\/schema\/logo\/image\/"},"sameAs":["https:\/\/www.facebook.com\/salesian.sisters.of.don.bosco\/","https:\/\/x.com\/Cgfmanet_Org","https:\/\/www.youtube.com\/channel\/UCmcr8yFQBV7JXeXVxyV9y5Q"]},{"@type":"Person","@id":"https:\/\/www.cgfmanet.org\/es\/#\/schema\/person\/ce6473083f53ef0ef882cca23f0c8fb9","name":"Redazione"}]}},"_links":{"self":[{"href":"https:\/\/www.cgfmanet.org\/es\/wp-json\/wp\/v2\/posts\/123956","targetHints":{"allow":["GET"]}}],"collection":[{"href":"https:\/\/www.cgfmanet.org\/es\/wp-json\/wp\/v2\/posts"}],"about":[{"href":"https:\/\/www.cgfmanet.org\/es\/wp-json\/wp\/v2\/types\/post"}],"author":[{"embeddable":true,"href":"https:\/\/www.cgfmanet.org\/es\/wp-json\/wp\/v2\/users\/21"}],"replies":[{"embeddable":true,"href":"https:\/\/www.cgfmanet.org\/es\/wp-json\/wp\/v2\/comments?post=123956"}],"version-history":[{"count":4,"href":"https:\/\/www.cgfmanet.org\/es\/wp-json\/wp\/v2\/posts\/123956\/revisions"}],"predecessor-version":[{"id":124478,"href":"https:\/\/www.cgfmanet.org\/es\/wp-json\/wp\/v2\/posts\/123956\/revisions\/124478"}],"wp:featuredmedia":[{"embeddable":true,"href":"https:\/\/www.cgfmanet.org\/es\/wp-json\/wp\/v2\/media\/123951"}],"wp:attachment":[{"href":"https:\/\/www.cgfmanet.org\/es\/wp-json\/wp\/v2\/media?parent=123956"}],"wp:term":[{"taxonomy":"category","embeddable":true,"href":"https:\/\/www.cgfmanet.org\/es\/wp-json\/wp\/v2\/categories?post=123956"},{"taxonomy":"post_tag","embeddable":true,"href":"https:\/\/www.cgfmanet.org\/es\/wp-json\/wp\/v2\/tags?post=123956"}],"curies":[{"name":"wp","href":"https:\/\/api.w.org\/{rel}","templated":true}]}}