{"id":123874,"date":"2024-11-24T09:43:19","date_gmt":"2024-11-24T08:43:19","guid":{"rendered":"https:\/\/www.cgfmanet.org\/infoesfera\/giornata-internazionale-per-leliminazione-della-violenza-contro-le-donne-2024\/"},"modified":"2024-11-25T10:07:49","modified_gmt":"2024-11-25T09:07:49","slug":"dia-internacional-para-la-eliminacion-de-la-violencia-contra-la-mujer-2024","status":"publish","type":"post","link":"https:\/\/www.cgfmanet.org\/es\/infoesfera\/dia-internacional-para-la-eliminacion-de-la-violencia-contra-la-mujer-2024\/","title":{"rendered":"D\u00eda Internacional para la Eliminaci\u00f3n de la Violencia contra la Mujer 2024"},"content":{"rendered":"<p><strong>Roma (Italia).<\/strong> El 25 de noviembre de 2024 se conmemora el 25\u00ba D\u00eda Internacional para la Eliminaci\u00f3n de la Violencia contra la Mujer, establecido por la Asamblea General de las Naciones Unidas mediante la resoluci\u00f3n n\u00famero 54\/134 del 17 de diciembre de 1999, invitando a los gobiernos, a las organizaciones internacionales y a las ONG a organizar actividades para sensibilizar a la poblaci\u00f3n sobre el tema.<\/p>\n<p>Esta fecha fue elegida para conmemorar el brutal asesinato, ocurrido en 1960, de las hermanas Mirabal en Rep\u00fablica Dominicana, debido a que eran consideradas revolucionarias.<\/p>\n<p>La violencia contra las mujeres y las ni\u00f1as en los \u00faltimos a\u00f1os no parece perder intensidad, manteni\u00e9ndose como una de las violaciones de los derechos humanos m\u00e1s extendidas con datos impresionantes: las <span style=\"color: #0000ff;\"><strong><a style=\"color: #0000ff;\" href=\"https:\/\/www.unwomen.org\/en\/what-we-do\/ending-violence-against-women\/unite\/theme\" target=\"_blank\" rel=\"noopener\">Naciones Unidas<\/a><\/strong><\/span> denuncia, de hecho, que <strong>en 2023 una mujer fue asesinada cada 10 minutos en el mundo por un familiar o pareja.<\/strong><\/p>\n<p>La violencia contra las mujeres se manifiesta de diversas formas: maltrato, abuso psicol\u00f3gico, violencia y explotaci\u00f3n sexual, matrimonios forzados, mutilaci\u00f3n genital femenina, acecho o ciberacoso.<\/p>\n<p>Seg\u00fan el art\u00edculo 1 de la Declaraci\u00f3n sobre la Eliminaci\u00f3n de la Violencia contra la Mujer, emitida por la Asamblea General de las Naciones Unidas en 1993, la violencia contra la mujer se define como <em>\u00abtodo acto de violencia basada en el g\u00e9nero que tenga o pueda tener como resultado un da\u00f1o o sufrimiento f\u00edsico, sexual o psicol\u00f3gico para las mujeres, incluidas las amenazas de tales actos, la coacci\u00f3n o la privaci\u00f3n arbitraria de la libertad, ya sea en la vida p\u00fablica o privada\u00bb.<\/em><\/p>\n<p>Todo esto causa da\u00f1os f\u00edsicos y psicol\u00f3gicos permanentes a las mujeres, comprometiendo su salud, muchas veces provocando depresi\u00f3n, ansiedad o la transmisi\u00f3n de enfermedades como el VIH.<\/p>\n<p>Las Naciones Unidas estiman que <strong>alrededor de 736 millones de mujeres en todo el mundo, aproximadamente 1 de cada 3, han sido v\u00edctimas de violencia sexual o psicol\u00f3gica, o ambas, al menos una vez en su vida.<\/strong> La mayor parte de esta violencia es perpetuada por la pareja o un miembro de la familia.<\/p>\n<p>La violencia contra las mujeres s\u00f3lo puede combatirse mediante esfuerzos conjuntos de mujeres y hombres, la cooperaci\u00f3n internacional y un cambio profundo en las actitudes y las pol\u00edticas. Con este objetivo, Naciones Unidas ha puesto en marcha la campa\u00f1a \u00a0<strong>#NoExcuse<\/strong>. <strong>UNiTE to End Violence against Women.<\/strong> De hecho, no hay ninguna excusa aceptable para perpetrar esta grave violaci\u00f3n de los derechos humanos.<\/p>\n<p><strong>VIDES Internacional y la Fundaci\u00f3n FVGS ETS han estado trabajando con el objetivo com\u00fan de promover el empoderamiento de las mujeres desde sus inicios.<\/strong><\/p>\n<p>En concreto, <span style=\"color: #0000ff;\"><strong><a style=\"color: #0000ff;\" href=\"https:\/\/www.vides.org\/\" target=\"_blank\" rel=\"noopener\">VIDES Internacional<\/a><\/strong><\/span> lleva desde 2023\u00a0 implementando el proyecto \u00ab<em>Medios de vida sostenibles para las mujeres tribales a trav\u00e9s de la formaci\u00f3n profesional, el acceso a los mercados y la conservaci\u00f3n ecol\u00f3gica\u00bb en <\/em>\u00a0el norte de la India con el objetivo de fortalecer la autonom\u00eda e independencia de las mujeres. Esta iniciativa, a trav\u00e9s de la creaci\u00f3n de medidas de medios de vida sostenibles, tiene como objetivo educar a las mujeres sobre el emprendimiento y la implementaci\u00f3n de programas de protecci\u00f3n del medio ambiente. El proyecto pretende ofrecer una respuesta concreta a uno de los problemas m\u00e1s urgentes a los que se enfrentan las mujeres en la India, que sufren una discriminaci\u00f3n generalizada en muchos aspectos de la vida, en el acceso a la educaci\u00f3n, la nutrici\u00f3n, la salud, el trabajo y la seguridad. De hecho, seg\u00fan lo informado por la Comisi\u00f3n Nacional India para la Mujer, ha habido un aumento de m\u00e1s de 2 veces en las denuncias de violencia dom\u00e9stica en los \u00faltimos a\u00f1os.<\/p>\n<p>La <strong>Fundaci\u00f3n<\/strong><strong>\u00a0<span style=\"color: #0000ff;\"><a style=\"color: #0000ff;\" href=\"https:\/\/www.fondazionefvgs.it\/\" target=\"_blank\" rel=\"noopener\">FVGS ETS<\/a><\/span><\/strong>, consciente de que incluso los desequilibrios relacionados con la educaci\u00f3n pueden tener graves consecuencias en el futuro de las mujeres y en su posibilidad de tener un trabajo digno que les permita no depender econ\u00f3micamente de un hombre, impulsa desde sus inicios el Apoyo a Distancia, destinado a dar la oportunidad a miles de ni\u00f1as de todo el mundo de ir a la escuela y conocer sus derechos.<\/p>\n<p>Como recuerda el<strong> Papa Francisco<\/strong>: \u00ab<em><strong>El renacimiento de la humanidad comenz\u00f3 con las mujeres<\/strong><\/em><em>. Las mujeres son fuentes de vida. Sin embargo, son continuamente ofendidas, golpeadas, violadas, inducidas a prostituirse y a suprimir la vida que llevan en su seno. <\/em><strong><em>Toda violencia infligida a la mujer es una profanaci\u00f3n de Dios, nacido de la mujer.<\/em><\/strong><em> Del cuerpo de una mujer surgi\u00f3 la salvaci\u00f3n para la humanidad: de c\u00f3mo tratamos el cuerpo de una mujer comprendemos nuestro nivel de humanidad<\/em>\u00ab.<\/p>\n","protected":false},"excerpt":{"rendered":"<p>Roma (Italia). El 25 de noviembre de 2024 se conmemora el 25\u00ba D\u00eda Internacional para la Eliminaci\u00f3n de la Violencia contra la Mujer, establecido por la Asamblea General de las [&hellip;]<\/p>\n","protected":false},"author":21,"featured_media":123868,"comment_status":"open","ping_status":"closed","sticky":false,"template":"","format":"standard","meta":{"footnotes":""},"categories":[39,199],"tags":[1379,1514,1931,2118],"class_list":["post-123874","post","type-post","status-publish","format-standard","has-post-thumbnail","category-infoesfera","category-derechos-humanos","tag-promocion-de-la-mujer","tag-vides-es","tag-focus-es","tag-donna-es"],"yoast_head":"<!-- This site is optimized with the Yoast SEO plugin v27.4 - https:\/\/yoast.com\/product\/yoast-seo-wordpress\/ -->\n<title>D\u00eda Internacional para la Eliminaci\u00f3n de la Violencia contra la Mujer 2024 &#8226; Istituto Figlie di Maria Ausiliatrice<\/title>\n<meta name=\"description\" content=\"El 25 de noviembre de 2024 se celebra el 25\u00ba D\u00eda Internacional para la Eliminaci\u00f3n de la Violencia contra la Mujer. El compromiso de VIDES International y la Fundaci\u00f3n FVGS ETS.\" \/>\n<meta name=\"robots\" content=\"index, follow, max-snippet:-1, max-image-preview:large, max-video-preview:-1\" \/>\n<link rel=\"canonical\" href=\"https:\/\/www.cgfmanet.org\/es\/infoesfera\/dia-internacional-para-la-eliminacion-de-la-violencia-contra-la-mujer-2024\/\" \/>\n<meta property=\"og:locale\" content=\"es_ES\" \/>\n<meta property=\"og:type\" content=\"article\" \/>\n<meta property=\"og:title\" content=\"D\u00eda Internacional para la Eliminaci\u00f3n de la Violencia contra la Mujer 2024 &#8226; Istituto Figlie di Maria Ausiliatrice\" \/>\n<meta property=\"og:description\" content=\"El 25 de noviembre de 2024 se celebra el 25\u00ba D\u00eda Internacional para la Eliminaci\u00f3n de la Violencia contra la Mujer. El compromiso de VIDES International y la Fundaci\u00f3n FVGS ETS.\" \/>\n<meta property=\"og:url\" content=\"https:\/\/www.cgfmanet.org\/es\/infoesfera\/dia-internacional-para-la-eliminacion-de-la-violencia-contra-la-mujer-2024\/\" \/>\n<meta property=\"og:site_name\" content=\"Istituto Figlie di Maria Ausiliatrice\" \/>\n<meta property=\"article:publisher\" content=\"https:\/\/www.facebook.com\/salesian.sisters.of.don.bosco\/\" \/>\n<meta property=\"article:published_time\" content=\"2024-11-24T08:43:19+00:00\" \/>\n<meta property=\"article:modified_time\" content=\"2024-11-25T09:07:49+00:00\" \/>\n<meta property=\"og:image\" content=\"https:\/\/www.cgfmanet.org\/wp-content\/uploads\/2024\/11\/Giornata-eliminazione-violenza-donne.jpg\" \/>\n\t<meta property=\"og:image:width\" content=\"1181\" \/>\n\t<meta property=\"og:image:height\" content=\"787\" \/>\n\t<meta property=\"og:image:type\" content=\"image\/jpeg\" \/>\n<meta name=\"author\" content=\"Redazione\" \/>\n<meta name=\"twitter:card\" content=\"summary_large_image\" \/>\n<meta name=\"twitter:creator\" content=\"@Cgfmanet_Org\" \/>\n<meta name=\"twitter:site\" content=\"@Cgfmanet_Org\" \/>\n<meta name=\"twitter:label1\" content=\"Escrito por\" \/>\n\t<meta name=\"twitter:data1\" content=\"Redazione\" \/>\n\t<meta name=\"twitter:label2\" content=\"Tiempo de lectura\" \/>\n\t<meta name=\"twitter:data2\" content=\"5 minutos\" \/>\n<script type=\"application\/ld+json\" class=\"yoast-schema-graph\">{\"@context\":\"https:\\\/\\\/schema.org\",\"@graph\":[{\"@type\":\"Article\",\"@id\":\"https:\\\/\\\/www.cgfmanet.org\\\/es\\\/infoesfera\\\/dia-internacional-para-la-eliminacion-de-la-violencia-contra-la-mujer-2024\\\/#article\",\"isPartOf\":{\"@id\":\"https:\\\/\\\/www.cgfmanet.org\\\/es\\\/infoesfera\\\/dia-internacional-para-la-eliminacion-de-la-violencia-contra-la-mujer-2024\\\/\"},\"author\":{\"name\":\"Redazione\",\"@id\":\"https:\\\/\\\/www.cgfmanet.org\\\/es\\\/#\\\/schema\\\/person\\\/ce6473083f53ef0ef882cca23f0c8fb9\"},\"headline\":\"D\u00eda Internacional para la Eliminaci\u00f3n de la Violencia contra la Mujer 2024\",\"datePublished\":\"2024-11-24T08:43:19+00:00\",\"dateModified\":\"2024-11-25T09:07:49+00:00\",\"mainEntityOfPage\":{\"@id\":\"https:\\\/\\\/www.cgfmanet.org\\\/es\\\/infoesfera\\\/dia-internacional-para-la-eliminacion-de-la-violencia-contra-la-mujer-2024\\\/\"},\"wordCount\":800,\"commentCount\":2,\"publisher\":{\"@id\":\"https:\\\/\\\/www.cgfmanet.org\\\/es\\\/#organization\"},\"image\":{\"@id\":\"https:\\\/\\\/www.cgfmanet.org\\\/es\\\/infoesfera\\\/dia-internacional-para-la-eliminacion-de-la-violencia-contra-la-mujer-2024\\\/#primaryimage\"},\"thumbnailUrl\":\"https:\\\/\\\/www.cgfmanet.org\\\/wp-content\\\/uploads\\\/2024\\\/11\\\/Giornata-eliminazione-violenza-donne.jpg\",\"keywords\":[\"Promoci\u00f3n de la mujer\",\"Vides\",\"Focus\",\"Donna\"],\"articleSection\":[\"Infoesfera\",\"Derechos Humanos\"],\"inLanguage\":\"es\",\"potentialAction\":[{\"@type\":\"CommentAction\",\"name\":\"Comment\",\"target\":[\"https:\\\/\\\/www.cgfmanet.org\\\/es\\\/infoesfera\\\/dia-internacional-para-la-eliminacion-de-la-violencia-contra-la-mujer-2024\\\/#respond\"]}]},{\"@type\":\"WebPage\",\"@id\":\"https:\\\/\\\/www.cgfmanet.org\\\/es\\\/infoesfera\\\/dia-internacional-para-la-eliminacion-de-la-violencia-contra-la-mujer-2024\\\/\",\"url\":\"https:\\\/\\\/www.cgfmanet.org\\\/es\\\/infoesfera\\\/dia-internacional-para-la-eliminacion-de-la-violencia-contra-la-mujer-2024\\\/\",\"name\":\"D\u00eda Internacional para la Eliminaci\u00f3n de la Violencia contra la Mujer 2024 &#8226; Istituto Figlie di Maria Ausiliatrice\",\"isPartOf\":{\"@id\":\"https:\\\/\\\/www.cgfmanet.org\\\/es\\\/#website\"},\"primaryImageOfPage\":{\"@id\":\"https:\\\/\\\/www.cgfmanet.org\\\/es\\\/infoesfera\\\/dia-internacional-para-la-eliminacion-de-la-violencia-contra-la-mujer-2024\\\/#primaryimage\"},\"image\":{\"@id\":\"https:\\\/\\\/www.cgfmanet.org\\\/es\\\/infoesfera\\\/dia-internacional-para-la-eliminacion-de-la-violencia-contra-la-mujer-2024\\\/#primaryimage\"},\"thumbnailUrl\":\"https:\\\/\\\/www.cgfmanet.org\\\/wp-content\\\/uploads\\\/2024\\\/11\\\/Giornata-eliminazione-violenza-donne.jpg\",\"datePublished\":\"2024-11-24T08:43:19+00:00\",\"dateModified\":\"2024-11-25T09:07:49+00:00\",\"description\":\"El 25 de noviembre de 2024 se celebra el 25\u00ba D\u00eda Internacional para la Eliminaci\u00f3n de la Violencia contra la Mujer. El compromiso de VIDES International y la Fundaci\u00f3n FVGS ETS.\",\"breadcrumb\":{\"@id\":\"https:\\\/\\\/www.cgfmanet.org\\\/es\\\/infoesfera\\\/dia-internacional-para-la-eliminacion-de-la-violencia-contra-la-mujer-2024\\\/#breadcrumb\"},\"inLanguage\":\"es\",\"potentialAction\":[{\"@type\":\"ReadAction\",\"target\":[\"https:\\\/\\\/www.cgfmanet.org\\\/es\\\/infoesfera\\\/dia-internacional-para-la-eliminacion-de-la-violencia-contra-la-mujer-2024\\\/\"]}]},{\"@type\":\"ImageObject\",\"inLanguage\":\"es\",\"@id\":\"https:\\\/\\\/www.cgfmanet.org\\\/es\\\/infoesfera\\\/dia-internacional-para-la-eliminacion-de-la-violencia-contra-la-mujer-2024\\\/#primaryimage\",\"url\":\"https:\\\/\\\/www.cgfmanet.org\\\/wp-content\\\/uploads\\\/2024\\\/11\\\/Giornata-eliminazione-violenza-donne.jpg\",\"contentUrl\":\"https:\\\/\\\/www.cgfmanet.org\\\/wp-content\\\/uploads\\\/2024\\\/11\\\/Giornata-eliminazione-violenza-donne.jpg\",\"width\":1181,\"height\":787},{\"@type\":\"BreadcrumbList\",\"@id\":\"https:\\\/\\\/www.cgfmanet.org\\\/es\\\/infoesfera\\\/dia-internacional-para-la-eliminacion-de-la-violencia-contra-la-mujer-2024\\\/#breadcrumb\",\"itemListElement\":[{\"@type\":\"ListItem\",\"position\":1,\"name\":\"Home\",\"item\":\"https:\\\/\\\/www.cgfmanet.org\\\/es\\\/\"},{\"@type\":\"ListItem\",\"position\":2,\"name\":\"D\u00eda Internacional para la Eliminaci\u00f3n de la Violencia contra la Mujer 2024\"}]},{\"@type\":\"WebSite\",\"@id\":\"https:\\\/\\\/www.cgfmanet.org\\\/es\\\/#website\",\"url\":\"https:\\\/\\\/www.cgfmanet.org\\\/es\\\/\",\"name\":\"Istituto Figlie di Maria Ausiliatrice\",\"description\":\"Salesiane di Don Bosco\",\"publisher\":{\"@id\":\"https:\\\/\\\/www.cgfmanet.org\\\/es\\\/#organization\"},\"potentialAction\":[{\"@type\":\"SearchAction\",\"target\":{\"@type\":\"EntryPoint\",\"urlTemplate\":\"https:\\\/\\\/www.cgfmanet.org\\\/es\\\/?s={search_term_string}\"},\"query-input\":{\"@type\":\"PropertyValueSpecification\",\"valueRequired\":true,\"valueName\":\"search_term_string\"}}],\"inLanguage\":\"es\"},{\"@type\":\"Organization\",\"@id\":\"https:\\\/\\\/www.cgfmanet.org\\\/es\\\/#organization\",\"name\":\"Istituto Figlie di Maria Ausiliatrice\",\"url\":\"https:\\\/\\\/www.cgfmanet.org\\\/es\\\/\",\"logo\":{\"@type\":\"ImageObject\",\"inLanguage\":\"es\",\"@id\":\"https:\\\/\\\/www.cgfmanet.org\\\/es\\\/#\\\/schema\\\/logo\\\/image\\\/\",\"url\":\"https:\\\/\\\/www.cgfmanet.org\\\/wp-content\\\/uploads\\\/2018\\\/10\\\/logo-fma.png\",\"contentUrl\":\"https:\\\/\\\/www.cgfmanet.org\\\/wp-content\\\/uploads\\\/2018\\\/10\\\/logo-fma.png\",\"width\":214,\"height\":55,\"caption\":\"Istituto Figlie di Maria Ausiliatrice\"},\"image\":{\"@id\":\"https:\\\/\\\/www.cgfmanet.org\\\/es\\\/#\\\/schema\\\/logo\\\/image\\\/\"},\"sameAs\":[\"https:\\\/\\\/www.facebook.com\\\/salesian.sisters.of.don.bosco\\\/\",\"https:\\\/\\\/x.com\\\/Cgfmanet_Org\",\"https:\\\/\\\/www.youtube.com\\\/channel\\\/UCmcr8yFQBV7JXeXVxyV9y5Q\"]},{\"@type\":\"Person\",\"@id\":\"https:\\\/\\\/www.cgfmanet.org\\\/es\\\/#\\\/schema\\\/person\\\/ce6473083f53ef0ef882cca23f0c8fb9\",\"name\":\"Redazione\"}]}<\/script>\n<!-- \/ Yoast SEO plugin. -->","yoast_head_json":{"title":"D\u00eda Internacional para la Eliminaci\u00f3n de la Violencia contra la Mujer 2024 &#8226; Istituto Figlie di Maria Ausiliatrice","description":"El 25 de noviembre de 2024 se celebra el 25\u00ba D\u00eda Internacional para la Eliminaci\u00f3n de la Violencia contra la Mujer. El compromiso de VIDES International y la Fundaci\u00f3n FVGS ETS.","robots":{"index":"index","follow":"follow","max-snippet":"max-snippet:-1","max-image-preview":"max-image-preview:large","max-video-preview":"max-video-preview:-1"},"canonical":"https:\/\/www.cgfmanet.org\/es\/infoesfera\/dia-internacional-para-la-eliminacion-de-la-violencia-contra-la-mujer-2024\/","og_locale":"es_ES","og_type":"article","og_title":"D\u00eda Internacional para la Eliminaci\u00f3n de la Violencia contra la Mujer 2024 &#8226; Istituto Figlie di Maria Ausiliatrice","og_description":"El 25 de noviembre de 2024 se celebra el 25\u00ba D\u00eda Internacional para la Eliminaci\u00f3n de la Violencia contra la Mujer. El compromiso de VIDES International y la Fundaci\u00f3n FVGS ETS.","og_url":"https:\/\/www.cgfmanet.org\/es\/infoesfera\/dia-internacional-para-la-eliminacion-de-la-violencia-contra-la-mujer-2024\/","og_site_name":"Istituto Figlie di Maria Ausiliatrice","article_publisher":"https:\/\/www.facebook.com\/salesian.sisters.of.don.bosco\/","article_published_time":"2024-11-24T08:43:19+00:00","article_modified_time":"2024-11-25T09:07:49+00:00","og_image":[{"width":1181,"height":787,"url":"https:\/\/www.cgfmanet.org\/wp-content\/uploads\/2024\/11\/Giornata-eliminazione-violenza-donne.jpg","type":"image\/jpeg"}],"author":"Redazione","twitter_card":"summary_large_image","twitter_creator":"@Cgfmanet_Org","twitter_site":"@Cgfmanet_Org","twitter_misc":{"Escrito por":"Redazione","Tiempo de lectura":"5 minutos"},"schema":{"@context":"https:\/\/schema.org","@graph":[{"@type":"Article","@id":"https:\/\/www.cgfmanet.org\/es\/infoesfera\/dia-internacional-para-la-eliminacion-de-la-violencia-contra-la-mujer-2024\/#article","isPartOf":{"@id":"https:\/\/www.cgfmanet.org\/es\/infoesfera\/dia-internacional-para-la-eliminacion-de-la-violencia-contra-la-mujer-2024\/"},"author":{"name":"Redazione","@id":"https:\/\/www.cgfmanet.org\/es\/#\/schema\/person\/ce6473083f53ef0ef882cca23f0c8fb9"},"headline":"D\u00eda Internacional para la Eliminaci\u00f3n de la Violencia contra la Mujer 2024","datePublished":"2024-11-24T08:43:19+00:00","dateModified":"2024-11-25T09:07:49+00:00","mainEntityOfPage":{"@id":"https:\/\/www.cgfmanet.org\/es\/infoesfera\/dia-internacional-para-la-eliminacion-de-la-violencia-contra-la-mujer-2024\/"},"wordCount":800,"commentCount":2,"publisher":{"@id":"https:\/\/www.cgfmanet.org\/es\/#organization"},"image":{"@id":"https:\/\/www.cgfmanet.org\/es\/infoesfera\/dia-internacional-para-la-eliminacion-de-la-violencia-contra-la-mujer-2024\/#primaryimage"},"thumbnailUrl":"https:\/\/www.cgfmanet.org\/wp-content\/uploads\/2024\/11\/Giornata-eliminazione-violenza-donne.jpg","keywords":["Promoci\u00f3n de la mujer","Vides","Focus","Donna"],"articleSection":["Infoesfera","Derechos Humanos"],"inLanguage":"es","potentialAction":[{"@type":"CommentAction","name":"Comment","target":["https:\/\/www.cgfmanet.org\/es\/infoesfera\/dia-internacional-para-la-eliminacion-de-la-violencia-contra-la-mujer-2024\/#respond"]}]},{"@type":"WebPage","@id":"https:\/\/www.cgfmanet.org\/es\/infoesfera\/dia-internacional-para-la-eliminacion-de-la-violencia-contra-la-mujer-2024\/","url":"https:\/\/www.cgfmanet.org\/es\/infoesfera\/dia-internacional-para-la-eliminacion-de-la-violencia-contra-la-mujer-2024\/","name":"D\u00eda Internacional para la Eliminaci\u00f3n de la Violencia contra la Mujer 2024 &#8226; Istituto Figlie di Maria Ausiliatrice","isPartOf":{"@id":"https:\/\/www.cgfmanet.org\/es\/#website"},"primaryImageOfPage":{"@id":"https:\/\/www.cgfmanet.org\/es\/infoesfera\/dia-internacional-para-la-eliminacion-de-la-violencia-contra-la-mujer-2024\/#primaryimage"},"image":{"@id":"https:\/\/www.cgfmanet.org\/es\/infoesfera\/dia-internacional-para-la-eliminacion-de-la-violencia-contra-la-mujer-2024\/#primaryimage"},"thumbnailUrl":"https:\/\/www.cgfmanet.org\/wp-content\/uploads\/2024\/11\/Giornata-eliminazione-violenza-donne.jpg","datePublished":"2024-11-24T08:43:19+00:00","dateModified":"2024-11-25T09:07:49+00:00","description":"El 25 de noviembre de 2024 se celebra el 25\u00ba D\u00eda Internacional para la Eliminaci\u00f3n de la Violencia contra la Mujer. El compromiso de VIDES International y la Fundaci\u00f3n FVGS ETS.","breadcrumb":{"@id":"https:\/\/www.cgfmanet.org\/es\/infoesfera\/dia-internacional-para-la-eliminacion-de-la-violencia-contra-la-mujer-2024\/#breadcrumb"},"inLanguage":"es","potentialAction":[{"@type":"ReadAction","target":["https:\/\/www.cgfmanet.org\/es\/infoesfera\/dia-internacional-para-la-eliminacion-de-la-violencia-contra-la-mujer-2024\/"]}]},{"@type":"ImageObject","inLanguage":"es","@id":"https:\/\/www.cgfmanet.org\/es\/infoesfera\/dia-internacional-para-la-eliminacion-de-la-violencia-contra-la-mujer-2024\/#primaryimage","url":"https:\/\/www.cgfmanet.org\/wp-content\/uploads\/2024\/11\/Giornata-eliminazione-violenza-donne.jpg","contentUrl":"https:\/\/www.cgfmanet.org\/wp-content\/uploads\/2024\/11\/Giornata-eliminazione-violenza-donne.jpg","width":1181,"height":787},{"@type":"BreadcrumbList","@id":"https:\/\/www.cgfmanet.org\/es\/infoesfera\/dia-internacional-para-la-eliminacion-de-la-violencia-contra-la-mujer-2024\/#breadcrumb","itemListElement":[{"@type":"ListItem","position":1,"name":"Home","item":"https:\/\/www.cgfmanet.org\/es\/"},{"@type":"ListItem","position":2,"name":"D\u00eda Internacional para la Eliminaci\u00f3n de la Violencia contra la Mujer 2024"}]},{"@type":"WebSite","@id":"https:\/\/www.cgfmanet.org\/es\/#website","url":"https:\/\/www.cgfmanet.org\/es\/","name":"Istituto Figlie di Maria Ausiliatrice","description":"Salesiane di Don Bosco","publisher":{"@id":"https:\/\/www.cgfmanet.org\/es\/#organization"},"potentialAction":[{"@type":"SearchAction","target":{"@type":"EntryPoint","urlTemplate":"https:\/\/www.cgfmanet.org\/es\/?s={search_term_string}"},"query-input":{"@type":"PropertyValueSpecification","valueRequired":true,"valueName":"search_term_string"}}],"inLanguage":"es"},{"@type":"Organization","@id":"https:\/\/www.cgfmanet.org\/es\/#organization","name":"Istituto Figlie di Maria Ausiliatrice","url":"https:\/\/www.cgfmanet.org\/es\/","logo":{"@type":"ImageObject","inLanguage":"es","@id":"https:\/\/www.cgfmanet.org\/es\/#\/schema\/logo\/image\/","url":"https:\/\/www.cgfmanet.org\/wp-content\/uploads\/2018\/10\/logo-fma.png","contentUrl":"https:\/\/www.cgfmanet.org\/wp-content\/uploads\/2018\/10\/logo-fma.png","width":214,"height":55,"caption":"Istituto Figlie di Maria Ausiliatrice"},"image":{"@id":"https:\/\/www.cgfmanet.org\/es\/#\/schema\/logo\/image\/"},"sameAs":["https:\/\/www.facebook.com\/salesian.sisters.of.don.bosco\/","https:\/\/x.com\/Cgfmanet_Org","https:\/\/www.youtube.com\/channel\/UCmcr8yFQBV7JXeXVxyV9y5Q"]},{"@type":"Person","@id":"https:\/\/www.cgfmanet.org\/es\/#\/schema\/person\/ce6473083f53ef0ef882cca23f0c8fb9","name":"Redazione"}]}},"_links":{"self":[{"href":"https:\/\/www.cgfmanet.org\/es\/wp-json\/wp\/v2\/posts\/123874","targetHints":{"allow":["GET"]}}],"collection":[{"href":"https:\/\/www.cgfmanet.org\/es\/wp-json\/wp\/v2\/posts"}],"about":[{"href":"https:\/\/www.cgfmanet.org\/es\/wp-json\/wp\/v2\/types\/post"}],"author":[{"embeddable":true,"href":"https:\/\/www.cgfmanet.org\/es\/wp-json\/wp\/v2\/users\/21"}],"replies":[{"embeddable":true,"href":"https:\/\/www.cgfmanet.org\/es\/wp-json\/wp\/v2\/comments?post=123874"}],"version-history":[{"count":3,"href":"https:\/\/www.cgfmanet.org\/es\/wp-json\/wp\/v2\/posts\/123874\/revisions"}],"predecessor-version":[{"id":123888,"href":"https:\/\/www.cgfmanet.org\/es\/wp-json\/wp\/v2\/posts\/123874\/revisions\/123888"}],"wp:featuredmedia":[{"embeddable":true,"href":"https:\/\/www.cgfmanet.org\/es\/wp-json\/wp\/v2\/media\/123868"}],"wp:attachment":[{"href":"https:\/\/www.cgfmanet.org\/es\/wp-json\/wp\/v2\/media?parent=123874"}],"wp:term":[{"taxonomy":"category","embeddable":true,"href":"https:\/\/www.cgfmanet.org\/es\/wp-json\/wp\/v2\/categories?post=123874"},{"taxonomy":"post_tag","embeddable":true,"href":"https:\/\/www.cgfmanet.org\/es\/wp-json\/wp\/v2\/tags?post=123874"}],"curies":[{"name":"wp","href":"https:\/\/api.w.org\/{rel}","templated":true}]}}