{"id":123352,"date":"2024-11-15T09:15:10","date_gmt":"2024-11-15T08:15:10","guid":{"rendered":"https:\/\/www.cgfmanet.org\/infoesfera\/visita-di-madre-chiara-allispettoria-isi\/"},"modified":"2024-11-16T22:07:04","modified_gmt":"2024-11-16T21:07:04","slug":"visita-de-madre-chiara-a-la-inspectoria-isi","status":"publish","type":"post","link":"https:\/\/www.cgfmanet.org\/es\/ifma-es\/visita-de-madre-chiara-a-la-inspectoria-isi\/","title":{"rendered":"Visita de Madre Chiara a la Inspector\u00eda ISI"},"content":{"rendered":"<p><strong>Catania (Italia).<\/strong> Del 2 al 10 de noviembre de 2024, Madre Chiara Cazzuola, en Sicilia con motivo del 30\u00ba aniversario de la beatificaci\u00f3n de Madre Maddalena Morano (5 de noviembre), visit\u00f3 algunas Casas y realidades de la <em>\u00a0Inspector\u00eda Madre Maddalena Morano <\/em>(ISI).<\/p>\n<p>Acogida\u00a0 el <strong>2 de noviembre<\/strong> en el aeropuerto de Palermo por la Inspectora, sor \u00c1ngela Mar\u00eda Maccioni, lleg\u00f3 a la\u00a0 Casa <em>Mar\u00eda Auxiliadora de <\/em>\u00a0Palermo-Arenella, donde fue esperada por la Comunidad FMA, el P\u00e1rroco, los chicos y chicas del oratorio, los miembros de la Comunidad educativa y los amigos y bienhechores. Luego de un homenaje floral, los ni\u00f1os expresaron su alegr\u00eda a trav\u00e9s del canto y la coreograf\u00eda de la canci\u00f3n \u00abSiento la Alegr\u00eda\u00bb. La drectora, Sor Luc\u00eda Siracusa, dirigi\u00f3 su saludo expresando la alegr\u00eda de toda la realidad pastoral por la presencia de la Madre entre ellos. En el patio, las diversas realidades pastorales tuvieron la oportunidad de presentarse de manera original con m\u00fasica, danzas y breves espect\u00e1culos deportivos sobre el tema de la creaci\u00f3n. <em>\u2014Una presencia grande y no obvia \u2014<\/em>comenz\u00f3 la madre, dado el d\u00eda 2 de noviembre\u2014.<\/p>\n<p>Por la tarde se dirigi\u00f3 a\u00a0 la casa de reposo \u201c<em>San Giuseppe\u201d<\/em>, donde fue acogida festivamente por las hermanas de las comunidades de Madre <em>Mazzarello<\/em> y <em>Mar\u00eda Auxiliadora<\/em>. A las tres comunidades de Palermo reunidas, la Madre record\u00f3 el gran don de la celebraci\u00f3n de los Votos Perpetuos, al d\u00eda siguiente. La Madre tambi\u00e9n dio algunas noticias de las hermanas esparcidas por todo el mundo, comprometidas en educar y evangelizar, invit\u00e1ndolas a rezar por tantas que viven en frentes de guerra, en adversidades pol\u00edticas, con medios de subsistencia precarios, o que sufren persecuci\u00f3n religiosa.<\/p>\n<p><strong>El domingo 3 de noviembre,<\/strong> en la solemne celebraci\u00f3n presidida por el Inspector de los Salesianos de Don Bosco de Sicilia, don Giovanni D&#8217;Andrea, y concelebrada por numerosos hermanos salesianos en la capilla de la\u00a0 Casa <em>Madre Mazzarello <\/em>\u00a0de Palermo, <strong>Madre Chiara acogi\u00f3 los votos perpetuos de Sor Maria Di Caro<\/strong>. Al final de la funci\u00f3n religiosa, fue significativo el gesto de una representante de la Comunidad Educativa de Palermo, <em>Madre Mazzarello<\/em>, que entreg\u00f3 a la Madre una donaci\u00f3n para las hermanas del L\u00edbano.<\/p>\n<p>Por la tarde, la Madre fue acogida por la\u00a0 Comunidad <em>Mar\u00eda Auxiliadora<\/em>\u00a0 de Pietraperzia, Enna. Junto a la comunidad religiosa, estuvieron presentes el presidente del comit\u00e9 inspectorial de la PGS de Caltanissetta, el presidente de la uni\u00f3n de exalumnos y el coordinador local de los Salesianos Cooperadores. En un simple momento familiar, se le entregaron algunos trabajos manuales que los Salesianos Cooperadores realizan en los talleres de tarde para iniciativas ben\u00e9ficas y educativas. Durante el encuentro con la Comunidad, lleg\u00f3 la noticia de la llegada de los primeros 17 menores extranjeros no acompa\u00f1ados, procedentes de pa\u00edses subsaharianos, a la Comunidad FMA de Agrigento, habilitada para la acogida en colaboraci\u00f3n con la Prefectura de la ciudad.<\/p>\n<p><strong>En la ma\u00f1ana del 4 de noviembre, <\/strong>Madre Chiara visit\u00f3 el Centro SAI de la Asociaci\u00f3n de Laicos \u00abDon Bosco 2000\u00bb de Pietraperzia, acogida por mujeres y ni\u00f1os migrantes, voluntarios, operadores y miembros fundadores de la Asociaci\u00f3n de los Salesianos Cooperadores, que est\u00e1n particularmente agradecidos. De hecho, la Asociaci\u00f3n naci\u00f3 asumiendo la direcci\u00f3n del oratorio salesiano de las Hijas de Mar\u00eda Auxiliadora en Piazza Armerina.<\/p>\n<p>A continuaci\u00f3n, la Madre lleg\u00f3 a la\u00a0 comunidad <em>de Mar\u00eda Auxiliadora en <\/em>\u00a0Caltagirone, donde tuvo la oportunidad de conocer el compromiso educativo de la Comunidad a trav\u00e9s de la Guarder\u00eda y el Jard\u00edn de Infancia y de visitar a las hermanas de la Residencia de Ancianos.<\/p>\n<p>Por la tarde se encontr\u00f3 con las hermanas de la casa de reposo<em> Mar\u00eda Auxiliadora<\/em>\u00a0 de Acireale, en Catania. Por una feliz coincidencia, la Comunidad hab\u00eda comenzado su ronda de oraci\u00f3n de la Semana Vocacional Salesiana bajo el protecci\u00f3n de la Beata Morano. La presencia de la Madre fue un don para las hermanas que fortaleci\u00f3 el v\u00ednculo de comuni\u00f3n con todo el Instituto.<\/p>\n<p>Por la tarde lleg\u00f3 a la Comunidad <em>Mar\u00eda Auxiliadora de<\/em>\u00a0 la Casa Inspectorial de Catania. Acogerla, junto con las FMA, una representaci\u00f3n de la Comunidad Educativa y de los amigos de la obra salesiana que expresaron su aprecio a la Madre por el valor a\u00f1adido de la atenci\u00f3n a la persona que caracteriza a la Escuela y a las Casas FMA.<\/p>\n<p><strong>El 5 de noviembre<\/strong>, la Madre fue a Messina, a la <em>Comunidad Mar\u00eda Auxiliadora,<\/em> donde exhort\u00f3 a las FMA ancianas y enfermas a no desanimarse, como resume una hermana: <em>\u00abLa Madre nos recuerda que somos los verdaderos tesoros del Instituto. Nuestra oraci\u00f3n es un apoyo precioso, un \u00abpararrayos\u00bb que protege y salva a muchos j\u00f3venes. Nunca debemos pensar que ya no servimos: lo que ofrecemos es fundamental\u00bb.<\/em><\/p>\n<p>Por la tarde particip\u00f3 en la<strong> solemne celebraci\u00f3n eucar\u00edstica del 30\u00b0 aniversario de la beatificaci\u00f3n de Madre Morano<\/strong> (5 de noviembre de 1994), presidida por el arzobispo de Catania, monse\u00f1or Luigi Renna, en la parroquia\u00a0 de <em>Santa \u00c1gueda en el Borgo <\/em>de Catania. Dirigi\u00f3 un agradecimiento especial al p\u00e1rroco y a los que solemnizaron la funci\u00f3n: los hermanos salesianos, los sacerdotes de la Iglesia de Catania, los miembros de la Familia Salesiana, una representaci\u00f3n de la realidad pastoral de Biancavilla, los chicos del\u00a0 Oratorio <em>FMA Juan Pablo II<\/em>\u00a0 que animaron la liturgia con cantos.<\/p>\n<p><strong>El 6 de noviembre<\/strong>,\u00a0 vivi\u00f3 dos eventos de celebraci\u00f3n de los <strong>125 a\u00f1os de la presencia de las FMA en Barcellona Pozzo di Gotto<\/strong>, Messina, donde las hermanas dirigen una casa familia para menores. La primera tuvo lugar en el Ayuntamiento, donde el Alcalde entreg\u00f3 a la Madre una placa conmemorativa e identific\u00f3 la calle que lleva el nombre de la Beata Madre Maddalena Morano.<\/p>\n<p>Por la tarde, en el Sal\u00f3n del Teatro de la Casa, tuvo lugar la Conferencia \u00abLa acogida como recurso territorial, entre un acto de amor, de derecho y de responsabilidad\u00bb. Dirigi\u00e9ndose a las autoridades, a los ponentes y a los presentes, la Madre subray\u00f3 la importancia del ambiente familiar y la necesidad de ofrecer, a quienes han sido privados de este bien, la experiencia de una familia serena. Don Bosco quer\u00eda que sus instituciones se llamaran Casas, es decir, lugares donde las ni\u00f1as, los ni\u00f1os, los j\u00f3venes pudieran crecer serenamente. Madre Morano, con un rasgo femenino, llev\u00f3 adelante estos valores aprendidos de Don Bosco, a quien conoci\u00f3 personalmente y con quien dialog\u00f3 varias veces. La Madre tambi\u00e9n concedi\u00f3 una<span style=\"color: #0000ff;\"><strong><a style=\"color: #0000ff;\" href=\"https:\/\/youtu.be\/QZ_Ak1GA_iY\" target=\"_blank\" rel=\"noopener\"> entrevista a \u201cRadio Gi\u00f2\u201d<\/a><\/strong><\/span>,dirigida por los chicos del Oratorio FMA y <strong><span style=\"color: #0000ff;\"><a style=\"color: #0000ff;\" href=\"https:\/\/youtu.be\/6-QYkUR1Veo\" target=\"_blank\" rel=\"noopener\">a la Agencia de Prensa \u201cAM notizie Video\u201d<\/a><\/span><\/strong>.<\/p>\n<p><strong>El 7 de noviembre<\/strong>, en la Casa Inspectorial de Catania, la Madre se reuni\u00f3 con el Consejo inspectorial, con el que discuti\u00f3 algunos aspectos comunes a las Inspector\u00edas italianas, y por la tarde visit\u00f3 a las Hermanas de la Casa de Reposo <em>San Juan Bosco<\/em>, que la acogieron con emoci\u00f3n. Las hermanas de las dos comunidades situadas en contextos perif\u00e9ricos de la ciudad de Catania &#8211; <em>San Juan Pablo II<\/em> y <em>la Beata Mar\u00eda Troncatti &#8211; tambi\u00e9n vinieron <\/em>\u00a0aqu\u00ed para escuchar las palabras de la Madre y vivir un tiempo de convivencia.<\/p>\n<p>Recibida por la Directora, Sor Maria Pisciotta, por los profesores y alumnos de la escuela secundaria de 1\u00ba grado,\u00a0 el <strong>8 de noviembre<\/strong> la Madre lleg\u00f3 a la casa del coraz\u00f3n de Madre Maddalena Morano: Al\u00ec Terme (Messina). Aqu\u00ed tuvo lugar el encuentro con las Directoras sobre el tema \u00ab<em>Sinodalidad y comuni\u00f3n<\/em>\u00ab. Una exhortaci\u00f3n frecuente de la Madre se refer\u00eda al compromiso de cultivar relaciones de calidad, un aspecto al que dedica gran parte el reciente Documento Final del S\u00ednodo.<\/p>\n<p><strong>El 9 de noviembre<\/strong>, las FMA de 1 a 20 a\u00f1os de Profesi\u00f3n, reunidas desde diversas partes de Sicilia, conversaron con Madre Chiara, que present\u00f3 el tema <em>Un sue\u00f1o entre el \u00c9xodo y la esperanza. \u00a0<\/em><\/p>\n<p>Por la tarde,\u00a0 tuvo lugar la <strong>celebraci\u00f3n del encendido por parte de la Madre de la l\u00e1mpara votiva<\/strong> colocada en la capilla que alberga los restos de la Beata Morano, que arder\u00e1 hasta el d\u00eda de su canonizaci\u00f3n. Un gesto simb\u00f3lico de implicaci\u00f3n para dar a conocer y rezar a quien ha contribuido de manera admirable a la difusi\u00f3n del Carisma en Sicilia, como ha se\u00f1alado la Inspectora.<\/p>\n<p>La gratitud de las FMA de la Inspector\u00eda ISI por la visita de la Madre:<\/p>\n<p><em>\u00a1Gracias Madre Chiara por seguir dando de ti misma a nuestra Provincia! Hab\u00e9is vivido intensos encuentros con todas las hermanas ancianas o enfermas, momentos de la vida cotidiana y celebraciones del trig\u00e9simo aniversario de la beatificaci\u00f3n de quien, con las primeras hermanas misioneras en Sicilia, difundi\u00f3 el carisma de Don Bosco y de Madre Mazzarello. Nuestra oraci\u00f3n diaria por ti nunca ha faltado y no faltar\u00e1, \u00a1y estamos seguros de la tuya por nosotras!<\/em><\/p>\n<p><strong>Foto: <span style=\"color: #0000ff;\"><a style=\"color: #0000ff;\" href=\"https:\/\/www.flickr.com\/photos\/137890103@N08\/albums\/72177720321719299\/\" target=\"_blank\" rel=\"noopener\">Flickr FMA<\/a><\/span><\/strong><\/p>\n","protected":false},"excerpt":{"rendered":"<p>Catania (Italia). Del 2 al 10 de noviembre de 2024, Madre Chiara Cazzuola, en Sicilia con motivo del 30\u00ba aniversario de la beatificaci\u00f3n de Madre Maddalena Morano (5 de noviembre), [&hellip;]<\/p>\n","protected":false},"author":21,"featured_media":123347,"comment_status":"open","ping_status":"closed","sticky":false,"template":"","format":"standard","meta":{"footnotes":""},"categories":[158,186],"tags":[371,649,1235,1670,1931,2379],"class_list":["post-123352","post","type-post","status-publish","format-standard","has-post-thumbnail","category-ifma-es","category-presencia-obras","tag-madre-general","tag-maddalena-morano-es","tag-isi-es","tag-carisma-salesiano-es","tag-focus-es","tag-madre-chiara-cazzuola-es"],"yoast_head":"<!-- This site is optimized with the Yoast SEO plugin v27.4 - https:\/\/yoast.com\/product\/yoast-seo-wordpress\/ -->\n<title>Visita de Madre Chiara a la Inspector\u00eda ISI &#8226; Istituto Figlie di Maria Ausiliatrice<\/title>\n<meta name=\"description\" content=\"Del 2 al 10 de noviembre de 2024, Madre Chiara Cazzuola, con motivo del 30\u00ba aniversario de la beatificaci\u00f3n de Madre Maddalena Morano, visit\u00f3 la Inspector\u00eda siciliana ISI.\" \/>\n<meta name=\"robots\" content=\"index, follow, max-snippet:-1, max-image-preview:large, max-video-preview:-1\" \/>\n<link rel=\"canonical\" href=\"https:\/\/www.cgfmanet.org\/es\/ifma-es\/visita-de-madre-chiara-a-la-inspectoria-isi\/\" \/>\n<meta property=\"og:locale\" content=\"es_ES\" \/>\n<meta property=\"og:type\" content=\"article\" \/>\n<meta property=\"og:title\" content=\"Visita de Madre Chiara a la Inspector\u00eda ISI &#8226; Istituto Figlie di Maria Ausiliatrice\" \/>\n<meta property=\"og:description\" content=\"Del 2 al 10 de noviembre de 2024, Madre Chiara Cazzuola, con motivo del 30\u00ba aniversario de la beatificaci\u00f3n de Madre Maddalena Morano, visit\u00f3 la Inspector\u00eda siciliana ISI.\" \/>\n<meta property=\"og:url\" content=\"https:\/\/www.cgfmanet.org\/es\/ifma-es\/visita-de-madre-chiara-a-la-inspectoria-isi\/\" \/>\n<meta property=\"og:site_name\" content=\"Istituto Figlie di Maria Ausiliatrice\" \/>\n<meta property=\"article:publisher\" content=\"https:\/\/www.facebook.com\/salesian.sisters.of.don.bosco\/\" \/>\n<meta property=\"article:published_time\" content=\"2024-11-15T08:15:10+00:00\" \/>\n<meta property=\"article:modified_time\" content=\"2024-11-16T21:07:04+00:00\" \/>\n<meta property=\"og:image\" content=\"https:\/\/www.cgfmanet.org\/wp-content\/uploads\/2024\/11\/Visita-Madre-Ispettoria-ISI.jpg\" \/>\n\t<meta property=\"og:image:width\" content=\"1181\" \/>\n\t<meta property=\"og:image:height\" content=\"787\" \/>\n\t<meta property=\"og:image:type\" content=\"image\/jpeg\" \/>\n<meta name=\"author\" content=\"Redazione\" \/>\n<meta name=\"twitter:card\" content=\"summary_large_image\" \/>\n<meta name=\"twitter:creator\" content=\"@Cgfmanet_Org\" \/>\n<meta name=\"twitter:site\" content=\"@Cgfmanet_Org\" \/>\n<meta name=\"twitter:label1\" content=\"Escrito por\" \/>\n\t<meta name=\"twitter:data1\" content=\"Redazione\" \/>\n\t<meta name=\"twitter:label2\" content=\"Tiempo de lectura\" \/>\n\t<meta name=\"twitter:data2\" content=\"8 minutos\" \/>\n<script type=\"application\/ld+json\" class=\"yoast-schema-graph\">{\"@context\":\"https:\\\/\\\/schema.org\",\"@graph\":[{\"@type\":\"Article\",\"@id\":\"https:\\\/\\\/www.cgfmanet.org\\\/es\\\/ifma-es\\\/visita-de-madre-chiara-a-la-inspectoria-isi\\\/#article\",\"isPartOf\":{\"@id\":\"https:\\\/\\\/www.cgfmanet.org\\\/es\\\/ifma-es\\\/visita-de-madre-chiara-a-la-inspectoria-isi\\\/\"},\"author\":{\"name\":\"Redazione\",\"@id\":\"https:\\\/\\\/www.cgfmanet.org\\\/es\\\/#\\\/schema\\\/person\\\/ce6473083f53ef0ef882cca23f0c8fb9\"},\"headline\":\"Visita de Madre Chiara a la Inspector\u00eda ISI\",\"datePublished\":\"2024-11-15T08:15:10+00:00\",\"dateModified\":\"2024-11-16T21:07:04+00:00\",\"mainEntityOfPage\":{\"@id\":\"https:\\\/\\\/www.cgfmanet.org\\\/es\\\/ifma-es\\\/visita-de-madre-chiara-a-la-inspectoria-isi\\\/\"},\"wordCount\":1533,\"commentCount\":0,\"publisher\":{\"@id\":\"https:\\\/\\\/www.cgfmanet.org\\\/es\\\/#organization\"},\"image\":{\"@id\":\"https:\\\/\\\/www.cgfmanet.org\\\/es\\\/ifma-es\\\/visita-de-madre-chiara-a-la-inspectoria-isi\\\/#primaryimage\"},\"thumbnailUrl\":\"https:\\\/\\\/www.cgfmanet.org\\\/wp-content\\\/uploads\\\/2024\\\/11\\\/Visita-Madre-Ispettoria-ISI.jpg\",\"keywords\":[\"Madre General\",\"Magdalena Morano\",\"ISI\",\"Carisma salesiano\",\"Focus\",\"Madre Chiara Cazzuola\"],\"articleSection\":[\"IFMA\",\"Presencia y Obras\"],\"inLanguage\":\"es\",\"potentialAction\":[{\"@type\":\"CommentAction\",\"name\":\"Comment\",\"target\":[\"https:\\\/\\\/www.cgfmanet.org\\\/es\\\/ifma-es\\\/visita-de-madre-chiara-a-la-inspectoria-isi\\\/#respond\"]}]},{\"@type\":\"WebPage\",\"@id\":\"https:\\\/\\\/www.cgfmanet.org\\\/es\\\/ifma-es\\\/visita-de-madre-chiara-a-la-inspectoria-isi\\\/\",\"url\":\"https:\\\/\\\/www.cgfmanet.org\\\/es\\\/ifma-es\\\/visita-de-madre-chiara-a-la-inspectoria-isi\\\/\",\"name\":\"Visita de Madre Chiara a la Inspector\u00eda ISI &#8226; Istituto Figlie di Maria Ausiliatrice\",\"isPartOf\":{\"@id\":\"https:\\\/\\\/www.cgfmanet.org\\\/es\\\/#website\"},\"primaryImageOfPage\":{\"@id\":\"https:\\\/\\\/www.cgfmanet.org\\\/es\\\/ifma-es\\\/visita-de-madre-chiara-a-la-inspectoria-isi\\\/#primaryimage\"},\"image\":{\"@id\":\"https:\\\/\\\/www.cgfmanet.org\\\/es\\\/ifma-es\\\/visita-de-madre-chiara-a-la-inspectoria-isi\\\/#primaryimage\"},\"thumbnailUrl\":\"https:\\\/\\\/www.cgfmanet.org\\\/wp-content\\\/uploads\\\/2024\\\/11\\\/Visita-Madre-Ispettoria-ISI.jpg\",\"datePublished\":\"2024-11-15T08:15:10+00:00\",\"dateModified\":\"2024-11-16T21:07:04+00:00\",\"description\":\"Del 2 al 10 de noviembre de 2024, Madre Chiara Cazzuola, con motivo del 30\u00ba aniversario de la beatificaci\u00f3n de Madre Maddalena Morano, visit\u00f3 la Inspector\u00eda siciliana ISI.\",\"breadcrumb\":{\"@id\":\"https:\\\/\\\/www.cgfmanet.org\\\/es\\\/ifma-es\\\/visita-de-madre-chiara-a-la-inspectoria-isi\\\/#breadcrumb\"},\"inLanguage\":\"es\",\"potentialAction\":[{\"@type\":\"ReadAction\",\"target\":[\"https:\\\/\\\/www.cgfmanet.org\\\/es\\\/ifma-es\\\/visita-de-madre-chiara-a-la-inspectoria-isi\\\/\"]}]},{\"@type\":\"ImageObject\",\"inLanguage\":\"es\",\"@id\":\"https:\\\/\\\/www.cgfmanet.org\\\/es\\\/ifma-es\\\/visita-de-madre-chiara-a-la-inspectoria-isi\\\/#primaryimage\",\"url\":\"https:\\\/\\\/www.cgfmanet.org\\\/wp-content\\\/uploads\\\/2024\\\/11\\\/Visita-Madre-Ispettoria-ISI.jpg\",\"contentUrl\":\"https:\\\/\\\/www.cgfmanet.org\\\/wp-content\\\/uploads\\\/2024\\\/11\\\/Visita-Madre-Ispettoria-ISI.jpg\",\"width\":1181,\"height\":787},{\"@type\":\"BreadcrumbList\",\"@id\":\"https:\\\/\\\/www.cgfmanet.org\\\/es\\\/ifma-es\\\/visita-de-madre-chiara-a-la-inspectoria-isi\\\/#breadcrumb\",\"itemListElement\":[{\"@type\":\"ListItem\",\"position\":1,\"name\":\"Home\",\"item\":\"https:\\\/\\\/www.cgfmanet.org\\\/es\\\/\"},{\"@type\":\"ListItem\",\"position\":2,\"name\":\"Visita de Madre Chiara a la Inspector\u00eda ISI\"}]},{\"@type\":\"WebSite\",\"@id\":\"https:\\\/\\\/www.cgfmanet.org\\\/es\\\/#website\",\"url\":\"https:\\\/\\\/www.cgfmanet.org\\\/es\\\/\",\"name\":\"Istituto Figlie di Maria Ausiliatrice\",\"description\":\"Salesiane di Don Bosco\",\"publisher\":{\"@id\":\"https:\\\/\\\/www.cgfmanet.org\\\/es\\\/#organization\"},\"potentialAction\":[{\"@type\":\"SearchAction\",\"target\":{\"@type\":\"EntryPoint\",\"urlTemplate\":\"https:\\\/\\\/www.cgfmanet.org\\\/es\\\/?s={search_term_string}\"},\"query-input\":{\"@type\":\"PropertyValueSpecification\",\"valueRequired\":true,\"valueName\":\"search_term_string\"}}],\"inLanguage\":\"es\"},{\"@type\":\"Organization\",\"@id\":\"https:\\\/\\\/www.cgfmanet.org\\\/es\\\/#organization\",\"name\":\"Istituto Figlie di Maria Ausiliatrice\",\"url\":\"https:\\\/\\\/www.cgfmanet.org\\\/es\\\/\",\"logo\":{\"@type\":\"ImageObject\",\"inLanguage\":\"es\",\"@id\":\"https:\\\/\\\/www.cgfmanet.org\\\/es\\\/#\\\/schema\\\/logo\\\/image\\\/\",\"url\":\"https:\\\/\\\/www.cgfmanet.org\\\/wp-content\\\/uploads\\\/2018\\\/10\\\/logo-fma.png\",\"contentUrl\":\"https:\\\/\\\/www.cgfmanet.org\\\/wp-content\\\/uploads\\\/2018\\\/10\\\/logo-fma.png\",\"width\":214,\"height\":55,\"caption\":\"Istituto Figlie di Maria Ausiliatrice\"},\"image\":{\"@id\":\"https:\\\/\\\/www.cgfmanet.org\\\/es\\\/#\\\/schema\\\/logo\\\/image\\\/\"},\"sameAs\":[\"https:\\\/\\\/www.facebook.com\\\/salesian.sisters.of.don.bosco\\\/\",\"https:\\\/\\\/x.com\\\/Cgfmanet_Org\",\"https:\\\/\\\/www.youtube.com\\\/channel\\\/UCmcr8yFQBV7JXeXVxyV9y5Q\"]},{\"@type\":\"Person\",\"@id\":\"https:\\\/\\\/www.cgfmanet.org\\\/es\\\/#\\\/schema\\\/person\\\/ce6473083f53ef0ef882cca23f0c8fb9\",\"name\":\"Redazione\"}]}<\/script>\n<!-- \/ Yoast SEO plugin. -->","yoast_head_json":{"title":"Visita de Madre Chiara a la Inspector\u00eda ISI &#8226; Istituto Figlie di Maria Ausiliatrice","description":"Del 2 al 10 de noviembre de 2024, Madre Chiara Cazzuola, con motivo del 30\u00ba aniversario de la beatificaci\u00f3n de Madre Maddalena Morano, visit\u00f3 la Inspector\u00eda siciliana ISI.","robots":{"index":"index","follow":"follow","max-snippet":"max-snippet:-1","max-image-preview":"max-image-preview:large","max-video-preview":"max-video-preview:-1"},"canonical":"https:\/\/www.cgfmanet.org\/es\/ifma-es\/visita-de-madre-chiara-a-la-inspectoria-isi\/","og_locale":"es_ES","og_type":"article","og_title":"Visita de Madre Chiara a la Inspector\u00eda ISI &#8226; Istituto Figlie di Maria Ausiliatrice","og_description":"Del 2 al 10 de noviembre de 2024, Madre Chiara Cazzuola, con motivo del 30\u00ba aniversario de la beatificaci\u00f3n de Madre Maddalena Morano, visit\u00f3 la Inspector\u00eda siciliana ISI.","og_url":"https:\/\/www.cgfmanet.org\/es\/ifma-es\/visita-de-madre-chiara-a-la-inspectoria-isi\/","og_site_name":"Istituto Figlie di Maria Ausiliatrice","article_publisher":"https:\/\/www.facebook.com\/salesian.sisters.of.don.bosco\/","article_published_time":"2024-11-15T08:15:10+00:00","article_modified_time":"2024-11-16T21:07:04+00:00","og_image":[{"width":1181,"height":787,"url":"https:\/\/www.cgfmanet.org\/wp-content\/uploads\/2024\/11\/Visita-Madre-Ispettoria-ISI.jpg","type":"image\/jpeg"}],"author":"Redazione","twitter_card":"summary_large_image","twitter_creator":"@Cgfmanet_Org","twitter_site":"@Cgfmanet_Org","twitter_misc":{"Escrito por":"Redazione","Tiempo de lectura":"8 minutos"},"schema":{"@context":"https:\/\/schema.org","@graph":[{"@type":"Article","@id":"https:\/\/www.cgfmanet.org\/es\/ifma-es\/visita-de-madre-chiara-a-la-inspectoria-isi\/#article","isPartOf":{"@id":"https:\/\/www.cgfmanet.org\/es\/ifma-es\/visita-de-madre-chiara-a-la-inspectoria-isi\/"},"author":{"name":"Redazione","@id":"https:\/\/www.cgfmanet.org\/es\/#\/schema\/person\/ce6473083f53ef0ef882cca23f0c8fb9"},"headline":"Visita de Madre Chiara a la Inspector\u00eda ISI","datePublished":"2024-11-15T08:15:10+00:00","dateModified":"2024-11-16T21:07:04+00:00","mainEntityOfPage":{"@id":"https:\/\/www.cgfmanet.org\/es\/ifma-es\/visita-de-madre-chiara-a-la-inspectoria-isi\/"},"wordCount":1533,"commentCount":0,"publisher":{"@id":"https:\/\/www.cgfmanet.org\/es\/#organization"},"image":{"@id":"https:\/\/www.cgfmanet.org\/es\/ifma-es\/visita-de-madre-chiara-a-la-inspectoria-isi\/#primaryimage"},"thumbnailUrl":"https:\/\/www.cgfmanet.org\/wp-content\/uploads\/2024\/11\/Visita-Madre-Ispettoria-ISI.jpg","keywords":["Madre General","Magdalena Morano","ISI","Carisma salesiano","Focus","Madre Chiara Cazzuola"],"articleSection":["IFMA","Presencia y Obras"],"inLanguage":"es","potentialAction":[{"@type":"CommentAction","name":"Comment","target":["https:\/\/www.cgfmanet.org\/es\/ifma-es\/visita-de-madre-chiara-a-la-inspectoria-isi\/#respond"]}]},{"@type":"WebPage","@id":"https:\/\/www.cgfmanet.org\/es\/ifma-es\/visita-de-madre-chiara-a-la-inspectoria-isi\/","url":"https:\/\/www.cgfmanet.org\/es\/ifma-es\/visita-de-madre-chiara-a-la-inspectoria-isi\/","name":"Visita de Madre Chiara a la Inspector\u00eda ISI &#8226; Istituto Figlie di Maria Ausiliatrice","isPartOf":{"@id":"https:\/\/www.cgfmanet.org\/es\/#website"},"primaryImageOfPage":{"@id":"https:\/\/www.cgfmanet.org\/es\/ifma-es\/visita-de-madre-chiara-a-la-inspectoria-isi\/#primaryimage"},"image":{"@id":"https:\/\/www.cgfmanet.org\/es\/ifma-es\/visita-de-madre-chiara-a-la-inspectoria-isi\/#primaryimage"},"thumbnailUrl":"https:\/\/www.cgfmanet.org\/wp-content\/uploads\/2024\/11\/Visita-Madre-Ispettoria-ISI.jpg","datePublished":"2024-11-15T08:15:10+00:00","dateModified":"2024-11-16T21:07:04+00:00","description":"Del 2 al 10 de noviembre de 2024, Madre Chiara Cazzuola, con motivo del 30\u00ba aniversario de la beatificaci\u00f3n de Madre Maddalena Morano, visit\u00f3 la Inspector\u00eda siciliana ISI.","breadcrumb":{"@id":"https:\/\/www.cgfmanet.org\/es\/ifma-es\/visita-de-madre-chiara-a-la-inspectoria-isi\/#breadcrumb"},"inLanguage":"es","potentialAction":[{"@type":"ReadAction","target":["https:\/\/www.cgfmanet.org\/es\/ifma-es\/visita-de-madre-chiara-a-la-inspectoria-isi\/"]}]},{"@type":"ImageObject","inLanguage":"es","@id":"https:\/\/www.cgfmanet.org\/es\/ifma-es\/visita-de-madre-chiara-a-la-inspectoria-isi\/#primaryimage","url":"https:\/\/www.cgfmanet.org\/wp-content\/uploads\/2024\/11\/Visita-Madre-Ispettoria-ISI.jpg","contentUrl":"https:\/\/www.cgfmanet.org\/wp-content\/uploads\/2024\/11\/Visita-Madre-Ispettoria-ISI.jpg","width":1181,"height":787},{"@type":"BreadcrumbList","@id":"https:\/\/www.cgfmanet.org\/es\/ifma-es\/visita-de-madre-chiara-a-la-inspectoria-isi\/#breadcrumb","itemListElement":[{"@type":"ListItem","position":1,"name":"Home","item":"https:\/\/www.cgfmanet.org\/es\/"},{"@type":"ListItem","position":2,"name":"Visita de Madre Chiara a la Inspector\u00eda ISI"}]},{"@type":"WebSite","@id":"https:\/\/www.cgfmanet.org\/es\/#website","url":"https:\/\/www.cgfmanet.org\/es\/","name":"Istituto Figlie di Maria Ausiliatrice","description":"Salesiane di Don Bosco","publisher":{"@id":"https:\/\/www.cgfmanet.org\/es\/#organization"},"potentialAction":[{"@type":"SearchAction","target":{"@type":"EntryPoint","urlTemplate":"https:\/\/www.cgfmanet.org\/es\/?s={search_term_string}"},"query-input":{"@type":"PropertyValueSpecification","valueRequired":true,"valueName":"search_term_string"}}],"inLanguage":"es"},{"@type":"Organization","@id":"https:\/\/www.cgfmanet.org\/es\/#organization","name":"Istituto Figlie di Maria Ausiliatrice","url":"https:\/\/www.cgfmanet.org\/es\/","logo":{"@type":"ImageObject","inLanguage":"es","@id":"https:\/\/www.cgfmanet.org\/es\/#\/schema\/logo\/image\/","url":"https:\/\/www.cgfmanet.org\/wp-content\/uploads\/2018\/10\/logo-fma.png","contentUrl":"https:\/\/www.cgfmanet.org\/wp-content\/uploads\/2018\/10\/logo-fma.png","width":214,"height":55,"caption":"Istituto Figlie di Maria Ausiliatrice"},"image":{"@id":"https:\/\/www.cgfmanet.org\/es\/#\/schema\/logo\/image\/"},"sameAs":["https:\/\/www.facebook.com\/salesian.sisters.of.don.bosco\/","https:\/\/x.com\/Cgfmanet_Org","https:\/\/www.youtube.com\/channel\/UCmcr8yFQBV7JXeXVxyV9y5Q"]},{"@type":"Person","@id":"https:\/\/www.cgfmanet.org\/es\/#\/schema\/person\/ce6473083f53ef0ef882cca23f0c8fb9","name":"Redazione"}]}},"_links":{"self":[{"href":"https:\/\/www.cgfmanet.org\/es\/wp-json\/wp\/v2\/posts\/123352","targetHints":{"allow":["GET"]}}],"collection":[{"href":"https:\/\/www.cgfmanet.org\/es\/wp-json\/wp\/v2\/posts"}],"about":[{"href":"https:\/\/www.cgfmanet.org\/es\/wp-json\/wp\/v2\/types\/post"}],"author":[{"embeddable":true,"href":"https:\/\/www.cgfmanet.org\/es\/wp-json\/wp\/v2\/users\/21"}],"replies":[{"embeddable":true,"href":"https:\/\/www.cgfmanet.org\/es\/wp-json\/wp\/v2\/comments?post=123352"}],"version-history":[{"count":3,"href":"https:\/\/www.cgfmanet.org\/es\/wp-json\/wp\/v2\/posts\/123352\/revisions"}],"predecessor-version":[{"id":123490,"href":"https:\/\/www.cgfmanet.org\/es\/wp-json\/wp\/v2\/posts\/123352\/revisions\/123490"}],"wp:featuredmedia":[{"embeddable":true,"href":"https:\/\/www.cgfmanet.org\/es\/wp-json\/wp\/v2\/media\/123347"}],"wp:attachment":[{"href":"https:\/\/www.cgfmanet.org\/es\/wp-json\/wp\/v2\/media?parent=123352"}],"wp:term":[{"taxonomy":"category","embeddable":true,"href":"https:\/\/www.cgfmanet.org\/es\/wp-json\/wp\/v2\/categories?post=123352"},{"taxonomy":"post_tag","embeddable":true,"href":"https:\/\/www.cgfmanet.org\/es\/wp-json\/wp\/v2\/tags?post=123352"}],"curies":[{"name":"wp","href":"https:\/\/api.w.org\/{rel}","templated":true}]}}