{"id":117941,"date":"2024-09-02T14:58:32","date_gmt":"2024-09-02T12:58:32","guid":{"rendered":"https:\/\/www.cgfmanet.org\/infoesfera\/papua-nuova-guinea-in-attesa-di-papa-francesco\/"},"modified":"2024-09-03T22:36:56","modified_gmt":"2024-09-03T20:36:56","slug":"papua-nueva-guinea-espera-al-papa-francisco","status":"publish","type":"post","link":"https:\/\/www.cgfmanet.org\/es\/infoesfera\/papua-nueva-guinea-espera-al-papa-francisco\/","title":{"rendered":"Pap\u00faa Nueva Guinea espera al Papa Francisco"},"content":{"rendered":"<p><strong>Roma (Italia).<\/strong> Del 3 al 13 de septiembre de 2024, el Papa Francisco realizar\u00e1 su 45\u00ba viaje apost\u00f3lico -el m\u00e1s largo de su pontificado- visitar\u00e0 Indonesia, Pap\u00faa Nueva Guinea, Timor Oriental y Singapur.<\/p>\n<p>Una vez m\u00e1s, el Santo Padre ser\u00e1 un mensajero de paz, fraternidad y esperanza en estos pa\u00edses y una expresi\u00f3n de cercan\u00eda, como subray\u00f3 el cardenal secretario de Estado del Vaticano, Pietro Parolin, en la v\u00edspera del viaje:<\/p>\n<p><em>\u00ab<strong>La primera esperanza que el Papa Francisco lleva en su coraz\u00f3n es la del encuentro: encontrarse personalmente con las poblaciones de los pa\u00edses que visitar\u00e1.<\/strong> En otras palabras, se trata de volver a declinar el tema de la cercan\u00eda, de la proximidad que tanto caracteriza el estilo de su pontificado y del que los viajes apost\u00f3licos son una expresi\u00f3n relevante: cercan\u00eda para escuchar, cercan\u00eda para hacerse cargo de las dificultades, los sufrimientos y las expectativas de la gente, cercan\u00eda para llevar a todos la alegr\u00eda, el consuelo y la esperanza del Evangelio. Parafraseando a San Pablo VI, dir\u00eda que cuanto m\u00e1s lejanos -geogr\u00e1ficamente- son los pa\u00edses a los que va, m\u00e1s siente el Santo Padre esta urgencia en su coraz\u00f3n. (Fuente: <span style=\"color: #0000ff;\"><a style=\"color: #0000ff;\" href=\"https:\/\/www.vaticannews.va\/it\/vaticano\/news\/2024-09\/papa-francesco-viaggio-asia-intervista-parolin-vicinanza-pace.html\" target=\"_blank\" rel=\"noopener\">Vatican News<\/a><\/span>).<\/em><\/p>\n<p>Es tambi\u00e9n la esperanza y la alegr\u00eda de estos pueblos, tan alejados de Roma y del Papa, que viven esta visita como una bendici\u00f3n, como ha expresado la se\u00f1ora Mayette Carvajal, profesora de la Escuela de las Hijas de Mar\u00eda Auxiliadora, <em>de la Formaci\u00f3n Profesional Mar\u00eda Auxiliadora y del Centro FODE<\/em> (MHCVETFC) <strong>en East Boroko, distrito de Port Moresby,\u00a0 en Pap\u00faa Nueva Guinea<\/strong>:<\/p>\n<p>\u00ab<strong>Del 6 al 9 de<\/strong> septiembre estar\u00e1 con nosotros el Papa Francisco. Esta es la segunda vez que lo conozco en persona. Pero su visita a Pap\u00faa Nueva Guinea ser\u00e1 m\u00e1s significativa, porque lo ver\u00e9 de cerca y durante tres d\u00edas. Como profesora y miembro del personal del MHCVETFC, <strong>estoy muy contenta de que mis alumnos, que son pobres y est\u00e1n lejos de Roma, tengan la oportunidad de conocer al Papa.\u00a0 <\/strong><\/p>\n<p>El 7 de septiembre estar\u00e9 presente en el Santuario de Mar\u00eda Auxiliadora como profesora de religi\u00f3n; el 8 de septiembre como fiel laica y miembro del coro durante la celebraci\u00f3n eucar\u00edstica en el estadio \u00abSir John Guise\u00bb de Port Moresby y el 9 de septiembre, en el mismo estadio, estar\u00e9 presente en el encuentro con los j\u00f3venes.<\/p>\n<p>Espero con emoci\u00f3n esta gran visita hist\u00f3rica y espiritual del Papa Francisco. No muchos tienen esta oportunidad. Dios bendiga a Pap\u00faa Nueva Guinea durante este evento\u00bb.<\/p>\n<p><strong>\u00abPray\u00bb es el lema de la visita a Pap\u00faa Nueva Guinea<\/strong>, inspirada en la petici\u00f3n de los disc\u00edpulos a Jes\u00fas: \u201cLord, teach us to pray\u201d\u00bb (Lc 11,1) (Maestro, ens\u00e9\u00f1anos a orar), con el que los cristianos pap\u00faes interpretan a todo el pueblo al expresar el deseo de aprender a orar, con la gu\u00eda del Papa.<\/p>\n<p><strong>Las Hijas de Mar\u00eda Auxiliadora presentes en estos pa\u00edses<\/strong> -de la Inspector\u00eda <strong><span style=\"color: #0000ff;\"><em><a style=\"color: #0000ff;\" href=\"https:\/\/www.cgfmanet.org\/es\/infoesfera\/iglesia\/timor-oriental-espera-al-papa-francisco\/\">S. Mar\u00eda D. Mazzarello (TIN)<\/a><\/em><\/span><\/strong> de Timor e Indonesia y <em>Santa Mar\u00eda D. Mazzarello<\/em> (FIL) de Filipinas y Pap\u00faa Nueva Guinea- esperan, por tanto, con alegr\u00eda y oraci\u00f3n la llegada del Santo Padre y participar\u00e1n en algunos de los eventos junto con los laicos de las Comunidades Educativas y los j\u00f3venes.<\/p>\n<p><span style=\"color: #0000ff;\"><a style=\"color: #0000ff;\" href=\"https:\/\/www.vatican.va\/content\/francesco\/it\/travels\/2024\/outside\/documents\/indonesia-papuanuovaguinea-timorest-singapore-2024.html\" target=\"_blank\" rel=\"noopener\"><strong>Programa de la visita<\/strong><\/a><\/span><\/p>\n\r\n                <style type=\"text\/css\">\r\n                    \r\n                    #tdi_1  .td-doubleSlider-2 .td-item1 {\r\n                        background: url(https:\/\/www.cgfmanet.org\/wp-content\/uploads\/2024\/09\/Papa-Francesco_Papua_1-80x60.jpg) 0 0 no-repeat;\r\n                    }\r\n                    #tdi_1  .td-doubleSlider-2 .td-item2 {\r\n                        background: url(https:\/\/www.cgfmanet.org\/wp-content\/uploads\/2024\/09\/Papa-Francesco_Papua_5-80x60.jpg) 0 0 no-repeat;\r\n                    }\r\n                    #tdi_1  .td-doubleSlider-2 .td-item3 {\r\n                        background: url(https:\/\/www.cgfmanet.org\/wp-content\/uploads\/2024\/09\/Papa-Francesco_Papua_2-80x60.jpg) 0 0 no-repeat;\r\n                    }\r\n                    #tdi_1  .td-doubleSlider-2 .td-item4 {\r\n                        background: url(https:\/\/www.cgfmanet.org\/wp-content\/uploads\/2024\/09\/Papa-Francesco_Papua_3-80x60.jpg) 0 0 no-repeat;\r\n                    }\r\n                    #tdi_1  .td-doubleSlider-2 .td-item5 {\r\n                        background: url(https:\/\/www.cgfmanet.org\/wp-content\/uploads\/2024\/09\/Papa-Francesco_Papua_4-80x60.jpg) 0 0 no-repeat;\r\n                    }\r\n                <\/style>\r\n\r\n                <div id=\"tdi_1\" class=\"td-gallery td-slide-on-2-columns\">\r\n                    <div class=\"post_td_gallery\">\r\n                        <div class=\"td-gallery-slide-top\">\r\n                           <div class=\"td-gallery-title\"><\/div>\r\n\r\n                            <div class=\"td-gallery-controls-wrapper\">\r\n                                <div class=\"td-gallery-slide-count\"><span class=\"td-gallery-slide-item-focus\">1<\/span> de 5<\/div>\r\n                                <div class=\"td-gallery-slide-prev-next-but\">\r\n                                    <i class = \"td-icon-left doubleSliderPrevButton\"><\/i>\r\n                                    <i class = \"td-icon-right doubleSliderNextButton\"><\/i>\r\n                                <\/div>\r\n                            <\/div>\r\n                        <\/div>\r\n\r\n                        <div class = \"td-doubleSlider-1 \">\r\n                            <div class = \"td-slider\">\r\n                                \r\n                    <div class = \"td-slide-item td-item1\">\r\n                        <figure class=\"td-slide-galery-figure td-slide-popup-gallery\">\r\n                            <a class=\"slide-gallery-image-link\" href=\"https:\/\/www.cgfmanet.org\/wp-content\/uploads\/2024\/09\/Papa-Francesco_Papua_1.jpg\" title=\"Papa Francesco_Papua_1\"  data-caption=\"\"  data-description=\"\">\r\n                                <img decoding=\"async\" data-src=\"https:\/\/www.cgfmanet.org\/wp-content\/uploads\/2024\/09\/Papa-Francesco_Papua_1-630x420.jpg\" data-srcset=\"https:\/\/www.cgfmanet.org\/wp-content\/uploads\/2024\/09\/Papa-Francesco_Papua_1-630x420.jpg 630w, https:\/\/www.cgfmanet.org\/wp-content\/uploads\/2024\/09\/Papa-Francesco_Papua_1-768x512.jpg 768w, https:\/\/www.cgfmanet.org\/wp-content\/uploads\/2024\/09\/Papa-Francesco_Papua_1-696x464.jpg 696w, https:\/\/www.cgfmanet.org\/wp-content\/uploads\/2024\/09\/Papa-Francesco_Papua_1.jpg 1181w\" data-sizes=\"auto\" alt=\"\" src=\"data:image\/svg+xml;base64,PHN2ZyB3aWR0aD0iMSIgaGVpZ2h0PSIxIiB4bWxucz0iaHR0cDovL3d3dy53My5vcmcvMjAwMC9zdmciPjwvc3ZnPg==\" class=\"lazyload\" style=\"--smush-placeholder-width: 630px; --smush-placeholder-aspect-ratio: 630\/420;\" data-original-sizes=\"(max-width: 630px) 100vw, 630px\">\r\n                            <\/a>\r\n                            \r\n                        <\/figure>\r\n                    <\/div>\r\n                    <div class = \"td-slide-item td-item2\">\r\n                        <figure class=\"td-slide-galery-figure td-slide-popup-gallery\">\r\n                            <a class=\"slide-gallery-image-link\" href=\"https:\/\/www.cgfmanet.org\/wp-content\/uploads\/2024\/09\/Papa-Francesco_Papua_5.jpg\" title=\"Papa Francesco_Papua_5\"  data-caption=\"\"  data-description=\"\">\r\n                                <img decoding=\"async\" data-src=\"https:\/\/www.cgfmanet.org\/wp-content\/uploads\/2024\/09\/Papa-Francesco_Papua_5-579x420.jpg\" data-srcset=\"https:\/\/www.cgfmanet.org\/wp-content\/uploads\/2024\/09\/Papa-Francesco_Papua_5-579x420.jpg 579w, https:\/\/www.cgfmanet.org\/wp-content\/uploads\/2024\/09\/Papa-Francesco_Papua_5-768x557.jpg 768w, https:\/\/www.cgfmanet.org\/wp-content\/uploads\/2024\/09\/Papa-Francesco_Papua_5-696x505.jpg 696w, https:\/\/www.cgfmanet.org\/wp-content\/uploads\/2024\/09\/Papa-Francesco_Papua_5-324x235.jpg 324w, https:\/\/www.cgfmanet.org\/wp-content\/uploads\/2024\/09\/Papa-Francesco_Papua_5.jpg 1080w\" data-sizes=\"auto\" alt=\"\" src=\"data:image\/svg+xml;base64,PHN2ZyB3aWR0aD0iMSIgaGVpZ2h0PSIxIiB4bWxucz0iaHR0cDovL3d3dy53My5vcmcvMjAwMC9zdmciPjwvc3ZnPg==\" class=\"lazyload\" style=\"--smush-placeholder-width: 579px; --smush-placeholder-aspect-ratio: 579\/420;\" data-original-sizes=\"(max-width: 579px) 100vw, 579px\">\r\n                            <\/a>\r\n                            \r\n                        <\/figure>\r\n                    <\/div>\r\n                    <div class = \"td-slide-item td-item3\">\r\n                        <figure class=\"td-slide-galery-figure td-slide-popup-gallery\">\r\n                            <a class=\"slide-gallery-image-link\" href=\"https:\/\/www.cgfmanet.org\/wp-content\/uploads\/2024\/09\/Papa-Francesco_Papua_2.jpg\" title=\"Papa Francesco_Papua_2\"  data-caption=\"\"  data-description=\"\">\r\n                                <img decoding=\"async\" data-src=\"https:\/\/www.cgfmanet.org\/wp-content\/uploads\/2024\/09\/Papa-Francesco_Papua_2-315x420.jpg\" data-srcset=\"https:\/\/www.cgfmanet.org\/wp-content\/uploads\/2024\/09\/Papa-Francesco_Papua_2-315x420.jpg 315w, https:\/\/www.cgfmanet.org\/wp-content\/uploads\/2024\/09\/Papa-Francesco_Papua_2-696x928.jpg 696w, https:\/\/www.cgfmanet.org\/wp-content\/uploads\/2024\/09\/Papa-Francesco_Papua_2.jpg 765w\" data-sizes=\"auto\" alt=\"\" src=\"data:image\/svg+xml;base64,PHN2ZyB3aWR0aD0iMSIgaGVpZ2h0PSIxIiB4bWxucz0iaHR0cDovL3d3dy53My5vcmcvMjAwMC9zdmciPjwvc3ZnPg==\" class=\"lazyload\" style=\"--smush-placeholder-width: 315px; --smush-placeholder-aspect-ratio: 315\/420;\" data-original-sizes=\"(max-width: 315px) 100vw, 315px\">\r\n                            <\/a>\r\n                            \r\n                        <\/figure>\r\n                    <\/div>\r\n                    <div class = \"td-slide-item td-item4\">\r\n                        <figure class=\"td-slide-galery-figure td-slide-popup-gallery\">\r\n                            <a class=\"slide-gallery-image-link\" href=\"https:\/\/www.cgfmanet.org\/wp-content\/uploads\/2024\/09\/Papa-Francesco_Papua_3.jpg\" title=\"Papa Francesco_Papua_3\"  data-caption=\"\"  data-description=\"\">\r\n                                <img decoding=\"async\" data-src=\"https:\/\/www.cgfmanet.org\/wp-content\/uploads\/2024\/09\/Papa-Francesco_Papua_3-512x420.jpg\" data-srcset=\"https:\/\/www.cgfmanet.org\/wp-content\/uploads\/2024\/09\/Papa-Francesco_Papua_3-512x420.jpg 512w, https:\/\/www.cgfmanet.org\/wp-content\/uploads\/2024\/09\/Papa-Francesco_Papua_3-768x630.jpg 768w, https:\/\/www.cgfmanet.org\/wp-content\/uploads\/2024\/09\/Papa-Francesco_Papua_3-696x571.jpg 696w, https:\/\/www.cgfmanet.org\/wp-content\/uploads\/2024\/09\/Papa-Francesco_Papua_3.jpg 959w\" data-sizes=\"auto\" alt=\"\" src=\"data:image\/svg+xml;base64,PHN2ZyB3aWR0aD0iMSIgaGVpZ2h0PSIxIiB4bWxucz0iaHR0cDovL3d3dy53My5vcmcvMjAwMC9zdmciPjwvc3ZnPg==\" class=\"lazyload\" style=\"--smush-placeholder-width: 512px; --smush-placeholder-aspect-ratio: 512\/420;\" data-original-sizes=\"(max-width: 512px) 100vw, 512px\">\r\n                            <\/a>\r\n                            \r\n                        <\/figure>\r\n                    <\/div>\r\n                    <div class = \"td-slide-item td-item5\">\r\n                        <figure class=\"td-slide-galery-figure td-slide-popup-gallery\">\r\n                            <a class=\"slide-gallery-image-link\" href=\"https:\/\/www.cgfmanet.org\/wp-content\/uploads\/2024\/09\/Papa-Francesco_Papua_4.jpg\" title=\"Papa Francesco_Papua_4\"  data-caption=\"\"  data-description=\"\">\r\n                                <img decoding=\"async\" data-src=\"https:\/\/www.cgfmanet.org\/wp-content\/uploads\/2024\/09\/Papa-Francesco_Papua_4-299x420.jpg\" data-srcset=\"https:\/\/www.cgfmanet.org\/wp-content\/uploads\/2024\/09\/Papa-Francesco_Papua_4-299x420.jpg 299w, https:\/\/www.cgfmanet.org\/wp-content\/uploads\/2024\/09\/Papa-Francesco_Papua_4.jpg 683w\" data-sizes=\"auto\" alt=\"\" src=\"data:image\/svg+xml;base64,PHN2ZyB3aWR0aD0iMSIgaGVpZ2h0PSIxIiB4bWxucz0iaHR0cDovL3d3dy53My5vcmcvMjAwMC9zdmciPjwvc3ZnPg==\" class=\"lazyload\" style=\"--smush-placeholder-width: 299px; --smush-placeholder-aspect-ratio: 299\/420;\" data-original-sizes=\"(max-width: 299px) 100vw, 299px\">\r\n                            <\/a>\r\n                            \r\n                        <\/figure>\r\n                    <\/div>\r\n                            <\/div>\r\n                        <\/div>\r\n\r\n                        <div class = \"td-doubleSlider-2\">\r\n                            <div class = \"td-slider\">\r\n                                \r\n                    <div class = \"td-button td-item1\">\r\n                        <div class = \"td-border\"><\/div>\r\n                    <\/div>\r\n                    <div class = \"td-button td-item2\">\r\n                        <div class = \"td-border\"><\/div>\r\n                    <\/div>\r\n                    <div class = \"td-button td-item3\">\r\n                        <div class = \"td-border\"><\/div>\r\n                    <\/div>\r\n                    <div class = \"td-button td-item4\">\r\n                        <div class = \"td-border\"><\/div>\r\n                    <\/div>\r\n                    <div class = \"td-button td-item5\">\r\n                        <div class = \"td-border\"><\/div>\r\n                    <\/div>\r\n                            <\/div>\r\n                        <\/div>\r\n\r\n                    <\/div>\r\n\r\n                <\/div>\r\n                \n","protected":false},"excerpt":{"rendered":"<p>Roma (Italia). Del 3 al 13 de septiembre de 2024, el Papa Francisco realizar\u00e1 su 45\u00ba viaje apost\u00f3lico -el m\u00e1s largo de su pontificado- visitar\u00e0 Indonesia, Pap\u00faa Nueva Guinea, Timor [&hellip;]<\/p>\n","protected":false},"author":21,"featured_media":117916,"comment_status":"open","ping_status":"closed","sticky":false,"template":"","format":"standard","meta":{"footnotes":""},"categories":[39,191],"tags":[410,1145,1492,1931,2148],"class_list":["post-117941","post","type-post","status-publish","format-standard","has-post-thumbnail","category-infoesfera","category-iglesia","tag-papa-francisco","tag-fil-es","tag-tin-es","tag-focus-es","tag-preghiera-es"],"yoast_head":"<!-- This site is optimized with the Yoast SEO plugin v27.4 - https:\/\/yoast.com\/product\/yoast-seo-wordpress\/ -->\n<title>Pap\u00faa Nueva Guinea espera al Papa Francisco &#8226; Istituto Figlie di Maria Ausiliatrice<\/title>\n<meta name=\"description\" content=\"Del 3 al 13 de septiembre de 2024, el Papa Francisco realizar\u00e1 su 45\u00ba viaje apost\u00f3lico, visitar\u00e1 Indonesia, Pap\u00faa Nueva Guinea, Timor Oriental y Singapur.\" \/>\n<meta name=\"robots\" content=\"index, follow, max-snippet:-1, max-image-preview:large, max-video-preview:-1\" \/>\n<link rel=\"canonical\" href=\"https:\/\/www.cgfmanet.org\/es\/infoesfera\/papua-nueva-guinea-espera-al-papa-francisco\/\" \/>\n<meta property=\"og:locale\" content=\"es_ES\" \/>\n<meta property=\"og:type\" content=\"article\" \/>\n<meta property=\"og:title\" content=\"Pap\u00faa Nueva Guinea espera al Papa Francisco &#8226; Istituto Figlie di Maria Ausiliatrice\" \/>\n<meta property=\"og:description\" content=\"Del 3 al 13 de septiembre de 2024, el Papa Francisco realizar\u00e1 su 45\u00ba viaje apost\u00f3lico, visitar\u00e1 Indonesia, Pap\u00faa Nueva Guinea, Timor Oriental y Singapur.\" \/>\n<meta property=\"og:url\" content=\"https:\/\/www.cgfmanet.org\/es\/infoesfera\/papua-nueva-guinea-espera-al-papa-francisco\/\" \/>\n<meta property=\"og:site_name\" content=\"Istituto Figlie di Maria Ausiliatrice\" \/>\n<meta property=\"article:publisher\" content=\"https:\/\/www.facebook.com\/salesian.sisters.of.don.bosco\/\" \/>\n<meta property=\"article:published_time\" content=\"2024-09-02T12:58:32+00:00\" \/>\n<meta property=\"article:modified_time\" content=\"2024-09-03T20:36:56+00:00\" \/>\n<meta property=\"og:image\" content=\"https:\/\/www.cgfmanet.org\/wp-content\/uploads\/2024\/09\/Papa-Francesco_Papua.jpg\" \/>\n\t<meta property=\"og:image:width\" content=\"1181\" \/>\n\t<meta property=\"og:image:height\" content=\"787\" \/>\n\t<meta property=\"og:image:type\" content=\"image\/jpeg\" \/>\n<meta name=\"author\" content=\"Redazione\" \/>\n<meta name=\"twitter:card\" content=\"summary_large_image\" \/>\n<meta name=\"twitter:creator\" content=\"@Cgfmanet_Org\" \/>\n<meta name=\"twitter:site\" content=\"@Cgfmanet_Org\" \/>\n<meta name=\"twitter:label1\" content=\"Escrito por\" \/>\n\t<meta name=\"twitter:data1\" content=\"Redazione\" \/>\n\t<meta name=\"twitter:label2\" content=\"Tiempo de lectura\" \/>\n\t<meta name=\"twitter:data2\" content=\"4 minutos\" \/>\n<script type=\"application\/ld+json\" class=\"yoast-schema-graph\">{\"@context\":\"https:\\\/\\\/schema.org\",\"@graph\":[{\"@type\":\"Article\",\"@id\":\"https:\\\/\\\/www.cgfmanet.org\\\/es\\\/infoesfera\\\/papua-nueva-guinea-espera-al-papa-francisco\\\/#article\",\"isPartOf\":{\"@id\":\"https:\\\/\\\/www.cgfmanet.org\\\/es\\\/infoesfera\\\/papua-nueva-guinea-espera-al-papa-francisco\\\/\"},\"author\":{\"name\":\"Redazione\",\"@id\":\"https:\\\/\\\/www.cgfmanet.org\\\/es\\\/#\\\/schema\\\/person\\\/ce6473083f53ef0ef882cca23f0c8fb9\"},\"headline\":\"Pap\u00faa Nueva Guinea espera al Papa Francisco\",\"datePublished\":\"2024-09-02T12:58:32+00:00\",\"dateModified\":\"2024-09-03T20:36:56+00:00\",\"mainEntityOfPage\":{\"@id\":\"https:\\\/\\\/www.cgfmanet.org\\\/es\\\/infoesfera\\\/papua-nueva-guinea-espera-al-papa-francisco\\\/\"},\"wordCount\":601,\"commentCount\":0,\"publisher\":{\"@id\":\"https:\\\/\\\/www.cgfmanet.org\\\/es\\\/#organization\"},\"image\":{\"@id\":\"https:\\\/\\\/www.cgfmanet.org\\\/es\\\/infoesfera\\\/papua-nueva-guinea-espera-al-papa-francisco\\\/#primaryimage\"},\"thumbnailUrl\":\"https:\\\/\\\/www.cgfmanet.org\\\/wp-content\\\/uploads\\\/2024\\\/09\\\/Papa-Francesco_Papua.jpg\",\"keywords\":[\"Papa Francisco\",\"FIL\",\"TIN\",\"Focus\",\"Preghiera\"],\"articleSection\":[\"Infoesfera\",\"Iglesia\"],\"inLanguage\":\"es\",\"potentialAction\":[{\"@type\":\"CommentAction\",\"name\":\"Comment\",\"target\":[\"https:\\\/\\\/www.cgfmanet.org\\\/es\\\/infoesfera\\\/papua-nueva-guinea-espera-al-papa-francisco\\\/#respond\"]}]},{\"@type\":\"WebPage\",\"@id\":\"https:\\\/\\\/www.cgfmanet.org\\\/es\\\/infoesfera\\\/papua-nueva-guinea-espera-al-papa-francisco\\\/\",\"url\":\"https:\\\/\\\/www.cgfmanet.org\\\/es\\\/infoesfera\\\/papua-nueva-guinea-espera-al-papa-francisco\\\/\",\"name\":\"Pap\u00faa Nueva Guinea espera al Papa Francisco &#8226; Istituto Figlie di Maria Ausiliatrice\",\"isPartOf\":{\"@id\":\"https:\\\/\\\/www.cgfmanet.org\\\/es\\\/#website\"},\"primaryImageOfPage\":{\"@id\":\"https:\\\/\\\/www.cgfmanet.org\\\/es\\\/infoesfera\\\/papua-nueva-guinea-espera-al-papa-francisco\\\/#primaryimage\"},\"image\":{\"@id\":\"https:\\\/\\\/www.cgfmanet.org\\\/es\\\/infoesfera\\\/papua-nueva-guinea-espera-al-papa-francisco\\\/#primaryimage\"},\"thumbnailUrl\":\"https:\\\/\\\/www.cgfmanet.org\\\/wp-content\\\/uploads\\\/2024\\\/09\\\/Papa-Francesco_Papua.jpg\",\"datePublished\":\"2024-09-02T12:58:32+00:00\",\"dateModified\":\"2024-09-03T20:36:56+00:00\",\"description\":\"Del 3 al 13 de septiembre de 2024, el Papa Francisco realizar\u00e1 su 45\u00ba viaje apost\u00f3lico, visitar\u00e1 Indonesia, Pap\u00faa Nueva Guinea, Timor Oriental y Singapur.\",\"breadcrumb\":{\"@id\":\"https:\\\/\\\/www.cgfmanet.org\\\/es\\\/infoesfera\\\/papua-nueva-guinea-espera-al-papa-francisco\\\/#breadcrumb\"},\"inLanguage\":\"es\",\"potentialAction\":[{\"@type\":\"ReadAction\",\"target\":[\"https:\\\/\\\/www.cgfmanet.org\\\/es\\\/infoesfera\\\/papua-nueva-guinea-espera-al-papa-francisco\\\/\"]}]},{\"@type\":\"ImageObject\",\"inLanguage\":\"es\",\"@id\":\"https:\\\/\\\/www.cgfmanet.org\\\/es\\\/infoesfera\\\/papua-nueva-guinea-espera-al-papa-francisco\\\/#primaryimage\",\"url\":\"https:\\\/\\\/www.cgfmanet.org\\\/wp-content\\\/uploads\\\/2024\\\/09\\\/Papa-Francesco_Papua.jpg\",\"contentUrl\":\"https:\\\/\\\/www.cgfmanet.org\\\/wp-content\\\/uploads\\\/2024\\\/09\\\/Papa-Francesco_Papua.jpg\",\"width\":1181,\"height\":787},{\"@type\":\"BreadcrumbList\",\"@id\":\"https:\\\/\\\/www.cgfmanet.org\\\/es\\\/infoesfera\\\/papua-nueva-guinea-espera-al-papa-francisco\\\/#breadcrumb\",\"itemListElement\":[{\"@type\":\"ListItem\",\"position\":1,\"name\":\"Home\",\"item\":\"https:\\\/\\\/www.cgfmanet.org\\\/es\\\/\"},{\"@type\":\"ListItem\",\"position\":2,\"name\":\"Pap\u00faa Nueva Guinea espera al Papa Francisco\"}]},{\"@type\":\"WebSite\",\"@id\":\"https:\\\/\\\/www.cgfmanet.org\\\/es\\\/#website\",\"url\":\"https:\\\/\\\/www.cgfmanet.org\\\/es\\\/\",\"name\":\"Istituto Figlie di Maria Ausiliatrice\",\"description\":\"Salesiane di Don Bosco\",\"publisher\":{\"@id\":\"https:\\\/\\\/www.cgfmanet.org\\\/es\\\/#organization\"},\"potentialAction\":[{\"@type\":\"SearchAction\",\"target\":{\"@type\":\"EntryPoint\",\"urlTemplate\":\"https:\\\/\\\/www.cgfmanet.org\\\/es\\\/?s={search_term_string}\"},\"query-input\":{\"@type\":\"PropertyValueSpecification\",\"valueRequired\":true,\"valueName\":\"search_term_string\"}}],\"inLanguage\":\"es\"},{\"@type\":\"Organization\",\"@id\":\"https:\\\/\\\/www.cgfmanet.org\\\/es\\\/#organization\",\"name\":\"Istituto Figlie di Maria Ausiliatrice\",\"url\":\"https:\\\/\\\/www.cgfmanet.org\\\/es\\\/\",\"logo\":{\"@type\":\"ImageObject\",\"inLanguage\":\"es\",\"@id\":\"https:\\\/\\\/www.cgfmanet.org\\\/es\\\/#\\\/schema\\\/logo\\\/image\\\/\",\"url\":\"https:\\\/\\\/www.cgfmanet.org\\\/wp-content\\\/uploads\\\/2018\\\/10\\\/logo-fma.png\",\"contentUrl\":\"https:\\\/\\\/www.cgfmanet.org\\\/wp-content\\\/uploads\\\/2018\\\/10\\\/logo-fma.png\",\"width\":214,\"height\":55,\"caption\":\"Istituto Figlie di Maria Ausiliatrice\"},\"image\":{\"@id\":\"https:\\\/\\\/www.cgfmanet.org\\\/es\\\/#\\\/schema\\\/logo\\\/image\\\/\"},\"sameAs\":[\"https:\\\/\\\/www.facebook.com\\\/salesian.sisters.of.don.bosco\\\/\",\"https:\\\/\\\/x.com\\\/Cgfmanet_Org\",\"https:\\\/\\\/www.youtube.com\\\/channel\\\/UCmcr8yFQBV7JXeXVxyV9y5Q\"]},{\"@type\":\"Person\",\"@id\":\"https:\\\/\\\/www.cgfmanet.org\\\/es\\\/#\\\/schema\\\/person\\\/ce6473083f53ef0ef882cca23f0c8fb9\",\"name\":\"Redazione\"}]}<\/script>\n<!-- \/ Yoast SEO plugin. -->","yoast_head_json":{"title":"Pap\u00faa Nueva Guinea espera al Papa Francisco &#8226; Istituto Figlie di Maria Ausiliatrice","description":"Del 3 al 13 de septiembre de 2024, el Papa Francisco realizar\u00e1 su 45\u00ba viaje apost\u00f3lico, visitar\u00e1 Indonesia, Pap\u00faa Nueva Guinea, Timor Oriental y Singapur.","robots":{"index":"index","follow":"follow","max-snippet":"max-snippet:-1","max-image-preview":"max-image-preview:large","max-video-preview":"max-video-preview:-1"},"canonical":"https:\/\/www.cgfmanet.org\/es\/infoesfera\/papua-nueva-guinea-espera-al-papa-francisco\/","og_locale":"es_ES","og_type":"article","og_title":"Pap\u00faa Nueva Guinea espera al Papa Francisco &#8226; Istituto Figlie di Maria Ausiliatrice","og_description":"Del 3 al 13 de septiembre de 2024, el Papa Francisco realizar\u00e1 su 45\u00ba viaje apost\u00f3lico, visitar\u00e1 Indonesia, Pap\u00faa Nueva Guinea, Timor Oriental y Singapur.","og_url":"https:\/\/www.cgfmanet.org\/es\/infoesfera\/papua-nueva-guinea-espera-al-papa-francisco\/","og_site_name":"Istituto Figlie di Maria Ausiliatrice","article_publisher":"https:\/\/www.facebook.com\/salesian.sisters.of.don.bosco\/","article_published_time":"2024-09-02T12:58:32+00:00","article_modified_time":"2024-09-03T20:36:56+00:00","og_image":[{"width":1181,"height":787,"url":"https:\/\/www.cgfmanet.org\/wp-content\/uploads\/2024\/09\/Papa-Francesco_Papua.jpg","type":"image\/jpeg"}],"author":"Redazione","twitter_card":"summary_large_image","twitter_creator":"@Cgfmanet_Org","twitter_site":"@Cgfmanet_Org","twitter_misc":{"Escrito por":"Redazione","Tiempo de lectura":"4 minutos"},"schema":{"@context":"https:\/\/schema.org","@graph":[{"@type":"Article","@id":"https:\/\/www.cgfmanet.org\/es\/infoesfera\/papua-nueva-guinea-espera-al-papa-francisco\/#article","isPartOf":{"@id":"https:\/\/www.cgfmanet.org\/es\/infoesfera\/papua-nueva-guinea-espera-al-papa-francisco\/"},"author":{"name":"Redazione","@id":"https:\/\/www.cgfmanet.org\/es\/#\/schema\/person\/ce6473083f53ef0ef882cca23f0c8fb9"},"headline":"Pap\u00faa Nueva Guinea espera al Papa Francisco","datePublished":"2024-09-02T12:58:32+00:00","dateModified":"2024-09-03T20:36:56+00:00","mainEntityOfPage":{"@id":"https:\/\/www.cgfmanet.org\/es\/infoesfera\/papua-nueva-guinea-espera-al-papa-francisco\/"},"wordCount":601,"commentCount":0,"publisher":{"@id":"https:\/\/www.cgfmanet.org\/es\/#organization"},"image":{"@id":"https:\/\/www.cgfmanet.org\/es\/infoesfera\/papua-nueva-guinea-espera-al-papa-francisco\/#primaryimage"},"thumbnailUrl":"https:\/\/www.cgfmanet.org\/wp-content\/uploads\/2024\/09\/Papa-Francesco_Papua.jpg","keywords":["Papa Francisco","FIL","TIN","Focus","Preghiera"],"articleSection":["Infoesfera","Iglesia"],"inLanguage":"es","potentialAction":[{"@type":"CommentAction","name":"Comment","target":["https:\/\/www.cgfmanet.org\/es\/infoesfera\/papua-nueva-guinea-espera-al-papa-francisco\/#respond"]}]},{"@type":"WebPage","@id":"https:\/\/www.cgfmanet.org\/es\/infoesfera\/papua-nueva-guinea-espera-al-papa-francisco\/","url":"https:\/\/www.cgfmanet.org\/es\/infoesfera\/papua-nueva-guinea-espera-al-papa-francisco\/","name":"Pap\u00faa Nueva Guinea espera al Papa Francisco &#8226; Istituto Figlie di Maria Ausiliatrice","isPartOf":{"@id":"https:\/\/www.cgfmanet.org\/es\/#website"},"primaryImageOfPage":{"@id":"https:\/\/www.cgfmanet.org\/es\/infoesfera\/papua-nueva-guinea-espera-al-papa-francisco\/#primaryimage"},"image":{"@id":"https:\/\/www.cgfmanet.org\/es\/infoesfera\/papua-nueva-guinea-espera-al-papa-francisco\/#primaryimage"},"thumbnailUrl":"https:\/\/www.cgfmanet.org\/wp-content\/uploads\/2024\/09\/Papa-Francesco_Papua.jpg","datePublished":"2024-09-02T12:58:32+00:00","dateModified":"2024-09-03T20:36:56+00:00","description":"Del 3 al 13 de septiembre de 2024, el Papa Francisco realizar\u00e1 su 45\u00ba viaje apost\u00f3lico, visitar\u00e1 Indonesia, Pap\u00faa Nueva Guinea, Timor Oriental y Singapur.","breadcrumb":{"@id":"https:\/\/www.cgfmanet.org\/es\/infoesfera\/papua-nueva-guinea-espera-al-papa-francisco\/#breadcrumb"},"inLanguage":"es","potentialAction":[{"@type":"ReadAction","target":["https:\/\/www.cgfmanet.org\/es\/infoesfera\/papua-nueva-guinea-espera-al-papa-francisco\/"]}]},{"@type":"ImageObject","inLanguage":"es","@id":"https:\/\/www.cgfmanet.org\/es\/infoesfera\/papua-nueva-guinea-espera-al-papa-francisco\/#primaryimage","url":"https:\/\/www.cgfmanet.org\/wp-content\/uploads\/2024\/09\/Papa-Francesco_Papua.jpg","contentUrl":"https:\/\/www.cgfmanet.org\/wp-content\/uploads\/2024\/09\/Papa-Francesco_Papua.jpg","width":1181,"height":787},{"@type":"BreadcrumbList","@id":"https:\/\/www.cgfmanet.org\/es\/infoesfera\/papua-nueva-guinea-espera-al-papa-francisco\/#breadcrumb","itemListElement":[{"@type":"ListItem","position":1,"name":"Home","item":"https:\/\/www.cgfmanet.org\/es\/"},{"@type":"ListItem","position":2,"name":"Pap\u00faa Nueva Guinea espera al Papa Francisco"}]},{"@type":"WebSite","@id":"https:\/\/www.cgfmanet.org\/es\/#website","url":"https:\/\/www.cgfmanet.org\/es\/","name":"Istituto Figlie di Maria Ausiliatrice","description":"Salesiane di Don Bosco","publisher":{"@id":"https:\/\/www.cgfmanet.org\/es\/#organization"},"potentialAction":[{"@type":"SearchAction","target":{"@type":"EntryPoint","urlTemplate":"https:\/\/www.cgfmanet.org\/es\/?s={search_term_string}"},"query-input":{"@type":"PropertyValueSpecification","valueRequired":true,"valueName":"search_term_string"}}],"inLanguage":"es"},{"@type":"Organization","@id":"https:\/\/www.cgfmanet.org\/es\/#organization","name":"Istituto Figlie di Maria Ausiliatrice","url":"https:\/\/www.cgfmanet.org\/es\/","logo":{"@type":"ImageObject","inLanguage":"es","@id":"https:\/\/www.cgfmanet.org\/es\/#\/schema\/logo\/image\/","url":"https:\/\/www.cgfmanet.org\/wp-content\/uploads\/2018\/10\/logo-fma.png","contentUrl":"https:\/\/www.cgfmanet.org\/wp-content\/uploads\/2018\/10\/logo-fma.png","width":214,"height":55,"caption":"Istituto Figlie di Maria Ausiliatrice"},"image":{"@id":"https:\/\/www.cgfmanet.org\/es\/#\/schema\/logo\/image\/"},"sameAs":["https:\/\/www.facebook.com\/salesian.sisters.of.don.bosco\/","https:\/\/x.com\/Cgfmanet_Org","https:\/\/www.youtube.com\/channel\/UCmcr8yFQBV7JXeXVxyV9y5Q"]},{"@type":"Person","@id":"https:\/\/www.cgfmanet.org\/es\/#\/schema\/person\/ce6473083f53ef0ef882cca23f0c8fb9","name":"Redazione"}]}},"_links":{"self":[{"href":"https:\/\/www.cgfmanet.org\/es\/wp-json\/wp\/v2\/posts\/117941","targetHints":{"allow":["GET"]}}],"collection":[{"href":"https:\/\/www.cgfmanet.org\/es\/wp-json\/wp\/v2\/posts"}],"about":[{"href":"https:\/\/www.cgfmanet.org\/es\/wp-json\/wp\/v2\/types\/post"}],"author":[{"embeddable":true,"href":"https:\/\/www.cgfmanet.org\/es\/wp-json\/wp\/v2\/users\/21"}],"replies":[{"embeddable":true,"href":"https:\/\/www.cgfmanet.org\/es\/wp-json\/wp\/v2\/comments?post=117941"}],"version-history":[{"count":1,"href":"https:\/\/www.cgfmanet.org\/es\/wp-json\/wp\/v2\/posts\/117941\/revisions"}],"predecessor-version":[{"id":118017,"href":"https:\/\/www.cgfmanet.org\/es\/wp-json\/wp\/v2\/posts\/117941\/revisions\/118017"}],"wp:featuredmedia":[{"embeddable":true,"href":"https:\/\/www.cgfmanet.org\/es\/wp-json\/wp\/v2\/media\/117916"}],"wp:attachment":[{"href":"https:\/\/www.cgfmanet.org\/es\/wp-json\/wp\/v2\/media?parent=117941"}],"wp:term":[{"taxonomy":"category","embeddable":true,"href":"https:\/\/www.cgfmanet.org\/es\/wp-json\/wp\/v2\/categories?post=117941"},{"taxonomy":"post_tag","embeddable":true,"href":"https:\/\/www.cgfmanet.org\/es\/wp-json\/wp\/v2\/tags?post=117941"}],"curies":[{"name":"wp","href":"https:\/\/api.w.org\/{rel}","templated":true}]}}