{"id":117274,"date":"2024-08-24T14:34:09","date_gmt":"2024-08-24T12:34:09","guid":{"rendered":"https:\/\/www.cgfmanet.org\/infoesfera\/sys-2024-esperienza-di-paradiso-salesiano\/"},"modified":"2024-08-27T10:56:15","modified_gmt":"2024-08-27T08:56:15","slug":"sys-2024-experiencia-del-paraiso-salesiano","status":"publish","type":"post","link":"https:\/\/www.cgfmanet.org\/es\/ifma-es\/sys-2024-experiencia-del-paraiso-salesiano\/","title":{"rendered":"SYS 2024: Experiencia del Para\u00edso Salesiano"},"content":{"rendered":"<p><strong>Tur\u00edn (Italia).<\/strong>Del 11 al 16 de agosto de 2024, con motivo del Bicentenario del sue\u00f1o de los nueve a\u00f1os de Don Bosco, 376 participantes, entre ellos 292 j\u00f3venes delegados de todo el mundo, as\u00ed como Hijas de Mar\u00eda Auxiliadora y Salesianos de Don Bosco, se reunieron<strong>en Tur\u00edn-Valdocco y Colle Don Bosco (Asti) para celebrar juntos el <\/strong><strong><a href=\"https:\/\/www.cgfmanet.org\/es\/ifma-es\/sinodo-juvenil-salesiano-sys\/\" target=\"_blank\" rel=\"noopener\"><span style=\"color: #0000ff;\">S\u00ednodo Juvenil Salesiano (SYS)<\/span><\/a>,<\/strong>experiencia de oraci\u00f3n, vida com\u00fan y reflexi\u00f3n sobre la Espiritualidad Juvenil Salesiana, promovida por el \u00c1mbito para la Pastoral Juvenil.<\/p>\n<p>Del 9 al 11 de agosto, los participantes en el S\u00ednodo fueron recibidos en Valdocco, con la posibilidad de realizar visitas guiadas a los lugares de Don Bosco. El 11 de agosto, despu\u00e9s de la <strong><span style=\"color: #0000ff;\"><a style=\"color: #0000ff;\" href=\"https:\/\/www.youtube.com\/watch?v=SH7P5KiBxYo\" target=\"_blank\" rel=\"noopener\">Ceremonia de Apertura<\/a><\/span><\/strong> e la <a href=\"https:\/\/www.youtube.com\/watch?v=PtlM-971NM8\" target=\"_blank\" rel=\"noopener\"><strong><span style=\"color: #0000ff;\">Celebraci\u00f3n Eucar\u00edstica<\/span><\/strong><\/a> presidida por el Rector Mayor, Cardenal \u00c1ngel Fern\u00e1ndez Artime, en la Bas\u00edlica de Mar\u00eda Auxiliadora, el grupo se traslad\u00f3 al Colle Don Bosco para la segunda parte de la experiencia sinodal.<\/p>\n<p>All\u00ed, en los lugares que han dado a luz al Santo de los j\u00f3venes, la experiencia formativa sobre el Sue\u00f1o de los nueve a\u00f1os ha continuado a trav\u00e9s de momentos bien cuidados con la participaci\u00f3n de los j\u00f3venes, junto con FMA y SDB de diferentes culturas y partes del mundo. Tambi\u00e9n fue significativa la posibilidad que el sacramento de la Reconciliaci\u00f3n se ofreciera en diferentes idiomas.<\/p>\n<p>El programa de las jornadas, marcadas por momentos para el Rosario, la adoraci\u00f3n, la celebraci\u00f3n eucar\u00edstica, la celebraci\u00f3n de la Palabra de Dios, las buenas noches, la recreaci\u00f3n, incluy\u00f3 momentos de lectura personal del<em> instrumentum laboris<\/em> y de trabajo en \u00abpeque\u00f1os grupos\u00bb, junto con el compartir en la asamblea plenaria para los j\u00f3venes y tambi\u00e9n para las FMA y SDB presentes en el S\u00ednodo.<\/p>\n<p>Para facilitar el desarrollo del trabajo de los j\u00f3venes sobre el<em> instrumentum laboris<\/em>, el Secretario General, un joven del <em>grupo central<\/em>, en la primera asamblea del 13 de agosto ilustr\u00f3 los procedimientos a adoptar durante las sesiones, es decir, la discusi\u00f3n sobre las tres partes del documento de trabajo, y luego traz\u00f3 las l\u00edneas generales del documento final en la conclusi\u00f3n del S\u00ednodo. En esta ocasi\u00f3n, tambi\u00e9n se presentaron las bases de la asamblea plenaria, as\u00ed como los procedimientos para votar y aprobar el documento final.<\/p>\n<p>Dada la internacionalidad de la asamblea sinodal, el trabajo sobre el<em> instrumentum laboris<\/em> se llev\u00f3 a cabo por grupos ling\u00fc\u00edsticos; sin embargo, el idioma de los ponentes en la plenaria fue el ingl\u00e9s, por lo que todas las sesiones contaron con servicios de traducci\u00f3n a los 5 idiomas oficiales: franc\u00e9s, espa\u00f1ol, portugu\u00e9s e italiano.<\/p>\n<p>La experiencia formativa fue muy apreciada por los j\u00f3venes, como lo expres\u00f3 un joven de la India: <em>\u00abParticipar en el S\u00ednodo de la Juventud Salesiana fue una experiencia profundamente conmovedora. Me brind\u00f3 una oportunidad \u00fanica para conectarme con personas de ideas afines, profundizar mi fe y obtener nuevas perspectivas sobre la misi\u00f3n salesiana. El sentido de unidad y prop\u00f3sito compartido entre los participantes fue realmente inspirador y fortaleci\u00f3 mi compromiso de servir a los j\u00f3venes de mi comunidad. El S\u00ednodo tambi\u00e9n me sirvi\u00f3 como un recordatorio de la importancia de mantener una base espiritual s\u00f3lida en todos los aspectos de la vida. Las ense\u00f1anzas y reflexiones compartidas durante el evento han dejado un impacto duradero, motiv\u00e1ndome a seguir creciendo en la fe y el servicio\u00bb.<\/em> (Dominic Basumatary \u2013 ING, Inspector\u00eda de Guwahati)<\/p>\n<p><strong>El 13 de agosto, los participantes vivieron un fuerte momento carism\u00e1tico con la bendici\u00f3n del Prado de los Sue\u00f1os<\/strong> por parte del Cardenal \u00c1ngel Fern\u00e1ndez Artime, en presencia del Alcalde de Castelnuovo Don Bosco, Sandro Pertini:<\/p>\n<p><em>\u00abA su debido tiempo lo entender\u00e9is todo\u00bb&#8230; Uno de los momentos en los que participamos como comunidad sinodal fue la inauguraci\u00f3n del Prado de los sue\u00f1os, muy significativo por la presencia de representantes de las realidades salesianas de todo el mundo, un signo concreto de que el Carisma y el Plan de Dios para Juan Bosco indicaban que la visi\u00f3n\/intervenci\u00f3n sobrenatural se ha convertido en una realidad para muchos j\u00f3venes de diferentes culturas\u00bb.<\/em> (Sor Luigina Silvestrini \u2013 FMA de Italia<em>)<\/em><\/p>\n<p>La presencia del Rector Mayor, al final de su mandato, fue para los j\u00f3venes participantes y las personas consagradas un hermoso testimonio de una vida salesiana, de \u00abDon Bosco hoy\u00bb en medio de ellos: <em>\u00ab\u00a1Ha sido una verdadera bendici\u00f3n participar en el S\u00ednodo y encontrarme con tantos j\u00f3venes hermosos, FMA y SDB de todo el mundo! <\/em><strong><em>\u00a1Era como estar en el para\u00edso salesiano durante una semana! <\/em><\/strong><em>Ver al Rector Mayor en el patio jugando al voleibol todos los d\u00edas y hablando con los j\u00f3venes fue muy edificante. Fue un gran recordatorio de que no importa cu\u00e1ntas responsabilidades y trabajos tengamos, siempre hay tiempo para estar con los j\u00f3venes. El S\u00ednodo ha sido una experiencia inolvidable que ha dejado mi coraz\u00f3n lleno de alegr\u00eda y gratitud por formar parte de la Congregaci\u00f3n Salesiana\u00bb. <\/em>(Sor Sydney \u2013 Estados Unidos)<\/p>\n<p>El testimonio de otra FMA presente en el S\u00ednodo<em>: \u00abFue un momento enriquecedor y hermoso estar con la Familia Salesiana y trabajar juntos por los j\u00f3venes. Al escuchar sus sue\u00f1os, necesidades y experiencias de vida, y compartir nuestros sue\u00f1os, hemos llegado a conocernos. Tambi\u00e9n fue agradable trabajar junto con SDB y FMA, a pesar de que ten\u00edamos idiomas diferentes. Los momentos de oraci\u00f3n y los discursos motivacionales sobre Don Bosco tambi\u00e9n estuvieron muy bien preparados. <\/em><strong><em>Estar junto a los j\u00f3venes me ayud\u00f3 a ver que estamos vivos y que el Sue\u00f1o de Don Bosco tambi\u00e9n est\u00e1 vivo<\/em><\/strong><em>\u00ab. <\/em>(Sor Jue FMA &#8211; Camboya)<\/p>\n<p>Aunque el <em>\u00a0<\/em>S\u00ednodo se centr\u00f3 en la reflexi\u00f3n y el di\u00e1logo con los j\u00f3venes, las Hijas de Mar\u00eda Auxiliadora y los salesianos presentes en el S\u00ednodo tuvieron la tarea de redactar el Dec\u00e1logo. Este trabajo nace de la pregunta planteada a los equipos de Pastoral Juvenil FMA y SDB de todas las Inspector\u00edas del mundo: <em><strong>\u00bfQu\u00e9 podemos hacer de manera eficaz y concreta para ayudar a los j\u00f3venes a realizar sus sue\u00f1os?<\/strong><\/em> El Dec\u00e1logo quiere ser un testimonio de unidad, comuni\u00f3n y camino compartido juntos en el compromiso sinodal. A continuaci\u00f3n, se publicar\u00e1 oficialmente el Dec\u00e1logo con el documento postsinodal de los j\u00f3venes que ser\u00e1 traducido a los cinco idiomas oficiales del S\u00ednodo.<\/p>\n<p>El evento sinodal culmin\u00f3 con la celebraci\u00f3n del \u00abCumplea\u00f1os de Don Bosco\u00bb, con la <strong><span style=\"color: #0000ff;\"><a style=\"color: #0000ff;\" href=\"https:\/\/www.youtube.com\/watch?v=l8R_L5A77BQ\" target=\"_blank\" rel=\"noopener\">Fiesta<\/a> <\/span><\/strong>\u2013 pura explosi\u00f3n de alegr\u00eda salesiana- en la tarde del 15 de agosto, en la v\u00edspera, y con la Eucarist\u00eda de conclusi\u00f3n presidida por el cardenal \u00c1ngel Fern\u00e1ndez Artime: <em>\u00abEn todo el mundo se celebra hoy esta fiesta en Don Bosco, un motivo para dar gracias al Se\u00f1or porque desde aquel 1879,\u00a0 donde unos muchachos le dec\u00edan a Don Bosco &#8216;s\u00ed, queremos hacer el camino contigo&#8217;, hasta hoy es una realidad sostenida por Dios y el Esp\u00edritu solo nos pide fidelidad. Fidelidad al Se\u00f1or Jes\u00fas y fidelidad a este hermoso carisma\u00bb.<\/em><\/p>\n<p>Al final de la <a href=\"https:\/\/www.youtube.com\/watch?v=SrqeJJ2rM7E\" target=\"_blank\" rel=\"noopener\"><strong><span style=\"color: #0000ff;\">Celebraci\u00f3n Eucar\u00edstica<\/span><\/strong><\/a>, en un momento solemne y conmovedor, don \u00c1ngel firm\u00f3 su renuncia, poniendo fin a su servicio como Rector Mayor de la Congregaci\u00f3n y de la Familia Salesiana.<\/p>\n<p><strong>Foto: <span style=\"color: #0000ff;\"><a style=\"color: #0000ff;\" href=\"https:\/\/www.flickr.com\/photos\/137890103@N08\/albums\/72177720319672319\/\" target=\"_blank\" rel=\"noopener\">Flickr FMA<\/a><\/span><\/strong><\/p>\n<p><strong><span style=\"color: #0000ff;\"><a style=\"color: #0000ff;\" href=\"https:\/\/sites.google.com\/sdb.org\/sys2024ita\/documenti?authuser=0\" target=\"_blank\" rel=\"noopener\">Material<\/a><\/span><\/strong><\/p>\n","protected":false},"excerpt":{"rendered":"<p>Tur\u00edn (Italia).Del 11 al 16 de agosto de 2024, con motivo del Bicentenario del sue\u00f1o de los nueve a\u00f1os de Don Bosco, 376 participantes, entre ellos 292 j\u00f3venes delegados de [&hellip;]<\/p>\n","protected":false},"author":21,"featured_media":117269,"comment_status":"open","ping_status":"closed","sticky":false,"template":"","format":"standard","meta":{"footnotes":""},"categories":[167,158],"tags":[339,1287,1538,1669,1802,1931],"class_list":["post-117274","post","type-post","status-publish","format-standard","has-post-thumbnail","category-carisma-salesiano-es","category-ifma-es","tag-jovenes","tag-movimiento-juvenil-salesiano","tag-pastoral-juvenil","tag-spiritualita-salesiana-es","tag-rector-mayor","tag-focus-es"],"yoast_head":"<!-- This site is optimized with the Yoast SEO plugin v27.4 - https:\/\/yoast.com\/product\/yoast-seo-wordpress\/ -->\n<title>SYS 2024: Experiencia del Para\u00edso Salesiano &#8226; Istituto Figlie di Maria Ausiliatrice<\/title>\n<meta name=\"description\" content=\"Del 11 al 16 de agosto de 2024, en el Bicentenario del sue\u00f1o de los 9 a\u00f1os de Don Bosco, 376 participantes, entre j\u00f3venes, FMA y SDB se reunieron en el Colle Don Bosco para celebrar el S\u00ednodo Salesiano de los J\u00f3venes (SYS).\" \/>\n<meta name=\"robots\" content=\"index, follow, max-snippet:-1, max-image-preview:large, max-video-preview:-1\" \/>\n<link rel=\"canonical\" href=\"https:\/\/www.cgfmanet.org\/es\/ifma-es\/sys-2024-experiencia-del-paraiso-salesiano\/\" \/>\n<meta property=\"og:locale\" content=\"es_ES\" \/>\n<meta property=\"og:type\" content=\"article\" \/>\n<meta property=\"og:title\" content=\"SYS 2024: Experiencia del Para\u00edso Salesiano &#8226; Istituto Figlie di Maria Ausiliatrice\" \/>\n<meta property=\"og:description\" content=\"Del 11 al 16 de agosto de 2024, en el Bicentenario del sue\u00f1o de los 9 a\u00f1os de Don Bosco, 376 participantes, entre j\u00f3venes, FMA y SDB se reunieron en el Colle Don Bosco para celebrar el S\u00ednodo Salesiano de los J\u00f3venes (SYS).\" \/>\n<meta property=\"og:url\" content=\"https:\/\/www.cgfmanet.org\/es\/ifma-es\/sys-2024-experiencia-del-paraiso-salesiano\/\" \/>\n<meta property=\"og:site_name\" content=\"Istituto Figlie di Maria Ausiliatrice\" \/>\n<meta property=\"article:publisher\" content=\"https:\/\/www.facebook.com\/salesian.sisters.of.don.bosco\/\" \/>\n<meta property=\"article:published_time\" content=\"2024-08-24T12:34:09+00:00\" \/>\n<meta property=\"article:modified_time\" content=\"2024-08-27T08:56:15+00:00\" \/>\n<meta property=\"og:image\" content=\"https:\/\/www.cgfmanet.org\/wp-content\/uploads\/2024\/08\/Sinodo-Salesiano-Giovani_Colle.jpg\" \/>\n\t<meta property=\"og:image:width\" content=\"1181\" \/>\n\t<meta property=\"og:image:height\" content=\"787\" \/>\n\t<meta property=\"og:image:type\" content=\"image\/jpeg\" \/>\n<meta name=\"author\" content=\"Redazione\" \/>\n<meta name=\"twitter:card\" content=\"summary_large_image\" \/>\n<meta name=\"twitter:creator\" content=\"@Cgfmanet_Org\" \/>\n<meta name=\"twitter:site\" content=\"@Cgfmanet_Org\" \/>\n<meta name=\"twitter:label1\" content=\"Escrito por\" \/>\n\t<meta name=\"twitter:data1\" content=\"Redazione\" \/>\n\t<meta name=\"twitter:label2\" content=\"Tiempo de lectura\" \/>\n\t<meta name=\"twitter:data2\" content=\"7 minutos\" \/>\n<script type=\"application\/ld+json\" class=\"yoast-schema-graph\">{\"@context\":\"https:\\\/\\\/schema.org\",\"@graph\":[{\"@type\":\"Article\",\"@id\":\"https:\\\/\\\/www.cgfmanet.org\\\/es\\\/ifma-es\\\/sys-2024-experiencia-del-paraiso-salesiano\\\/#article\",\"isPartOf\":{\"@id\":\"https:\\\/\\\/www.cgfmanet.org\\\/es\\\/ifma-es\\\/sys-2024-experiencia-del-paraiso-salesiano\\\/\"},\"author\":{\"name\":\"Redazione\",\"@id\":\"https:\\\/\\\/www.cgfmanet.org\\\/es\\\/#\\\/schema\\\/person\\\/ce6473083f53ef0ef882cca23f0c8fb9\"},\"headline\":\"SYS 2024: Experiencia del Para\u00edso Salesiano\",\"datePublished\":\"2024-08-24T12:34:09+00:00\",\"dateModified\":\"2024-08-27T08:56:15+00:00\",\"mainEntityOfPage\":{\"@id\":\"https:\\\/\\\/www.cgfmanet.org\\\/es\\\/ifma-es\\\/sys-2024-experiencia-del-paraiso-salesiano\\\/\"},\"wordCount\":1281,\"commentCount\":1,\"publisher\":{\"@id\":\"https:\\\/\\\/www.cgfmanet.org\\\/es\\\/#organization\"},\"image\":{\"@id\":\"https:\\\/\\\/www.cgfmanet.org\\\/es\\\/ifma-es\\\/sys-2024-experiencia-del-paraiso-salesiano\\\/#primaryimage\"},\"thumbnailUrl\":\"https:\\\/\\\/www.cgfmanet.org\\\/wp-content\\\/uploads\\\/2024\\\/08\\\/Sinodo-Salesiano-Giovani_Colle.jpg\",\"keywords\":[\"J\u00f3venes\",\"Movimiento Juvenil Salesiano\",\"Pastoral Juvenil\",\"Spiritualit\u00e0 Salesiana\",\"Rector Mayor\",\"Focus\"],\"articleSection\":[\"Carisma Salesiano\",\"IFMA\"],\"inLanguage\":\"es\",\"potentialAction\":[{\"@type\":\"CommentAction\",\"name\":\"Comment\",\"target\":[\"https:\\\/\\\/www.cgfmanet.org\\\/es\\\/ifma-es\\\/sys-2024-experiencia-del-paraiso-salesiano\\\/#respond\"]}]},{\"@type\":\"WebPage\",\"@id\":\"https:\\\/\\\/www.cgfmanet.org\\\/es\\\/ifma-es\\\/sys-2024-experiencia-del-paraiso-salesiano\\\/\",\"url\":\"https:\\\/\\\/www.cgfmanet.org\\\/es\\\/ifma-es\\\/sys-2024-experiencia-del-paraiso-salesiano\\\/\",\"name\":\"SYS 2024: Experiencia del Para\u00edso Salesiano &#8226; Istituto Figlie di Maria Ausiliatrice\",\"isPartOf\":{\"@id\":\"https:\\\/\\\/www.cgfmanet.org\\\/es\\\/#website\"},\"primaryImageOfPage\":{\"@id\":\"https:\\\/\\\/www.cgfmanet.org\\\/es\\\/ifma-es\\\/sys-2024-experiencia-del-paraiso-salesiano\\\/#primaryimage\"},\"image\":{\"@id\":\"https:\\\/\\\/www.cgfmanet.org\\\/es\\\/ifma-es\\\/sys-2024-experiencia-del-paraiso-salesiano\\\/#primaryimage\"},\"thumbnailUrl\":\"https:\\\/\\\/www.cgfmanet.org\\\/wp-content\\\/uploads\\\/2024\\\/08\\\/Sinodo-Salesiano-Giovani_Colle.jpg\",\"datePublished\":\"2024-08-24T12:34:09+00:00\",\"dateModified\":\"2024-08-27T08:56:15+00:00\",\"description\":\"Del 11 al 16 de agosto de 2024, en el Bicentenario del sue\u00f1o de los 9 a\u00f1os de Don Bosco, 376 participantes, entre j\u00f3venes, FMA y SDB se reunieron en el Colle Don Bosco para celebrar el S\u00ednodo Salesiano de los J\u00f3venes (SYS).\",\"breadcrumb\":{\"@id\":\"https:\\\/\\\/www.cgfmanet.org\\\/es\\\/ifma-es\\\/sys-2024-experiencia-del-paraiso-salesiano\\\/#breadcrumb\"},\"inLanguage\":\"es\",\"potentialAction\":[{\"@type\":\"ReadAction\",\"target\":[\"https:\\\/\\\/www.cgfmanet.org\\\/es\\\/ifma-es\\\/sys-2024-experiencia-del-paraiso-salesiano\\\/\"]}]},{\"@type\":\"ImageObject\",\"inLanguage\":\"es\",\"@id\":\"https:\\\/\\\/www.cgfmanet.org\\\/es\\\/ifma-es\\\/sys-2024-experiencia-del-paraiso-salesiano\\\/#primaryimage\",\"url\":\"https:\\\/\\\/www.cgfmanet.org\\\/wp-content\\\/uploads\\\/2024\\\/08\\\/Sinodo-Salesiano-Giovani_Colle.jpg\",\"contentUrl\":\"https:\\\/\\\/www.cgfmanet.org\\\/wp-content\\\/uploads\\\/2024\\\/08\\\/Sinodo-Salesiano-Giovani_Colle.jpg\",\"width\":1181,\"height\":787},{\"@type\":\"BreadcrumbList\",\"@id\":\"https:\\\/\\\/www.cgfmanet.org\\\/es\\\/ifma-es\\\/sys-2024-experiencia-del-paraiso-salesiano\\\/#breadcrumb\",\"itemListElement\":[{\"@type\":\"ListItem\",\"position\":1,\"name\":\"Home\",\"item\":\"https:\\\/\\\/www.cgfmanet.org\\\/es\\\/\"},{\"@type\":\"ListItem\",\"position\":2,\"name\":\"SYS 2024: Experiencia del Para\u00edso Salesiano\"}]},{\"@type\":\"WebSite\",\"@id\":\"https:\\\/\\\/www.cgfmanet.org\\\/es\\\/#website\",\"url\":\"https:\\\/\\\/www.cgfmanet.org\\\/es\\\/\",\"name\":\"Istituto Figlie di Maria Ausiliatrice\",\"description\":\"Salesiane di Don Bosco\",\"publisher\":{\"@id\":\"https:\\\/\\\/www.cgfmanet.org\\\/es\\\/#organization\"},\"potentialAction\":[{\"@type\":\"SearchAction\",\"target\":{\"@type\":\"EntryPoint\",\"urlTemplate\":\"https:\\\/\\\/www.cgfmanet.org\\\/es\\\/?s={search_term_string}\"},\"query-input\":{\"@type\":\"PropertyValueSpecification\",\"valueRequired\":true,\"valueName\":\"search_term_string\"}}],\"inLanguage\":\"es\"},{\"@type\":\"Organization\",\"@id\":\"https:\\\/\\\/www.cgfmanet.org\\\/es\\\/#organization\",\"name\":\"Istituto Figlie di Maria Ausiliatrice\",\"url\":\"https:\\\/\\\/www.cgfmanet.org\\\/es\\\/\",\"logo\":{\"@type\":\"ImageObject\",\"inLanguage\":\"es\",\"@id\":\"https:\\\/\\\/www.cgfmanet.org\\\/es\\\/#\\\/schema\\\/logo\\\/image\\\/\",\"url\":\"https:\\\/\\\/www.cgfmanet.org\\\/wp-content\\\/uploads\\\/2018\\\/10\\\/logo-fma.png\",\"contentUrl\":\"https:\\\/\\\/www.cgfmanet.org\\\/wp-content\\\/uploads\\\/2018\\\/10\\\/logo-fma.png\",\"width\":214,\"height\":55,\"caption\":\"Istituto Figlie di Maria Ausiliatrice\"},\"image\":{\"@id\":\"https:\\\/\\\/www.cgfmanet.org\\\/es\\\/#\\\/schema\\\/logo\\\/image\\\/\"},\"sameAs\":[\"https:\\\/\\\/www.facebook.com\\\/salesian.sisters.of.don.bosco\\\/\",\"https:\\\/\\\/x.com\\\/Cgfmanet_Org\",\"https:\\\/\\\/www.youtube.com\\\/channel\\\/UCmcr8yFQBV7JXeXVxyV9y5Q\"]},{\"@type\":\"Person\",\"@id\":\"https:\\\/\\\/www.cgfmanet.org\\\/es\\\/#\\\/schema\\\/person\\\/ce6473083f53ef0ef882cca23f0c8fb9\",\"name\":\"Redazione\"}]}<\/script>\n<!-- \/ Yoast SEO plugin. -->","yoast_head_json":{"title":"SYS 2024: Experiencia del Para\u00edso Salesiano &#8226; Istituto Figlie di Maria Ausiliatrice","description":"Del 11 al 16 de agosto de 2024, en el Bicentenario del sue\u00f1o de los 9 a\u00f1os de Don Bosco, 376 participantes, entre j\u00f3venes, FMA y SDB se reunieron en el Colle Don Bosco para celebrar el S\u00ednodo Salesiano de los J\u00f3venes (SYS).","robots":{"index":"index","follow":"follow","max-snippet":"max-snippet:-1","max-image-preview":"max-image-preview:large","max-video-preview":"max-video-preview:-1"},"canonical":"https:\/\/www.cgfmanet.org\/es\/ifma-es\/sys-2024-experiencia-del-paraiso-salesiano\/","og_locale":"es_ES","og_type":"article","og_title":"SYS 2024: Experiencia del Para\u00edso Salesiano &#8226; Istituto Figlie di Maria Ausiliatrice","og_description":"Del 11 al 16 de agosto de 2024, en el Bicentenario del sue\u00f1o de los 9 a\u00f1os de Don Bosco, 376 participantes, entre j\u00f3venes, FMA y SDB se reunieron en el Colle Don Bosco para celebrar el S\u00ednodo Salesiano de los J\u00f3venes (SYS).","og_url":"https:\/\/www.cgfmanet.org\/es\/ifma-es\/sys-2024-experiencia-del-paraiso-salesiano\/","og_site_name":"Istituto Figlie di Maria Ausiliatrice","article_publisher":"https:\/\/www.facebook.com\/salesian.sisters.of.don.bosco\/","article_published_time":"2024-08-24T12:34:09+00:00","article_modified_time":"2024-08-27T08:56:15+00:00","og_image":[{"width":1181,"height":787,"url":"https:\/\/www.cgfmanet.org\/wp-content\/uploads\/2024\/08\/Sinodo-Salesiano-Giovani_Colle.jpg","type":"image\/jpeg"}],"author":"Redazione","twitter_card":"summary_large_image","twitter_creator":"@Cgfmanet_Org","twitter_site":"@Cgfmanet_Org","twitter_misc":{"Escrito por":"Redazione","Tiempo de lectura":"7 minutos"},"schema":{"@context":"https:\/\/schema.org","@graph":[{"@type":"Article","@id":"https:\/\/www.cgfmanet.org\/es\/ifma-es\/sys-2024-experiencia-del-paraiso-salesiano\/#article","isPartOf":{"@id":"https:\/\/www.cgfmanet.org\/es\/ifma-es\/sys-2024-experiencia-del-paraiso-salesiano\/"},"author":{"name":"Redazione","@id":"https:\/\/www.cgfmanet.org\/es\/#\/schema\/person\/ce6473083f53ef0ef882cca23f0c8fb9"},"headline":"SYS 2024: Experiencia del Para\u00edso Salesiano","datePublished":"2024-08-24T12:34:09+00:00","dateModified":"2024-08-27T08:56:15+00:00","mainEntityOfPage":{"@id":"https:\/\/www.cgfmanet.org\/es\/ifma-es\/sys-2024-experiencia-del-paraiso-salesiano\/"},"wordCount":1281,"commentCount":1,"publisher":{"@id":"https:\/\/www.cgfmanet.org\/es\/#organization"},"image":{"@id":"https:\/\/www.cgfmanet.org\/es\/ifma-es\/sys-2024-experiencia-del-paraiso-salesiano\/#primaryimage"},"thumbnailUrl":"https:\/\/www.cgfmanet.org\/wp-content\/uploads\/2024\/08\/Sinodo-Salesiano-Giovani_Colle.jpg","keywords":["J\u00f3venes","Movimiento Juvenil Salesiano","Pastoral Juvenil","Spiritualit\u00e0 Salesiana","Rector Mayor","Focus"],"articleSection":["Carisma Salesiano","IFMA"],"inLanguage":"es","potentialAction":[{"@type":"CommentAction","name":"Comment","target":["https:\/\/www.cgfmanet.org\/es\/ifma-es\/sys-2024-experiencia-del-paraiso-salesiano\/#respond"]}]},{"@type":"WebPage","@id":"https:\/\/www.cgfmanet.org\/es\/ifma-es\/sys-2024-experiencia-del-paraiso-salesiano\/","url":"https:\/\/www.cgfmanet.org\/es\/ifma-es\/sys-2024-experiencia-del-paraiso-salesiano\/","name":"SYS 2024: Experiencia del Para\u00edso Salesiano &#8226; Istituto Figlie di Maria Ausiliatrice","isPartOf":{"@id":"https:\/\/www.cgfmanet.org\/es\/#website"},"primaryImageOfPage":{"@id":"https:\/\/www.cgfmanet.org\/es\/ifma-es\/sys-2024-experiencia-del-paraiso-salesiano\/#primaryimage"},"image":{"@id":"https:\/\/www.cgfmanet.org\/es\/ifma-es\/sys-2024-experiencia-del-paraiso-salesiano\/#primaryimage"},"thumbnailUrl":"https:\/\/www.cgfmanet.org\/wp-content\/uploads\/2024\/08\/Sinodo-Salesiano-Giovani_Colle.jpg","datePublished":"2024-08-24T12:34:09+00:00","dateModified":"2024-08-27T08:56:15+00:00","description":"Del 11 al 16 de agosto de 2024, en el Bicentenario del sue\u00f1o de los 9 a\u00f1os de Don Bosco, 376 participantes, entre j\u00f3venes, FMA y SDB se reunieron en el Colle Don Bosco para celebrar el S\u00ednodo Salesiano de los J\u00f3venes (SYS).","breadcrumb":{"@id":"https:\/\/www.cgfmanet.org\/es\/ifma-es\/sys-2024-experiencia-del-paraiso-salesiano\/#breadcrumb"},"inLanguage":"es","potentialAction":[{"@type":"ReadAction","target":["https:\/\/www.cgfmanet.org\/es\/ifma-es\/sys-2024-experiencia-del-paraiso-salesiano\/"]}]},{"@type":"ImageObject","inLanguage":"es","@id":"https:\/\/www.cgfmanet.org\/es\/ifma-es\/sys-2024-experiencia-del-paraiso-salesiano\/#primaryimage","url":"https:\/\/www.cgfmanet.org\/wp-content\/uploads\/2024\/08\/Sinodo-Salesiano-Giovani_Colle.jpg","contentUrl":"https:\/\/www.cgfmanet.org\/wp-content\/uploads\/2024\/08\/Sinodo-Salesiano-Giovani_Colle.jpg","width":1181,"height":787},{"@type":"BreadcrumbList","@id":"https:\/\/www.cgfmanet.org\/es\/ifma-es\/sys-2024-experiencia-del-paraiso-salesiano\/#breadcrumb","itemListElement":[{"@type":"ListItem","position":1,"name":"Home","item":"https:\/\/www.cgfmanet.org\/es\/"},{"@type":"ListItem","position":2,"name":"SYS 2024: Experiencia del Para\u00edso Salesiano"}]},{"@type":"WebSite","@id":"https:\/\/www.cgfmanet.org\/es\/#website","url":"https:\/\/www.cgfmanet.org\/es\/","name":"Istituto Figlie di Maria Ausiliatrice","description":"Salesiane di Don Bosco","publisher":{"@id":"https:\/\/www.cgfmanet.org\/es\/#organization"},"potentialAction":[{"@type":"SearchAction","target":{"@type":"EntryPoint","urlTemplate":"https:\/\/www.cgfmanet.org\/es\/?s={search_term_string}"},"query-input":{"@type":"PropertyValueSpecification","valueRequired":true,"valueName":"search_term_string"}}],"inLanguage":"es"},{"@type":"Organization","@id":"https:\/\/www.cgfmanet.org\/es\/#organization","name":"Istituto Figlie di Maria Ausiliatrice","url":"https:\/\/www.cgfmanet.org\/es\/","logo":{"@type":"ImageObject","inLanguage":"es","@id":"https:\/\/www.cgfmanet.org\/es\/#\/schema\/logo\/image\/","url":"https:\/\/www.cgfmanet.org\/wp-content\/uploads\/2018\/10\/logo-fma.png","contentUrl":"https:\/\/www.cgfmanet.org\/wp-content\/uploads\/2018\/10\/logo-fma.png","width":214,"height":55,"caption":"Istituto Figlie di Maria Ausiliatrice"},"image":{"@id":"https:\/\/www.cgfmanet.org\/es\/#\/schema\/logo\/image\/"},"sameAs":["https:\/\/www.facebook.com\/salesian.sisters.of.don.bosco\/","https:\/\/x.com\/Cgfmanet_Org","https:\/\/www.youtube.com\/channel\/UCmcr8yFQBV7JXeXVxyV9y5Q"]},{"@type":"Person","@id":"https:\/\/www.cgfmanet.org\/es\/#\/schema\/person\/ce6473083f53ef0ef882cca23f0c8fb9","name":"Redazione"}]}},"_links":{"self":[{"href":"https:\/\/www.cgfmanet.org\/es\/wp-json\/wp\/v2\/posts\/117274","targetHints":{"allow":["GET"]}}],"collection":[{"href":"https:\/\/www.cgfmanet.org\/es\/wp-json\/wp\/v2\/posts"}],"about":[{"href":"https:\/\/www.cgfmanet.org\/es\/wp-json\/wp\/v2\/types\/post"}],"author":[{"embeddable":true,"href":"https:\/\/www.cgfmanet.org\/es\/wp-json\/wp\/v2\/users\/21"}],"replies":[{"embeddable":true,"href":"https:\/\/www.cgfmanet.org\/es\/wp-json\/wp\/v2\/comments?post=117274"}],"version-history":[{"count":2,"href":"https:\/\/www.cgfmanet.org\/es\/wp-json\/wp\/v2\/posts\/117274\/revisions"}],"predecessor-version":[{"id":117369,"href":"https:\/\/www.cgfmanet.org\/es\/wp-json\/wp\/v2\/posts\/117274\/revisions\/117369"}],"wp:featuredmedia":[{"embeddable":true,"href":"https:\/\/www.cgfmanet.org\/es\/wp-json\/wp\/v2\/media\/117269"}],"wp:attachment":[{"href":"https:\/\/www.cgfmanet.org\/es\/wp-json\/wp\/v2\/media?parent=117274"}],"wp:term":[{"taxonomy":"category","embeddable":true,"href":"https:\/\/www.cgfmanet.org\/es\/wp-json\/wp\/v2\/categories?post=117274"},{"taxonomy":"post_tag","embeddable":true,"href":"https:\/\/www.cgfmanet.org\/es\/wp-json\/wp\/v2\/tags?post=117274"}],"curies":[{"name":"wp","href":"https:\/\/api.w.org\/{rel}","templated":true}]}}