{"id":116733,"date":"2024-08-08T12:38:16","date_gmt":"2024-08-08T10:38:16","guid":{"rendered":"https:\/\/www.cgfmanet.org\/infoesfera\/ai-sacerdoti-e-alle-fma-che-le-hanno-guidate-nel-cammino\/"},"modified":"2024-08-10T22:31:01","modified_gmt":"2024-08-10T20:31:01","slug":"ver-a-cristo-en-cada-persona","status":"publish","type":"post","link":"https:\/\/www.cgfmanet.org\/es\/ifma-es\/ver-a-cristo-en-cada-persona\/","title":{"rendered":"Ver a Cristo en cada persona"},"content":{"rendered":"<p><strong>Roma (Italia).<\/strong> El 6 de agosto de 2024 en Roma, en la Parroquia \u2018S<em>anta Maria della Speranza\u2019<\/em> de los Salesianos de Don Bosco, once j\u00f3venes de los Noviciados Internacionales <em>Mar\u00eda Auxiliadora<\/em> de Castelgandolfo (Roma) y <em>Sor Teresa Vals\u00e8 Pantellini<\/em> de Roma hicieron su Primera Profesi\u00f3n Religiosa en el Instituto de las Hijas de Mar\u00eda Auxiliadora.<\/p>\n<p><strong><a href=\"https:\/\/www.cgfmanet.org\/wp-content\/uploads\/2024\/08\/Priome-profes-Roma.jpg\"><img decoding=\"async\" class=\"alignleft wp-image-116719 lazyload\" data-src=\"https:\/\/www.cgfmanet.org\/wp-content\/uploads\/2024\/08\/Priome-profes-Roma.jpg\" alt=\"\" width=\"300\" height=\"413\" data-srcset=\"https:\/\/www.cgfmanet.org\/wp-content\/uploads\/2024\/08\/Priome-profes-Roma.jpg 759w, https:\/\/www.cgfmanet.org\/wp-content\/uploads\/2024\/08\/Priome-profes-Roma-305x420.jpg 305w, https:\/\/www.cgfmanet.org\/wp-content\/uploads\/2024\/08\/Priome-profes-Roma-696x958.jpg 696w\" data-sizes=\"auto\" src=\"data:image\/svg+xml;base64,PHN2ZyB3aWR0aD0iMSIgaGVpZ2h0PSIxIiB4bWxucz0iaHR0cDovL3d3dy53My5vcmcvMjAwMC9zdmciPjwvc3ZnPg==\" style=\"--smush-placeholder-width: 300px; --smush-placeholder-aspect-ratio: 300\/413;\" data-original-sizes=\"(max-width: 300px) 100vw, 300px\" \/><\/a><\/strong><\/p>\n<p><strong>\u00abVer a Cristo en cada persona\u00bb<\/strong> (C 56) fue el lema de las reci\u00e9n profesas, pertenecientes a las Inspector\u00edas italianas <em>\u2018Sagrada Familia\u2019 <\/em>(ILO), <em>Mar\u00eda Auxiliadora<\/em> (IPI), <em>Santa Mar\u00eda Mazzarello <\/em>(ITV), Inspector\u00eda \u2018<em>Nuestra Se\u00f1ora del Cen\u00e1culo\u2019<\/em> (ILS) y de las Inspector\u00edas \u2018<em>San Juan Bosco\u2019 <\/em>(SLK) de Eslovaquia y \u2018<em>Nuestra Se\u00f1ora de Jasna G\u00f3ra\u2019<\/em> (PLJ) de Polonia.<\/p>\n<p>La Celebraci\u00f3n Eucar\u00edstica, animada en canto y liturgia por las Novicias y varias j\u00f3venes FMA, fue presidida por el Inspector de la Inspector\u00eda Central (ICC) de los Salesianos de Don Bosco, don Stefano Aspettati, y concelebrada por SDB y sacerdotes que acompa\u00f1aron a las j\u00f3venes en su camino.<\/p>\n<p>La Superiora General, Madre Chiara Cazzuola, acogi\u00f3 a las nuevas profesas en el Instituto FMA. Adem\u00e1s estuvieron presentes la Vicaria, Sor Mar\u00eda del Rosario Garc\u00eda Ribas, la Consejera para la Formaci\u00f3n, Sor Nilza F\u00e1tima de Moraes, y algunas Consejeras Generales, las Inspectoras, familiares, j\u00f3venes y las FMA de las Inspector\u00edas de las neo-profesas.<\/p>\n<p>Despu\u00e9s del anuncio del Evangelio, las maestras, sor Maria Giovanna Mammarella y sor Luisa Menozzi, presentaron a las profesas y las llamaron por su nombre, mientras que el celebrante, en uno de los momentos centrales de la profesi\u00f3n religiosa, les pregunt\u00f3 si estaban dispuestas a entregar su vida al Se\u00f1or y a vivir como Cristo casto, pobre y obediente.<\/p>\n<p>En su homil\u00eda, el Inspector record\u00f3 el pasaje evang\u00e9lico de las Bienaventuranzas elegido por las j\u00f3venes (Mt 5,1-12a), diciendo: <em>\u00abHab\u00e9is elegido un Evangelio muy exigente, pero es el coraz\u00f3n del Evangelio para todos aquellos que quieren seguirlo. Pero no es un sacrificio: el de las Bienaventuranzas es una propuesta de felicidad\u00bb. <\/em>Hablando entonces del \u00abefecto mariposa\u00bb, seg\u00fan el cual una acci\u00f3n en una parte del planeta puede producir una propagaci\u00f3n de los acontecimientos, don Stefano vincul\u00f3 los \u00abs\u00edes\u00bb de Don Bosco y de Madre Mazzarello: <em>\u00aben estos dos &#8216;batir de alas&#8217; se cre\u00f3 un v\u00f3rtice, una tormenta de bien. Dos personas que dijeron &#8216;s\u00ed&#8217; produjeron una obra de Dios que provoc\u00f3 una tormenta de amor para todos los j\u00f3venes del mundo y es hermoso pensar que hoy vosotras sois parte de esta tormenta de amor. Una tormenta que est\u00e1 educando a los j\u00f3venes, y sabemos lo tormentoso que puede ser hacerlo, pero es algo bueno, de hecho, muy bueno, dijo Don Bosco\u00bb.<\/em><\/p>\n<p>Por \u00faltimo, su augurio: <em>\u00abEste camino seg\u00fan el carisma salesiano nos muestra lo que es el cielo en la tierra y esto deb\u00e9is mostrar con vuestra vida. Os deseo de verdad que lo hag\u00e1is todos los d\u00edas, con la alegr\u00eda que ten\u00e9is hoy, espero que camin\u00e9is junto a los j\u00f3venes que os han sido confiados y que los acompa\u00f1\u00e9is mientras vais vosotras mismas hacia esta hermosa meta.\u201d<\/em><\/p>\n<p>Despu\u00e9s de la homil\u00eda, cada una ley\u00f3 la f\u00f3rmula de la Profesi\u00f3n Religiosa comprometi\u00e9ndose, en respuesta al Amor de Dios Padre, a vivir los consejos evang\u00e9licos seg\u00fan las Constituciones del Instituto FMA.<\/p>\n<p>La Madre General entreg\u00f3 las Constituciones y el Crucifijo, signos de la alianza esponsal con Cristo. Al final del Rito de la Consagraci\u00f3n, las nuevas profesas se encomendaron a Mar\u00eda con el canto <em>Oh Mar\u00eda Virgen<\/em> <em>poderosa <\/em><\/p>\n<p>La celebraci\u00f3n termin\u00f3 con las expresiones de gratitud de las nuevas FMA al Se\u00f1or por la llamada a vivir esta nueva vida seg\u00fan las Bienaventuranzas, a sus padres por el don de la vida y de la educaci\u00f3n en la fe, a la Madre General y a las hermanas del Consejo, a las Comunidades del Noviciado, a las Maestras, por el acompa\u00f1amiento en estos a\u00f1os y por el testimonio de dedicaci\u00f3n &#8211; en particular a Sor Mar\u00eda Giovanna,\u00a0 que concluye el mandato, a los sacerdotes y a las FMA que las han guiado en su camino, a los familiares, a los amigos y a los j\u00f3venes.<\/p>\n<p>Madre Chiara Cazzuola ha querido agradecer de modo especial, en nombre del Instituto, a las familias <em>\u00abque nos han dado su mayor bien\u00bb<\/em> y recomendar a las nuevas profesas a todos los presentes: <em>\u00absomos responsables de la fidelidad de estas hermanas, porque hoy, frente a nosotras, se han comprometido, por lo que tambi\u00e9n nosotras nos comprometemos a acompa\u00f1arlas en este camino\u00bb.<\/em> Y a ellas, el deseo: <em>\u00abQue se\u00e1is fieles y felices, FMA. Hab\u00e9is escrito la frase de Don Bosco en la tarjeta de invitaci\u00f3n: \u00abTened fe en Mar\u00eda Auxiliadora y ver\u00e9is lo que son los milagros\u00bb, lo digo a vosotras: confiad en la Virgen y Ella har\u00e1 todo en vuestra vida. \u00a1Gracias por vuestro don!\u00bb.<\/em><\/p>\n<p><strong>Foto: <span style=\"color: #0000ff;\"><a style=\"color: #0000ff;\" href=\"https:\/\/www.flickr.com\/photos\/137890103@N08\/albums\/72177720319401938\/with\/53909959378\" target=\"_blank\" rel=\"noopener\">Flickr FMA<\/a><\/span><\/strong><em><br \/>\n<\/em><\/p>\n","protected":false},"excerpt":{"rendered":"<p>Roma (Italia). El 6 de agosto de 2024 en Roma, en la Parroquia \u2018Santa Maria della Speranza\u2019 de los Salesianos de Don Bosco, once j\u00f3venes de los Noviciados Internacionales Mar\u00eda [&hellip;]<\/p>\n","protected":false},"author":21,"featured_media":116728,"comment_status":"open","ping_status":"closed","sticky":false,"template":"","format":"standard","meta":{"footnotes":""},"categories":[158,175],"tags":[371,1183,1186,1223,1239,1328,1419,1931,2253,2283,2379],"class_list":["post-116733","post","type-post","status-publish","format-standard","has-post-thumbnail","category-ifma-es","category-cultura-vocacional-es","tag-madre-general","tag-ilo-es","tag-ils-es","tag-ipi-es","tag-itv-es","tag-primera-profesion-es","tag-slk-es","tag-focus-es","tag-plj-es","tag-ifma-es","tag-madre-chiara-cazzuola-es"],"yoast_head":"<!-- This site is optimized with the Yoast SEO plugin v27.4 - https:\/\/yoast.com\/product\/yoast-seo-wordpress\/ -->\n<title>Ver a Cristo en cada persona &#8226; Istituto Figlie di Maria Ausiliatrice<\/title>\n<meta name=\"description\" content=\"El 6 de agosto de 2024 en Roma, en la Parroquia Salesiana &quot;Santa Maria della Speranza&quot;, once j\u00f3venes hicieron su Primera Profesi\u00f3n Religiosa en el Instituto FMA.\" \/>\n<meta name=\"robots\" content=\"index, follow, max-snippet:-1, max-image-preview:large, max-video-preview:-1\" \/>\n<link rel=\"canonical\" href=\"https:\/\/www.cgfmanet.org\/es\/ifma-es\/ver-a-cristo-en-cada-persona\/\" \/>\n<meta property=\"og:locale\" content=\"es_ES\" \/>\n<meta property=\"og:type\" content=\"article\" \/>\n<meta property=\"og:title\" content=\"Ver a Cristo en cada persona &#8226; Istituto Figlie di Maria Ausiliatrice\" \/>\n<meta property=\"og:description\" content=\"El 6 de agosto de 2024 en Roma, en la Parroquia Salesiana &quot;Santa Maria della Speranza&quot;, once j\u00f3venes hicieron su Primera Profesi\u00f3n Religiosa en el Instituto FMA.\" \/>\n<meta property=\"og:url\" content=\"https:\/\/www.cgfmanet.org\/es\/ifma-es\/ver-a-cristo-en-cada-persona\/\" \/>\n<meta property=\"og:site_name\" content=\"Istituto Figlie di Maria Ausiliatrice\" \/>\n<meta property=\"article:publisher\" content=\"https:\/\/www.facebook.com\/salesian.sisters.of.don.bosco\/\" \/>\n<meta property=\"article:published_time\" content=\"2024-08-08T10:38:16+00:00\" \/>\n<meta property=\"article:modified_time\" content=\"2024-08-10T20:31:01+00:00\" \/>\n<meta property=\"og:image\" content=\"https:\/\/www.cgfmanet.org\/wp-content\/uploads\/2024\/08\/Prime-Professioni-Roma.jpg\" \/>\n\t<meta property=\"og:image:width\" content=\"1181\" \/>\n\t<meta property=\"og:image:height\" content=\"787\" \/>\n\t<meta property=\"og:image:type\" content=\"image\/jpeg\" \/>\n<meta name=\"author\" content=\"Redazione\" \/>\n<meta name=\"twitter:card\" content=\"summary_large_image\" \/>\n<meta name=\"twitter:creator\" content=\"@Cgfmanet_Org\" \/>\n<meta name=\"twitter:site\" content=\"@Cgfmanet_Org\" \/>\n<meta name=\"twitter:label1\" content=\"Escrito por\" \/>\n\t<meta name=\"twitter:data1\" content=\"Redazione\" \/>\n\t<meta name=\"twitter:label2\" content=\"Tiempo de lectura\" \/>\n\t<meta name=\"twitter:data2\" content=\"5 minutos\" \/>\n<script type=\"application\/ld+json\" class=\"yoast-schema-graph\">{\"@context\":\"https:\\\/\\\/schema.org\",\"@graph\":[{\"@type\":\"Article\",\"@id\":\"https:\\\/\\\/www.cgfmanet.org\\\/es\\\/ifma-es\\\/ver-a-cristo-en-cada-persona\\\/#article\",\"isPartOf\":{\"@id\":\"https:\\\/\\\/www.cgfmanet.org\\\/es\\\/ifma-es\\\/ver-a-cristo-en-cada-persona\\\/\"},\"author\":{\"name\":\"Redazione\",\"@id\":\"https:\\\/\\\/www.cgfmanet.org\\\/es\\\/#\\\/schema\\\/person\\\/ce6473083f53ef0ef882cca23f0c8fb9\"},\"headline\":\"Ver a Cristo en cada persona\",\"datePublished\":\"2024-08-08T10:38:16+00:00\",\"dateModified\":\"2024-08-10T20:31:01+00:00\",\"mainEntityOfPage\":{\"@id\":\"https:\\\/\\\/www.cgfmanet.org\\\/es\\\/ifma-es\\\/ver-a-cristo-en-cada-persona\\\/\"},\"wordCount\":873,\"commentCount\":0,\"publisher\":{\"@id\":\"https:\\\/\\\/www.cgfmanet.org\\\/es\\\/#organization\"},\"image\":{\"@id\":\"https:\\\/\\\/www.cgfmanet.org\\\/es\\\/ifma-es\\\/ver-a-cristo-en-cada-persona\\\/#primaryimage\"},\"thumbnailUrl\":\"https:\\\/\\\/www.cgfmanet.org\\\/wp-content\\\/uploads\\\/2024\\\/08\\\/Prime-Professioni-Roma.jpg\",\"keywords\":[\"Madre General\",\"ILO\",\"ILS\",\"IPI\",\"ITV\",\"Primera Profesi\u00f3n\",\"SLK\",\"Focus\",\"PLJ\",\"IFMA\",\"Madre Chiara Cazzuola\"],\"articleSection\":[\"IFMA\",\"Cultura Vocacional\"],\"inLanguage\":\"es\",\"potentialAction\":[{\"@type\":\"CommentAction\",\"name\":\"Comment\",\"target\":[\"https:\\\/\\\/www.cgfmanet.org\\\/es\\\/ifma-es\\\/ver-a-cristo-en-cada-persona\\\/#respond\"]}]},{\"@type\":\"WebPage\",\"@id\":\"https:\\\/\\\/www.cgfmanet.org\\\/es\\\/ifma-es\\\/ver-a-cristo-en-cada-persona\\\/\",\"url\":\"https:\\\/\\\/www.cgfmanet.org\\\/es\\\/ifma-es\\\/ver-a-cristo-en-cada-persona\\\/\",\"name\":\"Ver a Cristo en cada persona &#8226; Istituto Figlie di Maria Ausiliatrice\",\"isPartOf\":{\"@id\":\"https:\\\/\\\/www.cgfmanet.org\\\/es\\\/#website\"},\"primaryImageOfPage\":{\"@id\":\"https:\\\/\\\/www.cgfmanet.org\\\/es\\\/ifma-es\\\/ver-a-cristo-en-cada-persona\\\/#primaryimage\"},\"image\":{\"@id\":\"https:\\\/\\\/www.cgfmanet.org\\\/es\\\/ifma-es\\\/ver-a-cristo-en-cada-persona\\\/#primaryimage\"},\"thumbnailUrl\":\"https:\\\/\\\/www.cgfmanet.org\\\/wp-content\\\/uploads\\\/2024\\\/08\\\/Prime-Professioni-Roma.jpg\",\"datePublished\":\"2024-08-08T10:38:16+00:00\",\"dateModified\":\"2024-08-10T20:31:01+00:00\",\"description\":\"El 6 de agosto de 2024 en Roma, en la Parroquia Salesiana \\\"Santa Maria della Speranza\\\", once j\u00f3venes hicieron su Primera Profesi\u00f3n Religiosa en el Instituto FMA.\",\"breadcrumb\":{\"@id\":\"https:\\\/\\\/www.cgfmanet.org\\\/es\\\/ifma-es\\\/ver-a-cristo-en-cada-persona\\\/#breadcrumb\"},\"inLanguage\":\"es\",\"potentialAction\":[{\"@type\":\"ReadAction\",\"target\":[\"https:\\\/\\\/www.cgfmanet.org\\\/es\\\/ifma-es\\\/ver-a-cristo-en-cada-persona\\\/\"]}]},{\"@type\":\"ImageObject\",\"inLanguage\":\"es\",\"@id\":\"https:\\\/\\\/www.cgfmanet.org\\\/es\\\/ifma-es\\\/ver-a-cristo-en-cada-persona\\\/#primaryimage\",\"url\":\"https:\\\/\\\/www.cgfmanet.org\\\/wp-content\\\/uploads\\\/2024\\\/08\\\/Prime-Professioni-Roma.jpg\",\"contentUrl\":\"https:\\\/\\\/www.cgfmanet.org\\\/wp-content\\\/uploads\\\/2024\\\/08\\\/Prime-Professioni-Roma.jpg\",\"width\":1181,\"height\":787},{\"@type\":\"BreadcrumbList\",\"@id\":\"https:\\\/\\\/www.cgfmanet.org\\\/es\\\/ifma-es\\\/ver-a-cristo-en-cada-persona\\\/#breadcrumb\",\"itemListElement\":[{\"@type\":\"ListItem\",\"position\":1,\"name\":\"Home\",\"item\":\"https:\\\/\\\/www.cgfmanet.org\\\/es\\\/\"},{\"@type\":\"ListItem\",\"position\":2,\"name\":\"Ver a Cristo en cada persona\"}]},{\"@type\":\"WebSite\",\"@id\":\"https:\\\/\\\/www.cgfmanet.org\\\/es\\\/#website\",\"url\":\"https:\\\/\\\/www.cgfmanet.org\\\/es\\\/\",\"name\":\"Istituto Figlie di Maria Ausiliatrice\",\"description\":\"Salesiane di Don Bosco\",\"publisher\":{\"@id\":\"https:\\\/\\\/www.cgfmanet.org\\\/es\\\/#organization\"},\"potentialAction\":[{\"@type\":\"SearchAction\",\"target\":{\"@type\":\"EntryPoint\",\"urlTemplate\":\"https:\\\/\\\/www.cgfmanet.org\\\/es\\\/?s={search_term_string}\"},\"query-input\":{\"@type\":\"PropertyValueSpecification\",\"valueRequired\":true,\"valueName\":\"search_term_string\"}}],\"inLanguage\":\"es\"},{\"@type\":\"Organization\",\"@id\":\"https:\\\/\\\/www.cgfmanet.org\\\/es\\\/#organization\",\"name\":\"Istituto Figlie di Maria Ausiliatrice\",\"url\":\"https:\\\/\\\/www.cgfmanet.org\\\/es\\\/\",\"logo\":{\"@type\":\"ImageObject\",\"inLanguage\":\"es\",\"@id\":\"https:\\\/\\\/www.cgfmanet.org\\\/es\\\/#\\\/schema\\\/logo\\\/image\\\/\",\"url\":\"https:\\\/\\\/www.cgfmanet.org\\\/wp-content\\\/uploads\\\/2018\\\/10\\\/logo-fma.png\",\"contentUrl\":\"https:\\\/\\\/www.cgfmanet.org\\\/wp-content\\\/uploads\\\/2018\\\/10\\\/logo-fma.png\",\"width\":214,\"height\":55,\"caption\":\"Istituto Figlie di Maria Ausiliatrice\"},\"image\":{\"@id\":\"https:\\\/\\\/www.cgfmanet.org\\\/es\\\/#\\\/schema\\\/logo\\\/image\\\/\"},\"sameAs\":[\"https:\\\/\\\/www.facebook.com\\\/salesian.sisters.of.don.bosco\\\/\",\"https:\\\/\\\/x.com\\\/Cgfmanet_Org\",\"https:\\\/\\\/www.youtube.com\\\/channel\\\/UCmcr8yFQBV7JXeXVxyV9y5Q\"]},{\"@type\":\"Person\",\"@id\":\"https:\\\/\\\/www.cgfmanet.org\\\/es\\\/#\\\/schema\\\/person\\\/ce6473083f53ef0ef882cca23f0c8fb9\",\"name\":\"Redazione\"}]}<\/script>\n<!-- \/ Yoast SEO plugin. -->","yoast_head_json":{"title":"Ver a Cristo en cada persona &#8226; Istituto Figlie di Maria Ausiliatrice","description":"El 6 de agosto de 2024 en Roma, en la Parroquia Salesiana \"Santa Maria della Speranza\", once j\u00f3venes hicieron su Primera Profesi\u00f3n Religiosa en el Instituto FMA.","robots":{"index":"index","follow":"follow","max-snippet":"max-snippet:-1","max-image-preview":"max-image-preview:large","max-video-preview":"max-video-preview:-1"},"canonical":"https:\/\/www.cgfmanet.org\/es\/ifma-es\/ver-a-cristo-en-cada-persona\/","og_locale":"es_ES","og_type":"article","og_title":"Ver a Cristo en cada persona &#8226; Istituto Figlie di Maria Ausiliatrice","og_description":"El 6 de agosto de 2024 en Roma, en la Parroquia Salesiana \"Santa Maria della Speranza\", once j\u00f3venes hicieron su Primera Profesi\u00f3n Religiosa en el Instituto FMA.","og_url":"https:\/\/www.cgfmanet.org\/es\/ifma-es\/ver-a-cristo-en-cada-persona\/","og_site_name":"Istituto Figlie di Maria Ausiliatrice","article_publisher":"https:\/\/www.facebook.com\/salesian.sisters.of.don.bosco\/","article_published_time":"2024-08-08T10:38:16+00:00","article_modified_time":"2024-08-10T20:31:01+00:00","og_image":[{"width":1181,"height":787,"url":"https:\/\/www.cgfmanet.org\/wp-content\/uploads\/2024\/08\/Prime-Professioni-Roma.jpg","type":"image\/jpeg"}],"author":"Redazione","twitter_card":"summary_large_image","twitter_creator":"@Cgfmanet_Org","twitter_site":"@Cgfmanet_Org","twitter_misc":{"Escrito por":"Redazione","Tiempo de lectura":"5 minutos"},"schema":{"@context":"https:\/\/schema.org","@graph":[{"@type":"Article","@id":"https:\/\/www.cgfmanet.org\/es\/ifma-es\/ver-a-cristo-en-cada-persona\/#article","isPartOf":{"@id":"https:\/\/www.cgfmanet.org\/es\/ifma-es\/ver-a-cristo-en-cada-persona\/"},"author":{"name":"Redazione","@id":"https:\/\/www.cgfmanet.org\/es\/#\/schema\/person\/ce6473083f53ef0ef882cca23f0c8fb9"},"headline":"Ver a Cristo en cada persona","datePublished":"2024-08-08T10:38:16+00:00","dateModified":"2024-08-10T20:31:01+00:00","mainEntityOfPage":{"@id":"https:\/\/www.cgfmanet.org\/es\/ifma-es\/ver-a-cristo-en-cada-persona\/"},"wordCount":873,"commentCount":0,"publisher":{"@id":"https:\/\/www.cgfmanet.org\/es\/#organization"},"image":{"@id":"https:\/\/www.cgfmanet.org\/es\/ifma-es\/ver-a-cristo-en-cada-persona\/#primaryimage"},"thumbnailUrl":"https:\/\/www.cgfmanet.org\/wp-content\/uploads\/2024\/08\/Prime-Professioni-Roma.jpg","keywords":["Madre General","ILO","ILS","IPI","ITV","Primera Profesi\u00f3n","SLK","Focus","PLJ","IFMA","Madre Chiara Cazzuola"],"articleSection":["IFMA","Cultura Vocacional"],"inLanguage":"es","potentialAction":[{"@type":"CommentAction","name":"Comment","target":["https:\/\/www.cgfmanet.org\/es\/ifma-es\/ver-a-cristo-en-cada-persona\/#respond"]}]},{"@type":"WebPage","@id":"https:\/\/www.cgfmanet.org\/es\/ifma-es\/ver-a-cristo-en-cada-persona\/","url":"https:\/\/www.cgfmanet.org\/es\/ifma-es\/ver-a-cristo-en-cada-persona\/","name":"Ver a Cristo en cada persona &#8226; Istituto Figlie di Maria Ausiliatrice","isPartOf":{"@id":"https:\/\/www.cgfmanet.org\/es\/#website"},"primaryImageOfPage":{"@id":"https:\/\/www.cgfmanet.org\/es\/ifma-es\/ver-a-cristo-en-cada-persona\/#primaryimage"},"image":{"@id":"https:\/\/www.cgfmanet.org\/es\/ifma-es\/ver-a-cristo-en-cada-persona\/#primaryimage"},"thumbnailUrl":"https:\/\/www.cgfmanet.org\/wp-content\/uploads\/2024\/08\/Prime-Professioni-Roma.jpg","datePublished":"2024-08-08T10:38:16+00:00","dateModified":"2024-08-10T20:31:01+00:00","description":"El 6 de agosto de 2024 en Roma, en la Parroquia Salesiana \"Santa Maria della Speranza\", once j\u00f3venes hicieron su Primera Profesi\u00f3n Religiosa en el Instituto FMA.","breadcrumb":{"@id":"https:\/\/www.cgfmanet.org\/es\/ifma-es\/ver-a-cristo-en-cada-persona\/#breadcrumb"},"inLanguage":"es","potentialAction":[{"@type":"ReadAction","target":["https:\/\/www.cgfmanet.org\/es\/ifma-es\/ver-a-cristo-en-cada-persona\/"]}]},{"@type":"ImageObject","inLanguage":"es","@id":"https:\/\/www.cgfmanet.org\/es\/ifma-es\/ver-a-cristo-en-cada-persona\/#primaryimage","url":"https:\/\/www.cgfmanet.org\/wp-content\/uploads\/2024\/08\/Prime-Professioni-Roma.jpg","contentUrl":"https:\/\/www.cgfmanet.org\/wp-content\/uploads\/2024\/08\/Prime-Professioni-Roma.jpg","width":1181,"height":787},{"@type":"BreadcrumbList","@id":"https:\/\/www.cgfmanet.org\/es\/ifma-es\/ver-a-cristo-en-cada-persona\/#breadcrumb","itemListElement":[{"@type":"ListItem","position":1,"name":"Home","item":"https:\/\/www.cgfmanet.org\/es\/"},{"@type":"ListItem","position":2,"name":"Ver a Cristo en cada persona"}]},{"@type":"WebSite","@id":"https:\/\/www.cgfmanet.org\/es\/#website","url":"https:\/\/www.cgfmanet.org\/es\/","name":"Istituto Figlie di Maria Ausiliatrice","description":"Salesiane di Don Bosco","publisher":{"@id":"https:\/\/www.cgfmanet.org\/es\/#organization"},"potentialAction":[{"@type":"SearchAction","target":{"@type":"EntryPoint","urlTemplate":"https:\/\/www.cgfmanet.org\/es\/?s={search_term_string}"},"query-input":{"@type":"PropertyValueSpecification","valueRequired":true,"valueName":"search_term_string"}}],"inLanguage":"es"},{"@type":"Organization","@id":"https:\/\/www.cgfmanet.org\/es\/#organization","name":"Istituto Figlie di Maria Ausiliatrice","url":"https:\/\/www.cgfmanet.org\/es\/","logo":{"@type":"ImageObject","inLanguage":"es","@id":"https:\/\/www.cgfmanet.org\/es\/#\/schema\/logo\/image\/","url":"https:\/\/www.cgfmanet.org\/wp-content\/uploads\/2018\/10\/logo-fma.png","contentUrl":"https:\/\/www.cgfmanet.org\/wp-content\/uploads\/2018\/10\/logo-fma.png","width":214,"height":55,"caption":"Istituto Figlie di Maria Ausiliatrice"},"image":{"@id":"https:\/\/www.cgfmanet.org\/es\/#\/schema\/logo\/image\/"},"sameAs":["https:\/\/www.facebook.com\/salesian.sisters.of.don.bosco\/","https:\/\/x.com\/Cgfmanet_Org","https:\/\/www.youtube.com\/channel\/UCmcr8yFQBV7JXeXVxyV9y5Q"]},{"@type":"Person","@id":"https:\/\/www.cgfmanet.org\/es\/#\/schema\/person\/ce6473083f53ef0ef882cca23f0c8fb9","name":"Redazione"}]}},"_links":{"self":[{"href":"https:\/\/www.cgfmanet.org\/es\/wp-json\/wp\/v2\/posts\/116733","targetHints":{"allow":["GET"]}}],"collection":[{"href":"https:\/\/www.cgfmanet.org\/es\/wp-json\/wp\/v2\/posts"}],"about":[{"href":"https:\/\/www.cgfmanet.org\/es\/wp-json\/wp\/v2\/types\/post"}],"author":[{"embeddable":true,"href":"https:\/\/www.cgfmanet.org\/es\/wp-json\/wp\/v2\/users\/21"}],"replies":[{"embeddable":true,"href":"https:\/\/www.cgfmanet.org\/es\/wp-json\/wp\/v2\/comments?post=116733"}],"version-history":[{"count":2,"href":"https:\/\/www.cgfmanet.org\/es\/wp-json\/wp\/v2\/posts\/116733\/revisions"}],"predecessor-version":[{"id":116847,"href":"https:\/\/www.cgfmanet.org\/es\/wp-json\/wp\/v2\/posts\/116733\/revisions\/116847"}],"wp:featuredmedia":[{"embeddable":true,"href":"https:\/\/www.cgfmanet.org\/es\/wp-json\/wp\/v2\/media\/116728"}],"wp:attachment":[{"href":"https:\/\/www.cgfmanet.org\/es\/wp-json\/wp\/v2\/media?parent=116733"}],"wp:term":[{"taxonomy":"category","embeddable":true,"href":"https:\/\/www.cgfmanet.org\/es\/wp-json\/wp\/v2\/categories?post=116733"},{"taxonomy":"post_tag","embeddable":true,"href":"https:\/\/www.cgfmanet.org\/es\/wp-json\/wp\/v2\/tags?post=116733"}],"curies":[{"name":"wp","href":"https:\/\/api.w.org\/{rel}","templated":true}]}}