{"id":113653,"date":"2024-06-17T10:21:22","date_gmt":"2024-06-17T08:21:22","guid":{"rendered":"https:\/\/www.cgfmanet.org\/infoesfera\/incontro-nazionale-coordinatori-equipe-di-comunicazione-cil\/"},"modified":"2024-06-17T10:55:14","modified_gmt":"2024-06-17T08:55:14","slug":"jornada-nacional-coordinadores-equipos-de-comunicacion-cil","status":"publish","type":"post","link":"https:\/\/www.cgfmanet.org\/es\/infoesfera\/jornada-nacional-coordinadores-equipos-de-comunicacion-cil\/","title":{"rendered":"Jornada Nacional Coordinadores Equipos de Comunicaci\u00f3n \u2013 CIL"},"content":{"rendered":"<p><strong>Santiago (Chile).<\/strong> Entre el <strong>12 y el 14 de junio del 2024, en la casa de retiro \u201cSagrado Coraz\u00f3n<\/strong> de Santiago El Bosque, se realiz\u00f3 la <strong>Jornada nacional para Coordinadores ECOS (Equipos de Comunicaci\u00f3n Social)<\/strong>, reuniendo <strong>18 comunicadores<\/strong> de las comunidades educativas y miembros del equipo central\u00a0 de las Hijas de Mar\u00eda Auxiliadora de la inspector\u00eda <em>S. Gabriel Arc\u00e1ngel <\/em>(CIL).<\/p>\n<p><strong>El objetivo<\/strong> de esta experiencia tiene relaci\u00f3n con el camino formativo que est\u00e1 llevando adelante el equipo para la Comunicaci\u00f3n FMA en Chile, focalizado en la formaci\u00f3n docente y conformaci\u00f3n de una red que, en equipo, genera vida en el contexto del mundo digital, impulsado por las orientaciones del \u00c1mbito para la Comunicaci\u00f3n Social del Instituto, animado por la Consejera General sor Ausilia de Siena y su equipo.<\/p>\n<p>El evento comenz\u00f3 con una din\u00e1mica comunicativa y exposici\u00f3n acerca del tema de la <strong>Presencia \/ Asistencia Salesiana<\/strong> en los medios digitales a cargo de <strong>sor Susana D\u00edaz Vidal, <\/strong>Coordinadora de Comunicaci\u00f3n Social en Chile y una capacitaci\u00f3n sobre redacci\u00f3n de noticias para la web por la periodista sra. <strong>Andrea Robles<\/strong>.<\/p>\n<p>V\u00eda Zoom, <strong>sor Marcia Kofferman, Doctora en Educomunicaci\u00f3n,<\/strong> FMA de la Provincia de Nuestra Se\u00f1ora Aparecida (BAP), Doctora en Educomunicaci\u00f3n, present\u00f3 el tema \u201c<strong>Educomunicaci\u00f3n e Infodemia\u201d<\/strong>, citando al pedagogo brasile\u00f1o Paulo Freire: <em>\u00abLa educaci\u00f3n no cambia al mundo, cambia a las personas que cambiar\u00e1n al mundo\u00bb.<\/em><\/p>\n<p>El segundo d\u00eda incluy\u00f3 una visita a las oficinas de <strong>Lenovo en Chile<\/strong>, donde el sr. <strong>Daniel Lagarini, Education Ecosystem Manager en Google for Education,<\/strong> expuso acerca de las novedades 2024 &#8211; 2025 de Google Workspace, Formaci\u00f3n Docente, Gemini AI y sobre las posibilidades educativas al trabajar con <strong>Chromebooks<\/strong>.<\/p>\n<p>El <strong>sr. C\u00e9sar Cid, de la Red SIP <\/strong>(Sociedad de Instrucci\u00f3n Primaria) comparte el camino recorrido por esta instituci\u00f3n, a partir de 1999, para llegar a transformarse en una red de referencia Google (<strong>Google Reference School)<\/strong>.<\/p>\n<p>En \u00faltima actividad de la ma\u00f1ana, a cargo del <strong>sr. Alejandro Gallegos y la srta. Fernanda C\u00f3rdova, ambos de CodeChile<\/strong>, los comunicadores realizan juego de roles en grupos, como administradores y estudiantes, experimentando el potencial de los equipos <strong>Chromebooks de Lenovo<\/strong>, puestos a disposici\u00f3n por la empresa <strong>Millo Technology, <\/strong>qui\u00e9n al final del encuentro, sorte\u00f3 un equipo para los participantes, en esta oportunidad <strong>se lo adjundic\u00f3 la srta. Javiera Tapia (aspirante FMA).<\/strong><\/p>\n<p>Por la tarde, el sr. <strong>Mauricio Machuca<\/strong>, miembro del equipo central, present\u00f3 la nueva <strong>interfaz web institucional<\/strong> para cada comunidad educativa con sus respectivos espacios de trabajo, mientras que el periodista<strong> sr.<\/strong> <strong>Juan Carlos Camus<\/strong> abord\u00f3 la <strong>Inteligencia Artificial<\/strong> y estrategias para generar mejores contenidos con ella.<\/p>\n<p>En la \u00faltima jornada, los propios comunicadores compartieron conocimientos pr\u00e1cticos sobre <strong>fotograf\u00eda, a cargo de la srta. \u00c1ngela Maldonado <\/strong>del Instituto Polit\u00e9cnico Mar\u00eda Auxiliadora de Puerto Montt, <strong>video y transmisi\u00f3n streaming, a cargo del sr. Enzo Bustos <\/strong>del Liceo Polivalente Mar\u00eda Auxiliadora de Linares y <strong>grabaci\u00f3n de audio a cargo de sor Susana D\u00edaz Vidal, <\/strong>Coordinadora de Comunicaci\u00f3n Social.<\/p>\n<p>Tras evaluar la reuni\u00f3n, los participantes regresaron a sus lugares de origen enriquecidos con nuevos aprendizajes, a la espera de la pr\u00f3xima oportunidad y con el desaf\u00edo de caminar, gradualmente, hacia la Certificaci\u00f3n Google Reference School.<\/p>\n<p><strong>Foto: <span style=\"color: #0000ff;\"><a style=\"color: #0000ff;\" href=\"https:\/\/www.flickr.com\/photos\/141783705@N02\/albums\/72177720317852065\/\" target=\"_blank\" rel=\"noopener\">Flickr FMA CIL<\/a><\/span><\/strong><\/p>\n<p>&nbsp;<\/p>\n","protected":false},"excerpt":{"rendered":"<p>Santiago (Chile). Entre el 12 y el 14 de junio del 2024, en la casa de retiro \u201cSagrado Coraz\u00f3n de Santiago El Bosque, se realiz\u00f3 la Jornada nacional para Coordinadores [&hellip;]<\/p>\n","protected":false},"author":21,"featured_media":113647,"comment_status":"open","ping_status":"closed","sticky":false,"template":"","format":"standard","meta":{"footnotes":""},"categories":[39,206],"tags":[1048,1135,1931],"class_list":["post-113653","post","type-post","status-publish","format-standard","has-post-thumbnail","category-infoesfera","category-educomunicacion","tag-cil-es","tag-educacion","tag-focus-es"],"yoast_head":"<!-- This site is optimized with the Yoast SEO plugin v27.4 - https:\/\/yoast.com\/product\/yoast-seo-wordpress\/ -->\n<title>Jornada Nacional Coordinadores Equipos de Comunicaci\u00f3n \u2013 CIL &#8226; Istituto Figlie di Maria Ausiliatrice<\/title>\n<meta name=\"description\" content=\"Entre el 12 al 14 de junio de 2024 en Santiago de Chile se realiz\u00f3 la Jornada Nacional de Coordinadores de ECOS (Equipos de Comunicaci\u00f3n Social).\" \/>\n<meta name=\"robots\" content=\"index, follow, max-snippet:-1, max-image-preview:large, max-video-preview:-1\" \/>\n<link rel=\"canonical\" href=\"https:\/\/www.cgfmanet.org\/infosfera\/incontro-nazionale-coordinatori-equipe-di-comunicazione-cil\/\" \/>\n<meta property=\"og:locale\" content=\"es_ES\" \/>\n<meta property=\"og:type\" content=\"article\" \/>\n<meta property=\"og:title\" content=\"Jornada Nacional Coordinadores Equipos de Comunicaci\u00f3n \u2013 CIL &#8226; Istituto Figlie di Maria Ausiliatrice\" \/>\n<meta property=\"og:description\" content=\"Entre el 12 al 14 de junio de 2024 en Santiago de Chile se realiz\u00f3 la Jornada Nacional de Coordinadores de ECOS (Equipos de Comunicaci\u00f3n Social).\" \/>\n<meta property=\"og:url\" content=\"https:\/\/www.cgfmanet.org\/infosfera\/incontro-nazionale-coordinatori-equipe-di-comunicazione-cil\/\" \/>\n<meta property=\"og:site_name\" content=\"Istituto Figlie di Maria Ausiliatrice\" \/>\n<meta property=\"article:publisher\" content=\"https:\/\/www.facebook.com\/salesian.sisters.of.don.bosco\/\" \/>\n<meta property=\"article:published_time\" content=\"2024-06-17T08:21:22+00:00\" \/>\n<meta property=\"article:modified_time\" content=\"2024-06-17T08:55:14+00:00\" \/>\n<meta property=\"og:image\" content=\"https:\/\/www.cgfmanet.org\/wp-content\/uploads\/2024\/06\/Incontro-ECOS_CIL.jpg\" \/>\n\t<meta property=\"og:image:width\" content=\"1181\" \/>\n\t<meta property=\"og:image:height\" content=\"787\" \/>\n\t<meta property=\"og:image:type\" content=\"image\/jpeg\" \/>\n<meta name=\"author\" content=\"Redazione\" \/>\n<meta name=\"twitter:card\" content=\"summary_large_image\" \/>\n<meta name=\"twitter:creator\" content=\"@Cgfmanet_Org\" \/>\n<meta name=\"twitter:site\" content=\"@Cgfmanet_Org\" \/>\n<meta name=\"twitter:label1\" content=\"Escrito por\" \/>\n\t<meta name=\"twitter:data1\" content=\"Redazione\" \/>\n\t<meta name=\"twitter:label2\" content=\"Tiempo de lectura\" \/>\n\t<meta name=\"twitter:data2\" content=\"4 minutos\" \/>\n<script type=\"application\/ld+json\" class=\"yoast-schema-graph\">{\"@context\":\"https:\\\/\\\/schema.org\",\"@graph\":[{\"@type\":\"Article\",\"@id\":\"https:\\\/\\\/www.cgfmanet.org\\\/infosfera\\\/incontro-nazionale-coordinatori-equipe-di-comunicazione-cil\\\/#article\",\"isPartOf\":{\"@id\":\"https:\\\/\\\/www.cgfmanet.org\\\/infosfera\\\/incontro-nazionale-coordinatori-equipe-di-comunicazione-cil\\\/\"},\"author\":{\"name\":\"Redazione\",\"@id\":\"https:\\\/\\\/www.cgfmanet.org\\\/es\\\/#\\\/schema\\\/person\\\/ce6473083f53ef0ef882cca23f0c8fb9\"},\"headline\":\"Jornada Nacional Coordinadores Equipos de Comunicaci\u00f3n \u2013 CIL\",\"datePublished\":\"2024-06-17T08:21:22+00:00\",\"dateModified\":\"2024-06-17T08:55:14+00:00\",\"mainEntityOfPage\":{\"@id\":\"https:\\\/\\\/www.cgfmanet.org\\\/infosfera\\\/incontro-nazionale-coordinatori-equipe-di-comunicazione-cil\\\/\"},\"wordCount\":575,\"commentCount\":0,\"publisher\":{\"@id\":\"https:\\\/\\\/www.cgfmanet.org\\\/es\\\/#organization\"},\"image\":{\"@id\":\"https:\\\/\\\/www.cgfmanet.org\\\/infosfera\\\/incontro-nazionale-coordinatori-equipe-di-comunicazione-cil\\\/#primaryimage\"},\"thumbnailUrl\":\"https:\\\/\\\/www.cgfmanet.org\\\/wp-content\\\/uploads\\\/2024\\\/06\\\/Incontro-ECOS_CIL.jpg\",\"keywords\":[\"CIL\",\"Educaci\u00f3n\",\"Focus\"],\"articleSection\":[\"Infoesfera\",\"Educomunicaci\u00f3n\"],\"inLanguage\":\"es\",\"potentialAction\":[{\"@type\":\"CommentAction\",\"name\":\"Comment\",\"target\":[\"https:\\\/\\\/www.cgfmanet.org\\\/infosfera\\\/incontro-nazionale-coordinatori-equipe-di-comunicazione-cil\\\/#respond\"]}]},{\"@type\":\"WebPage\",\"@id\":\"https:\\\/\\\/www.cgfmanet.org\\\/infosfera\\\/incontro-nazionale-coordinatori-equipe-di-comunicazione-cil\\\/\",\"url\":\"https:\\\/\\\/www.cgfmanet.org\\\/infosfera\\\/incontro-nazionale-coordinatori-equipe-di-comunicazione-cil\\\/\",\"name\":\"Jornada Nacional Coordinadores Equipos de Comunicaci\u00f3n \u2013 CIL &#8226; Istituto Figlie di Maria Ausiliatrice\",\"isPartOf\":{\"@id\":\"https:\\\/\\\/www.cgfmanet.org\\\/es\\\/#website\"},\"primaryImageOfPage\":{\"@id\":\"https:\\\/\\\/www.cgfmanet.org\\\/infosfera\\\/incontro-nazionale-coordinatori-equipe-di-comunicazione-cil\\\/#primaryimage\"},\"image\":{\"@id\":\"https:\\\/\\\/www.cgfmanet.org\\\/infosfera\\\/incontro-nazionale-coordinatori-equipe-di-comunicazione-cil\\\/#primaryimage\"},\"thumbnailUrl\":\"https:\\\/\\\/www.cgfmanet.org\\\/wp-content\\\/uploads\\\/2024\\\/06\\\/Incontro-ECOS_CIL.jpg\",\"datePublished\":\"2024-06-17T08:21:22+00:00\",\"dateModified\":\"2024-06-17T08:55:14+00:00\",\"description\":\"Entre el 12 al 14 de junio de 2024 en Santiago de Chile se realiz\u00f3 la Jornada Nacional de Coordinadores de ECOS (Equipos de Comunicaci\u00f3n Social).\",\"breadcrumb\":{\"@id\":\"https:\\\/\\\/www.cgfmanet.org\\\/infosfera\\\/incontro-nazionale-coordinatori-equipe-di-comunicazione-cil\\\/#breadcrumb\"},\"inLanguage\":\"es\",\"potentialAction\":[{\"@type\":\"ReadAction\",\"target\":[\"https:\\\/\\\/www.cgfmanet.org\\\/infosfera\\\/incontro-nazionale-coordinatori-equipe-di-comunicazione-cil\\\/\"]}]},{\"@type\":\"ImageObject\",\"inLanguage\":\"es\",\"@id\":\"https:\\\/\\\/www.cgfmanet.org\\\/infosfera\\\/incontro-nazionale-coordinatori-equipe-di-comunicazione-cil\\\/#primaryimage\",\"url\":\"https:\\\/\\\/www.cgfmanet.org\\\/wp-content\\\/uploads\\\/2024\\\/06\\\/Incontro-ECOS_CIL.jpg\",\"contentUrl\":\"https:\\\/\\\/www.cgfmanet.org\\\/wp-content\\\/uploads\\\/2024\\\/06\\\/Incontro-ECOS_CIL.jpg\",\"width\":1181,\"height\":787},{\"@type\":\"BreadcrumbList\",\"@id\":\"https:\\\/\\\/www.cgfmanet.org\\\/infosfera\\\/incontro-nazionale-coordinatori-equipe-di-comunicazione-cil\\\/#breadcrumb\",\"itemListElement\":[{\"@type\":\"ListItem\",\"position\":1,\"name\":\"Home\",\"item\":\"https:\\\/\\\/www.cgfmanet.org\\\/es\\\/\"},{\"@type\":\"ListItem\",\"position\":2,\"name\":\"Jornada Nacional Coordinadores Equipos de Comunicaci\u00f3n \u2013 CIL\"}]},{\"@type\":\"WebSite\",\"@id\":\"https:\\\/\\\/www.cgfmanet.org\\\/es\\\/#website\",\"url\":\"https:\\\/\\\/www.cgfmanet.org\\\/es\\\/\",\"name\":\"Istituto Figlie di Maria Ausiliatrice\",\"description\":\"Salesiane di Don Bosco\",\"publisher\":{\"@id\":\"https:\\\/\\\/www.cgfmanet.org\\\/es\\\/#organization\"},\"potentialAction\":[{\"@type\":\"SearchAction\",\"target\":{\"@type\":\"EntryPoint\",\"urlTemplate\":\"https:\\\/\\\/www.cgfmanet.org\\\/es\\\/?s={search_term_string}\"},\"query-input\":{\"@type\":\"PropertyValueSpecification\",\"valueRequired\":true,\"valueName\":\"search_term_string\"}}],\"inLanguage\":\"es\"},{\"@type\":\"Organization\",\"@id\":\"https:\\\/\\\/www.cgfmanet.org\\\/es\\\/#organization\",\"name\":\"Istituto Figlie di Maria Ausiliatrice\",\"url\":\"https:\\\/\\\/www.cgfmanet.org\\\/es\\\/\",\"logo\":{\"@type\":\"ImageObject\",\"inLanguage\":\"es\",\"@id\":\"https:\\\/\\\/www.cgfmanet.org\\\/es\\\/#\\\/schema\\\/logo\\\/image\\\/\",\"url\":\"https:\\\/\\\/www.cgfmanet.org\\\/wp-content\\\/uploads\\\/2018\\\/10\\\/logo-fma.png\",\"contentUrl\":\"https:\\\/\\\/www.cgfmanet.org\\\/wp-content\\\/uploads\\\/2018\\\/10\\\/logo-fma.png\",\"width\":214,\"height\":55,\"caption\":\"Istituto Figlie di Maria Ausiliatrice\"},\"image\":{\"@id\":\"https:\\\/\\\/www.cgfmanet.org\\\/es\\\/#\\\/schema\\\/logo\\\/image\\\/\"},\"sameAs\":[\"https:\\\/\\\/www.facebook.com\\\/salesian.sisters.of.don.bosco\\\/\",\"https:\\\/\\\/x.com\\\/Cgfmanet_Org\",\"https:\\\/\\\/www.youtube.com\\\/channel\\\/UCmcr8yFQBV7JXeXVxyV9y5Q\"]},{\"@type\":\"Person\",\"@id\":\"https:\\\/\\\/www.cgfmanet.org\\\/es\\\/#\\\/schema\\\/person\\\/ce6473083f53ef0ef882cca23f0c8fb9\",\"name\":\"Redazione\"}]}<\/script>\n<!-- \/ Yoast SEO plugin. -->","yoast_head_json":{"title":"Jornada Nacional Coordinadores Equipos de Comunicaci\u00f3n \u2013 CIL &#8226; Istituto Figlie di Maria Ausiliatrice","description":"Entre el 12 al 14 de junio de 2024 en Santiago de Chile se realiz\u00f3 la Jornada Nacional de Coordinadores de ECOS (Equipos de Comunicaci\u00f3n Social).","robots":{"index":"index","follow":"follow","max-snippet":"max-snippet:-1","max-image-preview":"max-image-preview:large","max-video-preview":"max-video-preview:-1"},"canonical":"https:\/\/www.cgfmanet.org\/infosfera\/incontro-nazionale-coordinatori-equipe-di-comunicazione-cil\/","og_locale":"es_ES","og_type":"article","og_title":"Jornada Nacional Coordinadores Equipos de Comunicaci\u00f3n \u2013 CIL &#8226; Istituto Figlie di Maria Ausiliatrice","og_description":"Entre el 12 al 14 de junio de 2024 en Santiago de Chile se realiz\u00f3 la Jornada Nacional de Coordinadores de ECOS (Equipos de Comunicaci\u00f3n Social).","og_url":"https:\/\/www.cgfmanet.org\/infosfera\/incontro-nazionale-coordinatori-equipe-di-comunicazione-cil\/","og_site_name":"Istituto Figlie di Maria Ausiliatrice","article_publisher":"https:\/\/www.facebook.com\/salesian.sisters.of.don.bosco\/","article_published_time":"2024-06-17T08:21:22+00:00","article_modified_time":"2024-06-17T08:55:14+00:00","og_image":[{"width":1181,"height":787,"url":"https:\/\/www.cgfmanet.org\/wp-content\/uploads\/2024\/06\/Incontro-ECOS_CIL.jpg","type":"image\/jpeg"}],"author":"Redazione","twitter_card":"summary_large_image","twitter_creator":"@Cgfmanet_Org","twitter_site":"@Cgfmanet_Org","twitter_misc":{"Escrito por":"Redazione","Tiempo de lectura":"4 minutos"},"schema":{"@context":"https:\/\/schema.org","@graph":[{"@type":"Article","@id":"https:\/\/www.cgfmanet.org\/infosfera\/incontro-nazionale-coordinatori-equipe-di-comunicazione-cil\/#article","isPartOf":{"@id":"https:\/\/www.cgfmanet.org\/infosfera\/incontro-nazionale-coordinatori-equipe-di-comunicazione-cil\/"},"author":{"name":"Redazione","@id":"https:\/\/www.cgfmanet.org\/es\/#\/schema\/person\/ce6473083f53ef0ef882cca23f0c8fb9"},"headline":"Jornada Nacional Coordinadores Equipos de Comunicaci\u00f3n \u2013 CIL","datePublished":"2024-06-17T08:21:22+00:00","dateModified":"2024-06-17T08:55:14+00:00","mainEntityOfPage":{"@id":"https:\/\/www.cgfmanet.org\/infosfera\/incontro-nazionale-coordinatori-equipe-di-comunicazione-cil\/"},"wordCount":575,"commentCount":0,"publisher":{"@id":"https:\/\/www.cgfmanet.org\/es\/#organization"},"image":{"@id":"https:\/\/www.cgfmanet.org\/infosfera\/incontro-nazionale-coordinatori-equipe-di-comunicazione-cil\/#primaryimage"},"thumbnailUrl":"https:\/\/www.cgfmanet.org\/wp-content\/uploads\/2024\/06\/Incontro-ECOS_CIL.jpg","keywords":["CIL","Educaci\u00f3n","Focus"],"articleSection":["Infoesfera","Educomunicaci\u00f3n"],"inLanguage":"es","potentialAction":[{"@type":"CommentAction","name":"Comment","target":["https:\/\/www.cgfmanet.org\/infosfera\/incontro-nazionale-coordinatori-equipe-di-comunicazione-cil\/#respond"]}]},{"@type":"WebPage","@id":"https:\/\/www.cgfmanet.org\/infosfera\/incontro-nazionale-coordinatori-equipe-di-comunicazione-cil\/","url":"https:\/\/www.cgfmanet.org\/infosfera\/incontro-nazionale-coordinatori-equipe-di-comunicazione-cil\/","name":"Jornada Nacional Coordinadores Equipos de Comunicaci\u00f3n \u2013 CIL &#8226; Istituto Figlie di Maria Ausiliatrice","isPartOf":{"@id":"https:\/\/www.cgfmanet.org\/es\/#website"},"primaryImageOfPage":{"@id":"https:\/\/www.cgfmanet.org\/infosfera\/incontro-nazionale-coordinatori-equipe-di-comunicazione-cil\/#primaryimage"},"image":{"@id":"https:\/\/www.cgfmanet.org\/infosfera\/incontro-nazionale-coordinatori-equipe-di-comunicazione-cil\/#primaryimage"},"thumbnailUrl":"https:\/\/www.cgfmanet.org\/wp-content\/uploads\/2024\/06\/Incontro-ECOS_CIL.jpg","datePublished":"2024-06-17T08:21:22+00:00","dateModified":"2024-06-17T08:55:14+00:00","description":"Entre el 12 al 14 de junio de 2024 en Santiago de Chile se realiz\u00f3 la Jornada Nacional de Coordinadores de ECOS (Equipos de Comunicaci\u00f3n Social).","breadcrumb":{"@id":"https:\/\/www.cgfmanet.org\/infosfera\/incontro-nazionale-coordinatori-equipe-di-comunicazione-cil\/#breadcrumb"},"inLanguage":"es","potentialAction":[{"@type":"ReadAction","target":["https:\/\/www.cgfmanet.org\/infosfera\/incontro-nazionale-coordinatori-equipe-di-comunicazione-cil\/"]}]},{"@type":"ImageObject","inLanguage":"es","@id":"https:\/\/www.cgfmanet.org\/infosfera\/incontro-nazionale-coordinatori-equipe-di-comunicazione-cil\/#primaryimage","url":"https:\/\/www.cgfmanet.org\/wp-content\/uploads\/2024\/06\/Incontro-ECOS_CIL.jpg","contentUrl":"https:\/\/www.cgfmanet.org\/wp-content\/uploads\/2024\/06\/Incontro-ECOS_CIL.jpg","width":1181,"height":787},{"@type":"BreadcrumbList","@id":"https:\/\/www.cgfmanet.org\/infosfera\/incontro-nazionale-coordinatori-equipe-di-comunicazione-cil\/#breadcrumb","itemListElement":[{"@type":"ListItem","position":1,"name":"Home","item":"https:\/\/www.cgfmanet.org\/es\/"},{"@type":"ListItem","position":2,"name":"Jornada Nacional Coordinadores Equipos de Comunicaci\u00f3n \u2013 CIL"}]},{"@type":"WebSite","@id":"https:\/\/www.cgfmanet.org\/es\/#website","url":"https:\/\/www.cgfmanet.org\/es\/","name":"Istituto Figlie di Maria Ausiliatrice","description":"Salesiane di Don Bosco","publisher":{"@id":"https:\/\/www.cgfmanet.org\/es\/#organization"},"potentialAction":[{"@type":"SearchAction","target":{"@type":"EntryPoint","urlTemplate":"https:\/\/www.cgfmanet.org\/es\/?s={search_term_string}"},"query-input":{"@type":"PropertyValueSpecification","valueRequired":true,"valueName":"search_term_string"}}],"inLanguage":"es"},{"@type":"Organization","@id":"https:\/\/www.cgfmanet.org\/es\/#organization","name":"Istituto Figlie di Maria Ausiliatrice","url":"https:\/\/www.cgfmanet.org\/es\/","logo":{"@type":"ImageObject","inLanguage":"es","@id":"https:\/\/www.cgfmanet.org\/es\/#\/schema\/logo\/image\/","url":"https:\/\/www.cgfmanet.org\/wp-content\/uploads\/2018\/10\/logo-fma.png","contentUrl":"https:\/\/www.cgfmanet.org\/wp-content\/uploads\/2018\/10\/logo-fma.png","width":214,"height":55,"caption":"Istituto Figlie di Maria Ausiliatrice"},"image":{"@id":"https:\/\/www.cgfmanet.org\/es\/#\/schema\/logo\/image\/"},"sameAs":["https:\/\/www.facebook.com\/salesian.sisters.of.don.bosco\/","https:\/\/x.com\/Cgfmanet_Org","https:\/\/www.youtube.com\/channel\/UCmcr8yFQBV7JXeXVxyV9y5Q"]},{"@type":"Person","@id":"https:\/\/www.cgfmanet.org\/es\/#\/schema\/person\/ce6473083f53ef0ef882cca23f0c8fb9","name":"Redazione"}]}},"_links":{"self":[{"href":"https:\/\/www.cgfmanet.org\/es\/wp-json\/wp\/v2\/posts\/113653","targetHints":{"allow":["GET"]}}],"collection":[{"href":"https:\/\/www.cgfmanet.org\/es\/wp-json\/wp\/v2\/posts"}],"about":[{"href":"https:\/\/www.cgfmanet.org\/es\/wp-json\/wp\/v2\/types\/post"}],"author":[{"embeddable":true,"href":"https:\/\/www.cgfmanet.org\/es\/wp-json\/wp\/v2\/users\/21"}],"replies":[{"embeddable":true,"href":"https:\/\/www.cgfmanet.org\/es\/wp-json\/wp\/v2\/comments?post=113653"}],"version-history":[{"count":1,"href":"https:\/\/www.cgfmanet.org\/es\/wp-json\/wp\/v2\/posts\/113653\/revisions"}],"predecessor-version":[{"id":113654,"href":"https:\/\/www.cgfmanet.org\/es\/wp-json\/wp\/v2\/posts\/113653\/revisions\/113654"}],"wp:featuredmedia":[{"embeddable":true,"href":"https:\/\/www.cgfmanet.org\/es\/wp-json\/wp\/v2\/media\/113647"}],"wp:attachment":[{"href":"https:\/\/www.cgfmanet.org\/es\/wp-json\/wp\/v2\/media?parent=113653"}],"wp:term":[{"taxonomy":"category","embeddable":true,"href":"https:\/\/www.cgfmanet.org\/es\/wp-json\/wp\/v2\/categories?post=113653"},{"taxonomy":"post_tag","embeddable":true,"href":"https:\/\/www.cgfmanet.org\/es\/wp-json\/wp\/v2\/tags?post=113653"}],"curies":[{"name":"wp","href":"https:\/\/api.w.org\/{rel}","templated":true}]}}