{"id":112275,"date":"2024-05-28T16:47:47","date_gmt":"2024-05-28T14:47:47","guid":{"rendered":"https:\/\/www.cgfmanet.org\/infoesfera\/congresso-internazionale-di-pastorale-giovanile\/"},"modified":"2024-05-31T21:39:25","modified_gmt":"2024-05-31T19:39:25","slug":"congreso-internacional-de-pastoral-juvenil","status":"publish","type":"post","link":"https:\/\/www.cgfmanet.org\/es\/infoesfera\/congreso-internacional-de-pastoral-juvenil\/","title":{"rendered":"Congreso Internacional de Pastoral Juvenil"},"content":{"rendered":"<p><strong>Roma (Italia).<\/strong> Del 23 al 25 de mayo de 2024, unos 300 delegados de las Conferencias Episcopales de 110 pa\u00edses se reunieron en Roma, en la Casa de Acogida \u00abIl Carmelo\u00bb, para participar en el Congreso Internacional de Pastoral Juvenil, organizado por el Dicasterio para los Laicos, la Familia y la Vida. Dos Delegados de cada pa\u00eds fueron invitados al evento: el Director de PJ u otro l\u00edder, y un joven. En representaci\u00f3n del Instituto de las Hijas de Mar\u00eda Auxiliadora estuvieron sor Lolia Annie, FMA, colaboradora del \u00c1mbito de Pastoral Juvenil, y Alessia Drago, joven de la Inspector\u00eda siciliana <em>de Madre Maddalena Morano<\/em> (ISI).<\/p>\n<p>Al inaugurar el encuentro, el cardenal Kevin Farrell, prefecto del Dicasterio para los Laicos, la Familia y la Vida, record\u00f3 que el evento se sit\u00faa en la \u00abencrucijada\u00bb de eventos significativos para la evangelizaci\u00f3n de los j\u00f3venes: la JMJ Lisboa 2023, que ya ha tenido lugar, el 5\u00ba aniversario de Christus Vivit y la preparaci\u00f3n para el Jubileo de la Juventud 2025, que se est\u00e1n viviendo.\u00a0 y la JMJ de Se\u00fal, Corea, que ser\u00e1 en 2027.<\/p>\n<p><em>\u00abEl Congreso, por lo tanto, ser\u00e1 una oportunidad preciosa para &#8216;aprender unos de otros&#8217; y quiz\u00e1s nos d\u00e9 la oportunidad de descubrir nuevos l\u00edderes j\u00f3venes capaces de abrir nuevos horizontes de esperanza en los pr\u00f3ximos a\u00f1os. Los j\u00f3venes, en efecto, pueden ser los protagonistas de la renovaci\u00f3n, para que la Iglesia se \u00abdesbloquee\u00bb y vuelva a ser joven (cf. CV, 34). Por lo tanto, abramonos a los j\u00f3venes y abramonos tambi\u00e9n con esperanza al futuro. Tienen una gran tarea encomendada\u201d. <\/em>(<strong><a href=\"https:\/\/www.laityfamilylife.va\/content\/dam\/laityfamilylife\/Pdf\/CONGRESSOPASTORALEGIOVANILE2024\/FARRELL_CongressoPastoraleGiovanile2024_Saluto%20iniziale_IT.pdf\" target=\"_blank\" rel=\"noopener\"><span style=\"color: #0000ff;\">Texto completo<\/span><\/a><\/strong>)<\/p>\n<p>En torno al tema <strong>\u00abPor una Pastoral Juvenil Sinodal: Nuevos Estilos y Estrategias de Liderazgo\u00bb,<\/strong> representantes y l\u00edderes de diversos movimientos de todo el mundo reflexionaron y discutieron nuevos estilos y estrategias de liderazgo en la Pastoral Juvenil. De la discusi\u00f3n surgi\u00f3 la necesidad de un enfoque inclusivo y participativo para guiar a los j\u00f3venes dentro de la Iglesia.<\/p>\n<p>Se han identificado varias perspectivas, entre ellas la b\u00fasqueda de nuevos\u00a0 estilos de <em>liderazgo\u00a0 <\/em>que potencien la participaci\u00f3n activa de los j\u00f3venes, como el <em>liderazgo colaborativo<\/em>. Esta \u00faltima, en concreto, prev\u00e9 la difusi\u00f3n de una cultura participativa en la que los j\u00f3venes participen en los procesos de toma de decisiones, lo que permite fortalecer el sentido de responsabilidad y pertenencia.<\/p>\n<p>Tambi\u00e9n se habl\u00f3 <em>de Team Building<\/em> como estrategia de cooperaci\u00f3n para alcanzar objetivos comunes. Y nuevamente, hablaron sobre la Capacitaci\u00f3n y el acompa\u00f1amiento para preparar a j\u00f3venes l\u00edderes en todas las dimensiones. Tambi\u00e9n se hizo hincapi\u00e9 en el papel fundamental de la mentor\u00eda<em>, con el acompa\u00f1amiento continuo de mentores experimentados que ofrecen orientaci\u00f3n y apoyo.<\/em><\/p>\n<p>Otro aspecto fue el de la comunicaci\u00f3n abierta e inclusiva, coincidiendo en que la implementaci\u00f3n de pr\u00e1cticas de comunicaci\u00f3n transparentes ciertamente facilita el di\u00e1logo y el entendimiento mutuo entre los j\u00f3venes y los l\u00edderes de la iglesia, asegurando que todas las voces sean escuchadas y valoradas con respeto por cada joven.<\/p>\n<p>A lo largo de las sesiones, se presentaron diferentes estrategias para una PJ sinodal eficaz: se propuso la sinodalidad a trav\u00e9s de la creaci\u00f3n de espacios de escucha y di\u00e1logo, donde los j\u00f3venes puedan expresar libremente sus experiencias, ideas e inquietudes. Se han propuesto asambleas sinodales peri\u00f3dicas de j\u00f3venes en las que se discuten y proponen iniciativas comunitarias, como experiencias de voluntariado, actividades culturales y sociales que refuerzan el sentido de cohesi\u00f3n y misi\u00f3n entre los j\u00f3venes.<\/p>\n<p>El Congreso se enriqueci\u00f3 con momentos de intercambio en plenaria, donde los j\u00f3venes compartieron sus experiencias de participaci\u00f3n sinodal. Sus discursos destacaron la importancia de involucrarse en la responsabilidad de formar comunidades viables y maduras.<\/p>\n<p><em><strong>Un momento muy significativo fue la audiencia con el Papa Francisco en la Sala Clementina del Vaticano.<\/strong> Expresando su gratitud por el \u00e9xito de la JMJ de Lisboa, el Papa dej\u00f3 algunas indicaciones valiosas: tener cuidado de no descuidar el camino de los j\u00f3venes en la vida cotidiana, en lo ordinario, \u00a0el acompa\u00f1amiento en el \u00a0discernimiento espiritual -sinodal, personal y orientado a la verdad- y, por \u00faltimo, pero no menos importante, record\u00f3 la importancia de escuchar a los j\u00f3venes: \u00abuna escucha real, que no se quede a medias,\u00a0 o simplemente una fachada\u201d.<\/em> (<span style=\"color: #0000ff;\"><strong><a style=\"color: #0000ff;\" href=\"https:\/\/www.vatican.va\/content\/francesco\/it\/speeches\/2024\/may\/documents\/20240525-pastorale-giovanile-congresso.html\" target=\"_blank\" rel=\"noopener\">Discurso<\/a><\/strong><\/span>)<\/p>\n<p>Las resonancias de Alessia al final de la experiencia:<\/p>\n<p>\u00abParticipar en el Congreso Internacional de Pastoral Juvenil ha sido una experiencia extraordinaria, que ha dejado una huella significativa en mi vida espiritual y personal. <strong>Estar rodeados de j\u00f3venes de todos los rincones del mundo, unidos por la misma b\u00fasqueda de sentido y autenticidad en la fe, hizo de este evento un momento de profundo enriquecimiento y crecimiento.<\/strong><\/p>\n<p>Uno de los aspectos m\u00e1s destacados fue el di\u00e1logo abierto y sincero con otros j\u00f3venes sobre su experiencia de fe y los desaf\u00edos diarios que enfrentan. Escuchar sus historias de esperanza, lucha y renacimiento me hizo sentir parte de una comunidad global de creyentes, unidos en el objetivo com\u00fan de anunciar a Jes\u00fas a otros j\u00f3venes.<\/p>\n<p>Durante el Congreso, comprend\u00ed que para anunciar a Jes\u00fas a otros j\u00f3venes, es esencial dar testimonio de una fe vivida con alegr\u00eda y coherencia. Las acciones y la presencia amorosa hablan m\u00e1s al coraz\u00f3n de los j\u00f3venes que las palabras. Participar en esta conferencia me ha hecho m\u00e1s consciente de la importancia de darnos cuenta, en primer lugar, del amor que Jes\u00fas tiene por nosotros. S\u00f3lo con una verdadera apertura de coraz\u00f3n, que requiere amor y confianza, podemos transformar la vida de los j\u00f3venes que encontramos.<\/p>\n<p>En conclusi\u00f3n, el Congreso represent\u00f3 un momento crucial para reflexionar sobre el papel de los j\u00f3venes en la Iglesia y c\u00f3mo la sinodalidad puede convertirse en un pilar fundamental en su gu\u00eda y formaci\u00f3n. Los desaf\u00edos futuros se referir\u00e1n a la implementaci\u00f3n de las ideas y estrategias discutidas, dando lugar a una Pastoral Juvenil verdaderamente sinodal, din\u00e1mica e inclusiva.<\/p>\n<p>La esperanza es que este enfoque ayude a formar j\u00f3venes l\u00edderes capaces de liderar con sabidur\u00eda y compasi\u00f3n, construyendo una Iglesia cada vez m\u00e1s abierta y acogedora, donde la esperanza siga siendo la base de todo\u201d.<\/p>\n<p><strong>Foto: <span style=\"color: #0000ff;\"><a style=\"color: #0000ff;\" href=\"https:\/\/www.flickr.com\/photos\/laityfamilylife\/albums\/72177720317234981\/\" target=\"_blank\" rel=\"noopener\">Flickr Dicastero LFV<\/a><\/span><\/strong><\/p>\n","protected":false},"excerpt":{"rendered":"<p>Roma (Italia). Del 23 al 25 de mayo de 2024, unos 300 delegados de las Conferencias Episcopales de 110 pa\u00edses se reunieron en Roma, en la Casa de Acogida \u00abIl [&hellip;]<\/p>\n","protected":false},"author":21,"featured_media":112270,"comment_status":"open","ping_status":"closed","sticky":false,"template":"","format":"standard","meta":{"footnotes":""},"categories":[39,191],"tags":[339,1458,1538,1931],"class_list":["post-112275","post","type-post","status-publish","format-standard","has-post-thumbnail","category-infoesfera","category-iglesia","tag-jovenes","tag-sinodalidad","tag-pastoral-juvenil","tag-focus-es"],"yoast_head":"<!-- This site is optimized with the Yoast SEO plugin v27.4 - https:\/\/yoast.com\/product\/yoast-seo-wordpress\/ -->\n<title>Congreso Internacional de Pastoral Juvenil &#8226; Istituto Figlie di Maria Ausiliatrice<\/title>\n<meta name=\"description\" content=\"Del 23 al 25 de mayo de 2024, unos 300 delegados de las Conferencias Episcopales de 110 pa\u00edses se reunieron en Roma para participar en el Congreso Internacional de Pastoral Juvenil.\" \/>\n<meta name=\"robots\" content=\"index, follow, max-snippet:-1, max-image-preview:large, max-video-preview:-1\" \/>\n<link rel=\"canonical\" href=\"https:\/\/www.cgfmanet.org\/es\/infoesfera\/congreso-internacional-de-pastoral-juvenil\/\" \/>\n<meta property=\"og:locale\" content=\"es_ES\" \/>\n<meta property=\"og:type\" content=\"article\" \/>\n<meta property=\"og:title\" content=\"Congreso Internacional de Pastoral Juvenil &#8226; Istituto Figlie di Maria Ausiliatrice\" \/>\n<meta property=\"og:description\" content=\"Del 23 al 25 de mayo de 2024, unos 300 delegados de las Conferencias Episcopales de 110 pa\u00edses se reunieron en Roma para participar en el Congreso Internacional de Pastoral Juvenil.\" \/>\n<meta property=\"og:url\" content=\"https:\/\/www.cgfmanet.org\/es\/infoesfera\/congreso-internacional-de-pastoral-juvenil\/\" \/>\n<meta property=\"og:site_name\" content=\"Istituto Figlie di Maria Ausiliatrice\" \/>\n<meta property=\"article:publisher\" content=\"https:\/\/www.facebook.com\/salesian.sisters.of.don.bosco\/\" \/>\n<meta property=\"article:published_time\" content=\"2024-05-28T14:47:47+00:00\" \/>\n<meta property=\"article:modified_time\" content=\"2024-05-31T19:39:25+00:00\" \/>\n<meta property=\"og:image\" content=\"https:\/\/www.cgfmanet.org\/wp-content\/uploads\/2024\/05\/Congresso-internazionale-PG.jpg\" \/>\n\t<meta property=\"og:image:width\" content=\"1798\" \/>\n\t<meta property=\"og:image:height\" content=\"1199\" \/>\n\t<meta property=\"og:image:type\" content=\"image\/jpeg\" \/>\n<meta name=\"author\" content=\"Redazione\" \/>\n<meta name=\"twitter:card\" content=\"summary_large_image\" \/>\n<meta name=\"twitter:creator\" content=\"@Cgfmanet_Org\" \/>\n<meta name=\"twitter:site\" content=\"@Cgfmanet_Org\" \/>\n<meta name=\"twitter:label1\" content=\"Escrito por\" \/>\n\t<meta name=\"twitter:data1\" content=\"Redazione\" \/>\n\t<meta name=\"twitter:label2\" content=\"Tiempo de lectura\" \/>\n\t<meta name=\"twitter:data2\" content=\"6 minutos\" \/>\n<script type=\"application\/ld+json\" class=\"yoast-schema-graph\">{\"@context\":\"https:\\\/\\\/schema.org\",\"@graph\":[{\"@type\":\"Article\",\"@id\":\"https:\\\/\\\/www.cgfmanet.org\\\/es\\\/infoesfera\\\/congreso-internacional-de-pastoral-juvenil\\\/#article\",\"isPartOf\":{\"@id\":\"https:\\\/\\\/www.cgfmanet.org\\\/es\\\/infoesfera\\\/congreso-internacional-de-pastoral-juvenil\\\/\"},\"author\":{\"name\":\"Redazione\",\"@id\":\"https:\\\/\\\/www.cgfmanet.org\\\/es\\\/#\\\/schema\\\/person\\\/ce6473083f53ef0ef882cca23f0c8fb9\"},\"headline\":\"Congreso Internacional de Pastoral Juvenil\",\"datePublished\":\"2024-05-28T14:47:47+00:00\",\"dateModified\":\"2024-05-31T19:39:25+00:00\",\"mainEntityOfPage\":{\"@id\":\"https:\\\/\\\/www.cgfmanet.org\\\/es\\\/infoesfera\\\/congreso-internacional-de-pastoral-juvenil\\\/\"},\"wordCount\":1090,\"commentCount\":1,\"publisher\":{\"@id\":\"https:\\\/\\\/www.cgfmanet.org\\\/es\\\/#organization\"},\"image\":{\"@id\":\"https:\\\/\\\/www.cgfmanet.org\\\/es\\\/infoesfera\\\/congreso-internacional-de-pastoral-juvenil\\\/#primaryimage\"},\"thumbnailUrl\":\"https:\\\/\\\/www.cgfmanet.org\\\/wp-content\\\/uploads\\\/2024\\\/05\\\/Congresso-internazionale-PG.jpg\",\"keywords\":[\"J\u00f3venes\",\"Sinodalidad\",\"Pastoral Juvenil\",\"Focus\"],\"articleSection\":[\"Infoesfera\",\"Iglesia\"],\"inLanguage\":\"es\",\"potentialAction\":[{\"@type\":\"CommentAction\",\"name\":\"Comment\",\"target\":[\"https:\\\/\\\/www.cgfmanet.org\\\/es\\\/infoesfera\\\/congreso-internacional-de-pastoral-juvenil\\\/#respond\"]}]},{\"@type\":\"WebPage\",\"@id\":\"https:\\\/\\\/www.cgfmanet.org\\\/es\\\/infoesfera\\\/congreso-internacional-de-pastoral-juvenil\\\/\",\"url\":\"https:\\\/\\\/www.cgfmanet.org\\\/es\\\/infoesfera\\\/congreso-internacional-de-pastoral-juvenil\\\/\",\"name\":\"Congreso Internacional de Pastoral Juvenil &#8226; Istituto Figlie di Maria Ausiliatrice\",\"isPartOf\":{\"@id\":\"https:\\\/\\\/www.cgfmanet.org\\\/es\\\/#website\"},\"primaryImageOfPage\":{\"@id\":\"https:\\\/\\\/www.cgfmanet.org\\\/es\\\/infoesfera\\\/congreso-internacional-de-pastoral-juvenil\\\/#primaryimage\"},\"image\":{\"@id\":\"https:\\\/\\\/www.cgfmanet.org\\\/es\\\/infoesfera\\\/congreso-internacional-de-pastoral-juvenil\\\/#primaryimage\"},\"thumbnailUrl\":\"https:\\\/\\\/www.cgfmanet.org\\\/wp-content\\\/uploads\\\/2024\\\/05\\\/Congresso-internazionale-PG.jpg\",\"datePublished\":\"2024-05-28T14:47:47+00:00\",\"dateModified\":\"2024-05-31T19:39:25+00:00\",\"description\":\"Del 23 al 25 de mayo de 2024, unos 300 delegados de las Conferencias Episcopales de 110 pa\u00edses se reunieron en Roma para participar en el Congreso Internacional de Pastoral Juvenil.\",\"breadcrumb\":{\"@id\":\"https:\\\/\\\/www.cgfmanet.org\\\/es\\\/infoesfera\\\/congreso-internacional-de-pastoral-juvenil\\\/#breadcrumb\"},\"inLanguage\":\"es\",\"potentialAction\":[{\"@type\":\"ReadAction\",\"target\":[\"https:\\\/\\\/www.cgfmanet.org\\\/es\\\/infoesfera\\\/congreso-internacional-de-pastoral-juvenil\\\/\"]}]},{\"@type\":\"ImageObject\",\"inLanguage\":\"es\",\"@id\":\"https:\\\/\\\/www.cgfmanet.org\\\/es\\\/infoesfera\\\/congreso-internacional-de-pastoral-juvenil\\\/#primaryimage\",\"url\":\"https:\\\/\\\/www.cgfmanet.org\\\/wp-content\\\/uploads\\\/2024\\\/05\\\/Congresso-internazionale-PG.jpg\",\"contentUrl\":\"https:\\\/\\\/www.cgfmanet.org\\\/wp-content\\\/uploads\\\/2024\\\/05\\\/Congresso-internazionale-PG.jpg\",\"width\":1798,\"height\":1199},{\"@type\":\"BreadcrumbList\",\"@id\":\"https:\\\/\\\/www.cgfmanet.org\\\/es\\\/infoesfera\\\/congreso-internacional-de-pastoral-juvenil\\\/#breadcrumb\",\"itemListElement\":[{\"@type\":\"ListItem\",\"position\":1,\"name\":\"Home\",\"item\":\"https:\\\/\\\/www.cgfmanet.org\\\/es\\\/\"},{\"@type\":\"ListItem\",\"position\":2,\"name\":\"Congreso Internacional de Pastoral Juvenil\"}]},{\"@type\":\"WebSite\",\"@id\":\"https:\\\/\\\/www.cgfmanet.org\\\/es\\\/#website\",\"url\":\"https:\\\/\\\/www.cgfmanet.org\\\/es\\\/\",\"name\":\"Istituto Figlie di Maria Ausiliatrice\",\"description\":\"Salesiane di Don Bosco\",\"publisher\":{\"@id\":\"https:\\\/\\\/www.cgfmanet.org\\\/es\\\/#organization\"},\"potentialAction\":[{\"@type\":\"SearchAction\",\"target\":{\"@type\":\"EntryPoint\",\"urlTemplate\":\"https:\\\/\\\/www.cgfmanet.org\\\/es\\\/?s={search_term_string}\"},\"query-input\":{\"@type\":\"PropertyValueSpecification\",\"valueRequired\":true,\"valueName\":\"search_term_string\"}}],\"inLanguage\":\"es\"},{\"@type\":\"Organization\",\"@id\":\"https:\\\/\\\/www.cgfmanet.org\\\/es\\\/#organization\",\"name\":\"Istituto Figlie di Maria Ausiliatrice\",\"url\":\"https:\\\/\\\/www.cgfmanet.org\\\/es\\\/\",\"logo\":{\"@type\":\"ImageObject\",\"inLanguage\":\"es\",\"@id\":\"https:\\\/\\\/www.cgfmanet.org\\\/es\\\/#\\\/schema\\\/logo\\\/image\\\/\",\"url\":\"https:\\\/\\\/www.cgfmanet.org\\\/wp-content\\\/uploads\\\/2018\\\/10\\\/logo-fma.png\",\"contentUrl\":\"https:\\\/\\\/www.cgfmanet.org\\\/wp-content\\\/uploads\\\/2018\\\/10\\\/logo-fma.png\",\"width\":214,\"height\":55,\"caption\":\"Istituto Figlie di Maria Ausiliatrice\"},\"image\":{\"@id\":\"https:\\\/\\\/www.cgfmanet.org\\\/es\\\/#\\\/schema\\\/logo\\\/image\\\/\"},\"sameAs\":[\"https:\\\/\\\/www.facebook.com\\\/salesian.sisters.of.don.bosco\\\/\",\"https:\\\/\\\/x.com\\\/Cgfmanet_Org\",\"https:\\\/\\\/www.youtube.com\\\/channel\\\/UCmcr8yFQBV7JXeXVxyV9y5Q\"]},{\"@type\":\"Person\",\"@id\":\"https:\\\/\\\/www.cgfmanet.org\\\/es\\\/#\\\/schema\\\/person\\\/ce6473083f53ef0ef882cca23f0c8fb9\",\"name\":\"Redazione\"}]}<\/script>\n<!-- \/ Yoast SEO plugin. -->","yoast_head_json":{"title":"Congreso Internacional de Pastoral Juvenil &#8226; Istituto Figlie di Maria Ausiliatrice","description":"Del 23 al 25 de mayo de 2024, unos 300 delegados de las Conferencias Episcopales de 110 pa\u00edses se reunieron en Roma para participar en el Congreso Internacional de Pastoral Juvenil.","robots":{"index":"index","follow":"follow","max-snippet":"max-snippet:-1","max-image-preview":"max-image-preview:large","max-video-preview":"max-video-preview:-1"},"canonical":"https:\/\/www.cgfmanet.org\/es\/infoesfera\/congreso-internacional-de-pastoral-juvenil\/","og_locale":"es_ES","og_type":"article","og_title":"Congreso Internacional de Pastoral Juvenil &#8226; Istituto Figlie di Maria Ausiliatrice","og_description":"Del 23 al 25 de mayo de 2024, unos 300 delegados de las Conferencias Episcopales de 110 pa\u00edses se reunieron en Roma para participar en el Congreso Internacional de Pastoral Juvenil.","og_url":"https:\/\/www.cgfmanet.org\/es\/infoesfera\/congreso-internacional-de-pastoral-juvenil\/","og_site_name":"Istituto Figlie di Maria Ausiliatrice","article_publisher":"https:\/\/www.facebook.com\/salesian.sisters.of.don.bosco\/","article_published_time":"2024-05-28T14:47:47+00:00","article_modified_time":"2024-05-31T19:39:25+00:00","og_image":[{"width":1798,"height":1199,"url":"https:\/\/www.cgfmanet.org\/wp-content\/uploads\/2024\/05\/Congresso-internazionale-PG.jpg","type":"image\/jpeg"}],"author":"Redazione","twitter_card":"summary_large_image","twitter_creator":"@Cgfmanet_Org","twitter_site":"@Cgfmanet_Org","twitter_misc":{"Escrito por":"Redazione","Tiempo de lectura":"6 minutos"},"schema":{"@context":"https:\/\/schema.org","@graph":[{"@type":"Article","@id":"https:\/\/www.cgfmanet.org\/es\/infoesfera\/congreso-internacional-de-pastoral-juvenil\/#article","isPartOf":{"@id":"https:\/\/www.cgfmanet.org\/es\/infoesfera\/congreso-internacional-de-pastoral-juvenil\/"},"author":{"name":"Redazione","@id":"https:\/\/www.cgfmanet.org\/es\/#\/schema\/person\/ce6473083f53ef0ef882cca23f0c8fb9"},"headline":"Congreso Internacional de Pastoral Juvenil","datePublished":"2024-05-28T14:47:47+00:00","dateModified":"2024-05-31T19:39:25+00:00","mainEntityOfPage":{"@id":"https:\/\/www.cgfmanet.org\/es\/infoesfera\/congreso-internacional-de-pastoral-juvenil\/"},"wordCount":1090,"commentCount":1,"publisher":{"@id":"https:\/\/www.cgfmanet.org\/es\/#organization"},"image":{"@id":"https:\/\/www.cgfmanet.org\/es\/infoesfera\/congreso-internacional-de-pastoral-juvenil\/#primaryimage"},"thumbnailUrl":"https:\/\/www.cgfmanet.org\/wp-content\/uploads\/2024\/05\/Congresso-internazionale-PG.jpg","keywords":["J\u00f3venes","Sinodalidad","Pastoral Juvenil","Focus"],"articleSection":["Infoesfera","Iglesia"],"inLanguage":"es","potentialAction":[{"@type":"CommentAction","name":"Comment","target":["https:\/\/www.cgfmanet.org\/es\/infoesfera\/congreso-internacional-de-pastoral-juvenil\/#respond"]}]},{"@type":"WebPage","@id":"https:\/\/www.cgfmanet.org\/es\/infoesfera\/congreso-internacional-de-pastoral-juvenil\/","url":"https:\/\/www.cgfmanet.org\/es\/infoesfera\/congreso-internacional-de-pastoral-juvenil\/","name":"Congreso Internacional de Pastoral Juvenil &#8226; Istituto Figlie di Maria Ausiliatrice","isPartOf":{"@id":"https:\/\/www.cgfmanet.org\/es\/#website"},"primaryImageOfPage":{"@id":"https:\/\/www.cgfmanet.org\/es\/infoesfera\/congreso-internacional-de-pastoral-juvenil\/#primaryimage"},"image":{"@id":"https:\/\/www.cgfmanet.org\/es\/infoesfera\/congreso-internacional-de-pastoral-juvenil\/#primaryimage"},"thumbnailUrl":"https:\/\/www.cgfmanet.org\/wp-content\/uploads\/2024\/05\/Congresso-internazionale-PG.jpg","datePublished":"2024-05-28T14:47:47+00:00","dateModified":"2024-05-31T19:39:25+00:00","description":"Del 23 al 25 de mayo de 2024, unos 300 delegados de las Conferencias Episcopales de 110 pa\u00edses se reunieron en Roma para participar en el Congreso Internacional de Pastoral Juvenil.","breadcrumb":{"@id":"https:\/\/www.cgfmanet.org\/es\/infoesfera\/congreso-internacional-de-pastoral-juvenil\/#breadcrumb"},"inLanguage":"es","potentialAction":[{"@type":"ReadAction","target":["https:\/\/www.cgfmanet.org\/es\/infoesfera\/congreso-internacional-de-pastoral-juvenil\/"]}]},{"@type":"ImageObject","inLanguage":"es","@id":"https:\/\/www.cgfmanet.org\/es\/infoesfera\/congreso-internacional-de-pastoral-juvenil\/#primaryimage","url":"https:\/\/www.cgfmanet.org\/wp-content\/uploads\/2024\/05\/Congresso-internazionale-PG.jpg","contentUrl":"https:\/\/www.cgfmanet.org\/wp-content\/uploads\/2024\/05\/Congresso-internazionale-PG.jpg","width":1798,"height":1199},{"@type":"BreadcrumbList","@id":"https:\/\/www.cgfmanet.org\/es\/infoesfera\/congreso-internacional-de-pastoral-juvenil\/#breadcrumb","itemListElement":[{"@type":"ListItem","position":1,"name":"Home","item":"https:\/\/www.cgfmanet.org\/es\/"},{"@type":"ListItem","position":2,"name":"Congreso Internacional de Pastoral Juvenil"}]},{"@type":"WebSite","@id":"https:\/\/www.cgfmanet.org\/es\/#website","url":"https:\/\/www.cgfmanet.org\/es\/","name":"Istituto Figlie di Maria Ausiliatrice","description":"Salesiane di Don Bosco","publisher":{"@id":"https:\/\/www.cgfmanet.org\/es\/#organization"},"potentialAction":[{"@type":"SearchAction","target":{"@type":"EntryPoint","urlTemplate":"https:\/\/www.cgfmanet.org\/es\/?s={search_term_string}"},"query-input":{"@type":"PropertyValueSpecification","valueRequired":true,"valueName":"search_term_string"}}],"inLanguage":"es"},{"@type":"Organization","@id":"https:\/\/www.cgfmanet.org\/es\/#organization","name":"Istituto Figlie di Maria Ausiliatrice","url":"https:\/\/www.cgfmanet.org\/es\/","logo":{"@type":"ImageObject","inLanguage":"es","@id":"https:\/\/www.cgfmanet.org\/es\/#\/schema\/logo\/image\/","url":"https:\/\/www.cgfmanet.org\/wp-content\/uploads\/2018\/10\/logo-fma.png","contentUrl":"https:\/\/www.cgfmanet.org\/wp-content\/uploads\/2018\/10\/logo-fma.png","width":214,"height":55,"caption":"Istituto Figlie di Maria Ausiliatrice"},"image":{"@id":"https:\/\/www.cgfmanet.org\/es\/#\/schema\/logo\/image\/"},"sameAs":["https:\/\/www.facebook.com\/salesian.sisters.of.don.bosco\/","https:\/\/x.com\/Cgfmanet_Org","https:\/\/www.youtube.com\/channel\/UCmcr8yFQBV7JXeXVxyV9y5Q"]},{"@type":"Person","@id":"https:\/\/www.cgfmanet.org\/es\/#\/schema\/person\/ce6473083f53ef0ef882cca23f0c8fb9","name":"Redazione"}]}},"_links":{"self":[{"href":"https:\/\/www.cgfmanet.org\/es\/wp-json\/wp\/v2\/posts\/112275","targetHints":{"allow":["GET"]}}],"collection":[{"href":"https:\/\/www.cgfmanet.org\/es\/wp-json\/wp\/v2\/posts"}],"about":[{"href":"https:\/\/www.cgfmanet.org\/es\/wp-json\/wp\/v2\/types\/post"}],"author":[{"embeddable":true,"href":"https:\/\/www.cgfmanet.org\/es\/wp-json\/wp\/v2\/users\/21"}],"replies":[{"embeddable":true,"href":"https:\/\/www.cgfmanet.org\/es\/wp-json\/wp\/v2\/comments?post=112275"}],"version-history":[{"count":1,"href":"https:\/\/www.cgfmanet.org\/es\/wp-json\/wp\/v2\/posts\/112275\/revisions"}],"predecessor-version":[{"id":112519,"href":"https:\/\/www.cgfmanet.org\/es\/wp-json\/wp\/v2\/posts\/112275\/revisions\/112519"}],"wp:featuredmedia":[{"embeddable":true,"href":"https:\/\/www.cgfmanet.org\/es\/wp-json\/wp\/v2\/media\/112270"}],"wp:attachment":[{"href":"https:\/\/www.cgfmanet.org\/es\/wp-json\/wp\/v2\/media?parent=112275"}],"wp:term":[{"taxonomy":"category","embeddable":true,"href":"https:\/\/www.cgfmanet.org\/es\/wp-json\/wp\/v2\/categories?post=112275"},{"taxonomy":"post_tag","embeddable":true,"href":"https:\/\/www.cgfmanet.org\/es\/wp-json\/wp\/v2\/tags?post=112275"}],"curies":[{"name":"wp","href":"https:\/\/api.w.org\/{rel}","templated":true}]}}