{"id":111838,"date":"2024-05-24T12:22:23","date_gmt":"2024-05-24T10:22:23","guid":{"rendered":"https:\/\/www.cgfmanet.org\/infoesfera\/il-mondo-canta-a-maria\/"},"modified":"2024-05-25T12:27:38","modified_gmt":"2024-05-25T10:27:38","slug":"el-mundo-le-canta-a-maria","status":"publish","type":"post","link":"https:\/\/www.cgfmanet.org\/es\/ifma-es\/el-mundo-le-canta-a-maria\/","title":{"rendered":"El mundo le canta a Mar\u00eda"},"content":{"rendered":"<p><strong>Roma (Italia).<\/strong> El 30 <strong>de mayo de 2024 a las 14:30 (hora italiana),<\/strong> al concluir el mes dedicado a Mar\u00eda, el \u00c1mbito para la Comunicaci\u00f3n Social del Instituto de las Hijas de Mar\u00eda Auxiliadora propone una Fiesta Mariana que quiere reunir las voces de todo el mundo salesiano en un canto de alabanza a la Madre de toda la humanidad.<\/p>\n<p>A trav\u00e9s de una <strong>transmisi\u00f3n en vivo<\/strong>, tienes la oportunidad de viajar por todo el mundo para descubrir c\u00f3mo cada pueblo, con la belleza y el encanto de su propia cultura, expresa con canto confianza y gran amor por Aquella a quien el Se\u00f1or ha dado como Madre a la humanidad.<\/p>\n<p>La preparaci\u00f3n de la Fiesta Mariana ha sido posible gracias a la colaboraci\u00f3n de las Coordinadoras Inspectoriales para la Comunicaci\u00f3n Social -FMA y laicos- que, divididas en Conferencias interinspectoriales, han podido implicar a ni\u00f1os, j\u00f3venes en formaci\u00f3n, colaboradores laicos y hermanas para dar a conocer las tradiciones marianas t\u00edpicas de sus pa\u00edses. Bajo diferentes t\u00edtulos, el mundo invoca a Mar\u00eda, con diferentes ritmos y melod\u00edas, pero el amor que une a la Madre Celeste es \u00fanico.<\/p>\n<p><strong>El Festival se abrir\u00e1 con el saludo de la Madre General, Sor Chiara Cazzuola<\/strong>, que en la Circular n\u00ba 1037 nos invita a extender y renovar hoy el agradecimiento de Don Bosco a Mar\u00eda proponi\u00e9ndola a todos &#8211; ni\u00f1os, j\u00f3venes, adultos, familias &#8211; <em>\u00abpara hacer crecer en sus corazones la convicci\u00f3n de que nunca debemos separarnos de Mar\u00eda Sant\u00edsima,\u00a0\u00a0 porque nos lleva a Jes\u00fas\u00bb<\/em> y a seguir creyendo que <em>\u00absu manto de protecci\u00f3n se despliega m\u00e1s all\u00e1 de toda proporci\u00f3n y nos acoge y nos custodia a todos\u00bb.<\/em><\/p>\n<p><span style=\"color: #0000ff;\"><strong><a style=\"color: #0000ff;\" href=\"https:\/\/www.youtube.com\/live\/sGopvMOcS8A\" target=\"_blank\" rel=\"noopener\">Link en directo<\/a><\/strong><\/span><\/p>\n<div class=\"youtube-embed\" data-video_id=\"\"><iframe title=\"Il mondo canta a Maria - 30 Maggio 2024\" width=\"696\" height=\"392\" data-src=\"https:\/\/www.youtube.com\/embed\/sGopvMOcS8A?feature=oembed&#038;enablejsapi=1\" frameborder=\"0\" allow=\"accelerometer; autoplay; clipboard-write; encrypted-media; gyroscope; picture-in-picture; web-share\" referrerpolicy=\"strict-origin-when-cross-origin\" allowfullscreen src=\"data:image\/svg+xml;base64,PHN2ZyB3aWR0aD0iMSIgaGVpZ2h0PSIxIiB4bWxucz0iaHR0cDovL3d3dy53My5vcmcvMjAwMC9zdmciPjwvc3ZnPg==\" class=\"lazyload\" data-load-mode=\"1\"><\/iframe><\/div>\n","protected":false},"excerpt":{"rendered":"<p>Roma (Italia). El 30 de mayo de 2024 a las 14:30 (hora italiana), al concluir el mes dedicado a Mar\u00eda, el \u00c1mbito para la Comunicaci\u00f3n Social del Instituto de las [&hellip;]<\/p>\n","protected":false},"author":21,"featured_media":111831,"comment_status":"open","ping_status":"closed","sticky":false,"template":"","format":"standard","meta":{"footnotes":""},"categories":[167,158],"tags":[765,1669,1931,2148,2379,2384],"class_list":["post-111838","post","type-post","status-publish","format-standard","has-post-thumbnail","category-carisma-salesiano-es","category-ifma-es","tag-consejera-para-la-comunicacion-social","tag-spiritualita-salesiana-es","tag-focus-es","tag-preghiera-es","tag-madre-chiara-cazzuola-es","tag-maria-es"],"yoast_head":"<!-- This site is optimized with the Yoast SEO plugin v27.4 - https:\/\/yoast.com\/product\/yoast-seo-wordpress\/ -->\n<title>El mundo le canta a Mar\u00eda &#8226; Istituto Figlie di Maria Ausiliatrice<\/title>\n<meta name=\"description\" content=\"El 30 de mayo de 2024, en streaming en directo a las 14.30 horas, se celebrar\u00e1 un Festival Mariano que re\u00fane las voces de todo el mundo salesiano en un canto de alabanza a la Madre de toda la humanidad.\" \/>\n<meta name=\"robots\" content=\"index, follow, max-snippet:-1, max-image-preview:large, max-video-preview:-1\" \/>\n<link rel=\"canonical\" href=\"https:\/\/www.cgfmanet.org\/es\/ifma-es\/el-mundo-le-canta-a-maria\/\" \/>\n<meta property=\"og:locale\" content=\"es_ES\" \/>\n<meta property=\"og:type\" content=\"article\" \/>\n<meta property=\"og:title\" content=\"El mundo le canta a Mar\u00eda &#8226; Istituto Figlie di Maria Ausiliatrice\" \/>\n<meta property=\"og:description\" content=\"El 30 de mayo de 2024, en streaming en directo a las 14.30 horas, se celebrar\u00e1 un Festival Mariano que re\u00fane las voces de todo el mundo salesiano en un canto de alabanza a la Madre de toda la humanidad.\" \/>\n<meta property=\"og:url\" content=\"https:\/\/www.cgfmanet.org\/es\/ifma-es\/el-mundo-le-canta-a-maria\/\" \/>\n<meta property=\"og:site_name\" content=\"Istituto Figlie di Maria Ausiliatrice\" \/>\n<meta property=\"article:publisher\" content=\"https:\/\/www.facebook.com\/salesian.sisters.of.don.bosco\/\" \/>\n<meta property=\"article:published_time\" content=\"2024-05-24T10:22:23+00:00\" \/>\n<meta property=\"article:modified_time\" content=\"2024-05-25T10:27:38+00:00\" \/>\n<meta property=\"og:image\" content=\"https:\/\/www.cgfmanet.org\/wp-content\/uploads\/2024\/05\/Il-mondo-canta-a-Maria_sito.jpg\" \/>\n\t<meta property=\"og:image:width\" content=\"1407\" \/>\n\t<meta property=\"og:image:height\" content=\"938\" \/>\n\t<meta property=\"og:image:type\" content=\"image\/jpeg\" \/>\n<meta name=\"author\" content=\"Redazione\" \/>\n<meta name=\"twitter:card\" content=\"summary_large_image\" \/>\n<meta name=\"twitter:creator\" content=\"@Cgfmanet_Org\" \/>\n<meta name=\"twitter:site\" content=\"@Cgfmanet_Org\" \/>\n<meta name=\"twitter:label1\" content=\"Escrito por\" \/>\n\t<meta name=\"twitter:data1\" content=\"Redazione\" \/>\n\t<meta name=\"twitter:label2\" content=\"Tiempo de lectura\" \/>\n\t<meta name=\"twitter:data2\" content=\"2 minutos\" \/>\n<script type=\"application\/ld+json\" class=\"yoast-schema-graph\">{\"@context\":\"https:\\\/\\\/schema.org\",\"@graph\":[{\"@type\":\"Article\",\"@id\":\"https:\\\/\\\/www.cgfmanet.org\\\/es\\\/ifma-es\\\/el-mundo-le-canta-a-maria\\\/#article\",\"isPartOf\":{\"@id\":\"https:\\\/\\\/www.cgfmanet.org\\\/es\\\/ifma-es\\\/el-mundo-le-canta-a-maria\\\/\"},\"author\":{\"name\":\"Redazione\",\"@id\":\"https:\\\/\\\/www.cgfmanet.org\\\/es\\\/#\\\/schema\\\/person\\\/ce6473083f53ef0ef882cca23f0c8fb9\"},\"headline\":\"El mundo le canta a Mar\u00eda\",\"datePublished\":\"2024-05-24T10:22:23+00:00\",\"dateModified\":\"2024-05-25T10:27:38+00:00\",\"mainEntityOfPage\":{\"@id\":\"https:\\\/\\\/www.cgfmanet.org\\\/es\\\/ifma-es\\\/el-mundo-le-canta-a-maria\\\/\"},\"wordCount\":317,\"commentCount\":2,\"publisher\":{\"@id\":\"https:\\\/\\\/www.cgfmanet.org\\\/es\\\/#organization\"},\"image\":{\"@id\":\"https:\\\/\\\/www.cgfmanet.org\\\/es\\\/ifma-es\\\/el-mundo-le-canta-a-maria\\\/#primaryimage\"},\"thumbnailUrl\":\"https:\\\/\\\/www.cgfmanet.org\\\/wp-content\\\/uploads\\\/2024\\\/05\\\/Il-mondo-canta-a-Maria_sito.jpg\",\"keywords\":[\"Consejera para la Comunicaci\u00f3n social\",\"Spiritualit\u00e0 Salesiana\",\"Focus\",\"Preghiera\",\"Madre Chiara Cazzuola\",\"Maria\"],\"articleSection\":[\"Carisma Salesiano\",\"IFMA\"],\"inLanguage\":\"es\",\"potentialAction\":[{\"@type\":\"CommentAction\",\"name\":\"Comment\",\"target\":[\"https:\\\/\\\/www.cgfmanet.org\\\/es\\\/ifma-es\\\/el-mundo-le-canta-a-maria\\\/#respond\"]}]},{\"@type\":\"WebPage\",\"@id\":\"https:\\\/\\\/www.cgfmanet.org\\\/es\\\/ifma-es\\\/el-mundo-le-canta-a-maria\\\/\",\"url\":\"https:\\\/\\\/www.cgfmanet.org\\\/es\\\/ifma-es\\\/el-mundo-le-canta-a-maria\\\/\",\"name\":\"El mundo le canta a Mar\u00eda &#8226; Istituto Figlie di Maria Ausiliatrice\",\"isPartOf\":{\"@id\":\"https:\\\/\\\/www.cgfmanet.org\\\/es\\\/#website\"},\"primaryImageOfPage\":{\"@id\":\"https:\\\/\\\/www.cgfmanet.org\\\/es\\\/ifma-es\\\/el-mundo-le-canta-a-maria\\\/#primaryimage\"},\"image\":{\"@id\":\"https:\\\/\\\/www.cgfmanet.org\\\/es\\\/ifma-es\\\/el-mundo-le-canta-a-maria\\\/#primaryimage\"},\"thumbnailUrl\":\"https:\\\/\\\/www.cgfmanet.org\\\/wp-content\\\/uploads\\\/2024\\\/05\\\/Il-mondo-canta-a-Maria_sito.jpg\",\"datePublished\":\"2024-05-24T10:22:23+00:00\",\"dateModified\":\"2024-05-25T10:27:38+00:00\",\"description\":\"El 30 de mayo de 2024, en streaming en directo a las 14.30 horas, se celebrar\u00e1 un Festival Mariano que re\u00fane las voces de todo el mundo salesiano en un canto de alabanza a la Madre de toda la humanidad.\",\"breadcrumb\":{\"@id\":\"https:\\\/\\\/www.cgfmanet.org\\\/es\\\/ifma-es\\\/el-mundo-le-canta-a-maria\\\/#breadcrumb\"},\"inLanguage\":\"es\",\"potentialAction\":[{\"@type\":\"ReadAction\",\"target\":[\"https:\\\/\\\/www.cgfmanet.org\\\/es\\\/ifma-es\\\/el-mundo-le-canta-a-maria\\\/\"]}]},{\"@type\":\"ImageObject\",\"inLanguage\":\"es\",\"@id\":\"https:\\\/\\\/www.cgfmanet.org\\\/es\\\/ifma-es\\\/el-mundo-le-canta-a-maria\\\/#primaryimage\",\"url\":\"https:\\\/\\\/www.cgfmanet.org\\\/wp-content\\\/uploads\\\/2024\\\/05\\\/Il-mondo-canta-a-Maria_sito.jpg\",\"contentUrl\":\"https:\\\/\\\/www.cgfmanet.org\\\/wp-content\\\/uploads\\\/2024\\\/05\\\/Il-mondo-canta-a-Maria_sito.jpg\",\"width\":1407,\"height\":938},{\"@type\":\"BreadcrumbList\",\"@id\":\"https:\\\/\\\/www.cgfmanet.org\\\/es\\\/ifma-es\\\/el-mundo-le-canta-a-maria\\\/#breadcrumb\",\"itemListElement\":[{\"@type\":\"ListItem\",\"position\":1,\"name\":\"Home\",\"item\":\"https:\\\/\\\/www.cgfmanet.org\\\/es\\\/\"},{\"@type\":\"ListItem\",\"position\":2,\"name\":\"El mundo le canta a Mar\u00eda\"}]},{\"@type\":\"WebSite\",\"@id\":\"https:\\\/\\\/www.cgfmanet.org\\\/es\\\/#website\",\"url\":\"https:\\\/\\\/www.cgfmanet.org\\\/es\\\/\",\"name\":\"Istituto Figlie di Maria Ausiliatrice\",\"description\":\"Salesiane di Don Bosco\",\"publisher\":{\"@id\":\"https:\\\/\\\/www.cgfmanet.org\\\/es\\\/#organization\"},\"potentialAction\":[{\"@type\":\"SearchAction\",\"target\":{\"@type\":\"EntryPoint\",\"urlTemplate\":\"https:\\\/\\\/www.cgfmanet.org\\\/es\\\/?s={search_term_string}\"},\"query-input\":{\"@type\":\"PropertyValueSpecification\",\"valueRequired\":true,\"valueName\":\"search_term_string\"}}],\"inLanguage\":\"es\"},{\"@type\":\"Organization\",\"@id\":\"https:\\\/\\\/www.cgfmanet.org\\\/es\\\/#organization\",\"name\":\"Istituto Figlie di Maria Ausiliatrice\",\"url\":\"https:\\\/\\\/www.cgfmanet.org\\\/es\\\/\",\"logo\":{\"@type\":\"ImageObject\",\"inLanguage\":\"es\",\"@id\":\"https:\\\/\\\/www.cgfmanet.org\\\/es\\\/#\\\/schema\\\/logo\\\/image\\\/\",\"url\":\"https:\\\/\\\/www.cgfmanet.org\\\/wp-content\\\/uploads\\\/2018\\\/10\\\/logo-fma.png\",\"contentUrl\":\"https:\\\/\\\/www.cgfmanet.org\\\/wp-content\\\/uploads\\\/2018\\\/10\\\/logo-fma.png\",\"width\":214,\"height\":55,\"caption\":\"Istituto Figlie di Maria Ausiliatrice\"},\"image\":{\"@id\":\"https:\\\/\\\/www.cgfmanet.org\\\/es\\\/#\\\/schema\\\/logo\\\/image\\\/\"},\"sameAs\":[\"https:\\\/\\\/www.facebook.com\\\/salesian.sisters.of.don.bosco\\\/\",\"https:\\\/\\\/x.com\\\/Cgfmanet_Org\",\"https:\\\/\\\/www.youtube.com\\\/channel\\\/UCmcr8yFQBV7JXeXVxyV9y5Q\"]},{\"@type\":\"Person\",\"@id\":\"https:\\\/\\\/www.cgfmanet.org\\\/es\\\/#\\\/schema\\\/person\\\/ce6473083f53ef0ef882cca23f0c8fb9\",\"name\":\"Redazione\"}]}<\/script>\n<!-- \/ Yoast SEO plugin. -->","yoast_head_json":{"title":"El mundo le canta a Mar\u00eda &#8226; Istituto Figlie di Maria Ausiliatrice","description":"El 30 de mayo de 2024, en streaming en directo a las 14.30 horas, se celebrar\u00e1 un Festival Mariano que re\u00fane las voces de todo el mundo salesiano en un canto de alabanza a la Madre de toda la humanidad.","robots":{"index":"index","follow":"follow","max-snippet":"max-snippet:-1","max-image-preview":"max-image-preview:large","max-video-preview":"max-video-preview:-1"},"canonical":"https:\/\/www.cgfmanet.org\/es\/ifma-es\/el-mundo-le-canta-a-maria\/","og_locale":"es_ES","og_type":"article","og_title":"El mundo le canta a Mar\u00eda &#8226; Istituto Figlie di Maria Ausiliatrice","og_description":"El 30 de mayo de 2024, en streaming en directo a las 14.30 horas, se celebrar\u00e1 un Festival Mariano que re\u00fane las voces de todo el mundo salesiano en un canto de alabanza a la Madre de toda la humanidad.","og_url":"https:\/\/www.cgfmanet.org\/es\/ifma-es\/el-mundo-le-canta-a-maria\/","og_site_name":"Istituto Figlie di Maria Ausiliatrice","article_publisher":"https:\/\/www.facebook.com\/salesian.sisters.of.don.bosco\/","article_published_time":"2024-05-24T10:22:23+00:00","article_modified_time":"2024-05-25T10:27:38+00:00","og_image":[{"width":1407,"height":938,"url":"https:\/\/www.cgfmanet.org\/wp-content\/uploads\/2024\/05\/Il-mondo-canta-a-Maria_sito.jpg","type":"image\/jpeg"}],"author":"Redazione","twitter_card":"summary_large_image","twitter_creator":"@Cgfmanet_Org","twitter_site":"@Cgfmanet_Org","twitter_misc":{"Escrito por":"Redazione","Tiempo de lectura":"2 minutos"},"schema":{"@context":"https:\/\/schema.org","@graph":[{"@type":"Article","@id":"https:\/\/www.cgfmanet.org\/es\/ifma-es\/el-mundo-le-canta-a-maria\/#article","isPartOf":{"@id":"https:\/\/www.cgfmanet.org\/es\/ifma-es\/el-mundo-le-canta-a-maria\/"},"author":{"name":"Redazione","@id":"https:\/\/www.cgfmanet.org\/es\/#\/schema\/person\/ce6473083f53ef0ef882cca23f0c8fb9"},"headline":"El mundo le canta a Mar\u00eda","datePublished":"2024-05-24T10:22:23+00:00","dateModified":"2024-05-25T10:27:38+00:00","mainEntityOfPage":{"@id":"https:\/\/www.cgfmanet.org\/es\/ifma-es\/el-mundo-le-canta-a-maria\/"},"wordCount":317,"commentCount":2,"publisher":{"@id":"https:\/\/www.cgfmanet.org\/es\/#organization"},"image":{"@id":"https:\/\/www.cgfmanet.org\/es\/ifma-es\/el-mundo-le-canta-a-maria\/#primaryimage"},"thumbnailUrl":"https:\/\/www.cgfmanet.org\/wp-content\/uploads\/2024\/05\/Il-mondo-canta-a-Maria_sito.jpg","keywords":["Consejera para la Comunicaci\u00f3n social","Spiritualit\u00e0 Salesiana","Focus","Preghiera","Madre Chiara Cazzuola","Maria"],"articleSection":["Carisma Salesiano","IFMA"],"inLanguage":"es","potentialAction":[{"@type":"CommentAction","name":"Comment","target":["https:\/\/www.cgfmanet.org\/es\/ifma-es\/el-mundo-le-canta-a-maria\/#respond"]}]},{"@type":"WebPage","@id":"https:\/\/www.cgfmanet.org\/es\/ifma-es\/el-mundo-le-canta-a-maria\/","url":"https:\/\/www.cgfmanet.org\/es\/ifma-es\/el-mundo-le-canta-a-maria\/","name":"El mundo le canta a Mar\u00eda &#8226; Istituto Figlie di Maria Ausiliatrice","isPartOf":{"@id":"https:\/\/www.cgfmanet.org\/es\/#website"},"primaryImageOfPage":{"@id":"https:\/\/www.cgfmanet.org\/es\/ifma-es\/el-mundo-le-canta-a-maria\/#primaryimage"},"image":{"@id":"https:\/\/www.cgfmanet.org\/es\/ifma-es\/el-mundo-le-canta-a-maria\/#primaryimage"},"thumbnailUrl":"https:\/\/www.cgfmanet.org\/wp-content\/uploads\/2024\/05\/Il-mondo-canta-a-Maria_sito.jpg","datePublished":"2024-05-24T10:22:23+00:00","dateModified":"2024-05-25T10:27:38+00:00","description":"El 30 de mayo de 2024, en streaming en directo a las 14.30 horas, se celebrar\u00e1 un Festival Mariano que re\u00fane las voces de todo el mundo salesiano en un canto de alabanza a la Madre de toda la humanidad.","breadcrumb":{"@id":"https:\/\/www.cgfmanet.org\/es\/ifma-es\/el-mundo-le-canta-a-maria\/#breadcrumb"},"inLanguage":"es","potentialAction":[{"@type":"ReadAction","target":["https:\/\/www.cgfmanet.org\/es\/ifma-es\/el-mundo-le-canta-a-maria\/"]}]},{"@type":"ImageObject","inLanguage":"es","@id":"https:\/\/www.cgfmanet.org\/es\/ifma-es\/el-mundo-le-canta-a-maria\/#primaryimage","url":"https:\/\/www.cgfmanet.org\/wp-content\/uploads\/2024\/05\/Il-mondo-canta-a-Maria_sito.jpg","contentUrl":"https:\/\/www.cgfmanet.org\/wp-content\/uploads\/2024\/05\/Il-mondo-canta-a-Maria_sito.jpg","width":1407,"height":938},{"@type":"BreadcrumbList","@id":"https:\/\/www.cgfmanet.org\/es\/ifma-es\/el-mundo-le-canta-a-maria\/#breadcrumb","itemListElement":[{"@type":"ListItem","position":1,"name":"Home","item":"https:\/\/www.cgfmanet.org\/es\/"},{"@type":"ListItem","position":2,"name":"El mundo le canta a Mar\u00eda"}]},{"@type":"WebSite","@id":"https:\/\/www.cgfmanet.org\/es\/#website","url":"https:\/\/www.cgfmanet.org\/es\/","name":"Istituto Figlie di Maria Ausiliatrice","description":"Salesiane di Don Bosco","publisher":{"@id":"https:\/\/www.cgfmanet.org\/es\/#organization"},"potentialAction":[{"@type":"SearchAction","target":{"@type":"EntryPoint","urlTemplate":"https:\/\/www.cgfmanet.org\/es\/?s={search_term_string}"},"query-input":{"@type":"PropertyValueSpecification","valueRequired":true,"valueName":"search_term_string"}}],"inLanguage":"es"},{"@type":"Organization","@id":"https:\/\/www.cgfmanet.org\/es\/#organization","name":"Istituto Figlie di Maria Ausiliatrice","url":"https:\/\/www.cgfmanet.org\/es\/","logo":{"@type":"ImageObject","inLanguage":"es","@id":"https:\/\/www.cgfmanet.org\/es\/#\/schema\/logo\/image\/","url":"https:\/\/www.cgfmanet.org\/wp-content\/uploads\/2018\/10\/logo-fma.png","contentUrl":"https:\/\/www.cgfmanet.org\/wp-content\/uploads\/2018\/10\/logo-fma.png","width":214,"height":55,"caption":"Istituto Figlie di Maria Ausiliatrice"},"image":{"@id":"https:\/\/www.cgfmanet.org\/es\/#\/schema\/logo\/image\/"},"sameAs":["https:\/\/www.facebook.com\/salesian.sisters.of.don.bosco\/","https:\/\/x.com\/Cgfmanet_Org","https:\/\/www.youtube.com\/channel\/UCmcr8yFQBV7JXeXVxyV9y5Q"]},{"@type":"Person","@id":"https:\/\/www.cgfmanet.org\/es\/#\/schema\/person\/ce6473083f53ef0ef882cca23f0c8fb9","name":"Redazione"}]}},"_links":{"self":[{"href":"https:\/\/www.cgfmanet.org\/es\/wp-json\/wp\/v2\/posts\/111838","targetHints":{"allow":["GET"]}}],"collection":[{"href":"https:\/\/www.cgfmanet.org\/es\/wp-json\/wp\/v2\/posts"}],"about":[{"href":"https:\/\/www.cgfmanet.org\/es\/wp-json\/wp\/v2\/types\/post"}],"author":[{"embeddable":true,"href":"https:\/\/www.cgfmanet.org\/es\/wp-json\/wp\/v2\/users\/21"}],"replies":[{"embeddable":true,"href":"https:\/\/www.cgfmanet.org\/es\/wp-json\/wp\/v2\/comments?post=111838"}],"version-history":[{"count":3,"href":"https:\/\/www.cgfmanet.org\/es\/wp-json\/wp\/v2\/posts\/111838\/revisions"}],"predecessor-version":[{"id":111845,"href":"https:\/\/www.cgfmanet.org\/es\/wp-json\/wp\/v2\/posts\/111838\/revisions\/111845"}],"wp:featuredmedia":[{"embeddable":true,"href":"https:\/\/www.cgfmanet.org\/es\/wp-json\/wp\/v2\/media\/111831"}],"wp:attachment":[{"href":"https:\/\/www.cgfmanet.org\/es\/wp-json\/wp\/v2\/media?parent=111838"}],"wp:term":[{"taxonomy":"category","embeddable":true,"href":"https:\/\/www.cgfmanet.org\/es\/wp-json\/wp\/v2\/categories?post=111838"},{"taxonomy":"post_tag","embeddable":true,"href":"https:\/\/www.cgfmanet.org\/es\/wp-json\/wp\/v2\/tags?post=111838"}],"curies":[{"name":"wp","href":"https:\/\/api.w.org\/{rel}","templated":true}]}}