{"id":111798,"date":"2024-05-24T11:19:36","date_gmt":"2024-05-24T09:19:36","guid":{"rendered":"https:\/\/www.cgfmanet.org\/infoesfera\/il-canto-io-ti-daro-la-maestra\/"},"modified":"2024-05-24T22:31:36","modified_gmt":"2024-05-24T20:31:36","slug":"la-cancion-yo-te-dare-la-maestra","status":"publish","type":"post","link":"https:\/\/www.cgfmanet.org\/es\/ifma-es\/la-cancion-yo-te-dare-la-maestra\/","title":{"rendered":"La canci\u00f3n \u00abYo te dar\u00e9 la Maestra\u00bb"},"content":{"rendered":"<p><strong>Roma (Italia) <\/strong>El 24 de mayo de 2024, con motivo de la solemnidad de Mar\u00eda Auxiliadora, Maria Dina Bertotti, profesora de religi\u00f3n y autora de varias meditaciones musicales, entre ellas las inspiradas en las vidas de Madre Mazzarello y Madre Catalina Daghero, ofrece su testimonio como autora del texto de la canci\u00f3n \u00abYo te dar\u00e9 la Maestra\u00bb (Texto:\u00a0 Maria Dina Bertotti, M\u00fasica: Luca Canneto).<\/p>\n<div class=\"youtube-embed\" data-video_id=\"u1c-43KFpp0\"><iframe title=\"IO TI DAR\u00d2 LA MAESTRA (musica: Luca Canneto - testo: Maria Dina Bertotti)\" width=\"696\" height=\"522\" data-src=\"https:\/\/www.youtube.com\/embed\/u1c-43KFpp0?feature=oembed&#038;enablejsapi=1\" frameborder=\"0\" allow=\"accelerometer; autoplay; clipboard-write; encrypted-media; gyroscope; picture-in-picture; web-share\" referrerpolicy=\"strict-origin-when-cross-origin\" allowfullscreen src=\"data:image\/svg+xml;base64,PHN2ZyB3aWR0aD0iMSIgaGVpZ2h0PSIxIiB4bWxucz0iaHR0cDovL3d3dy53My5vcmcvMjAwMC9zdmciPjwvc3ZnPg==\" class=\"lazyload\" data-load-mode=\"1\"><\/iframe><\/div>\n<p><em>Cuando me lo propusieron, percib\u00ed un tema, un t\u00edtulo que me gust\u00f3 de inmediato. <\/em><em>Se me pidi\u00f3 que la transformara en una canci\u00f3n que pudiera introducir de vez en cuando el <strong><span style=\"color: #0000ff;\"><a style=\"color: #0000ff;\" href=\"https:\/\/www.cgfmanet.org\/es\/ifma-es\/conferencias-seminarios\/yo-te-dare-la-maestra\/\" target=\"_blank\" rel=\"noopener\">Curso de formaci\u00f3n online<\/a> <\/span><\/strong><\/em><em>sobre Mar\u00eda propuesto por el \u00c1mbito para la Familia Salesiana del Instituto de las Hijas de Mar\u00eda Auxiliadora, en colaboraci\u00f3n con la Pontificia Facultad de Ciencias de la Educaci\u00f3n \u00abAuxilium\u00bb para profundizar y revitalizar la dimensi\u00f3n mariana del carisma. <\/em><\/p>\n<p><strong><em>\u00abYo te dar\u00e9 la Maestra\u00bb,<\/em><\/strong><em> un t\u00edtulo muy sugerente, que nos remite a otra fecha importante de la historia salesiana: los doscientos a\u00f1os del sue\u00f1o de los \u00abnueve a\u00f1os\u00bb, un sue\u00f1o program\u00e1tico que condujo toda la vida de Juan Bosco.<\/em><\/p>\n<p><em>Mar\u00eda fue y sigue siendo una Maestra, una protecci\u00f3n segura en las adversidades de la vida, una sabia educadora que a trav\u00e9s de la pedagog\u00eda del coraz\u00f3n nos ense\u00f1a la autenticidad del encuentro y nos conduce al Se\u00f1or. \u00abSu manto es un refugio seguro&#8230; \u00a1Certeza del para\u00edso!\u00bb<\/em><em>\u00a0<\/em><\/p>\n<p><em>Mar\u00eda abraz\u00f3 todo el horizonte de la experiencia b\u00edblica, y sigue siendo un importante punto de referencia tambi\u00e9n en la tradici\u00f3n y en el Magisterio de la Iglesia. Precisamente por eso la he llamado \u00abAncilla Domini\u00bb y \u00abEstrella de la Ma\u00f1ana\u00bb, la estrella que acompa\u00f1a al hombre hasta el amanecer del nuevo d\u00eda. Nombres antiguos que han llegado hasta nosotros, ricos en tanta poes\u00eda y devoci\u00f3n.<\/em><\/p>\n<p><em>Mar\u00eda tom\u00f3 de la mano a Juan Bosco, le mostr\u00f3 su campo, le mostr\u00f3 el camino, se convirti\u00f3 en una presencia preciosa y confidente para \u00e9l\u2026 \u00a1La Madre!<\/em><\/p>\n<p><em>\u00a1Y no pod\u00eda no brotarle la gratitud! \u00a1Gratitud grande y visible! Ese \u00abmonumento vivo\u00bb que son sus Hijas que en todas partes del mundo la honran y la invocan como poderosa Madre y Auxiliadora de los cristianos.<\/em><\/p>\n<p><em>El compromiso se renueva y se materializa en el presente. Por eso, \u00abos pedimos que am\u00e9is con el coraz\u00f3n, antorchas encendidas de fraternidad\u00bb.<\/em><\/p>\n<p><em>Que cada uno sienta esta palabra con fuerza dentro de s\u00ed mismo. \u00ab\u00a1Yo te dar\u00e9 la Maestra!\u00bb Es la certeza de que ya no estamos solos.<\/em><\/p>\n","protected":false},"excerpt":{"rendered":"<p>Roma (Italia) El 24 de mayo de 2024, con motivo de la solemnidad de Mar\u00eda Auxiliadora, Maria Dina Bertotti, profesora de religi\u00f3n y autora de varias meditaciones musicales, entre ellas [&hellip;]<\/p>\n","protected":false},"author":21,"featured_media":111794,"comment_status":"open","ping_status":"closed","sticky":false,"template":"","format":"standard","meta":{"footnotes":""},"categories":[167,158],"tags":[1669,1931,1940,2384],"class_list":["post-111798","post","type-post","status-publish","format-standard","has-post-thumbnail","category-carisma-salesiano-es","category-ifma-es","tag-spiritualita-salesiana-es","tag-focus-es","tag-maria-auxiliadora-es","tag-maria-es"],"yoast_head":"<!-- This site is optimized with the Yoast SEO plugin v27.4 - https:\/\/yoast.com\/product\/yoast-seo-wordpress\/ -->\n<title>La canci\u00f3n &quot;Yo te dar\u00e9 la Maestra&quot; &#8226; Istituto Figlie di Maria Ausiliatrice<\/title>\n<meta name=\"description\" content=\"Con motivo de la solemnidad de Mar\u00eda Auxiliadora, el 24 de mayo de 2024, Mar\u00eda Dina Bertotti ofrece su testimonio como autora del texto de la canci\u00f3n &quot;Yo te dar\u00e9 la Maestra&quot;.\" \/>\n<meta name=\"robots\" content=\"index, follow, max-snippet:-1, max-image-preview:large, max-video-preview:-1\" \/>\n<link rel=\"canonical\" href=\"https:\/\/www.cgfmanet.org\/es\/ifma-es\/la-cancion-yo-te-dare-la-maestra\/\" \/>\n<meta property=\"og:locale\" content=\"es_ES\" \/>\n<meta property=\"og:type\" content=\"article\" \/>\n<meta property=\"og:title\" content=\"La canci\u00f3n &quot;Yo te dar\u00e9 la Maestra&quot; &#8226; Istituto Figlie di Maria Ausiliatrice\" \/>\n<meta property=\"og:description\" content=\"Con motivo de la solemnidad de Mar\u00eda Auxiliadora, el 24 de mayo de 2024, Mar\u00eda Dina Bertotti ofrece su testimonio como autora del texto de la canci\u00f3n &quot;Yo te dar\u00e9 la Maestra&quot;.\" \/>\n<meta property=\"og:url\" content=\"https:\/\/www.cgfmanet.org\/es\/ifma-es\/la-cancion-yo-te-dare-la-maestra\/\" \/>\n<meta property=\"og:site_name\" content=\"Istituto Figlie di Maria Ausiliatrice\" \/>\n<meta property=\"article:publisher\" content=\"https:\/\/www.facebook.com\/salesian.sisters.of.don.bosco\/\" \/>\n<meta property=\"article:published_time\" content=\"2024-05-24T09:19:36+00:00\" \/>\n<meta property=\"article:modified_time\" content=\"2024-05-24T20:31:36+00:00\" \/>\n<meta property=\"og:image\" content=\"https:\/\/www.cgfmanet.org\/wp-content\/uploads\/2024\/05\/Maria-Maestra.jpg\" \/>\n\t<meta property=\"og:image:width\" content=\"1181\" \/>\n\t<meta property=\"og:image:height\" content=\"788\" \/>\n\t<meta property=\"og:image:type\" content=\"image\/jpeg\" \/>\n<meta name=\"author\" content=\"Redazione\" \/>\n<meta name=\"twitter:card\" content=\"summary_large_image\" \/>\n<meta name=\"twitter:creator\" content=\"@Cgfmanet_Org\" \/>\n<meta name=\"twitter:site\" content=\"@Cgfmanet_Org\" \/>\n<meta name=\"twitter:label1\" content=\"Escrito por\" \/>\n\t<meta name=\"twitter:data1\" content=\"Redazione\" \/>\n\t<meta name=\"twitter:label2\" content=\"Tiempo de lectura\" \/>\n\t<meta name=\"twitter:data2\" content=\"3 minutos\" \/>\n<script type=\"application\/ld+json\" class=\"yoast-schema-graph\">{\"@context\":\"https:\\\/\\\/schema.org\",\"@graph\":[{\"@type\":\"Article\",\"@id\":\"https:\\\/\\\/www.cgfmanet.org\\\/es\\\/ifma-es\\\/la-cancion-yo-te-dare-la-maestra\\\/#article\",\"isPartOf\":{\"@id\":\"https:\\\/\\\/www.cgfmanet.org\\\/es\\\/ifma-es\\\/la-cancion-yo-te-dare-la-maestra\\\/\"},\"author\":{\"name\":\"Redazione\",\"@id\":\"https:\\\/\\\/www.cgfmanet.org\\\/es\\\/#\\\/schema\\\/person\\\/ce6473083f53ef0ef882cca23f0c8fb9\"},\"headline\":\"La canci\u00f3n \u00abYo te dar\u00e9 la Maestra\u00bb\",\"datePublished\":\"2024-05-24T09:19:36+00:00\",\"dateModified\":\"2024-05-24T20:31:36+00:00\",\"mainEntityOfPage\":{\"@id\":\"https:\\\/\\\/www.cgfmanet.org\\\/es\\\/ifma-es\\\/la-cancion-yo-te-dare-la-maestra\\\/\"},\"wordCount\":459,\"commentCount\":1,\"publisher\":{\"@id\":\"https:\\\/\\\/www.cgfmanet.org\\\/es\\\/#organization\"},\"image\":{\"@id\":\"https:\\\/\\\/www.cgfmanet.org\\\/es\\\/ifma-es\\\/la-cancion-yo-te-dare-la-maestra\\\/#primaryimage\"},\"thumbnailUrl\":\"https:\\\/\\\/www.cgfmanet.org\\\/wp-content\\\/uploads\\\/2024\\\/05\\\/Maria-Maestra.jpg\",\"keywords\":[\"Spiritualit\u00e0 Salesiana\",\"Focus\",\"Mar\u00eda Auxiliadora\",\"Maria\"],\"articleSection\":[\"Carisma Salesiano\",\"IFMA\"],\"inLanguage\":\"es\",\"potentialAction\":[{\"@type\":\"CommentAction\",\"name\":\"Comment\",\"target\":[\"https:\\\/\\\/www.cgfmanet.org\\\/es\\\/ifma-es\\\/la-cancion-yo-te-dare-la-maestra\\\/#respond\"]}]},{\"@type\":\"WebPage\",\"@id\":\"https:\\\/\\\/www.cgfmanet.org\\\/es\\\/ifma-es\\\/la-cancion-yo-te-dare-la-maestra\\\/\",\"url\":\"https:\\\/\\\/www.cgfmanet.org\\\/es\\\/ifma-es\\\/la-cancion-yo-te-dare-la-maestra\\\/\",\"name\":\"La canci\u00f3n \\\"Yo te dar\u00e9 la Maestra\\\" &#8226; Istituto Figlie di Maria Ausiliatrice\",\"isPartOf\":{\"@id\":\"https:\\\/\\\/www.cgfmanet.org\\\/es\\\/#website\"},\"primaryImageOfPage\":{\"@id\":\"https:\\\/\\\/www.cgfmanet.org\\\/es\\\/ifma-es\\\/la-cancion-yo-te-dare-la-maestra\\\/#primaryimage\"},\"image\":{\"@id\":\"https:\\\/\\\/www.cgfmanet.org\\\/es\\\/ifma-es\\\/la-cancion-yo-te-dare-la-maestra\\\/#primaryimage\"},\"thumbnailUrl\":\"https:\\\/\\\/www.cgfmanet.org\\\/wp-content\\\/uploads\\\/2024\\\/05\\\/Maria-Maestra.jpg\",\"datePublished\":\"2024-05-24T09:19:36+00:00\",\"dateModified\":\"2024-05-24T20:31:36+00:00\",\"description\":\"Con motivo de la solemnidad de Mar\u00eda Auxiliadora, el 24 de mayo de 2024, Mar\u00eda Dina Bertotti ofrece su testimonio como autora del texto de la canci\u00f3n \\\"Yo te dar\u00e9 la Maestra\\\".\",\"breadcrumb\":{\"@id\":\"https:\\\/\\\/www.cgfmanet.org\\\/es\\\/ifma-es\\\/la-cancion-yo-te-dare-la-maestra\\\/#breadcrumb\"},\"inLanguage\":\"es\",\"potentialAction\":[{\"@type\":\"ReadAction\",\"target\":[\"https:\\\/\\\/www.cgfmanet.org\\\/es\\\/ifma-es\\\/la-cancion-yo-te-dare-la-maestra\\\/\"]}]},{\"@type\":\"ImageObject\",\"inLanguage\":\"es\",\"@id\":\"https:\\\/\\\/www.cgfmanet.org\\\/es\\\/ifma-es\\\/la-cancion-yo-te-dare-la-maestra\\\/#primaryimage\",\"url\":\"https:\\\/\\\/www.cgfmanet.org\\\/wp-content\\\/uploads\\\/2024\\\/05\\\/Maria-Maestra.jpg\",\"contentUrl\":\"https:\\\/\\\/www.cgfmanet.org\\\/wp-content\\\/uploads\\\/2024\\\/05\\\/Maria-Maestra.jpg\",\"width\":1181,\"height\":788},{\"@type\":\"BreadcrumbList\",\"@id\":\"https:\\\/\\\/www.cgfmanet.org\\\/es\\\/ifma-es\\\/la-cancion-yo-te-dare-la-maestra\\\/#breadcrumb\",\"itemListElement\":[{\"@type\":\"ListItem\",\"position\":1,\"name\":\"Home\",\"item\":\"https:\\\/\\\/www.cgfmanet.org\\\/es\\\/\"},{\"@type\":\"ListItem\",\"position\":2,\"name\":\"La canci\u00f3n &#8220;Yo te dar\u00e9 la Maestra&#8221;\"}]},{\"@type\":\"WebSite\",\"@id\":\"https:\\\/\\\/www.cgfmanet.org\\\/es\\\/#website\",\"url\":\"https:\\\/\\\/www.cgfmanet.org\\\/es\\\/\",\"name\":\"Istituto Figlie di Maria Ausiliatrice\",\"description\":\"Salesiane di Don Bosco\",\"publisher\":{\"@id\":\"https:\\\/\\\/www.cgfmanet.org\\\/es\\\/#organization\"},\"potentialAction\":[{\"@type\":\"SearchAction\",\"target\":{\"@type\":\"EntryPoint\",\"urlTemplate\":\"https:\\\/\\\/www.cgfmanet.org\\\/es\\\/?s={search_term_string}\"},\"query-input\":{\"@type\":\"PropertyValueSpecification\",\"valueRequired\":true,\"valueName\":\"search_term_string\"}}],\"inLanguage\":\"es\"},{\"@type\":\"Organization\",\"@id\":\"https:\\\/\\\/www.cgfmanet.org\\\/es\\\/#organization\",\"name\":\"Istituto Figlie di Maria Ausiliatrice\",\"url\":\"https:\\\/\\\/www.cgfmanet.org\\\/es\\\/\",\"logo\":{\"@type\":\"ImageObject\",\"inLanguage\":\"es\",\"@id\":\"https:\\\/\\\/www.cgfmanet.org\\\/es\\\/#\\\/schema\\\/logo\\\/image\\\/\",\"url\":\"https:\\\/\\\/www.cgfmanet.org\\\/wp-content\\\/uploads\\\/2018\\\/10\\\/logo-fma.png\",\"contentUrl\":\"https:\\\/\\\/www.cgfmanet.org\\\/wp-content\\\/uploads\\\/2018\\\/10\\\/logo-fma.png\",\"width\":214,\"height\":55,\"caption\":\"Istituto Figlie di Maria Ausiliatrice\"},\"image\":{\"@id\":\"https:\\\/\\\/www.cgfmanet.org\\\/es\\\/#\\\/schema\\\/logo\\\/image\\\/\"},\"sameAs\":[\"https:\\\/\\\/www.facebook.com\\\/salesian.sisters.of.don.bosco\\\/\",\"https:\\\/\\\/x.com\\\/Cgfmanet_Org\",\"https:\\\/\\\/www.youtube.com\\\/channel\\\/UCmcr8yFQBV7JXeXVxyV9y5Q\"]},{\"@type\":\"Person\",\"@id\":\"https:\\\/\\\/www.cgfmanet.org\\\/es\\\/#\\\/schema\\\/person\\\/ce6473083f53ef0ef882cca23f0c8fb9\",\"name\":\"Redazione\"}]}<\/script>\n<!-- \/ Yoast SEO plugin. -->","yoast_head_json":{"title":"La canci\u00f3n \"Yo te dar\u00e9 la Maestra\" &#8226; Istituto Figlie di Maria Ausiliatrice","description":"Con motivo de la solemnidad de Mar\u00eda Auxiliadora, el 24 de mayo de 2024, Mar\u00eda Dina Bertotti ofrece su testimonio como autora del texto de la canci\u00f3n \"Yo te dar\u00e9 la Maestra\".","robots":{"index":"index","follow":"follow","max-snippet":"max-snippet:-1","max-image-preview":"max-image-preview:large","max-video-preview":"max-video-preview:-1"},"canonical":"https:\/\/www.cgfmanet.org\/es\/ifma-es\/la-cancion-yo-te-dare-la-maestra\/","og_locale":"es_ES","og_type":"article","og_title":"La canci\u00f3n \"Yo te dar\u00e9 la Maestra\" &#8226; Istituto Figlie di Maria Ausiliatrice","og_description":"Con motivo de la solemnidad de Mar\u00eda Auxiliadora, el 24 de mayo de 2024, Mar\u00eda Dina Bertotti ofrece su testimonio como autora del texto de la canci\u00f3n \"Yo te dar\u00e9 la Maestra\".","og_url":"https:\/\/www.cgfmanet.org\/es\/ifma-es\/la-cancion-yo-te-dare-la-maestra\/","og_site_name":"Istituto Figlie di Maria Ausiliatrice","article_publisher":"https:\/\/www.facebook.com\/salesian.sisters.of.don.bosco\/","article_published_time":"2024-05-24T09:19:36+00:00","article_modified_time":"2024-05-24T20:31:36+00:00","og_image":[{"width":1181,"height":788,"url":"https:\/\/www.cgfmanet.org\/wp-content\/uploads\/2024\/05\/Maria-Maestra.jpg","type":"image\/jpeg"}],"author":"Redazione","twitter_card":"summary_large_image","twitter_creator":"@Cgfmanet_Org","twitter_site":"@Cgfmanet_Org","twitter_misc":{"Escrito por":"Redazione","Tiempo de lectura":"3 minutos"},"schema":{"@context":"https:\/\/schema.org","@graph":[{"@type":"Article","@id":"https:\/\/www.cgfmanet.org\/es\/ifma-es\/la-cancion-yo-te-dare-la-maestra\/#article","isPartOf":{"@id":"https:\/\/www.cgfmanet.org\/es\/ifma-es\/la-cancion-yo-te-dare-la-maestra\/"},"author":{"name":"Redazione","@id":"https:\/\/www.cgfmanet.org\/es\/#\/schema\/person\/ce6473083f53ef0ef882cca23f0c8fb9"},"headline":"La canci\u00f3n \u00abYo te dar\u00e9 la Maestra\u00bb","datePublished":"2024-05-24T09:19:36+00:00","dateModified":"2024-05-24T20:31:36+00:00","mainEntityOfPage":{"@id":"https:\/\/www.cgfmanet.org\/es\/ifma-es\/la-cancion-yo-te-dare-la-maestra\/"},"wordCount":459,"commentCount":1,"publisher":{"@id":"https:\/\/www.cgfmanet.org\/es\/#organization"},"image":{"@id":"https:\/\/www.cgfmanet.org\/es\/ifma-es\/la-cancion-yo-te-dare-la-maestra\/#primaryimage"},"thumbnailUrl":"https:\/\/www.cgfmanet.org\/wp-content\/uploads\/2024\/05\/Maria-Maestra.jpg","keywords":["Spiritualit\u00e0 Salesiana","Focus","Mar\u00eda Auxiliadora","Maria"],"articleSection":["Carisma Salesiano","IFMA"],"inLanguage":"es","potentialAction":[{"@type":"CommentAction","name":"Comment","target":["https:\/\/www.cgfmanet.org\/es\/ifma-es\/la-cancion-yo-te-dare-la-maestra\/#respond"]}]},{"@type":"WebPage","@id":"https:\/\/www.cgfmanet.org\/es\/ifma-es\/la-cancion-yo-te-dare-la-maestra\/","url":"https:\/\/www.cgfmanet.org\/es\/ifma-es\/la-cancion-yo-te-dare-la-maestra\/","name":"La canci\u00f3n \"Yo te dar\u00e9 la Maestra\" &#8226; Istituto Figlie di Maria Ausiliatrice","isPartOf":{"@id":"https:\/\/www.cgfmanet.org\/es\/#website"},"primaryImageOfPage":{"@id":"https:\/\/www.cgfmanet.org\/es\/ifma-es\/la-cancion-yo-te-dare-la-maestra\/#primaryimage"},"image":{"@id":"https:\/\/www.cgfmanet.org\/es\/ifma-es\/la-cancion-yo-te-dare-la-maestra\/#primaryimage"},"thumbnailUrl":"https:\/\/www.cgfmanet.org\/wp-content\/uploads\/2024\/05\/Maria-Maestra.jpg","datePublished":"2024-05-24T09:19:36+00:00","dateModified":"2024-05-24T20:31:36+00:00","description":"Con motivo de la solemnidad de Mar\u00eda Auxiliadora, el 24 de mayo de 2024, Mar\u00eda Dina Bertotti ofrece su testimonio como autora del texto de la canci\u00f3n \"Yo te dar\u00e9 la Maestra\".","breadcrumb":{"@id":"https:\/\/www.cgfmanet.org\/es\/ifma-es\/la-cancion-yo-te-dare-la-maestra\/#breadcrumb"},"inLanguage":"es","potentialAction":[{"@type":"ReadAction","target":["https:\/\/www.cgfmanet.org\/es\/ifma-es\/la-cancion-yo-te-dare-la-maestra\/"]}]},{"@type":"ImageObject","inLanguage":"es","@id":"https:\/\/www.cgfmanet.org\/es\/ifma-es\/la-cancion-yo-te-dare-la-maestra\/#primaryimage","url":"https:\/\/www.cgfmanet.org\/wp-content\/uploads\/2024\/05\/Maria-Maestra.jpg","contentUrl":"https:\/\/www.cgfmanet.org\/wp-content\/uploads\/2024\/05\/Maria-Maestra.jpg","width":1181,"height":788},{"@type":"BreadcrumbList","@id":"https:\/\/www.cgfmanet.org\/es\/ifma-es\/la-cancion-yo-te-dare-la-maestra\/#breadcrumb","itemListElement":[{"@type":"ListItem","position":1,"name":"Home","item":"https:\/\/www.cgfmanet.org\/es\/"},{"@type":"ListItem","position":2,"name":"La canci\u00f3n &#8220;Yo te dar\u00e9 la Maestra&#8221;"}]},{"@type":"WebSite","@id":"https:\/\/www.cgfmanet.org\/es\/#website","url":"https:\/\/www.cgfmanet.org\/es\/","name":"Istituto Figlie di Maria Ausiliatrice","description":"Salesiane di Don Bosco","publisher":{"@id":"https:\/\/www.cgfmanet.org\/es\/#organization"},"potentialAction":[{"@type":"SearchAction","target":{"@type":"EntryPoint","urlTemplate":"https:\/\/www.cgfmanet.org\/es\/?s={search_term_string}"},"query-input":{"@type":"PropertyValueSpecification","valueRequired":true,"valueName":"search_term_string"}}],"inLanguage":"es"},{"@type":"Organization","@id":"https:\/\/www.cgfmanet.org\/es\/#organization","name":"Istituto Figlie di Maria Ausiliatrice","url":"https:\/\/www.cgfmanet.org\/es\/","logo":{"@type":"ImageObject","inLanguage":"es","@id":"https:\/\/www.cgfmanet.org\/es\/#\/schema\/logo\/image\/","url":"https:\/\/www.cgfmanet.org\/wp-content\/uploads\/2018\/10\/logo-fma.png","contentUrl":"https:\/\/www.cgfmanet.org\/wp-content\/uploads\/2018\/10\/logo-fma.png","width":214,"height":55,"caption":"Istituto Figlie di Maria Ausiliatrice"},"image":{"@id":"https:\/\/www.cgfmanet.org\/es\/#\/schema\/logo\/image\/"},"sameAs":["https:\/\/www.facebook.com\/salesian.sisters.of.don.bosco\/","https:\/\/x.com\/Cgfmanet_Org","https:\/\/www.youtube.com\/channel\/UCmcr8yFQBV7JXeXVxyV9y5Q"]},{"@type":"Person","@id":"https:\/\/www.cgfmanet.org\/es\/#\/schema\/person\/ce6473083f53ef0ef882cca23f0c8fb9","name":"Redazione"}]}},"_links":{"self":[{"href":"https:\/\/www.cgfmanet.org\/es\/wp-json\/wp\/v2\/posts\/111798","targetHints":{"allow":["GET"]}}],"collection":[{"href":"https:\/\/www.cgfmanet.org\/es\/wp-json\/wp\/v2\/posts"}],"about":[{"href":"https:\/\/www.cgfmanet.org\/es\/wp-json\/wp\/v2\/types\/post"}],"author":[{"embeddable":true,"href":"https:\/\/www.cgfmanet.org\/es\/wp-json\/wp\/v2\/users\/21"}],"replies":[{"embeddable":true,"href":"https:\/\/www.cgfmanet.org\/es\/wp-json\/wp\/v2\/comments?post=111798"}],"version-history":[{"count":2,"href":"https:\/\/www.cgfmanet.org\/es\/wp-json\/wp\/v2\/posts\/111798\/revisions"}],"predecessor-version":[{"id":111819,"href":"https:\/\/www.cgfmanet.org\/es\/wp-json\/wp\/v2\/posts\/111798\/revisions\/111819"}],"wp:featuredmedia":[{"embeddable":true,"href":"https:\/\/www.cgfmanet.org\/es\/wp-json\/wp\/v2\/media\/111794"}],"wp:attachment":[{"href":"https:\/\/www.cgfmanet.org\/es\/wp-json\/wp\/v2\/media?parent=111798"}],"wp:term":[{"taxonomy":"category","embeddable":true,"href":"https:\/\/www.cgfmanet.org\/es\/wp-json\/wp\/v2\/categories?post=111798"},{"taxonomy":"post_tag","embeddable":true,"href":"https:\/\/www.cgfmanet.org\/es\/wp-json\/wp\/v2\/tags?post=111798"}],"curies":[{"name":"wp","href":"https:\/\/api.w.org\/{rel}","templated":true}]}}