{"id":110864,"date":"2024-05-12T09:48:11","date_gmt":"2024-05-12T07:48:11","guid":{"rendered":"https:\/\/www.cgfmanet.org\/infoesfera\/esa-v-insieme-per-il-presente-e-il-futuro-della-scuola-salesiana-in-america\/"},"modified":"2024-05-18T22:40:25","modified_gmt":"2024-05-18T20:40:25","slug":"esav-juntos-por-el-presente-y-el-futuro-de-la-escuela-salesiana-en-america","status":"publish","type":"post","link":"https:\/\/www.cgfmanet.org\/es\/ifma-es\/esav-juntos-por-el-presente-y-el-futuro-de-la-escuela-salesiana-en-america\/","title":{"rendered":"ESAV: Juntos por el presente y el futuro de la Escuela Salesiana en Am\u00e9rica"},"content":{"rendered":"<p><strong>Guadalajara (M\u00e9xico).<\/strong> Del 1 al 5 de mayo de 2024 en Guadalajara, en el Instituto Chapalita, se llev\u00f3 a cabo el 5\u00ba Encuentro Continental de la Escuela Salesiana de Am\u00e9rica (ESA V) sobre el tema: <strong>\u00abJuntos por el presente y el futuro de la Escuela Salesiana en Am\u00e9rica\u00bb.<\/strong><\/p>\n<p>El evento reuni\u00f3 a representantes de 47 Inspector\u00edas de las Hijas de Mar\u00eda Auxiliadora, Salesianos de Don Bosco, Hijas del Divino Salvador (HDS) e Hijas de los Sagrados Corazones (HHSSCC), un total de 237 participantes de 26 naciones. Entre las participantes estuvieron presentes: Sor Ausilia De Siena, Consejera para la Comunicaci\u00f3n del Instituto FMA, Sor Ivone Goulart L\u00f3pes, FMA, colaboradora del \u00c1mbito de Pastoral Juvenil FMA y referente para la Escuela Salesiana de Am\u00e9rica, Sor Herlinda Palomino y Sor Sarah Garc\u00eda, colaboradoras del \u00c1mbito para la Pastoral juvenil.<\/p>\n<p><strong>Escuchar la realidad<\/strong><\/p>\n<p>Con motivo de la celebraci\u00f3n de los <a href=\"https:\/\/www.cgfmanet.org\/es\/ifma-es\/hacia-la-esa-5-30-anos-de-la-escuela-salesiana-en-america\/\" target=\"_blank\" rel=\"noopener\"><strong><span style=\"color: #0000ff;\">30\u00b0 a\u00f1os<\/span><\/strong><\/a> del trabajo en red, buscamos comprender la realidad actual del continente americano, marcado por diversos desaf\u00edos como el empobrecimiento, la desigualdad, la exclusi\u00f3n social, entre otros.<\/p>\n<p>El primer d\u00eda del evento, despu\u00e9s del registro y recepci\u00f3n, los participantes presenciaron el desfile de banderas y la actuaci\u00f3n de un grupo folcl\u00f3rico local, que resalt\u00f3 las ricas y coloridas tradiciones mexicanas, y luego escucharon los mensajes de las autoridades.<\/p>\n<p>El <strong><a href=\"https:\/\/www.youtube.com\/watch?v=kchJRU72tQY\" target=\"_blank\" rel=\"noopener\"><span style=\"color: #0000ff;\">Cardenal Jos\u00e9 Tolentino Mendon\u00e7a<\/span><\/a><\/strong>, prefecto del Dicasterio para la Cultura y la Educaci\u00f3n, a trav\u00e9s de un videomensaje destac\u00f3 la importancia de ser audaces y creativos para repensar los m\u00e9todos de evangelizaci\u00f3n, mientras que el cardenal Jos\u00e9 Francisco Roble, de Guadalajara, reconoci\u00f3 y agradeci\u00f3 el carisma salesiano en la Iglesia, con sus frutos a favor de los j\u00f3venes.<\/p>\n<p><strong>La Madre General del Instituto FMA, Sor Chiara Cazzuola<\/strong>, en un video subray\u00f3 la importancia de confrontar las ra\u00edces carism\u00e1ticas para comprender la misi\u00f3n encomendada. El P. Miguel \u00c1ngel Garc\u00eda Marcuende, SDB, Consejero General para la Pastoral Juvenil, trajo el mensaje del Rector Mayor, el Cardenal \u00c1ngel Fern\u00e1ndez Artime, quien subray\u00f3 la necesidad de adaptar los sistemas educativos a las realidades siempre cambiantes de los j\u00f3venes.<\/p>\n<p><strong>Sor Runita Borja, Consejera General para la Pastoral Juvenil<\/strong>, a trav\u00e9s de un videomensaje anim\u00f3 a transformar el sue\u00f1o compartido en este encuentro en una visi\u00f3n de futuro para las Escuelas Salesianas de Am\u00e9rica.<\/p>\n<p>El Inspector de <em>la Inspector\u00eda de Cristo Rey y Mar\u00eda Auxiliadora<\/em> (MEG 1), P. Filiberto Gonz\u00e1lez Placencia, y la Inspectora de\u00a0 la <em>Inspector\u00eda Mater Ecclesiae (<\/em>MMO), Sor Mar\u00eda del Socorro Hern\u00e1ndez, subrayaron su compromiso de profundizar y actualizar la Misi\u00f3n de Don Bosco en las Escuelas Salesianas.<\/p>\n<p>Jaime Spengler, Presidente del Consejo Episcopal Latinoamericano y del Caribe (CELAM), Herv\u00e9 Lecomte, Secretario General de la Oficina Internacional de la Ense\u00f1anza Cat\u00f3lica (OIEC), Emilce Cuda, Secretaria de la Pontificia Comisi\u00f3n para Am\u00e9rica Latina (CAL), Abraham Lozano, en representaci\u00f3n de la Secretar\u00eda de Educaci\u00f3n de Jalisco, <span style=\"color: #0000ff;\"><a style=\"color: #0000ff;\" href=\"https:\/\/www.youtube.com\/watch?v=QAHtax3kOtY\" target=\"_blank\" rel=\"noopener\">tambi\u00e9n estuvieron presentes a trav\u00e9s de videos o mensajes escritos<\/a><\/span>.<\/p>\n<p><strong>\u00abLa confianza relacional, clave para transformar las escuelas\u00bb <\/strong>es el t\u00edtulo de la conferencia inaugural, impartida por el Dr. Jos\u00e9 Weinstein. Por la tarde, la celebraci\u00f3n eucar\u00edstica de apertura fue presidida por el inspector, P. Filiberto.<\/p>\n<p><strong>El 2 de mayo <\/strong>fue un d\u00eda de intensa actividad, que comenz\u00f3 con la Celebraci\u00f3n Eucar\u00edstica presidida por el P. Felipe Carranza, SDB, Vicario de Guadalajara. En la primera conferencia, con el cardenal em\u00e9rito de Honduras, monse\u00f1or Oscar Rodr\u00edguez Madariaga, se discuti\u00f3 sobre el tema \u00abDe la antropolog\u00eda tradicional a la antropolog\u00eda del sentido, para una juventud m\u00e1s feliz\u00bb. A continuaci\u00f3n, tuvo lugar la conferencia \u00abCultura y Educaci\u00f3n Juvenil. Contexto contempor\u00e1neo de la juventud en Am\u00e9rica\u00bb, a cargo de Iv\u00e1n Ariel Fresia, SDB. Las resonancias al final de la ma\u00f1ana se centraron en \u00abQu\u00e9 desaf\u00edos y perspectivas para los l\u00edderes salesianos en el contexto de la juventud y la educaci\u00f3n en Am\u00e9rica\u00bb.<\/p>\n<p>Por la tarde, tuvo lugar la conferencia \u00abLiderazgo Educativo en las Escuelas Salesianas de Am\u00e9rica: Resultados y Propuestas Formativas\u00bb, a cargo de Sor Patricia Parraguez N\u00fa\u00f1ez, FMA. A continuaci\u00f3n, tuvo lugar una mesa redonda sobre el tema \u00abQu\u00e9 liderazgo educativo para las escuelas salesianas hoy, para promover razones de vida y esperanza para los j\u00f3venes\u00bb, coordinada por el P. H\u00e9ctor Ugarte.<\/p>\n<p>El \u00faltimo momento de la jornada fue la presentaci\u00f3n de las Buenas Pr\u00e1cticas \u00abMirando hacia atr\u00e1s en los 30 a\u00f1os de historia de la ESA: logros y avances en la regi\u00f3n\u00bb. Las buenas pr\u00e1cticas de las Conferencias CINAB y ANDINA fueron presentadas por el P. Luis Mauricio Cuadros, de Colombia, y Sor Luc\u00eda Jacinta Finassi, Ana Paula Costa e Silva, el Padre Leandro Pinheiro y Cristiano Prates hablaron por la Red Salesiana Brasil (RSB). CICSAL y el Cono Sur (SEPSUR) fueron presentados por Sor Cecilia Poblete, Claudia Echevarr\u00eda y P. David Rivera; CIMAC, NAC y Mesoam\u00e9rica fueron presentados por el P. Carlos Alberto Montoya y Sor Eva Doris Meza.<\/p>\n<p><strong>Profundizaci\u00f3n de la salesianidad<\/strong><\/p>\n<p>La ma\u00f1ana del 3 de <strong>mayo<\/strong> comenz\u00f3 con la Celebraci\u00f3n Eucar\u00edstica presidida por el P. Hugo Orozco, Consejero General para la Regi\u00f3n Interamericana. Posteriormente \u00abLa identidad salesiana y el Pacto Educativo Global\u00bb, con dos ponencias: \u00abLa pedagog\u00eda salesiana hoy\u00bb, a cargo del P. Michael Vojt\u00e1s, SDB, Vicerrector de la Universidad Pontificia Salesiana de Roma y \u00abEl sistema preventivo y el pacto educativo global\u00bb a cargo de Sor Piera Ruffinatto, FMA, Decana de la Pontificia Facultad de Ciencias de la Educaci\u00f3n \u00abAuxilium\u00bb. Al final de la ma\u00f1ana, los participantes exploraron algunas \u00abExperiencias de Sistema Preventivo\u00bb, dividi\u00e9ndose en grupos.<\/p>\n<p>Por la tarde, pudieron profundizar en las \u00abdimensiones del modelo de significaci\u00f3n salesiana\u00bb rotando en las diferentes salas: Sistema Preventivo e Identidad Salesiana; Gesti\u00f3n pedag\u00f3gica y evangelizadora; Pastoral de la educaci\u00f3n y del medio ambiente; Gesti\u00f3n de resultados y significaci\u00f3n.<\/p>\n<p><strong>Tejiendo caminos para el futuro <\/strong><\/p>\n<p>El pen\u00faltimo d\u00eda tuvo lugar la Mesa Redonda sobre el tema \u00abEducomunicaci\u00f3n: Alfabetizaci\u00f3n medi\u00e1tica e informacional\u00bb, con las intervenciones de los ponentes Ignacio Aguaded, Alexandre Le Voci Sayad y Sor M\u00e1rcia Koffermann, FMA. Tambi\u00e9n por la ma\u00f1ana, se realizaron trabajos grupales en salas tem\u00e1ticas como \u00abEl impacto de las tecnolog\u00edas de inteligencia artificial en la educaci\u00f3n\u00bb, \u00abEducaci\u00f3n y mundo del trabajo\u00bb, \u00abCiudadan\u00eda\u00bb y \u00abDerechos humanos\u00bb.<\/p>\n<p>Al final de la ma\u00f1ana del s\u00e1bado, Sor Ivone Goulart y el P. Claudio Cartes dirigieron la sesi\u00f3n \u00abTejiendo caminos para el futuro: orientaciones para el trabajo de las Conferencias\/Regiones\u00bb.<\/p>\n<p>Por la tarde, los participantes se reunieron por Conferencias y \u00a0Regiones, luego se reunieron en la Sesi\u00f3n Plenaria coordinada por Sor Ivone Goulart y el P. Claudio Cartes. La jornada finaliz\u00f3 con la Celebraci\u00f3n Eucar\u00edstica presidida por el Consejero General para la Pastoral Juvenil SDB, P. Miguel \u00c1ngel Garc\u00eda Morcuende.<\/p>\n<p>El \u00faltimo d\u00eda (05\/05), los participantes vivieron una jornada cultural fraterna, concluyendo el evento con una visita guiada por la ciudad de Guadalajara.<\/p>\n<p>&nbsp;<\/p>\n<p><strong>Foto: <\/strong><span style=\"color: #0000ff;\"><a style=\"color: #0000ff;\" href=\"https:\/\/www.flickr.com\/photos\/200572580@N04\/albums\/\" target=\"_blank\" rel=\"noopener\"><strong>Flickr ESA V<\/strong><\/a><\/span><\/p>\n<p><span style=\"color: #0000ff;\"><a style=\"color: #0000ff;\" href=\"https:\/\/www.youtube.com\/watch?v=K-YcMRPoz-I\" target=\"_blank\" rel=\"noopener\"><strong>Himno ESA V<\/strong><\/a><\/span><\/p>\n<p><span style=\"color: #0000ff;\"><a style=\"color: #0000ff;\" href=\"https:\/\/www.youtube.com\/watch?v=bHSnT3otVgk\" target=\"_blank\" rel=\"noopener\"><strong>Video Hist\u00f3rico<\/strong><\/a><\/span><\/p>\n<p>&nbsp;<\/p>\n","protected":false},"excerpt":{"rendered":"<p>Guadalajara (M\u00e9xico). Del 1 al 5 de mayo de 2024 en Guadalajara, en el Instituto Chapalita, se llev\u00f3 a cabo el 5\u00ba Encuentro Continental de la Escuela Salesiana de Am\u00e9rica [&hellip;]<\/p>\n","protected":false},"author":21,"featured_media":110859,"comment_status":"open","ping_status":"closed","sticky":false,"template":"","format":"standard","meta":{"footnotes":""},"categories":[158,179],"tags":[765,932,1454,1538,1779,1931],"class_list":["post-110864","post","type-post","status-publish","format-standard","has-post-thumbnail","category-ifma-es","category-educacion","tag-consejera-para-la-comunicacion-social","tag-america-es","tag-escuela","tag-pastoral-juvenil","tag-familia-salesiana-es","tag-focus-es"],"yoast_head":"<!-- This site is optimized with the Yoast SEO plugin v27.4 - https:\/\/yoast.com\/product\/yoast-seo-wordpress\/ -->\n<title>ESAV: Juntos por el presente y el futuro de la Escuela Salesiana en Am\u00e9rica &#8226; Istituto Figlie di Maria Ausiliatrice<\/title>\n<meta name=\"description\" content=\"Del 1 al 5 de mayo de 2024 se celebr\u00f3 en Guadalajara, M\u00e9xico, el 5\u00ba Encuentro Continental de la Escuela Salesiana de Am\u00e9rica (ESA V) con m\u00e1s de 200 participantes.\" \/>\n<meta name=\"robots\" content=\"index, follow, max-snippet:-1, max-image-preview:large, max-video-preview:-1\" \/>\n<link rel=\"canonical\" href=\"https:\/\/www.cgfmanet.org\/es\/ifma-es\/esav-juntos-por-el-presente-y-el-futuro-de-la-escuela-salesiana-en-america\/\" \/>\n<meta property=\"og:locale\" content=\"es_ES\" \/>\n<meta property=\"og:type\" content=\"article\" \/>\n<meta property=\"og:title\" content=\"ESAV: Juntos por el presente y el futuro de la Escuela Salesiana en Am\u00e9rica &#8226; Istituto Figlie di Maria Ausiliatrice\" \/>\n<meta property=\"og:description\" content=\"Del 1 al 5 de mayo de 2024 se celebr\u00f3 en Guadalajara, M\u00e9xico, el 5\u00ba Encuentro Continental de la Escuela Salesiana de Am\u00e9rica (ESA V) con m\u00e1s de 200 participantes.\" \/>\n<meta property=\"og:url\" content=\"https:\/\/www.cgfmanet.org\/es\/ifma-es\/esav-juntos-por-el-presente-y-el-futuro-de-la-escuela-salesiana-en-america\/\" \/>\n<meta property=\"og:site_name\" content=\"Istituto Figlie di Maria Ausiliatrice\" \/>\n<meta property=\"article:publisher\" content=\"https:\/\/www.facebook.com\/salesian.sisters.of.don.bosco\/\" \/>\n<meta property=\"article:published_time\" content=\"2024-05-12T07:48:11+00:00\" \/>\n<meta property=\"article:modified_time\" content=\"2024-05-18T20:40:25+00:00\" \/>\n<meta property=\"og:image\" content=\"https:\/\/www.cgfmanet.org\/wp-content\/uploads\/2024\/05\/ESA-V-Guadalajara.jpg\" \/>\n\t<meta property=\"og:image:width\" content=\"1181\" \/>\n\t<meta property=\"og:image:height\" content=\"787\" \/>\n\t<meta property=\"og:image:type\" content=\"image\/jpeg\" \/>\n<meta name=\"author\" content=\"Redazione\" \/>\n<meta name=\"twitter:card\" content=\"summary_large_image\" \/>\n<meta name=\"twitter:creator\" content=\"@Cgfmanet_Org\" \/>\n<meta name=\"twitter:site\" content=\"@Cgfmanet_Org\" \/>\n<meta name=\"twitter:label1\" content=\"Escrito por\" \/>\n\t<meta name=\"twitter:data1\" content=\"Redazione\" \/>\n\t<meta name=\"twitter:label2\" content=\"Tiempo de lectura\" \/>\n\t<meta name=\"twitter:data2\" content=\"6 minutos\" \/>\n<script type=\"application\/ld+json\" class=\"yoast-schema-graph\">{\"@context\":\"https:\\\/\\\/schema.org\",\"@graph\":[{\"@type\":\"Article\",\"@id\":\"https:\\\/\\\/www.cgfmanet.org\\\/es\\\/ifma-es\\\/esav-juntos-por-el-presente-y-el-futuro-de-la-escuela-salesiana-en-america\\\/#article\",\"isPartOf\":{\"@id\":\"https:\\\/\\\/www.cgfmanet.org\\\/es\\\/ifma-es\\\/esav-juntos-por-el-presente-y-el-futuro-de-la-escuela-salesiana-en-america\\\/\"},\"author\":{\"name\":\"Redazione\",\"@id\":\"https:\\\/\\\/www.cgfmanet.org\\\/es\\\/#\\\/schema\\\/person\\\/ce6473083f53ef0ef882cca23f0c8fb9\"},\"headline\":\"ESAV: Juntos por el presente y el futuro de la Escuela Salesiana en Am\u00e9rica\",\"datePublished\":\"2024-05-12T07:48:11+00:00\",\"dateModified\":\"2024-05-18T20:40:25+00:00\",\"mainEntityOfPage\":{\"@id\":\"https:\\\/\\\/www.cgfmanet.org\\\/es\\\/ifma-es\\\/esav-juntos-por-el-presente-y-el-futuro-de-la-escuela-salesiana-en-america\\\/\"},\"wordCount\":1247,\"commentCount\":0,\"publisher\":{\"@id\":\"https:\\\/\\\/www.cgfmanet.org\\\/es\\\/#organization\"},\"image\":{\"@id\":\"https:\\\/\\\/www.cgfmanet.org\\\/es\\\/ifma-es\\\/esav-juntos-por-el-presente-y-el-futuro-de-la-escuela-salesiana-en-america\\\/#primaryimage\"},\"thumbnailUrl\":\"https:\\\/\\\/www.cgfmanet.org\\\/wp-content\\\/uploads\\\/2024\\\/05\\\/ESA-V-Guadalajara.jpg\",\"keywords\":[\"Consejera para la Comunicaci\u00f3n social\",\"Am\u00e9rica\",\"Escuela\",\"Pastoral Juvenil\",\"Familia Salesiana\",\"Focus\"],\"articleSection\":[\"IFMA\",\"Educaci\u00f3n\"],\"inLanguage\":\"es\",\"potentialAction\":[{\"@type\":\"CommentAction\",\"name\":\"Comment\",\"target\":[\"https:\\\/\\\/www.cgfmanet.org\\\/es\\\/ifma-es\\\/esav-juntos-por-el-presente-y-el-futuro-de-la-escuela-salesiana-en-america\\\/#respond\"]}]},{\"@type\":\"WebPage\",\"@id\":\"https:\\\/\\\/www.cgfmanet.org\\\/es\\\/ifma-es\\\/esav-juntos-por-el-presente-y-el-futuro-de-la-escuela-salesiana-en-america\\\/\",\"url\":\"https:\\\/\\\/www.cgfmanet.org\\\/es\\\/ifma-es\\\/esav-juntos-por-el-presente-y-el-futuro-de-la-escuela-salesiana-en-america\\\/\",\"name\":\"ESAV: Juntos por el presente y el futuro de la Escuela Salesiana en Am\u00e9rica &#8226; Istituto Figlie di Maria Ausiliatrice\",\"isPartOf\":{\"@id\":\"https:\\\/\\\/www.cgfmanet.org\\\/es\\\/#website\"},\"primaryImageOfPage\":{\"@id\":\"https:\\\/\\\/www.cgfmanet.org\\\/es\\\/ifma-es\\\/esav-juntos-por-el-presente-y-el-futuro-de-la-escuela-salesiana-en-america\\\/#primaryimage\"},\"image\":{\"@id\":\"https:\\\/\\\/www.cgfmanet.org\\\/es\\\/ifma-es\\\/esav-juntos-por-el-presente-y-el-futuro-de-la-escuela-salesiana-en-america\\\/#primaryimage\"},\"thumbnailUrl\":\"https:\\\/\\\/www.cgfmanet.org\\\/wp-content\\\/uploads\\\/2024\\\/05\\\/ESA-V-Guadalajara.jpg\",\"datePublished\":\"2024-05-12T07:48:11+00:00\",\"dateModified\":\"2024-05-18T20:40:25+00:00\",\"description\":\"Del 1 al 5 de mayo de 2024 se celebr\u00f3 en Guadalajara, M\u00e9xico, el 5\u00ba Encuentro Continental de la Escuela Salesiana de Am\u00e9rica (ESA V) con m\u00e1s de 200 participantes.\",\"breadcrumb\":{\"@id\":\"https:\\\/\\\/www.cgfmanet.org\\\/es\\\/ifma-es\\\/esav-juntos-por-el-presente-y-el-futuro-de-la-escuela-salesiana-en-america\\\/#breadcrumb\"},\"inLanguage\":\"es\",\"potentialAction\":[{\"@type\":\"ReadAction\",\"target\":[\"https:\\\/\\\/www.cgfmanet.org\\\/es\\\/ifma-es\\\/esav-juntos-por-el-presente-y-el-futuro-de-la-escuela-salesiana-en-america\\\/\"]}]},{\"@type\":\"ImageObject\",\"inLanguage\":\"es\",\"@id\":\"https:\\\/\\\/www.cgfmanet.org\\\/es\\\/ifma-es\\\/esav-juntos-por-el-presente-y-el-futuro-de-la-escuela-salesiana-en-america\\\/#primaryimage\",\"url\":\"https:\\\/\\\/www.cgfmanet.org\\\/wp-content\\\/uploads\\\/2024\\\/05\\\/ESA-V-Guadalajara.jpg\",\"contentUrl\":\"https:\\\/\\\/www.cgfmanet.org\\\/wp-content\\\/uploads\\\/2024\\\/05\\\/ESA-V-Guadalajara.jpg\",\"width\":1181,\"height\":787},{\"@type\":\"BreadcrumbList\",\"@id\":\"https:\\\/\\\/www.cgfmanet.org\\\/es\\\/ifma-es\\\/esav-juntos-por-el-presente-y-el-futuro-de-la-escuela-salesiana-en-america\\\/#breadcrumb\",\"itemListElement\":[{\"@type\":\"ListItem\",\"position\":1,\"name\":\"Home\",\"item\":\"https:\\\/\\\/www.cgfmanet.org\\\/es\\\/\"},{\"@type\":\"ListItem\",\"position\":2,\"name\":\"ESAV: Juntos por el presente y el futuro de la Escuela Salesiana en Am\u00e9rica\"}]},{\"@type\":\"WebSite\",\"@id\":\"https:\\\/\\\/www.cgfmanet.org\\\/es\\\/#website\",\"url\":\"https:\\\/\\\/www.cgfmanet.org\\\/es\\\/\",\"name\":\"Istituto Figlie di Maria Ausiliatrice\",\"description\":\"Salesiane di Don Bosco\",\"publisher\":{\"@id\":\"https:\\\/\\\/www.cgfmanet.org\\\/es\\\/#organization\"},\"potentialAction\":[{\"@type\":\"SearchAction\",\"target\":{\"@type\":\"EntryPoint\",\"urlTemplate\":\"https:\\\/\\\/www.cgfmanet.org\\\/es\\\/?s={search_term_string}\"},\"query-input\":{\"@type\":\"PropertyValueSpecification\",\"valueRequired\":true,\"valueName\":\"search_term_string\"}}],\"inLanguage\":\"es\"},{\"@type\":\"Organization\",\"@id\":\"https:\\\/\\\/www.cgfmanet.org\\\/es\\\/#organization\",\"name\":\"Istituto Figlie di Maria Ausiliatrice\",\"url\":\"https:\\\/\\\/www.cgfmanet.org\\\/es\\\/\",\"logo\":{\"@type\":\"ImageObject\",\"inLanguage\":\"es\",\"@id\":\"https:\\\/\\\/www.cgfmanet.org\\\/es\\\/#\\\/schema\\\/logo\\\/image\\\/\",\"url\":\"https:\\\/\\\/www.cgfmanet.org\\\/wp-content\\\/uploads\\\/2018\\\/10\\\/logo-fma.png\",\"contentUrl\":\"https:\\\/\\\/www.cgfmanet.org\\\/wp-content\\\/uploads\\\/2018\\\/10\\\/logo-fma.png\",\"width\":214,\"height\":55,\"caption\":\"Istituto Figlie di Maria Ausiliatrice\"},\"image\":{\"@id\":\"https:\\\/\\\/www.cgfmanet.org\\\/es\\\/#\\\/schema\\\/logo\\\/image\\\/\"},\"sameAs\":[\"https:\\\/\\\/www.facebook.com\\\/salesian.sisters.of.don.bosco\\\/\",\"https:\\\/\\\/x.com\\\/Cgfmanet_Org\",\"https:\\\/\\\/www.youtube.com\\\/channel\\\/UCmcr8yFQBV7JXeXVxyV9y5Q\"]},{\"@type\":\"Person\",\"@id\":\"https:\\\/\\\/www.cgfmanet.org\\\/es\\\/#\\\/schema\\\/person\\\/ce6473083f53ef0ef882cca23f0c8fb9\",\"name\":\"Redazione\"}]}<\/script>\n<!-- \/ Yoast SEO plugin. -->","yoast_head_json":{"title":"ESAV: Juntos por el presente y el futuro de la Escuela Salesiana en Am\u00e9rica &#8226; Istituto Figlie di Maria Ausiliatrice","description":"Del 1 al 5 de mayo de 2024 se celebr\u00f3 en Guadalajara, M\u00e9xico, el 5\u00ba Encuentro Continental de la Escuela Salesiana de Am\u00e9rica (ESA V) con m\u00e1s de 200 participantes.","robots":{"index":"index","follow":"follow","max-snippet":"max-snippet:-1","max-image-preview":"max-image-preview:large","max-video-preview":"max-video-preview:-1"},"canonical":"https:\/\/www.cgfmanet.org\/es\/ifma-es\/esav-juntos-por-el-presente-y-el-futuro-de-la-escuela-salesiana-en-america\/","og_locale":"es_ES","og_type":"article","og_title":"ESAV: Juntos por el presente y el futuro de la Escuela Salesiana en Am\u00e9rica &#8226; Istituto Figlie di Maria Ausiliatrice","og_description":"Del 1 al 5 de mayo de 2024 se celebr\u00f3 en Guadalajara, M\u00e9xico, el 5\u00ba Encuentro Continental de la Escuela Salesiana de Am\u00e9rica (ESA V) con m\u00e1s de 200 participantes.","og_url":"https:\/\/www.cgfmanet.org\/es\/ifma-es\/esav-juntos-por-el-presente-y-el-futuro-de-la-escuela-salesiana-en-america\/","og_site_name":"Istituto Figlie di Maria Ausiliatrice","article_publisher":"https:\/\/www.facebook.com\/salesian.sisters.of.don.bosco\/","article_published_time":"2024-05-12T07:48:11+00:00","article_modified_time":"2024-05-18T20:40:25+00:00","og_image":[{"width":1181,"height":787,"url":"https:\/\/www.cgfmanet.org\/wp-content\/uploads\/2024\/05\/ESA-V-Guadalajara.jpg","type":"image\/jpeg"}],"author":"Redazione","twitter_card":"summary_large_image","twitter_creator":"@Cgfmanet_Org","twitter_site":"@Cgfmanet_Org","twitter_misc":{"Escrito por":"Redazione","Tiempo de lectura":"6 minutos"},"schema":{"@context":"https:\/\/schema.org","@graph":[{"@type":"Article","@id":"https:\/\/www.cgfmanet.org\/es\/ifma-es\/esav-juntos-por-el-presente-y-el-futuro-de-la-escuela-salesiana-en-america\/#article","isPartOf":{"@id":"https:\/\/www.cgfmanet.org\/es\/ifma-es\/esav-juntos-por-el-presente-y-el-futuro-de-la-escuela-salesiana-en-america\/"},"author":{"name":"Redazione","@id":"https:\/\/www.cgfmanet.org\/es\/#\/schema\/person\/ce6473083f53ef0ef882cca23f0c8fb9"},"headline":"ESAV: Juntos por el presente y el futuro de la Escuela Salesiana en Am\u00e9rica","datePublished":"2024-05-12T07:48:11+00:00","dateModified":"2024-05-18T20:40:25+00:00","mainEntityOfPage":{"@id":"https:\/\/www.cgfmanet.org\/es\/ifma-es\/esav-juntos-por-el-presente-y-el-futuro-de-la-escuela-salesiana-en-america\/"},"wordCount":1247,"commentCount":0,"publisher":{"@id":"https:\/\/www.cgfmanet.org\/es\/#organization"},"image":{"@id":"https:\/\/www.cgfmanet.org\/es\/ifma-es\/esav-juntos-por-el-presente-y-el-futuro-de-la-escuela-salesiana-en-america\/#primaryimage"},"thumbnailUrl":"https:\/\/www.cgfmanet.org\/wp-content\/uploads\/2024\/05\/ESA-V-Guadalajara.jpg","keywords":["Consejera para la Comunicaci\u00f3n social","Am\u00e9rica","Escuela","Pastoral Juvenil","Familia Salesiana","Focus"],"articleSection":["IFMA","Educaci\u00f3n"],"inLanguage":"es","potentialAction":[{"@type":"CommentAction","name":"Comment","target":["https:\/\/www.cgfmanet.org\/es\/ifma-es\/esav-juntos-por-el-presente-y-el-futuro-de-la-escuela-salesiana-en-america\/#respond"]}]},{"@type":"WebPage","@id":"https:\/\/www.cgfmanet.org\/es\/ifma-es\/esav-juntos-por-el-presente-y-el-futuro-de-la-escuela-salesiana-en-america\/","url":"https:\/\/www.cgfmanet.org\/es\/ifma-es\/esav-juntos-por-el-presente-y-el-futuro-de-la-escuela-salesiana-en-america\/","name":"ESAV: Juntos por el presente y el futuro de la Escuela Salesiana en Am\u00e9rica &#8226; Istituto Figlie di Maria Ausiliatrice","isPartOf":{"@id":"https:\/\/www.cgfmanet.org\/es\/#website"},"primaryImageOfPage":{"@id":"https:\/\/www.cgfmanet.org\/es\/ifma-es\/esav-juntos-por-el-presente-y-el-futuro-de-la-escuela-salesiana-en-america\/#primaryimage"},"image":{"@id":"https:\/\/www.cgfmanet.org\/es\/ifma-es\/esav-juntos-por-el-presente-y-el-futuro-de-la-escuela-salesiana-en-america\/#primaryimage"},"thumbnailUrl":"https:\/\/www.cgfmanet.org\/wp-content\/uploads\/2024\/05\/ESA-V-Guadalajara.jpg","datePublished":"2024-05-12T07:48:11+00:00","dateModified":"2024-05-18T20:40:25+00:00","description":"Del 1 al 5 de mayo de 2024 se celebr\u00f3 en Guadalajara, M\u00e9xico, el 5\u00ba Encuentro Continental de la Escuela Salesiana de Am\u00e9rica (ESA V) con m\u00e1s de 200 participantes.","breadcrumb":{"@id":"https:\/\/www.cgfmanet.org\/es\/ifma-es\/esav-juntos-por-el-presente-y-el-futuro-de-la-escuela-salesiana-en-america\/#breadcrumb"},"inLanguage":"es","potentialAction":[{"@type":"ReadAction","target":["https:\/\/www.cgfmanet.org\/es\/ifma-es\/esav-juntos-por-el-presente-y-el-futuro-de-la-escuela-salesiana-en-america\/"]}]},{"@type":"ImageObject","inLanguage":"es","@id":"https:\/\/www.cgfmanet.org\/es\/ifma-es\/esav-juntos-por-el-presente-y-el-futuro-de-la-escuela-salesiana-en-america\/#primaryimage","url":"https:\/\/www.cgfmanet.org\/wp-content\/uploads\/2024\/05\/ESA-V-Guadalajara.jpg","contentUrl":"https:\/\/www.cgfmanet.org\/wp-content\/uploads\/2024\/05\/ESA-V-Guadalajara.jpg","width":1181,"height":787},{"@type":"BreadcrumbList","@id":"https:\/\/www.cgfmanet.org\/es\/ifma-es\/esav-juntos-por-el-presente-y-el-futuro-de-la-escuela-salesiana-en-america\/#breadcrumb","itemListElement":[{"@type":"ListItem","position":1,"name":"Home","item":"https:\/\/www.cgfmanet.org\/es\/"},{"@type":"ListItem","position":2,"name":"ESAV: Juntos por el presente y el futuro de la Escuela Salesiana en Am\u00e9rica"}]},{"@type":"WebSite","@id":"https:\/\/www.cgfmanet.org\/es\/#website","url":"https:\/\/www.cgfmanet.org\/es\/","name":"Istituto Figlie di Maria Ausiliatrice","description":"Salesiane di Don Bosco","publisher":{"@id":"https:\/\/www.cgfmanet.org\/es\/#organization"},"potentialAction":[{"@type":"SearchAction","target":{"@type":"EntryPoint","urlTemplate":"https:\/\/www.cgfmanet.org\/es\/?s={search_term_string}"},"query-input":{"@type":"PropertyValueSpecification","valueRequired":true,"valueName":"search_term_string"}}],"inLanguage":"es"},{"@type":"Organization","@id":"https:\/\/www.cgfmanet.org\/es\/#organization","name":"Istituto Figlie di Maria Ausiliatrice","url":"https:\/\/www.cgfmanet.org\/es\/","logo":{"@type":"ImageObject","inLanguage":"es","@id":"https:\/\/www.cgfmanet.org\/es\/#\/schema\/logo\/image\/","url":"https:\/\/www.cgfmanet.org\/wp-content\/uploads\/2018\/10\/logo-fma.png","contentUrl":"https:\/\/www.cgfmanet.org\/wp-content\/uploads\/2018\/10\/logo-fma.png","width":214,"height":55,"caption":"Istituto Figlie di Maria Ausiliatrice"},"image":{"@id":"https:\/\/www.cgfmanet.org\/es\/#\/schema\/logo\/image\/"},"sameAs":["https:\/\/www.facebook.com\/salesian.sisters.of.don.bosco\/","https:\/\/x.com\/Cgfmanet_Org","https:\/\/www.youtube.com\/channel\/UCmcr8yFQBV7JXeXVxyV9y5Q"]},{"@type":"Person","@id":"https:\/\/www.cgfmanet.org\/es\/#\/schema\/person\/ce6473083f53ef0ef882cca23f0c8fb9","name":"Redazione"}]}},"_links":{"self":[{"href":"https:\/\/www.cgfmanet.org\/es\/wp-json\/wp\/v2\/posts\/110864","targetHints":{"allow":["GET"]}}],"collection":[{"href":"https:\/\/www.cgfmanet.org\/es\/wp-json\/wp\/v2\/posts"}],"about":[{"href":"https:\/\/www.cgfmanet.org\/es\/wp-json\/wp\/v2\/types\/post"}],"author":[{"embeddable":true,"href":"https:\/\/www.cgfmanet.org\/es\/wp-json\/wp\/v2\/users\/21"}],"replies":[{"embeddable":true,"href":"https:\/\/www.cgfmanet.org\/es\/wp-json\/wp\/v2\/comments?post=110864"}],"version-history":[{"count":0,"href":"https:\/\/www.cgfmanet.org\/es\/wp-json\/wp\/v2\/posts\/110864\/revisions"}],"wp:featuredmedia":[{"embeddable":true,"href":"https:\/\/www.cgfmanet.org\/es\/wp-json\/wp\/v2\/media\/110859"}],"wp:attachment":[{"href":"https:\/\/www.cgfmanet.org\/es\/wp-json\/wp\/v2\/media?parent=110864"}],"wp:term":[{"taxonomy":"category","embeddable":true,"href":"https:\/\/www.cgfmanet.org\/es\/wp-json\/wp\/v2\/categories?post=110864"},{"taxonomy":"post_tag","embeddable":true,"href":"https:\/\/www.cgfmanet.org\/es\/wp-json\/wp\/v2\/tags?post=110864"}],"curies":[{"name":"wp","href":"https:\/\/api.w.org\/{rel}","templated":true}]}}